{"id":42725,"date":"2023-06-26T09:54:59","date_gmt":"2023-06-26T12:54:59","guid":{"rendered":"https:\/\/jornalfatosenoticias.com.br\/?p=42725"},"modified":"2023-06-26T09:55:01","modified_gmt":"2023-06-26T12:55:01","slug":"premio-reconhece-projetos-que-transformam-as-cidades-em-caminhaveis","status":"publish","type":"post","link":"https:\/\/jornalfatosenoticias.com.br\/index.php\/2023\/06\/26\/premio-reconhece-projetos-que-transformam-as-cidades-em-caminhaveis\/","title":{"rendered":"Pr\u00eamio reconhece projetos que transformam as cidades em \u201ccaminh\u00e1veis\u201d"},"content":{"rendered":"\n<p><em><span class=\"has-inline-color has-black-color\">As inscri\u00e7\u00f5es est\u00e3o abertas para 2\u00aa edi\u00e7\u00e3o nacional do Pr\u00eamio Cidade Caminh\u00e1vel<\/span><\/em><\/p>\n\n\n\n<div class=\"wp-block-image\"><figure class=\"aligncenter size-large\"><img loading=\"lazy\" decoding=\"async\" width=\"300\" height=\"137\" src=\"https:\/\/jornalfatosenoticias.com.br\/wp-content\/uploads\/2023\/06\/LOGO_JULIANA-GRACA_PORTAL.jpg\" alt=\"\" class=\"wp-image-42597\"\/><\/figure><\/div>\n\n\n\n<p>No Brasil, mais de 80% da popula\u00e7\u00e3o vive em ambientes urbanos e o modo de locomo\u00e7\u00e3o principal nas cidades \u00e9 o caminhar, que representa 39% dos deslocamentos di\u00e1rios, segundo a Associa\u00e7\u00e3o Nacional de Transportes P\u00fablicos (ANTP). Se considerarmos que os deslocamentos por transporte p\u00fablico terminam e come\u00e7am a p\u00e9, o caminhar est\u00e1 presente em cerca de 67% dos deslocamentos di\u00e1rios. J\u00e1 sendo a mobilidade a p\u00e9 a realidade dos brasileiros, o que falta? Melhorar as estruturas das cidades para que elas sejam mais \u201ccaminh\u00e1veis\u201d.<\/p>\n\n\n\n<div class=\"wp-block-image\"><figure class=\"aligncenter size-large\"><img decoding=\"async\" src=\"https:\/\/jornalfatosenoticias.com.br\/wp-content\/uploads\/2020\/02\/barao-das-carnes-300x164-1.jpg\" alt=\"\" class=\"wp-image-34339\"\/><\/figure><\/div>\n\n\n\n<p>Em 2023, o Instituto Caminhabilidade, com apoio internacional da Walk21, volta a realizar o Pr\u00eamio Cidade Caminh\u00e1vel, que teve sua primeira edi\u00e7\u00e3o em 2021. Com um forte time de juradas, o objetivo \u00e9 <strong>reconhecer, mapear e premiar projetos e iniciativas p\u00fablicas que promoveram a melhoria da caminhabilidade nas cidades brasileiras.<\/strong> No entanto, nesta segunda edi\u00e7\u00e3o, os projetos devem ter sido realizados nos anos de 2021 e 2022.<\/p>\n\n\n\n<div class=\"wp-block-image\"><figure class=\"aligncenter size-large is-resized\"><img loading=\"lazy\" decoding=\"async\" src=\"https:\/\/jornalfatosenoticias.com.br\/wp-content\/uploads\/2022\/02\/Precisao-Contabilidade-1024x724.jpg\" alt=\"\" class=\"wp-image-28088\" width=\"290\" height=\"205\"\/><\/figure><\/div>\n\n\n\n<blockquote class=\"wp-block-quote is-layout-flow wp-block-quote-is-layout-flow\"><p><span class=\"has-inline-color has-luminous-vivid-orange-color\">O Pr\u00eamio tem conseguido dar relev\u00e2ncia aos projetos nacionais n\u00e3o s\u00f3 no Brasil, como internacionalmente, sendo refer\u00eancia para a transforma\u00e7\u00e3o das cidades com foco nas pessoas e no caminhar, o que faz com que mais projetos nesse sentido sejam fomentados no Pa\u00eds\u201d, afirma a diretora-presidente do Instituto Caminhabilidade, Let\u00edcia Sabino, que relembra, por exemplo, que as iniciativas vencedoras de 2021 foram apresentadas na Confer\u00eancia Internacional de Caminhabilidade Walk21.<\/span><\/p><\/blockquote>\n\n\n\n<div class=\"wp-block-image\"><figure class=\"aligncenter size-large is-resized\"><img loading=\"lazy\" decoding=\"async\" src=\"https:\/\/jornalfatosenoticias.com.br\/wp-content\/uploads\/2023\/04\/Logo_MasterMind.jpg\" alt=\"\" class=\"wp-image-40974\" width=\"231\" height=\"168\"\/><\/figure><\/div>\n\n\n\n<p>Os projetos <a href=\"https:\/\/ciclovivo.com.br\/arq-urb\/urbanismo\/fortaleza-caruaru-conde-cidades-caminhaveis\/\" target=\"_blank\" rel=\"noreferrer noopener\">ganhadores da primeira edi\u00e7\u00e3o<\/a> foram a reurbaniza\u00e7\u00e3o do centro de Conde (PB), a Via Parque Caruaru (PE) e o Plano Municipal de Caminhabilidade de Fortaleza (PMCFor) nas categorias Cidade Pequena, Cidade M\u00e9dia e Cidade Grande, respectivamente. Essas s\u00e3o algumas das cidades brasileiras que mostraram caminhos poss\u00edveis para construir cidades que priorizem <a href=\"https:\/\/ciclovivo.com.br\/arq-urb\/mobilidade\/estudo-revela-as-melhores-cidades-do-mundo-para-pedestres\/\" target=\"_blank\" rel=\"noreferrer noopener\">pedestres<\/a>, com impacto, participa\u00e7\u00e3o social, colabora\u00e7\u00e3o e inova\u00e7\u00e3o.<br>Conhe\u00e7a mais sobre as vencedoras <a href=\"http:\/\/www.premiocidadecaminhavel.org\/\" target=\"_blank\" rel=\"noreferrer noopener\">no site<\/a>\u00a0ou nos v\u00eddeos dos projetos no YouTube:\u00a0<a href=\"https:\/\/www.youtube.com\/watch?v=4XGGbapaRaE\" target=\"_blank\" rel=\"noreferrer noopener\">Reurbaniza\u00e7\u00e3o do Centro Conde<\/a>\/<a href=\"https:\/\/www.youtube.com\/watch?v=yLDeRiNQbLg\" target=\"_blank\" rel=\"noreferrer noopener\">Via Parque Caruaru<\/a>\/<a href=\"https:\/\/www.youtube.com\/watch?v=e7D-97UDNsA&amp;t\" target=\"_blank\" rel=\"noreferrer noopener\">PMCFor<\/a>.<\/p>\n\n\n\n<div class=\"wp-block-image\"><figure class=\"aligncenter size-large\"><img decoding=\"async\" src=\"https:\/\/jornalfatosenoticias.com.br\/wp-content\/uploads\/2020\/02\/logo_esteio.jpg\" alt=\"\" class=\"wp-image-1214\"\/><\/figure><\/div>\n\n\n\n<p><strong><span class=\"has-inline-color has-vivid-purple-color\">Quem pode participar<br><\/span><\/strong>Nesta segunda edi\u00e7\u00e3o, ser\u00e3o aceitos projetos e iniciativas implementados a partir de 01 janeiro de 2021 at\u00e9 31 de dezembro de 2022 \u2014 ainda que j\u00e1 estivessem em elabora\u00e7\u00e3o e discuss\u00e3o antes deste per\u00edodo. Todos os munic\u00edpios brasileiros podem participar do Pr\u00eamio, j\u00e1 que s\u00e3o contempladas tr\u00eas categorias de cidades: pequenas (at\u00e9 100 mil habitantes), m\u00e9dias (100.001 a 800.000 habitantes) ou grandes (mais de 800.000 habitantes).<\/p>\n\n\n\n<div class=\"wp-block-image\"><figure class=\"aligncenter size-large\"><img loading=\"lazy\" decoding=\"async\" width=\"1000\" height=\"666\" src=\"https:\/\/jornalfatosenoticias.com.br\/wp-content\/uploads\/2023\/06\/cidades-caminhaveis-2.jpg\" alt=\"\" class=\"wp-image-42726\" srcset=\"https:\/\/jornalfatosenoticias.com.br\/wp-content\/uploads\/2023\/06\/cidades-caminhaveis-2.jpg 1000w, https:\/\/jornalfatosenoticias.com.br\/wp-content\/uploads\/2023\/06\/cidades-caminhaveis-2-300x200.jpg 300w, https:\/\/jornalfatosenoticias.com.br\/wp-content\/uploads\/2023\/06\/cidades-caminhaveis-2-768x511.jpg 768w\" sizes=\"auto, (max-width: 1000px) 100vw, 1000px\" \/><figcaption><em><span class=\"has-inline-color has-black-color\">Est\u00e3o abertas as inscri\u00e7\u00f5es para 2\u00aa edi\u00e7\u00e3o nacional do Pr\u00eamio Cidade Caminh\u00e1vel (Foto: Prefeitura de Caruaru)<\/span><\/em><\/figcaption><\/figure><\/div>\n\n\n\n<p>Al\u00e9m disso, s\u00e3o consideradas diversos tipos de projetos, como: requalifica\u00e7\u00e3o de \u00e1rea urbana com foco no caminhar; redistribui\u00e7\u00e3o vi\u00e1ria; medidas de acalmamento de tr\u00e1fego; acessibiliza\u00e7\u00e3o de rotas; informa\u00e7\u00e3o para pessoas a p\u00e9; programas de abertura de ruas para pessoas; pesquisas e dados sobre deslocamento a p\u00e9; urbanismo t\u00e1tico e participativo para qualifica\u00e7\u00e3o de ruas; entre outros.<\/p>\n\n\n\n<div class=\"wp-block-image\"><figure class=\"aligncenter size-large is-resized\"><img loading=\"lazy\" decoding=\"async\" src=\"https:\/\/jornalfatosenoticias.com.br\/wp-content\/uploads\/2023\/03\/Crypton-1000-\u00d7-900-px-300x270-1.png\" alt=\"\" class=\"wp-image-40206\" width=\"239\" height=\"215\"\/><\/figure><\/div>\n\n\n\n<p>Os projetos ser\u00e3o avaliados por j\u00fari composto por quatro mulheres especialistas em cidades caminh\u00e1veis e acess\u00edveis, sendo elas: Circe Monteiro, arquiteta e urbanista paranaense, professora titular da Universidade Federal do Pernambuco (UFPE), mestre em Planejamento Urbano e Regional pela COPPE (Universidade Federal do Rio de Janeiro), doutora em Sociologia Urbana na <em>University of Oxford <\/em>e coordenadora do grupo de pesquisa transdisciplinar para inova\u00e7\u00f5es em cidades, o INCITI\/UFPE; Gessica Macano, cientista pol\u00edtica mo\u00e7ambicana e diretora executiva do Centro de Estudos Urbanos de Mo\u00e7ambique (CeUrbe); Hannah Machado, arquiteta e urbanista paulista, mestre em Gest\u00e3o e Pol\u00edticas P\u00fablicas, ex-Coordenadora de Desenho Urbano e Mobilidade da Iniciativa Bloomberg; e Taynara Gomes, paraense, mestre e doutoranda em arquitetura e urbanismo, professora e gerente de projetos da ONG Laborat\u00f3rio da Cidade.<\/p>\n\n\n\n<div class=\"wp-block-image\"><figure class=\"aligncenter size-large is-resized\"><img loading=\"lazy\" decoding=\"async\" src=\"https:\/\/jornalfatosenoticias.com.br\/wp-content\/uploads\/2022\/02\/FERRARI_MAQUINAS-E-FERRAMENTAS2.jpg\" alt=\"\" class=\"wp-image-27860\" width=\"230\" height=\"192\"\/><\/figure><\/div>\n\n\n\n<p>Todas as iniciativas inscritas ir\u00e3o compor o mapa p\u00fablico de iniciativas e projetos para a <a href=\"https:\/\/ciclovivo.com.br\/arq-urb\/urbanismo\/cartilha-orienta-como-tornar-cidades-caminhaveis-para-idosos\/\" target=\"_blank\" rel=\"noreferrer noopener\">caminhabilidade<\/a>, que serve de refer\u00eancia nacional. J\u00e1 as iniciativas vencedoras ganhar\u00e3o a realiza\u00e7\u00e3o de um mini webdocument\u00e1rio audiovisual e a grava\u00e7\u00e3o de um epis\u00f3dio de podcast no Canal Cidades Caminh\u00e1veis do Instituto Caminhabilidade. Os projetos vencedores receber\u00e3o entradas para a confer\u00eancia Walk21 2023 com espa\u00e7o de participa\u00e7\u00e3o como conferencistas.<\/p>\n\n\n\n<div class=\"wp-block-image\"><figure class=\"aligncenter size-large is-resized\"><img loading=\"lazy\" decoding=\"async\" src=\"https:\/\/jornalfatosenoticias.com.br\/wp-content\/uploads\/2023\/03\/nova-logo-Marquetti.jpg\" alt=\"\" class=\"wp-image-40207\" width=\"247\" height=\"166\" srcset=\"https:\/\/jornalfatosenoticias.com.br\/wp-content\/uploads\/2023\/03\/nova-logo-Marquetti.jpg 643w, https:\/\/jornalfatosenoticias.com.br\/wp-content\/uploads\/2023\/03\/nova-logo-Marquetti-300x202.jpg 300w\" sizes=\"auto, (max-width: 247px) 100vw, 247px\" \/><\/figure><\/div>\n\n\n\n<p><strong><span class=\"has-inline-color has-vivid-purple-color\">Como se inscrever<br><\/span><\/strong>As inscri\u00e7\u00f5es s\u00e3o gratuitas e poder\u00e3o ser feitas atrav\u00e9s do <strong>formul\u00e1rio\u00a0<a href=\"https:\/\/www.premiocidadecaminhavel.org\/\" target=\"_blank\" rel=\"noreferrer noopener\">no site do Pr\u00eamio Cidade Caminh\u00e1vel\u00a0<\/a><\/strong>entre os dias\u00a0<strong>12 de junho e 21 de julho de 2023<\/strong>. A divulga\u00e7\u00e3o das vencedoras acontecer\u00e1 no dia 08 de agosto de 2023, Dia Mundial do Pedestre, como parte da programa\u00e7\u00e3o da Semana do Caminhar 2023.<\/p>\n\n\n\n<p><strong><em>Fonte: <a href=\"https:\/\/ciclovivo.com.br\/arq-urb\/mobilidade\/premio-reconhece-solucoes-que-transformam-as-cidades-caminhar\/\">CicloVivo<\/a><\/em><\/strong><\/p>\n","protected":false},"excerpt":{"rendered":"<p>As inscri\u00e7\u00f5es est\u00e3o abertas para 2\u00aa edi\u00e7\u00e3o nacional do Pr\u00eamio Cidade Caminh\u00e1vel No Brasil, mais de 80% da popula\u00e7\u00e3o vive em ambientes urbanos e o modo de locomo\u00e7\u00e3o principal nas cidades \u00e9 o caminhar, que representa 39% dos deslocamentos di\u00e1rios, segundo a Associa\u00e7\u00e3o Nacional de Transportes P\u00fablicos (ANTP). Se considerarmos que os deslocamentos por transporte [&hellip;]<\/p>\n","protected":false},"author":2,"featured_media":42727,"comment_status":"open","ping_status":"open","sticky":false,"template":"","format":"standard","meta":{"footnotes":""},"categories":[9923],"tags":[11417,20112,803,20114,20113],"class_list":["post-42725","post","type-post","status-publish","format-standard","has-post-thumbnail","hentry","category-mobilidade","tag-caminhar","tag-cidade-caminhavel","tag-mobilidade","tag-premio-nacional-cidade-caminhavel","tag-sampape"],"yoast_head":"<!-- This site is optimized with the Yoast SEO plugin v26.5 - https:\/\/yoast.com\/wordpress\/plugins\/seo\/ -->\n<title>Pr\u00eamio reconhece projetos que transformam as cidades em \u201ccaminh\u00e1veis\u201d - Jornal Fatos e Not\u00edcias<\/title>\n<meta name=\"robots\" content=\"index, follow, max-snippet:-1, max-image-preview:large, max-video-preview:-1\" \/>\n<link rel=\"canonical\" href=\"https:\/\/jornalfatosenoticias.com.br\/index.php\/2023\/06\/26\/premio-reconhece-projetos-que-transformam-as-cidades-em-caminhaveis\/\" \/>\n<meta property=\"og:locale\" content=\"pt_BR\" \/>\n<meta property=\"og:type\" content=\"article\" \/>\n<meta property=\"og:title\" content=\"Pr\u00eamio reconhece projetos que transformam as cidades em \u201ccaminh\u00e1veis\u201d - Jornal Fatos e Not\u00edcias\" \/>\n<meta property=\"og:description\" content=\"As inscri\u00e7\u00f5es est\u00e3o abertas para 2\u00aa edi\u00e7\u00e3o nacional do Pr\u00eamio Cidade Caminh\u00e1vel No Brasil, mais de 80% da popula\u00e7\u00e3o vive em ambientes urbanos e o modo de locomo\u00e7\u00e3o principal nas cidades \u00e9 o caminhar, que representa 39% dos deslocamentos di\u00e1rios, segundo a Associa\u00e7\u00e3o Nacional de Transportes P\u00fablicos (ANTP). Se considerarmos que os deslocamentos por transporte [&hellip;]\" \/>\n<meta property=\"og:url\" content=\"https:\/\/jornalfatosenoticias.com.br\/index.php\/2023\/06\/26\/premio-reconhece-projetos-que-transformam-as-cidades-em-caminhaveis\/\" \/>\n<meta property=\"og:site_name\" content=\"Jornal Fatos e Not\u00edcias\" \/>\n<meta property=\"article:published_time\" content=\"2023-06-26T12:54:59+00:00\" \/>\n<meta property=\"article:modified_time\" content=\"2023-06-26T12:55:01+00:00\" \/>\n<meta property=\"og:image\" content=\"https:\/\/jornalfatosenoticias.com.br\/wp-content\/uploads\/2023\/06\/cidades-caminhaveis.jpg\" \/>\n\t<meta property=\"og:image:width\" content=\"1000\" \/>\n\t<meta property=\"og:image:height\" content=\"666\" \/>\n\t<meta property=\"og:image:type\" content=\"image\/jpeg\" \/>\n<meta name=\"author\" content=\"Luzimara Fernandes\" \/>\n<meta name=\"twitter:card\" content=\"summary_large_image\" \/>\n<meta name=\"twitter:label1\" content=\"Escrito por\" \/>\n\t<meta name=\"twitter:data1\" content=\"Luzimara Fernandes\" \/>\n\t<meta name=\"twitter:label2\" content=\"Est. tempo de leitura\" \/>\n\t<meta name=\"twitter:data2\" content=\"4 minutos\" \/>\n<script type=\"application\/ld+json\" class=\"yoast-schema-graph\">{\"@context\":\"https:\/\/schema.org\",\"@graph\":[{\"@type\":\"Article\",\"@id\":\"https:\/\/jornalfatosenoticias.com.br\/index.php\/2023\/06\/26\/premio-reconhece-projetos-que-transformam-as-cidades-em-caminhaveis\/#article\",\"isPartOf\":{\"@id\":\"https:\/\/jornalfatosenoticias.com.br\/index.php\/2023\/06\/26\/premio-reconhece-projetos-que-transformam-as-cidades-em-caminhaveis\/\"},\"author\":{\"name\":\"Luzimara Fernandes\",\"@id\":\"https:\/\/jornalfatosenoticias.com.br\/#\/schema\/person\/d63837fa13ac8666eb9e74e0985d6f81\"},\"headline\":\"Pr\u00eamio reconhece projetos que transformam as cidades em \u201ccaminh\u00e1veis\u201d\",\"datePublished\":\"2023-06-26T12:54:59+00:00\",\"dateModified\":\"2023-06-26T12:55:01+00:00\",\"mainEntityOfPage\":{\"@id\":\"https:\/\/jornalfatosenoticias.com.br\/index.php\/2023\/06\/26\/premio-reconhece-projetos-que-transformam-as-cidades-em-caminhaveis\/\"},\"wordCount\":784,\"commentCount\":0,\"publisher\":{\"@id\":\"https:\/\/jornalfatosenoticias.com.br\/#organization\"},\"image\":{\"@id\":\"https:\/\/jornalfatosenoticias.com.br\/index.php\/2023\/06\/26\/premio-reconhece-projetos-que-transformam-as-cidades-em-caminhaveis\/#primaryimage\"},\"thumbnailUrl\":\"https:\/\/jornalfatosenoticias.com.br\/wp-content\/uploads\/2023\/06\/cidades-caminhaveis.jpg\",\"keywords\":[\"caminhar\",\"Cidade Caminh\u00e1vel\",\"mobilidade\",\"Pr\u00eamio Nacional Cidade Caminh\u00e1vel\",\"sampap\u00e9\"],\"articleSection\":[\"Mobilidade\"],\"inLanguage\":\"pt-BR\",\"potentialAction\":[{\"@type\":\"CommentAction\",\"name\":\"Comment\",\"target\":[\"https:\/\/jornalfatosenoticias.com.br\/index.php\/2023\/06\/26\/premio-reconhece-projetos-que-transformam-as-cidades-em-caminhaveis\/#respond\"]}]},{\"@type\":\"WebPage\",\"@id\":\"https:\/\/jornalfatosenoticias.com.br\/index.php\/2023\/06\/26\/premio-reconhece-projetos-que-transformam-as-cidades-em-caminhaveis\/\",\"url\":\"https:\/\/jornalfatosenoticias.com.br\/index.php\/2023\/06\/26\/premio-reconhece-projetos-que-transformam-as-cidades-em-caminhaveis\/\",\"name\":\"Pr\u00eamio reconhece projetos que transformam as cidades em \u201ccaminh\u00e1veis\u201d - Jornal Fatos e Not\u00edcias\",\"isPartOf\":{\"@id\":\"https:\/\/jornalfatosenoticias.com.br\/#website\"},\"primaryImageOfPage\":{\"@id\":\"https:\/\/jornalfatosenoticias.com.br\/index.php\/2023\/06\/26\/premio-reconhece-projetos-que-transformam-as-cidades-em-caminhaveis\/#primaryimage\"},\"image\":{\"@id\":\"https:\/\/jornalfatosenoticias.com.br\/index.php\/2023\/06\/26\/premio-reconhece-projetos-que-transformam-as-cidades-em-caminhaveis\/#primaryimage\"},\"thumbnailUrl\":\"https:\/\/jornalfatosenoticias.com.br\/wp-content\/uploads\/2023\/06\/cidades-caminhaveis.jpg\",\"datePublished\":\"2023-06-26T12:54:59+00:00\",\"dateModified\":\"2023-06-26T12:55:01+00:00\",\"breadcrumb\":{\"@id\":\"https:\/\/jornalfatosenoticias.com.br\/index.php\/2023\/06\/26\/premio-reconhece-projetos-que-transformam-as-cidades-em-caminhaveis\/#breadcrumb\"},\"inLanguage\":\"pt-BR\",\"potentialAction\":[{\"@type\":\"ReadAction\",\"target\":[\"https:\/\/jornalfatosenoticias.com.br\/index.php\/2023\/06\/26\/premio-reconhece-projetos-que-transformam-as-cidades-em-caminhaveis\/\"]}]},{\"@type\":\"ImageObject\",\"inLanguage\":\"pt-BR\",\"@id\":\"https:\/\/jornalfatosenoticias.com.br\/index.php\/2023\/06\/26\/premio-reconhece-projetos-que-transformam-as-cidades-em-caminhaveis\/#primaryimage\",\"url\":\"https:\/\/jornalfatosenoticias.com.br\/wp-content\/uploads\/2023\/06\/cidades-caminhaveis.jpg\",\"contentUrl\":\"https:\/\/jornalfatosenoticias.com.br\/wp-content\/uploads\/2023\/06\/cidades-caminhaveis.jpg\",\"width\":1000,\"height\":666},{\"@type\":\"BreadcrumbList\",\"@id\":\"https:\/\/jornalfatosenoticias.com.br\/index.php\/2023\/06\/26\/premio-reconhece-projetos-que-transformam-as-cidades-em-caminhaveis\/#breadcrumb\",\"itemListElement\":[{\"@type\":\"ListItem\",\"position\":1,\"name\":\"In\u00edcio\",\"item\":\"https:\/\/jornalfatosenoticias.com.br\/\"},{\"@type\":\"ListItem\",\"position\":2,\"name\":\"Pr\u00eamio reconhece projetos que transformam as cidades em \u201ccaminh\u00e1veis\u201d\"}]},{\"@type\":\"WebSite\",\"@id\":\"https:\/\/jornalfatosenoticias.com.br\/#website\",\"url\":\"https:\/\/jornalfatosenoticias.com.br\/\",\"name\":\"Jornal Fatos e Not\u00edcias\",\"description\":\"Not\u00edcias em geral\",\"publisher\":{\"@id\":\"https:\/\/jornalfatosenoticias.com.br\/#organization\"},\"potentialAction\":[{\"@type\":\"SearchAction\",\"target\":{\"@type\":\"EntryPoint\",\"urlTemplate\":\"https:\/\/jornalfatosenoticias.com.br\/?s={search_term_string}\"},\"query-input\":{\"@type\":\"PropertyValueSpecification\",\"valueRequired\":true,\"valueName\":\"search_term_string\"}}],\"inLanguage\":\"pt-BR\"},{\"@type\":\"Organization\",\"@id\":\"https:\/\/jornalfatosenoticias.com.br\/#organization\",\"name\":\"Jornal Fatos e Not\u00edcias\",\"url\":\"https:\/\/jornalfatosenoticias.com.br\/\",\"logo\":{\"@type\":\"ImageObject\",\"inLanguage\":\"pt-BR\",\"@id\":\"https:\/\/jornalfatosenoticias.com.br\/#\/schema\/logo\/image\/\",\"url\":\"https:\/\/jornalfatosenoticias.com.br\/wp-content\/uploads\/2020\/02\/logo120.png\",\"contentUrl\":\"https:\/\/jornalfatosenoticias.com.br\/wp-content\/uploads\/2020\/02\/logo120.png\",\"width\":1227,\"height\":120,\"caption\":\"Jornal Fatos e Not\u00edcias\"},\"image\":{\"@id\":\"https:\/\/jornalfatosenoticias.com.br\/#\/schema\/logo\/image\/\"}},{\"@type\":\"Person\",\"@id\":\"https:\/\/jornalfatosenoticias.com.br\/#\/schema\/person\/d63837fa13ac8666eb9e74e0985d6f81\",\"name\":\"Luzimara Fernandes\",\"image\":{\"@type\":\"ImageObject\",\"inLanguage\":\"pt-BR\",\"@id\":\"https:\/\/jornalfatosenoticias.com.br\/#\/schema\/person\/image\/\",\"url\":\"https:\/\/jornalfatosenoticias.com.br\/wp-content\/uploads\/2025\/05\/EU_portal.jpg\",\"contentUrl\":\"https:\/\/jornalfatosenoticias.com.br\/wp-content\/uploads\/2025\/05\/EU_portal.jpg\",\"caption\":\"Luzimara Fernandes\"},\"description\":\"Jornalista MTB 2358-ES\",\"sameAs\":[\"https:\/\/jornalfatosenoticias.com.br\"],\"url\":\"https:\/\/jornalfatosenoticias.com.br\/index.php\/author\/luzimara\/\"}]}<\/script>\n<!-- \/ Yoast SEO plugin. -->","yoast_head_json":{"title":"Pr\u00eamio reconhece projetos que transformam as cidades em \u201ccaminh\u00e1veis\u201d - Jornal Fatos e Not\u00edcias","robots":{"index":"index","follow":"follow","max-snippet":"max-snippet:-1","max-image-preview":"max-image-preview:large","max-video-preview":"max-video-preview:-1"},"canonical":"https:\/\/jornalfatosenoticias.com.br\/index.php\/2023\/06\/26\/premio-reconhece-projetos-que-transformam-as-cidades-em-caminhaveis\/","og_locale":"pt_BR","og_type":"article","og_title":"Pr\u00eamio reconhece projetos que transformam as cidades em \u201ccaminh\u00e1veis\u201d - Jornal Fatos e Not\u00edcias","og_description":"As inscri\u00e7\u00f5es est\u00e3o abertas para 2\u00aa edi\u00e7\u00e3o nacional do Pr\u00eamio Cidade Caminh\u00e1vel No Brasil, mais de 80% da popula\u00e7\u00e3o vive em ambientes urbanos e o modo de locomo\u00e7\u00e3o principal nas cidades \u00e9 o caminhar, que representa 39% dos deslocamentos di\u00e1rios, segundo a Associa\u00e7\u00e3o Nacional de Transportes P\u00fablicos (ANTP). Se considerarmos que os deslocamentos por transporte [&hellip;]","og_url":"https:\/\/jornalfatosenoticias.com.br\/index.php\/2023\/06\/26\/premio-reconhece-projetos-que-transformam-as-cidades-em-caminhaveis\/","og_site_name":"Jornal Fatos e Not\u00edcias","article_published_time":"2023-06-26T12:54:59+00:00","article_modified_time":"2023-06-26T12:55:01+00:00","og_image":[{"width":1000,"height":666,"url":"https:\/\/jornalfatosenoticias.com.br\/wp-content\/uploads\/2023\/06\/cidades-caminhaveis.jpg","type":"image\/jpeg"}],"author":"Luzimara Fernandes","twitter_card":"summary_large_image","twitter_misc":{"Escrito por":"Luzimara Fernandes","Est. tempo de leitura":"4 minutos"},"schema":{"@context":"https:\/\/schema.org","@graph":[{"@type":"Article","@id":"https:\/\/jornalfatosenoticias.com.br\/index.php\/2023\/06\/26\/premio-reconhece-projetos-que-transformam-as-cidades-em-caminhaveis\/#article","isPartOf":{"@id":"https:\/\/jornalfatosenoticias.com.br\/index.php\/2023\/06\/26\/premio-reconhece-projetos-que-transformam-as-cidades-em-caminhaveis\/"},"author":{"name":"Luzimara Fernandes","@id":"https:\/\/jornalfatosenoticias.com.br\/#\/schema\/person\/d63837fa13ac8666eb9e74e0985d6f81"},"headline":"Pr\u00eamio reconhece projetos que transformam as cidades em \u201ccaminh\u00e1veis\u201d","datePublished":"2023-06-26T12:54:59+00:00","dateModified":"2023-06-26T12:55:01+00:00","mainEntityOfPage":{"@id":"https:\/\/jornalfatosenoticias.com.br\/index.php\/2023\/06\/26\/premio-reconhece-projetos-que-transformam-as-cidades-em-caminhaveis\/"},"wordCount":784,"commentCount":0,"publisher":{"@id":"https:\/\/jornalfatosenoticias.com.br\/#organization"},"image":{"@id":"https:\/\/jornalfatosenoticias.com.br\/index.php\/2023\/06\/26\/premio-reconhece-projetos-que-transformam-as-cidades-em-caminhaveis\/#primaryimage"},"thumbnailUrl":"https:\/\/jornalfatosenoticias.com.br\/wp-content\/uploads\/2023\/06\/cidades-caminhaveis.jpg","keywords":["caminhar","Cidade Caminh\u00e1vel","mobilidade","Pr\u00eamio Nacional Cidade Caminh\u00e1vel","sampap\u00e9"],"articleSection":["Mobilidade"],"inLanguage":"pt-BR","potentialAction":[{"@type":"CommentAction","name":"Comment","target":["https:\/\/jornalfatosenoticias.com.br\/index.php\/2023\/06\/26\/premio-reconhece-projetos-que-transformam-as-cidades-em-caminhaveis\/#respond"]}]},{"@type":"WebPage","@id":"https:\/\/jornalfatosenoticias.com.br\/index.php\/2023\/06\/26\/premio-reconhece-projetos-que-transformam-as-cidades-em-caminhaveis\/","url":"https:\/\/jornalfatosenoticias.com.br\/index.php\/2023\/06\/26\/premio-reconhece-projetos-que-transformam-as-cidades-em-caminhaveis\/","name":"Pr\u00eamio reconhece projetos que transformam as cidades em \u201ccaminh\u00e1veis\u201d - Jornal Fatos e Not\u00edcias","isPartOf":{"@id":"https:\/\/jornalfatosenoticias.com.br\/#website"},"primaryImageOfPage":{"@id":"https:\/\/jornalfatosenoticias.com.br\/index.php\/2023\/06\/26\/premio-reconhece-projetos-que-transformam-as-cidades-em-caminhaveis\/#primaryimage"},"image":{"@id":"https:\/\/jornalfatosenoticias.com.br\/index.php\/2023\/06\/26\/premio-reconhece-projetos-que-transformam-as-cidades-em-caminhaveis\/#primaryimage"},"thumbnailUrl":"https:\/\/jornalfatosenoticias.com.br\/wp-content\/uploads\/2023\/06\/cidades-caminhaveis.jpg","datePublished":"2023-06-26T12:54:59+00:00","dateModified":"2023-06-26T12:55:01+00:00","breadcrumb":{"@id":"https:\/\/jornalfatosenoticias.com.br\/index.php\/2023\/06\/26\/premio-reconhece-projetos-que-transformam-as-cidades-em-caminhaveis\/#breadcrumb"},"inLanguage":"pt-BR","potentialAction":[{"@type":"ReadAction","target":["https:\/\/jornalfatosenoticias.com.br\/index.php\/2023\/06\/26\/premio-reconhece-projetos-que-transformam-as-cidades-em-caminhaveis\/"]}]},{"@type":"ImageObject","inLanguage":"pt-BR","@id":"https:\/\/jornalfatosenoticias.com.br\/index.php\/2023\/06\/26\/premio-reconhece-projetos-que-transformam-as-cidades-em-caminhaveis\/#primaryimage","url":"https:\/\/jornalfatosenoticias.com.br\/wp-content\/uploads\/2023\/06\/cidades-caminhaveis.jpg","contentUrl":"https:\/\/jornalfatosenoticias.com.br\/wp-content\/uploads\/2023\/06\/cidades-caminhaveis.jpg","width":1000,"height":666},{"@type":"BreadcrumbList","@id":"https:\/\/jornalfatosenoticias.com.br\/index.php\/2023\/06\/26\/premio-reconhece-projetos-que-transformam-as-cidades-em-caminhaveis\/#breadcrumb","itemListElement":[{"@type":"ListItem","position":1,"name":"In\u00edcio","item":"https:\/\/jornalfatosenoticias.com.br\/"},{"@type":"ListItem","position":2,"name":"Pr\u00eamio reconhece projetos que transformam as cidades em \u201ccaminh\u00e1veis\u201d"}]},{"@type":"WebSite","@id":"https:\/\/jornalfatosenoticias.com.br\/#website","url":"https:\/\/jornalfatosenoticias.com.br\/","name":"Jornal Fatos e Not\u00edcias","description":"Not\u00edcias em geral","publisher":{"@id":"https:\/\/jornalfatosenoticias.com.br\/#organization"},"potentialAction":[{"@type":"SearchAction","target":{"@type":"EntryPoint","urlTemplate":"https:\/\/jornalfatosenoticias.com.br\/?s={search_term_string}"},"query-input":{"@type":"PropertyValueSpecification","valueRequired":true,"valueName":"search_term_string"}}],"inLanguage":"pt-BR"},{"@type":"Organization","@id":"https:\/\/jornalfatosenoticias.com.br\/#organization","name":"Jornal Fatos e Not\u00edcias","url":"https:\/\/jornalfatosenoticias.com.br\/","logo":{"@type":"ImageObject","inLanguage":"pt-BR","@id":"https:\/\/jornalfatosenoticias.com.br\/#\/schema\/logo\/image\/","url":"https:\/\/jornalfatosenoticias.com.br\/wp-content\/uploads\/2020\/02\/logo120.png","contentUrl":"https:\/\/jornalfatosenoticias.com.br\/wp-content\/uploads\/2020\/02\/logo120.png","width":1227,"height":120,"caption":"Jornal Fatos e Not\u00edcias"},"image":{"@id":"https:\/\/jornalfatosenoticias.com.br\/#\/schema\/logo\/image\/"}},{"@type":"Person","@id":"https:\/\/jornalfatosenoticias.com.br\/#\/schema\/person\/d63837fa13ac8666eb9e74e0985d6f81","name":"Luzimara Fernandes","image":{"@type":"ImageObject","inLanguage":"pt-BR","@id":"https:\/\/jornalfatosenoticias.com.br\/#\/schema\/person\/image\/","url":"https:\/\/jornalfatosenoticias.com.br\/wp-content\/uploads\/2025\/05\/EU_portal.jpg","contentUrl":"https:\/\/jornalfatosenoticias.com.br\/wp-content\/uploads\/2025\/05\/EU_portal.jpg","caption":"Luzimara Fernandes"},"description":"Jornalista MTB 2358-ES","sameAs":["https:\/\/jornalfatosenoticias.com.br"],"url":"https:\/\/jornalfatosenoticias.com.br\/index.php\/author\/luzimara\/"}]}},"cc_featured_image_caption":{"caption_text":"(Foto: Prefeitura de Caruaru)","source_text":"","source_url":""},"jetpack_featured_media_url":"https:\/\/jornalfatosenoticias.com.br\/wp-content\/uploads\/2023\/06\/cidades-caminhaveis.jpg","_links":{"self":[{"href":"https:\/\/jornalfatosenoticias.com.br\/index.php\/wp-json\/wp\/v2\/posts\/42725","targetHints":{"allow":["GET"]}}],"collection":[{"href":"https:\/\/jornalfatosenoticias.com.br\/index.php\/wp-json\/wp\/v2\/posts"}],"about":[{"href":"https:\/\/jornalfatosenoticias.com.br\/index.php\/wp-json\/wp\/v2\/types\/post"}],"author":[{"embeddable":true,"href":"https:\/\/jornalfatosenoticias.com.br\/index.php\/wp-json\/wp\/v2\/users\/2"}],"replies":[{"embeddable":true,"href":"https:\/\/jornalfatosenoticias.com.br\/index.php\/wp-json\/wp\/v2\/comments?post=42725"}],"version-history":[{"count":0,"href":"https:\/\/jornalfatosenoticias.com.br\/index.php\/wp-json\/wp\/v2\/posts\/42725\/revisions"}],"wp:featuredmedia":[{"embeddable":true,"href":"https:\/\/jornalfatosenoticias.com.br\/index.php\/wp-json\/wp\/v2\/media\/42727"}],"wp:attachment":[{"href":"https:\/\/jornalfatosenoticias.com.br\/index.php\/wp-json\/wp\/v2\/media?parent=42725"}],"wp:term":[{"taxonomy":"category","embeddable":true,"href":"https:\/\/jornalfatosenoticias.com.br\/index.php\/wp-json\/wp\/v2\/categories?post=42725"},{"taxonomy":"post_tag","embeddable":true,"href":"https:\/\/jornalfatosenoticias.com.br\/index.php\/wp-json\/wp\/v2\/tags?post=42725"}],"curies":[{"name":"wp","href":"https:\/\/api.w.org\/{rel}","templated":true}]}}