{"id":42732,"date":"2023-06-26T10:26:55","date_gmt":"2023-06-26T13:26:55","guid":{"rendered":"https:\/\/jornalfatosenoticias.com.br\/?p=42732"},"modified":"2023-06-26T10:26:56","modified_gmt":"2023-06-26T13:26:56","slug":"pets-tambem-sentem-frio-como-cuidar-dos-animais-no-inverno","status":"publish","type":"post","link":"https:\/\/jornalfatosenoticias.com.br\/index.php\/2023\/06\/26\/pets-tambem-sentem-frio-como-cuidar-dos-animais-no-inverno\/","title":{"rendered":"Pets tamb\u00e9m sentem frio: como cuidar dos animais no inverno"},"content":{"rendered":"\n<p><em><span class=\"has-inline-color has-black-color\">Os animais tamb\u00e9m precisam de aten\u00e7\u00e3o especial nos dias gelados<\/span><\/em><\/p>\n\n\n\n<div class=\"wp-block-image\"><figure class=\"aligncenter size-large\"><img loading=\"lazy\" decoding=\"async\" width=\"1024\" height=\"100\" src=\"https:\/\/jornalfatosenoticias.com.br\/wp-content\/uploads\/2022\/05\/NOVA-LOGO-CESCONETTO-1024x100.jpg\" alt=\"\" class=\"wp-image-30792\" srcset=\"https:\/\/jornalfatosenoticias.com.br\/wp-content\/uploads\/2022\/05\/NOVA-LOGO-CESCONETTO-1024x100.jpg 1024w, https:\/\/jornalfatosenoticias.com.br\/wp-content\/uploads\/2022\/05\/NOVA-LOGO-CESCONETTO-300x29.jpg 300w, https:\/\/jornalfatosenoticias.com.br\/wp-content\/uploads\/2022\/05\/NOVA-LOGO-CESCONETTO-768x75.jpg 768w, https:\/\/jornalfatosenoticias.com.br\/wp-content\/uploads\/2022\/05\/NOVA-LOGO-CESCONETTO.jpg 1280w\" sizes=\"auto, (max-width: 1024px) 100vw, 1024px\" \/><\/figure><\/div>\n\n\n\n<p>Assim como os seres humanos, no inverno os pets tamb\u00e9m est\u00e3o mais propensos a doen\u00e7as respirat\u00f3rias e precisam de aten\u00e7\u00e3o redobrada. \u00c9 essencial estar atento aos cuidados para proteger os c\u00e3es e gatos durante a temporada mais fria.<br>\u201cOs pets tamb\u00e9m sentem frio e precisam de aten\u00e7\u00e3o especial. Essas <a href=\"https:\/\/ciclovivo.com.br\/mao-na-massa\/faca-voce-mesmo\/como-deixar-a-casa-mais-aconchegante-no-frio\/\" target=\"_blank\" rel=\"noreferrer noopener\">quedas de temperaturas<\/a> podem fazer com que eles fiquem mais quietinhos, por conta desse frio que sentem\u201d, explica Cleusa Oliveira Deir\u00f3, m\u00e9dica veterin\u00e1ria e professora do curso de Medicina Veterin\u00e1ria da UniFTC Salvador. A especialista tamb\u00e9m pontua que os animais de estima\u00e7\u00e3o podem ficar doentes com a falta de cuidados dos seus tutores.<\/p>\n\n\n\n<div class=\"wp-block-image\"><figure class=\"aligncenter size-large\"><img loading=\"lazy\" decoding=\"async\" width=\"300\" height=\"250\" src=\"https:\/\/jornalfatosenoticias.com.br\/wp-content\/uploads\/2022\/08\/arte-Casarao.jpg\" alt=\"\" class=\"wp-image-33178\"\/><\/figure><\/div>\n\n\n\n<blockquote class=\"wp-block-quote is-layout-flow wp-block-quote-is-layout-flow\"><p><span class=\"has-inline-color has-luminous-vivid-orange-color\">As doen\u00e7as mais comuns s\u00e3o referentes ao trato respirat\u00f3rio, regi\u00e3o em que se encontra a primeira parte do sistema respirat\u00f3rio e que vai at\u00e9 os bronqu\u00edolos e alv\u00e9olos pulmonares. Gripe, seja ela viral ou at\u00e9 mesmo bacteriana, s\u00e3o doen\u00e7as mais transmiss\u00edveis durante o inverno. E nos gatos, a queda de temperatura tamb\u00e9m pode favorecer o aparecimento de asma, por conta da exposi\u00e7\u00e3o desses <a href=\"https:\/\/ciclovivo.com.br\/mao-na-massa\/faca-voce-mesmo\/doacao-de-tampinhas-e-revertida-para-castracao-de-animais-de-rua\/\" target=\"_blank\" rel=\"noreferrer noopener\">animais<\/a> a al\u00e9rgenos do ambiente\u201d, ressalta Cleusa.<\/span><\/p><\/blockquote>\n\n\n\n<div class=\"wp-block-image\"><figure class=\"aligncenter size-large is-resized\"><img loading=\"lazy\" decoding=\"async\" src=\"https:\/\/jornalfatosenoticias.com.br\/wp-content\/uploads\/2023\/04\/Logo_MasterMind.jpg\" alt=\"\" class=\"wp-image-40974\" width=\"273\" height=\"199\"\/><\/figure><\/div>\n\n\n\n<p>A veterin\u00e1ria acrescenta que corrimentos nasais, sendo transparentes ou n\u00e3o, \u00e9 um dos sintomas a serem observados, assim como a presen\u00e7a de espirros, dificuldade respirat\u00f3ria e at\u00e9 mesmo corrimento ocular. Segundo Cleusa, essa infec\u00e7\u00e3o pode acarretar em uma conjuntivite.<br>J\u00e1 o professor de Medicina Veterin\u00e1ria do Centro Universit\u00e1rio de Bras\u00edlia (CEUB), Bruno Alvarenga, explica que os pets podem sofrer com doen\u00e7as articulares que causam desconforto e dor, especialmente em dias mais frios. Segundo ele, pela manh\u00e3, os animais tendem a se movimentar mais para aliviar o desconforto nas articula\u00e7\u00f5es e, \u00e0 medida que a temperatura aumenta, a circula\u00e7\u00e3o melhora.<\/p>\n\n\n\n<div class=\"wp-block-image\"><figure class=\"aligncenter size-large is-resized\"><img loading=\"lazy\" decoding=\"async\" src=\"https:\/\/jornalfatosenoticias.com.br\/wp-content\/uploads\/2022\/02\/Precisao-Contabilidade-1024x724.jpg\" alt=\"\" class=\"wp-image-28088\" width=\"270\" height=\"191\"\/><\/figure><\/div>\n\n\n\n<p><strong><span class=\"has-inline-color has-black-color\">Dicas pr\u00e1ticas<br><\/span><\/strong>Para cuidar da sa\u00fade articular nos dias frios, Bruno indica o uso de suplementos e vitaminas, como o col\u00e1geno tipo dois para c\u00e3es e gatos com desordens osteoarticulares. De acordo com o veterin\u00e1rio, o uso de \u00f4mega tr\u00eas tamb\u00e9m pode ajudar a prevenir desconfortos articulares.<\/p>\n\n\n\n<div class=\"wp-block-image\"><figure class=\"aligncenter size-large\"><img decoding=\"async\" src=\"https:\/\/jornalfatosenoticias.com.br\/wp-content\/uploads\/2020\/02\/logo_esteio.jpg\" alt=\"\" class=\"wp-image-1214\"\/><\/figure><\/div>\n\n\n\n<blockquote class=\"wp-block-quote is-layout-flow wp-block-quote-is-layout-flow\"><p><span class=\"has-inline-color has-luminous-vivid-orange-color\">O \u00f4mega tr\u00eas tamb\u00e9m \u00e9 ben\u00e9fico para a sa\u00fade da pele dos animais, que pode ficar ressecada devido \u00e0 baixa umidade durante o frio. A oferta de uma ra\u00e7\u00e3o de boa qualidade tamb\u00e9m \u00e9 fundamental\u201d, afirma o veterin\u00e1rio.<\/span><\/p><\/blockquote>\n\n\n\n<div class=\"wp-block-image\"><figure class=\"aligncenter size-large\"><img loading=\"lazy\" decoding=\"async\" width=\"1000\" height=\"666\" src=\"https:\/\/jornalfatosenoticias.com.br\/wp-content\/uploads\/2023\/06\/pets-frio2_iStock.jpg\" alt=\"\" class=\"wp-image-42733\" srcset=\"https:\/\/jornalfatosenoticias.com.br\/wp-content\/uploads\/2023\/06\/pets-frio2_iStock.jpg 1000w, https:\/\/jornalfatosenoticias.com.br\/wp-content\/uploads\/2023\/06\/pets-frio2_iStock-300x200.jpg 300w, https:\/\/jornalfatosenoticias.com.br\/wp-content\/uploads\/2023\/06\/pets-frio2_iStock-768x511.jpg 768w\" sizes=\"auto, (max-width: 1000px) 100vw, 1000px\" \/><figcaption><em><span class=\"has-inline-color has-black-color\">(Foto: iStock)<\/span><\/em><\/figcaption><\/figure><\/div>\n\n\n\n<p>Como a temporada \u00e9 seca, o profissional ressalta que \u00e9 preciso estimular o aumento de maior ingest\u00e3o de \u00e1gua e utilizar umidificadores pela casa para garantir a umidade adequada do ambiente. O veterin\u00e1rio considera essencial manter a casa limpa e evitar exposi\u00e7\u00e3o a poeira proveniente de reformas, que pode causar alergias e problemas dermatol\u00f3gicos nos animais.<\/p>\n\n\n\n<div class=\"wp-block-image\"><figure class=\"aligncenter size-large is-resized\"><img loading=\"lazy\" decoding=\"async\" src=\"https:\/\/jornalfatosenoticias.com.br\/wp-content\/uploads\/2020\/02\/casa-do-torresmo_portal.jpg\" alt=\"\" class=\"wp-image-34472\" width=\"221\" height=\"221\" srcset=\"https:\/\/jornalfatosenoticias.com.br\/wp-content\/uploads\/2020\/02\/casa-do-torresmo_portal.jpg 300w, https:\/\/jornalfatosenoticias.com.br\/wp-content\/uploads\/2020\/02\/casa-do-torresmo_portal-150x150.jpg 150w\" sizes=\"auto, (max-width: 221px) 100vw, 221px\" \/><\/figure><\/div>\n\n\n\n<blockquote class=\"wp-block-quote is-layout-flow wp-block-quote-is-layout-flow\"><p><span class=\"has-inline-color has-luminous-vivid-orange-color\">Manter as janelas e portas fechadas em momentos com maior concentra\u00e7\u00e3o de part\u00edculas no ar \u00e9 uma medida importante para proteger seu animal de estima\u00e7\u00e3o\u201d, afirma.<\/span><\/p><\/blockquote>\n\n\n\n<div class=\"wp-block-image\"><figure class=\"aligncenter size-large\"><img decoding=\"async\" src=\"https:\/\/jornalfatosenoticias.com.br\/wp-content\/uploads\/2020\/02\/barao-das-carnes-300x164-1.jpg\" alt=\"\" class=\"wp-image-34339\"\/><\/figure><\/div>\n\n\n\n<p>J\u00e1 Cleusa explica que, para evitar o sofrimento dos fi\u00e9is companheiros, os tutores devem garantir o conforto e prote\u00e7\u00e3o. \u201cAnimais de guarda, como c\u00e3es de guarda, devem ter seus canis para proteg\u00ea-los da chuva. Isso \u00e9 muito importante, porque o animal molhado baixa a imunidade e pode favorecer o aparecimento dessas doen\u00e7as\u201d, alerta a especialista.<br>A veterin\u00e1ria tamb\u00e9m sugere que seja apenas um banho por m\u00eas, inclusive em meses de ver\u00e3o.<\/p>\n\n\n\n<div class=\"wp-block-image\"><figure class=\"aligncenter size-large is-resized\"><img loading=\"lazy\" decoding=\"async\" src=\"https:\/\/jornalfatosenoticias.com.br\/wp-content\/uploads\/2020\/02\/logo-embacia.jpg\" alt=\"\" class=\"wp-image-33905\" width=\"246\" height=\"246\"\/><\/figure><\/div>\n\n\n\n<blockquote class=\"wp-block-quote is-layout-flow wp-block-quote-is-layout-flow\"><p><span class=\"has-inline-color has-luminous-vivid-orange-color\">Os banhos devem ter frequ\u00eancia reduzida e o ideal \u00e9 que sejam feitos com \u00e1gua morna. Outro ponto de aten\u00e7\u00e3o s\u00e3o os passeios com o animal. Para evitar a necessidade de banho e garantir a prote\u00e7\u00e3o contra o frio, n\u00e3o \u00e9 indicado passear em hor\u00e1rios de chuvas e por regi\u00f5es muito molhadas. Permitir que o animal passe por cima de po\u00e7as \u00e9 perigoso, pois n\u00e3o s\u00f3 molha o pelo, mas tamb\u00e9m propicia a leptospirose. Ap\u00f3s o passeio, deve-se sempre higienizar e secar o pet\u201d, orientou.<\/span><\/p><\/blockquote>\n\n\n\n<p>Sobre a alimenta\u00e7\u00e3o, n\u00e3o h\u00e1 grandes mudan\u00e7as. Os animais acabam tendo mais fome para produzir mais calor e assim aumentar a temperatura corporal, mas n\u00e3o precisam ter altera\u00e7\u00e3o na ra\u00e7\u00e3o, recomendou Cleusa Deir\u00f3.<\/p>\n\n\n\n<div class=\"wp-block-image\"><figure class=\"aligncenter size-large is-resized\"><img loading=\"lazy\" decoding=\"async\" src=\"https:\/\/jornalfatosenoticias.com.br\/wp-content\/uploads\/2023\/03\/Crypton-1000-\u00d7-900-px-300x270-1.png\" alt=\"\" class=\"wp-image-40206\" width=\"243\" height=\"219\"\/><\/figure><\/div>\n\n\n\n<blockquote class=\"wp-block-quote is-layout-flow wp-block-quote-is-layout-flow\"><p><span class=\"has-inline-color has-luminous-vivid-orange-color\">Tosa n\u00e3o \u00e9 muito apropriado. Animais com pelo longo j\u00e1 possuem uma prote\u00e7\u00e3o contra o frio, ent\u00e3o n\u00e3o \u00e9 indicado. Procure colocar uma roupa quentinha, naqueles que n\u00e3o possuem muito pelo\u201d, orienta.<\/span><\/p><\/blockquote>\n\n\n\n<div class=\"wp-block-image\"><figure class=\"aligncenter size-large\"><img loading=\"lazy\" decoding=\"async\" width=\"300\" height=\"137\" src=\"https:\/\/jornalfatosenoticias.com.br\/wp-content\/uploads\/2023\/06\/LOGO_JULIANA-GRACA_PORTAL.jpg\" alt=\"\" class=\"wp-image-42597\"\/><\/figure><\/div>\n\n\n\n<p>Ambos refor\u00e7am que \u00e9 muito importante manter as vacinas sempre atualizadas para evitar doen\u00e7as diversas.<\/p>\n\n\n\n<p><strong><em>Fonte: <a href=\"https:\/\/ciclovivo.com.br\/vida-sustentavel\/equilibrio\/pets-tambem-sentem-frio-como-cuidar-dos-animais-no-inverno\/\">CicloVivo<\/a><\/em><\/strong><\/p>\n","protected":false},"excerpt":{"rendered":"<p>Os animais tamb\u00e9m precisam de aten\u00e7\u00e3o especial nos dias gelados Assim como os seres humanos, no inverno os pets tamb\u00e9m est\u00e3o mais propensos a doen\u00e7as respirat\u00f3rias e precisam de aten\u00e7\u00e3o redobrada. \u00c9 essencial estar atento aos cuidados para proteger os c\u00e3es e gatos durante a temporada mais fria.\u201cOs pets tamb\u00e9m sentem frio e precisam de [&hellip;]<\/p>\n","protected":false},"author":2,"featured_media":42734,"comment_status":"open","ping_status":"open","sticky":false,"template":"","format":"standard","meta":{"footnotes":""},"categories":[9710],"tags":[4535,20116,2877,3453,4157],"class_list":["post-42732","post","type-post","status-publish","format-standard","has-post-thumbnail","hentry","category-pets","tag-animais-de-estimacao","tag-dias-gelados","tag-frio","tag-inverno","tag-pets"],"yoast_head":"<!-- This site is optimized with the Yoast SEO plugin v26.5 - https:\/\/yoast.com\/wordpress\/plugins\/seo\/ -->\n<title>Pets tamb\u00e9m sentem frio: como cuidar dos animais no inverno - Jornal Fatos e Not\u00edcias<\/title>\n<meta name=\"robots\" content=\"index, follow, max-snippet:-1, max-image-preview:large, max-video-preview:-1\" \/>\n<link rel=\"canonical\" href=\"https:\/\/jornalfatosenoticias.com.br\/index.php\/2023\/06\/26\/pets-tambem-sentem-frio-como-cuidar-dos-animais-no-inverno\/\" \/>\n<meta property=\"og:locale\" content=\"pt_BR\" \/>\n<meta property=\"og:type\" content=\"article\" \/>\n<meta property=\"og:title\" content=\"Pets tamb\u00e9m sentem frio: como cuidar dos animais no inverno - Jornal Fatos e Not\u00edcias\" \/>\n<meta property=\"og:description\" content=\"Os animais tamb\u00e9m precisam de aten\u00e7\u00e3o especial nos dias gelados Assim como os seres humanos, no inverno os pets tamb\u00e9m est\u00e3o mais propensos a doen\u00e7as respirat\u00f3rias e precisam de aten\u00e7\u00e3o redobrada. \u00c9 essencial estar atento aos cuidados para proteger os c\u00e3es e gatos durante a temporada mais fria.\u201cOs pets tamb\u00e9m sentem frio e precisam de [&hellip;]\" \/>\n<meta property=\"og:url\" content=\"https:\/\/jornalfatosenoticias.com.br\/index.php\/2023\/06\/26\/pets-tambem-sentem-frio-como-cuidar-dos-animais-no-inverno\/\" \/>\n<meta property=\"og:site_name\" content=\"Jornal Fatos e Not\u00edcias\" \/>\n<meta property=\"article:published_time\" content=\"2023-06-26T13:26:55+00:00\" \/>\n<meta property=\"article:modified_time\" content=\"2023-06-26T13:26:56+00:00\" \/>\n<meta property=\"og:image\" content=\"https:\/\/jornalfatosenoticias.com.br\/wp-content\/uploads\/2023\/06\/pets-frio.jpg\" \/>\n\t<meta property=\"og:image:width\" content=\"1000\" \/>\n\t<meta property=\"og:image:height\" content=\"666\" \/>\n\t<meta property=\"og:image:type\" content=\"image\/jpeg\" \/>\n<meta name=\"author\" content=\"Luzimara Fernandes\" \/>\n<meta name=\"twitter:card\" content=\"summary_large_image\" \/>\n<meta name=\"twitter:label1\" content=\"Escrito por\" \/>\n\t<meta name=\"twitter:data1\" content=\"Luzimara Fernandes\" \/>\n\t<meta name=\"twitter:label2\" content=\"Est. tempo de leitura\" \/>\n\t<meta name=\"twitter:data2\" content=\"4 minutos\" \/>\n<script type=\"application\/ld+json\" class=\"yoast-schema-graph\">{\"@context\":\"https:\/\/schema.org\",\"@graph\":[{\"@type\":\"Article\",\"@id\":\"https:\/\/jornalfatosenoticias.com.br\/index.php\/2023\/06\/26\/pets-tambem-sentem-frio-como-cuidar-dos-animais-no-inverno\/#article\",\"isPartOf\":{\"@id\":\"https:\/\/jornalfatosenoticias.com.br\/index.php\/2023\/06\/26\/pets-tambem-sentem-frio-como-cuidar-dos-animais-no-inverno\/\"},\"author\":{\"name\":\"Luzimara Fernandes\",\"@id\":\"https:\/\/jornalfatosenoticias.com.br\/#\/schema\/person\/d63837fa13ac8666eb9e74e0985d6f81\"},\"headline\":\"Pets tamb\u00e9m sentem frio: como cuidar dos animais no inverno\",\"datePublished\":\"2023-06-26T13:26:55+00:00\",\"dateModified\":\"2023-06-26T13:26:56+00:00\",\"mainEntityOfPage\":{\"@id\":\"https:\/\/jornalfatosenoticias.com.br\/index.php\/2023\/06\/26\/pets-tambem-sentem-frio-como-cuidar-dos-animais-no-inverno\/\"},\"wordCount\":776,\"commentCount\":0,\"publisher\":{\"@id\":\"https:\/\/jornalfatosenoticias.com.br\/#organization\"},\"image\":{\"@id\":\"https:\/\/jornalfatosenoticias.com.br\/index.php\/2023\/06\/26\/pets-tambem-sentem-frio-como-cuidar-dos-animais-no-inverno\/#primaryimage\"},\"thumbnailUrl\":\"https:\/\/jornalfatosenoticias.com.br\/wp-content\/uploads\/2023\/06\/pets-frio.jpg\",\"keywords\":[\"animais de estima\u00e7\u00e3o\",\"dias gelados\",\"frio\",\"inverno\",\"pets\"],\"articleSection\":[\"Pets\"],\"inLanguage\":\"pt-BR\",\"potentialAction\":[{\"@type\":\"CommentAction\",\"name\":\"Comment\",\"target\":[\"https:\/\/jornalfatosenoticias.com.br\/index.php\/2023\/06\/26\/pets-tambem-sentem-frio-como-cuidar-dos-animais-no-inverno\/#respond\"]}]},{\"@type\":\"WebPage\",\"@id\":\"https:\/\/jornalfatosenoticias.com.br\/index.php\/2023\/06\/26\/pets-tambem-sentem-frio-como-cuidar-dos-animais-no-inverno\/\",\"url\":\"https:\/\/jornalfatosenoticias.com.br\/index.php\/2023\/06\/26\/pets-tambem-sentem-frio-como-cuidar-dos-animais-no-inverno\/\",\"name\":\"Pets tamb\u00e9m sentem frio: como cuidar dos animais no inverno - Jornal Fatos e Not\u00edcias\",\"isPartOf\":{\"@id\":\"https:\/\/jornalfatosenoticias.com.br\/#website\"},\"primaryImageOfPage\":{\"@id\":\"https:\/\/jornalfatosenoticias.com.br\/index.php\/2023\/06\/26\/pets-tambem-sentem-frio-como-cuidar-dos-animais-no-inverno\/#primaryimage\"},\"image\":{\"@id\":\"https:\/\/jornalfatosenoticias.com.br\/index.php\/2023\/06\/26\/pets-tambem-sentem-frio-como-cuidar-dos-animais-no-inverno\/#primaryimage\"},\"thumbnailUrl\":\"https:\/\/jornalfatosenoticias.com.br\/wp-content\/uploads\/2023\/06\/pets-frio.jpg\",\"datePublished\":\"2023-06-26T13:26:55+00:00\",\"dateModified\":\"2023-06-26T13:26:56+00:00\",\"breadcrumb\":{\"@id\":\"https:\/\/jornalfatosenoticias.com.br\/index.php\/2023\/06\/26\/pets-tambem-sentem-frio-como-cuidar-dos-animais-no-inverno\/#breadcrumb\"},\"inLanguage\":\"pt-BR\",\"potentialAction\":[{\"@type\":\"ReadAction\",\"target\":[\"https:\/\/jornalfatosenoticias.com.br\/index.php\/2023\/06\/26\/pets-tambem-sentem-frio-como-cuidar-dos-animais-no-inverno\/\"]}]},{\"@type\":\"ImageObject\",\"inLanguage\":\"pt-BR\",\"@id\":\"https:\/\/jornalfatosenoticias.com.br\/index.php\/2023\/06\/26\/pets-tambem-sentem-frio-como-cuidar-dos-animais-no-inverno\/#primaryimage\",\"url\":\"https:\/\/jornalfatosenoticias.com.br\/wp-content\/uploads\/2023\/06\/pets-frio.jpg\",\"contentUrl\":\"https:\/\/jornalfatosenoticias.com.br\/wp-content\/uploads\/2023\/06\/pets-frio.jpg\",\"width\":1000,\"height\":666},{\"@type\":\"BreadcrumbList\",\"@id\":\"https:\/\/jornalfatosenoticias.com.br\/index.php\/2023\/06\/26\/pets-tambem-sentem-frio-como-cuidar-dos-animais-no-inverno\/#breadcrumb\",\"itemListElement\":[{\"@type\":\"ListItem\",\"position\":1,\"name\":\"In\u00edcio\",\"item\":\"https:\/\/jornalfatosenoticias.com.br\/\"},{\"@type\":\"ListItem\",\"position\":2,\"name\":\"Pets tamb\u00e9m sentem frio: como cuidar dos animais no inverno\"}]},{\"@type\":\"WebSite\",\"@id\":\"https:\/\/jornalfatosenoticias.com.br\/#website\",\"url\":\"https:\/\/jornalfatosenoticias.com.br\/\",\"name\":\"Jornal Fatos e Not\u00edcias\",\"description\":\"Not\u00edcias em geral\",\"publisher\":{\"@id\":\"https:\/\/jornalfatosenoticias.com.br\/#organization\"},\"potentialAction\":[{\"@type\":\"SearchAction\",\"target\":{\"@type\":\"EntryPoint\",\"urlTemplate\":\"https:\/\/jornalfatosenoticias.com.br\/?s={search_term_string}\"},\"query-input\":{\"@type\":\"PropertyValueSpecification\",\"valueRequired\":true,\"valueName\":\"search_term_string\"}}],\"inLanguage\":\"pt-BR\"},{\"@type\":\"Organization\",\"@id\":\"https:\/\/jornalfatosenoticias.com.br\/#organization\",\"name\":\"Jornal Fatos e Not\u00edcias\",\"url\":\"https:\/\/jornalfatosenoticias.com.br\/\",\"logo\":{\"@type\":\"ImageObject\",\"inLanguage\":\"pt-BR\",\"@id\":\"https:\/\/jornalfatosenoticias.com.br\/#\/schema\/logo\/image\/\",\"url\":\"https:\/\/jornalfatosenoticias.com.br\/wp-content\/uploads\/2020\/02\/logo120.png\",\"contentUrl\":\"https:\/\/jornalfatosenoticias.com.br\/wp-content\/uploads\/2020\/02\/logo120.png\",\"width\":1227,\"height\":120,\"caption\":\"Jornal Fatos e Not\u00edcias\"},\"image\":{\"@id\":\"https:\/\/jornalfatosenoticias.com.br\/#\/schema\/logo\/image\/\"}},{\"@type\":\"Person\",\"@id\":\"https:\/\/jornalfatosenoticias.com.br\/#\/schema\/person\/d63837fa13ac8666eb9e74e0985d6f81\",\"name\":\"Luzimara Fernandes\",\"image\":{\"@type\":\"ImageObject\",\"inLanguage\":\"pt-BR\",\"@id\":\"https:\/\/jornalfatosenoticias.com.br\/#\/schema\/person\/image\/\",\"url\":\"https:\/\/jornalfatosenoticias.com.br\/wp-content\/uploads\/2025\/05\/EU_portal.jpg\",\"contentUrl\":\"https:\/\/jornalfatosenoticias.com.br\/wp-content\/uploads\/2025\/05\/EU_portal.jpg\",\"caption\":\"Luzimara Fernandes\"},\"description\":\"Jornalista MTB 2358-ES\",\"sameAs\":[\"https:\/\/jornalfatosenoticias.com.br\"],\"url\":\"https:\/\/jornalfatosenoticias.com.br\/index.php\/author\/luzimara\/\"}]}<\/script>\n<!-- \/ Yoast SEO plugin. -->","yoast_head_json":{"title":"Pets tamb\u00e9m sentem frio: como cuidar dos animais no inverno - Jornal Fatos e Not\u00edcias","robots":{"index":"index","follow":"follow","max-snippet":"max-snippet:-1","max-image-preview":"max-image-preview:large","max-video-preview":"max-video-preview:-1"},"canonical":"https:\/\/jornalfatosenoticias.com.br\/index.php\/2023\/06\/26\/pets-tambem-sentem-frio-como-cuidar-dos-animais-no-inverno\/","og_locale":"pt_BR","og_type":"article","og_title":"Pets tamb\u00e9m sentem frio: como cuidar dos animais no inverno - Jornal Fatos e Not\u00edcias","og_description":"Os animais tamb\u00e9m precisam de aten\u00e7\u00e3o especial nos dias gelados Assim como os seres humanos, no inverno os pets tamb\u00e9m est\u00e3o mais propensos a doen\u00e7as respirat\u00f3rias e precisam de aten\u00e7\u00e3o redobrada. \u00c9 essencial estar atento aos cuidados para proteger os c\u00e3es e gatos durante a temporada mais fria.\u201cOs pets tamb\u00e9m sentem frio e precisam de [&hellip;]","og_url":"https:\/\/jornalfatosenoticias.com.br\/index.php\/2023\/06\/26\/pets-tambem-sentem-frio-como-cuidar-dos-animais-no-inverno\/","og_site_name":"Jornal Fatos e Not\u00edcias","article_published_time":"2023-06-26T13:26:55+00:00","article_modified_time":"2023-06-26T13:26:56+00:00","og_image":[{"width":1000,"height":666,"url":"https:\/\/jornalfatosenoticias.com.br\/wp-content\/uploads\/2023\/06\/pets-frio.jpg","type":"image\/jpeg"}],"author":"Luzimara Fernandes","twitter_card":"summary_large_image","twitter_misc":{"Escrito por":"Luzimara Fernandes","Est. tempo de leitura":"4 minutos"},"schema":{"@context":"https:\/\/schema.org","@graph":[{"@type":"Article","@id":"https:\/\/jornalfatosenoticias.com.br\/index.php\/2023\/06\/26\/pets-tambem-sentem-frio-como-cuidar-dos-animais-no-inverno\/#article","isPartOf":{"@id":"https:\/\/jornalfatosenoticias.com.br\/index.php\/2023\/06\/26\/pets-tambem-sentem-frio-como-cuidar-dos-animais-no-inverno\/"},"author":{"name":"Luzimara Fernandes","@id":"https:\/\/jornalfatosenoticias.com.br\/#\/schema\/person\/d63837fa13ac8666eb9e74e0985d6f81"},"headline":"Pets tamb\u00e9m sentem frio: como cuidar dos animais no inverno","datePublished":"2023-06-26T13:26:55+00:00","dateModified":"2023-06-26T13:26:56+00:00","mainEntityOfPage":{"@id":"https:\/\/jornalfatosenoticias.com.br\/index.php\/2023\/06\/26\/pets-tambem-sentem-frio-como-cuidar-dos-animais-no-inverno\/"},"wordCount":776,"commentCount":0,"publisher":{"@id":"https:\/\/jornalfatosenoticias.com.br\/#organization"},"image":{"@id":"https:\/\/jornalfatosenoticias.com.br\/index.php\/2023\/06\/26\/pets-tambem-sentem-frio-como-cuidar-dos-animais-no-inverno\/#primaryimage"},"thumbnailUrl":"https:\/\/jornalfatosenoticias.com.br\/wp-content\/uploads\/2023\/06\/pets-frio.jpg","keywords":["animais de estima\u00e7\u00e3o","dias gelados","frio","inverno","pets"],"articleSection":["Pets"],"inLanguage":"pt-BR","potentialAction":[{"@type":"CommentAction","name":"Comment","target":["https:\/\/jornalfatosenoticias.com.br\/index.php\/2023\/06\/26\/pets-tambem-sentem-frio-como-cuidar-dos-animais-no-inverno\/#respond"]}]},{"@type":"WebPage","@id":"https:\/\/jornalfatosenoticias.com.br\/index.php\/2023\/06\/26\/pets-tambem-sentem-frio-como-cuidar-dos-animais-no-inverno\/","url":"https:\/\/jornalfatosenoticias.com.br\/index.php\/2023\/06\/26\/pets-tambem-sentem-frio-como-cuidar-dos-animais-no-inverno\/","name":"Pets tamb\u00e9m sentem frio: como cuidar dos animais no inverno - Jornal Fatos e Not\u00edcias","isPartOf":{"@id":"https:\/\/jornalfatosenoticias.com.br\/#website"},"primaryImageOfPage":{"@id":"https:\/\/jornalfatosenoticias.com.br\/index.php\/2023\/06\/26\/pets-tambem-sentem-frio-como-cuidar-dos-animais-no-inverno\/#primaryimage"},"image":{"@id":"https:\/\/jornalfatosenoticias.com.br\/index.php\/2023\/06\/26\/pets-tambem-sentem-frio-como-cuidar-dos-animais-no-inverno\/#primaryimage"},"thumbnailUrl":"https:\/\/jornalfatosenoticias.com.br\/wp-content\/uploads\/2023\/06\/pets-frio.jpg","datePublished":"2023-06-26T13:26:55+00:00","dateModified":"2023-06-26T13:26:56+00:00","breadcrumb":{"@id":"https:\/\/jornalfatosenoticias.com.br\/index.php\/2023\/06\/26\/pets-tambem-sentem-frio-como-cuidar-dos-animais-no-inverno\/#breadcrumb"},"inLanguage":"pt-BR","potentialAction":[{"@type":"ReadAction","target":["https:\/\/jornalfatosenoticias.com.br\/index.php\/2023\/06\/26\/pets-tambem-sentem-frio-como-cuidar-dos-animais-no-inverno\/"]}]},{"@type":"ImageObject","inLanguage":"pt-BR","@id":"https:\/\/jornalfatosenoticias.com.br\/index.php\/2023\/06\/26\/pets-tambem-sentem-frio-como-cuidar-dos-animais-no-inverno\/#primaryimage","url":"https:\/\/jornalfatosenoticias.com.br\/wp-content\/uploads\/2023\/06\/pets-frio.jpg","contentUrl":"https:\/\/jornalfatosenoticias.com.br\/wp-content\/uploads\/2023\/06\/pets-frio.jpg","width":1000,"height":666},{"@type":"BreadcrumbList","@id":"https:\/\/jornalfatosenoticias.com.br\/index.php\/2023\/06\/26\/pets-tambem-sentem-frio-como-cuidar-dos-animais-no-inverno\/#breadcrumb","itemListElement":[{"@type":"ListItem","position":1,"name":"In\u00edcio","item":"https:\/\/jornalfatosenoticias.com.br\/"},{"@type":"ListItem","position":2,"name":"Pets tamb\u00e9m sentem frio: como cuidar dos animais no inverno"}]},{"@type":"WebSite","@id":"https:\/\/jornalfatosenoticias.com.br\/#website","url":"https:\/\/jornalfatosenoticias.com.br\/","name":"Jornal Fatos e Not\u00edcias","description":"Not\u00edcias em geral","publisher":{"@id":"https:\/\/jornalfatosenoticias.com.br\/#organization"},"potentialAction":[{"@type":"SearchAction","target":{"@type":"EntryPoint","urlTemplate":"https:\/\/jornalfatosenoticias.com.br\/?s={search_term_string}"},"query-input":{"@type":"PropertyValueSpecification","valueRequired":true,"valueName":"search_term_string"}}],"inLanguage":"pt-BR"},{"@type":"Organization","@id":"https:\/\/jornalfatosenoticias.com.br\/#organization","name":"Jornal Fatos e Not\u00edcias","url":"https:\/\/jornalfatosenoticias.com.br\/","logo":{"@type":"ImageObject","inLanguage":"pt-BR","@id":"https:\/\/jornalfatosenoticias.com.br\/#\/schema\/logo\/image\/","url":"https:\/\/jornalfatosenoticias.com.br\/wp-content\/uploads\/2020\/02\/logo120.png","contentUrl":"https:\/\/jornalfatosenoticias.com.br\/wp-content\/uploads\/2020\/02\/logo120.png","width":1227,"height":120,"caption":"Jornal Fatos e Not\u00edcias"},"image":{"@id":"https:\/\/jornalfatosenoticias.com.br\/#\/schema\/logo\/image\/"}},{"@type":"Person","@id":"https:\/\/jornalfatosenoticias.com.br\/#\/schema\/person\/d63837fa13ac8666eb9e74e0985d6f81","name":"Luzimara Fernandes","image":{"@type":"ImageObject","inLanguage":"pt-BR","@id":"https:\/\/jornalfatosenoticias.com.br\/#\/schema\/person\/image\/","url":"https:\/\/jornalfatosenoticias.com.br\/wp-content\/uploads\/2025\/05\/EU_portal.jpg","contentUrl":"https:\/\/jornalfatosenoticias.com.br\/wp-content\/uploads\/2025\/05\/EU_portal.jpg","caption":"Luzimara Fernandes"},"description":"Jornalista MTB 2358-ES","sameAs":["https:\/\/jornalfatosenoticias.com.br"],"url":"https:\/\/jornalfatosenoticias.com.br\/index.php\/author\/luzimara\/"}]}},"cc_featured_image_caption":{"caption_text":"(Foto: Divulga\u00e7\u00e3o)\r\n","source_text":"","source_url":""},"jetpack_featured_media_url":"https:\/\/jornalfatosenoticias.com.br\/wp-content\/uploads\/2023\/06\/pets-frio.jpg","_links":{"self":[{"href":"https:\/\/jornalfatosenoticias.com.br\/index.php\/wp-json\/wp\/v2\/posts\/42732","targetHints":{"allow":["GET"]}}],"collection":[{"href":"https:\/\/jornalfatosenoticias.com.br\/index.php\/wp-json\/wp\/v2\/posts"}],"about":[{"href":"https:\/\/jornalfatosenoticias.com.br\/index.php\/wp-json\/wp\/v2\/types\/post"}],"author":[{"embeddable":true,"href":"https:\/\/jornalfatosenoticias.com.br\/index.php\/wp-json\/wp\/v2\/users\/2"}],"replies":[{"embeddable":true,"href":"https:\/\/jornalfatosenoticias.com.br\/index.php\/wp-json\/wp\/v2\/comments?post=42732"}],"version-history":[{"count":0,"href":"https:\/\/jornalfatosenoticias.com.br\/index.php\/wp-json\/wp\/v2\/posts\/42732\/revisions"}],"wp:featuredmedia":[{"embeddable":true,"href":"https:\/\/jornalfatosenoticias.com.br\/index.php\/wp-json\/wp\/v2\/media\/42734"}],"wp:attachment":[{"href":"https:\/\/jornalfatosenoticias.com.br\/index.php\/wp-json\/wp\/v2\/media?parent=42732"}],"wp:term":[{"taxonomy":"category","embeddable":true,"href":"https:\/\/jornalfatosenoticias.com.br\/index.php\/wp-json\/wp\/v2\/categories?post=42732"},{"taxonomy":"post_tag","embeddable":true,"href":"https:\/\/jornalfatosenoticias.com.br\/index.php\/wp-json\/wp\/v2\/tags?post=42732"}],"curies":[{"name":"wp","href":"https:\/\/api.w.org\/{rel}","templated":true}]}}