{"id":42755,"date":"2023-06-26T14:13:00","date_gmt":"2023-06-26T17:13:00","guid":{"rendered":"https:\/\/jornalfatosenoticias.com.br\/?p=42755"},"modified":"2023-06-26T14:13:00","modified_gmt":"2023-06-26T17:13:00","slug":"ministro-de-lula-multiplica-patrimonio-em-30-vezes-e-acumula-quase-r-80-milhoes","status":"publish","type":"post","link":"https:\/\/jornalfatosenoticias.com.br\/index.php\/2023\/06\/26\/ministro-de-lula-multiplica-patrimonio-em-30-vezes-e-acumula-quase-r-80-milhoes\/","title":{"rendered":"Ministro de Lula multiplica patrim\u00f4nio em 30 vezes e acumula quase R$ 80 milh\u00f5es"},"content":{"rendered":"\n<p><em><span class=\"has-inline-color has-black-color\">Alexandre Silveira n\u00e3o declarou a maior parte dos bens ao TSE<\/span><\/em><\/p>\n\n\n\n<div class=\"wp-block-image\"><figure class=\"aligncenter size-large\"><img loading=\"lazy\" decoding=\"async\" width=\"1024\" height=\"100\" src=\"https:\/\/jornalfatosenoticias.com.br\/wp-content\/uploads\/2022\/05\/NOVA-LOGO-CESCONETTO-1024x100.jpg\" alt=\"\" class=\"wp-image-30792\" srcset=\"https:\/\/jornalfatosenoticias.com.br\/wp-content\/uploads\/2022\/05\/NOVA-LOGO-CESCONETTO-1024x100.jpg 1024w, https:\/\/jornalfatosenoticias.com.br\/wp-content\/uploads\/2022\/05\/NOVA-LOGO-CESCONETTO-300x29.jpg 300w, https:\/\/jornalfatosenoticias.com.br\/wp-content\/uploads\/2022\/05\/NOVA-LOGO-CESCONETTO-768x75.jpg 768w, https:\/\/jornalfatosenoticias.com.br\/wp-content\/uploads\/2022\/05\/NOVA-LOGO-CESCONETTO.jpg 1280w\" sizes=\"auto, (max-width: 1024px) 100vw, 1024px\" \/><\/figure><\/div>\n\n\n\n<p>O ministro de Minas e Energia de Luiz In\u00e1cio Lula da Silva, <strong><a href=\"https:\/\/www.google.com\/search?q=%22alexandre+silveira%22+site%3Arevistaoeste.com&amp;ei=lKyZZJPRJo2L5OUPyv2nqAk&amp;ved=0ahUKEwiT6_uMnuH_AhWNBbkGHcr-CZUQ4dUDCA8&amp;uact=5&amp;oq=%22alexandre+silveira%22+site%3Arevistaoeste.com&amp;gs_lcp=Cgxnd3Mtd2l6LXNlcnAQA0oECEEYAVDZC1iRHGDzHWgDcAB4AIAB-AGIAZkYkgEGMC4xNS4zmAEAoAEBwAEB&amp;sclient=gws-wiz-serp\" target=\"_blank\" rel=\"noreferrer noopener\">Alexandre Silveira<\/a><\/strong> (PSD), multiplicou seu patrim\u00f4nio em 30 vezes e acumulou quase R$ 80 milh\u00f5es desde 2006, quando se candidatou a deputado pela primeira vez. O portal <em>UOL <\/em>divulgou a informa\u00e7\u00e3o nesta segunda-feira (26).<br>A maior parte do patrim\u00f4nio n\u00e3o foi declarada ao <strong><a href=\"https:\/\/revistaoeste.com\/?s=tribunal+superior+eleitoral\" target=\"_blank\" rel=\"noreferrer noopener\">Tribunal Superior Eleitoral<\/a><\/strong> (TSE) nas elei\u00e7\u00f5es mais recentes, porque est\u00e1 ligada \u00e0 <em>holding<\/em> patrimonial do ministro de Lula, a Solidez Participa\u00e7\u00f5es. A Solidez det\u00e9m cotas de empresas de constru\u00e7\u00e3o, consultoria e agropecu\u00e1ria, que s\u00e3o propriedade indireta de Silveira. Elas s\u00e3o administradas formalmente por um primo do ministro.<\/p>\n\n\n\n<div class=\"wp-block-image\"><figure class=\"aligncenter size-large is-resized\"><img loading=\"lazy\" decoding=\"async\" src=\"https:\/\/jornalfatosenoticias.com.br\/wp-content\/uploads\/2022\/08\/arte-Casarao.jpg\" alt=\"\" class=\"wp-image-33178\" width=\"270\" height=\"225\"\/><\/figure><\/div>\n\n\n\n<p>A legisla\u00e7\u00e3o eleitoral permite que um candidato n\u00e3o declare o patrim\u00f4nio vinculado a empresas que est\u00e3o em seu nome, o que dificulta que o <strong><a href=\"https:\/\/revistaoeste.com\/?s=eleitor\" target=\"_blank\" rel=\"noreferrer noopener\">eleitor<\/a><\/strong> saiba quantos bens possui o pol\u00edtico em que ele deseja votar. Ao TSE, o ministro de Lula declarou ter menos de R$ 9 milh\u00f5es em bens no ano passado.<\/p>\n\n\n\n<div class=\"wp-block-image\"><figure class=\"aligncenter size-large is-resized\"><img loading=\"lazy\" decoding=\"async\" src=\"https:\/\/jornalfatosenoticias.com.br\/wp-content\/uploads\/2022\/02\/Precisao-Contabilidade-1024x724.jpg\" alt=\"\" class=\"wp-image-28088\" width=\"291\" height=\"206\"\/><\/figure><\/div>\n\n\n\n<blockquote class=\"wp-block-quote is-layout-flow wp-block-quote-is-layout-flow\"><p><span class=\"has-inline-color has-luminous-vivid-orange-color\">Meu patrim\u00f4nio \u00e9 todo declarado, n\u00e3o tenho uma prata fora do meu Imposto de Renda, seja da pessoa f\u00edsica ou jur\u00eddica\u201d, disse Silveira ao UOL. Ele acrescentou que seu patrim\u00f4nio \u00e9 resultado de 30 anos de atua\u00e7\u00e3o como empres\u00e1rio.<\/span><\/p><\/blockquote>\n\n\n\n<div class=\"wp-block-image\"><figure class=\"aligncenter size-large\"><img decoding=\"async\" src=\"https:\/\/jornalfatosenoticias.com.br\/wp-content\/uploads\/2020\/02\/logo_esteio.jpg\" alt=\"\" class=\"wp-image-1214\"\/><\/figure><\/div>\n\n\n\n<p>A reportagem mostra que o patrim\u00f4nio do ministro de Lula pode ser ainda maior que os quase R$ 80 milh\u00f5es. Isso porque ficaram fora im\u00f3veis que constam em nome de <strong><a href=\"https:\/\/revistaoeste.com\/?s=empresas\" target=\"_blank\" rel=\"noreferrer noopener\">empresas<\/a><\/strong> de Silveira em cart\u00f3rio de im\u00f3veis, mas que t\u00eam copropriet\u00e1rios em cadastros de prefeituras municipais. Os bens que ficaram fora da conta somam ao menos R$ 27,2 milh\u00f5es.<\/p>\n\n\n\n<p><strong><em>Fonte: <a href=\"https:\/\/revistaoeste.com\/politica\/ministro-lula-patrimonio-trinta-vezes\/\">Revista Oeste<\/a><\/em><\/strong><\/p>\n","protected":false},"excerpt":{"rendered":"<p>Alexandre Silveira n\u00e3o declarou a maior parte dos bens ao TSE O ministro de Minas e Energia de Luiz In\u00e1cio Lula da Silva, Alexandre Silveira (PSD), multiplicou seu patrim\u00f4nio em 30 vezes e acumulou quase R$ 80 milh\u00f5es desde 2006, quando se candidatou a deputado pela primeira vez. O portal UOL divulgou a informa\u00e7\u00e3o nesta [&hellip;]<\/p>\n","protected":false},"author":2,"featured_media":42756,"comment_status":"open","ping_status":"open","sticky":false,"template":"","format":"standard","meta":{"footnotes":""},"categories":[10],"tags":[597,10150,20128,7580,20129,19384,1514],"class_list":["post-42755","post","type-post","status-publish","format-standard","has-post-thumbnail","hentry","category-politica","tag-brasil","tag-eleicoes-2022","tag-enriquecimento-ilicito","tag-lula","tag-psd","tag-tribunal-superior-eleitoral","tag-tse"],"yoast_head":"<!-- This site is optimized with the Yoast SEO plugin v26.5 - https:\/\/yoast.com\/wordpress\/plugins\/seo\/ -->\n<title>Ministro de Lula multiplica patrim\u00f4nio em 30 vezes e acumula quase R$ 80 milh\u00f5es - Jornal Fatos e Not\u00edcias<\/title>\n<meta name=\"robots\" content=\"index, follow, max-snippet:-1, max-image-preview:large, max-video-preview:-1\" \/>\n<link rel=\"canonical\" href=\"https:\/\/jornalfatosenoticias.com.br\/index.php\/2023\/06\/26\/ministro-de-lula-multiplica-patrimonio-em-30-vezes-e-acumula-quase-r-80-milhoes\/\" \/>\n<meta property=\"og:locale\" content=\"pt_BR\" \/>\n<meta property=\"og:type\" content=\"article\" \/>\n<meta property=\"og:title\" content=\"Ministro de Lula multiplica patrim\u00f4nio em 30 vezes e acumula quase R$ 80 milh\u00f5es - Jornal Fatos e Not\u00edcias\" \/>\n<meta property=\"og:description\" content=\"Alexandre Silveira n\u00e3o declarou a maior parte dos bens ao TSE O ministro de Minas e Energia de Luiz In\u00e1cio Lula da Silva, Alexandre Silveira (PSD), multiplicou seu patrim\u00f4nio em 30 vezes e acumulou quase R$ 80 milh\u00f5es desde 2006, quando se candidatou a deputado pela primeira vez. O portal UOL divulgou a informa\u00e7\u00e3o nesta [&hellip;]\" \/>\n<meta property=\"og:url\" content=\"https:\/\/jornalfatosenoticias.com.br\/index.php\/2023\/06\/26\/ministro-de-lula-multiplica-patrimonio-em-30-vezes-e-acumula-quase-r-80-milhoes\/\" \/>\n<meta property=\"og:site_name\" content=\"Jornal Fatos e Not\u00edcias\" \/>\n<meta property=\"article:published_time\" content=\"2023-06-26T17:13:00+00:00\" \/>\n<meta property=\"og:image\" content=\"https:\/\/jornalfatosenoticias.com.br\/wp-content\/uploads\/2023\/06\/ministro-de-lula-patrimonio.jpg\" \/>\n\t<meta property=\"og:image:width\" content=\"1000\" \/>\n\t<meta property=\"og:image:height\" content=\"666\" \/>\n\t<meta property=\"og:image:type\" content=\"image\/jpeg\" \/>\n<meta name=\"author\" content=\"Luzimara Fernandes\" \/>\n<meta name=\"twitter:card\" content=\"summary_large_image\" \/>\n<meta name=\"twitter:label1\" content=\"Escrito por\" \/>\n\t<meta name=\"twitter:data1\" content=\"Luzimara Fernandes\" \/>\n\t<meta name=\"twitter:label2\" content=\"Est. tempo de leitura\" \/>\n\t<meta name=\"twitter:data2\" content=\"1 minuto\" \/>\n<script type=\"application\/ld+json\" class=\"yoast-schema-graph\">{\"@context\":\"https:\/\/schema.org\",\"@graph\":[{\"@type\":\"Article\",\"@id\":\"https:\/\/jornalfatosenoticias.com.br\/index.php\/2023\/06\/26\/ministro-de-lula-multiplica-patrimonio-em-30-vezes-e-acumula-quase-r-80-milhoes\/#article\",\"isPartOf\":{\"@id\":\"https:\/\/jornalfatosenoticias.com.br\/index.php\/2023\/06\/26\/ministro-de-lula-multiplica-patrimonio-em-30-vezes-e-acumula-quase-r-80-milhoes\/\"},\"author\":{\"name\":\"Luzimara Fernandes\",\"@id\":\"https:\/\/jornalfatosenoticias.com.br\/#\/schema\/person\/d63837fa13ac8666eb9e74e0985d6f81\"},\"headline\":\"Ministro de Lula multiplica patrim\u00f4nio em 30 vezes e acumula quase R$ 80 milh\u00f5es\",\"datePublished\":\"2023-06-26T17:13:00+00:00\",\"mainEntityOfPage\":{\"@id\":\"https:\/\/jornalfatosenoticias.com.br\/index.php\/2023\/06\/26\/ministro-de-lula-multiplica-patrimonio-em-30-vezes-e-acumula-quase-r-80-milhoes\/\"},\"wordCount\":306,\"commentCount\":0,\"publisher\":{\"@id\":\"https:\/\/jornalfatosenoticias.com.br\/#organization\"},\"image\":{\"@id\":\"https:\/\/jornalfatosenoticias.com.br\/index.php\/2023\/06\/26\/ministro-de-lula-multiplica-patrimonio-em-30-vezes-e-acumula-quase-r-80-milhoes\/#primaryimage\"},\"thumbnailUrl\":\"https:\/\/jornalfatosenoticias.com.br\/wp-content\/uploads\/2023\/06\/ministro-de-lula-patrimonio.jpg\",\"keywords\":[\"Brasil\",\"elei\u00e7\u00f5es 2022\",\"enriquecimento il\u00edcito\",\"Lula\",\"PSD\",\"Tribunal Superior Eleitoral\",\"TSE\"],\"articleSection\":[\"Pol\u00edtica\"],\"inLanguage\":\"pt-BR\",\"potentialAction\":[{\"@type\":\"CommentAction\",\"name\":\"Comment\",\"target\":[\"https:\/\/jornalfatosenoticias.com.br\/index.php\/2023\/06\/26\/ministro-de-lula-multiplica-patrimonio-em-30-vezes-e-acumula-quase-r-80-milhoes\/#respond\"]}]},{\"@type\":\"WebPage\",\"@id\":\"https:\/\/jornalfatosenoticias.com.br\/index.php\/2023\/06\/26\/ministro-de-lula-multiplica-patrimonio-em-30-vezes-e-acumula-quase-r-80-milhoes\/\",\"url\":\"https:\/\/jornalfatosenoticias.com.br\/index.php\/2023\/06\/26\/ministro-de-lula-multiplica-patrimonio-em-30-vezes-e-acumula-quase-r-80-milhoes\/\",\"name\":\"Ministro de Lula multiplica patrim\u00f4nio em 30 vezes e acumula quase R$ 80 milh\u00f5es - Jornal Fatos e Not\u00edcias\",\"isPartOf\":{\"@id\":\"https:\/\/jornalfatosenoticias.com.br\/#website\"},\"primaryImageOfPage\":{\"@id\":\"https:\/\/jornalfatosenoticias.com.br\/index.php\/2023\/06\/26\/ministro-de-lula-multiplica-patrimonio-em-30-vezes-e-acumula-quase-r-80-milhoes\/#primaryimage\"},\"image\":{\"@id\":\"https:\/\/jornalfatosenoticias.com.br\/index.php\/2023\/06\/26\/ministro-de-lula-multiplica-patrimonio-em-30-vezes-e-acumula-quase-r-80-milhoes\/#primaryimage\"},\"thumbnailUrl\":\"https:\/\/jornalfatosenoticias.com.br\/wp-content\/uploads\/2023\/06\/ministro-de-lula-patrimonio.jpg\",\"datePublished\":\"2023-06-26T17:13:00+00:00\",\"breadcrumb\":{\"@id\":\"https:\/\/jornalfatosenoticias.com.br\/index.php\/2023\/06\/26\/ministro-de-lula-multiplica-patrimonio-em-30-vezes-e-acumula-quase-r-80-milhoes\/#breadcrumb\"},\"inLanguage\":\"pt-BR\",\"potentialAction\":[{\"@type\":\"ReadAction\",\"target\":[\"https:\/\/jornalfatosenoticias.com.br\/index.php\/2023\/06\/26\/ministro-de-lula-multiplica-patrimonio-em-30-vezes-e-acumula-quase-r-80-milhoes\/\"]}]},{\"@type\":\"ImageObject\",\"inLanguage\":\"pt-BR\",\"@id\":\"https:\/\/jornalfatosenoticias.com.br\/index.php\/2023\/06\/26\/ministro-de-lula-multiplica-patrimonio-em-30-vezes-e-acumula-quase-r-80-milhoes\/#primaryimage\",\"url\":\"https:\/\/jornalfatosenoticias.com.br\/wp-content\/uploads\/2023\/06\/ministro-de-lula-patrimonio.jpg\",\"contentUrl\":\"https:\/\/jornalfatosenoticias.com.br\/wp-content\/uploads\/2023\/06\/ministro-de-lula-patrimonio.jpg\",\"width\":1000,\"height\":666},{\"@type\":\"BreadcrumbList\",\"@id\":\"https:\/\/jornalfatosenoticias.com.br\/index.php\/2023\/06\/26\/ministro-de-lula-multiplica-patrimonio-em-30-vezes-e-acumula-quase-r-80-milhoes\/#breadcrumb\",\"itemListElement\":[{\"@type\":\"ListItem\",\"position\":1,\"name\":\"In\u00edcio\",\"item\":\"https:\/\/jornalfatosenoticias.com.br\/\"},{\"@type\":\"ListItem\",\"position\":2,\"name\":\"Ministro de Lula multiplica patrim\u00f4nio em 30 vezes e acumula quase R$ 80 milh\u00f5es\"}]},{\"@type\":\"WebSite\",\"@id\":\"https:\/\/jornalfatosenoticias.com.br\/#website\",\"url\":\"https:\/\/jornalfatosenoticias.com.br\/\",\"name\":\"Jornal Fatos e Not\u00edcias\",\"description\":\"Not\u00edcias em geral\",\"publisher\":{\"@id\":\"https:\/\/jornalfatosenoticias.com.br\/#organization\"},\"potentialAction\":[{\"@type\":\"SearchAction\",\"target\":{\"@type\":\"EntryPoint\",\"urlTemplate\":\"https:\/\/jornalfatosenoticias.com.br\/?s={search_term_string}\"},\"query-input\":{\"@type\":\"PropertyValueSpecification\",\"valueRequired\":true,\"valueName\":\"search_term_string\"}}],\"inLanguage\":\"pt-BR\"},{\"@type\":\"Organization\",\"@id\":\"https:\/\/jornalfatosenoticias.com.br\/#organization\",\"name\":\"Jornal Fatos e Not\u00edcias\",\"url\":\"https:\/\/jornalfatosenoticias.com.br\/\",\"logo\":{\"@type\":\"ImageObject\",\"inLanguage\":\"pt-BR\",\"@id\":\"https:\/\/jornalfatosenoticias.com.br\/#\/schema\/logo\/image\/\",\"url\":\"https:\/\/jornalfatosenoticias.com.br\/wp-content\/uploads\/2020\/02\/logo120.png\",\"contentUrl\":\"https:\/\/jornalfatosenoticias.com.br\/wp-content\/uploads\/2020\/02\/logo120.png\",\"width\":1227,\"height\":120,\"caption\":\"Jornal Fatos e Not\u00edcias\"},\"image\":{\"@id\":\"https:\/\/jornalfatosenoticias.com.br\/#\/schema\/logo\/image\/\"}},{\"@type\":\"Person\",\"@id\":\"https:\/\/jornalfatosenoticias.com.br\/#\/schema\/person\/d63837fa13ac8666eb9e74e0985d6f81\",\"name\":\"Luzimara Fernandes\",\"image\":{\"@type\":\"ImageObject\",\"inLanguage\":\"pt-BR\",\"@id\":\"https:\/\/jornalfatosenoticias.com.br\/#\/schema\/person\/image\/\",\"url\":\"https:\/\/jornalfatosenoticias.com.br\/wp-content\/uploads\/2025\/05\/EU_portal.jpg\",\"contentUrl\":\"https:\/\/jornalfatosenoticias.com.br\/wp-content\/uploads\/2025\/05\/EU_portal.jpg\",\"caption\":\"Luzimara Fernandes\"},\"description\":\"Jornalista MTB 2358-ES\",\"sameAs\":[\"https:\/\/jornalfatosenoticias.com.br\"],\"url\":\"https:\/\/jornalfatosenoticias.com.br\/index.php\/author\/luzimara\/\"}]}<\/script>\n<!-- \/ Yoast SEO plugin. -->","yoast_head_json":{"title":"Ministro de Lula multiplica patrim\u00f4nio em 30 vezes e acumula quase R$ 80 milh\u00f5es - Jornal Fatos e Not\u00edcias","robots":{"index":"index","follow":"follow","max-snippet":"max-snippet:-1","max-image-preview":"max-image-preview:large","max-video-preview":"max-video-preview:-1"},"canonical":"https:\/\/jornalfatosenoticias.com.br\/index.php\/2023\/06\/26\/ministro-de-lula-multiplica-patrimonio-em-30-vezes-e-acumula-quase-r-80-milhoes\/","og_locale":"pt_BR","og_type":"article","og_title":"Ministro de Lula multiplica patrim\u00f4nio em 30 vezes e acumula quase R$ 80 milh\u00f5es - Jornal Fatos e Not\u00edcias","og_description":"Alexandre Silveira n\u00e3o declarou a maior parte dos bens ao TSE O ministro de Minas e Energia de Luiz In\u00e1cio Lula da Silva, Alexandre Silveira (PSD), multiplicou seu patrim\u00f4nio em 30 vezes e acumulou quase R$ 80 milh\u00f5es desde 2006, quando se candidatou a deputado pela primeira vez. O portal UOL divulgou a informa\u00e7\u00e3o nesta [&hellip;]","og_url":"https:\/\/jornalfatosenoticias.com.br\/index.php\/2023\/06\/26\/ministro-de-lula-multiplica-patrimonio-em-30-vezes-e-acumula-quase-r-80-milhoes\/","og_site_name":"Jornal Fatos e Not\u00edcias","article_published_time":"2023-06-26T17:13:00+00:00","og_image":[{"width":1000,"height":666,"url":"https:\/\/jornalfatosenoticias.com.br\/wp-content\/uploads\/2023\/06\/ministro-de-lula-patrimonio.jpg","type":"image\/jpeg"}],"author":"Luzimara Fernandes","twitter_card":"summary_large_image","twitter_misc":{"Escrito por":"Luzimara Fernandes","Est. tempo de leitura":"1 minuto"},"schema":{"@context":"https:\/\/schema.org","@graph":[{"@type":"Article","@id":"https:\/\/jornalfatosenoticias.com.br\/index.php\/2023\/06\/26\/ministro-de-lula-multiplica-patrimonio-em-30-vezes-e-acumula-quase-r-80-milhoes\/#article","isPartOf":{"@id":"https:\/\/jornalfatosenoticias.com.br\/index.php\/2023\/06\/26\/ministro-de-lula-multiplica-patrimonio-em-30-vezes-e-acumula-quase-r-80-milhoes\/"},"author":{"name":"Luzimara Fernandes","@id":"https:\/\/jornalfatosenoticias.com.br\/#\/schema\/person\/d63837fa13ac8666eb9e74e0985d6f81"},"headline":"Ministro de Lula multiplica patrim\u00f4nio em 30 vezes e acumula quase R$ 80 milh\u00f5es","datePublished":"2023-06-26T17:13:00+00:00","mainEntityOfPage":{"@id":"https:\/\/jornalfatosenoticias.com.br\/index.php\/2023\/06\/26\/ministro-de-lula-multiplica-patrimonio-em-30-vezes-e-acumula-quase-r-80-milhoes\/"},"wordCount":306,"commentCount":0,"publisher":{"@id":"https:\/\/jornalfatosenoticias.com.br\/#organization"},"image":{"@id":"https:\/\/jornalfatosenoticias.com.br\/index.php\/2023\/06\/26\/ministro-de-lula-multiplica-patrimonio-em-30-vezes-e-acumula-quase-r-80-milhoes\/#primaryimage"},"thumbnailUrl":"https:\/\/jornalfatosenoticias.com.br\/wp-content\/uploads\/2023\/06\/ministro-de-lula-patrimonio.jpg","keywords":["Brasil","elei\u00e7\u00f5es 2022","enriquecimento il\u00edcito","Lula","PSD","Tribunal Superior Eleitoral","TSE"],"articleSection":["Pol\u00edtica"],"inLanguage":"pt-BR","potentialAction":[{"@type":"CommentAction","name":"Comment","target":["https:\/\/jornalfatosenoticias.com.br\/index.php\/2023\/06\/26\/ministro-de-lula-multiplica-patrimonio-em-30-vezes-e-acumula-quase-r-80-milhoes\/#respond"]}]},{"@type":"WebPage","@id":"https:\/\/jornalfatosenoticias.com.br\/index.php\/2023\/06\/26\/ministro-de-lula-multiplica-patrimonio-em-30-vezes-e-acumula-quase-r-80-milhoes\/","url":"https:\/\/jornalfatosenoticias.com.br\/index.php\/2023\/06\/26\/ministro-de-lula-multiplica-patrimonio-em-30-vezes-e-acumula-quase-r-80-milhoes\/","name":"Ministro de Lula multiplica patrim\u00f4nio em 30 vezes e acumula quase R$ 80 milh\u00f5es - Jornal Fatos e Not\u00edcias","isPartOf":{"@id":"https:\/\/jornalfatosenoticias.com.br\/#website"},"primaryImageOfPage":{"@id":"https:\/\/jornalfatosenoticias.com.br\/index.php\/2023\/06\/26\/ministro-de-lula-multiplica-patrimonio-em-30-vezes-e-acumula-quase-r-80-milhoes\/#primaryimage"},"image":{"@id":"https:\/\/jornalfatosenoticias.com.br\/index.php\/2023\/06\/26\/ministro-de-lula-multiplica-patrimonio-em-30-vezes-e-acumula-quase-r-80-milhoes\/#primaryimage"},"thumbnailUrl":"https:\/\/jornalfatosenoticias.com.br\/wp-content\/uploads\/2023\/06\/ministro-de-lula-patrimonio.jpg","datePublished":"2023-06-26T17:13:00+00:00","breadcrumb":{"@id":"https:\/\/jornalfatosenoticias.com.br\/index.php\/2023\/06\/26\/ministro-de-lula-multiplica-patrimonio-em-30-vezes-e-acumula-quase-r-80-milhoes\/#breadcrumb"},"inLanguage":"pt-BR","potentialAction":[{"@type":"ReadAction","target":["https:\/\/jornalfatosenoticias.com.br\/index.php\/2023\/06\/26\/ministro-de-lula-multiplica-patrimonio-em-30-vezes-e-acumula-quase-r-80-milhoes\/"]}]},{"@type":"ImageObject","inLanguage":"pt-BR","@id":"https:\/\/jornalfatosenoticias.com.br\/index.php\/2023\/06\/26\/ministro-de-lula-multiplica-patrimonio-em-30-vezes-e-acumula-quase-r-80-milhoes\/#primaryimage","url":"https:\/\/jornalfatosenoticias.com.br\/wp-content\/uploads\/2023\/06\/ministro-de-lula-patrimonio.jpg","contentUrl":"https:\/\/jornalfatosenoticias.com.br\/wp-content\/uploads\/2023\/06\/ministro-de-lula-patrimonio.jpg","width":1000,"height":666},{"@type":"BreadcrumbList","@id":"https:\/\/jornalfatosenoticias.com.br\/index.php\/2023\/06\/26\/ministro-de-lula-multiplica-patrimonio-em-30-vezes-e-acumula-quase-r-80-milhoes\/#breadcrumb","itemListElement":[{"@type":"ListItem","position":1,"name":"In\u00edcio","item":"https:\/\/jornalfatosenoticias.com.br\/"},{"@type":"ListItem","position":2,"name":"Ministro de Lula multiplica patrim\u00f4nio em 30 vezes e acumula quase R$ 80 milh\u00f5es"}]},{"@type":"WebSite","@id":"https:\/\/jornalfatosenoticias.com.br\/#website","url":"https:\/\/jornalfatosenoticias.com.br\/","name":"Jornal Fatos e Not\u00edcias","description":"Not\u00edcias em geral","publisher":{"@id":"https:\/\/jornalfatosenoticias.com.br\/#organization"},"potentialAction":[{"@type":"SearchAction","target":{"@type":"EntryPoint","urlTemplate":"https:\/\/jornalfatosenoticias.com.br\/?s={search_term_string}"},"query-input":{"@type":"PropertyValueSpecification","valueRequired":true,"valueName":"search_term_string"}}],"inLanguage":"pt-BR"},{"@type":"Organization","@id":"https:\/\/jornalfatosenoticias.com.br\/#organization","name":"Jornal Fatos e Not\u00edcias","url":"https:\/\/jornalfatosenoticias.com.br\/","logo":{"@type":"ImageObject","inLanguage":"pt-BR","@id":"https:\/\/jornalfatosenoticias.com.br\/#\/schema\/logo\/image\/","url":"https:\/\/jornalfatosenoticias.com.br\/wp-content\/uploads\/2020\/02\/logo120.png","contentUrl":"https:\/\/jornalfatosenoticias.com.br\/wp-content\/uploads\/2020\/02\/logo120.png","width":1227,"height":120,"caption":"Jornal Fatos e Not\u00edcias"},"image":{"@id":"https:\/\/jornalfatosenoticias.com.br\/#\/schema\/logo\/image\/"}},{"@type":"Person","@id":"https:\/\/jornalfatosenoticias.com.br\/#\/schema\/person\/d63837fa13ac8666eb9e74e0985d6f81","name":"Luzimara Fernandes","image":{"@type":"ImageObject","inLanguage":"pt-BR","@id":"https:\/\/jornalfatosenoticias.com.br\/#\/schema\/person\/image\/","url":"https:\/\/jornalfatosenoticias.com.br\/wp-content\/uploads\/2025\/05\/EU_portal.jpg","contentUrl":"https:\/\/jornalfatosenoticias.com.br\/wp-content\/uploads\/2025\/05\/EU_portal.jpg","caption":"Luzimara Fernandes"},"description":"Jornalista MTB 2358-ES","sameAs":["https:\/\/jornalfatosenoticias.com.br"],"url":"https:\/\/jornalfatosenoticias.com.br\/index.php\/author\/luzimara\/"}]}},"cc_featured_image_caption":{"caption_text":"(Foto: Marcelo Camargo\/Ag\u00eancia Brasil)","source_text":"","source_url":""},"jetpack_featured_media_url":"https:\/\/jornalfatosenoticias.com.br\/wp-content\/uploads\/2023\/06\/ministro-de-lula-patrimonio.jpg","_links":{"self":[{"href":"https:\/\/jornalfatosenoticias.com.br\/index.php\/wp-json\/wp\/v2\/posts\/42755","targetHints":{"allow":["GET"]}}],"collection":[{"href":"https:\/\/jornalfatosenoticias.com.br\/index.php\/wp-json\/wp\/v2\/posts"}],"about":[{"href":"https:\/\/jornalfatosenoticias.com.br\/index.php\/wp-json\/wp\/v2\/types\/post"}],"author":[{"embeddable":true,"href":"https:\/\/jornalfatosenoticias.com.br\/index.php\/wp-json\/wp\/v2\/users\/2"}],"replies":[{"embeddable":true,"href":"https:\/\/jornalfatosenoticias.com.br\/index.php\/wp-json\/wp\/v2\/comments?post=42755"}],"version-history":[{"count":0,"href":"https:\/\/jornalfatosenoticias.com.br\/index.php\/wp-json\/wp\/v2\/posts\/42755\/revisions"}],"wp:featuredmedia":[{"embeddable":true,"href":"https:\/\/jornalfatosenoticias.com.br\/index.php\/wp-json\/wp\/v2\/media\/42756"}],"wp:attachment":[{"href":"https:\/\/jornalfatosenoticias.com.br\/index.php\/wp-json\/wp\/v2\/media?parent=42755"}],"wp:term":[{"taxonomy":"category","embeddable":true,"href":"https:\/\/jornalfatosenoticias.com.br\/index.php\/wp-json\/wp\/v2\/categories?post=42755"},{"taxonomy":"post_tag","embeddable":true,"href":"https:\/\/jornalfatosenoticias.com.br\/index.php\/wp-json\/wp\/v2\/tags?post=42755"}],"curies":[{"name":"wp","href":"https:\/\/api.w.org\/{rel}","templated":true}]}}