{"id":42758,"date":"2023-06-26T14:44:05","date_gmt":"2023-06-26T17:44:05","guid":{"rendered":"https:\/\/jornalfatosenoticias.com.br\/?p=42758"},"modified":"2023-06-26T14:44:07","modified_gmt":"2023-06-26T17:44:07","slug":"era-so-o-que-faltava-grupo-pressiona-senado-a-discutir-distribuicao-de-calcinhas-para-trans-pelo-sus","status":"publish","type":"post","link":"https:\/\/jornalfatosenoticias.com.br\/index.php\/2023\/06\/26\/era-so-o-que-faltava-grupo-pressiona-senado-a-discutir-distribuicao-de-calcinhas-para-trans-pelo-sus\/","title":{"rendered":"Era s\u00f3 o que faltava \u2014 Grupo pressiona Senado a discutir distribui\u00e7\u00e3o de calcinhas para trans pelo SUS"},"content":{"rendered":"\n<p><em><span class=\"has-inline-color has-black-color\">Ideia legislativa proposta por civil tem quase a quantidade necess\u00e1ria de assinaturas para ser debatida pelos parlamentares da Casa<\/span><\/em><\/p>\n\n\n\n<p><em><span class=\"has-inline-color has-black-color\">Por <strong>Cristyan Costa<\/strong><\/span><\/em><\/p>\n\n\n\n<div class=\"wp-block-image\"><figure class=\"aligncenter size-large is-resized\"><img loading=\"lazy\" decoding=\"async\" src=\"https:\/\/jornalfatosenoticias.com.br\/wp-content\/uploads\/2023\/04\/Logo_MasterMind.jpg\" alt=\"\" class=\"wp-image-40974\" width=\"244\" height=\"178\"\/><\/figure><\/div>\n\n\n\n<p>Uma ideia legislativa prop\u00f5e distribuir calcinhas para \u201cmulheres trans\u201d, por meio do Sistema \u00danico de Sa\u00fade, o SUS. A iniciativa j\u00e1 tem 17,3 mil assinaturas, no site do Senado. Se alcan\u00e7ar 20 mil, ser\u00e1 debatida pelos parlamentares da Casa. Em pouco tempo, o texto ganhou v\u00e1rias rubricas, sobretudo pelo compartilhamento feito por influenciadores digitais de esquerda e pol\u00edticos \u201cprogressistas\u201d, como a deputada federal Camila Jara (PT-MS), que compartilhou o link da ideia.<\/p>\n\n\n\n<div class=\"wp-block-image\"><figure class=\"aligncenter size-large\"><img loading=\"lazy\" decoding=\"async\" width=\"1024\" height=\"100\" src=\"https:\/\/jornalfatosenoticias.com.br\/wp-content\/uploads\/2020\/02\/banner_ferramentas-1024x100.jpg\" alt=\"\" class=\"wp-image-1258\" srcset=\"https:\/\/jornalfatosenoticias.com.br\/wp-content\/uploads\/2020\/02\/banner_ferramentas-1024x100.jpg 1024w, https:\/\/jornalfatosenoticias.com.br\/wp-content\/uploads\/2020\/02\/banner_ferramentas-300x29.jpg 300w, https:\/\/jornalfatosenoticias.com.br\/wp-content\/uploads\/2020\/02\/banner_ferramentas-768x75.jpg 768w, https:\/\/jornalfatosenoticias.com.br\/wp-content\/uploads\/2020\/02\/banner_ferramentas.jpg 1227w\" sizes=\"auto, (max-width: 1024px) 100vw, 1024px\" \/><\/figure><\/div>\n\n\n\n<figure class=\"wp-block-embed-twitter aligncenter wp-block-embed is-type-rich is-provider-twitter\"><div class=\"wp-block-embed__wrapper\">\n<blockquote class=\"twitter-tweet\" data-width=\"550\" data-dnt=\"true\"><p lang=\"pt\" dir=\"ltr\">Gente, vi essa ideia legislativa e achei demais!<br>Quero saber o que vcs acham. <a href=\"https:\/\/t.co\/p71f69M6eC\">pic.twitter.com\/p71f69M6eC<\/a><\/p>&mdash; Camila Jara (@camilajarams) <a href=\"https:\/\/twitter.com\/camilajarams\/status\/1672316617609322504?ref_src=twsrc%5Etfw\">June 23, 2023<\/a><\/blockquote><script async src=\"https:\/\/platform.twitter.com\/widgets.js\" charset=\"utf-8\"><\/script>\n<\/div><\/figure>\n\n\n\n<blockquote class=\"wp-block-quote is-layout-flow wp-block-quote-is-layout-flow\"><p><span class=\"has-inline-color has-luminous-vivid-orange-color\">Diariamente, mulheres trans usam fitas e colas para esconder seus \u00f3rg\u00e3os genitais\u201d, diz a proposta. \u201cAssim, deixam de ir ao banheiro e de se hidratar, ocasionando diversos problemas renais. Para resolver este problema de sa\u00fade p\u00fablica, propomos a distribui\u00e7\u00e3o gratuita de calcinhas desenvolvidas especialmente para elas\u201d.<\/span><\/p><\/blockquote>\n\n\n\n<div class=\"wp-block-image\"><figure class=\"aligncenter size-large\"><img loading=\"lazy\" decoding=\"async\" width=\"300\" height=\"250\" src=\"https:\/\/jornalfatosenoticias.com.br\/wp-content\/uploads\/2022\/02\/Banner-2.png\" alt=\"\" class=\"wp-image-27877\"\/><\/figure><\/div>\n\n\n\n<p>O tema veio \u00e0 tona, em virtude do Dia Internacional do Orgulho LGBT+, celebrado em 28 de junho. No Twitter, perfis compartilharam imagens do seriam as pe\u00e7as \u00edntimas especiais, que custam entre R$ 25 e R$ 150. Fala-se at\u00e9 em uma empresa que trabalha com o vestu\u00e1rio, chamada Trucss.<\/p>\n\n\n\n<div class=\"wp-block-image\"><figure class=\"aligncenter size-large\"><img loading=\"lazy\" decoding=\"async\" width=\"300\" height=\"137\" src=\"https:\/\/jornalfatosenoticias.com.br\/wp-content\/uploads\/2023\/06\/LOGO_JULIANA-GRACA_PORTAL.jpg\" alt=\"\" class=\"wp-image-42597\"\/><\/figure><\/div>\n\n\n\n<p><strong><span class=\"has-inline-color has-vivid-red-color\">Tema de calcinhas para trans ressuscitou hist\u00f3ria de absorventes para homens trans<br><\/span><\/strong>Nas redes sociais, internautas associaram o caso \u00e0 <strong><a href=\"https:\/\/revistaoeste.com\/politica\/homens-trans-podem-aderir-a-programa-de-absorventes-da-prefeitura-de-sp\/\" target=\"_blank\" rel=\"noreferrer noopener\">inclus\u00e3o de \u201chomens trans\u201d (nascidos mulheres biol\u00f3gicas) no programa municipal de distribui\u00e7\u00e3o de absorventes da cidade de S\u00e3o Paulo<\/a><\/strong>.<\/p>\n\n\n\n<div class=\"wp-block-image\"><figure class=\"aligncenter size-large is-resized\"><img loading=\"lazy\" decoding=\"async\" src=\"https:\/\/jornalfatosenoticias.com.br\/wp-content\/uploads\/2020\/02\/casa-do-torresmo_portal.jpg\" alt=\"\" class=\"wp-image-34472\" width=\"275\" height=\"275\" srcset=\"https:\/\/jornalfatosenoticias.com.br\/wp-content\/uploads\/2020\/02\/casa-do-torresmo_portal.jpg 300w, https:\/\/jornalfatosenoticias.com.br\/wp-content\/uploads\/2020\/02\/casa-do-torresmo_portal-150x150.jpg 150w\" sizes=\"auto, (max-width: 275px) 100vw, 275px\" \/><\/figure><\/div>\n\n\n\n<blockquote class=\"wp-block-quote is-layout-flow wp-block-quote-is-layout-flow\"><p><span class=\"has-inline-color has-luminous-vivid-orange-color\">Os servi\u00e7os p\u00fablicos n\u00e3o podem discriminar negativamente pela utiliza\u00e7\u00e3o, em sua reda\u00e7\u00e3o, de voc\u00e1bulos com t\u00f4nica de direcionamento a pessoas do sexo feminino\u201d, argumentou o relator do caso, desembargador Matheus Fontes, em uma decis\u00e3o a favor do Psol, que pedira para a iniciativa contemplar esse p\u00fablico.<\/span><\/p><\/blockquote>\n\n\n\n<div class=\"wp-block-image\"><figure class=\"aligncenter size-large is-resized\"><img loading=\"lazy\" decoding=\"async\" src=\"https:\/\/jornalfatosenoticias.com.br\/wp-content\/uploads\/2023\/03\/logo-Panper_portal.jpg\" alt=\"\" class=\"wp-image-40208\" width=\"245\" height=\"170\" srcset=\"https:\/\/jornalfatosenoticias.com.br\/wp-content\/uploads\/2023\/03\/logo-Panper_portal.jpg 400w, https:\/\/jornalfatosenoticias.com.br\/wp-content\/uploads\/2023\/03\/logo-Panper_portal-300x208.jpg 300w\" sizes=\"auto, (max-width: 245px) 100vw, 245px\" \/><\/figure><\/div>\n\n\n\n<p><strong><span class=\"has-inline-color has-vivid-red-color\">O que \u00e9 uma ideia legislativa<br><\/span><\/strong>Ideias legislativas s\u00e3o sugest\u00f5es feitas pela sociedade ao Parlamento. Se alcan\u00e7arem um n\u00famero espec\u00edfico de assinaturas, s\u00e3o debatidas pelos congressistas. Elas podem ou n\u00e3o se tornar um projeto de lei.<\/p>\n\n\n\n<p><strong><em>Fonte: <a href=\"https:\/\/revistaoeste.com\/brasil\/grupo-pressiona-senado-a-discutir-distribuicao-de-calcinhas-para-trans-pelo-sus\/\">Revista Oeste<\/a><\/em><\/strong><\/p>\n","protected":false},"excerpt":{"rendered":"<p>Ideia legislativa proposta por civil tem quase a quantidade necess\u00e1ria de assinaturas para ser debatida pelos parlamentares da Casa Por Cristyan Costa Uma ideia legislativa prop\u00f5e distribuir calcinhas para \u201cmulheres trans\u201d, por meio do Sistema \u00danico de Sa\u00fade, o SUS. A iniciativa j\u00e1 tem 17,3 mil assinaturas, no site do Senado. Se alcan\u00e7ar 20 mil, [&hellip;]<\/p>\n","protected":false},"author":2,"featured_media":42759,"comment_status":"open","ping_status":"open","sticky":false,"template":"","format":"standard","meta":{"footnotes":""},"categories":[5],"tags":[20130,19352,486,687],"class_list":["post-42758","post","type-post","status-publish","format-standard","has-post-thumbnail","hentry","category-geral","tag-distribuicao-de-calcinhas-para-trans-pelo-sus","tag-lgbt","tag-senado","tag-transexuais"],"yoast_head":"<!-- This site is optimized with the Yoast SEO plugin v26.5 - https:\/\/yoast.com\/wordpress\/plugins\/seo\/ -->\n<title>Era s\u00f3 o que faltava \u2014 Grupo pressiona Senado a discutir distribui\u00e7\u00e3o de calcinhas para trans pelo SUS - Jornal Fatos e Not\u00edcias<\/title>\n<meta name=\"robots\" content=\"index, follow, max-snippet:-1, max-image-preview:large, max-video-preview:-1\" \/>\n<link rel=\"canonical\" href=\"https:\/\/jornalfatosenoticias.com.br\/index.php\/2023\/06\/26\/era-so-o-que-faltava-grupo-pressiona-senado-a-discutir-distribuicao-de-calcinhas-para-trans-pelo-sus\/\" \/>\n<meta property=\"og:locale\" content=\"pt_BR\" \/>\n<meta property=\"og:type\" content=\"article\" \/>\n<meta property=\"og:title\" content=\"Era s\u00f3 o que faltava \u2014 Grupo pressiona Senado a discutir distribui\u00e7\u00e3o de calcinhas para trans pelo SUS - Jornal Fatos e Not\u00edcias\" \/>\n<meta property=\"og:description\" content=\"Ideia legislativa proposta por civil tem quase a quantidade necess\u00e1ria de assinaturas para ser debatida pelos parlamentares da Casa Por Cristyan Costa Uma ideia legislativa prop\u00f5e distribuir calcinhas para \u201cmulheres trans\u201d, por meio do Sistema \u00danico de Sa\u00fade, o SUS. A iniciativa j\u00e1 tem 17,3 mil assinaturas, no site do Senado. Se alcan\u00e7ar 20 mil, [&hellip;]\" \/>\n<meta property=\"og:url\" content=\"https:\/\/jornalfatosenoticias.com.br\/index.php\/2023\/06\/26\/era-so-o-que-faltava-grupo-pressiona-senado-a-discutir-distribuicao-de-calcinhas-para-trans-pelo-sus\/\" \/>\n<meta property=\"og:site_name\" content=\"Jornal Fatos e Not\u00edcias\" \/>\n<meta property=\"article:published_time\" content=\"2023-06-26T17:44:05+00:00\" \/>\n<meta property=\"article:modified_time\" content=\"2023-06-26T17:44:07+00:00\" \/>\n<meta property=\"og:image\" content=\"https:\/\/jornalfatosenoticias.com.br\/wp-content\/uploads\/2023\/06\/calcinhas-para-trans-e-travestis.jpg\" \/>\n\t<meta property=\"og:image:width\" content=\"1000\" \/>\n\t<meta property=\"og:image:height\" content=\"750\" \/>\n\t<meta property=\"og:image:type\" content=\"image\/jpeg\" \/>\n<meta name=\"author\" content=\"Luzimara Fernandes\" \/>\n<meta name=\"twitter:card\" content=\"summary_large_image\" \/>\n<meta name=\"twitter:label1\" content=\"Escrito por\" \/>\n\t<meta name=\"twitter:data1\" content=\"Luzimara Fernandes\" \/>\n\t<meta name=\"twitter:label2\" content=\"Est. tempo de leitura\" \/>\n\t<meta name=\"twitter:data2\" content=\"2 minutos\" \/>\n<script type=\"application\/ld+json\" class=\"yoast-schema-graph\">{\"@context\":\"https:\/\/schema.org\",\"@graph\":[{\"@type\":\"Article\",\"@id\":\"https:\/\/jornalfatosenoticias.com.br\/index.php\/2023\/06\/26\/era-so-o-que-faltava-grupo-pressiona-senado-a-discutir-distribuicao-de-calcinhas-para-trans-pelo-sus\/#article\",\"isPartOf\":{\"@id\":\"https:\/\/jornalfatosenoticias.com.br\/index.php\/2023\/06\/26\/era-so-o-que-faltava-grupo-pressiona-senado-a-discutir-distribuicao-de-calcinhas-para-trans-pelo-sus\/\"},\"author\":{\"name\":\"Luzimara Fernandes\",\"@id\":\"https:\/\/jornalfatosenoticias.com.br\/#\/schema\/person\/d63837fa13ac8666eb9e74e0985d6f81\"},\"headline\":\"Era s\u00f3 o que faltava \u2014 Grupo pressiona Senado a discutir distribui\u00e7\u00e3o de calcinhas para trans pelo SUS\",\"datePublished\":\"2023-06-26T17:44:05+00:00\",\"dateModified\":\"2023-06-26T17:44:07+00:00\",\"mainEntityOfPage\":{\"@id\":\"https:\/\/jornalfatosenoticias.com.br\/index.php\/2023\/06\/26\/era-so-o-que-faltava-grupo-pressiona-senado-a-discutir-distribuicao-de-calcinhas-para-trans-pelo-sus\/\"},\"wordCount\":393,\"commentCount\":0,\"publisher\":{\"@id\":\"https:\/\/jornalfatosenoticias.com.br\/#organization\"},\"image\":{\"@id\":\"https:\/\/jornalfatosenoticias.com.br\/index.php\/2023\/06\/26\/era-so-o-que-faltava-grupo-pressiona-senado-a-discutir-distribuicao-de-calcinhas-para-trans-pelo-sus\/#primaryimage\"},\"thumbnailUrl\":\"https:\/\/jornalfatosenoticias.com.br\/wp-content\/uploads\/2023\/06\/calcinhas-para-trans-e-travestis.jpg\",\"keywords\":[\"distribui\u00e7\u00e3o de calcinhas para trans pelo SUS\",\"LGBT\",\"Senado\",\"transexuais\"],\"articleSection\":[\"Geral\"],\"inLanguage\":\"pt-BR\",\"potentialAction\":[{\"@type\":\"CommentAction\",\"name\":\"Comment\",\"target\":[\"https:\/\/jornalfatosenoticias.com.br\/index.php\/2023\/06\/26\/era-so-o-que-faltava-grupo-pressiona-senado-a-discutir-distribuicao-de-calcinhas-para-trans-pelo-sus\/#respond\"]}]},{\"@type\":\"WebPage\",\"@id\":\"https:\/\/jornalfatosenoticias.com.br\/index.php\/2023\/06\/26\/era-so-o-que-faltava-grupo-pressiona-senado-a-discutir-distribuicao-de-calcinhas-para-trans-pelo-sus\/\",\"url\":\"https:\/\/jornalfatosenoticias.com.br\/index.php\/2023\/06\/26\/era-so-o-que-faltava-grupo-pressiona-senado-a-discutir-distribuicao-de-calcinhas-para-trans-pelo-sus\/\",\"name\":\"Era s\u00f3 o que faltava \u2014 Grupo pressiona Senado a discutir distribui\u00e7\u00e3o de calcinhas para trans pelo SUS - Jornal Fatos e Not\u00edcias\",\"isPartOf\":{\"@id\":\"https:\/\/jornalfatosenoticias.com.br\/#website\"},\"primaryImageOfPage\":{\"@id\":\"https:\/\/jornalfatosenoticias.com.br\/index.php\/2023\/06\/26\/era-so-o-que-faltava-grupo-pressiona-senado-a-discutir-distribuicao-de-calcinhas-para-trans-pelo-sus\/#primaryimage\"},\"image\":{\"@id\":\"https:\/\/jornalfatosenoticias.com.br\/index.php\/2023\/06\/26\/era-so-o-que-faltava-grupo-pressiona-senado-a-discutir-distribuicao-de-calcinhas-para-trans-pelo-sus\/#primaryimage\"},\"thumbnailUrl\":\"https:\/\/jornalfatosenoticias.com.br\/wp-content\/uploads\/2023\/06\/calcinhas-para-trans-e-travestis.jpg\",\"datePublished\":\"2023-06-26T17:44:05+00:00\",\"dateModified\":\"2023-06-26T17:44:07+00:00\",\"breadcrumb\":{\"@id\":\"https:\/\/jornalfatosenoticias.com.br\/index.php\/2023\/06\/26\/era-so-o-que-faltava-grupo-pressiona-senado-a-discutir-distribuicao-de-calcinhas-para-trans-pelo-sus\/#breadcrumb\"},\"inLanguage\":\"pt-BR\",\"potentialAction\":[{\"@type\":\"ReadAction\",\"target\":[\"https:\/\/jornalfatosenoticias.com.br\/index.php\/2023\/06\/26\/era-so-o-que-faltava-grupo-pressiona-senado-a-discutir-distribuicao-de-calcinhas-para-trans-pelo-sus\/\"]}]},{\"@type\":\"ImageObject\",\"inLanguage\":\"pt-BR\",\"@id\":\"https:\/\/jornalfatosenoticias.com.br\/index.php\/2023\/06\/26\/era-so-o-que-faltava-grupo-pressiona-senado-a-discutir-distribuicao-de-calcinhas-para-trans-pelo-sus\/#primaryimage\",\"url\":\"https:\/\/jornalfatosenoticias.com.br\/wp-content\/uploads\/2023\/06\/calcinhas-para-trans-e-travestis.jpg\",\"contentUrl\":\"https:\/\/jornalfatosenoticias.com.br\/wp-content\/uploads\/2023\/06\/calcinhas-para-trans-e-travestis.jpg\",\"width\":1000,\"height\":750},{\"@type\":\"BreadcrumbList\",\"@id\":\"https:\/\/jornalfatosenoticias.com.br\/index.php\/2023\/06\/26\/era-so-o-que-faltava-grupo-pressiona-senado-a-discutir-distribuicao-de-calcinhas-para-trans-pelo-sus\/#breadcrumb\",\"itemListElement\":[{\"@type\":\"ListItem\",\"position\":1,\"name\":\"In\u00edcio\",\"item\":\"https:\/\/jornalfatosenoticias.com.br\/\"},{\"@type\":\"ListItem\",\"position\":2,\"name\":\"Era s\u00f3 o que faltava \u2014 Grupo pressiona Senado a discutir distribui\u00e7\u00e3o de calcinhas para trans pelo SUS\"}]},{\"@type\":\"WebSite\",\"@id\":\"https:\/\/jornalfatosenoticias.com.br\/#website\",\"url\":\"https:\/\/jornalfatosenoticias.com.br\/\",\"name\":\"Jornal Fatos e Not\u00edcias\",\"description\":\"Not\u00edcias em geral\",\"publisher\":{\"@id\":\"https:\/\/jornalfatosenoticias.com.br\/#organization\"},\"potentialAction\":[{\"@type\":\"SearchAction\",\"target\":{\"@type\":\"EntryPoint\",\"urlTemplate\":\"https:\/\/jornalfatosenoticias.com.br\/?s={search_term_string}\"},\"query-input\":{\"@type\":\"PropertyValueSpecification\",\"valueRequired\":true,\"valueName\":\"search_term_string\"}}],\"inLanguage\":\"pt-BR\"},{\"@type\":\"Organization\",\"@id\":\"https:\/\/jornalfatosenoticias.com.br\/#organization\",\"name\":\"Jornal Fatos e Not\u00edcias\",\"url\":\"https:\/\/jornalfatosenoticias.com.br\/\",\"logo\":{\"@type\":\"ImageObject\",\"inLanguage\":\"pt-BR\",\"@id\":\"https:\/\/jornalfatosenoticias.com.br\/#\/schema\/logo\/image\/\",\"url\":\"https:\/\/jornalfatosenoticias.com.br\/wp-content\/uploads\/2020\/02\/logo120.png\",\"contentUrl\":\"https:\/\/jornalfatosenoticias.com.br\/wp-content\/uploads\/2020\/02\/logo120.png\",\"width\":1227,\"height\":120,\"caption\":\"Jornal Fatos e Not\u00edcias\"},\"image\":{\"@id\":\"https:\/\/jornalfatosenoticias.com.br\/#\/schema\/logo\/image\/\"}},{\"@type\":\"Person\",\"@id\":\"https:\/\/jornalfatosenoticias.com.br\/#\/schema\/person\/d63837fa13ac8666eb9e74e0985d6f81\",\"name\":\"Luzimara Fernandes\",\"image\":{\"@type\":\"ImageObject\",\"inLanguage\":\"pt-BR\",\"@id\":\"https:\/\/jornalfatosenoticias.com.br\/#\/schema\/person\/image\/\",\"url\":\"https:\/\/jornalfatosenoticias.com.br\/wp-content\/uploads\/2025\/05\/EU_portal.jpg\",\"contentUrl\":\"https:\/\/jornalfatosenoticias.com.br\/wp-content\/uploads\/2025\/05\/EU_portal.jpg\",\"caption\":\"Luzimara Fernandes\"},\"description\":\"Jornalista MTB 2358-ES\",\"sameAs\":[\"https:\/\/jornalfatosenoticias.com.br\"],\"url\":\"https:\/\/jornalfatosenoticias.com.br\/index.php\/author\/luzimara\/\"}]}<\/script>\n<!-- \/ Yoast SEO plugin. -->","yoast_head_json":{"title":"Era s\u00f3 o que faltava \u2014 Grupo pressiona Senado a discutir distribui\u00e7\u00e3o de calcinhas para trans pelo SUS - Jornal Fatos e Not\u00edcias","robots":{"index":"index","follow":"follow","max-snippet":"max-snippet:-1","max-image-preview":"max-image-preview:large","max-video-preview":"max-video-preview:-1"},"canonical":"https:\/\/jornalfatosenoticias.com.br\/index.php\/2023\/06\/26\/era-so-o-que-faltava-grupo-pressiona-senado-a-discutir-distribuicao-de-calcinhas-para-trans-pelo-sus\/","og_locale":"pt_BR","og_type":"article","og_title":"Era s\u00f3 o que faltava \u2014 Grupo pressiona Senado a discutir distribui\u00e7\u00e3o de calcinhas para trans pelo SUS - Jornal Fatos e Not\u00edcias","og_description":"Ideia legislativa proposta por civil tem quase a quantidade necess\u00e1ria de assinaturas para ser debatida pelos parlamentares da Casa Por Cristyan Costa Uma ideia legislativa prop\u00f5e distribuir calcinhas para \u201cmulheres trans\u201d, por meio do Sistema \u00danico de Sa\u00fade, o SUS. A iniciativa j\u00e1 tem 17,3 mil assinaturas, no site do Senado. Se alcan\u00e7ar 20 mil, [&hellip;]","og_url":"https:\/\/jornalfatosenoticias.com.br\/index.php\/2023\/06\/26\/era-so-o-que-faltava-grupo-pressiona-senado-a-discutir-distribuicao-de-calcinhas-para-trans-pelo-sus\/","og_site_name":"Jornal Fatos e Not\u00edcias","article_published_time":"2023-06-26T17:44:05+00:00","article_modified_time":"2023-06-26T17:44:07+00:00","og_image":[{"width":1000,"height":750,"url":"https:\/\/jornalfatosenoticias.com.br\/wp-content\/uploads\/2023\/06\/calcinhas-para-trans-e-travestis.jpg","type":"image\/jpeg"}],"author":"Luzimara Fernandes","twitter_card":"summary_large_image","twitter_misc":{"Escrito por":"Luzimara Fernandes","Est. tempo de leitura":"2 minutos"},"schema":{"@context":"https:\/\/schema.org","@graph":[{"@type":"Article","@id":"https:\/\/jornalfatosenoticias.com.br\/index.php\/2023\/06\/26\/era-so-o-que-faltava-grupo-pressiona-senado-a-discutir-distribuicao-de-calcinhas-para-trans-pelo-sus\/#article","isPartOf":{"@id":"https:\/\/jornalfatosenoticias.com.br\/index.php\/2023\/06\/26\/era-so-o-que-faltava-grupo-pressiona-senado-a-discutir-distribuicao-de-calcinhas-para-trans-pelo-sus\/"},"author":{"name":"Luzimara Fernandes","@id":"https:\/\/jornalfatosenoticias.com.br\/#\/schema\/person\/d63837fa13ac8666eb9e74e0985d6f81"},"headline":"Era s\u00f3 o que faltava \u2014 Grupo pressiona Senado a discutir distribui\u00e7\u00e3o de calcinhas para trans pelo SUS","datePublished":"2023-06-26T17:44:05+00:00","dateModified":"2023-06-26T17:44:07+00:00","mainEntityOfPage":{"@id":"https:\/\/jornalfatosenoticias.com.br\/index.php\/2023\/06\/26\/era-so-o-que-faltava-grupo-pressiona-senado-a-discutir-distribuicao-de-calcinhas-para-trans-pelo-sus\/"},"wordCount":393,"commentCount":0,"publisher":{"@id":"https:\/\/jornalfatosenoticias.com.br\/#organization"},"image":{"@id":"https:\/\/jornalfatosenoticias.com.br\/index.php\/2023\/06\/26\/era-so-o-que-faltava-grupo-pressiona-senado-a-discutir-distribuicao-de-calcinhas-para-trans-pelo-sus\/#primaryimage"},"thumbnailUrl":"https:\/\/jornalfatosenoticias.com.br\/wp-content\/uploads\/2023\/06\/calcinhas-para-trans-e-travestis.jpg","keywords":["distribui\u00e7\u00e3o de calcinhas para trans pelo SUS","LGBT","Senado","transexuais"],"articleSection":["Geral"],"inLanguage":"pt-BR","potentialAction":[{"@type":"CommentAction","name":"Comment","target":["https:\/\/jornalfatosenoticias.com.br\/index.php\/2023\/06\/26\/era-so-o-que-faltava-grupo-pressiona-senado-a-discutir-distribuicao-de-calcinhas-para-trans-pelo-sus\/#respond"]}]},{"@type":"WebPage","@id":"https:\/\/jornalfatosenoticias.com.br\/index.php\/2023\/06\/26\/era-so-o-que-faltava-grupo-pressiona-senado-a-discutir-distribuicao-de-calcinhas-para-trans-pelo-sus\/","url":"https:\/\/jornalfatosenoticias.com.br\/index.php\/2023\/06\/26\/era-so-o-que-faltava-grupo-pressiona-senado-a-discutir-distribuicao-de-calcinhas-para-trans-pelo-sus\/","name":"Era s\u00f3 o que faltava \u2014 Grupo pressiona Senado a discutir distribui\u00e7\u00e3o de calcinhas para trans pelo SUS - Jornal Fatos e Not\u00edcias","isPartOf":{"@id":"https:\/\/jornalfatosenoticias.com.br\/#website"},"primaryImageOfPage":{"@id":"https:\/\/jornalfatosenoticias.com.br\/index.php\/2023\/06\/26\/era-so-o-que-faltava-grupo-pressiona-senado-a-discutir-distribuicao-de-calcinhas-para-trans-pelo-sus\/#primaryimage"},"image":{"@id":"https:\/\/jornalfatosenoticias.com.br\/index.php\/2023\/06\/26\/era-so-o-que-faltava-grupo-pressiona-senado-a-discutir-distribuicao-de-calcinhas-para-trans-pelo-sus\/#primaryimage"},"thumbnailUrl":"https:\/\/jornalfatosenoticias.com.br\/wp-content\/uploads\/2023\/06\/calcinhas-para-trans-e-travestis.jpg","datePublished":"2023-06-26T17:44:05+00:00","dateModified":"2023-06-26T17:44:07+00:00","breadcrumb":{"@id":"https:\/\/jornalfatosenoticias.com.br\/index.php\/2023\/06\/26\/era-so-o-que-faltava-grupo-pressiona-senado-a-discutir-distribuicao-de-calcinhas-para-trans-pelo-sus\/#breadcrumb"},"inLanguage":"pt-BR","potentialAction":[{"@type":"ReadAction","target":["https:\/\/jornalfatosenoticias.com.br\/index.php\/2023\/06\/26\/era-so-o-que-faltava-grupo-pressiona-senado-a-discutir-distribuicao-de-calcinhas-para-trans-pelo-sus\/"]}]},{"@type":"ImageObject","inLanguage":"pt-BR","@id":"https:\/\/jornalfatosenoticias.com.br\/index.php\/2023\/06\/26\/era-so-o-que-faltava-grupo-pressiona-senado-a-discutir-distribuicao-de-calcinhas-para-trans-pelo-sus\/#primaryimage","url":"https:\/\/jornalfatosenoticias.com.br\/wp-content\/uploads\/2023\/06\/calcinhas-para-trans-e-travestis.jpg","contentUrl":"https:\/\/jornalfatosenoticias.com.br\/wp-content\/uploads\/2023\/06\/calcinhas-para-trans-e-travestis.jpg","width":1000,"height":750},{"@type":"BreadcrumbList","@id":"https:\/\/jornalfatosenoticias.com.br\/index.php\/2023\/06\/26\/era-so-o-que-faltava-grupo-pressiona-senado-a-discutir-distribuicao-de-calcinhas-para-trans-pelo-sus\/#breadcrumb","itemListElement":[{"@type":"ListItem","position":1,"name":"In\u00edcio","item":"https:\/\/jornalfatosenoticias.com.br\/"},{"@type":"ListItem","position":2,"name":"Era s\u00f3 o que faltava \u2014 Grupo pressiona Senado a discutir distribui\u00e7\u00e3o de calcinhas para trans pelo SUS"}]},{"@type":"WebSite","@id":"https:\/\/jornalfatosenoticias.com.br\/#website","url":"https:\/\/jornalfatosenoticias.com.br\/","name":"Jornal Fatos e Not\u00edcias","description":"Not\u00edcias em geral","publisher":{"@id":"https:\/\/jornalfatosenoticias.com.br\/#organization"},"potentialAction":[{"@type":"SearchAction","target":{"@type":"EntryPoint","urlTemplate":"https:\/\/jornalfatosenoticias.com.br\/?s={search_term_string}"},"query-input":{"@type":"PropertyValueSpecification","valueRequired":true,"valueName":"search_term_string"}}],"inLanguage":"pt-BR"},{"@type":"Organization","@id":"https:\/\/jornalfatosenoticias.com.br\/#organization","name":"Jornal Fatos e Not\u00edcias","url":"https:\/\/jornalfatosenoticias.com.br\/","logo":{"@type":"ImageObject","inLanguage":"pt-BR","@id":"https:\/\/jornalfatosenoticias.com.br\/#\/schema\/logo\/image\/","url":"https:\/\/jornalfatosenoticias.com.br\/wp-content\/uploads\/2020\/02\/logo120.png","contentUrl":"https:\/\/jornalfatosenoticias.com.br\/wp-content\/uploads\/2020\/02\/logo120.png","width":1227,"height":120,"caption":"Jornal Fatos e Not\u00edcias"},"image":{"@id":"https:\/\/jornalfatosenoticias.com.br\/#\/schema\/logo\/image\/"}},{"@type":"Person","@id":"https:\/\/jornalfatosenoticias.com.br\/#\/schema\/person\/d63837fa13ac8666eb9e74e0985d6f81","name":"Luzimara Fernandes","image":{"@type":"ImageObject","inLanguage":"pt-BR","@id":"https:\/\/jornalfatosenoticias.com.br\/#\/schema\/person\/image\/","url":"https:\/\/jornalfatosenoticias.com.br\/wp-content\/uploads\/2025\/05\/EU_portal.jpg","contentUrl":"https:\/\/jornalfatosenoticias.com.br\/wp-content\/uploads\/2025\/05\/EU_portal.jpg","caption":"Luzimara Fernandes"},"description":"Jornalista MTB 2358-ES","sameAs":["https:\/\/jornalfatosenoticias.com.br"],"url":"https:\/\/jornalfatosenoticias.com.br\/index.php\/author\/luzimara\/"}]}},"cc_featured_image_caption":{"caption_text":"(Foto: Arquivo Pessoal\/Reprodu\u00e7\u00e3o)","source_text":"","source_url":""},"jetpack_featured_media_url":"https:\/\/jornalfatosenoticias.com.br\/wp-content\/uploads\/2023\/06\/calcinhas-para-trans-e-travestis.jpg","_links":{"self":[{"href":"https:\/\/jornalfatosenoticias.com.br\/index.php\/wp-json\/wp\/v2\/posts\/42758","targetHints":{"allow":["GET"]}}],"collection":[{"href":"https:\/\/jornalfatosenoticias.com.br\/index.php\/wp-json\/wp\/v2\/posts"}],"about":[{"href":"https:\/\/jornalfatosenoticias.com.br\/index.php\/wp-json\/wp\/v2\/types\/post"}],"author":[{"embeddable":true,"href":"https:\/\/jornalfatosenoticias.com.br\/index.php\/wp-json\/wp\/v2\/users\/2"}],"replies":[{"embeddable":true,"href":"https:\/\/jornalfatosenoticias.com.br\/index.php\/wp-json\/wp\/v2\/comments?post=42758"}],"version-history":[{"count":0,"href":"https:\/\/jornalfatosenoticias.com.br\/index.php\/wp-json\/wp\/v2\/posts\/42758\/revisions"}],"wp:featuredmedia":[{"embeddable":true,"href":"https:\/\/jornalfatosenoticias.com.br\/index.php\/wp-json\/wp\/v2\/media\/42759"}],"wp:attachment":[{"href":"https:\/\/jornalfatosenoticias.com.br\/index.php\/wp-json\/wp\/v2\/media?parent=42758"}],"wp:term":[{"taxonomy":"category","embeddable":true,"href":"https:\/\/jornalfatosenoticias.com.br\/index.php\/wp-json\/wp\/v2\/categories?post=42758"},{"taxonomy":"post_tag","embeddable":true,"href":"https:\/\/jornalfatosenoticias.com.br\/index.php\/wp-json\/wp\/v2\/tags?post=42758"}],"curies":[{"name":"wp","href":"https:\/\/api.w.org\/{rel}","templated":true}]}}