{"id":4281,"date":"2020-05-11T09:52:20","date_gmt":"2020-05-11T12:52:20","guid":{"rendered":"https:\/\/jornalfatosenoticias.com.br\/?p=4281"},"modified":"2020-05-11T09:52:25","modified_gmt":"2020-05-11T12:52:25","slug":"onu-exige-libertacao-de-criancas-palestinas-detidas-por-israel","status":"publish","type":"post","link":"https:\/\/jornalfatosenoticias.com.br\/index.php\/2020\/05\/11\/onu-exige-libertacao-de-criancas-palestinas-detidas-por-israel\/","title":{"rendered":"ONU exige liberta\u00e7\u00e3o de crian\u00e7as palestinas detidas por Israel"},"content":{"rendered":"\n<h6 class=\"wp-block-heading\"><em>ONU diz que 194 menores palestinos podem contrair a covid-19<\/em><\/h6>\n\n\n\n<p>A Organiza\u00e7\u00e3o das Na\u00e7\u00f5es Unidas (ONU) denunciou hoje (11) &#8220;a deten\u00e7\u00e3o continuada de crian\u00e7as palestinas&#8221; por Israel e exigiu que os seus direitos sejam protegidos atrav\u00e9s da liberta\u00e7\u00e3o imediata para n\u00e3o serem contagiadas pela covid-19.<br>&#8220;A melhor maneira de defender os direitos das crian\u00e7as detidas no meio de uma pandemia perigosa \u00e9 libert\u00e1-las&#8221;, afirmaram, em comunicado conjunto, o coordenador humanit\u00e1rio da ONU para os territ\u00f3rios palestinos ocupados, Jamie McGoldrick, o chefe da Unidade de Direitos Humanos da ONU na regi\u00e3o, James Heenan, e a representante especial do Fundo das Na\u00e7\u00f5es Unidas para a Inf\u00e2ncia (Unicef) para a Palestina, Genevi\u00e8ve Boutin.<br>Segundo a ONU, no fim de mar\u00e7o foram colocados 194 menores palestinos em pris\u00f5es e centros de deten\u00e7\u00e3o israelitas, um n\u00famero &#8220;ainda maior do que o total m\u00e9dio mensal de crian\u00e7as detidas em 2019&#8221;. As Na\u00e7\u00f5es Unidas garantiram ainda que a maioria das crian\u00e7as foi detida sem acusa\u00e7\u00e3o por qualquer crime.<br>A ONU chamou a aten\u00e7\u00e3o para o risco de estes menores detidos &#8220;contra\u00edrem a covid-19&#8221;, j\u00e1 que nos centros prisionais \u00e9 mais dif\u00edcil manter dist\u00e2ncia f\u00edsica e cumprir outras medidas preventivas.<br>Al\u00e9m disso, &#8220;os procedimentos legais est\u00e3o suspensos&#8221; pelo que quase todas as visitas \u00e0s pris\u00f5es foram canceladas e &#8220;as crian\u00e7as n\u00e3o t\u00eam acesso \u00e0s suas fam\u00edlias e advogados&#8221;, adianta o mesmo comunicado.<br>Esta situa\u00e7\u00e3o causa &#8220;sofrimento psicol\u00f3gico&#8221;, n\u00e3o permite &#8220;o apoio jur\u00eddico a que tem direito&#8221; e causa &#8220;maior press\u00e3o&#8221;, podendo levar as crian\u00e7as a se declararem culpadas para serem libertadas&#8221; mais rapidamente.<\/p>\n\n\n\n<h4 class=\"wp-block-heading\">Seguran\u00e7a<\/h4>\n\n\n\n<p>&#8220;Os direitos das crian\u00e7as \u00e0 prote\u00e7\u00e3o, seguran\u00e7a e bem-estar devem ser sempre respeitados&#8221;, sobretudo em momentos como este, afirma a ONU.<br>Tanto Israel como os territ\u00f3rios palestinos superaram a pior fase da pandemia, que afetou a regi\u00e3o.<br>Desde que foi detectada na China, em dezembro passado, a pandemia j\u00e1 provocou mais de 280 mil mortos e infectou mais de quatro milh\u00f5es de pessoas em 195 pa\u00edses e territ\u00f3rios. Os Estados Unidos s\u00e3o o pa\u00eds com mais mortos (79.522).<br>Seguem-se o Reino Unido (31.855 mortos, mais de 219 mil casos), It\u00e1lia (30.560 mortos, mais de 219 mil casos), Espanha (26.621 mortos, mais de 224 mil casos) e Fran\u00e7a (26.380 mortos, mais de 176 mil casos).<\/p>\n\n\n\n<p><strong><em>Fonte: <a href=\"https:\/\/agenciabrasil.ebc.com.br\/internacional\/noticia\/2020-05\/onu-exige-libertacao-de-criancas-palestinas-detidas-por-israel\">Ag\u00eancia Brasil<\/a><\/em><\/strong><\/p>\n","protected":false},"excerpt":{"rendered":"<p>ONU diz que 194 menores palestinos podem contrair a covid-19 A Organiza\u00e7\u00e3o das Na\u00e7\u00f5es Unidas (ONU) denunciou hoje (11) &#8220;a deten\u00e7\u00e3o continuada de crian\u00e7as palestinas&#8221; por Israel e exigiu que os seus direitos sejam protegidos atrav\u00e9s da liberta\u00e7\u00e3o imediata para n\u00e3o serem contagiadas pela covid-19.&#8220;A melhor maneira de defender os direitos das crian\u00e7as detidas no [&hellip;]<\/p>\n","protected":false},"author":2,"featured_media":4282,"comment_status":"open","ping_status":"open","sticky":false,"template":"","format":"standard","meta":{"footnotes":""},"categories":[41],"tags":[273,670,162,648,2516,1540],"class_list":["post-4281","post","type-post","status-publish","format-standard","has-post-thumbnail","hentry","category-internacional","tag-covid-19","tag-criancas","tag-israel","tag-onu","tag-palestina","tag-pandemia-coronavirus"],"yoast_head":"<!-- This site is optimized with the Yoast SEO plugin v26.5 - https:\/\/yoast.com\/wordpress\/plugins\/seo\/ -->\n<title>ONU exige liberta\u00e7\u00e3o de crian\u00e7as palestinas detidas por Israel - Jornal Fatos e Not\u00edcias<\/title>\n<meta name=\"robots\" content=\"index, follow, max-snippet:-1, max-image-preview:large, max-video-preview:-1\" \/>\n<link rel=\"canonical\" href=\"https:\/\/jornalfatosenoticias.com.br\/index.php\/2020\/05\/11\/onu-exige-libertacao-de-criancas-palestinas-detidas-por-israel\/\" \/>\n<meta property=\"og:locale\" content=\"pt_BR\" \/>\n<meta property=\"og:type\" content=\"article\" \/>\n<meta property=\"og:title\" content=\"ONU exige liberta\u00e7\u00e3o de crian\u00e7as palestinas detidas por Israel - Jornal Fatos e Not\u00edcias\" \/>\n<meta property=\"og:description\" content=\"ONU diz que 194 menores palestinos podem contrair a covid-19 A Organiza\u00e7\u00e3o das Na\u00e7\u00f5es Unidas (ONU) denunciou hoje (11) &#8220;a deten\u00e7\u00e3o continuada de crian\u00e7as palestinas&#8221; por Israel e exigiu que os seus direitos sejam protegidos atrav\u00e9s da liberta\u00e7\u00e3o imediata para n\u00e3o serem contagiadas pela covid-19.&#8220;A melhor maneira de defender os direitos das crian\u00e7as detidas no [&hellip;]\" \/>\n<meta property=\"og:url\" content=\"https:\/\/jornalfatosenoticias.com.br\/index.php\/2020\/05\/11\/onu-exige-libertacao-de-criancas-palestinas-detidas-por-israel\/\" \/>\n<meta property=\"og:site_name\" content=\"Jornal Fatos e Not\u00edcias\" \/>\n<meta property=\"article:published_time\" content=\"2020-05-11T12:52:20+00:00\" \/>\n<meta property=\"article:modified_time\" content=\"2020-05-11T12:52:25+00:00\" \/>\n<meta property=\"og:image\" content=\"https:\/\/jornalfatosenoticias.com.br\/wp-content\/uploads\/2020\/05\/onu_israel-palestina.jpg\" \/>\n\t<meta property=\"og:image:width\" content=\"1000\" \/>\n\t<meta property=\"og:image:height\" content=\"598\" \/>\n\t<meta property=\"og:image:type\" content=\"image\/jpeg\" \/>\n<meta name=\"author\" content=\"Luzimara Fernandes\" \/>\n<meta name=\"twitter:card\" content=\"summary_large_image\" \/>\n<meta name=\"twitter:label1\" content=\"Escrito por\" \/>\n\t<meta name=\"twitter:data1\" content=\"Luzimara Fernandes\" \/>\n\t<meta name=\"twitter:label2\" content=\"Est. tempo de leitura\" \/>\n\t<meta name=\"twitter:data2\" content=\"2 minutos\" \/>\n<script type=\"application\/ld+json\" class=\"yoast-schema-graph\">{\"@context\":\"https:\/\/schema.org\",\"@graph\":[{\"@type\":\"Article\",\"@id\":\"https:\/\/jornalfatosenoticias.com.br\/index.php\/2020\/05\/11\/onu-exige-libertacao-de-criancas-palestinas-detidas-por-israel\/#article\",\"isPartOf\":{\"@id\":\"https:\/\/jornalfatosenoticias.com.br\/index.php\/2020\/05\/11\/onu-exige-libertacao-de-criancas-palestinas-detidas-por-israel\/\"},\"author\":{\"name\":\"Luzimara Fernandes\",\"@id\":\"https:\/\/jornalfatosenoticias.com.br\/#\/schema\/person\/d63837fa13ac8666eb9e74e0985d6f81\"},\"headline\":\"ONU exige liberta\u00e7\u00e3o de crian\u00e7as palestinas detidas por Israel\",\"datePublished\":\"2020-05-11T12:52:20+00:00\",\"dateModified\":\"2020-05-11T12:52:25+00:00\",\"mainEntityOfPage\":{\"@id\":\"https:\/\/jornalfatosenoticias.com.br\/index.php\/2020\/05\/11\/onu-exige-libertacao-de-criancas-palestinas-detidas-por-israel\/\"},\"wordCount\":422,\"commentCount\":0,\"publisher\":{\"@id\":\"https:\/\/jornalfatosenoticias.com.br\/#organization\"},\"image\":{\"@id\":\"https:\/\/jornalfatosenoticias.com.br\/index.php\/2020\/05\/11\/onu-exige-libertacao-de-criancas-palestinas-detidas-por-israel\/#primaryimage\"},\"thumbnailUrl\":\"https:\/\/jornalfatosenoticias.com.br\/wp-content\/uploads\/2020\/05\/onu_israel-palestina.jpg\",\"keywords\":[\"covid-19\",\"crian\u00e7as\",\"Israel\",\"ONU\",\"Palestina\",\"pandemia coronav\u00edrus\"],\"articleSection\":[\"Internacional\"],\"inLanguage\":\"pt-BR\",\"potentialAction\":[{\"@type\":\"CommentAction\",\"name\":\"Comment\",\"target\":[\"https:\/\/jornalfatosenoticias.com.br\/index.php\/2020\/05\/11\/onu-exige-libertacao-de-criancas-palestinas-detidas-por-israel\/#respond\"]}]},{\"@type\":\"WebPage\",\"@id\":\"https:\/\/jornalfatosenoticias.com.br\/index.php\/2020\/05\/11\/onu-exige-libertacao-de-criancas-palestinas-detidas-por-israel\/\",\"url\":\"https:\/\/jornalfatosenoticias.com.br\/index.php\/2020\/05\/11\/onu-exige-libertacao-de-criancas-palestinas-detidas-por-israel\/\",\"name\":\"ONU exige liberta\u00e7\u00e3o de crian\u00e7as palestinas detidas por Israel - Jornal Fatos e Not\u00edcias\",\"isPartOf\":{\"@id\":\"https:\/\/jornalfatosenoticias.com.br\/#website\"},\"primaryImageOfPage\":{\"@id\":\"https:\/\/jornalfatosenoticias.com.br\/index.php\/2020\/05\/11\/onu-exige-libertacao-de-criancas-palestinas-detidas-por-israel\/#primaryimage\"},\"image\":{\"@id\":\"https:\/\/jornalfatosenoticias.com.br\/index.php\/2020\/05\/11\/onu-exige-libertacao-de-criancas-palestinas-detidas-por-israel\/#primaryimage\"},\"thumbnailUrl\":\"https:\/\/jornalfatosenoticias.com.br\/wp-content\/uploads\/2020\/05\/onu_israel-palestina.jpg\",\"datePublished\":\"2020-05-11T12:52:20+00:00\",\"dateModified\":\"2020-05-11T12:52:25+00:00\",\"breadcrumb\":{\"@id\":\"https:\/\/jornalfatosenoticias.com.br\/index.php\/2020\/05\/11\/onu-exige-libertacao-de-criancas-palestinas-detidas-por-israel\/#breadcrumb\"},\"inLanguage\":\"pt-BR\",\"potentialAction\":[{\"@type\":\"ReadAction\",\"target\":[\"https:\/\/jornalfatosenoticias.com.br\/index.php\/2020\/05\/11\/onu-exige-libertacao-de-criancas-palestinas-detidas-por-israel\/\"]}]},{\"@type\":\"ImageObject\",\"inLanguage\":\"pt-BR\",\"@id\":\"https:\/\/jornalfatosenoticias.com.br\/index.php\/2020\/05\/11\/onu-exige-libertacao-de-criancas-palestinas-detidas-por-israel\/#primaryimage\",\"url\":\"https:\/\/jornalfatosenoticias.com.br\/wp-content\/uploads\/2020\/05\/onu_israel-palestina.jpg\",\"contentUrl\":\"https:\/\/jornalfatosenoticias.com.br\/wp-content\/uploads\/2020\/05\/onu_israel-palestina.jpg\",\"width\":1000,\"height\":598},{\"@type\":\"BreadcrumbList\",\"@id\":\"https:\/\/jornalfatosenoticias.com.br\/index.php\/2020\/05\/11\/onu-exige-libertacao-de-criancas-palestinas-detidas-por-israel\/#breadcrumb\",\"itemListElement\":[{\"@type\":\"ListItem\",\"position\":1,\"name\":\"In\u00edcio\",\"item\":\"https:\/\/jornalfatosenoticias.com.br\/\"},{\"@type\":\"ListItem\",\"position\":2,\"name\":\"ONU exige liberta\u00e7\u00e3o de crian\u00e7as palestinas detidas por Israel\"}]},{\"@type\":\"WebSite\",\"@id\":\"https:\/\/jornalfatosenoticias.com.br\/#website\",\"url\":\"https:\/\/jornalfatosenoticias.com.br\/\",\"name\":\"Jornal Fatos e Not\u00edcias\",\"description\":\"Not\u00edcias em geral\",\"publisher\":{\"@id\":\"https:\/\/jornalfatosenoticias.com.br\/#organization\"},\"potentialAction\":[{\"@type\":\"SearchAction\",\"target\":{\"@type\":\"EntryPoint\",\"urlTemplate\":\"https:\/\/jornalfatosenoticias.com.br\/?s={search_term_string}\"},\"query-input\":{\"@type\":\"PropertyValueSpecification\",\"valueRequired\":true,\"valueName\":\"search_term_string\"}}],\"inLanguage\":\"pt-BR\"},{\"@type\":\"Organization\",\"@id\":\"https:\/\/jornalfatosenoticias.com.br\/#organization\",\"name\":\"Jornal Fatos e Not\u00edcias\",\"url\":\"https:\/\/jornalfatosenoticias.com.br\/\",\"logo\":{\"@type\":\"ImageObject\",\"inLanguage\":\"pt-BR\",\"@id\":\"https:\/\/jornalfatosenoticias.com.br\/#\/schema\/logo\/image\/\",\"url\":\"https:\/\/jornalfatosenoticias.com.br\/wp-content\/uploads\/2020\/02\/logo120.png\",\"contentUrl\":\"https:\/\/jornalfatosenoticias.com.br\/wp-content\/uploads\/2020\/02\/logo120.png\",\"width\":1227,\"height\":120,\"caption\":\"Jornal Fatos e Not\u00edcias\"},\"image\":{\"@id\":\"https:\/\/jornalfatosenoticias.com.br\/#\/schema\/logo\/image\/\"}},{\"@type\":\"Person\",\"@id\":\"https:\/\/jornalfatosenoticias.com.br\/#\/schema\/person\/d63837fa13ac8666eb9e74e0985d6f81\",\"name\":\"Luzimara Fernandes\",\"image\":{\"@type\":\"ImageObject\",\"inLanguage\":\"pt-BR\",\"@id\":\"https:\/\/jornalfatosenoticias.com.br\/#\/schema\/person\/image\/\",\"url\":\"https:\/\/jornalfatosenoticias.com.br\/wp-content\/uploads\/2025\/05\/EU_portal.jpg\",\"contentUrl\":\"https:\/\/jornalfatosenoticias.com.br\/wp-content\/uploads\/2025\/05\/EU_portal.jpg\",\"caption\":\"Luzimara Fernandes\"},\"description\":\"Jornalista MTB 2358-ES\",\"sameAs\":[\"https:\/\/jornalfatosenoticias.com.br\"],\"url\":\"https:\/\/jornalfatosenoticias.com.br\/index.php\/author\/luzimara\/\"}]}<\/script>\n<!-- \/ Yoast SEO plugin. -->","yoast_head_json":{"title":"ONU exige liberta\u00e7\u00e3o de crian\u00e7as palestinas detidas por Israel - Jornal Fatos e Not\u00edcias","robots":{"index":"index","follow":"follow","max-snippet":"max-snippet:-1","max-image-preview":"max-image-preview:large","max-video-preview":"max-video-preview:-1"},"canonical":"https:\/\/jornalfatosenoticias.com.br\/index.php\/2020\/05\/11\/onu-exige-libertacao-de-criancas-palestinas-detidas-por-israel\/","og_locale":"pt_BR","og_type":"article","og_title":"ONU exige liberta\u00e7\u00e3o de crian\u00e7as palestinas detidas por Israel - Jornal Fatos e Not\u00edcias","og_description":"ONU diz que 194 menores palestinos podem contrair a covid-19 A Organiza\u00e7\u00e3o das Na\u00e7\u00f5es Unidas (ONU) denunciou hoje (11) &#8220;a deten\u00e7\u00e3o continuada de crian\u00e7as palestinas&#8221; por Israel e exigiu que os seus direitos sejam protegidos atrav\u00e9s da liberta\u00e7\u00e3o imediata para n\u00e3o serem contagiadas pela covid-19.&#8220;A melhor maneira de defender os direitos das crian\u00e7as detidas no [&hellip;]","og_url":"https:\/\/jornalfatosenoticias.com.br\/index.php\/2020\/05\/11\/onu-exige-libertacao-de-criancas-palestinas-detidas-por-israel\/","og_site_name":"Jornal Fatos e Not\u00edcias","article_published_time":"2020-05-11T12:52:20+00:00","article_modified_time":"2020-05-11T12:52:25+00:00","og_image":[{"width":1000,"height":598,"url":"https:\/\/jornalfatosenoticias.com.br\/wp-content\/uploads\/2020\/05\/onu_israel-palestina.jpg","type":"image\/jpeg"}],"author":"Luzimara Fernandes","twitter_card":"summary_large_image","twitter_misc":{"Escrito por":"Luzimara Fernandes","Est. tempo de leitura":"2 minutos"},"schema":{"@context":"https:\/\/schema.org","@graph":[{"@type":"Article","@id":"https:\/\/jornalfatosenoticias.com.br\/index.php\/2020\/05\/11\/onu-exige-libertacao-de-criancas-palestinas-detidas-por-israel\/#article","isPartOf":{"@id":"https:\/\/jornalfatosenoticias.com.br\/index.php\/2020\/05\/11\/onu-exige-libertacao-de-criancas-palestinas-detidas-por-israel\/"},"author":{"name":"Luzimara Fernandes","@id":"https:\/\/jornalfatosenoticias.com.br\/#\/schema\/person\/d63837fa13ac8666eb9e74e0985d6f81"},"headline":"ONU exige liberta\u00e7\u00e3o de crian\u00e7as palestinas detidas por Israel","datePublished":"2020-05-11T12:52:20+00:00","dateModified":"2020-05-11T12:52:25+00:00","mainEntityOfPage":{"@id":"https:\/\/jornalfatosenoticias.com.br\/index.php\/2020\/05\/11\/onu-exige-libertacao-de-criancas-palestinas-detidas-por-israel\/"},"wordCount":422,"commentCount":0,"publisher":{"@id":"https:\/\/jornalfatosenoticias.com.br\/#organization"},"image":{"@id":"https:\/\/jornalfatosenoticias.com.br\/index.php\/2020\/05\/11\/onu-exige-libertacao-de-criancas-palestinas-detidas-por-israel\/#primaryimage"},"thumbnailUrl":"https:\/\/jornalfatosenoticias.com.br\/wp-content\/uploads\/2020\/05\/onu_israel-palestina.jpg","keywords":["covid-19","crian\u00e7as","Israel","ONU","Palestina","pandemia coronav\u00edrus"],"articleSection":["Internacional"],"inLanguage":"pt-BR","potentialAction":[{"@type":"CommentAction","name":"Comment","target":["https:\/\/jornalfatosenoticias.com.br\/index.php\/2020\/05\/11\/onu-exige-libertacao-de-criancas-palestinas-detidas-por-israel\/#respond"]}]},{"@type":"WebPage","@id":"https:\/\/jornalfatosenoticias.com.br\/index.php\/2020\/05\/11\/onu-exige-libertacao-de-criancas-palestinas-detidas-por-israel\/","url":"https:\/\/jornalfatosenoticias.com.br\/index.php\/2020\/05\/11\/onu-exige-libertacao-de-criancas-palestinas-detidas-por-israel\/","name":"ONU exige liberta\u00e7\u00e3o de crian\u00e7as palestinas detidas por Israel - Jornal Fatos e Not\u00edcias","isPartOf":{"@id":"https:\/\/jornalfatosenoticias.com.br\/#website"},"primaryImageOfPage":{"@id":"https:\/\/jornalfatosenoticias.com.br\/index.php\/2020\/05\/11\/onu-exige-libertacao-de-criancas-palestinas-detidas-por-israel\/#primaryimage"},"image":{"@id":"https:\/\/jornalfatosenoticias.com.br\/index.php\/2020\/05\/11\/onu-exige-libertacao-de-criancas-palestinas-detidas-por-israel\/#primaryimage"},"thumbnailUrl":"https:\/\/jornalfatosenoticias.com.br\/wp-content\/uploads\/2020\/05\/onu_israel-palestina.jpg","datePublished":"2020-05-11T12:52:20+00:00","dateModified":"2020-05-11T12:52:25+00:00","breadcrumb":{"@id":"https:\/\/jornalfatosenoticias.com.br\/index.php\/2020\/05\/11\/onu-exige-libertacao-de-criancas-palestinas-detidas-por-israel\/#breadcrumb"},"inLanguage":"pt-BR","potentialAction":[{"@type":"ReadAction","target":["https:\/\/jornalfatosenoticias.com.br\/index.php\/2020\/05\/11\/onu-exige-libertacao-de-criancas-palestinas-detidas-por-israel\/"]}]},{"@type":"ImageObject","inLanguage":"pt-BR","@id":"https:\/\/jornalfatosenoticias.com.br\/index.php\/2020\/05\/11\/onu-exige-libertacao-de-criancas-palestinas-detidas-por-israel\/#primaryimage","url":"https:\/\/jornalfatosenoticias.com.br\/wp-content\/uploads\/2020\/05\/onu_israel-palestina.jpg","contentUrl":"https:\/\/jornalfatosenoticias.com.br\/wp-content\/uploads\/2020\/05\/onu_israel-palestina.jpg","width":1000,"height":598},{"@type":"BreadcrumbList","@id":"https:\/\/jornalfatosenoticias.com.br\/index.php\/2020\/05\/11\/onu-exige-libertacao-de-criancas-palestinas-detidas-por-israel\/#breadcrumb","itemListElement":[{"@type":"ListItem","position":1,"name":"In\u00edcio","item":"https:\/\/jornalfatosenoticias.com.br\/"},{"@type":"ListItem","position":2,"name":"ONU exige liberta\u00e7\u00e3o de crian\u00e7as palestinas detidas por Israel"}]},{"@type":"WebSite","@id":"https:\/\/jornalfatosenoticias.com.br\/#website","url":"https:\/\/jornalfatosenoticias.com.br\/","name":"Jornal Fatos e Not\u00edcias","description":"Not\u00edcias em geral","publisher":{"@id":"https:\/\/jornalfatosenoticias.com.br\/#organization"},"potentialAction":[{"@type":"SearchAction","target":{"@type":"EntryPoint","urlTemplate":"https:\/\/jornalfatosenoticias.com.br\/?s={search_term_string}"},"query-input":{"@type":"PropertyValueSpecification","valueRequired":true,"valueName":"search_term_string"}}],"inLanguage":"pt-BR"},{"@type":"Organization","@id":"https:\/\/jornalfatosenoticias.com.br\/#organization","name":"Jornal Fatos e Not\u00edcias","url":"https:\/\/jornalfatosenoticias.com.br\/","logo":{"@type":"ImageObject","inLanguage":"pt-BR","@id":"https:\/\/jornalfatosenoticias.com.br\/#\/schema\/logo\/image\/","url":"https:\/\/jornalfatosenoticias.com.br\/wp-content\/uploads\/2020\/02\/logo120.png","contentUrl":"https:\/\/jornalfatosenoticias.com.br\/wp-content\/uploads\/2020\/02\/logo120.png","width":1227,"height":120,"caption":"Jornal Fatos e Not\u00edcias"},"image":{"@id":"https:\/\/jornalfatosenoticias.com.br\/#\/schema\/logo\/image\/"}},{"@type":"Person","@id":"https:\/\/jornalfatosenoticias.com.br\/#\/schema\/person\/d63837fa13ac8666eb9e74e0985d6f81","name":"Luzimara Fernandes","image":{"@type":"ImageObject","inLanguage":"pt-BR","@id":"https:\/\/jornalfatosenoticias.com.br\/#\/schema\/person\/image\/","url":"https:\/\/jornalfatosenoticias.com.br\/wp-content\/uploads\/2025\/05\/EU_portal.jpg","contentUrl":"https:\/\/jornalfatosenoticias.com.br\/wp-content\/uploads\/2025\/05\/EU_portal.jpg","caption":"Luzimara Fernandes"},"description":"Jornalista MTB 2358-ES","sameAs":["https:\/\/jornalfatosenoticias.com.br"],"url":"https:\/\/jornalfatosenoticias.com.br\/index.php\/author\/luzimara\/"}]}},"cc_featured_image_caption":{"caption_text":"","source_text":"","source_url":""},"jetpack_featured_media_url":"https:\/\/jornalfatosenoticias.com.br\/wp-content\/uploads\/2020\/05\/onu_israel-palestina.jpg","_links":{"self":[{"href":"https:\/\/jornalfatosenoticias.com.br\/index.php\/wp-json\/wp\/v2\/posts\/4281","targetHints":{"allow":["GET"]}}],"collection":[{"href":"https:\/\/jornalfatosenoticias.com.br\/index.php\/wp-json\/wp\/v2\/posts"}],"about":[{"href":"https:\/\/jornalfatosenoticias.com.br\/index.php\/wp-json\/wp\/v2\/types\/post"}],"author":[{"embeddable":true,"href":"https:\/\/jornalfatosenoticias.com.br\/index.php\/wp-json\/wp\/v2\/users\/2"}],"replies":[{"embeddable":true,"href":"https:\/\/jornalfatosenoticias.com.br\/index.php\/wp-json\/wp\/v2\/comments?post=4281"}],"version-history":[{"count":0,"href":"https:\/\/jornalfatosenoticias.com.br\/index.php\/wp-json\/wp\/v2\/posts\/4281\/revisions"}],"wp:featuredmedia":[{"embeddable":true,"href":"https:\/\/jornalfatosenoticias.com.br\/index.php\/wp-json\/wp\/v2\/media\/4282"}],"wp:attachment":[{"href":"https:\/\/jornalfatosenoticias.com.br\/index.php\/wp-json\/wp\/v2\/media?parent=4281"}],"wp:term":[{"taxonomy":"category","embeddable":true,"href":"https:\/\/jornalfatosenoticias.com.br\/index.php\/wp-json\/wp\/v2\/categories?post=4281"},{"taxonomy":"post_tag","embeddable":true,"href":"https:\/\/jornalfatosenoticias.com.br\/index.php\/wp-json\/wp\/v2\/tags?post=4281"}],"curies":[{"name":"wp","href":"https:\/\/api.w.org\/{rel}","templated":true}]}}