{"id":42829,"date":"2023-06-28T09:55:44","date_gmt":"2023-06-28T12:55:44","guid":{"rendered":"https:\/\/jornalfatosenoticias.com.br\/?p=42829"},"modified":"2023-06-28T09:55:47","modified_gmt":"2023-06-28T12:55:47","slug":"usuarios-jovens-de-maconha-sao-mais-propensos-a-desenvolver-esquizofrenia","status":"publish","type":"post","link":"https:\/\/jornalfatosenoticias.com.br\/index.php\/2023\/06\/28\/usuarios-jovens-de-maconha-sao-mais-propensos-a-desenvolver-esquizofrenia\/","title":{"rendered":"Usu\u00e1rios jovens de maconha s\u00e3o mais propensos a desenvolver esquizofrenia"},"content":{"rendered":"\n<p><em><span class=\"has-inline-color has-black-color\">Associa\u00e7\u00e3o \u00e9 maior em homens jovens, indica nova pesquisa. Um ter\u00e7o dos casos poderiam ser evitados se n\u00e3o houvesse uso de maconha<\/span><\/em><\/p>\n\n\n\n<p><em><span class=\"has-inline-color has-black-color\">Por <strong>Diego Alejandro<\/strong><\/span><\/em><\/p>\n\n\n\n<div class=\"wp-block-image\"><figure class=\"aligncenter size-large\"><img loading=\"lazy\" decoding=\"async\" width=\"1024\" height=\"100\" src=\"https:\/\/jornalfatosenoticias.com.br\/wp-content\/uploads\/2020\/02\/banner_ferramentas-1024x100.jpg\" alt=\"\" class=\"wp-image-1258\" srcset=\"https:\/\/jornalfatosenoticias.com.br\/wp-content\/uploads\/2020\/02\/banner_ferramentas-1024x100.jpg 1024w, https:\/\/jornalfatosenoticias.com.br\/wp-content\/uploads\/2020\/02\/banner_ferramentas-300x29.jpg 300w, https:\/\/jornalfatosenoticias.com.br\/wp-content\/uploads\/2020\/02\/banner_ferramentas-768x75.jpg 768w, https:\/\/jornalfatosenoticias.com.br\/wp-content\/uploads\/2020\/02\/banner_ferramentas.jpg 1227w\" sizes=\"auto, (max-width: 1024px) 100vw, 1024px\" \/><\/figure><\/div>\n\n\n\n<p>De acordo com um estudo feito por pesquisadores do National Institutes of Health (NIH) da Dinamarca e publicado na revista <a href=\"https:\/\/www.cambridge.org\/core\/journals\/psychological-medicine\/article\/association-between-cannabis-use-disorder-and-schizophrenia-stronger-in-young-males-than-in-females\/E1F8F0E09C6541CB8529A326C3641A68\">Psychological Medicine<\/a>, usu\u00e1rios frequentes de maconha s\u00e3o mais propensos a desenvolver esquizofrenia, principalmente em homens jovens. O trabalho analisou registros de sa\u00fade de mais de seis milh\u00f5es de pessoas na Dinamarca nos \u00faltimos 50 anos. Estima-se que 30% dos casos de esquizofrenia entre homens de 21 a 30 anos poderiam ter sido evitados se o uso pesado de maconha fosse refreado, conclu\u00edram. Em 2021, a utiliza\u00e7\u00e3o frequente da maconha tamb\u00e9m desempenhou um papel central nos casos de desenvolvimento da condi\u00e7\u00e3o, sendo 15% dos casos em homens, de 16 a 49 anos, e 4% das mulheres, na mesma faixa et\u00e1ria.<\/p>\n\n\n\n<div class=\"wp-block-image\"><figure class=\"aligncenter size-large is-resized\"><img loading=\"lazy\" decoding=\"async\" src=\"https:\/\/jornalfatosenoticias.com.br\/wp-content\/uploads\/2022\/10\/RC_800x750_page-0001.jpg\" alt=\"\" class=\"wp-image-35338\" width=\"284\" height=\"267\" srcset=\"https:\/\/jornalfatosenoticias.com.br\/wp-content\/uploads\/2022\/10\/RC_800x750_page-0001.jpg 400w, https:\/\/jornalfatosenoticias.com.br\/wp-content\/uploads\/2022\/10\/RC_800x750_page-0001-300x281.jpg 300w\" sizes=\"auto, (max-width: 284px) 100vw, 284px\" \/><\/figure><\/div>\n\n\n\n<blockquote class=\"wp-block-quote is-layout-flow wp-block-quote-is-layout-flow\"><p><span class=\"has-inline-color has-luminous-vivid-orange-color\">\u00c0 medida que o acesso a produtos potentes de cannabis continua a se expandir, \u00e9 crucial que tamb\u00e9m aumentemos a preven\u00e7\u00e3o, a triagem e o tratamento direcionado \u00e0s pessoas que possam sofrer de doen\u00e7as mentais associadas ao uso da maconha\u201d, disse a diretora do NIDA e coautora do estudo, Nora Volkow. \u201cAs descobertas deste estudo s\u00e3o um passo nessa dire\u00e7\u00e3o e podem ajudar a informar as decis\u00f5es que os profissionais de sa\u00fade podem tomar ao cuidar dos pacientes ou os pr\u00f3prios indiv\u00edduos sobre seu uso individual da cannabis\u201d.<\/span><\/p><\/blockquote>\n\n\n\n<div class=\"wp-block-image\"><figure class=\"aligncenter size-large is-resized\"><img loading=\"lazy\" decoding=\"async\" src=\"https:\/\/jornalfatosenoticias.com.br\/wp-content\/uploads\/2023\/04\/Logo_MasterMind.jpg\" alt=\"\" class=\"wp-image-40974\" width=\"266\" height=\"194\"\/><\/figure><\/div>\n\n\n\n<p>Os Centros de Controle e Preven\u00e7\u00e3o de Doen\u00e7as (CDC) dos Estados Unidos definem o transtorno do uso de cannabis como a incapacidade de parar de usar maconha, apesar dos efeitos negativos na sa\u00fade e na vida social do usu\u00e1rio. Estudos referenciados pelo \u00f3rg\u00e3o estimam que cerca de 30% das pessoas que usam maconha desenvolvem transtornos e usu\u00e1rios frequentes t\u00eam 10% de chance de se tornarem viciados.<\/p>\n\n\n\n<div class=\"wp-block-image\"><figure class=\"aligncenter size-large is-resized\"><img loading=\"lazy\" decoding=\"async\" src=\"https:\/\/jornalfatosenoticias.com.br\/wp-content\/uploads\/2020\/02\/casa-do-torresmo_portal.jpg\" alt=\"\" class=\"wp-image-34472\" width=\"242\" height=\"242\" srcset=\"https:\/\/jornalfatosenoticias.com.br\/wp-content\/uploads\/2020\/02\/casa-do-torresmo_portal.jpg 300w, https:\/\/jornalfatosenoticias.com.br\/wp-content\/uploads\/2020\/02\/casa-do-torresmo_portal-150x150.jpg 150w\" sizes=\"auto, (max-width: 242px) 100vw, 242px\" \/><\/figure><\/div>\n\n\n\n<p>Em outra investiga\u00e7\u00e3o publicada na revista cient\u00edfica <em>Clinical Toxicology,<\/em> um grupo de pesquisadores descobriu que o uso excessivo de cannabis aumentou drasticamente entre adolescentes nos Estados Unidos, desde os anos 2000: cerca de 245%. Esse levantamento aponta mais de 338 mil casos de uso indevido da subst\u00e2ncia entre americanos de seis a 18 anos, por meio, principalmente, de produtos comest\u00edveis.<\/p>\n\n\n\n<div class=\"wp-block-image\"><figure class=\"aligncenter size-large is-resized\"><img loading=\"lazy\" decoding=\"async\" src=\"https:\/\/jornalfatosenoticias.com.br\/wp-content\/uploads\/2023\/03\/nova-logo-Marquetti.jpg\" alt=\"\" class=\"wp-image-40207\" width=\"275\" height=\"185\" srcset=\"https:\/\/jornalfatosenoticias.com.br\/wp-content\/uploads\/2023\/03\/nova-logo-Marquetti.jpg 643w, https:\/\/jornalfatosenoticias.com.br\/wp-content\/uploads\/2023\/03\/nova-logo-Marquetti-300x202.jpg 300w\" sizes=\"auto, (max-width: 275px) 100vw, 275px\" \/><\/figure><\/div>\n\n\n\n<p>A libera\u00e7\u00e3o da maconha para uso recreativo no Canad\u00e1 tornou o pa\u00eds o segundo no mundo a legalizar o uso da erva \u2014 o primeiro foi o Uruguai, em 2014 \u2014 e ampliou a lista para pelo menos 31 pa\u00edses que adotam uma postura mais liberal sobre o tema. Em outros, a maconha segue proibida, mas descriminalizada para o uso pessoal.<\/p>\n\n\n\n<div class=\"wp-block-image\"><figure class=\"aligncenter size-large is-resized\"><img loading=\"lazy\" decoding=\"async\" src=\"https:\/\/jornalfatosenoticias.com.br\/wp-content\/uploads\/2020\/02\/logo-embacia.jpg\" alt=\"\" class=\"wp-image-33905\" width=\"266\" height=\"266\"\/><\/figure><\/div>\n\n\n\n<blockquote class=\"wp-block-quote is-layout-flow wp-block-quote-is-layout-flow\"><p><span class=\"has-inline-color has-luminous-vivid-orange-color\">O aumento na legaliza\u00e7\u00e3o da cannabis, nas \u00faltimas d\u00e9cadas, a tornou uma das subst\u00e2ncias psicoativas mais usadas no mundo, al\u00e9m de diminuir a percep\u00e7\u00e3o do p\u00fablico sobre seus danos. Este estudo contribui para nossa crescente compreens\u00e3o de que o uso de cannabis n\u00e3o \u00e9 inofensivo e que os riscos n\u00e3o s\u00e3o fixados em um ponto no tempo\u201d, disse Carsten Hjorth\u00f8j, principal autor do estudo e professor da Universidade de Copenhague.<\/span><\/p><\/blockquote>\n\n\n\n<p><strong><em>Fonte: <a href=\"https:\/\/veja.abril.com.br\/saude\/viciados-em-maconha-sao-mais-propensos-a-desenvolver-esquizofrenia\/?utm_source=terra.com.br&amp;utm_medium=referral&amp;utm_campaing=home_parceiros\">Veja<\/a><\/em><\/strong><\/p>\n","protected":false},"excerpt":{"rendered":"<p>Associa\u00e7\u00e3o \u00e9 maior em homens jovens, indica nova pesquisa. Um ter\u00e7o dos casos poderiam ser evitados se n\u00e3o houvesse uso de maconha Por Diego Alejandro De acordo com um estudo feito por pesquisadores do National Institutes of Health (NIH) da Dinamarca e publicado na revista Psychological Medicine, usu\u00e1rios frequentes de maconha s\u00e3o mais propensos a [&hellip;]<\/p>\n","protected":false},"author":2,"featured_media":42830,"comment_status":"open","ping_status":"open","sticky":false,"template":"","format":"standard","meta":{"footnotes":""},"categories":[11],"tags":[4114,364,8057,688,20157],"class_list":["post-42829","post","type-post","status-publish","format-standard","has-post-thumbnail","hentry","category-saude","tag-esquizofrenia","tag-maconha","tag-pesquisa-cientifica","tag-saude-mental","tag-usuarios-jovens-de-maconha"],"yoast_head":"<!-- This site is optimized with the Yoast SEO plugin v26.5 - https:\/\/yoast.com\/wordpress\/plugins\/seo\/ -->\n<title>Usu\u00e1rios jovens de maconha s\u00e3o mais propensos a desenvolver esquizofrenia - Jornal Fatos e Not\u00edcias<\/title>\n<meta name=\"robots\" content=\"index, follow, max-snippet:-1, max-image-preview:large, max-video-preview:-1\" \/>\n<link rel=\"canonical\" href=\"https:\/\/jornalfatosenoticias.com.br\/index.php\/2023\/06\/28\/usuarios-jovens-de-maconha-sao-mais-propensos-a-desenvolver-esquizofrenia\/\" \/>\n<meta property=\"og:locale\" content=\"pt_BR\" \/>\n<meta property=\"og:type\" content=\"article\" \/>\n<meta property=\"og:title\" content=\"Usu\u00e1rios jovens de maconha s\u00e3o mais propensos a desenvolver esquizofrenia - Jornal Fatos e Not\u00edcias\" \/>\n<meta property=\"og:description\" content=\"Associa\u00e7\u00e3o \u00e9 maior em homens jovens, indica nova pesquisa. Um ter\u00e7o dos casos poderiam ser evitados se n\u00e3o houvesse uso de maconha Por Diego Alejandro De acordo com um estudo feito por pesquisadores do National Institutes of Health (NIH) da Dinamarca e publicado na revista Psychological Medicine, usu\u00e1rios frequentes de maconha s\u00e3o mais propensos a [&hellip;]\" \/>\n<meta property=\"og:url\" content=\"https:\/\/jornalfatosenoticias.com.br\/index.php\/2023\/06\/28\/usuarios-jovens-de-maconha-sao-mais-propensos-a-desenvolver-esquizofrenia\/\" \/>\n<meta property=\"og:site_name\" content=\"Jornal Fatos e Not\u00edcias\" \/>\n<meta property=\"article:published_time\" content=\"2023-06-28T12:55:44+00:00\" \/>\n<meta property=\"article:modified_time\" content=\"2023-06-28T12:55:47+00:00\" \/>\n<meta property=\"og:image\" content=\"https:\/\/jornalfatosenoticias.com.br\/wp-content\/uploads\/2023\/06\/Usuarios-jovens-de-maconha-e-esquizofrenia.png\" \/>\n\t<meta property=\"og:image:width\" content=\"1000\" \/>\n\t<meta property=\"og:image:height\" content=\"525\" \/>\n\t<meta property=\"og:image:type\" content=\"image\/png\" \/>\n<meta name=\"author\" content=\"Luzimara Fernandes\" \/>\n<meta name=\"twitter:card\" content=\"summary_large_image\" \/>\n<meta name=\"twitter:label1\" content=\"Escrito por\" \/>\n\t<meta name=\"twitter:data1\" content=\"Luzimara Fernandes\" \/>\n\t<meta name=\"twitter:label2\" content=\"Est. tempo de leitura\" \/>\n\t<meta name=\"twitter:data2\" content=\"3 minutos\" \/>\n<script type=\"application\/ld+json\" class=\"yoast-schema-graph\">{\"@context\":\"https:\/\/schema.org\",\"@graph\":[{\"@type\":\"Article\",\"@id\":\"https:\/\/jornalfatosenoticias.com.br\/index.php\/2023\/06\/28\/usuarios-jovens-de-maconha-sao-mais-propensos-a-desenvolver-esquizofrenia\/#article\",\"isPartOf\":{\"@id\":\"https:\/\/jornalfatosenoticias.com.br\/index.php\/2023\/06\/28\/usuarios-jovens-de-maconha-sao-mais-propensos-a-desenvolver-esquizofrenia\/\"},\"author\":{\"name\":\"Luzimara Fernandes\",\"@id\":\"https:\/\/jornalfatosenoticias.com.br\/#\/schema\/person\/d63837fa13ac8666eb9e74e0985d6f81\"},\"headline\":\"Usu\u00e1rios jovens de maconha s\u00e3o mais propensos a desenvolver esquizofrenia\",\"datePublished\":\"2023-06-28T12:55:44+00:00\",\"dateModified\":\"2023-06-28T12:55:47+00:00\",\"mainEntityOfPage\":{\"@id\":\"https:\/\/jornalfatosenoticias.com.br\/index.php\/2023\/06\/28\/usuarios-jovens-de-maconha-sao-mais-propensos-a-desenvolver-esquizofrenia\/\"},\"wordCount\":526,\"commentCount\":0,\"publisher\":{\"@id\":\"https:\/\/jornalfatosenoticias.com.br\/#organization\"},\"image\":{\"@id\":\"https:\/\/jornalfatosenoticias.com.br\/index.php\/2023\/06\/28\/usuarios-jovens-de-maconha-sao-mais-propensos-a-desenvolver-esquizofrenia\/#primaryimage\"},\"thumbnailUrl\":\"https:\/\/jornalfatosenoticias.com.br\/wp-content\/uploads\/2023\/06\/Usuarios-jovens-de-maconha-e-esquizofrenia.png\",\"keywords\":[\"esquizofrenia\",\"maconha\",\"pesquisa cient\u00edfica\",\"sa\u00fade mental\",\"usu\u00e1rios jovens de maconha\"],\"articleSection\":[\"Sa\u00fade\"],\"inLanguage\":\"pt-BR\",\"potentialAction\":[{\"@type\":\"CommentAction\",\"name\":\"Comment\",\"target\":[\"https:\/\/jornalfatosenoticias.com.br\/index.php\/2023\/06\/28\/usuarios-jovens-de-maconha-sao-mais-propensos-a-desenvolver-esquizofrenia\/#respond\"]}]},{\"@type\":\"WebPage\",\"@id\":\"https:\/\/jornalfatosenoticias.com.br\/index.php\/2023\/06\/28\/usuarios-jovens-de-maconha-sao-mais-propensos-a-desenvolver-esquizofrenia\/\",\"url\":\"https:\/\/jornalfatosenoticias.com.br\/index.php\/2023\/06\/28\/usuarios-jovens-de-maconha-sao-mais-propensos-a-desenvolver-esquizofrenia\/\",\"name\":\"Usu\u00e1rios jovens de maconha s\u00e3o mais propensos a desenvolver esquizofrenia - Jornal Fatos e Not\u00edcias\",\"isPartOf\":{\"@id\":\"https:\/\/jornalfatosenoticias.com.br\/#website\"},\"primaryImageOfPage\":{\"@id\":\"https:\/\/jornalfatosenoticias.com.br\/index.php\/2023\/06\/28\/usuarios-jovens-de-maconha-sao-mais-propensos-a-desenvolver-esquizofrenia\/#primaryimage\"},\"image\":{\"@id\":\"https:\/\/jornalfatosenoticias.com.br\/index.php\/2023\/06\/28\/usuarios-jovens-de-maconha-sao-mais-propensos-a-desenvolver-esquizofrenia\/#primaryimage\"},\"thumbnailUrl\":\"https:\/\/jornalfatosenoticias.com.br\/wp-content\/uploads\/2023\/06\/Usuarios-jovens-de-maconha-e-esquizofrenia.png\",\"datePublished\":\"2023-06-28T12:55:44+00:00\",\"dateModified\":\"2023-06-28T12:55:47+00:00\",\"breadcrumb\":{\"@id\":\"https:\/\/jornalfatosenoticias.com.br\/index.php\/2023\/06\/28\/usuarios-jovens-de-maconha-sao-mais-propensos-a-desenvolver-esquizofrenia\/#breadcrumb\"},\"inLanguage\":\"pt-BR\",\"potentialAction\":[{\"@type\":\"ReadAction\",\"target\":[\"https:\/\/jornalfatosenoticias.com.br\/index.php\/2023\/06\/28\/usuarios-jovens-de-maconha-sao-mais-propensos-a-desenvolver-esquizofrenia\/\"]}]},{\"@type\":\"ImageObject\",\"inLanguage\":\"pt-BR\",\"@id\":\"https:\/\/jornalfatosenoticias.com.br\/index.php\/2023\/06\/28\/usuarios-jovens-de-maconha-sao-mais-propensos-a-desenvolver-esquizofrenia\/#primaryimage\",\"url\":\"https:\/\/jornalfatosenoticias.com.br\/wp-content\/uploads\/2023\/06\/Usuarios-jovens-de-maconha-e-esquizofrenia.png\",\"contentUrl\":\"https:\/\/jornalfatosenoticias.com.br\/wp-content\/uploads\/2023\/06\/Usuarios-jovens-de-maconha-e-esquizofrenia.png\",\"width\":1000,\"height\":525},{\"@type\":\"BreadcrumbList\",\"@id\":\"https:\/\/jornalfatosenoticias.com.br\/index.php\/2023\/06\/28\/usuarios-jovens-de-maconha-sao-mais-propensos-a-desenvolver-esquizofrenia\/#breadcrumb\",\"itemListElement\":[{\"@type\":\"ListItem\",\"position\":1,\"name\":\"In\u00edcio\",\"item\":\"https:\/\/jornalfatosenoticias.com.br\/\"},{\"@type\":\"ListItem\",\"position\":2,\"name\":\"Usu\u00e1rios jovens de maconha s\u00e3o mais propensos a desenvolver esquizofrenia\"}]},{\"@type\":\"WebSite\",\"@id\":\"https:\/\/jornalfatosenoticias.com.br\/#website\",\"url\":\"https:\/\/jornalfatosenoticias.com.br\/\",\"name\":\"Jornal Fatos e Not\u00edcias\",\"description\":\"Not\u00edcias em geral\",\"publisher\":{\"@id\":\"https:\/\/jornalfatosenoticias.com.br\/#organization\"},\"potentialAction\":[{\"@type\":\"SearchAction\",\"target\":{\"@type\":\"EntryPoint\",\"urlTemplate\":\"https:\/\/jornalfatosenoticias.com.br\/?s={search_term_string}\"},\"query-input\":{\"@type\":\"PropertyValueSpecification\",\"valueRequired\":true,\"valueName\":\"search_term_string\"}}],\"inLanguage\":\"pt-BR\"},{\"@type\":\"Organization\",\"@id\":\"https:\/\/jornalfatosenoticias.com.br\/#organization\",\"name\":\"Jornal Fatos e Not\u00edcias\",\"url\":\"https:\/\/jornalfatosenoticias.com.br\/\",\"logo\":{\"@type\":\"ImageObject\",\"inLanguage\":\"pt-BR\",\"@id\":\"https:\/\/jornalfatosenoticias.com.br\/#\/schema\/logo\/image\/\",\"url\":\"https:\/\/jornalfatosenoticias.com.br\/wp-content\/uploads\/2020\/02\/logo120.png\",\"contentUrl\":\"https:\/\/jornalfatosenoticias.com.br\/wp-content\/uploads\/2020\/02\/logo120.png\",\"width\":1227,\"height\":120,\"caption\":\"Jornal Fatos e Not\u00edcias\"},\"image\":{\"@id\":\"https:\/\/jornalfatosenoticias.com.br\/#\/schema\/logo\/image\/\"}},{\"@type\":\"Person\",\"@id\":\"https:\/\/jornalfatosenoticias.com.br\/#\/schema\/person\/d63837fa13ac8666eb9e74e0985d6f81\",\"name\":\"Luzimara Fernandes\",\"image\":{\"@type\":\"ImageObject\",\"inLanguage\":\"pt-BR\",\"@id\":\"https:\/\/jornalfatosenoticias.com.br\/#\/schema\/person\/image\/\",\"url\":\"https:\/\/jornalfatosenoticias.com.br\/wp-content\/uploads\/2025\/05\/EU_portal.jpg\",\"contentUrl\":\"https:\/\/jornalfatosenoticias.com.br\/wp-content\/uploads\/2025\/05\/EU_portal.jpg\",\"caption\":\"Luzimara Fernandes\"},\"description\":\"Jornalista MTB 2358-ES\",\"sameAs\":[\"https:\/\/jornalfatosenoticias.com.br\"],\"url\":\"https:\/\/jornalfatosenoticias.com.br\/index.php\/author\/luzimara\/\"}]}<\/script>\n<!-- \/ Yoast SEO plugin. -->","yoast_head_json":{"title":"Usu\u00e1rios jovens de maconha s\u00e3o mais propensos a desenvolver esquizofrenia - Jornal Fatos e Not\u00edcias","robots":{"index":"index","follow":"follow","max-snippet":"max-snippet:-1","max-image-preview":"max-image-preview:large","max-video-preview":"max-video-preview:-1"},"canonical":"https:\/\/jornalfatosenoticias.com.br\/index.php\/2023\/06\/28\/usuarios-jovens-de-maconha-sao-mais-propensos-a-desenvolver-esquizofrenia\/","og_locale":"pt_BR","og_type":"article","og_title":"Usu\u00e1rios jovens de maconha s\u00e3o mais propensos a desenvolver esquizofrenia - Jornal Fatos e Not\u00edcias","og_description":"Associa\u00e7\u00e3o \u00e9 maior em homens jovens, indica nova pesquisa. Um ter\u00e7o dos casos poderiam ser evitados se n\u00e3o houvesse uso de maconha Por Diego Alejandro De acordo com um estudo feito por pesquisadores do National Institutes of Health (NIH) da Dinamarca e publicado na revista Psychological Medicine, usu\u00e1rios frequentes de maconha s\u00e3o mais propensos a [&hellip;]","og_url":"https:\/\/jornalfatosenoticias.com.br\/index.php\/2023\/06\/28\/usuarios-jovens-de-maconha-sao-mais-propensos-a-desenvolver-esquizofrenia\/","og_site_name":"Jornal Fatos e Not\u00edcias","article_published_time":"2023-06-28T12:55:44+00:00","article_modified_time":"2023-06-28T12:55:47+00:00","og_image":[{"width":1000,"height":525,"url":"https:\/\/jornalfatosenoticias.com.br\/wp-content\/uploads\/2023\/06\/Usuarios-jovens-de-maconha-e-esquizofrenia.png","type":"image\/png"}],"author":"Luzimara Fernandes","twitter_card":"summary_large_image","twitter_misc":{"Escrito por":"Luzimara Fernandes","Est. tempo de leitura":"3 minutos"},"schema":{"@context":"https:\/\/schema.org","@graph":[{"@type":"Article","@id":"https:\/\/jornalfatosenoticias.com.br\/index.php\/2023\/06\/28\/usuarios-jovens-de-maconha-sao-mais-propensos-a-desenvolver-esquizofrenia\/#article","isPartOf":{"@id":"https:\/\/jornalfatosenoticias.com.br\/index.php\/2023\/06\/28\/usuarios-jovens-de-maconha-sao-mais-propensos-a-desenvolver-esquizofrenia\/"},"author":{"name":"Luzimara Fernandes","@id":"https:\/\/jornalfatosenoticias.com.br\/#\/schema\/person\/d63837fa13ac8666eb9e74e0985d6f81"},"headline":"Usu\u00e1rios jovens de maconha s\u00e3o mais propensos a desenvolver esquizofrenia","datePublished":"2023-06-28T12:55:44+00:00","dateModified":"2023-06-28T12:55:47+00:00","mainEntityOfPage":{"@id":"https:\/\/jornalfatosenoticias.com.br\/index.php\/2023\/06\/28\/usuarios-jovens-de-maconha-sao-mais-propensos-a-desenvolver-esquizofrenia\/"},"wordCount":526,"commentCount":0,"publisher":{"@id":"https:\/\/jornalfatosenoticias.com.br\/#organization"},"image":{"@id":"https:\/\/jornalfatosenoticias.com.br\/index.php\/2023\/06\/28\/usuarios-jovens-de-maconha-sao-mais-propensos-a-desenvolver-esquizofrenia\/#primaryimage"},"thumbnailUrl":"https:\/\/jornalfatosenoticias.com.br\/wp-content\/uploads\/2023\/06\/Usuarios-jovens-de-maconha-e-esquizofrenia.png","keywords":["esquizofrenia","maconha","pesquisa cient\u00edfica","sa\u00fade mental","usu\u00e1rios jovens de maconha"],"articleSection":["Sa\u00fade"],"inLanguage":"pt-BR","potentialAction":[{"@type":"CommentAction","name":"Comment","target":["https:\/\/jornalfatosenoticias.com.br\/index.php\/2023\/06\/28\/usuarios-jovens-de-maconha-sao-mais-propensos-a-desenvolver-esquizofrenia\/#respond"]}]},{"@type":"WebPage","@id":"https:\/\/jornalfatosenoticias.com.br\/index.php\/2023\/06\/28\/usuarios-jovens-de-maconha-sao-mais-propensos-a-desenvolver-esquizofrenia\/","url":"https:\/\/jornalfatosenoticias.com.br\/index.php\/2023\/06\/28\/usuarios-jovens-de-maconha-sao-mais-propensos-a-desenvolver-esquizofrenia\/","name":"Usu\u00e1rios jovens de maconha s\u00e3o mais propensos a desenvolver esquizofrenia - Jornal Fatos e Not\u00edcias","isPartOf":{"@id":"https:\/\/jornalfatosenoticias.com.br\/#website"},"primaryImageOfPage":{"@id":"https:\/\/jornalfatosenoticias.com.br\/index.php\/2023\/06\/28\/usuarios-jovens-de-maconha-sao-mais-propensos-a-desenvolver-esquizofrenia\/#primaryimage"},"image":{"@id":"https:\/\/jornalfatosenoticias.com.br\/index.php\/2023\/06\/28\/usuarios-jovens-de-maconha-sao-mais-propensos-a-desenvolver-esquizofrenia\/#primaryimage"},"thumbnailUrl":"https:\/\/jornalfatosenoticias.com.br\/wp-content\/uploads\/2023\/06\/Usuarios-jovens-de-maconha-e-esquizofrenia.png","datePublished":"2023-06-28T12:55:44+00:00","dateModified":"2023-06-28T12:55:47+00:00","breadcrumb":{"@id":"https:\/\/jornalfatosenoticias.com.br\/index.php\/2023\/06\/28\/usuarios-jovens-de-maconha-sao-mais-propensos-a-desenvolver-esquizofrenia\/#breadcrumb"},"inLanguage":"pt-BR","potentialAction":[{"@type":"ReadAction","target":["https:\/\/jornalfatosenoticias.com.br\/index.php\/2023\/06\/28\/usuarios-jovens-de-maconha-sao-mais-propensos-a-desenvolver-esquizofrenia\/"]}]},{"@type":"ImageObject","inLanguage":"pt-BR","@id":"https:\/\/jornalfatosenoticias.com.br\/index.php\/2023\/06\/28\/usuarios-jovens-de-maconha-sao-mais-propensos-a-desenvolver-esquizofrenia\/#primaryimage","url":"https:\/\/jornalfatosenoticias.com.br\/wp-content\/uploads\/2023\/06\/Usuarios-jovens-de-maconha-e-esquizofrenia.png","contentUrl":"https:\/\/jornalfatosenoticias.com.br\/wp-content\/uploads\/2023\/06\/Usuarios-jovens-de-maconha-e-esquizofrenia.png","width":1000,"height":525},{"@type":"BreadcrumbList","@id":"https:\/\/jornalfatosenoticias.com.br\/index.php\/2023\/06\/28\/usuarios-jovens-de-maconha-sao-mais-propensos-a-desenvolver-esquizofrenia\/#breadcrumb","itemListElement":[{"@type":"ListItem","position":1,"name":"In\u00edcio","item":"https:\/\/jornalfatosenoticias.com.br\/"},{"@type":"ListItem","position":2,"name":"Usu\u00e1rios jovens de maconha s\u00e3o mais propensos a desenvolver esquizofrenia"}]},{"@type":"WebSite","@id":"https:\/\/jornalfatosenoticias.com.br\/#website","url":"https:\/\/jornalfatosenoticias.com.br\/","name":"Jornal Fatos e Not\u00edcias","description":"Not\u00edcias em geral","publisher":{"@id":"https:\/\/jornalfatosenoticias.com.br\/#organization"},"potentialAction":[{"@type":"SearchAction","target":{"@type":"EntryPoint","urlTemplate":"https:\/\/jornalfatosenoticias.com.br\/?s={search_term_string}"},"query-input":{"@type":"PropertyValueSpecification","valueRequired":true,"valueName":"search_term_string"}}],"inLanguage":"pt-BR"},{"@type":"Organization","@id":"https:\/\/jornalfatosenoticias.com.br\/#organization","name":"Jornal Fatos e Not\u00edcias","url":"https:\/\/jornalfatosenoticias.com.br\/","logo":{"@type":"ImageObject","inLanguage":"pt-BR","@id":"https:\/\/jornalfatosenoticias.com.br\/#\/schema\/logo\/image\/","url":"https:\/\/jornalfatosenoticias.com.br\/wp-content\/uploads\/2020\/02\/logo120.png","contentUrl":"https:\/\/jornalfatosenoticias.com.br\/wp-content\/uploads\/2020\/02\/logo120.png","width":1227,"height":120,"caption":"Jornal Fatos e Not\u00edcias"},"image":{"@id":"https:\/\/jornalfatosenoticias.com.br\/#\/schema\/logo\/image\/"}},{"@type":"Person","@id":"https:\/\/jornalfatosenoticias.com.br\/#\/schema\/person\/d63837fa13ac8666eb9e74e0985d6f81","name":"Luzimara Fernandes","image":{"@type":"ImageObject","inLanguage":"pt-BR","@id":"https:\/\/jornalfatosenoticias.com.br\/#\/schema\/person\/image\/","url":"https:\/\/jornalfatosenoticias.com.br\/wp-content\/uploads\/2025\/05\/EU_portal.jpg","contentUrl":"https:\/\/jornalfatosenoticias.com.br\/wp-content\/uploads\/2025\/05\/EU_portal.jpg","caption":"Luzimara Fernandes"},"description":"Jornalista MTB 2358-ES","sameAs":["https:\/\/jornalfatosenoticias.com.br"],"url":"https:\/\/jornalfatosenoticias.com.br\/index.php\/author\/luzimara\/"}]}},"cc_featured_image_caption":{"caption_text":"(Foto: iStock) ","source_text":"","source_url":""},"jetpack_featured_media_url":"https:\/\/jornalfatosenoticias.com.br\/wp-content\/uploads\/2023\/06\/Usuarios-jovens-de-maconha-e-esquizofrenia.png","_links":{"self":[{"href":"https:\/\/jornalfatosenoticias.com.br\/index.php\/wp-json\/wp\/v2\/posts\/42829","targetHints":{"allow":["GET"]}}],"collection":[{"href":"https:\/\/jornalfatosenoticias.com.br\/index.php\/wp-json\/wp\/v2\/posts"}],"about":[{"href":"https:\/\/jornalfatosenoticias.com.br\/index.php\/wp-json\/wp\/v2\/types\/post"}],"author":[{"embeddable":true,"href":"https:\/\/jornalfatosenoticias.com.br\/index.php\/wp-json\/wp\/v2\/users\/2"}],"replies":[{"embeddable":true,"href":"https:\/\/jornalfatosenoticias.com.br\/index.php\/wp-json\/wp\/v2\/comments?post=42829"}],"version-history":[{"count":0,"href":"https:\/\/jornalfatosenoticias.com.br\/index.php\/wp-json\/wp\/v2\/posts\/42829\/revisions"}],"wp:featuredmedia":[{"embeddable":true,"href":"https:\/\/jornalfatosenoticias.com.br\/index.php\/wp-json\/wp\/v2\/media\/42830"}],"wp:attachment":[{"href":"https:\/\/jornalfatosenoticias.com.br\/index.php\/wp-json\/wp\/v2\/media?parent=42829"}],"wp:term":[{"taxonomy":"category","embeddable":true,"href":"https:\/\/jornalfatosenoticias.com.br\/index.php\/wp-json\/wp\/v2\/categories?post=42829"},{"taxonomy":"post_tag","embeddable":true,"href":"https:\/\/jornalfatosenoticias.com.br\/index.php\/wp-json\/wp\/v2\/tags?post=42829"}],"curies":[{"name":"wp","href":"https:\/\/api.w.org\/{rel}","templated":true}]}}