{"id":42836,"date":"2023-06-28T10:26:24","date_gmt":"2023-06-28T13:26:24","guid":{"rendered":"https:\/\/jornalfatosenoticias.com.br\/?p=42836"},"modified":"2023-06-28T10:26:25","modified_gmt":"2023-06-28T13:26:25","slug":"nilo-ou-amazonas-expedicao-vai-definir-qual-rio-e-maior","status":"publish","type":"post","link":"https:\/\/jornalfatosenoticias.com.br\/index.php\/2023\/06\/28\/nilo-ou-amazonas-expedicao-vai-definir-qual-rio-e-maior\/","title":{"rendered":"Nilo ou Amazonas? Expedi\u00e7\u00e3o vai definir qual rio \u00e9 maior"},"content":{"rendered":"\n<p><em><span class=\"has-inline-color has-black-color\">Uma equipe de exploradores planeja percorrer todos os sete mil quil\u00f4metros de extens\u00e3o do Amazonas. Se bem-sucedida, ela ser\u00e1 replicada no Nilo<\/span><\/em><\/p>\n\n\n\n<p><em><span class=\"has-inline-color has-black-color\">Por <a href=\"https:\/\/olhardigital.com.br\/author\/alessandro-lorenzo\/\"><strong>Alessandro Di Lorenzo<\/strong><\/a><\/span><\/em><\/p>\n\n\n\n<div class=\"wp-block-image\"><figure class=\"aligncenter size-large\"><img loading=\"lazy\" decoding=\"async\" width=\"729\" height=\"90\" src=\"https:\/\/jornalfatosenoticias.com.br\/wp-content\/uploads\/2020\/02\/Logo_Mizu.png\" alt=\"\" class=\"wp-image-1441\" srcset=\"https:\/\/jornalfatosenoticias.com.br\/wp-content\/uploads\/2020\/02\/Logo_Mizu.png 729w, https:\/\/jornalfatosenoticias.com.br\/wp-content\/uploads\/2020\/02\/Logo_Mizu-300x37.png 300w\" sizes=\"auto, (max-width: 729px) 100vw, 729px\" \/><\/figure><\/div>\n\n\n\n<p>Um debate que j\u00e1 dura anos pode estar com os dias contados! Uma expedi\u00e7\u00e3o \u00e0 selva sul-americana pretende encerrar de vez a discuss\u00e3o sobre qual \u00e9 o maior rio do mundo, o Nilo ou o Amazonas?<br>Usando barcos movidos a <a href=\"https:\/\/olhardigital.com.br\/tag\/energia-solar\/\" target=\"_blank\" rel=\"noreferrer noopener\">energia solar<\/a> e de pedal, uma equipe internacional de exploradores planeja percorrer todos os sete mil quil\u00f4metros de extens\u00e3o do Amazonas, da nascente, na Amaz\u00f4nia dos Andes peruanos, at\u00e9 a foz, no Brasil. Coordenador do projeto, o explorador brasileiro Yuri Sanada garante que \u201co principal objetivo \u00e9 mapear o rio e documentar a biodiversidade dos ecossistemas circundantes\u201d.<br>A expedi\u00e7\u00e3o deve partir em abril de 2024. A equipe de exploradores tamb\u00e9m planeja fazer um document\u00e1rio sobre os trabalhos.<\/p>\n\n\n\n<div class=\"wp-block-image\"><figure class=\"aligncenter size-large is-resized\"><img loading=\"lazy\" decoding=\"async\" src=\"https:\/\/jornalfatosenoticias.com.br\/wp-content\/uploads\/2020\/02\/logo-Rapuzel-1024x571.jpg\" alt=\"\" class=\"wp-image-42808\" width=\"361\" height=\"201\" srcset=\"https:\/\/jornalfatosenoticias.com.br\/wp-content\/uploads\/2020\/02\/logo-Rapuzel-1024x571.jpg 1024w, https:\/\/jornalfatosenoticias.com.br\/wp-content\/uploads\/2020\/02\/logo-Rapuzel-300x167.jpg 300w, https:\/\/jornalfatosenoticias.com.br\/wp-content\/uploads\/2020\/02\/logo-Rapuzel-768x428.jpg 768w, https:\/\/jornalfatosenoticias.com.br\/wp-content\/uploads\/2020\/02\/logo-Rapuzel-1536x856.jpg 1536w, https:\/\/jornalfatosenoticias.com.br\/wp-content\/uploads\/2020\/02\/logo-Rapuzel.jpg 1600w\" sizes=\"auto, (max-width: 361px) 100vw, 361px\" \/><\/figure><\/div>\n\n\n\n<h3 class=\"wp-block-heading\"><strong><span class=\"has-inline-color has-vivid-green-cyan-color\">Nilo ou Amazonas, qual \u00e9 o maior, afinal?<\/span><\/strong><\/h3>\n\n\n\n<div class=\"wp-block-image\"><figure class=\"aligncenter size-large\"><img loading=\"lazy\" decoding=\"async\" width=\"1000\" height=\"500\" src=\"https:\/\/jornalfatosenoticias.com.br\/wp-content\/uploads\/2023\/06\/Rio-Nilo.jpg\" alt=\"\" class=\"wp-image-42837\" srcset=\"https:\/\/jornalfatosenoticias.com.br\/wp-content\/uploads\/2023\/06\/Rio-Nilo.jpg 1000w, https:\/\/jornalfatosenoticias.com.br\/wp-content\/uploads\/2023\/06\/Rio-Nilo-300x150.jpg 300w, https:\/\/jornalfatosenoticias.com.br\/wp-content\/uploads\/2023\/06\/Rio-Nilo-768x384.jpg 768w\" sizes=\"auto, (max-width: 1000px) 100vw, 1000px\" \/><figcaption><em><span class=\"has-inline-color has-black-color\">Vis\u00e3o a\u00e9rea do Rio Nilo (Imagem: Shuterstock)<\/span><\/em><\/figcaption><\/figure><\/div>\n\n\n\n<p>\u2022 O rio Amazonas \u00e9 reconhecido atualmente como o maior rio do mundo em volume, superando o Nilo, o Yangtze e o Mississippi juntos.<br>\u2022 No entanto, existe uma disputa geogr\u00e1fica de d\u00e9cadas sobre qual \u00e9 o mais longo, o Amazonas ou o Nilo? A discuss\u00e3o prossegue at\u00e9 hoje por um motivo muito simples: a falta de consenso sobre onde come\u00e7a e termina o Amazonas.<br>\u2022 O <a href=\"https:\/\/olhardigital.com.br\/tag\/guiness-world-records\/\" target=\"_blank\" rel=\"noreferrer noopener\">Guinness of Records<\/a> concede o t\u00edtulo de mais longo ao rio africano.<\/p>\n\n\n\n<div class=\"wp-block-image\"><figure class=\"aligncenter size-large is-resized\"><img loading=\"lazy\" decoding=\"async\" src=\"https:\/\/jornalfatosenoticias.com.br\/wp-content\/uploads\/2023\/03\/logo-Panper_portal.jpg\" alt=\"\" class=\"wp-image-40208\" width=\"292\" height=\"202\" srcset=\"https:\/\/jornalfatosenoticias.com.br\/wp-content\/uploads\/2023\/03\/logo-Panper_portal.jpg 400w, https:\/\/jornalfatosenoticias.com.br\/wp-content\/uploads\/2023\/03\/logo-Panper_portal-300x208.jpg 300w\" sizes=\"auto, (max-width: 292px) 100vw, 292px\" \/><\/figure><\/div>\n\n\n\n<p>\u2022 Segundo a Enciclop\u00e9dia Brit\u00e2nica, o comprimento do Nilo \u00e9 de 6.650 quil\u00f4metros, contra 6.400 quil\u00f4metros do Amazonas. A medi\u00e7\u00e3o \u00e9 levada em conta a partir das cabeceiras do rio Apurimac no sul do Peru.<br>\u2022 Em 2014, o neurocientista e explorador norte-americano James \u201cRocky\u201d Contos desenvolveu uma teoria alternativa, colocando a nascente do Amazonas um pouco mais longe, no rio Mantaro, no norte do Peru. Isso significaria que o rio \u00e9 mais longo do que se pensava at\u00e9 ent\u00e3o.<\/p>\n\n\n\n<h3 class=\"wp-block-heading\"><strong><span class=\"has-inline-color has-vivid-green-cyan-color\">Como ser\u00e1 feita a expedi\u00e7\u00e3o?<\/span><\/strong><\/h3>\n\n\n\n<div class=\"wp-block-image\"><figure class=\"aligncenter size-large\"><img loading=\"lazy\" decoding=\"async\" width=\"1000\" height=\"750\" src=\"https:\/\/jornalfatosenoticias.com.br\/wp-content\/uploads\/2023\/06\/Rio-Amazonas-2.jpg\" alt=\"\" class=\"wp-image-42838\" srcset=\"https:\/\/jornalfatosenoticias.com.br\/wp-content\/uploads\/2023\/06\/Rio-Amazonas-2.jpg 1000w, https:\/\/jornalfatosenoticias.com.br\/wp-content\/uploads\/2023\/06\/Rio-Amazonas-2-300x225.jpg 300w, https:\/\/jornalfatosenoticias.com.br\/wp-content\/uploads\/2023\/06\/Rio-Amazonas-2-768x576.jpg 768w\" sizes=\"auto, (max-width: 1000px) 100vw, 1000px\" \/><figcaption><em><span class=\"has-inline-color has-black-color\">Vis\u00e3o a\u00e9rea do Rio Amazonas (Imagem: Shutterstock)<\/span><\/em><\/figcaption><\/figure><\/div>\n\n\n\n<div class=\"wp-block-image\"><figure class=\"aligncenter size-large\"><img loading=\"lazy\" decoding=\"async\" width=\"1024\" height=\"110\" src=\"https:\/\/jornalfatosenoticias.com.br\/wp-content\/uploads\/2023\/03\/Crypton-1120-\u00d7-120-px-1-1024x110.png\" alt=\"\" class=\"wp-image-39211\" srcset=\"https:\/\/jornalfatosenoticias.com.br\/wp-content\/uploads\/2023\/03\/Crypton-1120-\u00d7-120-px-1-1024x110.png 1024w, https:\/\/jornalfatosenoticias.com.br\/wp-content\/uploads\/2023\/03\/Crypton-1120-\u00d7-120-px-1-300x32.png 300w, https:\/\/jornalfatosenoticias.com.br\/wp-content\/uploads\/2023\/03\/Crypton-1120-\u00d7-120-px-1-768x82.png 768w, https:\/\/jornalfatosenoticias.com.br\/wp-content\/uploads\/2023\/03\/Crypton-1120-\u00d7-120-px-1.png 1120w\" sizes=\"auto, (max-width: 1024px) 100vw, 1024px\" \/><\/figure><\/div>\n\n\n\n<p>\u2022 A expedi\u00e7\u00e3o de Sanada rastrear\u00e1 as fontes de Apurimac e Mantaro.<br>\u2022 Um grupo percorrer\u00e1 o Mantaro de rafting. O outro viajar\u00e1 pelas margens do Apurimac a cavalo com a exploradora francesa Celine Cousteau, neta do lend\u00e1rio ocean\u00f3grafo Jacques Cousteau.<br>\u2022 No ponto de converg\u00eancia dos rios, Sanada e outros dois exploradores embarcar\u00e3o na etapa mais longa da viagem, viajando em tr\u00eas canoas motorizadas feitas sob medida, alimentadas por pain\u00e9is solares e pedais, equipadas com um sensor para medir a dist\u00e2ncia.<\/p>\n\n\n\n<div class=\"wp-block-image\"><figure class=\"aligncenter size-large\"><img loading=\"lazy\" decoding=\"async\" width=\"300\" height=\"250\" src=\"https:\/\/jornalfatosenoticias.com.br\/wp-content\/uploads\/2022\/08\/arte-Casarao.jpg\" alt=\"\" class=\"wp-image-33178\"\/><\/figure><\/div>\n\n\n\n<p>\u2022 Os barcos ser\u00e3o equipados com uma cabine \u00e0 prova de balas, e a equipe est\u00e1 negociando com as autoridades para obter uma escolta armada para as zonas mais perigosas.<br>\u2022 A expedi\u00e7\u00e3o \u00e9 apoiada por grupos internacionais, incluindo o The Explorers Club e a cole\u00e7\u00e3o de mapas de Harvard.<br>\u2022 Se for bem-sucedida, a expedi\u00e7\u00e3o poder\u00e1 ser replicada no Nilo, acabando de vez com qualquer discuss\u00e3o sobre o rio mais longo do mundo.<\/p>\n\n\n\n<p><strong><em>Fonte: <a href=\"https:\/\/olhardigital.com.br\/2023\/06\/27\/ciencia-e-espaco\/nilo-ou-amazonas-expedicao-vai-definir-qual-rio-e-maior\/\">Olhar Digital<\/a><\/em><\/strong><\/p>\n","protected":false},"excerpt":{"rendered":"<p>Uma equipe de exploradores planeja percorrer todos os sete mil quil\u00f4metros de extens\u00e3o do Amazonas. Se bem-sucedida, ela ser\u00e1 replicada no Nilo Por Alessandro Di Lorenzo Um debate que j\u00e1 dura anos pode estar com os dias contados! Uma expedi\u00e7\u00e3o \u00e0 selva sul-americana pretende encerrar de vez a discuss\u00e3o sobre qual \u00e9 o maior rio [&hellip;]<\/p>\n","protected":false},"author":2,"featured_media":42839,"comment_status":"open","ping_status":"open","sticky":false,"template":"","format":"standard","meta":{"footnotes":""},"categories":[2],"tags":[2058,20160,1898,11526],"class_list":["post-42836","post","type-post","status-publish","format-standard","has-post-thumbnail","hentry","category-ciencia","tag-expedicao","tag-exploradores","tag-rio-amazonas","tag-rio-nilo"],"yoast_head":"<!-- This site is optimized with the Yoast SEO plugin v26.5 - https:\/\/yoast.com\/wordpress\/plugins\/seo\/ -->\n<title>Nilo ou Amazonas? Expedi\u00e7\u00e3o vai definir qual rio \u00e9 maior - Jornal Fatos e Not\u00edcias<\/title>\n<meta name=\"robots\" content=\"index, follow, max-snippet:-1, max-image-preview:large, max-video-preview:-1\" \/>\n<link rel=\"canonical\" href=\"https:\/\/jornalfatosenoticias.com.br\/index.php\/2023\/06\/28\/nilo-ou-amazonas-expedicao-vai-definir-qual-rio-e-maior\/\" \/>\n<meta property=\"og:locale\" content=\"pt_BR\" \/>\n<meta property=\"og:type\" content=\"article\" \/>\n<meta property=\"og:title\" content=\"Nilo ou Amazonas? Expedi\u00e7\u00e3o vai definir qual rio \u00e9 maior - Jornal Fatos e Not\u00edcias\" \/>\n<meta property=\"og:description\" content=\"Uma equipe de exploradores planeja percorrer todos os sete mil quil\u00f4metros de extens\u00e3o do Amazonas. Se bem-sucedida, ela ser\u00e1 replicada no Nilo Por Alessandro Di Lorenzo Um debate que j\u00e1 dura anos pode estar com os dias contados! Uma expedi\u00e7\u00e3o \u00e0 selva sul-americana pretende encerrar de vez a discuss\u00e3o sobre qual \u00e9 o maior rio [&hellip;]\" \/>\n<meta property=\"og:url\" content=\"https:\/\/jornalfatosenoticias.com.br\/index.php\/2023\/06\/28\/nilo-ou-amazonas-expedicao-vai-definir-qual-rio-e-maior\/\" \/>\n<meta property=\"og:site_name\" content=\"Jornal Fatos e Not\u00edcias\" \/>\n<meta property=\"article:published_time\" content=\"2023-06-28T13:26:24+00:00\" \/>\n<meta property=\"article:modified_time\" content=\"2023-06-28T13:26:25+00:00\" \/>\n<meta property=\"og:image\" content=\"https:\/\/jornalfatosenoticias.com.br\/wp-content\/uploads\/2023\/06\/rio-Amazonas_capa.jpg\" \/>\n\t<meta property=\"og:image:width\" content=\"1000\" \/>\n\t<meta property=\"og:image:height\" content=\"562\" \/>\n\t<meta property=\"og:image:type\" content=\"image\/jpeg\" \/>\n<meta name=\"author\" content=\"Luzimara Fernandes\" \/>\n<meta name=\"twitter:card\" content=\"summary_large_image\" \/>\n<meta name=\"twitter:label1\" content=\"Escrito por\" \/>\n\t<meta name=\"twitter:data1\" content=\"Luzimara Fernandes\" \/>\n\t<meta name=\"twitter:label2\" content=\"Est. tempo de leitura\" \/>\n\t<meta name=\"twitter:data2\" content=\"3 minutos\" \/>\n<script type=\"application\/ld+json\" class=\"yoast-schema-graph\">{\"@context\":\"https:\/\/schema.org\",\"@graph\":[{\"@type\":\"Article\",\"@id\":\"https:\/\/jornalfatosenoticias.com.br\/index.php\/2023\/06\/28\/nilo-ou-amazonas-expedicao-vai-definir-qual-rio-e-maior\/#article\",\"isPartOf\":{\"@id\":\"https:\/\/jornalfatosenoticias.com.br\/index.php\/2023\/06\/28\/nilo-ou-amazonas-expedicao-vai-definir-qual-rio-e-maior\/\"},\"author\":{\"name\":\"Luzimara Fernandes\",\"@id\":\"https:\/\/jornalfatosenoticias.com.br\/#\/schema\/person\/d63837fa13ac8666eb9e74e0985d6f81\"},\"headline\":\"Nilo ou Amazonas? Expedi\u00e7\u00e3o vai definir qual rio \u00e9 maior\",\"datePublished\":\"2023-06-28T13:26:24+00:00\",\"dateModified\":\"2023-06-28T13:26:25+00:00\",\"mainEntityOfPage\":{\"@id\":\"https:\/\/jornalfatosenoticias.com.br\/index.php\/2023\/06\/28\/nilo-ou-amazonas-expedicao-vai-definir-qual-rio-e-maior\/\"},\"wordCount\":511,\"commentCount\":0,\"publisher\":{\"@id\":\"https:\/\/jornalfatosenoticias.com.br\/#organization\"},\"image\":{\"@id\":\"https:\/\/jornalfatosenoticias.com.br\/index.php\/2023\/06\/28\/nilo-ou-amazonas-expedicao-vai-definir-qual-rio-e-maior\/#primaryimage\"},\"thumbnailUrl\":\"https:\/\/jornalfatosenoticias.com.br\/wp-content\/uploads\/2023\/06\/rio-Amazonas_capa.jpg\",\"keywords\":[\"expedi\u00e7\u00e3o\",\"exploradores\",\"Rio Amazonas\",\"Rio Nilo\"],\"articleSection\":[\"Ci\u00eancia\"],\"inLanguage\":\"pt-BR\",\"potentialAction\":[{\"@type\":\"CommentAction\",\"name\":\"Comment\",\"target\":[\"https:\/\/jornalfatosenoticias.com.br\/index.php\/2023\/06\/28\/nilo-ou-amazonas-expedicao-vai-definir-qual-rio-e-maior\/#respond\"]}]},{\"@type\":\"WebPage\",\"@id\":\"https:\/\/jornalfatosenoticias.com.br\/index.php\/2023\/06\/28\/nilo-ou-amazonas-expedicao-vai-definir-qual-rio-e-maior\/\",\"url\":\"https:\/\/jornalfatosenoticias.com.br\/index.php\/2023\/06\/28\/nilo-ou-amazonas-expedicao-vai-definir-qual-rio-e-maior\/\",\"name\":\"Nilo ou Amazonas? Expedi\u00e7\u00e3o vai definir qual rio \u00e9 maior - Jornal Fatos e Not\u00edcias\",\"isPartOf\":{\"@id\":\"https:\/\/jornalfatosenoticias.com.br\/#website\"},\"primaryImageOfPage\":{\"@id\":\"https:\/\/jornalfatosenoticias.com.br\/index.php\/2023\/06\/28\/nilo-ou-amazonas-expedicao-vai-definir-qual-rio-e-maior\/#primaryimage\"},\"image\":{\"@id\":\"https:\/\/jornalfatosenoticias.com.br\/index.php\/2023\/06\/28\/nilo-ou-amazonas-expedicao-vai-definir-qual-rio-e-maior\/#primaryimage\"},\"thumbnailUrl\":\"https:\/\/jornalfatosenoticias.com.br\/wp-content\/uploads\/2023\/06\/rio-Amazonas_capa.jpg\",\"datePublished\":\"2023-06-28T13:26:24+00:00\",\"dateModified\":\"2023-06-28T13:26:25+00:00\",\"breadcrumb\":{\"@id\":\"https:\/\/jornalfatosenoticias.com.br\/index.php\/2023\/06\/28\/nilo-ou-amazonas-expedicao-vai-definir-qual-rio-e-maior\/#breadcrumb\"},\"inLanguage\":\"pt-BR\",\"potentialAction\":[{\"@type\":\"ReadAction\",\"target\":[\"https:\/\/jornalfatosenoticias.com.br\/index.php\/2023\/06\/28\/nilo-ou-amazonas-expedicao-vai-definir-qual-rio-e-maior\/\"]}]},{\"@type\":\"ImageObject\",\"inLanguage\":\"pt-BR\",\"@id\":\"https:\/\/jornalfatosenoticias.com.br\/index.php\/2023\/06\/28\/nilo-ou-amazonas-expedicao-vai-definir-qual-rio-e-maior\/#primaryimage\",\"url\":\"https:\/\/jornalfatosenoticias.com.br\/wp-content\/uploads\/2023\/06\/rio-Amazonas_capa.jpg\",\"contentUrl\":\"https:\/\/jornalfatosenoticias.com.br\/wp-content\/uploads\/2023\/06\/rio-Amazonas_capa.jpg\",\"width\":1000,\"height\":562},{\"@type\":\"BreadcrumbList\",\"@id\":\"https:\/\/jornalfatosenoticias.com.br\/index.php\/2023\/06\/28\/nilo-ou-amazonas-expedicao-vai-definir-qual-rio-e-maior\/#breadcrumb\",\"itemListElement\":[{\"@type\":\"ListItem\",\"position\":1,\"name\":\"In\u00edcio\",\"item\":\"https:\/\/jornalfatosenoticias.com.br\/\"},{\"@type\":\"ListItem\",\"position\":2,\"name\":\"Nilo ou Amazonas? Expedi\u00e7\u00e3o vai definir qual rio \u00e9 maior\"}]},{\"@type\":\"WebSite\",\"@id\":\"https:\/\/jornalfatosenoticias.com.br\/#website\",\"url\":\"https:\/\/jornalfatosenoticias.com.br\/\",\"name\":\"Jornal Fatos e Not\u00edcias\",\"description\":\"Not\u00edcias em geral\",\"publisher\":{\"@id\":\"https:\/\/jornalfatosenoticias.com.br\/#organization\"},\"potentialAction\":[{\"@type\":\"SearchAction\",\"target\":{\"@type\":\"EntryPoint\",\"urlTemplate\":\"https:\/\/jornalfatosenoticias.com.br\/?s={search_term_string}\"},\"query-input\":{\"@type\":\"PropertyValueSpecification\",\"valueRequired\":true,\"valueName\":\"search_term_string\"}}],\"inLanguage\":\"pt-BR\"},{\"@type\":\"Organization\",\"@id\":\"https:\/\/jornalfatosenoticias.com.br\/#organization\",\"name\":\"Jornal Fatos e Not\u00edcias\",\"url\":\"https:\/\/jornalfatosenoticias.com.br\/\",\"logo\":{\"@type\":\"ImageObject\",\"inLanguage\":\"pt-BR\",\"@id\":\"https:\/\/jornalfatosenoticias.com.br\/#\/schema\/logo\/image\/\",\"url\":\"https:\/\/jornalfatosenoticias.com.br\/wp-content\/uploads\/2020\/02\/logo120.png\",\"contentUrl\":\"https:\/\/jornalfatosenoticias.com.br\/wp-content\/uploads\/2020\/02\/logo120.png\",\"width\":1227,\"height\":120,\"caption\":\"Jornal Fatos e Not\u00edcias\"},\"image\":{\"@id\":\"https:\/\/jornalfatosenoticias.com.br\/#\/schema\/logo\/image\/\"}},{\"@type\":\"Person\",\"@id\":\"https:\/\/jornalfatosenoticias.com.br\/#\/schema\/person\/d63837fa13ac8666eb9e74e0985d6f81\",\"name\":\"Luzimara Fernandes\",\"image\":{\"@type\":\"ImageObject\",\"inLanguage\":\"pt-BR\",\"@id\":\"https:\/\/jornalfatosenoticias.com.br\/#\/schema\/person\/image\/\",\"url\":\"https:\/\/jornalfatosenoticias.com.br\/wp-content\/uploads\/2025\/05\/EU_portal.jpg\",\"contentUrl\":\"https:\/\/jornalfatosenoticias.com.br\/wp-content\/uploads\/2025\/05\/EU_portal.jpg\",\"caption\":\"Luzimara Fernandes\"},\"description\":\"Jornalista MTB 2358-ES\",\"sameAs\":[\"https:\/\/jornalfatosenoticias.com.br\"],\"url\":\"https:\/\/jornalfatosenoticias.com.br\/index.php\/author\/luzimara\/\"}]}<\/script>\n<!-- \/ Yoast SEO plugin. -->","yoast_head_json":{"title":"Nilo ou Amazonas? Expedi\u00e7\u00e3o vai definir qual rio \u00e9 maior - Jornal Fatos e Not\u00edcias","robots":{"index":"index","follow":"follow","max-snippet":"max-snippet:-1","max-image-preview":"max-image-preview:large","max-video-preview":"max-video-preview:-1"},"canonical":"https:\/\/jornalfatosenoticias.com.br\/index.php\/2023\/06\/28\/nilo-ou-amazonas-expedicao-vai-definir-qual-rio-e-maior\/","og_locale":"pt_BR","og_type":"article","og_title":"Nilo ou Amazonas? Expedi\u00e7\u00e3o vai definir qual rio \u00e9 maior - Jornal Fatos e Not\u00edcias","og_description":"Uma equipe de exploradores planeja percorrer todos os sete mil quil\u00f4metros de extens\u00e3o do Amazonas. Se bem-sucedida, ela ser\u00e1 replicada no Nilo Por Alessandro Di Lorenzo Um debate que j\u00e1 dura anos pode estar com os dias contados! Uma expedi\u00e7\u00e3o \u00e0 selva sul-americana pretende encerrar de vez a discuss\u00e3o sobre qual \u00e9 o maior rio [&hellip;]","og_url":"https:\/\/jornalfatosenoticias.com.br\/index.php\/2023\/06\/28\/nilo-ou-amazonas-expedicao-vai-definir-qual-rio-e-maior\/","og_site_name":"Jornal Fatos e Not\u00edcias","article_published_time":"2023-06-28T13:26:24+00:00","article_modified_time":"2023-06-28T13:26:25+00:00","og_image":[{"width":1000,"height":562,"url":"https:\/\/jornalfatosenoticias.com.br\/wp-content\/uploads\/2023\/06\/rio-Amazonas_capa.jpg","type":"image\/jpeg"}],"author":"Luzimara Fernandes","twitter_card":"summary_large_image","twitter_misc":{"Escrito por":"Luzimara Fernandes","Est. tempo de leitura":"3 minutos"},"schema":{"@context":"https:\/\/schema.org","@graph":[{"@type":"Article","@id":"https:\/\/jornalfatosenoticias.com.br\/index.php\/2023\/06\/28\/nilo-ou-amazonas-expedicao-vai-definir-qual-rio-e-maior\/#article","isPartOf":{"@id":"https:\/\/jornalfatosenoticias.com.br\/index.php\/2023\/06\/28\/nilo-ou-amazonas-expedicao-vai-definir-qual-rio-e-maior\/"},"author":{"name":"Luzimara Fernandes","@id":"https:\/\/jornalfatosenoticias.com.br\/#\/schema\/person\/d63837fa13ac8666eb9e74e0985d6f81"},"headline":"Nilo ou Amazonas? Expedi\u00e7\u00e3o vai definir qual rio \u00e9 maior","datePublished":"2023-06-28T13:26:24+00:00","dateModified":"2023-06-28T13:26:25+00:00","mainEntityOfPage":{"@id":"https:\/\/jornalfatosenoticias.com.br\/index.php\/2023\/06\/28\/nilo-ou-amazonas-expedicao-vai-definir-qual-rio-e-maior\/"},"wordCount":511,"commentCount":0,"publisher":{"@id":"https:\/\/jornalfatosenoticias.com.br\/#organization"},"image":{"@id":"https:\/\/jornalfatosenoticias.com.br\/index.php\/2023\/06\/28\/nilo-ou-amazonas-expedicao-vai-definir-qual-rio-e-maior\/#primaryimage"},"thumbnailUrl":"https:\/\/jornalfatosenoticias.com.br\/wp-content\/uploads\/2023\/06\/rio-Amazonas_capa.jpg","keywords":["expedi\u00e7\u00e3o","exploradores","Rio Amazonas","Rio Nilo"],"articleSection":["Ci\u00eancia"],"inLanguage":"pt-BR","potentialAction":[{"@type":"CommentAction","name":"Comment","target":["https:\/\/jornalfatosenoticias.com.br\/index.php\/2023\/06\/28\/nilo-ou-amazonas-expedicao-vai-definir-qual-rio-e-maior\/#respond"]}]},{"@type":"WebPage","@id":"https:\/\/jornalfatosenoticias.com.br\/index.php\/2023\/06\/28\/nilo-ou-amazonas-expedicao-vai-definir-qual-rio-e-maior\/","url":"https:\/\/jornalfatosenoticias.com.br\/index.php\/2023\/06\/28\/nilo-ou-amazonas-expedicao-vai-definir-qual-rio-e-maior\/","name":"Nilo ou Amazonas? Expedi\u00e7\u00e3o vai definir qual rio \u00e9 maior - Jornal Fatos e Not\u00edcias","isPartOf":{"@id":"https:\/\/jornalfatosenoticias.com.br\/#website"},"primaryImageOfPage":{"@id":"https:\/\/jornalfatosenoticias.com.br\/index.php\/2023\/06\/28\/nilo-ou-amazonas-expedicao-vai-definir-qual-rio-e-maior\/#primaryimage"},"image":{"@id":"https:\/\/jornalfatosenoticias.com.br\/index.php\/2023\/06\/28\/nilo-ou-amazonas-expedicao-vai-definir-qual-rio-e-maior\/#primaryimage"},"thumbnailUrl":"https:\/\/jornalfatosenoticias.com.br\/wp-content\/uploads\/2023\/06\/rio-Amazonas_capa.jpg","datePublished":"2023-06-28T13:26:24+00:00","dateModified":"2023-06-28T13:26:25+00:00","breadcrumb":{"@id":"https:\/\/jornalfatosenoticias.com.br\/index.php\/2023\/06\/28\/nilo-ou-amazonas-expedicao-vai-definir-qual-rio-e-maior\/#breadcrumb"},"inLanguage":"pt-BR","potentialAction":[{"@type":"ReadAction","target":["https:\/\/jornalfatosenoticias.com.br\/index.php\/2023\/06\/28\/nilo-ou-amazonas-expedicao-vai-definir-qual-rio-e-maior\/"]}]},{"@type":"ImageObject","inLanguage":"pt-BR","@id":"https:\/\/jornalfatosenoticias.com.br\/index.php\/2023\/06\/28\/nilo-ou-amazonas-expedicao-vai-definir-qual-rio-e-maior\/#primaryimage","url":"https:\/\/jornalfatosenoticias.com.br\/wp-content\/uploads\/2023\/06\/rio-Amazonas_capa.jpg","contentUrl":"https:\/\/jornalfatosenoticias.com.br\/wp-content\/uploads\/2023\/06\/rio-Amazonas_capa.jpg","width":1000,"height":562},{"@type":"BreadcrumbList","@id":"https:\/\/jornalfatosenoticias.com.br\/index.php\/2023\/06\/28\/nilo-ou-amazonas-expedicao-vai-definir-qual-rio-e-maior\/#breadcrumb","itemListElement":[{"@type":"ListItem","position":1,"name":"In\u00edcio","item":"https:\/\/jornalfatosenoticias.com.br\/"},{"@type":"ListItem","position":2,"name":"Nilo ou Amazonas? Expedi\u00e7\u00e3o vai definir qual rio \u00e9 maior"}]},{"@type":"WebSite","@id":"https:\/\/jornalfatosenoticias.com.br\/#website","url":"https:\/\/jornalfatosenoticias.com.br\/","name":"Jornal Fatos e Not\u00edcias","description":"Not\u00edcias em geral","publisher":{"@id":"https:\/\/jornalfatosenoticias.com.br\/#organization"},"potentialAction":[{"@type":"SearchAction","target":{"@type":"EntryPoint","urlTemplate":"https:\/\/jornalfatosenoticias.com.br\/?s={search_term_string}"},"query-input":{"@type":"PropertyValueSpecification","valueRequired":true,"valueName":"search_term_string"}}],"inLanguage":"pt-BR"},{"@type":"Organization","@id":"https:\/\/jornalfatosenoticias.com.br\/#organization","name":"Jornal Fatos e Not\u00edcias","url":"https:\/\/jornalfatosenoticias.com.br\/","logo":{"@type":"ImageObject","inLanguage":"pt-BR","@id":"https:\/\/jornalfatosenoticias.com.br\/#\/schema\/logo\/image\/","url":"https:\/\/jornalfatosenoticias.com.br\/wp-content\/uploads\/2020\/02\/logo120.png","contentUrl":"https:\/\/jornalfatosenoticias.com.br\/wp-content\/uploads\/2020\/02\/logo120.png","width":1227,"height":120,"caption":"Jornal Fatos e Not\u00edcias"},"image":{"@id":"https:\/\/jornalfatosenoticias.com.br\/#\/schema\/logo\/image\/"}},{"@type":"Person","@id":"https:\/\/jornalfatosenoticias.com.br\/#\/schema\/person\/d63837fa13ac8666eb9e74e0985d6f81","name":"Luzimara Fernandes","image":{"@type":"ImageObject","inLanguage":"pt-BR","@id":"https:\/\/jornalfatosenoticias.com.br\/#\/schema\/person\/image\/","url":"https:\/\/jornalfatosenoticias.com.br\/wp-content\/uploads\/2025\/05\/EU_portal.jpg","contentUrl":"https:\/\/jornalfatosenoticias.com.br\/wp-content\/uploads\/2025\/05\/EU_portal.jpg","caption":"Luzimara Fernandes"},"description":"Jornalista MTB 2358-ES","sameAs":["https:\/\/jornalfatosenoticias.com.br"],"url":"https:\/\/jornalfatosenoticias.com.br\/index.php\/author\/luzimara\/"}]}},"cc_featured_image_caption":{"caption_text":"(Foto: iStock) \r\n","source_text":"","source_url":""},"jetpack_featured_media_url":"https:\/\/jornalfatosenoticias.com.br\/wp-content\/uploads\/2023\/06\/rio-Amazonas_capa.jpg","_links":{"self":[{"href":"https:\/\/jornalfatosenoticias.com.br\/index.php\/wp-json\/wp\/v2\/posts\/42836","targetHints":{"allow":["GET"]}}],"collection":[{"href":"https:\/\/jornalfatosenoticias.com.br\/index.php\/wp-json\/wp\/v2\/posts"}],"about":[{"href":"https:\/\/jornalfatosenoticias.com.br\/index.php\/wp-json\/wp\/v2\/types\/post"}],"author":[{"embeddable":true,"href":"https:\/\/jornalfatosenoticias.com.br\/index.php\/wp-json\/wp\/v2\/users\/2"}],"replies":[{"embeddable":true,"href":"https:\/\/jornalfatosenoticias.com.br\/index.php\/wp-json\/wp\/v2\/comments?post=42836"}],"version-history":[{"count":0,"href":"https:\/\/jornalfatosenoticias.com.br\/index.php\/wp-json\/wp\/v2\/posts\/42836\/revisions"}],"wp:featuredmedia":[{"embeddable":true,"href":"https:\/\/jornalfatosenoticias.com.br\/index.php\/wp-json\/wp\/v2\/media\/42839"}],"wp:attachment":[{"href":"https:\/\/jornalfatosenoticias.com.br\/index.php\/wp-json\/wp\/v2\/media?parent=42836"}],"wp:term":[{"taxonomy":"category","embeddable":true,"href":"https:\/\/jornalfatosenoticias.com.br\/index.php\/wp-json\/wp\/v2\/categories?post=42836"},{"taxonomy":"post_tag","embeddable":true,"href":"https:\/\/jornalfatosenoticias.com.br\/index.php\/wp-json\/wp\/v2\/tags?post=42836"}],"curies":[{"name":"wp","href":"https:\/\/api.w.org\/{rel}","templated":true}]}}