{"id":42841,"date":"2023-06-28T10:35:43","date_gmt":"2023-06-28T13:35:43","guid":{"rendered":"https:\/\/jornalfatosenoticias.com.br\/?p=42841"},"modified":"2023-06-28T10:35:45","modified_gmt":"2023-06-28T13:35:45","slug":"jovem-pan-grupo-com-mais-de-tres-mil-emissoras-se-manifesta-sobre-cassacao-de-concessoes","status":"publish","type":"post","link":"https:\/\/jornalfatosenoticias.com.br\/index.php\/2023\/06\/28\/jovem-pan-grupo-com-mais-de-tres-mil-emissoras-se-manifesta-sobre-cassacao-de-concessoes\/","title":{"rendered":"Jovem Pan: grupo com mais de tr\u00eas mil emissoras se manifesta sobre cassa\u00e7\u00e3o de concess\u00f5es"},"content":{"rendered":"\n<p><em><span class=\"has-inline-color has-black-color\">Abert classificou ataques \u00e0 r\u00e1dio de &#8216;muito preocupantes&#8217;<\/span><\/em><\/p>\n\n\n\n<p><em><span class=\"has-inline-color has-black-color\">Por <strong>Cristyan Costa<\/strong><\/span><\/em><\/p>\n\n\n\n<div class=\"wp-block-image\"><figure class=\"aligncenter size-large\"><img loading=\"lazy\" decoding=\"async\" width=\"1024\" height=\"110\" src=\"https:\/\/jornalfatosenoticias.com.br\/wp-content\/uploads\/2023\/03\/Crypton-1120-\u00d7-120-px-1-1024x110.png\" alt=\"\" class=\"wp-image-39211\" srcset=\"https:\/\/jornalfatosenoticias.com.br\/wp-content\/uploads\/2023\/03\/Crypton-1120-\u00d7-120-px-1-1024x110.png 1024w, https:\/\/jornalfatosenoticias.com.br\/wp-content\/uploads\/2023\/03\/Crypton-1120-\u00d7-120-px-1-300x32.png 300w, https:\/\/jornalfatosenoticias.com.br\/wp-content\/uploads\/2023\/03\/Crypton-1120-\u00d7-120-px-1-768x82.png 768w, https:\/\/jornalfatosenoticias.com.br\/wp-content\/uploads\/2023\/03\/Crypton-1120-\u00d7-120-px-1.png 1120w\" sizes=\"auto, (max-width: 1024px) 100vw, 1024px\" \/><\/figure><\/div>\n\n\n\n<p>A <strong><a href=\"https:\/\/www.abert.org.br\/web\/\" target=\"_blank\" rel=\"noreferrer noopener\">Associa\u00e7\u00e3o Brasileira de Emissoras de R\u00e1dio e Televis\u00e3o (Abert<\/a><\/strong>) classificou de \u201cmuito preocupante\u201d a\u00a0<strong><a href=\"https:\/\/revistaoeste.com\/politica\/mpf-pede-cassacao-de-concessoes-da-jovem-pan\/\" target=\"_blank\" rel=\"noreferrer noopener\">a\u00e7\u00e3o do Minist\u00e9rio P\u00fablico Federal (MPF) que pediu a cassa\u00e7\u00e3o de tr\u00eas concess\u00f5es da Jovem Pan<\/a>.<\/strong> A empresa \u00e9 acusada de espalhar desinforma\u00e7\u00e3o e<em><span class=\"has-inline-color has-black-color\"> \u201cfake news\u201d<\/span><\/em>.<\/p>\n\n\n\n<blockquote class=\"wp-block-quote is-layout-flow wp-block-quote-is-layout-flow\"><p><span class=\"has-inline-color has-luminous-vivid-orange-color\">A liberdade de programa\u00e7\u00e3o das emissoras \u00e9 fundamental para o livre exerc\u00edcio do jornalismo e para a exist\u00eancia do pluralismo de opini\u00e3o, que devem ser sempre preservados\u201d, disse a Abert, que representa mais de tr\u00eas mil companhias privadas de r\u00e1dio e televis\u00e3o. \u201cA Abert estar\u00e1 vigilante na defesa da liberdade de express\u00e3o e de imprensa e acompanhar\u00e1 os desdobramentos da a\u00e7\u00e3o\u201d.<\/span><\/p><\/blockquote>\n\n\n\n<div class=\"wp-block-image\"><figure class=\"aligncenter size-large\"><img decoding=\"async\" src=\"https:\/\/jornalfatosenoticias.com.br\/wp-content\/uploads\/2020\/02\/barao-das-carnes-300x164-1.jpg\" alt=\"\" class=\"wp-image-34339\"\/><\/figure><\/div>\n\n\n\n<p>Em nota, a Jovem Pan informou que a defesa da emissora \u201cser\u00e1 manifestada exclusivamente nos autos do processo\u201d. O grupo reafirmou ainda que, ao longo de 80 anos, seu compromisso sempre foi com a sociedade brasileira e a democracia.<\/p>\n\n\n\n<div class=\"wp-block-image\"><figure class=\"aligncenter size-large is-resized\"><img loading=\"lazy\" decoding=\"async\" src=\"https:\/\/jornalfatosenoticias.com.br\/wp-content\/uploads\/2022\/02\/Banner-2.png\" alt=\"\" class=\"wp-image-27877\" width=\"268\" height=\"223\"\/><\/figure><\/div>\n\n\n\n<p><strong><span class=\"has-inline-color has-vivid-red-color\">A\u00e7\u00e3o de cassa\u00e7\u00e3o de concess\u00f5es da Jovem Pan<br><\/span>Oeste<\/strong> noticiou ontem que o MPF moveu uma a\u00e7\u00e3o civil p\u00fablica contra a Jovem Pan. No processo, o MPF acusa a emissora de \u201calinhamento \u00e0 campanha de desinforma\u00e7\u00e3o que se instalou no pa\u00eds ao longo de 2022 at\u00e9 o in\u00edcio deste ano, com veicula\u00e7\u00e3o sistem\u00e1tica, em sua programa\u00e7\u00e3o, de conte\u00fados que atentaram contra o regime democr\u00e1tico\u201d.<\/p>\n\n\n\n<div class=\"wp-block-image\"><figure class=\"aligncenter size-large\"><img decoding=\"async\" src=\"https:\/\/jornalfatosenoticias.com.br\/wp-content\/uploads\/2020\/02\/logo_esteio.jpg\" alt=\"\" class=\"wp-image-1214\"\/><\/figure><\/div>\n\n\n\n<p>O MPF disse que as condutas praticadas pela Jovem Pan \u201cviolaram diretamente a Constitui\u00e7\u00e3o e a legisla\u00e7\u00e3o que trata do servi\u00e7o p\u00fablico de transmiss\u00e3o em r\u00e1dio e TV\u201d.<\/p>\n\n\n\n<p><strong><em>Fonte: <a href=\"https:\/\/revistaoeste.com\/imprensa\/jovem-pan-grupo-com-mais-de-3-mil-emissoras-se-manifesta-sobre-cassacao-de-concessoes\/\">Revista Oeste<\/a><\/em><\/strong><\/p>\n","protected":false},"excerpt":{"rendered":"<p>Abert classificou ataques \u00e0 r\u00e1dio de &#8216;muito preocupantes&#8217; Por Cristyan Costa A Associa\u00e7\u00e3o Brasileira de Emissoras de R\u00e1dio e Televis\u00e3o (Abert) classificou de \u201cmuito preocupante\u201d a\u00a0a\u00e7\u00e3o do Minist\u00e9rio P\u00fablico Federal (MPF) que pediu a cassa\u00e7\u00e3o de tr\u00eas concess\u00f5es da Jovem Pan. A empresa \u00e9 acusada de espalhar desinforma\u00e7\u00e3o e \u201cfake news\u201d. A liberdade de programa\u00e7\u00e3o [&hellip;]<\/p>\n","protected":false},"author":2,"featured_media":42842,"comment_status":"open","ping_status":"open","sticky":false,"template":"","format":"standard","meta":{"footnotes":""},"categories":[5],"tags":[20161,20162,16935,20163,19798,17882,10756,20164],"class_list":["post-42841","post","type-post","status-publish","format-standard","has-post-thumbnail","hentry","category-geral","tag-ataque-a-constituicao","tag-jovem-pan","tag-liberdade-de-expressao","tag-liberdade-de-imprensa","tag-ministerio-publico-federal","tag-mpf","tag-violacao-de-direitos","tag-violacao-de-direitos-constitucionais"],"yoast_head":"<!-- This site is optimized with the Yoast SEO plugin v26.5 - https:\/\/yoast.com\/wordpress\/plugins\/seo\/ -->\n<title>Jovem Pan: grupo com mais de tr\u00eas mil emissoras se manifesta sobre cassa\u00e7\u00e3o de concess\u00f5es - Jornal Fatos e Not\u00edcias<\/title>\n<meta name=\"robots\" content=\"index, follow, max-snippet:-1, max-image-preview:large, max-video-preview:-1\" \/>\n<link rel=\"canonical\" href=\"https:\/\/jornalfatosenoticias.com.br\/index.php\/2023\/06\/28\/jovem-pan-grupo-com-mais-de-tres-mil-emissoras-se-manifesta-sobre-cassacao-de-concessoes\/\" \/>\n<meta property=\"og:locale\" content=\"pt_BR\" \/>\n<meta property=\"og:type\" content=\"article\" \/>\n<meta property=\"og:title\" content=\"Jovem Pan: grupo com mais de tr\u00eas mil emissoras se manifesta sobre cassa\u00e7\u00e3o de concess\u00f5es - Jornal Fatos e Not\u00edcias\" \/>\n<meta property=\"og:description\" content=\"Abert classificou ataques \u00e0 r\u00e1dio de &#8216;muito preocupantes&#8217; Por Cristyan Costa A Associa\u00e7\u00e3o Brasileira de Emissoras de R\u00e1dio e Televis\u00e3o (Abert) classificou de \u201cmuito preocupante\u201d a\u00a0a\u00e7\u00e3o do Minist\u00e9rio P\u00fablico Federal (MPF) que pediu a cassa\u00e7\u00e3o de tr\u00eas concess\u00f5es da Jovem Pan. A empresa \u00e9 acusada de espalhar desinforma\u00e7\u00e3o e \u201cfake news\u201d. A liberdade de programa\u00e7\u00e3o [&hellip;]\" \/>\n<meta property=\"og:url\" content=\"https:\/\/jornalfatosenoticias.com.br\/index.php\/2023\/06\/28\/jovem-pan-grupo-com-mais-de-tres-mil-emissoras-se-manifesta-sobre-cassacao-de-concessoes\/\" \/>\n<meta property=\"og:site_name\" content=\"Jornal Fatos e Not\u00edcias\" \/>\n<meta property=\"article:published_time\" content=\"2023-06-28T13:35:43+00:00\" \/>\n<meta property=\"article:modified_time\" content=\"2023-06-28T13:35:45+00:00\" \/>\n<meta property=\"og:image\" content=\"https:\/\/jornalfatosenoticias.com.br\/wp-content\/uploads\/2023\/06\/jovem-pan-perseguicao.jpg\" \/>\n\t<meta property=\"og:image:width\" content=\"1000\" \/>\n\t<meta property=\"og:image:height\" content=\"647\" \/>\n\t<meta property=\"og:image:type\" content=\"image\/jpeg\" \/>\n<meta name=\"author\" content=\"Luzimara Fernandes\" \/>\n<meta name=\"twitter:card\" content=\"summary_large_image\" \/>\n<meta name=\"twitter:label1\" content=\"Escrito por\" \/>\n\t<meta name=\"twitter:data1\" content=\"Luzimara Fernandes\" \/>\n\t<meta name=\"twitter:label2\" content=\"Est. tempo de leitura\" \/>\n\t<meta name=\"twitter:data2\" content=\"1 minuto\" \/>\n<script type=\"application\/ld+json\" class=\"yoast-schema-graph\">{\"@context\":\"https:\/\/schema.org\",\"@graph\":[{\"@type\":\"Article\",\"@id\":\"https:\/\/jornalfatosenoticias.com.br\/index.php\/2023\/06\/28\/jovem-pan-grupo-com-mais-de-tres-mil-emissoras-se-manifesta-sobre-cassacao-de-concessoes\/#article\",\"isPartOf\":{\"@id\":\"https:\/\/jornalfatosenoticias.com.br\/index.php\/2023\/06\/28\/jovem-pan-grupo-com-mais-de-tres-mil-emissoras-se-manifesta-sobre-cassacao-de-concessoes\/\"},\"author\":{\"name\":\"Luzimara Fernandes\",\"@id\":\"https:\/\/jornalfatosenoticias.com.br\/#\/schema\/person\/d63837fa13ac8666eb9e74e0985d6f81\"},\"headline\":\"Jovem Pan: grupo com mais de tr\u00eas mil emissoras se manifesta sobre cassa\u00e7\u00e3o de concess\u00f5es\",\"datePublished\":\"2023-06-28T13:35:43+00:00\",\"dateModified\":\"2023-06-28T13:35:45+00:00\",\"mainEntityOfPage\":{\"@id\":\"https:\/\/jornalfatosenoticias.com.br\/index.php\/2023\/06\/28\/jovem-pan-grupo-com-mais-de-tres-mil-emissoras-se-manifesta-sobre-cassacao-de-concessoes\/\"},\"wordCount\":298,\"commentCount\":0,\"publisher\":{\"@id\":\"https:\/\/jornalfatosenoticias.com.br\/#organization\"},\"image\":{\"@id\":\"https:\/\/jornalfatosenoticias.com.br\/index.php\/2023\/06\/28\/jovem-pan-grupo-com-mais-de-tres-mil-emissoras-se-manifesta-sobre-cassacao-de-concessoes\/#primaryimage\"},\"thumbnailUrl\":\"https:\/\/jornalfatosenoticias.com.br\/wp-content\/uploads\/2023\/06\/jovem-pan-perseguicao.jpg\",\"keywords\":[\"ataque \u00e0 Constitui\u00e7\u00e3o\",\"Jovem Pan\",\"liberdade de express\u00e3o\",\"liberdade de imprensa\",\"Minist\u00e9rio P\u00fablico Federal\",\"MPF\",\"viola\u00e7\u00e3o de direitos\",\"viola\u00e7\u00e3o de direitos constitucionais\"],\"articleSection\":[\"Geral\"],\"inLanguage\":\"pt-BR\",\"potentialAction\":[{\"@type\":\"CommentAction\",\"name\":\"Comment\",\"target\":[\"https:\/\/jornalfatosenoticias.com.br\/index.php\/2023\/06\/28\/jovem-pan-grupo-com-mais-de-tres-mil-emissoras-se-manifesta-sobre-cassacao-de-concessoes\/#respond\"]}]},{\"@type\":\"WebPage\",\"@id\":\"https:\/\/jornalfatosenoticias.com.br\/index.php\/2023\/06\/28\/jovem-pan-grupo-com-mais-de-tres-mil-emissoras-se-manifesta-sobre-cassacao-de-concessoes\/\",\"url\":\"https:\/\/jornalfatosenoticias.com.br\/index.php\/2023\/06\/28\/jovem-pan-grupo-com-mais-de-tres-mil-emissoras-se-manifesta-sobre-cassacao-de-concessoes\/\",\"name\":\"Jovem Pan: grupo com mais de tr\u00eas mil emissoras se manifesta sobre cassa\u00e7\u00e3o de concess\u00f5es - Jornal Fatos e Not\u00edcias\",\"isPartOf\":{\"@id\":\"https:\/\/jornalfatosenoticias.com.br\/#website\"},\"primaryImageOfPage\":{\"@id\":\"https:\/\/jornalfatosenoticias.com.br\/index.php\/2023\/06\/28\/jovem-pan-grupo-com-mais-de-tres-mil-emissoras-se-manifesta-sobre-cassacao-de-concessoes\/#primaryimage\"},\"image\":{\"@id\":\"https:\/\/jornalfatosenoticias.com.br\/index.php\/2023\/06\/28\/jovem-pan-grupo-com-mais-de-tres-mil-emissoras-se-manifesta-sobre-cassacao-de-concessoes\/#primaryimage\"},\"thumbnailUrl\":\"https:\/\/jornalfatosenoticias.com.br\/wp-content\/uploads\/2023\/06\/jovem-pan-perseguicao.jpg\",\"datePublished\":\"2023-06-28T13:35:43+00:00\",\"dateModified\":\"2023-06-28T13:35:45+00:00\",\"breadcrumb\":{\"@id\":\"https:\/\/jornalfatosenoticias.com.br\/index.php\/2023\/06\/28\/jovem-pan-grupo-com-mais-de-tres-mil-emissoras-se-manifesta-sobre-cassacao-de-concessoes\/#breadcrumb\"},\"inLanguage\":\"pt-BR\",\"potentialAction\":[{\"@type\":\"ReadAction\",\"target\":[\"https:\/\/jornalfatosenoticias.com.br\/index.php\/2023\/06\/28\/jovem-pan-grupo-com-mais-de-tres-mil-emissoras-se-manifesta-sobre-cassacao-de-concessoes\/\"]}]},{\"@type\":\"ImageObject\",\"inLanguage\":\"pt-BR\",\"@id\":\"https:\/\/jornalfatosenoticias.com.br\/index.php\/2023\/06\/28\/jovem-pan-grupo-com-mais-de-tres-mil-emissoras-se-manifesta-sobre-cassacao-de-concessoes\/#primaryimage\",\"url\":\"https:\/\/jornalfatosenoticias.com.br\/wp-content\/uploads\/2023\/06\/jovem-pan-perseguicao.jpg\",\"contentUrl\":\"https:\/\/jornalfatosenoticias.com.br\/wp-content\/uploads\/2023\/06\/jovem-pan-perseguicao.jpg\",\"width\":1000,\"height\":647},{\"@type\":\"BreadcrumbList\",\"@id\":\"https:\/\/jornalfatosenoticias.com.br\/index.php\/2023\/06\/28\/jovem-pan-grupo-com-mais-de-tres-mil-emissoras-se-manifesta-sobre-cassacao-de-concessoes\/#breadcrumb\",\"itemListElement\":[{\"@type\":\"ListItem\",\"position\":1,\"name\":\"In\u00edcio\",\"item\":\"https:\/\/jornalfatosenoticias.com.br\/\"},{\"@type\":\"ListItem\",\"position\":2,\"name\":\"Jovem Pan: grupo com mais de tr\u00eas mil emissoras se manifesta sobre cassa\u00e7\u00e3o de concess\u00f5es\"}]},{\"@type\":\"WebSite\",\"@id\":\"https:\/\/jornalfatosenoticias.com.br\/#website\",\"url\":\"https:\/\/jornalfatosenoticias.com.br\/\",\"name\":\"Jornal Fatos e Not\u00edcias\",\"description\":\"Not\u00edcias em geral\",\"publisher\":{\"@id\":\"https:\/\/jornalfatosenoticias.com.br\/#organization\"},\"potentialAction\":[{\"@type\":\"SearchAction\",\"target\":{\"@type\":\"EntryPoint\",\"urlTemplate\":\"https:\/\/jornalfatosenoticias.com.br\/?s={search_term_string}\"},\"query-input\":{\"@type\":\"PropertyValueSpecification\",\"valueRequired\":true,\"valueName\":\"search_term_string\"}}],\"inLanguage\":\"pt-BR\"},{\"@type\":\"Organization\",\"@id\":\"https:\/\/jornalfatosenoticias.com.br\/#organization\",\"name\":\"Jornal Fatos e Not\u00edcias\",\"url\":\"https:\/\/jornalfatosenoticias.com.br\/\",\"logo\":{\"@type\":\"ImageObject\",\"inLanguage\":\"pt-BR\",\"@id\":\"https:\/\/jornalfatosenoticias.com.br\/#\/schema\/logo\/image\/\",\"url\":\"https:\/\/jornalfatosenoticias.com.br\/wp-content\/uploads\/2020\/02\/logo120.png\",\"contentUrl\":\"https:\/\/jornalfatosenoticias.com.br\/wp-content\/uploads\/2020\/02\/logo120.png\",\"width\":1227,\"height\":120,\"caption\":\"Jornal Fatos e Not\u00edcias\"},\"image\":{\"@id\":\"https:\/\/jornalfatosenoticias.com.br\/#\/schema\/logo\/image\/\"}},{\"@type\":\"Person\",\"@id\":\"https:\/\/jornalfatosenoticias.com.br\/#\/schema\/person\/d63837fa13ac8666eb9e74e0985d6f81\",\"name\":\"Luzimara Fernandes\",\"image\":{\"@type\":\"ImageObject\",\"inLanguage\":\"pt-BR\",\"@id\":\"https:\/\/jornalfatosenoticias.com.br\/#\/schema\/person\/image\/\",\"url\":\"https:\/\/jornalfatosenoticias.com.br\/wp-content\/uploads\/2025\/05\/EU_portal.jpg\",\"contentUrl\":\"https:\/\/jornalfatosenoticias.com.br\/wp-content\/uploads\/2025\/05\/EU_portal.jpg\",\"caption\":\"Luzimara Fernandes\"},\"description\":\"Jornalista MTB 2358-ES\",\"sameAs\":[\"https:\/\/jornalfatosenoticias.com.br\"],\"url\":\"https:\/\/jornalfatosenoticias.com.br\/index.php\/author\/luzimara\/\"}]}<\/script>\n<!-- \/ Yoast SEO plugin. -->","yoast_head_json":{"title":"Jovem Pan: grupo com mais de tr\u00eas mil emissoras se manifesta sobre cassa\u00e7\u00e3o de concess\u00f5es - Jornal Fatos e Not\u00edcias","robots":{"index":"index","follow":"follow","max-snippet":"max-snippet:-1","max-image-preview":"max-image-preview:large","max-video-preview":"max-video-preview:-1"},"canonical":"https:\/\/jornalfatosenoticias.com.br\/index.php\/2023\/06\/28\/jovem-pan-grupo-com-mais-de-tres-mil-emissoras-se-manifesta-sobre-cassacao-de-concessoes\/","og_locale":"pt_BR","og_type":"article","og_title":"Jovem Pan: grupo com mais de tr\u00eas mil emissoras se manifesta sobre cassa\u00e7\u00e3o de concess\u00f5es - Jornal Fatos e Not\u00edcias","og_description":"Abert classificou ataques \u00e0 r\u00e1dio de &#8216;muito preocupantes&#8217; Por Cristyan Costa A Associa\u00e7\u00e3o Brasileira de Emissoras de R\u00e1dio e Televis\u00e3o (Abert) classificou de \u201cmuito preocupante\u201d a\u00a0a\u00e7\u00e3o do Minist\u00e9rio P\u00fablico Federal (MPF) que pediu a cassa\u00e7\u00e3o de tr\u00eas concess\u00f5es da Jovem Pan. A empresa \u00e9 acusada de espalhar desinforma\u00e7\u00e3o e \u201cfake news\u201d. A liberdade de programa\u00e7\u00e3o [&hellip;]","og_url":"https:\/\/jornalfatosenoticias.com.br\/index.php\/2023\/06\/28\/jovem-pan-grupo-com-mais-de-tres-mil-emissoras-se-manifesta-sobre-cassacao-de-concessoes\/","og_site_name":"Jornal Fatos e Not\u00edcias","article_published_time":"2023-06-28T13:35:43+00:00","article_modified_time":"2023-06-28T13:35:45+00:00","og_image":[{"width":1000,"height":647,"url":"https:\/\/jornalfatosenoticias.com.br\/wp-content\/uploads\/2023\/06\/jovem-pan-perseguicao.jpg","type":"image\/jpeg"}],"author":"Luzimara Fernandes","twitter_card":"summary_large_image","twitter_misc":{"Escrito por":"Luzimara Fernandes","Est. tempo de leitura":"1 minuto"},"schema":{"@context":"https:\/\/schema.org","@graph":[{"@type":"Article","@id":"https:\/\/jornalfatosenoticias.com.br\/index.php\/2023\/06\/28\/jovem-pan-grupo-com-mais-de-tres-mil-emissoras-se-manifesta-sobre-cassacao-de-concessoes\/#article","isPartOf":{"@id":"https:\/\/jornalfatosenoticias.com.br\/index.php\/2023\/06\/28\/jovem-pan-grupo-com-mais-de-tres-mil-emissoras-se-manifesta-sobre-cassacao-de-concessoes\/"},"author":{"name":"Luzimara Fernandes","@id":"https:\/\/jornalfatosenoticias.com.br\/#\/schema\/person\/d63837fa13ac8666eb9e74e0985d6f81"},"headline":"Jovem Pan: grupo com mais de tr\u00eas mil emissoras se manifesta sobre cassa\u00e7\u00e3o de concess\u00f5es","datePublished":"2023-06-28T13:35:43+00:00","dateModified":"2023-06-28T13:35:45+00:00","mainEntityOfPage":{"@id":"https:\/\/jornalfatosenoticias.com.br\/index.php\/2023\/06\/28\/jovem-pan-grupo-com-mais-de-tres-mil-emissoras-se-manifesta-sobre-cassacao-de-concessoes\/"},"wordCount":298,"commentCount":0,"publisher":{"@id":"https:\/\/jornalfatosenoticias.com.br\/#organization"},"image":{"@id":"https:\/\/jornalfatosenoticias.com.br\/index.php\/2023\/06\/28\/jovem-pan-grupo-com-mais-de-tres-mil-emissoras-se-manifesta-sobre-cassacao-de-concessoes\/#primaryimage"},"thumbnailUrl":"https:\/\/jornalfatosenoticias.com.br\/wp-content\/uploads\/2023\/06\/jovem-pan-perseguicao.jpg","keywords":["ataque \u00e0 Constitui\u00e7\u00e3o","Jovem Pan","liberdade de express\u00e3o","liberdade de imprensa","Minist\u00e9rio P\u00fablico Federal","MPF","viola\u00e7\u00e3o de direitos","viola\u00e7\u00e3o de direitos constitucionais"],"articleSection":["Geral"],"inLanguage":"pt-BR","potentialAction":[{"@type":"CommentAction","name":"Comment","target":["https:\/\/jornalfatosenoticias.com.br\/index.php\/2023\/06\/28\/jovem-pan-grupo-com-mais-de-tres-mil-emissoras-se-manifesta-sobre-cassacao-de-concessoes\/#respond"]}]},{"@type":"WebPage","@id":"https:\/\/jornalfatosenoticias.com.br\/index.php\/2023\/06\/28\/jovem-pan-grupo-com-mais-de-tres-mil-emissoras-se-manifesta-sobre-cassacao-de-concessoes\/","url":"https:\/\/jornalfatosenoticias.com.br\/index.php\/2023\/06\/28\/jovem-pan-grupo-com-mais-de-tres-mil-emissoras-se-manifesta-sobre-cassacao-de-concessoes\/","name":"Jovem Pan: grupo com mais de tr\u00eas mil emissoras se manifesta sobre cassa\u00e7\u00e3o de concess\u00f5es - Jornal Fatos e Not\u00edcias","isPartOf":{"@id":"https:\/\/jornalfatosenoticias.com.br\/#website"},"primaryImageOfPage":{"@id":"https:\/\/jornalfatosenoticias.com.br\/index.php\/2023\/06\/28\/jovem-pan-grupo-com-mais-de-tres-mil-emissoras-se-manifesta-sobre-cassacao-de-concessoes\/#primaryimage"},"image":{"@id":"https:\/\/jornalfatosenoticias.com.br\/index.php\/2023\/06\/28\/jovem-pan-grupo-com-mais-de-tres-mil-emissoras-se-manifesta-sobre-cassacao-de-concessoes\/#primaryimage"},"thumbnailUrl":"https:\/\/jornalfatosenoticias.com.br\/wp-content\/uploads\/2023\/06\/jovem-pan-perseguicao.jpg","datePublished":"2023-06-28T13:35:43+00:00","dateModified":"2023-06-28T13:35:45+00:00","breadcrumb":{"@id":"https:\/\/jornalfatosenoticias.com.br\/index.php\/2023\/06\/28\/jovem-pan-grupo-com-mais-de-tres-mil-emissoras-se-manifesta-sobre-cassacao-de-concessoes\/#breadcrumb"},"inLanguage":"pt-BR","potentialAction":[{"@type":"ReadAction","target":["https:\/\/jornalfatosenoticias.com.br\/index.php\/2023\/06\/28\/jovem-pan-grupo-com-mais-de-tres-mil-emissoras-se-manifesta-sobre-cassacao-de-concessoes\/"]}]},{"@type":"ImageObject","inLanguage":"pt-BR","@id":"https:\/\/jornalfatosenoticias.com.br\/index.php\/2023\/06\/28\/jovem-pan-grupo-com-mais-de-tres-mil-emissoras-se-manifesta-sobre-cassacao-de-concessoes\/#primaryimage","url":"https:\/\/jornalfatosenoticias.com.br\/wp-content\/uploads\/2023\/06\/jovem-pan-perseguicao.jpg","contentUrl":"https:\/\/jornalfatosenoticias.com.br\/wp-content\/uploads\/2023\/06\/jovem-pan-perseguicao.jpg","width":1000,"height":647},{"@type":"BreadcrumbList","@id":"https:\/\/jornalfatosenoticias.com.br\/index.php\/2023\/06\/28\/jovem-pan-grupo-com-mais-de-tres-mil-emissoras-se-manifesta-sobre-cassacao-de-concessoes\/#breadcrumb","itemListElement":[{"@type":"ListItem","position":1,"name":"In\u00edcio","item":"https:\/\/jornalfatosenoticias.com.br\/"},{"@type":"ListItem","position":2,"name":"Jovem Pan: grupo com mais de tr\u00eas mil emissoras se manifesta sobre cassa\u00e7\u00e3o de concess\u00f5es"}]},{"@type":"WebSite","@id":"https:\/\/jornalfatosenoticias.com.br\/#website","url":"https:\/\/jornalfatosenoticias.com.br\/","name":"Jornal Fatos e Not\u00edcias","description":"Not\u00edcias em geral","publisher":{"@id":"https:\/\/jornalfatosenoticias.com.br\/#organization"},"potentialAction":[{"@type":"SearchAction","target":{"@type":"EntryPoint","urlTemplate":"https:\/\/jornalfatosenoticias.com.br\/?s={search_term_string}"},"query-input":{"@type":"PropertyValueSpecification","valueRequired":true,"valueName":"search_term_string"}}],"inLanguage":"pt-BR"},{"@type":"Organization","@id":"https:\/\/jornalfatosenoticias.com.br\/#organization","name":"Jornal Fatos e Not\u00edcias","url":"https:\/\/jornalfatosenoticias.com.br\/","logo":{"@type":"ImageObject","inLanguage":"pt-BR","@id":"https:\/\/jornalfatosenoticias.com.br\/#\/schema\/logo\/image\/","url":"https:\/\/jornalfatosenoticias.com.br\/wp-content\/uploads\/2020\/02\/logo120.png","contentUrl":"https:\/\/jornalfatosenoticias.com.br\/wp-content\/uploads\/2020\/02\/logo120.png","width":1227,"height":120,"caption":"Jornal Fatos e Not\u00edcias"},"image":{"@id":"https:\/\/jornalfatosenoticias.com.br\/#\/schema\/logo\/image\/"}},{"@type":"Person","@id":"https:\/\/jornalfatosenoticias.com.br\/#\/schema\/person\/d63837fa13ac8666eb9e74e0985d6f81","name":"Luzimara Fernandes","image":{"@type":"ImageObject","inLanguage":"pt-BR","@id":"https:\/\/jornalfatosenoticias.com.br\/#\/schema\/person\/image\/","url":"https:\/\/jornalfatosenoticias.com.br\/wp-content\/uploads\/2025\/05\/EU_portal.jpg","contentUrl":"https:\/\/jornalfatosenoticias.com.br\/wp-content\/uploads\/2025\/05\/EU_portal.jpg","caption":"Luzimara Fernandes"},"description":"Jornalista MTB 2358-ES","sameAs":["https:\/\/jornalfatosenoticias.com.br"],"url":"https:\/\/jornalfatosenoticias.com.br\/index.php\/author\/luzimara\/"}]}},"cc_featured_image_caption":{"caption_text":"(Foto: Divulga\u00e7\u00e3o) ","source_text":"","source_url":""},"jetpack_featured_media_url":"https:\/\/jornalfatosenoticias.com.br\/wp-content\/uploads\/2023\/06\/jovem-pan-perseguicao.jpg","_links":{"self":[{"href":"https:\/\/jornalfatosenoticias.com.br\/index.php\/wp-json\/wp\/v2\/posts\/42841","targetHints":{"allow":["GET"]}}],"collection":[{"href":"https:\/\/jornalfatosenoticias.com.br\/index.php\/wp-json\/wp\/v2\/posts"}],"about":[{"href":"https:\/\/jornalfatosenoticias.com.br\/index.php\/wp-json\/wp\/v2\/types\/post"}],"author":[{"embeddable":true,"href":"https:\/\/jornalfatosenoticias.com.br\/index.php\/wp-json\/wp\/v2\/users\/2"}],"replies":[{"embeddable":true,"href":"https:\/\/jornalfatosenoticias.com.br\/index.php\/wp-json\/wp\/v2\/comments?post=42841"}],"version-history":[{"count":0,"href":"https:\/\/jornalfatosenoticias.com.br\/index.php\/wp-json\/wp\/v2\/posts\/42841\/revisions"}],"wp:featuredmedia":[{"embeddable":true,"href":"https:\/\/jornalfatosenoticias.com.br\/index.php\/wp-json\/wp\/v2\/media\/42842"}],"wp:attachment":[{"href":"https:\/\/jornalfatosenoticias.com.br\/index.php\/wp-json\/wp\/v2\/media?parent=42841"}],"wp:term":[{"taxonomy":"category","embeddable":true,"href":"https:\/\/jornalfatosenoticias.com.br\/index.php\/wp-json\/wp\/v2\/categories?post=42841"},{"taxonomy":"post_tag","embeddable":true,"href":"https:\/\/jornalfatosenoticias.com.br\/index.php\/wp-json\/wp\/v2\/tags?post=42841"}],"curies":[{"name":"wp","href":"https:\/\/api.w.org\/{rel}","templated":true}]}}