{"id":42870,"date":"2023-06-29T17:53:47","date_gmt":"2023-06-29T20:53:47","guid":{"rendered":"https:\/\/jornalfatosenoticias.com.br\/?p=42870"},"modified":"2023-06-29T17:53:48","modified_gmt":"2023-06-29T20:53:48","slug":"a-semana-em-brasilia-dos-10-piores-estados-do-brasil-para-se-viver-oito-sao-no-nordeste-e-governados-pela-esquerda","status":"publish","type":"post","link":"https:\/\/jornalfatosenoticias.com.br\/index.php\/2023\/06\/29\/a-semana-em-brasilia-dos-10-piores-estados-do-brasil-para-se-viver-oito-sao-no-nordeste-e-governados-pela-esquerda\/","title":{"rendered":"A Semana em Bras\u00edlia \u2014 Dos 10 piores estados do Brasil para se viver, oito s\u00e3o no Nordeste e governados pela esquerda"},"content":{"rendered":"\n<div class=\"wp-block-image\"><figure class=\"aligncenter size-large\"><img loading=\"lazy\" decoding=\"async\" width=\"1024\" height=\"111\" src=\"https:\/\/jornalfatosenoticias.com.br\/wp-content\/uploads\/2020\/02\/WhatsApp-Image-2022-09-23-at-12.09.18-1024x111.jpeg\" alt=\"\" class=\"wp-image-34527\" srcset=\"https:\/\/jornalfatosenoticias.com.br\/wp-content\/uploads\/2020\/02\/WhatsApp-Image-2022-09-23-at-12.09.18-1024x111.jpeg 1024w, https:\/\/jornalfatosenoticias.com.br\/wp-content\/uploads\/2020\/02\/WhatsApp-Image-2022-09-23-at-12.09.18-300x32.jpeg 300w, https:\/\/jornalfatosenoticias.com.br\/wp-content\/uploads\/2020\/02\/WhatsApp-Image-2022-09-23-at-12.09.18-768x83.jpeg 768w, https:\/\/jornalfatosenoticias.com.br\/wp-content\/uploads\/2020\/02\/WhatsApp-Image-2022-09-23-at-12.09.18.jpeg 1121w\" sizes=\"auto, (max-width: 1024px) 100vw, 1024px\" \/><\/figure><\/div>\n\n\n\n<p>Um levantamento in\u00e9dito aponta quais s\u00e3o os piores lugares para se viver no Pa\u00eds. Pesquisa levou \u00edndices de sa\u00fade e educa\u00e7\u00e3o em considera\u00e7\u00e3o. A desigualdade presente no Brasil pode ser vista atrav\u00e9s dos estados. Embora tenha muitas riquezas, elas n\u00e3o s\u00e3o bem distribu\u00eddas entre a popula\u00e7\u00e3o. Como consequ\u00eancia, existem lugares em que a qualidade de vida \u00e9 maior, enquanto outros lugares a qualidade de vida \u00e9 baixa. De forma geral, a parte sul do Pa\u00eds apresenta melhores \u00edndices do que a parte norte. As informa\u00e7\u00f5es s\u00e3o do Programa Nacional de Acesso ao Ensino T\u00e9cnico e Emprego (Pronatec).<br>Um levantamento do \u2018Brasil em Mapas\u2019 divulgou os dez melhores estados para se viver e os dez piores estados para se viver. Atrav\u00e9s de dados do Atlas do desenvolvimento Humano\/PNDU Brasil, a Pesquisa Nacional por Amostra de Domic\u00edlios Cont\u00ednuos (PNDA-C) do IBGE para o dado trimestral do desemprego (desocupa\u00e7\u00e3o), do f\u00f3rum Brasileiro de Seguran\u00e7a P\u00fablica (FBSP) 2022 e taxa de homic\u00eddios, foi poss\u00edvel realizar o levantamento.<\/p>\n\n\n\n<h3 class=\"wp-block-heading\"><strong><span class=\"has-inline-color has-black-color\">Os 10 melhores lugares para se viver no Pa\u00eds<\/span><\/strong><\/h3>\n\n\n\n<div class=\"wp-block-image\"><figure class=\"aligncenter size-large\"><img loading=\"lazy\" decoding=\"async\" width=\"1000\" height=\"666\" src=\"https:\/\/jornalfatosenoticias.com.br\/wp-content\/uploads\/2023\/06\/pobreza_Brasil.jpeg\" alt=\"\" class=\"wp-image-42879\" srcset=\"https:\/\/jornalfatosenoticias.com.br\/wp-content\/uploads\/2023\/06\/pobreza_Brasil.jpeg 1000w, https:\/\/jornalfatosenoticias.com.br\/wp-content\/uploads\/2023\/06\/pobreza_Brasil-300x200.jpeg 300w, https:\/\/jornalfatosenoticias.com.br\/wp-content\/uploads\/2023\/06\/pobreza_Brasil-768x511.jpeg 768w\" sizes=\"auto, (max-width: 1000px) 100vw, 1000px\" \/><figcaption><em><span class=\"has-inline-color has-black-color\">Cidade mais pobre do Pa\u00eds fica na Bahia (Foto: Reprodu\u00e7\u00e3o)<\/span><\/em><\/figcaption><\/figure><\/div>\n\n\n\n<ol class=\"wp-block-list\"><li>S\u00e3o Paulo<\/li><li>Santa Catarina<\/li><li>Distrito Federal<\/li><li>Paran\u00e1<\/li><li>Rio Grande do Sul<\/li><li>Mato Grosso do Sul<\/li><li>Rio de Janeiro<\/li><li>Goi\u00e1s<\/li><li>Minas Gerais <\/li><li>Mato Grosso.<\/li><\/ol>\n\n\n\n<div class=\"wp-block-image\"><figure class=\"aligncenter size-large\"><img loading=\"lazy\" decoding=\"async\" width=\"300\" height=\"137\" src=\"https:\/\/jornalfatosenoticias.com.br\/wp-content\/uploads\/2023\/06\/LOGO_JULIANA-GRACA_PORTAL.jpg\" alt=\"\" class=\"wp-image-42597\"\/><\/figure><\/div>\n\n\n\n<p>Mas afinal, quais s\u00e3o os piores estados para se viver no Pa\u00eds? Esta \u00e9 a lista com os piores estados do Brasil, quando o tema \u00e9 qualidade de vida: <\/p>\n\n\n\n<ol class=\"wp-block-list\"><li>Alagoas<\/li><li>Maranh\u00e3o<\/li><li>Piau\u00ed<\/li><li>Bahia<\/li><li>Para\u00edba<\/li><li>Pernambuco<\/li><li>Cear\u00e1<\/li><li>Sergipe;<\/li><li>Par\u00e1 <\/li><li>Acre. <strong>(Fonte: Terra Brasil Not\u00edcias)<\/strong><\/li><\/ol>\n\n\n\n<div class=\"wp-block-image\"><figure class=\"aligncenter size-large is-resized\"><img loading=\"lazy\" decoding=\"async\" src=\"https:\/\/jornalfatosenoticias.com.br\/wp-content\/uploads\/2022\/10\/RC_800x750_page-0001.jpg\" alt=\"\" class=\"wp-image-35338\" width=\"259\" height=\"243\" srcset=\"https:\/\/jornalfatosenoticias.com.br\/wp-content\/uploads\/2022\/10\/RC_800x750_page-0001.jpg 400w, https:\/\/jornalfatosenoticias.com.br\/wp-content\/uploads\/2022\/10\/RC_800x750_page-0001-300x281.jpg 300w\" sizes=\"auto, (max-width: 259px) 100vw, 259px\" \/><\/figure><\/div>\n\n\n\n<hr class=\"wp-block-separator\"\/>\n\n\n\n<p><span class=\"has-inline-color has-black-color\"><strong>Ubiratan Sanderson cria projeto de lei para anistiar Bolsonaro<br><\/strong>Por <a href=\"https:\/\/www.conexaopolitica.com.br\/author\/raul\/\">Raul Holderf Nascimento<\/a><\/span><\/p>\n\n\n\n<div class=\"wp-block-image\"><figure class=\"aligncenter size-large\"><img loading=\"lazy\" decoding=\"async\" width=\"750\" height=\"375\" src=\"https:\/\/jornalfatosenoticias.com.br\/wp-content\/uploads\/2023\/06\/Ubiratan-Sanderson.jpg\" alt=\"\" class=\"wp-image-42871\" srcset=\"https:\/\/jornalfatosenoticias.com.br\/wp-content\/uploads\/2023\/06\/Ubiratan-Sanderson.jpg 750w, https:\/\/jornalfatosenoticias.com.br\/wp-content\/uploads\/2023\/06\/Ubiratan-Sanderson-300x150.jpg 300w\" sizes=\"auto, (max-width: 750px) 100vw, 750px\" \/><figcaption><em><span class=\"has-inline-color has-black-color\">(Foto: C\u00e2mara dos Deputados\/Gerdan Wesley)<\/span><\/em><\/figcaption><\/figure><\/div>\n\n\n\n<p>O deputado federal Ubiratan Sanderson (PL-RS) fez um projeto de lei (PL) para anistiar o ex-presidente Jair Bolsonaro, caso ele se torne ineleg\u00edvel por decis\u00e3o do Tribunal Superior Eleitoral (TSE). A expectativa \u00e9 que a proposta seja protocolizada na C\u00e2mara. <\/p>\n\n\n\n<blockquote class=\"wp-block-quote is-layout-flow wp-block-quote-is-layout-flow\"><p><span class=\"has-inline-color has-luminous-vivid-orange-color\">O projeto vai anistiar os casos que configurem il\u00edcitos eleitorais, como o julgamento de Bolsonaro\u201d, sustenta Sanderson. \u201cNem crime eleitoral ele cometeu, seria apenas um crime de menor potencial ofensivo. Sem relev\u00e2ncia penal alguma, querem calar o maior l\u00edder da direita no Brasil\u201d, emenda.<\/span><\/p><\/blockquote>\n\n\n\n<div class=\"wp-block-image\"><figure class=\"aligncenter size-large is-resized\"><img loading=\"lazy\" decoding=\"async\" src=\"https:\/\/jornalfatosenoticias.com.br\/wp-content\/uploads\/2022\/02\/Banner-2.png\" alt=\"\" class=\"wp-image-27877\" width=\"252\" height=\"210\"\/><\/figure><\/div>\n\n\n\n<p>O julgamento do ex-mandat\u00e1rio no TSE j\u00e1 tem voto para conden\u00e1-lo. O relator Benedito Gon\u00e7alves votou, na ter\u00e7a-feira (27), para que Bolsonaro fique ineleg\u00edvel por oito anos \u2014 a contar a partir do pleito de 2022. Segundo Gon\u00e7alves, Bolsonaro cometeu pr\u00e1tica de abuso de poder pol\u00edtico e uso indevido dos meios de comunica\u00e7\u00e3o. O PDT, sigla de Ciro Gomes, foi quem acionou o TSE para enquadrar o direitista como ineleg\u00edvel. A legenda de esquerda alega que Bolsonaro atentou contra a democracia e disseminou informa\u00e7\u00f5es falsas ao se reunir, em Bras\u00edlia, com embaixadores, em julho do ano passado.<\/p>\n\n\n\n<div class=\"wp-block-image\"><figure class=\"aligncenter size-large\"><img decoding=\"async\" src=\"https:\/\/jornalfatosenoticias.com.br\/wp-content\/uploads\/2020\/02\/barao-das-carnes-300x164-1.jpg\" alt=\"\" class=\"wp-image-34339\"\/><\/figure><\/div>\n\n\n\n<p>Sanderson, no entanto, diz que \u201ca reuni\u00e3o de Bolsonaro com embaixadores n\u00e3o trouxe preju\u00edzo e nem vantagem eleitoral para ningu\u00e9m\u201d. Ainda segundo ele, \u201ccaso ele seja condenado a inelegibilidade, teremos um projeto de anistia cumprindo todos os requisitos constitucionais e legais\u201d.<br>O projeto do ga\u00facho n\u00e3o visa beneficiar crimes hediondos, violentos nem de corrup\u00e7\u00e3o. \u201cTemos o apoio de toda a bancada do Partido Liberal e de in\u00fameros outros deputados de oposi\u00e7\u00e3o, que s\u00e3o de outros partidos\u201d, afirmou. \u201cTenho convic\u00e7\u00e3o de que o projeto vai tramitar de uma forma r\u00e1pida na C\u00e2mara. Sendo aprovado aqui, vai ao Senado e, depois, para a san\u00e7\u00e3o presidencial\u201d, concluiu. <strong>(Fonte: Conex\u00e3o Pol\u00edtica)<\/strong><\/p>\n\n\n\n<div class=\"wp-block-image\"><figure class=\"aligncenter size-large\"><img loading=\"lazy\" decoding=\"async\" width=\"729\" height=\"90\" src=\"https:\/\/jornalfatosenoticias.com.br\/wp-content\/uploads\/2020\/02\/Logo_Mizu.png\" alt=\"\" class=\"wp-image-1441\" srcset=\"https:\/\/jornalfatosenoticias.com.br\/wp-content\/uploads\/2020\/02\/Logo_Mizu.png 729w, https:\/\/jornalfatosenoticias.com.br\/wp-content\/uploads\/2020\/02\/Logo_Mizu-300x37.png 300w\" sizes=\"auto, (max-width: 729px) 100vw, 729px\" \/><\/figure><\/div>\n\n\n\n<hr class=\"wp-block-separator\"\/>\n\n\n\n<p><strong><span class=\"has-inline-color has-black-color\">Apostando em cassa\u00e7\u00e3o de Moro, PT come\u00e7a a discutir vaga que ainda nem existe<br><\/span><\/strong><span class=\"has-inline-color has-black-color\">Por<\/span> <a href=\"https:\/\/www.conexaopolitica.com.br\/author\/marcos\/\">Marcos Rocha<\/a><\/p>\n\n\n\n<div class=\"wp-block-image\"><figure class=\"aligncenter size-large\"><img loading=\"lazy\" decoding=\"async\" width=\"1000\" height=\"556\" src=\"https:\/\/jornalfatosenoticias.com.br\/wp-content\/uploads\/2023\/06\/pt-quer-vaga-do-moro.jpg\" alt=\"\" class=\"wp-image-42873\" srcset=\"https:\/\/jornalfatosenoticias.com.br\/wp-content\/uploads\/2023\/06\/pt-quer-vaga-do-moro.jpg 1000w, https:\/\/jornalfatosenoticias.com.br\/wp-content\/uploads\/2023\/06\/pt-quer-vaga-do-moro-300x167.jpg 300w, https:\/\/jornalfatosenoticias.com.br\/wp-content\/uploads\/2023\/06\/pt-quer-vaga-do-moro-768x427.jpg 768w\" sizes=\"auto, (max-width: 1000px) 100vw, 1000px\" \/><figcaption><em><span class=\"has-inline-color has-black-color\">(Foto: Reprodu\u00e7\u00e3o)<\/span><\/em><\/figcaption><\/figure><\/div>\n\n\n\n<p>L\u00edderes do Partido dos Trabalhadores (PT) no Paran\u00e1 est\u00e3o imersos em uma acirrada disputa eleitoral por uma vaga ao Senado que ainda nem est\u00e1 definida. Apesar dessa situa\u00e7\u00e3o incerta, os esquerdistas j\u00e1 est\u00e3o se articulando e promovendo di\u00e1logos com os principais pol\u00edticos do estado. A vaga em quest\u00e3o \u00e9 a do senador S\u00e9rgio Moro (UB-PR), que enfrenta um pedido de cassa\u00e7\u00e3o no Tribunal Regional Eleitoral do Paran\u00e1 (TRE-PR). O ex-juiz da Lava Jato est\u00e1 sendo alvo de representa\u00e7\u00f5es tanto do PL, partido de Jair Bolsonaro, quanto do PT de Luiz In\u00e1cio Lula da Silva.<\/p>\n\n\n\n<div class=\"wp-block-image\"><figure class=\"aligncenter size-large is-resized\"><img loading=\"lazy\" decoding=\"async\" src=\"https:\/\/jornalfatosenoticias.com.br\/wp-content\/uploads\/2020\/02\/logo-Rapuzel-1024x571.jpg\" alt=\"\" class=\"wp-image-42808\" width=\"350\" height=\"195\" srcset=\"https:\/\/jornalfatosenoticias.com.br\/wp-content\/uploads\/2020\/02\/logo-Rapuzel-1024x571.jpg 1024w, https:\/\/jornalfatosenoticias.com.br\/wp-content\/uploads\/2020\/02\/logo-Rapuzel-300x167.jpg 300w, https:\/\/jornalfatosenoticias.com.br\/wp-content\/uploads\/2020\/02\/logo-Rapuzel-768x428.jpg 768w, https:\/\/jornalfatosenoticias.com.br\/wp-content\/uploads\/2020\/02\/logo-Rapuzel-1536x856.jpg 1536w, https:\/\/jornalfatosenoticias.com.br\/wp-content\/uploads\/2020\/02\/logo-Rapuzel.jpg 1600w\" sizes=\"auto, (max-width: 350px) 100vw, 350px\" \/><\/figure><\/div>\n\n\n\n<p>Ambos os partidos est\u00e3o buscando anular a elei\u00e7\u00e3o de Moro em 2022, alegando irregularidades nas presta\u00e7\u00f5es de contas de sua campanha, e solicitando a realiza\u00e7\u00e3o de novas elei\u00e7\u00f5es para a Casa Alta no estado paranaense. Mesmo com o caso ainda pendente de julgamento, a mera possibilidade de uma candidatura petista ao Senado em substitui\u00e7\u00e3o a Moro j\u00e1 gerou uma atmosfera de guerra entre Zeca Dirceu, deputado federal e l\u00edder do partido na C\u00e2mara, e Gleisi Hoffmann, ex-senadora e presidente nacional do PT, que tamb\u00e9m \u00e9 deputada federal.<br>Ambos est\u00e3o tentando se viabilizar e, para isso, est\u00e3o buscando atrair o apoio de Requi\u00e3o pai e Requi\u00e3o Filho, que migraram do MDB para o PT em 2022 e tamb\u00e9m t\u00eam interesse em disputar a elei\u00e7\u00e3o caso Moro seja cassado. O caso deve ser deliberado apenas no final do ano pelo TRE-PR e, independentemente do resultado, a palavra final caber\u00e1 ao Tribunal Superior Eleitoral (TSE). <strong>(Fonte: Conex\u00e3o Pol\u00edtica)<\/strong><\/p>\n\n\n\n<div class=\"wp-block-image\"><figure class=\"aligncenter size-large is-resized\"><img loading=\"lazy\" decoding=\"async\" src=\"https:\/\/jornalfatosenoticias.com.br\/wp-content\/uploads\/2022\/02\/FERRARI_MAQUINAS-E-FERRAMENTAS2.jpg\" alt=\"\" class=\"wp-image-27860\" width=\"274\" height=\"228\"\/><\/figure><\/div>\n\n\n\n<hr class=\"wp-block-separator\"\/>\n\n\n\n<p><strong><span class=\"has-inline-color has-black-color\">Lula nomeia ex-advogada de Dilma Rousseff ministra substituta do TSE<br><\/span><\/strong><span class=\"has-inline-color has-black-color\">Por<\/span> <a href=\"https:\/\/www.conexaopolitica.com.br\/author\/raul\/\">Raul Holderf Nascimento<\/a><\/p>\n\n\n\n<div class=\"wp-block-image\"><figure class=\"aligncenter size-large\"><img loading=\"lazy\" decoding=\"async\" width=\"1000\" height=\"562\" src=\"https:\/\/jornalfatosenoticias.com.br\/wp-content\/uploads\/2023\/06\/edilene-lobo.jpg\" alt=\"\" class=\"wp-image-42874\" srcset=\"https:\/\/jornalfatosenoticias.com.br\/wp-content\/uploads\/2023\/06\/edilene-lobo.jpg 1000w, https:\/\/jornalfatosenoticias.com.br\/wp-content\/uploads\/2023\/06\/edilene-lobo-300x169.jpg 300w, https:\/\/jornalfatosenoticias.com.br\/wp-content\/uploads\/2023\/06\/edilene-lobo-768x432.jpg 768w\" sizes=\"auto, (max-width: 1000px) 100vw, 1000px\" \/><figcaption><em><span class=\"has-inline-color has-black-color\">(Foto: YouTube\/Reprodu\u00e7\u00e3o)<\/span><\/em><\/figcaption><\/figure><\/div>\n\n\n\n<p>Foi anunciada a nomea\u00e7\u00e3o da advogada mineira Edilene Lobo como ministra substituta do Tribunal Superior Eleitoral (TSE). Essa escolha foi feita pelo presidente Luiz In\u00e1cio Lula da Silva (PT) e divulgada pelo presidente da Corte, Alexandre de Moraes, durante o in\u00edcio de um julgamento que discute a poss\u00edvel inelegibilidade do ex-presidente Jair Bolsonaro (PL).<br>Edilene Lobo ganhou destaque no cen\u00e1rio jur\u00eddico ao atuar na defesa da ex-presidente Dilma Rousseff (PT) durante a campanha eleitoral ao Senado por Minas Gerais, em 2018.<\/p>\n\n\n\n<div class=\"wp-block-image\"><figure class=\"aligncenter size-large\"><img loading=\"lazy\" decoding=\"async\" width=\"300\" height=\"250\" src=\"https:\/\/jornalfatosenoticias.com.br\/wp-content\/uploads\/2022\/08\/arte-Casarao.jpg\" alt=\"\" class=\"wp-image-33178\"\/><\/figure><\/div>\n\n\n\n<p>Essa n\u00e3o foi a primeira vez que o nome de Edilene Lobo foi mencionado para uma posi\u00e7\u00e3o no TSE. Em maio, quando os ministros S\u00e9rgio Banhos e Carlos Horbach se aposentaram, o Supremo Tribunal Federal (STF) sugeriu o nome dela. No entanto, naquela ocasi\u00e3o, Lula optou por indicar outros dois, Floriano de Azevedo Marques Neto e Andr\u00e9 Ramos Tavares.<br>A nomea\u00e7\u00e3o de Edilene Lobo como ministra substituta do TSE deve ser oficializada nos pr\u00f3ximos dias por meio de publica\u00e7\u00e3o no Di\u00e1rio Oficial da Uni\u00e3o. <strong>(Fonte: Conex\u00e3o Pol\u00edtica)<\/strong><\/p>\n\n\n\n<div class=\"wp-block-image\"><figure class=\"aligncenter size-large is-resized\"><img loading=\"lazy\" decoding=\"async\" src=\"https:\/\/jornalfatosenoticias.com.br\/wp-content\/uploads\/2023\/03\/nova-logo-Marquetti.jpg\" alt=\"\" class=\"wp-image-40207\" width=\"280\" height=\"188\" srcset=\"https:\/\/jornalfatosenoticias.com.br\/wp-content\/uploads\/2023\/03\/nova-logo-Marquetti.jpg 643w, https:\/\/jornalfatosenoticias.com.br\/wp-content\/uploads\/2023\/03\/nova-logo-Marquetti-300x202.jpg 300w\" sizes=\"auto, (max-width: 280px) 100vw, 280px\" \/><\/figure><\/div>\n\n\n\n<hr class=\"wp-block-separator\"\/>\n\n\n\n<p><strong><span class=\"has-inline-color has-black-color\">Toffoli anula provas e beneficia r\u00e9u confesso da Lava Jato<\/span><\/strong><\/p>\n\n\n\n<div class=\"wp-block-image\"><figure class=\"aligncenter size-large\"><img loading=\"lazy\" decoding=\"async\" width=\"1000\" height=\"609\" src=\"https:\/\/jornalfatosenoticias.com.br\/wp-content\/uploads\/2023\/06\/dias-toffoli.jpg\" alt=\"\" class=\"wp-image-42875\" srcset=\"https:\/\/jornalfatosenoticias.com.br\/wp-content\/uploads\/2023\/06\/dias-toffoli.jpg 1000w, https:\/\/jornalfatosenoticias.com.br\/wp-content\/uploads\/2023\/06\/dias-toffoli-300x183.jpg 300w, https:\/\/jornalfatosenoticias.com.br\/wp-content\/uploads\/2023\/06\/dias-toffoli-768x468.jpg 768w\" sizes=\"auto, (max-width: 1000px) 100vw, 1000px\" \/><figcaption><em><span class=\"has-inline-color has-black-color\">(Foto: Nelson Jr.\/SCO\/STF)<\/span><\/em><\/figcaption><\/figure><\/div>\n\n\n\n<p>Mas uma vez o ministro Dias Toffoli, do <strong><a href=\"http:\/\/www.portal.stf.jus.br\/\" target=\"_blank\" rel=\"noreferrer noopener\">Supremo Tribunal Federal (STF)<\/a><\/strong>, declarou inv\u00e1lidas as provas obtidas a partir da contabilidade paralela da\u00a0<strong><a href=\"https:\/\/revistaoeste.com\/tag\/odebrecht\/\" target=\"_blank\" rel=\"noreferrer noopener\">Odebrecht<\/a><\/strong>, que inclu\u00eda a lista de pagamento de propinas a agentes p\u00fablicos. Agora, o benefici\u00e1rio da decis\u00e3o \u00e9 Paulo Baqueiro de Melo, ex-diretor da Odebrecht. \u00c9 a primeira vez que a decis\u00e3o de anula\u00e7\u00e3o das provas beneficia um r\u00e9u confesso da <strong><a href=\"https:\/\/revistaoeste.com\/tag\/operacao-lava-jato\/\" target=\"_blank\" rel=\"noreferrer noopener\">Opera\u00e7\u00e3o Lava Jato<\/a><\/strong>. \u00a0<br>Melo era r\u00e9u na 10\u00aa Vara da Justi\u00e7a Federal do Distrito Federal em a\u00e7\u00e3o penal desde 2019 pelos crimes de corrup\u00e7\u00e3o e lavagem de dinheiro. A defesa, em peti\u00e7\u00e3o ao STF, afirmou que as decis\u00f5es pret\u00e9ritas da Corte, de anular as provas obtidas a partir das planilhas da Odebrecht \u2014 os sistemas Drousys e My Web Day B \u2014 tamb\u00e9m devem se estender ao delator.<\/p>\n\n\n\n<div class=\"wp-block-image\"><figure class=\"aligncenter size-large is-resized\"><img loading=\"lazy\" decoding=\"async\" src=\"https:\/\/jornalfatosenoticias.com.br\/wp-content\/uploads\/2022\/02\/Precisao-Contabilidade-1024x724.jpg\" alt=\"\" class=\"wp-image-28088\" width=\"300\" height=\"212\"\/><\/figure><\/div>\n\n\n\n<p>Toffoli reiterou decis\u00f5es anteriores sobre a Opera\u00e7\u00e3o Lava Jato \u2014 suas e do ex-ministro Ricardo Lewandowski, aposentado em abril \u2014 de que as investiga\u00e7\u00f5es e den\u00fancias do Minist\u00e9rio P\u00fablico Federal (MPF), al\u00e9m das pr\u00f3prias condena\u00e7\u00f5es, s\u00e3o nulas porque se baseiam nas planilhas da Odebrecht, provas julgadas adulteradas pela STF.<br>\u201cA imprestabilidade das provas questionadas pelo reclamante foi placitada em decis\u00e3o da Segunda Turma do Supremo Tribunal Federal \u2014 transitada em julgado \u2014, em face da comprovada contamina\u00e7\u00e3o do material probat\u00f3rio arrecadado pela 13\u00aa Vara Federal de Curitiba\u201d, escreveu Toffoli, na decis\u00e3o.<br>Por isso, afirmou o ministro, \u201cn\u00e3o h\u00e1 como deixar de concluir que os elementos de convic\u00e7\u00e3o derivados do sistema Drousys, integrante do Acordo de Leni\u00eancia [<em>do delator<\/em>], que emprestam suporte \u00e0 a\u00e7\u00e3o penal movida contra o requerente, encontram-se nulos, n\u00e3o se prestando, em consequ\u00eancia, para subsidiar a acusa\u00e7\u00e3o\u201d.<\/p>\n\n\n\n<div class=\"wp-block-image\"><figure class=\"aligncenter size-large is-resized\"><img loading=\"lazy\" decoding=\"async\" src=\"https:\/\/jornalfatosenoticias.com.br\/wp-content\/uploads\/2023\/04\/Logo_MasterMind.jpg\" alt=\"\" class=\"wp-image-40974\" width=\"289\" height=\"210\"\/><\/figure><\/div>\n\n\n\n<p>Com isso, as provas usadas no acordo de leni\u00eancia ser\u00e3o anuladas, o que dever\u00e1 acarretar tamb\u00e9m o arquivamento da a\u00e7\u00e3o penal contra Melo. <strong>(Fonte: Revista Oeste)<\/strong><\/p>\n\n\n\n<hr class=\"wp-block-separator\"\/>\n\n\n\n<p><strong><span class=\"has-inline-color has-black-color\">Governo cria grupo contra \u2018lesbofobia\u2019 e \u2018lesbo-\u00f3dio\u2019<\/span><\/strong><\/p>\n\n\n\n<div class=\"wp-block-image\"><figure class=\"aligncenter size-large\"><img loading=\"lazy\" decoding=\"async\" width=\"1000\" height=\"715\" src=\"https:\/\/jornalfatosenoticias.com.br\/wp-content\/uploads\/2023\/06\/Lula-LGBT.jpg\" alt=\"\" class=\"wp-image-42876\" srcset=\"https:\/\/jornalfatosenoticias.com.br\/wp-content\/uploads\/2023\/06\/Lula-LGBT.jpg 1000w, https:\/\/jornalfatosenoticias.com.br\/wp-content\/uploads\/2023\/06\/Lula-LGBT-300x215.jpg 300w, https:\/\/jornalfatosenoticias.com.br\/wp-content\/uploads\/2023\/06\/Lula-LGBT-768x549.jpg 768w\" sizes=\"auto, (max-width: 1000px) 100vw, 1000px\" \/><figcaption><em><span class=\"has-inline-color has-black-color\">(Foto: Lula Marques\/Ag\u00eancia PT)<\/span><\/em><\/figcaption><\/figure><\/div>\n\n\n\n<p>No Dia Internacional do Orgulho LGBT+, o <strong><a href=\"https:\/\/www.gov.br\/mdh\/pt-br\" target=\"_blank\" rel=\"noreferrer noopener\">Minist\u00e9rio dos Direitos Humanos e da Cidadania<\/a><\/strong> criou um grupo de trabalho para combater a \u201clesbofobia\u201d e o \u201clesbo-\u00f3dio\u201d e propor pol\u00edticas p\u00fablicas. O texto da portaria, contudo, n\u00e3o explica o que seriam esses dois termos. Al\u00e9m disso, ser\u00e1 compet\u00eancia do colegiado \u201crealizar o mapeamento das demandas das l\u00e9sbicas brasileiras quanto a pol\u00edticas de promo\u00e7\u00e3o de seus direitos, no \u00e2mbito da sa\u00fade, educa\u00e7\u00e3o, justi\u00e7a e seguran\u00e7a p\u00fablica, assist\u00eancia social e cultura\u201d.<br>O grupo vai ser composto da coordenadora-geral de Promo\u00e7\u00e3o dos Direitos das Pessoas LGBTQIA da pasta, mais tr\u00eas membros do minist\u00e9rio, al\u00e9m de quatro representantes da sociedade civil e \u201cconselheiras governamentais\u201d do Conselho Nacional dos Direitos das Pessoas LGBTQIA+. De acordo com o governo, as atividades do grupo de enfrentamento da \u201clesbofobia\u201d e do \u201clesbo-\u00f3dio\u201d n\u00e3o ser\u00e3o remuneradas.<\/p>\n\n\n\n<div class=\"wp-block-image\"><figure class=\"aligncenter size-large is-resized\"><img loading=\"lazy\" decoding=\"async\" src=\"https:\/\/jornalfatosenoticias.com.br\/wp-content\/uploads\/2023\/03\/Crypton-1000-\u00d7-900-px-300x270-1.png\" alt=\"\" class=\"wp-image-40206\" width=\"249\" height=\"224\"\/><\/figure><\/div>\n\n\n\n<p>Ao fim do prazo de validade do colegiado, ele dever\u00e1 entregar um relat\u00f3rio \u00e0 pasta, com o saldo dos trabalhos, al\u00e9m de sugest\u00f5es para a cria\u00e7\u00e3o de pol\u00edticas p\u00fablicas voltadas \u00e0 comunidade LGBT+. Atualmente, o governo j\u00e1 tem um grupo voltado para quest\u00f5es desse p\u00fablico. Trata-se do \u201cConselho Nacional dos Direitos das Pessoas<em> L\u00e9sbicas, Gays, Bissexuais, Travestis, Transexuais, Queers, Intersexos, Assexuais e Outras<\/em>\u201d. \u00c9 muita falta do que fazer com o dinheiro p\u00fablico. O povo sofrendo com tantas mazelas, uma proposta desta \u00e9 um tapa na cara da sociedade. <strong>(Fonte: Revista Oeste)<\/strong><\/p>\n\n\n\n<hr class=\"wp-block-separator\"\/>\n\n\n\n<p><strong><span class=\"has-inline-color has-black-color\">Dino manda suspender perfis da PF e PRF nas redes sociais<\/span><\/strong><\/p>\n\n\n\n<div class=\"wp-block-image\"><figure class=\"aligncenter size-large\"><img loading=\"lazy\" decoding=\"async\" width=\"722\" height=\"460\" src=\"https:\/\/jornalfatosenoticias.com.br\/wp-content\/uploads\/2023\/06\/dinossauro.jpg\" alt=\"\" class=\"wp-image-42877\" srcset=\"https:\/\/jornalfatosenoticias.com.br\/wp-content\/uploads\/2023\/06\/dinossauro.jpg 722w, https:\/\/jornalfatosenoticias.com.br\/wp-content\/uploads\/2023\/06\/dinossauro-300x191.jpg 300w\" sizes=\"auto, (max-width: 722px) 100vw, 722px\" \/><figcaption><em><span class=\"has-inline-color has-black-color\">(Foto: Reprodu\u00e7\u00e3o)<\/span><\/em><\/figcaption><\/figure><\/div>\n\n\n\n<p>Fl\u00e1vio Dino, <strong><a href=\"https:\/\/revistaoeste.com\/tag\/ministerio-da-justica-e-seguranca-publica\/\" target=\"_blank\" rel=\"noreferrer noopener\">ministro da Justi\u00e7a<\/a><\/strong>, determinou, nesta quinta-feira (29), a suspens\u00e3o dos perfis regionais nas redes sociais da Pol\u00edcia Federal (PF) e da Pol\u00edcia Rodovi\u00e1ria Federal (PRF). A ordem foi dada depois que a p\u00e1gina de uma das corpora\u00e7\u00f5es de Sergipe ter sido alvo de um suposto ataque <em>hacker.<\/em><br>\u201cEm face da alegada invas\u00e3o de perfil regional da PRF em Sergipe, inclusive com troca da senha, estou determinando a suspens\u00e3o dos perfis regionais da PF e da PRF para an\u00e1lise da seguran\u00e7a, permanecendo somente os perfis nacionais nas redes sociais\u201d, escreveu o ministro no <strong><a href=\"https:\/\/twitter.com\/FlavioDino\" target=\"_blank\" rel=\"noreferrer noopener\">Twitter<\/a><\/strong>. \u201cQuanto \u00e0 retirada do ar da postagem criminosa, a PRF est\u00e1 com provid\u00eancias em andamento. E investiga\u00e7\u00e3o ser\u00e1 instaurada para apura\u00e7\u00e3o dos fatos\u201d, informou Dino. <strong>(Fonte: Terra Brasil Not\u00edcias)<\/strong><\/p>\n\n\n\n<div class=\"wp-block-image\"><figure class=\"aligncenter size-large is-resized\"><img loading=\"lazy\" decoding=\"async\" src=\"https:\/\/jornalfatosenoticias.com.br\/wp-content\/uploads\/2020\/02\/casa-do-torresmo_portal.jpg\" alt=\"\" class=\"wp-image-34472\" width=\"256\" height=\"256\" srcset=\"https:\/\/jornalfatosenoticias.com.br\/wp-content\/uploads\/2020\/02\/casa-do-torresmo_portal.jpg 300w, https:\/\/jornalfatosenoticias.com.br\/wp-content\/uploads\/2020\/02\/casa-do-torresmo_portal-150x150.jpg 150w\" sizes=\"auto, (max-width: 256px) 100vw, 256px\" \/><\/figure><\/div>\n\n\n\n<figure class=\"wp-block-embed-twitter wp-block-embed is-type-rich is-provider-twitter\"><div class=\"wp-block-embed__wrapper\">\n<blockquote class=\"twitter-tweet\" data-width=\"550\" data-dnt=\"true\"><p lang=\"pt\" dir=\"ltr\">Em face da alegada invas\u00e3o de perfil regional da PRF em Sergipe, inclusive com troca da senha, estou determinando a suspens\u00e3o dos perfis regionais da PF e da PRF para an\u00e1lise da seguran\u00e7a, permanecendo somente os perfis nacionais nas redes sociais. Quanto \u00e0 retirada do ar da\u2026<\/p>&mdash; Fl\u00e1vio Dino \ud83c\udde7\ud83c\uddf7 (@FlavioDino) <a href=\"https:\/\/twitter.com\/FlavioDino\/status\/1674392798852726784?ref_src=twsrc%5Etfw\">June 29, 2023<\/a><\/blockquote><script async src=\"https:\/\/platform.twitter.com\/widgets.js\" charset=\"utf-8\"><\/script>\n<\/div><\/figure>\n\n\n\n<hr class=\"wp-block-separator\"\/>\n\n\n\n<p><strong><span class=\"has-inline-color has-black-color\">Ap\u00f3s receber chineses, Ex\u00e9rcito Brasileiro far\u00e1 treinamento com for\u00e7as do ditador Ortega da Nicar\u00e1gua<\/span><\/strong><\/p>\n\n\n\n<div class=\"wp-block-image\"><figure class=\"aligncenter size-large\"><img loading=\"lazy\" decoding=\"async\" width=\"998\" height=\"447\" src=\"https:\/\/jornalfatosenoticias.com.br\/wp-content\/uploads\/2023\/06\/vergonha-nacional.jpg\" alt=\"\" class=\"wp-image-42878\" srcset=\"https:\/\/jornalfatosenoticias.com.br\/wp-content\/uploads\/2023\/06\/vergonha-nacional.jpg 998w, https:\/\/jornalfatosenoticias.com.br\/wp-content\/uploads\/2023\/06\/vergonha-nacional-300x134.jpg 300w, https:\/\/jornalfatosenoticias.com.br\/wp-content\/uploads\/2023\/06\/vergonha-nacional-768x344.jpg 768w\" sizes=\"auto, (max-width: 998px) 100vw, 998px\" \/><figcaption><em><span class=\"has-inline-color has-black-color\">(Foto: Reprodu\u00e7\u00e3o)<\/span><\/em><\/figcaption><\/figure><\/div>\n\n\n\n<p>O Ex\u00e9rcito vai realizar, em agosto deste ano, um treinamento militar do qual devem participar representantes das for\u00e7as da Nicar\u00e1gua, pa\u00eds governado pelo ditador Daniel Ortega. A \u201cOpera\u00e7\u00e3o Paran\u00e1 III\u201d, como foi batizada, \u00e9 organizada pela Confer\u00eancia dos Ex\u00e9rcitos Americanos (CEA), \u00f3rg\u00e3o internacional que visa aumentar a coopera\u00e7\u00e3o entre as for\u00e7as dos pa\u00edses do continente.<br>A CEA possui 23 pa\u00edses-membros. Al\u00e9m de Brasil, Nicar\u00e1gua e Venezuela, fazem parte do grupo os ex\u00e9rcitos da Argentina, dos Estados Unidos, do Uruguai, da Bol\u00edvia e do Chile. O \u00f3rg\u00e3o atualmente \u00e9 presidido pelo general Tom\u00e1s Ribeiro Paiva, comandante do Ex\u00e9rcito brasileiro.<\/p>\n\n\n\n<div class=\"wp-block-image\"><figure class=\"aligncenter size-large is-resized\"><img loading=\"lazy\" decoding=\"async\" src=\"https:\/\/jornalfatosenoticias.com.br\/wp-content\/uploads\/2020\/02\/logo-embacia.jpg\" alt=\"\" class=\"wp-image-33905\" width=\"251\" height=\"251\"\/><\/figure><\/div>\n\n\n\n<p>Uma das iniciativas tomadas pela gest\u00e3o brasileira na confer\u00eancia foi justamente a \u201cOpera\u00e7\u00e3o Paran\u00e1 III\u201d. Na primeira parte do exerc\u00edcio, realizada no ano passado, em Cascavel, ex\u00e9rcitos de 12 pa\u00edses marcaram presen\u00e7a: Chile, Col\u00f4mbia, Espanha, Argentina, Equador, EUA, M\u00e9xico, Nicar\u00e1gua, Panam\u00e1, Paraguai e Uruguai. S\u00e3o, ali\u00e1s, chamados de \u201cna\u00e7\u00f5es amigas\u201d em mat\u00e9rias institucionais sobre a opera\u00e7\u00e3o divulgadas na \u00e9poca.<br>O exerc\u00edcio consiste em uma simula\u00e7\u00e3o. Os organizadores criaram um pa\u00eds fict\u00edcio que enfrenta instabilidade pol\u00edtica, econ\u00f4mica, social, al\u00e9m de sofrer com cat\u00e1strofes naturais, localizado na Am\u00e9rica do Sul. A ideia do treinamento \u00e9 preparar os ex\u00e9rcitos caso sejam eventualmente acionados para atuar em situa\u00e7\u00f5es como essas.<\/p>\n\n\n\n<div class=\"wp-block-image\"><figure class=\"aligncenter size-large\"><img decoding=\"async\" src=\"https:\/\/jornalfatosenoticias.com.br\/wp-content\/uploads\/2020\/02\/logo_esteio.jpg\" alt=\"\" class=\"wp-image-1214\"\/><\/figure><\/div>\n\n\n\n<p>A confirma\u00e7\u00e3o da segunda etapa da \u201cOpera\u00e7\u00e3o Paran\u00e1 III\u201d foi feita pelo Comando Militar do Sul, chefiado pelo general Pires do Nascimento. Ele e Paiva, o comandante do Ex\u00e9rcito, trataram do assunto em reuni\u00e3o com o governador Ratinho Jr (PSD) na sexta-feira passada (23). <strong>(Fonte: Terra Brasil Not\u00edcias)<\/strong><\/p>\n","protected":false},"excerpt":{"rendered":"<p>Um levantamento in\u00e9dito aponta quais s\u00e3o os piores lugares para se viver no Pa\u00eds. Pesquisa levou \u00edndices de sa\u00fade e educa\u00e7\u00e3o em considera\u00e7\u00e3o. A desigualdade presente no Brasil pode ser vista atrav\u00e9s dos estados. Embora tenha muitas riquezas, elas n\u00e3o s\u00e3o bem distribu\u00eddas entre a popula\u00e7\u00e3o. Como consequ\u00eancia, existem lugares em que a qualidade de [&hellip;]<\/p>\n","protected":false},"author":3,"featured_media":42880,"comment_status":"open","ping_status":"open","sticky":false,"template":"","format":"standard","meta":{"footnotes":""},"categories":[10],"tags":[1242,239,8726,7580,13186,1514,18418],"class_list":["post-42870","post","type-post","status-publish","format-standard","has-post-thumbnail","hentry","category-politica","tag-anistia","tag-bolsonaro","tag-exercito-brasileiro","tag-lula","tag-pt","tag-tse","tag-ubiratan-sanderson"],"yoast_head":"<!-- This site is optimized with the Yoast SEO plugin v26.5 - https:\/\/yoast.com\/wordpress\/plugins\/seo\/ -->\n<title>A Semana em Bras\u00edlia \u2014 Dos 10 piores estados do Brasil para se viver, oito s\u00e3o no Nordeste e governados pela esquerda - Jornal Fatos e Not\u00edcias<\/title>\n<meta name=\"robots\" content=\"index, follow, max-snippet:-1, max-image-preview:large, max-video-preview:-1\" \/>\n<link rel=\"canonical\" href=\"https:\/\/jornalfatosenoticias.com.br\/index.php\/2023\/06\/29\/a-semana-em-brasilia-dos-10-piores-estados-do-brasil-para-se-viver-oito-sao-no-nordeste-e-governados-pela-esquerda\/\" \/>\n<meta property=\"og:locale\" content=\"pt_BR\" \/>\n<meta property=\"og:type\" content=\"article\" \/>\n<meta property=\"og:title\" content=\"A Semana em Bras\u00edlia \u2014 Dos 10 piores estados do Brasil para se viver, oito s\u00e3o no Nordeste e governados pela esquerda - Jornal Fatos e Not\u00edcias\" \/>\n<meta property=\"og:description\" content=\"Um levantamento in\u00e9dito aponta quais s\u00e3o os piores lugares para se viver no Pa\u00eds. Pesquisa levou \u00edndices de sa\u00fade e educa\u00e7\u00e3o em considera\u00e7\u00e3o. A desigualdade presente no Brasil pode ser vista atrav\u00e9s dos estados. Embora tenha muitas riquezas, elas n\u00e3o s\u00e3o bem distribu\u00eddas entre a popula\u00e7\u00e3o. Como consequ\u00eancia, existem lugares em que a qualidade de [&hellip;]\" \/>\n<meta property=\"og:url\" content=\"https:\/\/jornalfatosenoticias.com.br\/index.php\/2023\/06\/29\/a-semana-em-brasilia-dos-10-piores-estados-do-brasil-para-se-viver-oito-sao-no-nordeste-e-governados-pela-esquerda\/\" \/>\n<meta property=\"og:site_name\" content=\"Jornal Fatos e Not\u00edcias\" \/>\n<meta property=\"article:published_time\" content=\"2023-06-29T20:53:47+00:00\" \/>\n<meta property=\"article:modified_time\" content=\"2023-06-29T20:53:48+00:00\" \/>\n<meta property=\"og:image\" content=\"https:\/\/jornalfatosenoticias.com.br\/wp-content\/uploads\/2023\/06\/CIDADE-MAIS-POBRE-DO-BRASIL.jpg\" \/>\n\t<meta property=\"og:image:width\" content=\"920\" \/>\n\t<meta property=\"og:image:height\" content=\"658\" \/>\n\t<meta property=\"og:image:type\" content=\"image\/jpeg\" \/>\n<meta name=\"author\" content=\"Haroldo Filho\" \/>\n<meta name=\"twitter:card\" content=\"summary_large_image\" \/>\n<meta name=\"twitter:label1\" content=\"Escrito por\" \/>\n\t<meta name=\"twitter:data1\" content=\"Haroldo Filho\" \/>\n\t<meta name=\"twitter:label2\" content=\"Est. tempo de leitura\" \/>\n\t<meta name=\"twitter:data2\" content=\"11 minutos\" \/>\n<script type=\"application\/ld+json\" class=\"yoast-schema-graph\">{\"@context\":\"https:\/\/schema.org\",\"@graph\":[{\"@type\":\"Article\",\"@id\":\"https:\/\/jornalfatosenoticias.com.br\/index.php\/2023\/06\/29\/a-semana-em-brasilia-dos-10-piores-estados-do-brasil-para-se-viver-oito-sao-no-nordeste-e-governados-pela-esquerda\/#article\",\"isPartOf\":{\"@id\":\"https:\/\/jornalfatosenoticias.com.br\/index.php\/2023\/06\/29\/a-semana-em-brasilia-dos-10-piores-estados-do-brasil-para-se-viver-oito-sao-no-nordeste-e-governados-pela-esquerda\/\"},\"author\":{\"name\":\"Haroldo Filho\",\"@id\":\"https:\/\/jornalfatosenoticias.com.br\/#\/schema\/person\/05c46cc25b42a5c27e004fb0fa6b4965\"},\"headline\":\"A Semana em Bras\u00edlia \u2014 Dos 10 piores estados do Brasil para se viver, oito s\u00e3o no Nordeste e governados pela esquerda\",\"datePublished\":\"2023-06-29T20:53:47+00:00\",\"dateModified\":\"2023-06-29T20:53:48+00:00\",\"mainEntityOfPage\":{\"@id\":\"https:\/\/jornalfatosenoticias.com.br\/index.php\/2023\/06\/29\/a-semana-em-brasilia-dos-10-piores-estados-do-brasil-para-se-viver-oito-sao-no-nordeste-e-governados-pela-esquerda\/\"},\"wordCount\":2253,\"commentCount\":0,\"publisher\":{\"@id\":\"https:\/\/jornalfatosenoticias.com.br\/#organization\"},\"image\":{\"@id\":\"https:\/\/jornalfatosenoticias.com.br\/index.php\/2023\/06\/29\/a-semana-em-brasilia-dos-10-piores-estados-do-brasil-para-se-viver-oito-sao-no-nordeste-e-governados-pela-esquerda\/#primaryimage\"},\"thumbnailUrl\":\"https:\/\/jornalfatosenoticias.com.br\/wp-content\/uploads\/2023\/06\/CIDADE-MAIS-POBRE-DO-BRASIL.jpg\",\"keywords\":[\"anistia\",\"Bolsonaro\",\"Ex\u00e9rcito Brasileiro\",\"Lula\",\"PT\",\"TSE\",\"Ubiratan Sanderson\"],\"articleSection\":[\"Pol\u00edtica\"],\"inLanguage\":\"pt-BR\",\"potentialAction\":[{\"@type\":\"CommentAction\",\"name\":\"Comment\",\"target\":[\"https:\/\/jornalfatosenoticias.com.br\/index.php\/2023\/06\/29\/a-semana-em-brasilia-dos-10-piores-estados-do-brasil-para-se-viver-oito-sao-no-nordeste-e-governados-pela-esquerda\/#respond\"]}]},{\"@type\":\"WebPage\",\"@id\":\"https:\/\/jornalfatosenoticias.com.br\/index.php\/2023\/06\/29\/a-semana-em-brasilia-dos-10-piores-estados-do-brasil-para-se-viver-oito-sao-no-nordeste-e-governados-pela-esquerda\/\",\"url\":\"https:\/\/jornalfatosenoticias.com.br\/index.php\/2023\/06\/29\/a-semana-em-brasilia-dos-10-piores-estados-do-brasil-para-se-viver-oito-sao-no-nordeste-e-governados-pela-esquerda\/\",\"name\":\"A Semana em Bras\u00edlia \u2014 Dos 10 piores estados do Brasil para se viver, oito s\u00e3o no Nordeste e governados pela esquerda - Jornal Fatos e Not\u00edcias\",\"isPartOf\":{\"@id\":\"https:\/\/jornalfatosenoticias.com.br\/#website\"},\"primaryImageOfPage\":{\"@id\":\"https:\/\/jornalfatosenoticias.com.br\/index.php\/2023\/06\/29\/a-semana-em-brasilia-dos-10-piores-estados-do-brasil-para-se-viver-oito-sao-no-nordeste-e-governados-pela-esquerda\/#primaryimage\"},\"image\":{\"@id\":\"https:\/\/jornalfatosenoticias.com.br\/index.php\/2023\/06\/29\/a-semana-em-brasilia-dos-10-piores-estados-do-brasil-para-se-viver-oito-sao-no-nordeste-e-governados-pela-esquerda\/#primaryimage\"},\"thumbnailUrl\":\"https:\/\/jornalfatosenoticias.com.br\/wp-content\/uploads\/2023\/06\/CIDADE-MAIS-POBRE-DO-BRASIL.jpg\",\"datePublished\":\"2023-06-29T20:53:47+00:00\",\"dateModified\":\"2023-06-29T20:53:48+00:00\",\"breadcrumb\":{\"@id\":\"https:\/\/jornalfatosenoticias.com.br\/index.php\/2023\/06\/29\/a-semana-em-brasilia-dos-10-piores-estados-do-brasil-para-se-viver-oito-sao-no-nordeste-e-governados-pela-esquerda\/#breadcrumb\"},\"inLanguage\":\"pt-BR\",\"potentialAction\":[{\"@type\":\"ReadAction\",\"target\":[\"https:\/\/jornalfatosenoticias.com.br\/index.php\/2023\/06\/29\/a-semana-em-brasilia-dos-10-piores-estados-do-brasil-para-se-viver-oito-sao-no-nordeste-e-governados-pela-esquerda\/\"]}]},{\"@type\":\"ImageObject\",\"inLanguage\":\"pt-BR\",\"@id\":\"https:\/\/jornalfatosenoticias.com.br\/index.php\/2023\/06\/29\/a-semana-em-brasilia-dos-10-piores-estados-do-brasil-para-se-viver-oito-sao-no-nordeste-e-governados-pela-esquerda\/#primaryimage\",\"url\":\"https:\/\/jornalfatosenoticias.com.br\/wp-content\/uploads\/2023\/06\/CIDADE-MAIS-POBRE-DO-BRASIL.jpg\",\"contentUrl\":\"https:\/\/jornalfatosenoticias.com.br\/wp-content\/uploads\/2023\/06\/CIDADE-MAIS-POBRE-DO-BRASIL.jpg\",\"width\":920,\"height\":658},{\"@type\":\"BreadcrumbList\",\"@id\":\"https:\/\/jornalfatosenoticias.com.br\/index.php\/2023\/06\/29\/a-semana-em-brasilia-dos-10-piores-estados-do-brasil-para-se-viver-oito-sao-no-nordeste-e-governados-pela-esquerda\/#breadcrumb\",\"itemListElement\":[{\"@type\":\"ListItem\",\"position\":1,\"name\":\"In\u00edcio\",\"item\":\"https:\/\/jornalfatosenoticias.com.br\/\"},{\"@type\":\"ListItem\",\"position\":2,\"name\":\"A Semana em Bras\u00edlia \u2014 Dos 10 piores estados do Brasil para se viver, oito s\u00e3o no Nordeste e governados pela esquerda\"}]},{\"@type\":\"WebSite\",\"@id\":\"https:\/\/jornalfatosenoticias.com.br\/#website\",\"url\":\"https:\/\/jornalfatosenoticias.com.br\/\",\"name\":\"Jornal Fatos e Not\u00edcias\",\"description\":\"Not\u00edcias em geral\",\"publisher\":{\"@id\":\"https:\/\/jornalfatosenoticias.com.br\/#organization\"},\"potentialAction\":[{\"@type\":\"SearchAction\",\"target\":{\"@type\":\"EntryPoint\",\"urlTemplate\":\"https:\/\/jornalfatosenoticias.com.br\/?s={search_term_string}\"},\"query-input\":{\"@type\":\"PropertyValueSpecification\",\"valueRequired\":true,\"valueName\":\"search_term_string\"}}],\"inLanguage\":\"pt-BR\"},{\"@type\":\"Organization\",\"@id\":\"https:\/\/jornalfatosenoticias.com.br\/#organization\",\"name\":\"Jornal Fatos e Not\u00edcias\",\"url\":\"https:\/\/jornalfatosenoticias.com.br\/\",\"logo\":{\"@type\":\"ImageObject\",\"inLanguage\":\"pt-BR\",\"@id\":\"https:\/\/jornalfatosenoticias.com.br\/#\/schema\/logo\/image\/\",\"url\":\"https:\/\/jornalfatosenoticias.com.br\/wp-content\/uploads\/2020\/02\/logo120.png\",\"contentUrl\":\"https:\/\/jornalfatosenoticias.com.br\/wp-content\/uploads\/2020\/02\/logo120.png\",\"width\":1227,\"height\":120,\"caption\":\"Jornal Fatos e Not\u00edcias\"},\"image\":{\"@id\":\"https:\/\/jornalfatosenoticias.com.br\/#\/schema\/logo\/image\/\"}},{\"@type\":\"Person\",\"@id\":\"https:\/\/jornalfatosenoticias.com.br\/#\/schema\/person\/05c46cc25b42a5c27e004fb0fa6b4965\",\"name\":\"Haroldo Filho\",\"image\":{\"@type\":\"ImageObject\",\"inLanguage\":\"pt-BR\",\"@id\":\"https:\/\/jornalfatosenoticias.com.br\/#\/schema\/person\/image\/\",\"url\":\"https:\/\/jornalfatosenoticias.com.br\/wp-content\/uploads\/2025\/08\/WhatsApp-Image-2025-08-18-at-15.30.28-150x150.jpeg\",\"contentUrl\":\"https:\/\/jornalfatosenoticias.com.br\/wp-content\/uploads\/2025\/08\/WhatsApp-Image-2025-08-18-at-15.30.28-150x150.jpeg\",\"caption\":\"Haroldo Filho\"},\"description\":\"Jornalista \u2013 DRT: 0003818\/ES Coordenador-geral da ONG Educar para Crescer\",\"url\":\"https:\/\/jornalfatosenoticias.com.br\/index.php\/author\/haroldo\/\"}]}<\/script>\n<!-- \/ Yoast SEO plugin. -->","yoast_head_json":{"title":"A Semana em Bras\u00edlia \u2014 Dos 10 piores estados do Brasil para se viver, oito s\u00e3o no Nordeste e governados pela esquerda - Jornal Fatos e Not\u00edcias","robots":{"index":"index","follow":"follow","max-snippet":"max-snippet:-1","max-image-preview":"max-image-preview:large","max-video-preview":"max-video-preview:-1"},"canonical":"https:\/\/jornalfatosenoticias.com.br\/index.php\/2023\/06\/29\/a-semana-em-brasilia-dos-10-piores-estados-do-brasil-para-se-viver-oito-sao-no-nordeste-e-governados-pela-esquerda\/","og_locale":"pt_BR","og_type":"article","og_title":"A Semana em Bras\u00edlia \u2014 Dos 10 piores estados do Brasil para se viver, oito s\u00e3o no Nordeste e governados pela esquerda - Jornal Fatos e Not\u00edcias","og_description":"Um levantamento in\u00e9dito aponta quais s\u00e3o os piores lugares para se viver no Pa\u00eds. Pesquisa levou \u00edndices de sa\u00fade e educa\u00e7\u00e3o em considera\u00e7\u00e3o. A desigualdade presente no Brasil pode ser vista atrav\u00e9s dos estados. Embora tenha muitas riquezas, elas n\u00e3o s\u00e3o bem distribu\u00eddas entre a popula\u00e7\u00e3o. Como consequ\u00eancia, existem lugares em que a qualidade de [&hellip;]","og_url":"https:\/\/jornalfatosenoticias.com.br\/index.php\/2023\/06\/29\/a-semana-em-brasilia-dos-10-piores-estados-do-brasil-para-se-viver-oito-sao-no-nordeste-e-governados-pela-esquerda\/","og_site_name":"Jornal Fatos e Not\u00edcias","article_published_time":"2023-06-29T20:53:47+00:00","article_modified_time":"2023-06-29T20:53:48+00:00","og_image":[{"width":920,"height":658,"url":"https:\/\/jornalfatosenoticias.com.br\/wp-content\/uploads\/2023\/06\/CIDADE-MAIS-POBRE-DO-BRASIL.jpg","type":"image\/jpeg"}],"author":"Haroldo Filho","twitter_card":"summary_large_image","twitter_misc":{"Escrito por":"Haroldo Filho","Est. tempo de leitura":"11 minutos"},"schema":{"@context":"https:\/\/schema.org","@graph":[{"@type":"Article","@id":"https:\/\/jornalfatosenoticias.com.br\/index.php\/2023\/06\/29\/a-semana-em-brasilia-dos-10-piores-estados-do-brasil-para-se-viver-oito-sao-no-nordeste-e-governados-pela-esquerda\/#article","isPartOf":{"@id":"https:\/\/jornalfatosenoticias.com.br\/index.php\/2023\/06\/29\/a-semana-em-brasilia-dos-10-piores-estados-do-brasil-para-se-viver-oito-sao-no-nordeste-e-governados-pela-esquerda\/"},"author":{"name":"Haroldo Filho","@id":"https:\/\/jornalfatosenoticias.com.br\/#\/schema\/person\/05c46cc25b42a5c27e004fb0fa6b4965"},"headline":"A Semana em Bras\u00edlia \u2014 Dos 10 piores estados do Brasil para se viver, oito s\u00e3o no Nordeste e governados pela esquerda","datePublished":"2023-06-29T20:53:47+00:00","dateModified":"2023-06-29T20:53:48+00:00","mainEntityOfPage":{"@id":"https:\/\/jornalfatosenoticias.com.br\/index.php\/2023\/06\/29\/a-semana-em-brasilia-dos-10-piores-estados-do-brasil-para-se-viver-oito-sao-no-nordeste-e-governados-pela-esquerda\/"},"wordCount":2253,"commentCount":0,"publisher":{"@id":"https:\/\/jornalfatosenoticias.com.br\/#organization"},"image":{"@id":"https:\/\/jornalfatosenoticias.com.br\/index.php\/2023\/06\/29\/a-semana-em-brasilia-dos-10-piores-estados-do-brasil-para-se-viver-oito-sao-no-nordeste-e-governados-pela-esquerda\/#primaryimage"},"thumbnailUrl":"https:\/\/jornalfatosenoticias.com.br\/wp-content\/uploads\/2023\/06\/CIDADE-MAIS-POBRE-DO-BRASIL.jpg","keywords":["anistia","Bolsonaro","Ex\u00e9rcito Brasileiro","Lula","PT","TSE","Ubiratan Sanderson"],"articleSection":["Pol\u00edtica"],"inLanguage":"pt-BR","potentialAction":[{"@type":"CommentAction","name":"Comment","target":["https:\/\/jornalfatosenoticias.com.br\/index.php\/2023\/06\/29\/a-semana-em-brasilia-dos-10-piores-estados-do-brasil-para-se-viver-oito-sao-no-nordeste-e-governados-pela-esquerda\/#respond"]}]},{"@type":"WebPage","@id":"https:\/\/jornalfatosenoticias.com.br\/index.php\/2023\/06\/29\/a-semana-em-brasilia-dos-10-piores-estados-do-brasil-para-se-viver-oito-sao-no-nordeste-e-governados-pela-esquerda\/","url":"https:\/\/jornalfatosenoticias.com.br\/index.php\/2023\/06\/29\/a-semana-em-brasilia-dos-10-piores-estados-do-brasil-para-se-viver-oito-sao-no-nordeste-e-governados-pela-esquerda\/","name":"A Semana em Bras\u00edlia \u2014 Dos 10 piores estados do Brasil para se viver, oito s\u00e3o no Nordeste e governados pela esquerda - Jornal Fatos e Not\u00edcias","isPartOf":{"@id":"https:\/\/jornalfatosenoticias.com.br\/#website"},"primaryImageOfPage":{"@id":"https:\/\/jornalfatosenoticias.com.br\/index.php\/2023\/06\/29\/a-semana-em-brasilia-dos-10-piores-estados-do-brasil-para-se-viver-oito-sao-no-nordeste-e-governados-pela-esquerda\/#primaryimage"},"image":{"@id":"https:\/\/jornalfatosenoticias.com.br\/index.php\/2023\/06\/29\/a-semana-em-brasilia-dos-10-piores-estados-do-brasil-para-se-viver-oito-sao-no-nordeste-e-governados-pela-esquerda\/#primaryimage"},"thumbnailUrl":"https:\/\/jornalfatosenoticias.com.br\/wp-content\/uploads\/2023\/06\/CIDADE-MAIS-POBRE-DO-BRASIL.jpg","datePublished":"2023-06-29T20:53:47+00:00","dateModified":"2023-06-29T20:53:48+00:00","breadcrumb":{"@id":"https:\/\/jornalfatosenoticias.com.br\/index.php\/2023\/06\/29\/a-semana-em-brasilia-dos-10-piores-estados-do-brasil-para-se-viver-oito-sao-no-nordeste-e-governados-pela-esquerda\/#breadcrumb"},"inLanguage":"pt-BR","potentialAction":[{"@type":"ReadAction","target":["https:\/\/jornalfatosenoticias.com.br\/index.php\/2023\/06\/29\/a-semana-em-brasilia-dos-10-piores-estados-do-brasil-para-se-viver-oito-sao-no-nordeste-e-governados-pela-esquerda\/"]}]},{"@type":"ImageObject","inLanguage":"pt-BR","@id":"https:\/\/jornalfatosenoticias.com.br\/index.php\/2023\/06\/29\/a-semana-em-brasilia-dos-10-piores-estados-do-brasil-para-se-viver-oito-sao-no-nordeste-e-governados-pela-esquerda\/#primaryimage","url":"https:\/\/jornalfatosenoticias.com.br\/wp-content\/uploads\/2023\/06\/CIDADE-MAIS-POBRE-DO-BRASIL.jpg","contentUrl":"https:\/\/jornalfatosenoticias.com.br\/wp-content\/uploads\/2023\/06\/CIDADE-MAIS-POBRE-DO-BRASIL.jpg","width":920,"height":658},{"@type":"BreadcrumbList","@id":"https:\/\/jornalfatosenoticias.com.br\/index.php\/2023\/06\/29\/a-semana-em-brasilia-dos-10-piores-estados-do-brasil-para-se-viver-oito-sao-no-nordeste-e-governados-pela-esquerda\/#breadcrumb","itemListElement":[{"@type":"ListItem","position":1,"name":"In\u00edcio","item":"https:\/\/jornalfatosenoticias.com.br\/"},{"@type":"ListItem","position":2,"name":"A Semana em Bras\u00edlia \u2014 Dos 10 piores estados do Brasil para se viver, oito s\u00e3o no Nordeste e governados pela esquerda"}]},{"@type":"WebSite","@id":"https:\/\/jornalfatosenoticias.com.br\/#website","url":"https:\/\/jornalfatosenoticias.com.br\/","name":"Jornal Fatos e Not\u00edcias","description":"Not\u00edcias em geral","publisher":{"@id":"https:\/\/jornalfatosenoticias.com.br\/#organization"},"potentialAction":[{"@type":"SearchAction","target":{"@type":"EntryPoint","urlTemplate":"https:\/\/jornalfatosenoticias.com.br\/?s={search_term_string}"},"query-input":{"@type":"PropertyValueSpecification","valueRequired":true,"valueName":"search_term_string"}}],"inLanguage":"pt-BR"},{"@type":"Organization","@id":"https:\/\/jornalfatosenoticias.com.br\/#organization","name":"Jornal Fatos e Not\u00edcias","url":"https:\/\/jornalfatosenoticias.com.br\/","logo":{"@type":"ImageObject","inLanguage":"pt-BR","@id":"https:\/\/jornalfatosenoticias.com.br\/#\/schema\/logo\/image\/","url":"https:\/\/jornalfatosenoticias.com.br\/wp-content\/uploads\/2020\/02\/logo120.png","contentUrl":"https:\/\/jornalfatosenoticias.com.br\/wp-content\/uploads\/2020\/02\/logo120.png","width":1227,"height":120,"caption":"Jornal Fatos e Not\u00edcias"},"image":{"@id":"https:\/\/jornalfatosenoticias.com.br\/#\/schema\/logo\/image\/"}},{"@type":"Person","@id":"https:\/\/jornalfatosenoticias.com.br\/#\/schema\/person\/05c46cc25b42a5c27e004fb0fa6b4965","name":"Haroldo Filho","image":{"@type":"ImageObject","inLanguage":"pt-BR","@id":"https:\/\/jornalfatosenoticias.com.br\/#\/schema\/person\/image\/","url":"https:\/\/jornalfatosenoticias.com.br\/wp-content\/uploads\/2025\/08\/WhatsApp-Image-2025-08-18-at-15.30.28-150x150.jpeg","contentUrl":"https:\/\/jornalfatosenoticias.com.br\/wp-content\/uploads\/2025\/08\/WhatsApp-Image-2025-08-18-at-15.30.28-150x150.jpeg","caption":"Haroldo Filho"},"description":"Jornalista \u2013 DRT: 0003818\/ES Coordenador-geral da ONG Educar para Crescer","url":"https:\/\/jornalfatosenoticias.com.br\/index.php\/author\/haroldo\/"}]}},"cc_featured_image_caption":{"caption_text":"(Foto: Ilustra\u00e7\u00e3o\/Google)","source_text":"","source_url":""},"jetpack_featured_media_url":"https:\/\/jornalfatosenoticias.com.br\/wp-content\/uploads\/2023\/06\/CIDADE-MAIS-POBRE-DO-BRASIL.jpg","_links":{"self":[{"href":"https:\/\/jornalfatosenoticias.com.br\/index.php\/wp-json\/wp\/v2\/posts\/42870","targetHints":{"allow":["GET"]}}],"collection":[{"href":"https:\/\/jornalfatosenoticias.com.br\/index.php\/wp-json\/wp\/v2\/posts"}],"about":[{"href":"https:\/\/jornalfatosenoticias.com.br\/index.php\/wp-json\/wp\/v2\/types\/post"}],"author":[{"embeddable":true,"href":"https:\/\/jornalfatosenoticias.com.br\/index.php\/wp-json\/wp\/v2\/users\/3"}],"replies":[{"embeddable":true,"href":"https:\/\/jornalfatosenoticias.com.br\/index.php\/wp-json\/wp\/v2\/comments?post=42870"}],"version-history":[{"count":0,"href":"https:\/\/jornalfatosenoticias.com.br\/index.php\/wp-json\/wp\/v2\/posts\/42870\/revisions"}],"wp:featuredmedia":[{"embeddable":true,"href":"https:\/\/jornalfatosenoticias.com.br\/index.php\/wp-json\/wp\/v2\/media\/42880"}],"wp:attachment":[{"href":"https:\/\/jornalfatosenoticias.com.br\/index.php\/wp-json\/wp\/v2\/media?parent=42870"}],"wp:term":[{"taxonomy":"category","embeddable":true,"href":"https:\/\/jornalfatosenoticias.com.br\/index.php\/wp-json\/wp\/v2\/categories?post=42870"},{"taxonomy":"post_tag","embeddable":true,"href":"https:\/\/jornalfatosenoticias.com.br\/index.php\/wp-json\/wp\/v2\/tags?post=42870"}],"curies":[{"name":"wp","href":"https:\/\/api.w.org\/{rel}","templated":true}]}}