{"id":42897,"date":"2023-06-29T18:25:58","date_gmt":"2023-06-29T21:25:58","guid":{"rendered":"https:\/\/jornalfatosenoticias.com.br\/?p=42897"},"modified":"2023-06-29T18:25:59","modified_gmt":"2023-06-29T21:25:59","slug":"apesar-do-preconceito-numero-de-universitarios-acima-dos-35-anos-aumenta-no-brasil","status":"publish","type":"post","link":"https:\/\/jornalfatosenoticias.com.br\/index.php\/2023\/06\/29\/apesar-do-preconceito-numero-de-universitarios-acima-dos-35-anos-aumenta-no-brasil\/","title":{"rendered":"Apesar do preconceito, n\u00famero de universit\u00e1rios acima dos 35 anos aumenta no Brasil"},"content":{"rendered":"\n<p><span class=\"has-inline-color has-black-color\"><em>Dados do Minist\u00e9rio da Educa\u00e7\u00e3o mostram que em 2021 quase 600 mil pessoas nesta faixa et\u00e1ria foram matriculadas em universidades, um aumento de 171% nos \u00faltimos 10 anos<\/em><\/span><\/p>\n\n\n\n<div class=\"wp-block-image\"><figure class=\"aligncenter size-large\"><img loading=\"lazy\" decoding=\"async\" width=\"300\" height=\"137\" src=\"https:\/\/jornalfatosenoticias.com.br\/wp-content\/uploads\/2023\/06\/LOGO_JULIANA-GRACA_PORTAL.jpg\" alt=\"\" class=\"wp-image-42597\"\/><\/figure><\/div>\n\n\n\n<p>A busca por moradias estudantis est\u00e1 em alta em <strong><a href=\"https:\/\/jovempan.com.br\/tag\/sao-paulo\">S\u00e3o Paulo<\/a><\/strong> inclusive entre pessoas mais velhas, conforme revelou um levantamento realizado Share Student Living, empresa de resid\u00eancias estudantis no Brasil. A busca de pessoas acima de 35 anos por este tipo de moradia dobrou entre 2022 e 2023, de acordo com a pesquisa. Dados do <strong><a href=\"https:\/\/jovempan.com.br\/tag\/ministerio-da-educacao\">Minist\u00e9rio da Educa\u00e7\u00e3o<\/a><\/strong> tamb\u00e9m mostram que em 2021 quase 600 mil pessoas acima dos 40 anos foram matriculadas em universidades, o que representa um aumento de 171% nos \u00faltimos 10 anos.<\/p>\n\n\n\n<div class=\"wp-block-image\"><figure class=\"aligncenter size-large is-resized\"><img loading=\"lazy\" decoding=\"async\" src=\"https:\/\/jornalfatosenoticias.com.br\/wp-content\/uploads\/2020\/02\/logo-Rapuzel-1024x571.jpg\" alt=\"\" class=\"wp-image-42808\" width=\"346\" height=\"193\" srcset=\"https:\/\/jornalfatosenoticias.com.br\/wp-content\/uploads\/2020\/02\/logo-Rapuzel-1024x571.jpg 1024w, https:\/\/jornalfatosenoticias.com.br\/wp-content\/uploads\/2020\/02\/logo-Rapuzel-300x167.jpg 300w, https:\/\/jornalfatosenoticias.com.br\/wp-content\/uploads\/2020\/02\/logo-Rapuzel-768x428.jpg 768w, https:\/\/jornalfatosenoticias.com.br\/wp-content\/uploads\/2020\/02\/logo-Rapuzel-1536x856.jpg 1536w, https:\/\/jornalfatosenoticias.com.br\/wp-content\/uploads\/2020\/02\/logo-Rapuzel.jpg 1600w\" sizes=\"auto, (max-width: 346px) 100vw, 346px\" \/><\/figure><\/div>\n\n\n\n<p>Apesar dos avan\u00e7os, o preconceito permanece. No in\u00edcio de mar\u00e7o, tr\u00eas estudantes de uma universidade particular de Bauru, no interior de S\u00e3o Paulo, <a href=\"https:\/\/jovempan.com.br\/noticias\/brasil\/estudante-de-45-anos-vitima-de-etarismo-registra-boletim-de-ocorrencia-contra-colegas.html\">debocharam nas redes sociais de uma outra aluna da institui\u00e7\u00e3o pelo fato dela ter 40 anos<\/a>. O v\u00eddeo gerou uma onda de revolta nas redes sociais, onde as jovens foram acusadas e etarismo. Em entrevista \u00e0 Jovem Pan News, Ivete Berkenbrock, presidente da Sociedade Brasileira de Geriatria e Gerontologia disse que a entidade tem discutido a quest\u00e3o do preconceito e a import\u00e2ncia de pessoas nessa faixa et\u00e1ria continuarem ativas para um melhor envelhecimento.<\/p>\n\n\n\n<div class=\"wp-block-image\"><figure class=\"aligncenter size-large\"><img loading=\"lazy\" decoding=\"async\" width=\"300\" height=\"250\" src=\"https:\/\/jornalfatosenoticias.com.br\/wp-content\/uploads\/2022\/02\/Banner-2.png\" alt=\"\" class=\"wp-image-27877\"\/><\/figure><\/div>\n\n\n\n<blockquote class=\"wp-block-quote is-layout-flow wp-block-quote-is-layout-flow\"><p><span class=\"has-inline-color has-luminous-vivid-orange-color\">O envelhecimento tem que ser encarado como uma fase da vida. \u00c9 a fase mais longa da vida. As pessoas v\u00e3o ter muitas oportunidades de fazer, no seu envelhecimento, o que n\u00e3o tiveram a oportunidade de fazer na juventude. Isso inclui tudo, estudar, continuar trabalhando, namorar, passear, aprender, se vestir do jeito que quiser, dirigir enquanto tiver capacidade cognitiva e motora para tal. N\u00e3o \u00e9 a idade que vai definir o que n\u00f3s podemos ou deixamos de poder fazer\u201d, declarou Berkenbrock.<\/span><\/p><\/blockquote>\n\n\n\n<div class=\"wp-block-image\"><figure class=\"aligncenter size-large is-resized\"><img loading=\"lazy\" decoding=\"async\" src=\"https:\/\/jornalfatosenoticias.com.br\/wp-content\/uploads\/2023\/03\/logo-Panper_portal.jpg\" alt=\"\" class=\"wp-image-40208\" width=\"264\" height=\"183\" srcset=\"https:\/\/jornalfatosenoticias.com.br\/wp-content\/uploads\/2023\/03\/logo-Panper_portal.jpg 400w, https:\/\/jornalfatosenoticias.com.br\/wp-content\/uploads\/2023\/03\/logo-Panper_portal-300x208.jpg 300w\" sizes=\"auto, (max-width: 264px) 100vw, 264px\" \/><\/figure><\/div>\n\n\n\n<p>Al\u00e9m disso, a especialista aponta os benef\u00edcios da conviv\u00eancia dos jovens com pessoas mais velhas em moradias estudantis. \u201cA quest\u00e3o de pessoas entre 35 e 40 anos estarem buscando uma conviv\u00eancia com pessoas mais jovens demonstra a necessidade de se interagir. Porque as trocas s\u00e3o muito grandes nesses ambientes. Eu aprendo muito com uma pessoa de 18, mas com certeza a pessoa de 18 vai aprender com quem tem 35. Isso permite que todos tenham uma conviv\u00eancia pac\u00edfica, harmoniosa, construtiva e mais econ\u00f4mica\u201d. Tamb\u00e9m \u00e9 importante que os mais velhos n\u00e3o se boicotem e se desestimulem a n\u00e3o realizar alguma atividade por causa da idade.<\/p>\n\n\n\n<div class=\"wp-block-image\"><figure class=\"aligncenter size-large\"><img decoding=\"async\" src=\"https:\/\/jornalfatosenoticias.com.br\/wp-content\/uploads\/2020\/02\/barao-das-carnes-300x164-1.jpg\" alt=\"\" class=\"wp-image-34339\"\/><\/figure><\/div>\n\n\n\n<p><strong><em>Fonte: <a href=\"https:\/\/jovempan.com.br\/programas\/jornal-da-manha\/apesar-do-preconceito-numero-de-universitarios-acima-dos-35-anos-tem-aumentado-nos-ultimos-anos.html\">Jovem Pan<\/a><\/em><\/strong><\/p>\n","protected":false},"excerpt":{"rendered":"<p>Dados do Minist\u00e9rio da Educa\u00e7\u00e3o mostram que em 2021 quase 600 mil pessoas nesta faixa et\u00e1ria foram matriculadas em universidades, um aumento de 171% nos \u00faltimos 10 anos A busca por moradias estudantis est\u00e1 em alta em S\u00e3o Paulo inclusive entre pessoas mais velhas, conforme revelou um levantamento realizado Share Student Living, empresa de resid\u00eancias [&hellip;]<\/p>\n","protected":false},"author":2,"featured_media":42898,"comment_status":"open","ping_status":"open","sticky":false,"template":"","format":"standard","meta":{"footnotes":""},"categories":[7],"tags":[8723,2586,4525,10127,1148],"class_list":["post-42897","post","type-post","status-publish","format-standard","has-post-thumbnail","hentry","category-educacao","tag-educacao-superior","tag-envelhecimento","tag-etarismo","tag-ministerio-da-educacao","tag-preconceito"],"yoast_head":"<!-- This site is optimized with the Yoast SEO plugin v26.5 - https:\/\/yoast.com\/wordpress\/plugins\/seo\/ -->\n<title>Apesar do preconceito, n\u00famero de universit\u00e1rios acima dos 35 anos aumenta no Brasil - Jornal Fatos e Not\u00edcias<\/title>\n<meta name=\"robots\" content=\"index, follow, max-snippet:-1, max-image-preview:large, max-video-preview:-1\" \/>\n<link rel=\"canonical\" href=\"https:\/\/jornalfatosenoticias.com.br\/index.php\/2023\/06\/29\/apesar-do-preconceito-numero-de-universitarios-acima-dos-35-anos-aumenta-no-brasil\/\" \/>\n<meta property=\"og:locale\" content=\"pt_BR\" \/>\n<meta property=\"og:type\" content=\"article\" \/>\n<meta property=\"og:title\" content=\"Apesar do preconceito, n\u00famero de universit\u00e1rios acima dos 35 anos aumenta no Brasil - Jornal Fatos e Not\u00edcias\" \/>\n<meta property=\"og:description\" content=\"Dados do Minist\u00e9rio da Educa\u00e7\u00e3o mostram que em 2021 quase 600 mil pessoas nesta faixa et\u00e1ria foram matriculadas em universidades, um aumento de 171% nos \u00faltimos 10 anos A busca por moradias estudantis est\u00e1 em alta em S\u00e3o Paulo inclusive entre pessoas mais velhas, conforme revelou um levantamento realizado Share Student Living, empresa de resid\u00eancias [&hellip;]\" \/>\n<meta property=\"og:url\" content=\"https:\/\/jornalfatosenoticias.com.br\/index.php\/2023\/06\/29\/apesar-do-preconceito-numero-de-universitarios-acima-dos-35-anos-aumenta-no-brasil\/\" \/>\n<meta property=\"og:site_name\" content=\"Jornal Fatos e Not\u00edcias\" \/>\n<meta property=\"article:published_time\" content=\"2023-06-29T21:25:58+00:00\" \/>\n<meta property=\"article:modified_time\" content=\"2023-06-29T21:25:59+00:00\" \/>\n<meta property=\"og:image\" content=\"https:\/\/jornalfatosenoticias.com.br\/wp-content\/uploads\/2023\/06\/universitarios-acima-dos-35-anos.jpg\" \/>\n\t<meta property=\"og:image:width\" content=\"1000\" \/>\n\t<meta property=\"og:image:height\" content=\"458\" \/>\n\t<meta property=\"og:image:type\" content=\"image\/jpeg\" \/>\n<meta name=\"author\" content=\"Luzimara Fernandes\" \/>\n<meta name=\"twitter:card\" content=\"summary_large_image\" \/>\n<meta name=\"twitter:label1\" content=\"Escrito por\" \/>\n\t<meta name=\"twitter:data1\" content=\"Luzimara Fernandes\" \/>\n\t<meta name=\"twitter:label2\" content=\"Est. tempo de leitura\" \/>\n\t<meta name=\"twitter:data2\" content=\"2 minutos\" \/>\n<script type=\"application\/ld+json\" class=\"yoast-schema-graph\">{\"@context\":\"https:\/\/schema.org\",\"@graph\":[{\"@type\":\"Article\",\"@id\":\"https:\/\/jornalfatosenoticias.com.br\/index.php\/2023\/06\/29\/apesar-do-preconceito-numero-de-universitarios-acima-dos-35-anos-aumenta-no-brasil\/#article\",\"isPartOf\":{\"@id\":\"https:\/\/jornalfatosenoticias.com.br\/index.php\/2023\/06\/29\/apesar-do-preconceito-numero-de-universitarios-acima-dos-35-anos-aumenta-no-brasil\/\"},\"author\":{\"name\":\"Luzimara Fernandes\",\"@id\":\"https:\/\/jornalfatosenoticias.com.br\/#\/schema\/person\/d63837fa13ac8666eb9e74e0985d6f81\"},\"headline\":\"Apesar do preconceito, n\u00famero de universit\u00e1rios acima dos 35 anos aumenta no Brasil\",\"datePublished\":\"2023-06-29T21:25:58+00:00\",\"dateModified\":\"2023-06-29T21:25:59+00:00\",\"mainEntityOfPage\":{\"@id\":\"https:\/\/jornalfatosenoticias.com.br\/index.php\/2023\/06\/29\/apesar-do-preconceito-numero-de-universitarios-acima-dos-35-anos-aumenta-no-brasil\/\"},\"wordCount\":425,\"commentCount\":0,\"publisher\":{\"@id\":\"https:\/\/jornalfatosenoticias.com.br\/#organization\"},\"image\":{\"@id\":\"https:\/\/jornalfatosenoticias.com.br\/index.php\/2023\/06\/29\/apesar-do-preconceito-numero-de-universitarios-acima-dos-35-anos-aumenta-no-brasil\/#primaryimage\"},\"thumbnailUrl\":\"https:\/\/jornalfatosenoticias.com.br\/wp-content\/uploads\/2023\/06\/universitarios-acima-dos-35-anos.jpg\",\"keywords\":[\"educa\u00e7\u00e3o superior\",\"envelhecimento\",\"etarismo\",\"Minist\u00e9rio da Educa\u00e7\u00e3o\",\"preconceito\"],\"articleSection\":[\"Educa\u00e7\u00e3o\"],\"inLanguage\":\"pt-BR\",\"potentialAction\":[{\"@type\":\"CommentAction\",\"name\":\"Comment\",\"target\":[\"https:\/\/jornalfatosenoticias.com.br\/index.php\/2023\/06\/29\/apesar-do-preconceito-numero-de-universitarios-acima-dos-35-anos-aumenta-no-brasil\/#respond\"]}]},{\"@type\":\"WebPage\",\"@id\":\"https:\/\/jornalfatosenoticias.com.br\/index.php\/2023\/06\/29\/apesar-do-preconceito-numero-de-universitarios-acima-dos-35-anos-aumenta-no-brasil\/\",\"url\":\"https:\/\/jornalfatosenoticias.com.br\/index.php\/2023\/06\/29\/apesar-do-preconceito-numero-de-universitarios-acima-dos-35-anos-aumenta-no-brasil\/\",\"name\":\"Apesar do preconceito, n\u00famero de universit\u00e1rios acima dos 35 anos aumenta no Brasil - Jornal Fatos e Not\u00edcias\",\"isPartOf\":{\"@id\":\"https:\/\/jornalfatosenoticias.com.br\/#website\"},\"primaryImageOfPage\":{\"@id\":\"https:\/\/jornalfatosenoticias.com.br\/index.php\/2023\/06\/29\/apesar-do-preconceito-numero-de-universitarios-acima-dos-35-anos-aumenta-no-brasil\/#primaryimage\"},\"image\":{\"@id\":\"https:\/\/jornalfatosenoticias.com.br\/index.php\/2023\/06\/29\/apesar-do-preconceito-numero-de-universitarios-acima-dos-35-anos-aumenta-no-brasil\/#primaryimage\"},\"thumbnailUrl\":\"https:\/\/jornalfatosenoticias.com.br\/wp-content\/uploads\/2023\/06\/universitarios-acima-dos-35-anos.jpg\",\"datePublished\":\"2023-06-29T21:25:58+00:00\",\"dateModified\":\"2023-06-29T21:25:59+00:00\",\"breadcrumb\":{\"@id\":\"https:\/\/jornalfatosenoticias.com.br\/index.php\/2023\/06\/29\/apesar-do-preconceito-numero-de-universitarios-acima-dos-35-anos-aumenta-no-brasil\/#breadcrumb\"},\"inLanguage\":\"pt-BR\",\"potentialAction\":[{\"@type\":\"ReadAction\",\"target\":[\"https:\/\/jornalfatosenoticias.com.br\/index.php\/2023\/06\/29\/apesar-do-preconceito-numero-de-universitarios-acima-dos-35-anos-aumenta-no-brasil\/\"]}]},{\"@type\":\"ImageObject\",\"inLanguage\":\"pt-BR\",\"@id\":\"https:\/\/jornalfatosenoticias.com.br\/index.php\/2023\/06\/29\/apesar-do-preconceito-numero-de-universitarios-acima-dos-35-anos-aumenta-no-brasil\/#primaryimage\",\"url\":\"https:\/\/jornalfatosenoticias.com.br\/wp-content\/uploads\/2023\/06\/universitarios-acima-dos-35-anos.jpg\",\"contentUrl\":\"https:\/\/jornalfatosenoticias.com.br\/wp-content\/uploads\/2023\/06\/universitarios-acima-dos-35-anos.jpg\",\"width\":1000,\"height\":458},{\"@type\":\"BreadcrumbList\",\"@id\":\"https:\/\/jornalfatosenoticias.com.br\/index.php\/2023\/06\/29\/apesar-do-preconceito-numero-de-universitarios-acima-dos-35-anos-aumenta-no-brasil\/#breadcrumb\",\"itemListElement\":[{\"@type\":\"ListItem\",\"position\":1,\"name\":\"In\u00edcio\",\"item\":\"https:\/\/jornalfatosenoticias.com.br\/\"},{\"@type\":\"ListItem\",\"position\":2,\"name\":\"Apesar do preconceito, n\u00famero de universit\u00e1rios acima dos 35 anos aumenta no Brasil\"}]},{\"@type\":\"WebSite\",\"@id\":\"https:\/\/jornalfatosenoticias.com.br\/#website\",\"url\":\"https:\/\/jornalfatosenoticias.com.br\/\",\"name\":\"Jornal Fatos e Not\u00edcias\",\"description\":\"Not\u00edcias em geral\",\"publisher\":{\"@id\":\"https:\/\/jornalfatosenoticias.com.br\/#organization\"},\"potentialAction\":[{\"@type\":\"SearchAction\",\"target\":{\"@type\":\"EntryPoint\",\"urlTemplate\":\"https:\/\/jornalfatosenoticias.com.br\/?s={search_term_string}\"},\"query-input\":{\"@type\":\"PropertyValueSpecification\",\"valueRequired\":true,\"valueName\":\"search_term_string\"}}],\"inLanguage\":\"pt-BR\"},{\"@type\":\"Organization\",\"@id\":\"https:\/\/jornalfatosenoticias.com.br\/#organization\",\"name\":\"Jornal Fatos e Not\u00edcias\",\"url\":\"https:\/\/jornalfatosenoticias.com.br\/\",\"logo\":{\"@type\":\"ImageObject\",\"inLanguage\":\"pt-BR\",\"@id\":\"https:\/\/jornalfatosenoticias.com.br\/#\/schema\/logo\/image\/\",\"url\":\"https:\/\/jornalfatosenoticias.com.br\/wp-content\/uploads\/2020\/02\/logo120.png\",\"contentUrl\":\"https:\/\/jornalfatosenoticias.com.br\/wp-content\/uploads\/2020\/02\/logo120.png\",\"width\":1227,\"height\":120,\"caption\":\"Jornal Fatos e Not\u00edcias\"},\"image\":{\"@id\":\"https:\/\/jornalfatosenoticias.com.br\/#\/schema\/logo\/image\/\"}},{\"@type\":\"Person\",\"@id\":\"https:\/\/jornalfatosenoticias.com.br\/#\/schema\/person\/d63837fa13ac8666eb9e74e0985d6f81\",\"name\":\"Luzimara Fernandes\",\"image\":{\"@type\":\"ImageObject\",\"inLanguage\":\"pt-BR\",\"@id\":\"https:\/\/jornalfatosenoticias.com.br\/#\/schema\/person\/image\/\",\"url\":\"https:\/\/jornalfatosenoticias.com.br\/wp-content\/uploads\/2025\/05\/EU_portal.jpg\",\"contentUrl\":\"https:\/\/jornalfatosenoticias.com.br\/wp-content\/uploads\/2025\/05\/EU_portal.jpg\",\"caption\":\"Luzimara Fernandes\"},\"description\":\"Jornalista MTB 2358-ES\",\"sameAs\":[\"https:\/\/jornalfatosenoticias.com.br\"],\"url\":\"https:\/\/jornalfatosenoticias.com.br\/index.php\/author\/luzimara\/\"}]}<\/script>\n<!-- \/ Yoast SEO plugin. -->","yoast_head_json":{"title":"Apesar do preconceito, n\u00famero de universit\u00e1rios acima dos 35 anos aumenta no Brasil - Jornal Fatos e Not\u00edcias","robots":{"index":"index","follow":"follow","max-snippet":"max-snippet:-1","max-image-preview":"max-image-preview:large","max-video-preview":"max-video-preview:-1"},"canonical":"https:\/\/jornalfatosenoticias.com.br\/index.php\/2023\/06\/29\/apesar-do-preconceito-numero-de-universitarios-acima-dos-35-anos-aumenta-no-brasil\/","og_locale":"pt_BR","og_type":"article","og_title":"Apesar do preconceito, n\u00famero de universit\u00e1rios acima dos 35 anos aumenta no Brasil - Jornal Fatos e Not\u00edcias","og_description":"Dados do Minist\u00e9rio da Educa\u00e7\u00e3o mostram que em 2021 quase 600 mil pessoas nesta faixa et\u00e1ria foram matriculadas em universidades, um aumento de 171% nos \u00faltimos 10 anos A busca por moradias estudantis est\u00e1 em alta em S\u00e3o Paulo inclusive entre pessoas mais velhas, conforme revelou um levantamento realizado Share Student Living, empresa de resid\u00eancias [&hellip;]","og_url":"https:\/\/jornalfatosenoticias.com.br\/index.php\/2023\/06\/29\/apesar-do-preconceito-numero-de-universitarios-acima-dos-35-anos-aumenta-no-brasil\/","og_site_name":"Jornal Fatos e Not\u00edcias","article_published_time":"2023-06-29T21:25:58+00:00","article_modified_time":"2023-06-29T21:25:59+00:00","og_image":[{"width":1000,"height":458,"url":"https:\/\/jornalfatosenoticias.com.br\/wp-content\/uploads\/2023\/06\/universitarios-acima-dos-35-anos.jpg","type":"image\/jpeg"}],"author":"Luzimara Fernandes","twitter_card":"summary_large_image","twitter_misc":{"Escrito por":"Luzimara Fernandes","Est. tempo de leitura":"2 minutos"},"schema":{"@context":"https:\/\/schema.org","@graph":[{"@type":"Article","@id":"https:\/\/jornalfatosenoticias.com.br\/index.php\/2023\/06\/29\/apesar-do-preconceito-numero-de-universitarios-acima-dos-35-anos-aumenta-no-brasil\/#article","isPartOf":{"@id":"https:\/\/jornalfatosenoticias.com.br\/index.php\/2023\/06\/29\/apesar-do-preconceito-numero-de-universitarios-acima-dos-35-anos-aumenta-no-brasil\/"},"author":{"name":"Luzimara Fernandes","@id":"https:\/\/jornalfatosenoticias.com.br\/#\/schema\/person\/d63837fa13ac8666eb9e74e0985d6f81"},"headline":"Apesar do preconceito, n\u00famero de universit\u00e1rios acima dos 35 anos aumenta no Brasil","datePublished":"2023-06-29T21:25:58+00:00","dateModified":"2023-06-29T21:25:59+00:00","mainEntityOfPage":{"@id":"https:\/\/jornalfatosenoticias.com.br\/index.php\/2023\/06\/29\/apesar-do-preconceito-numero-de-universitarios-acima-dos-35-anos-aumenta-no-brasil\/"},"wordCount":425,"commentCount":0,"publisher":{"@id":"https:\/\/jornalfatosenoticias.com.br\/#organization"},"image":{"@id":"https:\/\/jornalfatosenoticias.com.br\/index.php\/2023\/06\/29\/apesar-do-preconceito-numero-de-universitarios-acima-dos-35-anos-aumenta-no-brasil\/#primaryimage"},"thumbnailUrl":"https:\/\/jornalfatosenoticias.com.br\/wp-content\/uploads\/2023\/06\/universitarios-acima-dos-35-anos.jpg","keywords":["educa\u00e7\u00e3o superior","envelhecimento","etarismo","Minist\u00e9rio da Educa\u00e7\u00e3o","preconceito"],"articleSection":["Educa\u00e7\u00e3o"],"inLanguage":"pt-BR","potentialAction":[{"@type":"CommentAction","name":"Comment","target":["https:\/\/jornalfatosenoticias.com.br\/index.php\/2023\/06\/29\/apesar-do-preconceito-numero-de-universitarios-acima-dos-35-anos-aumenta-no-brasil\/#respond"]}]},{"@type":"WebPage","@id":"https:\/\/jornalfatosenoticias.com.br\/index.php\/2023\/06\/29\/apesar-do-preconceito-numero-de-universitarios-acima-dos-35-anos-aumenta-no-brasil\/","url":"https:\/\/jornalfatosenoticias.com.br\/index.php\/2023\/06\/29\/apesar-do-preconceito-numero-de-universitarios-acima-dos-35-anos-aumenta-no-brasil\/","name":"Apesar do preconceito, n\u00famero de universit\u00e1rios acima dos 35 anos aumenta no Brasil - Jornal Fatos e Not\u00edcias","isPartOf":{"@id":"https:\/\/jornalfatosenoticias.com.br\/#website"},"primaryImageOfPage":{"@id":"https:\/\/jornalfatosenoticias.com.br\/index.php\/2023\/06\/29\/apesar-do-preconceito-numero-de-universitarios-acima-dos-35-anos-aumenta-no-brasil\/#primaryimage"},"image":{"@id":"https:\/\/jornalfatosenoticias.com.br\/index.php\/2023\/06\/29\/apesar-do-preconceito-numero-de-universitarios-acima-dos-35-anos-aumenta-no-brasil\/#primaryimage"},"thumbnailUrl":"https:\/\/jornalfatosenoticias.com.br\/wp-content\/uploads\/2023\/06\/universitarios-acima-dos-35-anos.jpg","datePublished":"2023-06-29T21:25:58+00:00","dateModified":"2023-06-29T21:25:59+00:00","breadcrumb":{"@id":"https:\/\/jornalfatosenoticias.com.br\/index.php\/2023\/06\/29\/apesar-do-preconceito-numero-de-universitarios-acima-dos-35-anos-aumenta-no-brasil\/#breadcrumb"},"inLanguage":"pt-BR","potentialAction":[{"@type":"ReadAction","target":["https:\/\/jornalfatosenoticias.com.br\/index.php\/2023\/06\/29\/apesar-do-preconceito-numero-de-universitarios-acima-dos-35-anos-aumenta-no-brasil\/"]}]},{"@type":"ImageObject","inLanguage":"pt-BR","@id":"https:\/\/jornalfatosenoticias.com.br\/index.php\/2023\/06\/29\/apesar-do-preconceito-numero-de-universitarios-acima-dos-35-anos-aumenta-no-brasil\/#primaryimage","url":"https:\/\/jornalfatosenoticias.com.br\/wp-content\/uploads\/2023\/06\/universitarios-acima-dos-35-anos.jpg","contentUrl":"https:\/\/jornalfatosenoticias.com.br\/wp-content\/uploads\/2023\/06\/universitarios-acima-dos-35-anos.jpg","width":1000,"height":458},{"@type":"BreadcrumbList","@id":"https:\/\/jornalfatosenoticias.com.br\/index.php\/2023\/06\/29\/apesar-do-preconceito-numero-de-universitarios-acima-dos-35-anos-aumenta-no-brasil\/#breadcrumb","itemListElement":[{"@type":"ListItem","position":1,"name":"In\u00edcio","item":"https:\/\/jornalfatosenoticias.com.br\/"},{"@type":"ListItem","position":2,"name":"Apesar do preconceito, n\u00famero de universit\u00e1rios acima dos 35 anos aumenta no Brasil"}]},{"@type":"WebSite","@id":"https:\/\/jornalfatosenoticias.com.br\/#website","url":"https:\/\/jornalfatosenoticias.com.br\/","name":"Jornal Fatos e Not\u00edcias","description":"Not\u00edcias em geral","publisher":{"@id":"https:\/\/jornalfatosenoticias.com.br\/#organization"},"potentialAction":[{"@type":"SearchAction","target":{"@type":"EntryPoint","urlTemplate":"https:\/\/jornalfatosenoticias.com.br\/?s={search_term_string}"},"query-input":{"@type":"PropertyValueSpecification","valueRequired":true,"valueName":"search_term_string"}}],"inLanguage":"pt-BR"},{"@type":"Organization","@id":"https:\/\/jornalfatosenoticias.com.br\/#organization","name":"Jornal Fatos e Not\u00edcias","url":"https:\/\/jornalfatosenoticias.com.br\/","logo":{"@type":"ImageObject","inLanguage":"pt-BR","@id":"https:\/\/jornalfatosenoticias.com.br\/#\/schema\/logo\/image\/","url":"https:\/\/jornalfatosenoticias.com.br\/wp-content\/uploads\/2020\/02\/logo120.png","contentUrl":"https:\/\/jornalfatosenoticias.com.br\/wp-content\/uploads\/2020\/02\/logo120.png","width":1227,"height":120,"caption":"Jornal Fatos e Not\u00edcias"},"image":{"@id":"https:\/\/jornalfatosenoticias.com.br\/#\/schema\/logo\/image\/"}},{"@type":"Person","@id":"https:\/\/jornalfatosenoticias.com.br\/#\/schema\/person\/d63837fa13ac8666eb9e74e0985d6f81","name":"Luzimara Fernandes","image":{"@type":"ImageObject","inLanguage":"pt-BR","@id":"https:\/\/jornalfatosenoticias.com.br\/#\/schema\/person\/image\/","url":"https:\/\/jornalfatosenoticias.com.br\/wp-content\/uploads\/2025\/05\/EU_portal.jpg","contentUrl":"https:\/\/jornalfatosenoticias.com.br\/wp-content\/uploads\/2025\/05\/EU_portal.jpg","caption":"Luzimara Fernandes"},"description":"Jornalista MTB 2358-ES","sameAs":["https:\/\/jornalfatosenoticias.com.br"],"url":"https:\/\/jornalfatosenoticias.com.br\/index.php\/author\/luzimara\/"}]}},"cc_featured_image_caption":{"caption_text":"(Foto: Getty Images) ","source_text":"","source_url":""},"jetpack_featured_media_url":"https:\/\/jornalfatosenoticias.com.br\/wp-content\/uploads\/2023\/06\/universitarios-acima-dos-35-anos.jpg","_links":{"self":[{"href":"https:\/\/jornalfatosenoticias.com.br\/index.php\/wp-json\/wp\/v2\/posts\/42897","targetHints":{"allow":["GET"]}}],"collection":[{"href":"https:\/\/jornalfatosenoticias.com.br\/index.php\/wp-json\/wp\/v2\/posts"}],"about":[{"href":"https:\/\/jornalfatosenoticias.com.br\/index.php\/wp-json\/wp\/v2\/types\/post"}],"author":[{"embeddable":true,"href":"https:\/\/jornalfatosenoticias.com.br\/index.php\/wp-json\/wp\/v2\/users\/2"}],"replies":[{"embeddable":true,"href":"https:\/\/jornalfatosenoticias.com.br\/index.php\/wp-json\/wp\/v2\/comments?post=42897"}],"version-history":[{"count":0,"href":"https:\/\/jornalfatosenoticias.com.br\/index.php\/wp-json\/wp\/v2\/posts\/42897\/revisions"}],"wp:featuredmedia":[{"embeddable":true,"href":"https:\/\/jornalfatosenoticias.com.br\/index.php\/wp-json\/wp\/v2\/media\/42898"}],"wp:attachment":[{"href":"https:\/\/jornalfatosenoticias.com.br\/index.php\/wp-json\/wp\/v2\/media?parent=42897"}],"wp:term":[{"taxonomy":"category","embeddable":true,"href":"https:\/\/jornalfatosenoticias.com.br\/index.php\/wp-json\/wp\/v2\/categories?post=42897"},{"taxonomy":"post_tag","embeddable":true,"href":"https:\/\/jornalfatosenoticias.com.br\/index.php\/wp-json\/wp\/v2\/tags?post=42897"}],"curies":[{"name":"wp","href":"https:\/\/api.w.org\/{rel}","templated":true}]}}