{"id":42938,"date":"2023-06-30T11:23:10","date_gmt":"2023-06-30T14:23:10","guid":{"rendered":"https:\/\/jornalfatosenoticias.com.br\/?p=42938"},"modified":"2023-06-30T11:23:11","modified_gmt":"2023-06-30T14:23:11","slug":"depois-da-volkswagen-gm-vai-suspender-producao-de-carros","status":"publish","type":"post","link":"https:\/\/jornalfatosenoticias.com.br\/index.php\/2023\/06\/30\/depois-da-volkswagen-gm-vai-suspender-producao-de-carros\/","title":{"rendered":"Depois da Volkswagen, GM vai suspender produ\u00e7\u00e3o de carros"},"content":{"rendered":"\n<p><em><span class=\"has-inline-color has-black-color\">Montadora vai interromper contratos de trabalho de 1,2 mil funcion\u00e1rios<\/span><\/em><\/p>\n\n\n\n<div class=\"wp-block-image\"><figure class=\"aligncenter size-large\"><img loading=\"lazy\" decoding=\"async\" width=\"729\" height=\"90\" src=\"https:\/\/jornalfatosenoticias.com.br\/wp-content\/uploads\/2020\/02\/Logo_Mizu.png\" alt=\"\" class=\"wp-image-1441\" srcset=\"https:\/\/jornalfatosenoticias.com.br\/wp-content\/uploads\/2020\/02\/Logo_Mizu.png 729w, https:\/\/jornalfatosenoticias.com.br\/wp-content\/uploads\/2020\/02\/Logo_Mizu-300x37.png 300w\" sizes=\"auto, (max-width: 729px) 100vw, 729px\" \/><\/figure><\/div>\n\n\n\n<p>A <strong><a href=\"https:\/\/www.chevrolet.com.br\/\" target=\"_blank\" rel=\"noreferrer noopener\">General Motors<\/a><\/strong> (GM) pode ficar at\u00e9 dez meses sem produzir carros na f\u00e1brica de S\u00e3o Jos\u00e9 dos Campos, no interior de S\u00e3o Paulo. A partir de 3 de julho, tem in\u00edcio um <em>layoff<\/em> \u2014 suspens\u00e3o nos contratos de trabalho \u2014 de cerca de 1,2 mil funcion\u00e1rios. <strong><a href=\"https:\/\/revistaoeste.com\/economia\/gm-suspensao-contratos\/\" target=\"_blank\" rel=\"noreferrer noopener\">O per\u00edodo pode ser prorrogado por outros cinco meses.<\/a><\/strong> Na unidade, considerada \u201cdeficit\u00e1ria\u201d, s\u00e3o produzidos o SUV Trailblazer e a picape S10, cotados para a ganhar novas gera\u00e7\u00f5es.<\/p>\n\n\n\n<blockquote class=\"wp-block-quote is-layout-flow wp-block-quote-is-layout-flow\"><p><span class=\"has-inline-color has-luminous-vivid-orange-color\">A GM informa que est\u00e1 negociando com o sindicato dos metal\u00fargicos de S\u00e3o Jos\u00e9 dos Campos medidas para ajustar a produ\u00e7\u00e3o \u00e0 atual demanda do mercado, de forma a garantir a sustentabilidade do neg\u00f3cio\u201d, informou a empresa no come\u00e7o de junho.<\/span><\/p><\/blockquote>\n\n\n\n<div class=\"wp-block-image\"><figure class=\"aligncenter size-large is-resized\"><img loading=\"lazy\" decoding=\"async\" src=\"https:\/\/jornalfatosenoticias.com.br\/wp-content\/uploads\/2022\/02\/Precisao-Contabilidade-1024x724.jpg\" alt=\"\" class=\"wp-image-28088\" width=\"315\" height=\"223\"\/><\/figure><\/div>\n\n\n\n<p>A montadora tamb\u00e9m paralisou por alguns dias a produ\u00e7\u00e3o em Gravata\u00ed, no Rio Grande do Sul. A unidade \u00e9 respons\u00e1vel pela montagem da linha Onix, um dos modelos mais vendidos do Pa\u00eds nos \u00faltimos anos, mas que teve a montagem interrompida justamente no m\u00eas de descontos para carros promovido pelo governo federal.<\/p>\n\n\n\n<div class=\"wp-block-image\"><figure class=\"aligncenter size-large is-resized\"><img loading=\"lazy\" decoding=\"async\" src=\"https:\/\/jornalfatosenoticias.com.br\/wp-content\/uploads\/2020\/02\/logo-embacia.jpg\" alt=\"\" class=\"wp-image-33905\" width=\"289\" height=\"289\"\/><\/figure><\/div>\n\n\n\n<p><strong><span class=\"has-inline-color has-black-color\">Programa do governo para carros n\u00e3o decolou<br><\/span><\/strong>Uma imagem do p\u00e1tio da Volkswagen feita nesta semana chamou a aten\u00e7\u00e3o dos internautas. O registro do helic\u00f3ptero da TV Globo na quarta-feira (28), mostrou milhares de carros na unidade de S\u00e3o Bernardo do Campo, no ABC paulista.<br>O registro foi feito um dia depois de a Volkswagen anunciar a suspens\u00e3o das atividades em f\u00e1bricas de todo o Brasil. A montadora alegou a \u201cestagna\u00e7\u00e3o do mercado\u201d como motivo para a paralisa\u00e7\u00e3o.<\/p>\n\n\n\n<div class=\"wp-block-image\"><figure class=\"aligncenter size-large\"><img decoding=\"async\" src=\"https:\/\/jornalfatosenoticias.com.br\/wp-content\/uploads\/2020\/02\/barao-das-carnes-300x164-1.jpg\" alt=\"\" class=\"wp-image-34339\"\/><\/figure><\/div>\n\n\n\n<p>A situa\u00e7\u00e3o escancara que <strong><a href=\"https:\/\/revistaoeste.com\/economia\/plano-do-governo-e-um-fiasco-e-montadoras-nao-escapam-do-prejuizo\/\" target=\"_blank\" rel=\"noreferrer noopener\">plano do governo Lula<\/a><\/strong> de aumentar os incentivos fiscais \u00e0s montadoras de ve\u00edculos n\u00e3o surtiu o efeito desejado. Mesmo com o despejo de cerca de R$ 500 milh\u00f5es em benef\u00edcios para autom\u00f3veis e comerciais leves, o resultado est\u00e1 aqu\u00e9m do esperado pelas f\u00e1bricas.<\/p>\n\n\n\n<div class=\"wp-block-image\"><figure class=\"aligncenter size-large\"><img decoding=\"async\" src=\"https:\/\/jornalfatosenoticias.com.br\/wp-content\/uploads\/2020\/02\/logo_esteio.jpg\" alt=\"\" class=\"wp-image-1214\"\/><\/figure><\/div>\n\n\n\n<p>De acordo com dados do Registro Nacional de Ve\u00edculos Automotores, a m\u00e9dia de junho at\u00e9 o \u00faltimo dia 19 \u00e9 de 6,2 mil unidades vendidas por dia. O n\u00famero, que inclui ve\u00edculos leves e pesados, indica uma diminui\u00e7\u00e3o de 20%, na compara\u00e7\u00e3o com o mesmo per\u00edodo de maio.<\/p>\n\n\n\n<p><strong><em>Fonte: <a href=\"https:\/\/revistaoeste.com\/economia\/depois-da-volkswagen-gm-vai-suspender-producao-de-carros\/\">Revista Oeste<\/a><\/em><\/strong><\/p>\n","protected":false},"excerpt":{"rendered":"<p>Montadora vai interromper contratos de trabalho de 1,2 mil funcion\u00e1rios A General Motors (GM) pode ficar at\u00e9 dez meses sem produzir carros na f\u00e1brica de S\u00e3o Jos\u00e9 dos Campos, no interior de S\u00e3o Paulo. A partir de 3 de julho, tem in\u00edcio um layoff \u2014 suspens\u00e3o nos contratos de trabalho \u2014 de cerca de 1,2 [&hellip;]<\/p>\n","protected":false},"author":2,"featured_media":42939,"comment_status":"open","ping_status":"open","sticky":false,"template":"","format":"standard","meta":{"footnotes":""},"categories":[9],"tags":[6044,19686,240,18156,20206,18343],"class_list":["post-42938","post","type-post","status-publish","format-standard","has-post-thumbnail","hentry","category-economia","tag-carro","tag-carro-popular","tag-economia","tag-fiasco-economico","tag-fracasso-economico","tag-governo-lula"],"yoast_head":"<!-- This site is optimized with the Yoast SEO plugin v26.5 - https:\/\/yoast.com\/wordpress\/plugins\/seo\/ -->\n<title>Depois da Volkswagen, GM vai suspender produ\u00e7\u00e3o de carros - Jornal Fatos e Not\u00edcias<\/title>\n<meta name=\"robots\" content=\"index, follow, max-snippet:-1, max-image-preview:large, max-video-preview:-1\" \/>\n<link rel=\"canonical\" href=\"https:\/\/jornalfatosenoticias.com.br\/index.php\/2023\/06\/30\/depois-da-volkswagen-gm-vai-suspender-producao-de-carros\/\" \/>\n<meta property=\"og:locale\" content=\"pt_BR\" \/>\n<meta property=\"og:type\" content=\"article\" \/>\n<meta property=\"og:title\" content=\"Depois da Volkswagen, GM vai suspender produ\u00e7\u00e3o de carros - Jornal Fatos e Not\u00edcias\" \/>\n<meta property=\"og:description\" content=\"Montadora vai interromper contratos de trabalho de 1,2 mil funcion\u00e1rios A General Motors (GM) pode ficar at\u00e9 dez meses sem produzir carros na f\u00e1brica de S\u00e3o Jos\u00e9 dos Campos, no interior de S\u00e3o Paulo. A partir de 3 de julho, tem in\u00edcio um layoff \u2014 suspens\u00e3o nos contratos de trabalho \u2014 de cerca de 1,2 [&hellip;]\" \/>\n<meta property=\"og:url\" content=\"https:\/\/jornalfatosenoticias.com.br\/index.php\/2023\/06\/30\/depois-da-volkswagen-gm-vai-suspender-producao-de-carros\/\" \/>\n<meta property=\"og:site_name\" content=\"Jornal Fatos e Not\u00edcias\" \/>\n<meta property=\"article:published_time\" content=\"2023-06-30T14:23:10+00:00\" \/>\n<meta property=\"article:modified_time\" content=\"2023-06-30T14:23:11+00:00\" \/>\n<meta property=\"og:image\" content=\"https:\/\/jornalfatosenoticias.com.br\/wp-content\/uploads\/2023\/06\/fabrica-automoveis.jpg\" \/>\n\t<meta property=\"og:image:width\" content=\"1000\" \/>\n\t<meta property=\"og:image:height\" content=\"520\" \/>\n\t<meta property=\"og:image:type\" content=\"image\/jpeg\" \/>\n<meta name=\"author\" content=\"Luzimara Fernandes\" \/>\n<meta name=\"twitter:card\" content=\"summary_large_image\" \/>\n<meta name=\"twitter:label1\" content=\"Escrito por\" \/>\n\t<meta name=\"twitter:data1\" content=\"Luzimara Fernandes\" \/>\n\t<meta name=\"twitter:label2\" content=\"Est. tempo de leitura\" \/>\n\t<meta name=\"twitter:data2\" content=\"2 minutos\" \/>\n<script type=\"application\/ld+json\" class=\"yoast-schema-graph\">{\"@context\":\"https:\/\/schema.org\",\"@graph\":[{\"@type\":\"Article\",\"@id\":\"https:\/\/jornalfatosenoticias.com.br\/index.php\/2023\/06\/30\/depois-da-volkswagen-gm-vai-suspender-producao-de-carros\/#article\",\"isPartOf\":{\"@id\":\"https:\/\/jornalfatosenoticias.com.br\/index.php\/2023\/06\/30\/depois-da-volkswagen-gm-vai-suspender-producao-de-carros\/\"},\"author\":{\"name\":\"Luzimara Fernandes\",\"@id\":\"https:\/\/jornalfatosenoticias.com.br\/#\/schema\/person\/d63837fa13ac8666eb9e74e0985d6f81\"},\"headline\":\"Depois da Volkswagen, GM vai suspender produ\u00e7\u00e3o de carros\",\"datePublished\":\"2023-06-30T14:23:10+00:00\",\"dateModified\":\"2023-06-30T14:23:11+00:00\",\"mainEntityOfPage\":{\"@id\":\"https:\/\/jornalfatosenoticias.com.br\/index.php\/2023\/06\/30\/depois-da-volkswagen-gm-vai-suspender-producao-de-carros\/\"},\"wordCount\":396,\"commentCount\":0,\"publisher\":{\"@id\":\"https:\/\/jornalfatosenoticias.com.br\/#organization\"},\"image\":{\"@id\":\"https:\/\/jornalfatosenoticias.com.br\/index.php\/2023\/06\/30\/depois-da-volkswagen-gm-vai-suspender-producao-de-carros\/#primaryimage\"},\"thumbnailUrl\":\"https:\/\/jornalfatosenoticias.com.br\/wp-content\/uploads\/2023\/06\/fabrica-automoveis.jpg\",\"keywords\":[\"carro\",\"carro popular\",\"economia\",\"fiasco econ\u00f4mico\",\"fracasso econ\u00f4mico\",\"governo Lula\"],\"articleSection\":[\"Economia\"],\"inLanguage\":\"pt-BR\",\"potentialAction\":[{\"@type\":\"CommentAction\",\"name\":\"Comment\",\"target\":[\"https:\/\/jornalfatosenoticias.com.br\/index.php\/2023\/06\/30\/depois-da-volkswagen-gm-vai-suspender-producao-de-carros\/#respond\"]}]},{\"@type\":\"WebPage\",\"@id\":\"https:\/\/jornalfatosenoticias.com.br\/index.php\/2023\/06\/30\/depois-da-volkswagen-gm-vai-suspender-producao-de-carros\/\",\"url\":\"https:\/\/jornalfatosenoticias.com.br\/index.php\/2023\/06\/30\/depois-da-volkswagen-gm-vai-suspender-producao-de-carros\/\",\"name\":\"Depois da Volkswagen, GM vai suspender produ\u00e7\u00e3o de carros - Jornal Fatos e Not\u00edcias\",\"isPartOf\":{\"@id\":\"https:\/\/jornalfatosenoticias.com.br\/#website\"},\"primaryImageOfPage\":{\"@id\":\"https:\/\/jornalfatosenoticias.com.br\/index.php\/2023\/06\/30\/depois-da-volkswagen-gm-vai-suspender-producao-de-carros\/#primaryimage\"},\"image\":{\"@id\":\"https:\/\/jornalfatosenoticias.com.br\/index.php\/2023\/06\/30\/depois-da-volkswagen-gm-vai-suspender-producao-de-carros\/#primaryimage\"},\"thumbnailUrl\":\"https:\/\/jornalfatosenoticias.com.br\/wp-content\/uploads\/2023\/06\/fabrica-automoveis.jpg\",\"datePublished\":\"2023-06-30T14:23:10+00:00\",\"dateModified\":\"2023-06-30T14:23:11+00:00\",\"breadcrumb\":{\"@id\":\"https:\/\/jornalfatosenoticias.com.br\/index.php\/2023\/06\/30\/depois-da-volkswagen-gm-vai-suspender-producao-de-carros\/#breadcrumb\"},\"inLanguage\":\"pt-BR\",\"potentialAction\":[{\"@type\":\"ReadAction\",\"target\":[\"https:\/\/jornalfatosenoticias.com.br\/index.php\/2023\/06\/30\/depois-da-volkswagen-gm-vai-suspender-producao-de-carros\/\"]}]},{\"@type\":\"ImageObject\",\"inLanguage\":\"pt-BR\",\"@id\":\"https:\/\/jornalfatosenoticias.com.br\/index.php\/2023\/06\/30\/depois-da-volkswagen-gm-vai-suspender-producao-de-carros\/#primaryimage\",\"url\":\"https:\/\/jornalfatosenoticias.com.br\/wp-content\/uploads\/2023\/06\/fabrica-automoveis.jpg\",\"contentUrl\":\"https:\/\/jornalfatosenoticias.com.br\/wp-content\/uploads\/2023\/06\/fabrica-automoveis.jpg\",\"width\":1000,\"height\":520},{\"@type\":\"BreadcrumbList\",\"@id\":\"https:\/\/jornalfatosenoticias.com.br\/index.php\/2023\/06\/30\/depois-da-volkswagen-gm-vai-suspender-producao-de-carros\/#breadcrumb\",\"itemListElement\":[{\"@type\":\"ListItem\",\"position\":1,\"name\":\"In\u00edcio\",\"item\":\"https:\/\/jornalfatosenoticias.com.br\/\"},{\"@type\":\"ListItem\",\"position\":2,\"name\":\"Depois da Volkswagen, GM vai suspender produ\u00e7\u00e3o de carros\"}]},{\"@type\":\"WebSite\",\"@id\":\"https:\/\/jornalfatosenoticias.com.br\/#website\",\"url\":\"https:\/\/jornalfatosenoticias.com.br\/\",\"name\":\"Jornal Fatos e Not\u00edcias\",\"description\":\"Not\u00edcias em geral\",\"publisher\":{\"@id\":\"https:\/\/jornalfatosenoticias.com.br\/#organization\"},\"potentialAction\":[{\"@type\":\"SearchAction\",\"target\":{\"@type\":\"EntryPoint\",\"urlTemplate\":\"https:\/\/jornalfatosenoticias.com.br\/?s={search_term_string}\"},\"query-input\":{\"@type\":\"PropertyValueSpecification\",\"valueRequired\":true,\"valueName\":\"search_term_string\"}}],\"inLanguage\":\"pt-BR\"},{\"@type\":\"Organization\",\"@id\":\"https:\/\/jornalfatosenoticias.com.br\/#organization\",\"name\":\"Jornal Fatos e Not\u00edcias\",\"url\":\"https:\/\/jornalfatosenoticias.com.br\/\",\"logo\":{\"@type\":\"ImageObject\",\"inLanguage\":\"pt-BR\",\"@id\":\"https:\/\/jornalfatosenoticias.com.br\/#\/schema\/logo\/image\/\",\"url\":\"https:\/\/jornalfatosenoticias.com.br\/wp-content\/uploads\/2020\/02\/logo120.png\",\"contentUrl\":\"https:\/\/jornalfatosenoticias.com.br\/wp-content\/uploads\/2020\/02\/logo120.png\",\"width\":1227,\"height\":120,\"caption\":\"Jornal Fatos e Not\u00edcias\"},\"image\":{\"@id\":\"https:\/\/jornalfatosenoticias.com.br\/#\/schema\/logo\/image\/\"}},{\"@type\":\"Person\",\"@id\":\"https:\/\/jornalfatosenoticias.com.br\/#\/schema\/person\/d63837fa13ac8666eb9e74e0985d6f81\",\"name\":\"Luzimara Fernandes\",\"image\":{\"@type\":\"ImageObject\",\"inLanguage\":\"pt-BR\",\"@id\":\"https:\/\/jornalfatosenoticias.com.br\/#\/schema\/person\/image\/\",\"url\":\"https:\/\/jornalfatosenoticias.com.br\/wp-content\/uploads\/2025\/05\/EU_portal.jpg\",\"contentUrl\":\"https:\/\/jornalfatosenoticias.com.br\/wp-content\/uploads\/2025\/05\/EU_portal.jpg\",\"caption\":\"Luzimara Fernandes\"},\"description\":\"Jornalista MTB 2358-ES\",\"sameAs\":[\"https:\/\/jornalfatosenoticias.com.br\"],\"url\":\"https:\/\/jornalfatosenoticias.com.br\/index.php\/author\/luzimara\/\"}]}<\/script>\n<!-- \/ Yoast SEO plugin. -->","yoast_head_json":{"title":"Depois da Volkswagen, GM vai suspender produ\u00e7\u00e3o de carros - Jornal Fatos e Not\u00edcias","robots":{"index":"index","follow":"follow","max-snippet":"max-snippet:-1","max-image-preview":"max-image-preview:large","max-video-preview":"max-video-preview:-1"},"canonical":"https:\/\/jornalfatosenoticias.com.br\/index.php\/2023\/06\/30\/depois-da-volkswagen-gm-vai-suspender-producao-de-carros\/","og_locale":"pt_BR","og_type":"article","og_title":"Depois da Volkswagen, GM vai suspender produ\u00e7\u00e3o de carros - Jornal Fatos e Not\u00edcias","og_description":"Montadora vai interromper contratos de trabalho de 1,2 mil funcion\u00e1rios A General Motors (GM) pode ficar at\u00e9 dez meses sem produzir carros na f\u00e1brica de S\u00e3o Jos\u00e9 dos Campos, no interior de S\u00e3o Paulo. A partir de 3 de julho, tem in\u00edcio um layoff \u2014 suspens\u00e3o nos contratos de trabalho \u2014 de cerca de 1,2 [&hellip;]","og_url":"https:\/\/jornalfatosenoticias.com.br\/index.php\/2023\/06\/30\/depois-da-volkswagen-gm-vai-suspender-producao-de-carros\/","og_site_name":"Jornal Fatos e Not\u00edcias","article_published_time":"2023-06-30T14:23:10+00:00","article_modified_time":"2023-06-30T14:23:11+00:00","og_image":[{"width":1000,"height":520,"url":"https:\/\/jornalfatosenoticias.com.br\/wp-content\/uploads\/2023\/06\/fabrica-automoveis.jpg","type":"image\/jpeg"}],"author":"Luzimara Fernandes","twitter_card":"summary_large_image","twitter_misc":{"Escrito por":"Luzimara Fernandes","Est. tempo de leitura":"2 minutos"},"schema":{"@context":"https:\/\/schema.org","@graph":[{"@type":"Article","@id":"https:\/\/jornalfatosenoticias.com.br\/index.php\/2023\/06\/30\/depois-da-volkswagen-gm-vai-suspender-producao-de-carros\/#article","isPartOf":{"@id":"https:\/\/jornalfatosenoticias.com.br\/index.php\/2023\/06\/30\/depois-da-volkswagen-gm-vai-suspender-producao-de-carros\/"},"author":{"name":"Luzimara Fernandes","@id":"https:\/\/jornalfatosenoticias.com.br\/#\/schema\/person\/d63837fa13ac8666eb9e74e0985d6f81"},"headline":"Depois da Volkswagen, GM vai suspender produ\u00e7\u00e3o de carros","datePublished":"2023-06-30T14:23:10+00:00","dateModified":"2023-06-30T14:23:11+00:00","mainEntityOfPage":{"@id":"https:\/\/jornalfatosenoticias.com.br\/index.php\/2023\/06\/30\/depois-da-volkswagen-gm-vai-suspender-producao-de-carros\/"},"wordCount":396,"commentCount":0,"publisher":{"@id":"https:\/\/jornalfatosenoticias.com.br\/#organization"},"image":{"@id":"https:\/\/jornalfatosenoticias.com.br\/index.php\/2023\/06\/30\/depois-da-volkswagen-gm-vai-suspender-producao-de-carros\/#primaryimage"},"thumbnailUrl":"https:\/\/jornalfatosenoticias.com.br\/wp-content\/uploads\/2023\/06\/fabrica-automoveis.jpg","keywords":["carro","carro popular","economia","fiasco econ\u00f4mico","fracasso econ\u00f4mico","governo Lula"],"articleSection":["Economia"],"inLanguage":"pt-BR","potentialAction":[{"@type":"CommentAction","name":"Comment","target":["https:\/\/jornalfatosenoticias.com.br\/index.php\/2023\/06\/30\/depois-da-volkswagen-gm-vai-suspender-producao-de-carros\/#respond"]}]},{"@type":"WebPage","@id":"https:\/\/jornalfatosenoticias.com.br\/index.php\/2023\/06\/30\/depois-da-volkswagen-gm-vai-suspender-producao-de-carros\/","url":"https:\/\/jornalfatosenoticias.com.br\/index.php\/2023\/06\/30\/depois-da-volkswagen-gm-vai-suspender-producao-de-carros\/","name":"Depois da Volkswagen, GM vai suspender produ\u00e7\u00e3o de carros - Jornal Fatos e Not\u00edcias","isPartOf":{"@id":"https:\/\/jornalfatosenoticias.com.br\/#website"},"primaryImageOfPage":{"@id":"https:\/\/jornalfatosenoticias.com.br\/index.php\/2023\/06\/30\/depois-da-volkswagen-gm-vai-suspender-producao-de-carros\/#primaryimage"},"image":{"@id":"https:\/\/jornalfatosenoticias.com.br\/index.php\/2023\/06\/30\/depois-da-volkswagen-gm-vai-suspender-producao-de-carros\/#primaryimage"},"thumbnailUrl":"https:\/\/jornalfatosenoticias.com.br\/wp-content\/uploads\/2023\/06\/fabrica-automoveis.jpg","datePublished":"2023-06-30T14:23:10+00:00","dateModified":"2023-06-30T14:23:11+00:00","breadcrumb":{"@id":"https:\/\/jornalfatosenoticias.com.br\/index.php\/2023\/06\/30\/depois-da-volkswagen-gm-vai-suspender-producao-de-carros\/#breadcrumb"},"inLanguage":"pt-BR","potentialAction":[{"@type":"ReadAction","target":["https:\/\/jornalfatosenoticias.com.br\/index.php\/2023\/06\/30\/depois-da-volkswagen-gm-vai-suspender-producao-de-carros\/"]}]},{"@type":"ImageObject","inLanguage":"pt-BR","@id":"https:\/\/jornalfatosenoticias.com.br\/index.php\/2023\/06\/30\/depois-da-volkswagen-gm-vai-suspender-producao-de-carros\/#primaryimage","url":"https:\/\/jornalfatosenoticias.com.br\/wp-content\/uploads\/2023\/06\/fabrica-automoveis.jpg","contentUrl":"https:\/\/jornalfatosenoticias.com.br\/wp-content\/uploads\/2023\/06\/fabrica-automoveis.jpg","width":1000,"height":520},{"@type":"BreadcrumbList","@id":"https:\/\/jornalfatosenoticias.com.br\/index.php\/2023\/06\/30\/depois-da-volkswagen-gm-vai-suspender-producao-de-carros\/#breadcrumb","itemListElement":[{"@type":"ListItem","position":1,"name":"In\u00edcio","item":"https:\/\/jornalfatosenoticias.com.br\/"},{"@type":"ListItem","position":2,"name":"Depois da Volkswagen, GM vai suspender produ\u00e7\u00e3o de carros"}]},{"@type":"WebSite","@id":"https:\/\/jornalfatosenoticias.com.br\/#website","url":"https:\/\/jornalfatosenoticias.com.br\/","name":"Jornal Fatos e Not\u00edcias","description":"Not\u00edcias em geral","publisher":{"@id":"https:\/\/jornalfatosenoticias.com.br\/#organization"},"potentialAction":[{"@type":"SearchAction","target":{"@type":"EntryPoint","urlTemplate":"https:\/\/jornalfatosenoticias.com.br\/?s={search_term_string}"},"query-input":{"@type":"PropertyValueSpecification","valueRequired":true,"valueName":"search_term_string"}}],"inLanguage":"pt-BR"},{"@type":"Organization","@id":"https:\/\/jornalfatosenoticias.com.br\/#organization","name":"Jornal Fatos e Not\u00edcias","url":"https:\/\/jornalfatosenoticias.com.br\/","logo":{"@type":"ImageObject","inLanguage":"pt-BR","@id":"https:\/\/jornalfatosenoticias.com.br\/#\/schema\/logo\/image\/","url":"https:\/\/jornalfatosenoticias.com.br\/wp-content\/uploads\/2020\/02\/logo120.png","contentUrl":"https:\/\/jornalfatosenoticias.com.br\/wp-content\/uploads\/2020\/02\/logo120.png","width":1227,"height":120,"caption":"Jornal Fatos e Not\u00edcias"},"image":{"@id":"https:\/\/jornalfatosenoticias.com.br\/#\/schema\/logo\/image\/"}},{"@type":"Person","@id":"https:\/\/jornalfatosenoticias.com.br\/#\/schema\/person\/d63837fa13ac8666eb9e74e0985d6f81","name":"Luzimara Fernandes","image":{"@type":"ImageObject","inLanguage":"pt-BR","@id":"https:\/\/jornalfatosenoticias.com.br\/#\/schema\/person\/image\/","url":"https:\/\/jornalfatosenoticias.com.br\/wp-content\/uploads\/2025\/05\/EU_portal.jpg","contentUrl":"https:\/\/jornalfatosenoticias.com.br\/wp-content\/uploads\/2025\/05\/EU_portal.jpg","caption":"Luzimara Fernandes"},"description":"Jornalista MTB 2358-ES","sameAs":["https:\/\/jornalfatosenoticias.com.br"],"url":"https:\/\/jornalfatosenoticias.com.br\/index.php\/author\/luzimara\/"}]}},"cc_featured_image_caption":{"caption_text":"(Foto: Shutterstock) ","source_text":"","source_url":""},"jetpack_featured_media_url":"https:\/\/jornalfatosenoticias.com.br\/wp-content\/uploads\/2023\/06\/fabrica-automoveis.jpg","_links":{"self":[{"href":"https:\/\/jornalfatosenoticias.com.br\/index.php\/wp-json\/wp\/v2\/posts\/42938","targetHints":{"allow":["GET"]}}],"collection":[{"href":"https:\/\/jornalfatosenoticias.com.br\/index.php\/wp-json\/wp\/v2\/posts"}],"about":[{"href":"https:\/\/jornalfatosenoticias.com.br\/index.php\/wp-json\/wp\/v2\/types\/post"}],"author":[{"embeddable":true,"href":"https:\/\/jornalfatosenoticias.com.br\/index.php\/wp-json\/wp\/v2\/users\/2"}],"replies":[{"embeddable":true,"href":"https:\/\/jornalfatosenoticias.com.br\/index.php\/wp-json\/wp\/v2\/comments?post=42938"}],"version-history":[{"count":0,"href":"https:\/\/jornalfatosenoticias.com.br\/index.php\/wp-json\/wp\/v2\/posts\/42938\/revisions"}],"wp:featuredmedia":[{"embeddable":true,"href":"https:\/\/jornalfatosenoticias.com.br\/index.php\/wp-json\/wp\/v2\/media\/42939"}],"wp:attachment":[{"href":"https:\/\/jornalfatosenoticias.com.br\/index.php\/wp-json\/wp\/v2\/media?parent=42938"}],"wp:term":[{"taxonomy":"category","embeddable":true,"href":"https:\/\/jornalfatosenoticias.com.br\/index.php\/wp-json\/wp\/v2\/categories?post=42938"},{"taxonomy":"post_tag","embeddable":true,"href":"https:\/\/jornalfatosenoticias.com.br\/index.php\/wp-json\/wp\/v2\/tags?post=42938"}],"curies":[{"name":"wp","href":"https:\/\/api.w.org\/{rel}","templated":true}]}}