{"id":42944,"date":"2023-06-30T11:38:56","date_gmt":"2023-06-30T14:38:56","guid":{"rendered":"https:\/\/jornalfatosenoticias.com.br\/?p=42944"},"modified":"2023-06-30T11:38:56","modified_gmt":"2023-06-30T14:38:56","slug":"amazonia-tem-maior-numero-de-queimadas-para-junho-em-16-anos","status":"publish","type":"post","link":"https:\/\/jornalfatosenoticias.com.br\/index.php\/2023\/06\/30\/amazonia-tem-maior-numero-de-queimadas-para-junho-em-16-anos\/","title":{"rendered":"Amaz\u00f4nia tem maior n\u00famero de queimadas para junho em 16 anos"},"content":{"rendered":"\n<p><em><span class=\"has-inline-color has-black-color\">Tamb\u00e9m houve aumento dos focos de inc\u00eandio no Cerrado, segundo dados do Inpe<\/span><\/em><\/p>\n\n\n\n<div class=\"wp-block-image\"><figure class=\"aligncenter size-large\"><img loading=\"lazy\" decoding=\"async\" width=\"1024\" height=\"100\" src=\"https:\/\/jornalfatosenoticias.com.br\/wp-content\/uploads\/2020\/02\/banner_ferramentas-1024x100.jpg\" alt=\"\" class=\"wp-image-1258\" srcset=\"https:\/\/jornalfatosenoticias.com.br\/wp-content\/uploads\/2020\/02\/banner_ferramentas-1024x100.jpg 1024w, https:\/\/jornalfatosenoticias.com.br\/wp-content\/uploads\/2020\/02\/banner_ferramentas-300x29.jpg 300w, https:\/\/jornalfatosenoticias.com.br\/wp-content\/uploads\/2020\/02\/banner_ferramentas-768x75.jpg 768w, https:\/\/jornalfatosenoticias.com.br\/wp-content\/uploads\/2020\/02\/banner_ferramentas.jpg 1227w\" sizes=\"auto, (max-width: 1024px) 100vw, 1024px\" \/><\/figure><\/div>\n\n\n\n<p>Junho ainda n\u00e3o terminou e j\u00e1 \u00e9 o m\u00eas com o maior n\u00famero de queimadas na Amaz\u00f4nia desde 2007, segundo dados de monitoramento por sat\u00e9lite do <strong><a href=\"https:\/\/queimadas.dgi.inpe.br\/queimadas\/portal\" target=\"_blank\" rel=\"noreferrer noopener\">Instituto Nacional de Pesquisas Espaciais (Inpe)<\/a><\/strong>, compilados pelo portal Metsul.<br>Os dados do Inpe mostram que at\u00e9 o dia 28 de junho foram registrados 2,7 mil focos de inc\u00eandio na Amaz\u00f4nia, maior n\u00famero em 16 anos: em 2007, tamb\u00e9m no governo Lula, junho teve 3,5 mil focos.<\/p>\n\n\n\n<div class=\"wp-block-image\"><figure class=\"aligncenter size-large is-resized\"><img loading=\"lazy\" decoding=\"async\" src=\"https:\/\/jornalfatosenoticias.com.br\/wp-content\/uploads\/2020\/02\/casa-do-torresmo_portal.jpg\" alt=\"\" class=\"wp-image-34472\" width=\"257\" height=\"257\" srcset=\"https:\/\/jornalfatosenoticias.com.br\/wp-content\/uploads\/2020\/02\/casa-do-torresmo_portal.jpg 300w, https:\/\/jornalfatosenoticias.com.br\/wp-content\/uploads\/2020\/02\/casa-do-torresmo_portal-150x150.jpg 150w\" sizes=\"auto, (max-width: 257px) 100vw, 257px\" \/><\/figure><\/div>\n\n\n\n<p>O pior n\u00famero da s\u00e9rie hist\u00f3rica das queimadas, iniciada em 1998, tamb\u00e9m \u00e9 no governo do petista, em 2004, com quase 9,2 mil focos de inc\u00eandio na Amaz\u00f4nia. A m\u00e9dia hist\u00f3rica de junho \u00e9 de 2.682 focos de inc\u00eandio no bioma.<\/p>\n\n\n\n<div class=\"wp-block-image\"><figure class=\"aligncenter size-large\"><img decoding=\"async\" src=\"https:\/\/jornalfatosenoticias.com.br\/wp-content\/uploads\/2020\/02\/barao-das-carnes-300x164-1.jpg\" alt=\"\" class=\"wp-image-34339\"\/><\/figure><\/div>\n\n\n\n<p>Como a m\u00e9dia di\u00e1ria de focos est\u00e1 em 96, o m\u00eas pode fechar com cerca de tr\u00eas mil focos de inc\u00eandio. Em 2022, junho teve 2.562 focos de calor identificados por sat\u00e9lite, abaixo da m\u00e9dia hist\u00f3rica. O Par\u00e1 teve o maior n\u00famero de focos de inc\u00eandio da Amaz\u00f4nia \u2014 registrou, nesses 28 dias, 614 focos, o que \u00e9 quase o dobro da m\u00e9dia mensal, de 343.<\/p>\n\n\n\n<div class=\"wp-block-image\"><figure class=\"aligncenter size-large is-resized\"><img loading=\"lazy\" decoding=\"async\" src=\"https:\/\/jornalfatosenoticias.com.br\/wp-content\/uploads\/2022\/10\/RC_800x750_page-0001.jpg\" alt=\"\" class=\"wp-image-35338\" width=\"227\" height=\"213\" srcset=\"https:\/\/jornalfatosenoticias.com.br\/wp-content\/uploads\/2022\/10\/RC_800x750_page-0001.jpg 400w, https:\/\/jornalfatosenoticias.com.br\/wp-content\/uploads\/2022\/10\/RC_800x750_page-0001-300x281.jpg 300w\" sizes=\"auto, (max-width: 227px) 100vw, 227px\" \/><\/figure><\/div>\n\n\n\n<p>No semestre, at\u00e9 28 de junho, a Amaz\u00f4nia teve 7.980 focos de calor identificados por sat\u00e9lites. O n\u00famero j\u00e1 superou a m\u00e9dia hist\u00f3rica do primeiro semestre, de 7.795. Como a Amaz\u00f4nia \u00e9 uma regi\u00e3o \u00famida, quase sempre o fogo \u00e9 provocado por a\u00e7\u00e3o humana e n\u00e3o acidental ou natural, como raios.<\/p>\n\n\n\n<div class=\"wp-block-image\"><figure class=\"aligncenter size-large is-resized\"><img loading=\"lazy\" decoding=\"async\" src=\"https:\/\/jornalfatosenoticias.com.br\/wp-content\/uploads\/2020\/02\/logo-Rapuzel-1024x571.jpg\" alt=\"\" class=\"wp-image-42808\" width=\"325\" height=\"181\" srcset=\"https:\/\/jornalfatosenoticias.com.br\/wp-content\/uploads\/2020\/02\/logo-Rapuzel-1024x571.jpg 1024w, https:\/\/jornalfatosenoticias.com.br\/wp-content\/uploads\/2020\/02\/logo-Rapuzel-300x167.jpg 300w, https:\/\/jornalfatosenoticias.com.br\/wp-content\/uploads\/2020\/02\/logo-Rapuzel-768x428.jpg 768w, https:\/\/jornalfatosenoticias.com.br\/wp-content\/uploads\/2020\/02\/logo-Rapuzel-1536x856.jpg 1536w, https:\/\/jornalfatosenoticias.com.br\/wp-content\/uploads\/2020\/02\/logo-Rapuzel.jpg 1600w\" sizes=\"auto, (max-width: 325px) 100vw, 325px\" \/><\/figure><\/div>\n\n\n\n<p>No Cerrado, as queimadas em junho tamb\u00e9m est\u00e3o acima da m\u00e9dia. At\u00e9 28 de junho, foram registrados quase 4,1 mil focos de inc\u00eandio. A m\u00e9dia hist\u00f3rica do m\u00eas no bioma \u00e9 de 3.779. J\u00e1 no Pantanal houve nesses 28 dias, 76 focos de calor, n\u00famero inferior \u00e0 m\u00e9dia hist\u00f3rica mensal de junho, de 157.<br>Em primeiro trimestre deste ano, tamb\u00e9m houve <strong><a href=\"https:\/\/revistaoeste.com\/brasil\/desmatamento-recorde-no-governo-lula\/\">desmatamento recorde na Amaz\u00f4nia<\/a><\/strong>, que o governo Lula atribuiu a\u00a0<strong><a href=\"https:\/\/revistaoeste.com\/politica\/marina-silva-diz-que-recorde-de-desmatamento-no-governo-lula-e-ato-de-revanche\/\" target=\"_blank\" rel=\"noreferrer noopener\">revanchismo<\/a><\/strong>\u00a0ou\u00a0<strong><a href=\"https:\/\/revistaoeste.com\/politica\/marina-silva-culpa-bolsonaro-por-recorde-de-desmatamento-no-governo-lula\/\" target=\"_blank\" rel=\"noreferrer noopener\">a Bolsonaro<\/a><\/strong>.<\/p>\n\n\n\n<div class=\"wp-block-image\"><figure class=\"aligncenter size-large is-resized\"><img loading=\"lazy\" decoding=\"async\" src=\"https:\/\/jornalfatosenoticias.com.br\/wp-content\/uploads\/2022\/02\/Banner-2.png\" alt=\"\" class=\"wp-image-27877\" width=\"269\" height=\"224\"\/><\/figure><\/div>\n\n\n\n<p><strong><em>Fonte: <a href=\"https:\/\/revistaoeste.com\/brasil\/amazonia-tem-maior-numero-de-queimadas-para-junho-em-16-anos\/\">Revista Oeste<\/a><\/em><\/strong><\/p>\n","protected":false},"excerpt":{"rendered":"<p>Tamb\u00e9m houve aumento dos focos de inc\u00eandio no Cerrado, segundo dados do Inpe Junho ainda n\u00e3o terminou e j\u00e1 \u00e9 o m\u00eas com o maior n\u00famero de queimadas na Amaz\u00f4nia desde 2007, segundo dados de monitoramento por sat\u00e9lite do Instituto Nacional de Pesquisas Espaciais (Inpe), compilados pelo portal Metsul.Os dados do Inpe mostram que at\u00e9 [&hellip;]<\/p>\n","protected":false},"author":2,"featured_media":42945,"comment_status":"open","ping_status":"open","sticky":false,"template":"","format":"standard","meta":{"footnotes":""},"categories":[5],"tags":[123,20208,18343,287,1897,17819,3463],"class_list":["post-42944","post","type-post","status-publish","format-standard","has-post-thumbnail","hentry","category-geral","tag-amazonia","tag-focos-de-incendio","tag-governo-lula","tag-incendio","tag-inpe","tag-marina-silva","tag-queimadas"],"yoast_head":"<!-- This site is optimized with the Yoast SEO plugin v26.5 - https:\/\/yoast.com\/wordpress\/plugins\/seo\/ -->\n<title>Amaz\u00f4nia tem maior n\u00famero de queimadas para junho em 16 anos - Jornal Fatos e Not\u00edcias<\/title>\n<meta name=\"robots\" content=\"index, follow, max-snippet:-1, max-image-preview:large, max-video-preview:-1\" \/>\n<link rel=\"canonical\" href=\"https:\/\/jornalfatosenoticias.com.br\/index.php\/2023\/06\/30\/amazonia-tem-maior-numero-de-queimadas-para-junho-em-16-anos\/\" \/>\n<meta property=\"og:locale\" content=\"pt_BR\" \/>\n<meta property=\"og:type\" content=\"article\" \/>\n<meta property=\"og:title\" content=\"Amaz\u00f4nia tem maior n\u00famero de queimadas para junho em 16 anos - Jornal Fatos e Not\u00edcias\" \/>\n<meta property=\"og:description\" content=\"Tamb\u00e9m houve aumento dos focos de inc\u00eandio no Cerrado, segundo dados do Inpe Junho ainda n\u00e3o terminou e j\u00e1 \u00e9 o m\u00eas com o maior n\u00famero de queimadas na Amaz\u00f4nia desde 2007, segundo dados de monitoramento por sat\u00e9lite do Instituto Nacional de Pesquisas Espaciais (Inpe), compilados pelo portal Metsul.Os dados do Inpe mostram que at\u00e9 [&hellip;]\" \/>\n<meta property=\"og:url\" content=\"https:\/\/jornalfatosenoticias.com.br\/index.php\/2023\/06\/30\/amazonia-tem-maior-numero-de-queimadas-para-junho-em-16-anos\/\" \/>\n<meta property=\"og:site_name\" content=\"Jornal Fatos e Not\u00edcias\" \/>\n<meta property=\"article:published_time\" content=\"2023-06-30T14:38:56+00:00\" \/>\n<meta property=\"og:image\" content=\"https:\/\/jornalfatosenoticias.com.br\/wp-content\/uploads\/2023\/06\/incendios-amazonia.jpg\" \/>\n\t<meta property=\"og:image:width\" content=\"1000\" \/>\n\t<meta property=\"og:image:height\" content=\"592\" \/>\n\t<meta property=\"og:image:type\" content=\"image\/jpeg\" \/>\n<meta name=\"author\" content=\"Luzimara Fernandes\" \/>\n<meta name=\"twitter:card\" content=\"summary_large_image\" \/>\n<meta name=\"twitter:label1\" content=\"Escrito por\" \/>\n\t<meta name=\"twitter:data1\" content=\"Luzimara Fernandes\" \/>\n\t<meta name=\"twitter:label2\" content=\"Est. tempo de leitura\" \/>\n\t<meta name=\"twitter:data2\" content=\"2 minutos\" \/>\n<script type=\"application\/ld+json\" class=\"yoast-schema-graph\">{\"@context\":\"https:\/\/schema.org\",\"@graph\":[{\"@type\":\"Article\",\"@id\":\"https:\/\/jornalfatosenoticias.com.br\/index.php\/2023\/06\/30\/amazonia-tem-maior-numero-de-queimadas-para-junho-em-16-anos\/#article\",\"isPartOf\":{\"@id\":\"https:\/\/jornalfatosenoticias.com.br\/index.php\/2023\/06\/30\/amazonia-tem-maior-numero-de-queimadas-para-junho-em-16-anos\/\"},\"author\":{\"name\":\"Luzimara Fernandes\",\"@id\":\"https:\/\/jornalfatosenoticias.com.br\/#\/schema\/person\/d63837fa13ac8666eb9e74e0985d6f81\"},\"headline\":\"Amaz\u00f4nia tem maior n\u00famero de queimadas para junho em 16 anos\",\"datePublished\":\"2023-06-30T14:38:56+00:00\",\"mainEntityOfPage\":{\"@id\":\"https:\/\/jornalfatosenoticias.com.br\/index.php\/2023\/06\/30\/amazonia-tem-maior-numero-de-queimadas-para-junho-em-16-anos\/\"},\"wordCount\":353,\"commentCount\":0,\"publisher\":{\"@id\":\"https:\/\/jornalfatosenoticias.com.br\/#organization\"},\"image\":{\"@id\":\"https:\/\/jornalfatosenoticias.com.br\/index.php\/2023\/06\/30\/amazonia-tem-maior-numero-de-queimadas-para-junho-em-16-anos\/#primaryimage\"},\"thumbnailUrl\":\"https:\/\/jornalfatosenoticias.com.br\/wp-content\/uploads\/2023\/06\/incendios-amazonia.jpg\",\"keywords\":[\"amaz\u00f4nia\",\"focos de inc\u00eandio\",\"governo Lula\",\"inc\u00eandio\",\"Inpe\",\"Marina Silva\",\"queimadas\"],\"articleSection\":[\"Geral\"],\"inLanguage\":\"pt-BR\",\"potentialAction\":[{\"@type\":\"CommentAction\",\"name\":\"Comment\",\"target\":[\"https:\/\/jornalfatosenoticias.com.br\/index.php\/2023\/06\/30\/amazonia-tem-maior-numero-de-queimadas-para-junho-em-16-anos\/#respond\"]}]},{\"@type\":\"WebPage\",\"@id\":\"https:\/\/jornalfatosenoticias.com.br\/index.php\/2023\/06\/30\/amazonia-tem-maior-numero-de-queimadas-para-junho-em-16-anos\/\",\"url\":\"https:\/\/jornalfatosenoticias.com.br\/index.php\/2023\/06\/30\/amazonia-tem-maior-numero-de-queimadas-para-junho-em-16-anos\/\",\"name\":\"Amaz\u00f4nia tem maior n\u00famero de queimadas para junho em 16 anos - Jornal Fatos e Not\u00edcias\",\"isPartOf\":{\"@id\":\"https:\/\/jornalfatosenoticias.com.br\/#website\"},\"primaryImageOfPage\":{\"@id\":\"https:\/\/jornalfatosenoticias.com.br\/index.php\/2023\/06\/30\/amazonia-tem-maior-numero-de-queimadas-para-junho-em-16-anos\/#primaryimage\"},\"image\":{\"@id\":\"https:\/\/jornalfatosenoticias.com.br\/index.php\/2023\/06\/30\/amazonia-tem-maior-numero-de-queimadas-para-junho-em-16-anos\/#primaryimage\"},\"thumbnailUrl\":\"https:\/\/jornalfatosenoticias.com.br\/wp-content\/uploads\/2023\/06\/incendios-amazonia.jpg\",\"datePublished\":\"2023-06-30T14:38:56+00:00\",\"breadcrumb\":{\"@id\":\"https:\/\/jornalfatosenoticias.com.br\/index.php\/2023\/06\/30\/amazonia-tem-maior-numero-de-queimadas-para-junho-em-16-anos\/#breadcrumb\"},\"inLanguage\":\"pt-BR\",\"potentialAction\":[{\"@type\":\"ReadAction\",\"target\":[\"https:\/\/jornalfatosenoticias.com.br\/index.php\/2023\/06\/30\/amazonia-tem-maior-numero-de-queimadas-para-junho-em-16-anos\/\"]}]},{\"@type\":\"ImageObject\",\"inLanguage\":\"pt-BR\",\"@id\":\"https:\/\/jornalfatosenoticias.com.br\/index.php\/2023\/06\/30\/amazonia-tem-maior-numero-de-queimadas-para-junho-em-16-anos\/#primaryimage\",\"url\":\"https:\/\/jornalfatosenoticias.com.br\/wp-content\/uploads\/2023\/06\/incendios-amazonia.jpg\",\"contentUrl\":\"https:\/\/jornalfatosenoticias.com.br\/wp-content\/uploads\/2023\/06\/incendios-amazonia.jpg\",\"width\":1000,\"height\":592},{\"@type\":\"BreadcrumbList\",\"@id\":\"https:\/\/jornalfatosenoticias.com.br\/index.php\/2023\/06\/30\/amazonia-tem-maior-numero-de-queimadas-para-junho-em-16-anos\/#breadcrumb\",\"itemListElement\":[{\"@type\":\"ListItem\",\"position\":1,\"name\":\"In\u00edcio\",\"item\":\"https:\/\/jornalfatosenoticias.com.br\/\"},{\"@type\":\"ListItem\",\"position\":2,\"name\":\"Amaz\u00f4nia tem maior n\u00famero de queimadas para junho em 16 anos\"}]},{\"@type\":\"WebSite\",\"@id\":\"https:\/\/jornalfatosenoticias.com.br\/#website\",\"url\":\"https:\/\/jornalfatosenoticias.com.br\/\",\"name\":\"Jornal Fatos e Not\u00edcias\",\"description\":\"Not\u00edcias em geral\",\"publisher\":{\"@id\":\"https:\/\/jornalfatosenoticias.com.br\/#organization\"},\"potentialAction\":[{\"@type\":\"SearchAction\",\"target\":{\"@type\":\"EntryPoint\",\"urlTemplate\":\"https:\/\/jornalfatosenoticias.com.br\/?s={search_term_string}\"},\"query-input\":{\"@type\":\"PropertyValueSpecification\",\"valueRequired\":true,\"valueName\":\"search_term_string\"}}],\"inLanguage\":\"pt-BR\"},{\"@type\":\"Organization\",\"@id\":\"https:\/\/jornalfatosenoticias.com.br\/#organization\",\"name\":\"Jornal Fatos e Not\u00edcias\",\"url\":\"https:\/\/jornalfatosenoticias.com.br\/\",\"logo\":{\"@type\":\"ImageObject\",\"inLanguage\":\"pt-BR\",\"@id\":\"https:\/\/jornalfatosenoticias.com.br\/#\/schema\/logo\/image\/\",\"url\":\"https:\/\/jornalfatosenoticias.com.br\/wp-content\/uploads\/2020\/02\/logo120.png\",\"contentUrl\":\"https:\/\/jornalfatosenoticias.com.br\/wp-content\/uploads\/2020\/02\/logo120.png\",\"width\":1227,\"height\":120,\"caption\":\"Jornal Fatos e Not\u00edcias\"},\"image\":{\"@id\":\"https:\/\/jornalfatosenoticias.com.br\/#\/schema\/logo\/image\/\"}},{\"@type\":\"Person\",\"@id\":\"https:\/\/jornalfatosenoticias.com.br\/#\/schema\/person\/d63837fa13ac8666eb9e74e0985d6f81\",\"name\":\"Luzimara Fernandes\",\"image\":{\"@type\":\"ImageObject\",\"inLanguage\":\"pt-BR\",\"@id\":\"https:\/\/jornalfatosenoticias.com.br\/#\/schema\/person\/image\/\",\"url\":\"https:\/\/jornalfatosenoticias.com.br\/wp-content\/uploads\/2025\/05\/EU_portal.jpg\",\"contentUrl\":\"https:\/\/jornalfatosenoticias.com.br\/wp-content\/uploads\/2025\/05\/EU_portal.jpg\",\"caption\":\"Luzimara Fernandes\"},\"description\":\"Jornalista MTB 2358-ES\",\"sameAs\":[\"https:\/\/jornalfatosenoticias.com.br\"],\"url\":\"https:\/\/jornalfatosenoticias.com.br\/index.php\/author\/luzimara\/\"}]}<\/script>\n<!-- \/ Yoast SEO plugin. -->","yoast_head_json":{"title":"Amaz\u00f4nia tem maior n\u00famero de queimadas para junho em 16 anos - Jornal Fatos e Not\u00edcias","robots":{"index":"index","follow":"follow","max-snippet":"max-snippet:-1","max-image-preview":"max-image-preview:large","max-video-preview":"max-video-preview:-1"},"canonical":"https:\/\/jornalfatosenoticias.com.br\/index.php\/2023\/06\/30\/amazonia-tem-maior-numero-de-queimadas-para-junho-em-16-anos\/","og_locale":"pt_BR","og_type":"article","og_title":"Amaz\u00f4nia tem maior n\u00famero de queimadas para junho em 16 anos - Jornal Fatos e Not\u00edcias","og_description":"Tamb\u00e9m houve aumento dos focos de inc\u00eandio no Cerrado, segundo dados do Inpe Junho ainda n\u00e3o terminou e j\u00e1 \u00e9 o m\u00eas com o maior n\u00famero de queimadas na Amaz\u00f4nia desde 2007, segundo dados de monitoramento por sat\u00e9lite do Instituto Nacional de Pesquisas Espaciais (Inpe), compilados pelo portal Metsul.Os dados do Inpe mostram que at\u00e9 [&hellip;]","og_url":"https:\/\/jornalfatosenoticias.com.br\/index.php\/2023\/06\/30\/amazonia-tem-maior-numero-de-queimadas-para-junho-em-16-anos\/","og_site_name":"Jornal Fatos e Not\u00edcias","article_published_time":"2023-06-30T14:38:56+00:00","og_image":[{"width":1000,"height":592,"url":"https:\/\/jornalfatosenoticias.com.br\/wp-content\/uploads\/2023\/06\/incendios-amazonia.jpg","type":"image\/jpeg"}],"author":"Luzimara Fernandes","twitter_card":"summary_large_image","twitter_misc":{"Escrito por":"Luzimara Fernandes","Est. tempo de leitura":"2 minutos"},"schema":{"@context":"https:\/\/schema.org","@graph":[{"@type":"Article","@id":"https:\/\/jornalfatosenoticias.com.br\/index.php\/2023\/06\/30\/amazonia-tem-maior-numero-de-queimadas-para-junho-em-16-anos\/#article","isPartOf":{"@id":"https:\/\/jornalfatosenoticias.com.br\/index.php\/2023\/06\/30\/amazonia-tem-maior-numero-de-queimadas-para-junho-em-16-anos\/"},"author":{"name":"Luzimara Fernandes","@id":"https:\/\/jornalfatosenoticias.com.br\/#\/schema\/person\/d63837fa13ac8666eb9e74e0985d6f81"},"headline":"Amaz\u00f4nia tem maior n\u00famero de queimadas para junho em 16 anos","datePublished":"2023-06-30T14:38:56+00:00","mainEntityOfPage":{"@id":"https:\/\/jornalfatosenoticias.com.br\/index.php\/2023\/06\/30\/amazonia-tem-maior-numero-de-queimadas-para-junho-em-16-anos\/"},"wordCount":353,"commentCount":0,"publisher":{"@id":"https:\/\/jornalfatosenoticias.com.br\/#organization"},"image":{"@id":"https:\/\/jornalfatosenoticias.com.br\/index.php\/2023\/06\/30\/amazonia-tem-maior-numero-de-queimadas-para-junho-em-16-anos\/#primaryimage"},"thumbnailUrl":"https:\/\/jornalfatosenoticias.com.br\/wp-content\/uploads\/2023\/06\/incendios-amazonia.jpg","keywords":["amaz\u00f4nia","focos de inc\u00eandio","governo Lula","inc\u00eandio","Inpe","Marina Silva","queimadas"],"articleSection":["Geral"],"inLanguage":"pt-BR","potentialAction":[{"@type":"CommentAction","name":"Comment","target":["https:\/\/jornalfatosenoticias.com.br\/index.php\/2023\/06\/30\/amazonia-tem-maior-numero-de-queimadas-para-junho-em-16-anos\/#respond"]}]},{"@type":"WebPage","@id":"https:\/\/jornalfatosenoticias.com.br\/index.php\/2023\/06\/30\/amazonia-tem-maior-numero-de-queimadas-para-junho-em-16-anos\/","url":"https:\/\/jornalfatosenoticias.com.br\/index.php\/2023\/06\/30\/amazonia-tem-maior-numero-de-queimadas-para-junho-em-16-anos\/","name":"Amaz\u00f4nia tem maior n\u00famero de queimadas para junho em 16 anos - Jornal Fatos e Not\u00edcias","isPartOf":{"@id":"https:\/\/jornalfatosenoticias.com.br\/#website"},"primaryImageOfPage":{"@id":"https:\/\/jornalfatosenoticias.com.br\/index.php\/2023\/06\/30\/amazonia-tem-maior-numero-de-queimadas-para-junho-em-16-anos\/#primaryimage"},"image":{"@id":"https:\/\/jornalfatosenoticias.com.br\/index.php\/2023\/06\/30\/amazonia-tem-maior-numero-de-queimadas-para-junho-em-16-anos\/#primaryimage"},"thumbnailUrl":"https:\/\/jornalfatosenoticias.com.br\/wp-content\/uploads\/2023\/06\/incendios-amazonia.jpg","datePublished":"2023-06-30T14:38:56+00:00","breadcrumb":{"@id":"https:\/\/jornalfatosenoticias.com.br\/index.php\/2023\/06\/30\/amazonia-tem-maior-numero-de-queimadas-para-junho-em-16-anos\/#breadcrumb"},"inLanguage":"pt-BR","potentialAction":[{"@type":"ReadAction","target":["https:\/\/jornalfatosenoticias.com.br\/index.php\/2023\/06\/30\/amazonia-tem-maior-numero-de-queimadas-para-junho-em-16-anos\/"]}]},{"@type":"ImageObject","inLanguage":"pt-BR","@id":"https:\/\/jornalfatosenoticias.com.br\/index.php\/2023\/06\/30\/amazonia-tem-maior-numero-de-queimadas-para-junho-em-16-anos\/#primaryimage","url":"https:\/\/jornalfatosenoticias.com.br\/wp-content\/uploads\/2023\/06\/incendios-amazonia.jpg","contentUrl":"https:\/\/jornalfatosenoticias.com.br\/wp-content\/uploads\/2023\/06\/incendios-amazonia.jpg","width":1000,"height":592},{"@type":"BreadcrumbList","@id":"https:\/\/jornalfatosenoticias.com.br\/index.php\/2023\/06\/30\/amazonia-tem-maior-numero-de-queimadas-para-junho-em-16-anos\/#breadcrumb","itemListElement":[{"@type":"ListItem","position":1,"name":"In\u00edcio","item":"https:\/\/jornalfatosenoticias.com.br\/"},{"@type":"ListItem","position":2,"name":"Amaz\u00f4nia tem maior n\u00famero de queimadas para junho em 16 anos"}]},{"@type":"WebSite","@id":"https:\/\/jornalfatosenoticias.com.br\/#website","url":"https:\/\/jornalfatosenoticias.com.br\/","name":"Jornal Fatos e Not\u00edcias","description":"Not\u00edcias em geral","publisher":{"@id":"https:\/\/jornalfatosenoticias.com.br\/#organization"},"potentialAction":[{"@type":"SearchAction","target":{"@type":"EntryPoint","urlTemplate":"https:\/\/jornalfatosenoticias.com.br\/?s={search_term_string}"},"query-input":{"@type":"PropertyValueSpecification","valueRequired":true,"valueName":"search_term_string"}}],"inLanguage":"pt-BR"},{"@type":"Organization","@id":"https:\/\/jornalfatosenoticias.com.br\/#organization","name":"Jornal Fatos e Not\u00edcias","url":"https:\/\/jornalfatosenoticias.com.br\/","logo":{"@type":"ImageObject","inLanguage":"pt-BR","@id":"https:\/\/jornalfatosenoticias.com.br\/#\/schema\/logo\/image\/","url":"https:\/\/jornalfatosenoticias.com.br\/wp-content\/uploads\/2020\/02\/logo120.png","contentUrl":"https:\/\/jornalfatosenoticias.com.br\/wp-content\/uploads\/2020\/02\/logo120.png","width":1227,"height":120,"caption":"Jornal Fatos e Not\u00edcias"},"image":{"@id":"https:\/\/jornalfatosenoticias.com.br\/#\/schema\/logo\/image\/"}},{"@type":"Person","@id":"https:\/\/jornalfatosenoticias.com.br\/#\/schema\/person\/d63837fa13ac8666eb9e74e0985d6f81","name":"Luzimara Fernandes","image":{"@type":"ImageObject","inLanguage":"pt-BR","@id":"https:\/\/jornalfatosenoticias.com.br\/#\/schema\/person\/image\/","url":"https:\/\/jornalfatosenoticias.com.br\/wp-content\/uploads\/2025\/05\/EU_portal.jpg","contentUrl":"https:\/\/jornalfatosenoticias.com.br\/wp-content\/uploads\/2025\/05\/EU_portal.jpg","caption":"Luzimara Fernandes"},"description":"Jornalista MTB 2358-ES","sameAs":["https:\/\/jornalfatosenoticias.com.br"],"url":"https:\/\/jornalfatosenoticias.com.br\/index.php\/author\/luzimara\/"}]}},"cc_featured_image_caption":{"caption_text":"(Foto: Valter Campanato\/Ag\u00eancia Brasil) ","source_text":"","source_url":""},"jetpack_featured_media_url":"https:\/\/jornalfatosenoticias.com.br\/wp-content\/uploads\/2023\/06\/incendios-amazonia.jpg","_links":{"self":[{"href":"https:\/\/jornalfatosenoticias.com.br\/index.php\/wp-json\/wp\/v2\/posts\/42944","targetHints":{"allow":["GET"]}}],"collection":[{"href":"https:\/\/jornalfatosenoticias.com.br\/index.php\/wp-json\/wp\/v2\/posts"}],"about":[{"href":"https:\/\/jornalfatosenoticias.com.br\/index.php\/wp-json\/wp\/v2\/types\/post"}],"author":[{"embeddable":true,"href":"https:\/\/jornalfatosenoticias.com.br\/index.php\/wp-json\/wp\/v2\/users\/2"}],"replies":[{"embeddable":true,"href":"https:\/\/jornalfatosenoticias.com.br\/index.php\/wp-json\/wp\/v2\/comments?post=42944"}],"version-history":[{"count":0,"href":"https:\/\/jornalfatosenoticias.com.br\/index.php\/wp-json\/wp\/v2\/posts\/42944\/revisions"}],"wp:featuredmedia":[{"embeddable":true,"href":"https:\/\/jornalfatosenoticias.com.br\/index.php\/wp-json\/wp\/v2\/media\/42945"}],"wp:attachment":[{"href":"https:\/\/jornalfatosenoticias.com.br\/index.php\/wp-json\/wp\/v2\/media?parent=42944"}],"wp:term":[{"taxonomy":"category","embeddable":true,"href":"https:\/\/jornalfatosenoticias.com.br\/index.php\/wp-json\/wp\/v2\/categories?post=42944"},{"taxonomy":"post_tag","embeddable":true,"href":"https:\/\/jornalfatosenoticias.com.br\/index.php\/wp-json\/wp\/v2\/tags?post=42944"}],"curies":[{"name":"wp","href":"https:\/\/api.w.org\/{rel}","templated":true}]}}