{"id":42963,"date":"2023-07-03T10:18:17","date_gmt":"2023-07-03T13:18:17","guid":{"rendered":"https:\/\/jornalfatosenoticias.com.br\/?p=42963"},"modified":"2023-07-03T10:18:19","modified_gmt":"2023-07-03T13:18:19","slug":"o-primeiro-evtol-a-ser-produzido-em-massa","status":"publish","type":"post","link":"https:\/\/jornalfatosenoticias.com.br\/index.php\/2023\/07\/03\/o-primeiro-evtol-a-ser-produzido-em-massa\/","title":{"rendered":"O primeiro eVTOL a ser produzido em massa"},"content":{"rendered":"\n<p><em><span class=\"has-inline-color has-black-color\">A Joby Aviation concluiu a produ\u00e7\u00e3o do primeiro eVTOL e obteve certifica\u00e7\u00e3o da FAA para iniciar voos de teste<\/span><\/em><\/p>\n\n\n\n<p><em><span class=\"has-inline-color has-black-color\">Por <strong><a href=\"https:\/\/olhardigital.com.br\/author\/ana-figueiredo\/\">Ana Luiza Figueiredo<\/a>\u00a0<\/strong><\/span><\/em><\/p>\n\n\n\n<div class=\"wp-block-image\"><figure class=\"aligncenter size-large\"><img loading=\"lazy\" decoding=\"async\" width=\"1024\" height=\"109\" src=\"https:\/\/jornalfatosenoticias.com.br\/wp-content\/uploads\/2020\/02\/Propaganda-RC-Radiadores-Jornal_page-0001-1024x109.jpg\" alt=\"\" class=\"wp-image-35278\" srcset=\"https:\/\/jornalfatosenoticias.com.br\/wp-content\/uploads\/2020\/02\/Propaganda-RC-Radiadores-Jornal_page-0001-1024x109.jpg 1024w, https:\/\/jornalfatosenoticias.com.br\/wp-content\/uploads\/2020\/02\/Propaganda-RC-Radiadores-Jornal_page-0001-300x32.jpg 300w, https:\/\/jornalfatosenoticias.com.br\/wp-content\/uploads\/2020\/02\/Propaganda-RC-Radiadores-Jornal_page-0001-768x82.jpg 768w, https:\/\/jornalfatosenoticias.com.br\/wp-content\/uploads\/2020\/02\/Propaganda-RC-Radiadores-Jornal_page-0001.jpg 1220w\" sizes=\"auto, (max-width: 1024px) 100vw, 1024px\" \/><\/figure><\/div>\n\n\n\n<p>A desenvolvedora de <a href=\"https:\/\/olhardigital.com.br\/tag\/evtol\/\" target=\"_blank\" rel=\"noreferrer noopener\">eVTOL<\/a>\u00a0Joby Aviation concluiu a constru\u00e7\u00e3o da primeira\u00a0<a href=\"https:\/\/olhardigital.com.br\/tag\/aeronave\/\" target=\"_blank\" rel=\"noreferrer noopener\">aeronave<\/a> de sua linha de produ\u00e7\u00e3o piloto no sul da Calif\u00f3rnia. A aeronave da Joby \u00e9 esperada para se tornar o \u201cprimeiro eVTOL entregue a um cliente\u201d no pr\u00f3ximo ano, mas precisa passar por testes de voo antes disso. A companhia j\u00e1 obteve certifica\u00e7\u00e3o para isso.<br>A Joby Aviation, Inc. \u00e9 uma empresa que desenvolve aeronaves el\u00e9tricas de decolagem e pouso vertical (eVTOL). A companhia tem o objetivo de operar um servi\u00e7o de transporte de passageiros r\u00e1pido, silencioso e livre de emiss\u00f5es em cidades ao redor do mundo. A startup chamou a aten\u00e7\u00e3o pela primeira vez em 2018, quando obteve US$ 100 milh\u00f5es em financiamento, liderado por bra\u00e7os da Intel, JetBlue e Toyota.<\/p>\n\n\n\n<div class=\"wp-block-image\"><figure class=\"aligncenter size-large\"><img decoding=\"async\" src=\"https:\/\/jornalfatosenoticias.com.br\/wp-content\/uploads\/2020\/02\/logo_esteio.jpg\" alt=\"\" class=\"wp-image-1214\"\/><\/figure><\/div>\n\n\n\n<p>Em 2020, a Toyota liderou a rodada de financiamento da S\u00e9rie C da Joby, investindo impressionantes US$ 394 milh\u00f5es dos US$ 590 milh\u00f5es prometidos. Como parte desse investimento, a <a href=\"https:\/\/olhardigital.com.br\/tag\/toyota\/\" target=\"_blank\" rel=\"noreferrer noopener\">Toyota<\/a> adquiriu uma participa\u00e7\u00e3o minorit\u00e1ria na Joby, na qual disse que compartilharia sua expertise em manufatura, qualidade e controle de custos para apoiar o desenvolvimento e produ\u00e7\u00e3o de eVTOL.<\/p>\n\n\n\n<div class=\"wp-block-image\"><figure class=\"aligncenter size-large is-resized\"><img loading=\"lazy\" decoding=\"async\" src=\"https:\/\/jornalfatosenoticias.com.br\/wp-content\/uploads\/2023\/03\/nova-logo-Marquetti.jpg\" alt=\"\" class=\"wp-image-40207\" width=\"264\" height=\"177\" srcset=\"https:\/\/jornalfatosenoticias.com.br\/wp-content\/uploads\/2023\/03\/nova-logo-Marquetti.jpg 643w, https:\/\/jornalfatosenoticias.com.br\/wp-content\/uploads\/2023\/03\/nova-logo-Marquetti-300x202.jpg 300w\" sizes=\"auto, (max-width: 264px) 100vw, 264px\" \/><\/figure><\/div>\n\n\n\n<p>Em abril passado, a Toyota e a Joby ampliaram ainda mais sua parceria com um novo acordo de fornecimento para permitir a produ\u00e7\u00e3o em escala de eVTOL genu\u00edno. Esse financiamento e conhecimento de produ\u00e7\u00e3o t\u00eam rendido resultados at\u00e9 agora, j\u00e1 que a Joby tem sua linha piloto funcionando e acaba de lan\u00e7ar seu primeiro prot\u00f3tipo de produ\u00e7\u00e3o de eVTOL.<\/p>\n\n\n\n<div class=\"wp-block-image\"><figure class=\"aligncenter size-large is-resized\"><img loading=\"lazy\" decoding=\"async\" src=\"https:\/\/jornalfatosenoticias.com.br\/wp-content\/uploads\/2023\/04\/Logo_MasterMind.jpg\" alt=\"\" class=\"wp-image-40974\" width=\"253\" height=\"184\"\/><\/figure><\/div>\n\n\n\n<p><strong><span class=\"has-inline-color has-black-color\">Prot\u00f3tipo de eVTOL da Joby<br><\/span><\/strong>O prot\u00f3tipo de produ\u00e7\u00e3o de eVTOL da Joby representa o progresso constante da empresa em entregar sua primeira aeronave comercial a um cliente antes de atingir a produ\u00e7\u00e3o em escala desejada. O precursor do prot\u00f3tipo atual foi o eVTOL de pr\u00e9-produ\u00e7\u00e3o da Joby, que voou mais de 30.000 milhas desde que foi constru\u00eddo em 2019.<\/p>\n\n\n\n<div class=\"wp-block-image\"><figure class=\"aligncenter size-large is-resized\"><img loading=\"lazy\" decoding=\"async\" src=\"https:\/\/jornalfatosenoticias.com.br\/wp-content\/uploads\/2020\/02\/logo-Rapuzel-1024x571.jpg\" alt=\"\" class=\"wp-image-42808\" width=\"325\" height=\"181\" srcset=\"https:\/\/jornalfatosenoticias.com.br\/wp-content\/uploads\/2020\/02\/logo-Rapuzel-1024x571.jpg 1024w, https:\/\/jornalfatosenoticias.com.br\/wp-content\/uploads\/2020\/02\/logo-Rapuzel-300x167.jpg 300w, https:\/\/jornalfatosenoticias.com.br\/wp-content\/uploads\/2020\/02\/logo-Rapuzel-768x428.jpg 768w, https:\/\/jornalfatosenoticias.com.br\/wp-content\/uploads\/2020\/02\/logo-Rapuzel-1536x856.jpg 1536w, https:\/\/jornalfatosenoticias.com.br\/wp-content\/uploads\/2020\/02\/logo-Rapuzel.jpg 1600w\" sizes=\"auto, (max-width: 325px) 100vw, 325px\" \/><\/figure><\/div>\n\n\n\n<p>O governador da <a href=\"https:\/\/olhardigital.com.br\/tag\/california\/\" target=\"_blank\" rel=\"noreferrer noopener\">Calif\u00f3rnia<\/a>, Gavin Newsom, visitou as instala\u00e7\u00f5es da Joby no domingo para uma vis\u00e3o de perto antes da empresa sediar uma cerim\u00f4nia para celebrar o lan\u00e7amento da produ\u00e7\u00e3o piloto hoje.<br>O presidente e CEO da Toyota Motor North America, Tetsuo \u201cTed\u201d Ogawa, e mais de 1.000 outros convidados estar\u00e3o presentes. Ogawa tamb\u00e9m est\u00e1 programado para se juntar ao conselho de administra\u00e7\u00e3o da Joby em 1\u00ba de julho de 2023.<\/p>\n\n\n\n<div class=\"wp-block-image\"><figure class=\"aligncenter size-large is-resized\"><img loading=\"lazy\" decoding=\"async\" src=\"https:\/\/jornalfatosenoticias.com.br\/wp-content\/uploads\/2020\/02\/casa-do-torresmo_portal.jpg\" alt=\"\" class=\"wp-image-34472\" width=\"238\" height=\"238\" srcset=\"https:\/\/jornalfatosenoticias.com.br\/wp-content\/uploads\/2020\/02\/casa-do-torresmo_portal.jpg 300w, https:\/\/jornalfatosenoticias.com.br\/wp-content\/uploads\/2020\/02\/casa-do-torresmo_portal-150x150.jpg 150w\" sizes=\"auto, (max-width: 238px) 100vw, 238px\" \/><\/figure><\/div>\n\n\n\n<blockquote class=\"wp-block-quote is-layout-flow wp-block-quote-is-layout-flow\"><p><span class=\"has-inline-color has-luminous-vivid-orange-color\">A conquista de hoje \u00e9 o resultado de anos de investimento em nossos processos e tecnologia, e marca um grande passo em nossa jornada para a produ\u00e7\u00e3o em escala. Estamos orgulhosos de ter lan\u00e7ado a produ\u00e7\u00e3o em nosso estado natal, a Calif\u00f3rnia. Sou extremamente grato \u00e0 equipe da Joby por seu compromisso em garantir que a Joby continue sendo a l\u00edder nesse novo setor, e \u00e0 Toyota por compartilhar seu conhecimento e experi\u00eancia conosco ao longo dos anos. Seu apoio tem sido indispens\u00e1vel para nos ajudar a chegar a este ponto&#8221;, afirma JoeBen Bevirt, fundador e CEO da Joby.<\/span><\/p><\/blockquote>\n\n\n\n<div class=\"wp-block-image\"><figure class=\"aligncenter size-large is-resized\"><img loading=\"lazy\" decoding=\"async\" src=\"https:\/\/jornalfatosenoticias.com.br\/wp-content\/uploads\/2020\/02\/logo-embacia.jpg\" alt=\"\" class=\"wp-image-33905\" width=\"248\" height=\"248\"\/><\/figure><\/div>\n\n\n\n<p>A Joby afirma que o prot\u00f3tipo de produ\u00e7\u00e3o de eVTOL foi projetado e fabricado de acordo com os requisitos de qualidade e gest\u00e3o da Administra\u00e7\u00e3o Federal de Avia\u00e7\u00e3o para iniciar opera\u00e7\u00f5es comerciais. Esse dia ainda n\u00e3o chegou, mas a FAA certificou o mais recente eVTOL da Joby para iniciar voos de teste.<br>A empresa afirma que os testes continuar\u00e3o at\u00e9 2023 antes que o prot\u00f3tipo seja entregue \u00e0 Base da For\u00e7a A\u00e9rea de Edwards, na Calif\u00f3rnia, para demonstra\u00e7\u00f5es adicionais e testes de caso de uso, como parte do contrato com a For\u00e7a A\u00e9rea no valor de at\u00e9 US$ 131 milh\u00f5es.<\/p>\n\n\n\n<div class=\"wp-block-image\"><figure class=\"aligncenter size-large is-resized\"><img loading=\"lazy\" decoding=\"async\" src=\"https:\/\/jornalfatosenoticias.com.br\/wp-content\/uploads\/2023\/03\/Crypton-1000-\u00d7-900-px-300x270-1.png\" alt=\"\" class=\"wp-image-40206\" width=\"257\" height=\"231\"\/><\/figure><\/div>\n\n\n\n<p>Ap\u00f3s a primeira entrega ao cliente, a Joby busca obter a certifica\u00e7\u00e3o de voo comercial, o que possibilitar\u00e1 a produ\u00e7\u00e3o em escala de eVTOL na Calif\u00f3rnia. As opera\u00e7\u00f5es comerciais de passageiros devem come\u00e7ar em 2025, com empresas como o mais recente parceiro da Joby, a Delta Airlines.<\/p>\n\n\n\n<div class=\"wp-block-image\"><figure class=\"aligncenter size-large\"><img loading=\"lazy\" decoding=\"async\" width=\"729\" height=\"90\" src=\"https:\/\/jornalfatosenoticias.com.br\/wp-content\/uploads\/2020\/02\/Logo_Mizu.png\" alt=\"\" class=\"wp-image-1441\" srcset=\"https:\/\/jornalfatosenoticias.com.br\/wp-content\/uploads\/2020\/02\/Logo_Mizu.png 729w, https:\/\/jornalfatosenoticias.com.br\/wp-content\/uploads\/2020\/02\/Logo_Mizu-300x37.png 300w\" sizes=\"auto, (max-width: 729px) 100vw, 729px\" \/><\/figure><\/div>\n\n\n\n<p>A empresa prometeu compartilhar o \u201cdesempenho esperado\u201d de sua aeronave eVTOL durante a cerim\u00f4nia de hoje, ent\u00e3o atualizaremos este artigo com algumas especifica\u00e7\u00f5es caso as obtenhamos. Tamb\u00e9m esperamos que a Joby eventualmente divulgue imagens de voos de teste assim que o prot\u00f3tipo de produ\u00e7\u00e3o estiver no ar.<\/p>\n\n\n\n<p><strong><em>Fonte: <a href=\"https:\/\/olhardigital.com.br\/2023\/06\/28\/carros-e-tecnologia\/joby-aviation-da-passo-importante-na-producao-de-evtol\/\">Olhar Digital<\/a><\/em><\/strong><\/p>\n","protected":false},"excerpt":{"rendered":"<p>A Joby Aviation concluiu a produ\u00e7\u00e3o do primeiro eVTOL e obteve certifica\u00e7\u00e3o da FAA para iniciar voos de teste Por Ana Luiza Figueiredo\u00a0 A desenvolvedora de eVTOL\u00a0Joby Aviation concluiu a constru\u00e7\u00e3o da primeira\u00a0aeronave de sua linha de produ\u00e7\u00e3o piloto no sul da Calif\u00f3rnia. A aeronave da Joby \u00e9 esperada para se tornar o \u201cprimeiro eVTOL [&hellip;]<\/p>\n","protected":false},"author":2,"featured_media":42964,"comment_status":"open","ping_status":"open","sticky":false,"template":"","format":"standard","meta":{"footnotes":""},"categories":[3],"tags":[10661,8724,16683],"class_list":["post-42963","post","type-post","status-publish","format-standard","has-post-thumbnail","hentry","category-tecnologia","tag-aeronaves-eletricas","tag-evtol","tag-joby-aviation"],"yoast_head":"<!-- This site is optimized with the Yoast SEO plugin v26.5 - https:\/\/yoast.com\/wordpress\/plugins\/seo\/ -->\n<title>O primeiro eVTOL a ser produzido em massa - Jornal Fatos e Not\u00edcias<\/title>\n<meta name=\"robots\" content=\"index, follow, max-snippet:-1, max-image-preview:large, max-video-preview:-1\" \/>\n<link rel=\"canonical\" href=\"https:\/\/jornalfatosenoticias.com.br\/index.php\/2023\/07\/03\/o-primeiro-evtol-a-ser-produzido-em-massa\/\" \/>\n<meta property=\"og:locale\" content=\"pt_BR\" \/>\n<meta property=\"og:type\" content=\"article\" \/>\n<meta property=\"og:title\" content=\"O primeiro eVTOL a ser produzido em massa - Jornal Fatos e Not\u00edcias\" \/>\n<meta property=\"og:description\" content=\"A Joby Aviation concluiu a produ\u00e7\u00e3o do primeiro eVTOL e obteve certifica\u00e7\u00e3o da FAA para iniciar voos de teste Por Ana Luiza Figueiredo\u00a0 A desenvolvedora de eVTOL\u00a0Joby Aviation concluiu a constru\u00e7\u00e3o da primeira\u00a0aeronave de sua linha de produ\u00e7\u00e3o piloto no sul da Calif\u00f3rnia. A aeronave da Joby \u00e9 esperada para se tornar o \u201cprimeiro eVTOL [&hellip;]\" \/>\n<meta property=\"og:url\" content=\"https:\/\/jornalfatosenoticias.com.br\/index.php\/2023\/07\/03\/o-primeiro-evtol-a-ser-produzido-em-massa\/\" \/>\n<meta property=\"og:site_name\" content=\"Jornal Fatos e Not\u00edcias\" \/>\n<meta property=\"article:published_time\" content=\"2023-07-03T13:18:17+00:00\" \/>\n<meta property=\"article:modified_time\" content=\"2023-07-03T13:18:19+00:00\" \/>\n<meta property=\"og:image\" content=\"https:\/\/jornalfatosenoticias.com.br\/wp-content\/uploads\/2023\/07\/joby-evtol.jpg\" \/>\n\t<meta property=\"og:image:width\" content=\"1000\" \/>\n\t<meta property=\"og:image:height\" content=\"500\" \/>\n\t<meta property=\"og:image:type\" content=\"image\/jpeg\" \/>\n<meta name=\"author\" content=\"Luzimara Fernandes\" \/>\n<meta name=\"twitter:card\" content=\"summary_large_image\" \/>\n<meta name=\"twitter:label1\" content=\"Escrito por\" \/>\n\t<meta name=\"twitter:data1\" content=\"Luzimara Fernandes\" \/>\n\t<meta name=\"twitter:label2\" content=\"Est. tempo de leitura\" \/>\n\t<meta name=\"twitter:data2\" content=\"4 minutos\" \/>\n<script type=\"application\/ld+json\" class=\"yoast-schema-graph\">{\"@context\":\"https:\/\/schema.org\",\"@graph\":[{\"@type\":\"Article\",\"@id\":\"https:\/\/jornalfatosenoticias.com.br\/index.php\/2023\/07\/03\/o-primeiro-evtol-a-ser-produzido-em-massa\/#article\",\"isPartOf\":{\"@id\":\"https:\/\/jornalfatosenoticias.com.br\/index.php\/2023\/07\/03\/o-primeiro-evtol-a-ser-produzido-em-massa\/\"},\"author\":{\"name\":\"Luzimara Fernandes\",\"@id\":\"https:\/\/jornalfatosenoticias.com.br\/#\/schema\/person\/d63837fa13ac8666eb9e74e0985d6f81\"},\"headline\":\"O primeiro eVTOL a ser produzido em massa\",\"datePublished\":\"2023-07-03T13:18:17+00:00\",\"dateModified\":\"2023-07-03T13:18:19+00:00\",\"mainEntityOfPage\":{\"@id\":\"https:\/\/jornalfatosenoticias.com.br\/index.php\/2023\/07\/03\/o-primeiro-evtol-a-ser-produzido-em-massa\/\"},\"wordCount\":759,\"commentCount\":0,\"publisher\":{\"@id\":\"https:\/\/jornalfatosenoticias.com.br\/#organization\"},\"image\":{\"@id\":\"https:\/\/jornalfatosenoticias.com.br\/index.php\/2023\/07\/03\/o-primeiro-evtol-a-ser-produzido-em-massa\/#primaryimage\"},\"thumbnailUrl\":\"https:\/\/jornalfatosenoticias.com.br\/wp-content\/uploads\/2023\/07\/joby-evtol.jpg\",\"keywords\":[\"aeronaves el\u00e9tricas\",\"eVTOL\",\"Joby Aviation\"],\"articleSection\":[\"Tecnologia &amp; Inova\u00e7\u00e3o\"],\"inLanguage\":\"pt-BR\",\"potentialAction\":[{\"@type\":\"CommentAction\",\"name\":\"Comment\",\"target\":[\"https:\/\/jornalfatosenoticias.com.br\/index.php\/2023\/07\/03\/o-primeiro-evtol-a-ser-produzido-em-massa\/#respond\"]}]},{\"@type\":\"WebPage\",\"@id\":\"https:\/\/jornalfatosenoticias.com.br\/index.php\/2023\/07\/03\/o-primeiro-evtol-a-ser-produzido-em-massa\/\",\"url\":\"https:\/\/jornalfatosenoticias.com.br\/index.php\/2023\/07\/03\/o-primeiro-evtol-a-ser-produzido-em-massa\/\",\"name\":\"O primeiro eVTOL a ser produzido em massa - Jornal Fatos e Not\u00edcias\",\"isPartOf\":{\"@id\":\"https:\/\/jornalfatosenoticias.com.br\/#website\"},\"primaryImageOfPage\":{\"@id\":\"https:\/\/jornalfatosenoticias.com.br\/index.php\/2023\/07\/03\/o-primeiro-evtol-a-ser-produzido-em-massa\/#primaryimage\"},\"image\":{\"@id\":\"https:\/\/jornalfatosenoticias.com.br\/index.php\/2023\/07\/03\/o-primeiro-evtol-a-ser-produzido-em-massa\/#primaryimage\"},\"thumbnailUrl\":\"https:\/\/jornalfatosenoticias.com.br\/wp-content\/uploads\/2023\/07\/joby-evtol.jpg\",\"datePublished\":\"2023-07-03T13:18:17+00:00\",\"dateModified\":\"2023-07-03T13:18:19+00:00\",\"breadcrumb\":{\"@id\":\"https:\/\/jornalfatosenoticias.com.br\/index.php\/2023\/07\/03\/o-primeiro-evtol-a-ser-produzido-em-massa\/#breadcrumb\"},\"inLanguage\":\"pt-BR\",\"potentialAction\":[{\"@type\":\"ReadAction\",\"target\":[\"https:\/\/jornalfatosenoticias.com.br\/index.php\/2023\/07\/03\/o-primeiro-evtol-a-ser-produzido-em-massa\/\"]}]},{\"@type\":\"ImageObject\",\"inLanguage\":\"pt-BR\",\"@id\":\"https:\/\/jornalfatosenoticias.com.br\/index.php\/2023\/07\/03\/o-primeiro-evtol-a-ser-produzido-em-massa\/#primaryimage\",\"url\":\"https:\/\/jornalfatosenoticias.com.br\/wp-content\/uploads\/2023\/07\/joby-evtol.jpg\",\"contentUrl\":\"https:\/\/jornalfatosenoticias.com.br\/wp-content\/uploads\/2023\/07\/joby-evtol.jpg\",\"width\":1000,\"height\":500},{\"@type\":\"BreadcrumbList\",\"@id\":\"https:\/\/jornalfatosenoticias.com.br\/index.php\/2023\/07\/03\/o-primeiro-evtol-a-ser-produzido-em-massa\/#breadcrumb\",\"itemListElement\":[{\"@type\":\"ListItem\",\"position\":1,\"name\":\"In\u00edcio\",\"item\":\"https:\/\/jornalfatosenoticias.com.br\/\"},{\"@type\":\"ListItem\",\"position\":2,\"name\":\"O primeiro eVTOL a ser produzido em massa\"}]},{\"@type\":\"WebSite\",\"@id\":\"https:\/\/jornalfatosenoticias.com.br\/#website\",\"url\":\"https:\/\/jornalfatosenoticias.com.br\/\",\"name\":\"Jornal Fatos e Not\u00edcias\",\"description\":\"Not\u00edcias em geral\",\"publisher\":{\"@id\":\"https:\/\/jornalfatosenoticias.com.br\/#organization\"},\"potentialAction\":[{\"@type\":\"SearchAction\",\"target\":{\"@type\":\"EntryPoint\",\"urlTemplate\":\"https:\/\/jornalfatosenoticias.com.br\/?s={search_term_string}\"},\"query-input\":{\"@type\":\"PropertyValueSpecification\",\"valueRequired\":true,\"valueName\":\"search_term_string\"}}],\"inLanguage\":\"pt-BR\"},{\"@type\":\"Organization\",\"@id\":\"https:\/\/jornalfatosenoticias.com.br\/#organization\",\"name\":\"Jornal Fatos e Not\u00edcias\",\"url\":\"https:\/\/jornalfatosenoticias.com.br\/\",\"logo\":{\"@type\":\"ImageObject\",\"inLanguage\":\"pt-BR\",\"@id\":\"https:\/\/jornalfatosenoticias.com.br\/#\/schema\/logo\/image\/\",\"url\":\"https:\/\/jornalfatosenoticias.com.br\/wp-content\/uploads\/2020\/02\/logo120.png\",\"contentUrl\":\"https:\/\/jornalfatosenoticias.com.br\/wp-content\/uploads\/2020\/02\/logo120.png\",\"width\":1227,\"height\":120,\"caption\":\"Jornal Fatos e Not\u00edcias\"},\"image\":{\"@id\":\"https:\/\/jornalfatosenoticias.com.br\/#\/schema\/logo\/image\/\"}},{\"@type\":\"Person\",\"@id\":\"https:\/\/jornalfatosenoticias.com.br\/#\/schema\/person\/d63837fa13ac8666eb9e74e0985d6f81\",\"name\":\"Luzimara Fernandes\",\"image\":{\"@type\":\"ImageObject\",\"inLanguage\":\"pt-BR\",\"@id\":\"https:\/\/jornalfatosenoticias.com.br\/#\/schema\/person\/image\/\",\"url\":\"https:\/\/jornalfatosenoticias.com.br\/wp-content\/uploads\/2025\/05\/EU_portal.jpg\",\"contentUrl\":\"https:\/\/jornalfatosenoticias.com.br\/wp-content\/uploads\/2025\/05\/EU_portal.jpg\",\"caption\":\"Luzimara Fernandes\"},\"description\":\"Jornalista MTB 2358-ES\",\"sameAs\":[\"https:\/\/jornalfatosenoticias.com.br\"],\"url\":\"https:\/\/jornalfatosenoticias.com.br\/index.php\/author\/luzimara\/\"}]}<\/script>\n<!-- \/ Yoast SEO plugin. -->","yoast_head_json":{"title":"O primeiro eVTOL a ser produzido em massa - Jornal Fatos e Not\u00edcias","robots":{"index":"index","follow":"follow","max-snippet":"max-snippet:-1","max-image-preview":"max-image-preview:large","max-video-preview":"max-video-preview:-1"},"canonical":"https:\/\/jornalfatosenoticias.com.br\/index.php\/2023\/07\/03\/o-primeiro-evtol-a-ser-produzido-em-massa\/","og_locale":"pt_BR","og_type":"article","og_title":"O primeiro eVTOL a ser produzido em massa - Jornal Fatos e Not\u00edcias","og_description":"A Joby Aviation concluiu a produ\u00e7\u00e3o do primeiro eVTOL e obteve certifica\u00e7\u00e3o da FAA para iniciar voos de teste Por Ana Luiza Figueiredo\u00a0 A desenvolvedora de eVTOL\u00a0Joby Aviation concluiu a constru\u00e7\u00e3o da primeira\u00a0aeronave de sua linha de produ\u00e7\u00e3o piloto no sul da Calif\u00f3rnia. A aeronave da Joby \u00e9 esperada para se tornar o \u201cprimeiro eVTOL [&hellip;]","og_url":"https:\/\/jornalfatosenoticias.com.br\/index.php\/2023\/07\/03\/o-primeiro-evtol-a-ser-produzido-em-massa\/","og_site_name":"Jornal Fatos e Not\u00edcias","article_published_time":"2023-07-03T13:18:17+00:00","article_modified_time":"2023-07-03T13:18:19+00:00","og_image":[{"width":1000,"height":500,"url":"https:\/\/jornalfatosenoticias.com.br\/wp-content\/uploads\/2023\/07\/joby-evtol.jpg","type":"image\/jpeg"}],"author":"Luzimara Fernandes","twitter_card":"summary_large_image","twitter_misc":{"Escrito por":"Luzimara Fernandes","Est. tempo de leitura":"4 minutos"},"schema":{"@context":"https:\/\/schema.org","@graph":[{"@type":"Article","@id":"https:\/\/jornalfatosenoticias.com.br\/index.php\/2023\/07\/03\/o-primeiro-evtol-a-ser-produzido-em-massa\/#article","isPartOf":{"@id":"https:\/\/jornalfatosenoticias.com.br\/index.php\/2023\/07\/03\/o-primeiro-evtol-a-ser-produzido-em-massa\/"},"author":{"name":"Luzimara Fernandes","@id":"https:\/\/jornalfatosenoticias.com.br\/#\/schema\/person\/d63837fa13ac8666eb9e74e0985d6f81"},"headline":"O primeiro eVTOL a ser produzido em massa","datePublished":"2023-07-03T13:18:17+00:00","dateModified":"2023-07-03T13:18:19+00:00","mainEntityOfPage":{"@id":"https:\/\/jornalfatosenoticias.com.br\/index.php\/2023\/07\/03\/o-primeiro-evtol-a-ser-produzido-em-massa\/"},"wordCount":759,"commentCount":0,"publisher":{"@id":"https:\/\/jornalfatosenoticias.com.br\/#organization"},"image":{"@id":"https:\/\/jornalfatosenoticias.com.br\/index.php\/2023\/07\/03\/o-primeiro-evtol-a-ser-produzido-em-massa\/#primaryimage"},"thumbnailUrl":"https:\/\/jornalfatosenoticias.com.br\/wp-content\/uploads\/2023\/07\/joby-evtol.jpg","keywords":["aeronaves el\u00e9tricas","eVTOL","Joby Aviation"],"articleSection":["Tecnologia &amp; Inova\u00e7\u00e3o"],"inLanguage":"pt-BR","potentialAction":[{"@type":"CommentAction","name":"Comment","target":["https:\/\/jornalfatosenoticias.com.br\/index.php\/2023\/07\/03\/o-primeiro-evtol-a-ser-produzido-em-massa\/#respond"]}]},{"@type":"WebPage","@id":"https:\/\/jornalfatosenoticias.com.br\/index.php\/2023\/07\/03\/o-primeiro-evtol-a-ser-produzido-em-massa\/","url":"https:\/\/jornalfatosenoticias.com.br\/index.php\/2023\/07\/03\/o-primeiro-evtol-a-ser-produzido-em-massa\/","name":"O primeiro eVTOL a ser produzido em massa - Jornal Fatos e Not\u00edcias","isPartOf":{"@id":"https:\/\/jornalfatosenoticias.com.br\/#website"},"primaryImageOfPage":{"@id":"https:\/\/jornalfatosenoticias.com.br\/index.php\/2023\/07\/03\/o-primeiro-evtol-a-ser-produzido-em-massa\/#primaryimage"},"image":{"@id":"https:\/\/jornalfatosenoticias.com.br\/index.php\/2023\/07\/03\/o-primeiro-evtol-a-ser-produzido-em-massa\/#primaryimage"},"thumbnailUrl":"https:\/\/jornalfatosenoticias.com.br\/wp-content\/uploads\/2023\/07\/joby-evtol.jpg","datePublished":"2023-07-03T13:18:17+00:00","dateModified":"2023-07-03T13:18:19+00:00","breadcrumb":{"@id":"https:\/\/jornalfatosenoticias.com.br\/index.php\/2023\/07\/03\/o-primeiro-evtol-a-ser-produzido-em-massa\/#breadcrumb"},"inLanguage":"pt-BR","potentialAction":[{"@type":"ReadAction","target":["https:\/\/jornalfatosenoticias.com.br\/index.php\/2023\/07\/03\/o-primeiro-evtol-a-ser-produzido-em-massa\/"]}]},{"@type":"ImageObject","inLanguage":"pt-BR","@id":"https:\/\/jornalfatosenoticias.com.br\/index.php\/2023\/07\/03\/o-primeiro-evtol-a-ser-produzido-em-massa\/#primaryimage","url":"https:\/\/jornalfatosenoticias.com.br\/wp-content\/uploads\/2023\/07\/joby-evtol.jpg","contentUrl":"https:\/\/jornalfatosenoticias.com.br\/wp-content\/uploads\/2023\/07\/joby-evtol.jpg","width":1000,"height":500},{"@type":"BreadcrumbList","@id":"https:\/\/jornalfatosenoticias.com.br\/index.php\/2023\/07\/03\/o-primeiro-evtol-a-ser-produzido-em-massa\/#breadcrumb","itemListElement":[{"@type":"ListItem","position":1,"name":"In\u00edcio","item":"https:\/\/jornalfatosenoticias.com.br\/"},{"@type":"ListItem","position":2,"name":"O primeiro eVTOL a ser produzido em massa"}]},{"@type":"WebSite","@id":"https:\/\/jornalfatosenoticias.com.br\/#website","url":"https:\/\/jornalfatosenoticias.com.br\/","name":"Jornal Fatos e Not\u00edcias","description":"Not\u00edcias em geral","publisher":{"@id":"https:\/\/jornalfatosenoticias.com.br\/#organization"},"potentialAction":[{"@type":"SearchAction","target":{"@type":"EntryPoint","urlTemplate":"https:\/\/jornalfatosenoticias.com.br\/?s={search_term_string}"},"query-input":{"@type":"PropertyValueSpecification","valueRequired":true,"valueName":"search_term_string"}}],"inLanguage":"pt-BR"},{"@type":"Organization","@id":"https:\/\/jornalfatosenoticias.com.br\/#organization","name":"Jornal Fatos e Not\u00edcias","url":"https:\/\/jornalfatosenoticias.com.br\/","logo":{"@type":"ImageObject","inLanguage":"pt-BR","@id":"https:\/\/jornalfatosenoticias.com.br\/#\/schema\/logo\/image\/","url":"https:\/\/jornalfatosenoticias.com.br\/wp-content\/uploads\/2020\/02\/logo120.png","contentUrl":"https:\/\/jornalfatosenoticias.com.br\/wp-content\/uploads\/2020\/02\/logo120.png","width":1227,"height":120,"caption":"Jornal Fatos e Not\u00edcias"},"image":{"@id":"https:\/\/jornalfatosenoticias.com.br\/#\/schema\/logo\/image\/"}},{"@type":"Person","@id":"https:\/\/jornalfatosenoticias.com.br\/#\/schema\/person\/d63837fa13ac8666eb9e74e0985d6f81","name":"Luzimara Fernandes","image":{"@type":"ImageObject","inLanguage":"pt-BR","@id":"https:\/\/jornalfatosenoticias.com.br\/#\/schema\/person\/image\/","url":"https:\/\/jornalfatosenoticias.com.br\/wp-content\/uploads\/2025\/05\/EU_portal.jpg","contentUrl":"https:\/\/jornalfatosenoticias.com.br\/wp-content\/uploads\/2025\/05\/EU_portal.jpg","caption":"Luzimara Fernandes"},"description":"Jornalista MTB 2358-ES","sameAs":["https:\/\/jornalfatosenoticias.com.br"],"url":"https:\/\/jornalfatosenoticias.com.br\/index.php\/author\/luzimara\/"}]}},"cc_featured_image_caption":{"caption_text":"(Foto: Joby Aviation\/Divulga\u00e7\u00e3o) ","source_text":"","source_url":""},"jetpack_featured_media_url":"https:\/\/jornalfatosenoticias.com.br\/wp-content\/uploads\/2023\/07\/joby-evtol.jpg","_links":{"self":[{"href":"https:\/\/jornalfatosenoticias.com.br\/index.php\/wp-json\/wp\/v2\/posts\/42963","targetHints":{"allow":["GET"]}}],"collection":[{"href":"https:\/\/jornalfatosenoticias.com.br\/index.php\/wp-json\/wp\/v2\/posts"}],"about":[{"href":"https:\/\/jornalfatosenoticias.com.br\/index.php\/wp-json\/wp\/v2\/types\/post"}],"author":[{"embeddable":true,"href":"https:\/\/jornalfatosenoticias.com.br\/index.php\/wp-json\/wp\/v2\/users\/2"}],"replies":[{"embeddable":true,"href":"https:\/\/jornalfatosenoticias.com.br\/index.php\/wp-json\/wp\/v2\/comments?post=42963"}],"version-history":[{"count":0,"href":"https:\/\/jornalfatosenoticias.com.br\/index.php\/wp-json\/wp\/v2\/posts\/42963\/revisions"}],"wp:featuredmedia":[{"embeddable":true,"href":"https:\/\/jornalfatosenoticias.com.br\/index.php\/wp-json\/wp\/v2\/media\/42964"}],"wp:attachment":[{"href":"https:\/\/jornalfatosenoticias.com.br\/index.php\/wp-json\/wp\/v2\/media?parent=42963"}],"wp:term":[{"taxonomy":"category","embeddable":true,"href":"https:\/\/jornalfatosenoticias.com.br\/index.php\/wp-json\/wp\/v2\/categories?post=42963"},{"taxonomy":"post_tag","embeddable":true,"href":"https:\/\/jornalfatosenoticias.com.br\/index.php\/wp-json\/wp\/v2\/tags?post=42963"}],"curies":[{"name":"wp","href":"https:\/\/api.w.org\/{rel}","templated":true}]}}