{"id":42988,"date":"2023-07-03T15:24:48","date_gmt":"2023-07-03T18:24:48","guid":{"rendered":"https:\/\/jornalfatosenoticias.com.br\/?p=42988"},"modified":"2023-07-03T15:24:48","modified_gmt":"2023-07-03T18:24:48","slug":"protecao-a-maduro-treinamento-mineracao-como-o-grupo-wagner-atua-na-venezuela","status":"publish","type":"post","link":"https:\/\/jornalfatosenoticias.com.br\/index.php\/2023\/07\/03\/protecao-a-maduro-treinamento-mineracao-como-o-grupo-wagner-atua-na-venezuela\/","title":{"rendered":"Prote\u00e7\u00e3o a Maduro, treinamento, minera\u00e7\u00e3o: como o Grupo Wagner atua na Venezuela"},"content":{"rendered":"\n<p><em><span class=\"has-inline-color has-black-color\">Por <strong><a href=\"https:\/\/www.gazetadopovo.com.br\/autor\/fabio-galao\/\">F\u00e1bio Gal\u00e3o<\/a><\/strong><\/span><\/em><\/p>\n\n\n\n<div class=\"wp-block-image\"><figure class=\"aligncenter size-large\"><img loading=\"lazy\" decoding=\"async\" width=\"729\" height=\"90\" src=\"https:\/\/jornalfatosenoticias.com.br\/wp-content\/uploads\/2020\/02\/Logo_Mizu.png\" alt=\"\" class=\"wp-image-1441\" srcset=\"https:\/\/jornalfatosenoticias.com.br\/wp-content\/uploads\/2020\/02\/Logo_Mizu.png 729w, https:\/\/jornalfatosenoticias.com.br\/wp-content\/uploads\/2020\/02\/Logo_Mizu-300x37.png 300w\" sizes=\"auto, (max-width: 729px) 100vw, 729px\" \/><\/figure><\/div>\n\n\n\n<p>Ap\u00f3s o acordo que p\u00f4s fim ao motim do grupo mercen\u00e1rio Wagner na R\u00fassia no \u00faltimo fim de semana, <a href=\"https:\/\/www.gazetadopovo.com.br\/mundo\/maduro-chama-putin-de-heroi-e-diz-que-presidente-russo-evitou-guerra-civil\/?ref=link-interno-materia\">o ditador da Venezuela, Nicol\u00e1s Maduro, elogiou o aliado Vladimir Putin,<\/a> que, segundo ele, \u201cencarou uma tentativa de guerra civil e um grave epis\u00f3dio de trai\u00e7\u00e3o\u201d, mas \u201csaiu vitorioso e trouxe paz \u00e0 R\u00fassia\u201d.<br>A declara\u00e7\u00e3o do ditador chama a aten\u00e7\u00e3o porque a Venezuela tem um hist\u00f3rico de presen\u00e7a do Grupo Wagner (que opera tamb\u00e9m na Ucr\u00e2nia, na S\u00edria, na L\u00edbia, no Mali, na Rep\u00fablica Centro-Africana e em outros pa\u00edses), atendendo a interesses de Maduro.<\/p>\n\n\n\n<div class=\"wp-block-image\"><figure class=\"aligncenter size-large is-resized\"><img loading=\"lazy\" decoding=\"async\" src=\"https:\/\/jornalfatosenoticias.com.br\/wp-content\/uploads\/2020\/02\/casa-do-torresmo_portal.jpg\" alt=\"\" class=\"wp-image-34472\" width=\"265\" height=\"265\" srcset=\"https:\/\/jornalfatosenoticias.com.br\/wp-content\/uploads\/2020\/02\/casa-do-torresmo_portal.jpg 300w, https:\/\/jornalfatosenoticias.com.br\/wp-content\/uploads\/2020\/02\/casa-do-torresmo_portal-150x150.jpg 150w\" sizes=\"auto, (max-width: 265px) 100vw, 265px\" \/><\/figure><\/div>\n\n\n\n<p>No in\u00edcio de 2019, fontes da ag\u00eancia Reuters informaram que empresas militares privadas ligadas ao grupo mercen\u00e1rio enviaram combatentes para cuidar da \u201cseguran\u00e7a\u201d do ditador venezuelano, que enfrentava \u00e0 \u00e9poca protestos por democracia.<br>Uma dessas fontes informou que cerca de 400 homens, que haviam chegado com escala em Cuba, outra aliada da R\u00fassia, estavam na Venezuela naquele momento. \u201cNosso pessoal est\u00e1 l\u00e1 diretamente para sua prote\u00e7\u00e3o [de Maduro]\u201d, disse.<\/p>\n\n\n\n<div class=\"wp-block-image\"><figure class=\"aligncenter size-large is-resized\"><img loading=\"lazy\" decoding=\"async\" src=\"https:\/\/jornalfatosenoticias.com.br\/wp-content\/uploads\/2023\/03\/nova-logo-Marquetti.jpg\" alt=\"\" class=\"wp-image-40207\" width=\"286\" height=\"192\" srcset=\"https:\/\/jornalfatosenoticias.com.br\/wp-content\/uploads\/2023\/03\/nova-logo-Marquetti.jpg 643w, https:\/\/jornalfatosenoticias.com.br\/wp-content\/uploads\/2023\/03\/nova-logo-Marquetti-300x202.jpg 300w\" sizes=\"auto, (max-width: 286px) 100vw, 286px\" \/><\/figure><\/div>\n\n\n\n<p>Parte desse contingente teria chegado em 2018, quando Maduro conquistou a reelei\u00e7\u00e3o presidencial num pleito marcado por den\u00fancias de fraudes. Outra ajuda que o Grupo Wagner prestou ao ditador foi o treinamento de unidades de combate de elite venezuelanas.<\/p>\n\n\n\n<div class=\"wp-block-image\"><figure class=\"aligncenter size-large\"><img loading=\"lazy\" decoding=\"async\" width=\"300\" height=\"250\" src=\"https:\/\/jornalfatosenoticias.com.br\/wp-content\/uploads\/2022\/02\/Banner-2.png\" alt=\"\" class=\"wp-image-27877\"\/><\/figure><\/div>\n\n\n\n<p>Al\u00e9m disso, no in\u00edcio de 2022, um relat\u00f3rio da empresa privada de intelig\u00eancia militar Grey Dynamics destacou a participa\u00e7\u00e3o do Wagner no treinamento de mil\u00edcias venezuelanas pr\u00f3-Maduro no estado de T\u00e1chira, processo no qual tamb\u00e9m estiveram envolvidos as For\u00e7as Armadas Revolucion\u00e1rias da Col\u00f4mbia (Farc) e o Ex\u00e9rcito de Liberta\u00e7\u00e3o Nacional (ELN), duas guerrilhas colombianas.<\/p>\n\n\n\n<div class=\"wp-block-image\"><figure class=\"aligncenter size-large is-resized\"><img loading=\"lazy\" decoding=\"async\" src=\"https:\/\/jornalfatosenoticias.com.br\/wp-content\/uploads\/2020\/02\/logo-Rapuzel-1024x571.jpg\" alt=\"\" class=\"wp-image-42808\" width=\"363\" height=\"202\" srcset=\"https:\/\/jornalfatosenoticias.com.br\/wp-content\/uploads\/2020\/02\/logo-Rapuzel-1024x571.jpg 1024w, https:\/\/jornalfatosenoticias.com.br\/wp-content\/uploads\/2020\/02\/logo-Rapuzel-300x167.jpg 300w, https:\/\/jornalfatosenoticias.com.br\/wp-content\/uploads\/2020\/02\/logo-Rapuzel-768x428.jpg 768w, https:\/\/jornalfatosenoticias.com.br\/wp-content\/uploads\/2020\/02\/logo-Rapuzel-1536x856.jpg 1536w, https:\/\/jornalfatosenoticias.com.br\/wp-content\/uploads\/2020\/02\/logo-Rapuzel.jpg 1600w\" sizes=\"auto, (max-width: 363px) 100vw, 363px\" \/><\/figure><\/div>\n\n\n\n<p>Outro relat\u00f3rio da Grey Dynamics, de 2021, apontou que o Wagner tamb\u00e9m atuava na Venezuela junto a outros \u201cespecialistas\u201d russos para \u201cproteger refinarias de petr\u00f3leo e oferecer seguran\u00e7a pessoal e para entidades comerciais\u201d da R\u00fassia no pa\u00eds sul-americano. Entre elas, estariam unidades locais da Rosneft, a gigante estatal de petr\u00f3leo russa.<\/p>\n\n\n\n<div class=\"wp-block-image\"><figure class=\"aligncenter size-large\"><img loading=\"lazy\" decoding=\"async\" width=\"300\" height=\"250\" src=\"https:\/\/jornalfatosenoticias.com.br\/wp-content\/uploads\/2022\/08\/arte-Casarao.jpg\" alt=\"\" class=\"wp-image-33178\"\/><\/figure><\/div>\n\n\n\n<blockquote class=\"wp-block-quote is-layout-flow wp-block-quote-is-layout-flow\"><p><span class=\"has-inline-color has-luminous-vivid-orange-color\">\u00c9 prov\u00e1vel que o papel desempenhado pelos especialistas da R\u00fassia, sejam eles do Wagner ou n\u00e3o, tenha sido fundamental para fornecer seguran\u00e7a e diminuir o risco de fal\u00eancia de entidades privadas e estatais russas\u201d, descreveu a Grey Dynamics.<\/span><\/p><\/blockquote>\n\n\n\n<div class=\"wp-block-image\"><figure class=\"aligncenter size-large\"><img decoding=\"async\" src=\"https:\/\/jornalfatosenoticias.com.br\/wp-content\/uploads\/2020\/02\/logo_esteio.jpg\" alt=\"\" class=\"wp-image-1214\"\/><\/figure><\/div>\n\n\n\n<p>A minera\u00e7\u00e3o \u00e9 outro foco de aten\u00e7\u00e3o do grupo mercen\u00e1rio na Venezuela. Ainda de acordo com a Grey Dynamics, a presen\u00e7a de t\u00f3rio no Arco Mineiro do Orinoco atraiu o interesse russo, e o parlamentar venezuelano Americo de Grazia afirmou em janeiro de 2020 que \u201co governo de Maduro deu ao Ir\u00e3 e \u00e0 R\u00fassia acesso \u00e0s minas de t\u00f3rio na Venezuela\u201d.<\/p>\n\n\n\n<div class=\"wp-block-image\"><figure class=\"aligncenter size-large is-resized\"><img loading=\"lazy\" decoding=\"async\" src=\"https:\/\/jornalfatosenoticias.com.br\/wp-content\/uploads\/2020\/02\/logo-embacia.jpg\" alt=\"\" class=\"wp-image-33905\" width=\"268\" height=\"268\"\/><\/figure><\/div>\n\n\n\n<p>A Grey Dynamics sugeriu que o Grupo Wagner pode estar fazendo a prote\u00e7\u00e3o dos pontos onde a R\u00fassia realiza a extra\u00e7\u00e3o do metal na Venezuela, mas a mil\u00edcia tem um hist\u00f3rico de atuar diretamente na extra\u00e7\u00e3o de riquezas em outros pa\u00edses, <a href=\"https:\/\/www.gazetadopovo.com.br\/vozes\/filipe-figueiredo\/ouro-e-armas-a-relacao-entre-os-combates-no-sudao-e-a-guerra-na-ucrania\/?ref=link-interno-materia\">como a explora\u00e7\u00e3o de ouro no Sud\u00e3o.<\/a><\/p>\n\n\n\n<div class=\"wp-block-image\"><figure class=\"aligncenter size-large is-resized\"><img loading=\"lazy\" decoding=\"async\" src=\"https:\/\/jornalfatosenoticias.com.br\/wp-content\/uploads\/2023\/03\/logo-Panper_portal.jpg\" alt=\"\" class=\"wp-image-40208\" width=\"264\" height=\"183\" srcset=\"https:\/\/jornalfatosenoticias.com.br\/wp-content\/uploads\/2023\/03\/logo-Panper_portal.jpg 400w, https:\/\/jornalfatosenoticias.com.br\/wp-content\/uploads\/2023\/03\/logo-Panper_portal-300x208.jpg 300w\" sizes=\"auto, (max-width: 264px) 100vw, 264px\" \/><\/figure><\/div>\n\n\n\n<p>O governo do Reino Unido refor\u00e7ou posteriormente essa hip\u00f3tese de envolvimento mais direto. Em abril do ano passado, Zac Goldsmith, ent\u00e3o ministro do Departamento de Meio Ambiente, Alimentos e Assuntos Rurais, reiterou, em resposta a um questionamento no parlamento brit\u00e2nico, a informa\u00e7\u00e3o de que \u201cmercen\u00e1rios que fazem parte ou s\u00e3o afiliados ao Grupo Wagner realizaram atividades de apoio ao regime de Maduro\u201d na Venezuela, mas n\u00e3o teriam ficado restritos a esse papel.<\/p>\n\n\n\n<div class=\"wp-block-image\"><figure class=\"aligncenter size-large is-resized\"><img loading=\"lazy\" decoding=\"async\" src=\"https:\/\/jornalfatosenoticias.com.br\/wp-content\/uploads\/2022\/10\/RC_800x750_page-0001.jpg\" alt=\"\" class=\"wp-image-35338\" width=\"265\" height=\"248\" srcset=\"https:\/\/jornalfatosenoticias.com.br\/wp-content\/uploads\/2022\/10\/RC_800x750_page-0001.jpg 400w, https:\/\/jornalfatosenoticias.com.br\/wp-content\/uploads\/2022\/10\/RC_800x750_page-0001-300x281.jpg 300w\" sizes=\"auto, (max-width: 265px) 100vw, 265px\" \/><\/figure><\/div>\n\n\n\n<blockquote class=\"wp-block-quote is-layout-flow wp-block-quote-is-layout-flow\"><p><span class=\"has-inline-color has-luminous-vivid-orange-color\">A minera\u00e7\u00e3o ilegal de ouro na Venezuela envolve graves abusos dos direitos humanos em grande escala e est\u00e1 causando danos ambientais e sociais significativos, <a href=\"https:\/\/www.gazetadopovo.com.br\/mundo\/a-amazonia-esquecida-projeto-de-maduro-gera-desmatamento-e-violencia-na-floresta-venezuelana\/?ref=link-interno-materia\">especialmente na regi\u00e3o do Arco Mineiro [do Orinoco]<\/a>. As empresas militares privadas russas s\u00e3o apontadas como ativas nesta \u00e1rea\u201d, destacou Goldsmith.<\/span><\/p><\/blockquote>\n\n\n\n<div class=\"wp-block-image\"><figure class=\"aligncenter size-large is-resized\"><img loading=\"lazy\" decoding=\"async\" src=\"https:\/\/jornalfatosenoticias.com.br\/wp-content\/uploads\/2023\/03\/Crypton-1000-\u00d7-900-px-300x270-1.png\" alt=\"\" class=\"wp-image-40206\" width=\"251\" height=\"226\"\/><\/figure><\/div>\n\n\n\n<p>\u201cTraidores\u201d ou n\u00e3o, os mercen\u00e1rios do Wagner parecem muito \u00e0 vontade como convidados da ditadura venezuelana.<\/p>\n\n\n\n<p><strong><em>Fonte: <a href=\"https:\/\/www.gazetadopovo.com.br\/mundo\/protecao-a-maduro-treinamento-mineracao-como-o-grupo-wagner-atua-na-venezuela\/\">Gazeta do Povo<\/a><\/em><\/strong><\/p>\n","protected":false},"excerpt":{"rendered":"<p>Por F\u00e1bio Gal\u00e3o Ap\u00f3s o acordo que p\u00f4s fim ao motim do grupo mercen\u00e1rio Wagner na R\u00fassia no \u00faltimo fim de semana, o ditador da Venezuela, Nicol\u00e1s Maduro, elogiou o aliado Vladimir Putin, que, segundo ele, \u201cencarou uma tentativa de guerra civil e um grave epis\u00f3dio de trai\u00e7\u00e3o\u201d, mas \u201csaiu vitorioso e trouxe paz \u00e0 [&hellip;]<\/p>\n","protected":false},"author":2,"featured_media":42989,"comment_status":"open","ping_status":"open","sticky":false,"template":"","format":"standard","meta":{"footnotes":""},"categories":[41],"tags":[20224,20223,991,8605],"class_list":["post-42988","post","type-post","status-publish","format-standard","has-post-thumbnail","hentry","category-internacional","tag-grupo-wagner","tag-maduro","tag-russia","tag-venezuela"],"yoast_head":"<!-- This site is optimized with the Yoast SEO plugin v26.5 - https:\/\/yoast.com\/wordpress\/plugins\/seo\/ -->\n<title>Prote\u00e7\u00e3o a Maduro, treinamento, minera\u00e7\u00e3o: como o Grupo Wagner atua na Venezuela - Jornal Fatos e Not\u00edcias<\/title>\n<meta name=\"robots\" content=\"index, follow, max-snippet:-1, max-image-preview:large, max-video-preview:-1\" \/>\n<link rel=\"canonical\" href=\"https:\/\/jornalfatosenoticias.com.br\/index.php\/2023\/07\/03\/protecao-a-maduro-treinamento-mineracao-como-o-grupo-wagner-atua-na-venezuela\/\" \/>\n<meta property=\"og:locale\" content=\"pt_BR\" \/>\n<meta property=\"og:type\" content=\"article\" \/>\n<meta property=\"og:title\" content=\"Prote\u00e7\u00e3o a Maduro, treinamento, minera\u00e7\u00e3o: como o Grupo Wagner atua na Venezuela - Jornal Fatos e Not\u00edcias\" \/>\n<meta property=\"og:description\" content=\"Por F\u00e1bio Gal\u00e3o Ap\u00f3s o acordo que p\u00f4s fim ao motim do grupo mercen\u00e1rio Wagner na R\u00fassia no \u00faltimo fim de semana, o ditador da Venezuela, Nicol\u00e1s Maduro, elogiou o aliado Vladimir Putin, que, segundo ele, \u201cencarou uma tentativa de guerra civil e um grave epis\u00f3dio de trai\u00e7\u00e3o\u201d, mas \u201csaiu vitorioso e trouxe paz \u00e0 [&hellip;]\" \/>\n<meta property=\"og:url\" content=\"https:\/\/jornalfatosenoticias.com.br\/index.php\/2023\/07\/03\/protecao-a-maduro-treinamento-mineracao-como-o-grupo-wagner-atua-na-venezuela\/\" \/>\n<meta property=\"og:site_name\" content=\"Jornal Fatos e Not\u00edcias\" \/>\n<meta property=\"article:published_time\" content=\"2023-07-03T18:24:48+00:00\" \/>\n<meta property=\"og:image\" content=\"https:\/\/jornalfatosenoticias.com.br\/wp-content\/uploads\/2023\/07\/wagner.venezuela.jpg\" \/>\n\t<meta property=\"og:image:width\" content=\"1000\" \/>\n\t<meta property=\"og:image:height\" content=\"562\" \/>\n\t<meta property=\"og:image:type\" content=\"image\/jpeg\" \/>\n<meta name=\"author\" content=\"Luzimara Fernandes\" \/>\n<meta name=\"twitter:card\" content=\"summary_large_image\" \/>\n<meta name=\"twitter:label1\" content=\"Escrito por\" \/>\n\t<meta name=\"twitter:data1\" content=\"Luzimara Fernandes\" \/>\n\t<meta name=\"twitter:label2\" content=\"Est. tempo de leitura\" \/>\n\t<meta name=\"twitter:data2\" content=\"3 minutos\" \/>\n<script type=\"application\/ld+json\" class=\"yoast-schema-graph\">{\"@context\":\"https:\/\/schema.org\",\"@graph\":[{\"@type\":\"Article\",\"@id\":\"https:\/\/jornalfatosenoticias.com.br\/index.php\/2023\/07\/03\/protecao-a-maduro-treinamento-mineracao-como-o-grupo-wagner-atua-na-venezuela\/#article\",\"isPartOf\":{\"@id\":\"https:\/\/jornalfatosenoticias.com.br\/index.php\/2023\/07\/03\/protecao-a-maduro-treinamento-mineracao-como-o-grupo-wagner-atua-na-venezuela\/\"},\"author\":{\"name\":\"Luzimara Fernandes\",\"@id\":\"https:\/\/jornalfatosenoticias.com.br\/#\/schema\/person\/d63837fa13ac8666eb9e74e0985d6f81\"},\"headline\":\"Prote\u00e7\u00e3o a Maduro, treinamento, minera\u00e7\u00e3o: como o Grupo Wagner atua na Venezuela\",\"datePublished\":\"2023-07-03T18:24:48+00:00\",\"mainEntityOfPage\":{\"@id\":\"https:\/\/jornalfatosenoticias.com.br\/index.php\/2023\/07\/03\/protecao-a-maduro-treinamento-mineracao-como-o-grupo-wagner-atua-na-venezuela\/\"},\"wordCount\":680,\"commentCount\":0,\"publisher\":{\"@id\":\"https:\/\/jornalfatosenoticias.com.br\/#organization\"},\"image\":{\"@id\":\"https:\/\/jornalfatosenoticias.com.br\/index.php\/2023\/07\/03\/protecao-a-maduro-treinamento-mineracao-como-o-grupo-wagner-atua-na-venezuela\/#primaryimage\"},\"thumbnailUrl\":\"https:\/\/jornalfatosenoticias.com.br\/wp-content\/uploads\/2023\/07\/wagner.venezuela.jpg\",\"keywords\":[\"Grupo Wagner\",\"Maduro\",\"R\u00fassia\",\"Venezuela\"],\"articleSection\":[\"Internacional\"],\"inLanguage\":\"pt-BR\",\"potentialAction\":[{\"@type\":\"CommentAction\",\"name\":\"Comment\",\"target\":[\"https:\/\/jornalfatosenoticias.com.br\/index.php\/2023\/07\/03\/protecao-a-maduro-treinamento-mineracao-como-o-grupo-wagner-atua-na-venezuela\/#respond\"]}]},{\"@type\":\"WebPage\",\"@id\":\"https:\/\/jornalfatosenoticias.com.br\/index.php\/2023\/07\/03\/protecao-a-maduro-treinamento-mineracao-como-o-grupo-wagner-atua-na-venezuela\/\",\"url\":\"https:\/\/jornalfatosenoticias.com.br\/index.php\/2023\/07\/03\/protecao-a-maduro-treinamento-mineracao-como-o-grupo-wagner-atua-na-venezuela\/\",\"name\":\"Prote\u00e7\u00e3o a Maduro, treinamento, minera\u00e7\u00e3o: como o Grupo Wagner atua na Venezuela - Jornal Fatos e Not\u00edcias\",\"isPartOf\":{\"@id\":\"https:\/\/jornalfatosenoticias.com.br\/#website\"},\"primaryImageOfPage\":{\"@id\":\"https:\/\/jornalfatosenoticias.com.br\/index.php\/2023\/07\/03\/protecao-a-maduro-treinamento-mineracao-como-o-grupo-wagner-atua-na-venezuela\/#primaryimage\"},\"image\":{\"@id\":\"https:\/\/jornalfatosenoticias.com.br\/index.php\/2023\/07\/03\/protecao-a-maduro-treinamento-mineracao-como-o-grupo-wagner-atua-na-venezuela\/#primaryimage\"},\"thumbnailUrl\":\"https:\/\/jornalfatosenoticias.com.br\/wp-content\/uploads\/2023\/07\/wagner.venezuela.jpg\",\"datePublished\":\"2023-07-03T18:24:48+00:00\",\"breadcrumb\":{\"@id\":\"https:\/\/jornalfatosenoticias.com.br\/index.php\/2023\/07\/03\/protecao-a-maduro-treinamento-mineracao-como-o-grupo-wagner-atua-na-venezuela\/#breadcrumb\"},\"inLanguage\":\"pt-BR\",\"potentialAction\":[{\"@type\":\"ReadAction\",\"target\":[\"https:\/\/jornalfatosenoticias.com.br\/index.php\/2023\/07\/03\/protecao-a-maduro-treinamento-mineracao-como-o-grupo-wagner-atua-na-venezuela\/\"]}]},{\"@type\":\"ImageObject\",\"inLanguage\":\"pt-BR\",\"@id\":\"https:\/\/jornalfatosenoticias.com.br\/index.php\/2023\/07\/03\/protecao-a-maduro-treinamento-mineracao-como-o-grupo-wagner-atua-na-venezuela\/#primaryimage\",\"url\":\"https:\/\/jornalfatosenoticias.com.br\/wp-content\/uploads\/2023\/07\/wagner.venezuela.jpg\",\"contentUrl\":\"https:\/\/jornalfatosenoticias.com.br\/wp-content\/uploads\/2023\/07\/wagner.venezuela.jpg\",\"width\":1000,\"height\":562},{\"@type\":\"BreadcrumbList\",\"@id\":\"https:\/\/jornalfatosenoticias.com.br\/index.php\/2023\/07\/03\/protecao-a-maduro-treinamento-mineracao-como-o-grupo-wagner-atua-na-venezuela\/#breadcrumb\",\"itemListElement\":[{\"@type\":\"ListItem\",\"position\":1,\"name\":\"In\u00edcio\",\"item\":\"https:\/\/jornalfatosenoticias.com.br\/\"},{\"@type\":\"ListItem\",\"position\":2,\"name\":\"Prote\u00e7\u00e3o a Maduro, treinamento, minera\u00e7\u00e3o: como o Grupo Wagner atua na Venezuela\"}]},{\"@type\":\"WebSite\",\"@id\":\"https:\/\/jornalfatosenoticias.com.br\/#website\",\"url\":\"https:\/\/jornalfatosenoticias.com.br\/\",\"name\":\"Jornal Fatos e Not\u00edcias\",\"description\":\"Not\u00edcias em geral\",\"publisher\":{\"@id\":\"https:\/\/jornalfatosenoticias.com.br\/#organization\"},\"potentialAction\":[{\"@type\":\"SearchAction\",\"target\":{\"@type\":\"EntryPoint\",\"urlTemplate\":\"https:\/\/jornalfatosenoticias.com.br\/?s={search_term_string}\"},\"query-input\":{\"@type\":\"PropertyValueSpecification\",\"valueRequired\":true,\"valueName\":\"search_term_string\"}}],\"inLanguage\":\"pt-BR\"},{\"@type\":\"Organization\",\"@id\":\"https:\/\/jornalfatosenoticias.com.br\/#organization\",\"name\":\"Jornal Fatos e Not\u00edcias\",\"url\":\"https:\/\/jornalfatosenoticias.com.br\/\",\"logo\":{\"@type\":\"ImageObject\",\"inLanguage\":\"pt-BR\",\"@id\":\"https:\/\/jornalfatosenoticias.com.br\/#\/schema\/logo\/image\/\",\"url\":\"https:\/\/jornalfatosenoticias.com.br\/wp-content\/uploads\/2020\/02\/logo120.png\",\"contentUrl\":\"https:\/\/jornalfatosenoticias.com.br\/wp-content\/uploads\/2020\/02\/logo120.png\",\"width\":1227,\"height\":120,\"caption\":\"Jornal Fatos e Not\u00edcias\"},\"image\":{\"@id\":\"https:\/\/jornalfatosenoticias.com.br\/#\/schema\/logo\/image\/\"}},{\"@type\":\"Person\",\"@id\":\"https:\/\/jornalfatosenoticias.com.br\/#\/schema\/person\/d63837fa13ac8666eb9e74e0985d6f81\",\"name\":\"Luzimara Fernandes\",\"image\":{\"@type\":\"ImageObject\",\"inLanguage\":\"pt-BR\",\"@id\":\"https:\/\/jornalfatosenoticias.com.br\/#\/schema\/person\/image\/\",\"url\":\"https:\/\/jornalfatosenoticias.com.br\/wp-content\/uploads\/2025\/05\/EU_portal.jpg\",\"contentUrl\":\"https:\/\/jornalfatosenoticias.com.br\/wp-content\/uploads\/2025\/05\/EU_portal.jpg\",\"caption\":\"Luzimara Fernandes\"},\"description\":\"Jornalista MTB 2358-ES\",\"sameAs\":[\"https:\/\/jornalfatosenoticias.com.br\"],\"url\":\"https:\/\/jornalfatosenoticias.com.br\/index.php\/author\/luzimara\/\"}]}<\/script>\n<!-- \/ Yoast SEO plugin. -->","yoast_head_json":{"title":"Prote\u00e7\u00e3o a Maduro, treinamento, minera\u00e7\u00e3o: como o Grupo Wagner atua na Venezuela - Jornal Fatos e Not\u00edcias","robots":{"index":"index","follow":"follow","max-snippet":"max-snippet:-1","max-image-preview":"max-image-preview:large","max-video-preview":"max-video-preview:-1"},"canonical":"https:\/\/jornalfatosenoticias.com.br\/index.php\/2023\/07\/03\/protecao-a-maduro-treinamento-mineracao-como-o-grupo-wagner-atua-na-venezuela\/","og_locale":"pt_BR","og_type":"article","og_title":"Prote\u00e7\u00e3o a Maduro, treinamento, minera\u00e7\u00e3o: como o Grupo Wagner atua na Venezuela - Jornal Fatos e Not\u00edcias","og_description":"Por F\u00e1bio Gal\u00e3o Ap\u00f3s o acordo que p\u00f4s fim ao motim do grupo mercen\u00e1rio Wagner na R\u00fassia no \u00faltimo fim de semana, o ditador da Venezuela, Nicol\u00e1s Maduro, elogiou o aliado Vladimir Putin, que, segundo ele, \u201cencarou uma tentativa de guerra civil e um grave epis\u00f3dio de trai\u00e7\u00e3o\u201d, mas \u201csaiu vitorioso e trouxe paz \u00e0 [&hellip;]","og_url":"https:\/\/jornalfatosenoticias.com.br\/index.php\/2023\/07\/03\/protecao-a-maduro-treinamento-mineracao-como-o-grupo-wagner-atua-na-venezuela\/","og_site_name":"Jornal Fatos e Not\u00edcias","article_published_time":"2023-07-03T18:24:48+00:00","og_image":[{"width":1000,"height":562,"url":"https:\/\/jornalfatosenoticias.com.br\/wp-content\/uploads\/2023\/07\/wagner.venezuela.jpg","type":"image\/jpeg"}],"author":"Luzimara Fernandes","twitter_card":"summary_large_image","twitter_misc":{"Escrito por":"Luzimara Fernandes","Est. tempo de leitura":"3 minutos"},"schema":{"@context":"https:\/\/schema.org","@graph":[{"@type":"Article","@id":"https:\/\/jornalfatosenoticias.com.br\/index.php\/2023\/07\/03\/protecao-a-maduro-treinamento-mineracao-como-o-grupo-wagner-atua-na-venezuela\/#article","isPartOf":{"@id":"https:\/\/jornalfatosenoticias.com.br\/index.php\/2023\/07\/03\/protecao-a-maduro-treinamento-mineracao-como-o-grupo-wagner-atua-na-venezuela\/"},"author":{"name":"Luzimara Fernandes","@id":"https:\/\/jornalfatosenoticias.com.br\/#\/schema\/person\/d63837fa13ac8666eb9e74e0985d6f81"},"headline":"Prote\u00e7\u00e3o a Maduro, treinamento, minera\u00e7\u00e3o: como o Grupo Wagner atua na Venezuela","datePublished":"2023-07-03T18:24:48+00:00","mainEntityOfPage":{"@id":"https:\/\/jornalfatosenoticias.com.br\/index.php\/2023\/07\/03\/protecao-a-maduro-treinamento-mineracao-como-o-grupo-wagner-atua-na-venezuela\/"},"wordCount":680,"commentCount":0,"publisher":{"@id":"https:\/\/jornalfatosenoticias.com.br\/#organization"},"image":{"@id":"https:\/\/jornalfatosenoticias.com.br\/index.php\/2023\/07\/03\/protecao-a-maduro-treinamento-mineracao-como-o-grupo-wagner-atua-na-venezuela\/#primaryimage"},"thumbnailUrl":"https:\/\/jornalfatosenoticias.com.br\/wp-content\/uploads\/2023\/07\/wagner.venezuela.jpg","keywords":["Grupo Wagner","Maduro","R\u00fassia","Venezuela"],"articleSection":["Internacional"],"inLanguage":"pt-BR","potentialAction":[{"@type":"CommentAction","name":"Comment","target":["https:\/\/jornalfatosenoticias.com.br\/index.php\/2023\/07\/03\/protecao-a-maduro-treinamento-mineracao-como-o-grupo-wagner-atua-na-venezuela\/#respond"]}]},{"@type":"WebPage","@id":"https:\/\/jornalfatosenoticias.com.br\/index.php\/2023\/07\/03\/protecao-a-maduro-treinamento-mineracao-como-o-grupo-wagner-atua-na-venezuela\/","url":"https:\/\/jornalfatosenoticias.com.br\/index.php\/2023\/07\/03\/protecao-a-maduro-treinamento-mineracao-como-o-grupo-wagner-atua-na-venezuela\/","name":"Prote\u00e7\u00e3o a Maduro, treinamento, minera\u00e7\u00e3o: como o Grupo Wagner atua na Venezuela - Jornal Fatos e Not\u00edcias","isPartOf":{"@id":"https:\/\/jornalfatosenoticias.com.br\/#website"},"primaryImageOfPage":{"@id":"https:\/\/jornalfatosenoticias.com.br\/index.php\/2023\/07\/03\/protecao-a-maduro-treinamento-mineracao-como-o-grupo-wagner-atua-na-venezuela\/#primaryimage"},"image":{"@id":"https:\/\/jornalfatosenoticias.com.br\/index.php\/2023\/07\/03\/protecao-a-maduro-treinamento-mineracao-como-o-grupo-wagner-atua-na-venezuela\/#primaryimage"},"thumbnailUrl":"https:\/\/jornalfatosenoticias.com.br\/wp-content\/uploads\/2023\/07\/wagner.venezuela.jpg","datePublished":"2023-07-03T18:24:48+00:00","breadcrumb":{"@id":"https:\/\/jornalfatosenoticias.com.br\/index.php\/2023\/07\/03\/protecao-a-maduro-treinamento-mineracao-como-o-grupo-wagner-atua-na-venezuela\/#breadcrumb"},"inLanguage":"pt-BR","potentialAction":[{"@type":"ReadAction","target":["https:\/\/jornalfatosenoticias.com.br\/index.php\/2023\/07\/03\/protecao-a-maduro-treinamento-mineracao-como-o-grupo-wagner-atua-na-venezuela\/"]}]},{"@type":"ImageObject","inLanguage":"pt-BR","@id":"https:\/\/jornalfatosenoticias.com.br\/index.php\/2023\/07\/03\/protecao-a-maduro-treinamento-mineracao-como-o-grupo-wagner-atua-na-venezuela\/#primaryimage","url":"https:\/\/jornalfatosenoticias.com.br\/wp-content\/uploads\/2023\/07\/wagner.venezuela.jpg","contentUrl":"https:\/\/jornalfatosenoticias.com.br\/wp-content\/uploads\/2023\/07\/wagner.venezuela.jpg","width":1000,"height":562},{"@type":"BreadcrumbList","@id":"https:\/\/jornalfatosenoticias.com.br\/index.php\/2023\/07\/03\/protecao-a-maduro-treinamento-mineracao-como-o-grupo-wagner-atua-na-venezuela\/#breadcrumb","itemListElement":[{"@type":"ListItem","position":1,"name":"In\u00edcio","item":"https:\/\/jornalfatosenoticias.com.br\/"},{"@type":"ListItem","position":2,"name":"Prote\u00e7\u00e3o a Maduro, treinamento, minera\u00e7\u00e3o: como o Grupo Wagner atua na Venezuela"}]},{"@type":"WebSite","@id":"https:\/\/jornalfatosenoticias.com.br\/#website","url":"https:\/\/jornalfatosenoticias.com.br\/","name":"Jornal Fatos e Not\u00edcias","description":"Not\u00edcias em geral","publisher":{"@id":"https:\/\/jornalfatosenoticias.com.br\/#organization"},"potentialAction":[{"@type":"SearchAction","target":{"@type":"EntryPoint","urlTemplate":"https:\/\/jornalfatosenoticias.com.br\/?s={search_term_string}"},"query-input":{"@type":"PropertyValueSpecification","valueRequired":true,"valueName":"search_term_string"}}],"inLanguage":"pt-BR"},{"@type":"Organization","@id":"https:\/\/jornalfatosenoticias.com.br\/#organization","name":"Jornal Fatos e Not\u00edcias","url":"https:\/\/jornalfatosenoticias.com.br\/","logo":{"@type":"ImageObject","inLanguage":"pt-BR","@id":"https:\/\/jornalfatosenoticias.com.br\/#\/schema\/logo\/image\/","url":"https:\/\/jornalfatosenoticias.com.br\/wp-content\/uploads\/2020\/02\/logo120.png","contentUrl":"https:\/\/jornalfatosenoticias.com.br\/wp-content\/uploads\/2020\/02\/logo120.png","width":1227,"height":120,"caption":"Jornal Fatos e Not\u00edcias"},"image":{"@id":"https:\/\/jornalfatosenoticias.com.br\/#\/schema\/logo\/image\/"}},{"@type":"Person","@id":"https:\/\/jornalfatosenoticias.com.br\/#\/schema\/person\/d63837fa13ac8666eb9e74e0985d6f81","name":"Luzimara Fernandes","image":{"@type":"ImageObject","inLanguage":"pt-BR","@id":"https:\/\/jornalfatosenoticias.com.br\/#\/schema\/person\/image\/","url":"https:\/\/jornalfatosenoticias.com.br\/wp-content\/uploads\/2025\/05\/EU_portal.jpg","contentUrl":"https:\/\/jornalfatosenoticias.com.br\/wp-content\/uploads\/2025\/05\/EU_portal.jpg","caption":"Luzimara Fernandes"},"description":"Jornalista MTB 2358-ES","sameAs":["https:\/\/jornalfatosenoticias.com.br"],"url":"https:\/\/jornalfatosenoticias.com.br\/index.php\/author\/luzimara\/"}]}},"cc_featured_image_caption":{"caption_text":"(Foto: Reprodu\u00e7\u00e3o)","source_text":"","source_url":""},"jetpack_featured_media_url":"https:\/\/jornalfatosenoticias.com.br\/wp-content\/uploads\/2023\/07\/wagner.venezuela.jpg","_links":{"self":[{"href":"https:\/\/jornalfatosenoticias.com.br\/index.php\/wp-json\/wp\/v2\/posts\/42988","targetHints":{"allow":["GET"]}}],"collection":[{"href":"https:\/\/jornalfatosenoticias.com.br\/index.php\/wp-json\/wp\/v2\/posts"}],"about":[{"href":"https:\/\/jornalfatosenoticias.com.br\/index.php\/wp-json\/wp\/v2\/types\/post"}],"author":[{"embeddable":true,"href":"https:\/\/jornalfatosenoticias.com.br\/index.php\/wp-json\/wp\/v2\/users\/2"}],"replies":[{"embeddable":true,"href":"https:\/\/jornalfatosenoticias.com.br\/index.php\/wp-json\/wp\/v2\/comments?post=42988"}],"version-history":[{"count":0,"href":"https:\/\/jornalfatosenoticias.com.br\/index.php\/wp-json\/wp\/v2\/posts\/42988\/revisions"}],"wp:featuredmedia":[{"embeddable":true,"href":"https:\/\/jornalfatosenoticias.com.br\/index.php\/wp-json\/wp\/v2\/media\/42989"}],"wp:attachment":[{"href":"https:\/\/jornalfatosenoticias.com.br\/index.php\/wp-json\/wp\/v2\/media?parent=42988"}],"wp:term":[{"taxonomy":"category","embeddable":true,"href":"https:\/\/jornalfatosenoticias.com.br\/index.php\/wp-json\/wp\/v2\/categories?post=42988"},{"taxonomy":"post_tag","embeddable":true,"href":"https:\/\/jornalfatosenoticias.com.br\/index.php\/wp-json\/wp\/v2\/tags?post=42988"}],"curies":[{"name":"wp","href":"https:\/\/api.w.org\/{rel}","templated":true}]}}