{"id":42991,"date":"2023-07-04T09:41:06","date_gmt":"2023-07-04T12:41:06","guid":{"rendered":"https:\/\/jornalfatosenoticias.com.br\/?p=42991"},"modified":"2023-07-04T09:41:08","modified_gmt":"2023-07-04T12:41:08","slug":"nova-pista-pode-justificar-extincao-do-megalodonte","status":"publish","type":"post","link":"https:\/\/jornalfatosenoticias.com.br\/index.php\/2023\/07\/04\/nova-pista-pode-justificar-extincao-do-megalodonte\/","title":{"rendered":"Nova pista pode justificar extin\u00e7\u00e3o do megalodonte"},"content":{"rendered":"\n<p><em><span class=\"has-inline-color has-black-color\">Cientistas descobriram que a esp\u00e9cie tinha sangue parcialmente quente, com temperatura corporal em torno de 7\u00baC<\/span><\/em><\/p>\n\n\n\n<p><em><span class=\"has-inline-color has-black-color\">Por <strong><a href=\"https:\/\/olhardigital.com.br\/author\/alisson-santos\/\">Alisson Santos<\/a><\/strong><\/span><\/em><\/p>\n\n\n\n<div class=\"wp-block-image\"><figure class=\"aligncenter size-large\"><img loading=\"lazy\" decoding=\"async\" width=\"729\" height=\"90\" src=\"https:\/\/jornalfatosenoticias.com.br\/wp-content\/uploads\/2020\/02\/Logo_Mizu.png\" alt=\"\" class=\"wp-image-1441\" srcset=\"https:\/\/jornalfatosenoticias.com.br\/wp-content\/uploads\/2020\/02\/Logo_Mizu.png 729w, https:\/\/jornalfatosenoticias.com.br\/wp-content\/uploads\/2020\/02\/Logo_Mizu-300x37.png 300w\" sizes=\"auto, (max-width: 729px) 100vw, 729px\" \/><\/figure><\/div>\n\n\n\n<p>O <a href=\"https:\/\/olhardigital.com.br\/tag\/megalodonte\/\" target=\"_blank\" rel=\"noreferrer noopener\">megalodonte<\/a>\u00a0sumiu\u00a0do registro f\u00f3ssil no final do Plioceno, \u00faltima \u00e9poca do antigo per\u00edodo terci\u00e1rio da era Cenozoica, e o motivo da\u00a0<a href=\"https:\/\/olhardigital.com.br\/tag\/extincao\/\" target=\"_blank\" rel=\"noreferrer noopener\">extin\u00e7\u00e3o<\/a> da esp\u00e9cie ainda \u00e9 desconhecido. Por mais que muitos pesquisadores acreditem que a luta por alimentos durante a pr\u00e9-hist\u00f3ria tenha sido fator determinante, novas descobertas podem mudar o que se sabe at\u00e9 agora.<br>Cientistas da Universidade da <a href=\"https:\/\/olhardigital.com.br\/2022\/12\/18\/seguranca\/gigantes-da-tecnologia-processam-o-estado-da-california-para-vetar-lei\/\" target=\"_blank\" rel=\"noreferrer noopener\">Calif\u00f3rnia<\/a>\u00a0(UCLA) analisaram f\u00f3sseis de dentes de megalodonte e descobriram que o tubar\u00e3o extinto tinha\u00a0<a href=\"https:\/\/olhardigital.com.br\/2023\/06\/22\/ciencia-e-espaco\/sangue-em-armas-de-13-mil-anos-traz-revelacoes-da-ultima-era-do-gelo\/\" target=\"_blank\" rel=\"noreferrer noopener\">sangue<\/a> parcialmente quente, com temperatura corporal em torno de 7\u00b0C \u2014 mais quente do que a temperatura da \u00e1gua-marinha estimada para a \u00e9poca.<\/p>\n\n\n\n<div class=\"wp-block-image\"><figure class=\"aligncenter size-large is-resized\"><img loading=\"lazy\" decoding=\"async\" src=\"https:\/\/jornalfatosenoticias.com.br\/wp-content\/uploads\/2022\/02\/FERRARI_MAQUINAS-E-FERRAMENTAS2.jpg\" alt=\"\" class=\"wp-image-27860\" width=\"287\" height=\"239\"\/><\/figure><\/div>\n\n\n\n<blockquote class=\"wp-block-quote is-layout-flow wp-block-quote-is-layout-flow\"><p><span class=\"has-inline-color has-luminous-vivid-orange-color\">Descobrimos que o megalodonte tinha temperaturas corporais significativamente elevadas em compara\u00e7\u00e3o com outros tubar\u00f5es, consistente com grau de produ\u00e7\u00e3o interna de calor, como os animais modernos de sangue quente (endot\u00e9rmicos)&#8221;, explicou Robert Eagle, coautor do estudo e professor de ci\u00eancias marinhas e geobiologia na UCLA.<\/span><\/p><\/blockquote>\n\n\n\n<p>O estudo publicado na revista <em>Proceedings of the National Academy of Sciences<\/em> sugere que essa caracter\u00edstica teve papel fundamental no tamanho da esp\u00e9cie \u2014 e at\u00e9 no seu desaparecimento.<\/p>\n\n\n\n<div class=\"wp-block-image\"><figure class=\"aligncenter size-large\"><img loading=\"lazy\" decoding=\"async\" width=\"300\" height=\"250\" src=\"https:\/\/jornalfatosenoticias.com.br\/wp-content\/uploads\/2022\/02\/Banner-2.png\" alt=\"\" class=\"wp-image-27877\"\/><\/figure><\/div>\n\n\n\n<blockquote class=\"wp-block-quote is-layout-flow wp-block-quote-is-layout-flow\"><p><span class=\"has-inline-color has-luminous-vivid-orange-color\">Um corpo grande promove efici\u00eancia na captura de presas com cobertura espacial mais ampla, mas requer muita energia para mant\u00ea-lo\u201d, disse Kenshu Shimada, paleobi\u00f3logo da Universidade DePaul, em Chicago.<\/span><\/p><\/blockquote>\n\n\n\n<div class=\"wp-block-image\"><figure class=\"aligncenter size-large is-resized\"><img loading=\"lazy\" decoding=\"async\" src=\"https:\/\/jornalfatosenoticias.com.br\/wp-content\/uploads\/2020\/02\/logo-Rapuzel-1024x571.jpg\" alt=\"\" class=\"wp-image-42808\" width=\"368\" height=\"205\" srcset=\"https:\/\/jornalfatosenoticias.com.br\/wp-content\/uploads\/2020\/02\/logo-Rapuzel-1024x571.jpg 1024w, https:\/\/jornalfatosenoticias.com.br\/wp-content\/uploads\/2020\/02\/logo-Rapuzel-300x167.jpg 300w, https:\/\/jornalfatosenoticias.com.br\/wp-content\/uploads\/2020\/02\/logo-Rapuzel-768x428.jpg 768w, https:\/\/jornalfatosenoticias.com.br\/wp-content\/uploads\/2020\/02\/logo-Rapuzel-1536x856.jpg 1536w, https:\/\/jornalfatosenoticias.com.br\/wp-content\/uploads\/2020\/02\/logo-Rapuzel.jpg 1600w\" sizes=\"auto, (max-width: 368px) 100vw, 368px\" \/><\/figure><\/div>\n\n\n\n<p>Outros pesquisadores j\u00e1 haviam desenvolvido teorias sobre a esp\u00e9cie ser de sangue quente, mas essa \u00e9 a primeira vez que h\u00e1 comprova\u00e7\u00f5es cientificas diante da teoria. Durante os estudos, os pesquisadores observaram o n\u00edvel de proximidade entre os is\u00f3topos de carbono-13 e oxig\u00eanio-18, encontrados nos dentes fossilizados. Esse mecanismo \u00e9 capaz de revelar o qu\u00e3o quente era o corpo do animal. Assim como os grandes tubar\u00f5es-brancos, os megalodontes tamb\u00e9m eram endot\u00e9rmicos, ou seja, capazes de regular sua temperatura corporal.<\/p>\n\n\n\n<div class=\"wp-block-image\"><figure class=\"aligncenter size-large is-resized\"><img loading=\"lazy\" decoding=\"async\" src=\"https:\/\/jornalfatosenoticias.com.br\/wp-content\/uploads\/2022\/10\/RC_800x750_page-0001.jpg\" alt=\"\" class=\"wp-image-35338\" width=\"283\" height=\"266\" srcset=\"https:\/\/jornalfatosenoticias.com.br\/wp-content\/uploads\/2022\/10\/RC_800x750_page-0001.jpg 400w, https:\/\/jornalfatosenoticias.com.br\/wp-content\/uploads\/2022\/10\/RC_800x750_page-0001-300x281.jpg 300w\" sizes=\"auto, (max-width: 283px) 100vw, 283px\" \/><\/figure><\/div>\n\n\n\n<blockquote class=\"wp-block-quote is-layout-flow wp-block-quote-is-layout-flow\"><p><span class=\"has-inline-color has-luminous-vivid-orange-color\">Sabemos que o megalodonte tinha dentes cortantes gigantescos usados \u200b\u200bpara se alimentar de mam\u00edferos marinhos, como cet\u00e1ceos e pin\u00edpedes, com base no registro f\u00f3ssil. O novo estudo \u00e9 consistente com a ideia de que a evolu\u00e7\u00e3o do sangue quente foi porta de entrada para o gigantismo do megalodonte acompanhar a alta demanda metab\u00f3lica\u201d, complementou Shimada.<\/span><\/p><\/blockquote>\n\n\n\n<div class=\"wp-block-image\"><figure class=\"aligncenter size-large is-resized\"><img loading=\"lazy\" decoding=\"async\" src=\"https:\/\/jornalfatosenoticias.com.br\/wp-content\/uploads\/2020\/02\/casa-do-torresmo_portal.jpg\" alt=\"\" class=\"wp-image-34472\" width=\"286\" height=\"286\" srcset=\"https:\/\/jornalfatosenoticias.com.br\/wp-content\/uploads\/2020\/02\/casa-do-torresmo_portal.jpg 300w, https:\/\/jornalfatosenoticias.com.br\/wp-content\/uploads\/2020\/02\/casa-do-torresmo_portal-150x150.jpg 150w\" sizes=\"auto, (max-width: 286px) 100vw, 286px\" \/><\/figure><\/div>\n\n\n\n<blockquote class=\"wp-block-quote is-layout-flow wp-block-quote-is-layout-flow\"><p><span class=\"has-inline-color has-luminous-vivid-orange-color\">O fato de o megalodonte ter desaparecido sugere a prov\u00e1vel vulnerabilidade de ser de sangue quente porque requer ingest\u00e3o constante de alimentos para sustentar o alto metabolismo [\u2026] Possivelmente, houve mudan\u00e7a no ecossistema marinho devido ao resfriamento clim\u00e1tico&#8221;, afirmou Kenshu Shimada, paleobi\u00f3logo da Universidade DePaul, em Chicago.<\/span><\/p><\/blockquote>\n\n\n\n<p><strong><em>Fonte: <a href=\"https:\/\/olhardigital.com.br\/2023\/07\/03\/ciencia-e-espaco\/nova-pista-pode-justificar-extincao-do-megalodonte\/\">Olhar Digital<\/a><\/em><\/strong><\/p>\n","protected":false},"excerpt":{"rendered":"<p>Cientistas descobriram que a esp\u00e9cie tinha sangue parcialmente quente, com temperatura corporal em torno de 7\u00baC Por Alisson Santos O megalodonte\u00a0sumiu\u00a0do registro f\u00f3ssil no final do Plioceno, \u00faltima \u00e9poca do antigo per\u00edodo terci\u00e1rio da era Cenozoica, e o motivo da\u00a0extin\u00e7\u00e3o da esp\u00e9cie ainda \u00e9 desconhecido. Por mais que muitos pesquisadores acreditem que a luta por [&hellip;]<\/p>\n","protected":false},"author":2,"featured_media":42992,"comment_status":"open","ping_status":"open","sticky":false,"template":"","format":"standard","meta":{"footnotes":""},"categories":[9808],"tags":[219,663,13182,4395,20225,220],"class_list":["post-42991","post","type-post","status-publish","format-standard","has-post-thumbnail","hentry","category-paleo-arqueologia","tag-extincao","tag-fossil","tag-megalodon","tag-megalodonte","tag-megatubarao","tag-pre-historia"],"yoast_head":"<!-- This site is optimized with the Yoast SEO plugin v26.5 - https:\/\/yoast.com\/wordpress\/plugins\/seo\/ -->\n<title>Nova pista pode justificar extin\u00e7\u00e3o do megalodonte - Jornal Fatos e Not\u00edcias<\/title>\n<meta name=\"robots\" content=\"index, follow, max-snippet:-1, max-image-preview:large, max-video-preview:-1\" \/>\n<link rel=\"canonical\" href=\"https:\/\/jornalfatosenoticias.com.br\/index.php\/2023\/07\/04\/nova-pista-pode-justificar-extincao-do-megalodonte\/\" \/>\n<meta property=\"og:locale\" content=\"pt_BR\" \/>\n<meta property=\"og:type\" content=\"article\" \/>\n<meta property=\"og:title\" content=\"Nova pista pode justificar extin\u00e7\u00e3o do megalodonte - Jornal Fatos e Not\u00edcias\" \/>\n<meta property=\"og:description\" content=\"Cientistas descobriram que a esp\u00e9cie tinha sangue parcialmente quente, com temperatura corporal em torno de 7\u00baC Por Alisson Santos O megalodonte\u00a0sumiu\u00a0do registro f\u00f3ssil no final do Plioceno, \u00faltima \u00e9poca do antigo per\u00edodo terci\u00e1rio da era Cenozoica, e o motivo da\u00a0extin\u00e7\u00e3o da esp\u00e9cie ainda \u00e9 desconhecido. Por mais que muitos pesquisadores acreditem que a luta por [&hellip;]\" \/>\n<meta property=\"og:url\" content=\"https:\/\/jornalfatosenoticias.com.br\/index.php\/2023\/07\/04\/nova-pista-pode-justificar-extincao-do-megalodonte\/\" \/>\n<meta property=\"og:site_name\" content=\"Jornal Fatos e Not\u00edcias\" \/>\n<meta property=\"article:published_time\" content=\"2023-07-04T12:41:06+00:00\" \/>\n<meta property=\"article:modified_time\" content=\"2023-07-04T12:41:08+00:00\" \/>\n<meta property=\"og:image\" content=\"https:\/\/jornalfatosenoticias.com.br\/wp-content\/uploads\/2023\/07\/megalodonte-aguas-frias-capa.jpg\" \/>\n\t<meta property=\"og:image:width\" content=\"1000\" \/>\n\t<meta property=\"og:image:height\" content=\"562\" \/>\n\t<meta property=\"og:image:type\" content=\"image\/jpeg\" \/>\n<meta name=\"author\" content=\"Luzimara Fernandes\" \/>\n<meta name=\"twitter:card\" content=\"summary_large_image\" \/>\n<meta name=\"twitter:label1\" content=\"Escrito por\" \/>\n\t<meta name=\"twitter:data1\" content=\"Luzimara Fernandes\" \/>\n\t<meta name=\"twitter:label2\" content=\"Est. tempo de leitura\" \/>\n\t<meta name=\"twitter:data2\" content=\"2 minutos\" \/>\n<script type=\"application\/ld+json\" class=\"yoast-schema-graph\">{\"@context\":\"https:\/\/schema.org\",\"@graph\":[{\"@type\":\"Article\",\"@id\":\"https:\/\/jornalfatosenoticias.com.br\/index.php\/2023\/07\/04\/nova-pista-pode-justificar-extincao-do-megalodonte\/#article\",\"isPartOf\":{\"@id\":\"https:\/\/jornalfatosenoticias.com.br\/index.php\/2023\/07\/04\/nova-pista-pode-justificar-extincao-do-megalodonte\/\"},\"author\":{\"name\":\"Luzimara Fernandes\",\"@id\":\"https:\/\/jornalfatosenoticias.com.br\/#\/schema\/person\/d63837fa13ac8666eb9e74e0985d6f81\"},\"headline\":\"Nova pista pode justificar extin\u00e7\u00e3o do megalodonte\",\"datePublished\":\"2023-07-04T12:41:06+00:00\",\"dateModified\":\"2023-07-04T12:41:08+00:00\",\"mainEntityOfPage\":{\"@id\":\"https:\/\/jornalfatosenoticias.com.br\/index.php\/2023\/07\/04\/nova-pista-pode-justificar-extincao-do-megalodonte\/\"},\"wordCount\":447,\"commentCount\":0,\"publisher\":{\"@id\":\"https:\/\/jornalfatosenoticias.com.br\/#organization\"},\"image\":{\"@id\":\"https:\/\/jornalfatosenoticias.com.br\/index.php\/2023\/07\/04\/nova-pista-pode-justificar-extincao-do-megalodonte\/#primaryimage\"},\"thumbnailUrl\":\"https:\/\/jornalfatosenoticias.com.br\/wp-content\/uploads\/2023\/07\/megalodonte-aguas-frias-capa.jpg\",\"keywords\":[\"extin\u00e7\u00e3o\",\"f\u00f3ssil\",\"megalodon\",\"Megalodonte\",\"megatubar\u00e3o\",\"pr\u00e9-hist\u00f3ria\"],\"articleSection\":[\"Paleo &amp; Arqueologia\"],\"inLanguage\":\"pt-BR\",\"potentialAction\":[{\"@type\":\"CommentAction\",\"name\":\"Comment\",\"target\":[\"https:\/\/jornalfatosenoticias.com.br\/index.php\/2023\/07\/04\/nova-pista-pode-justificar-extincao-do-megalodonte\/#respond\"]}]},{\"@type\":\"WebPage\",\"@id\":\"https:\/\/jornalfatosenoticias.com.br\/index.php\/2023\/07\/04\/nova-pista-pode-justificar-extincao-do-megalodonte\/\",\"url\":\"https:\/\/jornalfatosenoticias.com.br\/index.php\/2023\/07\/04\/nova-pista-pode-justificar-extincao-do-megalodonte\/\",\"name\":\"Nova pista pode justificar extin\u00e7\u00e3o do megalodonte - Jornal Fatos e Not\u00edcias\",\"isPartOf\":{\"@id\":\"https:\/\/jornalfatosenoticias.com.br\/#website\"},\"primaryImageOfPage\":{\"@id\":\"https:\/\/jornalfatosenoticias.com.br\/index.php\/2023\/07\/04\/nova-pista-pode-justificar-extincao-do-megalodonte\/#primaryimage\"},\"image\":{\"@id\":\"https:\/\/jornalfatosenoticias.com.br\/index.php\/2023\/07\/04\/nova-pista-pode-justificar-extincao-do-megalodonte\/#primaryimage\"},\"thumbnailUrl\":\"https:\/\/jornalfatosenoticias.com.br\/wp-content\/uploads\/2023\/07\/megalodonte-aguas-frias-capa.jpg\",\"datePublished\":\"2023-07-04T12:41:06+00:00\",\"dateModified\":\"2023-07-04T12:41:08+00:00\",\"breadcrumb\":{\"@id\":\"https:\/\/jornalfatosenoticias.com.br\/index.php\/2023\/07\/04\/nova-pista-pode-justificar-extincao-do-megalodonte\/#breadcrumb\"},\"inLanguage\":\"pt-BR\",\"potentialAction\":[{\"@type\":\"ReadAction\",\"target\":[\"https:\/\/jornalfatosenoticias.com.br\/index.php\/2023\/07\/04\/nova-pista-pode-justificar-extincao-do-megalodonte\/\"]}]},{\"@type\":\"ImageObject\",\"inLanguage\":\"pt-BR\",\"@id\":\"https:\/\/jornalfatosenoticias.com.br\/index.php\/2023\/07\/04\/nova-pista-pode-justificar-extincao-do-megalodonte\/#primaryimage\",\"url\":\"https:\/\/jornalfatosenoticias.com.br\/wp-content\/uploads\/2023\/07\/megalodonte-aguas-frias-capa.jpg\",\"contentUrl\":\"https:\/\/jornalfatosenoticias.com.br\/wp-content\/uploads\/2023\/07\/megalodonte-aguas-frias-capa.jpg\",\"width\":1000,\"height\":562},{\"@type\":\"BreadcrumbList\",\"@id\":\"https:\/\/jornalfatosenoticias.com.br\/index.php\/2023\/07\/04\/nova-pista-pode-justificar-extincao-do-megalodonte\/#breadcrumb\",\"itemListElement\":[{\"@type\":\"ListItem\",\"position\":1,\"name\":\"In\u00edcio\",\"item\":\"https:\/\/jornalfatosenoticias.com.br\/\"},{\"@type\":\"ListItem\",\"position\":2,\"name\":\"Nova pista pode justificar extin\u00e7\u00e3o do megalodonte\"}]},{\"@type\":\"WebSite\",\"@id\":\"https:\/\/jornalfatosenoticias.com.br\/#website\",\"url\":\"https:\/\/jornalfatosenoticias.com.br\/\",\"name\":\"Jornal Fatos e Not\u00edcias\",\"description\":\"Not\u00edcias em geral\",\"publisher\":{\"@id\":\"https:\/\/jornalfatosenoticias.com.br\/#organization\"},\"potentialAction\":[{\"@type\":\"SearchAction\",\"target\":{\"@type\":\"EntryPoint\",\"urlTemplate\":\"https:\/\/jornalfatosenoticias.com.br\/?s={search_term_string}\"},\"query-input\":{\"@type\":\"PropertyValueSpecification\",\"valueRequired\":true,\"valueName\":\"search_term_string\"}}],\"inLanguage\":\"pt-BR\"},{\"@type\":\"Organization\",\"@id\":\"https:\/\/jornalfatosenoticias.com.br\/#organization\",\"name\":\"Jornal Fatos e Not\u00edcias\",\"url\":\"https:\/\/jornalfatosenoticias.com.br\/\",\"logo\":{\"@type\":\"ImageObject\",\"inLanguage\":\"pt-BR\",\"@id\":\"https:\/\/jornalfatosenoticias.com.br\/#\/schema\/logo\/image\/\",\"url\":\"https:\/\/jornalfatosenoticias.com.br\/wp-content\/uploads\/2020\/02\/logo120.png\",\"contentUrl\":\"https:\/\/jornalfatosenoticias.com.br\/wp-content\/uploads\/2020\/02\/logo120.png\",\"width\":1227,\"height\":120,\"caption\":\"Jornal Fatos e Not\u00edcias\"},\"image\":{\"@id\":\"https:\/\/jornalfatosenoticias.com.br\/#\/schema\/logo\/image\/\"}},{\"@type\":\"Person\",\"@id\":\"https:\/\/jornalfatosenoticias.com.br\/#\/schema\/person\/d63837fa13ac8666eb9e74e0985d6f81\",\"name\":\"Luzimara Fernandes\",\"image\":{\"@type\":\"ImageObject\",\"inLanguage\":\"pt-BR\",\"@id\":\"https:\/\/jornalfatosenoticias.com.br\/#\/schema\/person\/image\/\",\"url\":\"https:\/\/jornalfatosenoticias.com.br\/wp-content\/uploads\/2025\/05\/EU_portal.jpg\",\"contentUrl\":\"https:\/\/jornalfatosenoticias.com.br\/wp-content\/uploads\/2025\/05\/EU_portal.jpg\",\"caption\":\"Luzimara Fernandes\"},\"description\":\"Jornalista MTB 2358-ES\",\"sameAs\":[\"https:\/\/jornalfatosenoticias.com.br\"],\"url\":\"https:\/\/jornalfatosenoticias.com.br\/index.php\/author\/luzimara\/\"}]}<\/script>\n<!-- \/ Yoast SEO plugin. -->","yoast_head_json":{"title":"Nova pista pode justificar extin\u00e7\u00e3o do megalodonte - Jornal Fatos e Not\u00edcias","robots":{"index":"index","follow":"follow","max-snippet":"max-snippet:-1","max-image-preview":"max-image-preview:large","max-video-preview":"max-video-preview:-1"},"canonical":"https:\/\/jornalfatosenoticias.com.br\/index.php\/2023\/07\/04\/nova-pista-pode-justificar-extincao-do-megalodonte\/","og_locale":"pt_BR","og_type":"article","og_title":"Nova pista pode justificar extin\u00e7\u00e3o do megalodonte - Jornal Fatos e Not\u00edcias","og_description":"Cientistas descobriram que a esp\u00e9cie tinha sangue parcialmente quente, com temperatura corporal em torno de 7\u00baC Por Alisson Santos O megalodonte\u00a0sumiu\u00a0do registro f\u00f3ssil no final do Plioceno, \u00faltima \u00e9poca do antigo per\u00edodo terci\u00e1rio da era Cenozoica, e o motivo da\u00a0extin\u00e7\u00e3o da esp\u00e9cie ainda \u00e9 desconhecido. Por mais que muitos pesquisadores acreditem que a luta por [&hellip;]","og_url":"https:\/\/jornalfatosenoticias.com.br\/index.php\/2023\/07\/04\/nova-pista-pode-justificar-extincao-do-megalodonte\/","og_site_name":"Jornal Fatos e Not\u00edcias","article_published_time":"2023-07-04T12:41:06+00:00","article_modified_time":"2023-07-04T12:41:08+00:00","og_image":[{"width":1000,"height":562,"url":"https:\/\/jornalfatosenoticias.com.br\/wp-content\/uploads\/2023\/07\/megalodonte-aguas-frias-capa.jpg","type":"image\/jpeg"}],"author":"Luzimara Fernandes","twitter_card":"summary_large_image","twitter_misc":{"Escrito por":"Luzimara Fernandes","Est. tempo de leitura":"2 minutos"},"schema":{"@context":"https:\/\/schema.org","@graph":[{"@type":"Article","@id":"https:\/\/jornalfatosenoticias.com.br\/index.php\/2023\/07\/04\/nova-pista-pode-justificar-extincao-do-megalodonte\/#article","isPartOf":{"@id":"https:\/\/jornalfatosenoticias.com.br\/index.php\/2023\/07\/04\/nova-pista-pode-justificar-extincao-do-megalodonte\/"},"author":{"name":"Luzimara Fernandes","@id":"https:\/\/jornalfatosenoticias.com.br\/#\/schema\/person\/d63837fa13ac8666eb9e74e0985d6f81"},"headline":"Nova pista pode justificar extin\u00e7\u00e3o do megalodonte","datePublished":"2023-07-04T12:41:06+00:00","dateModified":"2023-07-04T12:41:08+00:00","mainEntityOfPage":{"@id":"https:\/\/jornalfatosenoticias.com.br\/index.php\/2023\/07\/04\/nova-pista-pode-justificar-extincao-do-megalodonte\/"},"wordCount":447,"commentCount":0,"publisher":{"@id":"https:\/\/jornalfatosenoticias.com.br\/#organization"},"image":{"@id":"https:\/\/jornalfatosenoticias.com.br\/index.php\/2023\/07\/04\/nova-pista-pode-justificar-extincao-do-megalodonte\/#primaryimage"},"thumbnailUrl":"https:\/\/jornalfatosenoticias.com.br\/wp-content\/uploads\/2023\/07\/megalodonte-aguas-frias-capa.jpg","keywords":["extin\u00e7\u00e3o","f\u00f3ssil","megalodon","Megalodonte","megatubar\u00e3o","pr\u00e9-hist\u00f3ria"],"articleSection":["Paleo &amp; Arqueologia"],"inLanguage":"pt-BR","potentialAction":[{"@type":"CommentAction","name":"Comment","target":["https:\/\/jornalfatosenoticias.com.br\/index.php\/2023\/07\/04\/nova-pista-pode-justificar-extincao-do-megalodonte\/#respond"]}]},{"@type":"WebPage","@id":"https:\/\/jornalfatosenoticias.com.br\/index.php\/2023\/07\/04\/nova-pista-pode-justificar-extincao-do-megalodonte\/","url":"https:\/\/jornalfatosenoticias.com.br\/index.php\/2023\/07\/04\/nova-pista-pode-justificar-extincao-do-megalodonte\/","name":"Nova pista pode justificar extin\u00e7\u00e3o do megalodonte - Jornal Fatos e Not\u00edcias","isPartOf":{"@id":"https:\/\/jornalfatosenoticias.com.br\/#website"},"primaryImageOfPage":{"@id":"https:\/\/jornalfatosenoticias.com.br\/index.php\/2023\/07\/04\/nova-pista-pode-justificar-extincao-do-megalodonte\/#primaryimage"},"image":{"@id":"https:\/\/jornalfatosenoticias.com.br\/index.php\/2023\/07\/04\/nova-pista-pode-justificar-extincao-do-megalodonte\/#primaryimage"},"thumbnailUrl":"https:\/\/jornalfatosenoticias.com.br\/wp-content\/uploads\/2023\/07\/megalodonte-aguas-frias-capa.jpg","datePublished":"2023-07-04T12:41:06+00:00","dateModified":"2023-07-04T12:41:08+00:00","breadcrumb":{"@id":"https:\/\/jornalfatosenoticias.com.br\/index.php\/2023\/07\/04\/nova-pista-pode-justificar-extincao-do-megalodonte\/#breadcrumb"},"inLanguage":"pt-BR","potentialAction":[{"@type":"ReadAction","target":["https:\/\/jornalfatosenoticias.com.br\/index.php\/2023\/07\/04\/nova-pista-pode-justificar-extincao-do-megalodonte\/"]}]},{"@type":"ImageObject","inLanguage":"pt-BR","@id":"https:\/\/jornalfatosenoticias.com.br\/index.php\/2023\/07\/04\/nova-pista-pode-justificar-extincao-do-megalodonte\/#primaryimage","url":"https:\/\/jornalfatosenoticias.com.br\/wp-content\/uploads\/2023\/07\/megalodonte-aguas-frias-capa.jpg","contentUrl":"https:\/\/jornalfatosenoticias.com.br\/wp-content\/uploads\/2023\/07\/megalodonte-aguas-frias-capa.jpg","width":1000,"height":562},{"@type":"BreadcrumbList","@id":"https:\/\/jornalfatosenoticias.com.br\/index.php\/2023\/07\/04\/nova-pista-pode-justificar-extincao-do-megalodonte\/#breadcrumb","itemListElement":[{"@type":"ListItem","position":1,"name":"In\u00edcio","item":"https:\/\/jornalfatosenoticias.com.br\/"},{"@type":"ListItem","position":2,"name":"Nova pista pode justificar extin\u00e7\u00e3o do megalodonte"}]},{"@type":"WebSite","@id":"https:\/\/jornalfatosenoticias.com.br\/#website","url":"https:\/\/jornalfatosenoticias.com.br\/","name":"Jornal Fatos e Not\u00edcias","description":"Not\u00edcias em geral","publisher":{"@id":"https:\/\/jornalfatosenoticias.com.br\/#organization"},"potentialAction":[{"@type":"SearchAction","target":{"@type":"EntryPoint","urlTemplate":"https:\/\/jornalfatosenoticias.com.br\/?s={search_term_string}"},"query-input":{"@type":"PropertyValueSpecification","valueRequired":true,"valueName":"search_term_string"}}],"inLanguage":"pt-BR"},{"@type":"Organization","@id":"https:\/\/jornalfatosenoticias.com.br\/#organization","name":"Jornal Fatos e Not\u00edcias","url":"https:\/\/jornalfatosenoticias.com.br\/","logo":{"@type":"ImageObject","inLanguage":"pt-BR","@id":"https:\/\/jornalfatosenoticias.com.br\/#\/schema\/logo\/image\/","url":"https:\/\/jornalfatosenoticias.com.br\/wp-content\/uploads\/2020\/02\/logo120.png","contentUrl":"https:\/\/jornalfatosenoticias.com.br\/wp-content\/uploads\/2020\/02\/logo120.png","width":1227,"height":120,"caption":"Jornal Fatos e Not\u00edcias"},"image":{"@id":"https:\/\/jornalfatosenoticias.com.br\/#\/schema\/logo\/image\/"}},{"@type":"Person","@id":"https:\/\/jornalfatosenoticias.com.br\/#\/schema\/person\/d63837fa13ac8666eb9e74e0985d6f81","name":"Luzimara Fernandes","image":{"@type":"ImageObject","inLanguage":"pt-BR","@id":"https:\/\/jornalfatosenoticias.com.br\/#\/schema\/person\/image\/","url":"https:\/\/jornalfatosenoticias.com.br\/wp-content\/uploads\/2025\/05\/EU_portal.jpg","contentUrl":"https:\/\/jornalfatosenoticias.com.br\/wp-content\/uploads\/2025\/05\/EU_portal.jpg","caption":"Luzimara Fernandes"},"description":"Jornalista MTB 2358-ES","sameAs":["https:\/\/jornalfatosenoticias.com.br"],"url":"https:\/\/jornalfatosenoticias.com.br\/index.php\/author\/luzimara\/"}]}},"cc_featured_image_caption":{"caption_text":"(Foto: Reprodu\u00e7\u00e3o\/iStock)","source_text":"","source_url":""},"jetpack_featured_media_url":"https:\/\/jornalfatosenoticias.com.br\/wp-content\/uploads\/2023\/07\/megalodonte-aguas-frias-capa.jpg","_links":{"self":[{"href":"https:\/\/jornalfatosenoticias.com.br\/index.php\/wp-json\/wp\/v2\/posts\/42991","targetHints":{"allow":["GET"]}}],"collection":[{"href":"https:\/\/jornalfatosenoticias.com.br\/index.php\/wp-json\/wp\/v2\/posts"}],"about":[{"href":"https:\/\/jornalfatosenoticias.com.br\/index.php\/wp-json\/wp\/v2\/types\/post"}],"author":[{"embeddable":true,"href":"https:\/\/jornalfatosenoticias.com.br\/index.php\/wp-json\/wp\/v2\/users\/2"}],"replies":[{"embeddable":true,"href":"https:\/\/jornalfatosenoticias.com.br\/index.php\/wp-json\/wp\/v2\/comments?post=42991"}],"version-history":[{"count":0,"href":"https:\/\/jornalfatosenoticias.com.br\/index.php\/wp-json\/wp\/v2\/posts\/42991\/revisions"}],"wp:featuredmedia":[{"embeddable":true,"href":"https:\/\/jornalfatosenoticias.com.br\/index.php\/wp-json\/wp\/v2\/media\/42992"}],"wp:attachment":[{"href":"https:\/\/jornalfatosenoticias.com.br\/index.php\/wp-json\/wp\/v2\/media?parent=42991"}],"wp:term":[{"taxonomy":"category","embeddable":true,"href":"https:\/\/jornalfatosenoticias.com.br\/index.php\/wp-json\/wp\/v2\/categories?post=42991"},{"taxonomy":"post_tag","embeddable":true,"href":"https:\/\/jornalfatosenoticias.com.br\/index.php\/wp-json\/wp\/v2\/tags?post=42991"}],"curies":[{"name":"wp","href":"https:\/\/api.w.org\/{rel}","templated":true}]}}