{"id":42997,"date":"2023-07-04T10:08:01","date_gmt":"2023-07-04T13:08:01","guid":{"rendered":"https:\/\/jornalfatosenoticias.com.br\/?p=42997"},"modified":"2023-07-04T10:08:02","modified_gmt":"2023-07-04T13:08:02","slug":"um-terco-da-populacao-do-cagado-rajado-esta-ameacada-por-hidreletricas-aponta-estudo","status":"publish","type":"post","link":"https:\/\/jornalfatosenoticias.com.br\/index.php\/2023\/07\/04\/um-terco-da-populacao-do-cagado-rajado-esta-ameacada-por-hidreletricas-aponta-estudo\/","title":{"rendered":"Um ter\u00e7o da popula\u00e7\u00e3o do c\u00e1gado-rajado est\u00e1 amea\u00e7ada por hidrel\u00e9tricas, aponta estudo"},"content":{"rendered":"\n<p><em><span class=\"has-inline-color has-black-color\">Por <strong><a href=\"https:\/\/gizmodo.uol.com.br\/author\/agencia-bori\/\">Ag\u00eancia Bori<\/a><\/strong><\/span><\/em><\/p>\n\n\n\n<div class=\"wp-block-image\"><figure class=\"aligncenter size-large\"><img loading=\"lazy\" decoding=\"async\" width=\"1024\" height=\"100\" src=\"https:\/\/jornalfatosenoticias.com.br\/wp-content\/uploads\/2020\/02\/banner_ferramentas-1024x100.jpg\" alt=\"\" class=\"wp-image-1258\" srcset=\"https:\/\/jornalfatosenoticias.com.br\/wp-content\/uploads\/2020\/02\/banner_ferramentas-1024x100.jpg 1024w, https:\/\/jornalfatosenoticias.com.br\/wp-content\/uploads\/2020\/02\/banner_ferramentas-300x29.jpg 300w, https:\/\/jornalfatosenoticias.com.br\/wp-content\/uploads\/2020\/02\/banner_ferramentas-768x75.jpg 768w, https:\/\/jornalfatosenoticias.com.br\/wp-content\/uploads\/2020\/02\/banner_ferramentas.jpg 1227w\" sizes=\"auto, (max-width: 1024px) 100vw, 1024px\" \/><\/figure><\/div>\n\n\n\n<p>Estudo publicado na revista <em>Journal of Applied Ecology<\/em> revela que a expans\u00e3o das instala\u00e7\u00f5es de barragens nos estados do sul do Brasil aumenta o risco de extin\u00e7\u00e3o do c\u00e1gado-rajado, esp\u00e9cie de c\u00e1gado de \u00e1gua doce end\u00eamica da Mata Atl\u00e2ntica e dos Pampas, na Am\u00e9rica do Sul. No pior cen\u00e1rio previsto, o c\u00e1gado-rajado perder\u00e1 quase 35% em distribui\u00e7\u00e3o geogr\u00e1fica, apontam pesquisadores das universidades federais dos estados de Goi\u00e1s, Santa Catarina, Rio Grande do Sul, Mato Grosso e do Mato Grosso do Sul, da Unesp Rio Claro e de organiza\u00e7\u00f5es do terceiro setor.<\/p>\n\n\n\n<div class=\"wp-block-image\"><figure class=\"aligncenter size-large is-resized\"><img loading=\"lazy\" decoding=\"async\" src=\"https:\/\/jornalfatosenoticias.com.br\/wp-content\/uploads\/2022\/02\/Precisao-Contabilidade-1024x724.jpg\" alt=\"\" class=\"wp-image-28088\" width=\"261\" height=\"185\"\/><\/figure><\/div>\n\n\n\n<p>Os autores criaram modelos de nicho ecol\u00f3gico que correlacionam os registros de ocorr\u00eancia da esp\u00e9cie <em>Phrynops williams <\/em>com as vari\u00e1veis ambientais que descrevem clima, topografia, solo e uso do solo a fim de mapear as prov\u00e1veis \u00e1reas de bacia hidrogr\u00e1fica habitadas pelo r\u00e9ptil.<\/p>\n\n\n\n<div class=\"wp-block-image\"><figure class=\"aligncenter size-large\"><img loading=\"lazy\" decoding=\"async\" width=\"300\" height=\"137\" src=\"https:\/\/jornalfatosenoticias.com.br\/wp-content\/uploads\/2023\/06\/LOGO_JULIANA-GRACA_PORTAL.jpg\" alt=\"\" class=\"wp-image-42597\"\/><\/figure><\/div>\n\n\n\n<p>Depois, esses modelos foram sobrepostos aos dados de projetos hidrel\u00e9tricos da Ag\u00eancia Nacional de Energia El\u00e9trica (Aneel). Para avaliar o impacto das barragens localizadas em regi\u00f5es com presen\u00e7a do c\u00e1gado-rajado, os pesquisadores levaram em considera\u00e7\u00e3o dois crit\u00e9rios: a perda de \u00e1rea de prov\u00e1vel habitat da esp\u00e9cie e a quebra de conectividade entre as popula\u00e7\u00f5es de c\u00e1gado-rajado que se distribuem ao longo dos rios.<\/p>\n\n\n\n<div class=\"wp-block-image\"><figure class=\"aligncenter size-large is-resized\"><img loading=\"lazy\" decoding=\"async\" src=\"https:\/\/jornalfatosenoticias.com.br\/wp-content\/uploads\/2022\/10\/RC_800x750_page-0001.jpg\" alt=\"\" class=\"wp-image-35338\" width=\"237\" height=\"222\" srcset=\"https:\/\/jornalfatosenoticias.com.br\/wp-content\/uploads\/2022\/10\/RC_800x750_page-0001.jpg 400w, https:\/\/jornalfatosenoticias.com.br\/wp-content\/uploads\/2022\/10\/RC_800x750_page-0001-300x281.jpg 300w\" sizes=\"auto, (max-width: 237px) 100vw, 237px\" \/><\/figure><\/div>\n\n\n\n<p>O trabalho revela o padr\u00e3o geral dos impactos cumulativos dos empreendimentos sobre a distribui\u00e7\u00e3o da esp\u00e9cie. Segundo os autores, os resultados t\u00eam alto potencial de aplica\u00e7\u00e3o para subsidiar tomadas de decis\u00e3o relacionadas \u00e0 expans\u00e3o da matriz hidrel\u00e9trica. <\/p>\n\n\n\n<blockquote class=\"wp-block-quote is-layout-flow wp-block-quote-is-layout-flow\"><p><span class=\"has-inline-color has-luminous-vivid-orange-color\">Acredito que a publica\u00e7\u00e3o deste estudo \u00e9 uma importante contribui\u00e7\u00e3o para a conserva\u00e7\u00e3o do c\u00e1gado-rajado\u201d, explica Andr\u00e9 Regolin, biol\u00f3go e um dos autores do trabalho.<\/span><\/p><\/blockquote>\n\n\n\n<div class=\"wp-block-image\"><figure class=\"aligncenter size-large is-resized\"><img loading=\"lazy\" decoding=\"async\" src=\"https:\/\/jornalfatosenoticias.com.br\/wp-content\/uploads\/2023\/03\/nova-logo-Marquetti.jpg\" alt=\"\" class=\"wp-image-40207\" width=\"274\" height=\"184\" srcset=\"https:\/\/jornalfatosenoticias.com.br\/wp-content\/uploads\/2023\/03\/nova-logo-Marquetti.jpg 643w, https:\/\/jornalfatosenoticias.com.br\/wp-content\/uploads\/2023\/03\/nova-logo-Marquetti-300x202.jpg 300w\" sizes=\"auto, (max-width: 274px) 100vw, 274px\" \/><\/figure><\/div>\n\n\n\n<p>De acordo com o estudo, as grandes usinas hidrele\u0301tricas t\u00eam os maiores impactos no cen\u00e1rio atual. No entanto, h\u00e1 ainda um alto n\u00famero de pequenas centrais hidrel\u00e9tricas planejadas que, se constru\u00eddas, aumentar\u00e3o mais de 50% da \u00e1rea impactada por este tipo de empreendimento, porque s\u00e3o projetadas para regi\u00f5es consideradas pelos pesquisadores como sendo de alta e moderada prioridade de conserva\u00e7\u00e3o.<\/p>\n\n\n\n<div class=\"wp-block-image\"><figure class=\"aligncenter size-large is-resized\"><img loading=\"lazy\" decoding=\"async\" src=\"https:\/\/jornalfatosenoticias.com.br\/wp-content\/uploads\/2020\/02\/casa-do-torresmo_portal.jpg\" alt=\"\" class=\"wp-image-34472\" width=\"241\" height=\"241\" srcset=\"https:\/\/jornalfatosenoticias.com.br\/wp-content\/uploads\/2020\/02\/casa-do-torresmo_portal.jpg 300w, https:\/\/jornalfatosenoticias.com.br\/wp-content\/uploads\/2020\/02\/casa-do-torresmo_portal-150x150.jpg 150w\" sizes=\"auto, (max-width: 241px) 100vw, 241px\" \/><\/figure><\/div>\n\n\n\n<p>Frente \u00e0 amea\u00e7a, o estudo sugere que o status de conserva\u00e7\u00e3o da esp\u00e9cie seja alterado para \u201cVulner\u00e1vel\u201d no Brasil. Nos pa\u00edses vizinhos, como Argentina, Paraguai e Uruguai, o estudo revela que o risco de extin\u00e7\u00e3o \u00e9 ainda maior, onde a esp\u00e9cie est\u00e1 classificada como \u201cEm Perigo\u201d.<br>As usinas hidrel\u00e9tricas s\u00e3o a principal fonte de energia el\u00e9trica no Pa\u00eds e poder prever como afetam determinada esp\u00e9cie possibilita pensar tamb\u00e9m sobre alternativas de instala\u00e7\u00e3o de menor impacto, o que pode subsidiar a tomada de decis\u00e3o do poder p\u00fablico. <\/p>\n\n\n\n<div class=\"wp-block-image\"><figure class=\"aligncenter size-large\"><img loading=\"lazy\" decoding=\"async\" width=\"300\" height=\"250\" src=\"https:\/\/jornalfatosenoticias.com.br\/wp-content\/uploads\/2022\/02\/Banner-2.png\" alt=\"\" class=\"wp-image-27877\"\/><\/figure><\/div>\n\n\n\n<blockquote class=\"wp-block-quote is-layout-flow wp-block-quote-is-layout-flow\"><p><span class=\"has-inline-color has-luminous-vivid-orange-color\">A an\u00e1lise de conectividade d\u00e1 para direcionar onde \u00e9 mais impactante. \u00c9 uma vis\u00e3o mais global do que se tem projetado para toda a \u00e1rea de vida da esp\u00e9cie, um dado muito mais refinado. Foge de an\u00e1lises pontuais, que \u00e9 o que a gente tem at\u00e9 o momento\u201d, afirma Tobias Kunz, bi\u00f3logo e tamb\u00e9m autor do estudo.<\/span><\/p><\/blockquote>\n\n\n\n<div class=\"wp-block-image\"><figure class=\"aligncenter size-large is-resized\"><img loading=\"lazy\" decoding=\"async\" src=\"https:\/\/jornalfatosenoticias.com.br\/wp-content\/uploads\/2023\/03\/logo-Panper_portal.jpg\" alt=\"\" class=\"wp-image-40208\" width=\"241\" height=\"167\" srcset=\"https:\/\/jornalfatosenoticias.com.br\/wp-content\/uploads\/2023\/03\/logo-Panper_portal.jpg 400w, https:\/\/jornalfatosenoticias.com.br\/wp-content\/uploads\/2023\/03\/logo-Panper_portal-300x208.jpg 300w\" sizes=\"auto, (max-width: 241px) 100vw, 241px\" \/><\/figure><\/div>\n\n\n\n<p>A metodologia utilizada pelos pesquisadores, afirmam, pode ser replicada para estudos com outros animais. \u201cSeria pertinente no futuro elaborarmos um \u00edndice de viabilidade ambiental desses empreendimentos, nos quais n\u00e3o se considera s\u00f3 uma esp\u00e9cie, mas v\u00e1rias\u201d, acredita Regolin.<\/p>\n\n\n\n<div class=\"wp-block-image\"><figure class=\"aligncenter size-large is-resized\"><img loading=\"lazy\" decoding=\"async\" src=\"https:\/\/jornalfatosenoticias.com.br\/wp-content\/uploads\/2020\/02\/logo-Rapuzel-1024x571.jpg\" alt=\"\" class=\"wp-image-42808\" width=\"303\" height=\"169\" srcset=\"https:\/\/jornalfatosenoticias.com.br\/wp-content\/uploads\/2020\/02\/logo-Rapuzel-1024x571.jpg 1024w, https:\/\/jornalfatosenoticias.com.br\/wp-content\/uploads\/2020\/02\/logo-Rapuzel-300x167.jpg 300w, https:\/\/jornalfatosenoticias.com.br\/wp-content\/uploads\/2020\/02\/logo-Rapuzel-768x428.jpg 768w, https:\/\/jornalfatosenoticias.com.br\/wp-content\/uploads\/2020\/02\/logo-Rapuzel-1536x856.jpg 1536w, https:\/\/jornalfatosenoticias.com.br\/wp-content\/uploads\/2020\/02\/logo-Rapuzel.jpg 1600w\" sizes=\"auto, (max-width: 303px) 100vw, 303px\" \/><\/figure><\/div>\n\n\n\n<p>Como pr\u00f3ximos passos, os autores sugerem a possibilidade de estudar o design das barragens para identifica\u00e7\u00e3o das que oferecem maior impacto. Al\u00e9m disso, apontam a necessidade de desenvolvimento de novos m\u00e9todos para amostragem da esp\u00e9cie, processo necess\u00e1rio para o licenciamento de cada barragem e que n\u00e3o \u00e9 vi\u00e1vel em sua metodologia tradicional, al\u00e9m da colabora\u00e7\u00e3o conjunta com \u00f3rg\u00e3os ambientais.<\/p>\n\n\n\n<p><strong><em>Fonte: <a href=\"https:\/\/gizmodo.uol.com.br\/um-terco-da-populacao-do-cagado-rajado-esta-ameacada-por-hidreletricas-aponta-estudo\/\">GizModo<\/a><\/em><\/strong><\/p>\n","protected":false},"excerpt":{"rendered":"<p>Por Ag\u00eancia Bori Estudo publicado na revista Journal of Applied Ecology revela que a expans\u00e3o das instala\u00e7\u00f5es de barragens nos estados do sul do Brasil aumenta o risco de extin\u00e7\u00e3o do c\u00e1gado-rajado, esp\u00e9cie de c\u00e1gado de \u00e1gua doce end\u00eamica da Mata Atl\u00e2ntica e dos Pampas, na Am\u00e9rica do Sul. No pior cen\u00e1rio previsto, o c\u00e1gado-rajado [&hellip;]<\/p>\n","protected":false},"author":2,"featured_media":42998,"comment_status":"open","ping_status":"open","sticky":false,"template":"","format":"standard","meta":{"footnotes":""},"categories":[8],"tags":[11969,20226,3512,714,20227,316],"class_list":["post-42997","post","type-post","status-publish","format-standard","has-post-thumbnail","hentry","category-meio-ambiente","tag-cagado","tag-cagado-rajado","tag-especies-ameacadas","tag-estudo","tag-hidreletricas","tag-preservacao"],"yoast_head":"<!-- This site is optimized with the Yoast SEO plugin v26.5 - https:\/\/yoast.com\/wordpress\/plugins\/seo\/ -->\n<title>Um ter\u00e7o da popula\u00e7\u00e3o do c\u00e1gado-rajado est\u00e1 amea\u00e7ada por hidrel\u00e9tricas, aponta estudo - Jornal Fatos e Not\u00edcias<\/title>\n<meta name=\"robots\" content=\"index, follow, max-snippet:-1, max-image-preview:large, max-video-preview:-1\" \/>\n<link rel=\"canonical\" href=\"https:\/\/jornalfatosenoticias.com.br\/index.php\/2023\/07\/04\/um-terco-da-populacao-do-cagado-rajado-esta-ameacada-por-hidreletricas-aponta-estudo\/\" \/>\n<meta property=\"og:locale\" content=\"pt_BR\" \/>\n<meta property=\"og:type\" content=\"article\" \/>\n<meta property=\"og:title\" content=\"Um ter\u00e7o da popula\u00e7\u00e3o do c\u00e1gado-rajado est\u00e1 amea\u00e7ada por hidrel\u00e9tricas, aponta estudo - Jornal Fatos e Not\u00edcias\" \/>\n<meta property=\"og:description\" content=\"Por Ag\u00eancia Bori Estudo publicado na revista Journal of Applied Ecology revela que a expans\u00e3o das instala\u00e7\u00f5es de barragens nos estados do sul do Brasil aumenta o risco de extin\u00e7\u00e3o do c\u00e1gado-rajado, esp\u00e9cie de c\u00e1gado de \u00e1gua doce end\u00eamica da Mata Atl\u00e2ntica e dos Pampas, na Am\u00e9rica do Sul. No pior cen\u00e1rio previsto, o c\u00e1gado-rajado [&hellip;]\" \/>\n<meta property=\"og:url\" content=\"https:\/\/jornalfatosenoticias.com.br\/index.php\/2023\/07\/04\/um-terco-da-populacao-do-cagado-rajado-esta-ameacada-por-hidreletricas-aponta-estudo\/\" \/>\n<meta property=\"og:site_name\" content=\"Jornal Fatos e Not\u00edcias\" \/>\n<meta property=\"article:published_time\" content=\"2023-07-04T13:08:01+00:00\" \/>\n<meta property=\"article:modified_time\" content=\"2023-07-04T13:08:02+00:00\" \/>\n<meta property=\"og:image\" content=\"https:\/\/jornalfatosenoticias.com.br\/wp-content\/uploads\/2023\/07\/cagado-rajado.jpg\" \/>\n\t<meta property=\"og:image:width\" content=\"1000\" \/>\n\t<meta property=\"og:image:height\" content=\"600\" \/>\n\t<meta property=\"og:image:type\" content=\"image\/jpeg\" \/>\n<meta name=\"author\" content=\"Luzimara Fernandes\" \/>\n<meta name=\"twitter:card\" content=\"summary_large_image\" \/>\n<meta name=\"twitter:label1\" content=\"Escrito por\" \/>\n\t<meta name=\"twitter:data1\" content=\"Luzimara Fernandes\" \/>\n\t<meta name=\"twitter:label2\" content=\"Est. tempo de leitura\" \/>\n\t<meta name=\"twitter:data2\" content=\"3 minutos\" \/>\n<script type=\"application\/ld+json\" class=\"yoast-schema-graph\">{\"@context\":\"https:\/\/schema.org\",\"@graph\":[{\"@type\":\"Article\",\"@id\":\"https:\/\/jornalfatosenoticias.com.br\/index.php\/2023\/07\/04\/um-terco-da-populacao-do-cagado-rajado-esta-ameacada-por-hidreletricas-aponta-estudo\/#article\",\"isPartOf\":{\"@id\":\"https:\/\/jornalfatosenoticias.com.br\/index.php\/2023\/07\/04\/um-terco-da-populacao-do-cagado-rajado-esta-ameacada-por-hidreletricas-aponta-estudo\/\"},\"author\":{\"name\":\"Luzimara Fernandes\",\"@id\":\"https:\/\/jornalfatosenoticias.com.br\/#\/schema\/person\/d63837fa13ac8666eb9e74e0985d6f81\"},\"headline\":\"Um ter\u00e7o da popula\u00e7\u00e3o do c\u00e1gado-rajado est\u00e1 amea\u00e7ada por hidrel\u00e9tricas, aponta estudo\",\"datePublished\":\"2023-07-04T13:08:01+00:00\",\"dateModified\":\"2023-07-04T13:08:02+00:00\",\"mainEntityOfPage\":{\"@id\":\"https:\/\/jornalfatosenoticias.com.br\/index.php\/2023\/07\/04\/um-terco-da-populacao-do-cagado-rajado-esta-ameacada-por-hidreletricas-aponta-estudo\/\"},\"wordCount\":665,\"commentCount\":0,\"publisher\":{\"@id\":\"https:\/\/jornalfatosenoticias.com.br\/#organization\"},\"image\":{\"@id\":\"https:\/\/jornalfatosenoticias.com.br\/index.php\/2023\/07\/04\/um-terco-da-populacao-do-cagado-rajado-esta-ameacada-por-hidreletricas-aponta-estudo\/#primaryimage\"},\"thumbnailUrl\":\"https:\/\/jornalfatosenoticias.com.br\/wp-content\/uploads\/2023\/07\/cagado-rajado.jpg\",\"keywords\":[\"c\u00e1gado\",\"c\u00e1gado-rajado\",\"esp\u00e9cies amea\u00e7adas\",\"Estudo\",\"hidrel\u00e9tricas\",\"preserva\u00e7\u00e3o\"],\"articleSection\":[\"Meio ambiente\"],\"inLanguage\":\"pt-BR\",\"potentialAction\":[{\"@type\":\"CommentAction\",\"name\":\"Comment\",\"target\":[\"https:\/\/jornalfatosenoticias.com.br\/index.php\/2023\/07\/04\/um-terco-da-populacao-do-cagado-rajado-esta-ameacada-por-hidreletricas-aponta-estudo\/#respond\"]}]},{\"@type\":\"WebPage\",\"@id\":\"https:\/\/jornalfatosenoticias.com.br\/index.php\/2023\/07\/04\/um-terco-da-populacao-do-cagado-rajado-esta-ameacada-por-hidreletricas-aponta-estudo\/\",\"url\":\"https:\/\/jornalfatosenoticias.com.br\/index.php\/2023\/07\/04\/um-terco-da-populacao-do-cagado-rajado-esta-ameacada-por-hidreletricas-aponta-estudo\/\",\"name\":\"Um ter\u00e7o da popula\u00e7\u00e3o do c\u00e1gado-rajado est\u00e1 amea\u00e7ada por hidrel\u00e9tricas, aponta estudo - Jornal Fatos e Not\u00edcias\",\"isPartOf\":{\"@id\":\"https:\/\/jornalfatosenoticias.com.br\/#website\"},\"primaryImageOfPage\":{\"@id\":\"https:\/\/jornalfatosenoticias.com.br\/index.php\/2023\/07\/04\/um-terco-da-populacao-do-cagado-rajado-esta-ameacada-por-hidreletricas-aponta-estudo\/#primaryimage\"},\"image\":{\"@id\":\"https:\/\/jornalfatosenoticias.com.br\/index.php\/2023\/07\/04\/um-terco-da-populacao-do-cagado-rajado-esta-ameacada-por-hidreletricas-aponta-estudo\/#primaryimage\"},\"thumbnailUrl\":\"https:\/\/jornalfatosenoticias.com.br\/wp-content\/uploads\/2023\/07\/cagado-rajado.jpg\",\"datePublished\":\"2023-07-04T13:08:01+00:00\",\"dateModified\":\"2023-07-04T13:08:02+00:00\",\"breadcrumb\":{\"@id\":\"https:\/\/jornalfatosenoticias.com.br\/index.php\/2023\/07\/04\/um-terco-da-populacao-do-cagado-rajado-esta-ameacada-por-hidreletricas-aponta-estudo\/#breadcrumb\"},\"inLanguage\":\"pt-BR\",\"potentialAction\":[{\"@type\":\"ReadAction\",\"target\":[\"https:\/\/jornalfatosenoticias.com.br\/index.php\/2023\/07\/04\/um-terco-da-populacao-do-cagado-rajado-esta-ameacada-por-hidreletricas-aponta-estudo\/\"]}]},{\"@type\":\"ImageObject\",\"inLanguage\":\"pt-BR\",\"@id\":\"https:\/\/jornalfatosenoticias.com.br\/index.php\/2023\/07\/04\/um-terco-da-populacao-do-cagado-rajado-esta-ameacada-por-hidreletricas-aponta-estudo\/#primaryimage\",\"url\":\"https:\/\/jornalfatosenoticias.com.br\/wp-content\/uploads\/2023\/07\/cagado-rajado.jpg\",\"contentUrl\":\"https:\/\/jornalfatosenoticias.com.br\/wp-content\/uploads\/2023\/07\/cagado-rajado.jpg\",\"width\":1000,\"height\":600},{\"@type\":\"BreadcrumbList\",\"@id\":\"https:\/\/jornalfatosenoticias.com.br\/index.php\/2023\/07\/04\/um-terco-da-populacao-do-cagado-rajado-esta-ameacada-por-hidreletricas-aponta-estudo\/#breadcrumb\",\"itemListElement\":[{\"@type\":\"ListItem\",\"position\":1,\"name\":\"In\u00edcio\",\"item\":\"https:\/\/jornalfatosenoticias.com.br\/\"},{\"@type\":\"ListItem\",\"position\":2,\"name\":\"Um ter\u00e7o da popula\u00e7\u00e3o do c\u00e1gado-rajado est\u00e1 amea\u00e7ada por hidrel\u00e9tricas, aponta estudo\"}]},{\"@type\":\"WebSite\",\"@id\":\"https:\/\/jornalfatosenoticias.com.br\/#website\",\"url\":\"https:\/\/jornalfatosenoticias.com.br\/\",\"name\":\"Jornal Fatos e Not\u00edcias\",\"description\":\"Not\u00edcias em geral\",\"publisher\":{\"@id\":\"https:\/\/jornalfatosenoticias.com.br\/#organization\"},\"potentialAction\":[{\"@type\":\"SearchAction\",\"target\":{\"@type\":\"EntryPoint\",\"urlTemplate\":\"https:\/\/jornalfatosenoticias.com.br\/?s={search_term_string}\"},\"query-input\":{\"@type\":\"PropertyValueSpecification\",\"valueRequired\":true,\"valueName\":\"search_term_string\"}}],\"inLanguage\":\"pt-BR\"},{\"@type\":\"Organization\",\"@id\":\"https:\/\/jornalfatosenoticias.com.br\/#organization\",\"name\":\"Jornal Fatos e Not\u00edcias\",\"url\":\"https:\/\/jornalfatosenoticias.com.br\/\",\"logo\":{\"@type\":\"ImageObject\",\"inLanguage\":\"pt-BR\",\"@id\":\"https:\/\/jornalfatosenoticias.com.br\/#\/schema\/logo\/image\/\",\"url\":\"https:\/\/jornalfatosenoticias.com.br\/wp-content\/uploads\/2020\/02\/logo120.png\",\"contentUrl\":\"https:\/\/jornalfatosenoticias.com.br\/wp-content\/uploads\/2020\/02\/logo120.png\",\"width\":1227,\"height\":120,\"caption\":\"Jornal Fatos e Not\u00edcias\"},\"image\":{\"@id\":\"https:\/\/jornalfatosenoticias.com.br\/#\/schema\/logo\/image\/\"}},{\"@type\":\"Person\",\"@id\":\"https:\/\/jornalfatosenoticias.com.br\/#\/schema\/person\/d63837fa13ac8666eb9e74e0985d6f81\",\"name\":\"Luzimara Fernandes\",\"image\":{\"@type\":\"ImageObject\",\"inLanguage\":\"pt-BR\",\"@id\":\"https:\/\/jornalfatosenoticias.com.br\/#\/schema\/person\/image\/\",\"url\":\"https:\/\/jornalfatosenoticias.com.br\/wp-content\/uploads\/2025\/05\/EU_portal.jpg\",\"contentUrl\":\"https:\/\/jornalfatosenoticias.com.br\/wp-content\/uploads\/2025\/05\/EU_portal.jpg\",\"caption\":\"Luzimara Fernandes\"},\"description\":\"Jornalista MTB 2358-ES\",\"sameAs\":[\"https:\/\/jornalfatosenoticias.com.br\"],\"url\":\"https:\/\/jornalfatosenoticias.com.br\/index.php\/author\/luzimara\/\"}]}<\/script>\n<!-- \/ Yoast SEO plugin. -->","yoast_head_json":{"title":"Um ter\u00e7o da popula\u00e7\u00e3o do c\u00e1gado-rajado est\u00e1 amea\u00e7ada por hidrel\u00e9tricas, aponta estudo - Jornal Fatos e Not\u00edcias","robots":{"index":"index","follow":"follow","max-snippet":"max-snippet:-1","max-image-preview":"max-image-preview:large","max-video-preview":"max-video-preview:-1"},"canonical":"https:\/\/jornalfatosenoticias.com.br\/index.php\/2023\/07\/04\/um-terco-da-populacao-do-cagado-rajado-esta-ameacada-por-hidreletricas-aponta-estudo\/","og_locale":"pt_BR","og_type":"article","og_title":"Um ter\u00e7o da popula\u00e7\u00e3o do c\u00e1gado-rajado est\u00e1 amea\u00e7ada por hidrel\u00e9tricas, aponta estudo - Jornal Fatos e Not\u00edcias","og_description":"Por Ag\u00eancia Bori Estudo publicado na revista Journal of Applied Ecology revela que a expans\u00e3o das instala\u00e7\u00f5es de barragens nos estados do sul do Brasil aumenta o risco de extin\u00e7\u00e3o do c\u00e1gado-rajado, esp\u00e9cie de c\u00e1gado de \u00e1gua doce end\u00eamica da Mata Atl\u00e2ntica e dos Pampas, na Am\u00e9rica do Sul. No pior cen\u00e1rio previsto, o c\u00e1gado-rajado [&hellip;]","og_url":"https:\/\/jornalfatosenoticias.com.br\/index.php\/2023\/07\/04\/um-terco-da-populacao-do-cagado-rajado-esta-ameacada-por-hidreletricas-aponta-estudo\/","og_site_name":"Jornal Fatos e Not\u00edcias","article_published_time":"2023-07-04T13:08:01+00:00","article_modified_time":"2023-07-04T13:08:02+00:00","og_image":[{"width":1000,"height":600,"url":"https:\/\/jornalfatosenoticias.com.br\/wp-content\/uploads\/2023\/07\/cagado-rajado.jpg","type":"image\/jpeg"}],"author":"Luzimara Fernandes","twitter_card":"summary_large_image","twitter_misc":{"Escrito por":"Luzimara Fernandes","Est. tempo de leitura":"3 minutos"},"schema":{"@context":"https:\/\/schema.org","@graph":[{"@type":"Article","@id":"https:\/\/jornalfatosenoticias.com.br\/index.php\/2023\/07\/04\/um-terco-da-populacao-do-cagado-rajado-esta-ameacada-por-hidreletricas-aponta-estudo\/#article","isPartOf":{"@id":"https:\/\/jornalfatosenoticias.com.br\/index.php\/2023\/07\/04\/um-terco-da-populacao-do-cagado-rajado-esta-ameacada-por-hidreletricas-aponta-estudo\/"},"author":{"name":"Luzimara Fernandes","@id":"https:\/\/jornalfatosenoticias.com.br\/#\/schema\/person\/d63837fa13ac8666eb9e74e0985d6f81"},"headline":"Um ter\u00e7o da popula\u00e7\u00e3o do c\u00e1gado-rajado est\u00e1 amea\u00e7ada por hidrel\u00e9tricas, aponta estudo","datePublished":"2023-07-04T13:08:01+00:00","dateModified":"2023-07-04T13:08:02+00:00","mainEntityOfPage":{"@id":"https:\/\/jornalfatosenoticias.com.br\/index.php\/2023\/07\/04\/um-terco-da-populacao-do-cagado-rajado-esta-ameacada-por-hidreletricas-aponta-estudo\/"},"wordCount":665,"commentCount":0,"publisher":{"@id":"https:\/\/jornalfatosenoticias.com.br\/#organization"},"image":{"@id":"https:\/\/jornalfatosenoticias.com.br\/index.php\/2023\/07\/04\/um-terco-da-populacao-do-cagado-rajado-esta-ameacada-por-hidreletricas-aponta-estudo\/#primaryimage"},"thumbnailUrl":"https:\/\/jornalfatosenoticias.com.br\/wp-content\/uploads\/2023\/07\/cagado-rajado.jpg","keywords":["c\u00e1gado","c\u00e1gado-rajado","esp\u00e9cies amea\u00e7adas","Estudo","hidrel\u00e9tricas","preserva\u00e7\u00e3o"],"articleSection":["Meio ambiente"],"inLanguage":"pt-BR","potentialAction":[{"@type":"CommentAction","name":"Comment","target":["https:\/\/jornalfatosenoticias.com.br\/index.php\/2023\/07\/04\/um-terco-da-populacao-do-cagado-rajado-esta-ameacada-por-hidreletricas-aponta-estudo\/#respond"]}]},{"@type":"WebPage","@id":"https:\/\/jornalfatosenoticias.com.br\/index.php\/2023\/07\/04\/um-terco-da-populacao-do-cagado-rajado-esta-ameacada-por-hidreletricas-aponta-estudo\/","url":"https:\/\/jornalfatosenoticias.com.br\/index.php\/2023\/07\/04\/um-terco-da-populacao-do-cagado-rajado-esta-ameacada-por-hidreletricas-aponta-estudo\/","name":"Um ter\u00e7o da popula\u00e7\u00e3o do c\u00e1gado-rajado est\u00e1 amea\u00e7ada por hidrel\u00e9tricas, aponta estudo - Jornal Fatos e Not\u00edcias","isPartOf":{"@id":"https:\/\/jornalfatosenoticias.com.br\/#website"},"primaryImageOfPage":{"@id":"https:\/\/jornalfatosenoticias.com.br\/index.php\/2023\/07\/04\/um-terco-da-populacao-do-cagado-rajado-esta-ameacada-por-hidreletricas-aponta-estudo\/#primaryimage"},"image":{"@id":"https:\/\/jornalfatosenoticias.com.br\/index.php\/2023\/07\/04\/um-terco-da-populacao-do-cagado-rajado-esta-ameacada-por-hidreletricas-aponta-estudo\/#primaryimage"},"thumbnailUrl":"https:\/\/jornalfatosenoticias.com.br\/wp-content\/uploads\/2023\/07\/cagado-rajado.jpg","datePublished":"2023-07-04T13:08:01+00:00","dateModified":"2023-07-04T13:08:02+00:00","breadcrumb":{"@id":"https:\/\/jornalfatosenoticias.com.br\/index.php\/2023\/07\/04\/um-terco-da-populacao-do-cagado-rajado-esta-ameacada-por-hidreletricas-aponta-estudo\/#breadcrumb"},"inLanguage":"pt-BR","potentialAction":[{"@type":"ReadAction","target":["https:\/\/jornalfatosenoticias.com.br\/index.php\/2023\/07\/04\/um-terco-da-populacao-do-cagado-rajado-esta-ameacada-por-hidreletricas-aponta-estudo\/"]}]},{"@type":"ImageObject","inLanguage":"pt-BR","@id":"https:\/\/jornalfatosenoticias.com.br\/index.php\/2023\/07\/04\/um-terco-da-populacao-do-cagado-rajado-esta-ameacada-por-hidreletricas-aponta-estudo\/#primaryimage","url":"https:\/\/jornalfatosenoticias.com.br\/wp-content\/uploads\/2023\/07\/cagado-rajado.jpg","contentUrl":"https:\/\/jornalfatosenoticias.com.br\/wp-content\/uploads\/2023\/07\/cagado-rajado.jpg","width":1000,"height":600},{"@type":"BreadcrumbList","@id":"https:\/\/jornalfatosenoticias.com.br\/index.php\/2023\/07\/04\/um-terco-da-populacao-do-cagado-rajado-esta-ameacada-por-hidreletricas-aponta-estudo\/#breadcrumb","itemListElement":[{"@type":"ListItem","position":1,"name":"In\u00edcio","item":"https:\/\/jornalfatosenoticias.com.br\/"},{"@type":"ListItem","position":2,"name":"Um ter\u00e7o da popula\u00e7\u00e3o do c\u00e1gado-rajado est\u00e1 amea\u00e7ada por hidrel\u00e9tricas, aponta estudo"}]},{"@type":"WebSite","@id":"https:\/\/jornalfatosenoticias.com.br\/#website","url":"https:\/\/jornalfatosenoticias.com.br\/","name":"Jornal Fatos e Not\u00edcias","description":"Not\u00edcias em geral","publisher":{"@id":"https:\/\/jornalfatosenoticias.com.br\/#organization"},"potentialAction":[{"@type":"SearchAction","target":{"@type":"EntryPoint","urlTemplate":"https:\/\/jornalfatosenoticias.com.br\/?s={search_term_string}"},"query-input":{"@type":"PropertyValueSpecification","valueRequired":true,"valueName":"search_term_string"}}],"inLanguage":"pt-BR"},{"@type":"Organization","@id":"https:\/\/jornalfatosenoticias.com.br\/#organization","name":"Jornal Fatos e Not\u00edcias","url":"https:\/\/jornalfatosenoticias.com.br\/","logo":{"@type":"ImageObject","inLanguage":"pt-BR","@id":"https:\/\/jornalfatosenoticias.com.br\/#\/schema\/logo\/image\/","url":"https:\/\/jornalfatosenoticias.com.br\/wp-content\/uploads\/2020\/02\/logo120.png","contentUrl":"https:\/\/jornalfatosenoticias.com.br\/wp-content\/uploads\/2020\/02\/logo120.png","width":1227,"height":120,"caption":"Jornal Fatos e Not\u00edcias"},"image":{"@id":"https:\/\/jornalfatosenoticias.com.br\/#\/schema\/logo\/image\/"}},{"@type":"Person","@id":"https:\/\/jornalfatosenoticias.com.br\/#\/schema\/person\/d63837fa13ac8666eb9e74e0985d6f81","name":"Luzimara Fernandes","image":{"@type":"ImageObject","inLanguage":"pt-BR","@id":"https:\/\/jornalfatosenoticias.com.br\/#\/schema\/person\/image\/","url":"https:\/\/jornalfatosenoticias.com.br\/wp-content\/uploads\/2025\/05\/EU_portal.jpg","contentUrl":"https:\/\/jornalfatosenoticias.com.br\/wp-content\/uploads\/2025\/05\/EU_portal.jpg","caption":"Luzimara Fernandes"},"description":"Jornalista MTB 2358-ES","sameAs":["https:\/\/jornalfatosenoticias.com.br"],"url":"https:\/\/jornalfatosenoticias.com.br\/index.php\/author\/luzimara\/"}]}},"cc_featured_image_caption":{"caption_text":"(Foto: Reprodu\u00e7\u00e3o)","source_text":"","source_url":""},"jetpack_featured_media_url":"https:\/\/jornalfatosenoticias.com.br\/wp-content\/uploads\/2023\/07\/cagado-rajado.jpg","_links":{"self":[{"href":"https:\/\/jornalfatosenoticias.com.br\/index.php\/wp-json\/wp\/v2\/posts\/42997","targetHints":{"allow":["GET"]}}],"collection":[{"href":"https:\/\/jornalfatosenoticias.com.br\/index.php\/wp-json\/wp\/v2\/posts"}],"about":[{"href":"https:\/\/jornalfatosenoticias.com.br\/index.php\/wp-json\/wp\/v2\/types\/post"}],"author":[{"embeddable":true,"href":"https:\/\/jornalfatosenoticias.com.br\/index.php\/wp-json\/wp\/v2\/users\/2"}],"replies":[{"embeddable":true,"href":"https:\/\/jornalfatosenoticias.com.br\/index.php\/wp-json\/wp\/v2\/comments?post=42997"}],"version-history":[{"count":0,"href":"https:\/\/jornalfatosenoticias.com.br\/index.php\/wp-json\/wp\/v2\/posts\/42997\/revisions"}],"wp:featuredmedia":[{"embeddable":true,"href":"https:\/\/jornalfatosenoticias.com.br\/index.php\/wp-json\/wp\/v2\/media\/42998"}],"wp:attachment":[{"href":"https:\/\/jornalfatosenoticias.com.br\/index.php\/wp-json\/wp\/v2\/media?parent=42997"}],"wp:term":[{"taxonomy":"category","embeddable":true,"href":"https:\/\/jornalfatosenoticias.com.br\/index.php\/wp-json\/wp\/v2\/categories?post=42997"},{"taxonomy":"post_tag","embeddable":true,"href":"https:\/\/jornalfatosenoticias.com.br\/index.php\/wp-json\/wp\/v2\/tags?post=42997"}],"curies":[{"name":"wp","href":"https:\/\/api.w.org\/{rel}","templated":true}]}}