{"id":43025,"date":"2023-07-04T14:11:06","date_gmt":"2023-07-04T17:11:06","guid":{"rendered":"https:\/\/jornalfatosenoticias.com.br\/?p=43025"},"modified":"2023-07-04T14:11:09","modified_gmt":"2023-07-04T17:11:09","slug":"lula-abre-o-cofre-das-emendas","status":"publish","type":"post","link":"https:\/\/jornalfatosenoticias.com.br\/index.php\/2023\/07\/04\/lula-abre-o-cofre-das-emendas\/","title":{"rendered":"Lula \u2018abre o cofre\u2019 das emendas"},"content":{"rendered":"\n<p><em><span class=\"has-inline-color has-black-color\">Governo libera quase R$ 500 milh\u00f5es aos parlamentares<\/span><\/em><\/p>\n\n\n\n<div class=\"wp-block-image\"><figure class=\"aligncenter size-large\"><img loading=\"lazy\" decoding=\"async\" width=\"1024\" height=\"99\" src=\"https:\/\/jornalfatosenoticias.com.br\/wp-content\/uploads\/2020\/02\/Logo-Mizu-segunda-2-1024x99.png\" alt=\"\" class=\"wp-image-2353\" srcset=\"https:\/\/jornalfatosenoticias.com.br\/wp-content\/uploads\/2020\/02\/Logo-Mizu-segunda-2-1024x99.png 1024w, https:\/\/jornalfatosenoticias.com.br\/wp-content\/uploads\/2020\/02\/Logo-Mizu-segunda-2-300x29.png 300w, https:\/\/jornalfatosenoticias.com.br\/wp-content\/uploads\/2020\/02\/Logo-Mizu-segunda-2-768x74.png 768w, https:\/\/jornalfatosenoticias.com.br\/wp-content\/uploads\/2020\/02\/Logo-Mizu-segunda-2.png 1240w\" sizes=\"auto, (max-width: 1024px) 100vw, 1024px\" \/><\/figure><\/div>\n\n\n\n<p>O governo de Luiz In\u00e1cio Lula da Silva abriu o cofre e liberou R$ 465 milh\u00f5es em emendas de relator. A verba \u00e9 proveniente do Minist\u00e9rio da Sa\u00fade. Do total, mais de R$ 100 milh\u00f5es v\u00e3o para Alagoas, <strong><a href=\"https:\/\/revistaoeste.com\/no-ponto\/lira-paralisa-cpis-e-exige-plenario-cheio-para-ajudar-o-governo\/\" target=\"_blank\" rel=\"noreferrer noopener\">reduto eleitoral de Arthur Lira<\/a><\/strong> (PP-AL), presidente da C\u00e2mara.<br>O recurso \u00e9 liberado \u00e0s v\u00e9speras de vota\u00e7\u00f5es importantes para o <strong><a href=\"https:\/\/www.gov.br\/planalto\/pt-br\" target=\"_blank\" rel=\"noreferrer noopener\">Planalto<\/a><\/strong>. Segundo articuladores do governo ouvidos pelo jornal\u00a0<em>Folha de S.Paulo<\/em>, o valor destravado por Lula\u00a0<strong>pode chegar a R$ 600 milh\u00f5es at\u00e9 o fim da semana<\/strong>.<\/p>\n\n\n\n<div class=\"wp-block-image\"><figure class=\"aligncenter size-large\"><img loading=\"lazy\" decoding=\"async\" width=\"300\" height=\"250\" src=\"https:\/\/jornalfatosenoticias.com.br\/wp-content\/uploads\/2022\/08\/arte-Casarao.jpg\" alt=\"\" class=\"wp-image-33178\"\/><\/figure><\/div>\n\n\n\n<p>As negocia\u00e7\u00f5es beneficiam aliados do Pal\u00e1cio do Planalto, de Lira e do presidente do Senado, Rodrigo Pacheco (PSD-MG). Parlamentares pr\u00f3ximos \u00e0 c\u00fapula dos dois Poderes conseguem enviar mais dinheiro para financiar projetos e obras em suas bases eleitorais.<br>Depois de Alagoas, o segundo que mais recebeu recursos \u00e9 o Rio de Janeiro. Os repasses para o Estado atendem a pleitos de petistas e deputados do centr\u00e3o, informou o jornal.<\/p>\n\n\n\n<div class=\"wp-block-image\"><figure class=\"aligncenter size-large\"><img decoding=\"async\" src=\"https:\/\/jornalfatosenoticias.com.br\/wp-content\/uploads\/2020\/02\/barao-das-carnes-300x164-1.jpg\" alt=\"\" class=\"wp-image-34339\"\/><\/figure><\/div>\n\n\n\n<p><strong><span class=\"has-inline-color has-vivid-red-color\">Verba de emendas da Sa\u00fade<br><\/span><\/strong>O minist\u00e9rio comandado por N\u00edsia Trindade tem R$ 3 bilh\u00f5es herdados pelo governo pelo fim das emendas de relator. A pasta era foco de reclama\u00e7\u00f5es de parlamentares por, at\u00e9 semana passada, n\u00e3o ter liberado nada desse dinheiro.<br>H\u00e1 cerca de um m\u00eas, o grupo de parlamentares liderados por Lira passou a transformar a pasta da Sa\u00fade em alvo, porque a equipe de N\u00edsia criou regras para ampliar o controle na libera\u00e7\u00e3o de emendas parlamentares.<\/p>\n\n\n\n<div class=\"wp-block-image\"><figure class=\"aligncenter size-large is-resized\"><img loading=\"lazy\" decoding=\"async\" src=\"https:\/\/jornalfatosenoticias.com.br\/wp-content\/uploads\/2022\/10\/RC_800x750_page-0001.jpg\" alt=\"\" class=\"wp-image-35338\" width=\"254\" height=\"238\" srcset=\"https:\/\/jornalfatosenoticias.com.br\/wp-content\/uploads\/2022\/10\/RC_800x750_page-0001.jpg 400w, https:\/\/jornalfatosenoticias.com.br\/wp-content\/uploads\/2022\/10\/RC_800x750_page-0001-300x281.jpg 300w\" sizes=\"auto, (max-width: 254px) 100vw, 254px\" \/><\/figure><\/div>\n\n\n\n<p><strong><span class=\"has-inline-color has-vivid-red-color\">Lira paralisa CPIs e exige plen\u00e1rio cheio para ajudar o governo<br><\/span><\/strong>A fim de ajudar o governo a aprovar tr\u00eas pautas importantes nesta semana, o <strong><a href=\"https:\/\/twitter.com\/ArthurLira_\" target=\"_blank\" rel=\"noreferrer noopener\">presidente da C\u00e2mara dos Deputados<\/a><\/strong> cancelou todas as sess\u00f5es das comiss\u00f5es da Casa durante a semana. A paralisa\u00e7\u00e3o inclui os colegiados permanentes, tempor\u00e1rios e de inqu\u00e9ritos \u2014 como no caso das CPIs.<\/p>\n\n\n\n<div class=\"wp-block-image\"><figure class=\"aligncenter size-large is-resized\"><img loading=\"lazy\" decoding=\"async\" src=\"https:\/\/jornalfatosenoticias.com.br\/wp-content\/uploads\/2020\/02\/logo-embacia.jpg\" alt=\"\" class=\"wp-image-33905\" width=\"242\" height=\"242\"\/><\/figure><\/div>\n\n\n\n<p>Indo na mesma orienta\u00e7\u00e3o, o presidente da CPMI do 8 de Janeiro, deputado federal Arthur Maia (Uni\u00e3o Brasil-BA), tamb\u00e9m cancelou a sess\u00e3o prevista para esta ter\u00e7a-feira, 4 \u2014 na ocasi\u00e3o, o tenente-coronel Mauro Cid, ex-ajudante de ordens do ex-presidente Jair Bolsonaro, seria ouvido.<br><strong><a href=\"https:\/\/revistaoeste.com\/no-ponto\/libera-home-office-festas-juninas\/\" target=\"_blank\" rel=\"noreferrer noopener\">Depois de uma semana de\u00a0<em>home office<\/em><\/a><\/strong>, os deputados come\u00e7aram os trabalhos na segunda-feira (3), diferentemente das outras semanas, em que eles pousam em Bras\u00edlia apenas nas ter\u00e7as-feiras.<\/p>\n\n\n\n<p><strong><em>Fonte: <a href=\"https:\/\/revistaoeste.com\/politica\/lula-abre-o-cofre-das-emendas\/\">Revista Oeste<\/a><\/em><\/strong><\/p>\n","protected":false},"excerpt":{"rendered":"<p>Governo libera quase R$ 500 milh\u00f5es aos parlamentares O governo de Luiz In\u00e1cio Lula da Silva abriu o cofre e liberou R$ 465 milh\u00f5es em emendas de relator. A verba \u00e9 proveniente do Minist\u00e9rio da Sa\u00fade. Do total, mais de R$ 100 milh\u00f5es v\u00e3o para Alagoas, reduto eleitoral de Arthur Lira (PP-AL), presidente da C\u00e2mara.O [&hellip;]<\/p>\n","protected":false},"author":2,"featured_media":43026,"comment_status":"open","ping_status":"open","sticky":false,"template":"","format":"standard","meta":{"footnotes":""},"categories":[10],"tags":[10543,20244,18343,447,20245],"class_list":["post-43025","post","type-post","status-publish","format-standard","has-post-thumbnail","hentry","category-politica","tag-arthur-lira","tag-centrao","tag-governo-lula","tag-ministerio-da-saude","tag-nisia-trindade"],"yoast_head":"<!-- This site is optimized with the Yoast SEO plugin v26.5 - https:\/\/yoast.com\/wordpress\/plugins\/seo\/ -->\n<title>Lula \u2018abre o cofre\u2019 das emendas - Jornal Fatos e Not\u00edcias<\/title>\n<meta name=\"robots\" content=\"index, follow, max-snippet:-1, max-image-preview:large, max-video-preview:-1\" \/>\n<link rel=\"canonical\" href=\"https:\/\/jornalfatosenoticias.com.br\/index.php\/2023\/07\/04\/lula-abre-o-cofre-das-emendas\/\" \/>\n<meta property=\"og:locale\" content=\"pt_BR\" \/>\n<meta property=\"og:type\" content=\"article\" \/>\n<meta property=\"og:title\" content=\"Lula \u2018abre o cofre\u2019 das emendas - Jornal Fatos e Not\u00edcias\" \/>\n<meta property=\"og:description\" content=\"Governo libera quase R$ 500 milh\u00f5es aos parlamentares O governo de Luiz In\u00e1cio Lula da Silva abriu o cofre e liberou R$ 465 milh\u00f5es em emendas de relator. A verba \u00e9 proveniente do Minist\u00e9rio da Sa\u00fade. Do total, mais de R$ 100 milh\u00f5es v\u00e3o para Alagoas, reduto eleitoral de Arthur Lira (PP-AL), presidente da C\u00e2mara.O [&hellip;]\" \/>\n<meta property=\"og:url\" content=\"https:\/\/jornalfatosenoticias.com.br\/index.php\/2023\/07\/04\/lula-abre-o-cofre-das-emendas\/\" \/>\n<meta property=\"og:site_name\" content=\"Jornal Fatos e Not\u00edcias\" \/>\n<meta property=\"article:published_time\" content=\"2023-07-04T17:11:06+00:00\" \/>\n<meta property=\"article:modified_time\" content=\"2023-07-04T17:11:09+00:00\" \/>\n<meta property=\"og:image\" content=\"https:\/\/jornalfatosenoticias.com.br\/wp-content\/uploads\/2023\/07\/molusco-e-a-farra-com-o-dinheiro-publico.jpg\" \/>\n\t<meta property=\"og:image:width\" content=\"1000\" \/>\n\t<meta property=\"og:image:height\" content=\"644\" \/>\n\t<meta property=\"og:image:type\" content=\"image\/jpeg\" \/>\n<meta name=\"author\" content=\"Luzimara Fernandes\" \/>\n<meta name=\"twitter:card\" content=\"summary_large_image\" \/>\n<meta name=\"twitter:label1\" content=\"Escrito por\" \/>\n\t<meta name=\"twitter:data1\" content=\"Luzimara Fernandes\" \/>\n\t<meta name=\"twitter:label2\" content=\"Est. tempo de leitura\" \/>\n\t<meta name=\"twitter:data2\" content=\"2 minutos\" \/>\n<script type=\"application\/ld+json\" class=\"yoast-schema-graph\">{\"@context\":\"https:\/\/schema.org\",\"@graph\":[{\"@type\":\"Article\",\"@id\":\"https:\/\/jornalfatosenoticias.com.br\/index.php\/2023\/07\/04\/lula-abre-o-cofre-das-emendas\/#article\",\"isPartOf\":{\"@id\":\"https:\/\/jornalfatosenoticias.com.br\/index.php\/2023\/07\/04\/lula-abre-o-cofre-das-emendas\/\"},\"author\":{\"name\":\"Luzimara Fernandes\",\"@id\":\"https:\/\/jornalfatosenoticias.com.br\/#\/schema\/person\/d63837fa13ac8666eb9e74e0985d6f81\"},\"headline\":\"Lula \u2018abre o cofre\u2019 das emendas\",\"datePublished\":\"2023-07-04T17:11:06+00:00\",\"dateModified\":\"2023-07-04T17:11:09+00:00\",\"mainEntityOfPage\":{\"@id\":\"https:\/\/jornalfatosenoticias.com.br\/index.php\/2023\/07\/04\/lula-abre-o-cofre-das-emendas\/\"},\"wordCount\":408,\"commentCount\":0,\"publisher\":{\"@id\":\"https:\/\/jornalfatosenoticias.com.br\/#organization\"},\"image\":{\"@id\":\"https:\/\/jornalfatosenoticias.com.br\/index.php\/2023\/07\/04\/lula-abre-o-cofre-das-emendas\/#primaryimage\"},\"thumbnailUrl\":\"https:\/\/jornalfatosenoticias.com.br\/wp-content\/uploads\/2023\/07\/molusco-e-a-farra-com-o-dinheiro-publico.jpg\",\"keywords\":[\"Arthur Lira\",\"Centr\u00e3o\",\"governo Lula\",\"Minist\u00e9rio da Sa\u00fade\",\"N\u00edsia Trindade\"],\"articleSection\":[\"Pol\u00edtica\"],\"inLanguage\":\"pt-BR\",\"potentialAction\":[{\"@type\":\"CommentAction\",\"name\":\"Comment\",\"target\":[\"https:\/\/jornalfatosenoticias.com.br\/index.php\/2023\/07\/04\/lula-abre-o-cofre-das-emendas\/#respond\"]}]},{\"@type\":\"WebPage\",\"@id\":\"https:\/\/jornalfatosenoticias.com.br\/index.php\/2023\/07\/04\/lula-abre-o-cofre-das-emendas\/\",\"url\":\"https:\/\/jornalfatosenoticias.com.br\/index.php\/2023\/07\/04\/lula-abre-o-cofre-das-emendas\/\",\"name\":\"Lula \u2018abre o cofre\u2019 das emendas - Jornal Fatos e Not\u00edcias\",\"isPartOf\":{\"@id\":\"https:\/\/jornalfatosenoticias.com.br\/#website\"},\"primaryImageOfPage\":{\"@id\":\"https:\/\/jornalfatosenoticias.com.br\/index.php\/2023\/07\/04\/lula-abre-o-cofre-das-emendas\/#primaryimage\"},\"image\":{\"@id\":\"https:\/\/jornalfatosenoticias.com.br\/index.php\/2023\/07\/04\/lula-abre-o-cofre-das-emendas\/#primaryimage\"},\"thumbnailUrl\":\"https:\/\/jornalfatosenoticias.com.br\/wp-content\/uploads\/2023\/07\/molusco-e-a-farra-com-o-dinheiro-publico.jpg\",\"datePublished\":\"2023-07-04T17:11:06+00:00\",\"dateModified\":\"2023-07-04T17:11:09+00:00\",\"breadcrumb\":{\"@id\":\"https:\/\/jornalfatosenoticias.com.br\/index.php\/2023\/07\/04\/lula-abre-o-cofre-das-emendas\/#breadcrumb\"},\"inLanguage\":\"pt-BR\",\"potentialAction\":[{\"@type\":\"ReadAction\",\"target\":[\"https:\/\/jornalfatosenoticias.com.br\/index.php\/2023\/07\/04\/lula-abre-o-cofre-das-emendas\/\"]}]},{\"@type\":\"ImageObject\",\"inLanguage\":\"pt-BR\",\"@id\":\"https:\/\/jornalfatosenoticias.com.br\/index.php\/2023\/07\/04\/lula-abre-o-cofre-das-emendas\/#primaryimage\",\"url\":\"https:\/\/jornalfatosenoticias.com.br\/wp-content\/uploads\/2023\/07\/molusco-e-a-farra-com-o-dinheiro-publico.jpg\",\"contentUrl\":\"https:\/\/jornalfatosenoticias.com.br\/wp-content\/uploads\/2023\/07\/molusco-e-a-farra-com-o-dinheiro-publico.jpg\",\"width\":1000,\"height\":644},{\"@type\":\"BreadcrumbList\",\"@id\":\"https:\/\/jornalfatosenoticias.com.br\/index.php\/2023\/07\/04\/lula-abre-o-cofre-das-emendas\/#breadcrumb\",\"itemListElement\":[{\"@type\":\"ListItem\",\"position\":1,\"name\":\"In\u00edcio\",\"item\":\"https:\/\/jornalfatosenoticias.com.br\/\"},{\"@type\":\"ListItem\",\"position\":2,\"name\":\"Lula \u2018abre o cofre\u2019 das emendas\"}]},{\"@type\":\"WebSite\",\"@id\":\"https:\/\/jornalfatosenoticias.com.br\/#website\",\"url\":\"https:\/\/jornalfatosenoticias.com.br\/\",\"name\":\"Jornal Fatos e Not\u00edcias\",\"description\":\"Not\u00edcias em geral\",\"publisher\":{\"@id\":\"https:\/\/jornalfatosenoticias.com.br\/#organization\"},\"potentialAction\":[{\"@type\":\"SearchAction\",\"target\":{\"@type\":\"EntryPoint\",\"urlTemplate\":\"https:\/\/jornalfatosenoticias.com.br\/?s={search_term_string}\"},\"query-input\":{\"@type\":\"PropertyValueSpecification\",\"valueRequired\":true,\"valueName\":\"search_term_string\"}}],\"inLanguage\":\"pt-BR\"},{\"@type\":\"Organization\",\"@id\":\"https:\/\/jornalfatosenoticias.com.br\/#organization\",\"name\":\"Jornal Fatos e Not\u00edcias\",\"url\":\"https:\/\/jornalfatosenoticias.com.br\/\",\"logo\":{\"@type\":\"ImageObject\",\"inLanguage\":\"pt-BR\",\"@id\":\"https:\/\/jornalfatosenoticias.com.br\/#\/schema\/logo\/image\/\",\"url\":\"https:\/\/jornalfatosenoticias.com.br\/wp-content\/uploads\/2020\/02\/logo120.png\",\"contentUrl\":\"https:\/\/jornalfatosenoticias.com.br\/wp-content\/uploads\/2020\/02\/logo120.png\",\"width\":1227,\"height\":120,\"caption\":\"Jornal Fatos e Not\u00edcias\"},\"image\":{\"@id\":\"https:\/\/jornalfatosenoticias.com.br\/#\/schema\/logo\/image\/\"}},{\"@type\":\"Person\",\"@id\":\"https:\/\/jornalfatosenoticias.com.br\/#\/schema\/person\/d63837fa13ac8666eb9e74e0985d6f81\",\"name\":\"Luzimara Fernandes\",\"image\":{\"@type\":\"ImageObject\",\"inLanguage\":\"pt-BR\",\"@id\":\"https:\/\/jornalfatosenoticias.com.br\/#\/schema\/person\/image\/\",\"url\":\"https:\/\/jornalfatosenoticias.com.br\/wp-content\/uploads\/2025\/05\/EU_portal.jpg\",\"contentUrl\":\"https:\/\/jornalfatosenoticias.com.br\/wp-content\/uploads\/2025\/05\/EU_portal.jpg\",\"caption\":\"Luzimara Fernandes\"},\"description\":\"Jornalista MTB 2358-ES\",\"sameAs\":[\"https:\/\/jornalfatosenoticias.com.br\"],\"url\":\"https:\/\/jornalfatosenoticias.com.br\/index.php\/author\/luzimara\/\"}]}<\/script>\n<!-- \/ Yoast SEO plugin. -->","yoast_head_json":{"title":"Lula \u2018abre o cofre\u2019 das emendas - Jornal Fatos e Not\u00edcias","robots":{"index":"index","follow":"follow","max-snippet":"max-snippet:-1","max-image-preview":"max-image-preview:large","max-video-preview":"max-video-preview:-1"},"canonical":"https:\/\/jornalfatosenoticias.com.br\/index.php\/2023\/07\/04\/lula-abre-o-cofre-das-emendas\/","og_locale":"pt_BR","og_type":"article","og_title":"Lula \u2018abre o cofre\u2019 das emendas - Jornal Fatos e Not\u00edcias","og_description":"Governo libera quase R$ 500 milh\u00f5es aos parlamentares O governo de Luiz In\u00e1cio Lula da Silva abriu o cofre e liberou R$ 465 milh\u00f5es em emendas de relator. A verba \u00e9 proveniente do Minist\u00e9rio da Sa\u00fade. Do total, mais de R$ 100 milh\u00f5es v\u00e3o para Alagoas, reduto eleitoral de Arthur Lira (PP-AL), presidente da C\u00e2mara.O [&hellip;]","og_url":"https:\/\/jornalfatosenoticias.com.br\/index.php\/2023\/07\/04\/lula-abre-o-cofre-das-emendas\/","og_site_name":"Jornal Fatos e Not\u00edcias","article_published_time":"2023-07-04T17:11:06+00:00","article_modified_time":"2023-07-04T17:11:09+00:00","og_image":[{"width":1000,"height":644,"url":"https:\/\/jornalfatosenoticias.com.br\/wp-content\/uploads\/2023\/07\/molusco-e-a-farra-com-o-dinheiro-publico.jpg","type":"image\/jpeg"}],"author":"Luzimara Fernandes","twitter_card":"summary_large_image","twitter_misc":{"Escrito por":"Luzimara Fernandes","Est. tempo de leitura":"2 minutos"},"schema":{"@context":"https:\/\/schema.org","@graph":[{"@type":"Article","@id":"https:\/\/jornalfatosenoticias.com.br\/index.php\/2023\/07\/04\/lula-abre-o-cofre-das-emendas\/#article","isPartOf":{"@id":"https:\/\/jornalfatosenoticias.com.br\/index.php\/2023\/07\/04\/lula-abre-o-cofre-das-emendas\/"},"author":{"name":"Luzimara Fernandes","@id":"https:\/\/jornalfatosenoticias.com.br\/#\/schema\/person\/d63837fa13ac8666eb9e74e0985d6f81"},"headline":"Lula \u2018abre o cofre\u2019 das emendas","datePublished":"2023-07-04T17:11:06+00:00","dateModified":"2023-07-04T17:11:09+00:00","mainEntityOfPage":{"@id":"https:\/\/jornalfatosenoticias.com.br\/index.php\/2023\/07\/04\/lula-abre-o-cofre-das-emendas\/"},"wordCount":408,"commentCount":0,"publisher":{"@id":"https:\/\/jornalfatosenoticias.com.br\/#organization"},"image":{"@id":"https:\/\/jornalfatosenoticias.com.br\/index.php\/2023\/07\/04\/lula-abre-o-cofre-das-emendas\/#primaryimage"},"thumbnailUrl":"https:\/\/jornalfatosenoticias.com.br\/wp-content\/uploads\/2023\/07\/molusco-e-a-farra-com-o-dinheiro-publico.jpg","keywords":["Arthur Lira","Centr\u00e3o","governo Lula","Minist\u00e9rio da Sa\u00fade","N\u00edsia Trindade"],"articleSection":["Pol\u00edtica"],"inLanguage":"pt-BR","potentialAction":[{"@type":"CommentAction","name":"Comment","target":["https:\/\/jornalfatosenoticias.com.br\/index.php\/2023\/07\/04\/lula-abre-o-cofre-das-emendas\/#respond"]}]},{"@type":"WebPage","@id":"https:\/\/jornalfatosenoticias.com.br\/index.php\/2023\/07\/04\/lula-abre-o-cofre-das-emendas\/","url":"https:\/\/jornalfatosenoticias.com.br\/index.php\/2023\/07\/04\/lula-abre-o-cofre-das-emendas\/","name":"Lula \u2018abre o cofre\u2019 das emendas - Jornal Fatos e Not\u00edcias","isPartOf":{"@id":"https:\/\/jornalfatosenoticias.com.br\/#website"},"primaryImageOfPage":{"@id":"https:\/\/jornalfatosenoticias.com.br\/index.php\/2023\/07\/04\/lula-abre-o-cofre-das-emendas\/#primaryimage"},"image":{"@id":"https:\/\/jornalfatosenoticias.com.br\/index.php\/2023\/07\/04\/lula-abre-o-cofre-das-emendas\/#primaryimage"},"thumbnailUrl":"https:\/\/jornalfatosenoticias.com.br\/wp-content\/uploads\/2023\/07\/molusco-e-a-farra-com-o-dinheiro-publico.jpg","datePublished":"2023-07-04T17:11:06+00:00","dateModified":"2023-07-04T17:11:09+00:00","breadcrumb":{"@id":"https:\/\/jornalfatosenoticias.com.br\/index.php\/2023\/07\/04\/lula-abre-o-cofre-das-emendas\/#breadcrumb"},"inLanguage":"pt-BR","potentialAction":[{"@type":"ReadAction","target":["https:\/\/jornalfatosenoticias.com.br\/index.php\/2023\/07\/04\/lula-abre-o-cofre-das-emendas\/"]}]},{"@type":"ImageObject","inLanguage":"pt-BR","@id":"https:\/\/jornalfatosenoticias.com.br\/index.php\/2023\/07\/04\/lula-abre-o-cofre-das-emendas\/#primaryimage","url":"https:\/\/jornalfatosenoticias.com.br\/wp-content\/uploads\/2023\/07\/molusco-e-a-farra-com-o-dinheiro-publico.jpg","contentUrl":"https:\/\/jornalfatosenoticias.com.br\/wp-content\/uploads\/2023\/07\/molusco-e-a-farra-com-o-dinheiro-publico.jpg","width":1000,"height":644},{"@type":"BreadcrumbList","@id":"https:\/\/jornalfatosenoticias.com.br\/index.php\/2023\/07\/04\/lula-abre-o-cofre-das-emendas\/#breadcrumb","itemListElement":[{"@type":"ListItem","position":1,"name":"In\u00edcio","item":"https:\/\/jornalfatosenoticias.com.br\/"},{"@type":"ListItem","position":2,"name":"Lula \u2018abre o cofre\u2019 das emendas"}]},{"@type":"WebSite","@id":"https:\/\/jornalfatosenoticias.com.br\/#website","url":"https:\/\/jornalfatosenoticias.com.br\/","name":"Jornal Fatos e Not\u00edcias","description":"Not\u00edcias em geral","publisher":{"@id":"https:\/\/jornalfatosenoticias.com.br\/#organization"},"potentialAction":[{"@type":"SearchAction","target":{"@type":"EntryPoint","urlTemplate":"https:\/\/jornalfatosenoticias.com.br\/?s={search_term_string}"},"query-input":{"@type":"PropertyValueSpecification","valueRequired":true,"valueName":"search_term_string"}}],"inLanguage":"pt-BR"},{"@type":"Organization","@id":"https:\/\/jornalfatosenoticias.com.br\/#organization","name":"Jornal Fatos e Not\u00edcias","url":"https:\/\/jornalfatosenoticias.com.br\/","logo":{"@type":"ImageObject","inLanguage":"pt-BR","@id":"https:\/\/jornalfatosenoticias.com.br\/#\/schema\/logo\/image\/","url":"https:\/\/jornalfatosenoticias.com.br\/wp-content\/uploads\/2020\/02\/logo120.png","contentUrl":"https:\/\/jornalfatosenoticias.com.br\/wp-content\/uploads\/2020\/02\/logo120.png","width":1227,"height":120,"caption":"Jornal Fatos e Not\u00edcias"},"image":{"@id":"https:\/\/jornalfatosenoticias.com.br\/#\/schema\/logo\/image\/"}},{"@type":"Person","@id":"https:\/\/jornalfatosenoticias.com.br\/#\/schema\/person\/d63837fa13ac8666eb9e74e0985d6f81","name":"Luzimara Fernandes","image":{"@type":"ImageObject","inLanguage":"pt-BR","@id":"https:\/\/jornalfatosenoticias.com.br\/#\/schema\/person\/image\/","url":"https:\/\/jornalfatosenoticias.com.br\/wp-content\/uploads\/2025\/05\/EU_portal.jpg","contentUrl":"https:\/\/jornalfatosenoticias.com.br\/wp-content\/uploads\/2025\/05\/EU_portal.jpg","caption":"Luzimara Fernandes"},"description":"Jornalista MTB 2358-ES","sameAs":["https:\/\/jornalfatosenoticias.com.br"],"url":"https:\/\/jornalfatosenoticias.com.br\/index.php\/author\/luzimara\/"}]}},"cc_featured_image_caption":{"caption_text":"(Foto: Divulga\u00e7\u00e3o)","source_text":"","source_url":""},"jetpack_featured_media_url":"https:\/\/jornalfatosenoticias.com.br\/wp-content\/uploads\/2023\/07\/molusco-e-a-farra-com-o-dinheiro-publico.jpg","_links":{"self":[{"href":"https:\/\/jornalfatosenoticias.com.br\/index.php\/wp-json\/wp\/v2\/posts\/43025","targetHints":{"allow":["GET"]}}],"collection":[{"href":"https:\/\/jornalfatosenoticias.com.br\/index.php\/wp-json\/wp\/v2\/posts"}],"about":[{"href":"https:\/\/jornalfatosenoticias.com.br\/index.php\/wp-json\/wp\/v2\/types\/post"}],"author":[{"embeddable":true,"href":"https:\/\/jornalfatosenoticias.com.br\/index.php\/wp-json\/wp\/v2\/users\/2"}],"replies":[{"embeddable":true,"href":"https:\/\/jornalfatosenoticias.com.br\/index.php\/wp-json\/wp\/v2\/comments?post=43025"}],"version-history":[{"count":0,"href":"https:\/\/jornalfatosenoticias.com.br\/index.php\/wp-json\/wp\/v2\/posts\/43025\/revisions"}],"wp:featuredmedia":[{"embeddable":true,"href":"https:\/\/jornalfatosenoticias.com.br\/index.php\/wp-json\/wp\/v2\/media\/43026"}],"wp:attachment":[{"href":"https:\/\/jornalfatosenoticias.com.br\/index.php\/wp-json\/wp\/v2\/media?parent=43025"}],"wp:term":[{"taxonomy":"category","embeddable":true,"href":"https:\/\/jornalfatosenoticias.com.br\/index.php\/wp-json\/wp\/v2\/categories?post=43025"},{"taxonomy":"post_tag","embeddable":true,"href":"https:\/\/jornalfatosenoticias.com.br\/index.php\/wp-json\/wp\/v2\/tags?post=43025"}],"curies":[{"name":"wp","href":"https:\/\/api.w.org\/{rel}","templated":true}]}}