{"id":43031,"date":"2023-07-05T08:28:40","date_gmt":"2023-07-05T11:28:40","guid":{"rendered":"https:\/\/jornalfatosenoticias.com.br\/?p=43031"},"modified":"2023-07-05T08:28:41","modified_gmt":"2023-07-05T11:28:41","slug":"tuberculose-extrapulmonar-doenca-atinge-ossos-rins-e-cerebro","status":"publish","type":"post","link":"https:\/\/jornalfatosenoticias.com.br\/index.php\/2023\/07\/05\/tuberculose-extrapulmonar-doenca-atinge-ossos-rins-e-cerebro\/","title":{"rendered":"Tuberculose extrapulmonar: doen\u00e7a atinge ossos, rins e c\u00e9rebro"},"content":{"rendered":"\n<div class=\"wp-block-image\"><figure class=\"aligncenter size-large\"><img loading=\"lazy\" decoding=\"async\" width=\"1024\" height=\"110\" src=\"https:\/\/jornalfatosenoticias.com.br\/wp-content\/uploads\/2023\/03\/Crypton-1120-\u00d7-120-px-1-1024x110.png\" alt=\"\" class=\"wp-image-39211\" srcset=\"https:\/\/jornalfatosenoticias.com.br\/wp-content\/uploads\/2023\/03\/Crypton-1120-\u00d7-120-px-1-1024x110.png 1024w, https:\/\/jornalfatosenoticias.com.br\/wp-content\/uploads\/2023\/03\/Crypton-1120-\u00d7-120-px-1-300x32.png 300w, https:\/\/jornalfatosenoticias.com.br\/wp-content\/uploads\/2023\/03\/Crypton-1120-\u00d7-120-px-1-768x82.png 768w, https:\/\/jornalfatosenoticias.com.br\/wp-content\/uploads\/2023\/03\/Crypton-1120-\u00d7-120-px-1.png 1120w\" sizes=\"auto, (max-width: 1024px) 100vw, 1024px\" \/><\/figure><\/div>\n\n\n\n<p>A tuberculose \u00e9 uma doen\u00e7a infecciosa, transmitida atrav\u00e9s do ar. Dessa forma, quando uma pessoa infectada tosse, fala ou espirra, libera pequenas part\u00edculas de saliva contendo as bact\u00e9rias mycobacterium tuberculosis. Embora a forma mais comum e mais conhecida da tuberculose atinja os pulm\u00f5es, tamb\u00e9m pode afetar outros \u00f3rg\u00e3os e partes do corpo, como os ossos, rins, c\u00e9rebro, est\u00f4mago e intestino. \u00c9 a chamada tuberculose extrapulmonar. Entenda.<br>De acordo com Cl\u00e1udia Matos de Siqueira Gandini, pneumologista, a tuberculose extrapulmonar \u00e9 rara, e ocorre quando as bact\u00e9rias se disseminam a partir dos pulm\u00f5es para outras regi\u00f5es do corpo. Isso ocorre por meio da corrente sangu\u00ednea ou do sistema linf\u00e1tico.<\/p>\n\n\n\n<div class=\"wp-block-image\"><figure class=\"aligncenter size-large\"><img decoding=\"async\" src=\"https:\/\/jornalfatosenoticias.com.br\/wp-content\/uploads\/2020\/02\/logo_esteio.jpg\" alt=\"\" class=\"wp-image-1214\"\/><\/figure><\/div>\n\n\n\n<p><strong><span class=\"has-inline-color has-vivid-purple-color\">\u00d3rg\u00e3os afetados<br><\/span><span class=\"has-inline-color has-black-color\">\u2022 Tuberculose nos ossos:<\/span><\/strong> pode resultar em dor nas costas, deformidades na coluna e at\u00e9 mesmo compress\u00e3o da medula espinhal em casos mais graves.<br><strong><span class=\"has-inline-color has-black-color\">\u2022 Tuberculose nos rins:<\/span><\/strong> pode levar a inflama\u00e7\u00e3o dos rins, forma\u00e7\u00e3o de abscessos e danos aos tecidos renais. Os sintomas incluem dor lombar, sangue na urina, mic\u00e7\u00e3o frequente e febre.<br><strong><span class=\"has-inline-color has-black-color\">\u2022 Tuberculose no c\u00e9rebro (tuberculose men\u00edngea):<\/span><\/strong> Essa forma \u00e9 considerada uma complica\u00e7\u00e3o grave. Assim, os sintomas incluem dor de cabe\u00e7a intensa, rigidez do pesco\u00e7o, febre, confus\u00e3o, convuls\u00f5es e altera\u00e7\u00f5es no estado mental.<\/p>\n\n\n\n<div class=\"wp-block-image\"><figure class=\"aligncenter size-large is-resized\"><img loading=\"lazy\" decoding=\"async\" src=\"https:\/\/jornalfatosenoticias.com.br\/wp-content\/uploads\/2023\/04\/Logo_MasterMind.jpg\" alt=\"\" class=\"wp-image-40974\" width=\"254\" height=\"185\"\/><\/figure><\/div>\n\n\n\n<p>O diagn\u00f3stico da doen\u00e7a fora dos pulm\u00f5es \u00e9 mais raro, sendo identificados cerca de 300 por ano. Apesar de menos comum, o diagn\u00f3stico e tratamento da tuberculose extrapulmonar \u00e9 mais desafiador, pois os sintomas podem ser vagos e variados. Geralmente envolve testes como exames de imagem, culturas de tecido ou l\u00edquidos corporais, al\u00e9m de an\u00e1lises laboratoriais.<\/p>\n\n\n\n<div class=\"wp-block-image\"><figure class=\"aligncenter size-large is-resized\"><img loading=\"lazy\" decoding=\"async\" src=\"https:\/\/jornalfatosenoticias.com.br\/wp-content\/uploads\/2020\/02\/casa-do-torresmo_portal.jpg\" alt=\"\" class=\"wp-image-34472\" width=\"246\" height=\"246\" srcset=\"https:\/\/jornalfatosenoticias.com.br\/wp-content\/uploads\/2020\/02\/casa-do-torresmo_portal.jpg 300w, https:\/\/jornalfatosenoticias.com.br\/wp-content\/uploads\/2020\/02\/casa-do-torresmo_portal-150x150.jpg 150w\" sizes=\"auto, (max-width: 246px) 100vw, 246px\" \/><\/figure><\/div>\n\n\n\n<blockquote class=\"wp-block-quote is-layout-flow wp-block-quote-is-layout-flow\"><p><span class=\"has-inline-color has-luminous-vivid-orange-color\">O tratamento da doen\u00e7a extrapulmonar \u00e9 semelhante ao tratamento da tuberculose pulmonar, com a administra\u00e7\u00e3o de m\u00faltiplos medicamentos antituberculose por um per\u00edodo prolongado\u201d, explica a m\u00e9dica.<\/span><\/p><\/blockquote>\n\n\n\n<div class=\"wp-block-image\"><figure class=\"aligncenter size-large is-resized\"><img loading=\"lazy\" decoding=\"async\" src=\"https:\/\/jornalfatosenoticias.com.br\/wp-content\/uploads\/2020\/02\/logo-Rapuzel-1024x571.jpg\" alt=\"\" class=\"wp-image-42808\" width=\"343\" height=\"191\" srcset=\"https:\/\/jornalfatosenoticias.com.br\/wp-content\/uploads\/2020\/02\/logo-Rapuzel-1024x571.jpg 1024w, https:\/\/jornalfatosenoticias.com.br\/wp-content\/uploads\/2020\/02\/logo-Rapuzel-300x167.jpg 300w, https:\/\/jornalfatosenoticias.com.br\/wp-content\/uploads\/2020\/02\/logo-Rapuzel-768x428.jpg 768w, https:\/\/jornalfatosenoticias.com.br\/wp-content\/uploads\/2020\/02\/logo-Rapuzel-1536x856.jpg 1536w, https:\/\/jornalfatosenoticias.com.br\/wp-content\/uploads\/2020\/02\/logo-Rapuzel.jpg 1600w\" sizes=\"auto, (max-width: 343px) 100vw, 343px\" \/><\/figure><\/div>\n\n\n\n<p>A <a href=\"https:\/\/vitat.com.br\/web-stories\/a-vacina-bcg\/\" target=\"_blank\" rel=\"noreferrer noopener\">vacina BCG<\/a> \u00e9 a \u00fanica que protege contra a tuberculose. Assim, tem como objetivo estimular o sistema imunol\u00f3gico a reconhecer e combater a bact\u00e9ria causadora da doen\u00e7a. Ela \u00e9 mais eficaz na preven\u00e7\u00e3o de formas graves de tuberculose em crian\u00e7as, sobretudo a tuberculose miliar e a meningite tuberculosa.<\/p>\n\n\n\n<div class=\"wp-block-image\"><figure class=\"aligncenter size-large is-resized\"><img loading=\"lazy\" decoding=\"async\" src=\"https:\/\/jornalfatosenoticias.com.br\/wp-content\/uploads\/2022\/02\/Precisao-Contabilidade-1024x724.jpg\" alt=\"\" class=\"wp-image-28088\" width=\"277\" height=\"196\"\/><\/figure><\/div>\n\n\n\n<blockquote class=\"wp-block-quote is-layout-flow wp-block-quote-is-layout-flow\"><p><span class=\"has-inline-color has-luminous-vivid-orange-color\">A vacina ajuda nas formas graves, mas n\u00e3o impede totalmente a contamina\u00e7\u00e3o. Identificar precocemente e iniciar o tratamento adequado \u00e9 essencial para prevenir a dissemina\u00e7\u00e3o da doen\u00e7a. Isso envolve a realiza\u00e7\u00e3o de exames de triagem, como o teste cut\u00e2neo de tuberculina [PPD] ou exames de sangue espec\u00edficos como o IGRA, e pesquisa do bacilo no escarro\u201d, acrescenta a pneumologista.<\/span><\/p><\/blockquote>\n\n\n\n<div class=\"wp-block-image\"><figure class=\"aligncenter size-large is-resized\"><img loading=\"lazy\" decoding=\"async\" src=\"https:\/\/jornalfatosenoticias.com.br\/wp-content\/uploads\/2023\/03\/nova-logo-Marquetti.jpg\" alt=\"\" class=\"wp-image-40207\" width=\"274\" height=\"184\" srcset=\"https:\/\/jornalfatosenoticias.com.br\/wp-content\/uploads\/2023\/03\/nova-logo-Marquetti.jpg 643w, https:\/\/jornalfatosenoticias.com.br\/wp-content\/uploads\/2023\/03\/nova-logo-Marquetti-300x202.jpg 300w\" sizes=\"auto, (max-width: 274px) 100vw, 274px\" \/><\/figure><\/div>\n\n\n\n<p>Al\u00e9m disso, o programa nacional de imuniza\u00e7\u00e3o prev\u00ea a aplica\u00e7\u00e3o da vacina em todos os rec\u00e9m-nascidos. Por fim, a especialista alerta que \u00e9 fundamental buscar atendimento m\u00e9dico adequado e seguir as orienta\u00e7\u00f5es dos profissionais de sa\u00fade para o diagn\u00f3stico precoce e o tratamento adequado da tuberculose, independentemente da forma em que ela se manifeste.<\/p>\n\n\n\n<p><strong><em>Fonte: <a href=\"https:\/\/vitat.com.br\/tuberculose-extrapulmonar\/\">Vitat<\/a><\/em><\/strong><\/p>\n","protected":false},"excerpt":{"rendered":"<p>A tuberculose \u00e9 uma doen\u00e7a infecciosa, transmitida atrav\u00e9s do ar. Dessa forma, quando uma pessoa infectada tosse, fala ou espirra, libera pequenas part\u00edculas de saliva contendo as bact\u00e9rias mycobacterium tuberculosis. Embora a forma mais comum e mais conhecida da tuberculose atinja os pulm\u00f5es, tamb\u00e9m pode afetar outros \u00f3rg\u00e3os e partes do corpo, como os ossos, [&hellip;]<\/p>\n","protected":false},"author":2,"featured_media":43032,"comment_status":"open","ping_status":"open","sticky":false,"template":"","format":"standard","meta":{"footnotes":""},"categories":[11],"tags":[20248,74,20249,1807,20250,20251],"class_list":["post-43031","post","type-post","status-publish","format-standard","has-post-thumbnail","hentry","category-saude","tag-doencas-osseas","tag-saude","tag-saude-ossea","tag-tuberculose","tag-tuberculose-extrapulmonar","tag-tuberculose-nos-ossos"],"yoast_head":"<!-- This site is optimized with the Yoast SEO plugin v26.5 - https:\/\/yoast.com\/wordpress\/plugins\/seo\/ -->\n<title>Tuberculose extrapulmonar: doen\u00e7a atinge ossos, rins e c\u00e9rebro - Jornal Fatos e Not\u00edcias<\/title>\n<meta name=\"robots\" content=\"index, follow, max-snippet:-1, max-image-preview:large, max-video-preview:-1\" \/>\n<link rel=\"canonical\" href=\"https:\/\/jornalfatosenoticias.com.br\/index.php\/2023\/07\/05\/tuberculose-extrapulmonar-doenca-atinge-ossos-rins-e-cerebro\/\" \/>\n<meta property=\"og:locale\" content=\"pt_BR\" \/>\n<meta property=\"og:type\" content=\"article\" \/>\n<meta property=\"og:title\" content=\"Tuberculose extrapulmonar: doen\u00e7a atinge ossos, rins e c\u00e9rebro - Jornal Fatos e Not\u00edcias\" \/>\n<meta property=\"og:description\" content=\"A tuberculose \u00e9 uma doen\u00e7a infecciosa, transmitida atrav\u00e9s do ar. Dessa forma, quando uma pessoa infectada tosse, fala ou espirra, libera pequenas part\u00edculas de saliva contendo as bact\u00e9rias mycobacterium tuberculosis. Embora a forma mais comum e mais conhecida da tuberculose atinja os pulm\u00f5es, tamb\u00e9m pode afetar outros \u00f3rg\u00e3os e partes do corpo, como os ossos, [&hellip;]\" \/>\n<meta property=\"og:url\" content=\"https:\/\/jornalfatosenoticias.com.br\/index.php\/2023\/07\/05\/tuberculose-extrapulmonar-doenca-atinge-ossos-rins-e-cerebro\/\" \/>\n<meta property=\"og:site_name\" content=\"Jornal Fatos e Not\u00edcias\" \/>\n<meta property=\"article:published_time\" content=\"2023-07-05T11:28:40+00:00\" \/>\n<meta property=\"article:modified_time\" content=\"2023-07-05T11:28:41+00:00\" \/>\n<meta property=\"og:image\" content=\"https:\/\/jornalfatosenoticias.com.br\/wp-content\/uploads\/2023\/07\/turbeculose.jpg\" \/>\n\t<meta property=\"og:image:width\" content=\"1000\" \/>\n\t<meta property=\"og:image:height\" content=\"524\" \/>\n\t<meta property=\"og:image:type\" content=\"image\/jpeg\" \/>\n<meta name=\"author\" content=\"Luzimara Fernandes\" \/>\n<meta name=\"twitter:card\" content=\"summary_large_image\" \/>\n<meta name=\"twitter:label1\" content=\"Escrito por\" \/>\n\t<meta name=\"twitter:data1\" content=\"Luzimara Fernandes\" \/>\n\t<meta name=\"twitter:label2\" content=\"Est. tempo de leitura\" \/>\n\t<meta name=\"twitter:data2\" content=\"2 minutos\" \/>\n<script type=\"application\/ld+json\" class=\"yoast-schema-graph\">{\"@context\":\"https:\/\/schema.org\",\"@graph\":[{\"@type\":\"Article\",\"@id\":\"https:\/\/jornalfatosenoticias.com.br\/index.php\/2023\/07\/05\/tuberculose-extrapulmonar-doenca-atinge-ossos-rins-e-cerebro\/#article\",\"isPartOf\":{\"@id\":\"https:\/\/jornalfatosenoticias.com.br\/index.php\/2023\/07\/05\/tuberculose-extrapulmonar-doenca-atinge-ossos-rins-e-cerebro\/\"},\"author\":{\"name\":\"Luzimara Fernandes\",\"@id\":\"https:\/\/jornalfatosenoticias.com.br\/#\/schema\/person\/d63837fa13ac8666eb9e74e0985d6f81\"},\"headline\":\"Tuberculose extrapulmonar: doen\u00e7a atinge ossos, rins e c\u00e9rebro\",\"datePublished\":\"2023-07-05T11:28:40+00:00\",\"dateModified\":\"2023-07-05T11:28:41+00:00\",\"mainEntityOfPage\":{\"@id\":\"https:\/\/jornalfatosenoticias.com.br\/index.php\/2023\/07\/05\/tuberculose-extrapulmonar-doenca-atinge-ossos-rins-e-cerebro\/\"},\"wordCount\":496,\"commentCount\":0,\"publisher\":{\"@id\":\"https:\/\/jornalfatosenoticias.com.br\/#organization\"},\"image\":{\"@id\":\"https:\/\/jornalfatosenoticias.com.br\/index.php\/2023\/07\/05\/tuberculose-extrapulmonar-doenca-atinge-ossos-rins-e-cerebro\/#primaryimage\"},\"thumbnailUrl\":\"https:\/\/jornalfatosenoticias.com.br\/wp-content\/uploads\/2023\/07\/turbeculose.jpg\",\"keywords\":[\"doen\u00e7as \u00f3sseas\",\"sa\u00fade\",\"sa\u00fade \u00f3ssea\",\"tuberculose\",\"tuberculose extrapulmonar\",\"tuberculose nos ossos\"],\"articleSection\":[\"Sa\u00fade\"],\"inLanguage\":\"pt-BR\",\"potentialAction\":[{\"@type\":\"CommentAction\",\"name\":\"Comment\",\"target\":[\"https:\/\/jornalfatosenoticias.com.br\/index.php\/2023\/07\/05\/tuberculose-extrapulmonar-doenca-atinge-ossos-rins-e-cerebro\/#respond\"]}]},{\"@type\":\"WebPage\",\"@id\":\"https:\/\/jornalfatosenoticias.com.br\/index.php\/2023\/07\/05\/tuberculose-extrapulmonar-doenca-atinge-ossos-rins-e-cerebro\/\",\"url\":\"https:\/\/jornalfatosenoticias.com.br\/index.php\/2023\/07\/05\/tuberculose-extrapulmonar-doenca-atinge-ossos-rins-e-cerebro\/\",\"name\":\"Tuberculose extrapulmonar: doen\u00e7a atinge ossos, rins e c\u00e9rebro - Jornal Fatos e Not\u00edcias\",\"isPartOf\":{\"@id\":\"https:\/\/jornalfatosenoticias.com.br\/#website\"},\"primaryImageOfPage\":{\"@id\":\"https:\/\/jornalfatosenoticias.com.br\/index.php\/2023\/07\/05\/tuberculose-extrapulmonar-doenca-atinge-ossos-rins-e-cerebro\/#primaryimage\"},\"image\":{\"@id\":\"https:\/\/jornalfatosenoticias.com.br\/index.php\/2023\/07\/05\/tuberculose-extrapulmonar-doenca-atinge-ossos-rins-e-cerebro\/#primaryimage\"},\"thumbnailUrl\":\"https:\/\/jornalfatosenoticias.com.br\/wp-content\/uploads\/2023\/07\/turbeculose.jpg\",\"datePublished\":\"2023-07-05T11:28:40+00:00\",\"dateModified\":\"2023-07-05T11:28:41+00:00\",\"breadcrumb\":{\"@id\":\"https:\/\/jornalfatosenoticias.com.br\/index.php\/2023\/07\/05\/tuberculose-extrapulmonar-doenca-atinge-ossos-rins-e-cerebro\/#breadcrumb\"},\"inLanguage\":\"pt-BR\",\"potentialAction\":[{\"@type\":\"ReadAction\",\"target\":[\"https:\/\/jornalfatosenoticias.com.br\/index.php\/2023\/07\/05\/tuberculose-extrapulmonar-doenca-atinge-ossos-rins-e-cerebro\/\"]}]},{\"@type\":\"ImageObject\",\"inLanguage\":\"pt-BR\",\"@id\":\"https:\/\/jornalfatosenoticias.com.br\/index.php\/2023\/07\/05\/tuberculose-extrapulmonar-doenca-atinge-ossos-rins-e-cerebro\/#primaryimage\",\"url\":\"https:\/\/jornalfatosenoticias.com.br\/wp-content\/uploads\/2023\/07\/turbeculose.jpg\",\"contentUrl\":\"https:\/\/jornalfatosenoticias.com.br\/wp-content\/uploads\/2023\/07\/turbeculose.jpg\",\"width\":1000,\"height\":524,\"caption\":\"A sick old man coughing and getting medical attention by a female doctor in doctor's office. Heath care, medical support and medical service.\"},{\"@type\":\"BreadcrumbList\",\"@id\":\"https:\/\/jornalfatosenoticias.com.br\/index.php\/2023\/07\/05\/tuberculose-extrapulmonar-doenca-atinge-ossos-rins-e-cerebro\/#breadcrumb\",\"itemListElement\":[{\"@type\":\"ListItem\",\"position\":1,\"name\":\"In\u00edcio\",\"item\":\"https:\/\/jornalfatosenoticias.com.br\/\"},{\"@type\":\"ListItem\",\"position\":2,\"name\":\"Tuberculose extrapulmonar: doen\u00e7a atinge ossos, rins e c\u00e9rebro\"}]},{\"@type\":\"WebSite\",\"@id\":\"https:\/\/jornalfatosenoticias.com.br\/#website\",\"url\":\"https:\/\/jornalfatosenoticias.com.br\/\",\"name\":\"Jornal Fatos e Not\u00edcias\",\"description\":\"Not\u00edcias em geral\",\"publisher\":{\"@id\":\"https:\/\/jornalfatosenoticias.com.br\/#organization\"},\"potentialAction\":[{\"@type\":\"SearchAction\",\"target\":{\"@type\":\"EntryPoint\",\"urlTemplate\":\"https:\/\/jornalfatosenoticias.com.br\/?s={search_term_string}\"},\"query-input\":{\"@type\":\"PropertyValueSpecification\",\"valueRequired\":true,\"valueName\":\"search_term_string\"}}],\"inLanguage\":\"pt-BR\"},{\"@type\":\"Organization\",\"@id\":\"https:\/\/jornalfatosenoticias.com.br\/#organization\",\"name\":\"Jornal Fatos e Not\u00edcias\",\"url\":\"https:\/\/jornalfatosenoticias.com.br\/\",\"logo\":{\"@type\":\"ImageObject\",\"inLanguage\":\"pt-BR\",\"@id\":\"https:\/\/jornalfatosenoticias.com.br\/#\/schema\/logo\/image\/\",\"url\":\"https:\/\/jornalfatosenoticias.com.br\/wp-content\/uploads\/2020\/02\/logo120.png\",\"contentUrl\":\"https:\/\/jornalfatosenoticias.com.br\/wp-content\/uploads\/2020\/02\/logo120.png\",\"width\":1227,\"height\":120,\"caption\":\"Jornal Fatos e Not\u00edcias\"},\"image\":{\"@id\":\"https:\/\/jornalfatosenoticias.com.br\/#\/schema\/logo\/image\/\"}},{\"@type\":\"Person\",\"@id\":\"https:\/\/jornalfatosenoticias.com.br\/#\/schema\/person\/d63837fa13ac8666eb9e74e0985d6f81\",\"name\":\"Luzimara Fernandes\",\"image\":{\"@type\":\"ImageObject\",\"inLanguage\":\"pt-BR\",\"@id\":\"https:\/\/jornalfatosenoticias.com.br\/#\/schema\/person\/image\/\",\"url\":\"https:\/\/jornalfatosenoticias.com.br\/wp-content\/uploads\/2025\/05\/EU_portal.jpg\",\"contentUrl\":\"https:\/\/jornalfatosenoticias.com.br\/wp-content\/uploads\/2025\/05\/EU_portal.jpg\",\"caption\":\"Luzimara Fernandes\"},\"description\":\"Jornalista MTB 2358-ES\",\"sameAs\":[\"https:\/\/jornalfatosenoticias.com.br\"],\"url\":\"https:\/\/jornalfatosenoticias.com.br\/index.php\/author\/luzimara\/\"}]}<\/script>\n<!-- \/ Yoast SEO plugin. -->","yoast_head_json":{"title":"Tuberculose extrapulmonar: doen\u00e7a atinge ossos, rins e c\u00e9rebro - Jornal Fatos e Not\u00edcias","robots":{"index":"index","follow":"follow","max-snippet":"max-snippet:-1","max-image-preview":"max-image-preview:large","max-video-preview":"max-video-preview:-1"},"canonical":"https:\/\/jornalfatosenoticias.com.br\/index.php\/2023\/07\/05\/tuberculose-extrapulmonar-doenca-atinge-ossos-rins-e-cerebro\/","og_locale":"pt_BR","og_type":"article","og_title":"Tuberculose extrapulmonar: doen\u00e7a atinge ossos, rins e c\u00e9rebro - Jornal Fatos e Not\u00edcias","og_description":"A tuberculose \u00e9 uma doen\u00e7a infecciosa, transmitida atrav\u00e9s do ar. Dessa forma, quando uma pessoa infectada tosse, fala ou espirra, libera pequenas part\u00edculas de saliva contendo as bact\u00e9rias mycobacterium tuberculosis. Embora a forma mais comum e mais conhecida da tuberculose atinja os pulm\u00f5es, tamb\u00e9m pode afetar outros \u00f3rg\u00e3os e partes do corpo, como os ossos, [&hellip;]","og_url":"https:\/\/jornalfatosenoticias.com.br\/index.php\/2023\/07\/05\/tuberculose-extrapulmonar-doenca-atinge-ossos-rins-e-cerebro\/","og_site_name":"Jornal Fatos e Not\u00edcias","article_published_time":"2023-07-05T11:28:40+00:00","article_modified_time":"2023-07-05T11:28:41+00:00","og_image":[{"width":1000,"height":524,"url":"https:\/\/jornalfatosenoticias.com.br\/wp-content\/uploads\/2023\/07\/turbeculose.jpg","type":"image\/jpeg"}],"author":"Luzimara Fernandes","twitter_card":"summary_large_image","twitter_misc":{"Escrito por":"Luzimara Fernandes","Est. tempo de leitura":"2 minutos"},"schema":{"@context":"https:\/\/schema.org","@graph":[{"@type":"Article","@id":"https:\/\/jornalfatosenoticias.com.br\/index.php\/2023\/07\/05\/tuberculose-extrapulmonar-doenca-atinge-ossos-rins-e-cerebro\/#article","isPartOf":{"@id":"https:\/\/jornalfatosenoticias.com.br\/index.php\/2023\/07\/05\/tuberculose-extrapulmonar-doenca-atinge-ossos-rins-e-cerebro\/"},"author":{"name":"Luzimara Fernandes","@id":"https:\/\/jornalfatosenoticias.com.br\/#\/schema\/person\/d63837fa13ac8666eb9e74e0985d6f81"},"headline":"Tuberculose extrapulmonar: doen\u00e7a atinge ossos, rins e c\u00e9rebro","datePublished":"2023-07-05T11:28:40+00:00","dateModified":"2023-07-05T11:28:41+00:00","mainEntityOfPage":{"@id":"https:\/\/jornalfatosenoticias.com.br\/index.php\/2023\/07\/05\/tuberculose-extrapulmonar-doenca-atinge-ossos-rins-e-cerebro\/"},"wordCount":496,"commentCount":0,"publisher":{"@id":"https:\/\/jornalfatosenoticias.com.br\/#organization"},"image":{"@id":"https:\/\/jornalfatosenoticias.com.br\/index.php\/2023\/07\/05\/tuberculose-extrapulmonar-doenca-atinge-ossos-rins-e-cerebro\/#primaryimage"},"thumbnailUrl":"https:\/\/jornalfatosenoticias.com.br\/wp-content\/uploads\/2023\/07\/turbeculose.jpg","keywords":["doen\u00e7as \u00f3sseas","sa\u00fade","sa\u00fade \u00f3ssea","tuberculose","tuberculose extrapulmonar","tuberculose nos ossos"],"articleSection":["Sa\u00fade"],"inLanguage":"pt-BR","potentialAction":[{"@type":"CommentAction","name":"Comment","target":["https:\/\/jornalfatosenoticias.com.br\/index.php\/2023\/07\/05\/tuberculose-extrapulmonar-doenca-atinge-ossos-rins-e-cerebro\/#respond"]}]},{"@type":"WebPage","@id":"https:\/\/jornalfatosenoticias.com.br\/index.php\/2023\/07\/05\/tuberculose-extrapulmonar-doenca-atinge-ossos-rins-e-cerebro\/","url":"https:\/\/jornalfatosenoticias.com.br\/index.php\/2023\/07\/05\/tuberculose-extrapulmonar-doenca-atinge-ossos-rins-e-cerebro\/","name":"Tuberculose extrapulmonar: doen\u00e7a atinge ossos, rins e c\u00e9rebro - Jornal Fatos e Not\u00edcias","isPartOf":{"@id":"https:\/\/jornalfatosenoticias.com.br\/#website"},"primaryImageOfPage":{"@id":"https:\/\/jornalfatosenoticias.com.br\/index.php\/2023\/07\/05\/tuberculose-extrapulmonar-doenca-atinge-ossos-rins-e-cerebro\/#primaryimage"},"image":{"@id":"https:\/\/jornalfatosenoticias.com.br\/index.php\/2023\/07\/05\/tuberculose-extrapulmonar-doenca-atinge-ossos-rins-e-cerebro\/#primaryimage"},"thumbnailUrl":"https:\/\/jornalfatosenoticias.com.br\/wp-content\/uploads\/2023\/07\/turbeculose.jpg","datePublished":"2023-07-05T11:28:40+00:00","dateModified":"2023-07-05T11:28:41+00:00","breadcrumb":{"@id":"https:\/\/jornalfatosenoticias.com.br\/index.php\/2023\/07\/05\/tuberculose-extrapulmonar-doenca-atinge-ossos-rins-e-cerebro\/#breadcrumb"},"inLanguage":"pt-BR","potentialAction":[{"@type":"ReadAction","target":["https:\/\/jornalfatosenoticias.com.br\/index.php\/2023\/07\/05\/tuberculose-extrapulmonar-doenca-atinge-ossos-rins-e-cerebro\/"]}]},{"@type":"ImageObject","inLanguage":"pt-BR","@id":"https:\/\/jornalfatosenoticias.com.br\/index.php\/2023\/07\/05\/tuberculose-extrapulmonar-doenca-atinge-ossos-rins-e-cerebro\/#primaryimage","url":"https:\/\/jornalfatosenoticias.com.br\/wp-content\/uploads\/2023\/07\/turbeculose.jpg","contentUrl":"https:\/\/jornalfatosenoticias.com.br\/wp-content\/uploads\/2023\/07\/turbeculose.jpg","width":1000,"height":524,"caption":"A sick old man coughing and getting medical attention by a female doctor in doctor's office. Heath care, medical support and medical service."},{"@type":"BreadcrumbList","@id":"https:\/\/jornalfatosenoticias.com.br\/index.php\/2023\/07\/05\/tuberculose-extrapulmonar-doenca-atinge-ossos-rins-e-cerebro\/#breadcrumb","itemListElement":[{"@type":"ListItem","position":1,"name":"In\u00edcio","item":"https:\/\/jornalfatosenoticias.com.br\/"},{"@type":"ListItem","position":2,"name":"Tuberculose extrapulmonar: doen\u00e7a atinge ossos, rins e c\u00e9rebro"}]},{"@type":"WebSite","@id":"https:\/\/jornalfatosenoticias.com.br\/#website","url":"https:\/\/jornalfatosenoticias.com.br\/","name":"Jornal Fatos e Not\u00edcias","description":"Not\u00edcias em geral","publisher":{"@id":"https:\/\/jornalfatosenoticias.com.br\/#organization"},"potentialAction":[{"@type":"SearchAction","target":{"@type":"EntryPoint","urlTemplate":"https:\/\/jornalfatosenoticias.com.br\/?s={search_term_string}"},"query-input":{"@type":"PropertyValueSpecification","valueRequired":true,"valueName":"search_term_string"}}],"inLanguage":"pt-BR"},{"@type":"Organization","@id":"https:\/\/jornalfatosenoticias.com.br\/#organization","name":"Jornal Fatos e Not\u00edcias","url":"https:\/\/jornalfatosenoticias.com.br\/","logo":{"@type":"ImageObject","inLanguage":"pt-BR","@id":"https:\/\/jornalfatosenoticias.com.br\/#\/schema\/logo\/image\/","url":"https:\/\/jornalfatosenoticias.com.br\/wp-content\/uploads\/2020\/02\/logo120.png","contentUrl":"https:\/\/jornalfatosenoticias.com.br\/wp-content\/uploads\/2020\/02\/logo120.png","width":1227,"height":120,"caption":"Jornal Fatos e Not\u00edcias"},"image":{"@id":"https:\/\/jornalfatosenoticias.com.br\/#\/schema\/logo\/image\/"}},{"@type":"Person","@id":"https:\/\/jornalfatosenoticias.com.br\/#\/schema\/person\/d63837fa13ac8666eb9e74e0985d6f81","name":"Luzimara Fernandes","image":{"@type":"ImageObject","inLanguage":"pt-BR","@id":"https:\/\/jornalfatosenoticias.com.br\/#\/schema\/person\/image\/","url":"https:\/\/jornalfatosenoticias.com.br\/wp-content\/uploads\/2025\/05\/EU_portal.jpg","contentUrl":"https:\/\/jornalfatosenoticias.com.br\/wp-content\/uploads\/2025\/05\/EU_portal.jpg","caption":"Luzimara Fernandes"},"description":"Jornalista MTB 2358-ES","sameAs":["https:\/\/jornalfatosenoticias.com.br"],"url":"https:\/\/jornalfatosenoticias.com.br\/index.php\/author\/luzimara\/"}]}},"cc_featured_image_caption":{"caption_text":"(Foto: iStock)","source_text":"","source_url":""},"jetpack_featured_media_url":"https:\/\/jornalfatosenoticias.com.br\/wp-content\/uploads\/2023\/07\/turbeculose.jpg","_links":{"self":[{"href":"https:\/\/jornalfatosenoticias.com.br\/index.php\/wp-json\/wp\/v2\/posts\/43031","targetHints":{"allow":["GET"]}}],"collection":[{"href":"https:\/\/jornalfatosenoticias.com.br\/index.php\/wp-json\/wp\/v2\/posts"}],"about":[{"href":"https:\/\/jornalfatosenoticias.com.br\/index.php\/wp-json\/wp\/v2\/types\/post"}],"author":[{"embeddable":true,"href":"https:\/\/jornalfatosenoticias.com.br\/index.php\/wp-json\/wp\/v2\/users\/2"}],"replies":[{"embeddable":true,"href":"https:\/\/jornalfatosenoticias.com.br\/index.php\/wp-json\/wp\/v2\/comments?post=43031"}],"version-history":[{"count":0,"href":"https:\/\/jornalfatosenoticias.com.br\/index.php\/wp-json\/wp\/v2\/posts\/43031\/revisions"}],"wp:featuredmedia":[{"embeddable":true,"href":"https:\/\/jornalfatosenoticias.com.br\/index.php\/wp-json\/wp\/v2\/media\/43032"}],"wp:attachment":[{"href":"https:\/\/jornalfatosenoticias.com.br\/index.php\/wp-json\/wp\/v2\/media?parent=43031"}],"wp:term":[{"taxonomy":"category","embeddable":true,"href":"https:\/\/jornalfatosenoticias.com.br\/index.php\/wp-json\/wp\/v2\/categories?post=43031"},{"taxonomy":"post_tag","embeddable":true,"href":"https:\/\/jornalfatosenoticias.com.br\/index.php\/wp-json\/wp\/v2\/tags?post=43031"}],"curies":[{"name":"wp","href":"https:\/\/api.w.org\/{rel}","templated":true}]}}