{"id":43053,"date":"2023-07-05T10:14:30","date_gmt":"2023-07-05T13:14:30","guid":{"rendered":"https:\/\/jornalfatosenoticias.com.br\/?p=43053"},"modified":"2023-07-05T10:14:32","modified_gmt":"2023-07-05T13:14:32","slug":"presidente-uruguaio-cita-lula-e-retoma-oposicao-a-ditadura-venezuelana","status":"publish","type":"post","link":"https:\/\/jornalfatosenoticias.com.br\/index.php\/2023\/07\/05\/presidente-uruguaio-cita-lula-e-retoma-oposicao-a-ditadura-venezuelana\/","title":{"rendered":"Presidente uruguaio cita Lula e retoma oposi\u00e7\u00e3o \u00e0 ditadura venezuelana"},"content":{"rendered":"\n<p><em><span class=\"has-inline-color has-black-color\">Regime de Nicol\u00e1s Maduro foi alvo de cr\u00edticas em encontro do Mercosul<\/span><\/em><\/p>\n\n\n\n<p><em><span class=\"has-inline-color has-black-color\">Por <strong><a href=\"https:\/\/www.conexaopolitica.com.br\/author\/raul\/\">Raul Holderf Nascimento<\/a><\/strong><\/span><\/em><\/p>\n\n\n\n<div class=\"wp-block-image\"><figure class=\"aligncenter size-large\"><img loading=\"lazy\" decoding=\"async\" width=\"1024\" height=\"100\" src=\"https:\/\/jornalfatosenoticias.com.br\/wp-content\/uploads\/2020\/02\/banner_ferramentas-1024x100.jpg\" alt=\"\" class=\"wp-image-1258\" srcset=\"https:\/\/jornalfatosenoticias.com.br\/wp-content\/uploads\/2020\/02\/banner_ferramentas-1024x100.jpg 1024w, https:\/\/jornalfatosenoticias.com.br\/wp-content\/uploads\/2020\/02\/banner_ferramentas-300x29.jpg 300w, https:\/\/jornalfatosenoticias.com.br\/wp-content\/uploads\/2020\/02\/banner_ferramentas-768x75.jpg 768w, https:\/\/jornalfatosenoticias.com.br\/wp-content\/uploads\/2020\/02\/banner_ferramentas.jpg 1227w\" sizes=\"auto, (max-width: 1024px) 100vw, 1024px\" \/><\/figure><\/div>\n\n\n\n<p>Oposi\u00e7\u00e3o mais uma vez. O presidente do Uruguai, Luis Lacalle Pou, voltou a criticar, nesta ter\u00e7a-feira (4), a ditadura de Nicol\u00e1s Maduro. Durante a c\u00fapula do Mercosul, o l\u00edder uruguaio quer medidas sobre o que acontece na Venezuela.<\/p>\n\n\n\n<blockquote class=\"wp-block-quote is-layout-flow wp-block-quote-is-layout-flow\"><p><span class=\"has-inline-color has-luminous-vivid-orange-color\">Todos aqui sabemos o que pensamos sobre o regime venezuelano, todos temos opini\u00e3o clara. \u00c9 preciso sermos objetivos. [..] Est\u00e1 claro que a Venezuela n\u00e3o vai se tornar uma democracia saud\u00e1vel, se quando h\u00e1 um ind\u00edcio de possibilidade de uma elei\u00e7\u00e3o, uma candidata como Maria Corina Machado, que tem um enorme potencial, \u00e9 desqualificada por motivos pol\u00edticos, e n\u00e3o jur\u00eddicos\u201d, afirmou.<\/span><\/p><\/blockquote>\n\n\n\n<div class=\"wp-block-image\"><figure class=\"aligncenter size-large is-resized\"><img loading=\"lazy\" decoding=\"async\" src=\"https:\/\/jornalfatosenoticias.com.br\/wp-content\/uploads\/2020\/02\/casa-do-torresmo_portal.jpg\" alt=\"\" class=\"wp-image-34472\" width=\"251\" height=\"251\" srcset=\"https:\/\/jornalfatosenoticias.com.br\/wp-content\/uploads\/2020\/02\/casa-do-torresmo_portal.jpg 300w, https:\/\/jornalfatosenoticias.com.br\/wp-content\/uploads\/2020\/02\/casa-do-torresmo_portal-150x150.jpg 150w\" sizes=\"auto, (max-width: 251px) 100vw, 251px\" \/><\/figure><\/div>\n\n\n\n<blockquote class=\"wp-block-quote is-layout-flow wp-block-quote-is-layout-flow\"><p><span class=\"has-inline-color has-luminous-vivid-orange-color\">E alguns dir\u00e3o: \u2018o que isso tem a ver com o Mercosul?\u2019 Tem a ver porque os distintos blocos e associa\u00e7\u00f5es do mundo al\u00e7aram sua voz a favor da democracia. [\u2026] Creio que o Mercosul tenha que dar um sinal claro para que o povo venezuelano possa encaminhar-se a uma democracia plena, que, claramente, hoje n\u00e3o existe\u201d, acrescentou.<\/span><\/p><\/blockquote>\n\n\n\n<div class=\"wp-block-image\"><figure class=\"aligncenter size-large is-resized\"><img loading=\"lazy\" decoding=\"async\" src=\"https:\/\/jornalfatosenoticias.com.br\/wp-content\/uploads\/2022\/10\/RC_800x750_page-0001.jpg\" alt=\"\" class=\"wp-image-35338\" width=\"260\" height=\"244\" srcset=\"https:\/\/jornalfatosenoticias.com.br\/wp-content\/uploads\/2022\/10\/RC_800x750_page-0001.jpg 400w, https:\/\/jornalfatosenoticias.com.br\/wp-content\/uploads\/2022\/10\/RC_800x750_page-0001-300x281.jpg 300w\" sizes=\"auto, (max-width: 260px) 100vw, 260px\" \/><\/figure><\/div>\n\n\n\n<p>Na \u00faltima sexta-feira (30), a Controladoria-Geral venezuelana tornou ineleg\u00edvel a ex-deputada Mar\u00eda Corina Machado, tida como a principal opositora do ditador Nicol\u00e1s Maduro. Ela est\u00e1 impedida de concorrer por 15 anos.<\/p>\n\n\n\n<p><strong><em>Fonte: <a href=\"https:\/\/www.conexaopolitica.com.br\/internacional\/presidente-uruguaio-cita-lula-e-retoma-oposicao-a-ditadura-venezuelana\/\">Conex\u00e3o Pol\u00edtica<\/a><\/em><\/strong><\/p>\n","protected":false},"excerpt":{"rendered":"<p>Regime de Nicol\u00e1s Maduro foi alvo de cr\u00edticas em encontro do Mercosul Por Raul Holderf Nascimento Oposi\u00e7\u00e3o mais uma vez. O presidente do Uruguai, Luis Lacalle Pou, voltou a criticar, nesta ter\u00e7a-feira (4), a ditadura de Nicol\u00e1s Maduro. Durante a c\u00fapula do Mercosul, o l\u00edder uruguaio quer medidas sobre o que acontece na Venezuela. Todos [&hellip;]<\/p>\n","protected":false},"author":2,"featured_media":43054,"comment_status":"open","ping_status":"open","sticky":false,"template":"","format":"standard","meta":{"footnotes":""},"categories":[41],"tags":[20257,7580,17015,20258,8605],"class_list":["post-43053","post","type-post","status-publish","format-standard","has-post-thumbnail","hentry","category-internacional","tag-luis-lacalle-pou","tag-lula","tag-mercosul","tag-uruguai","tag-venezuela"],"yoast_head":"<!-- This site is optimized with the Yoast SEO plugin v26.5 - https:\/\/yoast.com\/wordpress\/plugins\/seo\/ -->\n<title>Presidente uruguaio cita Lula e retoma oposi\u00e7\u00e3o \u00e0 ditadura venezuelana - Jornal Fatos e Not\u00edcias<\/title>\n<meta name=\"robots\" content=\"index, follow, max-snippet:-1, max-image-preview:large, max-video-preview:-1\" \/>\n<link rel=\"canonical\" href=\"https:\/\/jornalfatosenoticias.com.br\/index.php\/2023\/07\/05\/presidente-uruguaio-cita-lula-e-retoma-oposicao-a-ditadura-venezuelana\/\" \/>\n<meta property=\"og:locale\" content=\"pt_BR\" \/>\n<meta property=\"og:type\" content=\"article\" \/>\n<meta property=\"og:title\" content=\"Presidente uruguaio cita Lula e retoma oposi\u00e7\u00e3o \u00e0 ditadura venezuelana - Jornal Fatos e Not\u00edcias\" \/>\n<meta property=\"og:description\" content=\"Regime de Nicol\u00e1s Maduro foi alvo de cr\u00edticas em encontro do Mercosul Por Raul Holderf Nascimento Oposi\u00e7\u00e3o mais uma vez. O presidente do Uruguai, Luis Lacalle Pou, voltou a criticar, nesta ter\u00e7a-feira (4), a ditadura de Nicol\u00e1s Maduro. Durante a c\u00fapula do Mercosul, o l\u00edder uruguaio quer medidas sobre o que acontece na Venezuela. Todos [&hellip;]\" \/>\n<meta property=\"og:url\" content=\"https:\/\/jornalfatosenoticias.com.br\/index.php\/2023\/07\/05\/presidente-uruguaio-cita-lula-e-retoma-oposicao-a-ditadura-venezuelana\/\" \/>\n<meta property=\"og:site_name\" content=\"Jornal Fatos e Not\u00edcias\" \/>\n<meta property=\"article:published_time\" content=\"2023-07-05T13:14:30+00:00\" \/>\n<meta property=\"article:modified_time\" content=\"2023-07-05T13:14:32+00:00\" \/>\n<meta property=\"og:image\" content=\"https:\/\/jornalfatosenoticias.com.br\/wp-content\/uploads\/2023\/07\/Presidente-Uruguai-Lula.jpg\" \/>\n\t<meta property=\"og:image:width\" content=\"1000\" \/>\n\t<meta property=\"og:image:height\" content=\"585\" \/>\n\t<meta property=\"og:image:type\" content=\"image\/jpeg\" \/>\n<meta name=\"author\" content=\"Luzimara Fernandes\" \/>\n<meta name=\"twitter:card\" content=\"summary_large_image\" \/>\n<meta name=\"twitter:label1\" content=\"Escrito por\" \/>\n\t<meta name=\"twitter:data1\" content=\"Luzimara Fernandes\" \/>\n\t<meta name=\"twitter:label2\" content=\"Est. tempo de leitura\" \/>\n\t<meta name=\"twitter:data2\" content=\"1 minuto\" \/>\n<script type=\"application\/ld+json\" class=\"yoast-schema-graph\">{\"@context\":\"https:\/\/schema.org\",\"@graph\":[{\"@type\":\"Article\",\"@id\":\"https:\/\/jornalfatosenoticias.com.br\/index.php\/2023\/07\/05\/presidente-uruguaio-cita-lula-e-retoma-oposicao-a-ditadura-venezuelana\/#article\",\"isPartOf\":{\"@id\":\"https:\/\/jornalfatosenoticias.com.br\/index.php\/2023\/07\/05\/presidente-uruguaio-cita-lula-e-retoma-oposicao-a-ditadura-venezuelana\/\"},\"author\":{\"name\":\"Luzimara Fernandes\",\"@id\":\"https:\/\/jornalfatosenoticias.com.br\/#\/schema\/person\/d63837fa13ac8666eb9e74e0985d6f81\"},\"headline\":\"Presidente uruguaio cita Lula e retoma oposi\u00e7\u00e3o \u00e0 ditadura venezuelana\",\"datePublished\":\"2023-07-05T13:14:30+00:00\",\"dateModified\":\"2023-07-05T13:14:32+00:00\",\"mainEntityOfPage\":{\"@id\":\"https:\/\/jornalfatosenoticias.com.br\/index.php\/2023\/07\/05\/presidente-uruguaio-cita-lula-e-retoma-oposicao-a-ditadura-venezuelana\/\"},\"wordCount\":234,\"commentCount\":0,\"publisher\":{\"@id\":\"https:\/\/jornalfatosenoticias.com.br\/#organization\"},\"image\":{\"@id\":\"https:\/\/jornalfatosenoticias.com.br\/index.php\/2023\/07\/05\/presidente-uruguaio-cita-lula-e-retoma-oposicao-a-ditadura-venezuelana\/#primaryimage\"},\"thumbnailUrl\":\"https:\/\/jornalfatosenoticias.com.br\/wp-content\/uploads\/2023\/07\/Presidente-Uruguai-Lula.jpg\",\"keywords\":[\"Luis Lacalle Pou\",\"Lula\",\"Mercosul\",\"Uruguai\",\"Venezuela\"],\"articleSection\":[\"Internacional\"],\"inLanguage\":\"pt-BR\",\"potentialAction\":[{\"@type\":\"CommentAction\",\"name\":\"Comment\",\"target\":[\"https:\/\/jornalfatosenoticias.com.br\/index.php\/2023\/07\/05\/presidente-uruguaio-cita-lula-e-retoma-oposicao-a-ditadura-venezuelana\/#respond\"]}]},{\"@type\":\"WebPage\",\"@id\":\"https:\/\/jornalfatosenoticias.com.br\/index.php\/2023\/07\/05\/presidente-uruguaio-cita-lula-e-retoma-oposicao-a-ditadura-venezuelana\/\",\"url\":\"https:\/\/jornalfatosenoticias.com.br\/index.php\/2023\/07\/05\/presidente-uruguaio-cita-lula-e-retoma-oposicao-a-ditadura-venezuelana\/\",\"name\":\"Presidente uruguaio cita Lula e retoma oposi\u00e7\u00e3o \u00e0 ditadura venezuelana - Jornal Fatos e Not\u00edcias\",\"isPartOf\":{\"@id\":\"https:\/\/jornalfatosenoticias.com.br\/#website\"},\"primaryImageOfPage\":{\"@id\":\"https:\/\/jornalfatosenoticias.com.br\/index.php\/2023\/07\/05\/presidente-uruguaio-cita-lula-e-retoma-oposicao-a-ditadura-venezuelana\/#primaryimage\"},\"image\":{\"@id\":\"https:\/\/jornalfatosenoticias.com.br\/index.php\/2023\/07\/05\/presidente-uruguaio-cita-lula-e-retoma-oposicao-a-ditadura-venezuelana\/#primaryimage\"},\"thumbnailUrl\":\"https:\/\/jornalfatosenoticias.com.br\/wp-content\/uploads\/2023\/07\/Presidente-Uruguai-Lula.jpg\",\"datePublished\":\"2023-07-05T13:14:30+00:00\",\"dateModified\":\"2023-07-05T13:14:32+00:00\",\"breadcrumb\":{\"@id\":\"https:\/\/jornalfatosenoticias.com.br\/index.php\/2023\/07\/05\/presidente-uruguaio-cita-lula-e-retoma-oposicao-a-ditadura-venezuelana\/#breadcrumb\"},\"inLanguage\":\"pt-BR\",\"potentialAction\":[{\"@type\":\"ReadAction\",\"target\":[\"https:\/\/jornalfatosenoticias.com.br\/index.php\/2023\/07\/05\/presidente-uruguaio-cita-lula-e-retoma-oposicao-a-ditadura-venezuelana\/\"]}]},{\"@type\":\"ImageObject\",\"inLanguage\":\"pt-BR\",\"@id\":\"https:\/\/jornalfatosenoticias.com.br\/index.php\/2023\/07\/05\/presidente-uruguaio-cita-lula-e-retoma-oposicao-a-ditadura-venezuelana\/#primaryimage\",\"url\":\"https:\/\/jornalfatosenoticias.com.br\/wp-content\/uploads\/2023\/07\/Presidente-Uruguai-Lula.jpg\",\"contentUrl\":\"https:\/\/jornalfatosenoticias.com.br\/wp-content\/uploads\/2023\/07\/Presidente-Uruguai-Lula.jpg\",\"width\":1000,\"height\":585},{\"@type\":\"BreadcrumbList\",\"@id\":\"https:\/\/jornalfatosenoticias.com.br\/index.php\/2023\/07\/05\/presidente-uruguaio-cita-lula-e-retoma-oposicao-a-ditadura-venezuelana\/#breadcrumb\",\"itemListElement\":[{\"@type\":\"ListItem\",\"position\":1,\"name\":\"In\u00edcio\",\"item\":\"https:\/\/jornalfatosenoticias.com.br\/\"},{\"@type\":\"ListItem\",\"position\":2,\"name\":\"Presidente uruguaio cita Lula e retoma oposi\u00e7\u00e3o \u00e0 ditadura venezuelana\"}]},{\"@type\":\"WebSite\",\"@id\":\"https:\/\/jornalfatosenoticias.com.br\/#website\",\"url\":\"https:\/\/jornalfatosenoticias.com.br\/\",\"name\":\"Jornal Fatos e Not\u00edcias\",\"description\":\"Not\u00edcias em geral\",\"publisher\":{\"@id\":\"https:\/\/jornalfatosenoticias.com.br\/#organization\"},\"potentialAction\":[{\"@type\":\"SearchAction\",\"target\":{\"@type\":\"EntryPoint\",\"urlTemplate\":\"https:\/\/jornalfatosenoticias.com.br\/?s={search_term_string}\"},\"query-input\":{\"@type\":\"PropertyValueSpecification\",\"valueRequired\":true,\"valueName\":\"search_term_string\"}}],\"inLanguage\":\"pt-BR\"},{\"@type\":\"Organization\",\"@id\":\"https:\/\/jornalfatosenoticias.com.br\/#organization\",\"name\":\"Jornal Fatos e Not\u00edcias\",\"url\":\"https:\/\/jornalfatosenoticias.com.br\/\",\"logo\":{\"@type\":\"ImageObject\",\"inLanguage\":\"pt-BR\",\"@id\":\"https:\/\/jornalfatosenoticias.com.br\/#\/schema\/logo\/image\/\",\"url\":\"https:\/\/jornalfatosenoticias.com.br\/wp-content\/uploads\/2020\/02\/logo120.png\",\"contentUrl\":\"https:\/\/jornalfatosenoticias.com.br\/wp-content\/uploads\/2020\/02\/logo120.png\",\"width\":1227,\"height\":120,\"caption\":\"Jornal Fatos e Not\u00edcias\"},\"image\":{\"@id\":\"https:\/\/jornalfatosenoticias.com.br\/#\/schema\/logo\/image\/\"}},{\"@type\":\"Person\",\"@id\":\"https:\/\/jornalfatosenoticias.com.br\/#\/schema\/person\/d63837fa13ac8666eb9e74e0985d6f81\",\"name\":\"Luzimara Fernandes\",\"image\":{\"@type\":\"ImageObject\",\"inLanguage\":\"pt-BR\",\"@id\":\"https:\/\/jornalfatosenoticias.com.br\/#\/schema\/person\/image\/\",\"url\":\"https:\/\/jornalfatosenoticias.com.br\/wp-content\/uploads\/2025\/05\/EU_portal.jpg\",\"contentUrl\":\"https:\/\/jornalfatosenoticias.com.br\/wp-content\/uploads\/2025\/05\/EU_portal.jpg\",\"caption\":\"Luzimara Fernandes\"},\"description\":\"Jornalista MTB 2358-ES\",\"sameAs\":[\"https:\/\/jornalfatosenoticias.com.br\"],\"url\":\"https:\/\/jornalfatosenoticias.com.br\/index.php\/author\/luzimara\/\"}]}<\/script>\n<!-- \/ Yoast SEO plugin. -->","yoast_head_json":{"title":"Presidente uruguaio cita Lula e retoma oposi\u00e7\u00e3o \u00e0 ditadura venezuelana - Jornal Fatos e Not\u00edcias","robots":{"index":"index","follow":"follow","max-snippet":"max-snippet:-1","max-image-preview":"max-image-preview:large","max-video-preview":"max-video-preview:-1"},"canonical":"https:\/\/jornalfatosenoticias.com.br\/index.php\/2023\/07\/05\/presidente-uruguaio-cita-lula-e-retoma-oposicao-a-ditadura-venezuelana\/","og_locale":"pt_BR","og_type":"article","og_title":"Presidente uruguaio cita Lula e retoma oposi\u00e7\u00e3o \u00e0 ditadura venezuelana - Jornal Fatos e Not\u00edcias","og_description":"Regime de Nicol\u00e1s Maduro foi alvo de cr\u00edticas em encontro do Mercosul Por Raul Holderf Nascimento Oposi\u00e7\u00e3o mais uma vez. O presidente do Uruguai, Luis Lacalle Pou, voltou a criticar, nesta ter\u00e7a-feira (4), a ditadura de Nicol\u00e1s Maduro. Durante a c\u00fapula do Mercosul, o l\u00edder uruguaio quer medidas sobre o que acontece na Venezuela. Todos [&hellip;]","og_url":"https:\/\/jornalfatosenoticias.com.br\/index.php\/2023\/07\/05\/presidente-uruguaio-cita-lula-e-retoma-oposicao-a-ditadura-venezuelana\/","og_site_name":"Jornal Fatos e Not\u00edcias","article_published_time":"2023-07-05T13:14:30+00:00","article_modified_time":"2023-07-05T13:14:32+00:00","og_image":[{"width":1000,"height":585,"url":"https:\/\/jornalfatosenoticias.com.br\/wp-content\/uploads\/2023\/07\/Presidente-Uruguai-Lula.jpg","type":"image\/jpeg"}],"author":"Luzimara Fernandes","twitter_card":"summary_large_image","twitter_misc":{"Escrito por":"Luzimara Fernandes","Est. tempo de leitura":"1 minuto"},"schema":{"@context":"https:\/\/schema.org","@graph":[{"@type":"Article","@id":"https:\/\/jornalfatosenoticias.com.br\/index.php\/2023\/07\/05\/presidente-uruguaio-cita-lula-e-retoma-oposicao-a-ditadura-venezuelana\/#article","isPartOf":{"@id":"https:\/\/jornalfatosenoticias.com.br\/index.php\/2023\/07\/05\/presidente-uruguaio-cita-lula-e-retoma-oposicao-a-ditadura-venezuelana\/"},"author":{"name":"Luzimara Fernandes","@id":"https:\/\/jornalfatosenoticias.com.br\/#\/schema\/person\/d63837fa13ac8666eb9e74e0985d6f81"},"headline":"Presidente uruguaio cita Lula e retoma oposi\u00e7\u00e3o \u00e0 ditadura venezuelana","datePublished":"2023-07-05T13:14:30+00:00","dateModified":"2023-07-05T13:14:32+00:00","mainEntityOfPage":{"@id":"https:\/\/jornalfatosenoticias.com.br\/index.php\/2023\/07\/05\/presidente-uruguaio-cita-lula-e-retoma-oposicao-a-ditadura-venezuelana\/"},"wordCount":234,"commentCount":0,"publisher":{"@id":"https:\/\/jornalfatosenoticias.com.br\/#organization"},"image":{"@id":"https:\/\/jornalfatosenoticias.com.br\/index.php\/2023\/07\/05\/presidente-uruguaio-cita-lula-e-retoma-oposicao-a-ditadura-venezuelana\/#primaryimage"},"thumbnailUrl":"https:\/\/jornalfatosenoticias.com.br\/wp-content\/uploads\/2023\/07\/Presidente-Uruguai-Lula.jpg","keywords":["Luis Lacalle Pou","Lula","Mercosul","Uruguai","Venezuela"],"articleSection":["Internacional"],"inLanguage":"pt-BR","potentialAction":[{"@type":"CommentAction","name":"Comment","target":["https:\/\/jornalfatosenoticias.com.br\/index.php\/2023\/07\/05\/presidente-uruguaio-cita-lula-e-retoma-oposicao-a-ditadura-venezuelana\/#respond"]}]},{"@type":"WebPage","@id":"https:\/\/jornalfatosenoticias.com.br\/index.php\/2023\/07\/05\/presidente-uruguaio-cita-lula-e-retoma-oposicao-a-ditadura-venezuelana\/","url":"https:\/\/jornalfatosenoticias.com.br\/index.php\/2023\/07\/05\/presidente-uruguaio-cita-lula-e-retoma-oposicao-a-ditadura-venezuelana\/","name":"Presidente uruguaio cita Lula e retoma oposi\u00e7\u00e3o \u00e0 ditadura venezuelana - Jornal Fatos e Not\u00edcias","isPartOf":{"@id":"https:\/\/jornalfatosenoticias.com.br\/#website"},"primaryImageOfPage":{"@id":"https:\/\/jornalfatosenoticias.com.br\/index.php\/2023\/07\/05\/presidente-uruguaio-cita-lula-e-retoma-oposicao-a-ditadura-venezuelana\/#primaryimage"},"image":{"@id":"https:\/\/jornalfatosenoticias.com.br\/index.php\/2023\/07\/05\/presidente-uruguaio-cita-lula-e-retoma-oposicao-a-ditadura-venezuelana\/#primaryimage"},"thumbnailUrl":"https:\/\/jornalfatosenoticias.com.br\/wp-content\/uploads\/2023\/07\/Presidente-Uruguai-Lula.jpg","datePublished":"2023-07-05T13:14:30+00:00","dateModified":"2023-07-05T13:14:32+00:00","breadcrumb":{"@id":"https:\/\/jornalfatosenoticias.com.br\/index.php\/2023\/07\/05\/presidente-uruguaio-cita-lula-e-retoma-oposicao-a-ditadura-venezuelana\/#breadcrumb"},"inLanguage":"pt-BR","potentialAction":[{"@type":"ReadAction","target":["https:\/\/jornalfatosenoticias.com.br\/index.php\/2023\/07\/05\/presidente-uruguaio-cita-lula-e-retoma-oposicao-a-ditadura-venezuelana\/"]}]},{"@type":"ImageObject","inLanguage":"pt-BR","@id":"https:\/\/jornalfatosenoticias.com.br\/index.php\/2023\/07\/05\/presidente-uruguaio-cita-lula-e-retoma-oposicao-a-ditadura-venezuelana\/#primaryimage","url":"https:\/\/jornalfatosenoticias.com.br\/wp-content\/uploads\/2023\/07\/Presidente-Uruguai-Lula.jpg","contentUrl":"https:\/\/jornalfatosenoticias.com.br\/wp-content\/uploads\/2023\/07\/Presidente-Uruguai-Lula.jpg","width":1000,"height":585},{"@type":"BreadcrumbList","@id":"https:\/\/jornalfatosenoticias.com.br\/index.php\/2023\/07\/05\/presidente-uruguaio-cita-lula-e-retoma-oposicao-a-ditadura-venezuelana\/#breadcrumb","itemListElement":[{"@type":"ListItem","position":1,"name":"In\u00edcio","item":"https:\/\/jornalfatosenoticias.com.br\/"},{"@type":"ListItem","position":2,"name":"Presidente uruguaio cita Lula e retoma oposi\u00e7\u00e3o \u00e0 ditadura venezuelana"}]},{"@type":"WebSite","@id":"https:\/\/jornalfatosenoticias.com.br\/#website","url":"https:\/\/jornalfatosenoticias.com.br\/","name":"Jornal Fatos e Not\u00edcias","description":"Not\u00edcias em geral","publisher":{"@id":"https:\/\/jornalfatosenoticias.com.br\/#organization"},"potentialAction":[{"@type":"SearchAction","target":{"@type":"EntryPoint","urlTemplate":"https:\/\/jornalfatosenoticias.com.br\/?s={search_term_string}"},"query-input":{"@type":"PropertyValueSpecification","valueRequired":true,"valueName":"search_term_string"}}],"inLanguage":"pt-BR"},{"@type":"Organization","@id":"https:\/\/jornalfatosenoticias.com.br\/#organization","name":"Jornal Fatos e Not\u00edcias","url":"https:\/\/jornalfatosenoticias.com.br\/","logo":{"@type":"ImageObject","inLanguage":"pt-BR","@id":"https:\/\/jornalfatosenoticias.com.br\/#\/schema\/logo\/image\/","url":"https:\/\/jornalfatosenoticias.com.br\/wp-content\/uploads\/2020\/02\/logo120.png","contentUrl":"https:\/\/jornalfatosenoticias.com.br\/wp-content\/uploads\/2020\/02\/logo120.png","width":1227,"height":120,"caption":"Jornal Fatos e Not\u00edcias"},"image":{"@id":"https:\/\/jornalfatosenoticias.com.br\/#\/schema\/logo\/image\/"}},{"@type":"Person","@id":"https:\/\/jornalfatosenoticias.com.br\/#\/schema\/person\/d63837fa13ac8666eb9e74e0985d6f81","name":"Luzimara Fernandes","image":{"@type":"ImageObject","inLanguage":"pt-BR","@id":"https:\/\/jornalfatosenoticias.com.br\/#\/schema\/person\/image\/","url":"https:\/\/jornalfatosenoticias.com.br\/wp-content\/uploads\/2025\/05\/EU_portal.jpg","contentUrl":"https:\/\/jornalfatosenoticias.com.br\/wp-content\/uploads\/2025\/05\/EU_portal.jpg","caption":"Luzimara Fernandes"},"description":"Jornalista MTB 2358-ES","sameAs":["https:\/\/jornalfatosenoticias.com.br"],"url":"https:\/\/jornalfatosenoticias.com.br\/index.php\/author\/luzimara\/"}]}},"cc_featured_image_caption":{"caption_text":"(Foto: Reprodu\u00e7\u00e3o\/YouTube)","source_text":"","source_url":""},"jetpack_featured_media_url":"https:\/\/jornalfatosenoticias.com.br\/wp-content\/uploads\/2023\/07\/Presidente-Uruguai-Lula.jpg","_links":{"self":[{"href":"https:\/\/jornalfatosenoticias.com.br\/index.php\/wp-json\/wp\/v2\/posts\/43053","targetHints":{"allow":["GET"]}}],"collection":[{"href":"https:\/\/jornalfatosenoticias.com.br\/index.php\/wp-json\/wp\/v2\/posts"}],"about":[{"href":"https:\/\/jornalfatosenoticias.com.br\/index.php\/wp-json\/wp\/v2\/types\/post"}],"author":[{"embeddable":true,"href":"https:\/\/jornalfatosenoticias.com.br\/index.php\/wp-json\/wp\/v2\/users\/2"}],"replies":[{"embeddable":true,"href":"https:\/\/jornalfatosenoticias.com.br\/index.php\/wp-json\/wp\/v2\/comments?post=43053"}],"version-history":[{"count":0,"href":"https:\/\/jornalfatosenoticias.com.br\/index.php\/wp-json\/wp\/v2\/posts\/43053\/revisions"}],"wp:featuredmedia":[{"embeddable":true,"href":"https:\/\/jornalfatosenoticias.com.br\/index.php\/wp-json\/wp\/v2\/media\/43054"}],"wp:attachment":[{"href":"https:\/\/jornalfatosenoticias.com.br\/index.php\/wp-json\/wp\/v2\/media?parent=43053"}],"wp:term":[{"taxonomy":"category","embeddable":true,"href":"https:\/\/jornalfatosenoticias.com.br\/index.php\/wp-json\/wp\/v2\/categories?post=43053"},{"taxonomy":"post_tag","embeddable":true,"href":"https:\/\/jornalfatosenoticias.com.br\/index.php\/wp-json\/wp\/v2\/tags?post=43053"}],"curies":[{"name":"wp","href":"https:\/\/api.w.org\/{rel}","templated":true}]}}