{"id":43056,"date":"2023-07-05T10:26:30","date_gmt":"2023-07-05T13:26:30","guid":{"rendered":"https:\/\/jornalfatosenoticias.com.br\/?p=43056"},"modified":"2023-07-05T10:26:31","modified_gmt":"2023-07-05T13:26:31","slug":"senado-federal-aprova-gabriel-galipolo-para-diretoria-do-banco-central","status":"publish","type":"post","link":"https:\/\/jornalfatosenoticias.com.br\/index.php\/2023\/07\/05\/senado-federal-aprova-gabriel-galipolo-para-diretoria-do-banco-central\/","title":{"rendered":"Senado Federal aprova Gabriel Gal\u00edpolo para diretoria do Banco Central"},"content":{"rendered":"\n<p><span class=\"has-inline-color has-black-color\"><em>Economista teve 39 votos favor\u00e1veis e 12 contr\u00e1rios a sua aprova\u00e7\u00e3o pela Comiss\u00e3o de Assuntos Econ\u00f4micos<\/em><\/span><\/p>\n\n\n\n<div class=\"wp-block-image\"><figure class=\"aligncenter size-large\"><img loading=\"lazy\" decoding=\"async\" width=\"1024\" height=\"99\" src=\"https:\/\/jornalfatosenoticias.com.br\/wp-content\/uploads\/2020\/02\/Logo-Mizu-segunda-2-1024x99.png\" alt=\"\" class=\"wp-image-2353\" srcset=\"https:\/\/jornalfatosenoticias.com.br\/wp-content\/uploads\/2020\/02\/Logo-Mizu-segunda-2-1024x99.png 1024w, https:\/\/jornalfatosenoticias.com.br\/wp-content\/uploads\/2020\/02\/Logo-Mizu-segunda-2-300x29.png 300w, https:\/\/jornalfatosenoticias.com.br\/wp-content\/uploads\/2020\/02\/Logo-Mizu-segunda-2-768x74.png 768w, https:\/\/jornalfatosenoticias.com.br\/wp-content\/uploads\/2020\/02\/Logo-Mizu-segunda-2.png 1240w\" sizes=\"auto, (max-width: 1024px) 100vw, 1024px\" \/><\/figure><\/div>\n\n\n\n<p>O\u00a0<a href=\"https:\/\/jovempan.com.br\/tag\/senado-federal\"><strong>Senado Federal<\/strong><\/a> aprovou, nesta ter\u00e7a-feira (4), a indica\u00e7\u00e3o de\u00a0<a href=\"https:\/\/jovempan.com.br\/tag\/gabriel-galipolo\"><strong>Gabriel Gal\u00edpolo<\/strong><\/a> para compor a diretoria do <a href=\"https:\/\/jovempan.com.br\/tag\/banco-central\"><strong>Banco Central<\/strong><\/a>\u00a0(BC). O economista teve 39 votos favor\u00e1veis e 12 contr\u00e1rios a sua aprova\u00e7\u00e3o. Houve ainda uma absten\u00e7\u00e3o. Ele substituir\u00e1 Bruno Serra Fernandes, na Diretoria de Pol\u00edtica Monet\u00e1ria. Mais cedo, ele foi aprovado pela Comiss\u00e3o de Assuntos Econ\u00f4micos (CAE) com 23 votos a favor e 2 contra. A aprova\u00e7\u00e3o ocorreu em meio a uma forte press\u00e3o do governo de <a href=\"https:\/\/jovempan.com.br\/tag\/lula\"><strong>Luiz In\u00e1cio Lula da Silva<\/strong><\/a>\u00a0(PT) para a redu\u00e7\u00e3o da taxa b\u00e1sica de juros no Brasil (Selic), que desde agosto de 2022 mant\u00e9m-se em 13,75%.<\/p>\n\n\n\n<div class=\"wp-block-image\"><figure class=\"aligncenter size-large is-resized\"><img loading=\"lazy\" decoding=\"async\" src=\"https:\/\/jornalfatosenoticias.com.br\/wp-content\/uploads\/2022\/02\/Precisao-Contabilidade-1024x724.jpg\" alt=\"\" class=\"wp-image-28088\" width=\"290\" height=\"205\"\/><\/figure><\/div>\n\n\n\n<p>Lula fez diversas cr\u00edticas fez diversas cr\u00edticas \u00e0 taxa de juros, chegando a dizer que o patamar atual \u00e9 uma \u201cuma excresc\u00eancia ao Pa\u00eds\u201d. Por outro lado, atual presidente do BC, <a href=\"https:\/\/jovempan.com.br\/tag\/roberto-campos-neto\"><strong>Roberto Campos Neto<\/strong><\/a>, justificou que \u00e9 necess\u00e1rio para controlar o ritmo de alta dos pre\u00e7os e ancorar a expectativa de infla\u00e7\u00e3o. Gal\u00edpolo \u00e9 o bra\u00e7o direito de\u00a0<a href=\"https:\/\/jovempan.com.br\/tag\/fernando-haddad\"><strong>Fernando Haddad<\/strong><\/a> (PT), que indicou o economista, e atua como secret\u00e1rio-executivo do <strong>Minist\u00e9rio da Fazenda.<\/strong> Recentemente ele deixou o conselho do Banco do Brasil antes de ser sabatinado. Ele afirmou, durante a sabatina, que \u201cn\u00e3o cabe a nenhum economista, por mais excel\u00eancia que ele tenha, impor o que ele entende ser o destino econ\u00f4mico do Pa\u00eds \u00e0 revelia da vontade democr\u00e1tica e dos seus representantes eleitos\u201d.<\/p>\n\n\n\n<div class=\"wp-block-image\"><figure class=\"aligncenter size-large is-resized\"><img loading=\"lazy\" decoding=\"async\" src=\"https:\/\/jornalfatosenoticias.com.br\/wp-content\/uploads\/2023\/03\/nova-logo-Marquetti.jpg\" alt=\"\" class=\"wp-image-40207\" width=\"261\" height=\"175\" srcset=\"https:\/\/jornalfatosenoticias.com.br\/wp-content\/uploads\/2023\/03\/nova-logo-Marquetti.jpg 643w, https:\/\/jornalfatosenoticias.com.br\/wp-content\/uploads\/2023\/03\/nova-logo-Marquetti-300x202.jpg 300w\" sizes=\"auto, (max-width: 261px) 100vw, 261px\" \/><\/figure><\/div>\n\n\n\n<p><strong><span class=\"has-inline-color has-black-color\">Ailton Aquino<br><\/span><\/strong>O Senado tamb\u00e9m aprovou a indica\u00e7\u00e3o do advogado Ailton Aquino para o cargo de de Diretor de Fiscaliza\u00e7\u00e3o, em substitui\u00e7\u00e3o a Paulo S\u00e9rgio Neves de Souza. A vota\u00e7\u00e3o foi de 42 a 10, com 1 absten\u00e7\u00e3o. Mais cedo, o CAE aprovou a indica\u00e7\u00e3o por 24 votos favor\u00e1veis e um contra. Durante a sabatina, Ailton destacou que o BC sofre com encolhimento no n\u00famero de servidores e apontou a necessidade de um novo concurso, visto que, segundo ele, a redu\u00e7\u00e3o pode trazer impactos sore sua atividade de fiscaliza\u00e7\u00e3o. Aquino \u00e9 servidor de carreira do BC desde 1998, ocupando diversas fun\u00e7\u00f5es como auditor chefe da institui\u00e7\u00e3o. Ele \u00e9 o primeiro negro a fazer parte da diretoria da autarquia.<\/p>\n\n\n\n<div class=\"wp-block-image\"><figure class=\"aligncenter size-large\"><img decoding=\"async\" src=\"https:\/\/jornalfatosenoticias.com.br\/wp-content\/uploads\/2020\/02\/logo-embacia-1-1024x110.jpg\" alt=\"\" class=\"wp-image-33954\"\/><\/figure><\/div>\n\n\n\n<p><em><strong>Fonte: <a href=\"https:\/\/jovempan.com.br\/noticias\/politica\/senado-federal-aprova-gabriel-galipolo-para-diretoria-do-banco-central.html\">Jovem Pan<\/a><\/strong><\/em><\/p>\n","protected":false},"excerpt":{"rendered":"<p>Economista teve 39 votos favor\u00e1veis e 12 contr\u00e1rios a sua aprova\u00e7\u00e3o pela Comiss\u00e3o de Assuntos Econ\u00f4micos O\u00a0Senado Federal aprovou, nesta ter\u00e7a-feira (4), a indica\u00e7\u00e3o de\u00a0Gabriel Gal\u00edpolo para compor a diretoria do Banco Central\u00a0(BC). O economista teve 39 votos favor\u00e1veis e 12 contr\u00e1rios a sua aprova\u00e7\u00e3o. Houve ainda uma absten\u00e7\u00e3o. Ele substituir\u00e1 Bruno Serra Fernandes, na [&hellip;]<\/p>\n","protected":false},"author":2,"featured_media":43057,"comment_status":"open","ping_status":"open","sticky":false,"template":"","format":"standard","meta":{"footnotes":""},"categories":[9],"tags":[489,20261,20260,20259,13762],"class_list":["post-43056","post","type-post","status-publish","format-standard","has-post-thumbnail","hentry","category-economia","tag-banco-central","tag-cae","tag-comissao-de-assuntos-economicos","tag-gabriel-galipolo","tag-senado-federal"],"yoast_head":"<!-- This site is optimized with the Yoast SEO plugin v26.5 - https:\/\/yoast.com\/wordpress\/plugins\/seo\/ -->\n<title>Senado Federal aprova Gabriel Gal\u00edpolo para diretoria do Banco Central - Jornal Fatos e Not\u00edcias<\/title>\n<meta name=\"robots\" content=\"index, follow, max-snippet:-1, max-image-preview:large, max-video-preview:-1\" \/>\n<link rel=\"canonical\" href=\"https:\/\/jornalfatosenoticias.com.br\/index.php\/2023\/07\/05\/senado-federal-aprova-gabriel-galipolo-para-diretoria-do-banco-central\/\" \/>\n<meta property=\"og:locale\" content=\"pt_BR\" \/>\n<meta property=\"og:type\" content=\"article\" \/>\n<meta property=\"og:title\" content=\"Senado Federal aprova Gabriel Gal\u00edpolo para diretoria do Banco Central - Jornal Fatos e Not\u00edcias\" \/>\n<meta property=\"og:description\" content=\"Economista teve 39 votos favor\u00e1veis e 12 contr\u00e1rios a sua aprova\u00e7\u00e3o pela Comiss\u00e3o de Assuntos Econ\u00f4micos O\u00a0Senado Federal aprovou, nesta ter\u00e7a-feira (4), a indica\u00e7\u00e3o de\u00a0Gabriel Gal\u00edpolo para compor a diretoria do Banco Central\u00a0(BC). O economista teve 39 votos favor\u00e1veis e 12 contr\u00e1rios a sua aprova\u00e7\u00e3o. Houve ainda uma absten\u00e7\u00e3o. Ele substituir\u00e1 Bruno Serra Fernandes, na [&hellip;]\" \/>\n<meta property=\"og:url\" content=\"https:\/\/jornalfatosenoticias.com.br\/index.php\/2023\/07\/05\/senado-federal-aprova-gabriel-galipolo-para-diretoria-do-banco-central\/\" \/>\n<meta property=\"og:site_name\" content=\"Jornal Fatos e Not\u00edcias\" \/>\n<meta property=\"article:published_time\" content=\"2023-07-05T13:26:30+00:00\" \/>\n<meta property=\"article:modified_time\" content=\"2023-07-05T13:26:31+00:00\" \/>\n<meta property=\"og:image\" content=\"https:\/\/jornalfatosenoticias.com.br\/wp-content\/uploads\/2023\/07\/Gabriel-Galipolo.jpg\" \/>\n\t<meta property=\"og:image:width\" content=\"800\" \/>\n\t<meta property=\"og:image:height\" content=\"531\" \/>\n\t<meta property=\"og:image:type\" content=\"image\/jpeg\" \/>\n<meta name=\"author\" content=\"Luzimara Fernandes\" \/>\n<meta name=\"twitter:card\" content=\"summary_large_image\" \/>\n<meta name=\"twitter:label1\" content=\"Escrito por\" \/>\n\t<meta name=\"twitter:data1\" content=\"Luzimara Fernandes\" \/>\n\t<meta name=\"twitter:label2\" content=\"Est. tempo de leitura\" \/>\n\t<meta name=\"twitter:data2\" content=\"2 minutos\" \/>\n<script type=\"application\/ld+json\" class=\"yoast-schema-graph\">{\"@context\":\"https:\/\/schema.org\",\"@graph\":[{\"@type\":\"Article\",\"@id\":\"https:\/\/jornalfatosenoticias.com.br\/index.php\/2023\/07\/05\/senado-federal-aprova-gabriel-galipolo-para-diretoria-do-banco-central\/#article\",\"isPartOf\":{\"@id\":\"https:\/\/jornalfatosenoticias.com.br\/index.php\/2023\/07\/05\/senado-federal-aprova-gabriel-galipolo-para-diretoria-do-banco-central\/\"},\"author\":{\"name\":\"Luzimara Fernandes\",\"@id\":\"https:\/\/jornalfatosenoticias.com.br\/#\/schema\/person\/d63837fa13ac8666eb9e74e0985d6f81\"},\"headline\":\"Senado Federal aprova Gabriel Gal\u00edpolo para diretoria do Banco Central\",\"datePublished\":\"2023-07-05T13:26:30+00:00\",\"dateModified\":\"2023-07-05T13:26:31+00:00\",\"mainEntityOfPage\":{\"@id\":\"https:\/\/jornalfatosenoticias.com.br\/index.php\/2023\/07\/05\/senado-federal-aprova-gabriel-galipolo-para-diretoria-do-banco-central\/\"},\"wordCount\":405,\"commentCount\":0,\"publisher\":{\"@id\":\"https:\/\/jornalfatosenoticias.com.br\/#organization\"},\"image\":{\"@id\":\"https:\/\/jornalfatosenoticias.com.br\/index.php\/2023\/07\/05\/senado-federal-aprova-gabriel-galipolo-para-diretoria-do-banco-central\/#primaryimage\"},\"thumbnailUrl\":\"https:\/\/jornalfatosenoticias.com.br\/wp-content\/uploads\/2023\/07\/Gabriel-Galipolo.jpg\",\"keywords\":[\"Banco Central\",\"CAE\",\"Comiss\u00e3o de Assuntos Econ\u00f4micos\",\"Gabriel Gal\u00edpolo\",\"Senado Federal\"],\"articleSection\":[\"Economia\"],\"inLanguage\":\"pt-BR\",\"potentialAction\":[{\"@type\":\"CommentAction\",\"name\":\"Comment\",\"target\":[\"https:\/\/jornalfatosenoticias.com.br\/index.php\/2023\/07\/05\/senado-federal-aprova-gabriel-galipolo-para-diretoria-do-banco-central\/#respond\"]}]},{\"@type\":\"WebPage\",\"@id\":\"https:\/\/jornalfatosenoticias.com.br\/index.php\/2023\/07\/05\/senado-federal-aprova-gabriel-galipolo-para-diretoria-do-banco-central\/\",\"url\":\"https:\/\/jornalfatosenoticias.com.br\/index.php\/2023\/07\/05\/senado-federal-aprova-gabriel-galipolo-para-diretoria-do-banco-central\/\",\"name\":\"Senado Federal aprova Gabriel Gal\u00edpolo para diretoria do Banco Central - Jornal Fatos e Not\u00edcias\",\"isPartOf\":{\"@id\":\"https:\/\/jornalfatosenoticias.com.br\/#website\"},\"primaryImageOfPage\":{\"@id\":\"https:\/\/jornalfatosenoticias.com.br\/index.php\/2023\/07\/05\/senado-federal-aprova-gabriel-galipolo-para-diretoria-do-banco-central\/#primaryimage\"},\"image\":{\"@id\":\"https:\/\/jornalfatosenoticias.com.br\/index.php\/2023\/07\/05\/senado-federal-aprova-gabriel-galipolo-para-diretoria-do-banco-central\/#primaryimage\"},\"thumbnailUrl\":\"https:\/\/jornalfatosenoticias.com.br\/wp-content\/uploads\/2023\/07\/Gabriel-Galipolo.jpg\",\"datePublished\":\"2023-07-05T13:26:30+00:00\",\"dateModified\":\"2023-07-05T13:26:31+00:00\",\"breadcrumb\":{\"@id\":\"https:\/\/jornalfatosenoticias.com.br\/index.php\/2023\/07\/05\/senado-federal-aprova-gabriel-galipolo-para-diretoria-do-banco-central\/#breadcrumb\"},\"inLanguage\":\"pt-BR\",\"potentialAction\":[{\"@type\":\"ReadAction\",\"target\":[\"https:\/\/jornalfatosenoticias.com.br\/index.php\/2023\/07\/05\/senado-federal-aprova-gabriel-galipolo-para-diretoria-do-banco-central\/\"]}]},{\"@type\":\"ImageObject\",\"inLanguage\":\"pt-BR\",\"@id\":\"https:\/\/jornalfatosenoticias.com.br\/index.php\/2023\/07\/05\/senado-federal-aprova-gabriel-galipolo-para-diretoria-do-banco-central\/#primaryimage\",\"url\":\"https:\/\/jornalfatosenoticias.com.br\/wp-content\/uploads\/2023\/07\/Gabriel-Galipolo.jpg\",\"contentUrl\":\"https:\/\/jornalfatosenoticias.com.br\/wp-content\/uploads\/2023\/07\/Gabriel-Galipolo.jpg\",\"width\":800,\"height\":531},{\"@type\":\"BreadcrumbList\",\"@id\":\"https:\/\/jornalfatosenoticias.com.br\/index.php\/2023\/07\/05\/senado-federal-aprova-gabriel-galipolo-para-diretoria-do-banco-central\/#breadcrumb\",\"itemListElement\":[{\"@type\":\"ListItem\",\"position\":1,\"name\":\"In\u00edcio\",\"item\":\"https:\/\/jornalfatosenoticias.com.br\/\"},{\"@type\":\"ListItem\",\"position\":2,\"name\":\"Senado Federal aprova Gabriel Gal\u00edpolo para diretoria do Banco Central\"}]},{\"@type\":\"WebSite\",\"@id\":\"https:\/\/jornalfatosenoticias.com.br\/#website\",\"url\":\"https:\/\/jornalfatosenoticias.com.br\/\",\"name\":\"Jornal Fatos e Not\u00edcias\",\"description\":\"Not\u00edcias em geral\",\"publisher\":{\"@id\":\"https:\/\/jornalfatosenoticias.com.br\/#organization\"},\"potentialAction\":[{\"@type\":\"SearchAction\",\"target\":{\"@type\":\"EntryPoint\",\"urlTemplate\":\"https:\/\/jornalfatosenoticias.com.br\/?s={search_term_string}\"},\"query-input\":{\"@type\":\"PropertyValueSpecification\",\"valueRequired\":true,\"valueName\":\"search_term_string\"}}],\"inLanguage\":\"pt-BR\"},{\"@type\":\"Organization\",\"@id\":\"https:\/\/jornalfatosenoticias.com.br\/#organization\",\"name\":\"Jornal Fatos e Not\u00edcias\",\"url\":\"https:\/\/jornalfatosenoticias.com.br\/\",\"logo\":{\"@type\":\"ImageObject\",\"inLanguage\":\"pt-BR\",\"@id\":\"https:\/\/jornalfatosenoticias.com.br\/#\/schema\/logo\/image\/\",\"url\":\"https:\/\/jornalfatosenoticias.com.br\/wp-content\/uploads\/2020\/02\/logo120.png\",\"contentUrl\":\"https:\/\/jornalfatosenoticias.com.br\/wp-content\/uploads\/2020\/02\/logo120.png\",\"width\":1227,\"height\":120,\"caption\":\"Jornal Fatos e Not\u00edcias\"},\"image\":{\"@id\":\"https:\/\/jornalfatosenoticias.com.br\/#\/schema\/logo\/image\/\"}},{\"@type\":\"Person\",\"@id\":\"https:\/\/jornalfatosenoticias.com.br\/#\/schema\/person\/d63837fa13ac8666eb9e74e0985d6f81\",\"name\":\"Luzimara Fernandes\",\"image\":{\"@type\":\"ImageObject\",\"inLanguage\":\"pt-BR\",\"@id\":\"https:\/\/jornalfatosenoticias.com.br\/#\/schema\/person\/image\/\",\"url\":\"https:\/\/jornalfatosenoticias.com.br\/wp-content\/uploads\/2025\/05\/EU_portal.jpg\",\"contentUrl\":\"https:\/\/jornalfatosenoticias.com.br\/wp-content\/uploads\/2025\/05\/EU_portal.jpg\",\"caption\":\"Luzimara Fernandes\"},\"description\":\"Jornalista MTB 2358-ES\",\"sameAs\":[\"https:\/\/jornalfatosenoticias.com.br\"],\"url\":\"https:\/\/jornalfatosenoticias.com.br\/index.php\/author\/luzimara\/\"}]}<\/script>\n<!-- \/ Yoast SEO plugin. -->","yoast_head_json":{"title":"Senado Federal aprova Gabriel Gal\u00edpolo para diretoria do Banco Central - Jornal Fatos e Not\u00edcias","robots":{"index":"index","follow":"follow","max-snippet":"max-snippet:-1","max-image-preview":"max-image-preview:large","max-video-preview":"max-video-preview:-1"},"canonical":"https:\/\/jornalfatosenoticias.com.br\/index.php\/2023\/07\/05\/senado-federal-aprova-gabriel-galipolo-para-diretoria-do-banco-central\/","og_locale":"pt_BR","og_type":"article","og_title":"Senado Federal aprova Gabriel Gal\u00edpolo para diretoria do Banco Central - Jornal Fatos e Not\u00edcias","og_description":"Economista teve 39 votos favor\u00e1veis e 12 contr\u00e1rios a sua aprova\u00e7\u00e3o pela Comiss\u00e3o de Assuntos Econ\u00f4micos O\u00a0Senado Federal aprovou, nesta ter\u00e7a-feira (4), a indica\u00e7\u00e3o de\u00a0Gabriel Gal\u00edpolo para compor a diretoria do Banco Central\u00a0(BC). O economista teve 39 votos favor\u00e1veis e 12 contr\u00e1rios a sua aprova\u00e7\u00e3o. Houve ainda uma absten\u00e7\u00e3o. Ele substituir\u00e1 Bruno Serra Fernandes, na [&hellip;]","og_url":"https:\/\/jornalfatosenoticias.com.br\/index.php\/2023\/07\/05\/senado-federal-aprova-gabriel-galipolo-para-diretoria-do-banco-central\/","og_site_name":"Jornal Fatos e Not\u00edcias","article_published_time":"2023-07-05T13:26:30+00:00","article_modified_time":"2023-07-05T13:26:31+00:00","og_image":[{"width":800,"height":531,"url":"https:\/\/jornalfatosenoticias.com.br\/wp-content\/uploads\/2023\/07\/Gabriel-Galipolo.jpg","type":"image\/jpeg"}],"author":"Luzimara Fernandes","twitter_card":"summary_large_image","twitter_misc":{"Escrito por":"Luzimara Fernandes","Est. tempo de leitura":"2 minutos"},"schema":{"@context":"https:\/\/schema.org","@graph":[{"@type":"Article","@id":"https:\/\/jornalfatosenoticias.com.br\/index.php\/2023\/07\/05\/senado-federal-aprova-gabriel-galipolo-para-diretoria-do-banco-central\/#article","isPartOf":{"@id":"https:\/\/jornalfatosenoticias.com.br\/index.php\/2023\/07\/05\/senado-federal-aprova-gabriel-galipolo-para-diretoria-do-banco-central\/"},"author":{"name":"Luzimara Fernandes","@id":"https:\/\/jornalfatosenoticias.com.br\/#\/schema\/person\/d63837fa13ac8666eb9e74e0985d6f81"},"headline":"Senado Federal aprova Gabriel Gal\u00edpolo para diretoria do Banco Central","datePublished":"2023-07-05T13:26:30+00:00","dateModified":"2023-07-05T13:26:31+00:00","mainEntityOfPage":{"@id":"https:\/\/jornalfatosenoticias.com.br\/index.php\/2023\/07\/05\/senado-federal-aprova-gabriel-galipolo-para-diretoria-do-banco-central\/"},"wordCount":405,"commentCount":0,"publisher":{"@id":"https:\/\/jornalfatosenoticias.com.br\/#organization"},"image":{"@id":"https:\/\/jornalfatosenoticias.com.br\/index.php\/2023\/07\/05\/senado-federal-aprova-gabriel-galipolo-para-diretoria-do-banco-central\/#primaryimage"},"thumbnailUrl":"https:\/\/jornalfatosenoticias.com.br\/wp-content\/uploads\/2023\/07\/Gabriel-Galipolo.jpg","keywords":["Banco Central","CAE","Comiss\u00e3o de Assuntos Econ\u00f4micos","Gabriel Gal\u00edpolo","Senado Federal"],"articleSection":["Economia"],"inLanguage":"pt-BR","potentialAction":[{"@type":"CommentAction","name":"Comment","target":["https:\/\/jornalfatosenoticias.com.br\/index.php\/2023\/07\/05\/senado-federal-aprova-gabriel-galipolo-para-diretoria-do-banco-central\/#respond"]}]},{"@type":"WebPage","@id":"https:\/\/jornalfatosenoticias.com.br\/index.php\/2023\/07\/05\/senado-federal-aprova-gabriel-galipolo-para-diretoria-do-banco-central\/","url":"https:\/\/jornalfatosenoticias.com.br\/index.php\/2023\/07\/05\/senado-federal-aprova-gabriel-galipolo-para-diretoria-do-banco-central\/","name":"Senado Federal aprova Gabriel Gal\u00edpolo para diretoria do Banco Central - Jornal Fatos e Not\u00edcias","isPartOf":{"@id":"https:\/\/jornalfatosenoticias.com.br\/#website"},"primaryImageOfPage":{"@id":"https:\/\/jornalfatosenoticias.com.br\/index.php\/2023\/07\/05\/senado-federal-aprova-gabriel-galipolo-para-diretoria-do-banco-central\/#primaryimage"},"image":{"@id":"https:\/\/jornalfatosenoticias.com.br\/index.php\/2023\/07\/05\/senado-federal-aprova-gabriel-galipolo-para-diretoria-do-banco-central\/#primaryimage"},"thumbnailUrl":"https:\/\/jornalfatosenoticias.com.br\/wp-content\/uploads\/2023\/07\/Gabriel-Galipolo.jpg","datePublished":"2023-07-05T13:26:30+00:00","dateModified":"2023-07-05T13:26:31+00:00","breadcrumb":{"@id":"https:\/\/jornalfatosenoticias.com.br\/index.php\/2023\/07\/05\/senado-federal-aprova-gabriel-galipolo-para-diretoria-do-banco-central\/#breadcrumb"},"inLanguage":"pt-BR","potentialAction":[{"@type":"ReadAction","target":["https:\/\/jornalfatosenoticias.com.br\/index.php\/2023\/07\/05\/senado-federal-aprova-gabriel-galipolo-para-diretoria-do-banco-central\/"]}]},{"@type":"ImageObject","inLanguage":"pt-BR","@id":"https:\/\/jornalfatosenoticias.com.br\/index.php\/2023\/07\/05\/senado-federal-aprova-gabriel-galipolo-para-diretoria-do-banco-central\/#primaryimage","url":"https:\/\/jornalfatosenoticias.com.br\/wp-content\/uploads\/2023\/07\/Gabriel-Galipolo.jpg","contentUrl":"https:\/\/jornalfatosenoticias.com.br\/wp-content\/uploads\/2023\/07\/Gabriel-Galipolo.jpg","width":800,"height":531},{"@type":"BreadcrumbList","@id":"https:\/\/jornalfatosenoticias.com.br\/index.php\/2023\/07\/05\/senado-federal-aprova-gabriel-galipolo-para-diretoria-do-banco-central\/#breadcrumb","itemListElement":[{"@type":"ListItem","position":1,"name":"In\u00edcio","item":"https:\/\/jornalfatosenoticias.com.br\/"},{"@type":"ListItem","position":2,"name":"Senado Federal aprova Gabriel Gal\u00edpolo para diretoria do Banco Central"}]},{"@type":"WebSite","@id":"https:\/\/jornalfatosenoticias.com.br\/#website","url":"https:\/\/jornalfatosenoticias.com.br\/","name":"Jornal Fatos e Not\u00edcias","description":"Not\u00edcias em geral","publisher":{"@id":"https:\/\/jornalfatosenoticias.com.br\/#organization"},"potentialAction":[{"@type":"SearchAction","target":{"@type":"EntryPoint","urlTemplate":"https:\/\/jornalfatosenoticias.com.br\/?s={search_term_string}"},"query-input":{"@type":"PropertyValueSpecification","valueRequired":true,"valueName":"search_term_string"}}],"inLanguage":"pt-BR"},{"@type":"Organization","@id":"https:\/\/jornalfatosenoticias.com.br\/#organization","name":"Jornal Fatos e Not\u00edcias","url":"https:\/\/jornalfatosenoticias.com.br\/","logo":{"@type":"ImageObject","inLanguage":"pt-BR","@id":"https:\/\/jornalfatosenoticias.com.br\/#\/schema\/logo\/image\/","url":"https:\/\/jornalfatosenoticias.com.br\/wp-content\/uploads\/2020\/02\/logo120.png","contentUrl":"https:\/\/jornalfatosenoticias.com.br\/wp-content\/uploads\/2020\/02\/logo120.png","width":1227,"height":120,"caption":"Jornal Fatos e Not\u00edcias"},"image":{"@id":"https:\/\/jornalfatosenoticias.com.br\/#\/schema\/logo\/image\/"}},{"@type":"Person","@id":"https:\/\/jornalfatosenoticias.com.br\/#\/schema\/person\/d63837fa13ac8666eb9e74e0985d6f81","name":"Luzimara Fernandes","image":{"@type":"ImageObject","inLanguage":"pt-BR","@id":"https:\/\/jornalfatosenoticias.com.br\/#\/schema\/person\/image\/","url":"https:\/\/jornalfatosenoticias.com.br\/wp-content\/uploads\/2025\/05\/EU_portal.jpg","contentUrl":"https:\/\/jornalfatosenoticias.com.br\/wp-content\/uploads\/2025\/05\/EU_portal.jpg","caption":"Luzimara Fernandes"},"description":"Jornalista MTB 2358-ES","sameAs":["https:\/\/jornalfatosenoticias.com.br"],"url":"https:\/\/jornalfatosenoticias.com.br\/index.php\/author\/luzimara\/"}]}},"cc_featured_image_caption":{"caption_text":"(Foto: Fotoarena\/Estad\u00e3o Conte\u00fado) ","source_text":"","source_url":""},"jetpack_featured_media_url":"https:\/\/jornalfatosenoticias.com.br\/wp-content\/uploads\/2023\/07\/Gabriel-Galipolo.jpg","_links":{"self":[{"href":"https:\/\/jornalfatosenoticias.com.br\/index.php\/wp-json\/wp\/v2\/posts\/43056","targetHints":{"allow":["GET"]}}],"collection":[{"href":"https:\/\/jornalfatosenoticias.com.br\/index.php\/wp-json\/wp\/v2\/posts"}],"about":[{"href":"https:\/\/jornalfatosenoticias.com.br\/index.php\/wp-json\/wp\/v2\/types\/post"}],"author":[{"embeddable":true,"href":"https:\/\/jornalfatosenoticias.com.br\/index.php\/wp-json\/wp\/v2\/users\/2"}],"replies":[{"embeddable":true,"href":"https:\/\/jornalfatosenoticias.com.br\/index.php\/wp-json\/wp\/v2\/comments?post=43056"}],"version-history":[{"count":0,"href":"https:\/\/jornalfatosenoticias.com.br\/index.php\/wp-json\/wp\/v2\/posts\/43056\/revisions"}],"wp:featuredmedia":[{"embeddable":true,"href":"https:\/\/jornalfatosenoticias.com.br\/index.php\/wp-json\/wp\/v2\/media\/43057"}],"wp:attachment":[{"href":"https:\/\/jornalfatosenoticias.com.br\/index.php\/wp-json\/wp\/v2\/media?parent=43056"}],"wp:term":[{"taxonomy":"category","embeddable":true,"href":"https:\/\/jornalfatosenoticias.com.br\/index.php\/wp-json\/wp\/v2\/categories?post=43056"},{"taxonomy":"post_tag","embeddable":true,"href":"https:\/\/jornalfatosenoticias.com.br\/index.php\/wp-json\/wp\/v2\/tags?post=43056"}],"curies":[{"name":"wp","href":"https:\/\/api.w.org\/{rel}","templated":true}]}}