{"id":43059,"date":"2023-07-05T10:35:30","date_gmt":"2023-07-05T13:35:30","guid":{"rendered":"https:\/\/jornalfatosenoticias.com.br\/?p=43059"},"modified":"2023-07-05T10:35:31","modified_gmt":"2023-07-05T13:35:31","slug":"estamos-voltando-a-um-modelo-de-um-brasil-autoritario-diz-eduardo-paes-sobre-reforma-tributaria","status":"publish","type":"post","link":"https:\/\/jornalfatosenoticias.com.br\/index.php\/2023\/07\/05\/estamos-voltando-a-um-modelo-de-um-brasil-autoritario-diz-eduardo-paes-sobre-reforma-tributaria\/","title":{"rendered":"\u2018Estamos voltando a um modelo de um Brasil autorit\u00e1rio\u2019, diz Eduardo Paes sobre reforma tribut\u00e1ria"},"content":{"rendered":"\n<p><em><span class=\"has-inline-color has-black-color\">Presidente da C\u00e2mara dos Deputados, Arthur Lira (PP-AL), quer votar proposta at\u00e9 o fim desta semana, mas texto enfrenta resist\u00eancia da oposi\u00e7\u00e3o, de prefeitos e governadores<\/span><\/em><\/p>\n\n\n\n<div class=\"wp-block-image\"><figure class=\"aligncenter size-large\"><img loading=\"lazy\" decoding=\"async\" width=\"1024\" height=\"110\" src=\"https:\/\/jornalfatosenoticias.com.br\/wp-content\/uploads\/2023\/03\/Crypton-1120-\u00d7-120-px-1-1024x110.png\" alt=\"\" class=\"wp-image-39211\" srcset=\"https:\/\/jornalfatosenoticias.com.br\/wp-content\/uploads\/2023\/03\/Crypton-1120-\u00d7-120-px-1-1024x110.png 1024w, https:\/\/jornalfatosenoticias.com.br\/wp-content\/uploads\/2023\/03\/Crypton-1120-\u00d7-120-px-1-300x32.png 300w, https:\/\/jornalfatosenoticias.com.br\/wp-content\/uploads\/2023\/03\/Crypton-1120-\u00d7-120-px-1-768x82.png 768w, https:\/\/jornalfatosenoticias.com.br\/wp-content\/uploads\/2023\/03\/Crypton-1120-\u00d7-120-px-1.png 1120w\" sizes=\"auto, (max-width: 1024px) 100vw, 1024px\" \/><\/figure><\/div>\n\n\n\n<p>Os prefeitos do Rio de Janeiro, <strong><a href=\"https:\/\/jovempan.com.br\/tag\/eduardo-paes\">Eduardo Paes<\/a><\/strong>, e de S\u00e3o Paulo,\u00a0<strong><a href=\"https:\/\/jovempan.com.br\/tag\/ricardo-nunes\">Ricardo Nunes<\/a><\/strong>, criticaram, nesta ter\u00e7a-feira (4), em manifesto na C\u00e2mara dos Deputados, o atual texto da <strong><a href=\"https:\/\/jovempan.com.br\/tag\/reforma-tributaria\">reforma tribut\u00e1ria<\/a><\/strong> que a C\u00e2mara dos Deputados trabalha para aprovar antes do in\u00edcio do recesso parlamentar. Eles participaram do grupo da Frente Nacional de Prefeitos (FNP) que viajou a Bras\u00edlia para tentar mudan\u00e7as na proposta que altera as regras tribut\u00e1rias do Pa\u00eds.<\/p>\n\n\n\n<div class=\"wp-block-image\"><figure class=\"aligncenter size-large is-resized\"><img loading=\"lazy\" decoding=\"async\" src=\"https:\/\/jornalfatosenoticias.com.br\/wp-content\/uploads\/2023\/03\/logo-Panper_portal.jpg\" alt=\"\" class=\"wp-image-40208\" width=\"241\" height=\"167\" srcset=\"https:\/\/jornalfatosenoticias.com.br\/wp-content\/uploads\/2023\/03\/logo-Panper_portal.jpg 400w, https:\/\/jornalfatosenoticias.com.br\/wp-content\/uploads\/2023\/03\/logo-Panper_portal-300x208.jpg 300w\" sizes=\"auto, (max-width: 241px) 100vw, 241px\" \/><\/figure><\/div>\n\n\n\n<blockquote class=\"wp-block-quote is-layout-flow wp-block-quote-is-layout-flow\"><p><span class=\"has-inline-color has-luminous-vivid-orange-color\">\u00c9 razo\u00e1vel algo que se prop\u00f5e entrar efetivamente em funcionamento em 2028, votar em regime de urg\u00eancia? Sem que os prefeitos pudessem ser escutados? N\u00e3o nos parece razo\u00e1vel\u201d, disse Ricardo Nunes, que citou dados da Central brasileira do Setor de Servi\u00e7os (Cebrasse), mostrando os impactos da reforma tribut\u00e1ria no setor.<\/span><\/p><\/blockquote>\n\n\n\n<div class=\"wp-block-image\"><figure class=\"aligncenter size-large\"><img decoding=\"async\" src=\"https:\/\/jornalfatosenoticias.com.br\/wp-content\/uploads\/2020\/02\/barao-das-carnes-300x164-1.jpg\" alt=\"\" class=\"wp-image-34339\"\/><\/figure><\/div>\n\n\n\n<p>Eduardo Paes disse que a retirada de parte da autonomia dos munic\u00edpios em cima dos tributos representa um grande retrocesso e que a interlocu\u00e7\u00e3o com os prefeitos na constru\u00e7\u00e3o da proposta n\u00e3o se deu de forma adequada.<\/p>\n\n\n\n<blockquote class=\"wp-block-quote is-layout-flow wp-block-quote-is-layout-flow\"><p><span class=\"has-inline-color has-luminous-vivid-orange-color\">N\u00f3s estamos voltando a um modelo, que \u00e9 um modelo de um Brasil autorit\u00e1rio, centralizador em que tudo se resolvia vindo a Bras\u00edlia, e n\u00e3o \u00e9 certamente esse pa\u00eds que n\u00f3s queremos\u201d, disse o prefeito da capital carioca.<\/span><\/p><\/blockquote>\n\n\n\n<div class=\"wp-block-image\"><figure class=\"aligncenter size-large\"><img decoding=\"async\" src=\"https:\/\/jornalfatosenoticias.com.br\/wp-content\/uploads\/2020\/02\/logo_esteio.jpg\" alt=\"\" class=\"wp-image-1214\"\/><\/figure><\/div>\n\n\n\n<p>Os prefeitos aproveitaram para anunciar uma campanha que ser\u00e1 veiculada em cadeia nacional de r\u00e1dio e televis\u00e3o com a posi\u00e7\u00e3o contr\u00e1ria dos prefeitos \u00e0 reforma tribut\u00e1ria. Desde a segunda-feira (3), a C\u00e2mara faz um esfor\u00e7o concentrado para aprovar a reforma tribut\u00e1ria, a retomada do voto de qualidade do Carf e o Arcabou\u00e7o Fiscal. Diante das resist\u00eancias de diversos setores, no entanto, as vota\u00e7\u00f5es ainda n\u00e3o avan\u00e7aram.<\/p>\n\n\n\n<p><strong><em>Fonte: <a href=\"https:\/\/jovempan.com.br\/noticias\/politica\/estamos-voltando-a-um-modelo-de-um-brasil-autoritario-diz-eduardo-paes-sobre-reforma-tributaria.html\">Jovem Pan<\/a><\/em><\/strong><\/p>\n","protected":false},"excerpt":{"rendered":"<p>Presidente da C\u00e2mara dos Deputados, Arthur Lira (PP-AL), quer votar proposta at\u00e9 o fim desta semana, mas texto enfrenta resist\u00eancia da oposi\u00e7\u00e3o, de prefeitos e governadores Os prefeitos do Rio de Janeiro, Eduardo Paes, e de S\u00e3o Paulo,\u00a0Ricardo Nunes, criticaram, nesta ter\u00e7a-feira (4), em manifesto na C\u00e2mara dos Deputados, o atual texto da reforma tribut\u00e1ria [&hellip;]<\/p>\n","protected":false},"author":2,"featured_media":43060,"comment_status":"open","ping_status":"open","sticky":false,"template":"","format":"standard","meta":{"footnotes":""},"categories":[10],"tags":[982,20262,4046,20263],"class_list":["post-43059","post","type-post","status-publish","format-standard","has-post-thumbnail","hentry","category-politica","tag-camara-dos-deputados","tag-eduardo-paes","tag-reforma-tributaria","tag-ricardo-nunes"],"yoast_head":"<!-- This site is optimized with the Yoast SEO plugin v26.5 - https:\/\/yoast.com\/wordpress\/plugins\/seo\/ -->\n<title>\u2018Estamos voltando a um modelo de um Brasil autorit\u00e1rio\u2019, diz Eduardo Paes sobre reforma tribut\u00e1ria - Jornal Fatos e Not\u00edcias<\/title>\n<meta name=\"robots\" content=\"index, follow, max-snippet:-1, max-image-preview:large, max-video-preview:-1\" \/>\n<link rel=\"canonical\" href=\"https:\/\/jornalfatosenoticias.com.br\/index.php\/2023\/07\/05\/estamos-voltando-a-um-modelo-de-um-brasil-autoritario-diz-eduardo-paes-sobre-reforma-tributaria\/\" \/>\n<meta property=\"og:locale\" content=\"pt_BR\" \/>\n<meta property=\"og:type\" content=\"article\" \/>\n<meta property=\"og:title\" content=\"\u2018Estamos voltando a um modelo de um Brasil autorit\u00e1rio\u2019, diz Eduardo Paes sobre reforma tribut\u00e1ria - Jornal Fatos e Not\u00edcias\" \/>\n<meta property=\"og:description\" content=\"Presidente da C\u00e2mara dos Deputados, Arthur Lira (PP-AL), quer votar proposta at\u00e9 o fim desta semana, mas texto enfrenta resist\u00eancia da oposi\u00e7\u00e3o, de prefeitos e governadores Os prefeitos do Rio de Janeiro, Eduardo Paes, e de S\u00e3o Paulo,\u00a0Ricardo Nunes, criticaram, nesta ter\u00e7a-feira (4), em manifesto na C\u00e2mara dos Deputados, o atual texto da reforma tribut\u00e1ria [&hellip;]\" \/>\n<meta property=\"og:url\" content=\"https:\/\/jornalfatosenoticias.com.br\/index.php\/2023\/07\/05\/estamos-voltando-a-um-modelo-de-um-brasil-autoritario-diz-eduardo-paes-sobre-reforma-tributaria\/\" \/>\n<meta property=\"og:site_name\" content=\"Jornal Fatos e Not\u00edcias\" \/>\n<meta property=\"article:published_time\" content=\"2023-07-05T13:35:30+00:00\" \/>\n<meta property=\"article:modified_time\" content=\"2023-07-05T13:35:31+00:00\" \/>\n<meta property=\"og:image\" content=\"https:\/\/jornalfatosenoticias.com.br\/wp-content\/uploads\/2023\/07\/Eduardo-Paes.jpg\" \/>\n\t<meta property=\"og:image:width\" content=\"850\" \/>\n\t<meta property=\"og:image:height\" content=\"510\" \/>\n\t<meta property=\"og:image:type\" content=\"image\/jpeg\" \/>\n<meta name=\"author\" content=\"Luzimara Fernandes\" \/>\n<meta name=\"twitter:card\" content=\"summary_large_image\" \/>\n<meta name=\"twitter:label1\" content=\"Escrito por\" \/>\n\t<meta name=\"twitter:data1\" content=\"Luzimara Fernandes\" \/>\n\t<meta name=\"twitter:label2\" content=\"Est. tempo de leitura\" \/>\n\t<meta name=\"twitter:data2\" content=\"2 minutos\" \/>\n<script type=\"application\/ld+json\" class=\"yoast-schema-graph\">{\"@context\":\"https:\/\/schema.org\",\"@graph\":[{\"@type\":\"Article\",\"@id\":\"https:\/\/jornalfatosenoticias.com.br\/index.php\/2023\/07\/05\/estamos-voltando-a-um-modelo-de-um-brasil-autoritario-diz-eduardo-paes-sobre-reforma-tributaria\/#article\",\"isPartOf\":{\"@id\":\"https:\/\/jornalfatosenoticias.com.br\/index.php\/2023\/07\/05\/estamos-voltando-a-um-modelo-de-um-brasil-autoritario-diz-eduardo-paes-sobre-reforma-tributaria\/\"},\"author\":{\"name\":\"Luzimara Fernandes\",\"@id\":\"https:\/\/jornalfatosenoticias.com.br\/#\/schema\/person\/d63837fa13ac8666eb9e74e0985d6f81\"},\"headline\":\"\u2018Estamos voltando a um modelo de um Brasil autorit\u00e1rio\u2019, diz Eduardo Paes sobre reforma tribut\u00e1ria\",\"datePublished\":\"2023-07-05T13:35:30+00:00\",\"dateModified\":\"2023-07-05T13:35:31+00:00\",\"mainEntityOfPage\":{\"@id\":\"https:\/\/jornalfatosenoticias.com.br\/index.php\/2023\/07\/05\/estamos-voltando-a-um-modelo-de-um-brasil-autoritario-diz-eduardo-paes-sobre-reforma-tributaria\/\"},\"wordCount\":343,\"commentCount\":0,\"publisher\":{\"@id\":\"https:\/\/jornalfatosenoticias.com.br\/#organization\"},\"image\":{\"@id\":\"https:\/\/jornalfatosenoticias.com.br\/index.php\/2023\/07\/05\/estamos-voltando-a-um-modelo-de-um-brasil-autoritario-diz-eduardo-paes-sobre-reforma-tributaria\/#primaryimage\"},\"thumbnailUrl\":\"https:\/\/jornalfatosenoticias.com.br\/wp-content\/uploads\/2023\/07\/Eduardo-Paes.jpg\",\"keywords\":[\"C\u00e2mara dos Deputados\",\"Eduardo Paes\",\"Reforma Tribut\u00e1ria\",\"Ricardo Nunes\"],\"articleSection\":[\"Pol\u00edtica\"],\"inLanguage\":\"pt-BR\",\"potentialAction\":[{\"@type\":\"CommentAction\",\"name\":\"Comment\",\"target\":[\"https:\/\/jornalfatosenoticias.com.br\/index.php\/2023\/07\/05\/estamos-voltando-a-um-modelo-de-um-brasil-autoritario-diz-eduardo-paes-sobre-reforma-tributaria\/#respond\"]}]},{\"@type\":\"WebPage\",\"@id\":\"https:\/\/jornalfatosenoticias.com.br\/index.php\/2023\/07\/05\/estamos-voltando-a-um-modelo-de-um-brasil-autoritario-diz-eduardo-paes-sobre-reforma-tributaria\/\",\"url\":\"https:\/\/jornalfatosenoticias.com.br\/index.php\/2023\/07\/05\/estamos-voltando-a-um-modelo-de-um-brasil-autoritario-diz-eduardo-paes-sobre-reforma-tributaria\/\",\"name\":\"\u2018Estamos voltando a um modelo de um Brasil autorit\u00e1rio\u2019, diz Eduardo Paes sobre reforma tribut\u00e1ria - Jornal Fatos e Not\u00edcias\",\"isPartOf\":{\"@id\":\"https:\/\/jornalfatosenoticias.com.br\/#website\"},\"primaryImageOfPage\":{\"@id\":\"https:\/\/jornalfatosenoticias.com.br\/index.php\/2023\/07\/05\/estamos-voltando-a-um-modelo-de-um-brasil-autoritario-diz-eduardo-paes-sobre-reforma-tributaria\/#primaryimage\"},\"image\":{\"@id\":\"https:\/\/jornalfatosenoticias.com.br\/index.php\/2023\/07\/05\/estamos-voltando-a-um-modelo-de-um-brasil-autoritario-diz-eduardo-paes-sobre-reforma-tributaria\/#primaryimage\"},\"thumbnailUrl\":\"https:\/\/jornalfatosenoticias.com.br\/wp-content\/uploads\/2023\/07\/Eduardo-Paes.jpg\",\"datePublished\":\"2023-07-05T13:35:30+00:00\",\"dateModified\":\"2023-07-05T13:35:31+00:00\",\"breadcrumb\":{\"@id\":\"https:\/\/jornalfatosenoticias.com.br\/index.php\/2023\/07\/05\/estamos-voltando-a-um-modelo-de-um-brasil-autoritario-diz-eduardo-paes-sobre-reforma-tributaria\/#breadcrumb\"},\"inLanguage\":\"pt-BR\",\"potentialAction\":[{\"@type\":\"ReadAction\",\"target\":[\"https:\/\/jornalfatosenoticias.com.br\/index.php\/2023\/07\/05\/estamos-voltando-a-um-modelo-de-um-brasil-autoritario-diz-eduardo-paes-sobre-reforma-tributaria\/\"]}]},{\"@type\":\"ImageObject\",\"inLanguage\":\"pt-BR\",\"@id\":\"https:\/\/jornalfatosenoticias.com.br\/index.php\/2023\/07\/05\/estamos-voltando-a-um-modelo-de-um-brasil-autoritario-diz-eduardo-paes-sobre-reforma-tributaria\/#primaryimage\",\"url\":\"https:\/\/jornalfatosenoticias.com.br\/wp-content\/uploads\/2023\/07\/Eduardo-Paes.jpg\",\"contentUrl\":\"https:\/\/jornalfatosenoticias.com.br\/wp-content\/uploads\/2023\/07\/Eduardo-Paes.jpg\",\"width\":850,\"height\":510},{\"@type\":\"BreadcrumbList\",\"@id\":\"https:\/\/jornalfatosenoticias.com.br\/index.php\/2023\/07\/05\/estamos-voltando-a-um-modelo-de-um-brasil-autoritario-diz-eduardo-paes-sobre-reforma-tributaria\/#breadcrumb\",\"itemListElement\":[{\"@type\":\"ListItem\",\"position\":1,\"name\":\"In\u00edcio\",\"item\":\"https:\/\/jornalfatosenoticias.com.br\/\"},{\"@type\":\"ListItem\",\"position\":2,\"name\":\"\u2018Estamos voltando a um modelo de um Brasil autorit\u00e1rio\u2019, diz Eduardo Paes sobre reforma tribut\u00e1ria\"}]},{\"@type\":\"WebSite\",\"@id\":\"https:\/\/jornalfatosenoticias.com.br\/#website\",\"url\":\"https:\/\/jornalfatosenoticias.com.br\/\",\"name\":\"Jornal Fatos e Not\u00edcias\",\"description\":\"Not\u00edcias em geral\",\"publisher\":{\"@id\":\"https:\/\/jornalfatosenoticias.com.br\/#organization\"},\"potentialAction\":[{\"@type\":\"SearchAction\",\"target\":{\"@type\":\"EntryPoint\",\"urlTemplate\":\"https:\/\/jornalfatosenoticias.com.br\/?s={search_term_string}\"},\"query-input\":{\"@type\":\"PropertyValueSpecification\",\"valueRequired\":true,\"valueName\":\"search_term_string\"}}],\"inLanguage\":\"pt-BR\"},{\"@type\":\"Organization\",\"@id\":\"https:\/\/jornalfatosenoticias.com.br\/#organization\",\"name\":\"Jornal Fatos e Not\u00edcias\",\"url\":\"https:\/\/jornalfatosenoticias.com.br\/\",\"logo\":{\"@type\":\"ImageObject\",\"inLanguage\":\"pt-BR\",\"@id\":\"https:\/\/jornalfatosenoticias.com.br\/#\/schema\/logo\/image\/\",\"url\":\"https:\/\/jornalfatosenoticias.com.br\/wp-content\/uploads\/2020\/02\/logo120.png\",\"contentUrl\":\"https:\/\/jornalfatosenoticias.com.br\/wp-content\/uploads\/2020\/02\/logo120.png\",\"width\":1227,\"height\":120,\"caption\":\"Jornal Fatos e Not\u00edcias\"},\"image\":{\"@id\":\"https:\/\/jornalfatosenoticias.com.br\/#\/schema\/logo\/image\/\"}},{\"@type\":\"Person\",\"@id\":\"https:\/\/jornalfatosenoticias.com.br\/#\/schema\/person\/d63837fa13ac8666eb9e74e0985d6f81\",\"name\":\"Luzimara Fernandes\",\"image\":{\"@type\":\"ImageObject\",\"inLanguage\":\"pt-BR\",\"@id\":\"https:\/\/jornalfatosenoticias.com.br\/#\/schema\/person\/image\/\",\"url\":\"https:\/\/jornalfatosenoticias.com.br\/wp-content\/uploads\/2025\/05\/EU_portal.jpg\",\"contentUrl\":\"https:\/\/jornalfatosenoticias.com.br\/wp-content\/uploads\/2025\/05\/EU_portal.jpg\",\"caption\":\"Luzimara Fernandes\"},\"description\":\"Jornalista MTB 2358-ES\",\"sameAs\":[\"https:\/\/jornalfatosenoticias.com.br\"],\"url\":\"https:\/\/jornalfatosenoticias.com.br\/index.php\/author\/luzimara\/\"}]}<\/script>\n<!-- \/ Yoast SEO plugin. -->","yoast_head_json":{"title":"\u2018Estamos voltando a um modelo de um Brasil autorit\u00e1rio\u2019, diz Eduardo Paes sobre reforma tribut\u00e1ria - Jornal Fatos e Not\u00edcias","robots":{"index":"index","follow":"follow","max-snippet":"max-snippet:-1","max-image-preview":"max-image-preview:large","max-video-preview":"max-video-preview:-1"},"canonical":"https:\/\/jornalfatosenoticias.com.br\/index.php\/2023\/07\/05\/estamos-voltando-a-um-modelo-de-um-brasil-autoritario-diz-eduardo-paes-sobre-reforma-tributaria\/","og_locale":"pt_BR","og_type":"article","og_title":"\u2018Estamos voltando a um modelo de um Brasil autorit\u00e1rio\u2019, diz Eduardo Paes sobre reforma tribut\u00e1ria - Jornal Fatos e Not\u00edcias","og_description":"Presidente da C\u00e2mara dos Deputados, Arthur Lira (PP-AL), quer votar proposta at\u00e9 o fim desta semana, mas texto enfrenta resist\u00eancia da oposi\u00e7\u00e3o, de prefeitos e governadores Os prefeitos do Rio de Janeiro, Eduardo Paes, e de S\u00e3o Paulo,\u00a0Ricardo Nunes, criticaram, nesta ter\u00e7a-feira (4), em manifesto na C\u00e2mara dos Deputados, o atual texto da reforma tribut\u00e1ria [&hellip;]","og_url":"https:\/\/jornalfatosenoticias.com.br\/index.php\/2023\/07\/05\/estamos-voltando-a-um-modelo-de-um-brasil-autoritario-diz-eduardo-paes-sobre-reforma-tributaria\/","og_site_name":"Jornal Fatos e Not\u00edcias","article_published_time":"2023-07-05T13:35:30+00:00","article_modified_time":"2023-07-05T13:35:31+00:00","og_image":[{"width":850,"height":510,"url":"https:\/\/jornalfatosenoticias.com.br\/wp-content\/uploads\/2023\/07\/Eduardo-Paes.jpg","type":"image\/jpeg"}],"author":"Luzimara Fernandes","twitter_card":"summary_large_image","twitter_misc":{"Escrito por":"Luzimara Fernandes","Est. tempo de leitura":"2 minutos"},"schema":{"@context":"https:\/\/schema.org","@graph":[{"@type":"Article","@id":"https:\/\/jornalfatosenoticias.com.br\/index.php\/2023\/07\/05\/estamos-voltando-a-um-modelo-de-um-brasil-autoritario-diz-eduardo-paes-sobre-reforma-tributaria\/#article","isPartOf":{"@id":"https:\/\/jornalfatosenoticias.com.br\/index.php\/2023\/07\/05\/estamos-voltando-a-um-modelo-de-um-brasil-autoritario-diz-eduardo-paes-sobre-reforma-tributaria\/"},"author":{"name":"Luzimara Fernandes","@id":"https:\/\/jornalfatosenoticias.com.br\/#\/schema\/person\/d63837fa13ac8666eb9e74e0985d6f81"},"headline":"\u2018Estamos voltando a um modelo de um Brasil autorit\u00e1rio\u2019, diz Eduardo Paes sobre reforma tribut\u00e1ria","datePublished":"2023-07-05T13:35:30+00:00","dateModified":"2023-07-05T13:35:31+00:00","mainEntityOfPage":{"@id":"https:\/\/jornalfatosenoticias.com.br\/index.php\/2023\/07\/05\/estamos-voltando-a-um-modelo-de-um-brasil-autoritario-diz-eduardo-paes-sobre-reforma-tributaria\/"},"wordCount":343,"commentCount":0,"publisher":{"@id":"https:\/\/jornalfatosenoticias.com.br\/#organization"},"image":{"@id":"https:\/\/jornalfatosenoticias.com.br\/index.php\/2023\/07\/05\/estamos-voltando-a-um-modelo-de-um-brasil-autoritario-diz-eduardo-paes-sobre-reforma-tributaria\/#primaryimage"},"thumbnailUrl":"https:\/\/jornalfatosenoticias.com.br\/wp-content\/uploads\/2023\/07\/Eduardo-Paes.jpg","keywords":["C\u00e2mara dos Deputados","Eduardo Paes","Reforma Tribut\u00e1ria","Ricardo Nunes"],"articleSection":["Pol\u00edtica"],"inLanguage":"pt-BR","potentialAction":[{"@type":"CommentAction","name":"Comment","target":["https:\/\/jornalfatosenoticias.com.br\/index.php\/2023\/07\/05\/estamos-voltando-a-um-modelo-de-um-brasil-autoritario-diz-eduardo-paes-sobre-reforma-tributaria\/#respond"]}]},{"@type":"WebPage","@id":"https:\/\/jornalfatosenoticias.com.br\/index.php\/2023\/07\/05\/estamos-voltando-a-um-modelo-de-um-brasil-autoritario-diz-eduardo-paes-sobre-reforma-tributaria\/","url":"https:\/\/jornalfatosenoticias.com.br\/index.php\/2023\/07\/05\/estamos-voltando-a-um-modelo-de-um-brasil-autoritario-diz-eduardo-paes-sobre-reforma-tributaria\/","name":"\u2018Estamos voltando a um modelo de um Brasil autorit\u00e1rio\u2019, diz Eduardo Paes sobre reforma tribut\u00e1ria - Jornal Fatos e Not\u00edcias","isPartOf":{"@id":"https:\/\/jornalfatosenoticias.com.br\/#website"},"primaryImageOfPage":{"@id":"https:\/\/jornalfatosenoticias.com.br\/index.php\/2023\/07\/05\/estamos-voltando-a-um-modelo-de-um-brasil-autoritario-diz-eduardo-paes-sobre-reforma-tributaria\/#primaryimage"},"image":{"@id":"https:\/\/jornalfatosenoticias.com.br\/index.php\/2023\/07\/05\/estamos-voltando-a-um-modelo-de-um-brasil-autoritario-diz-eduardo-paes-sobre-reforma-tributaria\/#primaryimage"},"thumbnailUrl":"https:\/\/jornalfatosenoticias.com.br\/wp-content\/uploads\/2023\/07\/Eduardo-Paes.jpg","datePublished":"2023-07-05T13:35:30+00:00","dateModified":"2023-07-05T13:35:31+00:00","breadcrumb":{"@id":"https:\/\/jornalfatosenoticias.com.br\/index.php\/2023\/07\/05\/estamos-voltando-a-um-modelo-de-um-brasil-autoritario-diz-eduardo-paes-sobre-reforma-tributaria\/#breadcrumb"},"inLanguage":"pt-BR","potentialAction":[{"@type":"ReadAction","target":["https:\/\/jornalfatosenoticias.com.br\/index.php\/2023\/07\/05\/estamos-voltando-a-um-modelo-de-um-brasil-autoritario-diz-eduardo-paes-sobre-reforma-tributaria\/"]}]},{"@type":"ImageObject","inLanguage":"pt-BR","@id":"https:\/\/jornalfatosenoticias.com.br\/index.php\/2023\/07\/05\/estamos-voltando-a-um-modelo-de-um-brasil-autoritario-diz-eduardo-paes-sobre-reforma-tributaria\/#primaryimage","url":"https:\/\/jornalfatosenoticias.com.br\/wp-content\/uploads\/2023\/07\/Eduardo-Paes.jpg","contentUrl":"https:\/\/jornalfatosenoticias.com.br\/wp-content\/uploads\/2023\/07\/Eduardo-Paes.jpg","width":850,"height":510},{"@type":"BreadcrumbList","@id":"https:\/\/jornalfatosenoticias.com.br\/index.php\/2023\/07\/05\/estamos-voltando-a-um-modelo-de-um-brasil-autoritario-diz-eduardo-paes-sobre-reforma-tributaria\/#breadcrumb","itemListElement":[{"@type":"ListItem","position":1,"name":"In\u00edcio","item":"https:\/\/jornalfatosenoticias.com.br\/"},{"@type":"ListItem","position":2,"name":"\u2018Estamos voltando a um modelo de um Brasil autorit\u00e1rio\u2019, diz Eduardo Paes sobre reforma tribut\u00e1ria"}]},{"@type":"WebSite","@id":"https:\/\/jornalfatosenoticias.com.br\/#website","url":"https:\/\/jornalfatosenoticias.com.br\/","name":"Jornal Fatos e Not\u00edcias","description":"Not\u00edcias em geral","publisher":{"@id":"https:\/\/jornalfatosenoticias.com.br\/#organization"},"potentialAction":[{"@type":"SearchAction","target":{"@type":"EntryPoint","urlTemplate":"https:\/\/jornalfatosenoticias.com.br\/?s={search_term_string}"},"query-input":{"@type":"PropertyValueSpecification","valueRequired":true,"valueName":"search_term_string"}}],"inLanguage":"pt-BR"},{"@type":"Organization","@id":"https:\/\/jornalfatosenoticias.com.br\/#organization","name":"Jornal Fatos e Not\u00edcias","url":"https:\/\/jornalfatosenoticias.com.br\/","logo":{"@type":"ImageObject","inLanguage":"pt-BR","@id":"https:\/\/jornalfatosenoticias.com.br\/#\/schema\/logo\/image\/","url":"https:\/\/jornalfatosenoticias.com.br\/wp-content\/uploads\/2020\/02\/logo120.png","contentUrl":"https:\/\/jornalfatosenoticias.com.br\/wp-content\/uploads\/2020\/02\/logo120.png","width":1227,"height":120,"caption":"Jornal Fatos e Not\u00edcias"},"image":{"@id":"https:\/\/jornalfatosenoticias.com.br\/#\/schema\/logo\/image\/"}},{"@type":"Person","@id":"https:\/\/jornalfatosenoticias.com.br\/#\/schema\/person\/d63837fa13ac8666eb9e74e0985d6f81","name":"Luzimara Fernandes","image":{"@type":"ImageObject","inLanguage":"pt-BR","@id":"https:\/\/jornalfatosenoticias.com.br\/#\/schema\/person\/image\/","url":"https:\/\/jornalfatosenoticias.com.br\/wp-content\/uploads\/2025\/05\/EU_portal.jpg","contentUrl":"https:\/\/jornalfatosenoticias.com.br\/wp-content\/uploads\/2025\/05\/EU_portal.jpg","caption":"Luzimara Fernandes"},"description":"Jornalista MTB 2358-ES","sameAs":["https:\/\/jornalfatosenoticias.com.br"],"url":"https:\/\/jornalfatosenoticias.com.br\/index.php\/author\/luzimara\/"}]}},"cc_featured_image_caption":{"caption_text":"(Foto: Tomaz Silva\/Ag\u00eancia Brasil) ","source_text":"","source_url":""},"jetpack_featured_media_url":"https:\/\/jornalfatosenoticias.com.br\/wp-content\/uploads\/2023\/07\/Eduardo-Paes.jpg","_links":{"self":[{"href":"https:\/\/jornalfatosenoticias.com.br\/index.php\/wp-json\/wp\/v2\/posts\/43059","targetHints":{"allow":["GET"]}}],"collection":[{"href":"https:\/\/jornalfatosenoticias.com.br\/index.php\/wp-json\/wp\/v2\/posts"}],"about":[{"href":"https:\/\/jornalfatosenoticias.com.br\/index.php\/wp-json\/wp\/v2\/types\/post"}],"author":[{"embeddable":true,"href":"https:\/\/jornalfatosenoticias.com.br\/index.php\/wp-json\/wp\/v2\/users\/2"}],"replies":[{"embeddable":true,"href":"https:\/\/jornalfatosenoticias.com.br\/index.php\/wp-json\/wp\/v2\/comments?post=43059"}],"version-history":[{"count":0,"href":"https:\/\/jornalfatosenoticias.com.br\/index.php\/wp-json\/wp\/v2\/posts\/43059\/revisions"}],"wp:featuredmedia":[{"embeddable":true,"href":"https:\/\/jornalfatosenoticias.com.br\/index.php\/wp-json\/wp\/v2\/media\/43060"}],"wp:attachment":[{"href":"https:\/\/jornalfatosenoticias.com.br\/index.php\/wp-json\/wp\/v2\/media?parent=43059"}],"wp:term":[{"taxonomy":"category","embeddable":true,"href":"https:\/\/jornalfatosenoticias.com.br\/index.php\/wp-json\/wp\/v2\/categories?post=43059"},{"taxonomy":"post_tag","embeddable":true,"href":"https:\/\/jornalfatosenoticias.com.br\/index.php\/wp-json\/wp\/v2\/tags?post=43059"}],"curies":[{"name":"wp","href":"https:\/\/api.w.org\/{rel}","templated":true}]}}