{"id":43127,"date":"2023-07-10T13:59:55","date_gmt":"2023-07-10T16:59:55","guid":{"rendered":"https:\/\/jornalfatosenoticias.com.br\/?p=43127"},"modified":"2023-07-10T13:59:57","modified_gmt":"2023-07-10T16:59:57","slug":"acordar-cedo-no-frio-e-dificil-para-voce-veja-dicas-que-ajudam","status":"publish","type":"post","link":"https:\/\/jornalfatosenoticias.com.br\/index.php\/2023\/07\/10\/acordar-cedo-no-frio-e-dificil-para-voce-veja-dicas-que-ajudam\/","title":{"rendered":"Acordar cedo no frio \u00e9 dif\u00edcil para voc\u00ea? Veja dicas que ajudam"},"content":{"rendered":"\n<div class=\"wp-block-image\"><figure class=\"aligncenter size-large\"><img loading=\"lazy\" decoding=\"async\" width=\"729\" height=\"90\" src=\"https:\/\/jornalfatosenoticias.com.br\/wp-content\/uploads\/2020\/02\/Logo_Mizu.png\" alt=\"\" class=\"wp-image-1441\" srcset=\"https:\/\/jornalfatosenoticias.com.br\/wp-content\/uploads\/2020\/02\/Logo_Mizu.png 729w, https:\/\/jornalfatosenoticias.com.br\/wp-content\/uploads\/2020\/02\/Logo_Mizu-300x37.png 300w\" sizes=\"auto, (max-width: 729px) 100vw, 729px\" \/><\/figure><\/div>\n\n\n\n<p><a href=\"https:\/\/vitat.com.br\/acordar-cedo\/\">Acordar cedo<\/a> no frio pode ser um verdadeiro desafio. Principalmente para quem vive nas regi\u00f5es do Brasil onde as temperaturas s\u00e3o baixas e o sol demora a aparecer. Nesses locais, longe dos tr\u00f3picos, muitas pessoas t\u00eam de acordar quando ainda est\u00e1 escuro. Isso complica a miss\u00e3o de come\u00e7ar o dia bem disposto, seja para trabalhar, estudar ou cuidar das tarefas dom\u00e9sticas. Mas, por que \u00e9 mais dif\u00edcil acordar cedo no frio?<br>A pouca luminosidade \u00e9 a principal respons\u00e1vel pela vontade de dormir mais no inverno. A sincroniza\u00e7\u00e3o do \u201crel\u00f3gio interno\u201d do organismo, que regula as diversas fun\u00e7\u00f5es do corpo ao longo das 24 horas, est\u00e1 associada \u00e0 varia\u00e7\u00e3o da luz. <\/p>\n\n\n\n<div class=\"wp-block-image\"><figure class=\"aligncenter size-large is-resized\"><img loading=\"lazy\" decoding=\"async\" src=\"https:\/\/jornalfatosenoticias.com.br\/wp-content\/uploads\/2023\/04\/Logo_MasterMind.jpg\" alt=\"\" class=\"wp-image-40974\" width=\"272\" height=\"198\"\/><\/figure><\/div>\n\n\n\n<blockquote class=\"wp-block-quote is-layout-flow wp-block-quote-is-layout-flow\"><p><span class=\"has-inline-color has-luminous-vivid-orange-color\">A principal dica para o c\u00e9rebro entender quando \u00e9 dia e quando \u00e9 noite, \u00e9 a exposi\u00e7\u00e3o a luz. \u00c0 noite, pr\u00f3ximo a hora de dormir, reduzir a exposi\u00e7\u00e3o a luz branca ou azul ajuda o rel\u00f3gio biol\u00f3gico interno a entender que a noite est\u00e1 come\u00e7ando\u201d, explica Luciana Palombini, m\u00e9dica do <a href=\"https:\/\/institutodosono.com\/\">Instituto do Sono<\/a>.<\/span><\/p><\/blockquote>\n\n\n\n<div class=\"wp-block-image\"><figure class=\"aligncenter size-large is-resized\"><img loading=\"lazy\" decoding=\"async\" src=\"https:\/\/jornalfatosenoticias.com.br\/wp-content\/uploads\/2020\/02\/casa-do-torresmo_portal.jpg\" alt=\"\" class=\"wp-image-34472\" width=\"265\" height=\"265\" srcset=\"https:\/\/jornalfatosenoticias.com.br\/wp-content\/uploads\/2020\/02\/casa-do-torresmo_portal.jpg 300w, https:\/\/jornalfatosenoticias.com.br\/wp-content\/uploads\/2020\/02\/casa-do-torresmo_portal-150x150.jpg 150w\" sizes=\"auto, (max-width: 265px) 100vw, 265px\" \/><\/figure><\/div>\n\n\n\n<p>Conforme a luz natural diminui, o corpo come\u00e7a a produzir <a href=\"https:\/\/vitat.com.br\/melatonina\/\">melatonina<\/a>, conhecida como o \u201chorm\u00f4nio da escurid\u00e3o\u201d. A subst\u00e2ncia atinge seu pico de produ\u00e7\u00e3o algumas horas ap\u00f3s o anoitecer, favorecendo o adormecimento. A varia\u00e7\u00e3o da luminosidade tamb\u00e9m afeta nosso comportamento. <\/p>\n\n\n\n<blockquote class=\"wp-block-quote is-layout-flow wp-block-quote-is-layout-flow\"><p><span class=\"has-inline-color has-luminous-vivid-orange-color\">Neste per\u00edodo do ano pode ocorrer a depress\u00e3o de inverno, por causa da baixa incid\u00eancia da luz solar\u201d, esclarece a m\u00e9dica.<\/span><\/p><\/blockquote>\n\n\n\n<div class=\"wp-block-image\"><figure class=\"aligncenter size-large is-resized\"><img loading=\"lazy\" decoding=\"async\" src=\"https:\/\/jornalfatosenoticias.com.br\/wp-content\/uploads\/2023\/03\/logo-Panper_portal.jpg\" alt=\"\" class=\"wp-image-40208\" width=\"270\" height=\"187\" srcset=\"https:\/\/jornalfatosenoticias.com.br\/wp-content\/uploads\/2023\/03\/logo-Panper_portal.jpg 400w, https:\/\/jornalfatosenoticias.com.br\/wp-content\/uploads\/2023\/03\/logo-Panper_portal-300x208.jpg 300w\" sizes=\"auto, (max-width: 270px) 100vw, 270px\" \/><\/figure><\/div>\n\n\n\n<p>Tamb\u00e9m chamado de transtorno afetivo sazonal, este tipo de depress\u00e3o pode provocar tristeza, irritabilidade e <a href=\"https:\/\/vitat.com.br\/ansiedade\/\">ansiedade<\/a> no final do outono e ao longo do inverno. Al\u00e9m da menor luminosidade, o inverno promove a queda dos term\u00f4metros, o que pode melhorar a qualidade do sono. Uma r\u00e1pida explica\u00e7\u00e3o do porqu\u00ea isso acontece: a temperatura corporal cai at\u00e9 1,5\u00baC enquanto dormimos. \u201cPor causa disso, o sono pode ser melhor no inverno, desde que a pessoa esteja agasalhada e em um ambiente adequado para dormir\u201d, diz Luciana Palombini.<\/p>\n\n\n\n<div class=\"wp-block-image\"><figure class=\"aligncenter size-large\"><img decoding=\"async\" src=\"https:\/\/jornalfatosenoticias.com.br\/wp-content\/uploads\/2020\/02\/logo_esteio.jpg\" alt=\"\" class=\"wp-image-1214\"\/><\/figure><\/div>\n\n\n\n<p>Quem convive com alergias ou doen\u00e7as respirat\u00f3rias que atacam \u00e0 noite t\u00eam dificuldades para acordar cedo no frio. Com as crises, o ciclo do sono se desregula. Al\u00e9m disso, a pessoa pode apresentar piora de dist\u00farbios de sono relacionados a respira\u00e7\u00e3o, por exemplo, apneia obstrutiva do sono. Trata-se de uma doen\u00e7a que causa epis\u00f3dios recorrentes e intermitentes de colapso das vias a\u00e9reas.<\/p>\n\n\n\n<div class=\"wp-block-image\"><figure class=\"aligncenter size-large\"><img loading=\"lazy\" decoding=\"async\" width=\"300\" height=\"250\" src=\"https:\/\/jornalfatosenoticias.com.br\/wp-content\/uploads\/2022\/08\/arte-Casarao.jpg\" alt=\"\" class=\"wp-image-33178\"\/><\/figure><\/div>\n\n\n\n<p>Dessa forma, ocorre a interrup\u00e7\u00e3o total ou parcial do fluxo de ar. Por isso, os m\u00e9dicos recomendam cuidados preventivos para evitar crises no inverno. Afinal, como acordar cedo no frio? Alguns h\u00e1bitos parecem banais, mas quando colocados em pr\u00e1tica, fazem a diferen\u00e7a no seu despertar. Al\u00e9m disso, podem at\u00e9 melhorar a qualidade do descanso, essencial para um dia produtivo. <\/p>\n\n\n\n<div class=\"wp-block-image\"><figure class=\"aligncenter size-large is-resized\"><img loading=\"lazy\" decoding=\"async\" src=\"https:\/\/jornalfatosenoticias.com.br\/wp-content\/uploads\/2023\/03\/Crypton-1000-\u00d7-900-px-300x270-1.png\" alt=\"\" class=\"wp-image-40206\" width=\"277\" height=\"249\"\/><\/figure><\/div>\n\n\n\n<p><strong><span class=\"has-inline-color has-vivid-purple-color\">Confira as dicas da especialista do Instituto do Sono:<br><\/span><span class=\"has-inline-color has-black-color\">\u2022 Durma mais cedo:<\/span><\/strong> se voc\u00ea precisa acordar nas primeiras horas do dia, n\u00e3o adie a hora de ir para a cama na noite anterior. Tamb\u00e9m \u00e9 desej\u00e1vel manter os hor\u00e1rios de dormir e acordar, principalmente durante a semana.<br><strong><span class=\"has-inline-color has-black-color\">\u2022 Diga n\u00e3o ao celular e ao computador:<\/span><\/strong> evite se expor o m\u00e1ximo poss\u00edvel \u00e0s telas. O feixe de luz azul dos celulares e tablets inibem a produ\u00e7\u00e3o de <a href=\"https:\/\/vitat.com.br\/melatonina\/\">melatonina<\/a>\u00a0e, assim, prejudicam o sono. Uma leitura leve, com luz de cabeceira amarela ou vermelha e uma\u00a0<a href=\"https:\/\/vitat.com.br\/meditacao\/\">medita\u00e7\u00e3o<\/a> antes de dormir s\u00e3o boas op\u00e7\u00f5es para cair no sono.<\/p>\n\n\n\n<div class=\"wp-block-image\"><figure class=\"aligncenter size-large is-resized\"><img loading=\"lazy\" decoding=\"async\" src=\"https:\/\/jornalfatosenoticias.com.br\/wp-content\/uploads\/2022\/02\/Precisao-Contabilidade-1024x724.jpg\" alt=\"\" class=\"wp-image-28088\" width=\"314\" height=\"222\"\/><\/figure><\/div>\n\n\n\n<p><strong><span class=\"has-inline-color has-black-color\">\u2022 Durma agasalhado:<\/span><\/strong> embora o frio favore\u00e7a o sono, ningu\u00e9m consegue dormir bem sem estar quentinho. Deite-se agasalhado em um ambiente confort\u00e1vel e aquecido.<br><strong><span class=\"has-inline-color has-black-color\">\u2022 N\u00e3o abuse do n\u00famero de cobertores:<\/span> <\/strong>suar debaixo das cobertas prejudica o sono. Use cobertores para se manter aquecido na medida.<br><strong><span class=\"has-inline-color has-black-color\">\u2022 V\u00e1 para a luz:<\/span><\/strong> sempre que poss\u00edvel levante-se da cama e exponha-se \u00e0 luz, mesmo que seja artificial. Se ainda estiver escuro, acenda todas as l\u00e2mpadas da casa para avisar o seu c\u00e9rebro que o dia come\u00e7ou.<br><strong><span class=\"has-inline-color has-black-color\">\u2022 Modere o consumo de bebidas estimulantes:<\/span><\/strong> <a href=\"https:\/\/vitat.com.br\/cafe\/\">caf\u00e9<\/a>, chocolate e diversos ch\u00e1s s\u00e3o estimulantes. Ou seja, s\u00e3o \u00f3timos para ajudar o corpo a despertar para a jornada di\u00e1ria. Contudo, n\u00e3o abuse dessas bebidas e evite tom\u00e1-las ap\u00f3s as 18 horas.<\/p>\n\n\n\n<div class=\"wp-block-image\"><figure class=\"aligncenter size-large\"><img loading=\"lazy\" decoding=\"async\" width=\"300\" height=\"137\" src=\"https:\/\/jornalfatosenoticias.com.br\/wp-content\/uploads\/2023\/06\/LOGO_JULIANA-GRACA_PORTAL.jpg\" alt=\"\" class=\"wp-image-42597\"\/><\/figure><\/div>\n\n\n\n<p><strong><em>Fonte: <a href=\"https:\/\/vitat.com.br\/acordar-cedo-no-frio\/\">Vitat<\/a><\/em><\/strong><\/p>\n","protected":false},"excerpt":{"rendered":"<p>Acordar cedo no frio pode ser um verdadeiro desafio. Principalmente para quem vive nas regi\u00f5es do Brasil onde as temperaturas s\u00e3o baixas e o sol demora a aparecer. Nesses locais, longe dos tr\u00f3picos, muitas pessoas t\u00eam de acordar quando ainda est\u00e1 escuro. Isso complica a miss\u00e3o de come\u00e7ar o dia bem disposto, seja para trabalhar, [&hellip;]<\/p>\n","protected":false},"author":2,"featured_media":43128,"comment_status":"open","ping_status":"open","sticky":false,"template":"","format":"standard","meta":{"footnotes":""},"categories":[42],"tags":[20302,323,385,820,386,2877,3453,4123,74,1138],"class_list":["post-43127","post","type-post","status-publish","format-standard","has-post-thumbnail","hentry","category-bem-estar","tag-acordar-cedo-no-frio","tag-beleza","tag-bem-estar","tag-casa","tag-equilibrio","tag-frio","tag-inverno","tag-movimento","tag-saude","tag-sono"],"yoast_head":"<!-- This site is optimized with the Yoast SEO plugin v26.5 - https:\/\/yoast.com\/wordpress\/plugins\/seo\/ -->\n<title>Acordar cedo no frio \u00e9 dif\u00edcil para voc\u00ea? Veja dicas que ajudam - Jornal Fatos e Not\u00edcias<\/title>\n<meta name=\"robots\" content=\"index, follow, max-snippet:-1, max-image-preview:large, max-video-preview:-1\" \/>\n<link rel=\"canonical\" href=\"https:\/\/jornalfatosenoticias.com.br\/index.php\/2023\/07\/10\/acordar-cedo-no-frio-e-dificil-para-voce-veja-dicas-que-ajudam\/\" \/>\n<meta property=\"og:locale\" content=\"pt_BR\" \/>\n<meta property=\"og:type\" content=\"article\" \/>\n<meta property=\"og:title\" content=\"Acordar cedo no frio \u00e9 dif\u00edcil para voc\u00ea? Veja dicas que ajudam - Jornal Fatos e Not\u00edcias\" \/>\n<meta property=\"og:description\" content=\"Acordar cedo no frio pode ser um verdadeiro desafio. Principalmente para quem vive nas regi\u00f5es do Brasil onde as temperaturas s\u00e3o baixas e o sol demora a aparecer. Nesses locais, longe dos tr\u00f3picos, muitas pessoas t\u00eam de acordar quando ainda est\u00e1 escuro. Isso complica a miss\u00e3o de come\u00e7ar o dia bem disposto, seja para trabalhar, [&hellip;]\" \/>\n<meta property=\"og:url\" content=\"https:\/\/jornalfatosenoticias.com.br\/index.php\/2023\/07\/10\/acordar-cedo-no-frio-e-dificil-para-voce-veja-dicas-que-ajudam\/\" \/>\n<meta property=\"og:site_name\" content=\"Jornal Fatos e Not\u00edcias\" \/>\n<meta property=\"article:published_time\" content=\"2023-07-10T16:59:55+00:00\" \/>\n<meta property=\"article:modified_time\" content=\"2023-07-10T16:59:57+00:00\" \/>\n<meta property=\"og:image\" content=\"https:\/\/jornalfatosenoticias.com.br\/wp-content\/uploads\/2023\/07\/Acordar-cedo-no-frio.jpg\" \/>\n\t<meta property=\"og:image:width\" content=\"1000\" \/>\n\t<meta property=\"og:image:height\" content=\"536\" \/>\n\t<meta property=\"og:image:type\" content=\"image\/jpeg\" \/>\n<meta name=\"author\" content=\"Luzimara Fernandes\" \/>\n<meta name=\"twitter:card\" content=\"summary_large_image\" \/>\n<meta name=\"twitter:label1\" content=\"Escrito por\" \/>\n\t<meta name=\"twitter:data1\" content=\"Luzimara Fernandes\" \/>\n\t<meta name=\"twitter:label2\" content=\"Est. tempo de leitura\" \/>\n\t<meta name=\"twitter:data2\" content=\"4 minutos\" \/>\n<script type=\"application\/ld+json\" class=\"yoast-schema-graph\">{\"@context\":\"https:\/\/schema.org\",\"@graph\":[{\"@type\":\"Article\",\"@id\":\"https:\/\/jornalfatosenoticias.com.br\/index.php\/2023\/07\/10\/acordar-cedo-no-frio-e-dificil-para-voce-veja-dicas-que-ajudam\/#article\",\"isPartOf\":{\"@id\":\"https:\/\/jornalfatosenoticias.com.br\/index.php\/2023\/07\/10\/acordar-cedo-no-frio-e-dificil-para-voce-veja-dicas-que-ajudam\/\"},\"author\":{\"name\":\"Luzimara Fernandes\",\"@id\":\"https:\/\/jornalfatosenoticias.com.br\/#\/schema\/person\/d63837fa13ac8666eb9e74e0985d6f81\"},\"headline\":\"Acordar cedo no frio \u00e9 dif\u00edcil para voc\u00ea? Veja dicas que ajudam\",\"datePublished\":\"2023-07-10T16:59:55+00:00\",\"dateModified\":\"2023-07-10T16:59:57+00:00\",\"mainEntityOfPage\":{\"@id\":\"https:\/\/jornalfatosenoticias.com.br\/index.php\/2023\/07\/10\/acordar-cedo-no-frio-e-dificil-para-voce-veja-dicas-que-ajudam\/\"},\"wordCount\":738,\"commentCount\":0,\"publisher\":{\"@id\":\"https:\/\/jornalfatosenoticias.com.br\/#organization\"},\"image\":{\"@id\":\"https:\/\/jornalfatosenoticias.com.br\/index.php\/2023\/07\/10\/acordar-cedo-no-frio-e-dificil-para-voce-veja-dicas-que-ajudam\/#primaryimage\"},\"thumbnailUrl\":\"https:\/\/jornalfatosenoticias.com.br\/wp-content\/uploads\/2023\/07\/Acordar-cedo-no-frio.jpg\",\"keywords\":[\"acordar cedo no frio\",\"beleza\",\"bem-estar\",\"casa\",\"equil\u00edbrio\",\"frio\",\"inverno\",\"movimento\",\"sa\u00fade\",\"sono\"],\"articleSection\":[\"Bem-estar\"],\"inLanguage\":\"pt-BR\",\"potentialAction\":[{\"@type\":\"CommentAction\",\"name\":\"Comment\",\"target\":[\"https:\/\/jornalfatosenoticias.com.br\/index.php\/2023\/07\/10\/acordar-cedo-no-frio-e-dificil-para-voce-veja-dicas-que-ajudam\/#respond\"]}]},{\"@type\":\"WebPage\",\"@id\":\"https:\/\/jornalfatosenoticias.com.br\/index.php\/2023\/07\/10\/acordar-cedo-no-frio-e-dificil-para-voce-veja-dicas-que-ajudam\/\",\"url\":\"https:\/\/jornalfatosenoticias.com.br\/index.php\/2023\/07\/10\/acordar-cedo-no-frio-e-dificil-para-voce-veja-dicas-que-ajudam\/\",\"name\":\"Acordar cedo no frio \u00e9 dif\u00edcil para voc\u00ea? Veja dicas que ajudam - Jornal Fatos e Not\u00edcias\",\"isPartOf\":{\"@id\":\"https:\/\/jornalfatosenoticias.com.br\/#website\"},\"primaryImageOfPage\":{\"@id\":\"https:\/\/jornalfatosenoticias.com.br\/index.php\/2023\/07\/10\/acordar-cedo-no-frio-e-dificil-para-voce-veja-dicas-que-ajudam\/#primaryimage\"},\"image\":{\"@id\":\"https:\/\/jornalfatosenoticias.com.br\/index.php\/2023\/07\/10\/acordar-cedo-no-frio-e-dificil-para-voce-veja-dicas-que-ajudam\/#primaryimage\"},\"thumbnailUrl\":\"https:\/\/jornalfatosenoticias.com.br\/wp-content\/uploads\/2023\/07\/Acordar-cedo-no-frio.jpg\",\"datePublished\":\"2023-07-10T16:59:55+00:00\",\"dateModified\":\"2023-07-10T16:59:57+00:00\",\"breadcrumb\":{\"@id\":\"https:\/\/jornalfatosenoticias.com.br\/index.php\/2023\/07\/10\/acordar-cedo-no-frio-e-dificil-para-voce-veja-dicas-que-ajudam\/#breadcrumb\"},\"inLanguage\":\"pt-BR\",\"potentialAction\":[{\"@type\":\"ReadAction\",\"target\":[\"https:\/\/jornalfatosenoticias.com.br\/index.php\/2023\/07\/10\/acordar-cedo-no-frio-e-dificil-para-voce-veja-dicas-que-ajudam\/\"]}]},{\"@type\":\"ImageObject\",\"inLanguage\":\"pt-BR\",\"@id\":\"https:\/\/jornalfatosenoticias.com.br\/index.php\/2023\/07\/10\/acordar-cedo-no-frio-e-dificil-para-voce-veja-dicas-que-ajudam\/#primaryimage\",\"url\":\"https:\/\/jornalfatosenoticias.com.br\/wp-content\/uploads\/2023\/07\/Acordar-cedo-no-frio.jpg\",\"contentUrl\":\"https:\/\/jornalfatosenoticias.com.br\/wp-content\/uploads\/2023\/07\/Acordar-cedo-no-frio.jpg\",\"width\":1000,\"height\":536},{\"@type\":\"BreadcrumbList\",\"@id\":\"https:\/\/jornalfatosenoticias.com.br\/index.php\/2023\/07\/10\/acordar-cedo-no-frio-e-dificil-para-voce-veja-dicas-que-ajudam\/#breadcrumb\",\"itemListElement\":[{\"@type\":\"ListItem\",\"position\":1,\"name\":\"In\u00edcio\",\"item\":\"https:\/\/jornalfatosenoticias.com.br\/\"},{\"@type\":\"ListItem\",\"position\":2,\"name\":\"Acordar cedo no frio \u00e9 dif\u00edcil para voc\u00ea? Veja dicas que ajudam\"}]},{\"@type\":\"WebSite\",\"@id\":\"https:\/\/jornalfatosenoticias.com.br\/#website\",\"url\":\"https:\/\/jornalfatosenoticias.com.br\/\",\"name\":\"Jornal Fatos e Not\u00edcias\",\"description\":\"Not\u00edcias em geral\",\"publisher\":{\"@id\":\"https:\/\/jornalfatosenoticias.com.br\/#organization\"},\"potentialAction\":[{\"@type\":\"SearchAction\",\"target\":{\"@type\":\"EntryPoint\",\"urlTemplate\":\"https:\/\/jornalfatosenoticias.com.br\/?s={search_term_string}\"},\"query-input\":{\"@type\":\"PropertyValueSpecification\",\"valueRequired\":true,\"valueName\":\"search_term_string\"}}],\"inLanguage\":\"pt-BR\"},{\"@type\":\"Organization\",\"@id\":\"https:\/\/jornalfatosenoticias.com.br\/#organization\",\"name\":\"Jornal Fatos e Not\u00edcias\",\"url\":\"https:\/\/jornalfatosenoticias.com.br\/\",\"logo\":{\"@type\":\"ImageObject\",\"inLanguage\":\"pt-BR\",\"@id\":\"https:\/\/jornalfatosenoticias.com.br\/#\/schema\/logo\/image\/\",\"url\":\"https:\/\/jornalfatosenoticias.com.br\/wp-content\/uploads\/2020\/02\/logo120.png\",\"contentUrl\":\"https:\/\/jornalfatosenoticias.com.br\/wp-content\/uploads\/2020\/02\/logo120.png\",\"width\":1227,\"height\":120,\"caption\":\"Jornal Fatos e Not\u00edcias\"},\"image\":{\"@id\":\"https:\/\/jornalfatosenoticias.com.br\/#\/schema\/logo\/image\/\"}},{\"@type\":\"Person\",\"@id\":\"https:\/\/jornalfatosenoticias.com.br\/#\/schema\/person\/d63837fa13ac8666eb9e74e0985d6f81\",\"name\":\"Luzimara Fernandes\",\"image\":{\"@type\":\"ImageObject\",\"inLanguage\":\"pt-BR\",\"@id\":\"https:\/\/jornalfatosenoticias.com.br\/#\/schema\/person\/image\/\",\"url\":\"https:\/\/jornalfatosenoticias.com.br\/wp-content\/uploads\/2025\/05\/EU_portal.jpg\",\"contentUrl\":\"https:\/\/jornalfatosenoticias.com.br\/wp-content\/uploads\/2025\/05\/EU_portal.jpg\",\"caption\":\"Luzimara Fernandes\"},\"description\":\"Jornalista MTB 2358-ES\",\"sameAs\":[\"https:\/\/jornalfatosenoticias.com.br\"],\"url\":\"https:\/\/jornalfatosenoticias.com.br\/index.php\/author\/luzimara\/\"}]}<\/script>\n<!-- \/ Yoast SEO plugin. -->","yoast_head_json":{"title":"Acordar cedo no frio \u00e9 dif\u00edcil para voc\u00ea? Veja dicas que ajudam - Jornal Fatos e Not\u00edcias","robots":{"index":"index","follow":"follow","max-snippet":"max-snippet:-1","max-image-preview":"max-image-preview:large","max-video-preview":"max-video-preview:-1"},"canonical":"https:\/\/jornalfatosenoticias.com.br\/index.php\/2023\/07\/10\/acordar-cedo-no-frio-e-dificil-para-voce-veja-dicas-que-ajudam\/","og_locale":"pt_BR","og_type":"article","og_title":"Acordar cedo no frio \u00e9 dif\u00edcil para voc\u00ea? Veja dicas que ajudam - Jornal Fatos e Not\u00edcias","og_description":"Acordar cedo no frio pode ser um verdadeiro desafio. Principalmente para quem vive nas regi\u00f5es do Brasil onde as temperaturas s\u00e3o baixas e o sol demora a aparecer. Nesses locais, longe dos tr\u00f3picos, muitas pessoas t\u00eam de acordar quando ainda est\u00e1 escuro. Isso complica a miss\u00e3o de come\u00e7ar o dia bem disposto, seja para trabalhar, [&hellip;]","og_url":"https:\/\/jornalfatosenoticias.com.br\/index.php\/2023\/07\/10\/acordar-cedo-no-frio-e-dificil-para-voce-veja-dicas-que-ajudam\/","og_site_name":"Jornal Fatos e Not\u00edcias","article_published_time":"2023-07-10T16:59:55+00:00","article_modified_time":"2023-07-10T16:59:57+00:00","og_image":[{"width":1000,"height":536,"url":"https:\/\/jornalfatosenoticias.com.br\/wp-content\/uploads\/2023\/07\/Acordar-cedo-no-frio.jpg","type":"image\/jpeg"}],"author":"Luzimara Fernandes","twitter_card":"summary_large_image","twitter_misc":{"Escrito por":"Luzimara Fernandes","Est. tempo de leitura":"4 minutos"},"schema":{"@context":"https:\/\/schema.org","@graph":[{"@type":"Article","@id":"https:\/\/jornalfatosenoticias.com.br\/index.php\/2023\/07\/10\/acordar-cedo-no-frio-e-dificil-para-voce-veja-dicas-que-ajudam\/#article","isPartOf":{"@id":"https:\/\/jornalfatosenoticias.com.br\/index.php\/2023\/07\/10\/acordar-cedo-no-frio-e-dificil-para-voce-veja-dicas-que-ajudam\/"},"author":{"name":"Luzimara Fernandes","@id":"https:\/\/jornalfatosenoticias.com.br\/#\/schema\/person\/d63837fa13ac8666eb9e74e0985d6f81"},"headline":"Acordar cedo no frio \u00e9 dif\u00edcil para voc\u00ea? Veja dicas que ajudam","datePublished":"2023-07-10T16:59:55+00:00","dateModified":"2023-07-10T16:59:57+00:00","mainEntityOfPage":{"@id":"https:\/\/jornalfatosenoticias.com.br\/index.php\/2023\/07\/10\/acordar-cedo-no-frio-e-dificil-para-voce-veja-dicas-que-ajudam\/"},"wordCount":738,"commentCount":0,"publisher":{"@id":"https:\/\/jornalfatosenoticias.com.br\/#organization"},"image":{"@id":"https:\/\/jornalfatosenoticias.com.br\/index.php\/2023\/07\/10\/acordar-cedo-no-frio-e-dificil-para-voce-veja-dicas-que-ajudam\/#primaryimage"},"thumbnailUrl":"https:\/\/jornalfatosenoticias.com.br\/wp-content\/uploads\/2023\/07\/Acordar-cedo-no-frio.jpg","keywords":["acordar cedo no frio","beleza","bem-estar","casa","equil\u00edbrio","frio","inverno","movimento","sa\u00fade","sono"],"articleSection":["Bem-estar"],"inLanguage":"pt-BR","potentialAction":[{"@type":"CommentAction","name":"Comment","target":["https:\/\/jornalfatosenoticias.com.br\/index.php\/2023\/07\/10\/acordar-cedo-no-frio-e-dificil-para-voce-veja-dicas-que-ajudam\/#respond"]}]},{"@type":"WebPage","@id":"https:\/\/jornalfatosenoticias.com.br\/index.php\/2023\/07\/10\/acordar-cedo-no-frio-e-dificil-para-voce-veja-dicas-que-ajudam\/","url":"https:\/\/jornalfatosenoticias.com.br\/index.php\/2023\/07\/10\/acordar-cedo-no-frio-e-dificil-para-voce-veja-dicas-que-ajudam\/","name":"Acordar cedo no frio \u00e9 dif\u00edcil para voc\u00ea? Veja dicas que ajudam - Jornal Fatos e Not\u00edcias","isPartOf":{"@id":"https:\/\/jornalfatosenoticias.com.br\/#website"},"primaryImageOfPage":{"@id":"https:\/\/jornalfatosenoticias.com.br\/index.php\/2023\/07\/10\/acordar-cedo-no-frio-e-dificil-para-voce-veja-dicas-que-ajudam\/#primaryimage"},"image":{"@id":"https:\/\/jornalfatosenoticias.com.br\/index.php\/2023\/07\/10\/acordar-cedo-no-frio-e-dificil-para-voce-veja-dicas-que-ajudam\/#primaryimage"},"thumbnailUrl":"https:\/\/jornalfatosenoticias.com.br\/wp-content\/uploads\/2023\/07\/Acordar-cedo-no-frio.jpg","datePublished":"2023-07-10T16:59:55+00:00","dateModified":"2023-07-10T16:59:57+00:00","breadcrumb":{"@id":"https:\/\/jornalfatosenoticias.com.br\/index.php\/2023\/07\/10\/acordar-cedo-no-frio-e-dificil-para-voce-veja-dicas-que-ajudam\/#breadcrumb"},"inLanguage":"pt-BR","potentialAction":[{"@type":"ReadAction","target":["https:\/\/jornalfatosenoticias.com.br\/index.php\/2023\/07\/10\/acordar-cedo-no-frio-e-dificil-para-voce-veja-dicas-que-ajudam\/"]}]},{"@type":"ImageObject","inLanguage":"pt-BR","@id":"https:\/\/jornalfatosenoticias.com.br\/index.php\/2023\/07\/10\/acordar-cedo-no-frio-e-dificil-para-voce-veja-dicas-que-ajudam\/#primaryimage","url":"https:\/\/jornalfatosenoticias.com.br\/wp-content\/uploads\/2023\/07\/Acordar-cedo-no-frio.jpg","contentUrl":"https:\/\/jornalfatosenoticias.com.br\/wp-content\/uploads\/2023\/07\/Acordar-cedo-no-frio.jpg","width":1000,"height":536},{"@type":"BreadcrumbList","@id":"https:\/\/jornalfatosenoticias.com.br\/index.php\/2023\/07\/10\/acordar-cedo-no-frio-e-dificil-para-voce-veja-dicas-que-ajudam\/#breadcrumb","itemListElement":[{"@type":"ListItem","position":1,"name":"In\u00edcio","item":"https:\/\/jornalfatosenoticias.com.br\/"},{"@type":"ListItem","position":2,"name":"Acordar cedo no frio \u00e9 dif\u00edcil para voc\u00ea? Veja dicas que ajudam"}]},{"@type":"WebSite","@id":"https:\/\/jornalfatosenoticias.com.br\/#website","url":"https:\/\/jornalfatosenoticias.com.br\/","name":"Jornal Fatos e Not\u00edcias","description":"Not\u00edcias em geral","publisher":{"@id":"https:\/\/jornalfatosenoticias.com.br\/#organization"},"potentialAction":[{"@type":"SearchAction","target":{"@type":"EntryPoint","urlTemplate":"https:\/\/jornalfatosenoticias.com.br\/?s={search_term_string}"},"query-input":{"@type":"PropertyValueSpecification","valueRequired":true,"valueName":"search_term_string"}}],"inLanguage":"pt-BR"},{"@type":"Organization","@id":"https:\/\/jornalfatosenoticias.com.br\/#organization","name":"Jornal Fatos e Not\u00edcias","url":"https:\/\/jornalfatosenoticias.com.br\/","logo":{"@type":"ImageObject","inLanguage":"pt-BR","@id":"https:\/\/jornalfatosenoticias.com.br\/#\/schema\/logo\/image\/","url":"https:\/\/jornalfatosenoticias.com.br\/wp-content\/uploads\/2020\/02\/logo120.png","contentUrl":"https:\/\/jornalfatosenoticias.com.br\/wp-content\/uploads\/2020\/02\/logo120.png","width":1227,"height":120,"caption":"Jornal Fatos e Not\u00edcias"},"image":{"@id":"https:\/\/jornalfatosenoticias.com.br\/#\/schema\/logo\/image\/"}},{"@type":"Person","@id":"https:\/\/jornalfatosenoticias.com.br\/#\/schema\/person\/d63837fa13ac8666eb9e74e0985d6f81","name":"Luzimara Fernandes","image":{"@type":"ImageObject","inLanguage":"pt-BR","@id":"https:\/\/jornalfatosenoticias.com.br\/#\/schema\/person\/image\/","url":"https:\/\/jornalfatosenoticias.com.br\/wp-content\/uploads\/2025\/05\/EU_portal.jpg","contentUrl":"https:\/\/jornalfatosenoticias.com.br\/wp-content\/uploads\/2025\/05\/EU_portal.jpg","caption":"Luzimara Fernandes"},"description":"Jornalista MTB 2358-ES","sameAs":["https:\/\/jornalfatosenoticias.com.br"],"url":"https:\/\/jornalfatosenoticias.com.br\/index.php\/author\/luzimara\/"}]}},"cc_featured_image_caption":{"caption_text":"(Foto: Shutterstock) ","source_text":"","source_url":""},"jetpack_featured_media_url":"https:\/\/jornalfatosenoticias.com.br\/wp-content\/uploads\/2023\/07\/Acordar-cedo-no-frio.jpg","_links":{"self":[{"href":"https:\/\/jornalfatosenoticias.com.br\/index.php\/wp-json\/wp\/v2\/posts\/43127","targetHints":{"allow":["GET"]}}],"collection":[{"href":"https:\/\/jornalfatosenoticias.com.br\/index.php\/wp-json\/wp\/v2\/posts"}],"about":[{"href":"https:\/\/jornalfatosenoticias.com.br\/index.php\/wp-json\/wp\/v2\/types\/post"}],"author":[{"embeddable":true,"href":"https:\/\/jornalfatosenoticias.com.br\/index.php\/wp-json\/wp\/v2\/users\/2"}],"replies":[{"embeddable":true,"href":"https:\/\/jornalfatosenoticias.com.br\/index.php\/wp-json\/wp\/v2\/comments?post=43127"}],"version-history":[{"count":0,"href":"https:\/\/jornalfatosenoticias.com.br\/index.php\/wp-json\/wp\/v2\/posts\/43127\/revisions"}],"wp:featuredmedia":[{"embeddable":true,"href":"https:\/\/jornalfatosenoticias.com.br\/index.php\/wp-json\/wp\/v2\/media\/43128"}],"wp:attachment":[{"href":"https:\/\/jornalfatosenoticias.com.br\/index.php\/wp-json\/wp\/v2\/media?parent=43127"}],"wp:term":[{"taxonomy":"category","embeddable":true,"href":"https:\/\/jornalfatosenoticias.com.br\/index.php\/wp-json\/wp\/v2\/categories?post=43127"},{"taxonomy":"post_tag","embeddable":true,"href":"https:\/\/jornalfatosenoticias.com.br\/index.php\/wp-json\/wp\/v2\/tags?post=43127"}],"curies":[{"name":"wp","href":"https:\/\/api.w.org\/{rel}","templated":true}]}}