{"id":43139,"date":"2023-07-10T15:09:34","date_gmt":"2023-07-10T18:09:34","guid":{"rendered":"https:\/\/jornalfatosenoticias.com.br\/?p=43139"},"modified":"2023-07-10T15:10:30","modified_gmt":"2023-07-10T18:10:30","slug":"a-grave-crise-de-combustivel-que-levou-cuba-a-pedir-socorro-a-sua-antiga-aliada-russia","status":"publish","type":"post","link":"https:\/\/jornalfatosenoticias.com.br\/index.php\/2023\/07\/10\/a-grave-crise-de-combustivel-que-levou-cuba-a-pedir-socorro-a-sua-antiga-aliada-russia\/","title":{"rendered":"A grave crise de combust\u00edvel que levou Cuba a pedir socorro a uma antiga aliada"},"content":{"rendered":"\n<p><em><span class=\"has-inline-color has-black-color\">Cuba vive um dos piores momentos de sua end\u00eamica crise econ\u00f4mica, acentuada por uma implac\u00e1vel falta de combust\u00edvel<\/span><\/em><\/p>\n\n\n\n<p><em><span class=\"has-inline-color has-black-color\">Por <strong>Pedro Ribeiro<\/strong><\/span><\/em><\/p>\n\n\n\n<div class=\"wp-block-image\"><figure class=\"aligncenter size-large\"><img loading=\"lazy\" decoding=\"async\" width=\"1024\" height=\"100\" src=\"https:\/\/jornalfatosenoticias.com.br\/wp-content\/uploads\/2020\/02\/banner_ferramentas-1024x100.jpg\" alt=\"\" class=\"wp-image-1258\" srcset=\"https:\/\/jornalfatosenoticias.com.br\/wp-content\/uploads\/2020\/02\/banner_ferramentas-1024x100.jpg 1024w, https:\/\/jornalfatosenoticias.com.br\/wp-content\/uploads\/2020\/02\/banner_ferramentas-300x29.jpg 300w, https:\/\/jornalfatosenoticias.com.br\/wp-content\/uploads\/2020\/02\/banner_ferramentas-768x75.jpg 768w, https:\/\/jornalfatosenoticias.com.br\/wp-content\/uploads\/2020\/02\/banner_ferramentas.jpg 1227w\" sizes=\"auto, (max-width: 1024px) 100vw, 1024px\" \/><\/figure><\/div>\n\n\n\n<p>O taxista cubano Jorge Lloro se lembra dos la\u00e7os hist\u00f3ricos de seu pa\u00eds com a R\u00fassia toda vez que se senta ao volante de seu Lada azul-marinho produzido durante a era sovi\u00e9tica. Seu carro de fabrica\u00e7\u00e3o russa \u00e9 um dos cerca de 100 mil importados pela ilha caribenha durante a Guerra Fria. Essas m\u00e1quinas ajudam Cuba a contornar as limita\u00e7\u00f5es impostas pelo embargo econ\u00f4mico dos Estados Unidos h\u00e1 d\u00e9cadas.<br>Cuba vive um dos piores momentos de sua end\u00eamica crise econ\u00f4mica, acentuada por uma implac\u00e1vel falta de combust\u00edvel que fez o pa\u00eds recorrer \u00e0 ajuda de seu antigo aliado, a R\u00fassia. Jorge luta para manter seu carro andando. As pe\u00e7as de reposi\u00e7\u00e3o s\u00e3o escassas e caras. Encher o tanque com combust\u00edvel \u00e9 uma tarefa que leva dias. No pior momento da crise, as filas de carros nos postos de gasolina se estendiam por v\u00e1rios quarteir\u00f5es.<\/p>\n\n\n\n<div class=\"wp-block-image\"><figure class=\"aligncenter size-large\"><img loading=\"lazy\" decoding=\"async\" width=\"840\" height=\"472\" src=\"https:\/\/jornalfatosenoticias.com.br\/wp-content\/uploads\/2023\/07\/motorista-cubano.jpg\" alt=\"\" class=\"wp-image-43140\" srcset=\"https:\/\/jornalfatosenoticias.com.br\/wp-content\/uploads\/2023\/07\/motorista-cubano.jpg 840w, https:\/\/jornalfatosenoticias.com.br\/wp-content\/uploads\/2023\/07\/motorista-cubano-300x169.jpg 300w, https:\/\/jornalfatosenoticias.com.br\/wp-content\/uploads\/2023\/07\/motorista-cubano-768x432.jpg 768w\" sizes=\"auto, (max-width: 840px) 100vw, 840px\" \/><figcaption><em><span class=\"has-inline-color has-black-color\">Jorge Lloro \u00e9 um dos muitos motoristas de t\u00e1xi em Cuba que vivem com a escassez de combust\u00edvel (Foto: BBC)<\/span><\/em><\/figcaption><\/figure><\/div>\n\n\n\n<p><strong><span class=\"has-inline-color has-vivid-red-color\">Um sistema \u2018ineficiente\u2019<br><\/span><\/strong>O problema chegou a um ponto em que o Estado precisou organizar as filas de motoristas por meio de grupos de WhatsApp.<br>Um funcion\u00e1rio recolhe o contato do motorista e lhe d\u00e1 um n\u00famero. Quando chega a sua vez de abastecer, ele \u00e9 contatado para vir com o carro. &#8220;Tenho o n\u00famero 426&#8221;, explica Jorge enquanto dirige at\u00e9 um posto de gasolina em Havana ap\u00f3s receber a notifica\u00e7\u00e3o. Mas quando atinge sua posi\u00e7\u00e3o, n\u00e3o h\u00e1 gasolina. O petroleiro n\u00e3o chegou. \u201cN\u00e3o sei por que me pediram para vir\u201d, reclama Jorge.<\/p>\n\n\n\n<div class=\"wp-block-image\"><figure class=\"aligncenter size-large\"><img loading=\"lazy\" decoding=\"async\" width=\"300\" height=\"270\" src=\"https:\/\/jornalfatosenoticias.com.br\/wp-content\/uploads\/2023\/03\/Crypton-1000-\u00d7-900-px-300x270-1.png\" alt=\"\" class=\"wp-image-40206\"\/><\/figure><\/div>\n\n\n\n<blockquote class=\"wp-block-quote is-layout-flow wp-block-quote-is-layout-flow\"><p><span class=\"has-inline-color has-luminous-vivid-orange-color\">Este sistema \u00e9 ineficiente&#8221;, responde Joel Hern\u00e1ndez, outro motorista. &#8220;N\u00e3o deixam encher o tanque, muitas vezes as pessoas perdem o n\u00famero ou n\u00e3o s\u00e3o avisadas na hora. Falta organiza\u00e7\u00e3o e infraestrutura\u201d, diz Hern\u00e1ndez.<\/span><\/p><\/blockquote>\n\n\n\n<div class=\"wp-block-image\"><figure class=\"aligncenter size-large is-resized\"><img loading=\"lazy\" decoding=\"async\" src=\"https:\/\/jornalfatosenoticias.com.br\/wp-content\/uploads\/2023\/03\/logo-Panper_portal.jpg\" alt=\"\" class=\"wp-image-40208\" width=\"263\" height=\"182\" srcset=\"https:\/\/jornalfatosenoticias.com.br\/wp-content\/uploads\/2023\/03\/logo-Panper_portal.jpg 400w, https:\/\/jornalfatosenoticias.com.br\/wp-content\/uploads\/2023\/03\/logo-Panper_portal-300x208.jpg 300w\" sizes=\"auto, (max-width: 263px) 100vw, 263px\" \/><\/figure><\/div>\n\n\n\n<p>Nas \u00faltimas semanas, a crise dos combust\u00edveis tem deixado os cubanos desesperados. \u00c9 outro desafio que a popula\u00e7\u00e3o enfrenta, assim como a inseguran\u00e7a alimentar, a infla\u00e7\u00e3o e os apag\u00f5es.<\/p>\n\n\n\n<p><strong><span class=\"has-inline-color has-vivid-red-color\">Uma oportunidade para a R\u00fassia<br><\/span><\/strong>As dificuldades de Cuba decorrem dos problemas de gest\u00e3o de seu governo e do embargo econ\u00f4mico dos Estados Unidos, mas se agravaram com o colapso do turismo durante a pandemia de covid-19. Essa foi uma oportunidade \u00fanica para algumas empresas russas.<\/p>\n\n\n\n<div class=\"wp-block-image\"><figure class=\"aligncenter size-large is-resized\"><img loading=\"lazy\" decoding=\"async\" src=\"https:\/\/jornalfatosenoticias.com.br\/wp-content\/uploads\/2020\/02\/logo-embacia.jpg\" alt=\"\" class=\"wp-image-33905\" width=\"247\" height=\"247\"\/><\/figure><\/div>\n\n\n\n<p>Em um recente f\u00f3rum comercial em Havana, Cuba assinou uma s\u00e9rie de acordos com empresas russas que cobrem desde turismo at\u00e9 agricultura e energia. Entre os acordos estavam licen\u00e7as para empresas russas revitalizarem partes da decr\u00e9pita infraestrutura tur\u00edstica da ilha, incluindo o decadente balne\u00e1rio de Tarar\u00e1.<\/p>\n\n\n\n<div class=\"wp-block-image\"><figure class=\"aligncenter size-large\"><img decoding=\"async\" src=\"https:\/\/jornalfatosenoticias.com.br\/wp-content\/uploads\/2020\/02\/barao-das-carnes-300x164-1.jpg\" alt=\"\" class=\"wp-image-34339\"\/><\/figure><\/div>\n\n\n\n<p>Tamb\u00e9m ser\u00e1 organizado um projeto conjunto para reabilitar uma usina de a\u00e7\u00facar obsoleta na prov\u00edncia de Sancti Sp\u00edritus, al\u00e9m de investimentos na produ\u00e7\u00e3o de rum e a\u00e7o.<br>Mas o que mais interessa a Jorge e aos demais motoristas na fila da gasolina \u00e9 o acordo pelo qual a R\u00fassia fornecer\u00e1 ao pa\u00eds latino-americano 30 mil barris de petr\u00f3leo bruto por dia. Isso ajudaria a aliviar o consumo dom\u00e9stico depois que a Venezuela reduziu suas exporta\u00e7\u00f5es de petr\u00f3leo para Cuba de 80 mil barris por dia em 2020 para cerca de 55 mil atualmente.<\/p>\n\n\n\n<div class=\"wp-block-image\"><figure class=\"aligncenter size-large\"><img loading=\"lazy\" decoding=\"async\" width=\"300\" height=\"137\" src=\"https:\/\/jornalfatosenoticias.com.br\/wp-content\/uploads\/2023\/06\/LOGO_JULIANA-GRACA_PORTAL.jpg\" alt=\"\" class=\"wp-image-42597\"\/><\/figure><\/div>\n\n\n\n<div class=\"wp-block-image\"><figure class=\"aligncenter size-large\"><img loading=\"lazy\" decoding=\"async\" width=\"840\" height=\"471\" src=\"https:\/\/jornalfatosenoticias.com.br\/wp-content\/uploads\/2023\/07\/fila-de-carros_Cuba.jpg\" alt=\"\" class=\"wp-image-43141\" srcset=\"https:\/\/jornalfatosenoticias.com.br\/wp-content\/uploads\/2023\/07\/fila-de-carros_Cuba.jpg 840w, https:\/\/jornalfatosenoticias.com.br\/wp-content\/uploads\/2023\/07\/fila-de-carros_Cuba-300x168.jpg 300w, https:\/\/jornalfatosenoticias.com.br\/wp-content\/uploads\/2023\/07\/fila-de-carros_Cuba-768x431.jpg 768w\" sizes=\"auto, (max-width: 840px) 100vw, 840px\" \/><figcaption><em><span class=\"has-inline-color has-black-color\">Houve momentos em que as filas para abastecer em Cuba duravam horas (Foto: Getty Imagens)<\/span><\/em><\/figcaption><\/figure><\/div>\n\n\n\n<p><strong><span class=\"has-inline-color has-vivid-red-color\">O problema da depend\u00eancia cubana<br><\/span><\/strong>Os acordos s\u00e3o apresentados pela m\u00eddia estatal cubana como prova dos longos la\u00e7os que unem as duas na\u00e7\u00f5es. Mas o economista independente Omar Everleny teme que rela\u00e7\u00f5es mais pr\u00f3ximas com Moscou sejam apenas uma solu\u00e7\u00e3o de curto prazo para Cuba.<\/p>\n\n\n\n<div class=\"wp-block-image\"><figure class=\"aligncenter size-large\"><img decoding=\"async\" src=\"https:\/\/jornalfatosenoticias.com.br\/wp-content\/uploads\/2020\/02\/logo_esteio.jpg\" alt=\"\" class=\"wp-image-1214\"\/><\/figure><\/div>\n\n\n\n<blockquote class=\"wp-block-quote is-layout-flow wp-block-quote-is-layout-flow\"><p><span class=\"has-inline-color has-luminous-vivid-orange-color\">Quando voc\u00ea lida com inc\u00eandios em v\u00e1rias frentes, \u00e9 atraente para a R\u00fassia entrar nessa situa\u00e7\u00e3o vol\u00e1til, mas o problema est\u00e1 no m\u00e9dio prazo\u201d, diz Everleny.<\/span><\/p><\/blockquote>\n\n\n\n<p>As empresas russas v\u00e3o exigir o pagamento integral e pontual pelo fornecimento dos recursos de que Cuba necessita, acrescenta o economista.<\/p>\n\n\n\n<div class=\"wp-block-image\"><figure class=\"aligncenter size-large is-resized\"><img loading=\"lazy\" decoding=\"async\" src=\"https:\/\/jornalfatosenoticias.com.br\/wp-content\/uploads\/2022\/02\/Precisao-Contabilidade-1024x724.jpg\" alt=\"\" class=\"wp-image-28088\" width=\"329\" height=\"232\"\/><\/figure><\/div>\n\n\n\n<blockquote class=\"wp-block-quote is-layout-flow wp-block-quote-is-layout-flow\"><p><span class=\"has-inline-color has-luminous-vivid-orange-color\">N\u00e3o s\u00e3o empresas sovi\u00e9ticas que fornecem cr\u00e9dito ao governo. S\u00e3o empresas privadas que v\u00e3o pedir benef\u00edcios em seus investimentos\u201d, afirma Everleny. \u201cIsso implicar\u00e1 mais sacrif\u00edcios para as fam\u00edlias cubanas porque teremos que pagar esses empr\u00e9stimos ou Putin perdoar\u00e1 a d\u00edvida?\u201d, diz ele, referindo-se \u00e0 decis\u00e3o de Vladimir Putin, em 2014, de perdoar cerca de US$ 32 bilh\u00f5es (cerca de R$ 155 bilh\u00f5es, em valores atuais) da d\u00edvida cubana.<\/span><\/p><\/blockquote>\n\n\n\n<div class=\"wp-block-image\"><figure class=\"aligncenter size-large is-resized\"><img loading=\"lazy\" decoding=\"async\" src=\"https:\/\/jornalfatosenoticias.com.br\/wp-content\/uploads\/2022\/10\/RC_800x750_page-0001.jpg\" alt=\"\" class=\"wp-image-35338\" width=\"260\" height=\"244\" srcset=\"https:\/\/jornalfatosenoticias.com.br\/wp-content\/uploads\/2022\/10\/RC_800x750_page-0001.jpg 400w, https:\/\/jornalfatosenoticias.com.br\/wp-content\/uploads\/2022\/10\/RC_800x750_page-0001-300x281.jpg 300w\" sizes=\"auto, (max-width: 260px) 100vw, 260px\" \/><\/figure><\/div>\n\n\n\n<p>Os novos la\u00e7os econ\u00f4micos chegam em um momento complexo. Ap\u00f3s a invas\u00e3o da Ucr\u00e2nia pela R\u00fassia em 2022, Cuba tem sido uma das vozes de apoio ao Kremlin na Am\u00e9rica Latina, algo que Moscou aprecia. &#8220;Sem d\u00favida, Cuba foi e continua sendo o aliado mais importante da R\u00fassia na regi\u00e3o&#8221;, disse o ministro da Defesa russo, Sergei Shoigu, durante uma recente visita de uma delega\u00e7\u00e3o cubana a Moscou.<br>O economista Omar Everleny insiste que Cuba n\u00e3o pode repetir o erro de depender de um \u00fanico benfeitor para mitigar sua crise.<\/p>\n\n\n\n<div class=\"wp-block-image\"><figure class=\"aligncenter size-large is-resized\"><img loading=\"lazy\" decoding=\"async\" src=\"https:\/\/jornalfatosenoticias.com.br\/wp-content\/uploads\/2020\/02\/casa-do-torresmo_portal.jpg\" alt=\"\" class=\"wp-image-34472\" width=\"256\" height=\"256\" srcset=\"https:\/\/jornalfatosenoticias.com.br\/wp-content\/uploads\/2020\/02\/casa-do-torresmo_portal.jpg 300w, https:\/\/jornalfatosenoticias.com.br\/wp-content\/uploads\/2020\/02\/casa-do-torresmo_portal-150x150.jpg 150w\" sizes=\"auto, (max-width: 256px) 100vw, 256px\" \/><\/figure><\/div>\n\n\n\n<blockquote class=\"wp-block-quote is-layout-flow wp-block-quote-is-layout-flow\"><p><span class=\"has-inline-color has-luminous-vivid-orange-color\">Aconteceu primeiro com a Espanha, depois com os Estados Unidos, depois com a Uni\u00e3o Sovi\u00e9tica e, finalmente, com a Venezuela. N\u00e3o se pode depender de um \u00fanico mercado\u201d, afirma. \u201cAcho que Cuba precisa de uma produ\u00e7\u00e3o estrat\u00e9gica pr\u00f3pria, na qual as pequenas e m\u00e9dias empresas cubanas desempenhem um papel vital\u201d.<\/span><\/p><\/blockquote>\n\n\n\n<div class=\"wp-block-image\"><figure class=\"aligncenter size-large is-resized\"><img loading=\"lazy\" decoding=\"async\" src=\"https:\/\/jornalfatosenoticias.com.br\/wp-content\/uploads\/2023\/04\/Logo_MasterMind.jpg\" alt=\"\" class=\"wp-image-40974\" width=\"261\" height=\"190\"\/><\/figure><\/div>\n\n\n\n<p>Ao final de um dia sufocante no posto de gasolina, Jorge Lloro consegue encher o tanque de seu Lada. Mas, assim como na Revolu\u00e7\u00e3o Cubana, sua m\u00e1quina s\u00f3 consegue se mover gra\u00e7as \u00e0 R\u00fassia e precisar\u00e1 de uma grande reforma nos pr\u00f3ximos anos.<\/p>\n\n\n\n<p><strong><em>Fonte: <a href=\"https:\/\/pagina12.com.br\/mundo\/2023\/07\/05\/18996-a-grave-crise-de-combustivel-que-levou-cuba-a-pedir-socorro-a-sua-antiga-aliada-russia\">P\u00e1gina12<\/a><\/em><\/strong><\/p>\n","protected":false},"excerpt":{"rendered":"<p>Cuba vive um dos piores momentos de sua end\u00eamica crise econ\u00f4mica, acentuada por uma implac\u00e1vel falta de combust\u00edvel Por Pedro Ribeiro O taxista cubano Jorge Lloro se lembra dos la\u00e7os hist\u00f3ricos de seu pa\u00eds com a R\u00fassia toda vez que se senta ao volante de seu Lada azul-marinho produzido durante a era sovi\u00e9tica. Seu carro [&hellip;]<\/p>\n","protected":false},"author":2,"featured_media":43142,"comment_status":"open","ping_status":"open","sticky":false,"template":"","format":"standard","meta":{"footnotes":""},"categories":[41],"tags":[260,20306,20307,3155,5043,240,20310,20311,20308,991],"class_list":["post-43139","post","type-post","status-publish","format-standard","has-post-thumbnail","hentry","category-internacional","tag-america-latina","tag-crise-cubana","tag-crise-de-combustivel","tag-crise-economica","tag-cuba","tag-economia","tag-endemica-crise-economica","tag-falta-de-combustivel","tag-grave-crise","tag-russia"],"yoast_head":"<!-- This site is optimized with the Yoast SEO plugin v26.5 - https:\/\/yoast.com\/wordpress\/plugins\/seo\/ -->\n<title>A grave crise de combust\u00edvel que levou Cuba a pedir socorro a uma antiga aliada - Jornal Fatos e Not\u00edcias<\/title>\n<meta name=\"robots\" content=\"index, follow, max-snippet:-1, max-image-preview:large, max-video-preview:-1\" \/>\n<link rel=\"canonical\" href=\"https:\/\/jornalfatosenoticias.com.br\/index.php\/2023\/07\/10\/a-grave-crise-de-combustivel-que-levou-cuba-a-pedir-socorro-a-sua-antiga-aliada-russia\/\" \/>\n<meta property=\"og:locale\" content=\"pt_BR\" \/>\n<meta property=\"og:type\" content=\"article\" \/>\n<meta property=\"og:title\" content=\"A grave crise de combust\u00edvel que levou Cuba a pedir socorro a uma antiga aliada - Jornal Fatos e Not\u00edcias\" \/>\n<meta property=\"og:description\" content=\"Cuba vive um dos piores momentos de sua end\u00eamica crise econ\u00f4mica, acentuada por uma implac\u00e1vel falta de combust\u00edvel Por Pedro Ribeiro O taxista cubano Jorge Lloro se lembra dos la\u00e7os hist\u00f3ricos de seu pa\u00eds com a R\u00fassia toda vez que se senta ao volante de seu Lada azul-marinho produzido durante a era sovi\u00e9tica. Seu carro [&hellip;]\" \/>\n<meta property=\"og:url\" content=\"https:\/\/jornalfatosenoticias.com.br\/index.php\/2023\/07\/10\/a-grave-crise-de-combustivel-que-levou-cuba-a-pedir-socorro-a-sua-antiga-aliada-russia\/\" \/>\n<meta property=\"og:site_name\" content=\"Jornal Fatos e Not\u00edcias\" \/>\n<meta property=\"article:published_time\" content=\"2023-07-10T18:09:34+00:00\" \/>\n<meta property=\"article:modified_time\" content=\"2023-07-10T18:10:30+00:00\" \/>\n<meta property=\"og:image\" content=\"https:\/\/jornalfatosenoticias.com.br\/wp-content\/uploads\/2023\/07\/crise-cubana.jpg\" \/>\n\t<meta property=\"og:image:width\" content=\"1000\" \/>\n\t<meta property=\"og:image:height\" content=\"660\" \/>\n\t<meta property=\"og:image:type\" content=\"image\/jpeg\" \/>\n<meta name=\"author\" content=\"Luzimara Fernandes\" \/>\n<meta name=\"twitter:card\" content=\"summary_large_image\" \/>\n<meta name=\"twitter:label1\" content=\"Escrito por\" \/>\n\t<meta name=\"twitter:data1\" content=\"Luzimara Fernandes\" \/>\n\t<meta name=\"twitter:label2\" content=\"Est. tempo de leitura\" \/>\n\t<meta name=\"twitter:data2\" content=\"5 minutos\" \/>\n<script type=\"application\/ld+json\" class=\"yoast-schema-graph\">{\"@context\":\"https:\/\/schema.org\",\"@graph\":[{\"@type\":\"Article\",\"@id\":\"https:\/\/jornalfatosenoticias.com.br\/index.php\/2023\/07\/10\/a-grave-crise-de-combustivel-que-levou-cuba-a-pedir-socorro-a-sua-antiga-aliada-russia\/#article\",\"isPartOf\":{\"@id\":\"https:\/\/jornalfatosenoticias.com.br\/index.php\/2023\/07\/10\/a-grave-crise-de-combustivel-que-levou-cuba-a-pedir-socorro-a-sua-antiga-aliada-russia\/\"},\"author\":{\"name\":\"Luzimara Fernandes\",\"@id\":\"https:\/\/jornalfatosenoticias.com.br\/#\/schema\/person\/d63837fa13ac8666eb9e74e0985d6f81\"},\"headline\":\"A grave crise de combust\u00edvel que levou Cuba a pedir socorro a uma antiga aliada\",\"datePublished\":\"2023-07-10T18:09:34+00:00\",\"dateModified\":\"2023-07-10T18:10:30+00:00\",\"mainEntityOfPage\":{\"@id\":\"https:\/\/jornalfatosenoticias.com.br\/index.php\/2023\/07\/10\/a-grave-crise-de-combustivel-que-levou-cuba-a-pedir-socorro-a-sua-antiga-aliada-russia\/\"},\"wordCount\":1006,\"commentCount\":0,\"publisher\":{\"@id\":\"https:\/\/jornalfatosenoticias.com.br\/#organization\"},\"image\":{\"@id\":\"https:\/\/jornalfatosenoticias.com.br\/index.php\/2023\/07\/10\/a-grave-crise-de-combustivel-que-levou-cuba-a-pedir-socorro-a-sua-antiga-aliada-russia\/#primaryimage\"},\"thumbnailUrl\":\"https:\/\/jornalfatosenoticias.com.br\/wp-content\/uploads\/2023\/07\/crise-cubana.jpg\",\"keywords\":[\"Am\u00e9rica latina\",\"crise cubana\",\"crise de combust\u00edvel\",\"crise econ\u00f4mica\",\"Cuba\",\"economia\",\"end\u00eamica crise econ\u00f4mica\",\"falta de combust\u00edvel\",\"grave crise\",\"R\u00fassia\"],\"articleSection\":[\"Internacional\"],\"inLanguage\":\"pt-BR\",\"potentialAction\":[{\"@type\":\"CommentAction\",\"name\":\"Comment\",\"target\":[\"https:\/\/jornalfatosenoticias.com.br\/index.php\/2023\/07\/10\/a-grave-crise-de-combustivel-que-levou-cuba-a-pedir-socorro-a-sua-antiga-aliada-russia\/#respond\"]}]},{\"@type\":\"WebPage\",\"@id\":\"https:\/\/jornalfatosenoticias.com.br\/index.php\/2023\/07\/10\/a-grave-crise-de-combustivel-que-levou-cuba-a-pedir-socorro-a-sua-antiga-aliada-russia\/\",\"url\":\"https:\/\/jornalfatosenoticias.com.br\/index.php\/2023\/07\/10\/a-grave-crise-de-combustivel-que-levou-cuba-a-pedir-socorro-a-sua-antiga-aliada-russia\/\",\"name\":\"A grave crise de combust\u00edvel que levou Cuba a pedir socorro a uma antiga aliada - Jornal Fatos e Not\u00edcias\",\"isPartOf\":{\"@id\":\"https:\/\/jornalfatosenoticias.com.br\/#website\"},\"primaryImageOfPage\":{\"@id\":\"https:\/\/jornalfatosenoticias.com.br\/index.php\/2023\/07\/10\/a-grave-crise-de-combustivel-que-levou-cuba-a-pedir-socorro-a-sua-antiga-aliada-russia\/#primaryimage\"},\"image\":{\"@id\":\"https:\/\/jornalfatosenoticias.com.br\/index.php\/2023\/07\/10\/a-grave-crise-de-combustivel-que-levou-cuba-a-pedir-socorro-a-sua-antiga-aliada-russia\/#primaryimage\"},\"thumbnailUrl\":\"https:\/\/jornalfatosenoticias.com.br\/wp-content\/uploads\/2023\/07\/crise-cubana.jpg\",\"datePublished\":\"2023-07-10T18:09:34+00:00\",\"dateModified\":\"2023-07-10T18:10:30+00:00\",\"breadcrumb\":{\"@id\":\"https:\/\/jornalfatosenoticias.com.br\/index.php\/2023\/07\/10\/a-grave-crise-de-combustivel-que-levou-cuba-a-pedir-socorro-a-sua-antiga-aliada-russia\/#breadcrumb\"},\"inLanguage\":\"pt-BR\",\"potentialAction\":[{\"@type\":\"ReadAction\",\"target\":[\"https:\/\/jornalfatosenoticias.com.br\/index.php\/2023\/07\/10\/a-grave-crise-de-combustivel-que-levou-cuba-a-pedir-socorro-a-sua-antiga-aliada-russia\/\"]}]},{\"@type\":\"ImageObject\",\"inLanguage\":\"pt-BR\",\"@id\":\"https:\/\/jornalfatosenoticias.com.br\/index.php\/2023\/07\/10\/a-grave-crise-de-combustivel-que-levou-cuba-a-pedir-socorro-a-sua-antiga-aliada-russia\/#primaryimage\",\"url\":\"https:\/\/jornalfatosenoticias.com.br\/wp-content\/uploads\/2023\/07\/crise-cubana.jpg\",\"contentUrl\":\"https:\/\/jornalfatosenoticias.com.br\/wp-content\/uploads\/2023\/07\/crise-cubana.jpg\",\"width\":1000,\"height\":660},{\"@type\":\"BreadcrumbList\",\"@id\":\"https:\/\/jornalfatosenoticias.com.br\/index.php\/2023\/07\/10\/a-grave-crise-de-combustivel-que-levou-cuba-a-pedir-socorro-a-sua-antiga-aliada-russia\/#breadcrumb\",\"itemListElement\":[{\"@type\":\"ListItem\",\"position\":1,\"name\":\"In\u00edcio\",\"item\":\"https:\/\/jornalfatosenoticias.com.br\/\"},{\"@type\":\"ListItem\",\"position\":2,\"name\":\"A grave crise de combust\u00edvel que levou Cuba a pedir socorro a uma antiga aliada\"}]},{\"@type\":\"WebSite\",\"@id\":\"https:\/\/jornalfatosenoticias.com.br\/#website\",\"url\":\"https:\/\/jornalfatosenoticias.com.br\/\",\"name\":\"Jornal Fatos e Not\u00edcias\",\"description\":\"Not\u00edcias em geral\",\"publisher\":{\"@id\":\"https:\/\/jornalfatosenoticias.com.br\/#organization\"},\"potentialAction\":[{\"@type\":\"SearchAction\",\"target\":{\"@type\":\"EntryPoint\",\"urlTemplate\":\"https:\/\/jornalfatosenoticias.com.br\/?s={search_term_string}\"},\"query-input\":{\"@type\":\"PropertyValueSpecification\",\"valueRequired\":true,\"valueName\":\"search_term_string\"}}],\"inLanguage\":\"pt-BR\"},{\"@type\":\"Organization\",\"@id\":\"https:\/\/jornalfatosenoticias.com.br\/#organization\",\"name\":\"Jornal Fatos e Not\u00edcias\",\"url\":\"https:\/\/jornalfatosenoticias.com.br\/\",\"logo\":{\"@type\":\"ImageObject\",\"inLanguage\":\"pt-BR\",\"@id\":\"https:\/\/jornalfatosenoticias.com.br\/#\/schema\/logo\/image\/\",\"url\":\"https:\/\/jornalfatosenoticias.com.br\/wp-content\/uploads\/2020\/02\/logo120.png\",\"contentUrl\":\"https:\/\/jornalfatosenoticias.com.br\/wp-content\/uploads\/2020\/02\/logo120.png\",\"width\":1227,\"height\":120,\"caption\":\"Jornal Fatos e Not\u00edcias\"},\"image\":{\"@id\":\"https:\/\/jornalfatosenoticias.com.br\/#\/schema\/logo\/image\/\"}},{\"@type\":\"Person\",\"@id\":\"https:\/\/jornalfatosenoticias.com.br\/#\/schema\/person\/d63837fa13ac8666eb9e74e0985d6f81\",\"name\":\"Luzimara Fernandes\",\"image\":{\"@type\":\"ImageObject\",\"inLanguage\":\"pt-BR\",\"@id\":\"https:\/\/jornalfatosenoticias.com.br\/#\/schema\/person\/image\/\",\"url\":\"https:\/\/jornalfatosenoticias.com.br\/wp-content\/uploads\/2025\/05\/EU_portal.jpg\",\"contentUrl\":\"https:\/\/jornalfatosenoticias.com.br\/wp-content\/uploads\/2025\/05\/EU_portal.jpg\",\"caption\":\"Luzimara Fernandes\"},\"description\":\"Jornalista MTB 2358-ES\",\"sameAs\":[\"https:\/\/jornalfatosenoticias.com.br\"],\"url\":\"https:\/\/jornalfatosenoticias.com.br\/index.php\/author\/luzimara\/\"}]}<\/script>\n<!-- \/ Yoast SEO plugin. -->","yoast_head_json":{"title":"A grave crise de combust\u00edvel que levou Cuba a pedir socorro a uma antiga aliada - Jornal Fatos e Not\u00edcias","robots":{"index":"index","follow":"follow","max-snippet":"max-snippet:-1","max-image-preview":"max-image-preview:large","max-video-preview":"max-video-preview:-1"},"canonical":"https:\/\/jornalfatosenoticias.com.br\/index.php\/2023\/07\/10\/a-grave-crise-de-combustivel-que-levou-cuba-a-pedir-socorro-a-sua-antiga-aliada-russia\/","og_locale":"pt_BR","og_type":"article","og_title":"A grave crise de combust\u00edvel que levou Cuba a pedir socorro a uma antiga aliada - Jornal Fatos e Not\u00edcias","og_description":"Cuba vive um dos piores momentos de sua end\u00eamica crise econ\u00f4mica, acentuada por uma implac\u00e1vel falta de combust\u00edvel Por Pedro Ribeiro O taxista cubano Jorge Lloro se lembra dos la\u00e7os hist\u00f3ricos de seu pa\u00eds com a R\u00fassia toda vez que se senta ao volante de seu Lada azul-marinho produzido durante a era sovi\u00e9tica. Seu carro [&hellip;]","og_url":"https:\/\/jornalfatosenoticias.com.br\/index.php\/2023\/07\/10\/a-grave-crise-de-combustivel-que-levou-cuba-a-pedir-socorro-a-sua-antiga-aliada-russia\/","og_site_name":"Jornal Fatos e Not\u00edcias","article_published_time":"2023-07-10T18:09:34+00:00","article_modified_time":"2023-07-10T18:10:30+00:00","og_image":[{"width":1000,"height":660,"url":"https:\/\/jornalfatosenoticias.com.br\/wp-content\/uploads\/2023\/07\/crise-cubana.jpg","type":"image\/jpeg"}],"author":"Luzimara Fernandes","twitter_card":"summary_large_image","twitter_misc":{"Escrito por":"Luzimara Fernandes","Est. tempo de leitura":"5 minutos"},"schema":{"@context":"https:\/\/schema.org","@graph":[{"@type":"Article","@id":"https:\/\/jornalfatosenoticias.com.br\/index.php\/2023\/07\/10\/a-grave-crise-de-combustivel-que-levou-cuba-a-pedir-socorro-a-sua-antiga-aliada-russia\/#article","isPartOf":{"@id":"https:\/\/jornalfatosenoticias.com.br\/index.php\/2023\/07\/10\/a-grave-crise-de-combustivel-que-levou-cuba-a-pedir-socorro-a-sua-antiga-aliada-russia\/"},"author":{"name":"Luzimara Fernandes","@id":"https:\/\/jornalfatosenoticias.com.br\/#\/schema\/person\/d63837fa13ac8666eb9e74e0985d6f81"},"headline":"A grave crise de combust\u00edvel que levou Cuba a pedir socorro a uma antiga aliada","datePublished":"2023-07-10T18:09:34+00:00","dateModified":"2023-07-10T18:10:30+00:00","mainEntityOfPage":{"@id":"https:\/\/jornalfatosenoticias.com.br\/index.php\/2023\/07\/10\/a-grave-crise-de-combustivel-que-levou-cuba-a-pedir-socorro-a-sua-antiga-aliada-russia\/"},"wordCount":1006,"commentCount":0,"publisher":{"@id":"https:\/\/jornalfatosenoticias.com.br\/#organization"},"image":{"@id":"https:\/\/jornalfatosenoticias.com.br\/index.php\/2023\/07\/10\/a-grave-crise-de-combustivel-que-levou-cuba-a-pedir-socorro-a-sua-antiga-aliada-russia\/#primaryimage"},"thumbnailUrl":"https:\/\/jornalfatosenoticias.com.br\/wp-content\/uploads\/2023\/07\/crise-cubana.jpg","keywords":["Am\u00e9rica latina","crise cubana","crise de combust\u00edvel","crise econ\u00f4mica","Cuba","economia","end\u00eamica crise econ\u00f4mica","falta de combust\u00edvel","grave crise","R\u00fassia"],"articleSection":["Internacional"],"inLanguage":"pt-BR","potentialAction":[{"@type":"CommentAction","name":"Comment","target":["https:\/\/jornalfatosenoticias.com.br\/index.php\/2023\/07\/10\/a-grave-crise-de-combustivel-que-levou-cuba-a-pedir-socorro-a-sua-antiga-aliada-russia\/#respond"]}]},{"@type":"WebPage","@id":"https:\/\/jornalfatosenoticias.com.br\/index.php\/2023\/07\/10\/a-grave-crise-de-combustivel-que-levou-cuba-a-pedir-socorro-a-sua-antiga-aliada-russia\/","url":"https:\/\/jornalfatosenoticias.com.br\/index.php\/2023\/07\/10\/a-grave-crise-de-combustivel-que-levou-cuba-a-pedir-socorro-a-sua-antiga-aliada-russia\/","name":"A grave crise de combust\u00edvel que levou Cuba a pedir socorro a uma antiga aliada - Jornal Fatos e Not\u00edcias","isPartOf":{"@id":"https:\/\/jornalfatosenoticias.com.br\/#website"},"primaryImageOfPage":{"@id":"https:\/\/jornalfatosenoticias.com.br\/index.php\/2023\/07\/10\/a-grave-crise-de-combustivel-que-levou-cuba-a-pedir-socorro-a-sua-antiga-aliada-russia\/#primaryimage"},"image":{"@id":"https:\/\/jornalfatosenoticias.com.br\/index.php\/2023\/07\/10\/a-grave-crise-de-combustivel-que-levou-cuba-a-pedir-socorro-a-sua-antiga-aliada-russia\/#primaryimage"},"thumbnailUrl":"https:\/\/jornalfatosenoticias.com.br\/wp-content\/uploads\/2023\/07\/crise-cubana.jpg","datePublished":"2023-07-10T18:09:34+00:00","dateModified":"2023-07-10T18:10:30+00:00","breadcrumb":{"@id":"https:\/\/jornalfatosenoticias.com.br\/index.php\/2023\/07\/10\/a-grave-crise-de-combustivel-que-levou-cuba-a-pedir-socorro-a-sua-antiga-aliada-russia\/#breadcrumb"},"inLanguage":"pt-BR","potentialAction":[{"@type":"ReadAction","target":["https:\/\/jornalfatosenoticias.com.br\/index.php\/2023\/07\/10\/a-grave-crise-de-combustivel-que-levou-cuba-a-pedir-socorro-a-sua-antiga-aliada-russia\/"]}]},{"@type":"ImageObject","inLanguage":"pt-BR","@id":"https:\/\/jornalfatosenoticias.com.br\/index.php\/2023\/07\/10\/a-grave-crise-de-combustivel-que-levou-cuba-a-pedir-socorro-a-sua-antiga-aliada-russia\/#primaryimage","url":"https:\/\/jornalfatosenoticias.com.br\/wp-content\/uploads\/2023\/07\/crise-cubana.jpg","contentUrl":"https:\/\/jornalfatosenoticias.com.br\/wp-content\/uploads\/2023\/07\/crise-cubana.jpg","width":1000,"height":660},{"@type":"BreadcrumbList","@id":"https:\/\/jornalfatosenoticias.com.br\/index.php\/2023\/07\/10\/a-grave-crise-de-combustivel-que-levou-cuba-a-pedir-socorro-a-sua-antiga-aliada-russia\/#breadcrumb","itemListElement":[{"@type":"ListItem","position":1,"name":"In\u00edcio","item":"https:\/\/jornalfatosenoticias.com.br\/"},{"@type":"ListItem","position":2,"name":"A grave crise de combust\u00edvel que levou Cuba a pedir socorro a uma antiga aliada"}]},{"@type":"WebSite","@id":"https:\/\/jornalfatosenoticias.com.br\/#website","url":"https:\/\/jornalfatosenoticias.com.br\/","name":"Jornal Fatos e Not\u00edcias","description":"Not\u00edcias em geral","publisher":{"@id":"https:\/\/jornalfatosenoticias.com.br\/#organization"},"potentialAction":[{"@type":"SearchAction","target":{"@type":"EntryPoint","urlTemplate":"https:\/\/jornalfatosenoticias.com.br\/?s={search_term_string}"},"query-input":{"@type":"PropertyValueSpecification","valueRequired":true,"valueName":"search_term_string"}}],"inLanguage":"pt-BR"},{"@type":"Organization","@id":"https:\/\/jornalfatosenoticias.com.br\/#organization","name":"Jornal Fatos e Not\u00edcias","url":"https:\/\/jornalfatosenoticias.com.br\/","logo":{"@type":"ImageObject","inLanguage":"pt-BR","@id":"https:\/\/jornalfatosenoticias.com.br\/#\/schema\/logo\/image\/","url":"https:\/\/jornalfatosenoticias.com.br\/wp-content\/uploads\/2020\/02\/logo120.png","contentUrl":"https:\/\/jornalfatosenoticias.com.br\/wp-content\/uploads\/2020\/02\/logo120.png","width":1227,"height":120,"caption":"Jornal Fatos e Not\u00edcias"},"image":{"@id":"https:\/\/jornalfatosenoticias.com.br\/#\/schema\/logo\/image\/"}},{"@type":"Person","@id":"https:\/\/jornalfatosenoticias.com.br\/#\/schema\/person\/d63837fa13ac8666eb9e74e0985d6f81","name":"Luzimara Fernandes","image":{"@type":"ImageObject","inLanguage":"pt-BR","@id":"https:\/\/jornalfatosenoticias.com.br\/#\/schema\/person\/image\/","url":"https:\/\/jornalfatosenoticias.com.br\/wp-content\/uploads\/2025\/05\/EU_portal.jpg","contentUrl":"https:\/\/jornalfatosenoticias.com.br\/wp-content\/uploads\/2025\/05\/EU_portal.jpg","caption":"Luzimara Fernandes"},"description":"Jornalista MTB 2358-ES","sameAs":["https:\/\/jornalfatosenoticias.com.br"],"url":"https:\/\/jornalfatosenoticias.com.br\/index.php\/author\/luzimara\/"}]}},"cc_featured_image_caption":{"caption_text":"(Foto: Getty Imagens)","source_text":"","source_url":""},"jetpack_featured_media_url":"https:\/\/jornalfatosenoticias.com.br\/wp-content\/uploads\/2023\/07\/crise-cubana.jpg","_links":{"self":[{"href":"https:\/\/jornalfatosenoticias.com.br\/index.php\/wp-json\/wp\/v2\/posts\/43139","targetHints":{"allow":["GET"]}}],"collection":[{"href":"https:\/\/jornalfatosenoticias.com.br\/index.php\/wp-json\/wp\/v2\/posts"}],"about":[{"href":"https:\/\/jornalfatosenoticias.com.br\/index.php\/wp-json\/wp\/v2\/types\/post"}],"author":[{"embeddable":true,"href":"https:\/\/jornalfatosenoticias.com.br\/index.php\/wp-json\/wp\/v2\/users\/2"}],"replies":[{"embeddable":true,"href":"https:\/\/jornalfatosenoticias.com.br\/index.php\/wp-json\/wp\/v2\/comments?post=43139"}],"version-history":[{"count":0,"href":"https:\/\/jornalfatosenoticias.com.br\/index.php\/wp-json\/wp\/v2\/posts\/43139\/revisions"}],"wp:featuredmedia":[{"embeddable":true,"href":"https:\/\/jornalfatosenoticias.com.br\/index.php\/wp-json\/wp\/v2\/media\/43142"}],"wp:attachment":[{"href":"https:\/\/jornalfatosenoticias.com.br\/index.php\/wp-json\/wp\/v2\/media?parent=43139"}],"wp:term":[{"taxonomy":"category","embeddable":true,"href":"https:\/\/jornalfatosenoticias.com.br\/index.php\/wp-json\/wp\/v2\/categories?post=43139"},{"taxonomy":"post_tag","embeddable":true,"href":"https:\/\/jornalfatosenoticias.com.br\/index.php\/wp-json\/wp\/v2\/tags?post=43139"}],"curies":[{"name":"wp","href":"https:\/\/api.w.org\/{rel}","templated":true}]}}