{"id":43146,"date":"2023-07-10T15:27:07","date_gmt":"2023-07-10T18:27:07","guid":{"rendered":"https:\/\/jornalfatosenoticias.com.br\/?p=43146"},"modified":"2023-07-10T15:27:09","modified_gmt":"2023-07-10T18:27:09","slug":"lula-pode-sofrer-primeiras-derrotas-no-senado-nesta-semana-e-mobiliza-base-para-tentar-acordos","status":"publish","type":"post","link":"https:\/\/jornalfatosenoticias.com.br\/index.php\/2023\/07\/10\/lula-pode-sofrer-primeiras-derrotas-no-senado-nesta-semana-e-mobiliza-base-para-tentar-acordos\/","title":{"rendered":"Lula pode sofrer primeiras derrotas no Senado nesta semana e mobiliza base para tentar acordos"},"content":{"rendered":"\n<p><em><span class=\"has-inline-color has-black-color\">Por <strong><a href=\"https:\/\/www.gazetadopovo.com.br\/autor\/silvio-ribas\/\">S\u00edlvio Ribas<\/a><\/strong><\/span><\/em><\/p>\n\n\n\n<div class=\"wp-block-image\"><figure class=\"aligncenter size-large\"><img loading=\"lazy\" decoding=\"async\" width=\"1024\" height=\"99\" src=\"https:\/\/jornalfatosenoticias.com.br\/wp-content\/uploads\/2020\/02\/Logo-Mizu-segunda-2-1024x99.png\" alt=\"\" class=\"wp-image-2353\" srcset=\"https:\/\/jornalfatosenoticias.com.br\/wp-content\/uploads\/2020\/02\/Logo-Mizu-segunda-2-1024x99.png 1024w, https:\/\/jornalfatosenoticias.com.br\/wp-content\/uploads\/2020\/02\/Logo-Mizu-segunda-2-300x29.png 300w, https:\/\/jornalfatosenoticias.com.br\/wp-content\/uploads\/2020\/02\/Logo-Mizu-segunda-2-768x74.png 768w, https:\/\/jornalfatosenoticias.com.br\/wp-content\/uploads\/2020\/02\/Logo-Mizu-segunda-2.png 1240w\" sizes=\"auto, (max-width: 1024px) 100vw, 1024px\" \/><\/figure><\/div>\n\n\n\n<p>O Senado pautou para esta semana dois projetos de decreto legislativo (PDL) que podem render as primeiras derrotas de Luiz In\u00e1cio Lula da Silva (PT) na Casa. Trata-se da proposta parlamentar que derruba o decreto do petista e restabelece o marco do <a href=\"https:\/\/www.gazetadopovo.com.br\/tudo-sobre\/saneamento\/?ref=link-interno-materia\">saneamento<\/a> (PDL 98\/2023) e a recria\u00e7\u00e3o da Funda\u00e7\u00e3o Nacional de Sa\u00fade (Funasa), \u00f3rg\u00e3o que o governo tentou extinguir com uma medida provis\u00f3ria ainda em janeiro (PDL 173\/2023).<br>Os dois projetos est\u00e3o na pauta desta ter\u00e7a-feira (11) e t\u00eam grandes chances de serem aprovados no Senado. O PDL do marco do saneamento j\u00e1 foi aprovado pelo C\u00e2mara dos Deputados no come\u00e7o de maio. Por isso, o governo corre desde a semana passada para tentar acordos e evitar fracassos na C\u00e2mara Alta.<br>Na \u00faltima quinta-feira (6), o l\u00edder do governo no Senado, Jaques Wagner (PT-BA), afirmou que houve progressos nas negocia\u00e7\u00f5es com a Casa Civil acerca das mudan\u00e7as no marco do saneamento b\u00e1sico, logo ap\u00f3s a apresenta\u00e7\u00e3o ao presidente do Senado, Rodrigo Pacheco (PSD-MG), e a outros senadores do rascunho de novo decreto para substituir os atuais, retirando os pontos mais pol\u00eamicos. Contudo, ele sinalizou que as tratativas em torno da preserva\u00e7\u00e3o da Funasa ainda n\u00e3o t\u00eam perspectiva clara de como evoluir\u00e3o.<\/p>\n\n\n\n<div class=\"wp-block-image\"><figure class=\"aligncenter size-large\"><img loading=\"lazy\" decoding=\"async\" width=\"300\" height=\"250\" src=\"https:\/\/jornalfatosenoticias.com.br\/wp-content\/uploads\/2022\/08\/arte-Casarao.jpg\" alt=\"\" class=\"wp-image-33178\"\/><\/figure><\/div>\n\n\n\n<p>A minuta do novo decreto para regulamentar o marco do saneamento interfere justamente nos dois pontos controversos que podem ser sustados pelo PDL analisado pelo Senado. A nova proposta apresentada pelo governo indica a promessa de tirar do texto a permiss\u00e3o para que uma empresa regional possa prestar o servi\u00e7o a um conjunto de munic\u00edpios, desde que com aval de ag\u00eancias locais. Os termos tamb\u00e9m passariam pela anu\u00eancia de uma entidade reguladora. Sem esses par\u00e1grafos, a contrata\u00e7\u00e3o teria que ser feita munic\u00edpio a munic\u00edpio.<\/p>\n\n\n\n<div class=\"wp-block-image\"><figure class=\"aligncenter size-large is-resized\"><img loading=\"lazy\" decoding=\"async\" src=\"https:\/\/jornalfatosenoticias.com.br\/wp-content\/uploads\/2020\/02\/logo-Rapuzel-1024x571.jpg\" alt=\"\" class=\"wp-image-42808\" width=\"363\" height=\"202\" srcset=\"https:\/\/jornalfatosenoticias.com.br\/wp-content\/uploads\/2020\/02\/logo-Rapuzel-1024x571.jpg 1024w, https:\/\/jornalfatosenoticias.com.br\/wp-content\/uploads\/2020\/02\/logo-Rapuzel-300x167.jpg 300w, https:\/\/jornalfatosenoticias.com.br\/wp-content\/uploads\/2020\/02\/logo-Rapuzel-768x428.jpg 768w, https:\/\/jornalfatosenoticias.com.br\/wp-content\/uploads\/2020\/02\/logo-Rapuzel-1536x856.jpg 1536w, https:\/\/jornalfatosenoticias.com.br\/wp-content\/uploads\/2020\/02\/logo-Rapuzel.jpg 1600w\" sizes=\"auto, (max-width: 363px) 100vw, 363px\" \/><\/figure><\/div>\n\n\n\n<p>O senador Eduardo Gir\u00e3o (Novo-CE) criticou a demora em se tomar uma decis\u00e3o sobre o caso e cobrou a vota\u00e7\u00e3o do PDL como o \u201citem zero\u201d da pauta. Uma outra reuni\u00e3o entre senadores e governo, desta vez no Pal\u00e1cio do Planalto, foi tentada na tarde de quinta-feira (6) para discutir a volta da Funasa, mas n\u00e3o houve sucesso. Ap\u00f3s esperar meia hora, a comitiva formada pela senadora Daniella Ribeiro (PSD-PB), pelo senador Hiran Gon\u00e7alves (PL-RR), que \u00e9 o autor do PDL para ressuscitar a funda\u00e7\u00e3o, e pelo deputado Danilo Forte (Uni\u00e3o-CE), relator da Lei de Diretrizes Or\u00e7ament\u00e1rias (LDO), al\u00e9m do l\u00edder Jaques Wagner, desistiu de ficar aguardando.<\/p>\n\n\n\n<div class=\"wp-block-image\"><figure class=\"aligncenter size-large\"><img loading=\"lazy\" decoding=\"async\" width=\"300\" height=\"250\" src=\"https:\/\/jornalfatosenoticias.com.br\/wp-content\/uploads\/2022\/02\/Banner-2.png\" alt=\"\" class=\"wp-image-27877\"\/><\/figure><\/div>\n\n\n\n<p>Segundo parlamentares e analistas, o epis\u00f3dio prejudicou a constru\u00e7\u00e3o de um acordo. O PDL da Funasa, assim como o PDL do saneamento, estava previsto para ser votado no Senado na \u00faltima quarta-feira (5), mas os senadores aceitaram tir\u00e1-lo da pauta para permitir acordo com o governo &#8220;em at\u00e9 24 horas&#8221;. Como n\u00e3o houve avan\u00e7o concreto nessas conversas, manteve-se a tend\u00eancia de irem \u00e0 vota\u00e7\u00e3o nesta ter\u00e7a-feira (11).<\/p>\n\n\n\n<div class=\"wp-block-image\"><figure class=\"aligncenter size-large is-resized\"><img loading=\"lazy\" decoding=\"async\" src=\"https:\/\/jornalfatosenoticias.com.br\/wp-content\/uploads\/2020\/02\/logo-embacia.jpg\" alt=\"\" class=\"wp-image-33905\" width=\"268\" height=\"268\"\/><\/figure><\/div>\n\n\n\n<p>Rodrigo Pacheco ainda espera que o governo encaminhe oficialmente a nova vers\u00e3o dos decretos que alteram o marco do saneamento para alcan\u00e7ar o entendimento em tempo e evitar assim a <a href=\"https:\/\/www.gazetadopovo.com.br\/republica\/pacheco-libera-votacao-de-projeto-que-pode-render-primeira-derrota-de-lula-no-senado\/?ref=link-interno-materia\">derrota certa para o Planalto,<\/a> do qual \u00e9 aliado. Ele ressaltou, contudo, que h\u00e1 amplo consenso na Casa de que a iniciativa do governo invadiu compet\u00eancias do Congresso e as altera\u00e7\u00f5es propostas deveriam ser feitas por projetos de lei, e n\u00e3o por decreto. Para analistas ouvidos pela <strong>Gazeta do Povo,<\/strong> o governo teme o desgaste com as prov\u00e1veis derrotas nesses dois decretos, sobretudo o que trata do saneamento b\u00e1sico.<\/p>\n\n\n\n<div class=\"wp-block-image\"><figure class=\"aligncenter size-large\"><img decoding=\"async\" src=\"https:\/\/jornalfatosenoticias.com.br\/wp-content\/uploads\/2020\/02\/barao-das-carnes-300x164-1.jpg\" alt=\"\" class=\"wp-image-34339\"\/><\/figure><\/div>\n\n\n\n<p><strong><span class=\"has-inline-color has-black-color\">Ministros classificam decretos como ajuda a cidades pobres<br><\/span><\/strong>O PDL 98\/2023 foi debatido no Senado em audi\u00eancias p\u00fablicas. Aos membros das Comiss\u00f5es de Desenvolvimento Regional e Turismo (CDR) e de Infraestrutura (CI), em 16 de maio, o <strong><a href=\"https:\/\/www.gazetadopovo.com.br\/economia\/breves\/ministros-debatem-marco-do-saneamento-no-senado\/?ref=link-interno-materia\">ministro das Cidades, Jader Filho,<\/a><\/strong> defendeu os decretos de Lula como instrumento para evitar que 1.113 munic\u00edpios concentrados nas <a href=\"https:\/\/www.gazetadopovo.com.br\/ideias\/os-estados-com-melhor-e-pior-saneamento-basico-no-brasil\/?ref=link-interno-materia\">Regi\u00f5es Norte e Nordeste<\/a> perdessem o acesso a recursos federais para saneamento. Em 13 de junho, Jader Filho e o ministro da Casa Civil, Rui Costa, reafirmaram no Senado que os decretos &#8220;garantem a meta universalizar os servi\u00e7os de \u00e1gua tratada e de esgoto at\u00e9 2033&#8221;.<\/p>\n\n\n\n<div class=\"wp-block-image\"><figure class=\"aligncenter size-large\"><img loading=\"lazy\" decoding=\"async\" width=\"300\" height=\"270\" src=\"https:\/\/jornalfatosenoticias.com.br\/wp-content\/uploads\/2023\/03\/Crypton-1000-\u00d7-900-px-300x270-1.png\" alt=\"\" class=\"wp-image-40206\"\/><\/figure><\/div>\n\n\n\n<p>O senador Weverton (PDT-MA) pediu prud\u00eancia dos senadores para se encontrar uma solu\u00e7\u00e3o pol\u00edtica. \u201cSe os decretos ca\u00edrem, n\u00e3o temos condi\u00e7\u00e3o de enviar recursos para os munic\u00edpios\u201d, disse.<br>Os cr\u00edticos da iniciativa proposta pela Casa Civil e encampada por Lula enxergam nela meio de transferir recursos sem fiscaliza\u00e7\u00e3o para estatais que comprovadamente n\u00e3o conseguiram cumprir sua miss\u00e3o no setor, al\u00e9m de favorecer investimentos com objetivo partid\u00e1rio e eleitoreiro.<\/p>\n\n\n\n<div class=\"wp-block-image\"><figure class=\"aligncenter size-large is-resized\"><img loading=\"lazy\" decoding=\"async\" src=\"https:\/\/jornalfatosenoticias.com.br\/wp-content\/uploads\/2023\/03\/nova-logo-Marquetti.jpg\" alt=\"\" class=\"wp-image-40207\" width=\"298\" height=\"200\" srcset=\"https:\/\/jornalfatosenoticias.com.br\/wp-content\/uploads\/2023\/03\/nova-logo-Marquetti.jpg 643w, https:\/\/jornalfatosenoticias.com.br\/wp-content\/uploads\/2023\/03\/nova-logo-Marquetti-300x202.jpg 300w\" sizes=\"auto, (max-width: 298px) 100vw, 298px\" \/><\/figure><\/div>\n\n\n\n<p>Um dos maiores beneficiados seriam justamente os munic\u00edpios baianos, reduto do ministro Rui Costa. Esses investimentos em saneamento comporiam tamb\u00e9m o &#8220;novo PAC&#8221; que Lula espera anunciar nas pr\u00f3ximas semanas.<\/p>\n\n\n\n<p><strong><em>Fonte: <a href=\"https:\/\/www.gazetadopovo.com.br\/republica\/lula-pode-sofrer-primeiras-derrotas-no-senado-nesta-semana-e-mobiliza-base-para-tentar-acordos\/\">Gazeta do Povo<\/a><\/em><\/strong><\/p>\n","protected":false},"excerpt":{"rendered":"<p>Por S\u00edlvio Ribas O Senado pautou para esta semana dois projetos de decreto legislativo (PDL) que podem render as primeiras derrotas de Luiz In\u00e1cio Lula da Silva (PT) na Casa. Trata-se da proposta parlamentar que derruba o decreto do petista e restabelece o marco do saneamento (PDL 98\/2023) e a recria\u00e7\u00e3o da Funda\u00e7\u00e3o Nacional de [&hellip;]<\/p>\n","protected":false},"author":2,"featured_media":43147,"comment_status":"open","ping_status":"open","sticky":false,"template":"","format":"standard","meta":{"footnotes":""},"categories":[10],"tags":[20313,20312,7580,486],"class_list":["post-43146","post","type-post","status-publish","format-standard","has-post-thumbnail","hentry","category-politica","tag-acordos","tag-derrotas-de-lula","tag-lula","tag-senado"],"yoast_head":"<!-- This site is optimized with the Yoast SEO plugin v26.5 - https:\/\/yoast.com\/wordpress\/plugins\/seo\/ -->\n<title>Lula pode sofrer primeiras derrotas no Senado nesta semana e mobiliza base para tentar acordos - Jornal Fatos e Not\u00edcias<\/title>\n<meta name=\"robots\" content=\"index, follow, max-snippet:-1, max-image-preview:large, max-video-preview:-1\" \/>\n<link rel=\"canonical\" href=\"https:\/\/jornalfatosenoticias.com.br\/index.php\/2023\/07\/10\/lula-pode-sofrer-primeiras-derrotas-no-senado-nesta-semana-e-mobiliza-base-para-tentar-acordos\/\" \/>\n<meta property=\"og:locale\" content=\"pt_BR\" \/>\n<meta property=\"og:type\" content=\"article\" \/>\n<meta property=\"og:title\" content=\"Lula pode sofrer primeiras derrotas no Senado nesta semana e mobiliza base para tentar acordos - Jornal Fatos e Not\u00edcias\" \/>\n<meta property=\"og:description\" content=\"Por S\u00edlvio Ribas O Senado pautou para esta semana dois projetos de decreto legislativo (PDL) que podem render as primeiras derrotas de Luiz In\u00e1cio Lula da Silva (PT) na Casa. Trata-se da proposta parlamentar que derruba o decreto do petista e restabelece o marco do saneamento (PDL 98\/2023) e a recria\u00e7\u00e3o da Funda\u00e7\u00e3o Nacional de [&hellip;]\" \/>\n<meta property=\"og:url\" content=\"https:\/\/jornalfatosenoticias.com.br\/index.php\/2023\/07\/10\/lula-pode-sofrer-primeiras-derrotas-no-senado-nesta-semana-e-mobiliza-base-para-tentar-acordos\/\" \/>\n<meta property=\"og:site_name\" content=\"Jornal Fatos e Not\u00edcias\" \/>\n<meta property=\"article:published_time\" content=\"2023-07-10T18:27:07+00:00\" \/>\n<meta property=\"article:modified_time\" content=\"2023-07-10T18:27:09+00:00\" \/>\n<meta property=\"og:image\" content=\"https:\/\/jornalfatosenoticias.com.br\/wp-content\/uploads\/2023\/07\/molusco_nine.jpg\" \/>\n\t<meta property=\"og:image:width\" content=\"1000\" \/>\n\t<meta property=\"og:image:height\" content=\"562\" \/>\n\t<meta property=\"og:image:type\" content=\"image\/jpeg\" \/>\n<meta name=\"author\" content=\"Luzimara Fernandes\" \/>\n<meta name=\"twitter:card\" content=\"summary_large_image\" \/>\n<meta name=\"twitter:label1\" content=\"Escrito por\" \/>\n\t<meta name=\"twitter:data1\" content=\"Luzimara Fernandes\" \/>\n\t<meta name=\"twitter:label2\" content=\"Est. tempo de leitura\" \/>\n\t<meta name=\"twitter:data2\" content=\"4 minutos\" \/>\n<script type=\"application\/ld+json\" class=\"yoast-schema-graph\">{\"@context\":\"https:\/\/schema.org\",\"@graph\":[{\"@type\":\"Article\",\"@id\":\"https:\/\/jornalfatosenoticias.com.br\/index.php\/2023\/07\/10\/lula-pode-sofrer-primeiras-derrotas-no-senado-nesta-semana-e-mobiliza-base-para-tentar-acordos\/#article\",\"isPartOf\":{\"@id\":\"https:\/\/jornalfatosenoticias.com.br\/index.php\/2023\/07\/10\/lula-pode-sofrer-primeiras-derrotas-no-senado-nesta-semana-e-mobiliza-base-para-tentar-acordos\/\"},\"author\":{\"name\":\"Luzimara Fernandes\",\"@id\":\"https:\/\/jornalfatosenoticias.com.br\/#\/schema\/person\/d63837fa13ac8666eb9e74e0985d6f81\"},\"headline\":\"Lula pode sofrer primeiras derrotas no Senado nesta semana e mobiliza base para tentar acordos\",\"datePublished\":\"2023-07-10T18:27:07+00:00\",\"dateModified\":\"2023-07-10T18:27:09+00:00\",\"mainEntityOfPage\":{\"@id\":\"https:\/\/jornalfatosenoticias.com.br\/index.php\/2023\/07\/10\/lula-pode-sofrer-primeiras-derrotas-no-senado-nesta-semana-e-mobiliza-base-para-tentar-acordos\/\"},\"wordCount\":850,\"commentCount\":0,\"publisher\":{\"@id\":\"https:\/\/jornalfatosenoticias.com.br\/#organization\"},\"image\":{\"@id\":\"https:\/\/jornalfatosenoticias.com.br\/index.php\/2023\/07\/10\/lula-pode-sofrer-primeiras-derrotas-no-senado-nesta-semana-e-mobiliza-base-para-tentar-acordos\/#primaryimage\"},\"thumbnailUrl\":\"https:\/\/jornalfatosenoticias.com.br\/wp-content\/uploads\/2023\/07\/molusco_nine.jpg\",\"keywords\":[\"acordos\",\"derrotas de Lula\",\"Lula\",\"Senado\"],\"articleSection\":[\"Pol\u00edtica\"],\"inLanguage\":\"pt-BR\",\"potentialAction\":[{\"@type\":\"CommentAction\",\"name\":\"Comment\",\"target\":[\"https:\/\/jornalfatosenoticias.com.br\/index.php\/2023\/07\/10\/lula-pode-sofrer-primeiras-derrotas-no-senado-nesta-semana-e-mobiliza-base-para-tentar-acordos\/#respond\"]}]},{\"@type\":\"WebPage\",\"@id\":\"https:\/\/jornalfatosenoticias.com.br\/index.php\/2023\/07\/10\/lula-pode-sofrer-primeiras-derrotas-no-senado-nesta-semana-e-mobiliza-base-para-tentar-acordos\/\",\"url\":\"https:\/\/jornalfatosenoticias.com.br\/index.php\/2023\/07\/10\/lula-pode-sofrer-primeiras-derrotas-no-senado-nesta-semana-e-mobiliza-base-para-tentar-acordos\/\",\"name\":\"Lula pode sofrer primeiras derrotas no Senado nesta semana e mobiliza base para tentar acordos - Jornal Fatos e Not\u00edcias\",\"isPartOf\":{\"@id\":\"https:\/\/jornalfatosenoticias.com.br\/#website\"},\"primaryImageOfPage\":{\"@id\":\"https:\/\/jornalfatosenoticias.com.br\/index.php\/2023\/07\/10\/lula-pode-sofrer-primeiras-derrotas-no-senado-nesta-semana-e-mobiliza-base-para-tentar-acordos\/#primaryimage\"},\"image\":{\"@id\":\"https:\/\/jornalfatosenoticias.com.br\/index.php\/2023\/07\/10\/lula-pode-sofrer-primeiras-derrotas-no-senado-nesta-semana-e-mobiliza-base-para-tentar-acordos\/#primaryimage\"},\"thumbnailUrl\":\"https:\/\/jornalfatosenoticias.com.br\/wp-content\/uploads\/2023\/07\/molusco_nine.jpg\",\"datePublished\":\"2023-07-10T18:27:07+00:00\",\"dateModified\":\"2023-07-10T18:27:09+00:00\",\"breadcrumb\":{\"@id\":\"https:\/\/jornalfatosenoticias.com.br\/index.php\/2023\/07\/10\/lula-pode-sofrer-primeiras-derrotas-no-senado-nesta-semana-e-mobiliza-base-para-tentar-acordos\/#breadcrumb\"},\"inLanguage\":\"pt-BR\",\"potentialAction\":[{\"@type\":\"ReadAction\",\"target\":[\"https:\/\/jornalfatosenoticias.com.br\/index.php\/2023\/07\/10\/lula-pode-sofrer-primeiras-derrotas-no-senado-nesta-semana-e-mobiliza-base-para-tentar-acordos\/\"]}]},{\"@type\":\"ImageObject\",\"inLanguage\":\"pt-BR\",\"@id\":\"https:\/\/jornalfatosenoticias.com.br\/index.php\/2023\/07\/10\/lula-pode-sofrer-primeiras-derrotas-no-senado-nesta-semana-e-mobiliza-base-para-tentar-acordos\/#primaryimage\",\"url\":\"https:\/\/jornalfatosenoticias.com.br\/wp-content\/uploads\/2023\/07\/molusco_nine.jpg\",\"contentUrl\":\"https:\/\/jornalfatosenoticias.com.br\/wp-content\/uploads\/2023\/07\/molusco_nine.jpg\",\"width\":1000,\"height\":562},{\"@type\":\"BreadcrumbList\",\"@id\":\"https:\/\/jornalfatosenoticias.com.br\/index.php\/2023\/07\/10\/lula-pode-sofrer-primeiras-derrotas-no-senado-nesta-semana-e-mobiliza-base-para-tentar-acordos\/#breadcrumb\",\"itemListElement\":[{\"@type\":\"ListItem\",\"position\":1,\"name\":\"In\u00edcio\",\"item\":\"https:\/\/jornalfatosenoticias.com.br\/\"},{\"@type\":\"ListItem\",\"position\":2,\"name\":\"Lula pode sofrer primeiras derrotas no Senado nesta semana e mobiliza base para tentar acordos\"}]},{\"@type\":\"WebSite\",\"@id\":\"https:\/\/jornalfatosenoticias.com.br\/#website\",\"url\":\"https:\/\/jornalfatosenoticias.com.br\/\",\"name\":\"Jornal Fatos e Not\u00edcias\",\"description\":\"Not\u00edcias em geral\",\"publisher\":{\"@id\":\"https:\/\/jornalfatosenoticias.com.br\/#organization\"},\"potentialAction\":[{\"@type\":\"SearchAction\",\"target\":{\"@type\":\"EntryPoint\",\"urlTemplate\":\"https:\/\/jornalfatosenoticias.com.br\/?s={search_term_string}\"},\"query-input\":{\"@type\":\"PropertyValueSpecification\",\"valueRequired\":true,\"valueName\":\"search_term_string\"}}],\"inLanguage\":\"pt-BR\"},{\"@type\":\"Organization\",\"@id\":\"https:\/\/jornalfatosenoticias.com.br\/#organization\",\"name\":\"Jornal Fatos e Not\u00edcias\",\"url\":\"https:\/\/jornalfatosenoticias.com.br\/\",\"logo\":{\"@type\":\"ImageObject\",\"inLanguage\":\"pt-BR\",\"@id\":\"https:\/\/jornalfatosenoticias.com.br\/#\/schema\/logo\/image\/\",\"url\":\"https:\/\/jornalfatosenoticias.com.br\/wp-content\/uploads\/2020\/02\/logo120.png\",\"contentUrl\":\"https:\/\/jornalfatosenoticias.com.br\/wp-content\/uploads\/2020\/02\/logo120.png\",\"width\":1227,\"height\":120,\"caption\":\"Jornal Fatos e Not\u00edcias\"},\"image\":{\"@id\":\"https:\/\/jornalfatosenoticias.com.br\/#\/schema\/logo\/image\/\"}},{\"@type\":\"Person\",\"@id\":\"https:\/\/jornalfatosenoticias.com.br\/#\/schema\/person\/d63837fa13ac8666eb9e74e0985d6f81\",\"name\":\"Luzimara Fernandes\",\"image\":{\"@type\":\"ImageObject\",\"inLanguage\":\"pt-BR\",\"@id\":\"https:\/\/jornalfatosenoticias.com.br\/#\/schema\/person\/image\/\",\"url\":\"https:\/\/jornalfatosenoticias.com.br\/wp-content\/uploads\/2025\/05\/EU_portal.jpg\",\"contentUrl\":\"https:\/\/jornalfatosenoticias.com.br\/wp-content\/uploads\/2025\/05\/EU_portal.jpg\",\"caption\":\"Luzimara Fernandes\"},\"description\":\"Jornalista MTB 2358-ES\",\"sameAs\":[\"https:\/\/jornalfatosenoticias.com.br\"],\"url\":\"https:\/\/jornalfatosenoticias.com.br\/index.php\/author\/luzimara\/\"}]}<\/script>\n<!-- \/ Yoast SEO plugin. -->","yoast_head_json":{"title":"Lula pode sofrer primeiras derrotas no Senado nesta semana e mobiliza base para tentar acordos - Jornal Fatos e Not\u00edcias","robots":{"index":"index","follow":"follow","max-snippet":"max-snippet:-1","max-image-preview":"max-image-preview:large","max-video-preview":"max-video-preview:-1"},"canonical":"https:\/\/jornalfatosenoticias.com.br\/index.php\/2023\/07\/10\/lula-pode-sofrer-primeiras-derrotas-no-senado-nesta-semana-e-mobiliza-base-para-tentar-acordos\/","og_locale":"pt_BR","og_type":"article","og_title":"Lula pode sofrer primeiras derrotas no Senado nesta semana e mobiliza base para tentar acordos - Jornal Fatos e Not\u00edcias","og_description":"Por S\u00edlvio Ribas O Senado pautou para esta semana dois projetos de decreto legislativo (PDL) que podem render as primeiras derrotas de Luiz In\u00e1cio Lula da Silva (PT) na Casa. Trata-se da proposta parlamentar que derruba o decreto do petista e restabelece o marco do saneamento (PDL 98\/2023) e a recria\u00e7\u00e3o da Funda\u00e7\u00e3o Nacional de [&hellip;]","og_url":"https:\/\/jornalfatosenoticias.com.br\/index.php\/2023\/07\/10\/lula-pode-sofrer-primeiras-derrotas-no-senado-nesta-semana-e-mobiliza-base-para-tentar-acordos\/","og_site_name":"Jornal Fatos e Not\u00edcias","article_published_time":"2023-07-10T18:27:07+00:00","article_modified_time":"2023-07-10T18:27:09+00:00","og_image":[{"width":1000,"height":562,"url":"https:\/\/jornalfatosenoticias.com.br\/wp-content\/uploads\/2023\/07\/molusco_nine.jpg","type":"image\/jpeg"}],"author":"Luzimara Fernandes","twitter_card":"summary_large_image","twitter_misc":{"Escrito por":"Luzimara Fernandes","Est. tempo de leitura":"4 minutos"},"schema":{"@context":"https:\/\/schema.org","@graph":[{"@type":"Article","@id":"https:\/\/jornalfatosenoticias.com.br\/index.php\/2023\/07\/10\/lula-pode-sofrer-primeiras-derrotas-no-senado-nesta-semana-e-mobiliza-base-para-tentar-acordos\/#article","isPartOf":{"@id":"https:\/\/jornalfatosenoticias.com.br\/index.php\/2023\/07\/10\/lula-pode-sofrer-primeiras-derrotas-no-senado-nesta-semana-e-mobiliza-base-para-tentar-acordos\/"},"author":{"name":"Luzimara Fernandes","@id":"https:\/\/jornalfatosenoticias.com.br\/#\/schema\/person\/d63837fa13ac8666eb9e74e0985d6f81"},"headline":"Lula pode sofrer primeiras derrotas no Senado nesta semana e mobiliza base para tentar acordos","datePublished":"2023-07-10T18:27:07+00:00","dateModified":"2023-07-10T18:27:09+00:00","mainEntityOfPage":{"@id":"https:\/\/jornalfatosenoticias.com.br\/index.php\/2023\/07\/10\/lula-pode-sofrer-primeiras-derrotas-no-senado-nesta-semana-e-mobiliza-base-para-tentar-acordos\/"},"wordCount":850,"commentCount":0,"publisher":{"@id":"https:\/\/jornalfatosenoticias.com.br\/#organization"},"image":{"@id":"https:\/\/jornalfatosenoticias.com.br\/index.php\/2023\/07\/10\/lula-pode-sofrer-primeiras-derrotas-no-senado-nesta-semana-e-mobiliza-base-para-tentar-acordos\/#primaryimage"},"thumbnailUrl":"https:\/\/jornalfatosenoticias.com.br\/wp-content\/uploads\/2023\/07\/molusco_nine.jpg","keywords":["acordos","derrotas de Lula","Lula","Senado"],"articleSection":["Pol\u00edtica"],"inLanguage":"pt-BR","potentialAction":[{"@type":"CommentAction","name":"Comment","target":["https:\/\/jornalfatosenoticias.com.br\/index.php\/2023\/07\/10\/lula-pode-sofrer-primeiras-derrotas-no-senado-nesta-semana-e-mobiliza-base-para-tentar-acordos\/#respond"]}]},{"@type":"WebPage","@id":"https:\/\/jornalfatosenoticias.com.br\/index.php\/2023\/07\/10\/lula-pode-sofrer-primeiras-derrotas-no-senado-nesta-semana-e-mobiliza-base-para-tentar-acordos\/","url":"https:\/\/jornalfatosenoticias.com.br\/index.php\/2023\/07\/10\/lula-pode-sofrer-primeiras-derrotas-no-senado-nesta-semana-e-mobiliza-base-para-tentar-acordos\/","name":"Lula pode sofrer primeiras derrotas no Senado nesta semana e mobiliza base para tentar acordos - Jornal Fatos e Not\u00edcias","isPartOf":{"@id":"https:\/\/jornalfatosenoticias.com.br\/#website"},"primaryImageOfPage":{"@id":"https:\/\/jornalfatosenoticias.com.br\/index.php\/2023\/07\/10\/lula-pode-sofrer-primeiras-derrotas-no-senado-nesta-semana-e-mobiliza-base-para-tentar-acordos\/#primaryimage"},"image":{"@id":"https:\/\/jornalfatosenoticias.com.br\/index.php\/2023\/07\/10\/lula-pode-sofrer-primeiras-derrotas-no-senado-nesta-semana-e-mobiliza-base-para-tentar-acordos\/#primaryimage"},"thumbnailUrl":"https:\/\/jornalfatosenoticias.com.br\/wp-content\/uploads\/2023\/07\/molusco_nine.jpg","datePublished":"2023-07-10T18:27:07+00:00","dateModified":"2023-07-10T18:27:09+00:00","breadcrumb":{"@id":"https:\/\/jornalfatosenoticias.com.br\/index.php\/2023\/07\/10\/lula-pode-sofrer-primeiras-derrotas-no-senado-nesta-semana-e-mobiliza-base-para-tentar-acordos\/#breadcrumb"},"inLanguage":"pt-BR","potentialAction":[{"@type":"ReadAction","target":["https:\/\/jornalfatosenoticias.com.br\/index.php\/2023\/07\/10\/lula-pode-sofrer-primeiras-derrotas-no-senado-nesta-semana-e-mobiliza-base-para-tentar-acordos\/"]}]},{"@type":"ImageObject","inLanguage":"pt-BR","@id":"https:\/\/jornalfatosenoticias.com.br\/index.php\/2023\/07\/10\/lula-pode-sofrer-primeiras-derrotas-no-senado-nesta-semana-e-mobiliza-base-para-tentar-acordos\/#primaryimage","url":"https:\/\/jornalfatosenoticias.com.br\/wp-content\/uploads\/2023\/07\/molusco_nine.jpg","contentUrl":"https:\/\/jornalfatosenoticias.com.br\/wp-content\/uploads\/2023\/07\/molusco_nine.jpg","width":1000,"height":562},{"@type":"BreadcrumbList","@id":"https:\/\/jornalfatosenoticias.com.br\/index.php\/2023\/07\/10\/lula-pode-sofrer-primeiras-derrotas-no-senado-nesta-semana-e-mobiliza-base-para-tentar-acordos\/#breadcrumb","itemListElement":[{"@type":"ListItem","position":1,"name":"In\u00edcio","item":"https:\/\/jornalfatosenoticias.com.br\/"},{"@type":"ListItem","position":2,"name":"Lula pode sofrer primeiras derrotas no Senado nesta semana e mobiliza base para tentar acordos"}]},{"@type":"WebSite","@id":"https:\/\/jornalfatosenoticias.com.br\/#website","url":"https:\/\/jornalfatosenoticias.com.br\/","name":"Jornal Fatos e Not\u00edcias","description":"Not\u00edcias em geral","publisher":{"@id":"https:\/\/jornalfatosenoticias.com.br\/#organization"},"potentialAction":[{"@type":"SearchAction","target":{"@type":"EntryPoint","urlTemplate":"https:\/\/jornalfatosenoticias.com.br\/?s={search_term_string}"},"query-input":{"@type":"PropertyValueSpecification","valueRequired":true,"valueName":"search_term_string"}}],"inLanguage":"pt-BR"},{"@type":"Organization","@id":"https:\/\/jornalfatosenoticias.com.br\/#organization","name":"Jornal Fatos e Not\u00edcias","url":"https:\/\/jornalfatosenoticias.com.br\/","logo":{"@type":"ImageObject","inLanguage":"pt-BR","@id":"https:\/\/jornalfatosenoticias.com.br\/#\/schema\/logo\/image\/","url":"https:\/\/jornalfatosenoticias.com.br\/wp-content\/uploads\/2020\/02\/logo120.png","contentUrl":"https:\/\/jornalfatosenoticias.com.br\/wp-content\/uploads\/2020\/02\/logo120.png","width":1227,"height":120,"caption":"Jornal Fatos e Not\u00edcias"},"image":{"@id":"https:\/\/jornalfatosenoticias.com.br\/#\/schema\/logo\/image\/"}},{"@type":"Person","@id":"https:\/\/jornalfatosenoticias.com.br\/#\/schema\/person\/d63837fa13ac8666eb9e74e0985d6f81","name":"Luzimara Fernandes","image":{"@type":"ImageObject","inLanguage":"pt-BR","@id":"https:\/\/jornalfatosenoticias.com.br\/#\/schema\/person\/image\/","url":"https:\/\/jornalfatosenoticias.com.br\/wp-content\/uploads\/2025\/05\/EU_portal.jpg","contentUrl":"https:\/\/jornalfatosenoticias.com.br\/wp-content\/uploads\/2025\/05\/EU_portal.jpg","caption":"Luzimara Fernandes"},"description":"Jornalista MTB 2358-ES","sameAs":["https:\/\/jornalfatosenoticias.com.br"],"url":"https:\/\/jornalfatosenoticias.com.br\/index.php\/author\/luzimara\/"}]}},"cc_featured_image_caption":{"caption_text":"(Foto: Marcelo Camargo\/Ag\u00eancia Brasil)","source_text":"","source_url":""},"jetpack_featured_media_url":"https:\/\/jornalfatosenoticias.com.br\/wp-content\/uploads\/2023\/07\/molusco_nine.jpg","_links":{"self":[{"href":"https:\/\/jornalfatosenoticias.com.br\/index.php\/wp-json\/wp\/v2\/posts\/43146","targetHints":{"allow":["GET"]}}],"collection":[{"href":"https:\/\/jornalfatosenoticias.com.br\/index.php\/wp-json\/wp\/v2\/posts"}],"about":[{"href":"https:\/\/jornalfatosenoticias.com.br\/index.php\/wp-json\/wp\/v2\/types\/post"}],"author":[{"embeddable":true,"href":"https:\/\/jornalfatosenoticias.com.br\/index.php\/wp-json\/wp\/v2\/users\/2"}],"replies":[{"embeddable":true,"href":"https:\/\/jornalfatosenoticias.com.br\/index.php\/wp-json\/wp\/v2\/comments?post=43146"}],"version-history":[{"count":0,"href":"https:\/\/jornalfatosenoticias.com.br\/index.php\/wp-json\/wp\/v2\/posts\/43146\/revisions"}],"wp:featuredmedia":[{"embeddable":true,"href":"https:\/\/jornalfatosenoticias.com.br\/index.php\/wp-json\/wp\/v2\/media\/43147"}],"wp:attachment":[{"href":"https:\/\/jornalfatosenoticias.com.br\/index.php\/wp-json\/wp\/v2\/media?parent=43146"}],"wp:term":[{"taxonomy":"category","embeddable":true,"href":"https:\/\/jornalfatosenoticias.com.br\/index.php\/wp-json\/wp\/v2\/categories?post=43146"},{"taxonomy":"post_tag","embeddable":true,"href":"https:\/\/jornalfatosenoticias.com.br\/index.php\/wp-json\/wp\/v2\/tags?post=43146"}],"curies":[{"name":"wp","href":"https:\/\/api.w.org\/{rel}","templated":true}]}}