{"id":43163,"date":"2023-07-11T09:48:08","date_gmt":"2023-07-11T12:48:08","guid":{"rendered":"https:\/\/jornalfatosenoticias.com.br\/?p=43163"},"modified":"2023-07-11T09:48:09","modified_gmt":"2023-07-11T12:48:09","slug":"cerca-de-25-das-maes-brasileiras-sofrem-de-depressao-pos-parto","status":"publish","type":"post","link":"https:\/\/jornalfatosenoticias.com.br\/index.php\/2023\/07\/11\/cerca-de-25-das-maes-brasileiras-sofrem-de-depressao-pos-parto\/","title":{"rendered":"Cerca de 25% das m\u00e3es brasileiras sofrem de depress\u00e3o p\u00f3s-parto"},"content":{"rendered":"\n<p><em><span class=\"has-inline-color has-black-color\">Pesquisa brit\u00e2nica apontou que uma em cada dez mulheres tem dificuldade em criar v\u00ednculos com seus beb\u00eas<\/span><\/em><\/p>\n\n\n\n<p><span class=\"has-inline-color has-black-color\"><em>Por <strong><a href=\"https:\/\/olhardigital.com.br\/author\/alisson-santos\/\">Alisson Santos<\/a><\/strong><\/em><\/span><\/p>\n\n\n\n<div class=\"wp-block-image\"><figure class=\"aligncenter size-large\"><img loading=\"lazy\" decoding=\"async\" width=\"300\" height=\"137\" src=\"https:\/\/jornalfatosenoticias.com.br\/wp-content\/uploads\/2023\/06\/LOGO_JULIANA-GRACA_PORTAL.jpg\" alt=\"\" class=\"wp-image-42597\"\/><\/figure><\/div>\n\n\n\n<p>Uma pesquisa da Parent-Infant Foundation, no Reino Unido, revelou que uma em cada dez <a href=\"https:\/\/olhardigital.com.br\/tag\/mulheres\/\" target=\"_blank\" rel=\"noreferrer noopener\">mulheres<\/a>\u00a0tem dificuldades de criar v\u00ednculo com seus\u00a0<a href=\"https:\/\/olhardigital.com.br\/tag\/bebes\/\" target=\"_blank\" rel=\"noreferrer noopener\">beb\u00eas<\/a>. Al\u00e9m disso, cerca de 73% dessas m\u00e3es n\u00e3o receberam suporte nem orienta\u00e7\u00e3o para desenvolver essa liga\u00e7\u00e3o de forma saud\u00e1vel e maternal.<br>No\u00a0<a href=\"https:\/\/olhardigital.com.br\/2023\/07\/04\/medicina-e-saude\/planta-nativa-do-brasil-tem-canabidiol-e-nao-causa-efeito-psicoativo\/\" target=\"_blank\" rel=\"noreferrer noopener\">Brasil<\/a>, o cen\u00e1rio n\u00e3o \u00e9 muito diferente. A\u00a0<a href=\"https:\/\/olhardigital.com.br\/2023\/05\/17\/medicina-e-saude\/coach-de-ia-se-mostra-promissor-na-terapia-de-depressao-e-ansiedade\/\" target=\"_blank\" rel=\"noreferrer noopener\">depress\u00e3o<\/a> p\u00f3s-parto acomete cerca de 25% das m\u00e3es brasileiras no per\u00edodo de seis a 18 meses ap\u00f3s o nascimento do beb\u00ea. Por outro lado, \u00e9 preciso diferenciar a depress\u00e3o do baby blues para conseguir analisar de forma clara os dois diagn\u00f3sticos, afirma Jacqueline Isaac Machado Brigag\u00e3o, estudante de Obstetr\u00edcia da Escola de Artes, Ci\u00eancias e Humanidades (EACH) da USP.<\/p>\n\n\n\n<div class=\"wp-block-image\"><figure class=\"aligncenter size-large is-resized\"><img loading=\"lazy\" decoding=\"async\" src=\"https:\/\/jornalfatosenoticias.com.br\/wp-content\/uploads\/2020\/02\/casa-do-torresmo_portal.jpg\" alt=\"\" class=\"wp-image-34472\" width=\"239\" height=\"239\" srcset=\"https:\/\/jornalfatosenoticias.com.br\/wp-content\/uploads\/2020\/02\/casa-do-torresmo_portal.jpg 300w, https:\/\/jornalfatosenoticias.com.br\/wp-content\/uploads\/2020\/02\/casa-do-torresmo_portal-150x150.jpg 150w\" sizes=\"auto, (max-width: 239px) 100vw, 239px\" \/><\/figure><\/div>\n\n\n\n<p>Para diferenciar as condi\u00e7\u00f5es, Jacqueline destaca a import\u00e2ncia de utilizar o termo \u201cperinatal\u201d para se tratar da doen\u00e7a, j\u00e1 que, em muitas vezes, os primeiros sintomas surgem ainda durante a gesta\u00e7\u00e3o. Segundo Jacqueline, os sintomas do baby blues envolvem mistura entre um sentimento de tristeza e cansa\u00e7o, e \u00e9 algo comum, n\u00e3o patol\u00f3gico e pode durar at\u00e9 duas semanas.<\/p>\n\n\n\n<div class=\"wp-block-image\"><figure class=\"aligncenter size-large is-resized\"><img loading=\"lazy\" decoding=\"async\" src=\"https:\/\/jornalfatosenoticias.com.br\/wp-content\/uploads\/2023\/03\/nova-logo-Marquetti.jpg\" alt=\"\" class=\"wp-image-40207\" width=\"284\" height=\"191\" srcset=\"https:\/\/jornalfatosenoticias.com.br\/wp-content\/uploads\/2023\/03\/nova-logo-Marquetti.jpg 643w, https:\/\/jornalfatosenoticias.com.br\/wp-content\/uploads\/2023\/03\/nova-logo-Marquetti-300x202.jpg 300w\" sizes=\"auto, (max-width: 284px) 100vw, 284px\" \/><\/figure><\/div>\n\n\n\n<p>Se esses sintomas se estendem por per\u00edodo maior, h\u00e1 prov\u00e1vel diagn\u00f3stico de depress\u00e3o perinatal. Entre os sinais dessa condi\u00e7\u00e3o mais delicada est\u00e3o: ansiedade, dificuldades em se relacionar com o beb\u00ea, sentimentos de inutilidade e culpa, ins\u00f4nia ou excesso de sono, lentid\u00e3o no jeito de agir, agita\u00e7\u00e3o incomum, pensamentos recorrentes de morte.<\/p>\n\n\n\n<div class=\"wp-block-image\"><figure class=\"aligncenter size-large\"><img loading=\"lazy\" decoding=\"async\" width=\"300\" height=\"250\" src=\"https:\/\/jornalfatosenoticias.com.br\/wp-content\/uploads\/2022\/08\/arte-Casarao.jpg\" alt=\"\" class=\"wp-image-33178\"\/><\/figure><\/div>\n\n\n\n<blockquote class=\"wp-block-quote is-layout-flow wp-block-quote-is-layout-flow\"><p><span class=\"has-inline-color has-luminous-vivid-orange-color\">Durante a gravidez, a mulher passa por muitas mudan\u00e7as hormonais, f\u00edsicas, emocionais e sociais. O parto tamb\u00e9m envolve esfor\u00e7o fisiol\u00f3gico e ps\u00edquico intenso, ent\u00e3o \u00e9 comum que a mulher experimente emo\u00e7\u00f5es variadas\u201d, explica Jacqueline Isaac Machado Brigag\u00e3o, estudante de Obstetr\u00edcia da Escola de Artes, Ci\u00eancias e Humanidades (EACH) da USP.<\/span><\/p><\/blockquote>\n\n\n\n<div class=\"wp-block-image\"><figure class=\"aligncenter size-large\"><img decoding=\"async\" src=\"https:\/\/jornalfatosenoticias.com.br\/wp-content\/uploads\/2020\/02\/barao-das-carnes-300x164-1.jpg\" alt=\"\" class=\"wp-image-34339\"\/><\/figure><\/div>\n\n\n\n<p>Investigando alguns fatores que podem ser determinantes para as duas condi\u00e7\u00f5es, Renata Pereira de Felipe, pesquisadora do Instituto de Psicologia da USP, aponta que a romantiza\u00e7\u00e3o em excesso da maternidade pode colaborar diretamente com as complica\u00e7\u00f5es da sa\u00fade mental das mulheres.<\/p>\n\n\n\n<blockquote class=\"wp-block-quote is-layout-flow wp-block-quote-is-layout-flow\"><p><span class=\"has-inline-color has-luminous-vivid-orange-color\">H\u00e1 uma romantiza\u00e7\u00e3o da gravidez, do parto, do puerp\u00e9rio e mesmo da cria\u00e7\u00e3o de uma crian\u00e7a, onde se vende a ideia de que esses acontecimentos envolvem muita felicidade para todas as partes envolvidas, principalmente para a m\u00e3e\u201d, explica Renata.<\/span><\/p><\/blockquote>\n\n\n\n<div class=\"wp-block-image\"><figure class=\"aligncenter size-large\"><img decoding=\"async\" src=\"https:\/\/jornalfatosenoticias.com.br\/wp-content\/uploads\/2020\/02\/logo_esteio.jpg\" alt=\"\" class=\"wp-image-1214\"\/><\/figure><\/div>\n\n\n\n<blockquote class=\"wp-block-quote is-layout-flow wp-block-quote-is-layout-flow\"><p><span class=\"has-inline-color has-luminous-vivid-orange-color\">Hoje em dia, 37% das mulheres n\u00e3o desejam ser m\u00e3e, conforme estudo feito por Daniele Fontoura e Valeska Zanello publicado em 2022. As raz\u00f5es para a n\u00e3o maternidade v\u00e3o desde o n\u00e3o desejo de mudan\u00e7as corporais e poss\u00edveis riscos no parto at\u00e9 quest\u00f5es mais existenciais, como a necessidade de liberdade, solid\u00e3o e de ter tempo para si mesma\u201d, ressalta Renata Pereira de Felipe, pesquisadora do Instituto de Psicologia da USP.<\/span><\/p><\/blockquote>\n\n\n\n<div class=\"wp-block-image\"><figure class=\"aligncenter size-large is-resized\"><img loading=\"lazy\" decoding=\"async\" src=\"https:\/\/jornalfatosenoticias.com.br\/wp-content\/uploads\/2023\/03\/logo-Panper_portal.jpg\" alt=\"\" class=\"wp-image-40208\" width=\"289\" height=\"200\" srcset=\"https:\/\/jornalfatosenoticias.com.br\/wp-content\/uploads\/2023\/03\/logo-Panper_portal.jpg 400w, https:\/\/jornalfatosenoticias.com.br\/wp-content\/uploads\/2023\/03\/logo-Panper_portal-300x208.jpg 300w\" sizes=\"auto, (max-width: 289px) 100vw, 289px\" \/><\/figure><\/div>\n\n\n\n<p>A especialista afirma que, para as m\u00e3es de rec\u00e9m-nascidos, \u00e9 fundamental garantir o acesso \u00e0 rede de apoio. Quanto aos profissionais de sa\u00fade, \u00e9 preciso estarem atentos para identificar os primeiros sinais de depress\u00e3o perinatal. O tratamento da depress\u00e3o perinatal \u00e9 realizado assim como os outros tipos de depress\u00e3o, com acompanhamento psicoter\u00e1pico ou psiquiatra. <\/p>\n\n\n\n<div class=\"wp-block-image\"><figure class=\"aligncenter size-large is-resized\"><img loading=\"lazy\" decoding=\"async\" src=\"https:\/\/jornalfatosenoticias.com.br\/wp-content\/uploads\/2022\/10\/RC_800x750_page-0001.jpg\" alt=\"\" class=\"wp-image-35338\" width=\"268\" height=\"251\" srcset=\"https:\/\/jornalfatosenoticias.com.br\/wp-content\/uploads\/2022\/10\/RC_800x750_page-0001.jpg 400w, https:\/\/jornalfatosenoticias.com.br\/wp-content\/uploads\/2022\/10\/RC_800x750_page-0001-300x281.jpg 300w\" sizes=\"auto, (max-width: 268px) 100vw, 268px\" \/><\/figure><\/div>\n\n\n\n<blockquote class=\"wp-block-quote is-layout-flow wp-block-quote-is-layout-flow\"><p><span class=\"has-inline-color has-luminous-vivid-orange-color\">O acompanhamento psicol\u00f3gico e psiqui\u00e1trico \u00e9 fundamental para auxiliar mulheres com depress\u00e3o p\u00f3s-parto e sem depress\u00e3o p\u00f3s-parto, mesmo quando n\u00e3o h\u00e1 queixa espec\u00edfica quanto ao melhor tipo de apoio\u201d, complementa.<\/span><\/p><\/blockquote>\n\n\n\n<p><strong><em>Fonte: <a href=\"https:\/\/olhardigital.com.br\/2023\/07\/05\/medicina-e-saude\/cerca-de-25-das-maes-brasileiras-sofrem-de-depressao-pos-parto\/\">Olhar Digital<\/a><\/em><\/strong><\/p>\n","protected":false},"excerpt":{"rendered":"<p>Pesquisa brit\u00e2nica apontou que uma em cada dez mulheres tem dificuldade em criar v\u00ednculos com seus beb\u00eas Por Alisson Santos Uma pesquisa da Parent-Infant Foundation, no Reino Unido, revelou que uma em cada dez mulheres\u00a0tem dificuldades de criar v\u00ednculo com seus\u00a0beb\u00eas. Al\u00e9m disso, cerca de 73% dessas m\u00e3es n\u00e3o receberam suporte nem orienta\u00e7\u00e3o para desenvolver [&hellip;]<\/p>\n","protected":false},"author":2,"featured_media":43164,"comment_status":"open","ping_status":"open","sticky":false,"template":"","format":"standard","meta":{"footnotes":""},"categories":[11],"tags":[2375,5005,1705,4553,9173,10710],"class_list":["post-43163","post","type-post","status-publish","format-standard","has-post-thumbnail","hentry","category-saude","tag-depressao","tag-depressao-pos-parto","tag-gravidez","tag-maternidade","tag-pos-parto","tag-tratamento-da-depressao"],"yoast_head":"<!-- This site is optimized with the Yoast SEO plugin v26.5 - https:\/\/yoast.com\/wordpress\/plugins\/seo\/ -->\n<title>Cerca de 25% das m\u00e3es brasileiras sofrem de depress\u00e3o p\u00f3s-parto - Jornal Fatos e Not\u00edcias<\/title>\n<meta name=\"robots\" content=\"index, follow, max-snippet:-1, max-image-preview:large, max-video-preview:-1\" \/>\n<link rel=\"canonical\" href=\"https:\/\/jornalfatosenoticias.com.br\/index.php\/2023\/07\/11\/cerca-de-25-das-maes-brasileiras-sofrem-de-depressao-pos-parto\/\" \/>\n<meta property=\"og:locale\" content=\"pt_BR\" \/>\n<meta property=\"og:type\" content=\"article\" \/>\n<meta property=\"og:title\" content=\"Cerca de 25% das m\u00e3es brasileiras sofrem de depress\u00e3o p\u00f3s-parto - Jornal Fatos e Not\u00edcias\" \/>\n<meta property=\"og:description\" content=\"Pesquisa brit\u00e2nica apontou que uma em cada dez mulheres tem dificuldade em criar v\u00ednculos com seus beb\u00eas Por Alisson Santos Uma pesquisa da Parent-Infant Foundation, no Reino Unido, revelou que uma em cada dez mulheres\u00a0tem dificuldades de criar v\u00ednculo com seus\u00a0beb\u00eas. Al\u00e9m disso, cerca de 73% dessas m\u00e3es n\u00e3o receberam suporte nem orienta\u00e7\u00e3o para desenvolver [&hellip;]\" \/>\n<meta property=\"og:url\" content=\"https:\/\/jornalfatosenoticias.com.br\/index.php\/2023\/07\/11\/cerca-de-25-das-maes-brasileiras-sofrem-de-depressao-pos-parto\/\" \/>\n<meta property=\"og:site_name\" content=\"Jornal Fatos e Not\u00edcias\" \/>\n<meta property=\"article:published_time\" content=\"2023-07-11T12:48:08+00:00\" \/>\n<meta property=\"article:modified_time\" content=\"2023-07-11T12:48:09+00:00\" \/>\n<meta property=\"og:image\" content=\"https:\/\/jornalfatosenoticias.com.br\/wp-content\/uploads\/2023\/07\/depressao-pos-parto.jpg\" \/>\n\t<meta property=\"og:image:width\" content=\"1000\" \/>\n\t<meta property=\"og:image:height\" content=\"666\" \/>\n\t<meta property=\"og:image:type\" content=\"image\/jpeg\" \/>\n<meta name=\"author\" content=\"Luzimara Fernandes\" \/>\n<meta name=\"twitter:card\" content=\"summary_large_image\" \/>\n<meta name=\"twitter:label1\" content=\"Escrito por\" \/>\n\t<meta name=\"twitter:data1\" content=\"Luzimara Fernandes\" \/>\n\t<meta name=\"twitter:label2\" content=\"Est. tempo de leitura\" \/>\n\t<meta name=\"twitter:data2\" content=\"3 minutos\" \/>\n<script type=\"application\/ld+json\" class=\"yoast-schema-graph\">{\"@context\":\"https:\/\/schema.org\",\"@graph\":[{\"@type\":\"Article\",\"@id\":\"https:\/\/jornalfatosenoticias.com.br\/index.php\/2023\/07\/11\/cerca-de-25-das-maes-brasileiras-sofrem-de-depressao-pos-parto\/#article\",\"isPartOf\":{\"@id\":\"https:\/\/jornalfatosenoticias.com.br\/index.php\/2023\/07\/11\/cerca-de-25-das-maes-brasileiras-sofrem-de-depressao-pos-parto\/\"},\"author\":{\"name\":\"Luzimara Fernandes\",\"@id\":\"https:\/\/jornalfatosenoticias.com.br\/#\/schema\/person\/d63837fa13ac8666eb9e74e0985d6f81\"},\"headline\":\"Cerca de 25% das m\u00e3es brasileiras sofrem de depress\u00e3o p\u00f3s-parto\",\"datePublished\":\"2023-07-11T12:48:08+00:00\",\"dateModified\":\"2023-07-11T12:48:09+00:00\",\"mainEntityOfPage\":{\"@id\":\"https:\/\/jornalfatosenoticias.com.br\/index.php\/2023\/07\/11\/cerca-de-25-das-maes-brasileiras-sofrem-de-depressao-pos-parto\/\"},\"wordCount\":611,\"commentCount\":0,\"publisher\":{\"@id\":\"https:\/\/jornalfatosenoticias.com.br\/#organization\"},\"image\":{\"@id\":\"https:\/\/jornalfatosenoticias.com.br\/index.php\/2023\/07\/11\/cerca-de-25-das-maes-brasileiras-sofrem-de-depressao-pos-parto\/#primaryimage\"},\"thumbnailUrl\":\"https:\/\/jornalfatosenoticias.com.br\/wp-content\/uploads\/2023\/07\/depressao-pos-parto.jpg\",\"keywords\":[\"depress\u00e3o\",\"depress\u00e3o p\u00f3s-parto\",\"gravidez\",\"maternidade\",\"p\u00f3s-parto\",\"tratamento da depress\u00e3o\"],\"articleSection\":[\"Sa\u00fade\"],\"inLanguage\":\"pt-BR\",\"potentialAction\":[{\"@type\":\"CommentAction\",\"name\":\"Comment\",\"target\":[\"https:\/\/jornalfatosenoticias.com.br\/index.php\/2023\/07\/11\/cerca-de-25-das-maes-brasileiras-sofrem-de-depressao-pos-parto\/#respond\"]}]},{\"@type\":\"WebPage\",\"@id\":\"https:\/\/jornalfatosenoticias.com.br\/index.php\/2023\/07\/11\/cerca-de-25-das-maes-brasileiras-sofrem-de-depressao-pos-parto\/\",\"url\":\"https:\/\/jornalfatosenoticias.com.br\/index.php\/2023\/07\/11\/cerca-de-25-das-maes-brasileiras-sofrem-de-depressao-pos-parto\/\",\"name\":\"Cerca de 25% das m\u00e3es brasileiras sofrem de depress\u00e3o p\u00f3s-parto - Jornal Fatos e Not\u00edcias\",\"isPartOf\":{\"@id\":\"https:\/\/jornalfatosenoticias.com.br\/#website\"},\"primaryImageOfPage\":{\"@id\":\"https:\/\/jornalfatosenoticias.com.br\/index.php\/2023\/07\/11\/cerca-de-25-das-maes-brasileiras-sofrem-de-depressao-pos-parto\/#primaryimage\"},\"image\":{\"@id\":\"https:\/\/jornalfatosenoticias.com.br\/index.php\/2023\/07\/11\/cerca-de-25-das-maes-brasileiras-sofrem-de-depressao-pos-parto\/#primaryimage\"},\"thumbnailUrl\":\"https:\/\/jornalfatosenoticias.com.br\/wp-content\/uploads\/2023\/07\/depressao-pos-parto.jpg\",\"datePublished\":\"2023-07-11T12:48:08+00:00\",\"dateModified\":\"2023-07-11T12:48:09+00:00\",\"breadcrumb\":{\"@id\":\"https:\/\/jornalfatosenoticias.com.br\/index.php\/2023\/07\/11\/cerca-de-25-das-maes-brasileiras-sofrem-de-depressao-pos-parto\/#breadcrumb\"},\"inLanguage\":\"pt-BR\",\"potentialAction\":[{\"@type\":\"ReadAction\",\"target\":[\"https:\/\/jornalfatosenoticias.com.br\/index.php\/2023\/07\/11\/cerca-de-25-das-maes-brasileiras-sofrem-de-depressao-pos-parto\/\"]}]},{\"@type\":\"ImageObject\",\"inLanguage\":\"pt-BR\",\"@id\":\"https:\/\/jornalfatosenoticias.com.br\/index.php\/2023\/07\/11\/cerca-de-25-das-maes-brasileiras-sofrem-de-depressao-pos-parto\/#primaryimage\",\"url\":\"https:\/\/jornalfatosenoticias.com.br\/wp-content\/uploads\/2023\/07\/depressao-pos-parto.jpg\",\"contentUrl\":\"https:\/\/jornalfatosenoticias.com.br\/wp-content\/uploads\/2023\/07\/depressao-pos-parto.jpg\",\"width\":1000,\"height\":666},{\"@type\":\"BreadcrumbList\",\"@id\":\"https:\/\/jornalfatosenoticias.com.br\/index.php\/2023\/07\/11\/cerca-de-25-das-maes-brasileiras-sofrem-de-depressao-pos-parto\/#breadcrumb\",\"itemListElement\":[{\"@type\":\"ListItem\",\"position\":1,\"name\":\"In\u00edcio\",\"item\":\"https:\/\/jornalfatosenoticias.com.br\/\"},{\"@type\":\"ListItem\",\"position\":2,\"name\":\"Cerca de 25% das m\u00e3es brasileiras sofrem de depress\u00e3o p\u00f3s-parto\"}]},{\"@type\":\"WebSite\",\"@id\":\"https:\/\/jornalfatosenoticias.com.br\/#website\",\"url\":\"https:\/\/jornalfatosenoticias.com.br\/\",\"name\":\"Jornal Fatos e Not\u00edcias\",\"description\":\"Not\u00edcias em geral\",\"publisher\":{\"@id\":\"https:\/\/jornalfatosenoticias.com.br\/#organization\"},\"potentialAction\":[{\"@type\":\"SearchAction\",\"target\":{\"@type\":\"EntryPoint\",\"urlTemplate\":\"https:\/\/jornalfatosenoticias.com.br\/?s={search_term_string}\"},\"query-input\":{\"@type\":\"PropertyValueSpecification\",\"valueRequired\":true,\"valueName\":\"search_term_string\"}}],\"inLanguage\":\"pt-BR\"},{\"@type\":\"Organization\",\"@id\":\"https:\/\/jornalfatosenoticias.com.br\/#organization\",\"name\":\"Jornal Fatos e Not\u00edcias\",\"url\":\"https:\/\/jornalfatosenoticias.com.br\/\",\"logo\":{\"@type\":\"ImageObject\",\"inLanguage\":\"pt-BR\",\"@id\":\"https:\/\/jornalfatosenoticias.com.br\/#\/schema\/logo\/image\/\",\"url\":\"https:\/\/jornalfatosenoticias.com.br\/wp-content\/uploads\/2020\/02\/logo120.png\",\"contentUrl\":\"https:\/\/jornalfatosenoticias.com.br\/wp-content\/uploads\/2020\/02\/logo120.png\",\"width\":1227,\"height\":120,\"caption\":\"Jornal Fatos e Not\u00edcias\"},\"image\":{\"@id\":\"https:\/\/jornalfatosenoticias.com.br\/#\/schema\/logo\/image\/\"}},{\"@type\":\"Person\",\"@id\":\"https:\/\/jornalfatosenoticias.com.br\/#\/schema\/person\/d63837fa13ac8666eb9e74e0985d6f81\",\"name\":\"Luzimara Fernandes\",\"image\":{\"@type\":\"ImageObject\",\"inLanguage\":\"pt-BR\",\"@id\":\"https:\/\/jornalfatosenoticias.com.br\/#\/schema\/person\/image\/\",\"url\":\"https:\/\/jornalfatosenoticias.com.br\/wp-content\/uploads\/2025\/05\/EU_portal.jpg\",\"contentUrl\":\"https:\/\/jornalfatosenoticias.com.br\/wp-content\/uploads\/2025\/05\/EU_portal.jpg\",\"caption\":\"Luzimara Fernandes\"},\"description\":\"Jornalista MTB 2358-ES\",\"sameAs\":[\"https:\/\/jornalfatosenoticias.com.br\"],\"url\":\"https:\/\/jornalfatosenoticias.com.br\/index.php\/author\/luzimara\/\"}]}<\/script>\n<!-- \/ Yoast SEO plugin. -->","yoast_head_json":{"title":"Cerca de 25% das m\u00e3es brasileiras sofrem de depress\u00e3o p\u00f3s-parto - Jornal Fatos e Not\u00edcias","robots":{"index":"index","follow":"follow","max-snippet":"max-snippet:-1","max-image-preview":"max-image-preview:large","max-video-preview":"max-video-preview:-1"},"canonical":"https:\/\/jornalfatosenoticias.com.br\/index.php\/2023\/07\/11\/cerca-de-25-das-maes-brasileiras-sofrem-de-depressao-pos-parto\/","og_locale":"pt_BR","og_type":"article","og_title":"Cerca de 25% das m\u00e3es brasileiras sofrem de depress\u00e3o p\u00f3s-parto - Jornal Fatos e Not\u00edcias","og_description":"Pesquisa brit\u00e2nica apontou que uma em cada dez mulheres tem dificuldade em criar v\u00ednculos com seus beb\u00eas Por Alisson Santos Uma pesquisa da Parent-Infant Foundation, no Reino Unido, revelou que uma em cada dez mulheres\u00a0tem dificuldades de criar v\u00ednculo com seus\u00a0beb\u00eas. Al\u00e9m disso, cerca de 73% dessas m\u00e3es n\u00e3o receberam suporte nem orienta\u00e7\u00e3o para desenvolver [&hellip;]","og_url":"https:\/\/jornalfatosenoticias.com.br\/index.php\/2023\/07\/11\/cerca-de-25-das-maes-brasileiras-sofrem-de-depressao-pos-parto\/","og_site_name":"Jornal Fatos e Not\u00edcias","article_published_time":"2023-07-11T12:48:08+00:00","article_modified_time":"2023-07-11T12:48:09+00:00","og_image":[{"width":1000,"height":666,"url":"https:\/\/jornalfatosenoticias.com.br\/wp-content\/uploads\/2023\/07\/depressao-pos-parto.jpg","type":"image\/jpeg"}],"author":"Luzimara Fernandes","twitter_card":"summary_large_image","twitter_misc":{"Escrito por":"Luzimara Fernandes","Est. tempo de leitura":"3 minutos"},"schema":{"@context":"https:\/\/schema.org","@graph":[{"@type":"Article","@id":"https:\/\/jornalfatosenoticias.com.br\/index.php\/2023\/07\/11\/cerca-de-25-das-maes-brasileiras-sofrem-de-depressao-pos-parto\/#article","isPartOf":{"@id":"https:\/\/jornalfatosenoticias.com.br\/index.php\/2023\/07\/11\/cerca-de-25-das-maes-brasileiras-sofrem-de-depressao-pos-parto\/"},"author":{"name":"Luzimara Fernandes","@id":"https:\/\/jornalfatosenoticias.com.br\/#\/schema\/person\/d63837fa13ac8666eb9e74e0985d6f81"},"headline":"Cerca de 25% das m\u00e3es brasileiras sofrem de depress\u00e3o p\u00f3s-parto","datePublished":"2023-07-11T12:48:08+00:00","dateModified":"2023-07-11T12:48:09+00:00","mainEntityOfPage":{"@id":"https:\/\/jornalfatosenoticias.com.br\/index.php\/2023\/07\/11\/cerca-de-25-das-maes-brasileiras-sofrem-de-depressao-pos-parto\/"},"wordCount":611,"commentCount":0,"publisher":{"@id":"https:\/\/jornalfatosenoticias.com.br\/#organization"},"image":{"@id":"https:\/\/jornalfatosenoticias.com.br\/index.php\/2023\/07\/11\/cerca-de-25-das-maes-brasileiras-sofrem-de-depressao-pos-parto\/#primaryimage"},"thumbnailUrl":"https:\/\/jornalfatosenoticias.com.br\/wp-content\/uploads\/2023\/07\/depressao-pos-parto.jpg","keywords":["depress\u00e3o","depress\u00e3o p\u00f3s-parto","gravidez","maternidade","p\u00f3s-parto","tratamento da depress\u00e3o"],"articleSection":["Sa\u00fade"],"inLanguage":"pt-BR","potentialAction":[{"@type":"CommentAction","name":"Comment","target":["https:\/\/jornalfatosenoticias.com.br\/index.php\/2023\/07\/11\/cerca-de-25-das-maes-brasileiras-sofrem-de-depressao-pos-parto\/#respond"]}]},{"@type":"WebPage","@id":"https:\/\/jornalfatosenoticias.com.br\/index.php\/2023\/07\/11\/cerca-de-25-das-maes-brasileiras-sofrem-de-depressao-pos-parto\/","url":"https:\/\/jornalfatosenoticias.com.br\/index.php\/2023\/07\/11\/cerca-de-25-das-maes-brasileiras-sofrem-de-depressao-pos-parto\/","name":"Cerca de 25% das m\u00e3es brasileiras sofrem de depress\u00e3o p\u00f3s-parto - Jornal Fatos e Not\u00edcias","isPartOf":{"@id":"https:\/\/jornalfatosenoticias.com.br\/#website"},"primaryImageOfPage":{"@id":"https:\/\/jornalfatosenoticias.com.br\/index.php\/2023\/07\/11\/cerca-de-25-das-maes-brasileiras-sofrem-de-depressao-pos-parto\/#primaryimage"},"image":{"@id":"https:\/\/jornalfatosenoticias.com.br\/index.php\/2023\/07\/11\/cerca-de-25-das-maes-brasileiras-sofrem-de-depressao-pos-parto\/#primaryimage"},"thumbnailUrl":"https:\/\/jornalfatosenoticias.com.br\/wp-content\/uploads\/2023\/07\/depressao-pos-parto.jpg","datePublished":"2023-07-11T12:48:08+00:00","dateModified":"2023-07-11T12:48:09+00:00","breadcrumb":{"@id":"https:\/\/jornalfatosenoticias.com.br\/index.php\/2023\/07\/11\/cerca-de-25-das-maes-brasileiras-sofrem-de-depressao-pos-parto\/#breadcrumb"},"inLanguage":"pt-BR","potentialAction":[{"@type":"ReadAction","target":["https:\/\/jornalfatosenoticias.com.br\/index.php\/2023\/07\/11\/cerca-de-25-das-maes-brasileiras-sofrem-de-depressao-pos-parto\/"]}]},{"@type":"ImageObject","inLanguage":"pt-BR","@id":"https:\/\/jornalfatosenoticias.com.br\/index.php\/2023\/07\/11\/cerca-de-25-das-maes-brasileiras-sofrem-de-depressao-pos-parto\/#primaryimage","url":"https:\/\/jornalfatosenoticias.com.br\/wp-content\/uploads\/2023\/07\/depressao-pos-parto.jpg","contentUrl":"https:\/\/jornalfatosenoticias.com.br\/wp-content\/uploads\/2023\/07\/depressao-pos-parto.jpg","width":1000,"height":666},{"@type":"BreadcrumbList","@id":"https:\/\/jornalfatosenoticias.com.br\/index.php\/2023\/07\/11\/cerca-de-25-das-maes-brasileiras-sofrem-de-depressao-pos-parto\/#breadcrumb","itemListElement":[{"@type":"ListItem","position":1,"name":"In\u00edcio","item":"https:\/\/jornalfatosenoticias.com.br\/"},{"@type":"ListItem","position":2,"name":"Cerca de 25% das m\u00e3es brasileiras sofrem de depress\u00e3o p\u00f3s-parto"}]},{"@type":"WebSite","@id":"https:\/\/jornalfatosenoticias.com.br\/#website","url":"https:\/\/jornalfatosenoticias.com.br\/","name":"Jornal Fatos e Not\u00edcias","description":"Not\u00edcias em geral","publisher":{"@id":"https:\/\/jornalfatosenoticias.com.br\/#organization"},"potentialAction":[{"@type":"SearchAction","target":{"@type":"EntryPoint","urlTemplate":"https:\/\/jornalfatosenoticias.com.br\/?s={search_term_string}"},"query-input":{"@type":"PropertyValueSpecification","valueRequired":true,"valueName":"search_term_string"}}],"inLanguage":"pt-BR"},{"@type":"Organization","@id":"https:\/\/jornalfatosenoticias.com.br\/#organization","name":"Jornal Fatos e Not\u00edcias","url":"https:\/\/jornalfatosenoticias.com.br\/","logo":{"@type":"ImageObject","inLanguage":"pt-BR","@id":"https:\/\/jornalfatosenoticias.com.br\/#\/schema\/logo\/image\/","url":"https:\/\/jornalfatosenoticias.com.br\/wp-content\/uploads\/2020\/02\/logo120.png","contentUrl":"https:\/\/jornalfatosenoticias.com.br\/wp-content\/uploads\/2020\/02\/logo120.png","width":1227,"height":120,"caption":"Jornal Fatos e Not\u00edcias"},"image":{"@id":"https:\/\/jornalfatosenoticias.com.br\/#\/schema\/logo\/image\/"}},{"@type":"Person","@id":"https:\/\/jornalfatosenoticias.com.br\/#\/schema\/person\/d63837fa13ac8666eb9e74e0985d6f81","name":"Luzimara Fernandes","image":{"@type":"ImageObject","inLanguage":"pt-BR","@id":"https:\/\/jornalfatosenoticias.com.br\/#\/schema\/person\/image\/","url":"https:\/\/jornalfatosenoticias.com.br\/wp-content\/uploads\/2025\/05\/EU_portal.jpg","contentUrl":"https:\/\/jornalfatosenoticias.com.br\/wp-content\/uploads\/2025\/05\/EU_portal.jpg","caption":"Luzimara Fernandes"},"description":"Jornalista MTB 2358-ES","sameAs":["https:\/\/jornalfatosenoticias.com.br"],"url":"https:\/\/jornalfatosenoticias.com.br\/index.php\/author\/luzimara\/"}]}},"cc_featured_image_caption":{"caption_text":"(Foto: Pexels\/Pixabay) ","source_text":"","source_url":""},"jetpack_featured_media_url":"https:\/\/jornalfatosenoticias.com.br\/wp-content\/uploads\/2023\/07\/depressao-pos-parto.jpg","_links":{"self":[{"href":"https:\/\/jornalfatosenoticias.com.br\/index.php\/wp-json\/wp\/v2\/posts\/43163","targetHints":{"allow":["GET"]}}],"collection":[{"href":"https:\/\/jornalfatosenoticias.com.br\/index.php\/wp-json\/wp\/v2\/posts"}],"about":[{"href":"https:\/\/jornalfatosenoticias.com.br\/index.php\/wp-json\/wp\/v2\/types\/post"}],"author":[{"embeddable":true,"href":"https:\/\/jornalfatosenoticias.com.br\/index.php\/wp-json\/wp\/v2\/users\/2"}],"replies":[{"embeddable":true,"href":"https:\/\/jornalfatosenoticias.com.br\/index.php\/wp-json\/wp\/v2\/comments?post=43163"}],"version-history":[{"count":0,"href":"https:\/\/jornalfatosenoticias.com.br\/index.php\/wp-json\/wp\/v2\/posts\/43163\/revisions"}],"wp:featuredmedia":[{"embeddable":true,"href":"https:\/\/jornalfatosenoticias.com.br\/index.php\/wp-json\/wp\/v2\/media\/43164"}],"wp:attachment":[{"href":"https:\/\/jornalfatosenoticias.com.br\/index.php\/wp-json\/wp\/v2\/media?parent=43163"}],"wp:term":[{"taxonomy":"category","embeddable":true,"href":"https:\/\/jornalfatosenoticias.com.br\/index.php\/wp-json\/wp\/v2\/categories?post=43163"},{"taxonomy":"post_tag","embeddable":true,"href":"https:\/\/jornalfatosenoticias.com.br\/index.php\/wp-json\/wp\/v2\/tags?post=43163"}],"curies":[{"name":"wp","href":"https:\/\/api.w.org\/{rel}","templated":true}]}}