{"id":43166,"date":"2023-07-11T10:07:55","date_gmt":"2023-07-11T13:07:55","guid":{"rendered":"https:\/\/jornalfatosenoticias.com.br\/?p=43166"},"modified":"2023-07-11T10:07:57","modified_gmt":"2023-07-11T13:07:57","slug":"como-exercicios-podem-eliminar-a-dor-nas-costas","status":"publish","type":"post","link":"https:\/\/jornalfatosenoticias.com.br\/index.php\/2023\/07\/11\/como-exercicios-podem-eliminar-a-dor-nas-costas\/","title":{"rendered":"Como exerc\u00edcios podem eliminar a dor nas costas"},"content":{"rendered":"\n<p><em><span class=\"has-inline-color has-black-color\">Muitas queixas est\u00e3o relacionadas \u00e0 m\u00e1 postura; profissional de educa\u00e7\u00e3o f\u00edsica compartilha dicas<\/span><\/em><\/p>\n\n\n\n<div class=\"wp-block-image\"><figure class=\"aligncenter size-large is-resized\"><img loading=\"lazy\" decoding=\"async\" src=\"https:\/\/jornalfatosenoticias.com.br\/wp-content\/uploads\/2020\/02\/logo-Rapuzel-1024x571.jpg\" alt=\"\" class=\"wp-image-42808\" width=\"296\" height=\"165\" srcset=\"https:\/\/jornalfatosenoticias.com.br\/wp-content\/uploads\/2020\/02\/logo-Rapuzel-1024x571.jpg 1024w, https:\/\/jornalfatosenoticias.com.br\/wp-content\/uploads\/2020\/02\/logo-Rapuzel-300x167.jpg 300w, https:\/\/jornalfatosenoticias.com.br\/wp-content\/uploads\/2020\/02\/logo-Rapuzel-768x428.jpg 768w, https:\/\/jornalfatosenoticias.com.br\/wp-content\/uploads\/2020\/02\/logo-Rapuzel-1536x856.jpg 1536w, https:\/\/jornalfatosenoticias.com.br\/wp-content\/uploads\/2020\/02\/logo-Rapuzel.jpg 1600w\" sizes=\"auto, (max-width: 296px) 100vw, 296px\" \/><\/figure><\/div>\n\n\n\n<p>Conviver com dores nas costas, principalmente na regi\u00e3o lombar (lombalgia), \u00e9 tido como algo corriqueiro para grande parte das pessoas. Existem estimativas que indicam que 80% da popula\u00e7\u00e3o adulta vai sofrer com o problema em algum momento da vida. Nos \u00faltimos anos, a percep\u00e7\u00e3o das dores tem aumentado consideravelmente, tanto entre pessoas mais jovens quanto entre os idosos.<br>Segundo o profissional de educa\u00e7\u00e3o f\u00edsica e influenciador Aur\u00e9lio Alfieri, autor do livro \u201cManual Pr\u00e1tico para ser Jovem por Mais Tempo \u2014 A Roda da Juventude\u201d, as dores podem estar ligadas ao processo de envelhecimento, que faz com que os discos da <a href=\"https:\/\/ciclovivo.com.br\/arq-urb\/mobilidade\/5-cuidados-ao-andar-de-bike-para-evitar-dores-na-coluna\/\" target=\"_blank\" rel=\"noreferrer noopener\">coluna<\/a> naturalmente se deteriorem; e \u00e0 obesidade, uma vez que o excesso de peso resulta em sobrecarga na regi\u00e3o das costas.<br>Por\u00e9m, na atualidade, o que se verifica \u00e9 que as queixas est\u00e3o relacionadas principalmente \u00e0 postura. Esta costuma ser bastante afetada pela falta de <a href=\"https:\/\/ciclovivo.com.br\/vida-sustentavel\/bem-estar\/7-dicas-para-evitar-dores-no-corpo-durante-o-trabalho\/\" target=\"_blank\" rel=\"noreferrer noopener\">ergonomia no trabalho<\/a>, durante a utiliza\u00e7\u00e3o do computador, e pelo uso excessivo de tablets e celulares.<\/p>\n\n\n\n<div class=\"wp-block-image\"><figure class=\"aligncenter size-large\"><img loading=\"lazy\" decoding=\"async\" width=\"300\" height=\"270\" src=\"https:\/\/jornalfatosenoticias.com.br\/wp-content\/uploads\/2023\/03\/Crypton-1000-\u00d7-900-px-300x270-1.png\" alt=\"\" class=\"wp-image-40206\"\/><\/figure><\/div>\n\n\n\n<blockquote class=\"wp-block-quote is-layout-flow wp-block-quote-is-layout-flow\"><p><span class=\"has-inline-color has-luminous-vivid-orange-color\">Ao visualizar os telefones, as pessoas devem levar o equipamento na dire\u00e7\u00e3o do rosto. Por\u00e9m, o que a maioria faz \u00e9 justamente o contr\u00e1rio, levando a cabe\u00e7a em dire\u00e7\u00e3o ao aparelho. Isto for\u00e7a a regi\u00e3o cervical e as torna corcundas, fazendo com que as dores nas costas se manifestem de forma intensa e muito rapidamente\u201d, explica Aur\u00e9lio.<\/span><\/p><\/blockquote>\n\n\n\n<p><strong><span class=\"has-inline-color has-vivid-purple-color\">Buscando solu\u00e7\u00f5es<br><\/span><\/strong>A solu\u00e7\u00e3o do problema pode envolver uma s\u00e9rie de medidas, como realiza\u00e7\u00e3o de fisioterapia e uso de medicamentos analg\u00e9sicos. Entretanto, tamb\u00e9m pode ser mais simples, necessitando apenas de algumas mudan\u00e7as de h\u00e1bitos de vida, que incluem fundamentalmente a realiza\u00e7\u00e3o di\u00e1ria de exerc\u00edcios f\u00edsicos espec\u00edficos.<\/p>\n\n\n\n<div class=\"wp-block-image\"><figure class=\"aligncenter size-large is-resized\"><img loading=\"lazy\" decoding=\"async\" src=\"https:\/\/jornalfatosenoticias.com.br\/wp-content\/uploads\/2022\/02\/Precisao-Contabilidade-1024x724.jpg\" alt=\"\" class=\"wp-image-28088\" width=\"303\" height=\"214\"\/><\/figure><\/div>\n\n\n\n<blockquote class=\"wp-block-quote is-layout-flow wp-block-quote-is-layout-flow\"><p><span class=\"has-inline-color has-luminous-vivid-orange-color\">Os exerc\u00edcios, quando bem orientados, podem alongar e fortalecer os m\u00fasculos posturais, que s\u00e3o m\u00fasculos pequenos que puxam a coluna, alinhando-a\u201d, diz o profissional. \u201cCom a pr\u00e1tica de apenas cinco minutos diariamente, quem n\u00e3o tem nenhum problema espec\u00edfico na coluna pode eliminar as dores completamente. J\u00e1 entre quem tem h\u00e9rnia de disco, bico de papagaio, artrose ou qualquer outra situa\u00e7\u00e3o que afete a coluna, as atividades podem diminuir a intensidade da dor de forma consider\u00e1vel\u201d.<\/span><\/p><\/blockquote>\n\n\n\n<div class=\"wp-block-image\"><figure class=\"aligncenter size-large\"><img loading=\"lazy\" decoding=\"async\" width=\"1000\" height=\"667\" src=\"https:\/\/jornalfatosenoticias.com.br\/wp-content\/uploads\/2023\/07\/dor-nas-costas2-pixabay.jpg\" alt=\"\" class=\"wp-image-43167\" srcset=\"https:\/\/jornalfatosenoticias.com.br\/wp-content\/uploads\/2023\/07\/dor-nas-costas2-pixabay.jpg 1000w, https:\/\/jornalfatosenoticias.com.br\/wp-content\/uploads\/2023\/07\/dor-nas-costas2-pixabay-300x200.jpg 300w, https:\/\/jornalfatosenoticias.com.br\/wp-content\/uploads\/2023\/07\/dor-nas-costas2-pixabay-768x512.jpg 768w\" sizes=\"auto, (max-width: 1000px) 100vw, 1000px\" \/><figcaption><em><span class=\"has-inline-color has-black-color\">(Foto: Pixabay)<\/span><\/em><\/figcaption><\/figure><\/div>\n\n\n\n<p>As dores nas costas costumam afetar imensamente a qualidade de vida de quem as sente. A pessoa que enfrenta o desconforto pode se tornar mais deprimida e mal-humorada, tendo a vida social prejudicada. \u201cMuitas vezes, o problema faz com que sua v\u00edtima deixe de fazer algumas coisas de que gosta, como caminhar no parque ou sair com amigos, sabendo que ter\u00e1 dificuldades em passar muito tempo em p\u00e9\u201d, observa Aur\u00e9lio.<br>A melhora <a href=\"https:\/\/ciclovivo.com.br\/vida-sustentavel\/bem-estar\/cartilha-traz-exercicios-para-melhorar-dor-de-cabeca-e-pescoco\/\" target=\"_blank\" rel=\"noreferrer noopener\">postural<\/a> gerada pelos exerc\u00edcios f\u00edsicos tamb\u00e9m mexe com a autoestima de homens e mulheres, fazendo com que se sintam mais elegantes e, consequentemente, mais joviais.<\/p>\n\n\n\n<div class=\"wp-block-image\"><figure class=\"aligncenter size-large is-resized\"><img loading=\"lazy\" decoding=\"async\" src=\"https:\/\/jornalfatosenoticias.com.br\/wp-content\/uploads\/2023\/04\/Logo_MasterMind.jpg\" alt=\"\" class=\"wp-image-40974\" width=\"293\" height=\"213\"\/><\/figure><\/div>\n\n\n\n<blockquote class=\"wp-block-quote is-layout-flow wp-block-quote-is-layout-flow\"><p><span class=\"has-inline-color has-luminous-vivid-orange-color\">O fortalecimento da coluna envolve o fortalecimento dos m\u00fasculos abdominais, muitas vezes eliminando, al\u00e9m da dor, aquela barriguinha indesejada. Assim, a est\u00e9tica tamb\u00e9m acaba sendo favorecida\u201d.<\/span><\/p><\/blockquote>\n\n\n\n<div class=\"wp-block-image\"><figure class=\"aligncenter size-large\"><img decoding=\"async\" src=\"https:\/\/jornalfatosenoticias.com.br\/wp-content\/uploads\/2020\/02\/barao-das-carnes-300x164-1.jpg\" alt=\"\" class=\"wp-image-34339\"\/><\/figure><\/div>\n\n\n\n<p>Em seu livro, Aur\u00e9lio dedica um cap\u00edtulo inteiro \u00e0 melhoria da postura, buscando conscientizar os leitores sobre a quest\u00e3o. Nas redes sociais, o profissional d\u00e1 dicas simples e ensina sobre a realiza\u00e7\u00e3o de alguns exerc\u00edcios considerados f\u00e1ceis e seguros para todos. O especialista garante que por meio do alinhamento das costas e da elimina\u00e7\u00e3o das dores \u00e9 poss\u00edvel transmitir uma imagem confiante de si mesmo e ter uma atitude muito mais positiva diante da vida. \u201cA posi\u00e7\u00e3o da coluna diz muito sobre n\u00f3s\u201d.<\/p>\n\n\n\n<div class=\"wp-block-image\"><figure class=\"aligncenter size-large is-resized\"><img loading=\"lazy\" decoding=\"async\" src=\"https:\/\/jornalfatosenoticias.com.br\/wp-content\/uploads\/2020\/02\/casa-do-torresmo_portal.jpg\" alt=\"\" class=\"wp-image-34472\" width=\"273\" height=\"273\" srcset=\"https:\/\/jornalfatosenoticias.com.br\/wp-content\/uploads\/2020\/02\/casa-do-torresmo_portal.jpg 300w, https:\/\/jornalfatosenoticias.com.br\/wp-content\/uploads\/2020\/02\/casa-do-torresmo_portal-150x150.jpg 150w\" sizes=\"auto, (max-width: 273px) 100vw, 273px\" \/><\/figure><\/div>\n\n\n\n<p><strong><span class=\"has-inline-color has-vivid-purple-color\">Dicas pr\u00e1ticas<br><\/span><\/strong>Para o fisioterapeuta Bernardo Sampaio, o alongamento pode ser uma alternativa para aliviar as dores e, em alguns casos, auxiliar a prevenir o seu aparecimento. \u201cEsses exerc\u00edcios ajudam a relaxar e aumentam a amplitude dos movimentos, proporcionando um al\u00edvio r\u00e1pido da dor\u201d, afirma.<br>Os alongamentos para coluna devem ser feitos de forma gradual e em alguns casos podem causar um pequeno desconforto, mas aten\u00e7\u00e3o: se ao realiz\u00e1-los voc\u00ea sente uma dor muito forte, aguda, que impe\u00e7a de continuar, o ideal \u00e9 parar e buscar ajuda profissional.<\/p>\n\n\n\n<div class=\"wp-block-image\"><figure class=\"aligncenter size-large is-resized\"><img loading=\"lazy\" decoding=\"async\" src=\"https:\/\/jornalfatosenoticias.com.br\/wp-content\/uploads\/2022\/10\/RC_800x750_page-0001.jpg\" alt=\"\" class=\"wp-image-35338\" width=\"278\" height=\"261\" srcset=\"https:\/\/jornalfatosenoticias.com.br\/wp-content\/uploads\/2022\/10\/RC_800x750_page-0001.jpg 400w, https:\/\/jornalfatosenoticias.com.br\/wp-content\/uploads\/2022\/10\/RC_800x750_page-0001-300x281.jpg 300w\" sizes=\"auto, (max-width: 278px) 100vw, 278px\" \/><\/figure><\/div>\n\n\n\n<blockquote class=\"wp-block-quote is-layout-flow wp-block-quote-is-layout-flow\"><p><span class=\"has-inline-color has-luminous-vivid-orange-color\">As atividades podem ser realizadas em qualquer hor\u00e1rio do dia, mas eu sempre indico que sejam feitos frequentemente ao longo do dia, especialmente no caso de pessoas que trabalham muito tempo sentadas ou na mesma posi\u00e7\u00e3o. Uma boa forma de seguir essa recomenda\u00e7\u00e3o consiste em fazer uma pausa de cinco minutos para alongar entre cada duas horas de trabalho, por exemplo\u201d, explica Sampaio, que \u00e9 diretor cl\u00ednico do ITC Vertebral, unidade Guarulhos.<\/span><\/p><\/blockquote>\n\n\n\n<div class=\"wp-block-image\"><figure class=\"aligncenter size-large is-resized\"><img loading=\"lazy\" decoding=\"async\" src=\"https:\/\/jornalfatosenoticias.com.br\/wp-content\/uploads\/2023\/03\/logo-Panper_portal.jpg\" alt=\"\" class=\"wp-image-40208\" width=\"293\" height=\"203\" srcset=\"https:\/\/jornalfatosenoticias.com.br\/wp-content\/uploads\/2023\/03\/logo-Panper_portal.jpg 400w, https:\/\/jornalfatosenoticias.com.br\/wp-content\/uploads\/2023\/03\/logo-Panper_portal-300x208.jpg 300w\" sizes=\"auto, (max-width: 293px) 100vw, 293px\" \/><\/figure><\/div>\n\n\n\n<p><strong><span class=\"has-inline-color has-vivid-purple-color\">Veja abaixo algumas dicas pr\u00e1ticas de alongamento:<\/span><\/strong><\/p>\n\n\n\n<ol class=\"wp-block-list\"><li>Dobrar o corpo \u00e0 frente: com as pernas juntas dobrar o corpo para frente, mantendo os joelhos esticados.<\/li><li>Esticar a perna: sentar no ch\u00e3o e dobrar uma perna, at\u00e9 colocar o p\u00e9 pr\u00f3ximo das partes \u00edntimas, e a outra perna estando bem esticada. Dobrar o corpo para frente, tentando apoiar a m\u00e3o no p\u00e9, conforme mostra a imagem, mantendo o joelho esticado. Se n\u00e3o for poss\u00edvel alcan\u00e7ar o p\u00e9, chegar at\u00e9 o meio da perna ou tornozelo. Depois fazer com a outra perna.<\/li><li>Chegar ao ch\u00e3o: este \u00e9 semelhante ao primeiro exerc\u00edcio, mas pode ser feito com mais intensidade. Deve-se esfor\u00e7ar para tentar encostar as m\u00e3os no ch\u00e3o, sem dobrar os joelhos.<\/li><li>Esticar o pesco\u00e7o: inclinar a cabe\u00e7a para o lado e manter uma m\u00e3o segurando a cabe\u00e7a, mantendo o alongamento. A outra m\u00e3o pode estar apoiada no ombro ou pendida ao longo do corpo.<\/li><li>Inclinar a cabe\u00e7a para tr\u00e1s: manter os ombros alinhados e olhar para cima, inclinando a cabe\u00e7a para tr\u00e1s. Pode-se colocar uma m\u00e3o na nuca para um maior conforto, ou n\u00e3o.<\/li><\/ol>\n\n\n\n<div class=\"wp-block-image\"><figure class=\"aligncenter size-large is-resized\"><img loading=\"lazy\" decoding=\"async\" src=\"https:\/\/jornalfatosenoticias.com.br\/wp-content\/uploads\/2023\/03\/nova-logo-Marquetti.jpg\" alt=\"\" class=\"wp-image-40207\" width=\"278\" height=\"187\" srcset=\"https:\/\/jornalfatosenoticias.com.br\/wp-content\/uploads\/2023\/03\/nova-logo-Marquetti.jpg 643w, https:\/\/jornalfatosenoticias.com.br\/wp-content\/uploads\/2023\/03\/nova-logo-Marquetti-300x202.jpg 300w\" sizes=\"auto, (max-width: 278px) 100vw, 278px\" \/><\/figure><\/div>\n\n\n\n<p><strong><span class=\"has-inline-color has-black-color\">Dicas b\u00f4nus:<\/span><span class=\"has-inline-color has-vivid-green-cyan-color\"> <\/span><\/strong>ainda segundo o fisioterapeuta, estes exerc\u00edcios praticados no final do dia podem ser feitos para ajudar a relaxar e dormir melhor. Para melhorar esse efeito, pode-se tomar um banho quente antes, pois o calor ajuda a relaxar os m\u00fasculos, aumentando a efic\u00e1cia dos alongamentos.<\/p>\n\n\n\n<p><strong><em>Fonte: <a href=\"https:\/\/ciclovivo.com.br\/vida-sustentavel\/equilibrio\/como-exercicios-podem-eliminar-a-dor-nas-costas\/\">CicloVivo<\/a><\/em><\/strong><\/p>\n","protected":false},"excerpt":{"rendered":"<p>Muitas queixas est\u00e3o relacionadas \u00e0 m\u00e1 postura; profissional de educa\u00e7\u00e3o f\u00edsica compartilha dicas Conviver com dores nas costas, principalmente na regi\u00e3o lombar (lombalgia), \u00e9 tido como algo corriqueiro para grande parte das pessoas. Existem estimativas que indicam que 80% da popula\u00e7\u00e3o adulta vai sofrer com o problema em algum momento da vida. Nos \u00faltimos anos, [&hellip;]<\/p>\n","protected":false},"author":2,"featured_media":43168,"comment_status":"open","ping_status":"open","sticky":false,"template":"","format":"standard","meta":{"footnotes":""},"categories":[42],"tags":[19722,1056,7741,7742],"class_list":["post-43166","post","type-post","status-publish","format-standard","has-post-thumbnail","hentry","category-bem-estar","tag-dor-nas-costas","tag-exercicios-fisicos","tag-ma-postura","tag-postura"],"yoast_head":"<!-- This site is optimized with the Yoast SEO plugin v26.5 - https:\/\/yoast.com\/wordpress\/plugins\/seo\/ -->\n<title>Como exerc\u00edcios podem eliminar a dor nas costas - Jornal Fatos e Not\u00edcias<\/title>\n<meta name=\"robots\" content=\"index, follow, max-snippet:-1, max-image-preview:large, max-video-preview:-1\" \/>\n<link rel=\"canonical\" href=\"https:\/\/jornalfatosenoticias.com.br\/index.php\/2023\/07\/11\/como-exercicios-podem-eliminar-a-dor-nas-costas\/\" \/>\n<meta property=\"og:locale\" content=\"pt_BR\" \/>\n<meta property=\"og:type\" content=\"article\" \/>\n<meta property=\"og:title\" content=\"Como exerc\u00edcios podem eliminar a dor nas costas - Jornal Fatos e Not\u00edcias\" \/>\n<meta property=\"og:description\" content=\"Muitas queixas est\u00e3o relacionadas \u00e0 m\u00e1 postura; profissional de educa\u00e7\u00e3o f\u00edsica compartilha dicas Conviver com dores nas costas, principalmente na regi\u00e3o lombar (lombalgia), \u00e9 tido como algo corriqueiro para grande parte das pessoas. Existem estimativas que indicam que 80% da popula\u00e7\u00e3o adulta vai sofrer com o problema em algum momento da vida. Nos \u00faltimos anos, [&hellip;]\" \/>\n<meta property=\"og:url\" content=\"https:\/\/jornalfatosenoticias.com.br\/index.php\/2023\/07\/11\/como-exercicios-podem-eliminar-a-dor-nas-costas\/\" \/>\n<meta property=\"og:site_name\" content=\"Jornal Fatos e Not\u00edcias\" \/>\n<meta property=\"article:published_time\" content=\"2023-07-11T13:07:55+00:00\" \/>\n<meta property=\"article:modified_time\" content=\"2023-07-11T13:07:57+00:00\" \/>\n<meta property=\"og:image\" content=\"https:\/\/jornalfatosenoticias.com.br\/wp-content\/uploads\/2023\/07\/dor-nas-costas-unsplash.jpg\" \/>\n\t<meta property=\"og:image:width\" content=\"1000\" \/>\n\t<meta property=\"og:image:height\" content=\"666\" \/>\n\t<meta property=\"og:image:type\" content=\"image\/jpeg\" \/>\n<meta name=\"author\" content=\"Luzimara Fernandes\" \/>\n<meta name=\"twitter:card\" content=\"summary_large_image\" \/>\n<meta name=\"twitter:label1\" content=\"Escrito por\" \/>\n\t<meta name=\"twitter:data1\" content=\"Luzimara Fernandes\" \/>\n\t<meta name=\"twitter:label2\" content=\"Est. tempo de leitura\" \/>\n\t<meta name=\"twitter:data2\" content=\"5 minutos\" \/>\n<script type=\"application\/ld+json\" class=\"yoast-schema-graph\">{\"@context\":\"https:\/\/schema.org\",\"@graph\":[{\"@type\":\"Article\",\"@id\":\"https:\/\/jornalfatosenoticias.com.br\/index.php\/2023\/07\/11\/como-exercicios-podem-eliminar-a-dor-nas-costas\/#article\",\"isPartOf\":{\"@id\":\"https:\/\/jornalfatosenoticias.com.br\/index.php\/2023\/07\/11\/como-exercicios-podem-eliminar-a-dor-nas-costas\/\"},\"author\":{\"name\":\"Luzimara Fernandes\",\"@id\":\"https:\/\/jornalfatosenoticias.com.br\/#\/schema\/person\/d63837fa13ac8666eb9e74e0985d6f81\"},\"headline\":\"Como exerc\u00edcios podem eliminar a dor nas costas\",\"datePublished\":\"2023-07-11T13:07:55+00:00\",\"dateModified\":\"2023-07-11T13:07:57+00:00\",\"mainEntityOfPage\":{\"@id\":\"https:\/\/jornalfatosenoticias.com.br\/index.php\/2023\/07\/11\/como-exercicios-podem-eliminar-a-dor-nas-costas\/\"},\"wordCount\":1047,\"commentCount\":0,\"publisher\":{\"@id\":\"https:\/\/jornalfatosenoticias.com.br\/#organization\"},\"image\":{\"@id\":\"https:\/\/jornalfatosenoticias.com.br\/index.php\/2023\/07\/11\/como-exercicios-podem-eliminar-a-dor-nas-costas\/#primaryimage\"},\"thumbnailUrl\":\"https:\/\/jornalfatosenoticias.com.br\/wp-content\/uploads\/2023\/07\/dor-nas-costas-unsplash.jpg\",\"keywords\":[\"dor nas costas\",\"exerc\u00edcios f\u00edsicos\",\"m\u00e1 postura\",\"postura\"],\"articleSection\":[\"Bem-estar\"],\"inLanguage\":\"pt-BR\",\"potentialAction\":[{\"@type\":\"CommentAction\",\"name\":\"Comment\",\"target\":[\"https:\/\/jornalfatosenoticias.com.br\/index.php\/2023\/07\/11\/como-exercicios-podem-eliminar-a-dor-nas-costas\/#respond\"]}]},{\"@type\":\"WebPage\",\"@id\":\"https:\/\/jornalfatosenoticias.com.br\/index.php\/2023\/07\/11\/como-exercicios-podem-eliminar-a-dor-nas-costas\/\",\"url\":\"https:\/\/jornalfatosenoticias.com.br\/index.php\/2023\/07\/11\/como-exercicios-podem-eliminar-a-dor-nas-costas\/\",\"name\":\"Como exerc\u00edcios podem eliminar a dor nas costas - Jornal Fatos e Not\u00edcias\",\"isPartOf\":{\"@id\":\"https:\/\/jornalfatosenoticias.com.br\/#website\"},\"primaryImageOfPage\":{\"@id\":\"https:\/\/jornalfatosenoticias.com.br\/index.php\/2023\/07\/11\/como-exercicios-podem-eliminar-a-dor-nas-costas\/#primaryimage\"},\"image\":{\"@id\":\"https:\/\/jornalfatosenoticias.com.br\/index.php\/2023\/07\/11\/como-exercicios-podem-eliminar-a-dor-nas-costas\/#primaryimage\"},\"thumbnailUrl\":\"https:\/\/jornalfatosenoticias.com.br\/wp-content\/uploads\/2023\/07\/dor-nas-costas-unsplash.jpg\",\"datePublished\":\"2023-07-11T13:07:55+00:00\",\"dateModified\":\"2023-07-11T13:07:57+00:00\",\"breadcrumb\":{\"@id\":\"https:\/\/jornalfatosenoticias.com.br\/index.php\/2023\/07\/11\/como-exercicios-podem-eliminar-a-dor-nas-costas\/#breadcrumb\"},\"inLanguage\":\"pt-BR\",\"potentialAction\":[{\"@type\":\"ReadAction\",\"target\":[\"https:\/\/jornalfatosenoticias.com.br\/index.php\/2023\/07\/11\/como-exercicios-podem-eliminar-a-dor-nas-costas\/\"]}]},{\"@type\":\"ImageObject\",\"inLanguage\":\"pt-BR\",\"@id\":\"https:\/\/jornalfatosenoticias.com.br\/index.php\/2023\/07\/11\/como-exercicios-podem-eliminar-a-dor-nas-costas\/#primaryimage\",\"url\":\"https:\/\/jornalfatosenoticias.com.br\/wp-content\/uploads\/2023\/07\/dor-nas-costas-unsplash.jpg\",\"contentUrl\":\"https:\/\/jornalfatosenoticias.com.br\/wp-content\/uploads\/2023\/07\/dor-nas-costas-unsplash.jpg\",\"width\":1000,\"height\":666},{\"@type\":\"BreadcrumbList\",\"@id\":\"https:\/\/jornalfatosenoticias.com.br\/index.php\/2023\/07\/11\/como-exercicios-podem-eliminar-a-dor-nas-costas\/#breadcrumb\",\"itemListElement\":[{\"@type\":\"ListItem\",\"position\":1,\"name\":\"In\u00edcio\",\"item\":\"https:\/\/jornalfatosenoticias.com.br\/\"},{\"@type\":\"ListItem\",\"position\":2,\"name\":\"Como exerc\u00edcios podem eliminar a dor nas costas\"}]},{\"@type\":\"WebSite\",\"@id\":\"https:\/\/jornalfatosenoticias.com.br\/#website\",\"url\":\"https:\/\/jornalfatosenoticias.com.br\/\",\"name\":\"Jornal Fatos e Not\u00edcias\",\"description\":\"Not\u00edcias em geral\",\"publisher\":{\"@id\":\"https:\/\/jornalfatosenoticias.com.br\/#organization\"},\"potentialAction\":[{\"@type\":\"SearchAction\",\"target\":{\"@type\":\"EntryPoint\",\"urlTemplate\":\"https:\/\/jornalfatosenoticias.com.br\/?s={search_term_string}\"},\"query-input\":{\"@type\":\"PropertyValueSpecification\",\"valueRequired\":true,\"valueName\":\"search_term_string\"}}],\"inLanguage\":\"pt-BR\"},{\"@type\":\"Organization\",\"@id\":\"https:\/\/jornalfatosenoticias.com.br\/#organization\",\"name\":\"Jornal Fatos e Not\u00edcias\",\"url\":\"https:\/\/jornalfatosenoticias.com.br\/\",\"logo\":{\"@type\":\"ImageObject\",\"inLanguage\":\"pt-BR\",\"@id\":\"https:\/\/jornalfatosenoticias.com.br\/#\/schema\/logo\/image\/\",\"url\":\"https:\/\/jornalfatosenoticias.com.br\/wp-content\/uploads\/2020\/02\/logo120.png\",\"contentUrl\":\"https:\/\/jornalfatosenoticias.com.br\/wp-content\/uploads\/2020\/02\/logo120.png\",\"width\":1227,\"height\":120,\"caption\":\"Jornal Fatos e Not\u00edcias\"},\"image\":{\"@id\":\"https:\/\/jornalfatosenoticias.com.br\/#\/schema\/logo\/image\/\"}},{\"@type\":\"Person\",\"@id\":\"https:\/\/jornalfatosenoticias.com.br\/#\/schema\/person\/d63837fa13ac8666eb9e74e0985d6f81\",\"name\":\"Luzimara Fernandes\",\"image\":{\"@type\":\"ImageObject\",\"inLanguage\":\"pt-BR\",\"@id\":\"https:\/\/jornalfatosenoticias.com.br\/#\/schema\/person\/image\/\",\"url\":\"https:\/\/jornalfatosenoticias.com.br\/wp-content\/uploads\/2025\/05\/EU_portal.jpg\",\"contentUrl\":\"https:\/\/jornalfatosenoticias.com.br\/wp-content\/uploads\/2025\/05\/EU_portal.jpg\",\"caption\":\"Luzimara Fernandes\"},\"description\":\"Jornalista MTB 2358-ES\",\"sameAs\":[\"https:\/\/jornalfatosenoticias.com.br\"],\"url\":\"https:\/\/jornalfatosenoticias.com.br\/index.php\/author\/luzimara\/\"}]}<\/script>\n<!-- \/ Yoast SEO plugin. -->","yoast_head_json":{"title":"Como exerc\u00edcios podem eliminar a dor nas costas - Jornal Fatos e Not\u00edcias","robots":{"index":"index","follow":"follow","max-snippet":"max-snippet:-1","max-image-preview":"max-image-preview:large","max-video-preview":"max-video-preview:-1"},"canonical":"https:\/\/jornalfatosenoticias.com.br\/index.php\/2023\/07\/11\/como-exercicios-podem-eliminar-a-dor-nas-costas\/","og_locale":"pt_BR","og_type":"article","og_title":"Como exerc\u00edcios podem eliminar a dor nas costas - Jornal Fatos e Not\u00edcias","og_description":"Muitas queixas est\u00e3o relacionadas \u00e0 m\u00e1 postura; profissional de educa\u00e7\u00e3o f\u00edsica compartilha dicas Conviver com dores nas costas, principalmente na regi\u00e3o lombar (lombalgia), \u00e9 tido como algo corriqueiro para grande parte das pessoas. Existem estimativas que indicam que 80% da popula\u00e7\u00e3o adulta vai sofrer com o problema em algum momento da vida. Nos \u00faltimos anos, [&hellip;]","og_url":"https:\/\/jornalfatosenoticias.com.br\/index.php\/2023\/07\/11\/como-exercicios-podem-eliminar-a-dor-nas-costas\/","og_site_name":"Jornal Fatos e Not\u00edcias","article_published_time":"2023-07-11T13:07:55+00:00","article_modified_time":"2023-07-11T13:07:57+00:00","og_image":[{"width":1000,"height":666,"url":"https:\/\/jornalfatosenoticias.com.br\/wp-content\/uploads\/2023\/07\/dor-nas-costas-unsplash.jpg","type":"image\/jpeg"}],"author":"Luzimara Fernandes","twitter_card":"summary_large_image","twitter_misc":{"Escrito por":"Luzimara Fernandes","Est. tempo de leitura":"5 minutos"},"schema":{"@context":"https:\/\/schema.org","@graph":[{"@type":"Article","@id":"https:\/\/jornalfatosenoticias.com.br\/index.php\/2023\/07\/11\/como-exercicios-podem-eliminar-a-dor-nas-costas\/#article","isPartOf":{"@id":"https:\/\/jornalfatosenoticias.com.br\/index.php\/2023\/07\/11\/como-exercicios-podem-eliminar-a-dor-nas-costas\/"},"author":{"name":"Luzimara Fernandes","@id":"https:\/\/jornalfatosenoticias.com.br\/#\/schema\/person\/d63837fa13ac8666eb9e74e0985d6f81"},"headline":"Como exerc\u00edcios podem eliminar a dor nas costas","datePublished":"2023-07-11T13:07:55+00:00","dateModified":"2023-07-11T13:07:57+00:00","mainEntityOfPage":{"@id":"https:\/\/jornalfatosenoticias.com.br\/index.php\/2023\/07\/11\/como-exercicios-podem-eliminar-a-dor-nas-costas\/"},"wordCount":1047,"commentCount":0,"publisher":{"@id":"https:\/\/jornalfatosenoticias.com.br\/#organization"},"image":{"@id":"https:\/\/jornalfatosenoticias.com.br\/index.php\/2023\/07\/11\/como-exercicios-podem-eliminar-a-dor-nas-costas\/#primaryimage"},"thumbnailUrl":"https:\/\/jornalfatosenoticias.com.br\/wp-content\/uploads\/2023\/07\/dor-nas-costas-unsplash.jpg","keywords":["dor nas costas","exerc\u00edcios f\u00edsicos","m\u00e1 postura","postura"],"articleSection":["Bem-estar"],"inLanguage":"pt-BR","potentialAction":[{"@type":"CommentAction","name":"Comment","target":["https:\/\/jornalfatosenoticias.com.br\/index.php\/2023\/07\/11\/como-exercicios-podem-eliminar-a-dor-nas-costas\/#respond"]}]},{"@type":"WebPage","@id":"https:\/\/jornalfatosenoticias.com.br\/index.php\/2023\/07\/11\/como-exercicios-podem-eliminar-a-dor-nas-costas\/","url":"https:\/\/jornalfatosenoticias.com.br\/index.php\/2023\/07\/11\/como-exercicios-podem-eliminar-a-dor-nas-costas\/","name":"Como exerc\u00edcios podem eliminar a dor nas costas - Jornal Fatos e Not\u00edcias","isPartOf":{"@id":"https:\/\/jornalfatosenoticias.com.br\/#website"},"primaryImageOfPage":{"@id":"https:\/\/jornalfatosenoticias.com.br\/index.php\/2023\/07\/11\/como-exercicios-podem-eliminar-a-dor-nas-costas\/#primaryimage"},"image":{"@id":"https:\/\/jornalfatosenoticias.com.br\/index.php\/2023\/07\/11\/como-exercicios-podem-eliminar-a-dor-nas-costas\/#primaryimage"},"thumbnailUrl":"https:\/\/jornalfatosenoticias.com.br\/wp-content\/uploads\/2023\/07\/dor-nas-costas-unsplash.jpg","datePublished":"2023-07-11T13:07:55+00:00","dateModified":"2023-07-11T13:07:57+00:00","breadcrumb":{"@id":"https:\/\/jornalfatosenoticias.com.br\/index.php\/2023\/07\/11\/como-exercicios-podem-eliminar-a-dor-nas-costas\/#breadcrumb"},"inLanguage":"pt-BR","potentialAction":[{"@type":"ReadAction","target":["https:\/\/jornalfatosenoticias.com.br\/index.php\/2023\/07\/11\/como-exercicios-podem-eliminar-a-dor-nas-costas\/"]}]},{"@type":"ImageObject","inLanguage":"pt-BR","@id":"https:\/\/jornalfatosenoticias.com.br\/index.php\/2023\/07\/11\/como-exercicios-podem-eliminar-a-dor-nas-costas\/#primaryimage","url":"https:\/\/jornalfatosenoticias.com.br\/wp-content\/uploads\/2023\/07\/dor-nas-costas-unsplash.jpg","contentUrl":"https:\/\/jornalfatosenoticias.com.br\/wp-content\/uploads\/2023\/07\/dor-nas-costas-unsplash.jpg","width":1000,"height":666},{"@type":"BreadcrumbList","@id":"https:\/\/jornalfatosenoticias.com.br\/index.php\/2023\/07\/11\/como-exercicios-podem-eliminar-a-dor-nas-costas\/#breadcrumb","itemListElement":[{"@type":"ListItem","position":1,"name":"In\u00edcio","item":"https:\/\/jornalfatosenoticias.com.br\/"},{"@type":"ListItem","position":2,"name":"Como exerc\u00edcios podem eliminar a dor nas costas"}]},{"@type":"WebSite","@id":"https:\/\/jornalfatosenoticias.com.br\/#website","url":"https:\/\/jornalfatosenoticias.com.br\/","name":"Jornal Fatos e Not\u00edcias","description":"Not\u00edcias em geral","publisher":{"@id":"https:\/\/jornalfatosenoticias.com.br\/#organization"},"potentialAction":[{"@type":"SearchAction","target":{"@type":"EntryPoint","urlTemplate":"https:\/\/jornalfatosenoticias.com.br\/?s={search_term_string}"},"query-input":{"@type":"PropertyValueSpecification","valueRequired":true,"valueName":"search_term_string"}}],"inLanguage":"pt-BR"},{"@type":"Organization","@id":"https:\/\/jornalfatosenoticias.com.br\/#organization","name":"Jornal Fatos e Not\u00edcias","url":"https:\/\/jornalfatosenoticias.com.br\/","logo":{"@type":"ImageObject","inLanguage":"pt-BR","@id":"https:\/\/jornalfatosenoticias.com.br\/#\/schema\/logo\/image\/","url":"https:\/\/jornalfatosenoticias.com.br\/wp-content\/uploads\/2020\/02\/logo120.png","contentUrl":"https:\/\/jornalfatosenoticias.com.br\/wp-content\/uploads\/2020\/02\/logo120.png","width":1227,"height":120,"caption":"Jornal Fatos e Not\u00edcias"},"image":{"@id":"https:\/\/jornalfatosenoticias.com.br\/#\/schema\/logo\/image\/"}},{"@type":"Person","@id":"https:\/\/jornalfatosenoticias.com.br\/#\/schema\/person\/d63837fa13ac8666eb9e74e0985d6f81","name":"Luzimara Fernandes","image":{"@type":"ImageObject","inLanguage":"pt-BR","@id":"https:\/\/jornalfatosenoticias.com.br\/#\/schema\/person\/image\/","url":"https:\/\/jornalfatosenoticias.com.br\/wp-content\/uploads\/2025\/05\/EU_portal.jpg","contentUrl":"https:\/\/jornalfatosenoticias.com.br\/wp-content\/uploads\/2025\/05\/EU_portal.jpg","caption":"Luzimara Fernandes"},"description":"Jornalista MTB 2358-ES","sameAs":["https:\/\/jornalfatosenoticias.com.br"],"url":"https:\/\/jornalfatosenoticias.com.br\/index.php\/author\/luzimara\/"}]}},"cc_featured_image_caption":{"caption_text":"(Foto: Unsplash) ","source_text":"","source_url":""},"jetpack_featured_media_url":"https:\/\/jornalfatosenoticias.com.br\/wp-content\/uploads\/2023\/07\/dor-nas-costas-unsplash.jpg","_links":{"self":[{"href":"https:\/\/jornalfatosenoticias.com.br\/index.php\/wp-json\/wp\/v2\/posts\/43166","targetHints":{"allow":["GET"]}}],"collection":[{"href":"https:\/\/jornalfatosenoticias.com.br\/index.php\/wp-json\/wp\/v2\/posts"}],"about":[{"href":"https:\/\/jornalfatosenoticias.com.br\/index.php\/wp-json\/wp\/v2\/types\/post"}],"author":[{"embeddable":true,"href":"https:\/\/jornalfatosenoticias.com.br\/index.php\/wp-json\/wp\/v2\/users\/2"}],"replies":[{"embeddable":true,"href":"https:\/\/jornalfatosenoticias.com.br\/index.php\/wp-json\/wp\/v2\/comments?post=43166"}],"version-history":[{"count":0,"href":"https:\/\/jornalfatosenoticias.com.br\/index.php\/wp-json\/wp\/v2\/posts\/43166\/revisions"}],"wp:featuredmedia":[{"embeddable":true,"href":"https:\/\/jornalfatosenoticias.com.br\/index.php\/wp-json\/wp\/v2\/media\/43168"}],"wp:attachment":[{"href":"https:\/\/jornalfatosenoticias.com.br\/index.php\/wp-json\/wp\/v2\/media?parent=43166"}],"wp:term":[{"taxonomy":"category","embeddable":true,"href":"https:\/\/jornalfatosenoticias.com.br\/index.php\/wp-json\/wp\/v2\/categories?post=43166"},{"taxonomy":"post_tag","embeddable":true,"href":"https:\/\/jornalfatosenoticias.com.br\/index.php\/wp-json\/wp\/v2\/tags?post=43166"}],"curies":[{"name":"wp","href":"https:\/\/api.w.org\/{rel}","templated":true}]}}