{"id":43199,"date":"2023-07-12T09:05:05","date_gmt":"2023-07-12T12:05:05","guid":{"rendered":"https:\/\/jornalfatosenoticias.com.br\/?p=43199"},"modified":"2023-07-12T09:05:08","modified_gmt":"2023-07-12T12:05:08","slug":"dispositivo-capaz-de-acabar-com-secas-transforma-ar-em-agua-potavel-usando-luz-solar","status":"publish","type":"post","link":"https:\/\/jornalfatosenoticias.com.br\/index.php\/2023\/07\/12\/dispositivo-capaz-de-acabar-com-secas-transforma-ar-em-agua-potavel-usando-luz-solar\/","title":{"rendered":"Dispositivo capaz de acabar com secas transforma ar em \u00e1gua pot\u00e1vel usando luz solar"},"content":{"rendered":"\n<p><em><span class=\"has-inline-color has-black-color\">Aparelho funciona em condi\u00e7\u00f5es de falta de umidade extremas e pode ser aplicado no combate \u00e0s secas, agricultura e em casa<\/span><\/em><\/p>\n\n\n\n<p><em><span class=\"has-inline-color has-black-color\">Por <strong><a href=\"https:\/\/olhardigital.com.br\/author\/vitoria-gomez\/amp\/\">Vitoria Lopes Gomez<\/a><\/strong><\/span><\/em><\/p>\n\n\n\n<div class=\"wp-block-image\"><figure class=\"aligncenter size-large\"><img loading=\"lazy\" decoding=\"async\" width=\"729\" height=\"90\" src=\"https:\/\/jornalfatosenoticias.com.br\/wp-content\/uploads\/2020\/02\/Logo_Mizu.png\" alt=\"\" class=\"wp-image-1441\" srcset=\"https:\/\/jornalfatosenoticias.com.br\/wp-content\/uploads\/2020\/02\/Logo_Mizu.png 729w, https:\/\/jornalfatosenoticias.com.br\/wp-content\/uploads\/2020\/02\/Logo_Mizu-300x37.png 300w\" sizes=\"auto, (max-width: 729px) 100vw, 729px\" \/><\/figure><\/div>\n\n\n\n<p>Se a <a href=\"https:\/\/olhardigital.com.br\/tag\/seca\/\" target=\"_blank\" rel=\"noreferrer noopener\">escassez de \u00e1gua<\/a> \u00e9 problema em alguns lugares do mundo, um simples dispositivo ser\u00e1 capaz de resolver isso. Pesquisadores da Universidade de Berkeley, na Calif\u00f3rnia, projetaram dispositivo port\u00e1til capaz de extrair e converter mol\u00e9culas da \u00e1gua diretamente do ar e transform\u00e1-las em \u00e1gua pot\u00e1vel usando apenas a <a href=\"https:\/\/olhardigital.com.br\/tag\/energia-solar\/\" target=\"_blank\" rel=\"noreferrer noopener\">luz do Sol<\/a>, que pode servir como solu\u00e7\u00e3o para secas.<br>O dispositivo foi feito para funcionar em ambientes externos, em condi\u00e7\u00f5es extremamente secas. Ele foi testado no local mais quente e seco da Am\u00e9rica do Norte, o Parque Nacional do Vale da Morte, entre a Calif\u00f3rnia e Nevada. Como resultado, o aparelho foi capaz de fornecer \u00e1gua pot\u00e1vel, comprovando que pode ser usado em qualquer lugar como forma de resolver a escassez de \u00e1gua urgentemente.<\/p>\n\n\n\n<div class=\"wp-block-image\"><figure class=\"aligncenter size-large is-resized\"><img loading=\"lazy\" decoding=\"async\" src=\"https:\/\/jornalfatosenoticias.com.br\/wp-content\/uploads\/2022\/10\/RC_800x750_page-0001.jpg\" alt=\"\" class=\"wp-image-35338\" width=\"262\" height=\"246\" srcset=\"https:\/\/jornalfatosenoticias.com.br\/wp-content\/uploads\/2022\/10\/RC_800x750_page-0001.jpg 400w, https:\/\/jornalfatosenoticias.com.br\/wp-content\/uploads\/2022\/10\/RC_800x750_page-0001-300x281.jpg 300w\" sizes=\"auto, (max-width: 262px) 100vw, 262px\" \/><\/figure><\/div>\n\n\n\n<blockquote class=\"wp-block-quote is-layout-flow wp-block-quote-is-layout-flow\"><p><span class=\"has-inline-color has-luminous-vivid-orange-color\">Quase um ter\u00e7o da popula\u00e7\u00e3o mundial vive em regi\u00f5es com escassez de \u00e1gua. A ONU projeta, no ano de 2050, que quase cinco bilh\u00f5es de pessoas em nosso planeta experimentar\u00e3o algum tipo de escassez de \u00e1gua durante parte significativa do ano. Isso \u00e9 bastante relevante para aproveitar nova fonte de \u00e1gua&#8221;, afirma Omar Yaghi, professor de qu\u00edmica de Berkeley que inventou o dispositivo e lidera o estudo<\/span><\/p><\/blockquote>\n\n\n\n<div class=\"wp-block-image\"><figure class=\"aligncenter size-large\"><img decoding=\"async\" src=\"https:\/\/jornalfatosenoticias.com.br\/wp-content\/uploads\/2020\/02\/logo-embacia-1-1024x110.jpg\" alt=\"\" class=\"wp-image-33954\"\/><\/figure><\/div>\n\n\n\n<div class=\"wp-block-image\"><figure class=\"aligncenter size-large\"><img loading=\"lazy\" decoding=\"async\" width=\"1000\" height=\"667\" src=\"https:\/\/jornalfatosenoticias.com.br\/wp-content\/uploads\/2023\/07\/seca-2-shutterstock.jpg\" alt=\"\" class=\"wp-image-43200\" srcset=\"https:\/\/jornalfatosenoticias.com.br\/wp-content\/uploads\/2023\/07\/seca-2-shutterstock.jpg 1000w, https:\/\/jornalfatosenoticias.com.br\/wp-content\/uploads\/2023\/07\/seca-2-shutterstock-300x200.jpg 300w, https:\/\/jornalfatosenoticias.com.br\/wp-content\/uploads\/2023\/07\/seca-2-shutterstock-768x512.jpg 768w\" sizes=\"auto, (max-width: 1000px) 100vw, 1000px\" \/><figcaption><em><span class=\"has-inline-color has-black-color\">Dispositivo pode ajudar no combate a secas usando apenas luz do Sol (Foto: Shutterstock)<\/span><\/em><\/figcaption><\/figure><\/div>\n\n\n\n<p><strong><span class=\"has-inline-color has-vivid-purple-color\">Como o dispositivo funciona<br><\/span>\u2022<\/strong> O dispositivo coleta as part\u00edculas de \u00e1gua na atmosfera a partir de material ultraporoso, conhecido como estrutura metal-org\u00e2nica (MOF);<br><strong>\u2022<\/strong> O material foi escolhido porque outros amplamente usados n\u00e3o operam em condi\u00e7\u00f5es de baixa umidade com efici\u00eancia e capacidade ao mesmo tempo;<br><strong>\u2022<\/strong> Assim, ele tem alta efici\u00eancia: quando testado no Vale da Morte, colheu at\u00e9 285 gramas de \u00e1gua por quilo de MOF em \u00fanico dia, o equivalente a um copo de \u00e1gua;<br><strong>\u2022<\/strong> Al\u00e9m disso, ele pode operar por longos anos antes de precisar ser reabastecido ou substitu\u00eddo.<\/p>\n\n\n\n<div class=\"wp-block-image\"><figure class=\"aligncenter size-large is-resized\"><img loading=\"lazy\" decoding=\"async\" src=\"https:\/\/jornalfatosenoticias.com.br\/wp-content\/uploads\/2020\/02\/casa-do-torresmo_portal.jpg\" alt=\"\" class=\"wp-image-34472\" width=\"252\" height=\"252\" srcset=\"https:\/\/jornalfatosenoticias.com.br\/wp-content\/uploads\/2020\/02\/casa-do-torresmo_portal.jpg 300w, https:\/\/jornalfatosenoticias.com.br\/wp-content\/uploads\/2020\/02\/casa-do-torresmo_portal-150x150.jpg 150w\" sizes=\"auto, (max-width: 252px) 100vw, 252px\" \/><\/figure><\/div>\n\n\n\n<p><strong><span class=\"has-inline-color has-vivid-purple-color\">Aplica\u00e7\u00f5es dessa \u00e1gua<br><\/span>\u2022 <\/strong>Por conta de suas propriedades, o dispositivo pode ser aliado fundamental no combate a secas, fornecendo \u00e1gua pot\u00e1vel em locais onde n\u00e3o h\u00e1 oferta, ou h\u00e1, mas n\u00e3o limpa;<br><strong>\u2022<\/strong> Assim, \u00e9 poss\u00edvel us\u00e1-lo desde beber um simples copo de \u00e1gua at\u00e9 \u00e0 agricultura, da cozinha at\u00e9 o abastecimento de aparelhos de ar-condicionado;<br><strong>\u2022<\/strong> Al\u00e9m disso, os pesquisadores mencionam o aspecto sustent\u00e1vel do dispositivo, que extrai a \u00e1gua do ar e a transforma em \u00e1gua pot\u00e1vel usando a energia apenas da luz do Sol. Ou seja, oper\u00e1-lo n\u00e3o emite nenhum g\u00e1s danoso ao meio ambiente;<br><strong>\u2022<\/strong> Para um dos envolvidos no estudo, o dispositivo \u201cd\u00e1 aos indiv\u00edduos a independ\u00eancia da \u00e1gua\u201d.<\/p>\n\n\n\n<div class=\"wp-block-image\"><figure class=\"aligncenter size-large is-resized\"><img loading=\"lazy\" decoding=\"async\" src=\"https:\/\/jornalfatosenoticias.com.br\/wp-content\/uploads\/2020\/02\/logo-Rapuzel-1024x571.jpg\" alt=\"\" class=\"wp-image-42808\" width=\"357\" height=\"199\" srcset=\"https:\/\/jornalfatosenoticias.com.br\/wp-content\/uploads\/2020\/02\/logo-Rapuzel-1024x571.jpg 1024w, https:\/\/jornalfatosenoticias.com.br\/wp-content\/uploads\/2020\/02\/logo-Rapuzel-300x167.jpg 300w, https:\/\/jornalfatosenoticias.com.br\/wp-content\/uploads\/2020\/02\/logo-Rapuzel-768x428.jpg 768w, https:\/\/jornalfatosenoticias.com.br\/wp-content\/uploads\/2020\/02\/logo-Rapuzel-1536x856.jpg 1536w, https:\/\/jornalfatosenoticias.com.br\/wp-content\/uploads\/2020\/02\/logo-Rapuzel.jpg 1600w\" sizes=\"auto, (max-width: 357px) 100vw, 357px\" \/><\/figure><\/div>\n\n\n\n<p><strong><em>Fonte: <a href=\"https:\/\/olhardigital.com.br\/2023\/07\/11\/ciencia-e-espaco\/dispositivo-capaz-de-acabar-com-secas-transforma-ar-em-agua-potavel-usando-luz-solar\/amp\/\">Olhar Digital<\/a><\/em><\/strong><\/p>\n","protected":false},"excerpt":{"rendered":"<p>Aparelho funciona em condi\u00e7\u00f5es de falta de umidade extremas e pode ser aplicado no combate \u00e0s secas, agricultura e em casa Por Vitoria Lopes Gomez Se a escassez de \u00e1gua \u00e9 problema em alguns lugares do mundo, um simples dispositivo ser\u00e1 capaz de resolver isso. Pesquisadores da Universidade de Berkeley, na Calif\u00f3rnia, projetaram dispositivo port\u00e1til [&hellip;]<\/p>\n","protected":false},"author":2,"featured_media":43201,"comment_status":"open","ping_status":"open","sticky":false,"template":"","format":"standard","meta":{"footnotes":""},"categories":[3],"tags":[451,3320,7047,12891,3029,2134],"class_list":["post-43199","post","type-post","status-publish","format-standard","has-post-thumbnail","hentry","category-tecnologia","tag-agua","tag-dispositivo","tag-escassez","tag-escassez-hidrica","tag-luz-solar","tag-seca"],"yoast_head":"<!-- This site is optimized with the Yoast SEO plugin v26.5 - https:\/\/yoast.com\/wordpress\/plugins\/seo\/ -->\n<title>Dispositivo capaz de acabar com secas transforma ar em \u00e1gua pot\u00e1vel usando luz solar - Jornal Fatos e Not\u00edcias<\/title>\n<meta name=\"robots\" content=\"index, follow, max-snippet:-1, max-image-preview:large, max-video-preview:-1\" \/>\n<link rel=\"canonical\" href=\"https:\/\/jornalfatosenoticias.com.br\/index.php\/2023\/07\/12\/dispositivo-capaz-de-acabar-com-secas-transforma-ar-em-agua-potavel-usando-luz-solar\/\" \/>\n<meta property=\"og:locale\" content=\"pt_BR\" \/>\n<meta property=\"og:type\" content=\"article\" \/>\n<meta property=\"og:title\" content=\"Dispositivo capaz de acabar com secas transforma ar em \u00e1gua pot\u00e1vel usando luz solar - Jornal Fatos e Not\u00edcias\" \/>\n<meta property=\"og:description\" content=\"Aparelho funciona em condi\u00e7\u00f5es de falta de umidade extremas e pode ser aplicado no combate \u00e0s secas, agricultura e em casa Por Vitoria Lopes Gomez Se a escassez de \u00e1gua \u00e9 problema em alguns lugares do mundo, um simples dispositivo ser\u00e1 capaz de resolver isso. Pesquisadores da Universidade de Berkeley, na Calif\u00f3rnia, projetaram dispositivo port\u00e1til [&hellip;]\" \/>\n<meta property=\"og:url\" content=\"https:\/\/jornalfatosenoticias.com.br\/index.php\/2023\/07\/12\/dispositivo-capaz-de-acabar-com-secas-transforma-ar-em-agua-potavel-usando-luz-solar\/\" \/>\n<meta property=\"og:site_name\" content=\"Jornal Fatos e Not\u00edcias\" \/>\n<meta property=\"article:published_time\" content=\"2023-07-12T12:05:05+00:00\" \/>\n<meta property=\"article:modified_time\" content=\"2023-07-12T12:05:08+00:00\" \/>\n<meta property=\"og:image\" content=\"https:\/\/jornalfatosenoticias.com.br\/wp-content\/uploads\/2023\/07\/Seca-Foto-Shutterstock.jpg\" \/>\n\t<meta property=\"og:image:width\" content=\"1000\" \/>\n\t<meta property=\"og:image:height\" content=\"562\" \/>\n\t<meta property=\"og:image:type\" content=\"image\/jpeg\" \/>\n<meta name=\"author\" content=\"Luzimara Fernandes\" \/>\n<meta name=\"twitter:card\" content=\"summary_large_image\" \/>\n<meta name=\"twitter:label1\" content=\"Escrito por\" \/>\n\t<meta name=\"twitter:data1\" content=\"Luzimara Fernandes\" \/>\n\t<meta name=\"twitter:label2\" content=\"Est. tempo de leitura\" \/>\n\t<meta name=\"twitter:data2\" content=\"2 minutos\" \/>\n<script type=\"application\/ld+json\" class=\"yoast-schema-graph\">{\"@context\":\"https:\/\/schema.org\",\"@graph\":[{\"@type\":\"Article\",\"@id\":\"https:\/\/jornalfatosenoticias.com.br\/index.php\/2023\/07\/12\/dispositivo-capaz-de-acabar-com-secas-transforma-ar-em-agua-potavel-usando-luz-solar\/#article\",\"isPartOf\":{\"@id\":\"https:\/\/jornalfatosenoticias.com.br\/index.php\/2023\/07\/12\/dispositivo-capaz-de-acabar-com-secas-transforma-ar-em-agua-potavel-usando-luz-solar\/\"},\"author\":{\"name\":\"Luzimara Fernandes\",\"@id\":\"https:\/\/jornalfatosenoticias.com.br\/#\/schema\/person\/d63837fa13ac8666eb9e74e0985d6f81\"},\"headline\":\"Dispositivo capaz de acabar com secas transforma ar em \u00e1gua pot\u00e1vel usando luz solar\",\"datePublished\":\"2023-07-12T12:05:05+00:00\",\"dateModified\":\"2023-07-12T12:05:08+00:00\",\"mainEntityOfPage\":{\"@id\":\"https:\/\/jornalfatosenoticias.com.br\/index.php\/2023\/07\/12\/dispositivo-capaz-de-acabar-com-secas-transforma-ar-em-agua-potavel-usando-luz-solar\/\"},\"wordCount\":483,\"commentCount\":0,\"publisher\":{\"@id\":\"https:\/\/jornalfatosenoticias.com.br\/#organization\"},\"image\":{\"@id\":\"https:\/\/jornalfatosenoticias.com.br\/index.php\/2023\/07\/12\/dispositivo-capaz-de-acabar-com-secas-transforma-ar-em-agua-potavel-usando-luz-solar\/#primaryimage\"},\"thumbnailUrl\":\"https:\/\/jornalfatosenoticias.com.br\/wp-content\/uploads\/2023\/07\/Seca-Foto-Shutterstock.jpg\",\"keywords\":[\"\u00e1gua\",\"dispositivo\",\"escassez\",\"escassez h\u00eddrica\",\"luz solar\",\"seca\"],\"articleSection\":[\"Tecnologia &amp; Inova\u00e7\u00e3o\"],\"inLanguage\":\"pt-BR\",\"potentialAction\":[{\"@type\":\"CommentAction\",\"name\":\"Comment\",\"target\":[\"https:\/\/jornalfatosenoticias.com.br\/index.php\/2023\/07\/12\/dispositivo-capaz-de-acabar-com-secas-transforma-ar-em-agua-potavel-usando-luz-solar\/#respond\"]}]},{\"@type\":\"WebPage\",\"@id\":\"https:\/\/jornalfatosenoticias.com.br\/index.php\/2023\/07\/12\/dispositivo-capaz-de-acabar-com-secas-transforma-ar-em-agua-potavel-usando-luz-solar\/\",\"url\":\"https:\/\/jornalfatosenoticias.com.br\/index.php\/2023\/07\/12\/dispositivo-capaz-de-acabar-com-secas-transforma-ar-em-agua-potavel-usando-luz-solar\/\",\"name\":\"Dispositivo capaz de acabar com secas transforma ar em \u00e1gua pot\u00e1vel usando luz solar - Jornal Fatos e Not\u00edcias\",\"isPartOf\":{\"@id\":\"https:\/\/jornalfatosenoticias.com.br\/#website\"},\"primaryImageOfPage\":{\"@id\":\"https:\/\/jornalfatosenoticias.com.br\/index.php\/2023\/07\/12\/dispositivo-capaz-de-acabar-com-secas-transforma-ar-em-agua-potavel-usando-luz-solar\/#primaryimage\"},\"image\":{\"@id\":\"https:\/\/jornalfatosenoticias.com.br\/index.php\/2023\/07\/12\/dispositivo-capaz-de-acabar-com-secas-transforma-ar-em-agua-potavel-usando-luz-solar\/#primaryimage\"},\"thumbnailUrl\":\"https:\/\/jornalfatosenoticias.com.br\/wp-content\/uploads\/2023\/07\/Seca-Foto-Shutterstock.jpg\",\"datePublished\":\"2023-07-12T12:05:05+00:00\",\"dateModified\":\"2023-07-12T12:05:08+00:00\",\"breadcrumb\":{\"@id\":\"https:\/\/jornalfatosenoticias.com.br\/index.php\/2023\/07\/12\/dispositivo-capaz-de-acabar-com-secas-transforma-ar-em-agua-potavel-usando-luz-solar\/#breadcrumb\"},\"inLanguage\":\"pt-BR\",\"potentialAction\":[{\"@type\":\"ReadAction\",\"target\":[\"https:\/\/jornalfatosenoticias.com.br\/index.php\/2023\/07\/12\/dispositivo-capaz-de-acabar-com-secas-transforma-ar-em-agua-potavel-usando-luz-solar\/\"]}]},{\"@type\":\"ImageObject\",\"inLanguage\":\"pt-BR\",\"@id\":\"https:\/\/jornalfatosenoticias.com.br\/index.php\/2023\/07\/12\/dispositivo-capaz-de-acabar-com-secas-transforma-ar-em-agua-potavel-usando-luz-solar\/#primaryimage\",\"url\":\"https:\/\/jornalfatosenoticias.com.br\/wp-content\/uploads\/2023\/07\/Seca-Foto-Shutterstock.jpg\",\"contentUrl\":\"https:\/\/jornalfatosenoticias.com.br\/wp-content\/uploads\/2023\/07\/Seca-Foto-Shutterstock.jpg\",\"width\":1000,\"height\":562},{\"@type\":\"BreadcrumbList\",\"@id\":\"https:\/\/jornalfatosenoticias.com.br\/index.php\/2023\/07\/12\/dispositivo-capaz-de-acabar-com-secas-transforma-ar-em-agua-potavel-usando-luz-solar\/#breadcrumb\",\"itemListElement\":[{\"@type\":\"ListItem\",\"position\":1,\"name\":\"In\u00edcio\",\"item\":\"https:\/\/jornalfatosenoticias.com.br\/\"},{\"@type\":\"ListItem\",\"position\":2,\"name\":\"Dispositivo capaz de acabar com secas transforma ar em \u00e1gua pot\u00e1vel usando luz solar\"}]},{\"@type\":\"WebSite\",\"@id\":\"https:\/\/jornalfatosenoticias.com.br\/#website\",\"url\":\"https:\/\/jornalfatosenoticias.com.br\/\",\"name\":\"Jornal Fatos e Not\u00edcias\",\"description\":\"Not\u00edcias em geral\",\"publisher\":{\"@id\":\"https:\/\/jornalfatosenoticias.com.br\/#organization\"},\"potentialAction\":[{\"@type\":\"SearchAction\",\"target\":{\"@type\":\"EntryPoint\",\"urlTemplate\":\"https:\/\/jornalfatosenoticias.com.br\/?s={search_term_string}\"},\"query-input\":{\"@type\":\"PropertyValueSpecification\",\"valueRequired\":true,\"valueName\":\"search_term_string\"}}],\"inLanguage\":\"pt-BR\"},{\"@type\":\"Organization\",\"@id\":\"https:\/\/jornalfatosenoticias.com.br\/#organization\",\"name\":\"Jornal Fatos e Not\u00edcias\",\"url\":\"https:\/\/jornalfatosenoticias.com.br\/\",\"logo\":{\"@type\":\"ImageObject\",\"inLanguage\":\"pt-BR\",\"@id\":\"https:\/\/jornalfatosenoticias.com.br\/#\/schema\/logo\/image\/\",\"url\":\"https:\/\/jornalfatosenoticias.com.br\/wp-content\/uploads\/2020\/02\/logo120.png\",\"contentUrl\":\"https:\/\/jornalfatosenoticias.com.br\/wp-content\/uploads\/2020\/02\/logo120.png\",\"width\":1227,\"height\":120,\"caption\":\"Jornal Fatos e Not\u00edcias\"},\"image\":{\"@id\":\"https:\/\/jornalfatosenoticias.com.br\/#\/schema\/logo\/image\/\"}},{\"@type\":\"Person\",\"@id\":\"https:\/\/jornalfatosenoticias.com.br\/#\/schema\/person\/d63837fa13ac8666eb9e74e0985d6f81\",\"name\":\"Luzimara Fernandes\",\"image\":{\"@type\":\"ImageObject\",\"inLanguage\":\"pt-BR\",\"@id\":\"https:\/\/jornalfatosenoticias.com.br\/#\/schema\/person\/image\/\",\"url\":\"https:\/\/jornalfatosenoticias.com.br\/wp-content\/uploads\/2025\/05\/EU_portal.jpg\",\"contentUrl\":\"https:\/\/jornalfatosenoticias.com.br\/wp-content\/uploads\/2025\/05\/EU_portal.jpg\",\"caption\":\"Luzimara Fernandes\"},\"description\":\"Jornalista MTB 2358-ES\",\"sameAs\":[\"https:\/\/jornalfatosenoticias.com.br\"],\"url\":\"https:\/\/jornalfatosenoticias.com.br\/index.php\/author\/luzimara\/\"}]}<\/script>\n<!-- \/ Yoast SEO plugin. -->","yoast_head_json":{"title":"Dispositivo capaz de acabar com secas transforma ar em \u00e1gua pot\u00e1vel usando luz solar - Jornal Fatos e Not\u00edcias","robots":{"index":"index","follow":"follow","max-snippet":"max-snippet:-1","max-image-preview":"max-image-preview:large","max-video-preview":"max-video-preview:-1"},"canonical":"https:\/\/jornalfatosenoticias.com.br\/index.php\/2023\/07\/12\/dispositivo-capaz-de-acabar-com-secas-transforma-ar-em-agua-potavel-usando-luz-solar\/","og_locale":"pt_BR","og_type":"article","og_title":"Dispositivo capaz de acabar com secas transforma ar em \u00e1gua pot\u00e1vel usando luz solar - Jornal Fatos e Not\u00edcias","og_description":"Aparelho funciona em condi\u00e7\u00f5es de falta de umidade extremas e pode ser aplicado no combate \u00e0s secas, agricultura e em casa Por Vitoria Lopes Gomez Se a escassez de \u00e1gua \u00e9 problema em alguns lugares do mundo, um simples dispositivo ser\u00e1 capaz de resolver isso. Pesquisadores da Universidade de Berkeley, na Calif\u00f3rnia, projetaram dispositivo port\u00e1til [&hellip;]","og_url":"https:\/\/jornalfatosenoticias.com.br\/index.php\/2023\/07\/12\/dispositivo-capaz-de-acabar-com-secas-transforma-ar-em-agua-potavel-usando-luz-solar\/","og_site_name":"Jornal Fatos e Not\u00edcias","article_published_time":"2023-07-12T12:05:05+00:00","article_modified_time":"2023-07-12T12:05:08+00:00","og_image":[{"width":1000,"height":562,"url":"https:\/\/jornalfatosenoticias.com.br\/wp-content\/uploads\/2023\/07\/Seca-Foto-Shutterstock.jpg","type":"image\/jpeg"}],"author":"Luzimara Fernandes","twitter_card":"summary_large_image","twitter_misc":{"Escrito por":"Luzimara Fernandes","Est. tempo de leitura":"2 minutos"},"schema":{"@context":"https:\/\/schema.org","@graph":[{"@type":"Article","@id":"https:\/\/jornalfatosenoticias.com.br\/index.php\/2023\/07\/12\/dispositivo-capaz-de-acabar-com-secas-transforma-ar-em-agua-potavel-usando-luz-solar\/#article","isPartOf":{"@id":"https:\/\/jornalfatosenoticias.com.br\/index.php\/2023\/07\/12\/dispositivo-capaz-de-acabar-com-secas-transforma-ar-em-agua-potavel-usando-luz-solar\/"},"author":{"name":"Luzimara Fernandes","@id":"https:\/\/jornalfatosenoticias.com.br\/#\/schema\/person\/d63837fa13ac8666eb9e74e0985d6f81"},"headline":"Dispositivo capaz de acabar com secas transforma ar em \u00e1gua pot\u00e1vel usando luz solar","datePublished":"2023-07-12T12:05:05+00:00","dateModified":"2023-07-12T12:05:08+00:00","mainEntityOfPage":{"@id":"https:\/\/jornalfatosenoticias.com.br\/index.php\/2023\/07\/12\/dispositivo-capaz-de-acabar-com-secas-transforma-ar-em-agua-potavel-usando-luz-solar\/"},"wordCount":483,"commentCount":0,"publisher":{"@id":"https:\/\/jornalfatosenoticias.com.br\/#organization"},"image":{"@id":"https:\/\/jornalfatosenoticias.com.br\/index.php\/2023\/07\/12\/dispositivo-capaz-de-acabar-com-secas-transforma-ar-em-agua-potavel-usando-luz-solar\/#primaryimage"},"thumbnailUrl":"https:\/\/jornalfatosenoticias.com.br\/wp-content\/uploads\/2023\/07\/Seca-Foto-Shutterstock.jpg","keywords":["\u00e1gua","dispositivo","escassez","escassez h\u00eddrica","luz solar","seca"],"articleSection":["Tecnologia &amp; Inova\u00e7\u00e3o"],"inLanguage":"pt-BR","potentialAction":[{"@type":"CommentAction","name":"Comment","target":["https:\/\/jornalfatosenoticias.com.br\/index.php\/2023\/07\/12\/dispositivo-capaz-de-acabar-com-secas-transforma-ar-em-agua-potavel-usando-luz-solar\/#respond"]}]},{"@type":"WebPage","@id":"https:\/\/jornalfatosenoticias.com.br\/index.php\/2023\/07\/12\/dispositivo-capaz-de-acabar-com-secas-transforma-ar-em-agua-potavel-usando-luz-solar\/","url":"https:\/\/jornalfatosenoticias.com.br\/index.php\/2023\/07\/12\/dispositivo-capaz-de-acabar-com-secas-transforma-ar-em-agua-potavel-usando-luz-solar\/","name":"Dispositivo capaz de acabar com secas transforma ar em \u00e1gua pot\u00e1vel usando luz solar - Jornal Fatos e Not\u00edcias","isPartOf":{"@id":"https:\/\/jornalfatosenoticias.com.br\/#website"},"primaryImageOfPage":{"@id":"https:\/\/jornalfatosenoticias.com.br\/index.php\/2023\/07\/12\/dispositivo-capaz-de-acabar-com-secas-transforma-ar-em-agua-potavel-usando-luz-solar\/#primaryimage"},"image":{"@id":"https:\/\/jornalfatosenoticias.com.br\/index.php\/2023\/07\/12\/dispositivo-capaz-de-acabar-com-secas-transforma-ar-em-agua-potavel-usando-luz-solar\/#primaryimage"},"thumbnailUrl":"https:\/\/jornalfatosenoticias.com.br\/wp-content\/uploads\/2023\/07\/Seca-Foto-Shutterstock.jpg","datePublished":"2023-07-12T12:05:05+00:00","dateModified":"2023-07-12T12:05:08+00:00","breadcrumb":{"@id":"https:\/\/jornalfatosenoticias.com.br\/index.php\/2023\/07\/12\/dispositivo-capaz-de-acabar-com-secas-transforma-ar-em-agua-potavel-usando-luz-solar\/#breadcrumb"},"inLanguage":"pt-BR","potentialAction":[{"@type":"ReadAction","target":["https:\/\/jornalfatosenoticias.com.br\/index.php\/2023\/07\/12\/dispositivo-capaz-de-acabar-com-secas-transforma-ar-em-agua-potavel-usando-luz-solar\/"]}]},{"@type":"ImageObject","inLanguage":"pt-BR","@id":"https:\/\/jornalfatosenoticias.com.br\/index.php\/2023\/07\/12\/dispositivo-capaz-de-acabar-com-secas-transforma-ar-em-agua-potavel-usando-luz-solar\/#primaryimage","url":"https:\/\/jornalfatosenoticias.com.br\/wp-content\/uploads\/2023\/07\/Seca-Foto-Shutterstock.jpg","contentUrl":"https:\/\/jornalfatosenoticias.com.br\/wp-content\/uploads\/2023\/07\/Seca-Foto-Shutterstock.jpg","width":1000,"height":562},{"@type":"BreadcrumbList","@id":"https:\/\/jornalfatosenoticias.com.br\/index.php\/2023\/07\/12\/dispositivo-capaz-de-acabar-com-secas-transforma-ar-em-agua-potavel-usando-luz-solar\/#breadcrumb","itemListElement":[{"@type":"ListItem","position":1,"name":"In\u00edcio","item":"https:\/\/jornalfatosenoticias.com.br\/"},{"@type":"ListItem","position":2,"name":"Dispositivo capaz de acabar com secas transforma ar em \u00e1gua pot\u00e1vel usando luz solar"}]},{"@type":"WebSite","@id":"https:\/\/jornalfatosenoticias.com.br\/#website","url":"https:\/\/jornalfatosenoticias.com.br\/","name":"Jornal Fatos e Not\u00edcias","description":"Not\u00edcias em geral","publisher":{"@id":"https:\/\/jornalfatosenoticias.com.br\/#organization"},"potentialAction":[{"@type":"SearchAction","target":{"@type":"EntryPoint","urlTemplate":"https:\/\/jornalfatosenoticias.com.br\/?s={search_term_string}"},"query-input":{"@type":"PropertyValueSpecification","valueRequired":true,"valueName":"search_term_string"}}],"inLanguage":"pt-BR"},{"@type":"Organization","@id":"https:\/\/jornalfatosenoticias.com.br\/#organization","name":"Jornal Fatos e Not\u00edcias","url":"https:\/\/jornalfatosenoticias.com.br\/","logo":{"@type":"ImageObject","inLanguage":"pt-BR","@id":"https:\/\/jornalfatosenoticias.com.br\/#\/schema\/logo\/image\/","url":"https:\/\/jornalfatosenoticias.com.br\/wp-content\/uploads\/2020\/02\/logo120.png","contentUrl":"https:\/\/jornalfatosenoticias.com.br\/wp-content\/uploads\/2020\/02\/logo120.png","width":1227,"height":120,"caption":"Jornal Fatos e Not\u00edcias"},"image":{"@id":"https:\/\/jornalfatosenoticias.com.br\/#\/schema\/logo\/image\/"}},{"@type":"Person","@id":"https:\/\/jornalfatosenoticias.com.br\/#\/schema\/person\/d63837fa13ac8666eb9e74e0985d6f81","name":"Luzimara Fernandes","image":{"@type":"ImageObject","inLanguage":"pt-BR","@id":"https:\/\/jornalfatosenoticias.com.br\/#\/schema\/person\/image\/","url":"https:\/\/jornalfatosenoticias.com.br\/wp-content\/uploads\/2025\/05\/EU_portal.jpg","contentUrl":"https:\/\/jornalfatosenoticias.com.br\/wp-content\/uploads\/2025\/05\/EU_portal.jpg","caption":"Luzimara Fernandes"},"description":"Jornalista MTB 2358-ES","sameAs":["https:\/\/jornalfatosenoticias.com.br"],"url":"https:\/\/jornalfatosenoticias.com.br\/index.php\/author\/luzimara\/"}]}},"cc_featured_image_caption":{"caption_text":"(Foto: Shutterstock)","source_text":"","source_url":""},"jetpack_featured_media_url":"https:\/\/jornalfatosenoticias.com.br\/wp-content\/uploads\/2023\/07\/Seca-Foto-Shutterstock.jpg","_links":{"self":[{"href":"https:\/\/jornalfatosenoticias.com.br\/index.php\/wp-json\/wp\/v2\/posts\/43199","targetHints":{"allow":["GET"]}}],"collection":[{"href":"https:\/\/jornalfatosenoticias.com.br\/index.php\/wp-json\/wp\/v2\/posts"}],"about":[{"href":"https:\/\/jornalfatosenoticias.com.br\/index.php\/wp-json\/wp\/v2\/types\/post"}],"author":[{"embeddable":true,"href":"https:\/\/jornalfatosenoticias.com.br\/index.php\/wp-json\/wp\/v2\/users\/2"}],"replies":[{"embeddable":true,"href":"https:\/\/jornalfatosenoticias.com.br\/index.php\/wp-json\/wp\/v2\/comments?post=43199"}],"version-history":[{"count":0,"href":"https:\/\/jornalfatosenoticias.com.br\/index.php\/wp-json\/wp\/v2\/posts\/43199\/revisions"}],"wp:featuredmedia":[{"embeddable":true,"href":"https:\/\/jornalfatosenoticias.com.br\/index.php\/wp-json\/wp\/v2\/media\/43201"}],"wp:attachment":[{"href":"https:\/\/jornalfatosenoticias.com.br\/index.php\/wp-json\/wp\/v2\/media?parent=43199"}],"wp:term":[{"taxonomy":"category","embeddable":true,"href":"https:\/\/jornalfatosenoticias.com.br\/index.php\/wp-json\/wp\/v2\/categories?post=43199"},{"taxonomy":"post_tag","embeddable":true,"href":"https:\/\/jornalfatosenoticias.com.br\/index.php\/wp-json\/wp\/v2\/tags?post=43199"}],"curies":[{"name":"wp","href":"https:\/\/api.w.org\/{rel}","templated":true}]}}