{"id":43209,"date":"2023-07-12T09:50:53","date_gmt":"2023-07-12T12:50:53","guid":{"rendered":"https:\/\/jornalfatosenoticias.com.br\/?p=43209"},"modified":"2023-07-12T09:50:55","modified_gmt":"2023-07-12T12:50:55","slug":"primeira-escola-impressa-em-3d-e-construida-na-ucrania","status":"publish","type":"post","link":"https:\/\/jornalfatosenoticias.com.br\/index.php\/2023\/07\/12\/primeira-escola-impressa-em-3d-e-construida-na-ucrania\/","title":{"rendered":"Primeira escola impressa em 3D \u00e9 constru\u00edda na Ucr\u00e2nia"},"content":{"rendered":"\n<p><em><span class=\"has-inline-color has-black-color\">Escola na zona de guerra de Lviv, na Ucr\u00e2nia, poder\u00e1 abrigar mais de 100 crian\u00e7as; saiba mais detalhes sobre o projeto inovador<\/span><\/em><\/p>\n\n\n\n<p><em><span class=\"has-inline-color has-black-color\">Por <strong><a href=\"https:\/\/olhardigital.com.br\/author\/da-redacao-4\/amp\/\">Gabriel S\u00e9rvio<\/a><\/strong><\/span><\/em><\/p>\n\n\n\n<div class=\"wp-block-image\"><figure class=\"aligncenter size-large\"><img loading=\"lazy\" decoding=\"async\" width=\"1024\" height=\"100\" src=\"https:\/\/jornalfatosenoticias.com.br\/wp-content\/uploads\/2022\/05\/NOVA-LOGO-CESCONETTO-1024x100.jpg\" alt=\"\" class=\"wp-image-30792\" srcset=\"https:\/\/jornalfatosenoticias.com.br\/wp-content\/uploads\/2022\/05\/NOVA-LOGO-CESCONETTO-1024x100.jpg 1024w, https:\/\/jornalfatosenoticias.com.br\/wp-content\/uploads\/2022\/05\/NOVA-LOGO-CESCONETTO-300x29.jpg 300w, https:\/\/jornalfatosenoticias.com.br\/wp-content\/uploads\/2022\/05\/NOVA-LOGO-CESCONETTO-768x75.jpg 768w, https:\/\/jornalfatosenoticias.com.br\/wp-content\/uploads\/2022\/05\/NOVA-LOGO-CESCONETTO.jpg 1280w\" sizes=\"auto, (max-width: 1024px) 100vw, 1024px\" \/><\/figure><\/div>\n\n\n\n<p>Desde o in\u00edcio da <a href=\"https:\/\/olhardigital.com.br\/2023\/02\/24\/pro\/por-que-a-guerra-entre-russia-e-ucrania-nao-acaba\/amp\/\" target=\"_blank\" rel=\"noreferrer noopener\">invas\u00e3o russa<\/a>\u00a0em fevereiro do ano passado, mais de duas mil escolas foram destru\u00eddas, segundo o minist\u00e9rio da defesa da Ucr\u00e2nia. Uma ONG quer mudar isso com uma solu\u00e7\u00e3o inovadora. Em Lviv, uma das cidades marcadas por fortes bombardeios, foram lan\u00e7adas em outubro de 2022 as funda\u00e7\u00f5es da <strong>primeira escola impressa em 3D do mundo.<\/strong><br>O projeto \u00e9 financiado pela startup humanit\u00e1ria TEAM4UA em coopera\u00e7\u00e3o com autoridades da cidade e empresas de tecnologia 3D. Al\u00e9m de ambicioso, o grande desafio \u00e9 lidar com o conflito ainda em curso. Ataques russos recentes, por exemplo, devem atrasar a constru\u00e7\u00e3o.<\/p>\n\n\n\n<div class=\"wp-block-image\"><figure class=\"aligncenter size-large is-resized\"><img loading=\"lazy\" decoding=\"async\" src=\"https:\/\/jornalfatosenoticias.com.br\/wp-content\/uploads\/2020\/02\/logo-embacia.jpg\" alt=\"\" class=\"wp-image-33905\" width=\"264\" height=\"264\"\/><\/figure><\/div>\n\n\n\n<p>Segundo a startup, construir as paredes da escola com uma impressora 3D ser\u00e1 mais r\u00e1pido e barato que construir um novo pr\u00e9dio de concreto do zero, o que pode levar at\u00e9 dois anos. A iniciativa tamb\u00e9m \u00e9 muito mais sustent\u00e1vel que as t\u00e9cnicas tradicionais de constru\u00e7\u00e3o, diz a empresa.<br>\u201cEconomiza tempo. \u00c9 eficiente no que diz respeito aos custos de energia, e vai ser r\u00e1pido\u201d, disse Charles Tin\u00e9, membro do comit\u00ea estrat\u00e9gico do TEAM4UA ao portal <em>Euronews.<\/em><\/p>\n\n\n\n<div class=\"wp-block-image\"><figure class=\"aligncenter size-large is-resized\"><img loading=\"lazy\" decoding=\"async\" src=\"https:\/\/jornalfatosenoticias.com.br\/wp-content\/uploads\/2022\/10\/RC_800x750_page-0001.jpg\" alt=\"\" class=\"wp-image-35338\" width=\"254\" height=\"238\" srcset=\"https:\/\/jornalfatosenoticias.com.br\/wp-content\/uploads\/2022\/10\/RC_800x750_page-0001.jpg 400w, https:\/\/jornalfatosenoticias.com.br\/wp-content\/uploads\/2022\/10\/RC_800x750_page-0001-300x281.jpg 300w\" sizes=\"auto, (max-width: 254px) 100vw, 254px\" \/><\/figure><\/div>\n\n\n\n<blockquote class=\"wp-block-quote is-layout-flow wp-block-quote-is-layout-flow\"><p><span class=\"has-inline-color has-luminous-vivid-orange-color\">Os edif\u00edcios produzidos s\u00e3o muito duradouros (\u2026) n\u00e3o \u00e9 como colocar refugiados em edif\u00edcios que durariam duas semanas. Quando terminar, voc\u00ea pode empacotar sua impressora, coloc\u00e1-la em um caminh\u00e3o e se deslocar para outro lugar&#8221;, explica Charles Tin\u00e9, membro do comit\u00ea estrat\u00e9gico do TEAM4UA.<\/span><\/p><\/blockquote>\n\n\n\n<div class=\"wp-block-image\"><figure class=\"aligncenter size-large is-resized\"><img loading=\"lazy\" decoding=\"async\" src=\"https:\/\/jornalfatosenoticias.com.br\/wp-content\/uploads\/2023\/04\/Logo_MasterMind.jpg\" alt=\"\" class=\"wp-image-40974\" width=\"264\" height=\"192\"\/><\/figure><\/div>\n\n\n\n<p>O sucesso do projeto pode gerar um boom no uso da tecnologia 3D para reconstruir mais edif\u00edcios destru\u00eddos na Ucr\u00e2nia, incluindo casas. Segundo o TEAM4UA, cerca de 10.000 casas foram destru\u00eddas em todo o pa\u00eds. O objetivo \u00e9 levar 15 impressoras 3D para a Ucr\u00e2nia, pegar os escombros dos edif\u00edcios destru\u00eddos pela guerra e reciclar o concreto para imprimir novos edif\u00edcios. \u201cPodemos imprimir pontes, armaz\u00e9ns (\u2026) assim que a guerra acabar na Ucr\u00e2nia, a ideia \u00e9 mover essas impressoras para outros lugares\u201d, explicou Charles.<\/p>\n\n\n\n<div class=\"wp-block-image\"><figure class=\"aligncenter size-large is-resized\"><img loading=\"lazy\" decoding=\"async\" src=\"https:\/\/jornalfatosenoticias.com.br\/wp-content\/uploads\/2023\/03\/nova-logo-Marquetti.jpg\" alt=\"\" class=\"wp-image-40207\" width=\"286\" height=\"192\" srcset=\"https:\/\/jornalfatosenoticias.com.br\/wp-content\/uploads\/2023\/03\/nova-logo-Marquetti.jpg 643w, https:\/\/jornalfatosenoticias.com.br\/wp-content\/uploads\/2023\/03\/nova-logo-Marquetti-300x202.jpg 300w\" sizes=\"auto, (max-width: 286px) 100vw, 286px\" \/><\/figure><\/div>\n\n\n\n<p><strong><span class=\"has-inline-color has-vivid-purple-color\">Milhares de crian\u00e7as deslocadas<br><\/span><\/strong>Na regi\u00e3o de Lviv, onde a escola \u00e9 constru\u00edda, mais de 75.000 crian\u00e7as foram deslocadas de suas casas. Por isso, quando o TEAM4UA ofereceu seu servi\u00e7o \u00e0 cidade, a cidade pediu primeiro que uma escola fosse impressa. <\/p>\n\n\n\n<blockquote class=\"wp-block-quote is-layout-flow wp-block-quote-is-layout-flow\"><p><span class=\"has-inline-color has-luminous-vivid-orange-color\">O conflito est\u00e1 colocando em risco o futuro de toda uma gera\u00e7\u00e3o de crian\u00e7as ucranianas\u201d, alertou Jennifer Neelsen, diretora de resposta a crises da World Vision na Ucr\u00e2nia.\u202f<\/span><\/p><\/blockquote>\n\n\n\n<div class=\"wp-block-image\"><figure class=\"aligncenter size-large\"><img loading=\"lazy\" decoding=\"async\" width=\"1024\" height=\"110\" src=\"https:\/\/jornalfatosenoticias.com.br\/wp-content\/uploads\/2023\/03\/Crypton-1120-\u00d7-120-px-1-1024x110.png\" alt=\"\" class=\"wp-image-39211\" srcset=\"https:\/\/jornalfatosenoticias.com.br\/wp-content\/uploads\/2023\/03\/Crypton-1120-\u00d7-120-px-1-1024x110.png 1024w, https:\/\/jornalfatosenoticias.com.br\/wp-content\/uploads\/2023\/03\/Crypton-1120-\u00d7-120-px-1-300x32.png 300w, https:\/\/jornalfatosenoticias.com.br\/wp-content\/uploads\/2023\/03\/Crypton-1120-\u00d7-120-px-1-768x82.png 768w, https:\/\/jornalfatosenoticias.com.br\/wp-content\/uploads\/2023\/03\/Crypton-1120-\u00d7-120-px-1.png 1120w\" sizes=\"auto, (max-width: 1024px) 100vw, 1024px\" \/><\/figure><\/div>\n\n\n\n<p><strong><em>Fonte: <a href=\"https:\/\/olhardigital.com.br\/2023\/07\/11\/ciencia-e-espaco\/escola-impressa-em-3d-e-construida-na-ucrania\/amp\/\">Olhar Digital<\/a><\/em><\/strong><\/p>\n","protected":false},"excerpt":{"rendered":"<p>Escola na zona de guerra de Lviv, na Ucr\u00e2nia, poder\u00e1 abrigar mais de 100 crian\u00e7as; saiba mais detalhes sobre o projeto inovador Por Gabriel S\u00e9rvio Desde o in\u00edcio da invas\u00e3o russa\u00a0em fevereiro do ano passado, mais de duas mil escolas foram destru\u00eddas, segundo o minist\u00e9rio da defesa da Ucr\u00e2nia. Uma ONG quer mudar isso com [&hellip;]<\/p>\n","protected":false},"author":2,"featured_media":43210,"comment_status":"open","ping_status":"open","sticky":false,"template":"","format":"standard","meta":{"footnotes":""},"categories":[41],"tags":[356,13698,5272,10577,20344],"class_list":["post-43209","post","type-post","status-publish","format-standard","has-post-thumbnail","hentry","category-internacional","tag-escolas","tag-guerra-russo-ucraniana","tag-impressao-3d","tag-ucrania","tag-zona-de-guerra"],"yoast_head":"<!-- This site is optimized with the Yoast SEO plugin v26.5 - https:\/\/yoast.com\/wordpress\/plugins\/seo\/ -->\n<title>Primeira escola impressa em 3D \u00e9 constru\u00edda na Ucr\u00e2nia - Jornal Fatos e Not\u00edcias<\/title>\n<meta name=\"robots\" content=\"index, follow, max-snippet:-1, max-image-preview:large, max-video-preview:-1\" \/>\n<link rel=\"canonical\" href=\"https:\/\/jornalfatosenoticias.com.br\/index.php\/2023\/07\/12\/primeira-escola-impressa-em-3d-e-construida-na-ucrania\/\" \/>\n<meta property=\"og:locale\" content=\"pt_BR\" \/>\n<meta property=\"og:type\" content=\"article\" \/>\n<meta property=\"og:title\" content=\"Primeira escola impressa em 3D \u00e9 constru\u00edda na Ucr\u00e2nia - Jornal Fatos e Not\u00edcias\" \/>\n<meta property=\"og:description\" content=\"Escola na zona de guerra de Lviv, na Ucr\u00e2nia, poder\u00e1 abrigar mais de 100 crian\u00e7as; saiba mais detalhes sobre o projeto inovador Por Gabriel S\u00e9rvio Desde o in\u00edcio da invas\u00e3o russa\u00a0em fevereiro do ano passado, mais de duas mil escolas foram destru\u00eddas, segundo o minist\u00e9rio da defesa da Ucr\u00e2nia. Uma ONG quer mudar isso com [&hellip;]\" \/>\n<meta property=\"og:url\" content=\"https:\/\/jornalfatosenoticias.com.br\/index.php\/2023\/07\/12\/primeira-escola-impressa-em-3d-e-construida-na-ucrania\/\" \/>\n<meta property=\"og:site_name\" content=\"Jornal Fatos e Not\u00edcias\" \/>\n<meta property=\"article:published_time\" content=\"2023-07-12T12:50:53+00:00\" \/>\n<meta property=\"article:modified_time\" content=\"2023-07-12T12:50:55+00:00\" \/>\n<meta property=\"og:image\" content=\"https:\/\/jornalfatosenoticias.com.br\/wp-content\/uploads\/2023\/07\/escola-impressa-3d.jpg\" \/>\n\t<meta property=\"og:image:width\" content=\"1000\" \/>\n\t<meta property=\"og:image:height\" content=\"562\" \/>\n\t<meta property=\"og:image:type\" content=\"image\/jpeg\" \/>\n<meta name=\"author\" content=\"Luzimara Fernandes\" \/>\n<meta name=\"twitter:card\" content=\"summary_large_image\" \/>\n<meta name=\"twitter:label1\" content=\"Escrito por\" \/>\n\t<meta name=\"twitter:data1\" content=\"Luzimara Fernandes\" \/>\n\t<meta name=\"twitter:label2\" content=\"Est. tempo de leitura\" \/>\n\t<meta name=\"twitter:data2\" content=\"2 minutos\" \/>\n<script type=\"application\/ld+json\" class=\"yoast-schema-graph\">{\"@context\":\"https:\/\/schema.org\",\"@graph\":[{\"@type\":\"Article\",\"@id\":\"https:\/\/jornalfatosenoticias.com.br\/index.php\/2023\/07\/12\/primeira-escola-impressa-em-3d-e-construida-na-ucrania\/#article\",\"isPartOf\":{\"@id\":\"https:\/\/jornalfatosenoticias.com.br\/index.php\/2023\/07\/12\/primeira-escola-impressa-em-3d-e-construida-na-ucrania\/\"},\"author\":{\"name\":\"Luzimara Fernandes\",\"@id\":\"https:\/\/jornalfatosenoticias.com.br\/#\/schema\/person\/d63837fa13ac8666eb9e74e0985d6f81\"},\"headline\":\"Primeira escola impressa em 3D \u00e9 constru\u00edda na Ucr\u00e2nia\",\"datePublished\":\"2023-07-12T12:50:53+00:00\",\"dateModified\":\"2023-07-12T12:50:55+00:00\",\"mainEntityOfPage\":{\"@id\":\"https:\/\/jornalfatosenoticias.com.br\/index.php\/2023\/07\/12\/primeira-escola-impressa-em-3d-e-construida-na-ucrania\/\"},\"wordCount\":451,\"commentCount\":0,\"publisher\":{\"@id\":\"https:\/\/jornalfatosenoticias.com.br\/#organization\"},\"image\":{\"@id\":\"https:\/\/jornalfatosenoticias.com.br\/index.php\/2023\/07\/12\/primeira-escola-impressa-em-3d-e-construida-na-ucrania\/#primaryimage\"},\"thumbnailUrl\":\"https:\/\/jornalfatosenoticias.com.br\/wp-content\/uploads\/2023\/07\/escola-impressa-3d.jpg\",\"keywords\":[\"escolas\",\"guerra russo-ucraniana\",\"impress\u00e3o 3D\",\"Ucr\u00e2nia\",\"zona de guerra\"],\"articleSection\":[\"Internacional\"],\"inLanguage\":\"pt-BR\",\"potentialAction\":[{\"@type\":\"CommentAction\",\"name\":\"Comment\",\"target\":[\"https:\/\/jornalfatosenoticias.com.br\/index.php\/2023\/07\/12\/primeira-escola-impressa-em-3d-e-construida-na-ucrania\/#respond\"]}]},{\"@type\":\"WebPage\",\"@id\":\"https:\/\/jornalfatosenoticias.com.br\/index.php\/2023\/07\/12\/primeira-escola-impressa-em-3d-e-construida-na-ucrania\/\",\"url\":\"https:\/\/jornalfatosenoticias.com.br\/index.php\/2023\/07\/12\/primeira-escola-impressa-em-3d-e-construida-na-ucrania\/\",\"name\":\"Primeira escola impressa em 3D \u00e9 constru\u00edda na Ucr\u00e2nia - Jornal Fatos e Not\u00edcias\",\"isPartOf\":{\"@id\":\"https:\/\/jornalfatosenoticias.com.br\/#website\"},\"primaryImageOfPage\":{\"@id\":\"https:\/\/jornalfatosenoticias.com.br\/index.php\/2023\/07\/12\/primeira-escola-impressa-em-3d-e-construida-na-ucrania\/#primaryimage\"},\"image\":{\"@id\":\"https:\/\/jornalfatosenoticias.com.br\/index.php\/2023\/07\/12\/primeira-escola-impressa-em-3d-e-construida-na-ucrania\/#primaryimage\"},\"thumbnailUrl\":\"https:\/\/jornalfatosenoticias.com.br\/wp-content\/uploads\/2023\/07\/escola-impressa-3d.jpg\",\"datePublished\":\"2023-07-12T12:50:53+00:00\",\"dateModified\":\"2023-07-12T12:50:55+00:00\",\"breadcrumb\":{\"@id\":\"https:\/\/jornalfatosenoticias.com.br\/index.php\/2023\/07\/12\/primeira-escola-impressa-em-3d-e-construida-na-ucrania\/#breadcrumb\"},\"inLanguage\":\"pt-BR\",\"potentialAction\":[{\"@type\":\"ReadAction\",\"target\":[\"https:\/\/jornalfatosenoticias.com.br\/index.php\/2023\/07\/12\/primeira-escola-impressa-em-3d-e-construida-na-ucrania\/\"]}]},{\"@type\":\"ImageObject\",\"inLanguage\":\"pt-BR\",\"@id\":\"https:\/\/jornalfatosenoticias.com.br\/index.php\/2023\/07\/12\/primeira-escola-impressa-em-3d-e-construida-na-ucrania\/#primaryimage\",\"url\":\"https:\/\/jornalfatosenoticias.com.br\/wp-content\/uploads\/2023\/07\/escola-impressa-3d.jpg\",\"contentUrl\":\"https:\/\/jornalfatosenoticias.com.br\/wp-content\/uploads\/2023\/07\/escola-impressa-3d.jpg\",\"width\":1000,\"height\":562},{\"@type\":\"BreadcrumbList\",\"@id\":\"https:\/\/jornalfatosenoticias.com.br\/index.php\/2023\/07\/12\/primeira-escola-impressa-em-3d-e-construida-na-ucrania\/#breadcrumb\",\"itemListElement\":[{\"@type\":\"ListItem\",\"position\":1,\"name\":\"In\u00edcio\",\"item\":\"https:\/\/jornalfatosenoticias.com.br\/\"},{\"@type\":\"ListItem\",\"position\":2,\"name\":\"Primeira escola impressa em 3D \u00e9 constru\u00edda na Ucr\u00e2nia\"}]},{\"@type\":\"WebSite\",\"@id\":\"https:\/\/jornalfatosenoticias.com.br\/#website\",\"url\":\"https:\/\/jornalfatosenoticias.com.br\/\",\"name\":\"Jornal Fatos e Not\u00edcias\",\"description\":\"Not\u00edcias em geral\",\"publisher\":{\"@id\":\"https:\/\/jornalfatosenoticias.com.br\/#organization\"},\"potentialAction\":[{\"@type\":\"SearchAction\",\"target\":{\"@type\":\"EntryPoint\",\"urlTemplate\":\"https:\/\/jornalfatosenoticias.com.br\/?s={search_term_string}\"},\"query-input\":{\"@type\":\"PropertyValueSpecification\",\"valueRequired\":true,\"valueName\":\"search_term_string\"}}],\"inLanguage\":\"pt-BR\"},{\"@type\":\"Organization\",\"@id\":\"https:\/\/jornalfatosenoticias.com.br\/#organization\",\"name\":\"Jornal Fatos e Not\u00edcias\",\"url\":\"https:\/\/jornalfatosenoticias.com.br\/\",\"logo\":{\"@type\":\"ImageObject\",\"inLanguage\":\"pt-BR\",\"@id\":\"https:\/\/jornalfatosenoticias.com.br\/#\/schema\/logo\/image\/\",\"url\":\"https:\/\/jornalfatosenoticias.com.br\/wp-content\/uploads\/2020\/02\/logo120.png\",\"contentUrl\":\"https:\/\/jornalfatosenoticias.com.br\/wp-content\/uploads\/2020\/02\/logo120.png\",\"width\":1227,\"height\":120,\"caption\":\"Jornal Fatos e Not\u00edcias\"},\"image\":{\"@id\":\"https:\/\/jornalfatosenoticias.com.br\/#\/schema\/logo\/image\/\"}},{\"@type\":\"Person\",\"@id\":\"https:\/\/jornalfatosenoticias.com.br\/#\/schema\/person\/d63837fa13ac8666eb9e74e0985d6f81\",\"name\":\"Luzimara Fernandes\",\"image\":{\"@type\":\"ImageObject\",\"inLanguage\":\"pt-BR\",\"@id\":\"https:\/\/jornalfatosenoticias.com.br\/#\/schema\/person\/image\/\",\"url\":\"https:\/\/jornalfatosenoticias.com.br\/wp-content\/uploads\/2025\/05\/EU_portal.jpg\",\"contentUrl\":\"https:\/\/jornalfatosenoticias.com.br\/wp-content\/uploads\/2025\/05\/EU_portal.jpg\",\"caption\":\"Luzimara Fernandes\"},\"description\":\"Jornalista MTB 2358-ES\",\"sameAs\":[\"https:\/\/jornalfatosenoticias.com.br\"],\"url\":\"https:\/\/jornalfatosenoticias.com.br\/index.php\/author\/luzimara\/\"}]}<\/script>\n<!-- \/ Yoast SEO plugin. -->","yoast_head_json":{"title":"Primeira escola impressa em 3D \u00e9 constru\u00edda na Ucr\u00e2nia - Jornal Fatos e Not\u00edcias","robots":{"index":"index","follow":"follow","max-snippet":"max-snippet:-1","max-image-preview":"max-image-preview:large","max-video-preview":"max-video-preview:-1"},"canonical":"https:\/\/jornalfatosenoticias.com.br\/index.php\/2023\/07\/12\/primeira-escola-impressa-em-3d-e-construida-na-ucrania\/","og_locale":"pt_BR","og_type":"article","og_title":"Primeira escola impressa em 3D \u00e9 constru\u00edda na Ucr\u00e2nia - Jornal Fatos e Not\u00edcias","og_description":"Escola na zona de guerra de Lviv, na Ucr\u00e2nia, poder\u00e1 abrigar mais de 100 crian\u00e7as; saiba mais detalhes sobre o projeto inovador Por Gabriel S\u00e9rvio Desde o in\u00edcio da invas\u00e3o russa\u00a0em fevereiro do ano passado, mais de duas mil escolas foram destru\u00eddas, segundo o minist\u00e9rio da defesa da Ucr\u00e2nia. Uma ONG quer mudar isso com [&hellip;]","og_url":"https:\/\/jornalfatosenoticias.com.br\/index.php\/2023\/07\/12\/primeira-escola-impressa-em-3d-e-construida-na-ucrania\/","og_site_name":"Jornal Fatos e Not\u00edcias","article_published_time":"2023-07-12T12:50:53+00:00","article_modified_time":"2023-07-12T12:50:55+00:00","og_image":[{"width":1000,"height":562,"url":"https:\/\/jornalfatosenoticias.com.br\/wp-content\/uploads\/2023\/07\/escola-impressa-3d.jpg","type":"image\/jpeg"}],"author":"Luzimara Fernandes","twitter_card":"summary_large_image","twitter_misc":{"Escrito por":"Luzimara Fernandes","Est. tempo de leitura":"2 minutos"},"schema":{"@context":"https:\/\/schema.org","@graph":[{"@type":"Article","@id":"https:\/\/jornalfatosenoticias.com.br\/index.php\/2023\/07\/12\/primeira-escola-impressa-em-3d-e-construida-na-ucrania\/#article","isPartOf":{"@id":"https:\/\/jornalfatosenoticias.com.br\/index.php\/2023\/07\/12\/primeira-escola-impressa-em-3d-e-construida-na-ucrania\/"},"author":{"name":"Luzimara Fernandes","@id":"https:\/\/jornalfatosenoticias.com.br\/#\/schema\/person\/d63837fa13ac8666eb9e74e0985d6f81"},"headline":"Primeira escola impressa em 3D \u00e9 constru\u00edda na Ucr\u00e2nia","datePublished":"2023-07-12T12:50:53+00:00","dateModified":"2023-07-12T12:50:55+00:00","mainEntityOfPage":{"@id":"https:\/\/jornalfatosenoticias.com.br\/index.php\/2023\/07\/12\/primeira-escola-impressa-em-3d-e-construida-na-ucrania\/"},"wordCount":451,"commentCount":0,"publisher":{"@id":"https:\/\/jornalfatosenoticias.com.br\/#organization"},"image":{"@id":"https:\/\/jornalfatosenoticias.com.br\/index.php\/2023\/07\/12\/primeira-escola-impressa-em-3d-e-construida-na-ucrania\/#primaryimage"},"thumbnailUrl":"https:\/\/jornalfatosenoticias.com.br\/wp-content\/uploads\/2023\/07\/escola-impressa-3d.jpg","keywords":["escolas","guerra russo-ucraniana","impress\u00e3o 3D","Ucr\u00e2nia","zona de guerra"],"articleSection":["Internacional"],"inLanguage":"pt-BR","potentialAction":[{"@type":"CommentAction","name":"Comment","target":["https:\/\/jornalfatosenoticias.com.br\/index.php\/2023\/07\/12\/primeira-escola-impressa-em-3d-e-construida-na-ucrania\/#respond"]}]},{"@type":"WebPage","@id":"https:\/\/jornalfatosenoticias.com.br\/index.php\/2023\/07\/12\/primeira-escola-impressa-em-3d-e-construida-na-ucrania\/","url":"https:\/\/jornalfatosenoticias.com.br\/index.php\/2023\/07\/12\/primeira-escola-impressa-em-3d-e-construida-na-ucrania\/","name":"Primeira escola impressa em 3D \u00e9 constru\u00edda na Ucr\u00e2nia - Jornal Fatos e Not\u00edcias","isPartOf":{"@id":"https:\/\/jornalfatosenoticias.com.br\/#website"},"primaryImageOfPage":{"@id":"https:\/\/jornalfatosenoticias.com.br\/index.php\/2023\/07\/12\/primeira-escola-impressa-em-3d-e-construida-na-ucrania\/#primaryimage"},"image":{"@id":"https:\/\/jornalfatosenoticias.com.br\/index.php\/2023\/07\/12\/primeira-escola-impressa-em-3d-e-construida-na-ucrania\/#primaryimage"},"thumbnailUrl":"https:\/\/jornalfatosenoticias.com.br\/wp-content\/uploads\/2023\/07\/escola-impressa-3d.jpg","datePublished":"2023-07-12T12:50:53+00:00","dateModified":"2023-07-12T12:50:55+00:00","breadcrumb":{"@id":"https:\/\/jornalfatosenoticias.com.br\/index.php\/2023\/07\/12\/primeira-escola-impressa-em-3d-e-construida-na-ucrania\/#breadcrumb"},"inLanguage":"pt-BR","potentialAction":[{"@type":"ReadAction","target":["https:\/\/jornalfatosenoticias.com.br\/index.php\/2023\/07\/12\/primeira-escola-impressa-em-3d-e-construida-na-ucrania\/"]}]},{"@type":"ImageObject","inLanguage":"pt-BR","@id":"https:\/\/jornalfatosenoticias.com.br\/index.php\/2023\/07\/12\/primeira-escola-impressa-em-3d-e-construida-na-ucrania\/#primaryimage","url":"https:\/\/jornalfatosenoticias.com.br\/wp-content\/uploads\/2023\/07\/escola-impressa-3d.jpg","contentUrl":"https:\/\/jornalfatosenoticias.com.br\/wp-content\/uploads\/2023\/07\/escola-impressa-3d.jpg","width":1000,"height":562},{"@type":"BreadcrumbList","@id":"https:\/\/jornalfatosenoticias.com.br\/index.php\/2023\/07\/12\/primeira-escola-impressa-em-3d-e-construida-na-ucrania\/#breadcrumb","itemListElement":[{"@type":"ListItem","position":1,"name":"In\u00edcio","item":"https:\/\/jornalfatosenoticias.com.br\/"},{"@type":"ListItem","position":2,"name":"Primeira escola impressa em 3D \u00e9 constru\u00edda na Ucr\u00e2nia"}]},{"@type":"WebSite","@id":"https:\/\/jornalfatosenoticias.com.br\/#website","url":"https:\/\/jornalfatosenoticias.com.br\/","name":"Jornal Fatos e Not\u00edcias","description":"Not\u00edcias em geral","publisher":{"@id":"https:\/\/jornalfatosenoticias.com.br\/#organization"},"potentialAction":[{"@type":"SearchAction","target":{"@type":"EntryPoint","urlTemplate":"https:\/\/jornalfatosenoticias.com.br\/?s={search_term_string}"},"query-input":{"@type":"PropertyValueSpecification","valueRequired":true,"valueName":"search_term_string"}}],"inLanguage":"pt-BR"},{"@type":"Organization","@id":"https:\/\/jornalfatosenoticias.com.br\/#organization","name":"Jornal Fatos e Not\u00edcias","url":"https:\/\/jornalfatosenoticias.com.br\/","logo":{"@type":"ImageObject","inLanguage":"pt-BR","@id":"https:\/\/jornalfatosenoticias.com.br\/#\/schema\/logo\/image\/","url":"https:\/\/jornalfatosenoticias.com.br\/wp-content\/uploads\/2020\/02\/logo120.png","contentUrl":"https:\/\/jornalfatosenoticias.com.br\/wp-content\/uploads\/2020\/02\/logo120.png","width":1227,"height":120,"caption":"Jornal Fatos e Not\u00edcias"},"image":{"@id":"https:\/\/jornalfatosenoticias.com.br\/#\/schema\/logo\/image\/"}},{"@type":"Person","@id":"https:\/\/jornalfatosenoticias.com.br\/#\/schema\/person\/d63837fa13ac8666eb9e74e0985d6f81","name":"Luzimara Fernandes","image":{"@type":"ImageObject","inLanguage":"pt-BR","@id":"https:\/\/jornalfatosenoticias.com.br\/#\/schema\/person\/image\/","url":"https:\/\/jornalfatosenoticias.com.br\/wp-content\/uploads\/2025\/05\/EU_portal.jpg","contentUrl":"https:\/\/jornalfatosenoticias.com.br\/wp-content\/uploads\/2025\/05\/EU_portal.jpg","caption":"Luzimara Fernandes"},"description":"Jornalista MTB 2358-ES","sameAs":["https:\/\/jornalfatosenoticias.com.br"],"url":"https:\/\/jornalfatosenoticias.com.br\/index.php\/author\/luzimara\/"}]}},"cc_featured_image_caption":{"caption_text":"(Foto: Reprodu\u00e7\u00e3o\/TEAM4UA)","source_text":"","source_url":""},"jetpack_featured_media_url":"https:\/\/jornalfatosenoticias.com.br\/wp-content\/uploads\/2023\/07\/escola-impressa-3d.jpg","_links":{"self":[{"href":"https:\/\/jornalfatosenoticias.com.br\/index.php\/wp-json\/wp\/v2\/posts\/43209","targetHints":{"allow":["GET"]}}],"collection":[{"href":"https:\/\/jornalfatosenoticias.com.br\/index.php\/wp-json\/wp\/v2\/posts"}],"about":[{"href":"https:\/\/jornalfatosenoticias.com.br\/index.php\/wp-json\/wp\/v2\/types\/post"}],"author":[{"embeddable":true,"href":"https:\/\/jornalfatosenoticias.com.br\/index.php\/wp-json\/wp\/v2\/users\/2"}],"replies":[{"embeddable":true,"href":"https:\/\/jornalfatosenoticias.com.br\/index.php\/wp-json\/wp\/v2\/comments?post=43209"}],"version-history":[{"count":0,"href":"https:\/\/jornalfatosenoticias.com.br\/index.php\/wp-json\/wp\/v2\/posts\/43209\/revisions"}],"wp:featuredmedia":[{"embeddable":true,"href":"https:\/\/jornalfatosenoticias.com.br\/index.php\/wp-json\/wp\/v2\/media\/43210"}],"wp:attachment":[{"href":"https:\/\/jornalfatosenoticias.com.br\/index.php\/wp-json\/wp\/v2\/media?parent=43209"}],"wp:term":[{"taxonomy":"category","embeddable":true,"href":"https:\/\/jornalfatosenoticias.com.br\/index.php\/wp-json\/wp\/v2\/categories?post=43209"},{"taxonomy":"post_tag","embeddable":true,"href":"https:\/\/jornalfatosenoticias.com.br\/index.php\/wp-json\/wp\/v2\/tags?post=43209"}],"curies":[{"name":"wp","href":"https:\/\/api.w.org\/{rel}","templated":true}]}}