{"id":43221,"date":"2023-07-12T10:35:51","date_gmt":"2023-07-12T13:35:51","guid":{"rendered":"https:\/\/jornalfatosenoticias.com.br\/?p=43221"},"modified":"2023-07-12T10:35:53","modified_gmt":"2023-07-12T13:35:53","slug":"neandertais-ja-produziam-farinha-ha-40-mil-anos","status":"publish","type":"post","link":"https:\/\/jornalfatosenoticias.com.br\/index.php\/2023\/07\/12\/neandertais-ja-produziam-farinha-ha-40-mil-anos\/","title":{"rendered":"Neandertais j\u00e1 produziam farinha h\u00e1 40 mil anos"},"content":{"rendered":"\n<p><em><span class=\"has-inline-color has-black-color\">A descoberta de pedras de moagem indica que a farinha fazia parte da alimenta\u00e7\u00e3o dos homin\u00eddeos muito antes do se pensava<\/span><\/em><\/p>\n\n\n\n<p><em><span class=\"has-inline-color has-black-color\">Por <strong><a href=\"https:\/\/olhardigital.com.br\/author\/mateus-dias\/\">Mateus Dias<\/a><\/strong><\/span><\/em><\/p>\n\n\n\n<div class=\"wp-block-image\"><figure class=\"aligncenter size-large\"><img loading=\"lazy\" decoding=\"async\" width=\"1024\" height=\"110\" src=\"https:\/\/jornalfatosenoticias.com.br\/wp-content\/uploads\/2023\/03\/Crypton-1120-\u00d7-120-px-1-1024x110.png\" alt=\"\" class=\"wp-image-39211\" srcset=\"https:\/\/jornalfatosenoticias.com.br\/wp-content\/uploads\/2023\/03\/Crypton-1120-\u00d7-120-px-1-1024x110.png 1024w, https:\/\/jornalfatosenoticias.com.br\/wp-content\/uploads\/2023\/03\/Crypton-1120-\u00d7-120-px-1-300x32.png 300w, https:\/\/jornalfatosenoticias.com.br\/wp-content\/uploads\/2023\/03\/Crypton-1120-\u00d7-120-px-1-768x82.png 768w, https:\/\/jornalfatosenoticias.com.br\/wp-content\/uploads\/2023\/03\/Crypton-1120-\u00d7-120-px-1.png 1120w\" sizes=\"auto, (max-width: 1024px) 100vw, 1024px\" \/><\/figure><\/div>\n\n\n\n<p>A agricultura surgiu durante o per\u00edodo neol\u00edtico h\u00e1 cerca de 12 mil anos, mas antes disso, os humanos j\u00e1 processavam cereais e outras fontes silvestres a fim de se obter <a href=\"https:\/\/olhardigital.com.br\/2023\/05\/22\/ciencia-e-espaco\/po-branco-misterioso-encontrado-em-ruinas-nao-e-o-que-se-pensava\/\" target=\"_blank\" rel=\"noreferrer noopener\">farinha<\/a>. Descobertas recentes, no entanto, apontam que, na verdade, isso era feito muito antes do que se pensava, pelos\u00a0<a href=\"https:\/\/olhardigital.com.br\/2022\/10\/17\/ciencia-e-espaco\/neandertais-e-homo-sapiens-viveram-juntos-por-milhares-de-anos\/\" target=\"_blank\" rel=\"noreferrer noopener\">neandertais<\/a>.<br>Essas descobertas s\u00e3o cinco pedras de moagem encontradas na It\u00e1lia que datam de 39 a 43 mil anos atr\u00e1s, per\u00edodo de transi\u00e7\u00e3o entre o os neandertais, <em>Homo neanderthalensis,<\/em> e os humanos modernos, <em>Homo sapiens.<\/em><br>As evid\u00eancias descritas em artigo na revista <em>Quaternary Science Reviews<\/em> foram encontradas em locais diferentes, algumas em s\u00edtio arqueol\u00f3gicos no norte do pa\u00eds, na Liguria, e outras no sul, na Campania, separados por cerca de 1000 quil\u00f4metros de dist\u00e2ncia.<\/p>\n\n\n\n<div class=\"wp-block-image\"><figure class=\"aligncenter size-large\"><img loading=\"lazy\" decoding=\"async\" width=\"300\" height=\"250\" src=\"https:\/\/jornalfatosenoticias.com.br\/wp-content\/uploads\/2022\/02\/FERRARI_MAQUINAS-E-FERRAMENTAS2.jpg\" alt=\"\" class=\"wp-image-27860\"\/><\/figure><\/div>\n\n\n\n<p>Esses achados indicam que a moagem de gr\u00e3os acontecia muito antes do que se pensava e a produ\u00e7\u00e3o de farinha era um conhecimento compartilhado entre diferentes regi\u00f5es que possu\u00edam costumes alimentares semelhantes.<br>Al\u00e9m disso, as pedras tamb\u00e9m podem indicar a intera\u00e7\u00e3o entre os diferentes grupos de homin\u00eddeos, neandertais e humanos modernos. Uma das pedras de moagem encontradas no norte da It\u00e1lia, \u00e9 a mais antiga evid\u00eancia do processamento de alimentos j\u00e1 encontrada na Europa, no mesmo local que outras duas mil anos mais novas e que pertenceram aos<em> H. sapiens.<\/em> As rochas s\u00e3o muito parecidas com as dos neandertais, no entanto, com modifica\u00e7\u00f5es propositais para melhorias.<\/p>\n\n\n\n<div class=\"wp-block-image\"><figure class=\"aligncenter size-large is-resized\"><img loading=\"lazy\" decoding=\"async\" src=\"https:\/\/jornalfatosenoticias.com.br\/wp-content\/uploads\/2020\/02\/logo-Rapuzel-1024x571.jpg\" alt=\"\" class=\"wp-image-42808\" width=\"357\" height=\"199\" srcset=\"https:\/\/jornalfatosenoticias.com.br\/wp-content\/uploads\/2020\/02\/logo-Rapuzel-1024x571.jpg 1024w, https:\/\/jornalfatosenoticias.com.br\/wp-content\/uploads\/2020\/02\/logo-Rapuzel-300x167.jpg 300w, https:\/\/jornalfatosenoticias.com.br\/wp-content\/uploads\/2020\/02\/logo-Rapuzel-768x428.jpg 768w, https:\/\/jornalfatosenoticias.com.br\/wp-content\/uploads\/2020\/02\/logo-Rapuzel-1536x856.jpg 1536w, https:\/\/jornalfatosenoticias.com.br\/wp-content\/uploads\/2020\/02\/logo-Rapuzel.jpg 1600w\" sizes=\"auto, (max-width: 357px) 100vw, 357px\" \/><\/figure><\/div>\n\n\n\n<p>A utiliza\u00e7\u00e3o de farinha pelos povos n\u00f4mades permitiu que os alimentos pudessem ser guardados e transportados de maneira mais f\u00e1cil, e descobrir quando ela come\u00e7ou a ser produzida pode revelar detalhes da vida desses povos.<br>Al\u00e9m da farinha, j\u00e1 foram encontrados evid\u00eancias de que outros alimentos eram processados antes do surgimento da agricultura, como p\u00e3es e cerveja.<\/p>\n\n\n\n<p><strong><em>Fonte: <a href=\"https:\/\/olhardigital.com.br\/2023\/07\/10\/ciencia-e-espaco\/neandertais-ja-produziam-farinha-ha-40-mil-anos\/\">Olhar Digital<\/a><\/em><\/strong><\/p>\n","protected":false},"excerpt":{"rendered":"<p>A descoberta de pedras de moagem indica que a farinha fazia parte da alimenta\u00e7\u00e3o dos homin\u00eddeos muito antes do se pensava Por Mateus Dias A agricultura surgiu durante o per\u00edodo neol\u00edtico h\u00e1 cerca de 12 mil anos, mas antes disso, os humanos j\u00e1 processavam cereais e outras fontes silvestres a fim de se obter farinha. [&hellip;]<\/p>\n","protected":false},"author":2,"featured_media":43222,"comment_status":"open","ping_status":"open","sticky":false,"template":"","format":"standard","meta":{"footnotes":""},"categories":[9808],"tags":[3061,1666,9811,11898,20351,476],"class_list":["post-43221","post","type-post","status-publish","format-standard","has-post-thumbnail","hentry","category-paleo-arqueologia","tag-agricultura","tag-descoberta","tag-homo-sapiens","tag-neandertal","tag-periodo-neolitico","tag-sitio-arqueologico"],"yoast_head":"<!-- This site is optimized with the Yoast SEO plugin v26.5 - https:\/\/yoast.com\/wordpress\/plugins\/seo\/ -->\n<title>Neandertais j\u00e1 produziam farinha h\u00e1 40 mil anos - Jornal Fatos e Not\u00edcias<\/title>\n<meta name=\"robots\" content=\"index, follow, max-snippet:-1, max-image-preview:large, max-video-preview:-1\" \/>\n<link rel=\"canonical\" href=\"https:\/\/jornalfatosenoticias.com.br\/index.php\/2023\/07\/12\/neandertais-ja-produziam-farinha-ha-40-mil-anos\/\" \/>\n<meta property=\"og:locale\" content=\"pt_BR\" \/>\n<meta property=\"og:type\" content=\"article\" \/>\n<meta property=\"og:title\" content=\"Neandertais j\u00e1 produziam farinha h\u00e1 40 mil anos - Jornal Fatos e Not\u00edcias\" \/>\n<meta property=\"og:description\" content=\"A descoberta de pedras de moagem indica que a farinha fazia parte da alimenta\u00e7\u00e3o dos homin\u00eddeos muito antes do se pensava Por Mateus Dias A agricultura surgiu durante o per\u00edodo neol\u00edtico h\u00e1 cerca de 12 mil anos, mas antes disso, os humanos j\u00e1 processavam cereais e outras fontes silvestres a fim de se obter farinha. [&hellip;]\" \/>\n<meta property=\"og:url\" content=\"https:\/\/jornalfatosenoticias.com.br\/index.php\/2023\/07\/12\/neandertais-ja-produziam-farinha-ha-40-mil-anos\/\" \/>\n<meta property=\"og:site_name\" content=\"Jornal Fatos e Not\u00edcias\" \/>\n<meta property=\"article:published_time\" content=\"2023-07-12T13:35:51+00:00\" \/>\n<meta property=\"article:modified_time\" content=\"2023-07-12T13:35:53+00:00\" \/>\n<meta property=\"og:image\" content=\"https:\/\/jornalfatosenoticias.com.br\/wp-content\/uploads\/2023\/07\/neandertais.jpg\" \/>\n\t<meta property=\"og:image:width\" content=\"1000\" \/>\n\t<meta property=\"og:image:height\" content=\"562\" \/>\n\t<meta property=\"og:image:type\" content=\"image\/jpeg\" \/>\n<meta name=\"author\" content=\"Luzimara Fernandes\" \/>\n<meta name=\"twitter:card\" content=\"summary_large_image\" \/>\n<meta name=\"twitter:label1\" content=\"Escrito por\" \/>\n\t<meta name=\"twitter:data1\" content=\"Luzimara Fernandes\" \/>\n\t<meta name=\"twitter:label2\" content=\"Est. tempo de leitura\" \/>\n\t<meta name=\"twitter:data2\" content=\"2 minutos\" \/>\n<script type=\"application\/ld+json\" class=\"yoast-schema-graph\">{\"@context\":\"https:\/\/schema.org\",\"@graph\":[{\"@type\":\"Article\",\"@id\":\"https:\/\/jornalfatosenoticias.com.br\/index.php\/2023\/07\/12\/neandertais-ja-produziam-farinha-ha-40-mil-anos\/#article\",\"isPartOf\":{\"@id\":\"https:\/\/jornalfatosenoticias.com.br\/index.php\/2023\/07\/12\/neandertais-ja-produziam-farinha-ha-40-mil-anos\/\"},\"author\":{\"name\":\"Luzimara Fernandes\",\"@id\":\"https:\/\/jornalfatosenoticias.com.br\/#\/schema\/person\/d63837fa13ac8666eb9e74e0985d6f81\"},\"headline\":\"Neandertais j\u00e1 produziam farinha h\u00e1 40 mil anos\",\"datePublished\":\"2023-07-12T13:35:51+00:00\",\"dateModified\":\"2023-07-12T13:35:53+00:00\",\"mainEntityOfPage\":{\"@id\":\"https:\/\/jornalfatosenoticias.com.br\/index.php\/2023\/07\/12\/neandertais-ja-produziam-farinha-ha-40-mil-anos\/\"},\"wordCount\":349,\"commentCount\":0,\"publisher\":{\"@id\":\"https:\/\/jornalfatosenoticias.com.br\/#organization\"},\"image\":{\"@id\":\"https:\/\/jornalfatosenoticias.com.br\/index.php\/2023\/07\/12\/neandertais-ja-produziam-farinha-ha-40-mil-anos\/#primaryimage\"},\"thumbnailUrl\":\"https:\/\/jornalfatosenoticias.com.br\/wp-content\/uploads\/2023\/07\/neandertais.jpg\",\"keywords\":[\"agricultura\",\"descoberta\",\"Homo sapiens\",\"neandertal\",\"per\u00edodo neol\u00edtico\",\"s\u00edtio arqueol\u00f3gico\"],\"articleSection\":[\"Paleo &amp; Arqueologia\"],\"inLanguage\":\"pt-BR\",\"potentialAction\":[{\"@type\":\"CommentAction\",\"name\":\"Comment\",\"target\":[\"https:\/\/jornalfatosenoticias.com.br\/index.php\/2023\/07\/12\/neandertais-ja-produziam-farinha-ha-40-mil-anos\/#respond\"]}]},{\"@type\":\"WebPage\",\"@id\":\"https:\/\/jornalfatosenoticias.com.br\/index.php\/2023\/07\/12\/neandertais-ja-produziam-farinha-ha-40-mil-anos\/\",\"url\":\"https:\/\/jornalfatosenoticias.com.br\/index.php\/2023\/07\/12\/neandertais-ja-produziam-farinha-ha-40-mil-anos\/\",\"name\":\"Neandertais j\u00e1 produziam farinha h\u00e1 40 mil anos - Jornal Fatos e Not\u00edcias\",\"isPartOf\":{\"@id\":\"https:\/\/jornalfatosenoticias.com.br\/#website\"},\"primaryImageOfPage\":{\"@id\":\"https:\/\/jornalfatosenoticias.com.br\/index.php\/2023\/07\/12\/neandertais-ja-produziam-farinha-ha-40-mil-anos\/#primaryimage\"},\"image\":{\"@id\":\"https:\/\/jornalfatosenoticias.com.br\/index.php\/2023\/07\/12\/neandertais-ja-produziam-farinha-ha-40-mil-anos\/#primaryimage\"},\"thumbnailUrl\":\"https:\/\/jornalfatosenoticias.com.br\/wp-content\/uploads\/2023\/07\/neandertais.jpg\",\"datePublished\":\"2023-07-12T13:35:51+00:00\",\"dateModified\":\"2023-07-12T13:35:53+00:00\",\"breadcrumb\":{\"@id\":\"https:\/\/jornalfatosenoticias.com.br\/index.php\/2023\/07\/12\/neandertais-ja-produziam-farinha-ha-40-mil-anos\/#breadcrumb\"},\"inLanguage\":\"pt-BR\",\"potentialAction\":[{\"@type\":\"ReadAction\",\"target\":[\"https:\/\/jornalfatosenoticias.com.br\/index.php\/2023\/07\/12\/neandertais-ja-produziam-farinha-ha-40-mil-anos\/\"]}]},{\"@type\":\"ImageObject\",\"inLanguage\":\"pt-BR\",\"@id\":\"https:\/\/jornalfatosenoticias.com.br\/index.php\/2023\/07\/12\/neandertais-ja-produziam-farinha-ha-40-mil-anos\/#primaryimage\",\"url\":\"https:\/\/jornalfatosenoticias.com.br\/wp-content\/uploads\/2023\/07\/neandertais.jpg\",\"contentUrl\":\"https:\/\/jornalfatosenoticias.com.br\/wp-content\/uploads\/2023\/07\/neandertais.jpg\",\"width\":1000,\"height\":562},{\"@type\":\"BreadcrumbList\",\"@id\":\"https:\/\/jornalfatosenoticias.com.br\/index.php\/2023\/07\/12\/neandertais-ja-produziam-farinha-ha-40-mil-anos\/#breadcrumb\",\"itemListElement\":[{\"@type\":\"ListItem\",\"position\":1,\"name\":\"In\u00edcio\",\"item\":\"https:\/\/jornalfatosenoticias.com.br\/\"},{\"@type\":\"ListItem\",\"position\":2,\"name\":\"Neandertais j\u00e1 produziam farinha h\u00e1 40 mil anos\"}]},{\"@type\":\"WebSite\",\"@id\":\"https:\/\/jornalfatosenoticias.com.br\/#website\",\"url\":\"https:\/\/jornalfatosenoticias.com.br\/\",\"name\":\"Jornal Fatos e Not\u00edcias\",\"description\":\"Not\u00edcias em geral\",\"publisher\":{\"@id\":\"https:\/\/jornalfatosenoticias.com.br\/#organization\"},\"potentialAction\":[{\"@type\":\"SearchAction\",\"target\":{\"@type\":\"EntryPoint\",\"urlTemplate\":\"https:\/\/jornalfatosenoticias.com.br\/?s={search_term_string}\"},\"query-input\":{\"@type\":\"PropertyValueSpecification\",\"valueRequired\":true,\"valueName\":\"search_term_string\"}}],\"inLanguage\":\"pt-BR\"},{\"@type\":\"Organization\",\"@id\":\"https:\/\/jornalfatosenoticias.com.br\/#organization\",\"name\":\"Jornal Fatos e Not\u00edcias\",\"url\":\"https:\/\/jornalfatosenoticias.com.br\/\",\"logo\":{\"@type\":\"ImageObject\",\"inLanguage\":\"pt-BR\",\"@id\":\"https:\/\/jornalfatosenoticias.com.br\/#\/schema\/logo\/image\/\",\"url\":\"https:\/\/jornalfatosenoticias.com.br\/wp-content\/uploads\/2020\/02\/logo120.png\",\"contentUrl\":\"https:\/\/jornalfatosenoticias.com.br\/wp-content\/uploads\/2020\/02\/logo120.png\",\"width\":1227,\"height\":120,\"caption\":\"Jornal Fatos e Not\u00edcias\"},\"image\":{\"@id\":\"https:\/\/jornalfatosenoticias.com.br\/#\/schema\/logo\/image\/\"}},{\"@type\":\"Person\",\"@id\":\"https:\/\/jornalfatosenoticias.com.br\/#\/schema\/person\/d63837fa13ac8666eb9e74e0985d6f81\",\"name\":\"Luzimara Fernandes\",\"image\":{\"@type\":\"ImageObject\",\"inLanguage\":\"pt-BR\",\"@id\":\"https:\/\/jornalfatosenoticias.com.br\/#\/schema\/person\/image\/\",\"url\":\"https:\/\/jornalfatosenoticias.com.br\/wp-content\/uploads\/2025\/05\/EU_portal.jpg\",\"contentUrl\":\"https:\/\/jornalfatosenoticias.com.br\/wp-content\/uploads\/2025\/05\/EU_portal.jpg\",\"caption\":\"Luzimara Fernandes\"},\"description\":\"Jornalista MTB 2358-ES\",\"sameAs\":[\"https:\/\/jornalfatosenoticias.com.br\"],\"url\":\"https:\/\/jornalfatosenoticias.com.br\/index.php\/author\/luzimara\/\"}]}<\/script>\n<!-- \/ Yoast SEO plugin. -->","yoast_head_json":{"title":"Neandertais j\u00e1 produziam farinha h\u00e1 40 mil anos - Jornal Fatos e Not\u00edcias","robots":{"index":"index","follow":"follow","max-snippet":"max-snippet:-1","max-image-preview":"max-image-preview:large","max-video-preview":"max-video-preview:-1"},"canonical":"https:\/\/jornalfatosenoticias.com.br\/index.php\/2023\/07\/12\/neandertais-ja-produziam-farinha-ha-40-mil-anos\/","og_locale":"pt_BR","og_type":"article","og_title":"Neandertais j\u00e1 produziam farinha h\u00e1 40 mil anos - Jornal Fatos e Not\u00edcias","og_description":"A descoberta de pedras de moagem indica que a farinha fazia parte da alimenta\u00e7\u00e3o dos homin\u00eddeos muito antes do se pensava Por Mateus Dias A agricultura surgiu durante o per\u00edodo neol\u00edtico h\u00e1 cerca de 12 mil anos, mas antes disso, os humanos j\u00e1 processavam cereais e outras fontes silvestres a fim de se obter farinha. [&hellip;]","og_url":"https:\/\/jornalfatosenoticias.com.br\/index.php\/2023\/07\/12\/neandertais-ja-produziam-farinha-ha-40-mil-anos\/","og_site_name":"Jornal Fatos e Not\u00edcias","article_published_time":"2023-07-12T13:35:51+00:00","article_modified_time":"2023-07-12T13:35:53+00:00","og_image":[{"width":1000,"height":562,"url":"https:\/\/jornalfatosenoticias.com.br\/wp-content\/uploads\/2023\/07\/neandertais.jpg","type":"image\/jpeg"}],"author":"Luzimara Fernandes","twitter_card":"summary_large_image","twitter_misc":{"Escrito por":"Luzimara Fernandes","Est. tempo de leitura":"2 minutos"},"schema":{"@context":"https:\/\/schema.org","@graph":[{"@type":"Article","@id":"https:\/\/jornalfatosenoticias.com.br\/index.php\/2023\/07\/12\/neandertais-ja-produziam-farinha-ha-40-mil-anos\/#article","isPartOf":{"@id":"https:\/\/jornalfatosenoticias.com.br\/index.php\/2023\/07\/12\/neandertais-ja-produziam-farinha-ha-40-mil-anos\/"},"author":{"name":"Luzimara Fernandes","@id":"https:\/\/jornalfatosenoticias.com.br\/#\/schema\/person\/d63837fa13ac8666eb9e74e0985d6f81"},"headline":"Neandertais j\u00e1 produziam farinha h\u00e1 40 mil anos","datePublished":"2023-07-12T13:35:51+00:00","dateModified":"2023-07-12T13:35:53+00:00","mainEntityOfPage":{"@id":"https:\/\/jornalfatosenoticias.com.br\/index.php\/2023\/07\/12\/neandertais-ja-produziam-farinha-ha-40-mil-anos\/"},"wordCount":349,"commentCount":0,"publisher":{"@id":"https:\/\/jornalfatosenoticias.com.br\/#organization"},"image":{"@id":"https:\/\/jornalfatosenoticias.com.br\/index.php\/2023\/07\/12\/neandertais-ja-produziam-farinha-ha-40-mil-anos\/#primaryimage"},"thumbnailUrl":"https:\/\/jornalfatosenoticias.com.br\/wp-content\/uploads\/2023\/07\/neandertais.jpg","keywords":["agricultura","descoberta","Homo sapiens","neandertal","per\u00edodo neol\u00edtico","s\u00edtio arqueol\u00f3gico"],"articleSection":["Paleo &amp; Arqueologia"],"inLanguage":"pt-BR","potentialAction":[{"@type":"CommentAction","name":"Comment","target":["https:\/\/jornalfatosenoticias.com.br\/index.php\/2023\/07\/12\/neandertais-ja-produziam-farinha-ha-40-mil-anos\/#respond"]}]},{"@type":"WebPage","@id":"https:\/\/jornalfatosenoticias.com.br\/index.php\/2023\/07\/12\/neandertais-ja-produziam-farinha-ha-40-mil-anos\/","url":"https:\/\/jornalfatosenoticias.com.br\/index.php\/2023\/07\/12\/neandertais-ja-produziam-farinha-ha-40-mil-anos\/","name":"Neandertais j\u00e1 produziam farinha h\u00e1 40 mil anos - Jornal Fatos e Not\u00edcias","isPartOf":{"@id":"https:\/\/jornalfatosenoticias.com.br\/#website"},"primaryImageOfPage":{"@id":"https:\/\/jornalfatosenoticias.com.br\/index.php\/2023\/07\/12\/neandertais-ja-produziam-farinha-ha-40-mil-anos\/#primaryimage"},"image":{"@id":"https:\/\/jornalfatosenoticias.com.br\/index.php\/2023\/07\/12\/neandertais-ja-produziam-farinha-ha-40-mil-anos\/#primaryimage"},"thumbnailUrl":"https:\/\/jornalfatosenoticias.com.br\/wp-content\/uploads\/2023\/07\/neandertais.jpg","datePublished":"2023-07-12T13:35:51+00:00","dateModified":"2023-07-12T13:35:53+00:00","breadcrumb":{"@id":"https:\/\/jornalfatosenoticias.com.br\/index.php\/2023\/07\/12\/neandertais-ja-produziam-farinha-ha-40-mil-anos\/#breadcrumb"},"inLanguage":"pt-BR","potentialAction":[{"@type":"ReadAction","target":["https:\/\/jornalfatosenoticias.com.br\/index.php\/2023\/07\/12\/neandertais-ja-produziam-farinha-ha-40-mil-anos\/"]}]},{"@type":"ImageObject","inLanguage":"pt-BR","@id":"https:\/\/jornalfatosenoticias.com.br\/index.php\/2023\/07\/12\/neandertais-ja-produziam-farinha-ha-40-mil-anos\/#primaryimage","url":"https:\/\/jornalfatosenoticias.com.br\/wp-content\/uploads\/2023\/07\/neandertais.jpg","contentUrl":"https:\/\/jornalfatosenoticias.com.br\/wp-content\/uploads\/2023\/07\/neandertais.jpg","width":1000,"height":562},{"@type":"BreadcrumbList","@id":"https:\/\/jornalfatosenoticias.com.br\/index.php\/2023\/07\/12\/neandertais-ja-produziam-farinha-ha-40-mil-anos\/#breadcrumb","itemListElement":[{"@type":"ListItem","position":1,"name":"In\u00edcio","item":"https:\/\/jornalfatosenoticias.com.br\/"},{"@type":"ListItem","position":2,"name":"Neandertais j\u00e1 produziam farinha h\u00e1 40 mil anos"}]},{"@type":"WebSite","@id":"https:\/\/jornalfatosenoticias.com.br\/#website","url":"https:\/\/jornalfatosenoticias.com.br\/","name":"Jornal Fatos e Not\u00edcias","description":"Not\u00edcias em geral","publisher":{"@id":"https:\/\/jornalfatosenoticias.com.br\/#organization"},"potentialAction":[{"@type":"SearchAction","target":{"@type":"EntryPoint","urlTemplate":"https:\/\/jornalfatosenoticias.com.br\/?s={search_term_string}"},"query-input":{"@type":"PropertyValueSpecification","valueRequired":true,"valueName":"search_term_string"}}],"inLanguage":"pt-BR"},{"@type":"Organization","@id":"https:\/\/jornalfatosenoticias.com.br\/#organization","name":"Jornal Fatos e Not\u00edcias","url":"https:\/\/jornalfatosenoticias.com.br\/","logo":{"@type":"ImageObject","inLanguage":"pt-BR","@id":"https:\/\/jornalfatosenoticias.com.br\/#\/schema\/logo\/image\/","url":"https:\/\/jornalfatosenoticias.com.br\/wp-content\/uploads\/2020\/02\/logo120.png","contentUrl":"https:\/\/jornalfatosenoticias.com.br\/wp-content\/uploads\/2020\/02\/logo120.png","width":1227,"height":120,"caption":"Jornal Fatos e Not\u00edcias"},"image":{"@id":"https:\/\/jornalfatosenoticias.com.br\/#\/schema\/logo\/image\/"}},{"@type":"Person","@id":"https:\/\/jornalfatosenoticias.com.br\/#\/schema\/person\/d63837fa13ac8666eb9e74e0985d6f81","name":"Luzimara Fernandes","image":{"@type":"ImageObject","inLanguage":"pt-BR","@id":"https:\/\/jornalfatosenoticias.com.br\/#\/schema\/person\/image\/","url":"https:\/\/jornalfatosenoticias.com.br\/wp-content\/uploads\/2025\/05\/EU_portal.jpg","contentUrl":"https:\/\/jornalfatosenoticias.com.br\/wp-content\/uploads\/2025\/05\/EU_portal.jpg","caption":"Luzimara Fernandes"},"description":"Jornalista MTB 2358-ES","sameAs":["https:\/\/jornalfatosenoticias.com.br"],"url":"https:\/\/jornalfatosenoticias.com.br\/index.php\/author\/luzimara\/"}]}},"cc_featured_image_caption":{"caption_text":"(Foto: Shutterstock)","source_text":"","source_url":""},"jetpack_featured_media_url":"https:\/\/jornalfatosenoticias.com.br\/wp-content\/uploads\/2023\/07\/neandertais.jpg","_links":{"self":[{"href":"https:\/\/jornalfatosenoticias.com.br\/index.php\/wp-json\/wp\/v2\/posts\/43221","targetHints":{"allow":["GET"]}}],"collection":[{"href":"https:\/\/jornalfatosenoticias.com.br\/index.php\/wp-json\/wp\/v2\/posts"}],"about":[{"href":"https:\/\/jornalfatosenoticias.com.br\/index.php\/wp-json\/wp\/v2\/types\/post"}],"author":[{"embeddable":true,"href":"https:\/\/jornalfatosenoticias.com.br\/index.php\/wp-json\/wp\/v2\/users\/2"}],"replies":[{"embeddable":true,"href":"https:\/\/jornalfatosenoticias.com.br\/index.php\/wp-json\/wp\/v2\/comments?post=43221"}],"version-history":[{"count":0,"href":"https:\/\/jornalfatosenoticias.com.br\/index.php\/wp-json\/wp\/v2\/posts\/43221\/revisions"}],"wp:featuredmedia":[{"embeddable":true,"href":"https:\/\/jornalfatosenoticias.com.br\/index.php\/wp-json\/wp\/v2\/media\/43222"}],"wp:attachment":[{"href":"https:\/\/jornalfatosenoticias.com.br\/index.php\/wp-json\/wp\/v2\/media?parent=43221"}],"wp:term":[{"taxonomy":"category","embeddable":true,"href":"https:\/\/jornalfatosenoticias.com.br\/index.php\/wp-json\/wp\/v2\/categories?post=43221"},{"taxonomy":"post_tag","embeddable":true,"href":"https:\/\/jornalfatosenoticias.com.br\/index.php\/wp-json\/wp\/v2\/tags?post=43221"}],"curies":[{"name":"wp","href":"https:\/\/api.w.org\/{rel}","templated":true}]}}