{"id":43297,"date":"2023-07-14T10:36:26","date_gmt":"2023-07-14T13:36:26","guid":{"rendered":"https:\/\/jornalfatosenoticias.com.br\/?p=43297"},"modified":"2023-07-14T10:36:27","modified_gmt":"2023-07-14T13:36:27","slug":"aeronave-hibrida-do-futuro-pode-transportar-passageiros-e-cargas-a-partir-de-2026","status":"publish","type":"post","link":"https:\/\/jornalfatosenoticias.com.br\/index.php\/2023\/07\/14\/aeronave-hibrida-do-futuro-pode-transportar-passageiros-e-cargas-a-partir-de-2026\/","title":{"rendered":"Aeronave h\u00edbrida do futuro pode transportar passageiros e cargas a partir de 2026"},"content":{"rendered":"\n<p><em><span class=\"has-inline-color has-black-color\">Por <\/span><\/em><strong><span class=\"has-inline-color has-black-color\"><em><a href=\"https:\/\/gizmodo.uol.com.br\/author\/igor-nishikiori\/\">Igor Nishikiori<\/a><\/em><\/span><\/strong><\/p>\n\n\n\n<div class=\"wp-block-image\"><figure class=\"aligncenter size-large\"><img loading=\"lazy\" decoding=\"async\" width=\"1024\" height=\"110\" src=\"https:\/\/jornalfatosenoticias.com.br\/wp-content\/uploads\/2023\/03\/Crypton-1120-\u00d7-120-px-1-1024x110.png\" alt=\"\" class=\"wp-image-39211\" srcset=\"https:\/\/jornalfatosenoticias.com.br\/wp-content\/uploads\/2023\/03\/Crypton-1120-\u00d7-120-px-1-1024x110.png 1024w, https:\/\/jornalfatosenoticias.com.br\/wp-content\/uploads\/2023\/03\/Crypton-1120-\u00d7-120-px-1-300x32.png 300w, https:\/\/jornalfatosenoticias.com.br\/wp-content\/uploads\/2023\/03\/Crypton-1120-\u00d7-120-px-1-768x82.png 768w, https:\/\/jornalfatosenoticias.com.br\/wp-content\/uploads\/2023\/03\/Crypton-1120-\u00d7-120-px-1.png 1120w\" sizes=\"auto, (max-width: 1024px) 100vw, 1024px\" \/><\/figure><\/div>\n\n\n\n<p>J\u00e1 pensou em fazer uma viagem de cruzeiro, mas nas alturas? Isso est\u00e1 mais pr\u00f3ximo de acontecer do que parece. Segundo a empresa brit\u00e2nica Hybrid Air Vehicles (HAV), suas aeronaves h\u00edbridas Airlander 10 devem iniciar as opera\u00e7\u00f5es a partir de 2026, quando entregar\u00e1 10 unidades \u00e0 companhia a\u00e9rea espanhola Air Nostrum.<br>Essas aeronaves h\u00edbridas usam uma combina\u00e7\u00e3o de sustenta\u00e7\u00e3o aerodin\u00e2mica (como nos avi\u00f5es), gases leves (como nos dirig\u00edveis) e o empuxo vetorial (semelhante ao dos helic\u00f3pteros). At\u00e9 40% da sustenta\u00e7\u00e3o do Airlander \u00e9 efeito da aerodin\u00e2mica, enquanto o resto \u00e9 fornecido pelo g\u00e1s h\u00e9lio. Dessa forma, o motor pode funcionar a uma pot\u00eancia menor para mant\u00ea-la no ar, que faz com que o consumo de combust\u00edvel diminua.<\/p>\n\n\n\n<div class=\"wp-block-image\"><figure class=\"aligncenter size-large is-resized\"><img loading=\"lazy\" decoding=\"async\" src=\"https:\/\/jornalfatosenoticias.com.br\/wp-content\/uploads\/2022\/02\/Precisao-Contabilidade-1024x724.jpg\" alt=\"\" class=\"wp-image-28088\" width=\"302\" height=\"213\"\/><\/figure><\/div>\n\n\n\n<p>Segundo a HAV, a primeira vers\u00e3o do Airlander 10 emite 75% menos de g\u00e1s carb\u00f4nico do que os avi\u00f5es normais. A empresa trabalha para que essa emiss\u00e3o seja zerada at\u00e9 2030 com a ado\u00e7\u00e3o de motores el\u00e9tricos. <\/p>\n\n\n\n<blockquote class=\"wp-block-quote is-layout-flow wp-block-quote-is-layout-flow\"><p><span class=\"has-inline-color has-luminous-vivid-orange-color\">Achamos que alcan\u00e7aremos zero emiss\u00f5es mais r\u00e1pido do que qualquer outra forma de avia\u00e7\u00e3o\u201d, disse Nick Allman, chefe de opera\u00e7\u00f5es da empresa, ao <em><a href=\"https:\/\/www.newscientist.com\/video\/2359086-could-this-airship-be-the-future-of-sustainable-aviation\/\">New Scientist<\/a><\/em>.<\/span><\/p><\/blockquote>\n\n\n\n<div class=\"wp-block-image\"><figure class=\"aligncenter size-large\"><img decoding=\"async\" src=\"https:\/\/jornalfatosenoticias.com.br\/wp-content\/uploads\/2020\/02\/barao-das-carnes-300x164-1.jpg\" alt=\"\" class=\"wp-image-34339\"\/><\/figure><\/div>\n\n\n\n<p>Mais do que ser um meio de transporte ecol\u00f3gico, a aeronave h\u00edbrida gigante tamb\u00e9m quer ser uma op\u00e7\u00e3o mais interessante para o turismo de luxo. Como seu motor \u00e9 mais fraco e silencioso, ele produz menos ru\u00eddo do que as turbinas a jato. Seu corpo \u00e9 bem maior, do tamanho de um campo de futebol, ent\u00e3o ele sofre menos turbul\u00eancia, o que proporciona viagens mais est\u00e1veis e confort\u00e1veis.<\/p>\n\n\n\n<div class=\"wp-block-image\"><figure class=\"aligncenter size-large\"><img decoding=\"async\" src=\"https:\/\/jornalfatosenoticias.com.br\/wp-content\/uploads\/2020\/02\/logo_esteio.jpg\" alt=\"\" class=\"wp-image-1214\"\/><\/figure><\/div>\n\n\n\n<p>Segundo a empresa, o modelo padr\u00e3o do Airlander tem capacidade para at\u00e9 100 pessoas. Mas seu interior pode ser configurado para ter algumas dezenas de cabines, um restaurante e um bar, por exemplo. Com janelas que v\u00e3o do ch\u00e3o ao teto, a viagem ainda proporciona uma vista bastante privilegiada.<br>Outra utiliza\u00e7\u00e3o planejada pela HAV \u00e9 a de transporte de cargas. Como esse tipo de aeronave n\u00e3o exige infraestrutura complexa, como aeroporto ou trilhos de trem, ela pode chegar a locais distantes a um custo menor. O \u00fanico requisito necess\u00e1rio \u00e9 uma superf\u00edcie plana com 600 metros de di\u00e2metro. Segundo a empresa, a futura aeronave Airlander 50 ter\u00e1 capacidade para at\u00e9 50 toneladas, algo pr\u00f3ximo ao de um navio cargueiro.<\/p>\n\n\n\n<div class=\"wp-block-image\"><figure class=\"aligncenter size-large is-resized\"><img loading=\"lazy\" decoding=\"async\" src=\"https:\/\/jornalfatosenoticias.com.br\/wp-content\/uploads\/2023\/04\/Logo_MasterMind.jpg\" alt=\"\" class=\"wp-image-40974\" width=\"270\" height=\"197\"\/><\/figure><\/div>\n\n\n\n<p><strong><span class=\"has-inline-color has-black-color\">\u00c9 seguro viajar nele?<br><\/span><\/strong>Apesar das vantagens, o Airlander 10 leva a pior em alguns quesitos. Assim, a mais gritante \u00e9 na quest\u00e3o da velocidade, que chega no m\u00e1ximo a 130 km\/h. Isso \u00e9 bem menos do que trens-bala e avi\u00f5es, por exemplo. A empresa argumenta que, se contar o tempo de deslocamento ao aeroporto e todo o tr\u00e2mite do embarque e desembarque, a diferen\u00e7a no tempo total da viagem \u00e9 consideravelmente menor. Al\u00e9m disso, a aeronave h\u00edbrida pode ficar no ar durante cinco dias.<\/p>\n\n\n\n<div class=\"wp-block-image\"><figure class=\"aligncenter size-large\"><img loading=\"lazy\" decoding=\"async\" width=\"300\" height=\"137\" src=\"https:\/\/jornalfatosenoticias.com.br\/wp-content\/uploads\/2023\/06\/LOGO_JULIANA-GRACA_PORTAL.jpg\" alt=\"\" class=\"wp-image-42597\"\/><\/figure><\/div>\n\n\n\n<p>Outra quest\u00e3o \u00e9 quanto \u00e0 seguran\u00e7a da aeronave. O desastre do Hindenburg de 1937, que pegou fogo e matou 35 pessoas a bordo, criou um trauma mundial. E fez com que os dirig\u00edveis fossem aposentados como meio de transporte. Por\u00e9m, ao contr\u00e1rio dos <a href=\"https:\/\/gizmodo.uol.com.br\/31-fotos-dirigiveis\/\">antigos zeppelins<\/a> lotados de hidrog\u00eanio, os dirig\u00edveis atuais utilizam h\u00e9lio, um g\u00e1s n\u00e3o inflam\u00e1vel, para flutuar.<\/p>\n\n\n\n<div class=\"wp-block-image\"><figure class=\"aligncenter size-large is-resized\"><img loading=\"lazy\" decoding=\"async\" src=\"https:\/\/jornalfatosenoticias.com.br\/wp-content\/uploads\/2020\/02\/casa-do-torresmo_portal.jpg\" alt=\"\" class=\"wp-image-34472\" width=\"259\" height=\"259\" srcset=\"https:\/\/jornalfatosenoticias.com.br\/wp-content\/uploads\/2020\/02\/casa-do-torresmo_portal.jpg 300w, https:\/\/jornalfatosenoticias.com.br\/wp-content\/uploads\/2020\/02\/casa-do-torresmo_portal-150x150.jpg 150w\" sizes=\"auto, (max-width: 259px) 100vw, 259px\" \/><\/figure><\/div>\n\n\n\n<p>Mesmo assim, os avi\u00f5es da HAV j\u00e1 se envolveram em alguns acidentes durante a fase de testes das aeronaves. <a href=\"https:\/\/gizmodo.uol.com.br\/segundo-voo-airlander-acidente\/\">Em 2016<\/a>, seu bico ficou danificado ap\u00f3s uma aterrissagem mal sucedida. Em 2017, uma falha humana ativou o sistema de seguran\u00e7a, que murcho-o ainda em solo. Nos dois casos, a empresa divulgou relat\u00f3rios com as conclus\u00f5es das investiga\u00e7\u00f5es.<\/p>\n\n\n\n<div class=\"wp-block-image\"><figure class=\"aligncenter size-large is-resized\"><img loading=\"lazy\" decoding=\"async\" src=\"https:\/\/jornalfatosenoticias.com.br\/wp-content\/uploads\/2020\/02\/logo-Rapuzel-1024x571.jpg\" alt=\"\" class=\"wp-image-42808\" width=\"338\" height=\"188\" srcset=\"https:\/\/jornalfatosenoticias.com.br\/wp-content\/uploads\/2020\/02\/logo-Rapuzel-1024x571.jpg 1024w, https:\/\/jornalfatosenoticias.com.br\/wp-content\/uploads\/2020\/02\/logo-Rapuzel-300x167.jpg 300w, https:\/\/jornalfatosenoticias.com.br\/wp-content\/uploads\/2020\/02\/logo-Rapuzel-768x428.jpg 768w, https:\/\/jornalfatosenoticias.com.br\/wp-content\/uploads\/2020\/02\/logo-Rapuzel-1536x856.jpg 1536w, https:\/\/jornalfatosenoticias.com.br\/wp-content\/uploads\/2020\/02\/logo-Rapuzel.jpg 1600w\" sizes=\"auto, (max-width: 338px) 100vw, 338px\" \/><\/figure><\/div>\n\n\n\n<p>S\u00f3 o futuro dir\u00e1 se as aeronaves h\u00edbridas conseguir\u00e3o substituir os avi\u00f5es um dia. O problema \u00e9 que as reservas de h\u00e9lio n\u00e3o durar\u00e3o muito tempo, pois especula-se que o consumo delas acabar\u00e1 em at\u00e9 20 anos. At\u00e9 l\u00e1, ser\u00e1 preciso achar um substituto para manter as aeronaves ecologicamente corretas no ar.<\/p>\n\n\n\n<p><strong><em>Fonte: <a href=\"https:\/\/gizmodo.uol.com.br\/aeronave-hibrida-do-futuro-pode-transportar-passageiros-e-cargas-a-partir-de-2026\/\">GizModo<\/a><\/em><\/strong><\/p>\n","protected":false},"excerpt":{"rendered":"<p>Por Igor Nishikiori J\u00e1 pensou em fazer uma viagem de cruzeiro, mas nas alturas? Isso est\u00e1 mais pr\u00f3ximo de acontecer do que parece. Segundo a empresa brit\u00e2nica Hybrid Air Vehicles (HAV), suas aeronaves h\u00edbridas Airlander 10 devem iniciar as opera\u00e7\u00f5es a partir de 2026, quando entregar\u00e1 10 unidades \u00e0 companhia a\u00e9rea espanhola Air Nostrum.Essas aeronaves [&hellip;]<\/p>\n","protected":false},"author":2,"featured_media":43298,"comment_status":"open","ping_status":"open","sticky":false,"template":"","format":"standard","meta":{"footnotes":""},"categories":[3],"tags":[2428,20384,3048,1853],"class_list":["post-43297","post","type-post","status-publish","format-standard","has-post-thumbnail","hentry","category-tecnologia","tag-aeronave","tag-aeronave-hibrida","tag-aviacao","tag-turismo"],"yoast_head":"<!-- This site is optimized with the Yoast SEO plugin v26.5 - https:\/\/yoast.com\/wordpress\/plugins\/seo\/ -->\n<title>Aeronave h\u00edbrida do futuro pode transportar passageiros e cargas a partir de 2026 - Jornal Fatos e Not\u00edcias<\/title>\n<meta name=\"robots\" content=\"index, follow, max-snippet:-1, max-image-preview:large, max-video-preview:-1\" \/>\n<link rel=\"canonical\" href=\"https:\/\/jornalfatosenoticias.com.br\/index.php\/2023\/07\/14\/aeronave-hibrida-do-futuro-pode-transportar-passageiros-e-cargas-a-partir-de-2026\/\" \/>\n<meta property=\"og:locale\" content=\"pt_BR\" \/>\n<meta property=\"og:type\" content=\"article\" \/>\n<meta property=\"og:title\" content=\"Aeronave h\u00edbrida do futuro pode transportar passageiros e cargas a partir de 2026 - Jornal Fatos e Not\u00edcias\" \/>\n<meta property=\"og:description\" content=\"Por Igor Nishikiori J\u00e1 pensou em fazer uma viagem de cruzeiro, mas nas alturas? Isso est\u00e1 mais pr\u00f3ximo de acontecer do que parece. Segundo a empresa brit\u00e2nica Hybrid Air Vehicles (HAV), suas aeronaves h\u00edbridas Airlander 10 devem iniciar as opera\u00e7\u00f5es a partir de 2026, quando entregar\u00e1 10 unidades \u00e0 companhia a\u00e9rea espanhola Air Nostrum.Essas aeronaves [&hellip;]\" \/>\n<meta property=\"og:url\" content=\"https:\/\/jornalfatosenoticias.com.br\/index.php\/2023\/07\/14\/aeronave-hibrida-do-futuro-pode-transportar-passageiros-e-cargas-a-partir-de-2026\/\" \/>\n<meta property=\"og:site_name\" content=\"Jornal Fatos e Not\u00edcias\" \/>\n<meta property=\"article:published_time\" content=\"2023-07-14T13:36:26+00:00\" \/>\n<meta property=\"article:modified_time\" content=\"2023-07-14T13:36:27+00:00\" \/>\n<meta property=\"og:image\" content=\"https:\/\/jornalfatosenoticias.com.br\/wp-content\/uploads\/2023\/07\/airlander-AERONAVE-HIBRIDA.jpg\" \/>\n\t<meta property=\"og:image:width\" content=\"1000\" \/>\n\t<meta property=\"og:image:height\" content=\"600\" \/>\n\t<meta property=\"og:image:type\" content=\"image\/jpeg\" \/>\n<meta name=\"author\" content=\"Luzimara Fernandes\" \/>\n<meta name=\"twitter:card\" content=\"summary_large_image\" \/>\n<meta name=\"twitter:label1\" content=\"Escrito por\" \/>\n\t<meta name=\"twitter:data1\" content=\"Luzimara Fernandes\" \/>\n\t<meta name=\"twitter:label2\" content=\"Est. tempo de leitura\" \/>\n\t<meta name=\"twitter:data2\" content=\"3 minutos\" \/>\n<script type=\"application\/ld+json\" class=\"yoast-schema-graph\">{\"@context\":\"https:\/\/schema.org\",\"@graph\":[{\"@type\":\"Article\",\"@id\":\"https:\/\/jornalfatosenoticias.com.br\/index.php\/2023\/07\/14\/aeronave-hibrida-do-futuro-pode-transportar-passageiros-e-cargas-a-partir-de-2026\/#article\",\"isPartOf\":{\"@id\":\"https:\/\/jornalfatosenoticias.com.br\/index.php\/2023\/07\/14\/aeronave-hibrida-do-futuro-pode-transportar-passageiros-e-cargas-a-partir-de-2026\/\"},\"author\":{\"name\":\"Luzimara Fernandes\",\"@id\":\"https:\/\/jornalfatosenoticias.com.br\/#\/schema\/person\/d63837fa13ac8666eb9e74e0985d6f81\"},\"headline\":\"Aeronave h\u00edbrida do futuro pode transportar passageiros e cargas a partir de 2026\",\"datePublished\":\"2023-07-14T13:36:26+00:00\",\"dateModified\":\"2023-07-14T13:36:27+00:00\",\"mainEntityOfPage\":{\"@id\":\"https:\/\/jornalfatosenoticias.com.br\/index.php\/2023\/07\/14\/aeronave-hibrida-do-futuro-pode-transportar-passageiros-e-cargas-a-partir-de-2026\/\"},\"wordCount\":685,\"commentCount\":0,\"publisher\":{\"@id\":\"https:\/\/jornalfatosenoticias.com.br\/#organization\"},\"image\":{\"@id\":\"https:\/\/jornalfatosenoticias.com.br\/index.php\/2023\/07\/14\/aeronave-hibrida-do-futuro-pode-transportar-passageiros-e-cargas-a-partir-de-2026\/#primaryimage\"},\"thumbnailUrl\":\"https:\/\/jornalfatosenoticias.com.br\/wp-content\/uploads\/2023\/07\/airlander-AERONAVE-HIBRIDA.jpg\",\"keywords\":[\"aeronave\",\"aeronave h\u00edbrida\",\"avia\u00e7\u00e3o\",\"Turismo\"],\"articleSection\":[\"Tecnologia &amp; Inova\u00e7\u00e3o\"],\"inLanguage\":\"pt-BR\",\"potentialAction\":[{\"@type\":\"CommentAction\",\"name\":\"Comment\",\"target\":[\"https:\/\/jornalfatosenoticias.com.br\/index.php\/2023\/07\/14\/aeronave-hibrida-do-futuro-pode-transportar-passageiros-e-cargas-a-partir-de-2026\/#respond\"]}]},{\"@type\":\"WebPage\",\"@id\":\"https:\/\/jornalfatosenoticias.com.br\/index.php\/2023\/07\/14\/aeronave-hibrida-do-futuro-pode-transportar-passageiros-e-cargas-a-partir-de-2026\/\",\"url\":\"https:\/\/jornalfatosenoticias.com.br\/index.php\/2023\/07\/14\/aeronave-hibrida-do-futuro-pode-transportar-passageiros-e-cargas-a-partir-de-2026\/\",\"name\":\"Aeronave h\u00edbrida do futuro pode transportar passageiros e cargas a partir de 2026 - Jornal Fatos e Not\u00edcias\",\"isPartOf\":{\"@id\":\"https:\/\/jornalfatosenoticias.com.br\/#website\"},\"primaryImageOfPage\":{\"@id\":\"https:\/\/jornalfatosenoticias.com.br\/index.php\/2023\/07\/14\/aeronave-hibrida-do-futuro-pode-transportar-passageiros-e-cargas-a-partir-de-2026\/#primaryimage\"},\"image\":{\"@id\":\"https:\/\/jornalfatosenoticias.com.br\/index.php\/2023\/07\/14\/aeronave-hibrida-do-futuro-pode-transportar-passageiros-e-cargas-a-partir-de-2026\/#primaryimage\"},\"thumbnailUrl\":\"https:\/\/jornalfatosenoticias.com.br\/wp-content\/uploads\/2023\/07\/airlander-AERONAVE-HIBRIDA.jpg\",\"datePublished\":\"2023-07-14T13:36:26+00:00\",\"dateModified\":\"2023-07-14T13:36:27+00:00\",\"breadcrumb\":{\"@id\":\"https:\/\/jornalfatosenoticias.com.br\/index.php\/2023\/07\/14\/aeronave-hibrida-do-futuro-pode-transportar-passageiros-e-cargas-a-partir-de-2026\/#breadcrumb\"},\"inLanguage\":\"pt-BR\",\"potentialAction\":[{\"@type\":\"ReadAction\",\"target\":[\"https:\/\/jornalfatosenoticias.com.br\/index.php\/2023\/07\/14\/aeronave-hibrida-do-futuro-pode-transportar-passageiros-e-cargas-a-partir-de-2026\/\"]}]},{\"@type\":\"ImageObject\",\"inLanguage\":\"pt-BR\",\"@id\":\"https:\/\/jornalfatosenoticias.com.br\/index.php\/2023\/07\/14\/aeronave-hibrida-do-futuro-pode-transportar-passageiros-e-cargas-a-partir-de-2026\/#primaryimage\",\"url\":\"https:\/\/jornalfatosenoticias.com.br\/wp-content\/uploads\/2023\/07\/airlander-AERONAVE-HIBRIDA.jpg\",\"contentUrl\":\"https:\/\/jornalfatosenoticias.com.br\/wp-content\/uploads\/2023\/07\/airlander-AERONAVE-HIBRIDA.jpg\",\"width\":1000,\"height\":600},{\"@type\":\"BreadcrumbList\",\"@id\":\"https:\/\/jornalfatosenoticias.com.br\/index.php\/2023\/07\/14\/aeronave-hibrida-do-futuro-pode-transportar-passageiros-e-cargas-a-partir-de-2026\/#breadcrumb\",\"itemListElement\":[{\"@type\":\"ListItem\",\"position\":1,\"name\":\"In\u00edcio\",\"item\":\"https:\/\/jornalfatosenoticias.com.br\/\"},{\"@type\":\"ListItem\",\"position\":2,\"name\":\"Aeronave h\u00edbrida do futuro pode transportar passageiros e cargas a partir de 2026\"}]},{\"@type\":\"WebSite\",\"@id\":\"https:\/\/jornalfatosenoticias.com.br\/#website\",\"url\":\"https:\/\/jornalfatosenoticias.com.br\/\",\"name\":\"Jornal Fatos e Not\u00edcias\",\"description\":\"Not\u00edcias em geral\",\"publisher\":{\"@id\":\"https:\/\/jornalfatosenoticias.com.br\/#organization\"},\"potentialAction\":[{\"@type\":\"SearchAction\",\"target\":{\"@type\":\"EntryPoint\",\"urlTemplate\":\"https:\/\/jornalfatosenoticias.com.br\/?s={search_term_string}\"},\"query-input\":{\"@type\":\"PropertyValueSpecification\",\"valueRequired\":true,\"valueName\":\"search_term_string\"}}],\"inLanguage\":\"pt-BR\"},{\"@type\":\"Organization\",\"@id\":\"https:\/\/jornalfatosenoticias.com.br\/#organization\",\"name\":\"Jornal Fatos e Not\u00edcias\",\"url\":\"https:\/\/jornalfatosenoticias.com.br\/\",\"logo\":{\"@type\":\"ImageObject\",\"inLanguage\":\"pt-BR\",\"@id\":\"https:\/\/jornalfatosenoticias.com.br\/#\/schema\/logo\/image\/\",\"url\":\"https:\/\/jornalfatosenoticias.com.br\/wp-content\/uploads\/2020\/02\/logo120.png\",\"contentUrl\":\"https:\/\/jornalfatosenoticias.com.br\/wp-content\/uploads\/2020\/02\/logo120.png\",\"width\":1227,\"height\":120,\"caption\":\"Jornal Fatos e Not\u00edcias\"},\"image\":{\"@id\":\"https:\/\/jornalfatosenoticias.com.br\/#\/schema\/logo\/image\/\"}},{\"@type\":\"Person\",\"@id\":\"https:\/\/jornalfatosenoticias.com.br\/#\/schema\/person\/d63837fa13ac8666eb9e74e0985d6f81\",\"name\":\"Luzimara Fernandes\",\"image\":{\"@type\":\"ImageObject\",\"inLanguage\":\"pt-BR\",\"@id\":\"https:\/\/jornalfatosenoticias.com.br\/#\/schema\/person\/image\/\",\"url\":\"https:\/\/jornalfatosenoticias.com.br\/wp-content\/uploads\/2025\/05\/EU_portal.jpg\",\"contentUrl\":\"https:\/\/jornalfatosenoticias.com.br\/wp-content\/uploads\/2025\/05\/EU_portal.jpg\",\"caption\":\"Luzimara Fernandes\"},\"description\":\"Jornalista MTB 2358-ES\",\"sameAs\":[\"https:\/\/jornalfatosenoticias.com.br\"],\"url\":\"https:\/\/jornalfatosenoticias.com.br\/index.php\/author\/luzimara\/\"}]}<\/script>\n<!-- \/ Yoast SEO plugin. -->","yoast_head_json":{"title":"Aeronave h\u00edbrida do futuro pode transportar passageiros e cargas a partir de 2026 - Jornal Fatos e Not\u00edcias","robots":{"index":"index","follow":"follow","max-snippet":"max-snippet:-1","max-image-preview":"max-image-preview:large","max-video-preview":"max-video-preview:-1"},"canonical":"https:\/\/jornalfatosenoticias.com.br\/index.php\/2023\/07\/14\/aeronave-hibrida-do-futuro-pode-transportar-passageiros-e-cargas-a-partir-de-2026\/","og_locale":"pt_BR","og_type":"article","og_title":"Aeronave h\u00edbrida do futuro pode transportar passageiros e cargas a partir de 2026 - Jornal Fatos e Not\u00edcias","og_description":"Por Igor Nishikiori J\u00e1 pensou em fazer uma viagem de cruzeiro, mas nas alturas? Isso est\u00e1 mais pr\u00f3ximo de acontecer do que parece. Segundo a empresa brit\u00e2nica Hybrid Air Vehicles (HAV), suas aeronaves h\u00edbridas Airlander 10 devem iniciar as opera\u00e7\u00f5es a partir de 2026, quando entregar\u00e1 10 unidades \u00e0 companhia a\u00e9rea espanhola Air Nostrum.Essas aeronaves [&hellip;]","og_url":"https:\/\/jornalfatosenoticias.com.br\/index.php\/2023\/07\/14\/aeronave-hibrida-do-futuro-pode-transportar-passageiros-e-cargas-a-partir-de-2026\/","og_site_name":"Jornal Fatos e Not\u00edcias","article_published_time":"2023-07-14T13:36:26+00:00","article_modified_time":"2023-07-14T13:36:27+00:00","og_image":[{"width":1000,"height":600,"url":"https:\/\/jornalfatosenoticias.com.br\/wp-content\/uploads\/2023\/07\/airlander-AERONAVE-HIBRIDA.jpg","type":"image\/jpeg"}],"author":"Luzimara Fernandes","twitter_card":"summary_large_image","twitter_misc":{"Escrito por":"Luzimara Fernandes","Est. tempo de leitura":"3 minutos"},"schema":{"@context":"https:\/\/schema.org","@graph":[{"@type":"Article","@id":"https:\/\/jornalfatosenoticias.com.br\/index.php\/2023\/07\/14\/aeronave-hibrida-do-futuro-pode-transportar-passageiros-e-cargas-a-partir-de-2026\/#article","isPartOf":{"@id":"https:\/\/jornalfatosenoticias.com.br\/index.php\/2023\/07\/14\/aeronave-hibrida-do-futuro-pode-transportar-passageiros-e-cargas-a-partir-de-2026\/"},"author":{"name":"Luzimara Fernandes","@id":"https:\/\/jornalfatosenoticias.com.br\/#\/schema\/person\/d63837fa13ac8666eb9e74e0985d6f81"},"headline":"Aeronave h\u00edbrida do futuro pode transportar passageiros e cargas a partir de 2026","datePublished":"2023-07-14T13:36:26+00:00","dateModified":"2023-07-14T13:36:27+00:00","mainEntityOfPage":{"@id":"https:\/\/jornalfatosenoticias.com.br\/index.php\/2023\/07\/14\/aeronave-hibrida-do-futuro-pode-transportar-passageiros-e-cargas-a-partir-de-2026\/"},"wordCount":685,"commentCount":0,"publisher":{"@id":"https:\/\/jornalfatosenoticias.com.br\/#organization"},"image":{"@id":"https:\/\/jornalfatosenoticias.com.br\/index.php\/2023\/07\/14\/aeronave-hibrida-do-futuro-pode-transportar-passageiros-e-cargas-a-partir-de-2026\/#primaryimage"},"thumbnailUrl":"https:\/\/jornalfatosenoticias.com.br\/wp-content\/uploads\/2023\/07\/airlander-AERONAVE-HIBRIDA.jpg","keywords":["aeronave","aeronave h\u00edbrida","avia\u00e7\u00e3o","Turismo"],"articleSection":["Tecnologia &amp; Inova\u00e7\u00e3o"],"inLanguage":"pt-BR","potentialAction":[{"@type":"CommentAction","name":"Comment","target":["https:\/\/jornalfatosenoticias.com.br\/index.php\/2023\/07\/14\/aeronave-hibrida-do-futuro-pode-transportar-passageiros-e-cargas-a-partir-de-2026\/#respond"]}]},{"@type":"WebPage","@id":"https:\/\/jornalfatosenoticias.com.br\/index.php\/2023\/07\/14\/aeronave-hibrida-do-futuro-pode-transportar-passageiros-e-cargas-a-partir-de-2026\/","url":"https:\/\/jornalfatosenoticias.com.br\/index.php\/2023\/07\/14\/aeronave-hibrida-do-futuro-pode-transportar-passageiros-e-cargas-a-partir-de-2026\/","name":"Aeronave h\u00edbrida do futuro pode transportar passageiros e cargas a partir de 2026 - Jornal Fatos e Not\u00edcias","isPartOf":{"@id":"https:\/\/jornalfatosenoticias.com.br\/#website"},"primaryImageOfPage":{"@id":"https:\/\/jornalfatosenoticias.com.br\/index.php\/2023\/07\/14\/aeronave-hibrida-do-futuro-pode-transportar-passageiros-e-cargas-a-partir-de-2026\/#primaryimage"},"image":{"@id":"https:\/\/jornalfatosenoticias.com.br\/index.php\/2023\/07\/14\/aeronave-hibrida-do-futuro-pode-transportar-passageiros-e-cargas-a-partir-de-2026\/#primaryimage"},"thumbnailUrl":"https:\/\/jornalfatosenoticias.com.br\/wp-content\/uploads\/2023\/07\/airlander-AERONAVE-HIBRIDA.jpg","datePublished":"2023-07-14T13:36:26+00:00","dateModified":"2023-07-14T13:36:27+00:00","breadcrumb":{"@id":"https:\/\/jornalfatosenoticias.com.br\/index.php\/2023\/07\/14\/aeronave-hibrida-do-futuro-pode-transportar-passageiros-e-cargas-a-partir-de-2026\/#breadcrumb"},"inLanguage":"pt-BR","potentialAction":[{"@type":"ReadAction","target":["https:\/\/jornalfatosenoticias.com.br\/index.php\/2023\/07\/14\/aeronave-hibrida-do-futuro-pode-transportar-passageiros-e-cargas-a-partir-de-2026\/"]}]},{"@type":"ImageObject","inLanguage":"pt-BR","@id":"https:\/\/jornalfatosenoticias.com.br\/index.php\/2023\/07\/14\/aeronave-hibrida-do-futuro-pode-transportar-passageiros-e-cargas-a-partir-de-2026\/#primaryimage","url":"https:\/\/jornalfatosenoticias.com.br\/wp-content\/uploads\/2023\/07\/airlander-AERONAVE-HIBRIDA.jpg","contentUrl":"https:\/\/jornalfatosenoticias.com.br\/wp-content\/uploads\/2023\/07\/airlander-AERONAVE-HIBRIDA.jpg","width":1000,"height":600},{"@type":"BreadcrumbList","@id":"https:\/\/jornalfatosenoticias.com.br\/index.php\/2023\/07\/14\/aeronave-hibrida-do-futuro-pode-transportar-passageiros-e-cargas-a-partir-de-2026\/#breadcrumb","itemListElement":[{"@type":"ListItem","position":1,"name":"In\u00edcio","item":"https:\/\/jornalfatosenoticias.com.br\/"},{"@type":"ListItem","position":2,"name":"Aeronave h\u00edbrida do futuro pode transportar passageiros e cargas a partir de 2026"}]},{"@type":"WebSite","@id":"https:\/\/jornalfatosenoticias.com.br\/#website","url":"https:\/\/jornalfatosenoticias.com.br\/","name":"Jornal Fatos e Not\u00edcias","description":"Not\u00edcias em geral","publisher":{"@id":"https:\/\/jornalfatosenoticias.com.br\/#organization"},"potentialAction":[{"@type":"SearchAction","target":{"@type":"EntryPoint","urlTemplate":"https:\/\/jornalfatosenoticias.com.br\/?s={search_term_string}"},"query-input":{"@type":"PropertyValueSpecification","valueRequired":true,"valueName":"search_term_string"}}],"inLanguage":"pt-BR"},{"@type":"Organization","@id":"https:\/\/jornalfatosenoticias.com.br\/#organization","name":"Jornal Fatos e Not\u00edcias","url":"https:\/\/jornalfatosenoticias.com.br\/","logo":{"@type":"ImageObject","inLanguage":"pt-BR","@id":"https:\/\/jornalfatosenoticias.com.br\/#\/schema\/logo\/image\/","url":"https:\/\/jornalfatosenoticias.com.br\/wp-content\/uploads\/2020\/02\/logo120.png","contentUrl":"https:\/\/jornalfatosenoticias.com.br\/wp-content\/uploads\/2020\/02\/logo120.png","width":1227,"height":120,"caption":"Jornal Fatos e Not\u00edcias"},"image":{"@id":"https:\/\/jornalfatosenoticias.com.br\/#\/schema\/logo\/image\/"}},{"@type":"Person","@id":"https:\/\/jornalfatosenoticias.com.br\/#\/schema\/person\/d63837fa13ac8666eb9e74e0985d6f81","name":"Luzimara Fernandes","image":{"@type":"ImageObject","inLanguage":"pt-BR","@id":"https:\/\/jornalfatosenoticias.com.br\/#\/schema\/person\/image\/","url":"https:\/\/jornalfatosenoticias.com.br\/wp-content\/uploads\/2025\/05\/EU_portal.jpg","contentUrl":"https:\/\/jornalfatosenoticias.com.br\/wp-content\/uploads\/2025\/05\/EU_portal.jpg","caption":"Luzimara Fernandes"},"description":"Jornalista MTB 2358-ES","sameAs":["https:\/\/jornalfatosenoticias.com.br"],"url":"https:\/\/jornalfatosenoticias.com.br\/index.php\/author\/luzimara\/"}]}},"cc_featured_image_caption":{"caption_text":"(Foto: HAV\/Divulga\u00e7\u00e3o) ","source_text":"","source_url":""},"jetpack_featured_media_url":"https:\/\/jornalfatosenoticias.com.br\/wp-content\/uploads\/2023\/07\/airlander-AERONAVE-HIBRIDA.jpg","_links":{"self":[{"href":"https:\/\/jornalfatosenoticias.com.br\/index.php\/wp-json\/wp\/v2\/posts\/43297","targetHints":{"allow":["GET"]}}],"collection":[{"href":"https:\/\/jornalfatosenoticias.com.br\/index.php\/wp-json\/wp\/v2\/posts"}],"about":[{"href":"https:\/\/jornalfatosenoticias.com.br\/index.php\/wp-json\/wp\/v2\/types\/post"}],"author":[{"embeddable":true,"href":"https:\/\/jornalfatosenoticias.com.br\/index.php\/wp-json\/wp\/v2\/users\/2"}],"replies":[{"embeddable":true,"href":"https:\/\/jornalfatosenoticias.com.br\/index.php\/wp-json\/wp\/v2\/comments?post=43297"}],"version-history":[{"count":0,"href":"https:\/\/jornalfatosenoticias.com.br\/index.php\/wp-json\/wp\/v2\/posts\/43297\/revisions"}],"wp:featuredmedia":[{"embeddable":true,"href":"https:\/\/jornalfatosenoticias.com.br\/index.php\/wp-json\/wp\/v2\/media\/43298"}],"wp:attachment":[{"href":"https:\/\/jornalfatosenoticias.com.br\/index.php\/wp-json\/wp\/v2\/media?parent=43297"}],"wp:term":[{"taxonomy":"category","embeddable":true,"href":"https:\/\/jornalfatosenoticias.com.br\/index.php\/wp-json\/wp\/v2\/categories?post=43297"},{"taxonomy":"post_tag","embeddable":true,"href":"https:\/\/jornalfatosenoticias.com.br\/index.php\/wp-json\/wp\/v2\/tags?post=43297"}],"curies":[{"name":"wp","href":"https:\/\/api.w.org\/{rel}","templated":true}]}}