{"id":43315,"date":"2023-07-14T11:12:33","date_gmt":"2023-07-14T14:12:33","guid":{"rendered":"https:\/\/jornalfatosenoticias.com.br\/?p=43315"},"modified":"2023-07-14T11:42:21","modified_gmt":"2023-07-14T14:42:21","slug":"sao-jose-dos-campos-inicia-testes-com-postes-de-luz-inteligentes","status":"publish","type":"post","link":"https:\/\/jornalfatosenoticias.com.br\/index.php\/2023\/07\/14\/sao-jose-dos-campos-inicia-testes-com-postes-de-luz-inteligentes\/","title":{"rendered":"S\u00e3o Jos\u00e9 dos Campos inicia testes com postes de luz inteligentes"},"content":{"rendered":"\n<p><em><span class=\"has-inline-color has-black-color\">Por <strong><a href=\"https:\/\/gizmodo.uol.com.br\/author\/vinicius-silva\/\">Vin\u00edcius Marques<\/a><\/strong><\/span><\/em><\/p>\n\n\n\n<div class=\"wp-block-image\"><figure class=\"aligncenter size-large\"><img loading=\"lazy\" decoding=\"async\" width=\"1024\" height=\"100\" src=\"https:\/\/jornalfatosenoticias.com.br\/wp-content\/uploads\/2020\/02\/banner_ferramentas-1024x100.jpg\" alt=\"\" class=\"wp-image-1258\" srcset=\"https:\/\/jornalfatosenoticias.com.br\/wp-content\/uploads\/2020\/02\/banner_ferramentas-1024x100.jpg 1024w, https:\/\/jornalfatosenoticias.com.br\/wp-content\/uploads\/2020\/02\/banner_ferramentas-300x29.jpg 300w, https:\/\/jornalfatosenoticias.com.br\/wp-content\/uploads\/2020\/02\/banner_ferramentas-768x75.jpg 768w, https:\/\/jornalfatosenoticias.com.br\/wp-content\/uploads\/2020\/02\/banner_ferramentas.jpg 1227w\" sizes=\"auto, (max-width: 1024px) 100vw, 1024px\" \/><\/figure><\/div>\n\n\n\n<p><a href=\"https:\/\/www.sjc.sp.gov.br\/noticias\/2023\/julho\/03\/sao-jose-tera-projeto-piloto-de-tecnologia-5g-no-centro\/\">S\u00e3o Jos\u00e9 dos Campos<\/a>, cidade no interior de S\u00e3o Paulo, come\u00e7ou um projeto-piloto para testar o&nbsp;<a href=\"https:\/\/gizmodo.uol.com.br\/huawei-pode-ser-banida-do-sistema-de-conexao-5g-de-portugal\/\">5G<\/a> em locais p\u00fablicos. O projeto \u201cConecta 5G\u201d consiste na instala\u00e7\u00e3o de postes inteligentes com alguns recursos como wi-fi e reconhecimento facial.<br>O plano \u00e9 fruto de uma parceria entre o Parque Tecnol\u00f3gico S\u00e3o Jos\u00e9 dos Campos, entidade que promove e incentiva a projetos de inova\u00e7\u00e3o, e a Ag\u00eancia Brasileira de Desenvolvimento Industrial (ABDI). O Conecta 5G consiste na instala\u00e7\u00e3o de onze lumin\u00e1rias inteligentes, em alguns postes localizados na rua Coronel Jos\u00e9 Monteiro, na regi\u00e3o central da cidade. Todos t\u00eam como principal diferencial o 5G para a viabiliza\u00e7\u00e3o do uso de ferramentas como wi-fi, reconhecimento facial e leitura de placas de ve\u00edculos.<\/p>\n\n\n\n<div class=\"wp-block-image\"><figure class=\"aligncenter size-large is-resized\"><img loading=\"lazy\" decoding=\"async\" src=\"https:\/\/jornalfatosenoticias.com.br\/wp-content\/uploads\/2022\/10\/RC_800x750_page-0001.jpg\" alt=\"\" class=\"wp-image-35338\" width=\"283\" height=\"266\" srcset=\"https:\/\/jornalfatosenoticias.com.br\/wp-content\/uploads\/2022\/10\/RC_800x750_page-0001.jpg 400w, https:\/\/jornalfatosenoticias.com.br\/wp-content\/uploads\/2022\/10\/RC_800x750_page-0001-300x281.jpg 300w\" sizes=\"auto, (max-width: 283px) 100vw, 283px\" \/><\/figure><\/div>\n\n\n\n<p>O projeto \u00e9 um dos primeiros dentro do conceito sandbox, que consiste na experimenta\u00e7\u00e3o de projetos em um contexto mais pr\u00f3ximo da realidade. Assim, os profissionais envolvidos poder\u00e3o identificar os desafios e poss\u00edveis obst\u00e1culos para realizar melhorias antes de implement\u00e1-los na sociedade.<\/p>\n\n\n\n<div class=\"wp-block-image\"><figure class=\"aligncenter size-large is-resized\"><img loading=\"lazy\" decoding=\"async\" src=\"https:\/\/jornalfatosenoticias.com.br\/wp-content\/uploads\/2020\/02\/logo-Rapuzel-1024x571.jpg\" alt=\"\" class=\"wp-image-42808\" width=\"349\" height=\"195\" srcset=\"https:\/\/jornalfatosenoticias.com.br\/wp-content\/uploads\/2020\/02\/logo-Rapuzel-1024x571.jpg 1024w, https:\/\/jornalfatosenoticias.com.br\/wp-content\/uploads\/2020\/02\/logo-Rapuzel-300x167.jpg 300w, https:\/\/jornalfatosenoticias.com.br\/wp-content\/uploads\/2020\/02\/logo-Rapuzel-768x428.jpg 768w, https:\/\/jornalfatosenoticias.com.br\/wp-content\/uploads\/2020\/02\/logo-Rapuzel-1536x856.jpg 1536w, https:\/\/jornalfatosenoticias.com.br\/wp-content\/uploads\/2020\/02\/logo-Rapuzel.jpg 1600w\" sizes=\"auto, (max-width: 349px) 100vw, 349px\" \/><\/figure><\/div>\n\n\n\n<p>S\u00e3o Jos\u00e9 dos Campos n\u00e3o \u00e9 a primeira cidade brasileira a receber postes com 5G. No final do ano passado, a orla da praia de Copacabana, na capital do Rio de Janeiro, come\u00e7ou a receber postes com a tecnologia, mas os moradores da regi\u00e3o n\u00e3o gostaram da est\u00e9tica dos objetos e pressionaram pela retirada.<\/p>\n\n\n\n<div class=\"wp-block-image\"><figure class=\"aligncenter size-large is-resized\"><img loading=\"lazy\" decoding=\"async\" src=\"https:\/\/jornalfatosenoticias.com.br\/wp-content\/uploads\/2020\/02\/logo-embacia.jpg\" alt=\"\" class=\"wp-image-33905\" width=\"281\" height=\"281\"\/><\/figure><\/div>\n\n\n\n<p>At\u00e9 mesmo o atual prefeito, Eduardo Paes (PSD-RJ), manifestou-se publicamente criticando o visual das lumin\u00e1rias. O resultado foi a suspens\u00e3o da instala\u00e7\u00e3o e a remo\u00e7\u00e3o dos postes que j\u00e1 haviam sido instalados. Recentemente, a <a href=\"https:\/\/cbn.globoradio.globo.com\/media\/audio\/407900\/cinco-meses-apos-remocao-de-postes-5g-da-tim-na-or.htm\">r\u00e1dio&nbsp;<em>CBN<\/em><\/a>&nbsp;revelou que o impasse na implementa\u00e7\u00e3o dos postes segue sem previs\u00e3o de defini\u00e7\u00e3o.<\/p>\n\n\n\n<p><em><span class=\"has-inline-color has-black-color\"><strong>Foto:<\/strong> Prefeitura de S\u00e3o Jos\u00e9 dos Campos\/Reprodu\u00e7\u00e3o<\/span><\/em><\/p>\n\n\n\n<p><strong><em>Fonte: <a href=\"https:\/\/gizmodo.uol.com.br\/5g-wi-fi-e-reconhecimento-facial-sao-jose-dos-campos-inicia-testes-com-postes-de-luz-inteligentes\/\">GizModo<\/a><\/em><\/strong><\/p>\n","protected":false},"excerpt":{"rendered":"<p>Por Vin\u00edcius Marques S\u00e3o Jos\u00e9 dos Campos, cidade no interior de S\u00e3o Paulo, come\u00e7ou um projeto-piloto para testar o&nbsp;5G em locais p\u00fablicos. O projeto \u201cConecta 5G\u201d consiste na instala\u00e7\u00e3o de postes inteligentes com alguns recursos como wi-fi e reconhecimento facial.O plano \u00e9 fruto de uma parceria entre o Parque Tecnol\u00f3gico S\u00e3o Jos\u00e9 dos Campos, entidade [&hellip;]<\/p>\n","protected":false},"author":2,"featured_media":43316,"comment_status":"open","ping_status":"open","sticky":false,"template":"","format":"standard","meta":{"footnotes":""},"categories":[744],"tags":[1157,4937,1564,20398,4385,14136],"class_list":["post-43315","post","type-post","status-publish","format-standard","has-post-thumbnail","hentry","category-arq-urbanismo","tag-5g","tag-cidades-inteligentes","tag-internet","tag-postes-de-luz-inteligentes","tag-sao-jose-dos-campos","tag-wi-fi"],"yoast_head":"<!-- This site is optimized with the Yoast SEO plugin v26.5 - https:\/\/yoast.com\/wordpress\/plugins\/seo\/ -->\n<title>S\u00e3o Jos\u00e9 dos Campos inicia testes com postes de luz inteligentes - Jornal Fatos e Not\u00edcias<\/title>\n<meta name=\"robots\" content=\"index, follow, max-snippet:-1, max-image-preview:large, max-video-preview:-1\" \/>\n<link rel=\"canonical\" href=\"https:\/\/jornalfatosenoticias.com.br\/index.php\/2023\/07\/14\/sao-jose-dos-campos-inicia-testes-com-postes-de-luz-inteligentes\/\" \/>\n<meta property=\"og:locale\" content=\"pt_BR\" \/>\n<meta property=\"og:type\" content=\"article\" \/>\n<meta property=\"og:title\" content=\"S\u00e3o Jos\u00e9 dos Campos inicia testes com postes de luz inteligentes - Jornal Fatos e Not\u00edcias\" \/>\n<meta property=\"og:description\" content=\"Por Vin\u00edcius Marques S\u00e3o Jos\u00e9 dos Campos, cidade no interior de S\u00e3o Paulo, come\u00e7ou um projeto-piloto para testar o&nbsp;5G em locais p\u00fablicos. O projeto \u201cConecta 5G\u201d consiste na instala\u00e7\u00e3o de postes inteligentes com alguns recursos como wi-fi e reconhecimento facial.O plano \u00e9 fruto de uma parceria entre o Parque Tecnol\u00f3gico S\u00e3o Jos\u00e9 dos Campos, entidade [&hellip;]\" \/>\n<meta property=\"og:url\" content=\"https:\/\/jornalfatosenoticias.com.br\/index.php\/2023\/07\/14\/sao-jose-dos-campos-inicia-testes-com-postes-de-luz-inteligentes\/\" \/>\n<meta property=\"og:site_name\" content=\"Jornal Fatos e Not\u00edcias\" \/>\n<meta property=\"article:published_time\" content=\"2023-07-14T14:12:33+00:00\" \/>\n<meta property=\"article:modified_time\" content=\"2023-07-14T14:42:21+00:00\" \/>\n<meta property=\"og:image\" content=\"https:\/\/jornalfatosenoticias.com.br\/wp-content\/uploads\/2023\/07\/postes-de-luz-inteligentes.jpg\" \/>\n\t<meta property=\"og:image:width\" content=\"1000\" \/>\n\t<meta property=\"og:image:height\" content=\"553\" \/>\n\t<meta property=\"og:image:type\" content=\"image\/jpeg\" \/>\n<meta name=\"author\" content=\"Luzimara Fernandes\" \/>\n<meta name=\"twitter:card\" content=\"summary_large_image\" \/>\n<meta name=\"twitter:label1\" content=\"Escrito por\" \/>\n\t<meta name=\"twitter:data1\" content=\"Luzimara Fernandes\" \/>\n\t<meta name=\"twitter:label2\" content=\"Est. tempo de leitura\" \/>\n\t<meta name=\"twitter:data2\" content=\"2 minutos\" \/>\n<script type=\"application\/ld+json\" class=\"yoast-schema-graph\">{\"@context\":\"https:\/\/schema.org\",\"@graph\":[{\"@type\":\"Article\",\"@id\":\"https:\/\/jornalfatosenoticias.com.br\/index.php\/2023\/07\/14\/sao-jose-dos-campos-inicia-testes-com-postes-de-luz-inteligentes\/#article\",\"isPartOf\":{\"@id\":\"https:\/\/jornalfatosenoticias.com.br\/index.php\/2023\/07\/14\/sao-jose-dos-campos-inicia-testes-com-postes-de-luz-inteligentes\/\"},\"author\":{\"name\":\"Luzimara Fernandes\",\"@id\":\"https:\/\/jornalfatosenoticias.com.br\/#\/schema\/person\/d63837fa13ac8666eb9e74e0985d6f81\"},\"headline\":\"S\u00e3o Jos\u00e9 dos Campos inicia testes com postes de luz inteligentes\",\"datePublished\":\"2023-07-14T14:12:33+00:00\",\"dateModified\":\"2023-07-14T14:42:21+00:00\",\"mainEntityOfPage\":{\"@id\":\"https:\/\/jornalfatosenoticias.com.br\/index.php\/2023\/07\/14\/sao-jose-dos-campos-inicia-testes-com-postes-de-luz-inteligentes\/\"},\"wordCount\":326,\"commentCount\":0,\"publisher\":{\"@id\":\"https:\/\/jornalfatosenoticias.com.br\/#organization\"},\"image\":{\"@id\":\"https:\/\/jornalfatosenoticias.com.br\/index.php\/2023\/07\/14\/sao-jose-dos-campos-inicia-testes-com-postes-de-luz-inteligentes\/#primaryimage\"},\"thumbnailUrl\":\"https:\/\/jornalfatosenoticias.com.br\/wp-content\/uploads\/2023\/07\/postes-de-luz-inteligentes.jpg\",\"keywords\":[\"5G\",\"cidades inteligentes\",\"internet\",\"postes de luz inteligentes\",\"S\u00e3o Jos\u00e9 dos Campos\",\"Wi-Fi\"],\"articleSection\":[\"Arq &amp; Urb\"],\"inLanguage\":\"pt-BR\",\"potentialAction\":[{\"@type\":\"CommentAction\",\"name\":\"Comment\",\"target\":[\"https:\/\/jornalfatosenoticias.com.br\/index.php\/2023\/07\/14\/sao-jose-dos-campos-inicia-testes-com-postes-de-luz-inteligentes\/#respond\"]}]},{\"@type\":\"WebPage\",\"@id\":\"https:\/\/jornalfatosenoticias.com.br\/index.php\/2023\/07\/14\/sao-jose-dos-campos-inicia-testes-com-postes-de-luz-inteligentes\/\",\"url\":\"https:\/\/jornalfatosenoticias.com.br\/index.php\/2023\/07\/14\/sao-jose-dos-campos-inicia-testes-com-postes-de-luz-inteligentes\/\",\"name\":\"S\u00e3o Jos\u00e9 dos Campos inicia testes com postes de luz inteligentes - Jornal Fatos e Not\u00edcias\",\"isPartOf\":{\"@id\":\"https:\/\/jornalfatosenoticias.com.br\/#website\"},\"primaryImageOfPage\":{\"@id\":\"https:\/\/jornalfatosenoticias.com.br\/index.php\/2023\/07\/14\/sao-jose-dos-campos-inicia-testes-com-postes-de-luz-inteligentes\/#primaryimage\"},\"image\":{\"@id\":\"https:\/\/jornalfatosenoticias.com.br\/index.php\/2023\/07\/14\/sao-jose-dos-campos-inicia-testes-com-postes-de-luz-inteligentes\/#primaryimage\"},\"thumbnailUrl\":\"https:\/\/jornalfatosenoticias.com.br\/wp-content\/uploads\/2023\/07\/postes-de-luz-inteligentes.jpg\",\"datePublished\":\"2023-07-14T14:12:33+00:00\",\"dateModified\":\"2023-07-14T14:42:21+00:00\",\"breadcrumb\":{\"@id\":\"https:\/\/jornalfatosenoticias.com.br\/index.php\/2023\/07\/14\/sao-jose-dos-campos-inicia-testes-com-postes-de-luz-inteligentes\/#breadcrumb\"},\"inLanguage\":\"pt-BR\",\"potentialAction\":[{\"@type\":\"ReadAction\",\"target\":[\"https:\/\/jornalfatosenoticias.com.br\/index.php\/2023\/07\/14\/sao-jose-dos-campos-inicia-testes-com-postes-de-luz-inteligentes\/\"]}]},{\"@type\":\"ImageObject\",\"inLanguage\":\"pt-BR\",\"@id\":\"https:\/\/jornalfatosenoticias.com.br\/index.php\/2023\/07\/14\/sao-jose-dos-campos-inicia-testes-com-postes-de-luz-inteligentes\/#primaryimage\",\"url\":\"https:\/\/jornalfatosenoticias.com.br\/wp-content\/uploads\/2023\/07\/postes-de-luz-inteligentes.jpg\",\"contentUrl\":\"https:\/\/jornalfatosenoticias.com.br\/wp-content\/uploads\/2023\/07\/postes-de-luz-inteligentes.jpg\",\"width\":1000,\"height\":553},{\"@type\":\"BreadcrumbList\",\"@id\":\"https:\/\/jornalfatosenoticias.com.br\/index.php\/2023\/07\/14\/sao-jose-dos-campos-inicia-testes-com-postes-de-luz-inteligentes\/#breadcrumb\",\"itemListElement\":[{\"@type\":\"ListItem\",\"position\":1,\"name\":\"In\u00edcio\",\"item\":\"https:\/\/jornalfatosenoticias.com.br\/\"},{\"@type\":\"ListItem\",\"position\":2,\"name\":\"S\u00e3o Jos\u00e9 dos Campos inicia testes com postes de luz inteligentes\"}]},{\"@type\":\"WebSite\",\"@id\":\"https:\/\/jornalfatosenoticias.com.br\/#website\",\"url\":\"https:\/\/jornalfatosenoticias.com.br\/\",\"name\":\"Jornal Fatos e Not\u00edcias\",\"description\":\"Not\u00edcias em geral\",\"publisher\":{\"@id\":\"https:\/\/jornalfatosenoticias.com.br\/#organization\"},\"potentialAction\":[{\"@type\":\"SearchAction\",\"target\":{\"@type\":\"EntryPoint\",\"urlTemplate\":\"https:\/\/jornalfatosenoticias.com.br\/?s={search_term_string}\"},\"query-input\":{\"@type\":\"PropertyValueSpecification\",\"valueRequired\":true,\"valueName\":\"search_term_string\"}}],\"inLanguage\":\"pt-BR\"},{\"@type\":\"Organization\",\"@id\":\"https:\/\/jornalfatosenoticias.com.br\/#organization\",\"name\":\"Jornal Fatos e Not\u00edcias\",\"url\":\"https:\/\/jornalfatosenoticias.com.br\/\",\"logo\":{\"@type\":\"ImageObject\",\"inLanguage\":\"pt-BR\",\"@id\":\"https:\/\/jornalfatosenoticias.com.br\/#\/schema\/logo\/image\/\",\"url\":\"https:\/\/jornalfatosenoticias.com.br\/wp-content\/uploads\/2020\/02\/logo120.png\",\"contentUrl\":\"https:\/\/jornalfatosenoticias.com.br\/wp-content\/uploads\/2020\/02\/logo120.png\",\"width\":1227,\"height\":120,\"caption\":\"Jornal Fatos e Not\u00edcias\"},\"image\":{\"@id\":\"https:\/\/jornalfatosenoticias.com.br\/#\/schema\/logo\/image\/\"}},{\"@type\":\"Person\",\"@id\":\"https:\/\/jornalfatosenoticias.com.br\/#\/schema\/person\/d63837fa13ac8666eb9e74e0985d6f81\",\"name\":\"Luzimara Fernandes\",\"image\":{\"@type\":\"ImageObject\",\"inLanguage\":\"pt-BR\",\"@id\":\"https:\/\/jornalfatosenoticias.com.br\/#\/schema\/person\/image\/\",\"url\":\"https:\/\/jornalfatosenoticias.com.br\/wp-content\/uploads\/2025\/05\/EU_portal.jpg\",\"contentUrl\":\"https:\/\/jornalfatosenoticias.com.br\/wp-content\/uploads\/2025\/05\/EU_portal.jpg\",\"caption\":\"Luzimara Fernandes\"},\"description\":\"Jornalista MTB 2358-ES\",\"sameAs\":[\"https:\/\/jornalfatosenoticias.com.br\"],\"url\":\"https:\/\/jornalfatosenoticias.com.br\/index.php\/author\/luzimara\/\"}]}<\/script>\n<!-- \/ Yoast SEO plugin. -->","yoast_head_json":{"title":"S\u00e3o Jos\u00e9 dos Campos inicia testes com postes de luz inteligentes - Jornal Fatos e Not\u00edcias","robots":{"index":"index","follow":"follow","max-snippet":"max-snippet:-1","max-image-preview":"max-image-preview:large","max-video-preview":"max-video-preview:-1"},"canonical":"https:\/\/jornalfatosenoticias.com.br\/index.php\/2023\/07\/14\/sao-jose-dos-campos-inicia-testes-com-postes-de-luz-inteligentes\/","og_locale":"pt_BR","og_type":"article","og_title":"S\u00e3o Jos\u00e9 dos Campos inicia testes com postes de luz inteligentes - Jornal Fatos e Not\u00edcias","og_description":"Por Vin\u00edcius Marques S\u00e3o Jos\u00e9 dos Campos, cidade no interior de S\u00e3o Paulo, come\u00e7ou um projeto-piloto para testar o&nbsp;5G em locais p\u00fablicos. O projeto \u201cConecta 5G\u201d consiste na instala\u00e7\u00e3o de postes inteligentes com alguns recursos como wi-fi e reconhecimento facial.O plano \u00e9 fruto de uma parceria entre o Parque Tecnol\u00f3gico S\u00e3o Jos\u00e9 dos Campos, entidade [&hellip;]","og_url":"https:\/\/jornalfatosenoticias.com.br\/index.php\/2023\/07\/14\/sao-jose-dos-campos-inicia-testes-com-postes-de-luz-inteligentes\/","og_site_name":"Jornal Fatos e Not\u00edcias","article_published_time":"2023-07-14T14:12:33+00:00","article_modified_time":"2023-07-14T14:42:21+00:00","og_image":[{"width":1000,"height":553,"url":"https:\/\/jornalfatosenoticias.com.br\/wp-content\/uploads\/2023\/07\/postes-de-luz-inteligentes.jpg","type":"image\/jpeg"}],"author":"Luzimara Fernandes","twitter_card":"summary_large_image","twitter_misc":{"Escrito por":"Luzimara Fernandes","Est. tempo de leitura":"2 minutos"},"schema":{"@context":"https:\/\/schema.org","@graph":[{"@type":"Article","@id":"https:\/\/jornalfatosenoticias.com.br\/index.php\/2023\/07\/14\/sao-jose-dos-campos-inicia-testes-com-postes-de-luz-inteligentes\/#article","isPartOf":{"@id":"https:\/\/jornalfatosenoticias.com.br\/index.php\/2023\/07\/14\/sao-jose-dos-campos-inicia-testes-com-postes-de-luz-inteligentes\/"},"author":{"name":"Luzimara Fernandes","@id":"https:\/\/jornalfatosenoticias.com.br\/#\/schema\/person\/d63837fa13ac8666eb9e74e0985d6f81"},"headline":"S\u00e3o Jos\u00e9 dos Campos inicia testes com postes de luz inteligentes","datePublished":"2023-07-14T14:12:33+00:00","dateModified":"2023-07-14T14:42:21+00:00","mainEntityOfPage":{"@id":"https:\/\/jornalfatosenoticias.com.br\/index.php\/2023\/07\/14\/sao-jose-dos-campos-inicia-testes-com-postes-de-luz-inteligentes\/"},"wordCount":326,"commentCount":0,"publisher":{"@id":"https:\/\/jornalfatosenoticias.com.br\/#organization"},"image":{"@id":"https:\/\/jornalfatosenoticias.com.br\/index.php\/2023\/07\/14\/sao-jose-dos-campos-inicia-testes-com-postes-de-luz-inteligentes\/#primaryimage"},"thumbnailUrl":"https:\/\/jornalfatosenoticias.com.br\/wp-content\/uploads\/2023\/07\/postes-de-luz-inteligentes.jpg","keywords":["5G","cidades inteligentes","internet","postes de luz inteligentes","S\u00e3o Jos\u00e9 dos Campos","Wi-Fi"],"articleSection":["Arq &amp; Urb"],"inLanguage":"pt-BR","potentialAction":[{"@type":"CommentAction","name":"Comment","target":["https:\/\/jornalfatosenoticias.com.br\/index.php\/2023\/07\/14\/sao-jose-dos-campos-inicia-testes-com-postes-de-luz-inteligentes\/#respond"]}]},{"@type":"WebPage","@id":"https:\/\/jornalfatosenoticias.com.br\/index.php\/2023\/07\/14\/sao-jose-dos-campos-inicia-testes-com-postes-de-luz-inteligentes\/","url":"https:\/\/jornalfatosenoticias.com.br\/index.php\/2023\/07\/14\/sao-jose-dos-campos-inicia-testes-com-postes-de-luz-inteligentes\/","name":"S\u00e3o Jos\u00e9 dos Campos inicia testes com postes de luz inteligentes - Jornal Fatos e Not\u00edcias","isPartOf":{"@id":"https:\/\/jornalfatosenoticias.com.br\/#website"},"primaryImageOfPage":{"@id":"https:\/\/jornalfatosenoticias.com.br\/index.php\/2023\/07\/14\/sao-jose-dos-campos-inicia-testes-com-postes-de-luz-inteligentes\/#primaryimage"},"image":{"@id":"https:\/\/jornalfatosenoticias.com.br\/index.php\/2023\/07\/14\/sao-jose-dos-campos-inicia-testes-com-postes-de-luz-inteligentes\/#primaryimage"},"thumbnailUrl":"https:\/\/jornalfatosenoticias.com.br\/wp-content\/uploads\/2023\/07\/postes-de-luz-inteligentes.jpg","datePublished":"2023-07-14T14:12:33+00:00","dateModified":"2023-07-14T14:42:21+00:00","breadcrumb":{"@id":"https:\/\/jornalfatosenoticias.com.br\/index.php\/2023\/07\/14\/sao-jose-dos-campos-inicia-testes-com-postes-de-luz-inteligentes\/#breadcrumb"},"inLanguage":"pt-BR","potentialAction":[{"@type":"ReadAction","target":["https:\/\/jornalfatosenoticias.com.br\/index.php\/2023\/07\/14\/sao-jose-dos-campos-inicia-testes-com-postes-de-luz-inteligentes\/"]}]},{"@type":"ImageObject","inLanguage":"pt-BR","@id":"https:\/\/jornalfatosenoticias.com.br\/index.php\/2023\/07\/14\/sao-jose-dos-campos-inicia-testes-com-postes-de-luz-inteligentes\/#primaryimage","url":"https:\/\/jornalfatosenoticias.com.br\/wp-content\/uploads\/2023\/07\/postes-de-luz-inteligentes.jpg","contentUrl":"https:\/\/jornalfatosenoticias.com.br\/wp-content\/uploads\/2023\/07\/postes-de-luz-inteligentes.jpg","width":1000,"height":553},{"@type":"BreadcrumbList","@id":"https:\/\/jornalfatosenoticias.com.br\/index.php\/2023\/07\/14\/sao-jose-dos-campos-inicia-testes-com-postes-de-luz-inteligentes\/#breadcrumb","itemListElement":[{"@type":"ListItem","position":1,"name":"In\u00edcio","item":"https:\/\/jornalfatosenoticias.com.br\/"},{"@type":"ListItem","position":2,"name":"S\u00e3o Jos\u00e9 dos Campos inicia testes com postes de luz inteligentes"}]},{"@type":"WebSite","@id":"https:\/\/jornalfatosenoticias.com.br\/#website","url":"https:\/\/jornalfatosenoticias.com.br\/","name":"Jornal Fatos e Not\u00edcias","description":"Not\u00edcias em geral","publisher":{"@id":"https:\/\/jornalfatosenoticias.com.br\/#organization"},"potentialAction":[{"@type":"SearchAction","target":{"@type":"EntryPoint","urlTemplate":"https:\/\/jornalfatosenoticias.com.br\/?s={search_term_string}"},"query-input":{"@type":"PropertyValueSpecification","valueRequired":true,"valueName":"search_term_string"}}],"inLanguage":"pt-BR"},{"@type":"Organization","@id":"https:\/\/jornalfatosenoticias.com.br\/#organization","name":"Jornal Fatos e Not\u00edcias","url":"https:\/\/jornalfatosenoticias.com.br\/","logo":{"@type":"ImageObject","inLanguage":"pt-BR","@id":"https:\/\/jornalfatosenoticias.com.br\/#\/schema\/logo\/image\/","url":"https:\/\/jornalfatosenoticias.com.br\/wp-content\/uploads\/2020\/02\/logo120.png","contentUrl":"https:\/\/jornalfatosenoticias.com.br\/wp-content\/uploads\/2020\/02\/logo120.png","width":1227,"height":120,"caption":"Jornal Fatos e Not\u00edcias"},"image":{"@id":"https:\/\/jornalfatosenoticias.com.br\/#\/schema\/logo\/image\/"}},{"@type":"Person","@id":"https:\/\/jornalfatosenoticias.com.br\/#\/schema\/person\/d63837fa13ac8666eb9e74e0985d6f81","name":"Luzimara Fernandes","image":{"@type":"ImageObject","inLanguage":"pt-BR","@id":"https:\/\/jornalfatosenoticias.com.br\/#\/schema\/person\/image\/","url":"https:\/\/jornalfatosenoticias.com.br\/wp-content\/uploads\/2025\/05\/EU_portal.jpg","contentUrl":"https:\/\/jornalfatosenoticias.com.br\/wp-content\/uploads\/2025\/05\/EU_portal.jpg","caption":"Luzimara Fernandes"},"description":"Jornalista MTB 2358-ES","sameAs":["https:\/\/jornalfatosenoticias.com.br"],"url":"https:\/\/jornalfatosenoticias.com.br\/index.php\/author\/luzimara\/"}]}},"cc_featured_image_caption":{"caption_text":"","source_text":"","source_url":""},"jetpack_featured_media_url":"https:\/\/jornalfatosenoticias.com.br\/wp-content\/uploads\/2023\/07\/postes-de-luz-inteligentes.jpg","_links":{"self":[{"href":"https:\/\/jornalfatosenoticias.com.br\/index.php\/wp-json\/wp\/v2\/posts\/43315","targetHints":{"allow":["GET"]}}],"collection":[{"href":"https:\/\/jornalfatosenoticias.com.br\/index.php\/wp-json\/wp\/v2\/posts"}],"about":[{"href":"https:\/\/jornalfatosenoticias.com.br\/index.php\/wp-json\/wp\/v2\/types\/post"}],"author":[{"embeddable":true,"href":"https:\/\/jornalfatosenoticias.com.br\/index.php\/wp-json\/wp\/v2\/users\/2"}],"replies":[{"embeddable":true,"href":"https:\/\/jornalfatosenoticias.com.br\/index.php\/wp-json\/wp\/v2\/comments?post=43315"}],"version-history":[{"count":0,"href":"https:\/\/jornalfatosenoticias.com.br\/index.php\/wp-json\/wp\/v2\/posts\/43315\/revisions"}],"wp:featuredmedia":[{"embeddable":true,"href":"https:\/\/jornalfatosenoticias.com.br\/index.php\/wp-json\/wp\/v2\/media\/43316"}],"wp:attachment":[{"href":"https:\/\/jornalfatosenoticias.com.br\/index.php\/wp-json\/wp\/v2\/media?parent=43315"}],"wp:term":[{"taxonomy":"category","embeddable":true,"href":"https:\/\/jornalfatosenoticias.com.br\/index.php\/wp-json\/wp\/v2\/categories?post=43315"},{"taxonomy":"post_tag","embeddable":true,"href":"https:\/\/jornalfatosenoticias.com.br\/index.php\/wp-json\/wp\/v2\/tags?post=43315"}],"curies":[{"name":"wp","href":"https:\/\/api.w.org\/{rel}","templated":true}]}}