{"id":43318,"date":"2023-07-14T11:24:11","date_gmt":"2023-07-14T14:24:11","guid":{"rendered":"https:\/\/jornalfatosenoticias.com.br\/?p=43318"},"modified":"2023-07-14T11:24:13","modified_gmt":"2023-07-14T14:24:13","slug":"sedentarismo-infantil-como-manter-as-criancas-ativas-nas-ferias","status":"publish","type":"post","link":"https:\/\/jornalfatosenoticias.com.br\/index.php\/2023\/07\/14\/sedentarismo-infantil-como-manter-as-criancas-ativas-nas-ferias\/","title":{"rendered":"Sedentarismo infantil: como manter as crian\u00e7as ativas nas f\u00e9rias"},"content":{"rendered":"\n<div class=\"wp-block-image\"><figure class=\"aligncenter size-large\"><img loading=\"lazy\" decoding=\"async\" width=\"729\" height=\"90\" src=\"https:\/\/jornalfatosenoticias.com.br\/wp-content\/uploads\/2020\/02\/Logo_Mizu.png\" alt=\"\" class=\"wp-image-1441\" srcset=\"https:\/\/jornalfatosenoticias.com.br\/wp-content\/uploads\/2020\/02\/Logo_Mizu.png 729w, https:\/\/jornalfatosenoticias.com.br\/wp-content\/uploads\/2020\/02\/Logo_Mizu-300x37.png 300w\" sizes=\"auto, (max-width: 729px) 100vw, 729px\" \/><\/figure><\/div>\n\n\n\n<p>No per\u00edodo do recesso escolar, a preocupa\u00e7\u00e3o com o <a href=\"https:\/\/vitat.com.br\/sedentarismo\/\">sedentarismo<\/a>\u00a0infantil \u00e9 ainda maior, j\u00e1 que as crian\u00e7as costumam sair da rotina, j\u00e1 que n\u00e3o t\u00eam atividades obrigat\u00f3rias. Por ficar mais tempo em casa, os pequenos passam mais tempo em frente \u00e0s telas e longe de brincadeiras que movimentam o corpo. A seguir, entenda as complica\u00e7\u00f5es do sedentarismo infantil.<br>Com o aparecimento de tecnologias cada vez mais acess\u00edveis, muitas vezes os pequenos t\u00eam prefer\u00eancia por passar o tempo livre em frente \u00e0s telas, brincando com videogames e navegando pelas redes sociais ao inv\u00e9s de praticarem brincadeiras mais din\u00e2micas que exijam do corpo. Isto tem se tornado um agravante para o sedentarismo infantil, que ap\u00f3s os tempos de isolamento social sofreu grandes aumentos.<br>Um estudo realizado pela <a href=\"https:\/\/www.unifesp.br\/\" target=\"_blank\" rel=\"noreferrer noopener\"><strong>Universidade Federal de S\u00e3o Paulo (Unifesp)<\/strong><\/a> constatou que, antes da pandemia, 67,8% das crian\u00e7as praticavam atividade f\u00edsica pelo menos duas vezes na semana. Contudo, durante o primeiro m\u00eas de isolamento, o n\u00famero caiu para 9,77%. Al\u00e9m da obesidade, a falta de atividade f\u00edsica \u00e9 capaz de afetar a qualidade do sono, o desempenho nos estudos, causar cansa\u00e7o excessivo e a falta de for\u00e7a muscular.<\/p>\n\n\n\n<div class=\"wp-block-image\"><figure class=\"aligncenter size-large is-resized\"><img loading=\"lazy\" decoding=\"async\" src=\"https:\/\/jornalfatosenoticias.com.br\/wp-content\/uploads\/2023\/04\/Logo_MasterMind.jpg\" alt=\"\" class=\"wp-image-40974\" width=\"362\" height=\"263\"\/><\/figure><\/div>\n\n\n\n<blockquote class=\"wp-block-quote is-layout-flow wp-block-quote-is-layout-flow\"><p><span class=\"has-inline-color has-luminous-vivid-orange-color\">Qualquer atividade, sejam exerc\u00edcios f\u00edsicos, brincadeiras e recrea\u00e7\u00e3o, \u00e9 essencial para o desenvolvimento f\u00edsico, motor, intelectual e social da crian\u00e7a interferindo no seu desenvolvimento integral. Tamb\u00e9m ajuda a prevenir a obesidade infantil\u201d, afirma o m\u00e9dico endocrinologista do Hospital S\u00e3o Francisco, Jos\u00e9 Couto.<\/span><\/p><\/blockquote>\n\n\n\n<div class=\"wp-block-image\"><figure class=\"aligncenter size-large\"><img loading=\"lazy\" decoding=\"async\" width=\"300\" height=\"250\" src=\"https:\/\/jornalfatosenoticias.com.br\/wp-content\/uploads\/2022\/08\/arte-Casarao.jpg\" alt=\"\" class=\"wp-image-33178\"\/><\/figure><\/div>\n\n\n\n<p>O m\u00e9dico acrescenta ainda que a companhia dos pais \u00e9 essencial neste processo e destaca a fun\u00e7\u00e3o social e motivacional das atividades. \u201cO ambiente tamb\u00e9m influencia no comportamento das crian\u00e7as. Por isso, \u00e9 fundamental que os pais sejam exemplos e motivem com brincadeiras e recrea\u00e7\u00f5es, al\u00e9m de mostrarem a import\u00e2ncia da atividade f\u00edsica para a sa\u00fade dos filhos\u201d.<br>Para manter as crian\u00e7as ativas nas f\u00e9rias, o professor de educa\u00e7\u00e3o f\u00edsica, Rodrigo Bueno, indica a pr\u00e1tica de atividades prazerosas que possam ser feitas em grupo. Como por exemplo: andar de bicicleta, de patins, andar ou correr em um parque ou fazer trilhas. <\/p>\n\n\n\n<div class=\"wp-block-image\"><figure class=\"aligncenter size-large is-resized\"><img loading=\"lazy\" decoding=\"async\" src=\"https:\/\/jornalfatosenoticias.com.br\/wp-content\/uploads\/2023\/03\/Crypton-1000-\u00d7-900-px-300x270-1.png\" alt=\"\" class=\"wp-image-40206\" width=\"277\" height=\"249\"\/><\/figure><\/div>\n\n\n\n<blockquote class=\"wp-block-quote is-layout-flow wp-block-quote-is-layout-flow\"><p><span class=\"has-inline-color has-luminous-vivid-orange-color\">A primeira coisa \u00e9 saber o que pode ser mais prazeroso, uma vez que uma pessoa sedent\u00e1ria, ainda mais de f\u00e9rias, estaria em sua <a href=\"https:\/\/vitat.com.br\/zona-de-conforto\/\">zona de conforto<\/a>\u201d, comenta Rodrigo. <\/span><\/p><\/blockquote>\n\n\n\n<div class=\"wp-block-image\"><figure class=\"aligncenter size-large is-resized\"><img loading=\"lazy\" decoding=\"async\" src=\"https:\/\/jornalfatosenoticias.com.br\/wp-content\/uploads\/2023\/03\/logo-Panper_portal.jpg\" alt=\"\" class=\"wp-image-40208\" width=\"312\" height=\"216\" srcset=\"https:\/\/jornalfatosenoticias.com.br\/wp-content\/uploads\/2023\/03\/logo-Panper_portal.jpg 400w, https:\/\/jornalfatosenoticias.com.br\/wp-content\/uploads\/2023\/03\/logo-Panper_portal-300x208.jpg 300w\" sizes=\"auto, (max-width: 312px) 100vw, 312px\" \/><\/figure><\/div>\n\n\n\n<p>J\u00e1 em casa, o profissional recomenda que seja montado um canto atrativo para praticar atividades como polichinelos, <a href=\"https:\/\/vitat.com.br\/corrida\/\">corrida<\/a>\u00a0estacion\u00e1ria, agachamentos ou\u00a0<a href=\"https:\/\/vitat.com.br\/pular-corda\/\">pular corda<\/a>.<br>Mas vale lembrar que uma rotina de exerc\u00edcios durante todo o ano \u00e9 fundamental e, inclusive, auxilia no processo de aprendizagem. Al\u00e9m disso, contribui para a oxigena\u00e7\u00e3o do c\u00e9rebro, para a respira\u00e7\u00e3o, para o controle da <a href=\"https:\/\/vitat.com.br\/ansiedade\/\">ansiedade<\/a>, para a concentra\u00e7\u00e3o e para a velocidade de racioc\u00ednio.<br>Durante o ano letivo, o professor de educa\u00e7\u00e3o f\u00edsica sugere atividades que fa\u00e7am sentido para a crian\u00e7a ou jovem. <\/p>\n\n\n\n<div class=\"wp-block-image\"><figure class=\"aligncenter size-large is-resized\"><img loading=\"lazy\" decoding=\"async\" src=\"https:\/\/jornalfatosenoticias.com.br\/wp-content\/uploads\/2020\/02\/casa-do-torresmo_portal.jpg\" alt=\"\" class=\"wp-image-34472\" width=\"264\" height=\"264\" srcset=\"https:\/\/jornalfatosenoticias.com.br\/wp-content\/uploads\/2020\/02\/casa-do-torresmo_portal.jpg 300w, https:\/\/jornalfatosenoticias.com.br\/wp-content\/uploads\/2020\/02\/casa-do-torresmo_portal-150x150.jpg 150w\" sizes=\"auto, (max-width: 264px) 100vw, 264px\" \/><\/figure><\/div>\n\n\n\n<blockquote class=\"wp-block-quote is-layout-flow wp-block-quote-is-layout-flow\"><p><span class=\"has-inline-color has-luminous-vivid-orange-color\">N\u00e3o \u00e9 impor, \u00e9 mostrar a ela a import\u00e2ncia da atividade f\u00edsica e apresentar op\u00e7\u00f5es que possam gerar a sensa\u00e7\u00e3o de prazer. Pr\u00e1ticas de esportes coletivos s\u00e3o interessantes para incentivar e iniciar na atividade f\u00edsica, pois desenvolvem a intera\u00e7\u00e3o\u201d, pontua o profissional.<\/span><\/p><\/blockquote>\n\n\n\n<p><strong><em>Fonte: <a href=\"https:\/\/vitat.com.br\/sedentarismo-infantil-ferias\/\">Vitat<\/a><\/em><\/strong><\/p>\n","protected":false},"excerpt":{"rendered":"<p>No per\u00edodo do recesso escolar, a preocupa\u00e7\u00e3o com o sedentarismo\u00a0infantil \u00e9 ainda maior, j\u00e1 que as crian\u00e7as costumam sair da rotina, j\u00e1 que n\u00e3o t\u00eam atividades obrigat\u00f3rias. Por ficar mais tempo em casa, os pequenos passam mais tempo em frente \u00e0s telas e longe de brincadeiras que movimentam o corpo. A seguir, entenda as complica\u00e7\u00f5es [&hellip;]<\/p>\n","protected":false},"author":2,"featured_media":43319,"comment_status":"open","ping_status":"open","sticky":false,"template":"","format":"standard","meta":{"footnotes":""},"categories":[42],"tags":[6913,20399,20401,6617,6853,20400],"class_list":["post-43318","post","type-post","status-publish","format-standard","has-post-thumbnail","hentry","category-bem-estar","tag-atividade-fisica","tag-atividade-fisica-criancas","tag-criancas-ativas-nas-ferias","tag-ferias","tag-ferias-escolares","tag-sedentarismo-infantil"],"yoast_head":"<!-- This site is optimized with the Yoast SEO plugin v26.5 - https:\/\/yoast.com\/wordpress\/plugins\/seo\/ -->\n<title>Sedentarismo infantil: como manter as crian\u00e7as ativas nas f\u00e9rias - Jornal Fatos e Not\u00edcias<\/title>\n<meta name=\"robots\" content=\"index, follow, max-snippet:-1, max-image-preview:large, max-video-preview:-1\" \/>\n<link rel=\"canonical\" href=\"https:\/\/jornalfatosenoticias.com.br\/index.php\/2023\/07\/14\/sedentarismo-infantil-como-manter-as-criancas-ativas-nas-ferias\/\" \/>\n<meta property=\"og:locale\" content=\"pt_BR\" \/>\n<meta property=\"og:type\" content=\"article\" \/>\n<meta property=\"og:title\" content=\"Sedentarismo infantil: como manter as crian\u00e7as ativas nas f\u00e9rias - Jornal Fatos e Not\u00edcias\" \/>\n<meta property=\"og:description\" content=\"No per\u00edodo do recesso escolar, a preocupa\u00e7\u00e3o com o sedentarismo\u00a0infantil \u00e9 ainda maior, j\u00e1 que as crian\u00e7as costumam sair da rotina, j\u00e1 que n\u00e3o t\u00eam atividades obrigat\u00f3rias. Por ficar mais tempo em casa, os pequenos passam mais tempo em frente \u00e0s telas e longe de brincadeiras que movimentam o corpo. A seguir, entenda as complica\u00e7\u00f5es [&hellip;]\" \/>\n<meta property=\"og:url\" content=\"https:\/\/jornalfatosenoticias.com.br\/index.php\/2023\/07\/14\/sedentarismo-infantil-como-manter-as-criancas-ativas-nas-ferias\/\" \/>\n<meta property=\"og:site_name\" content=\"Jornal Fatos e Not\u00edcias\" \/>\n<meta property=\"article:published_time\" content=\"2023-07-14T14:24:11+00:00\" \/>\n<meta property=\"article:modified_time\" content=\"2023-07-14T14:24:13+00:00\" \/>\n<meta property=\"og:image\" content=\"https:\/\/jornalfatosenoticias.com.br\/wp-content\/uploads\/2023\/07\/sedentarismo-infantil.jpg\" \/>\n\t<meta property=\"og:image:width\" content=\"900\" \/>\n\t<meta property=\"og:image:height\" content=\"513\" \/>\n\t<meta property=\"og:image:type\" content=\"image\/jpeg\" \/>\n<meta name=\"author\" content=\"Luzimara Fernandes\" \/>\n<meta name=\"twitter:card\" content=\"summary_large_image\" \/>\n<meta name=\"twitter:label1\" content=\"Escrito por\" \/>\n\t<meta name=\"twitter:data1\" content=\"Luzimara Fernandes\" \/>\n\t<meta name=\"twitter:label2\" content=\"Est. tempo de leitura\" \/>\n\t<meta name=\"twitter:data2\" content=\"3 minutos\" \/>\n<script type=\"application\/ld+json\" class=\"yoast-schema-graph\">{\"@context\":\"https:\/\/schema.org\",\"@graph\":[{\"@type\":\"Article\",\"@id\":\"https:\/\/jornalfatosenoticias.com.br\/index.php\/2023\/07\/14\/sedentarismo-infantil-como-manter-as-criancas-ativas-nas-ferias\/#article\",\"isPartOf\":{\"@id\":\"https:\/\/jornalfatosenoticias.com.br\/index.php\/2023\/07\/14\/sedentarismo-infantil-como-manter-as-criancas-ativas-nas-ferias\/\"},\"author\":{\"name\":\"Luzimara Fernandes\",\"@id\":\"https:\/\/jornalfatosenoticias.com.br\/#\/schema\/person\/d63837fa13ac8666eb9e74e0985d6f81\"},\"headline\":\"Sedentarismo infantil: como manter as crian\u00e7as ativas nas f\u00e9rias\",\"datePublished\":\"2023-07-14T14:24:11+00:00\",\"dateModified\":\"2023-07-14T14:24:13+00:00\",\"mainEntityOfPage\":{\"@id\":\"https:\/\/jornalfatosenoticias.com.br\/index.php\/2023\/07\/14\/sedentarismo-infantil-como-manter-as-criancas-ativas-nas-ferias\/\"},\"wordCount\":561,\"commentCount\":0,\"publisher\":{\"@id\":\"https:\/\/jornalfatosenoticias.com.br\/#organization\"},\"image\":{\"@id\":\"https:\/\/jornalfatosenoticias.com.br\/index.php\/2023\/07\/14\/sedentarismo-infantil-como-manter-as-criancas-ativas-nas-ferias\/#primaryimage\"},\"thumbnailUrl\":\"https:\/\/jornalfatosenoticias.com.br\/wp-content\/uploads\/2023\/07\/sedentarismo-infantil.jpg\",\"keywords\":[\"atividade f\u00edsica\",\"atividade f\u00edsica crian\u00e7as\",\"crian\u00e7as ativas nas f\u00e9rias\",\"f\u00e9rias\",\"f\u00e9rias escolares\",\"sedentarismo infantil\"],\"articleSection\":[\"Bem-estar\"],\"inLanguage\":\"pt-BR\",\"potentialAction\":[{\"@type\":\"CommentAction\",\"name\":\"Comment\",\"target\":[\"https:\/\/jornalfatosenoticias.com.br\/index.php\/2023\/07\/14\/sedentarismo-infantil-como-manter-as-criancas-ativas-nas-ferias\/#respond\"]}]},{\"@type\":\"WebPage\",\"@id\":\"https:\/\/jornalfatosenoticias.com.br\/index.php\/2023\/07\/14\/sedentarismo-infantil-como-manter-as-criancas-ativas-nas-ferias\/\",\"url\":\"https:\/\/jornalfatosenoticias.com.br\/index.php\/2023\/07\/14\/sedentarismo-infantil-como-manter-as-criancas-ativas-nas-ferias\/\",\"name\":\"Sedentarismo infantil: como manter as crian\u00e7as ativas nas f\u00e9rias - Jornal Fatos e Not\u00edcias\",\"isPartOf\":{\"@id\":\"https:\/\/jornalfatosenoticias.com.br\/#website\"},\"primaryImageOfPage\":{\"@id\":\"https:\/\/jornalfatosenoticias.com.br\/index.php\/2023\/07\/14\/sedentarismo-infantil-como-manter-as-criancas-ativas-nas-ferias\/#primaryimage\"},\"image\":{\"@id\":\"https:\/\/jornalfatosenoticias.com.br\/index.php\/2023\/07\/14\/sedentarismo-infantil-como-manter-as-criancas-ativas-nas-ferias\/#primaryimage\"},\"thumbnailUrl\":\"https:\/\/jornalfatosenoticias.com.br\/wp-content\/uploads\/2023\/07\/sedentarismo-infantil.jpg\",\"datePublished\":\"2023-07-14T14:24:11+00:00\",\"dateModified\":\"2023-07-14T14:24:13+00:00\",\"breadcrumb\":{\"@id\":\"https:\/\/jornalfatosenoticias.com.br\/index.php\/2023\/07\/14\/sedentarismo-infantil-como-manter-as-criancas-ativas-nas-ferias\/#breadcrumb\"},\"inLanguage\":\"pt-BR\",\"potentialAction\":[{\"@type\":\"ReadAction\",\"target\":[\"https:\/\/jornalfatosenoticias.com.br\/index.php\/2023\/07\/14\/sedentarismo-infantil-como-manter-as-criancas-ativas-nas-ferias\/\"]}]},{\"@type\":\"ImageObject\",\"inLanguage\":\"pt-BR\",\"@id\":\"https:\/\/jornalfatosenoticias.com.br\/index.php\/2023\/07\/14\/sedentarismo-infantil-como-manter-as-criancas-ativas-nas-ferias\/#primaryimage\",\"url\":\"https:\/\/jornalfatosenoticias.com.br\/wp-content\/uploads\/2023\/07\/sedentarismo-infantil.jpg\",\"contentUrl\":\"https:\/\/jornalfatosenoticias.com.br\/wp-content\/uploads\/2023\/07\/sedentarismo-infantil.jpg\",\"width\":900,\"height\":513},{\"@type\":\"BreadcrumbList\",\"@id\":\"https:\/\/jornalfatosenoticias.com.br\/index.php\/2023\/07\/14\/sedentarismo-infantil-como-manter-as-criancas-ativas-nas-ferias\/#breadcrumb\",\"itemListElement\":[{\"@type\":\"ListItem\",\"position\":1,\"name\":\"In\u00edcio\",\"item\":\"https:\/\/jornalfatosenoticias.com.br\/\"},{\"@type\":\"ListItem\",\"position\":2,\"name\":\"Sedentarismo infantil: como manter as crian\u00e7as ativas nas f\u00e9rias\"}]},{\"@type\":\"WebSite\",\"@id\":\"https:\/\/jornalfatosenoticias.com.br\/#website\",\"url\":\"https:\/\/jornalfatosenoticias.com.br\/\",\"name\":\"Jornal Fatos e Not\u00edcias\",\"description\":\"Not\u00edcias em geral\",\"publisher\":{\"@id\":\"https:\/\/jornalfatosenoticias.com.br\/#organization\"},\"potentialAction\":[{\"@type\":\"SearchAction\",\"target\":{\"@type\":\"EntryPoint\",\"urlTemplate\":\"https:\/\/jornalfatosenoticias.com.br\/?s={search_term_string}\"},\"query-input\":{\"@type\":\"PropertyValueSpecification\",\"valueRequired\":true,\"valueName\":\"search_term_string\"}}],\"inLanguage\":\"pt-BR\"},{\"@type\":\"Organization\",\"@id\":\"https:\/\/jornalfatosenoticias.com.br\/#organization\",\"name\":\"Jornal Fatos e Not\u00edcias\",\"url\":\"https:\/\/jornalfatosenoticias.com.br\/\",\"logo\":{\"@type\":\"ImageObject\",\"inLanguage\":\"pt-BR\",\"@id\":\"https:\/\/jornalfatosenoticias.com.br\/#\/schema\/logo\/image\/\",\"url\":\"https:\/\/jornalfatosenoticias.com.br\/wp-content\/uploads\/2020\/02\/logo120.png\",\"contentUrl\":\"https:\/\/jornalfatosenoticias.com.br\/wp-content\/uploads\/2020\/02\/logo120.png\",\"width\":1227,\"height\":120,\"caption\":\"Jornal Fatos e Not\u00edcias\"},\"image\":{\"@id\":\"https:\/\/jornalfatosenoticias.com.br\/#\/schema\/logo\/image\/\"}},{\"@type\":\"Person\",\"@id\":\"https:\/\/jornalfatosenoticias.com.br\/#\/schema\/person\/d63837fa13ac8666eb9e74e0985d6f81\",\"name\":\"Luzimara Fernandes\",\"image\":{\"@type\":\"ImageObject\",\"inLanguage\":\"pt-BR\",\"@id\":\"https:\/\/jornalfatosenoticias.com.br\/#\/schema\/person\/image\/\",\"url\":\"https:\/\/jornalfatosenoticias.com.br\/wp-content\/uploads\/2025\/05\/EU_portal.jpg\",\"contentUrl\":\"https:\/\/jornalfatosenoticias.com.br\/wp-content\/uploads\/2025\/05\/EU_portal.jpg\",\"caption\":\"Luzimara Fernandes\"},\"description\":\"Jornalista MTB 2358-ES\",\"sameAs\":[\"https:\/\/jornalfatosenoticias.com.br\"],\"url\":\"https:\/\/jornalfatosenoticias.com.br\/index.php\/author\/luzimara\/\"}]}<\/script>\n<!-- \/ Yoast SEO plugin. -->","yoast_head_json":{"title":"Sedentarismo infantil: como manter as crian\u00e7as ativas nas f\u00e9rias - Jornal Fatos e Not\u00edcias","robots":{"index":"index","follow":"follow","max-snippet":"max-snippet:-1","max-image-preview":"max-image-preview:large","max-video-preview":"max-video-preview:-1"},"canonical":"https:\/\/jornalfatosenoticias.com.br\/index.php\/2023\/07\/14\/sedentarismo-infantil-como-manter-as-criancas-ativas-nas-ferias\/","og_locale":"pt_BR","og_type":"article","og_title":"Sedentarismo infantil: como manter as crian\u00e7as ativas nas f\u00e9rias - Jornal Fatos e Not\u00edcias","og_description":"No per\u00edodo do recesso escolar, a preocupa\u00e7\u00e3o com o sedentarismo\u00a0infantil \u00e9 ainda maior, j\u00e1 que as crian\u00e7as costumam sair da rotina, j\u00e1 que n\u00e3o t\u00eam atividades obrigat\u00f3rias. Por ficar mais tempo em casa, os pequenos passam mais tempo em frente \u00e0s telas e longe de brincadeiras que movimentam o corpo. A seguir, entenda as complica\u00e7\u00f5es [&hellip;]","og_url":"https:\/\/jornalfatosenoticias.com.br\/index.php\/2023\/07\/14\/sedentarismo-infantil-como-manter-as-criancas-ativas-nas-ferias\/","og_site_name":"Jornal Fatos e Not\u00edcias","article_published_time":"2023-07-14T14:24:11+00:00","article_modified_time":"2023-07-14T14:24:13+00:00","og_image":[{"width":900,"height":513,"url":"https:\/\/jornalfatosenoticias.com.br\/wp-content\/uploads\/2023\/07\/sedentarismo-infantil.jpg","type":"image\/jpeg"}],"author":"Luzimara Fernandes","twitter_card":"summary_large_image","twitter_misc":{"Escrito por":"Luzimara Fernandes","Est. tempo de leitura":"3 minutos"},"schema":{"@context":"https:\/\/schema.org","@graph":[{"@type":"Article","@id":"https:\/\/jornalfatosenoticias.com.br\/index.php\/2023\/07\/14\/sedentarismo-infantil-como-manter-as-criancas-ativas-nas-ferias\/#article","isPartOf":{"@id":"https:\/\/jornalfatosenoticias.com.br\/index.php\/2023\/07\/14\/sedentarismo-infantil-como-manter-as-criancas-ativas-nas-ferias\/"},"author":{"name":"Luzimara Fernandes","@id":"https:\/\/jornalfatosenoticias.com.br\/#\/schema\/person\/d63837fa13ac8666eb9e74e0985d6f81"},"headline":"Sedentarismo infantil: como manter as crian\u00e7as ativas nas f\u00e9rias","datePublished":"2023-07-14T14:24:11+00:00","dateModified":"2023-07-14T14:24:13+00:00","mainEntityOfPage":{"@id":"https:\/\/jornalfatosenoticias.com.br\/index.php\/2023\/07\/14\/sedentarismo-infantil-como-manter-as-criancas-ativas-nas-ferias\/"},"wordCount":561,"commentCount":0,"publisher":{"@id":"https:\/\/jornalfatosenoticias.com.br\/#organization"},"image":{"@id":"https:\/\/jornalfatosenoticias.com.br\/index.php\/2023\/07\/14\/sedentarismo-infantil-como-manter-as-criancas-ativas-nas-ferias\/#primaryimage"},"thumbnailUrl":"https:\/\/jornalfatosenoticias.com.br\/wp-content\/uploads\/2023\/07\/sedentarismo-infantil.jpg","keywords":["atividade f\u00edsica","atividade f\u00edsica crian\u00e7as","crian\u00e7as ativas nas f\u00e9rias","f\u00e9rias","f\u00e9rias escolares","sedentarismo infantil"],"articleSection":["Bem-estar"],"inLanguage":"pt-BR","potentialAction":[{"@type":"CommentAction","name":"Comment","target":["https:\/\/jornalfatosenoticias.com.br\/index.php\/2023\/07\/14\/sedentarismo-infantil-como-manter-as-criancas-ativas-nas-ferias\/#respond"]}]},{"@type":"WebPage","@id":"https:\/\/jornalfatosenoticias.com.br\/index.php\/2023\/07\/14\/sedentarismo-infantil-como-manter-as-criancas-ativas-nas-ferias\/","url":"https:\/\/jornalfatosenoticias.com.br\/index.php\/2023\/07\/14\/sedentarismo-infantil-como-manter-as-criancas-ativas-nas-ferias\/","name":"Sedentarismo infantil: como manter as crian\u00e7as ativas nas f\u00e9rias - Jornal Fatos e Not\u00edcias","isPartOf":{"@id":"https:\/\/jornalfatosenoticias.com.br\/#website"},"primaryImageOfPage":{"@id":"https:\/\/jornalfatosenoticias.com.br\/index.php\/2023\/07\/14\/sedentarismo-infantil-como-manter-as-criancas-ativas-nas-ferias\/#primaryimage"},"image":{"@id":"https:\/\/jornalfatosenoticias.com.br\/index.php\/2023\/07\/14\/sedentarismo-infantil-como-manter-as-criancas-ativas-nas-ferias\/#primaryimage"},"thumbnailUrl":"https:\/\/jornalfatosenoticias.com.br\/wp-content\/uploads\/2023\/07\/sedentarismo-infantil.jpg","datePublished":"2023-07-14T14:24:11+00:00","dateModified":"2023-07-14T14:24:13+00:00","breadcrumb":{"@id":"https:\/\/jornalfatosenoticias.com.br\/index.php\/2023\/07\/14\/sedentarismo-infantil-como-manter-as-criancas-ativas-nas-ferias\/#breadcrumb"},"inLanguage":"pt-BR","potentialAction":[{"@type":"ReadAction","target":["https:\/\/jornalfatosenoticias.com.br\/index.php\/2023\/07\/14\/sedentarismo-infantil-como-manter-as-criancas-ativas-nas-ferias\/"]}]},{"@type":"ImageObject","inLanguage":"pt-BR","@id":"https:\/\/jornalfatosenoticias.com.br\/index.php\/2023\/07\/14\/sedentarismo-infantil-como-manter-as-criancas-ativas-nas-ferias\/#primaryimage","url":"https:\/\/jornalfatosenoticias.com.br\/wp-content\/uploads\/2023\/07\/sedentarismo-infantil.jpg","contentUrl":"https:\/\/jornalfatosenoticias.com.br\/wp-content\/uploads\/2023\/07\/sedentarismo-infantil.jpg","width":900,"height":513},{"@type":"BreadcrumbList","@id":"https:\/\/jornalfatosenoticias.com.br\/index.php\/2023\/07\/14\/sedentarismo-infantil-como-manter-as-criancas-ativas-nas-ferias\/#breadcrumb","itemListElement":[{"@type":"ListItem","position":1,"name":"In\u00edcio","item":"https:\/\/jornalfatosenoticias.com.br\/"},{"@type":"ListItem","position":2,"name":"Sedentarismo infantil: como manter as crian\u00e7as ativas nas f\u00e9rias"}]},{"@type":"WebSite","@id":"https:\/\/jornalfatosenoticias.com.br\/#website","url":"https:\/\/jornalfatosenoticias.com.br\/","name":"Jornal Fatos e Not\u00edcias","description":"Not\u00edcias em geral","publisher":{"@id":"https:\/\/jornalfatosenoticias.com.br\/#organization"},"potentialAction":[{"@type":"SearchAction","target":{"@type":"EntryPoint","urlTemplate":"https:\/\/jornalfatosenoticias.com.br\/?s={search_term_string}"},"query-input":{"@type":"PropertyValueSpecification","valueRequired":true,"valueName":"search_term_string"}}],"inLanguage":"pt-BR"},{"@type":"Organization","@id":"https:\/\/jornalfatosenoticias.com.br\/#organization","name":"Jornal Fatos e Not\u00edcias","url":"https:\/\/jornalfatosenoticias.com.br\/","logo":{"@type":"ImageObject","inLanguage":"pt-BR","@id":"https:\/\/jornalfatosenoticias.com.br\/#\/schema\/logo\/image\/","url":"https:\/\/jornalfatosenoticias.com.br\/wp-content\/uploads\/2020\/02\/logo120.png","contentUrl":"https:\/\/jornalfatosenoticias.com.br\/wp-content\/uploads\/2020\/02\/logo120.png","width":1227,"height":120,"caption":"Jornal Fatos e Not\u00edcias"},"image":{"@id":"https:\/\/jornalfatosenoticias.com.br\/#\/schema\/logo\/image\/"}},{"@type":"Person","@id":"https:\/\/jornalfatosenoticias.com.br\/#\/schema\/person\/d63837fa13ac8666eb9e74e0985d6f81","name":"Luzimara Fernandes","image":{"@type":"ImageObject","inLanguage":"pt-BR","@id":"https:\/\/jornalfatosenoticias.com.br\/#\/schema\/person\/image\/","url":"https:\/\/jornalfatosenoticias.com.br\/wp-content\/uploads\/2025\/05\/EU_portal.jpg","contentUrl":"https:\/\/jornalfatosenoticias.com.br\/wp-content\/uploads\/2025\/05\/EU_portal.jpg","caption":"Luzimara Fernandes"},"description":"Jornalista MTB 2358-ES","sameAs":["https:\/\/jornalfatosenoticias.com.br"],"url":"https:\/\/jornalfatosenoticias.com.br\/index.php\/author\/luzimara\/"}]}},"cc_featured_image_caption":{"caption_text":"(Foto: iStock) ","source_text":"","source_url":""},"jetpack_featured_media_url":"https:\/\/jornalfatosenoticias.com.br\/wp-content\/uploads\/2023\/07\/sedentarismo-infantil.jpg","_links":{"self":[{"href":"https:\/\/jornalfatosenoticias.com.br\/index.php\/wp-json\/wp\/v2\/posts\/43318","targetHints":{"allow":["GET"]}}],"collection":[{"href":"https:\/\/jornalfatosenoticias.com.br\/index.php\/wp-json\/wp\/v2\/posts"}],"about":[{"href":"https:\/\/jornalfatosenoticias.com.br\/index.php\/wp-json\/wp\/v2\/types\/post"}],"author":[{"embeddable":true,"href":"https:\/\/jornalfatosenoticias.com.br\/index.php\/wp-json\/wp\/v2\/users\/2"}],"replies":[{"embeddable":true,"href":"https:\/\/jornalfatosenoticias.com.br\/index.php\/wp-json\/wp\/v2\/comments?post=43318"}],"version-history":[{"count":0,"href":"https:\/\/jornalfatosenoticias.com.br\/index.php\/wp-json\/wp\/v2\/posts\/43318\/revisions"}],"wp:featuredmedia":[{"embeddable":true,"href":"https:\/\/jornalfatosenoticias.com.br\/index.php\/wp-json\/wp\/v2\/media\/43319"}],"wp:attachment":[{"href":"https:\/\/jornalfatosenoticias.com.br\/index.php\/wp-json\/wp\/v2\/media?parent=43318"}],"wp:term":[{"taxonomy":"category","embeddable":true,"href":"https:\/\/jornalfatosenoticias.com.br\/index.php\/wp-json\/wp\/v2\/categories?post=43318"},{"taxonomy":"post_tag","embeddable":true,"href":"https:\/\/jornalfatosenoticias.com.br\/index.php\/wp-json\/wp\/v2\/tags?post=43318"}],"curies":[{"name":"wp","href":"https:\/\/api.w.org\/{rel}","templated":true}]}}