{"id":43337,"date":"2023-07-14T12:45:42","date_gmt":"2023-07-14T15:45:42","guid":{"rendered":"https:\/\/jornalfatosenoticias.com.br\/?p=43337"},"modified":"2023-07-14T12:45:44","modified_gmt":"2023-07-14T15:45:44","slug":"sao-paulo-soma-us-200-bi-em-investimentos-estrangeiros-com-governo-tarcisio","status":"publish","type":"post","link":"https:\/\/jornalfatosenoticias.com.br\/index.php\/2023\/07\/14\/sao-paulo-soma-us-200-bi-em-investimentos-estrangeiros-com-governo-tarcisio\/","title":{"rendered":"S\u00e3o Paulo soma US$ 200 bi em investimentos estrangeiros com governo Tarc\u00edsio"},"content":{"rendered":"\n<p><em><span class=\"has-inline-color has-black-color\">Por <strong><a href=\"https:\/\/www.gazetadopovo.com.br\/autor\/lucas-saba\/\">Lucas Saba<\/a><\/strong><\/span><\/em><\/p>\n\n\n\n<div class=\"wp-block-image\"><figure class=\"aligncenter size-large\"><img loading=\"lazy\" decoding=\"async\" width=\"1024\" height=\"110\" src=\"https:\/\/jornalfatosenoticias.com.br\/wp-content\/uploads\/2023\/03\/Crypton-1120-\u00d7-120-px-1-1024x110.png\" alt=\"\" class=\"wp-image-39211\" srcset=\"https:\/\/jornalfatosenoticias.com.br\/wp-content\/uploads\/2023\/03\/Crypton-1120-\u00d7-120-px-1-1024x110.png 1024w, https:\/\/jornalfatosenoticias.com.br\/wp-content\/uploads\/2023\/03\/Crypton-1120-\u00d7-120-px-1-300x32.png 300w, https:\/\/jornalfatosenoticias.com.br\/wp-content\/uploads\/2023\/03\/Crypton-1120-\u00d7-120-px-1-768x82.png 768w, https:\/\/jornalfatosenoticias.com.br\/wp-content\/uploads\/2023\/03\/Crypton-1120-\u00d7-120-px-1.png 1120w\" sizes=\"auto, (max-width: 1024px) 100vw, 1024px\" \/><\/figure><\/div>\n\n\n\n<p>Representantes do agroneg\u00f3cio, ind\u00fastria e com\u00e9rcio paulistas que conversaram com a reportagem da Gazeta do Povo avaliaram de maneira positiva o governo de Tarc\u00edsio de Freitas (Republicanos) no estado de S\u00e3o Paulo, nesses primeiros seis meses de mandato. Um dos aspectos destacados foi a composi\u00e7\u00e3o de um secretariado t\u00e9cnico para iniciar a gest\u00e3o.<br>De acordo com representantes da ind\u00fastria, o ponto alto at\u00e9 aqui foi a capta\u00e7\u00e3o de investimentos estrangeiros para S\u00e3o Paulo, que segundo as entidades somam mais de 200 bilh\u00f5es de d\u00f3lares em 2023.<\/p>\n\n\n\n<div class=\"wp-block-image\"><figure class=\"aligncenter size-large\"><img loading=\"lazy\" decoding=\"async\" width=\"300\" height=\"137\" src=\"https:\/\/jornalfatosenoticias.com.br\/wp-content\/uploads\/2023\/06\/LOGO_JULIANA-GRACA_PORTAL.jpg\" alt=\"\" class=\"wp-image-42597\"\/><\/figure><\/div>\n\n\n\n<p>O agroneg\u00f3cio \u00e9 um dos setores mais alinhados ao ex-presidente Jair Bolsonaro (PL). Apesar de rusgas recentes entre Tarc\u00edsio e Bolsonaro, a rela\u00e7\u00e3o do governador com o setor segue inabalada. O vice-presidente da Federa\u00e7\u00e3o da Agricultura e Pecu\u00e1ria do Estado de S\u00e3o Paulo (Faesp), Tirso Meirelles, evidenciou o programa Seguro Rural, que teve um aporte de R$ 85 milh\u00f5es do Estado de S\u00e3o Paulo, al\u00e9m dos investimentos em infraestrutura feitos pela administra\u00e7\u00e3o p\u00fablica estadual.<\/p>\n\n\n\n<div class=\"wp-block-image\"><figure class=\"aligncenter size-large\"><img decoding=\"async\" src=\"https:\/\/jornalfatosenoticias.com.br\/wp-content\/uploads\/2020\/02\/logo_esteio.jpg\" alt=\"\" class=\"wp-image-1214\"\/><\/figure><\/div>\n\n\n\n<blockquote class=\"wp-block-quote is-layout-flow wp-block-quote-is-layout-flow\"><p><span class=\"has-inline-color has-luminous-vivid-orange-color\">Avaliamos positivamente a reindustrializa\u00e7\u00e3o do agro. Tamb\u00e9m vemos com bons olhos as a\u00e7\u00f5es do governo em instituir novas concess\u00f5es em trechos rodovi\u00e1rios, obras de reparos, moderniza\u00e7\u00e3o de aeroportos e manuten\u00e7\u00e3o de estradas que ajudam a escoar a produ\u00e7\u00e3o&#8221;, elogiou Tirso Meirelles, vice-presidente da Federa\u00e7\u00e3o da Agricultura e Pecu\u00e1ria do Estado de S\u00e3o Paulo (Faesp).<\/span><\/p><\/blockquote>\n\n\n\n<div class=\"wp-block-image\"><figure class=\"aligncenter size-large is-resized\"><img loading=\"lazy\" decoding=\"async\" src=\"https:\/\/jornalfatosenoticias.com.br\/wp-content\/uploads\/2023\/04\/Logo_MasterMind.jpg\" alt=\"\" class=\"wp-image-40974\" width=\"286\" height=\"208\"\/><\/figure><\/div>\n\n\n\n<p>J\u00e1 membros das associa\u00e7\u00f5es comercias do estado de S\u00e3o Paulo ressaltaram a importante defesa do governador sobre a reforma tribut\u00e1ria, que para eles vai alavancar o segmento nos pr\u00f3ximos anos. Al\u00e9m disso, os comerciantes destacaram algumas medidas propostas pela gest\u00e3o de Tarc\u00edsio: redu\u00e7\u00e3o de impostos, cr\u00e9dito para micro e pequena empresa, desestatiza\u00e7\u00f5es e leil\u00f5es.<\/p>\n\n\n\n<div class=\"wp-block-image\"><figure class=\"aligncenter size-large is-resized\"><img loading=\"lazy\" decoding=\"async\" src=\"https:\/\/jornalfatosenoticias.com.br\/wp-content\/uploads\/2022\/02\/Precisao-Contabilidade-1024x724.jpg\" alt=\"\" class=\"wp-image-28088\" width=\"306\" height=\"216\"\/><\/figure><\/div>\n\n\n\n<p><span class=\"has-inline-color has-black-color\"><em><strong>Foto: <\/strong>Fernando Nascimento\/Governo do Estado de S\u00e3o Paulo<\/em><\/span><\/p>\n\n\n\n<p><strong><em>Fonte: <a href=\"https:\/\/www.gazetadopovo.com.br\/sao-paulo\/sao-paulo-200-bi-investimentos-estrangeiros-governo-tarcisio\/\">Gazeta do Povo<\/a><\/em><\/strong><\/p>\n","protected":false},"excerpt":{"rendered":"<p>Por Lucas Saba Representantes do agroneg\u00f3cio, ind\u00fastria e com\u00e9rcio paulistas que conversaram com a reportagem da Gazeta do Povo avaliaram de maneira positiva o governo de Tarc\u00edsio de Freitas (Republicanos) no estado de S\u00e3o Paulo, nesses primeiros seis meses de mandato. Um dos aspectos destacados foi a composi\u00e7\u00e3o de um secretariado t\u00e9cnico para iniciar a [&hellip;]<\/p>\n","protected":false},"author":2,"featured_media":43338,"comment_status":"open","ping_status":"open","sticky":false,"template":"","format":"standard","meta":{"footnotes":""},"categories":[9],"tags":[20411,20409,20410,305],"class_list":["post-43337","post","type-post","status-publish","format-standard","has-post-thumbnail","hentry","category-economia","tag-faesp","tag-governo-tarcisio","tag-investimentos-estrangeiros","tag-sao-paulo"],"yoast_head":"<!-- This site is optimized with the Yoast SEO plugin v26.5 - https:\/\/yoast.com\/wordpress\/plugins\/seo\/ -->\n<title>S\u00e3o Paulo soma US$ 200 bi em investimentos estrangeiros com governo Tarc\u00edsio - Jornal Fatos e Not\u00edcias<\/title>\n<meta name=\"robots\" content=\"index, follow, max-snippet:-1, max-image-preview:large, max-video-preview:-1\" \/>\n<link rel=\"canonical\" href=\"https:\/\/jornalfatosenoticias.com.br\/index.php\/2023\/07\/14\/sao-paulo-soma-us-200-bi-em-investimentos-estrangeiros-com-governo-tarcisio\/\" \/>\n<meta property=\"og:locale\" content=\"pt_BR\" \/>\n<meta property=\"og:type\" content=\"article\" \/>\n<meta property=\"og:title\" content=\"S\u00e3o Paulo soma US$ 200 bi em investimentos estrangeiros com governo Tarc\u00edsio - Jornal Fatos e Not\u00edcias\" \/>\n<meta property=\"og:description\" content=\"Por Lucas Saba Representantes do agroneg\u00f3cio, ind\u00fastria e com\u00e9rcio paulistas que conversaram com a reportagem da Gazeta do Povo avaliaram de maneira positiva o governo de Tarc\u00edsio de Freitas (Republicanos) no estado de S\u00e3o Paulo, nesses primeiros seis meses de mandato. Um dos aspectos destacados foi a composi\u00e7\u00e3o de um secretariado t\u00e9cnico para iniciar a [&hellip;]\" \/>\n<meta property=\"og:url\" content=\"https:\/\/jornalfatosenoticias.com.br\/index.php\/2023\/07\/14\/sao-paulo-soma-us-200-bi-em-investimentos-estrangeiros-com-governo-tarcisio\/\" \/>\n<meta property=\"og:site_name\" content=\"Jornal Fatos e Not\u00edcias\" \/>\n<meta property=\"article:published_time\" content=\"2023-07-14T15:45:42+00:00\" \/>\n<meta property=\"article:modified_time\" content=\"2023-07-14T15:45:44+00:00\" \/>\n<meta property=\"og:image\" content=\"https:\/\/jornalfatosenoticias.com.br\/wp-content\/uploads\/2023\/07\/tarcisio.jpeg\" \/>\n\t<meta property=\"og:image:width\" content=\"1000\" \/>\n\t<meta property=\"og:image:height\" content=\"562\" \/>\n\t<meta property=\"og:image:type\" content=\"image\/jpeg\" \/>\n<meta name=\"author\" content=\"Luzimara Fernandes\" \/>\n<meta name=\"twitter:card\" content=\"summary_large_image\" \/>\n<meta name=\"twitter:label1\" content=\"Escrito por\" \/>\n\t<meta name=\"twitter:data1\" content=\"Luzimara Fernandes\" \/>\n\t<meta name=\"twitter:label2\" content=\"Est. tempo de leitura\" \/>\n\t<meta name=\"twitter:data2\" content=\"2 minutos\" \/>\n<script type=\"application\/ld+json\" class=\"yoast-schema-graph\">{\"@context\":\"https:\/\/schema.org\",\"@graph\":[{\"@type\":\"Article\",\"@id\":\"https:\/\/jornalfatosenoticias.com.br\/index.php\/2023\/07\/14\/sao-paulo-soma-us-200-bi-em-investimentos-estrangeiros-com-governo-tarcisio\/#article\",\"isPartOf\":{\"@id\":\"https:\/\/jornalfatosenoticias.com.br\/index.php\/2023\/07\/14\/sao-paulo-soma-us-200-bi-em-investimentos-estrangeiros-com-governo-tarcisio\/\"},\"author\":{\"name\":\"Luzimara Fernandes\",\"@id\":\"https:\/\/jornalfatosenoticias.com.br\/#\/schema\/person\/d63837fa13ac8666eb9e74e0985d6f81\"},\"headline\":\"S\u00e3o Paulo soma US$ 200 bi em investimentos estrangeiros com governo Tarc\u00edsio\",\"datePublished\":\"2023-07-14T15:45:42+00:00\",\"dateModified\":\"2023-07-14T15:45:44+00:00\",\"mainEntityOfPage\":{\"@id\":\"https:\/\/jornalfatosenoticias.com.br\/index.php\/2023\/07\/14\/sao-paulo-soma-us-200-bi-em-investimentos-estrangeiros-com-governo-tarcisio\/\"},\"wordCount\":340,\"commentCount\":0,\"publisher\":{\"@id\":\"https:\/\/jornalfatosenoticias.com.br\/#organization\"},\"image\":{\"@id\":\"https:\/\/jornalfatosenoticias.com.br\/index.php\/2023\/07\/14\/sao-paulo-soma-us-200-bi-em-investimentos-estrangeiros-com-governo-tarcisio\/#primaryimage\"},\"thumbnailUrl\":\"https:\/\/jornalfatosenoticias.com.br\/wp-content\/uploads\/2023\/07\/tarcisio.jpeg\",\"keywords\":[\"Faesp\",\"governo Tarc\u00edsio\",\"investimentos estrangeiros\",\"S\u00e3o Paulo\"],\"articleSection\":[\"Economia\"],\"inLanguage\":\"pt-BR\",\"potentialAction\":[{\"@type\":\"CommentAction\",\"name\":\"Comment\",\"target\":[\"https:\/\/jornalfatosenoticias.com.br\/index.php\/2023\/07\/14\/sao-paulo-soma-us-200-bi-em-investimentos-estrangeiros-com-governo-tarcisio\/#respond\"]}]},{\"@type\":\"WebPage\",\"@id\":\"https:\/\/jornalfatosenoticias.com.br\/index.php\/2023\/07\/14\/sao-paulo-soma-us-200-bi-em-investimentos-estrangeiros-com-governo-tarcisio\/\",\"url\":\"https:\/\/jornalfatosenoticias.com.br\/index.php\/2023\/07\/14\/sao-paulo-soma-us-200-bi-em-investimentos-estrangeiros-com-governo-tarcisio\/\",\"name\":\"S\u00e3o Paulo soma US$ 200 bi em investimentos estrangeiros com governo Tarc\u00edsio - Jornal Fatos e Not\u00edcias\",\"isPartOf\":{\"@id\":\"https:\/\/jornalfatosenoticias.com.br\/#website\"},\"primaryImageOfPage\":{\"@id\":\"https:\/\/jornalfatosenoticias.com.br\/index.php\/2023\/07\/14\/sao-paulo-soma-us-200-bi-em-investimentos-estrangeiros-com-governo-tarcisio\/#primaryimage\"},\"image\":{\"@id\":\"https:\/\/jornalfatosenoticias.com.br\/index.php\/2023\/07\/14\/sao-paulo-soma-us-200-bi-em-investimentos-estrangeiros-com-governo-tarcisio\/#primaryimage\"},\"thumbnailUrl\":\"https:\/\/jornalfatosenoticias.com.br\/wp-content\/uploads\/2023\/07\/tarcisio.jpeg\",\"datePublished\":\"2023-07-14T15:45:42+00:00\",\"dateModified\":\"2023-07-14T15:45:44+00:00\",\"breadcrumb\":{\"@id\":\"https:\/\/jornalfatosenoticias.com.br\/index.php\/2023\/07\/14\/sao-paulo-soma-us-200-bi-em-investimentos-estrangeiros-com-governo-tarcisio\/#breadcrumb\"},\"inLanguage\":\"pt-BR\",\"potentialAction\":[{\"@type\":\"ReadAction\",\"target\":[\"https:\/\/jornalfatosenoticias.com.br\/index.php\/2023\/07\/14\/sao-paulo-soma-us-200-bi-em-investimentos-estrangeiros-com-governo-tarcisio\/\"]}]},{\"@type\":\"ImageObject\",\"inLanguage\":\"pt-BR\",\"@id\":\"https:\/\/jornalfatosenoticias.com.br\/index.php\/2023\/07\/14\/sao-paulo-soma-us-200-bi-em-investimentos-estrangeiros-com-governo-tarcisio\/#primaryimage\",\"url\":\"https:\/\/jornalfatosenoticias.com.br\/wp-content\/uploads\/2023\/07\/tarcisio.jpeg\",\"contentUrl\":\"https:\/\/jornalfatosenoticias.com.br\/wp-content\/uploads\/2023\/07\/tarcisio.jpeg\",\"width\":1000,\"height\":562},{\"@type\":\"BreadcrumbList\",\"@id\":\"https:\/\/jornalfatosenoticias.com.br\/index.php\/2023\/07\/14\/sao-paulo-soma-us-200-bi-em-investimentos-estrangeiros-com-governo-tarcisio\/#breadcrumb\",\"itemListElement\":[{\"@type\":\"ListItem\",\"position\":1,\"name\":\"In\u00edcio\",\"item\":\"https:\/\/jornalfatosenoticias.com.br\/\"},{\"@type\":\"ListItem\",\"position\":2,\"name\":\"S\u00e3o Paulo soma US$ 200 bi em investimentos estrangeiros com governo Tarc\u00edsio\"}]},{\"@type\":\"WebSite\",\"@id\":\"https:\/\/jornalfatosenoticias.com.br\/#website\",\"url\":\"https:\/\/jornalfatosenoticias.com.br\/\",\"name\":\"Jornal Fatos e Not\u00edcias\",\"description\":\"Not\u00edcias em geral\",\"publisher\":{\"@id\":\"https:\/\/jornalfatosenoticias.com.br\/#organization\"},\"potentialAction\":[{\"@type\":\"SearchAction\",\"target\":{\"@type\":\"EntryPoint\",\"urlTemplate\":\"https:\/\/jornalfatosenoticias.com.br\/?s={search_term_string}\"},\"query-input\":{\"@type\":\"PropertyValueSpecification\",\"valueRequired\":true,\"valueName\":\"search_term_string\"}}],\"inLanguage\":\"pt-BR\"},{\"@type\":\"Organization\",\"@id\":\"https:\/\/jornalfatosenoticias.com.br\/#organization\",\"name\":\"Jornal Fatos e Not\u00edcias\",\"url\":\"https:\/\/jornalfatosenoticias.com.br\/\",\"logo\":{\"@type\":\"ImageObject\",\"inLanguage\":\"pt-BR\",\"@id\":\"https:\/\/jornalfatosenoticias.com.br\/#\/schema\/logo\/image\/\",\"url\":\"https:\/\/jornalfatosenoticias.com.br\/wp-content\/uploads\/2020\/02\/logo120.png\",\"contentUrl\":\"https:\/\/jornalfatosenoticias.com.br\/wp-content\/uploads\/2020\/02\/logo120.png\",\"width\":1227,\"height\":120,\"caption\":\"Jornal Fatos e Not\u00edcias\"},\"image\":{\"@id\":\"https:\/\/jornalfatosenoticias.com.br\/#\/schema\/logo\/image\/\"}},{\"@type\":\"Person\",\"@id\":\"https:\/\/jornalfatosenoticias.com.br\/#\/schema\/person\/d63837fa13ac8666eb9e74e0985d6f81\",\"name\":\"Luzimara Fernandes\",\"image\":{\"@type\":\"ImageObject\",\"inLanguage\":\"pt-BR\",\"@id\":\"https:\/\/jornalfatosenoticias.com.br\/#\/schema\/person\/image\/\",\"url\":\"https:\/\/jornalfatosenoticias.com.br\/wp-content\/uploads\/2025\/05\/EU_portal.jpg\",\"contentUrl\":\"https:\/\/jornalfatosenoticias.com.br\/wp-content\/uploads\/2025\/05\/EU_portal.jpg\",\"caption\":\"Luzimara Fernandes\"},\"description\":\"Jornalista MTB 2358-ES\",\"sameAs\":[\"https:\/\/jornalfatosenoticias.com.br\"],\"url\":\"https:\/\/jornalfatosenoticias.com.br\/index.php\/author\/luzimara\/\"}]}<\/script>\n<!-- \/ Yoast SEO plugin. -->","yoast_head_json":{"title":"S\u00e3o Paulo soma US$ 200 bi em investimentos estrangeiros com governo Tarc\u00edsio - Jornal Fatos e Not\u00edcias","robots":{"index":"index","follow":"follow","max-snippet":"max-snippet:-1","max-image-preview":"max-image-preview:large","max-video-preview":"max-video-preview:-1"},"canonical":"https:\/\/jornalfatosenoticias.com.br\/index.php\/2023\/07\/14\/sao-paulo-soma-us-200-bi-em-investimentos-estrangeiros-com-governo-tarcisio\/","og_locale":"pt_BR","og_type":"article","og_title":"S\u00e3o Paulo soma US$ 200 bi em investimentos estrangeiros com governo Tarc\u00edsio - Jornal Fatos e Not\u00edcias","og_description":"Por Lucas Saba Representantes do agroneg\u00f3cio, ind\u00fastria e com\u00e9rcio paulistas que conversaram com a reportagem da Gazeta do Povo avaliaram de maneira positiva o governo de Tarc\u00edsio de Freitas (Republicanos) no estado de S\u00e3o Paulo, nesses primeiros seis meses de mandato. Um dos aspectos destacados foi a composi\u00e7\u00e3o de um secretariado t\u00e9cnico para iniciar a [&hellip;]","og_url":"https:\/\/jornalfatosenoticias.com.br\/index.php\/2023\/07\/14\/sao-paulo-soma-us-200-bi-em-investimentos-estrangeiros-com-governo-tarcisio\/","og_site_name":"Jornal Fatos e Not\u00edcias","article_published_time":"2023-07-14T15:45:42+00:00","article_modified_time":"2023-07-14T15:45:44+00:00","og_image":[{"width":1000,"height":562,"url":"https:\/\/jornalfatosenoticias.com.br\/wp-content\/uploads\/2023\/07\/tarcisio.jpeg","type":"image\/jpeg"}],"author":"Luzimara Fernandes","twitter_card":"summary_large_image","twitter_misc":{"Escrito por":"Luzimara Fernandes","Est. tempo de leitura":"2 minutos"},"schema":{"@context":"https:\/\/schema.org","@graph":[{"@type":"Article","@id":"https:\/\/jornalfatosenoticias.com.br\/index.php\/2023\/07\/14\/sao-paulo-soma-us-200-bi-em-investimentos-estrangeiros-com-governo-tarcisio\/#article","isPartOf":{"@id":"https:\/\/jornalfatosenoticias.com.br\/index.php\/2023\/07\/14\/sao-paulo-soma-us-200-bi-em-investimentos-estrangeiros-com-governo-tarcisio\/"},"author":{"name":"Luzimara Fernandes","@id":"https:\/\/jornalfatosenoticias.com.br\/#\/schema\/person\/d63837fa13ac8666eb9e74e0985d6f81"},"headline":"S\u00e3o Paulo soma US$ 200 bi em investimentos estrangeiros com governo Tarc\u00edsio","datePublished":"2023-07-14T15:45:42+00:00","dateModified":"2023-07-14T15:45:44+00:00","mainEntityOfPage":{"@id":"https:\/\/jornalfatosenoticias.com.br\/index.php\/2023\/07\/14\/sao-paulo-soma-us-200-bi-em-investimentos-estrangeiros-com-governo-tarcisio\/"},"wordCount":340,"commentCount":0,"publisher":{"@id":"https:\/\/jornalfatosenoticias.com.br\/#organization"},"image":{"@id":"https:\/\/jornalfatosenoticias.com.br\/index.php\/2023\/07\/14\/sao-paulo-soma-us-200-bi-em-investimentos-estrangeiros-com-governo-tarcisio\/#primaryimage"},"thumbnailUrl":"https:\/\/jornalfatosenoticias.com.br\/wp-content\/uploads\/2023\/07\/tarcisio.jpeg","keywords":["Faesp","governo Tarc\u00edsio","investimentos estrangeiros","S\u00e3o Paulo"],"articleSection":["Economia"],"inLanguage":"pt-BR","potentialAction":[{"@type":"CommentAction","name":"Comment","target":["https:\/\/jornalfatosenoticias.com.br\/index.php\/2023\/07\/14\/sao-paulo-soma-us-200-bi-em-investimentos-estrangeiros-com-governo-tarcisio\/#respond"]}]},{"@type":"WebPage","@id":"https:\/\/jornalfatosenoticias.com.br\/index.php\/2023\/07\/14\/sao-paulo-soma-us-200-bi-em-investimentos-estrangeiros-com-governo-tarcisio\/","url":"https:\/\/jornalfatosenoticias.com.br\/index.php\/2023\/07\/14\/sao-paulo-soma-us-200-bi-em-investimentos-estrangeiros-com-governo-tarcisio\/","name":"S\u00e3o Paulo soma US$ 200 bi em investimentos estrangeiros com governo Tarc\u00edsio - Jornal Fatos e Not\u00edcias","isPartOf":{"@id":"https:\/\/jornalfatosenoticias.com.br\/#website"},"primaryImageOfPage":{"@id":"https:\/\/jornalfatosenoticias.com.br\/index.php\/2023\/07\/14\/sao-paulo-soma-us-200-bi-em-investimentos-estrangeiros-com-governo-tarcisio\/#primaryimage"},"image":{"@id":"https:\/\/jornalfatosenoticias.com.br\/index.php\/2023\/07\/14\/sao-paulo-soma-us-200-bi-em-investimentos-estrangeiros-com-governo-tarcisio\/#primaryimage"},"thumbnailUrl":"https:\/\/jornalfatosenoticias.com.br\/wp-content\/uploads\/2023\/07\/tarcisio.jpeg","datePublished":"2023-07-14T15:45:42+00:00","dateModified":"2023-07-14T15:45:44+00:00","breadcrumb":{"@id":"https:\/\/jornalfatosenoticias.com.br\/index.php\/2023\/07\/14\/sao-paulo-soma-us-200-bi-em-investimentos-estrangeiros-com-governo-tarcisio\/#breadcrumb"},"inLanguage":"pt-BR","potentialAction":[{"@type":"ReadAction","target":["https:\/\/jornalfatosenoticias.com.br\/index.php\/2023\/07\/14\/sao-paulo-soma-us-200-bi-em-investimentos-estrangeiros-com-governo-tarcisio\/"]}]},{"@type":"ImageObject","inLanguage":"pt-BR","@id":"https:\/\/jornalfatosenoticias.com.br\/index.php\/2023\/07\/14\/sao-paulo-soma-us-200-bi-em-investimentos-estrangeiros-com-governo-tarcisio\/#primaryimage","url":"https:\/\/jornalfatosenoticias.com.br\/wp-content\/uploads\/2023\/07\/tarcisio.jpeg","contentUrl":"https:\/\/jornalfatosenoticias.com.br\/wp-content\/uploads\/2023\/07\/tarcisio.jpeg","width":1000,"height":562},{"@type":"BreadcrumbList","@id":"https:\/\/jornalfatosenoticias.com.br\/index.php\/2023\/07\/14\/sao-paulo-soma-us-200-bi-em-investimentos-estrangeiros-com-governo-tarcisio\/#breadcrumb","itemListElement":[{"@type":"ListItem","position":1,"name":"In\u00edcio","item":"https:\/\/jornalfatosenoticias.com.br\/"},{"@type":"ListItem","position":2,"name":"S\u00e3o Paulo soma US$ 200 bi em investimentos estrangeiros com governo Tarc\u00edsio"}]},{"@type":"WebSite","@id":"https:\/\/jornalfatosenoticias.com.br\/#website","url":"https:\/\/jornalfatosenoticias.com.br\/","name":"Jornal Fatos e Not\u00edcias","description":"Not\u00edcias em geral","publisher":{"@id":"https:\/\/jornalfatosenoticias.com.br\/#organization"},"potentialAction":[{"@type":"SearchAction","target":{"@type":"EntryPoint","urlTemplate":"https:\/\/jornalfatosenoticias.com.br\/?s={search_term_string}"},"query-input":{"@type":"PropertyValueSpecification","valueRequired":true,"valueName":"search_term_string"}}],"inLanguage":"pt-BR"},{"@type":"Organization","@id":"https:\/\/jornalfatosenoticias.com.br\/#organization","name":"Jornal Fatos e Not\u00edcias","url":"https:\/\/jornalfatosenoticias.com.br\/","logo":{"@type":"ImageObject","inLanguage":"pt-BR","@id":"https:\/\/jornalfatosenoticias.com.br\/#\/schema\/logo\/image\/","url":"https:\/\/jornalfatosenoticias.com.br\/wp-content\/uploads\/2020\/02\/logo120.png","contentUrl":"https:\/\/jornalfatosenoticias.com.br\/wp-content\/uploads\/2020\/02\/logo120.png","width":1227,"height":120,"caption":"Jornal Fatos e Not\u00edcias"},"image":{"@id":"https:\/\/jornalfatosenoticias.com.br\/#\/schema\/logo\/image\/"}},{"@type":"Person","@id":"https:\/\/jornalfatosenoticias.com.br\/#\/schema\/person\/d63837fa13ac8666eb9e74e0985d6f81","name":"Luzimara Fernandes","image":{"@type":"ImageObject","inLanguage":"pt-BR","@id":"https:\/\/jornalfatosenoticias.com.br\/#\/schema\/person\/image\/","url":"https:\/\/jornalfatosenoticias.com.br\/wp-content\/uploads\/2025\/05\/EU_portal.jpg","contentUrl":"https:\/\/jornalfatosenoticias.com.br\/wp-content\/uploads\/2025\/05\/EU_portal.jpg","caption":"Luzimara Fernandes"},"description":"Jornalista MTB 2358-ES","sameAs":["https:\/\/jornalfatosenoticias.com.br"],"url":"https:\/\/jornalfatosenoticias.com.br\/index.php\/author\/luzimara\/"}]}},"cc_featured_image_caption":{"caption_text":"","source_text":"","source_url":""},"jetpack_featured_media_url":"https:\/\/jornalfatosenoticias.com.br\/wp-content\/uploads\/2023\/07\/tarcisio.jpeg","_links":{"self":[{"href":"https:\/\/jornalfatosenoticias.com.br\/index.php\/wp-json\/wp\/v2\/posts\/43337","targetHints":{"allow":["GET"]}}],"collection":[{"href":"https:\/\/jornalfatosenoticias.com.br\/index.php\/wp-json\/wp\/v2\/posts"}],"about":[{"href":"https:\/\/jornalfatosenoticias.com.br\/index.php\/wp-json\/wp\/v2\/types\/post"}],"author":[{"embeddable":true,"href":"https:\/\/jornalfatosenoticias.com.br\/index.php\/wp-json\/wp\/v2\/users\/2"}],"replies":[{"embeddable":true,"href":"https:\/\/jornalfatosenoticias.com.br\/index.php\/wp-json\/wp\/v2\/comments?post=43337"}],"version-history":[{"count":0,"href":"https:\/\/jornalfatosenoticias.com.br\/index.php\/wp-json\/wp\/v2\/posts\/43337\/revisions"}],"wp:featuredmedia":[{"embeddable":true,"href":"https:\/\/jornalfatosenoticias.com.br\/index.php\/wp-json\/wp\/v2\/media\/43338"}],"wp:attachment":[{"href":"https:\/\/jornalfatosenoticias.com.br\/index.php\/wp-json\/wp\/v2\/media?parent=43337"}],"wp:term":[{"taxonomy":"category","embeddable":true,"href":"https:\/\/jornalfatosenoticias.com.br\/index.php\/wp-json\/wp\/v2\/categories?post=43337"},{"taxonomy":"post_tag","embeddable":true,"href":"https:\/\/jornalfatosenoticias.com.br\/index.php\/wp-json\/wp\/v2\/tags?post=43337"}],"curies":[{"name":"wp","href":"https:\/\/api.w.org\/{rel}","templated":true}]}}