{"id":43346,"date":"2023-07-17T10:45:30","date_gmt":"2023-07-17T13:45:30","guid":{"rendered":"https:\/\/jornalfatosenoticias.com.br\/?p=43346"},"modified":"2023-07-17T10:45:32","modified_gmt":"2023-07-17T13:45:32","slug":"menino-maluquinho-ganha-serie-de-animacao-em-plataforma-de-streaming","status":"publish","type":"post","link":"https:\/\/jornalfatosenoticias.com.br\/index.php\/2023\/07\/17\/menino-maluquinho-ganha-serie-de-animacao-em-plataforma-de-streaming\/","title":{"rendered":"Menino Maluquinho ganha s\u00e9rie de anima\u00e7\u00e3o em plataforma de streaming"},"content":{"rendered":"\n<p><em><span class=\"has-inline-color has-black-color\">Inspirada no livro hom\u00f4nimo do escritor e cartunista Ziraldo, produ\u00e7\u00e3o da Netflix tem estreia marcada para 12 de outubro, Dia das Crian\u00e7as<\/span><\/em><\/p>\n\n\n\n<p><span class=\"has-inline-color has-black-color\"><em>Por <strong><a href=\"https:\/\/cangurunews.com.br\/author\/veronica\/\">Ver\u00f4nica Fraidenraich<\/a><\/strong><\/em><\/span><\/p>\n\n\n\n<div class=\"wp-block-image\"><figure class=\"aligncenter size-large\"><img loading=\"lazy\" decoding=\"async\" width=\"1024\" height=\"111\" src=\"https:\/\/jornalfatosenoticias.com.br\/wp-content\/uploads\/2020\/02\/WhatsApp-Image-2022-09-23-at-12.09.18-1024x111.jpeg\" alt=\"\" class=\"wp-image-34527\" srcset=\"https:\/\/jornalfatosenoticias.com.br\/wp-content\/uploads\/2020\/02\/WhatsApp-Image-2022-09-23-at-12.09.18-1024x111.jpeg 1024w, https:\/\/jornalfatosenoticias.com.br\/wp-content\/uploads\/2020\/02\/WhatsApp-Image-2022-09-23-at-12.09.18-300x32.jpeg 300w, https:\/\/jornalfatosenoticias.com.br\/wp-content\/uploads\/2020\/02\/WhatsApp-Image-2022-09-23-at-12.09.18-768x83.jpeg 768w, https:\/\/jornalfatosenoticias.com.br\/wp-content\/uploads\/2020\/02\/WhatsApp-Image-2022-09-23-at-12.09.18.jpeg 1121w\" sizes=\"auto, (max-width: 1024px) 100vw, 1024px\" \/><\/figure><\/div>\n\n\n\n<p>O personagem mais famoso do escritor e cartunista Ziraldo j\u00e1 foi retratado em <a href=\"https:\/\/cangurunews.com.br\/5-itens-do-menino-maluquinho-ziraldo-para-comemorar-40-anos-do-personagem\/\">livro, filmes e quadrinhos<\/a> e, agora, ganha as telas em novo formato. <a href=\"https:\/\/cangurunews.com.br\/menino-maluquinho-40-anos\/\">O menino maluquinho<\/a> \u2014 que usa uma panela na cabe\u00e7a, tem \u201co olho maior que a barriga e vento nos p\u00e9s\u201d \u2014 vai virar s\u00e9rie de anima\u00e7\u00e3o, com estreia prevista para o Dia das Crian\u00e7as, 12 de outubro, na Netflix.<\/p>\n\n\n\n<blockquote class=\"wp-block-quote is-layout-flow wp-block-quote-is-layout-flow\"><p><span class=\"has-inline-color has-luminous-vivid-orange-color\">Que alegria ver esse menino divertindo mais uma gera\u00e7\u00e3o de brasileiros, agora trazendo discuss\u00f5es e desafios da inf\u00e2ncia e adolesc\u00eancia, com temas atuais e num formato in\u00e9dito\u201d, conta Ziraldo, \u201cpai\u201d do personagem. \u201cAssim, pais e filhos poder\u00e3o assistir juntos: uns\u00a0<a href=\"https:\/\/cangurunews.com.br\/por-que-o-brincar-e-tao-importante-para-as-criancas\/\">para relembrar a inf\u00e2ncia<\/a>, e outros para<a href=\"https:\/\/cangurunews.com.br\/10-livros-para-falar-sobre-temas-dificeis-com-as-criancas\/\">\u00a0criar suas pr\u00f3prias mem\u00f3rias<\/a>\u201d.<\/span><\/p><\/blockquote>\n\n\n\n<div class=\"wp-block-image\"><figure class=\"aligncenter size-large\"><img decoding=\"async\" src=\"https:\/\/jornalfatosenoticias.com.br\/wp-content\/uploads\/2020\/02\/logo-embacia-1-1024x110.jpg\" alt=\"\" class=\"wp-image-33954\"\/><\/figure><\/div>\n\n\n\n<figure class=\"wp-block-embed-youtube wp-block-embed is-type-video is-provider-youtube wp-embed-aspect-16-9 wp-has-aspect-ratio\"><div class=\"wp-block-embed__wrapper\">\n<iframe loading=\"lazy\" title=\"Menino Maluquinho | Trailer oficial | Netflix Brasil\" width=\"660\" height=\"371\" src=\"https:\/\/www.youtube.com\/embed\/sK3sOT__plM?feature=oembed\" frameborder=\"0\" allow=\"accelerometer; autoplay; clipboard-write; encrypted-media; gyroscope; picture-in-picture; web-share\" referrerpolicy=\"strict-origin-when-cross-origin\" allowfullscreen><\/iframe>\n<\/div><\/figure>\n\n\n\n<p>A s\u00e9rie ser\u00e1 inspirada n<a href=\"https:\/\/cangurunews.com.br\/classicos-literatura-infantil\/\">o livro hom\u00f4nimo<\/a>, que narra as aventuras de um menino brincalh\u00e3o, esperto e levado, que apronta muita confus\u00e3o, mas tamb\u00e9m \u00e9 a alegria da fam\u00edlia. Ele inventa brincadeiras e gosta de fazer versinhos e can\u00e7\u00f5es. Seus amigos dizem que \u00e9 um menino, de fato, maluquinho, e muito feliz.<\/p>\n\n\n\n<div class=\"wp-block-image\"><figure class=\"aligncenter size-large is-resized\"><img loading=\"lazy\" decoding=\"async\" src=\"https:\/\/jornalfatosenoticias.com.br\/wp-content\/uploads\/2022\/10\/RC_800x750_page-0001.jpg\" alt=\"\" class=\"wp-image-35338\" width=\"247\" height=\"231\" srcset=\"https:\/\/jornalfatosenoticias.com.br\/wp-content\/uploads\/2022\/10\/RC_800x750_page-0001.jpg 400w, https:\/\/jornalfatosenoticias.com.br\/wp-content\/uploads\/2022\/10\/RC_800x750_page-0001-300x281.jpg 300w\" sizes=\"auto, (max-width: 247px) 100vw, 247px\" \/><\/figure><\/div>\n\n\n\n<p>Desde o seu lan\u00e7amento, na d\u00e9cada de 1980, o livro j\u00e1 foi publicado em mais de 10 pa\u00edses e vendeu mais de quatro milh\u00f5es de c\u00f3pias, sendo um cl\u00e1ssico da literatura infantojuvenil, que faz parte da mem\u00f3ria afetiva dos brasileiros. A obra foi adaptada para o cinema com <em>Menino Maluquinho \u2014 O filme<\/em>, de 1995, e <em>Menino Maluquinho 2 \u2014 A aventura,<\/em> de 1998. Teve tamb\u00e9m uma s\u00e9rie de televis\u00e3o, em 2006, com o t\u00edtulo de <em>Um menino muito maluquinho.<\/em><\/p>\n\n\n\n<div class=\"wp-block-image\"><figure class=\"aligncenter size-large is-resized\"><img loading=\"lazy\" decoding=\"async\" src=\"https:\/\/jornalfatosenoticias.com.br\/wp-content\/uploads\/2022\/02\/Precisao-Contabilidade-1024x724.jpg\" alt=\"\" class=\"wp-image-28088\" width=\"300\" height=\"212\"\/><\/figure><\/div>\n\n\n\n<p>Com produ\u00e7\u00e3o da Chatrone para a Netflix, a s\u00e9rie tem adapta\u00e7\u00e3o de Carina Schulze e Arnaldo Branco, dire\u00e7\u00e3o de Beto Gomez e Michele Massagli, dire\u00e7\u00e3o de arte de Beta Kruger e Walkir Fernandes e dire\u00e7\u00e3o de anima\u00e7\u00e3o de Fits. Gustavo Suzuki \u00e9 o roteirista-chefe.<\/p>\n\n\n\n<p><strong><em>Fonte: <a href=\"https:\/\/cangurunews.com.br\/o-menino-maluquinho-ganha-serie-de-animacao-em-plataforma-de-streaming\/\">Canguru News<\/a><\/em><\/strong><\/p>\n","protected":false},"excerpt":{"rendered":"<p>Inspirada no livro hom\u00f4nimo do escritor e cartunista Ziraldo, produ\u00e7\u00e3o da Netflix tem estreia marcada para 12 de outubro, Dia das Crian\u00e7as Por Ver\u00f4nica Fraidenraich O personagem mais famoso do escritor e cartunista Ziraldo j\u00e1 foi retratado em livro, filmes e quadrinhos e, agora, ganha as telas em novo formato. O menino maluquinho \u2014 que [&hellip;]<\/p>\n","protected":false},"author":2,"featured_media":43348,"comment_status":"open","ping_status":"open","sticky":false,"template":"","format":"standard","meta":{"footnotes":""},"categories":[4],"tags":[20417,20418,20419,20420,20421,20422,20423,338,20424,20425,20426,20427,20428,20429,20394,20430],"class_list":["post-43346","post","type-post","status-publish","format-standard","has-post-thumbnail","hentry","category-cultura","tag-animacao-para-criancas","tag-arnaldo-branco","tag-beta-kruger","tag-beto-gomez","tag-carina-schulze","tag-cartunista-ziraldo","tag-fits-gustavo-suzuki","tag-literatura-infantil","tag-menino-com-panela-na-cabeca","tag-menino-que-tem-vento-nos-pes","tag-michele-massagli","tag-serie-animada","tag-serie-menino-maluquinho","tag-serie-ziraldo","tag-series-infantis","tag-walkir-fernandes"],"yoast_head":"<!-- This site is optimized with the Yoast SEO plugin v26.5 - https:\/\/yoast.com\/wordpress\/plugins\/seo\/ -->\n<title>Menino Maluquinho ganha s\u00e9rie de anima\u00e7\u00e3o em plataforma de streaming - Jornal Fatos e Not\u00edcias<\/title>\n<meta name=\"robots\" content=\"index, follow, max-snippet:-1, max-image-preview:large, max-video-preview:-1\" \/>\n<link rel=\"canonical\" href=\"https:\/\/jornalfatosenoticias.com.br\/index.php\/2023\/07\/17\/menino-maluquinho-ganha-serie-de-animacao-em-plataforma-de-streaming\/\" \/>\n<meta property=\"og:locale\" content=\"pt_BR\" \/>\n<meta property=\"og:type\" content=\"article\" \/>\n<meta property=\"og:title\" content=\"Menino Maluquinho ganha s\u00e9rie de anima\u00e7\u00e3o em plataforma de streaming - Jornal Fatos e Not\u00edcias\" \/>\n<meta property=\"og:description\" content=\"Inspirada no livro hom\u00f4nimo do escritor e cartunista Ziraldo, produ\u00e7\u00e3o da Netflix tem estreia marcada para 12 de outubro, Dia das Crian\u00e7as Por Ver\u00f4nica Fraidenraich O personagem mais famoso do escritor e cartunista Ziraldo j\u00e1 foi retratado em livro, filmes e quadrinhos e, agora, ganha as telas em novo formato. O menino maluquinho \u2014 que [&hellip;]\" \/>\n<meta property=\"og:url\" content=\"https:\/\/jornalfatosenoticias.com.br\/index.php\/2023\/07\/17\/menino-maluquinho-ganha-serie-de-animacao-em-plataforma-de-streaming\/\" \/>\n<meta property=\"og:site_name\" content=\"Jornal Fatos e Not\u00edcias\" \/>\n<meta property=\"article:published_time\" content=\"2023-07-17T13:45:30+00:00\" \/>\n<meta property=\"article:modified_time\" content=\"2023-07-17T13:45:32+00:00\" \/>\n<meta property=\"og:image\" content=\"https:\/\/jornalfatosenoticias.com.br\/wp-content\/uploads\/2023\/07\/menino-maluquinho.png\" \/>\n\t<meta property=\"og:image:width\" content=\"1000\" \/>\n\t<meta property=\"og:image:height\" content=\"633\" \/>\n\t<meta property=\"og:image:type\" content=\"image\/png\" \/>\n<meta name=\"author\" content=\"Luzimara Fernandes\" \/>\n<meta name=\"twitter:card\" content=\"summary_large_image\" \/>\n<meta name=\"twitter:label1\" content=\"Escrito por\" \/>\n\t<meta name=\"twitter:data1\" content=\"Luzimara Fernandes\" \/>\n\t<meta name=\"twitter:label2\" content=\"Est. tempo de leitura\" \/>\n\t<meta name=\"twitter:data2\" content=\"2 minutos\" \/>\n<script type=\"application\/ld+json\" class=\"yoast-schema-graph\">{\"@context\":\"https:\/\/schema.org\",\"@graph\":[{\"@type\":\"Article\",\"@id\":\"https:\/\/jornalfatosenoticias.com.br\/index.php\/2023\/07\/17\/menino-maluquinho-ganha-serie-de-animacao-em-plataforma-de-streaming\/#article\",\"isPartOf\":{\"@id\":\"https:\/\/jornalfatosenoticias.com.br\/index.php\/2023\/07\/17\/menino-maluquinho-ganha-serie-de-animacao-em-plataforma-de-streaming\/\"},\"author\":{\"name\":\"Luzimara Fernandes\",\"@id\":\"https:\/\/jornalfatosenoticias.com.br\/#\/schema\/person\/d63837fa13ac8666eb9e74e0985d6f81\"},\"headline\":\"Menino Maluquinho ganha s\u00e9rie de anima\u00e7\u00e3o em plataforma de streaming\",\"datePublished\":\"2023-07-17T13:45:30+00:00\",\"dateModified\":\"2023-07-17T13:45:32+00:00\",\"mainEntityOfPage\":{\"@id\":\"https:\/\/jornalfatosenoticias.com.br\/index.php\/2023\/07\/17\/menino-maluquinho-ganha-serie-de-animacao-em-plataforma-de-streaming\/\"},\"wordCount\":391,\"commentCount\":0,\"publisher\":{\"@id\":\"https:\/\/jornalfatosenoticias.com.br\/#organization\"},\"image\":{\"@id\":\"https:\/\/jornalfatosenoticias.com.br\/index.php\/2023\/07\/17\/menino-maluquinho-ganha-serie-de-animacao-em-plataforma-de-streaming\/#primaryimage\"},\"thumbnailUrl\":\"https:\/\/jornalfatosenoticias.com.br\/wp-content\/uploads\/2023\/07\/menino-maluquinho.png\",\"keywords\":[\"anima\u00e7\u00e3o para crian\u00e7as\",\"Arnaldo Branco\",\"Beta Kruger\",\"Beto Gomez\",\"Carina Schulze\",\"cartunista Ziraldo\",\"Fits. Gustavo Suzuki\",\"literatura infantil\",\"menino com panela na cabe\u00e7a\",\"menino que tem vento nos p\u00e9s\",\"Michele Massagli\",\"s\u00e9rie animada\",\"s\u00e9rie menino maluquinho\",\"s\u00e9rie Ziraldo\",\"s\u00e9ries infantis\",\"Walkir Fernandes\"],\"articleSection\":[\"Cultura\"],\"inLanguage\":\"pt-BR\",\"potentialAction\":[{\"@type\":\"CommentAction\",\"name\":\"Comment\",\"target\":[\"https:\/\/jornalfatosenoticias.com.br\/index.php\/2023\/07\/17\/menino-maluquinho-ganha-serie-de-animacao-em-plataforma-de-streaming\/#respond\"]}]},{\"@type\":\"WebPage\",\"@id\":\"https:\/\/jornalfatosenoticias.com.br\/index.php\/2023\/07\/17\/menino-maluquinho-ganha-serie-de-animacao-em-plataforma-de-streaming\/\",\"url\":\"https:\/\/jornalfatosenoticias.com.br\/index.php\/2023\/07\/17\/menino-maluquinho-ganha-serie-de-animacao-em-plataforma-de-streaming\/\",\"name\":\"Menino Maluquinho ganha s\u00e9rie de anima\u00e7\u00e3o em plataforma de streaming - Jornal Fatos e Not\u00edcias\",\"isPartOf\":{\"@id\":\"https:\/\/jornalfatosenoticias.com.br\/#website\"},\"primaryImageOfPage\":{\"@id\":\"https:\/\/jornalfatosenoticias.com.br\/index.php\/2023\/07\/17\/menino-maluquinho-ganha-serie-de-animacao-em-plataforma-de-streaming\/#primaryimage\"},\"image\":{\"@id\":\"https:\/\/jornalfatosenoticias.com.br\/index.php\/2023\/07\/17\/menino-maluquinho-ganha-serie-de-animacao-em-plataforma-de-streaming\/#primaryimage\"},\"thumbnailUrl\":\"https:\/\/jornalfatosenoticias.com.br\/wp-content\/uploads\/2023\/07\/menino-maluquinho.png\",\"datePublished\":\"2023-07-17T13:45:30+00:00\",\"dateModified\":\"2023-07-17T13:45:32+00:00\",\"breadcrumb\":{\"@id\":\"https:\/\/jornalfatosenoticias.com.br\/index.php\/2023\/07\/17\/menino-maluquinho-ganha-serie-de-animacao-em-plataforma-de-streaming\/#breadcrumb\"},\"inLanguage\":\"pt-BR\",\"potentialAction\":[{\"@type\":\"ReadAction\",\"target\":[\"https:\/\/jornalfatosenoticias.com.br\/index.php\/2023\/07\/17\/menino-maluquinho-ganha-serie-de-animacao-em-plataforma-de-streaming\/\"]}]},{\"@type\":\"ImageObject\",\"inLanguage\":\"pt-BR\",\"@id\":\"https:\/\/jornalfatosenoticias.com.br\/index.php\/2023\/07\/17\/menino-maluquinho-ganha-serie-de-animacao-em-plataforma-de-streaming\/#primaryimage\",\"url\":\"https:\/\/jornalfatosenoticias.com.br\/wp-content\/uploads\/2023\/07\/menino-maluquinho.png\",\"contentUrl\":\"https:\/\/jornalfatosenoticias.com.br\/wp-content\/uploads\/2023\/07\/menino-maluquinho.png\",\"width\":1000,\"height\":633},{\"@type\":\"BreadcrumbList\",\"@id\":\"https:\/\/jornalfatosenoticias.com.br\/index.php\/2023\/07\/17\/menino-maluquinho-ganha-serie-de-animacao-em-plataforma-de-streaming\/#breadcrumb\",\"itemListElement\":[{\"@type\":\"ListItem\",\"position\":1,\"name\":\"In\u00edcio\",\"item\":\"https:\/\/jornalfatosenoticias.com.br\/\"},{\"@type\":\"ListItem\",\"position\":2,\"name\":\"Menino Maluquinho ganha s\u00e9rie de anima\u00e7\u00e3o em plataforma de streaming\"}]},{\"@type\":\"WebSite\",\"@id\":\"https:\/\/jornalfatosenoticias.com.br\/#website\",\"url\":\"https:\/\/jornalfatosenoticias.com.br\/\",\"name\":\"Jornal Fatos e Not\u00edcias\",\"description\":\"Not\u00edcias em geral\",\"publisher\":{\"@id\":\"https:\/\/jornalfatosenoticias.com.br\/#organization\"},\"potentialAction\":[{\"@type\":\"SearchAction\",\"target\":{\"@type\":\"EntryPoint\",\"urlTemplate\":\"https:\/\/jornalfatosenoticias.com.br\/?s={search_term_string}\"},\"query-input\":{\"@type\":\"PropertyValueSpecification\",\"valueRequired\":true,\"valueName\":\"search_term_string\"}}],\"inLanguage\":\"pt-BR\"},{\"@type\":\"Organization\",\"@id\":\"https:\/\/jornalfatosenoticias.com.br\/#organization\",\"name\":\"Jornal Fatos e Not\u00edcias\",\"url\":\"https:\/\/jornalfatosenoticias.com.br\/\",\"logo\":{\"@type\":\"ImageObject\",\"inLanguage\":\"pt-BR\",\"@id\":\"https:\/\/jornalfatosenoticias.com.br\/#\/schema\/logo\/image\/\",\"url\":\"https:\/\/jornalfatosenoticias.com.br\/wp-content\/uploads\/2020\/02\/logo120.png\",\"contentUrl\":\"https:\/\/jornalfatosenoticias.com.br\/wp-content\/uploads\/2020\/02\/logo120.png\",\"width\":1227,\"height\":120,\"caption\":\"Jornal Fatos e Not\u00edcias\"},\"image\":{\"@id\":\"https:\/\/jornalfatosenoticias.com.br\/#\/schema\/logo\/image\/\"}},{\"@type\":\"Person\",\"@id\":\"https:\/\/jornalfatosenoticias.com.br\/#\/schema\/person\/d63837fa13ac8666eb9e74e0985d6f81\",\"name\":\"Luzimara Fernandes\",\"image\":{\"@type\":\"ImageObject\",\"inLanguage\":\"pt-BR\",\"@id\":\"https:\/\/jornalfatosenoticias.com.br\/#\/schema\/person\/image\/\",\"url\":\"https:\/\/jornalfatosenoticias.com.br\/wp-content\/uploads\/2025\/05\/EU_portal.jpg\",\"contentUrl\":\"https:\/\/jornalfatosenoticias.com.br\/wp-content\/uploads\/2025\/05\/EU_portal.jpg\",\"caption\":\"Luzimara Fernandes\"},\"description\":\"Jornalista MTB 2358-ES\",\"sameAs\":[\"https:\/\/jornalfatosenoticias.com.br\"],\"url\":\"https:\/\/jornalfatosenoticias.com.br\/index.php\/author\/luzimara\/\"}]}<\/script>\n<!-- \/ Yoast SEO plugin. -->","yoast_head_json":{"title":"Menino Maluquinho ganha s\u00e9rie de anima\u00e7\u00e3o em plataforma de streaming - Jornal Fatos e Not\u00edcias","robots":{"index":"index","follow":"follow","max-snippet":"max-snippet:-1","max-image-preview":"max-image-preview:large","max-video-preview":"max-video-preview:-1"},"canonical":"https:\/\/jornalfatosenoticias.com.br\/index.php\/2023\/07\/17\/menino-maluquinho-ganha-serie-de-animacao-em-plataforma-de-streaming\/","og_locale":"pt_BR","og_type":"article","og_title":"Menino Maluquinho ganha s\u00e9rie de anima\u00e7\u00e3o em plataforma de streaming - Jornal Fatos e Not\u00edcias","og_description":"Inspirada no livro hom\u00f4nimo do escritor e cartunista Ziraldo, produ\u00e7\u00e3o da Netflix tem estreia marcada para 12 de outubro, Dia das Crian\u00e7as Por Ver\u00f4nica Fraidenraich O personagem mais famoso do escritor e cartunista Ziraldo j\u00e1 foi retratado em livro, filmes e quadrinhos e, agora, ganha as telas em novo formato. O menino maluquinho \u2014 que [&hellip;]","og_url":"https:\/\/jornalfatosenoticias.com.br\/index.php\/2023\/07\/17\/menino-maluquinho-ganha-serie-de-animacao-em-plataforma-de-streaming\/","og_site_name":"Jornal Fatos e Not\u00edcias","article_published_time":"2023-07-17T13:45:30+00:00","article_modified_time":"2023-07-17T13:45:32+00:00","og_image":[{"width":1000,"height":633,"url":"https:\/\/jornalfatosenoticias.com.br\/wp-content\/uploads\/2023\/07\/menino-maluquinho.png","type":"image\/png"}],"author":"Luzimara Fernandes","twitter_card":"summary_large_image","twitter_misc":{"Escrito por":"Luzimara Fernandes","Est. tempo de leitura":"2 minutos"},"schema":{"@context":"https:\/\/schema.org","@graph":[{"@type":"Article","@id":"https:\/\/jornalfatosenoticias.com.br\/index.php\/2023\/07\/17\/menino-maluquinho-ganha-serie-de-animacao-em-plataforma-de-streaming\/#article","isPartOf":{"@id":"https:\/\/jornalfatosenoticias.com.br\/index.php\/2023\/07\/17\/menino-maluquinho-ganha-serie-de-animacao-em-plataforma-de-streaming\/"},"author":{"name":"Luzimara Fernandes","@id":"https:\/\/jornalfatosenoticias.com.br\/#\/schema\/person\/d63837fa13ac8666eb9e74e0985d6f81"},"headline":"Menino Maluquinho ganha s\u00e9rie de anima\u00e7\u00e3o em plataforma de streaming","datePublished":"2023-07-17T13:45:30+00:00","dateModified":"2023-07-17T13:45:32+00:00","mainEntityOfPage":{"@id":"https:\/\/jornalfatosenoticias.com.br\/index.php\/2023\/07\/17\/menino-maluquinho-ganha-serie-de-animacao-em-plataforma-de-streaming\/"},"wordCount":391,"commentCount":0,"publisher":{"@id":"https:\/\/jornalfatosenoticias.com.br\/#organization"},"image":{"@id":"https:\/\/jornalfatosenoticias.com.br\/index.php\/2023\/07\/17\/menino-maluquinho-ganha-serie-de-animacao-em-plataforma-de-streaming\/#primaryimage"},"thumbnailUrl":"https:\/\/jornalfatosenoticias.com.br\/wp-content\/uploads\/2023\/07\/menino-maluquinho.png","keywords":["anima\u00e7\u00e3o para crian\u00e7as","Arnaldo Branco","Beta Kruger","Beto Gomez","Carina Schulze","cartunista Ziraldo","Fits. Gustavo Suzuki","literatura infantil","menino com panela na cabe\u00e7a","menino que tem vento nos p\u00e9s","Michele Massagli","s\u00e9rie animada","s\u00e9rie menino maluquinho","s\u00e9rie Ziraldo","s\u00e9ries infantis","Walkir Fernandes"],"articleSection":["Cultura"],"inLanguage":"pt-BR","potentialAction":[{"@type":"CommentAction","name":"Comment","target":["https:\/\/jornalfatosenoticias.com.br\/index.php\/2023\/07\/17\/menino-maluquinho-ganha-serie-de-animacao-em-plataforma-de-streaming\/#respond"]}]},{"@type":"WebPage","@id":"https:\/\/jornalfatosenoticias.com.br\/index.php\/2023\/07\/17\/menino-maluquinho-ganha-serie-de-animacao-em-plataforma-de-streaming\/","url":"https:\/\/jornalfatosenoticias.com.br\/index.php\/2023\/07\/17\/menino-maluquinho-ganha-serie-de-animacao-em-plataforma-de-streaming\/","name":"Menino Maluquinho ganha s\u00e9rie de anima\u00e7\u00e3o em plataforma de streaming - Jornal Fatos e Not\u00edcias","isPartOf":{"@id":"https:\/\/jornalfatosenoticias.com.br\/#website"},"primaryImageOfPage":{"@id":"https:\/\/jornalfatosenoticias.com.br\/index.php\/2023\/07\/17\/menino-maluquinho-ganha-serie-de-animacao-em-plataforma-de-streaming\/#primaryimage"},"image":{"@id":"https:\/\/jornalfatosenoticias.com.br\/index.php\/2023\/07\/17\/menino-maluquinho-ganha-serie-de-animacao-em-plataforma-de-streaming\/#primaryimage"},"thumbnailUrl":"https:\/\/jornalfatosenoticias.com.br\/wp-content\/uploads\/2023\/07\/menino-maluquinho.png","datePublished":"2023-07-17T13:45:30+00:00","dateModified":"2023-07-17T13:45:32+00:00","breadcrumb":{"@id":"https:\/\/jornalfatosenoticias.com.br\/index.php\/2023\/07\/17\/menino-maluquinho-ganha-serie-de-animacao-em-plataforma-de-streaming\/#breadcrumb"},"inLanguage":"pt-BR","potentialAction":[{"@type":"ReadAction","target":["https:\/\/jornalfatosenoticias.com.br\/index.php\/2023\/07\/17\/menino-maluquinho-ganha-serie-de-animacao-em-plataforma-de-streaming\/"]}]},{"@type":"ImageObject","inLanguage":"pt-BR","@id":"https:\/\/jornalfatosenoticias.com.br\/index.php\/2023\/07\/17\/menino-maluquinho-ganha-serie-de-animacao-em-plataforma-de-streaming\/#primaryimage","url":"https:\/\/jornalfatosenoticias.com.br\/wp-content\/uploads\/2023\/07\/menino-maluquinho.png","contentUrl":"https:\/\/jornalfatosenoticias.com.br\/wp-content\/uploads\/2023\/07\/menino-maluquinho.png","width":1000,"height":633},{"@type":"BreadcrumbList","@id":"https:\/\/jornalfatosenoticias.com.br\/index.php\/2023\/07\/17\/menino-maluquinho-ganha-serie-de-animacao-em-plataforma-de-streaming\/#breadcrumb","itemListElement":[{"@type":"ListItem","position":1,"name":"In\u00edcio","item":"https:\/\/jornalfatosenoticias.com.br\/"},{"@type":"ListItem","position":2,"name":"Menino Maluquinho ganha s\u00e9rie de anima\u00e7\u00e3o em plataforma de streaming"}]},{"@type":"WebSite","@id":"https:\/\/jornalfatosenoticias.com.br\/#website","url":"https:\/\/jornalfatosenoticias.com.br\/","name":"Jornal Fatos e Not\u00edcias","description":"Not\u00edcias em geral","publisher":{"@id":"https:\/\/jornalfatosenoticias.com.br\/#organization"},"potentialAction":[{"@type":"SearchAction","target":{"@type":"EntryPoint","urlTemplate":"https:\/\/jornalfatosenoticias.com.br\/?s={search_term_string}"},"query-input":{"@type":"PropertyValueSpecification","valueRequired":true,"valueName":"search_term_string"}}],"inLanguage":"pt-BR"},{"@type":"Organization","@id":"https:\/\/jornalfatosenoticias.com.br\/#organization","name":"Jornal Fatos e Not\u00edcias","url":"https:\/\/jornalfatosenoticias.com.br\/","logo":{"@type":"ImageObject","inLanguage":"pt-BR","@id":"https:\/\/jornalfatosenoticias.com.br\/#\/schema\/logo\/image\/","url":"https:\/\/jornalfatosenoticias.com.br\/wp-content\/uploads\/2020\/02\/logo120.png","contentUrl":"https:\/\/jornalfatosenoticias.com.br\/wp-content\/uploads\/2020\/02\/logo120.png","width":1227,"height":120,"caption":"Jornal Fatos e Not\u00edcias"},"image":{"@id":"https:\/\/jornalfatosenoticias.com.br\/#\/schema\/logo\/image\/"}},{"@type":"Person","@id":"https:\/\/jornalfatosenoticias.com.br\/#\/schema\/person\/d63837fa13ac8666eb9e74e0985d6f81","name":"Luzimara Fernandes","image":{"@type":"ImageObject","inLanguage":"pt-BR","@id":"https:\/\/jornalfatosenoticias.com.br\/#\/schema\/person\/image\/","url":"https:\/\/jornalfatosenoticias.com.br\/wp-content\/uploads\/2025\/05\/EU_portal.jpg","contentUrl":"https:\/\/jornalfatosenoticias.com.br\/wp-content\/uploads\/2025\/05\/EU_portal.jpg","caption":"Luzimara Fernandes"},"description":"Jornalista MTB 2358-ES","sameAs":["https:\/\/jornalfatosenoticias.com.br"],"url":"https:\/\/jornalfatosenoticias.com.br\/index.php\/author\/luzimara\/"}]}},"cc_featured_image_caption":{"caption_text":"(Foto: Divulga\u00e7\u00e3o)","source_text":"","source_url":""},"jetpack_featured_media_url":"https:\/\/jornalfatosenoticias.com.br\/wp-content\/uploads\/2023\/07\/menino-maluquinho.png","_links":{"self":[{"href":"https:\/\/jornalfatosenoticias.com.br\/index.php\/wp-json\/wp\/v2\/posts\/43346","targetHints":{"allow":["GET"]}}],"collection":[{"href":"https:\/\/jornalfatosenoticias.com.br\/index.php\/wp-json\/wp\/v2\/posts"}],"about":[{"href":"https:\/\/jornalfatosenoticias.com.br\/index.php\/wp-json\/wp\/v2\/types\/post"}],"author":[{"embeddable":true,"href":"https:\/\/jornalfatosenoticias.com.br\/index.php\/wp-json\/wp\/v2\/users\/2"}],"replies":[{"embeddable":true,"href":"https:\/\/jornalfatosenoticias.com.br\/index.php\/wp-json\/wp\/v2\/comments?post=43346"}],"version-history":[{"count":0,"href":"https:\/\/jornalfatosenoticias.com.br\/index.php\/wp-json\/wp\/v2\/posts\/43346\/revisions"}],"wp:featuredmedia":[{"embeddable":true,"href":"https:\/\/jornalfatosenoticias.com.br\/index.php\/wp-json\/wp\/v2\/media\/43348"}],"wp:attachment":[{"href":"https:\/\/jornalfatosenoticias.com.br\/index.php\/wp-json\/wp\/v2\/media?parent=43346"}],"wp:term":[{"taxonomy":"category","embeddable":true,"href":"https:\/\/jornalfatosenoticias.com.br\/index.php\/wp-json\/wp\/v2\/categories?post=43346"},{"taxonomy":"post_tag","embeddable":true,"href":"https:\/\/jornalfatosenoticias.com.br\/index.php\/wp-json\/wp\/v2\/tags?post=43346"}],"curies":[{"name":"wp","href":"https:\/\/api.w.org\/{rel}","templated":true}]}}