{"id":43350,"date":"2023-07-17T11:06:59","date_gmt":"2023-07-17T14:06:59","guid":{"rendered":"https:\/\/jornalfatosenoticias.com.br\/?p=43350"},"modified":"2023-07-17T11:07:02","modified_gmt":"2023-07-17T14:07:02","slug":"ampliar-areas-de-preservacao-em-1-pode-salvar-12-mil-especies-ameacadas","status":"publish","type":"post","link":"https:\/\/jornalfatosenoticias.com.br\/index.php\/2023\/07\/17\/ampliar-areas-de-preservacao-em-1-pode-salvar-12-mil-especies-ameacadas\/","title":{"rendered":"Ampliar \u00e1reas de preserva\u00e7\u00e3o em 1% pode salvar 1,2 mil esp\u00e9cies amea\u00e7adas"},"content":{"rendered":"\n<p><em><span class=\"has-inline-color has-black-color\">Estudo com cinco mil esp\u00e9cies de todo o mundo refor\u00e7a a import\u00e2ncia de manter e fortalecer parques naturais<\/span><\/em><\/p>\n\n\n\n<p><em><span class=\"has-inline-color has-black-color\">Por <strong><a href=\"https:\/\/ciclovivo.com.br\/author\/natasha-olsen\/\">Natasha Olsen<\/a><\/strong><\/span><\/em><\/p>\n\n\n\n<div class=\"wp-block-image\"><figure class=\"aligncenter size-large\"><img loading=\"lazy\" decoding=\"async\" width=\"1024\" height=\"99\" src=\"https:\/\/jornalfatosenoticias.com.br\/wp-content\/uploads\/2020\/02\/Logo-Mizu-segunda-2-1024x99.png\" alt=\"\" class=\"wp-image-2353\" srcset=\"https:\/\/jornalfatosenoticias.com.br\/wp-content\/uploads\/2020\/02\/Logo-Mizu-segunda-2-1024x99.png 1024w, https:\/\/jornalfatosenoticias.com.br\/wp-content\/uploads\/2020\/02\/Logo-Mizu-segunda-2-300x29.png 300w, https:\/\/jornalfatosenoticias.com.br\/wp-content\/uploads\/2020\/02\/Logo-Mizu-segunda-2-768x74.png 768w, https:\/\/jornalfatosenoticias.com.br\/wp-content\/uploads\/2020\/02\/Logo-Mizu-segunda-2.png 1240w\" sizes=\"auto, (max-width: 1024px) 100vw, 1024px\" \/><\/figure><\/div>\n\n\n\n<p>Cientistas da Universidade de Durham e da Universidade de Princeton afirmam que refor\u00e7ar as prote\u00e7\u00f5es das \u00e1reas de conserva\u00e7\u00e3o atuais \u00e9 t\u00e3o importante para a biodiversidade do planeta quanto estabelecer novas \u00e1reas protegidas. A afirma\u00e7\u00e3o tem como base um <a href=\"https:\/\/www.science.org\/doi\/10.1126\/sciadv.adg0288\" target=\"_blank\" rel=\"noreferrer noopener\">estudo<\/a> no com aproximadamente cinco mil esp\u00e9cies.<br>Destas, cerca de 70% est\u00e3o em \u00e1reas que n\u00e3o s\u00e3o protegidas atualmente, em \u00e1reas protegidas que foram reduzidas ou perderam seu status oficial ou ainda estariam em risco de extin\u00e7\u00e3o se o uso da terra onde vivem mudasse no futuro. Apesar do grande n\u00famero de esp\u00e9cies localizadas em \u00e1reas sem prote\u00e7\u00e3o, a equipe descobriu que, ao fortalecer \u00e0 prote\u00e7\u00e3o das \u00e1reas de conserva\u00e7\u00e3o j\u00e1 existentes e ampliar as atuais redes de <a href=\"https:\/\/ciclovivo.com.br\/vida-sustentavel\/equilibrio\/5-parques-naturais-para-levar-as-criancas\/\" target=\"_blank\" rel=\"noreferrer noopener\">parques<\/a> do planeta em apenas 1%, 1.191 esp\u00e9cies de animais selvagens que correm um risco elevado de extin\u00e7\u00e3o podem ser protegidos, com seus habitats preservados.<\/p>\n\n\n\n<div class=\"wp-block-image\"><figure class=\"aligncenter size-large\"><img decoding=\"async\" src=\"https:\/\/jornalfatosenoticias.com.br\/wp-content\/uploads\/2020\/02\/logo_esteio.jpg\" alt=\"\" class=\"wp-image-1214\"\/><\/figure><\/div>\n\n\n\n<blockquote class=\"wp-block-quote is-layout-flow wp-block-quote-is-layout-flow\"><p><span class=\"has-inline-color has-luminous-vivid-orange-color\">Observamos cerca de cinco mil esp\u00e9cies de vertebrados terrestres e mapeamos onde seus habitats adequados ocorrem em todo o mundo. Descobrimos que 1.463 esp\u00e9cies t\u00eam menos de 10% de seus habitats atualmente em \u00e1reas protegidas (o que consideramos uma representa\u00e7\u00e3o insuficiente em \u00e1reas protegidas), 2.308 esp\u00e9cies t\u00eam pelo menos 100 hectares de seus habitats dentro de parques protegidos, e 407 esp\u00e9cies dependem de parques que podem experimentar um aumento no uso da terra no futuro\u201d, disse o principal autor do estudo, Dr. Yiwen Zeng, da NUS.<\/span><\/p><\/blockquote>\n\n\n\n<p><strong>O estudo, \u201c<a href=\"https:\/\/www.science.org\/doi\/10.1126\/sciadv.adg0288\" target=\"_blank\" rel=\"noreferrer noopener\">Lacunas e fraquezas na rede global de \u00e1reas protegidas para salvaguardar esp\u00e9cies em risco<\/a>\u201d, foi publicado na revista\u00a0<em>Science Advances<\/em>.<\/strong><\/p>\n\n\n\n<div class=\"wp-block-image\"><figure class=\"aligncenter size-large\"><img loading=\"lazy\" decoding=\"async\" width=\"1000\" height=\"664\" src=\"https:\/\/jornalfatosenoticias.com.br\/wp-content\/uploads\/2023\/07\/rinoceronte-branco-do-Norte.jpg\" alt=\"\" class=\"wp-image-43351\" srcset=\"https:\/\/jornalfatosenoticias.com.br\/wp-content\/uploads\/2023\/07\/rinoceronte-branco-do-Norte.jpg 1000w, https:\/\/jornalfatosenoticias.com.br\/wp-content\/uploads\/2023\/07\/rinoceronte-branco-do-Norte-300x199.jpg 300w, https:\/\/jornalfatosenoticias.com.br\/wp-content\/uploads\/2023\/07\/rinoceronte-branco-do-Norte-768x510.jpg 768w\" sizes=\"auto, (max-width: 1000px) 100vw, 1000px\" \/><figcaption><em><span class=\"has-inline-color has-black-color\">Os rinocerontes s\u00e3o uma esp\u00e9cie amea\u00e7ada de extin\u00e7\u00e3o, que se encontram protegidos em alguns parques ao redor do mundo (Foto: Ami Vitale)<\/span><\/em><\/figcaption><\/figure><\/div>\n\n\n\n<p><strong><span class=\"has-inline-color has-vivid-green-cyan-color\">\u00c1reas protegidas<br><\/span><\/strong>Quando um governo decide retirar algumas das prote\u00e7\u00f5es legais de um parque e ele \u00e9 rebaixado, reduzido ou \u201cdesclassificado\u201d, ele pode se tornar mais vulner\u00e1vel a atividades humanas potencialmente prejudiciais. Isso pode incluir minera\u00e7\u00e3o , desmatamento para expans\u00e3o de infraestrutura e outras a\u00e7\u00f5es destrutivas.<\/p>\n\n\n\n<div class=\"wp-block-image\"><figure class=\"aligncenter size-large is-resized\"><img loading=\"lazy\" decoding=\"async\" src=\"https:\/\/jornalfatosenoticias.com.br\/wp-content\/uploads\/2022\/10\/RC_800x750_page-0001.jpg\" alt=\"\" class=\"wp-image-35338\" width=\"259\" height=\"243\" srcset=\"https:\/\/jornalfatosenoticias.com.br\/wp-content\/uploads\/2022\/10\/RC_800x750_page-0001.jpg 400w, https:\/\/jornalfatosenoticias.com.br\/wp-content\/uploads\/2022\/10\/RC_800x750_page-0001-300x281.jpg 300w\" sizes=\"auto, (max-width: 259px) 100vw, 259px\" \/><\/figure><\/div>\n\n\n\n<blockquote class=\"wp-block-quote is-layout-flow wp-block-quote-is-layout-flow\"><p><span class=\"has-inline-color has-luminous-vivid-orange-color\">Nos casos em que uma \u00e1rea protegida \u00e9 rebaixada em status ou desclassificada para dar lugar \u00e0 extra\u00e7\u00e3o de madeira, <a href=\"https:\/\/ciclovivo.com.br\/planeta\/meio-ambiente\/mineracao-na-amazonia-coloca-em-risco-nove-areas-protegidas\/\" target=\"_blank\" rel=\"noreferrer noopener\">minera\u00e7\u00e3o<\/a> e outras atividades extrativas nocivas, a biodiversidade ser\u00e1 prejudicada\u201d, disse Zeng.<\/span><\/p><\/blockquote>\n\n\n\n<div class=\"wp-block-image\"><figure class=\"aligncenter size-large is-resized\"><img loading=\"lazy\" decoding=\"async\" src=\"https:\/\/jornalfatosenoticias.com.br\/wp-content\/uploads\/2020\/02\/logo-Rapuzel-1024x571.jpg\" alt=\"\" class=\"wp-image-42808\" width=\"311\" height=\"173\" srcset=\"https:\/\/jornalfatosenoticias.com.br\/wp-content\/uploads\/2020\/02\/logo-Rapuzel-1024x571.jpg 1024w, https:\/\/jornalfatosenoticias.com.br\/wp-content\/uploads\/2020\/02\/logo-Rapuzel-300x167.jpg 300w, https:\/\/jornalfatosenoticias.com.br\/wp-content\/uploads\/2020\/02\/logo-Rapuzel-768x428.jpg 768w, https:\/\/jornalfatosenoticias.com.br\/wp-content\/uploads\/2020\/02\/logo-Rapuzel-1536x856.jpg 1536w, https:\/\/jornalfatosenoticias.com.br\/wp-content\/uploads\/2020\/02\/logo-Rapuzel.jpg 1600w\" sizes=\"auto, (max-width: 311px) 100vw, 311px\" \/><\/figure><\/div>\n\n\n\n<p><strong>O estudo descobriu que a\u00e7\u00f5es que retiram a prote\u00e7\u00e3o legal de parques e unidades de conserva\u00e7\u00e3o afetaram mais de 687 milh\u00f5es de acres de parques, desde 2021.<\/strong> Um exemplo \u00e9 o habitat do <a href=\"https:\/\/ciclovivo.com.br\/planeta\/meio-ambiente\/especie-de-sapo-com-cor-de-chocolate-e-descoberta-no-peru\/\" target=\"_blank\" rel=\"noreferrer noopener\">sapo<\/a> criticamente amea\u00e7ado do Camboja, <em>Megophrys damrei.<\/em> O habitat protegido fica dentro de um parque nacional, mas est\u00e1 sofrendo perda e degrada\u00e7\u00e3o cont\u00ednuas.<\/p>\n\n\n\n<blockquote class=\"wp-block-quote is-layout-flow wp-block-quote-is-layout-flow\"><p><span class=\"has-inline-color has-luminous-vivid-orange-color\">Infelizmente, em todo o mundo, as na\u00e7\u00f5es n\u00e3o est\u00e3o fazendo um trabalho adequado de prote\u00e7\u00e3o de seus parques, o que deixa esses lugares especiais abertos \u00e0 destrui\u00e7\u00e3o do habitat. E, em muitos casos, os pa\u00edses est\u00e3o rebaixando o status de prote\u00e7\u00e3o que atribu\u00edram aos parques. Ent\u00e3o, como resultado, muitas esp\u00e9cies sens\u00edveis sofrem\u201d, alerta Zeng.<\/span><\/p><\/blockquote>\n\n\n\n<div class=\"wp-block-image\"><figure class=\"aligncenter size-large is-resized\"><img loading=\"lazy\" decoding=\"async\" src=\"https:\/\/jornalfatosenoticias.com.br\/wp-content\/uploads\/2020\/02\/casa-do-torresmo_portal.jpg\" alt=\"\" class=\"wp-image-34472\" width=\"247\" height=\"247\" srcset=\"https:\/\/jornalfatosenoticias.com.br\/wp-content\/uploads\/2020\/02\/casa-do-torresmo_portal.jpg 300w, https:\/\/jornalfatosenoticias.com.br\/wp-content\/uploads\/2020\/02\/casa-do-torresmo_portal-150x150.jpg 150w\" sizes=\"auto, (max-width: 247px) 100vw, 247px\" \/><\/figure><\/div>\n\n\n\n<p>No Camboja, especificamente, se outros 127 quil\u00f4metros quadrados de espa\u00e7os selvagens na Indon\u00e9sia fossem protegidos, habitats adequados para 53 esp\u00e9cies adicionais que atualmente t\u00eam habitat limitado e desprotegido poderiam ser preservados.<\/p>\n\n\n\n<div class=\"wp-block-image\"><figure class=\"aligncenter size-large\"><img decoding=\"async\" src=\"https:\/\/jornalfatosenoticias.com.br\/wp-content\/uploads\/2020\/02\/barao-das-carnes-300x164-1.jpg\" alt=\"\" class=\"wp-image-34339\"\/><\/figure><\/div>\n\n\n\n<p>Outro exemplo emblem\u00e1tico do impacto dos parques de preserva\u00e7\u00e3o \u00e9 o <em>Sangihe golden bulbul, <\/em>um p\u00e1ssaro criticamente amea\u00e7ado que \u00e9 encontrado em apenas um lugar na Terra: a Ilha Sangihe, na Indon\u00e9sia. A popula\u00e7\u00e3o total \u00e9 estimada em 50 a 230 indiv\u00edduos vivendo em uma \u00e1rea desprotegida. Nenhuma das aves foi documentada em planta\u00e7\u00f5es, o que sugere que ela s\u00f3 prospera em florestas intactas, o que significa que uma maior conserva\u00e7\u00e3o beneficiaria a esp\u00e9cie.<\/p>\n\n\n\n<div class=\"wp-block-image\"><figure class=\"aligncenter size-large is-resized\"><img loading=\"lazy\" decoding=\"async\" src=\"https:\/\/jornalfatosenoticias.com.br\/wp-content\/uploads\/2022\/02\/Precisao-Contabilidade-1024x724.jpg\" alt=\"\" class=\"wp-image-28088\" width=\"338\" height=\"239\"\/><\/figure><\/div>\n\n\n\n<blockquote class=\"wp-block-quote is-layout-flow wp-block-quote-is-layout-flow\"><p><span class=\"has-inline-color has-luminous-vivid-orange-color\">Existem muitos exemplos maravilhosos na conserva\u00e7\u00e3o de pessoas lutando para proteger as esp\u00e9cies, mas sempre h\u00e1 o risco de que a prote\u00e7\u00e3o conquistada a duras penas seja perdida\u201d, disse a Dra. Rebecca Senior, da Universidade de Durham. \u201c<strong>Designar parques no papel n\u00e3o \u00e9 suficiente; eles precisam estar nos lugares certos, com o gerenciamento certo e precisam durar<\/strong>\u201d.<\/span><\/p><\/blockquote>\n\n\n\n<div class=\"wp-block-image\"><figure class=\"aligncenter size-large\"><img loading=\"lazy\" decoding=\"async\" width=\"1000\" height=\"666\" src=\"https:\/\/jornalfatosenoticias.com.br\/wp-content\/uploads\/2023\/07\/parque-camboja-unsplash.jpg\" alt=\"\" class=\"wp-image-43352\" srcset=\"https:\/\/jornalfatosenoticias.com.br\/wp-content\/uploads\/2023\/07\/parque-camboja-unsplash.jpg 1000w, https:\/\/jornalfatosenoticias.com.br\/wp-content\/uploads\/2023\/07\/parque-camboja-unsplash-300x200.jpg 300w, https:\/\/jornalfatosenoticias.com.br\/wp-content\/uploads\/2023\/07\/parque-camboja-unsplash-768x511.jpg 768w\" sizes=\"auto, (max-width: 1000px) 100vw, 1000px\" \/><figcaption><em><span class=\"has-inline-color has-black-color\">Kirirom National Park, Camboja (Foto: Unsplash)<\/span><\/em><\/figcaption><\/figure><\/div>\n\n\n\n<p><strong><span class=\"has-inline-color has-vivid-green-cyan-color\">Momento decisivo<br><\/span><\/strong>Estamos vivendo um momento decisivo na hist\u00f3ria da humanidade para criar e preservar \u00e1reas protegidas para salvar a biodiversidade mundial. \u201cEste estudo estabelece uma geografia onde novos parques podem ser criados e onde devemos restaurar e refor\u00e7ar os parques existentes, para aumentar a conserva\u00e7\u00e3o da vida selvagem\u201d, disse Zeng. \u201cMuitas discuss\u00f5es globais sobre conserva\u00e7\u00e3o giram em torno da necessidade de criar novas \u00e1reas protegidas. Isso inclui discuss\u00f5es na confer\u00eancia de biodiversidade COP15 das Na\u00e7\u00f5es Unidas em dezembro de 2022, onde foi adotada uma meta para proteger 30% das terras e mares do planeta. Mas nosso estudo tamb\u00e9m mostra a import\u00e2ncia de garantir que as \u00e1reas protegidas permane\u00e7am eficazes em impedir a entrada de atividades humanas nocivas\u201d.<\/p>\n\n\n\n<div class=\"wp-block-image\"><figure class=\"aligncenter size-large is-resized\"><img loading=\"lazy\" decoding=\"async\" src=\"https:\/\/jornalfatosenoticias.com.br\/wp-content\/uploads\/2022\/02\/FERRARI_MAQUINAS-E-FERRAMENTAS2.jpg\" alt=\"\" class=\"wp-image-27860\" width=\"276\" height=\"230\"\/><\/figure><\/div>\n\n\n\n<p><strong><span class=\"has-inline-color has-vivid-green-cyan-color\">Mais de mil esp\u00e9cies protegidas<br><\/span><\/strong><em><strong>Ent\u00e3o, como a expans\u00e3o de redes de parques em apenas um por cento da massa terrestre da Terra levaria \u00e0 prote\u00e7\u00e3o de habitats essenciais para quase 1.200 esp\u00e9cies que est\u00e3o em risco de extin\u00e7\u00e3o?<\/strong><\/em><\/p>\n\n\n\n<blockquote class=\"wp-block-quote is-layout-flow wp-block-quote-is-layout-flow\"><p><span class=\"has-inline-color has-luminous-vivid-orange-color\">Isso pode ser alcan\u00e7ado se a expans\u00e3o e o fortalecimento das redes de parques forem feitos em locais-chave. Esses s\u00e3o locais onde ocorre o maior n\u00famero de esp\u00e9cies potencialmente vulner\u00e1veis. Observe, no entanto, que n\u00e3o estamos absolutamente dizendo que as \u00e1reas protegidas do mundo devem ser expandidas em apenas 1%. Por muitas raz\u00f5es, somos grandes apoiadores da ideia 30 \u00d7 30\u201d, refor\u00e7a Zeng.<\/span><\/p><\/blockquote>\n\n\n\n<div class=\"wp-block-image\"><figure class=\"aligncenter size-large is-resized\"><img loading=\"lazy\" decoding=\"async\" src=\"https:\/\/jornalfatosenoticias.com.br\/wp-content\/uploads\/2023\/03\/logo-Panper_portal.jpg\" alt=\"\" class=\"wp-image-40208\" width=\"277\" height=\"192\" srcset=\"https:\/\/jornalfatosenoticias.com.br\/wp-content\/uploads\/2023\/03\/logo-Panper_portal.jpg 400w, https:\/\/jornalfatosenoticias.com.br\/wp-content\/uploads\/2023\/03\/logo-Panper_portal-300x208.jpg 300w\" sizes=\"auto, (max-width: 277px) 100vw, 277px\" \/><\/figure><\/div>\n\n\n\n<p><em><strong>Que partes do mundo cont\u00eam as \u00e1reas de conserva\u00e7\u00e3o potencialmente mais efetivas que ainda n\u00e3o est\u00e3o protegidas em termos de n\u00famero de esp\u00e9cies?<\/strong><\/em><\/p>\n\n\n\n<blockquote class=\"wp-block-quote is-layout-flow wp-block-quote-is-layout-flow\"><p><span class=\"has-inline-color has-luminous-vivid-orange-color\">Existem \u00e1reas cr\u00edticas para a biodiversidade em todo o mundo que precisam de prote\u00e7\u00e3o. N\u00e3o \u00e9 como se um continente ou um pa\u00eds tivesse todos ou a maioria desses lugares. Dito isto, por\u00e9m, podemos destacar algumas na\u00e7\u00f5es que podem contribuir muito para salvar a biodiversidade mundial protegendo lugares-chave. Estes incluem Madagascar, Mal\u00e1sia e Peru, apenas para citar alguns exemplos\u201d, disse Zeng.<\/span><\/p><\/blockquote>\n\n\n\n<div class=\"wp-block-image\"><figure class=\"aligncenter size-large is-resized\"><img loading=\"lazy\" decoding=\"async\" src=\"https:\/\/jornalfatosenoticias.com.br\/wp-content\/uploads\/2020\/02\/logo-embacia.jpg\" alt=\"\" class=\"wp-image-33905\" width=\"258\" height=\"258\"\/><\/figure><\/div>\n\n\n\n<p>O pesquisador afirma ainda que podemos ajudar a proteger estas \u00e1reas. \u201cAs pessoas precisam informar a seus l\u00edderes pol\u00edticos que se preocupam com a biodiversidade e querem ver mais lugares selvagens protegidos para salvar esp\u00e9cies, manter ecossistemas saud\u00e1veis \u200b\u200be oferecer oportunidades para que as pessoas se conectem com a natureza. E, claro, eles podem mostrar seu apoio aos parques visitando-os e aproveitando tudo o que eles t\u00eam a oferecer, desde que o fa\u00e7am de acordo com as regras do parque\u201d.<\/p>\n\n\n\n<div class=\"wp-block-image\"><figure class=\"aligncenter size-large is-resized\"><img loading=\"lazy\" decoding=\"async\" src=\"https:\/\/jornalfatosenoticias.com.br\/wp-content\/uploads\/2023\/03\/Crypton-1000-\u00d7-900-px-300x270-1.png\" alt=\"\" class=\"wp-image-40206\" width=\"256\" height=\"230\"\/><\/figure><\/div>\n\n\n\n<p><strong><em>Fonte: <a href=\"https:\/\/ciclovivo.com.br\/sem-categoria\/ampliar-areas-de-preservacao-em-1-pode-salvar-12-mil-especies-ameacadas\/\">CicloVivo<\/a><\/em><\/strong><\/p>\n","protected":false},"excerpt":{"rendered":"<p>Estudo com cinco mil esp\u00e9cies de todo o mundo refor\u00e7a a import\u00e2ncia de manter e fortalecer parques naturais Por Natasha Olsen Cientistas da Universidade de Durham e da Universidade de Princeton afirmam que refor\u00e7ar as prote\u00e7\u00f5es das \u00e1reas de conserva\u00e7\u00e3o atuais \u00e9 t\u00e3o importante para a biodiversidade do planeta quanto estabelecer novas \u00e1reas protegidas. A [&hellip;]<\/p>\n","protected":false},"author":2,"featured_media":43353,"comment_status":"open","ping_status":"open","sticky":false,"template":"","format":"standard","meta":{"footnotes":""},"categories":[8],"tags":[20431,3512,714,20432],"class_list":["post-43350","post","type-post","status-publish","format-standard","has-post-thumbnail","hentry","category-meio-ambiente","tag-areas-de-preservacao","tag-especies-ameacadas","tag-estudo","tag-parques-naturais"],"yoast_head":"<!-- This site is optimized with the Yoast SEO plugin v26.5 - https:\/\/yoast.com\/wordpress\/plugins\/seo\/ -->\n<title>Ampliar \u00e1reas de preserva\u00e7\u00e3o em 1% pode salvar 1,2 mil esp\u00e9cies amea\u00e7adas - Jornal Fatos e Not\u00edcias<\/title>\n<meta name=\"robots\" content=\"index, follow, max-snippet:-1, max-image-preview:large, max-video-preview:-1\" \/>\n<link rel=\"canonical\" href=\"https:\/\/jornalfatosenoticias.com.br\/index.php\/2023\/07\/17\/ampliar-areas-de-preservacao-em-1-pode-salvar-12-mil-especies-ameacadas\/\" \/>\n<meta property=\"og:locale\" content=\"pt_BR\" \/>\n<meta property=\"og:type\" content=\"article\" \/>\n<meta property=\"og:title\" content=\"Ampliar \u00e1reas de preserva\u00e7\u00e3o em 1% pode salvar 1,2 mil esp\u00e9cies amea\u00e7adas - Jornal Fatos e Not\u00edcias\" \/>\n<meta property=\"og:description\" content=\"Estudo com cinco mil esp\u00e9cies de todo o mundo refor\u00e7a a import\u00e2ncia de manter e fortalecer parques naturais Por Natasha Olsen Cientistas da Universidade de Durham e da Universidade de Princeton afirmam que refor\u00e7ar as prote\u00e7\u00f5es das \u00e1reas de conserva\u00e7\u00e3o atuais \u00e9 t\u00e3o importante para a biodiversidade do planeta quanto estabelecer novas \u00e1reas protegidas. A [&hellip;]\" \/>\n<meta property=\"og:url\" content=\"https:\/\/jornalfatosenoticias.com.br\/index.php\/2023\/07\/17\/ampliar-areas-de-preservacao-em-1-pode-salvar-12-mil-especies-ameacadas\/\" \/>\n<meta property=\"og:site_name\" content=\"Jornal Fatos e Not\u00edcias\" \/>\n<meta property=\"article:published_time\" content=\"2023-07-17T14:06:59+00:00\" \/>\n<meta property=\"article:modified_time\" content=\"2023-07-17T14:07:02+00:00\" \/>\n<meta property=\"og:image\" content=\"https:\/\/jornalfatosenoticias.com.br\/wp-content\/uploads\/2023\/07\/especies-ameacadas-macaco-unsplash.jpg\" \/>\n\t<meta property=\"og:image:width\" content=\"1000\" \/>\n\t<meta property=\"og:image:height\" content=\"666\" \/>\n\t<meta property=\"og:image:type\" content=\"image\/jpeg\" \/>\n<meta name=\"author\" content=\"Luzimara Fernandes\" \/>\n<meta name=\"twitter:card\" content=\"summary_large_image\" \/>\n<meta name=\"twitter:label1\" content=\"Escrito por\" \/>\n\t<meta name=\"twitter:data1\" content=\"Luzimara Fernandes\" \/>\n\t<meta name=\"twitter:label2\" content=\"Est. tempo de leitura\" \/>\n\t<meta name=\"twitter:data2\" content=\"6 minutos\" \/>\n<script type=\"application\/ld+json\" class=\"yoast-schema-graph\">{\"@context\":\"https:\/\/schema.org\",\"@graph\":[{\"@type\":\"Article\",\"@id\":\"https:\/\/jornalfatosenoticias.com.br\/index.php\/2023\/07\/17\/ampliar-areas-de-preservacao-em-1-pode-salvar-12-mil-especies-ameacadas\/#article\",\"isPartOf\":{\"@id\":\"https:\/\/jornalfatosenoticias.com.br\/index.php\/2023\/07\/17\/ampliar-areas-de-preservacao-em-1-pode-salvar-12-mil-especies-ameacadas\/\"},\"author\":{\"name\":\"Luzimara Fernandes\",\"@id\":\"https:\/\/jornalfatosenoticias.com.br\/#\/schema\/person\/d63837fa13ac8666eb9e74e0985d6f81\"},\"headline\":\"Ampliar \u00e1reas de preserva\u00e7\u00e3o em 1% pode salvar 1,2 mil esp\u00e9cies amea\u00e7adas\",\"datePublished\":\"2023-07-17T14:06:59+00:00\",\"dateModified\":\"2023-07-17T14:07:02+00:00\",\"mainEntityOfPage\":{\"@id\":\"https:\/\/jornalfatosenoticias.com.br\/index.php\/2023\/07\/17\/ampliar-areas-de-preservacao-em-1-pode-salvar-12-mil-especies-ameacadas\/\"},\"wordCount\":1136,\"commentCount\":0,\"publisher\":{\"@id\":\"https:\/\/jornalfatosenoticias.com.br\/#organization\"},\"image\":{\"@id\":\"https:\/\/jornalfatosenoticias.com.br\/index.php\/2023\/07\/17\/ampliar-areas-de-preservacao-em-1-pode-salvar-12-mil-especies-ameacadas\/#primaryimage\"},\"thumbnailUrl\":\"https:\/\/jornalfatosenoticias.com.br\/wp-content\/uploads\/2023\/07\/especies-ameacadas-macaco-unsplash.jpg\",\"keywords\":[\"\u00e1reas de preserva\u00e7\u00e3o\",\"esp\u00e9cies amea\u00e7adas\",\"Estudo\",\"parques naturais\"],\"articleSection\":[\"Meio ambiente\"],\"inLanguage\":\"pt-BR\",\"potentialAction\":[{\"@type\":\"CommentAction\",\"name\":\"Comment\",\"target\":[\"https:\/\/jornalfatosenoticias.com.br\/index.php\/2023\/07\/17\/ampliar-areas-de-preservacao-em-1-pode-salvar-12-mil-especies-ameacadas\/#respond\"]}]},{\"@type\":\"WebPage\",\"@id\":\"https:\/\/jornalfatosenoticias.com.br\/index.php\/2023\/07\/17\/ampliar-areas-de-preservacao-em-1-pode-salvar-12-mil-especies-ameacadas\/\",\"url\":\"https:\/\/jornalfatosenoticias.com.br\/index.php\/2023\/07\/17\/ampliar-areas-de-preservacao-em-1-pode-salvar-12-mil-especies-ameacadas\/\",\"name\":\"Ampliar \u00e1reas de preserva\u00e7\u00e3o em 1% pode salvar 1,2 mil esp\u00e9cies amea\u00e7adas - Jornal Fatos e Not\u00edcias\",\"isPartOf\":{\"@id\":\"https:\/\/jornalfatosenoticias.com.br\/#website\"},\"primaryImageOfPage\":{\"@id\":\"https:\/\/jornalfatosenoticias.com.br\/index.php\/2023\/07\/17\/ampliar-areas-de-preservacao-em-1-pode-salvar-12-mil-especies-ameacadas\/#primaryimage\"},\"image\":{\"@id\":\"https:\/\/jornalfatosenoticias.com.br\/index.php\/2023\/07\/17\/ampliar-areas-de-preservacao-em-1-pode-salvar-12-mil-especies-ameacadas\/#primaryimage\"},\"thumbnailUrl\":\"https:\/\/jornalfatosenoticias.com.br\/wp-content\/uploads\/2023\/07\/especies-ameacadas-macaco-unsplash.jpg\",\"datePublished\":\"2023-07-17T14:06:59+00:00\",\"dateModified\":\"2023-07-17T14:07:02+00:00\",\"breadcrumb\":{\"@id\":\"https:\/\/jornalfatosenoticias.com.br\/index.php\/2023\/07\/17\/ampliar-areas-de-preservacao-em-1-pode-salvar-12-mil-especies-ameacadas\/#breadcrumb\"},\"inLanguage\":\"pt-BR\",\"potentialAction\":[{\"@type\":\"ReadAction\",\"target\":[\"https:\/\/jornalfatosenoticias.com.br\/index.php\/2023\/07\/17\/ampliar-areas-de-preservacao-em-1-pode-salvar-12-mil-especies-ameacadas\/\"]}]},{\"@type\":\"ImageObject\",\"inLanguage\":\"pt-BR\",\"@id\":\"https:\/\/jornalfatosenoticias.com.br\/index.php\/2023\/07\/17\/ampliar-areas-de-preservacao-em-1-pode-salvar-12-mil-especies-ameacadas\/#primaryimage\",\"url\":\"https:\/\/jornalfatosenoticias.com.br\/wp-content\/uploads\/2023\/07\/especies-ameacadas-macaco-unsplash.jpg\",\"contentUrl\":\"https:\/\/jornalfatosenoticias.com.br\/wp-content\/uploads\/2023\/07\/especies-ameacadas-macaco-unsplash.jpg\",\"width\":1000,\"height\":666},{\"@type\":\"BreadcrumbList\",\"@id\":\"https:\/\/jornalfatosenoticias.com.br\/index.php\/2023\/07\/17\/ampliar-areas-de-preservacao-em-1-pode-salvar-12-mil-especies-ameacadas\/#breadcrumb\",\"itemListElement\":[{\"@type\":\"ListItem\",\"position\":1,\"name\":\"In\u00edcio\",\"item\":\"https:\/\/jornalfatosenoticias.com.br\/\"},{\"@type\":\"ListItem\",\"position\":2,\"name\":\"Ampliar \u00e1reas de preserva\u00e7\u00e3o em 1% pode salvar 1,2 mil esp\u00e9cies amea\u00e7adas\"}]},{\"@type\":\"WebSite\",\"@id\":\"https:\/\/jornalfatosenoticias.com.br\/#website\",\"url\":\"https:\/\/jornalfatosenoticias.com.br\/\",\"name\":\"Jornal Fatos e Not\u00edcias\",\"description\":\"Not\u00edcias em geral\",\"publisher\":{\"@id\":\"https:\/\/jornalfatosenoticias.com.br\/#organization\"},\"potentialAction\":[{\"@type\":\"SearchAction\",\"target\":{\"@type\":\"EntryPoint\",\"urlTemplate\":\"https:\/\/jornalfatosenoticias.com.br\/?s={search_term_string}\"},\"query-input\":{\"@type\":\"PropertyValueSpecification\",\"valueRequired\":true,\"valueName\":\"search_term_string\"}}],\"inLanguage\":\"pt-BR\"},{\"@type\":\"Organization\",\"@id\":\"https:\/\/jornalfatosenoticias.com.br\/#organization\",\"name\":\"Jornal Fatos e Not\u00edcias\",\"url\":\"https:\/\/jornalfatosenoticias.com.br\/\",\"logo\":{\"@type\":\"ImageObject\",\"inLanguage\":\"pt-BR\",\"@id\":\"https:\/\/jornalfatosenoticias.com.br\/#\/schema\/logo\/image\/\",\"url\":\"https:\/\/jornalfatosenoticias.com.br\/wp-content\/uploads\/2020\/02\/logo120.png\",\"contentUrl\":\"https:\/\/jornalfatosenoticias.com.br\/wp-content\/uploads\/2020\/02\/logo120.png\",\"width\":1227,\"height\":120,\"caption\":\"Jornal Fatos e Not\u00edcias\"},\"image\":{\"@id\":\"https:\/\/jornalfatosenoticias.com.br\/#\/schema\/logo\/image\/\"}},{\"@type\":\"Person\",\"@id\":\"https:\/\/jornalfatosenoticias.com.br\/#\/schema\/person\/d63837fa13ac8666eb9e74e0985d6f81\",\"name\":\"Luzimara Fernandes\",\"image\":{\"@type\":\"ImageObject\",\"inLanguage\":\"pt-BR\",\"@id\":\"https:\/\/jornalfatosenoticias.com.br\/#\/schema\/person\/image\/\",\"url\":\"https:\/\/jornalfatosenoticias.com.br\/wp-content\/uploads\/2025\/05\/EU_portal.jpg\",\"contentUrl\":\"https:\/\/jornalfatosenoticias.com.br\/wp-content\/uploads\/2025\/05\/EU_portal.jpg\",\"caption\":\"Luzimara Fernandes\"},\"description\":\"Jornalista MTB 2358-ES\",\"sameAs\":[\"https:\/\/jornalfatosenoticias.com.br\"],\"url\":\"https:\/\/jornalfatosenoticias.com.br\/index.php\/author\/luzimara\/\"}]}<\/script>\n<!-- \/ Yoast SEO plugin. -->","yoast_head_json":{"title":"Ampliar \u00e1reas de preserva\u00e7\u00e3o em 1% pode salvar 1,2 mil esp\u00e9cies amea\u00e7adas - Jornal Fatos e Not\u00edcias","robots":{"index":"index","follow":"follow","max-snippet":"max-snippet:-1","max-image-preview":"max-image-preview:large","max-video-preview":"max-video-preview:-1"},"canonical":"https:\/\/jornalfatosenoticias.com.br\/index.php\/2023\/07\/17\/ampliar-areas-de-preservacao-em-1-pode-salvar-12-mil-especies-ameacadas\/","og_locale":"pt_BR","og_type":"article","og_title":"Ampliar \u00e1reas de preserva\u00e7\u00e3o em 1% pode salvar 1,2 mil esp\u00e9cies amea\u00e7adas - Jornal Fatos e Not\u00edcias","og_description":"Estudo com cinco mil esp\u00e9cies de todo o mundo refor\u00e7a a import\u00e2ncia de manter e fortalecer parques naturais Por Natasha Olsen Cientistas da Universidade de Durham e da Universidade de Princeton afirmam que refor\u00e7ar as prote\u00e7\u00f5es das \u00e1reas de conserva\u00e7\u00e3o atuais \u00e9 t\u00e3o importante para a biodiversidade do planeta quanto estabelecer novas \u00e1reas protegidas. A [&hellip;]","og_url":"https:\/\/jornalfatosenoticias.com.br\/index.php\/2023\/07\/17\/ampliar-areas-de-preservacao-em-1-pode-salvar-12-mil-especies-ameacadas\/","og_site_name":"Jornal Fatos e Not\u00edcias","article_published_time":"2023-07-17T14:06:59+00:00","article_modified_time":"2023-07-17T14:07:02+00:00","og_image":[{"width":1000,"height":666,"url":"https:\/\/jornalfatosenoticias.com.br\/wp-content\/uploads\/2023\/07\/especies-ameacadas-macaco-unsplash.jpg","type":"image\/jpeg"}],"author":"Luzimara Fernandes","twitter_card":"summary_large_image","twitter_misc":{"Escrito por":"Luzimara Fernandes","Est. tempo de leitura":"6 minutos"},"schema":{"@context":"https:\/\/schema.org","@graph":[{"@type":"Article","@id":"https:\/\/jornalfatosenoticias.com.br\/index.php\/2023\/07\/17\/ampliar-areas-de-preservacao-em-1-pode-salvar-12-mil-especies-ameacadas\/#article","isPartOf":{"@id":"https:\/\/jornalfatosenoticias.com.br\/index.php\/2023\/07\/17\/ampliar-areas-de-preservacao-em-1-pode-salvar-12-mil-especies-ameacadas\/"},"author":{"name":"Luzimara Fernandes","@id":"https:\/\/jornalfatosenoticias.com.br\/#\/schema\/person\/d63837fa13ac8666eb9e74e0985d6f81"},"headline":"Ampliar \u00e1reas de preserva\u00e7\u00e3o em 1% pode salvar 1,2 mil esp\u00e9cies amea\u00e7adas","datePublished":"2023-07-17T14:06:59+00:00","dateModified":"2023-07-17T14:07:02+00:00","mainEntityOfPage":{"@id":"https:\/\/jornalfatosenoticias.com.br\/index.php\/2023\/07\/17\/ampliar-areas-de-preservacao-em-1-pode-salvar-12-mil-especies-ameacadas\/"},"wordCount":1136,"commentCount":0,"publisher":{"@id":"https:\/\/jornalfatosenoticias.com.br\/#organization"},"image":{"@id":"https:\/\/jornalfatosenoticias.com.br\/index.php\/2023\/07\/17\/ampliar-areas-de-preservacao-em-1-pode-salvar-12-mil-especies-ameacadas\/#primaryimage"},"thumbnailUrl":"https:\/\/jornalfatosenoticias.com.br\/wp-content\/uploads\/2023\/07\/especies-ameacadas-macaco-unsplash.jpg","keywords":["\u00e1reas de preserva\u00e7\u00e3o","esp\u00e9cies amea\u00e7adas","Estudo","parques naturais"],"articleSection":["Meio ambiente"],"inLanguage":"pt-BR","potentialAction":[{"@type":"CommentAction","name":"Comment","target":["https:\/\/jornalfatosenoticias.com.br\/index.php\/2023\/07\/17\/ampliar-areas-de-preservacao-em-1-pode-salvar-12-mil-especies-ameacadas\/#respond"]}]},{"@type":"WebPage","@id":"https:\/\/jornalfatosenoticias.com.br\/index.php\/2023\/07\/17\/ampliar-areas-de-preservacao-em-1-pode-salvar-12-mil-especies-ameacadas\/","url":"https:\/\/jornalfatosenoticias.com.br\/index.php\/2023\/07\/17\/ampliar-areas-de-preservacao-em-1-pode-salvar-12-mil-especies-ameacadas\/","name":"Ampliar \u00e1reas de preserva\u00e7\u00e3o em 1% pode salvar 1,2 mil esp\u00e9cies amea\u00e7adas - Jornal Fatos e Not\u00edcias","isPartOf":{"@id":"https:\/\/jornalfatosenoticias.com.br\/#website"},"primaryImageOfPage":{"@id":"https:\/\/jornalfatosenoticias.com.br\/index.php\/2023\/07\/17\/ampliar-areas-de-preservacao-em-1-pode-salvar-12-mil-especies-ameacadas\/#primaryimage"},"image":{"@id":"https:\/\/jornalfatosenoticias.com.br\/index.php\/2023\/07\/17\/ampliar-areas-de-preservacao-em-1-pode-salvar-12-mil-especies-ameacadas\/#primaryimage"},"thumbnailUrl":"https:\/\/jornalfatosenoticias.com.br\/wp-content\/uploads\/2023\/07\/especies-ameacadas-macaco-unsplash.jpg","datePublished":"2023-07-17T14:06:59+00:00","dateModified":"2023-07-17T14:07:02+00:00","breadcrumb":{"@id":"https:\/\/jornalfatosenoticias.com.br\/index.php\/2023\/07\/17\/ampliar-areas-de-preservacao-em-1-pode-salvar-12-mil-especies-ameacadas\/#breadcrumb"},"inLanguage":"pt-BR","potentialAction":[{"@type":"ReadAction","target":["https:\/\/jornalfatosenoticias.com.br\/index.php\/2023\/07\/17\/ampliar-areas-de-preservacao-em-1-pode-salvar-12-mil-especies-ameacadas\/"]}]},{"@type":"ImageObject","inLanguage":"pt-BR","@id":"https:\/\/jornalfatosenoticias.com.br\/index.php\/2023\/07\/17\/ampliar-areas-de-preservacao-em-1-pode-salvar-12-mil-especies-ameacadas\/#primaryimage","url":"https:\/\/jornalfatosenoticias.com.br\/wp-content\/uploads\/2023\/07\/especies-ameacadas-macaco-unsplash.jpg","contentUrl":"https:\/\/jornalfatosenoticias.com.br\/wp-content\/uploads\/2023\/07\/especies-ameacadas-macaco-unsplash.jpg","width":1000,"height":666},{"@type":"BreadcrumbList","@id":"https:\/\/jornalfatosenoticias.com.br\/index.php\/2023\/07\/17\/ampliar-areas-de-preservacao-em-1-pode-salvar-12-mil-especies-ameacadas\/#breadcrumb","itemListElement":[{"@type":"ListItem","position":1,"name":"In\u00edcio","item":"https:\/\/jornalfatosenoticias.com.br\/"},{"@type":"ListItem","position":2,"name":"Ampliar \u00e1reas de preserva\u00e7\u00e3o em 1% pode salvar 1,2 mil esp\u00e9cies amea\u00e7adas"}]},{"@type":"WebSite","@id":"https:\/\/jornalfatosenoticias.com.br\/#website","url":"https:\/\/jornalfatosenoticias.com.br\/","name":"Jornal Fatos e Not\u00edcias","description":"Not\u00edcias em geral","publisher":{"@id":"https:\/\/jornalfatosenoticias.com.br\/#organization"},"potentialAction":[{"@type":"SearchAction","target":{"@type":"EntryPoint","urlTemplate":"https:\/\/jornalfatosenoticias.com.br\/?s={search_term_string}"},"query-input":{"@type":"PropertyValueSpecification","valueRequired":true,"valueName":"search_term_string"}}],"inLanguage":"pt-BR"},{"@type":"Organization","@id":"https:\/\/jornalfatosenoticias.com.br\/#organization","name":"Jornal Fatos e Not\u00edcias","url":"https:\/\/jornalfatosenoticias.com.br\/","logo":{"@type":"ImageObject","inLanguage":"pt-BR","@id":"https:\/\/jornalfatosenoticias.com.br\/#\/schema\/logo\/image\/","url":"https:\/\/jornalfatosenoticias.com.br\/wp-content\/uploads\/2020\/02\/logo120.png","contentUrl":"https:\/\/jornalfatosenoticias.com.br\/wp-content\/uploads\/2020\/02\/logo120.png","width":1227,"height":120,"caption":"Jornal Fatos e Not\u00edcias"},"image":{"@id":"https:\/\/jornalfatosenoticias.com.br\/#\/schema\/logo\/image\/"}},{"@type":"Person","@id":"https:\/\/jornalfatosenoticias.com.br\/#\/schema\/person\/d63837fa13ac8666eb9e74e0985d6f81","name":"Luzimara Fernandes","image":{"@type":"ImageObject","inLanguage":"pt-BR","@id":"https:\/\/jornalfatosenoticias.com.br\/#\/schema\/person\/image\/","url":"https:\/\/jornalfatosenoticias.com.br\/wp-content\/uploads\/2025\/05\/EU_portal.jpg","contentUrl":"https:\/\/jornalfatosenoticias.com.br\/wp-content\/uploads\/2025\/05\/EU_portal.jpg","caption":"Luzimara Fernandes"},"description":"Jornalista MTB 2358-ES","sameAs":["https:\/\/jornalfatosenoticias.com.br"],"url":"https:\/\/jornalfatosenoticias.com.br\/index.php\/author\/luzimara\/"}]}},"cc_featured_image_caption":{"caption_text":"(Foto: Unsplash)","source_text":"","source_url":""},"jetpack_featured_media_url":"https:\/\/jornalfatosenoticias.com.br\/wp-content\/uploads\/2023\/07\/especies-ameacadas-macaco-unsplash.jpg","_links":{"self":[{"href":"https:\/\/jornalfatosenoticias.com.br\/index.php\/wp-json\/wp\/v2\/posts\/43350","targetHints":{"allow":["GET"]}}],"collection":[{"href":"https:\/\/jornalfatosenoticias.com.br\/index.php\/wp-json\/wp\/v2\/posts"}],"about":[{"href":"https:\/\/jornalfatosenoticias.com.br\/index.php\/wp-json\/wp\/v2\/types\/post"}],"author":[{"embeddable":true,"href":"https:\/\/jornalfatosenoticias.com.br\/index.php\/wp-json\/wp\/v2\/users\/2"}],"replies":[{"embeddable":true,"href":"https:\/\/jornalfatosenoticias.com.br\/index.php\/wp-json\/wp\/v2\/comments?post=43350"}],"version-history":[{"count":0,"href":"https:\/\/jornalfatosenoticias.com.br\/index.php\/wp-json\/wp\/v2\/posts\/43350\/revisions"}],"wp:featuredmedia":[{"embeddable":true,"href":"https:\/\/jornalfatosenoticias.com.br\/index.php\/wp-json\/wp\/v2\/media\/43353"}],"wp:attachment":[{"href":"https:\/\/jornalfatosenoticias.com.br\/index.php\/wp-json\/wp\/v2\/media?parent=43350"}],"wp:term":[{"taxonomy":"category","embeddable":true,"href":"https:\/\/jornalfatosenoticias.com.br\/index.php\/wp-json\/wp\/v2\/categories?post=43350"},{"taxonomy":"post_tag","embeddable":true,"href":"https:\/\/jornalfatosenoticias.com.br\/index.php\/wp-json\/wp\/v2\/tags?post=43350"}],"curies":[{"name":"wp","href":"https:\/\/api.w.org\/{rel}","templated":true}]}}