{"id":43369,"date":"2023-07-17T13:48:46","date_gmt":"2023-07-17T16:48:46","guid":{"rendered":"https:\/\/jornalfatosenoticias.com.br\/?p=43369"},"modified":"2023-07-17T13:48:47","modified_gmt":"2023-07-17T16:48:47","slug":"geddel-admite-que-r-51-milhoes-achados-em-apartamento-eram-para-campanha","status":"publish","type":"post","link":"https:\/\/jornalfatosenoticias.com.br\/index.php\/2023\/07\/17\/geddel-admite-que-r-51-milhoes-achados-em-apartamento-eram-para-campanha\/","title":{"rendered":"Geddel admite que R$ 51 milh\u00f5es achados em apartamento eram para campanha"},"content":{"rendered":"\n<div class=\"wp-block-image\"><figure class=\"aligncenter size-large\"><img loading=\"lazy\" decoding=\"async\" width=\"1024\" height=\"99\" src=\"https:\/\/jornalfatosenoticias.com.br\/wp-content\/uploads\/2020\/02\/Logo-Mizu-segunda-2-1024x99.png\" alt=\"\" class=\"wp-image-2353\" srcset=\"https:\/\/jornalfatosenoticias.com.br\/wp-content\/uploads\/2020\/02\/Logo-Mizu-segunda-2-1024x99.png 1024w, https:\/\/jornalfatosenoticias.com.br\/wp-content\/uploads\/2020\/02\/Logo-Mizu-segunda-2-300x29.png 300w, https:\/\/jornalfatosenoticias.com.br\/wp-content\/uploads\/2020\/02\/Logo-Mizu-segunda-2-768x74.png 768w, https:\/\/jornalfatosenoticias.com.br\/wp-content\/uploads\/2020\/02\/Logo-Mizu-segunda-2.png 1240w\" sizes=\"auto, (max-width: 1024px) 100vw, 1024px\" \/><\/figure><\/div>\n\n\n\n<p>O ex-ministro Geddel Vieira Lima, que foi flagrado com R$ 51 milh\u00f5es escondidos em um apartamento em Salvador, em 2017, admitiu que o dinheiro seria usado para a campanha eleitoral ao governo da Bahia em 2018. A declara\u00e7\u00e3o foi dada a um podcast e divulgada neste final de semana pela revista Veja.<br>De acordo com o ex-ministro, que ocupou a pasta da Integra\u00e7\u00e3o Nacional no governo Lula 2 (PT) e a Secretaria de Governo no de Michel Temer (MDB), disse que cometeu um \u201cgrave equ\u00edvoco\u201d e que est\u00e1 \u201cpagando o pre\u00e7o\u201d por ter armazenado o dinheiro em um apartamento alugado em seu nome. Geddel, no entanto, n\u00e3o revelou a origem dos recursos ou os eventuais destinat\u00e1rios.<\/p>\n\n\n\n<div class=\"wp-block-image\"><figure class=\"aligncenter size-large is-resized\"><img loading=\"lazy\" decoding=\"async\" src=\"https:\/\/jornalfatosenoticias.com.br\/wp-content\/uploads\/2022\/02\/Precisao-Contabilidade-1024x724.jpg\" alt=\"\" class=\"wp-image-28088\" width=\"323\" height=\"228\"\/><\/figure><\/div>\n\n\n\n<blockquote class=\"wp-block-quote is-layout-flow wp-block-quote-is-layout-flow\"><p><span class=\"has-inline-color has-luminous-vivid-orange-color\">Eu reconhe\u00e7o que meu grave equ\u00edvoco foi ter colocado o desejo de chegar a governador da Bahia acima dessa vis\u00e3o. Estou pagando o pre\u00e7o. [\u2026] Qual era a alternativa? Ia ter que chamar 500 pessoas aqui para se explicar. Eu n\u00e3o queria isso, n\u00e3o quero isso e vou morrer sem querer. Deixa eu continuar carregando aquilo que meu destino, a circunst\u00e2ncia e a inabilidade colocaram sobre meus ombros\u201d, disse na entrevista.<\/span><\/p><\/blockquote>\n\n\n\n<div class=\"wp-block-image\"><figure class=\"aligncenter size-large is-resized\"><img loading=\"lazy\" decoding=\"async\" src=\"https:\/\/jornalfatosenoticias.com.br\/wp-content\/uploads\/2023\/03\/Crypton-1000-\u00d7-900-px-300x270-1.png\" alt=\"\" class=\"wp-image-40206\" width=\"262\" height=\"236\"\/><\/figure><\/div>\n\n\n\n<p>Geddel tamb\u00e9m disse ao podcast que pode voltar \u00e0 pol\u00edtica mesmo com a condena\u00e7\u00e3o pelo dinheiro encontrado pela pol\u00edcia. Ele fez um paralelo \u00e0 situa\u00e7\u00e3o de Luiz In\u00e1cio Lula da Silva (PT), que tamb\u00e9m foi preso e voltou ao Pal\u00e1cio do Planalto.<\/p>\n\n\n\n<blockquote class=\"wp-block-quote is-layout-flow wp-block-quote-is-layout-flow\"><p><span class=\"has-inline-color has-luminous-vivid-orange-color\">Cabe ao eleitor julgar se quer ou se n\u00e3o quer. Lula passou 580 dias no xilindr\u00f3. \u00c0s vezes me perguntam: \u2018qual a diferen\u00e7a sua para Lula?\u2019 Passamos no mesmo hotel\u201d, disse se referindo \u00e0 pris\u00e3o.<\/span><\/p><\/blockquote>\n\n\n\n<div class=\"wp-block-image\"><figure class=\"aligncenter size-large is-resized\"><img loading=\"lazy\" decoding=\"async\" src=\"https:\/\/jornalfatosenoticias.com.br\/wp-content\/uploads\/2023\/04\/Logo_MasterMind.jpg\" alt=\"\" class=\"wp-image-40974\" width=\"345\" height=\"251\"\/><\/figure><\/div>\n\n\n\n<p>Geddel foi preso em 2017 durante a Opera\u00e7\u00e3o Cui Bono, desencadeada a partir da dela\u00e7\u00e3o do doleiro L\u00facio Funaro. No m\u00eas seguinte, a Pol\u00edcia Federal aprendeu oito malas e quatro caixas com dinheiro em esp\u00e9cie durante a Opera\u00e7\u00e3o Tesouro Perdido.<\/p>\n\n\n\n<p><strong><em>Fonte: <a href=\"https:\/\/www.gazetadopovo.com.br\/republica\/geddel-admite-51-milhoes-achados-apartamento-campanha\/\">Gazeta do Povo<\/a><\/em><\/strong><\/p>\n","protected":false},"excerpt":{"rendered":"<p>O ex-ministro Geddel Vieira Lima, que foi flagrado com R$ 51 milh\u00f5es escondidos em um apartamento em Salvador, em 2017, admitiu que o dinheiro seria usado para a campanha eleitoral ao governo da Bahia em 2018. A declara\u00e7\u00e3o foi dada a um podcast e divulgada neste final de semana pela revista Veja.De acordo com o [&hellip;]<\/p>\n","protected":false},"author":2,"featured_media":43370,"comment_status":"open","ping_status":"open","sticky":false,"template":"","format":"standard","meta":{"footnotes":""},"categories":[10],"tags":[20439,2129,13969,10242,13973,13970,7580,20440],"class_list":["post-43369","post","type-post","status-publish","format-standard","has-post-thumbnail","hentry","category-politica","tag-bunker","tag-corrupcao","tag-corrupcao-politica","tag-corrupcao-sistemica","tag-geddel-vieira-lima","tag-lavagem-de-dinheiro","tag-lula","tag-prisoes"],"yoast_head":"<!-- This site is optimized with the Yoast SEO plugin v26.5 - https:\/\/yoast.com\/wordpress\/plugins\/seo\/ -->\n<title>Geddel admite que R$ 51 milh\u00f5es achados em apartamento eram para campanha - Jornal Fatos e Not\u00edcias<\/title>\n<meta name=\"robots\" content=\"index, follow, max-snippet:-1, max-image-preview:large, max-video-preview:-1\" \/>\n<link rel=\"canonical\" href=\"https:\/\/jornalfatosenoticias.com.br\/index.php\/2023\/07\/17\/geddel-admite-que-r-51-milhoes-achados-em-apartamento-eram-para-campanha\/\" \/>\n<meta property=\"og:locale\" content=\"pt_BR\" \/>\n<meta property=\"og:type\" content=\"article\" \/>\n<meta property=\"og:title\" content=\"Geddel admite que R$ 51 milh\u00f5es achados em apartamento eram para campanha - Jornal Fatos e Not\u00edcias\" \/>\n<meta property=\"og:description\" content=\"O ex-ministro Geddel Vieira Lima, que foi flagrado com R$ 51 milh\u00f5es escondidos em um apartamento em Salvador, em 2017, admitiu que o dinheiro seria usado para a campanha eleitoral ao governo da Bahia em 2018. A declara\u00e7\u00e3o foi dada a um podcast e divulgada neste final de semana pela revista Veja.De acordo com o [&hellip;]\" \/>\n<meta property=\"og:url\" content=\"https:\/\/jornalfatosenoticias.com.br\/index.php\/2023\/07\/17\/geddel-admite-que-r-51-milhoes-achados-em-apartamento-eram-para-campanha\/\" \/>\n<meta property=\"og:site_name\" content=\"Jornal Fatos e Not\u00edcias\" \/>\n<meta property=\"article:published_time\" content=\"2023-07-17T16:48:46+00:00\" \/>\n<meta property=\"article:modified_time\" content=\"2023-07-17T16:48:47+00:00\" \/>\n<meta property=\"og:image\" content=\"https:\/\/jornalfatosenoticias.com.br\/wp-content\/uploads\/2023\/07\/geddel-vieira-lima-foto-joedson-alves-efe.jpg\" \/>\n\t<meta property=\"og:image:width\" content=\"960\" \/>\n\t<meta property=\"og:image:height\" content=\"540\" \/>\n\t<meta property=\"og:image:type\" content=\"image\/jpeg\" \/>\n<meta name=\"author\" content=\"Luzimara Fernandes\" \/>\n<meta name=\"twitter:card\" content=\"summary_large_image\" \/>\n<meta name=\"twitter:label1\" content=\"Escrito por\" \/>\n\t<meta name=\"twitter:data1\" content=\"Luzimara Fernandes\" \/>\n\t<meta name=\"twitter:label2\" content=\"Est. tempo de leitura\" \/>\n\t<meta name=\"twitter:data2\" content=\"2 minutos\" \/>\n<script type=\"application\/ld+json\" class=\"yoast-schema-graph\">{\"@context\":\"https:\/\/schema.org\",\"@graph\":[{\"@type\":\"Article\",\"@id\":\"https:\/\/jornalfatosenoticias.com.br\/index.php\/2023\/07\/17\/geddel-admite-que-r-51-milhoes-achados-em-apartamento-eram-para-campanha\/#article\",\"isPartOf\":{\"@id\":\"https:\/\/jornalfatosenoticias.com.br\/index.php\/2023\/07\/17\/geddel-admite-que-r-51-milhoes-achados-em-apartamento-eram-para-campanha\/\"},\"author\":{\"name\":\"Luzimara Fernandes\",\"@id\":\"https:\/\/jornalfatosenoticias.com.br\/#\/schema\/person\/d63837fa13ac8666eb9e74e0985d6f81\"},\"headline\":\"Geddel admite que R$ 51 milh\u00f5es achados em apartamento eram para campanha\",\"datePublished\":\"2023-07-17T16:48:46+00:00\",\"dateModified\":\"2023-07-17T16:48:47+00:00\",\"mainEntityOfPage\":{\"@id\":\"https:\/\/jornalfatosenoticias.com.br\/index.php\/2023\/07\/17\/geddel-admite-que-r-51-milhoes-achados-em-apartamento-eram-para-campanha\/\"},\"wordCount\":341,\"commentCount\":0,\"publisher\":{\"@id\":\"https:\/\/jornalfatosenoticias.com.br\/#organization\"},\"image\":{\"@id\":\"https:\/\/jornalfatosenoticias.com.br\/index.php\/2023\/07\/17\/geddel-admite-que-r-51-milhoes-achados-em-apartamento-eram-para-campanha\/#primaryimage\"},\"thumbnailUrl\":\"https:\/\/jornalfatosenoticias.com.br\/wp-content\/uploads\/2023\/07\/geddel-vieira-lima-foto-joedson-alves-efe.jpg\",\"keywords\":[\"bunker\",\"corrup\u00e7\u00e3o\",\"corrup\u00e7\u00e3o pol\u00edtica\",\"corrup\u00e7\u00e3o sist\u00eamica\",\"Geddel Vieira Lima\",\"lavagem de dinheiro\",\"Lula\",\"pris\u00f5es\"],\"articleSection\":[\"Pol\u00edtica\"],\"inLanguage\":\"pt-BR\",\"potentialAction\":[{\"@type\":\"CommentAction\",\"name\":\"Comment\",\"target\":[\"https:\/\/jornalfatosenoticias.com.br\/index.php\/2023\/07\/17\/geddel-admite-que-r-51-milhoes-achados-em-apartamento-eram-para-campanha\/#respond\"]}]},{\"@type\":\"WebPage\",\"@id\":\"https:\/\/jornalfatosenoticias.com.br\/index.php\/2023\/07\/17\/geddel-admite-que-r-51-milhoes-achados-em-apartamento-eram-para-campanha\/\",\"url\":\"https:\/\/jornalfatosenoticias.com.br\/index.php\/2023\/07\/17\/geddel-admite-que-r-51-milhoes-achados-em-apartamento-eram-para-campanha\/\",\"name\":\"Geddel admite que R$ 51 milh\u00f5es achados em apartamento eram para campanha - Jornal Fatos e Not\u00edcias\",\"isPartOf\":{\"@id\":\"https:\/\/jornalfatosenoticias.com.br\/#website\"},\"primaryImageOfPage\":{\"@id\":\"https:\/\/jornalfatosenoticias.com.br\/index.php\/2023\/07\/17\/geddel-admite-que-r-51-milhoes-achados-em-apartamento-eram-para-campanha\/#primaryimage\"},\"image\":{\"@id\":\"https:\/\/jornalfatosenoticias.com.br\/index.php\/2023\/07\/17\/geddel-admite-que-r-51-milhoes-achados-em-apartamento-eram-para-campanha\/#primaryimage\"},\"thumbnailUrl\":\"https:\/\/jornalfatosenoticias.com.br\/wp-content\/uploads\/2023\/07\/geddel-vieira-lima-foto-joedson-alves-efe.jpg\",\"datePublished\":\"2023-07-17T16:48:46+00:00\",\"dateModified\":\"2023-07-17T16:48:47+00:00\",\"breadcrumb\":{\"@id\":\"https:\/\/jornalfatosenoticias.com.br\/index.php\/2023\/07\/17\/geddel-admite-que-r-51-milhoes-achados-em-apartamento-eram-para-campanha\/#breadcrumb\"},\"inLanguage\":\"pt-BR\",\"potentialAction\":[{\"@type\":\"ReadAction\",\"target\":[\"https:\/\/jornalfatosenoticias.com.br\/index.php\/2023\/07\/17\/geddel-admite-que-r-51-milhoes-achados-em-apartamento-eram-para-campanha\/\"]}]},{\"@type\":\"ImageObject\",\"inLanguage\":\"pt-BR\",\"@id\":\"https:\/\/jornalfatosenoticias.com.br\/index.php\/2023\/07\/17\/geddel-admite-que-r-51-milhoes-achados-em-apartamento-eram-para-campanha\/#primaryimage\",\"url\":\"https:\/\/jornalfatosenoticias.com.br\/wp-content\/uploads\/2023\/07\/geddel-vieira-lima-foto-joedson-alves-efe.jpg\",\"contentUrl\":\"https:\/\/jornalfatosenoticias.com.br\/wp-content\/uploads\/2023\/07\/geddel-vieira-lima-foto-joedson-alves-efe.jpg\",\"width\":960,\"height\":540},{\"@type\":\"BreadcrumbList\",\"@id\":\"https:\/\/jornalfatosenoticias.com.br\/index.php\/2023\/07\/17\/geddel-admite-que-r-51-milhoes-achados-em-apartamento-eram-para-campanha\/#breadcrumb\",\"itemListElement\":[{\"@type\":\"ListItem\",\"position\":1,\"name\":\"In\u00edcio\",\"item\":\"https:\/\/jornalfatosenoticias.com.br\/\"},{\"@type\":\"ListItem\",\"position\":2,\"name\":\"Geddel admite que R$ 51 milh\u00f5es achados em apartamento eram para campanha\"}]},{\"@type\":\"WebSite\",\"@id\":\"https:\/\/jornalfatosenoticias.com.br\/#website\",\"url\":\"https:\/\/jornalfatosenoticias.com.br\/\",\"name\":\"Jornal Fatos e Not\u00edcias\",\"description\":\"Not\u00edcias em geral\",\"publisher\":{\"@id\":\"https:\/\/jornalfatosenoticias.com.br\/#organization\"},\"potentialAction\":[{\"@type\":\"SearchAction\",\"target\":{\"@type\":\"EntryPoint\",\"urlTemplate\":\"https:\/\/jornalfatosenoticias.com.br\/?s={search_term_string}\"},\"query-input\":{\"@type\":\"PropertyValueSpecification\",\"valueRequired\":true,\"valueName\":\"search_term_string\"}}],\"inLanguage\":\"pt-BR\"},{\"@type\":\"Organization\",\"@id\":\"https:\/\/jornalfatosenoticias.com.br\/#organization\",\"name\":\"Jornal Fatos e Not\u00edcias\",\"url\":\"https:\/\/jornalfatosenoticias.com.br\/\",\"logo\":{\"@type\":\"ImageObject\",\"inLanguage\":\"pt-BR\",\"@id\":\"https:\/\/jornalfatosenoticias.com.br\/#\/schema\/logo\/image\/\",\"url\":\"https:\/\/jornalfatosenoticias.com.br\/wp-content\/uploads\/2020\/02\/logo120.png\",\"contentUrl\":\"https:\/\/jornalfatosenoticias.com.br\/wp-content\/uploads\/2020\/02\/logo120.png\",\"width\":1227,\"height\":120,\"caption\":\"Jornal Fatos e Not\u00edcias\"},\"image\":{\"@id\":\"https:\/\/jornalfatosenoticias.com.br\/#\/schema\/logo\/image\/\"}},{\"@type\":\"Person\",\"@id\":\"https:\/\/jornalfatosenoticias.com.br\/#\/schema\/person\/d63837fa13ac8666eb9e74e0985d6f81\",\"name\":\"Luzimara Fernandes\",\"image\":{\"@type\":\"ImageObject\",\"inLanguage\":\"pt-BR\",\"@id\":\"https:\/\/jornalfatosenoticias.com.br\/#\/schema\/person\/image\/\",\"url\":\"https:\/\/jornalfatosenoticias.com.br\/wp-content\/uploads\/2025\/05\/EU_portal.jpg\",\"contentUrl\":\"https:\/\/jornalfatosenoticias.com.br\/wp-content\/uploads\/2025\/05\/EU_portal.jpg\",\"caption\":\"Luzimara Fernandes\"},\"description\":\"Jornalista MTB 2358-ES\",\"sameAs\":[\"https:\/\/jornalfatosenoticias.com.br\"],\"url\":\"https:\/\/jornalfatosenoticias.com.br\/index.php\/author\/luzimara\/\"}]}<\/script>\n<!-- \/ Yoast SEO plugin. -->","yoast_head_json":{"title":"Geddel admite que R$ 51 milh\u00f5es achados em apartamento eram para campanha - Jornal Fatos e Not\u00edcias","robots":{"index":"index","follow":"follow","max-snippet":"max-snippet:-1","max-image-preview":"max-image-preview:large","max-video-preview":"max-video-preview:-1"},"canonical":"https:\/\/jornalfatosenoticias.com.br\/index.php\/2023\/07\/17\/geddel-admite-que-r-51-milhoes-achados-em-apartamento-eram-para-campanha\/","og_locale":"pt_BR","og_type":"article","og_title":"Geddel admite que R$ 51 milh\u00f5es achados em apartamento eram para campanha - Jornal Fatos e Not\u00edcias","og_description":"O ex-ministro Geddel Vieira Lima, que foi flagrado com R$ 51 milh\u00f5es escondidos em um apartamento em Salvador, em 2017, admitiu que o dinheiro seria usado para a campanha eleitoral ao governo da Bahia em 2018. A declara\u00e7\u00e3o foi dada a um podcast e divulgada neste final de semana pela revista Veja.De acordo com o [&hellip;]","og_url":"https:\/\/jornalfatosenoticias.com.br\/index.php\/2023\/07\/17\/geddel-admite-que-r-51-milhoes-achados-em-apartamento-eram-para-campanha\/","og_site_name":"Jornal Fatos e Not\u00edcias","article_published_time":"2023-07-17T16:48:46+00:00","article_modified_time":"2023-07-17T16:48:47+00:00","og_image":[{"width":960,"height":540,"url":"https:\/\/jornalfatosenoticias.com.br\/wp-content\/uploads\/2023\/07\/geddel-vieira-lima-foto-joedson-alves-efe.jpg","type":"image\/jpeg"}],"author":"Luzimara Fernandes","twitter_card":"summary_large_image","twitter_misc":{"Escrito por":"Luzimara Fernandes","Est. tempo de leitura":"2 minutos"},"schema":{"@context":"https:\/\/schema.org","@graph":[{"@type":"Article","@id":"https:\/\/jornalfatosenoticias.com.br\/index.php\/2023\/07\/17\/geddel-admite-que-r-51-milhoes-achados-em-apartamento-eram-para-campanha\/#article","isPartOf":{"@id":"https:\/\/jornalfatosenoticias.com.br\/index.php\/2023\/07\/17\/geddel-admite-que-r-51-milhoes-achados-em-apartamento-eram-para-campanha\/"},"author":{"name":"Luzimara Fernandes","@id":"https:\/\/jornalfatosenoticias.com.br\/#\/schema\/person\/d63837fa13ac8666eb9e74e0985d6f81"},"headline":"Geddel admite que R$ 51 milh\u00f5es achados em apartamento eram para campanha","datePublished":"2023-07-17T16:48:46+00:00","dateModified":"2023-07-17T16:48:47+00:00","mainEntityOfPage":{"@id":"https:\/\/jornalfatosenoticias.com.br\/index.php\/2023\/07\/17\/geddel-admite-que-r-51-milhoes-achados-em-apartamento-eram-para-campanha\/"},"wordCount":341,"commentCount":0,"publisher":{"@id":"https:\/\/jornalfatosenoticias.com.br\/#organization"},"image":{"@id":"https:\/\/jornalfatosenoticias.com.br\/index.php\/2023\/07\/17\/geddel-admite-que-r-51-milhoes-achados-em-apartamento-eram-para-campanha\/#primaryimage"},"thumbnailUrl":"https:\/\/jornalfatosenoticias.com.br\/wp-content\/uploads\/2023\/07\/geddel-vieira-lima-foto-joedson-alves-efe.jpg","keywords":["bunker","corrup\u00e7\u00e3o","corrup\u00e7\u00e3o pol\u00edtica","corrup\u00e7\u00e3o sist\u00eamica","Geddel Vieira Lima","lavagem de dinheiro","Lula","pris\u00f5es"],"articleSection":["Pol\u00edtica"],"inLanguage":"pt-BR","potentialAction":[{"@type":"CommentAction","name":"Comment","target":["https:\/\/jornalfatosenoticias.com.br\/index.php\/2023\/07\/17\/geddel-admite-que-r-51-milhoes-achados-em-apartamento-eram-para-campanha\/#respond"]}]},{"@type":"WebPage","@id":"https:\/\/jornalfatosenoticias.com.br\/index.php\/2023\/07\/17\/geddel-admite-que-r-51-milhoes-achados-em-apartamento-eram-para-campanha\/","url":"https:\/\/jornalfatosenoticias.com.br\/index.php\/2023\/07\/17\/geddel-admite-que-r-51-milhoes-achados-em-apartamento-eram-para-campanha\/","name":"Geddel admite que R$ 51 milh\u00f5es achados em apartamento eram para campanha - Jornal Fatos e Not\u00edcias","isPartOf":{"@id":"https:\/\/jornalfatosenoticias.com.br\/#website"},"primaryImageOfPage":{"@id":"https:\/\/jornalfatosenoticias.com.br\/index.php\/2023\/07\/17\/geddel-admite-que-r-51-milhoes-achados-em-apartamento-eram-para-campanha\/#primaryimage"},"image":{"@id":"https:\/\/jornalfatosenoticias.com.br\/index.php\/2023\/07\/17\/geddel-admite-que-r-51-milhoes-achados-em-apartamento-eram-para-campanha\/#primaryimage"},"thumbnailUrl":"https:\/\/jornalfatosenoticias.com.br\/wp-content\/uploads\/2023\/07\/geddel-vieira-lima-foto-joedson-alves-efe.jpg","datePublished":"2023-07-17T16:48:46+00:00","dateModified":"2023-07-17T16:48:47+00:00","breadcrumb":{"@id":"https:\/\/jornalfatosenoticias.com.br\/index.php\/2023\/07\/17\/geddel-admite-que-r-51-milhoes-achados-em-apartamento-eram-para-campanha\/#breadcrumb"},"inLanguage":"pt-BR","potentialAction":[{"@type":"ReadAction","target":["https:\/\/jornalfatosenoticias.com.br\/index.php\/2023\/07\/17\/geddel-admite-que-r-51-milhoes-achados-em-apartamento-eram-para-campanha\/"]}]},{"@type":"ImageObject","inLanguage":"pt-BR","@id":"https:\/\/jornalfatosenoticias.com.br\/index.php\/2023\/07\/17\/geddel-admite-que-r-51-milhoes-achados-em-apartamento-eram-para-campanha\/#primaryimage","url":"https:\/\/jornalfatosenoticias.com.br\/wp-content\/uploads\/2023\/07\/geddel-vieira-lima-foto-joedson-alves-efe.jpg","contentUrl":"https:\/\/jornalfatosenoticias.com.br\/wp-content\/uploads\/2023\/07\/geddel-vieira-lima-foto-joedson-alves-efe.jpg","width":960,"height":540},{"@type":"BreadcrumbList","@id":"https:\/\/jornalfatosenoticias.com.br\/index.php\/2023\/07\/17\/geddel-admite-que-r-51-milhoes-achados-em-apartamento-eram-para-campanha\/#breadcrumb","itemListElement":[{"@type":"ListItem","position":1,"name":"In\u00edcio","item":"https:\/\/jornalfatosenoticias.com.br\/"},{"@type":"ListItem","position":2,"name":"Geddel admite que R$ 51 milh\u00f5es achados em apartamento eram para campanha"}]},{"@type":"WebSite","@id":"https:\/\/jornalfatosenoticias.com.br\/#website","url":"https:\/\/jornalfatosenoticias.com.br\/","name":"Jornal Fatos e Not\u00edcias","description":"Not\u00edcias em geral","publisher":{"@id":"https:\/\/jornalfatosenoticias.com.br\/#organization"},"potentialAction":[{"@type":"SearchAction","target":{"@type":"EntryPoint","urlTemplate":"https:\/\/jornalfatosenoticias.com.br\/?s={search_term_string}"},"query-input":{"@type":"PropertyValueSpecification","valueRequired":true,"valueName":"search_term_string"}}],"inLanguage":"pt-BR"},{"@type":"Organization","@id":"https:\/\/jornalfatosenoticias.com.br\/#organization","name":"Jornal Fatos e Not\u00edcias","url":"https:\/\/jornalfatosenoticias.com.br\/","logo":{"@type":"ImageObject","inLanguage":"pt-BR","@id":"https:\/\/jornalfatosenoticias.com.br\/#\/schema\/logo\/image\/","url":"https:\/\/jornalfatosenoticias.com.br\/wp-content\/uploads\/2020\/02\/logo120.png","contentUrl":"https:\/\/jornalfatosenoticias.com.br\/wp-content\/uploads\/2020\/02\/logo120.png","width":1227,"height":120,"caption":"Jornal Fatos e Not\u00edcias"},"image":{"@id":"https:\/\/jornalfatosenoticias.com.br\/#\/schema\/logo\/image\/"}},{"@type":"Person","@id":"https:\/\/jornalfatosenoticias.com.br\/#\/schema\/person\/d63837fa13ac8666eb9e74e0985d6f81","name":"Luzimara Fernandes","image":{"@type":"ImageObject","inLanguage":"pt-BR","@id":"https:\/\/jornalfatosenoticias.com.br\/#\/schema\/person\/image\/","url":"https:\/\/jornalfatosenoticias.com.br\/wp-content\/uploads\/2025\/05\/EU_portal.jpg","contentUrl":"https:\/\/jornalfatosenoticias.com.br\/wp-content\/uploads\/2025\/05\/EU_portal.jpg","caption":"Luzimara Fernandes"},"description":"Jornalista MTB 2358-ES","sameAs":["https:\/\/jornalfatosenoticias.com.br"],"url":"https:\/\/jornalfatosenoticias.com.br\/index.php\/author\/luzimara\/"}]}},"cc_featured_image_caption":{"caption_text":"(Foto: EFE\/Arquivo) ","source_text":"","source_url":""},"jetpack_featured_media_url":"https:\/\/jornalfatosenoticias.com.br\/wp-content\/uploads\/2023\/07\/geddel-vieira-lima-foto-joedson-alves-efe.jpg","_links":{"self":[{"href":"https:\/\/jornalfatosenoticias.com.br\/index.php\/wp-json\/wp\/v2\/posts\/43369","targetHints":{"allow":["GET"]}}],"collection":[{"href":"https:\/\/jornalfatosenoticias.com.br\/index.php\/wp-json\/wp\/v2\/posts"}],"about":[{"href":"https:\/\/jornalfatosenoticias.com.br\/index.php\/wp-json\/wp\/v2\/types\/post"}],"author":[{"embeddable":true,"href":"https:\/\/jornalfatosenoticias.com.br\/index.php\/wp-json\/wp\/v2\/users\/2"}],"replies":[{"embeddable":true,"href":"https:\/\/jornalfatosenoticias.com.br\/index.php\/wp-json\/wp\/v2\/comments?post=43369"}],"version-history":[{"count":0,"href":"https:\/\/jornalfatosenoticias.com.br\/index.php\/wp-json\/wp\/v2\/posts\/43369\/revisions"}],"wp:featuredmedia":[{"embeddable":true,"href":"https:\/\/jornalfatosenoticias.com.br\/index.php\/wp-json\/wp\/v2\/media\/43370"}],"wp:attachment":[{"href":"https:\/\/jornalfatosenoticias.com.br\/index.php\/wp-json\/wp\/v2\/media?parent=43369"}],"wp:term":[{"taxonomy":"category","embeddable":true,"href":"https:\/\/jornalfatosenoticias.com.br\/index.php\/wp-json\/wp\/v2\/categories?post=43369"},{"taxonomy":"post_tag","embeddable":true,"href":"https:\/\/jornalfatosenoticias.com.br\/index.php\/wp-json\/wp\/v2\/tags?post=43369"}],"curies":[{"name":"wp","href":"https:\/\/api.w.org\/{rel}","templated":true}]}}