{"id":43378,"date":"2023-07-18T16:14:13","date_gmt":"2023-07-18T19:14:13","guid":{"rendered":"https:\/\/jornalfatosenoticias.com.br\/?p=43378"},"modified":"2023-07-18T16:16:52","modified_gmt":"2023-07-18T19:16:52","slug":"caes-podem-detectar-covid-19-com-mais-rapidez-e-precisao-do-que-os-testes","status":"publish","type":"post","link":"https:\/\/jornalfatosenoticias.com.br\/index.php\/2023\/07\/18\/caes-podem-detectar-covid-19-com-mais-rapidez-e-precisao-do-que-os-testes\/","title":{"rendered":"C\u00e3es podem detectar covid-19 com mais rapidez e precis\u00e3o do que os testes"},"content":{"rendered":"\n<p><em><span class=\"has-inline-color has-black-color\">Por <strong><a href=\"https:\/\/gizmodo.uol.com.br\/author\/luisa-costa\/\">Lu\u00edsa Costa<\/a><\/strong><\/span><\/em><\/p>\n\n\n\n<div class=\"wp-block-image\"><figure class=\"aligncenter size-large\"><img decoding=\"async\" src=\"https:\/\/jornalfatosenoticias.com.br\/wp-content\/uploads\/2020\/02\/barao-das-carnes-300x164-1.jpg\" alt=\"\" class=\"wp-image-34339\"\/><\/figure><\/div>\n\n\n\n<p>C\u00e3es podem detectar pessoas com <a href=\"https:\/\/gizmodo.uol.com.br\/3-anos-de-covid-o-brasil-vai-chegar-a-1-milhao-de-vitimas-fatais\/\">covid-19<\/a> com a mesma efici\u00eancia dos testes para diagn\u00f3stico convencionais. A conclus\u00e3o \u00e9 de uma dupla de pesquisadores dos Estados Unidos. Eles analisaram mais de 170 estudos revisados por pares \u2014 publicados em revistas cient\u00edficas \u2014 que testaram a capacidade canina para tal.<\/p>\n\n\n\n<blockquote class=\"wp-block-quote is-layout-flow wp-block-quote-is-layout-flow\"><p><span class=\"has-inline-color has-luminous-vivid-orange-color\">Acreditamos que os c\u00e3es farejadores merecem seu lugar como metodologia de diagn\u00f3stico s\u00e9ria, que pode ser particularmente \u00fatil durante pandemias, potencialmente como parte de exames r\u00e1pidos de sa\u00fade em espa\u00e7os p\u00fablicos\u201d, disse Tommy Dickey, da Universidade da Calif\u00f3rnia em Santa B\u00e1rbara, nos Estados Unidos, em comunicado.<\/span><\/p><\/blockquote>\n\n\n\n<div class=\"wp-block-image\"><figure class=\"aligncenter size-large\"><img loading=\"lazy\" decoding=\"async\" width=\"300\" height=\"250\" src=\"https:\/\/jornalfatosenoticias.com.br\/wp-content\/uploads\/2022\/02\/Banner-2.png\" alt=\"\" class=\"wp-image-27877\"\/><\/figure><\/div>\n\n\n\n<p>Dickey \u00e9 autor do estudo <a href=\"https:\/\/www.degruyter.com\/document\/doi\/10.1515\/jom-2023-0104\/html\" target=\"_blank\" rel=\"noreferrer noopener\">publicado<\/a>, na \u00faltima segunda (17), no <em>Journal of Osteopathic Medicine, <\/em>junto com a pesquisadora Heather Junqueira, CEO da BioScent Inc., uma empresa especialista no treinamento de cachorros para detec\u00e7\u00e3o de alguns tipos de c\u00e2ncer e outras doen\u00e7as.<\/p>\n\n\n\n<div class=\"wp-block-image\"><figure class=\"aligncenter size-large is-resized\"><img loading=\"lazy\" decoding=\"async\" src=\"https:\/\/jornalfatosenoticias.com.br\/wp-content\/uploads\/2022\/02\/Precisao-Contabilidade-1024x724.jpg\" alt=\"\" class=\"wp-image-28088\" width=\"315\" height=\"223\"\/><\/figure><\/div>\n\n\n\n<p>A dupla usou 29 dos estudos selecionados para realizar uma an\u00e1lise quantitativa, comparando os resultados caninos aos m\u00e9todos convencionais de diagn\u00f3stico da covid-19: o teste r\u00e1pido de ant\u00edgeno e o teste RT-PCR. Os estudos envolviam mais de 31 mil amostras, 19 ra\u00e7as diferentes de c\u00e3es e 400 cientistas de 30 pa\u00edses. Em alguns deles, os animais examinaram amostras de suor, saliva ou urina dos pacientes. Em outros, os c\u00e3es farejavam as pessoas diretamente, \u00e0s vezes, em locais p\u00fablicos, como em unidades de sa\u00fade.<\/p>\n\n\n\n<div class=\"wp-block-image\"><figure class=\"aligncenter size-large is-resized\"><img loading=\"lazy\" decoding=\"async\" src=\"https:\/\/jornalfatosenoticias.com.br\/wp-content\/uploads\/2022\/02\/FERRARI_MAQUINAS-E-FERRAMENTAS2.jpg\" alt=\"\" class=\"wp-image-27860\" width=\"282\" height=\"235\"\/><\/figure><\/div>\n\n\n\n<p><strong><span class=\"has-inline-color has-black-color\">Resultados dos c\u00e3es<br><\/span><\/strong>Na maioria dos estudos, os c\u00e3es farejadores demonstraram sensibilidade e especificidade semelhantes ou melhores do que os testes convencionais. Ou seja: puderam detectar corretamente os indiv\u00edduos que apresentavam a doen\u00e7a e que n\u00e3o apresentavam a doen\u00e7a.<br>A revis\u00e3o n\u00e3o detectou diferen\u00e7as nos desempenhos dos c\u00e3es baseadas na ra\u00e7a nem sexo de cada um. Al\u00e9m disso, entre os melhores resultados verificados, destaca-se quatro c\u00e3es de um estudo que puderam detectar uma quantidade de c\u00f3pias de RNA viral por mililitro de amostra biol\u00f3gica. Ela \u00e9 equivalente a uma gota dissolvida em dez piscinas ol\u00edmpicas e meia.<\/p>\n\n\n\n<div class=\"wp-block-image\"><figure class=\"aligncenter size-large\"><img loading=\"lazy\" decoding=\"async\" width=\"300\" height=\"137\" src=\"https:\/\/jornalfatosenoticias.com.br\/wp-content\/uploads\/2023\/06\/LOGO_JULIANA-GRACA_PORTAL.jpg\" alt=\"\" class=\"wp-image-42597\"\/><\/figure><\/div>\n\n\n\n<p>Os pesquisadores norte-americanos tamb\u00e9m conclu\u00edram que os c\u00e3es podem detectar covid-19 em pacientes que apresentam ou n\u00e3o sintomas da doen\u00e7a. Isso inclui diversas variantes da covid-19 e at\u00e9 com covid longa. Eles podiam fornecer resultados em segundos ou minutos ap\u00f3s farejarem uma pessoa ou amostra. A conclus\u00e3o da dupla \u00e9 que os c\u00e3es treinados est\u00e3o prontos para aplica\u00e7\u00f5es m\u00e9dicas convencionais.<\/p>\n\n\n\n<div class=\"wp-block-image\"><figure class=\"aligncenter size-large is-resized\"><img loading=\"lazy\" decoding=\"async\" src=\"https:\/\/jornalfatosenoticias.com.br\/wp-content\/uploads\/2020\/02\/logo-embacia.jpg\" alt=\"\" class=\"wp-image-33905\" width=\"284\" height=\"284\"\/><\/figure><\/div>\n\n\n\n<blockquote class=\"wp-block-quote is-layout-flow wp-block-quote-is-layout-flow\"><p><span class=\"has-inline-color has-luminous-vivid-orange-color\">Estamos confiantes de que os c\u00e3es farejadores ser\u00e3o \u00fateis na detec\u00e7\u00e3o de uma ampla variedade de doen\u00e7as no futuro\u201d, disse Dickey.<\/span><\/p><\/blockquote>\n\n\n\n<div class=\"wp-block-image\"><figure class=\"aligncenter size-large is-resized\"><img loading=\"lazy\" decoding=\"async\" src=\"https:\/\/jornalfatosenoticias.com.br\/wp-content\/uploads\/2023\/04\/Logo_MasterMind.jpg\" alt=\"\" class=\"wp-image-40974\" width=\"277\" height=\"202\"\/><\/figure><\/div>\n\n\n\n<p><strong><em>Fonte: <a href=\"https:\/\/gizmodo.uol.com.br\/caes-podem-detectar-covid-19-com-mais-rapidez-e-precisao-do-que-os-testes\/\">GizModo<\/a><\/em><\/strong><\/p>\n","protected":false},"excerpt":{"rendered":"<p>Por Lu\u00edsa Costa C\u00e3es podem detectar pessoas com covid-19 com a mesma efici\u00eancia dos testes para diagn\u00f3stico convencionais. A conclus\u00e3o \u00e9 de uma dupla de pesquisadores dos Estados Unidos. Eles analisaram mais de 170 estudos revisados por pares \u2014 publicados em revistas cient\u00edficas \u2014 que testaram a capacidade canina para tal. Acreditamos que os c\u00e3es [&hellip;]<\/p>\n","protected":false},"author":2,"featured_media":43379,"comment_status":"open","ping_status":"open","sticky":false,"template":"","format":"standard","meta":{"footnotes":""},"categories":[9710],"tags":[3072,273,330,4157,74],"class_list":["post-43378","post","type-post","status-publish","format-standard","has-post-thumbnail","hentry","category-pets","tag-cachorros","tag-covid-19","tag-pandemia","tag-pets","tag-saude"],"yoast_head":"<!-- This site is optimized with the Yoast SEO plugin v26.5 - https:\/\/yoast.com\/wordpress\/plugins\/seo\/ -->\n<title>C\u00e3es podem detectar covid-19 com mais rapidez e precis\u00e3o do que os testes - Jornal Fatos e Not\u00edcias<\/title>\n<meta name=\"robots\" content=\"index, follow, max-snippet:-1, max-image-preview:large, max-video-preview:-1\" \/>\n<link rel=\"canonical\" href=\"https:\/\/jornalfatosenoticias.com.br\/index.php\/2023\/07\/18\/caes-podem-detectar-covid-19-com-mais-rapidez-e-precisao-do-que-os-testes\/\" \/>\n<meta property=\"og:locale\" content=\"pt_BR\" \/>\n<meta property=\"og:type\" content=\"article\" \/>\n<meta property=\"og:title\" content=\"C\u00e3es podem detectar covid-19 com mais rapidez e precis\u00e3o do que os testes - Jornal Fatos e Not\u00edcias\" \/>\n<meta property=\"og:description\" content=\"Por Lu\u00edsa Costa C\u00e3es podem detectar pessoas com covid-19 com a mesma efici\u00eancia dos testes para diagn\u00f3stico convencionais. A conclus\u00e3o \u00e9 de uma dupla de pesquisadores dos Estados Unidos. Eles analisaram mais de 170 estudos revisados por pares \u2014 publicados em revistas cient\u00edficas \u2014 que testaram a capacidade canina para tal. Acreditamos que os c\u00e3es [&hellip;]\" \/>\n<meta property=\"og:url\" content=\"https:\/\/jornalfatosenoticias.com.br\/index.php\/2023\/07\/18\/caes-podem-detectar-covid-19-com-mais-rapidez-e-precisao-do-que-os-testes\/\" \/>\n<meta property=\"og:site_name\" content=\"Jornal Fatos e Not\u00edcias\" \/>\n<meta property=\"article:published_time\" content=\"2023-07-18T19:14:13+00:00\" \/>\n<meta property=\"article:modified_time\" content=\"2023-07-18T19:16:52+00:00\" \/>\n<meta property=\"og:image\" content=\"https:\/\/jornalfatosenoticias.com.br\/wp-content\/uploads\/2023\/07\/covid-cao.jpg\" \/>\n\t<meta property=\"og:image:width\" content=\"1000\" \/>\n\t<meta property=\"og:image:height\" content=\"532\" \/>\n\t<meta property=\"og:image:type\" content=\"image\/jpeg\" \/>\n<meta name=\"author\" content=\"Luzimara Fernandes\" \/>\n<meta name=\"twitter:card\" content=\"summary_large_image\" \/>\n<meta name=\"twitter:label1\" content=\"Escrito por\" \/>\n\t<meta name=\"twitter:data1\" content=\"Luzimara Fernandes\" \/>\n\t<meta name=\"twitter:label2\" content=\"Est. tempo de leitura\" \/>\n\t<meta name=\"twitter:data2\" content=\"2 minutos\" \/>\n<script type=\"application\/ld+json\" class=\"yoast-schema-graph\">{\"@context\":\"https:\/\/schema.org\",\"@graph\":[{\"@type\":\"Article\",\"@id\":\"https:\/\/jornalfatosenoticias.com.br\/index.php\/2023\/07\/18\/caes-podem-detectar-covid-19-com-mais-rapidez-e-precisao-do-que-os-testes\/#article\",\"isPartOf\":{\"@id\":\"https:\/\/jornalfatosenoticias.com.br\/index.php\/2023\/07\/18\/caes-podem-detectar-covid-19-com-mais-rapidez-e-precisao-do-que-os-testes\/\"},\"author\":{\"name\":\"Luzimara Fernandes\",\"@id\":\"https:\/\/jornalfatosenoticias.com.br\/#\/schema\/person\/d63837fa13ac8666eb9e74e0985d6f81\"},\"headline\":\"C\u00e3es podem detectar covid-19 com mais rapidez e precis\u00e3o do que os testes\",\"datePublished\":\"2023-07-18T19:14:13+00:00\",\"dateModified\":\"2023-07-18T19:16:52+00:00\",\"mainEntityOfPage\":{\"@id\":\"https:\/\/jornalfatosenoticias.com.br\/index.php\/2023\/07\/18\/caes-podem-detectar-covid-19-com-mais-rapidez-e-precisao-do-que-os-testes\/\"},\"wordCount\":464,\"commentCount\":0,\"publisher\":{\"@id\":\"https:\/\/jornalfatosenoticias.com.br\/#organization\"},\"image\":{\"@id\":\"https:\/\/jornalfatosenoticias.com.br\/index.php\/2023\/07\/18\/caes-podem-detectar-covid-19-com-mais-rapidez-e-precisao-do-que-os-testes\/#primaryimage\"},\"thumbnailUrl\":\"https:\/\/jornalfatosenoticias.com.br\/wp-content\/uploads\/2023\/07\/covid-cao.jpg\",\"keywords\":[\"cachorros\",\"covid-19\",\"pandemia\",\"pets\",\"sa\u00fade\"],\"articleSection\":[\"Pets\"],\"inLanguage\":\"pt-BR\",\"potentialAction\":[{\"@type\":\"CommentAction\",\"name\":\"Comment\",\"target\":[\"https:\/\/jornalfatosenoticias.com.br\/index.php\/2023\/07\/18\/caes-podem-detectar-covid-19-com-mais-rapidez-e-precisao-do-que-os-testes\/#respond\"]}]},{\"@type\":\"WebPage\",\"@id\":\"https:\/\/jornalfatosenoticias.com.br\/index.php\/2023\/07\/18\/caes-podem-detectar-covid-19-com-mais-rapidez-e-precisao-do-que-os-testes\/\",\"url\":\"https:\/\/jornalfatosenoticias.com.br\/index.php\/2023\/07\/18\/caes-podem-detectar-covid-19-com-mais-rapidez-e-precisao-do-que-os-testes\/\",\"name\":\"C\u00e3es podem detectar covid-19 com mais rapidez e precis\u00e3o do que os testes - Jornal Fatos e Not\u00edcias\",\"isPartOf\":{\"@id\":\"https:\/\/jornalfatosenoticias.com.br\/#website\"},\"primaryImageOfPage\":{\"@id\":\"https:\/\/jornalfatosenoticias.com.br\/index.php\/2023\/07\/18\/caes-podem-detectar-covid-19-com-mais-rapidez-e-precisao-do-que-os-testes\/#primaryimage\"},\"image\":{\"@id\":\"https:\/\/jornalfatosenoticias.com.br\/index.php\/2023\/07\/18\/caes-podem-detectar-covid-19-com-mais-rapidez-e-precisao-do-que-os-testes\/#primaryimage\"},\"thumbnailUrl\":\"https:\/\/jornalfatosenoticias.com.br\/wp-content\/uploads\/2023\/07\/covid-cao.jpg\",\"datePublished\":\"2023-07-18T19:14:13+00:00\",\"dateModified\":\"2023-07-18T19:16:52+00:00\",\"breadcrumb\":{\"@id\":\"https:\/\/jornalfatosenoticias.com.br\/index.php\/2023\/07\/18\/caes-podem-detectar-covid-19-com-mais-rapidez-e-precisao-do-que-os-testes\/#breadcrumb\"},\"inLanguage\":\"pt-BR\",\"potentialAction\":[{\"@type\":\"ReadAction\",\"target\":[\"https:\/\/jornalfatosenoticias.com.br\/index.php\/2023\/07\/18\/caes-podem-detectar-covid-19-com-mais-rapidez-e-precisao-do-que-os-testes\/\"]}]},{\"@type\":\"ImageObject\",\"inLanguage\":\"pt-BR\",\"@id\":\"https:\/\/jornalfatosenoticias.com.br\/index.php\/2023\/07\/18\/caes-podem-detectar-covid-19-com-mais-rapidez-e-precisao-do-que-os-testes\/#primaryimage\",\"url\":\"https:\/\/jornalfatosenoticias.com.br\/wp-content\/uploads\/2023\/07\/covid-cao.jpg\",\"contentUrl\":\"https:\/\/jornalfatosenoticias.com.br\/wp-content\/uploads\/2023\/07\/covid-cao.jpg\",\"width\":1000,\"height\":532},{\"@type\":\"BreadcrumbList\",\"@id\":\"https:\/\/jornalfatosenoticias.com.br\/index.php\/2023\/07\/18\/caes-podem-detectar-covid-19-com-mais-rapidez-e-precisao-do-que-os-testes\/#breadcrumb\",\"itemListElement\":[{\"@type\":\"ListItem\",\"position\":1,\"name\":\"In\u00edcio\",\"item\":\"https:\/\/jornalfatosenoticias.com.br\/\"},{\"@type\":\"ListItem\",\"position\":2,\"name\":\"C\u00e3es podem detectar covid-19 com mais rapidez e precis\u00e3o do que os testes\"}]},{\"@type\":\"WebSite\",\"@id\":\"https:\/\/jornalfatosenoticias.com.br\/#website\",\"url\":\"https:\/\/jornalfatosenoticias.com.br\/\",\"name\":\"Jornal Fatos e Not\u00edcias\",\"description\":\"Not\u00edcias em geral\",\"publisher\":{\"@id\":\"https:\/\/jornalfatosenoticias.com.br\/#organization\"},\"potentialAction\":[{\"@type\":\"SearchAction\",\"target\":{\"@type\":\"EntryPoint\",\"urlTemplate\":\"https:\/\/jornalfatosenoticias.com.br\/?s={search_term_string}\"},\"query-input\":{\"@type\":\"PropertyValueSpecification\",\"valueRequired\":true,\"valueName\":\"search_term_string\"}}],\"inLanguage\":\"pt-BR\"},{\"@type\":\"Organization\",\"@id\":\"https:\/\/jornalfatosenoticias.com.br\/#organization\",\"name\":\"Jornal Fatos e Not\u00edcias\",\"url\":\"https:\/\/jornalfatosenoticias.com.br\/\",\"logo\":{\"@type\":\"ImageObject\",\"inLanguage\":\"pt-BR\",\"@id\":\"https:\/\/jornalfatosenoticias.com.br\/#\/schema\/logo\/image\/\",\"url\":\"https:\/\/jornalfatosenoticias.com.br\/wp-content\/uploads\/2020\/02\/logo120.png\",\"contentUrl\":\"https:\/\/jornalfatosenoticias.com.br\/wp-content\/uploads\/2020\/02\/logo120.png\",\"width\":1227,\"height\":120,\"caption\":\"Jornal Fatos e Not\u00edcias\"},\"image\":{\"@id\":\"https:\/\/jornalfatosenoticias.com.br\/#\/schema\/logo\/image\/\"}},{\"@type\":\"Person\",\"@id\":\"https:\/\/jornalfatosenoticias.com.br\/#\/schema\/person\/d63837fa13ac8666eb9e74e0985d6f81\",\"name\":\"Luzimara Fernandes\",\"image\":{\"@type\":\"ImageObject\",\"inLanguage\":\"pt-BR\",\"@id\":\"https:\/\/jornalfatosenoticias.com.br\/#\/schema\/person\/image\/\",\"url\":\"https:\/\/jornalfatosenoticias.com.br\/wp-content\/uploads\/2025\/05\/EU_portal.jpg\",\"contentUrl\":\"https:\/\/jornalfatosenoticias.com.br\/wp-content\/uploads\/2025\/05\/EU_portal.jpg\",\"caption\":\"Luzimara Fernandes\"},\"description\":\"Jornalista MTB 2358-ES\",\"sameAs\":[\"https:\/\/jornalfatosenoticias.com.br\"],\"url\":\"https:\/\/jornalfatosenoticias.com.br\/index.php\/author\/luzimara\/\"}]}<\/script>\n<!-- \/ Yoast SEO plugin. -->","yoast_head_json":{"title":"C\u00e3es podem detectar covid-19 com mais rapidez e precis\u00e3o do que os testes - Jornal Fatos e Not\u00edcias","robots":{"index":"index","follow":"follow","max-snippet":"max-snippet:-1","max-image-preview":"max-image-preview:large","max-video-preview":"max-video-preview:-1"},"canonical":"https:\/\/jornalfatosenoticias.com.br\/index.php\/2023\/07\/18\/caes-podem-detectar-covid-19-com-mais-rapidez-e-precisao-do-que-os-testes\/","og_locale":"pt_BR","og_type":"article","og_title":"C\u00e3es podem detectar covid-19 com mais rapidez e precis\u00e3o do que os testes - Jornal Fatos e Not\u00edcias","og_description":"Por Lu\u00edsa Costa C\u00e3es podem detectar pessoas com covid-19 com a mesma efici\u00eancia dos testes para diagn\u00f3stico convencionais. A conclus\u00e3o \u00e9 de uma dupla de pesquisadores dos Estados Unidos. Eles analisaram mais de 170 estudos revisados por pares \u2014 publicados em revistas cient\u00edficas \u2014 que testaram a capacidade canina para tal. Acreditamos que os c\u00e3es [&hellip;]","og_url":"https:\/\/jornalfatosenoticias.com.br\/index.php\/2023\/07\/18\/caes-podem-detectar-covid-19-com-mais-rapidez-e-precisao-do-que-os-testes\/","og_site_name":"Jornal Fatos e Not\u00edcias","article_published_time":"2023-07-18T19:14:13+00:00","article_modified_time":"2023-07-18T19:16:52+00:00","og_image":[{"width":1000,"height":532,"url":"https:\/\/jornalfatosenoticias.com.br\/wp-content\/uploads\/2023\/07\/covid-cao.jpg","type":"image\/jpeg"}],"author":"Luzimara Fernandes","twitter_card":"summary_large_image","twitter_misc":{"Escrito por":"Luzimara Fernandes","Est. tempo de leitura":"2 minutos"},"schema":{"@context":"https:\/\/schema.org","@graph":[{"@type":"Article","@id":"https:\/\/jornalfatosenoticias.com.br\/index.php\/2023\/07\/18\/caes-podem-detectar-covid-19-com-mais-rapidez-e-precisao-do-que-os-testes\/#article","isPartOf":{"@id":"https:\/\/jornalfatosenoticias.com.br\/index.php\/2023\/07\/18\/caes-podem-detectar-covid-19-com-mais-rapidez-e-precisao-do-que-os-testes\/"},"author":{"name":"Luzimara Fernandes","@id":"https:\/\/jornalfatosenoticias.com.br\/#\/schema\/person\/d63837fa13ac8666eb9e74e0985d6f81"},"headline":"C\u00e3es podem detectar covid-19 com mais rapidez e precis\u00e3o do que os testes","datePublished":"2023-07-18T19:14:13+00:00","dateModified":"2023-07-18T19:16:52+00:00","mainEntityOfPage":{"@id":"https:\/\/jornalfatosenoticias.com.br\/index.php\/2023\/07\/18\/caes-podem-detectar-covid-19-com-mais-rapidez-e-precisao-do-que-os-testes\/"},"wordCount":464,"commentCount":0,"publisher":{"@id":"https:\/\/jornalfatosenoticias.com.br\/#organization"},"image":{"@id":"https:\/\/jornalfatosenoticias.com.br\/index.php\/2023\/07\/18\/caes-podem-detectar-covid-19-com-mais-rapidez-e-precisao-do-que-os-testes\/#primaryimage"},"thumbnailUrl":"https:\/\/jornalfatosenoticias.com.br\/wp-content\/uploads\/2023\/07\/covid-cao.jpg","keywords":["cachorros","covid-19","pandemia","pets","sa\u00fade"],"articleSection":["Pets"],"inLanguage":"pt-BR","potentialAction":[{"@type":"CommentAction","name":"Comment","target":["https:\/\/jornalfatosenoticias.com.br\/index.php\/2023\/07\/18\/caes-podem-detectar-covid-19-com-mais-rapidez-e-precisao-do-que-os-testes\/#respond"]}]},{"@type":"WebPage","@id":"https:\/\/jornalfatosenoticias.com.br\/index.php\/2023\/07\/18\/caes-podem-detectar-covid-19-com-mais-rapidez-e-precisao-do-que-os-testes\/","url":"https:\/\/jornalfatosenoticias.com.br\/index.php\/2023\/07\/18\/caes-podem-detectar-covid-19-com-mais-rapidez-e-precisao-do-que-os-testes\/","name":"C\u00e3es podem detectar covid-19 com mais rapidez e precis\u00e3o do que os testes - Jornal Fatos e Not\u00edcias","isPartOf":{"@id":"https:\/\/jornalfatosenoticias.com.br\/#website"},"primaryImageOfPage":{"@id":"https:\/\/jornalfatosenoticias.com.br\/index.php\/2023\/07\/18\/caes-podem-detectar-covid-19-com-mais-rapidez-e-precisao-do-que-os-testes\/#primaryimage"},"image":{"@id":"https:\/\/jornalfatosenoticias.com.br\/index.php\/2023\/07\/18\/caes-podem-detectar-covid-19-com-mais-rapidez-e-precisao-do-que-os-testes\/#primaryimage"},"thumbnailUrl":"https:\/\/jornalfatosenoticias.com.br\/wp-content\/uploads\/2023\/07\/covid-cao.jpg","datePublished":"2023-07-18T19:14:13+00:00","dateModified":"2023-07-18T19:16:52+00:00","breadcrumb":{"@id":"https:\/\/jornalfatosenoticias.com.br\/index.php\/2023\/07\/18\/caes-podem-detectar-covid-19-com-mais-rapidez-e-precisao-do-que-os-testes\/#breadcrumb"},"inLanguage":"pt-BR","potentialAction":[{"@type":"ReadAction","target":["https:\/\/jornalfatosenoticias.com.br\/index.php\/2023\/07\/18\/caes-podem-detectar-covid-19-com-mais-rapidez-e-precisao-do-que-os-testes\/"]}]},{"@type":"ImageObject","inLanguage":"pt-BR","@id":"https:\/\/jornalfatosenoticias.com.br\/index.php\/2023\/07\/18\/caes-podem-detectar-covid-19-com-mais-rapidez-e-precisao-do-que-os-testes\/#primaryimage","url":"https:\/\/jornalfatosenoticias.com.br\/wp-content\/uploads\/2023\/07\/covid-cao.jpg","contentUrl":"https:\/\/jornalfatosenoticias.com.br\/wp-content\/uploads\/2023\/07\/covid-cao.jpg","width":1000,"height":532},{"@type":"BreadcrumbList","@id":"https:\/\/jornalfatosenoticias.com.br\/index.php\/2023\/07\/18\/caes-podem-detectar-covid-19-com-mais-rapidez-e-precisao-do-que-os-testes\/#breadcrumb","itemListElement":[{"@type":"ListItem","position":1,"name":"In\u00edcio","item":"https:\/\/jornalfatosenoticias.com.br\/"},{"@type":"ListItem","position":2,"name":"C\u00e3es podem detectar covid-19 com mais rapidez e precis\u00e3o do que os testes"}]},{"@type":"WebSite","@id":"https:\/\/jornalfatosenoticias.com.br\/#website","url":"https:\/\/jornalfatosenoticias.com.br\/","name":"Jornal Fatos e Not\u00edcias","description":"Not\u00edcias em geral","publisher":{"@id":"https:\/\/jornalfatosenoticias.com.br\/#organization"},"potentialAction":[{"@type":"SearchAction","target":{"@type":"EntryPoint","urlTemplate":"https:\/\/jornalfatosenoticias.com.br\/?s={search_term_string}"},"query-input":{"@type":"PropertyValueSpecification","valueRequired":true,"valueName":"search_term_string"}}],"inLanguage":"pt-BR"},{"@type":"Organization","@id":"https:\/\/jornalfatosenoticias.com.br\/#organization","name":"Jornal Fatos e Not\u00edcias","url":"https:\/\/jornalfatosenoticias.com.br\/","logo":{"@type":"ImageObject","inLanguage":"pt-BR","@id":"https:\/\/jornalfatosenoticias.com.br\/#\/schema\/logo\/image\/","url":"https:\/\/jornalfatosenoticias.com.br\/wp-content\/uploads\/2020\/02\/logo120.png","contentUrl":"https:\/\/jornalfatosenoticias.com.br\/wp-content\/uploads\/2020\/02\/logo120.png","width":1227,"height":120,"caption":"Jornal Fatos e Not\u00edcias"},"image":{"@id":"https:\/\/jornalfatosenoticias.com.br\/#\/schema\/logo\/image\/"}},{"@type":"Person","@id":"https:\/\/jornalfatosenoticias.com.br\/#\/schema\/person\/d63837fa13ac8666eb9e74e0985d6f81","name":"Luzimara Fernandes","image":{"@type":"ImageObject","inLanguage":"pt-BR","@id":"https:\/\/jornalfatosenoticias.com.br\/#\/schema\/person\/image\/","url":"https:\/\/jornalfatosenoticias.com.br\/wp-content\/uploads\/2025\/05\/EU_portal.jpg","contentUrl":"https:\/\/jornalfatosenoticias.com.br\/wp-content\/uploads\/2025\/05\/EU_portal.jpg","caption":"Luzimara Fernandes"},"description":"Jornalista MTB 2358-ES","sameAs":["https:\/\/jornalfatosenoticias.com.br"],"url":"https:\/\/jornalfatosenoticias.com.br\/index.php\/author\/luzimara\/"}]}},"cc_featured_image_caption":{"caption_text":"(Foto: iStock)","source_text":"","source_url":""},"jetpack_featured_media_url":"https:\/\/jornalfatosenoticias.com.br\/wp-content\/uploads\/2023\/07\/covid-cao.jpg","_links":{"self":[{"href":"https:\/\/jornalfatosenoticias.com.br\/index.php\/wp-json\/wp\/v2\/posts\/43378","targetHints":{"allow":["GET"]}}],"collection":[{"href":"https:\/\/jornalfatosenoticias.com.br\/index.php\/wp-json\/wp\/v2\/posts"}],"about":[{"href":"https:\/\/jornalfatosenoticias.com.br\/index.php\/wp-json\/wp\/v2\/types\/post"}],"author":[{"embeddable":true,"href":"https:\/\/jornalfatosenoticias.com.br\/index.php\/wp-json\/wp\/v2\/users\/2"}],"replies":[{"embeddable":true,"href":"https:\/\/jornalfatosenoticias.com.br\/index.php\/wp-json\/wp\/v2\/comments?post=43378"}],"version-history":[{"count":0,"href":"https:\/\/jornalfatosenoticias.com.br\/index.php\/wp-json\/wp\/v2\/posts\/43378\/revisions"}],"wp:featuredmedia":[{"embeddable":true,"href":"https:\/\/jornalfatosenoticias.com.br\/index.php\/wp-json\/wp\/v2\/media\/43379"}],"wp:attachment":[{"href":"https:\/\/jornalfatosenoticias.com.br\/index.php\/wp-json\/wp\/v2\/media?parent=43378"}],"wp:term":[{"taxonomy":"category","embeddable":true,"href":"https:\/\/jornalfatosenoticias.com.br\/index.php\/wp-json\/wp\/v2\/categories?post=43378"},{"taxonomy":"post_tag","embeddable":true,"href":"https:\/\/jornalfatosenoticias.com.br\/index.php\/wp-json\/wp\/v2\/tags?post=43378"}],"curies":[{"name":"wp","href":"https:\/\/api.w.org\/{rel}","templated":true}]}}