{"id":43391,"date":"2023-07-18T16:56:54","date_gmt":"2023-07-18T19:56:54","guid":{"rendered":"https:\/\/jornalfatosenoticias.com.br\/?p=43391"},"modified":"2023-07-18T16:56:55","modified_gmt":"2023-07-18T19:56:55","slug":"o-ano-em-que-nao-existiu-verao","status":"publish","type":"post","link":"https:\/\/jornalfatosenoticias.com.br\/index.php\/2023\/07\/18\/o-ano-em-que-nao-existiu-verao\/","title":{"rendered":"O ano em que n\u00e3o existiu ver\u00e3o"},"content":{"rendered":"\n<p><span class=\"has-inline-color has-black-color\"><em>1816, ficou conhecido por ser o ano sem ver\u00e3o devido a uma erup\u00e7\u00e3o que bloqueou parte da incid\u00eancia solar e resfriou o planeta<\/em><\/span><\/p>\n\n\n\n<p><em><span class=\"has-inline-color has-black-color\">Por <strong><a href=\"https:\/\/olhardigital.com.br\/author\/mateus-dias\/\">Mateus Dias<\/a><\/strong><\/span><\/em><\/p>\n\n\n\n<div class=\"wp-block-image\"><figure class=\"aligncenter size-large is-resized\"><img loading=\"lazy\" decoding=\"async\" src=\"https:\/\/jornalfatosenoticias.com.br\/wp-content\/uploads\/2020\/02\/logo-Rapuzel-1024x571.jpg\" alt=\"\" class=\"wp-image-42808\" width=\"393\" height=\"219\" srcset=\"https:\/\/jornalfatosenoticias.com.br\/wp-content\/uploads\/2020\/02\/logo-Rapuzel-1024x571.jpg 1024w, https:\/\/jornalfatosenoticias.com.br\/wp-content\/uploads\/2020\/02\/logo-Rapuzel-300x167.jpg 300w, https:\/\/jornalfatosenoticias.com.br\/wp-content\/uploads\/2020\/02\/logo-Rapuzel-768x428.jpg 768w, https:\/\/jornalfatosenoticias.com.br\/wp-content\/uploads\/2020\/02\/logo-Rapuzel-1536x856.jpg 1536w, https:\/\/jornalfatosenoticias.com.br\/wp-content\/uploads\/2020\/02\/logo-Rapuzel.jpg 1600w\" sizes=\"auto, (max-width: 393px) 100vw, 393px\" \/><\/figure><\/div>\n\n\n\n<p>Em 10 de abril de 1815, o <a href=\"https:\/\/olhardigital.com.br\/2023\/06\/09\/ciencia-e-espaco\/vulcao-mais-perigoso-da-europa-pode-entrar-em-erupcao\/\" target=\"_blank\" rel=\"noreferrer noopener\">vulc\u00e3o<\/a>\u00a0Monte Tambora, localizado na Indon\u00e9sia, explodiu naquela que provavelmente foi a maior erup\u00e7\u00e3o dos \u00faltimos 1500 anos. Esse evento colocou o planeta todo em sombras e acabou por bloquear a luz solar, fazendo com o ano seguinte ficasse conhecido por n\u00e3o ter\u00a0<a href=\"https:\/\/olhardigital.com.br\/2023\/01\/27\/dicas-e-tutoriais\/por-que-chove-tanto-no-verao\/\" target=\"_blank\" rel=\"noreferrer noopener\">ver\u00e3o<\/a>.<br>A erup\u00e7\u00e3o durou cerca de quatro meses e liberou milh\u00f5es de toneladas de cinzas, poeira e \u00e1cido sulf\u00farico na atmosfera, bloqueando a incid\u00eancia solar por meses ininterruptamente. A temperatura do planeta caiu em m\u00e9dia tr\u00eas graus Celsius, causando consequ\u00eancias principalmente no Hemisf\u00e9rio Norte.<br>Geadas e tempestades intensas assolaram toda essa regi\u00e3o, principalmente nos meses de junho, julho e agosto, per\u00edodo de ver\u00e3o no hemisf\u00e9rio norte, fazendo com que 1816 fosse chamado de o ano sem ver\u00e3o.<\/p>\n\n\n\n<div class=\"wp-block-image\"><figure class=\"aligncenter size-large is-resized\"><img loading=\"lazy\" decoding=\"async\" src=\"https:\/\/jornalfatosenoticias.com.br\/wp-content\/uploads\/2020\/02\/casa-do-torresmo_portal.jpg\" alt=\"\" class=\"wp-image-34472\" width=\"284\" height=\"284\" srcset=\"https:\/\/jornalfatosenoticias.com.br\/wp-content\/uploads\/2020\/02\/casa-do-torresmo_portal.jpg 300w, https:\/\/jornalfatosenoticias.com.br\/wp-content\/uploads\/2020\/02\/casa-do-torresmo_portal-150x150.jpg 150w\" sizes=\"auto, (max-width: 284px) 100vw, 284px\" \/><\/figure><\/div>\n\n\n\n<p>A falta de ilumina\u00e7\u00e3o solar tamb\u00e9m afetou as planta\u00e7\u00f5es, o que desencadeou a escassez de alimento. Al\u00e9m disso, o evento tamb\u00e9m facilitou a dissemina\u00e7\u00e3o de epidemias, como a da c\u00f3lera e o surto de tifo.<br>Agora, alguns pesquisadores est\u00e3o procurando formas de reproduzir as emiss\u00f5es de \u00e1cido sulf\u00farico na atmosfera causadas pela erup\u00e7\u00e3o do Monte Tambora, a fim de atrasar os efeitos do aquecimento global. \u00c9 o que explica o pesquisador David Biello, em v\u00eddeo no<strong> YouTube.<\/strong><\/p>\n\n\n\n<div class=\"wp-block-image\"><figure class=\"aligncenter size-large\"><img decoding=\"async\" src=\"https:\/\/jornalfatosenoticias.com.br\/wp-content\/uploads\/2020\/02\/barao-das-carnes-300x164-1.jpg\" alt=\"\" class=\"wp-image-34339\"\/><\/figure><\/div>\n\n\n\n<figure class=\"wp-block-embed-youtube wp-block-embed is-type-video is-provider-youtube wp-embed-aspect-16-9 wp-has-aspect-ratio\"><div class=\"wp-block-embed__wrapper\">\n<iframe loading=\"lazy\" title=\"The strangest summer in recorded history - David Biello\" width=\"660\" height=\"371\" src=\"https:\/\/www.youtube.com\/embed\/UgMxLAi-odI?start=336&#038;feature=oembed\" frameborder=\"0\" allow=\"accelerometer; autoplay; clipboard-write; encrypted-media; gyroscope; picture-in-picture; web-share\" referrerpolicy=\"strict-origin-when-cross-origin\" allowfullscreen><\/iframe>\n<\/div><\/figure>\n\n\n\n<p>A proposta faz parte de uma s\u00e9rie de sugest\u00f5es de bioengenharia, ou seja, interven\u00e7\u00f5es humanas em escala global nos sistemas naturais da Terra. Algumas das outras ideias para controlar a incid\u00eancia de radia\u00e7\u00e3o solar consiste em colocar um enorme para-sol em \u00f3rbita da Terra, implementa\u00e7\u00e3o de sistemas para aumentar as nuvens mar\u00edtimas ou pintar superf\u00edcies de branco para a Terra refletir mais luz solar.<\/p>\n\n\n\n<div class=\"wp-block-image\"><figure class=\"aligncenter size-large\"><img loading=\"lazy\" decoding=\"async\" width=\"300\" height=\"250\" src=\"https:\/\/jornalfatosenoticias.com.br\/wp-content\/uploads\/2022\/08\/arte-Casarao.jpg\" alt=\"\" class=\"wp-image-33178\"\/><\/figure><\/div>\n\n\n\n<p>Liberar vapor de \u00e1cido sulf\u00farico na atmosfera \u00e9 baseado na forma como os vulc\u00f5es podem afetar o clima global de forma r\u00e1pida. No entanto, reproduzir isso pode ser arriscado, visto que uma simples mudan\u00e7a pode criar um efeito borboleta sem precedentes.<br>A reprodu\u00e7\u00e3o do ano no ver\u00e3o, al\u00e9m de causar a queda nas temperaturas, tamb\u00e9m pode trazer todas as outras consequ\u00eancias junto, como o aumento da precipita\u00e7\u00e3o e a perda de planta\u00e7\u00f5es. Ademais, a sua reprodu\u00e7\u00e3o n\u00e3o resolveria a libera\u00e7\u00e3o desenfreada de gases do efeito estufa na atmosfera, os verdadeiros vil\u00f5es do aquecimento global.<\/p>\n\n\n\n<div class=\"wp-block-image\"><figure class=\"aligncenter size-large is-resized\"><img loading=\"lazy\" decoding=\"async\" src=\"https:\/\/jornalfatosenoticias.com.br\/wp-content\/uploads\/2023\/04\/Logo_MasterMind.jpg\" alt=\"\" class=\"wp-image-40974\" width=\"293\" height=\"213\"\/><\/figure><\/div>\n\n\n\n<p><strong><em>Fonte: <a href=\"https:\/\/olhardigital.com.br\/2023\/07\/15\/ciencia-e-espaco\/o-sombrio-ano-de-1815-em-que-nao-existiu-verao\/\">Olhar Digital<\/a><\/em><\/strong><\/p>\n","protected":false},"excerpt":{"rendered":"<p>1816, ficou conhecido por ser o ano sem ver\u00e3o devido a uma erup\u00e7\u00e3o que bloqueou parte da incid\u00eancia solar e resfriou o planeta Por Mateus Dias Em 10 de abril de 1815, o vulc\u00e3o\u00a0Monte Tambora, localizado na Indon\u00e9sia, explodiu naquela que provavelmente foi a maior erup\u00e7\u00e3o dos \u00faltimos 1500 anos. Esse evento colocou o planeta [&hellip;]<\/p>\n","protected":false},"author":2,"featured_media":43393,"comment_status":"open","ping_status":"open","sticky":false,"template":"","format":"standard","meta":{"footnotes":""},"categories":[5],"tags":[362,2292,228,20443,360,93],"class_list":["post-43391","post","type-post","status-publish","format-standard","has-post-thumbnail","hentry","category-geral","tag-aquecimento-global","tag-efeito-estufa","tag-erupcao","tag-incidencia-solar","tag-mudancas-climaticas","tag-vulcao"],"yoast_head":"<!-- This site is optimized with the Yoast SEO plugin v26.5 - https:\/\/yoast.com\/wordpress\/plugins\/seo\/ -->\n<title>O ano em que n\u00e3o existiu ver\u00e3o - Jornal Fatos e Not\u00edcias<\/title>\n<meta name=\"robots\" content=\"index, follow, max-snippet:-1, max-image-preview:large, max-video-preview:-1\" \/>\n<link rel=\"canonical\" href=\"https:\/\/jornalfatosenoticias.com.br\/index.php\/2023\/07\/18\/o-ano-em-que-nao-existiu-verao\/\" \/>\n<meta property=\"og:locale\" content=\"pt_BR\" \/>\n<meta property=\"og:type\" content=\"article\" \/>\n<meta property=\"og:title\" content=\"O ano em que n\u00e3o existiu ver\u00e3o - Jornal Fatos e Not\u00edcias\" \/>\n<meta property=\"og:description\" content=\"1816, ficou conhecido por ser o ano sem ver\u00e3o devido a uma erup\u00e7\u00e3o que bloqueou parte da incid\u00eancia solar e resfriou o planeta Por Mateus Dias Em 10 de abril de 1815, o vulc\u00e3o\u00a0Monte Tambora, localizado na Indon\u00e9sia, explodiu naquela que provavelmente foi a maior erup\u00e7\u00e3o dos \u00faltimos 1500 anos. Esse evento colocou o planeta [&hellip;]\" \/>\n<meta property=\"og:url\" content=\"https:\/\/jornalfatosenoticias.com.br\/index.php\/2023\/07\/18\/o-ano-em-que-nao-existiu-verao\/\" \/>\n<meta property=\"og:site_name\" content=\"Jornal Fatos e Not\u00edcias\" \/>\n<meta property=\"article:published_time\" content=\"2023-07-18T19:56:54+00:00\" \/>\n<meta property=\"article:modified_time\" content=\"2023-07-18T19:56:55+00:00\" \/>\n<meta property=\"og:image\" content=\"https:\/\/jornalfatosenoticias.com.br\/wp-content\/uploads\/2023\/07\/bloqueio-do-sol-verao.jpg\" \/>\n\t<meta property=\"og:image:width\" content=\"1000\" \/>\n\t<meta property=\"og:image:height\" content=\"666\" \/>\n\t<meta property=\"og:image:type\" content=\"image\/jpeg\" \/>\n<meta name=\"author\" content=\"Luzimara Fernandes\" \/>\n<meta name=\"twitter:card\" content=\"summary_large_image\" \/>\n<meta name=\"twitter:label1\" content=\"Escrito por\" \/>\n\t<meta name=\"twitter:data1\" content=\"Luzimara Fernandes\" \/>\n\t<meta name=\"twitter:label2\" content=\"Est. tempo de leitura\" \/>\n\t<meta name=\"twitter:data2\" content=\"2 minutos\" \/>\n<script type=\"application\/ld+json\" class=\"yoast-schema-graph\">{\"@context\":\"https:\/\/schema.org\",\"@graph\":[{\"@type\":\"Article\",\"@id\":\"https:\/\/jornalfatosenoticias.com.br\/index.php\/2023\/07\/18\/o-ano-em-que-nao-existiu-verao\/#article\",\"isPartOf\":{\"@id\":\"https:\/\/jornalfatosenoticias.com.br\/index.php\/2023\/07\/18\/o-ano-em-que-nao-existiu-verao\/\"},\"author\":{\"name\":\"Luzimara Fernandes\",\"@id\":\"https:\/\/jornalfatosenoticias.com.br\/#\/schema\/person\/d63837fa13ac8666eb9e74e0985d6f81\"},\"headline\":\"O ano em que n\u00e3o existiu ver\u00e3o\",\"datePublished\":\"2023-07-18T19:56:54+00:00\",\"dateModified\":\"2023-07-18T19:56:55+00:00\",\"mainEntityOfPage\":{\"@id\":\"https:\/\/jornalfatosenoticias.com.br\/index.php\/2023\/07\/18\/o-ano-em-que-nao-existiu-verao\/\"},\"wordCount\":480,\"commentCount\":0,\"publisher\":{\"@id\":\"https:\/\/jornalfatosenoticias.com.br\/#organization\"},\"image\":{\"@id\":\"https:\/\/jornalfatosenoticias.com.br\/index.php\/2023\/07\/18\/o-ano-em-que-nao-existiu-verao\/#primaryimage\"},\"thumbnailUrl\":\"https:\/\/jornalfatosenoticias.com.br\/wp-content\/uploads\/2023\/07\/bloqueio-do-sol-verao.jpg\",\"keywords\":[\"aquecimento global\",\"efeito estufa\",\"erup\u00e7\u00e3o\",\"incid\u00eancia solar\",\"mudan\u00e7as clim\u00e1ticas\",\"vulc\u00e3o\"],\"articleSection\":[\"Geral\"],\"inLanguage\":\"pt-BR\",\"potentialAction\":[{\"@type\":\"CommentAction\",\"name\":\"Comment\",\"target\":[\"https:\/\/jornalfatosenoticias.com.br\/index.php\/2023\/07\/18\/o-ano-em-que-nao-existiu-verao\/#respond\"]}]},{\"@type\":\"WebPage\",\"@id\":\"https:\/\/jornalfatosenoticias.com.br\/index.php\/2023\/07\/18\/o-ano-em-que-nao-existiu-verao\/\",\"url\":\"https:\/\/jornalfatosenoticias.com.br\/index.php\/2023\/07\/18\/o-ano-em-que-nao-existiu-verao\/\",\"name\":\"O ano em que n\u00e3o existiu ver\u00e3o - Jornal Fatos e Not\u00edcias\",\"isPartOf\":{\"@id\":\"https:\/\/jornalfatosenoticias.com.br\/#website\"},\"primaryImageOfPage\":{\"@id\":\"https:\/\/jornalfatosenoticias.com.br\/index.php\/2023\/07\/18\/o-ano-em-que-nao-existiu-verao\/#primaryimage\"},\"image\":{\"@id\":\"https:\/\/jornalfatosenoticias.com.br\/index.php\/2023\/07\/18\/o-ano-em-que-nao-existiu-verao\/#primaryimage\"},\"thumbnailUrl\":\"https:\/\/jornalfatosenoticias.com.br\/wp-content\/uploads\/2023\/07\/bloqueio-do-sol-verao.jpg\",\"datePublished\":\"2023-07-18T19:56:54+00:00\",\"dateModified\":\"2023-07-18T19:56:55+00:00\",\"breadcrumb\":{\"@id\":\"https:\/\/jornalfatosenoticias.com.br\/index.php\/2023\/07\/18\/o-ano-em-que-nao-existiu-verao\/#breadcrumb\"},\"inLanguage\":\"pt-BR\",\"potentialAction\":[{\"@type\":\"ReadAction\",\"target\":[\"https:\/\/jornalfatosenoticias.com.br\/index.php\/2023\/07\/18\/o-ano-em-que-nao-existiu-verao\/\"]}]},{\"@type\":\"ImageObject\",\"inLanguage\":\"pt-BR\",\"@id\":\"https:\/\/jornalfatosenoticias.com.br\/index.php\/2023\/07\/18\/o-ano-em-que-nao-existiu-verao\/#primaryimage\",\"url\":\"https:\/\/jornalfatosenoticias.com.br\/wp-content\/uploads\/2023\/07\/bloqueio-do-sol-verao.jpg\",\"contentUrl\":\"https:\/\/jornalfatosenoticias.com.br\/wp-content\/uploads\/2023\/07\/bloqueio-do-sol-verao.jpg\",\"width\":1000,\"height\":666},{\"@type\":\"BreadcrumbList\",\"@id\":\"https:\/\/jornalfatosenoticias.com.br\/index.php\/2023\/07\/18\/o-ano-em-que-nao-existiu-verao\/#breadcrumb\",\"itemListElement\":[{\"@type\":\"ListItem\",\"position\":1,\"name\":\"In\u00edcio\",\"item\":\"https:\/\/jornalfatosenoticias.com.br\/\"},{\"@type\":\"ListItem\",\"position\":2,\"name\":\"O ano em que n\u00e3o existiu ver\u00e3o\"}]},{\"@type\":\"WebSite\",\"@id\":\"https:\/\/jornalfatosenoticias.com.br\/#website\",\"url\":\"https:\/\/jornalfatosenoticias.com.br\/\",\"name\":\"Jornal Fatos e Not\u00edcias\",\"description\":\"Not\u00edcias em geral\",\"publisher\":{\"@id\":\"https:\/\/jornalfatosenoticias.com.br\/#organization\"},\"potentialAction\":[{\"@type\":\"SearchAction\",\"target\":{\"@type\":\"EntryPoint\",\"urlTemplate\":\"https:\/\/jornalfatosenoticias.com.br\/?s={search_term_string}\"},\"query-input\":{\"@type\":\"PropertyValueSpecification\",\"valueRequired\":true,\"valueName\":\"search_term_string\"}}],\"inLanguage\":\"pt-BR\"},{\"@type\":\"Organization\",\"@id\":\"https:\/\/jornalfatosenoticias.com.br\/#organization\",\"name\":\"Jornal Fatos e Not\u00edcias\",\"url\":\"https:\/\/jornalfatosenoticias.com.br\/\",\"logo\":{\"@type\":\"ImageObject\",\"inLanguage\":\"pt-BR\",\"@id\":\"https:\/\/jornalfatosenoticias.com.br\/#\/schema\/logo\/image\/\",\"url\":\"https:\/\/jornalfatosenoticias.com.br\/wp-content\/uploads\/2020\/02\/logo120.png\",\"contentUrl\":\"https:\/\/jornalfatosenoticias.com.br\/wp-content\/uploads\/2020\/02\/logo120.png\",\"width\":1227,\"height\":120,\"caption\":\"Jornal Fatos e Not\u00edcias\"},\"image\":{\"@id\":\"https:\/\/jornalfatosenoticias.com.br\/#\/schema\/logo\/image\/\"}},{\"@type\":\"Person\",\"@id\":\"https:\/\/jornalfatosenoticias.com.br\/#\/schema\/person\/d63837fa13ac8666eb9e74e0985d6f81\",\"name\":\"Luzimara Fernandes\",\"image\":{\"@type\":\"ImageObject\",\"inLanguage\":\"pt-BR\",\"@id\":\"https:\/\/jornalfatosenoticias.com.br\/#\/schema\/person\/image\/\",\"url\":\"https:\/\/jornalfatosenoticias.com.br\/wp-content\/uploads\/2025\/05\/EU_portal.jpg\",\"contentUrl\":\"https:\/\/jornalfatosenoticias.com.br\/wp-content\/uploads\/2025\/05\/EU_portal.jpg\",\"caption\":\"Luzimara Fernandes\"},\"description\":\"Jornalista MTB 2358-ES\",\"sameAs\":[\"https:\/\/jornalfatosenoticias.com.br\"],\"url\":\"https:\/\/jornalfatosenoticias.com.br\/index.php\/author\/luzimara\/\"}]}<\/script>\n<!-- \/ Yoast SEO plugin. -->","yoast_head_json":{"title":"O ano em que n\u00e3o existiu ver\u00e3o - Jornal Fatos e Not\u00edcias","robots":{"index":"index","follow":"follow","max-snippet":"max-snippet:-1","max-image-preview":"max-image-preview:large","max-video-preview":"max-video-preview:-1"},"canonical":"https:\/\/jornalfatosenoticias.com.br\/index.php\/2023\/07\/18\/o-ano-em-que-nao-existiu-verao\/","og_locale":"pt_BR","og_type":"article","og_title":"O ano em que n\u00e3o existiu ver\u00e3o - Jornal Fatos e Not\u00edcias","og_description":"1816, ficou conhecido por ser o ano sem ver\u00e3o devido a uma erup\u00e7\u00e3o que bloqueou parte da incid\u00eancia solar e resfriou o planeta Por Mateus Dias Em 10 de abril de 1815, o vulc\u00e3o\u00a0Monte Tambora, localizado na Indon\u00e9sia, explodiu naquela que provavelmente foi a maior erup\u00e7\u00e3o dos \u00faltimos 1500 anos. Esse evento colocou o planeta [&hellip;]","og_url":"https:\/\/jornalfatosenoticias.com.br\/index.php\/2023\/07\/18\/o-ano-em-que-nao-existiu-verao\/","og_site_name":"Jornal Fatos e Not\u00edcias","article_published_time":"2023-07-18T19:56:54+00:00","article_modified_time":"2023-07-18T19:56:55+00:00","og_image":[{"width":1000,"height":666,"url":"https:\/\/jornalfatosenoticias.com.br\/wp-content\/uploads\/2023\/07\/bloqueio-do-sol-verao.jpg","type":"image\/jpeg"}],"author":"Luzimara Fernandes","twitter_card":"summary_large_image","twitter_misc":{"Escrito por":"Luzimara Fernandes","Est. tempo de leitura":"2 minutos"},"schema":{"@context":"https:\/\/schema.org","@graph":[{"@type":"Article","@id":"https:\/\/jornalfatosenoticias.com.br\/index.php\/2023\/07\/18\/o-ano-em-que-nao-existiu-verao\/#article","isPartOf":{"@id":"https:\/\/jornalfatosenoticias.com.br\/index.php\/2023\/07\/18\/o-ano-em-que-nao-existiu-verao\/"},"author":{"name":"Luzimara Fernandes","@id":"https:\/\/jornalfatosenoticias.com.br\/#\/schema\/person\/d63837fa13ac8666eb9e74e0985d6f81"},"headline":"O ano em que n\u00e3o existiu ver\u00e3o","datePublished":"2023-07-18T19:56:54+00:00","dateModified":"2023-07-18T19:56:55+00:00","mainEntityOfPage":{"@id":"https:\/\/jornalfatosenoticias.com.br\/index.php\/2023\/07\/18\/o-ano-em-que-nao-existiu-verao\/"},"wordCount":480,"commentCount":0,"publisher":{"@id":"https:\/\/jornalfatosenoticias.com.br\/#organization"},"image":{"@id":"https:\/\/jornalfatosenoticias.com.br\/index.php\/2023\/07\/18\/o-ano-em-que-nao-existiu-verao\/#primaryimage"},"thumbnailUrl":"https:\/\/jornalfatosenoticias.com.br\/wp-content\/uploads\/2023\/07\/bloqueio-do-sol-verao.jpg","keywords":["aquecimento global","efeito estufa","erup\u00e7\u00e3o","incid\u00eancia solar","mudan\u00e7as clim\u00e1ticas","vulc\u00e3o"],"articleSection":["Geral"],"inLanguage":"pt-BR","potentialAction":[{"@type":"CommentAction","name":"Comment","target":["https:\/\/jornalfatosenoticias.com.br\/index.php\/2023\/07\/18\/o-ano-em-que-nao-existiu-verao\/#respond"]}]},{"@type":"WebPage","@id":"https:\/\/jornalfatosenoticias.com.br\/index.php\/2023\/07\/18\/o-ano-em-que-nao-existiu-verao\/","url":"https:\/\/jornalfatosenoticias.com.br\/index.php\/2023\/07\/18\/o-ano-em-que-nao-existiu-verao\/","name":"O ano em que n\u00e3o existiu ver\u00e3o - Jornal Fatos e Not\u00edcias","isPartOf":{"@id":"https:\/\/jornalfatosenoticias.com.br\/#website"},"primaryImageOfPage":{"@id":"https:\/\/jornalfatosenoticias.com.br\/index.php\/2023\/07\/18\/o-ano-em-que-nao-existiu-verao\/#primaryimage"},"image":{"@id":"https:\/\/jornalfatosenoticias.com.br\/index.php\/2023\/07\/18\/o-ano-em-que-nao-existiu-verao\/#primaryimage"},"thumbnailUrl":"https:\/\/jornalfatosenoticias.com.br\/wp-content\/uploads\/2023\/07\/bloqueio-do-sol-verao.jpg","datePublished":"2023-07-18T19:56:54+00:00","dateModified":"2023-07-18T19:56:55+00:00","breadcrumb":{"@id":"https:\/\/jornalfatosenoticias.com.br\/index.php\/2023\/07\/18\/o-ano-em-que-nao-existiu-verao\/#breadcrumb"},"inLanguage":"pt-BR","potentialAction":[{"@type":"ReadAction","target":["https:\/\/jornalfatosenoticias.com.br\/index.php\/2023\/07\/18\/o-ano-em-que-nao-existiu-verao\/"]}]},{"@type":"ImageObject","inLanguage":"pt-BR","@id":"https:\/\/jornalfatosenoticias.com.br\/index.php\/2023\/07\/18\/o-ano-em-que-nao-existiu-verao\/#primaryimage","url":"https:\/\/jornalfatosenoticias.com.br\/wp-content\/uploads\/2023\/07\/bloqueio-do-sol-verao.jpg","contentUrl":"https:\/\/jornalfatosenoticias.com.br\/wp-content\/uploads\/2023\/07\/bloqueio-do-sol-verao.jpg","width":1000,"height":666},{"@type":"BreadcrumbList","@id":"https:\/\/jornalfatosenoticias.com.br\/index.php\/2023\/07\/18\/o-ano-em-que-nao-existiu-verao\/#breadcrumb","itemListElement":[{"@type":"ListItem","position":1,"name":"In\u00edcio","item":"https:\/\/jornalfatosenoticias.com.br\/"},{"@type":"ListItem","position":2,"name":"O ano em que n\u00e3o existiu ver\u00e3o"}]},{"@type":"WebSite","@id":"https:\/\/jornalfatosenoticias.com.br\/#website","url":"https:\/\/jornalfatosenoticias.com.br\/","name":"Jornal Fatos e Not\u00edcias","description":"Not\u00edcias em geral","publisher":{"@id":"https:\/\/jornalfatosenoticias.com.br\/#organization"},"potentialAction":[{"@type":"SearchAction","target":{"@type":"EntryPoint","urlTemplate":"https:\/\/jornalfatosenoticias.com.br\/?s={search_term_string}"},"query-input":{"@type":"PropertyValueSpecification","valueRequired":true,"valueName":"search_term_string"}}],"inLanguage":"pt-BR"},{"@type":"Organization","@id":"https:\/\/jornalfatosenoticias.com.br\/#organization","name":"Jornal Fatos e Not\u00edcias","url":"https:\/\/jornalfatosenoticias.com.br\/","logo":{"@type":"ImageObject","inLanguage":"pt-BR","@id":"https:\/\/jornalfatosenoticias.com.br\/#\/schema\/logo\/image\/","url":"https:\/\/jornalfatosenoticias.com.br\/wp-content\/uploads\/2020\/02\/logo120.png","contentUrl":"https:\/\/jornalfatosenoticias.com.br\/wp-content\/uploads\/2020\/02\/logo120.png","width":1227,"height":120,"caption":"Jornal Fatos e Not\u00edcias"},"image":{"@id":"https:\/\/jornalfatosenoticias.com.br\/#\/schema\/logo\/image\/"}},{"@type":"Person","@id":"https:\/\/jornalfatosenoticias.com.br\/#\/schema\/person\/d63837fa13ac8666eb9e74e0985d6f81","name":"Luzimara Fernandes","image":{"@type":"ImageObject","inLanguage":"pt-BR","@id":"https:\/\/jornalfatosenoticias.com.br\/#\/schema\/person\/image\/","url":"https:\/\/jornalfatosenoticias.com.br\/wp-content\/uploads\/2025\/05\/EU_portal.jpg","contentUrl":"https:\/\/jornalfatosenoticias.com.br\/wp-content\/uploads\/2025\/05\/EU_portal.jpg","caption":"Luzimara Fernandes"},"description":"Jornalista MTB 2358-ES","sameAs":["https:\/\/jornalfatosenoticias.com.br"],"url":"https:\/\/jornalfatosenoticias.com.br\/index.php\/author\/luzimara\/"}]}},"cc_featured_image_caption":{"caption_text":"(Foto: Shutterstock)","source_text":"","source_url":""},"jetpack_featured_media_url":"https:\/\/jornalfatosenoticias.com.br\/wp-content\/uploads\/2023\/07\/bloqueio-do-sol-verao.jpg","_links":{"self":[{"href":"https:\/\/jornalfatosenoticias.com.br\/index.php\/wp-json\/wp\/v2\/posts\/43391","targetHints":{"allow":["GET"]}}],"collection":[{"href":"https:\/\/jornalfatosenoticias.com.br\/index.php\/wp-json\/wp\/v2\/posts"}],"about":[{"href":"https:\/\/jornalfatosenoticias.com.br\/index.php\/wp-json\/wp\/v2\/types\/post"}],"author":[{"embeddable":true,"href":"https:\/\/jornalfatosenoticias.com.br\/index.php\/wp-json\/wp\/v2\/users\/2"}],"replies":[{"embeddable":true,"href":"https:\/\/jornalfatosenoticias.com.br\/index.php\/wp-json\/wp\/v2\/comments?post=43391"}],"version-history":[{"count":0,"href":"https:\/\/jornalfatosenoticias.com.br\/index.php\/wp-json\/wp\/v2\/posts\/43391\/revisions"}],"wp:featuredmedia":[{"embeddable":true,"href":"https:\/\/jornalfatosenoticias.com.br\/index.php\/wp-json\/wp\/v2\/media\/43393"}],"wp:attachment":[{"href":"https:\/\/jornalfatosenoticias.com.br\/index.php\/wp-json\/wp\/v2\/media?parent=43391"}],"wp:term":[{"taxonomy":"category","embeddable":true,"href":"https:\/\/jornalfatosenoticias.com.br\/index.php\/wp-json\/wp\/v2\/categories?post=43391"},{"taxonomy":"post_tag","embeddable":true,"href":"https:\/\/jornalfatosenoticias.com.br\/index.php\/wp-json\/wp\/v2\/tags?post=43391"}],"curies":[{"name":"wp","href":"https:\/\/api.w.org\/{rel}","templated":true}]}}