{"id":43398,"date":"2023-07-18T17:43:50","date_gmt":"2023-07-18T20:43:50","guid":{"rendered":"https:\/\/jornalfatosenoticias.com.br\/?p=43398"},"modified":"2023-07-18T17:49:45","modified_gmt":"2023-07-18T20:49:45","slug":"governo-lula-divulga-dado-enganoso-sobre-bolsa-familia","status":"publish","type":"post","link":"https:\/\/jornalfatosenoticias.com.br\/index.php\/2023\/07\/18\/governo-lula-divulga-dado-enganoso-sobre-bolsa-familia\/","title":{"rendered":"Governo Lula divulga dado enganoso sobre Bolsa Fam\u00edlia"},"content":{"rendered":"\n<div class=\"wp-block-image\"><figure class=\"aligncenter size-large\"><img decoding=\"async\" src=\"https:\/\/jornalfatosenoticias.com.br\/wp-content\/uploads\/2020\/02\/logo_esteio.jpg\" alt=\"\" class=\"wp-image-1214\"\/><\/figure><\/div>\n\n\n\n<p>Em risco de perder o cargo de ministro do Desenvolvimento, Wellington Dias publicou nota falando sobre a inclus\u00e3o de 1,3 milh\u00e3o de fam\u00edlias, mas oculta que o n\u00famero de benefici\u00e1rios caiu em 700 mil.<\/p>\n\n\n\n<blockquote class=\"wp-block-quote is-layout-flow wp-block-quote-is-layout-flow\"><p><span class=\"has-inline-color has-luminous-vivid-orange-color\">O Minist\u00e9rio do Desenvolvimento (MDS) divulgou, nesta ter\u00e7a-feira (18), um texto que induz o leitor a achar que houve aumento do n\u00famero de benefici\u00e1rios do Bolsa Fam\u00edlia. Com o t\u00edtulo &#8220;Busca ativa garante 1,3 milh\u00e3o de fam\u00edlias no Bolsa Fam\u00edlia&#8221;, a propaganda do governo omite que, em 31 de dezembro de 2022 (\u00faltimo dia do governo de Jair Bolsonaro), havia 21,6 milh\u00f5es de benefici\u00e1rios no programa. Agora, o total \u00e9 de 20,9 milh\u00f5es. Ou seja, uma queda de 700 mil fam\u00edlias. O minist\u00e9rio tamb\u00e9m n\u00e3o menciona a redu\u00e7\u00e3o do benef\u00edcio m\u00e9dio de R$ 705 em junho para R$ 684 em julho.<\/span><\/p><\/blockquote>\n\n\n\n<div class=\"wp-block-image\"><figure class=\"aligncenter size-large\"><img loading=\"lazy\" decoding=\"async\" width=\"300\" height=\"250\" src=\"https:\/\/jornalfatosenoticias.com.br\/wp-content\/uploads\/2022\/08\/arte-Casarao.jpg\" alt=\"\" class=\"wp-image-33178\"\/><\/figure><\/div>\n\n\n\n<p>Houve, desde o in\u00edcio do ano, um enxugamento de benef\u00edcios a fam\u00edlias que o governo julga n\u00e3o cumprirem os requisitos para o programa. S\u00f3 em mar\u00e7o foi anunciado 1,5 milh\u00e3o de exclus\u00f5es. No total, foram 2,7 milh\u00f5es de cadastros exclu\u00eddos.<br>A informa\u00e7\u00e3o do release do governo foi publicada por v\u00e1rios ve\u00edculos de comunica\u00e7\u00e3o, inclusive pelo Poder360. No caso deste jornal digital, o texto j\u00e1 foi alterado e recebeu um aviso de corre\u00e7\u00e3o. O \u201cJornal Hoje\u201d, da TV Globo, transmitiu uma reportagem de 3min55s e divulgou o press-release do governo sobre o Bolsa Fam\u00edlia sem mencionar a queda no total de fam\u00edlias cadastradas.<\/p>\n\n\n\n<div class=\"wp-block-image\"><figure class=\"aligncenter size-large is-resized\"><img loading=\"lazy\" decoding=\"async\" src=\"https:\/\/jornalfatosenoticias.com.br\/wp-content\/uploads\/2022\/02\/Precisao-Contabilidade-1024x724.jpg\" alt=\"\" class=\"wp-image-28088\" width=\"331\" height=\"234\"\/><\/figure><\/div>\n\n\n\n<p>O Minist\u00e9rio do Desenvolvimento, comandado pelo petista Wellington Dias (amea\u00e7ado de perder a cadeira para algu\u00e9m indicado pelo Centr\u00e3o), come\u00e7a o press-release assim: \u201cDesde mar\u00e7o, quando o Bolsa Fam\u00edlia foi relan\u00e7ado pelo governo federal, 1,3 milh\u00e3o de fam\u00edlias foram inclu\u00eddas no programa\u201d. Quem l\u00ea pode entender que o total de benefici\u00e1rios cresceu em 1,3 milh\u00e3o. Essa \u00e9 uma interpreta\u00e7\u00e3o errada.<\/p>\n\n\n\n<div class=\"wp-block-image\"><figure class=\"aligncenter size-large is-resized\"><img loading=\"lazy\" decoding=\"async\" src=\"https:\/\/jornalfatosenoticias.com.br\/wp-content\/uploads\/2023\/03\/nova-logo-Marquetti.jpg\" alt=\"\" class=\"wp-image-40207\" width=\"283\" height=\"190\" srcset=\"https:\/\/jornalfatosenoticias.com.br\/wp-content\/uploads\/2023\/03\/nova-logo-Marquetti.jpg 643w, https:\/\/jornalfatosenoticias.com.br\/wp-content\/uploads\/2023\/03\/nova-logo-Marquetti-300x202.jpg 300w\" sizes=\"auto, (max-width: 283px) 100vw, 283px\" \/><\/figure><\/div>\n\n\n\n<p>Em 2 de mar\u00e7o de 2023, o governo de Luiz In\u00e1cio Lula da Silva (PT) anunciou formalmente a troca do nome do programa de Aux\u00edlio Brasil para Bolsa Fam\u00edlia. Essa a\u00e7\u00e3o tem grande valor simb\u00f3lico para o Planalto, pois esse tipo de benef\u00edcio virou marca registrada das campanhas eleitorais do PT. Era necess\u00e1rio voltar a usar a designa\u00e7\u00e3o inicial.<br>Ao festejar o sistema de busca ativa de benefici\u00e1rios, em nenhum momento o texto de 1.380 palavras do minist\u00e9rio de Wellington Dias informa que o total de fam\u00edlias beneficiadas caiu desde a posse de Luiz In\u00e1cio Lula da Silva. Ao contr\u00e1rio. O pr\u00f3prio ministro d\u00e1 \u00eanfase \u00e0 interpreta\u00e7\u00e3o enganosa sobre o que se passou.<\/p>\n\n\n\n<div class=\"wp-block-image\"><figure class=\"aligncenter size-large is-resized\"><img loading=\"lazy\" decoding=\"async\" src=\"https:\/\/jornalfatosenoticias.com.br\/wp-content\/uploads\/2022\/02\/FERRARI_MAQUINAS-E-FERRAMENTAS2.jpg\" alt=\"\" class=\"wp-image-27860\" width=\"280\" height=\"233\"\/><\/figure><\/div>\n\n\n\n<blockquote class=\"wp-block-quote is-layout-flow wp-block-quote-is-layout-flow\"><p><span class=\"has-inline-color has-luminous-vivid-orange-color\">Come\u00e7amos, nesta ter\u00e7a-feira [18], o pagamento do Bolsa Fam\u00edlia. E uma novidade positiva \u00e9 que alcan\u00e7amos 1,3 milh\u00e3o de fam\u00edlias que tinham direito ao benef\u00edcio, muitas delas passando fome, e agora est\u00e3o recebendo o novo Bolsa Fam\u00edlia\u201d, declara o petista.<\/span><\/p><\/blockquote>\n\n\n\n<div class=\"wp-block-image\"><figure class=\"aligncenter size-large is-resized\"><img loading=\"lazy\" decoding=\"async\" src=\"https:\/\/jornalfatosenoticias.com.br\/wp-content\/uploads\/2020\/02\/logo-Rapuzel-1024x571.jpg\" alt=\"\" class=\"wp-image-42808\" width=\"393\" height=\"219\" srcset=\"https:\/\/jornalfatosenoticias.com.br\/wp-content\/uploads\/2020\/02\/logo-Rapuzel-1024x571.jpg 1024w, https:\/\/jornalfatosenoticias.com.br\/wp-content\/uploads\/2020\/02\/logo-Rapuzel-300x167.jpg 300w, https:\/\/jornalfatosenoticias.com.br\/wp-content\/uploads\/2020\/02\/logo-Rapuzel-768x428.jpg 768w, https:\/\/jornalfatosenoticias.com.br\/wp-content\/uploads\/2020\/02\/logo-Rapuzel-1536x856.jpg 1536w, https:\/\/jornalfatosenoticias.com.br\/wp-content\/uploads\/2020\/02\/logo-Rapuzel.jpg 1600w\" sizes=\"auto, (max-width: 393px) 100vw, 393px\" \/><\/figure><\/div>\n\n\n\n<p><strong><span class=\"has-inline-color has-black-color\">Ao final do texto do governo, h\u00e1 um infogr\u00e1fico mostrando quanto aumentou (sic) o n\u00famero de benefici\u00e1rios do Bolsa Fam\u00edlia nas 27 unidades da Federa\u00e7\u00e3o:<\/span><\/strong><\/p>\n\n\n\n<div class=\"wp-block-image\"><figure class=\"aligncenter size-large\"><img loading=\"lazy\" decoding=\"async\" width=\"489\" height=\"691\" src=\"https:\/\/jornalfatosenoticias.com.br\/wp-content\/uploads\/2023\/07\/propaganda-bolsa-familia.png\" alt=\"\" class=\"wp-image-43399\" srcset=\"https:\/\/jornalfatosenoticias.com.br\/wp-content\/uploads\/2023\/07\/propaganda-bolsa-familia.png 489w, https:\/\/jornalfatosenoticias.com.br\/wp-content\/uploads\/2023\/07\/propaganda-bolsa-familia-212x300.png 212w\" sizes=\"auto, (max-width: 489px) 100vw, 489px\" \/><figcaption><em><span class=\"has-inline-color has-black-color\">Infogr\u00e1fico do governo induz o leitor a achar que o total de benefici\u00e1rios do Bolsa Fam\u00edlia aumentou em todos os 26 Estados e no Distrito Federal<\/span><\/em><\/figcaption><\/figure><\/div>\n\n\n\n<p><strong><span class=\"has-inline-color has-black-color\">O que diz o governo<br><\/span><\/strong>Ao ser questionado sobre o release, o ministro Wellington Dias confirma a redu\u00e7\u00e3o do n\u00famero total de cadastros. \u201cS\u00e3o 1,3 milh\u00e3o na extrema pobreza e que n\u00e3o conseguiam nem se cadastrar, e n\u00e3o recebiam Aux\u00edlio Brasil de mar\u00e7o para c\u00e1. Mas, na atualiza\u00e7\u00e3o do cadastro, encontramos muita gente com renda elevada, alguns chegando a R$ 10 mil de sal\u00e1rios, R$ 14 mil\u2026 outros que comprovadamente j\u00e1 morreram, ou unipessoais que, na verdade, eram de uma mesma fam\u00edlia e fizeram outra inscri\u00e7\u00e3o para receber tamb\u00e9m. E assim foram desligados 2.700.000. Por isto a redu\u00e7\u00e3o!\u201d, diz o ministro.<\/p>\n\n\n\n<div class=\"wp-block-image\"><figure class=\"aligncenter size-large\"><img loading=\"lazy\" decoding=\"async\" width=\"300\" height=\"250\" src=\"https:\/\/jornalfatosenoticias.com.br\/wp-content\/uploads\/2022\/02\/Banner-2.png\" alt=\"\" class=\"wp-image-27877\"\/><\/figure><\/div>\n\n\n\n<p>O Poder360 tamb\u00e9m questionou a assessoria de imprensa do Minist\u00e9rio do Desenvolvimento e Assist\u00eancia Social, Fam\u00edlia e Combate \u00e0 Fome sobre o porqu\u00ea de n\u00e3o mencionar no texto a redu\u00e7\u00e3o do n\u00famero de benefici\u00e1rios.<\/p>\n\n\n\n<p><strong><span class=\"has-inline-color has-black-color\">Valor total maior<br><\/span><\/strong>O governo Lula optou por pagar um benef\u00edcio m\u00e9dio maior por fam\u00edlia, mas atendendo a menos fam\u00edlia a partir de 2023, quando o programa deixou de chamar Aux\u00edlio Brasil e voltou para o seu nome original, Bolsa Fam\u00edlia.<br>At\u00e9 31 de dezembro de 2022, o valor m\u00e9dio pago por fam\u00edlia era de R$ 670. Em junho, essa cifra foi de R$ 705, pois h\u00e1 pagamentos extras por filhos menores e para casos em que a mulher est\u00e1 gr\u00e1vida. Em junho, esse pagamento diminuiu: foi para R$ 684.<\/p>\n\n\n\n<div class=\"wp-block-image\"><figure class=\"aligncenter size-large is-resized\"><img loading=\"lazy\" decoding=\"async\" src=\"https:\/\/jornalfatosenoticias.com.br\/wp-content\/uploads\/2022\/10\/RC_800x750_page-0001.jpg\" alt=\"\" class=\"wp-image-35338\" width=\"259\" height=\"243\" srcset=\"https:\/\/jornalfatosenoticias.com.br\/wp-content\/uploads\/2022\/10\/RC_800x750_page-0001.jpg 400w, https:\/\/jornalfatosenoticias.com.br\/wp-content\/uploads\/2022\/10\/RC_800x750_page-0001-300x281.jpg 300w\" sizes=\"auto, (max-width: 259px) 100vw, 259px\" \/><\/figure><\/div>\n\n\n\n<p><strong><em>Fonte: <a href=\"https:\/\/terrabrasilnoticias.com\/2023\/07\/governo-lula-divulga-dado-enganoso-sobre-bolsa-familia\">Terra Brasil Not\u00edcias<\/a><\/em><\/strong><\/p>\n","protected":false},"excerpt":{"rendered":"<p>Em risco de perder o cargo de ministro do Desenvolvimento, Wellington Dias publicou nota falando sobre a inclus\u00e3o de 1,3 milh\u00e3o de fam\u00edlias, mas oculta que o n\u00famero de benefici\u00e1rios caiu em 700 mil. O Minist\u00e9rio do Desenvolvimento (MDS) divulgou, nesta ter\u00e7a-feira (18), um texto que induz o leitor a achar que houve aumento do [&hellip;]<\/p>\n","protected":false},"author":2,"featured_media":43400,"comment_status":"open","ping_status":"open","sticky":false,"template":"","format":"standard","meta":{"footnotes":""},"categories":[9],"tags":[1006,20446,2132,18343,20445,1928],"class_list":["post-43398","post","type-post","status-publish","format-standard","has-post-thumbnail","hentry","category-economia","tag-bolsa-familia","tag-dados-enganosos","tag-fraude","tag-governo-lula","tag-maquiagem-de-dados","tag-mentira"],"yoast_head":"<!-- This site is optimized with the Yoast SEO plugin v26.5 - https:\/\/yoast.com\/wordpress\/plugins\/seo\/ -->\n<title>Governo Lula divulga dado enganoso sobre Bolsa Fam\u00edlia - Jornal Fatos e Not\u00edcias<\/title>\n<meta name=\"robots\" content=\"index, follow, max-snippet:-1, max-image-preview:large, max-video-preview:-1\" \/>\n<link rel=\"canonical\" href=\"https:\/\/jornalfatosenoticias.com.br\/index.php\/2023\/07\/18\/governo-lula-divulga-dado-enganoso-sobre-bolsa-familia\/\" \/>\n<meta property=\"og:locale\" content=\"pt_BR\" \/>\n<meta property=\"og:type\" content=\"article\" \/>\n<meta property=\"og:title\" content=\"Governo Lula divulga dado enganoso sobre Bolsa Fam\u00edlia - Jornal Fatos e Not\u00edcias\" \/>\n<meta property=\"og:description\" content=\"Em risco de perder o cargo de ministro do Desenvolvimento, Wellington Dias publicou nota falando sobre a inclus\u00e3o de 1,3 milh\u00e3o de fam\u00edlias, mas oculta que o n\u00famero de benefici\u00e1rios caiu em 700 mil. O Minist\u00e9rio do Desenvolvimento (MDS) divulgou, nesta ter\u00e7a-feira (18), um texto que induz o leitor a achar que houve aumento do [&hellip;]\" \/>\n<meta property=\"og:url\" content=\"https:\/\/jornalfatosenoticias.com.br\/index.php\/2023\/07\/18\/governo-lula-divulga-dado-enganoso-sobre-bolsa-familia\/\" \/>\n<meta property=\"og:site_name\" content=\"Jornal Fatos e Not\u00edcias\" \/>\n<meta property=\"article:published_time\" content=\"2023-07-18T20:43:50+00:00\" \/>\n<meta property=\"article:modified_time\" content=\"2023-07-18T20:49:45+00:00\" \/>\n<meta property=\"og:image\" content=\"https:\/\/jornalfatosenoticias.com.br\/wp-content\/uploads\/2023\/07\/bolsa_familia.jpeg\" \/>\n\t<meta property=\"og:image:width\" content=\"1000\" \/>\n\t<meta property=\"og:image:height\" content=\"598\" \/>\n\t<meta property=\"og:image:type\" content=\"image\/jpeg\" \/>\n<meta name=\"author\" content=\"Luzimara Fernandes\" \/>\n<meta name=\"twitter:card\" content=\"summary_large_image\" \/>\n<meta name=\"twitter:label1\" content=\"Escrito por\" \/>\n\t<meta name=\"twitter:data1\" content=\"Luzimara Fernandes\" \/>\n\t<meta name=\"twitter:label2\" content=\"Est. tempo de leitura\" \/>\n\t<meta name=\"twitter:data2\" content=\"4 minutos\" \/>\n<script type=\"application\/ld+json\" class=\"yoast-schema-graph\">{\"@context\":\"https:\/\/schema.org\",\"@graph\":[{\"@type\":\"Article\",\"@id\":\"https:\/\/jornalfatosenoticias.com.br\/index.php\/2023\/07\/18\/governo-lula-divulga-dado-enganoso-sobre-bolsa-familia\/#article\",\"isPartOf\":{\"@id\":\"https:\/\/jornalfatosenoticias.com.br\/index.php\/2023\/07\/18\/governo-lula-divulga-dado-enganoso-sobre-bolsa-familia\/\"},\"author\":{\"name\":\"Luzimara Fernandes\",\"@id\":\"https:\/\/jornalfatosenoticias.com.br\/#\/schema\/person\/d63837fa13ac8666eb9e74e0985d6f81\"},\"headline\":\"Governo Lula divulga dado enganoso sobre Bolsa Fam\u00edlia\",\"datePublished\":\"2023-07-18T20:43:50+00:00\",\"dateModified\":\"2023-07-18T20:49:45+00:00\",\"mainEntityOfPage\":{\"@id\":\"https:\/\/jornalfatosenoticias.com.br\/index.php\/2023\/07\/18\/governo-lula-divulga-dado-enganoso-sobre-bolsa-familia\/\"},\"wordCount\":822,\"commentCount\":0,\"publisher\":{\"@id\":\"https:\/\/jornalfatosenoticias.com.br\/#organization\"},\"image\":{\"@id\":\"https:\/\/jornalfatosenoticias.com.br\/index.php\/2023\/07\/18\/governo-lula-divulga-dado-enganoso-sobre-bolsa-familia\/#primaryimage\"},\"thumbnailUrl\":\"https:\/\/jornalfatosenoticias.com.br\/wp-content\/uploads\/2023\/07\/bolsa_familia.jpeg\",\"keywords\":[\"Bolsa Fam\u00edlia\",\"dados enganosos\",\"fraude\",\"governo Lula\",\"maquiagem de dados\",\"mentira\"],\"articleSection\":[\"Economia\"],\"inLanguage\":\"pt-BR\",\"potentialAction\":[{\"@type\":\"CommentAction\",\"name\":\"Comment\",\"target\":[\"https:\/\/jornalfatosenoticias.com.br\/index.php\/2023\/07\/18\/governo-lula-divulga-dado-enganoso-sobre-bolsa-familia\/#respond\"]}]},{\"@type\":\"WebPage\",\"@id\":\"https:\/\/jornalfatosenoticias.com.br\/index.php\/2023\/07\/18\/governo-lula-divulga-dado-enganoso-sobre-bolsa-familia\/\",\"url\":\"https:\/\/jornalfatosenoticias.com.br\/index.php\/2023\/07\/18\/governo-lula-divulga-dado-enganoso-sobre-bolsa-familia\/\",\"name\":\"Governo Lula divulga dado enganoso sobre Bolsa Fam\u00edlia - Jornal Fatos e Not\u00edcias\",\"isPartOf\":{\"@id\":\"https:\/\/jornalfatosenoticias.com.br\/#website\"},\"primaryImageOfPage\":{\"@id\":\"https:\/\/jornalfatosenoticias.com.br\/index.php\/2023\/07\/18\/governo-lula-divulga-dado-enganoso-sobre-bolsa-familia\/#primaryimage\"},\"image\":{\"@id\":\"https:\/\/jornalfatosenoticias.com.br\/index.php\/2023\/07\/18\/governo-lula-divulga-dado-enganoso-sobre-bolsa-familia\/#primaryimage\"},\"thumbnailUrl\":\"https:\/\/jornalfatosenoticias.com.br\/wp-content\/uploads\/2023\/07\/bolsa_familia.jpeg\",\"datePublished\":\"2023-07-18T20:43:50+00:00\",\"dateModified\":\"2023-07-18T20:49:45+00:00\",\"breadcrumb\":{\"@id\":\"https:\/\/jornalfatosenoticias.com.br\/index.php\/2023\/07\/18\/governo-lula-divulga-dado-enganoso-sobre-bolsa-familia\/#breadcrumb\"},\"inLanguage\":\"pt-BR\",\"potentialAction\":[{\"@type\":\"ReadAction\",\"target\":[\"https:\/\/jornalfatosenoticias.com.br\/index.php\/2023\/07\/18\/governo-lula-divulga-dado-enganoso-sobre-bolsa-familia\/\"]}]},{\"@type\":\"ImageObject\",\"inLanguage\":\"pt-BR\",\"@id\":\"https:\/\/jornalfatosenoticias.com.br\/index.php\/2023\/07\/18\/governo-lula-divulga-dado-enganoso-sobre-bolsa-familia\/#primaryimage\",\"url\":\"https:\/\/jornalfatosenoticias.com.br\/wp-content\/uploads\/2023\/07\/bolsa_familia.jpeg\",\"contentUrl\":\"https:\/\/jornalfatosenoticias.com.br\/wp-content\/uploads\/2023\/07\/bolsa_familia.jpeg\",\"width\":1000,\"height\":598,\"caption\":\"Divulgadas regras de gest\u00e3o do novo Bolsa Fam\u00edlia - Novo cart\u00e3o do programa Bolsa Fam\u00edlia. Foto: Roberta Aline \/ MDS\"},{\"@type\":\"BreadcrumbList\",\"@id\":\"https:\/\/jornalfatosenoticias.com.br\/index.php\/2023\/07\/18\/governo-lula-divulga-dado-enganoso-sobre-bolsa-familia\/#breadcrumb\",\"itemListElement\":[{\"@type\":\"ListItem\",\"position\":1,\"name\":\"In\u00edcio\",\"item\":\"https:\/\/jornalfatosenoticias.com.br\/\"},{\"@type\":\"ListItem\",\"position\":2,\"name\":\"Governo Lula divulga dado enganoso sobre Bolsa Fam\u00edlia\"}]},{\"@type\":\"WebSite\",\"@id\":\"https:\/\/jornalfatosenoticias.com.br\/#website\",\"url\":\"https:\/\/jornalfatosenoticias.com.br\/\",\"name\":\"Jornal Fatos e Not\u00edcias\",\"description\":\"Not\u00edcias em geral\",\"publisher\":{\"@id\":\"https:\/\/jornalfatosenoticias.com.br\/#organization\"},\"potentialAction\":[{\"@type\":\"SearchAction\",\"target\":{\"@type\":\"EntryPoint\",\"urlTemplate\":\"https:\/\/jornalfatosenoticias.com.br\/?s={search_term_string}\"},\"query-input\":{\"@type\":\"PropertyValueSpecification\",\"valueRequired\":true,\"valueName\":\"search_term_string\"}}],\"inLanguage\":\"pt-BR\"},{\"@type\":\"Organization\",\"@id\":\"https:\/\/jornalfatosenoticias.com.br\/#organization\",\"name\":\"Jornal Fatos e Not\u00edcias\",\"url\":\"https:\/\/jornalfatosenoticias.com.br\/\",\"logo\":{\"@type\":\"ImageObject\",\"inLanguage\":\"pt-BR\",\"@id\":\"https:\/\/jornalfatosenoticias.com.br\/#\/schema\/logo\/image\/\",\"url\":\"https:\/\/jornalfatosenoticias.com.br\/wp-content\/uploads\/2020\/02\/logo120.png\",\"contentUrl\":\"https:\/\/jornalfatosenoticias.com.br\/wp-content\/uploads\/2020\/02\/logo120.png\",\"width\":1227,\"height\":120,\"caption\":\"Jornal Fatos e Not\u00edcias\"},\"image\":{\"@id\":\"https:\/\/jornalfatosenoticias.com.br\/#\/schema\/logo\/image\/\"}},{\"@type\":\"Person\",\"@id\":\"https:\/\/jornalfatosenoticias.com.br\/#\/schema\/person\/d63837fa13ac8666eb9e74e0985d6f81\",\"name\":\"Luzimara Fernandes\",\"image\":{\"@type\":\"ImageObject\",\"inLanguage\":\"pt-BR\",\"@id\":\"https:\/\/jornalfatosenoticias.com.br\/#\/schema\/person\/image\/\",\"url\":\"https:\/\/jornalfatosenoticias.com.br\/wp-content\/uploads\/2025\/05\/EU_portal.jpg\",\"contentUrl\":\"https:\/\/jornalfatosenoticias.com.br\/wp-content\/uploads\/2025\/05\/EU_portal.jpg\",\"caption\":\"Luzimara Fernandes\"},\"description\":\"Jornalista MTB 2358-ES\",\"sameAs\":[\"https:\/\/jornalfatosenoticias.com.br\"],\"url\":\"https:\/\/jornalfatosenoticias.com.br\/index.php\/author\/luzimara\/\"}]}<\/script>\n<!-- \/ Yoast SEO plugin. -->","yoast_head_json":{"title":"Governo Lula divulga dado enganoso sobre Bolsa Fam\u00edlia - Jornal Fatos e Not\u00edcias","robots":{"index":"index","follow":"follow","max-snippet":"max-snippet:-1","max-image-preview":"max-image-preview:large","max-video-preview":"max-video-preview:-1"},"canonical":"https:\/\/jornalfatosenoticias.com.br\/index.php\/2023\/07\/18\/governo-lula-divulga-dado-enganoso-sobre-bolsa-familia\/","og_locale":"pt_BR","og_type":"article","og_title":"Governo Lula divulga dado enganoso sobre Bolsa Fam\u00edlia - Jornal Fatos e Not\u00edcias","og_description":"Em risco de perder o cargo de ministro do Desenvolvimento, Wellington Dias publicou nota falando sobre a inclus\u00e3o de 1,3 milh\u00e3o de fam\u00edlias, mas oculta que o n\u00famero de benefici\u00e1rios caiu em 700 mil. O Minist\u00e9rio do Desenvolvimento (MDS) divulgou, nesta ter\u00e7a-feira (18), um texto que induz o leitor a achar que houve aumento do [&hellip;]","og_url":"https:\/\/jornalfatosenoticias.com.br\/index.php\/2023\/07\/18\/governo-lula-divulga-dado-enganoso-sobre-bolsa-familia\/","og_site_name":"Jornal Fatos e Not\u00edcias","article_published_time":"2023-07-18T20:43:50+00:00","article_modified_time":"2023-07-18T20:49:45+00:00","og_image":[{"width":1000,"height":598,"url":"https:\/\/jornalfatosenoticias.com.br\/wp-content\/uploads\/2023\/07\/bolsa_familia.jpeg","type":"image\/jpeg"}],"author":"Luzimara Fernandes","twitter_card":"summary_large_image","twitter_misc":{"Escrito por":"Luzimara Fernandes","Est. tempo de leitura":"4 minutos"},"schema":{"@context":"https:\/\/schema.org","@graph":[{"@type":"Article","@id":"https:\/\/jornalfatosenoticias.com.br\/index.php\/2023\/07\/18\/governo-lula-divulga-dado-enganoso-sobre-bolsa-familia\/#article","isPartOf":{"@id":"https:\/\/jornalfatosenoticias.com.br\/index.php\/2023\/07\/18\/governo-lula-divulga-dado-enganoso-sobre-bolsa-familia\/"},"author":{"name":"Luzimara Fernandes","@id":"https:\/\/jornalfatosenoticias.com.br\/#\/schema\/person\/d63837fa13ac8666eb9e74e0985d6f81"},"headline":"Governo Lula divulga dado enganoso sobre Bolsa Fam\u00edlia","datePublished":"2023-07-18T20:43:50+00:00","dateModified":"2023-07-18T20:49:45+00:00","mainEntityOfPage":{"@id":"https:\/\/jornalfatosenoticias.com.br\/index.php\/2023\/07\/18\/governo-lula-divulga-dado-enganoso-sobre-bolsa-familia\/"},"wordCount":822,"commentCount":0,"publisher":{"@id":"https:\/\/jornalfatosenoticias.com.br\/#organization"},"image":{"@id":"https:\/\/jornalfatosenoticias.com.br\/index.php\/2023\/07\/18\/governo-lula-divulga-dado-enganoso-sobre-bolsa-familia\/#primaryimage"},"thumbnailUrl":"https:\/\/jornalfatosenoticias.com.br\/wp-content\/uploads\/2023\/07\/bolsa_familia.jpeg","keywords":["Bolsa Fam\u00edlia","dados enganosos","fraude","governo Lula","maquiagem de dados","mentira"],"articleSection":["Economia"],"inLanguage":"pt-BR","potentialAction":[{"@type":"CommentAction","name":"Comment","target":["https:\/\/jornalfatosenoticias.com.br\/index.php\/2023\/07\/18\/governo-lula-divulga-dado-enganoso-sobre-bolsa-familia\/#respond"]}]},{"@type":"WebPage","@id":"https:\/\/jornalfatosenoticias.com.br\/index.php\/2023\/07\/18\/governo-lula-divulga-dado-enganoso-sobre-bolsa-familia\/","url":"https:\/\/jornalfatosenoticias.com.br\/index.php\/2023\/07\/18\/governo-lula-divulga-dado-enganoso-sobre-bolsa-familia\/","name":"Governo Lula divulga dado enganoso sobre Bolsa Fam\u00edlia - Jornal Fatos e Not\u00edcias","isPartOf":{"@id":"https:\/\/jornalfatosenoticias.com.br\/#website"},"primaryImageOfPage":{"@id":"https:\/\/jornalfatosenoticias.com.br\/index.php\/2023\/07\/18\/governo-lula-divulga-dado-enganoso-sobre-bolsa-familia\/#primaryimage"},"image":{"@id":"https:\/\/jornalfatosenoticias.com.br\/index.php\/2023\/07\/18\/governo-lula-divulga-dado-enganoso-sobre-bolsa-familia\/#primaryimage"},"thumbnailUrl":"https:\/\/jornalfatosenoticias.com.br\/wp-content\/uploads\/2023\/07\/bolsa_familia.jpeg","datePublished":"2023-07-18T20:43:50+00:00","dateModified":"2023-07-18T20:49:45+00:00","breadcrumb":{"@id":"https:\/\/jornalfatosenoticias.com.br\/index.php\/2023\/07\/18\/governo-lula-divulga-dado-enganoso-sobre-bolsa-familia\/#breadcrumb"},"inLanguage":"pt-BR","potentialAction":[{"@type":"ReadAction","target":["https:\/\/jornalfatosenoticias.com.br\/index.php\/2023\/07\/18\/governo-lula-divulga-dado-enganoso-sobre-bolsa-familia\/"]}]},{"@type":"ImageObject","inLanguage":"pt-BR","@id":"https:\/\/jornalfatosenoticias.com.br\/index.php\/2023\/07\/18\/governo-lula-divulga-dado-enganoso-sobre-bolsa-familia\/#primaryimage","url":"https:\/\/jornalfatosenoticias.com.br\/wp-content\/uploads\/2023\/07\/bolsa_familia.jpeg","contentUrl":"https:\/\/jornalfatosenoticias.com.br\/wp-content\/uploads\/2023\/07\/bolsa_familia.jpeg","width":1000,"height":598,"caption":"Divulgadas regras de gest\u00e3o do novo Bolsa Fam\u00edlia - Novo cart\u00e3o do programa Bolsa Fam\u00edlia. Foto: Roberta Aline \/ MDS"},{"@type":"BreadcrumbList","@id":"https:\/\/jornalfatosenoticias.com.br\/index.php\/2023\/07\/18\/governo-lula-divulga-dado-enganoso-sobre-bolsa-familia\/#breadcrumb","itemListElement":[{"@type":"ListItem","position":1,"name":"In\u00edcio","item":"https:\/\/jornalfatosenoticias.com.br\/"},{"@type":"ListItem","position":2,"name":"Governo Lula divulga dado enganoso sobre Bolsa Fam\u00edlia"}]},{"@type":"WebSite","@id":"https:\/\/jornalfatosenoticias.com.br\/#website","url":"https:\/\/jornalfatosenoticias.com.br\/","name":"Jornal Fatos e Not\u00edcias","description":"Not\u00edcias em geral","publisher":{"@id":"https:\/\/jornalfatosenoticias.com.br\/#organization"},"potentialAction":[{"@type":"SearchAction","target":{"@type":"EntryPoint","urlTemplate":"https:\/\/jornalfatosenoticias.com.br\/?s={search_term_string}"},"query-input":{"@type":"PropertyValueSpecification","valueRequired":true,"valueName":"search_term_string"}}],"inLanguage":"pt-BR"},{"@type":"Organization","@id":"https:\/\/jornalfatosenoticias.com.br\/#organization","name":"Jornal Fatos e Not\u00edcias","url":"https:\/\/jornalfatosenoticias.com.br\/","logo":{"@type":"ImageObject","inLanguage":"pt-BR","@id":"https:\/\/jornalfatosenoticias.com.br\/#\/schema\/logo\/image\/","url":"https:\/\/jornalfatosenoticias.com.br\/wp-content\/uploads\/2020\/02\/logo120.png","contentUrl":"https:\/\/jornalfatosenoticias.com.br\/wp-content\/uploads\/2020\/02\/logo120.png","width":1227,"height":120,"caption":"Jornal Fatos e Not\u00edcias"},"image":{"@id":"https:\/\/jornalfatosenoticias.com.br\/#\/schema\/logo\/image\/"}},{"@type":"Person","@id":"https:\/\/jornalfatosenoticias.com.br\/#\/schema\/person\/d63837fa13ac8666eb9e74e0985d6f81","name":"Luzimara Fernandes","image":{"@type":"ImageObject","inLanguage":"pt-BR","@id":"https:\/\/jornalfatosenoticias.com.br\/#\/schema\/person\/image\/","url":"https:\/\/jornalfatosenoticias.com.br\/wp-content\/uploads\/2025\/05\/EU_portal.jpg","contentUrl":"https:\/\/jornalfatosenoticias.com.br\/wp-content\/uploads\/2025\/05\/EU_portal.jpg","caption":"Luzimara Fernandes"},"description":"Jornalista MTB 2358-ES","sameAs":["https:\/\/jornalfatosenoticias.com.br"],"url":"https:\/\/jornalfatosenoticias.com.br\/index.php\/author\/luzimara\/"}]}},"cc_featured_image_caption":{"caption_text":"(Foto: Roberta Aline\/MDS) ","source_text":"","source_url":""},"jetpack_featured_media_url":"https:\/\/jornalfatosenoticias.com.br\/wp-content\/uploads\/2023\/07\/bolsa_familia.jpeg","_links":{"self":[{"href":"https:\/\/jornalfatosenoticias.com.br\/index.php\/wp-json\/wp\/v2\/posts\/43398","targetHints":{"allow":["GET"]}}],"collection":[{"href":"https:\/\/jornalfatosenoticias.com.br\/index.php\/wp-json\/wp\/v2\/posts"}],"about":[{"href":"https:\/\/jornalfatosenoticias.com.br\/index.php\/wp-json\/wp\/v2\/types\/post"}],"author":[{"embeddable":true,"href":"https:\/\/jornalfatosenoticias.com.br\/index.php\/wp-json\/wp\/v2\/users\/2"}],"replies":[{"embeddable":true,"href":"https:\/\/jornalfatosenoticias.com.br\/index.php\/wp-json\/wp\/v2\/comments?post=43398"}],"version-history":[{"count":0,"href":"https:\/\/jornalfatosenoticias.com.br\/index.php\/wp-json\/wp\/v2\/posts\/43398\/revisions"}],"wp:featuredmedia":[{"embeddable":true,"href":"https:\/\/jornalfatosenoticias.com.br\/index.php\/wp-json\/wp\/v2\/media\/43400"}],"wp:attachment":[{"href":"https:\/\/jornalfatosenoticias.com.br\/index.php\/wp-json\/wp\/v2\/media?parent=43398"}],"wp:term":[{"taxonomy":"category","embeddable":true,"href":"https:\/\/jornalfatosenoticias.com.br\/index.php\/wp-json\/wp\/v2\/categories?post=43398"},{"taxonomy":"post_tag","embeddable":true,"href":"https:\/\/jornalfatosenoticias.com.br\/index.php\/wp-json\/wp\/v2\/tags?post=43398"}],"curies":[{"name":"wp","href":"https:\/\/api.w.org\/{rel}","templated":true}]}}