{"id":43442,"date":"2023-07-19T13:24:57","date_gmt":"2023-07-19T16:24:57","guid":{"rendered":"https:\/\/jornalfatosenoticias.com.br\/?p=43442"},"modified":"2023-07-19T13:24:59","modified_gmt":"2023-07-19T16:24:59","slug":"vinte-minutos-de-atividade-fisica-diaria-reduzem-risco-de-depressao","status":"publish","type":"post","link":"https:\/\/jornalfatosenoticias.com.br\/index.php\/2023\/07\/19\/vinte-minutos-de-atividade-fisica-diaria-reduzem-risco-de-depressao\/","title":{"rendered":"Vinte minutos de atividade f\u00edsica di\u00e1ria reduzem risco de depress\u00e3o"},"content":{"rendered":"\n<p><em><span class=\"has-inline-color has-black-color\">Estudo revela que apenas 20 minutos di\u00e1rios de atividade f\u00edsica moderada reduzem o risco de sintomas depressivos e depress\u00e3o<\/span><\/em><\/p>\n\n\n\n<p><em><span class=\"has-inline-color has-black-color\">Por <strong><a href=\"https:\/\/olhardigital.com.br\/author\/ana-figueiredo\/amp\/\">Ana Luiza Figueiredo<\/a><\/strong><\/span><\/em><\/p>\n\n\n\n<div class=\"wp-block-image\"><figure class=\"aligncenter size-large is-resized\"><img loading=\"lazy\" decoding=\"async\" src=\"https:\/\/jornalfatosenoticias.com.br\/wp-content\/uploads\/2023\/03\/nova-logo-Marquetti.jpg\" alt=\"\" class=\"wp-image-40207\" width=\"247\" height=\"166\" srcset=\"https:\/\/jornalfatosenoticias.com.br\/wp-content\/uploads\/2023\/03\/nova-logo-Marquetti.jpg 643w, https:\/\/jornalfatosenoticias.com.br\/wp-content\/uploads\/2023\/03\/nova-logo-Marquetti-300x202.jpg 300w\" sizes=\"auto, (max-width: 247px) 100vw, 247px\" \/><\/figure><\/div>\n\n\n\n<p>Uma nova <a href=\"https:\/\/olhardigital.com.br\/tag\/pesquisa\/\" target=\"_blank\" rel=\"noreferrer noopener\">pesquisa<\/a>\u00a0realizada por especialistas em atividade f\u00edsica e\u00a0<a href=\"https:\/\/olhardigital.com.br\/tag\/saude\/\" target=\"_blank\" rel=\"noreferrer noopener\">sa\u00fade<\/a> mental da Universidade de Limerick e do Trinity College Dublin trouxe boas not\u00edcias para os adeptos de atividades f\u00edsicas di\u00e1rias. O estudo revelou que uma dose de atividade f\u00edsica equivalente a apenas 20 minutos por dia (cinco dias por semana) de atividade f\u00edsica de intensidade moderada est\u00e1 associada a um menor risco de sintomas depressivos e probabilidade de depress\u00e3o grave.<br>Este tipo de atividade pode ser, por exemplo, caminhada r\u00e1pida. O estudo acaba de ser publicado na revista JAMA Network Open. A depress\u00e3o \u00e9, infelizmente, cada vez mais comum entre os idosos e apresenta fatores de risco significativos para doen\u00e7as cr\u00f4nicas graves, incluindo decl\u00ednio cognitivo, doen\u00e7as cardiovasculares, dor cr\u00f4nica e aumento do risco de morte e suic\u00eddio.<br>A depress\u00e3o causa mais de 5% a 10% da carga de todas as doen\u00e7as na Europa, e o custo econ\u00f4mico apenas nos Estados Unidos \u00e9 estimado em mais de US$ 210,5 bilh\u00f5es. Identificar solu\u00e7\u00f5es de sa\u00fade e estilo de vida potencialmente simples e de baixo custo que possam reduzir o risco de depress\u00e3o continua sendo uma prioridade m\u00e1xima.<\/p>\n\n\n\n<div class=\"wp-block-image\"><figure class=\"aligncenter size-large is-resized\"><img loading=\"lazy\" decoding=\"async\" src=\"https:\/\/jornalfatosenoticias.com.br\/wp-content\/uploads\/2022\/10\/RC_800x750_page-0001.jpg\" alt=\"\" class=\"wp-image-35338\" width=\"267\" height=\"250\" srcset=\"https:\/\/jornalfatosenoticias.com.br\/wp-content\/uploads\/2022\/10\/RC_800x750_page-0001.jpg 400w, https:\/\/jornalfatosenoticias.com.br\/wp-content\/uploads\/2022\/10\/RC_800x750_page-0001-300x281.jpg 300w\" sizes=\"auto, (max-width: 267px) 100vw, 267px\" \/><\/figure><\/div>\n\n\n\n<p>Pesquisas recentes mostraram que a atividade f\u00edsica moderada a vigorosa (MVPA, na sigla em ingl\u00eas) est\u00e1 associada a benef\u00edcios para a depress\u00e3o. Entretanto, como afirma o Dr. Eamon Laird, autor principal do artigo e pesquisador p\u00f3s-doutorado no Departamento de Educa\u00e7\u00e3o F\u00edsica e Ci\u00eancias do Esporte na UL, n\u00e3o h\u00e1 consenso sobre o n\u00edvel de atividade f\u00edsica necess\u00e1ria para proteger os indiv\u00edduos da depress\u00e3o, ou varia\u00e7\u00f5es para adultos com doen\u00e7as.<br>Para o trabalho em quest\u00e3o, Laird afirma que foram utilizados 10 anos de dados do Estudo Longitudinal Irland\u00eas sobre Envelhecimento, que inclu\u00eda informa\u00e7\u00f5es sobre depress\u00e3o, MVPA e outras vari\u00e1veis relacionadas \u00e0 sa\u00fade, como doen\u00e7as, fatores de estilo de vida e status socioecon\u00f4mico. <\/p>\n\n\n\n<div class=\"wp-block-image\"><figure class=\"aligncenter size-large is-resized\"><img loading=\"lazy\" decoding=\"async\" src=\"https:\/\/jornalfatosenoticias.com.br\/wp-content\/uploads\/2020\/02\/casa-do-torresmo_portal.jpg\" alt=\"\" class=\"wp-image-34472\" width=\"269\" height=\"269\" srcset=\"https:\/\/jornalfatosenoticias.com.br\/wp-content\/uploads\/2020\/02\/casa-do-torresmo_portal.jpg 300w, https:\/\/jornalfatosenoticias.com.br\/wp-content\/uploads\/2020\/02\/casa-do-torresmo_portal-150x150.jpg 150w\" sizes=\"auto, (max-width: 269px) 100vw, 269px\" \/><\/figure><\/div>\n\n\n\n<blockquote class=\"wp-block-quote is-layout-flow wp-block-quote-is-layout-flow\"><p><span class=\"has-inline-color has-luminous-vivid-orange-color\">Buscamos identificar a menor dose de MVPA associada \u00e0 prote\u00e7\u00e3o contra a depress\u00e3o grave e os sintomas depressivos, e em que medida isso variava com a presen\u00e7a de doen\u00e7as cr\u00f4nicas&#8221;, explica o Dr. Eamon Laird.<\/span><\/p><\/blockquote>\n\n\n\n<div class=\"wp-block-image\"><figure class=\"aligncenter size-large is-resized\"><img loading=\"lazy\" decoding=\"async\" src=\"https:\/\/jornalfatosenoticias.com.br\/wp-content\/uploads\/2023\/03\/logo-Panper_portal.jpg\" alt=\"\" class=\"wp-image-40208\" width=\"309\" height=\"214\" srcset=\"https:\/\/jornalfatosenoticias.com.br\/wp-content\/uploads\/2023\/03\/logo-Panper_portal.jpg 400w, https:\/\/jornalfatosenoticias.com.br\/wp-content\/uploads\/2023\/03\/logo-Panper_portal-300x208.jpg 300w\" sizes=\"auto, (max-width: 309px) 100vw, 309px\" \/><\/figure><\/div>\n\n\n\n<p><strong><span class=\"has-inline-color has-black-color\">As principais descobertas do estudo incluem:<br><\/span><\/strong>\u2022 Uma dose de atividade f\u00edsica equivalente a 20 minutos por dia de MVPA (caminhada r\u00e1pida) durante cinco dias por semana foi associada a uma redu\u00e7\u00e3o de 16% na taxa de sintomas depressivos e a uma redu\u00e7\u00e3o de 43% nas chances de depress\u00e3o grave;<br>\u2022 Foi encontrada uma rela\u00e7\u00e3o dose-resposta, de modo que mais MVPA estava associada a uma maior prote\u00e7\u00e3o contra a depress\u00e3o;<br>\u2022 Especificamente, doses equivalentes a cerca de 30 minutos por dia de MVPA foram associadas a um risco 7% menor de sintomas depressivos e uma redu\u00e7\u00e3o de 44% nas chances de depress\u00e3o grave;<\/p>\n\n\n\n<div class=\"wp-block-image\"><figure class=\"aligncenter size-large\"><img loading=\"lazy\" decoding=\"async\" width=\"300\" height=\"250\" src=\"https:\/\/jornalfatosenoticias.com.br\/wp-content\/uploads\/2022\/02\/FERRARI_MAQUINAS-E-FERRAMENTAS2.jpg\" alt=\"\" class=\"wp-image-27860\"\/><\/figure><\/div>\n\n\n\n<p>\u2022 Doses equivalentes a cerca de 60 minutos por dia de MVPA foram associadas a uma redu\u00e7\u00e3o de 16% no risco de sintomas depressivos e uma redu\u00e7\u00e3o de 41% nas chances de depress\u00e3o grave;<br>\u2022 Doses equivalentes a cerca de 120 minutos por dia de MVPA foram associadas a uma redu\u00e7\u00e3o de 23% no risco de sintomas depressivos e uma redu\u00e7\u00e3o de 49% nas chances de depress\u00e3o grave;<br>\u2022 Essas descobertas permaneceram significantes mesmo ap\u00f3s o controle de fatores relevantes relacionados \u00e0 sa\u00fade, como sexo biol\u00f3gico, educa\u00e7\u00e3o, idade, tabagismo, consumo de \u00e1lcool, obesidade, uso de antidepressivos e tempo;<br>\u2022 Essas descobertas tamb\u00e9m foram essencialmente as mesmas para adultos mais velhos com e sem doen\u00e7as cr\u00f4nicas.<\/p>\n\n\n\n<div class=\"wp-block-image\"><figure class=\"aligncenter size-large\"><img decoding=\"async\" src=\"https:\/\/jornalfatosenoticias.com.br\/wp-content\/uploads\/2020\/02\/barao-das-carnes-300x164-1.jpg\" alt=\"\" class=\"wp-image-34339\"\/><\/figure><\/div>\n\n\n\n<p>Segundo o Dr. Laird, o estudo \u00e9 muito relevante dada a alta preval\u00eancia de depress\u00e3o na crescente popula\u00e7\u00e3o idosa. O estudo afirma que a atividade f\u00edsica em doses menores do que as recomenda\u00e7\u00f5es da Organiza\u00e7\u00e3o Mundial da Sa\u00fade para a sa\u00fade em geral pode oferecer prote\u00e7\u00e3o contra sintomas depressivos e depress\u00e3o grave.<\/p>\n\n\n\n<blockquote class=\"wp-block-quote is-layout-flow wp-block-quote-is-layout-flow\"><p><span class=\"has-inline-color has-luminous-vivid-orange-color\">Tente incorpor\u00e1-la a uma rotina com hobbies ou atividades que voc\u00ea goste e tente faz\u00ea-la com outras pessoas, pois as intera\u00e7\u00f5es sociais, especialmente com atividades, tamb\u00e9m podem trazer benef\u00edcios para a sa\u00fade mental. Lembre-se de que \u00e9 apenas um componente e que a nutri\u00e7\u00e3o e um estilo de vida saud\u00e1vel tamb\u00e9m oferecer\u00e3o benef\u00edcios adicionais al\u00e9m da atividade f\u00edsica\u201d, afirma o Dr. Eamon Laird.<\/span><\/p><\/blockquote>\n\n\n\n<div class=\"wp-block-image\"><figure class=\"aligncenter size-large\"><img loading=\"lazy\" decoding=\"async\" width=\"300\" height=\"250\" src=\"https:\/\/jornalfatosenoticias.com.br\/wp-content\/uploads\/2022\/08\/arte-Casarao.jpg\" alt=\"\" class=\"wp-image-33178\"\/><\/figure><\/div>\n\n\n\n<p>O Dr. Matthew Herring, professor s\u00eanior e pesquisador do Centro de Pesquisa em Atividade F\u00edsica para a Sa\u00fade da UL e investigador principal desta pesquisa, acrescentou. <\/p>\n\n\n\n<blockquote class=\"wp-block-quote is-layout-flow wp-block-quote-is-layout-flow\"><p><span class=\"has-inline-color has-luminous-vivid-orange-color\">As descobertas atuais t\u00eam implica\u00e7\u00f5es significativas ao destacar que benef\u00edcios antidepressivos significativos parecem estar associados a doses de atividade f\u00edsica inferiores \u00e0s recomenda\u00e7\u00f5es atuais da Organiza\u00e7\u00e3o Mundial da Sa\u00fade para a sa\u00fade geral, embora doses maiores tenham sido associadas a uma prote\u00e7\u00e3o mais forte\u201d, disse.<\/span><\/p><\/blockquote>\n\n\n\n<div class=\"wp-block-image\"><figure class=\"aligncenter size-large is-resized\"><img loading=\"lazy\" decoding=\"async\" src=\"https:\/\/jornalfatosenoticias.com.br\/wp-content\/uploads\/2023\/03\/Crypton-1000-\u00d7-900-px-300x270-1.png\" alt=\"\" class=\"wp-image-40206\" width=\"260\" height=\"234\"\/><\/figure><\/div>\n\n\n\n<p>Ele refor\u00e7a, ainda, que o grupo n\u00e3o defende uma redu\u00e7\u00e3o na atividade f\u00edsica entre a popula\u00e7\u00e3o idosa. Por outro lado, Herring diz que os resultados sugerem que as maiores melhorias na prote\u00e7\u00e3o contra a depress\u00e3o entre os idosos podem ser obtidas envolvendo aqueles que s\u00e3o fisicamente inativos em atividades f\u00edsicas, mesmo em doses abaixo das recomendadas para a sa\u00fade geral.<\/p>\n\n\n\n<p><strong><em>Fonte: <a href=\"https:\/\/olhardigital.com.br\/2023\/07\/14\/medicina-e-saude\/20-minutos-de-atividade-fisica-diaria-reduzem-risco-de-depressao\/amp\/\">Olhar Digital<\/a><\/em><\/strong><\/p>\n","protected":false},"excerpt":{"rendered":"<p>Estudo revela que apenas 20 minutos di\u00e1rios de atividade f\u00edsica moderada reduzem o risco de sintomas depressivos e depress\u00e3o Por Ana Luiza Figueiredo Uma nova pesquisa\u00a0realizada por especialistas em atividade f\u00edsica e\u00a0sa\u00fade mental da Universidade de Limerick e do Trinity College Dublin trouxe boas not\u00edcias para os adeptos de atividades f\u00edsicas di\u00e1rias. O estudo revelou [&hellip;]<\/p>\n","protected":false},"author":2,"featured_media":43443,"comment_status":"open","ping_status":"open","sticky":false,"template":"","format":"standard","meta":{"footnotes":""},"categories":[42],"tags":[6913,20470,2375,20469],"class_list":["post-43442","post","type-post","status-publish","format-standard","has-post-thumbnail","hentry","category-bem-estar","tag-atividade-fisica","tag-atividade-fisica-diaria","tag-depressao","tag-risco-de-depressao"],"yoast_head":"<!-- This site is optimized with the Yoast SEO plugin v26.5 - https:\/\/yoast.com\/wordpress\/plugins\/seo\/ -->\n<title>Vinte minutos de atividade f\u00edsica di\u00e1ria reduzem risco de depress\u00e3o - Jornal Fatos e Not\u00edcias<\/title>\n<meta name=\"robots\" content=\"index, follow, max-snippet:-1, max-image-preview:large, max-video-preview:-1\" \/>\n<link rel=\"canonical\" href=\"https:\/\/jornalfatosenoticias.com.br\/index.php\/2023\/07\/19\/vinte-minutos-de-atividade-fisica-diaria-reduzem-risco-de-depressao\/\" \/>\n<meta property=\"og:locale\" content=\"pt_BR\" \/>\n<meta property=\"og:type\" content=\"article\" \/>\n<meta property=\"og:title\" content=\"Vinte minutos de atividade f\u00edsica di\u00e1ria reduzem risco de depress\u00e3o - Jornal Fatos e Not\u00edcias\" \/>\n<meta property=\"og:description\" content=\"Estudo revela que apenas 20 minutos di\u00e1rios de atividade f\u00edsica moderada reduzem o risco de sintomas depressivos e depress\u00e3o Por Ana Luiza Figueiredo Uma nova pesquisa\u00a0realizada por especialistas em atividade f\u00edsica e\u00a0sa\u00fade mental da Universidade de Limerick e do Trinity College Dublin trouxe boas not\u00edcias para os adeptos de atividades f\u00edsicas di\u00e1rias. O estudo revelou [&hellip;]\" \/>\n<meta property=\"og:url\" content=\"https:\/\/jornalfatosenoticias.com.br\/index.php\/2023\/07\/19\/vinte-minutos-de-atividade-fisica-diaria-reduzem-risco-de-depressao\/\" \/>\n<meta property=\"og:site_name\" content=\"Jornal Fatos e Not\u00edcias\" \/>\n<meta property=\"article:published_time\" content=\"2023-07-19T16:24:57+00:00\" \/>\n<meta property=\"article:modified_time\" content=\"2023-07-19T16:24:59+00:00\" \/>\n<meta property=\"og:image\" content=\"https:\/\/jornalfatosenoticias.com.br\/wp-content\/uploads\/2023\/07\/atividade-fisica.jpg\" \/>\n\t<meta property=\"og:image:width\" content=\"768\" \/>\n\t<meta property=\"og:image:height\" content=\"432\" \/>\n\t<meta property=\"og:image:type\" content=\"image\/jpeg\" \/>\n<meta name=\"author\" content=\"Luzimara Fernandes\" \/>\n<meta name=\"twitter:card\" content=\"summary_large_image\" \/>\n<meta name=\"twitter:label1\" content=\"Escrito por\" \/>\n\t<meta name=\"twitter:data1\" content=\"Luzimara Fernandes\" \/>\n\t<meta name=\"twitter:label2\" content=\"Est. tempo de leitura\" \/>\n\t<meta name=\"twitter:data2\" content=\"5 minutos\" \/>\n<script type=\"application\/ld+json\" class=\"yoast-schema-graph\">{\"@context\":\"https:\/\/schema.org\",\"@graph\":[{\"@type\":\"Article\",\"@id\":\"https:\/\/jornalfatosenoticias.com.br\/index.php\/2023\/07\/19\/vinte-minutos-de-atividade-fisica-diaria-reduzem-risco-de-depressao\/#article\",\"isPartOf\":{\"@id\":\"https:\/\/jornalfatosenoticias.com.br\/index.php\/2023\/07\/19\/vinte-minutos-de-atividade-fisica-diaria-reduzem-risco-de-depressao\/\"},\"author\":{\"name\":\"Luzimara Fernandes\",\"@id\":\"https:\/\/jornalfatosenoticias.com.br\/#\/schema\/person\/d63837fa13ac8666eb9e74e0985d6f81\"},\"headline\":\"Vinte minutos de atividade f\u00edsica di\u00e1ria reduzem risco de depress\u00e3o\",\"datePublished\":\"2023-07-19T16:24:57+00:00\",\"dateModified\":\"2023-07-19T16:24:59+00:00\",\"mainEntityOfPage\":{\"@id\":\"https:\/\/jornalfatosenoticias.com.br\/index.php\/2023\/07\/19\/vinte-minutos-de-atividade-fisica-diaria-reduzem-risco-de-depressao\/\"},\"wordCount\":928,\"commentCount\":0,\"publisher\":{\"@id\":\"https:\/\/jornalfatosenoticias.com.br\/#organization\"},\"image\":{\"@id\":\"https:\/\/jornalfatosenoticias.com.br\/index.php\/2023\/07\/19\/vinte-minutos-de-atividade-fisica-diaria-reduzem-risco-de-depressao\/#primaryimage\"},\"thumbnailUrl\":\"https:\/\/jornalfatosenoticias.com.br\/wp-content\/uploads\/2023\/07\/atividade-fisica.jpg\",\"keywords\":[\"atividade f\u00edsica\",\"atividade f\u00edsica di\u00e1ria\",\"depress\u00e3o\",\"risco de depress\u00e3o\"],\"articleSection\":[\"Bem-estar\"],\"inLanguage\":\"pt-BR\",\"potentialAction\":[{\"@type\":\"CommentAction\",\"name\":\"Comment\",\"target\":[\"https:\/\/jornalfatosenoticias.com.br\/index.php\/2023\/07\/19\/vinte-minutos-de-atividade-fisica-diaria-reduzem-risco-de-depressao\/#respond\"]}]},{\"@type\":\"WebPage\",\"@id\":\"https:\/\/jornalfatosenoticias.com.br\/index.php\/2023\/07\/19\/vinte-minutos-de-atividade-fisica-diaria-reduzem-risco-de-depressao\/\",\"url\":\"https:\/\/jornalfatosenoticias.com.br\/index.php\/2023\/07\/19\/vinte-minutos-de-atividade-fisica-diaria-reduzem-risco-de-depressao\/\",\"name\":\"Vinte minutos de atividade f\u00edsica di\u00e1ria reduzem risco de depress\u00e3o - Jornal Fatos e Not\u00edcias\",\"isPartOf\":{\"@id\":\"https:\/\/jornalfatosenoticias.com.br\/#website\"},\"primaryImageOfPage\":{\"@id\":\"https:\/\/jornalfatosenoticias.com.br\/index.php\/2023\/07\/19\/vinte-minutos-de-atividade-fisica-diaria-reduzem-risco-de-depressao\/#primaryimage\"},\"image\":{\"@id\":\"https:\/\/jornalfatosenoticias.com.br\/index.php\/2023\/07\/19\/vinte-minutos-de-atividade-fisica-diaria-reduzem-risco-de-depressao\/#primaryimage\"},\"thumbnailUrl\":\"https:\/\/jornalfatosenoticias.com.br\/wp-content\/uploads\/2023\/07\/atividade-fisica.jpg\",\"datePublished\":\"2023-07-19T16:24:57+00:00\",\"dateModified\":\"2023-07-19T16:24:59+00:00\",\"breadcrumb\":{\"@id\":\"https:\/\/jornalfatosenoticias.com.br\/index.php\/2023\/07\/19\/vinte-minutos-de-atividade-fisica-diaria-reduzem-risco-de-depressao\/#breadcrumb\"},\"inLanguage\":\"pt-BR\",\"potentialAction\":[{\"@type\":\"ReadAction\",\"target\":[\"https:\/\/jornalfatosenoticias.com.br\/index.php\/2023\/07\/19\/vinte-minutos-de-atividade-fisica-diaria-reduzem-risco-de-depressao\/\"]}]},{\"@type\":\"ImageObject\",\"inLanguage\":\"pt-BR\",\"@id\":\"https:\/\/jornalfatosenoticias.com.br\/index.php\/2023\/07\/19\/vinte-minutos-de-atividade-fisica-diaria-reduzem-risco-de-depressao\/#primaryimage\",\"url\":\"https:\/\/jornalfatosenoticias.com.br\/wp-content\/uploads\/2023\/07\/atividade-fisica.jpg\",\"contentUrl\":\"https:\/\/jornalfatosenoticias.com.br\/wp-content\/uploads\/2023\/07\/atividade-fisica.jpg\",\"width\":768,\"height\":432},{\"@type\":\"BreadcrumbList\",\"@id\":\"https:\/\/jornalfatosenoticias.com.br\/index.php\/2023\/07\/19\/vinte-minutos-de-atividade-fisica-diaria-reduzem-risco-de-depressao\/#breadcrumb\",\"itemListElement\":[{\"@type\":\"ListItem\",\"position\":1,\"name\":\"In\u00edcio\",\"item\":\"https:\/\/jornalfatosenoticias.com.br\/\"},{\"@type\":\"ListItem\",\"position\":2,\"name\":\"Vinte minutos de atividade f\u00edsica di\u00e1ria reduzem risco de depress\u00e3o\"}]},{\"@type\":\"WebSite\",\"@id\":\"https:\/\/jornalfatosenoticias.com.br\/#website\",\"url\":\"https:\/\/jornalfatosenoticias.com.br\/\",\"name\":\"Jornal Fatos e Not\u00edcias\",\"description\":\"Not\u00edcias em geral\",\"publisher\":{\"@id\":\"https:\/\/jornalfatosenoticias.com.br\/#organization\"},\"potentialAction\":[{\"@type\":\"SearchAction\",\"target\":{\"@type\":\"EntryPoint\",\"urlTemplate\":\"https:\/\/jornalfatosenoticias.com.br\/?s={search_term_string}\"},\"query-input\":{\"@type\":\"PropertyValueSpecification\",\"valueRequired\":true,\"valueName\":\"search_term_string\"}}],\"inLanguage\":\"pt-BR\"},{\"@type\":\"Organization\",\"@id\":\"https:\/\/jornalfatosenoticias.com.br\/#organization\",\"name\":\"Jornal Fatos e Not\u00edcias\",\"url\":\"https:\/\/jornalfatosenoticias.com.br\/\",\"logo\":{\"@type\":\"ImageObject\",\"inLanguage\":\"pt-BR\",\"@id\":\"https:\/\/jornalfatosenoticias.com.br\/#\/schema\/logo\/image\/\",\"url\":\"https:\/\/jornalfatosenoticias.com.br\/wp-content\/uploads\/2020\/02\/logo120.png\",\"contentUrl\":\"https:\/\/jornalfatosenoticias.com.br\/wp-content\/uploads\/2020\/02\/logo120.png\",\"width\":1227,\"height\":120,\"caption\":\"Jornal Fatos e Not\u00edcias\"},\"image\":{\"@id\":\"https:\/\/jornalfatosenoticias.com.br\/#\/schema\/logo\/image\/\"}},{\"@type\":\"Person\",\"@id\":\"https:\/\/jornalfatosenoticias.com.br\/#\/schema\/person\/d63837fa13ac8666eb9e74e0985d6f81\",\"name\":\"Luzimara Fernandes\",\"image\":{\"@type\":\"ImageObject\",\"inLanguage\":\"pt-BR\",\"@id\":\"https:\/\/jornalfatosenoticias.com.br\/#\/schema\/person\/image\/\",\"url\":\"https:\/\/jornalfatosenoticias.com.br\/wp-content\/uploads\/2025\/05\/EU_portal.jpg\",\"contentUrl\":\"https:\/\/jornalfatosenoticias.com.br\/wp-content\/uploads\/2025\/05\/EU_portal.jpg\",\"caption\":\"Luzimara Fernandes\"},\"description\":\"Jornalista MTB 2358-ES\",\"sameAs\":[\"https:\/\/jornalfatosenoticias.com.br\"],\"url\":\"https:\/\/jornalfatosenoticias.com.br\/index.php\/author\/luzimara\/\"}]}<\/script>\n<!-- \/ Yoast SEO plugin. -->","yoast_head_json":{"title":"Vinte minutos de atividade f\u00edsica di\u00e1ria reduzem risco de depress\u00e3o - Jornal Fatos e Not\u00edcias","robots":{"index":"index","follow":"follow","max-snippet":"max-snippet:-1","max-image-preview":"max-image-preview:large","max-video-preview":"max-video-preview:-1"},"canonical":"https:\/\/jornalfatosenoticias.com.br\/index.php\/2023\/07\/19\/vinte-minutos-de-atividade-fisica-diaria-reduzem-risco-de-depressao\/","og_locale":"pt_BR","og_type":"article","og_title":"Vinte minutos de atividade f\u00edsica di\u00e1ria reduzem risco de depress\u00e3o - Jornal Fatos e Not\u00edcias","og_description":"Estudo revela que apenas 20 minutos di\u00e1rios de atividade f\u00edsica moderada reduzem o risco de sintomas depressivos e depress\u00e3o Por Ana Luiza Figueiredo Uma nova pesquisa\u00a0realizada por especialistas em atividade f\u00edsica e\u00a0sa\u00fade mental da Universidade de Limerick e do Trinity College Dublin trouxe boas not\u00edcias para os adeptos de atividades f\u00edsicas di\u00e1rias. O estudo revelou [&hellip;]","og_url":"https:\/\/jornalfatosenoticias.com.br\/index.php\/2023\/07\/19\/vinte-minutos-de-atividade-fisica-diaria-reduzem-risco-de-depressao\/","og_site_name":"Jornal Fatos e Not\u00edcias","article_published_time":"2023-07-19T16:24:57+00:00","article_modified_time":"2023-07-19T16:24:59+00:00","og_image":[{"width":768,"height":432,"url":"https:\/\/jornalfatosenoticias.com.br\/wp-content\/uploads\/2023\/07\/atividade-fisica.jpg","type":"image\/jpeg"}],"author":"Luzimara Fernandes","twitter_card":"summary_large_image","twitter_misc":{"Escrito por":"Luzimara Fernandes","Est. tempo de leitura":"5 minutos"},"schema":{"@context":"https:\/\/schema.org","@graph":[{"@type":"Article","@id":"https:\/\/jornalfatosenoticias.com.br\/index.php\/2023\/07\/19\/vinte-minutos-de-atividade-fisica-diaria-reduzem-risco-de-depressao\/#article","isPartOf":{"@id":"https:\/\/jornalfatosenoticias.com.br\/index.php\/2023\/07\/19\/vinte-minutos-de-atividade-fisica-diaria-reduzem-risco-de-depressao\/"},"author":{"name":"Luzimara Fernandes","@id":"https:\/\/jornalfatosenoticias.com.br\/#\/schema\/person\/d63837fa13ac8666eb9e74e0985d6f81"},"headline":"Vinte minutos de atividade f\u00edsica di\u00e1ria reduzem risco de depress\u00e3o","datePublished":"2023-07-19T16:24:57+00:00","dateModified":"2023-07-19T16:24:59+00:00","mainEntityOfPage":{"@id":"https:\/\/jornalfatosenoticias.com.br\/index.php\/2023\/07\/19\/vinte-minutos-de-atividade-fisica-diaria-reduzem-risco-de-depressao\/"},"wordCount":928,"commentCount":0,"publisher":{"@id":"https:\/\/jornalfatosenoticias.com.br\/#organization"},"image":{"@id":"https:\/\/jornalfatosenoticias.com.br\/index.php\/2023\/07\/19\/vinte-minutos-de-atividade-fisica-diaria-reduzem-risco-de-depressao\/#primaryimage"},"thumbnailUrl":"https:\/\/jornalfatosenoticias.com.br\/wp-content\/uploads\/2023\/07\/atividade-fisica.jpg","keywords":["atividade f\u00edsica","atividade f\u00edsica di\u00e1ria","depress\u00e3o","risco de depress\u00e3o"],"articleSection":["Bem-estar"],"inLanguage":"pt-BR","potentialAction":[{"@type":"CommentAction","name":"Comment","target":["https:\/\/jornalfatosenoticias.com.br\/index.php\/2023\/07\/19\/vinte-minutos-de-atividade-fisica-diaria-reduzem-risco-de-depressao\/#respond"]}]},{"@type":"WebPage","@id":"https:\/\/jornalfatosenoticias.com.br\/index.php\/2023\/07\/19\/vinte-minutos-de-atividade-fisica-diaria-reduzem-risco-de-depressao\/","url":"https:\/\/jornalfatosenoticias.com.br\/index.php\/2023\/07\/19\/vinte-minutos-de-atividade-fisica-diaria-reduzem-risco-de-depressao\/","name":"Vinte minutos de atividade f\u00edsica di\u00e1ria reduzem risco de depress\u00e3o - Jornal Fatos e Not\u00edcias","isPartOf":{"@id":"https:\/\/jornalfatosenoticias.com.br\/#website"},"primaryImageOfPage":{"@id":"https:\/\/jornalfatosenoticias.com.br\/index.php\/2023\/07\/19\/vinte-minutos-de-atividade-fisica-diaria-reduzem-risco-de-depressao\/#primaryimage"},"image":{"@id":"https:\/\/jornalfatosenoticias.com.br\/index.php\/2023\/07\/19\/vinte-minutos-de-atividade-fisica-diaria-reduzem-risco-de-depressao\/#primaryimage"},"thumbnailUrl":"https:\/\/jornalfatosenoticias.com.br\/wp-content\/uploads\/2023\/07\/atividade-fisica.jpg","datePublished":"2023-07-19T16:24:57+00:00","dateModified":"2023-07-19T16:24:59+00:00","breadcrumb":{"@id":"https:\/\/jornalfatosenoticias.com.br\/index.php\/2023\/07\/19\/vinte-minutos-de-atividade-fisica-diaria-reduzem-risco-de-depressao\/#breadcrumb"},"inLanguage":"pt-BR","potentialAction":[{"@type":"ReadAction","target":["https:\/\/jornalfatosenoticias.com.br\/index.php\/2023\/07\/19\/vinte-minutos-de-atividade-fisica-diaria-reduzem-risco-de-depressao\/"]}]},{"@type":"ImageObject","inLanguage":"pt-BR","@id":"https:\/\/jornalfatosenoticias.com.br\/index.php\/2023\/07\/19\/vinte-minutos-de-atividade-fisica-diaria-reduzem-risco-de-depressao\/#primaryimage","url":"https:\/\/jornalfatosenoticias.com.br\/wp-content\/uploads\/2023\/07\/atividade-fisica.jpg","contentUrl":"https:\/\/jornalfatosenoticias.com.br\/wp-content\/uploads\/2023\/07\/atividade-fisica.jpg","width":768,"height":432},{"@type":"BreadcrumbList","@id":"https:\/\/jornalfatosenoticias.com.br\/index.php\/2023\/07\/19\/vinte-minutos-de-atividade-fisica-diaria-reduzem-risco-de-depressao\/#breadcrumb","itemListElement":[{"@type":"ListItem","position":1,"name":"In\u00edcio","item":"https:\/\/jornalfatosenoticias.com.br\/"},{"@type":"ListItem","position":2,"name":"Vinte minutos de atividade f\u00edsica di\u00e1ria reduzem risco de depress\u00e3o"}]},{"@type":"WebSite","@id":"https:\/\/jornalfatosenoticias.com.br\/#website","url":"https:\/\/jornalfatosenoticias.com.br\/","name":"Jornal Fatos e Not\u00edcias","description":"Not\u00edcias em geral","publisher":{"@id":"https:\/\/jornalfatosenoticias.com.br\/#organization"},"potentialAction":[{"@type":"SearchAction","target":{"@type":"EntryPoint","urlTemplate":"https:\/\/jornalfatosenoticias.com.br\/?s={search_term_string}"},"query-input":{"@type":"PropertyValueSpecification","valueRequired":true,"valueName":"search_term_string"}}],"inLanguage":"pt-BR"},{"@type":"Organization","@id":"https:\/\/jornalfatosenoticias.com.br\/#organization","name":"Jornal Fatos e Not\u00edcias","url":"https:\/\/jornalfatosenoticias.com.br\/","logo":{"@type":"ImageObject","inLanguage":"pt-BR","@id":"https:\/\/jornalfatosenoticias.com.br\/#\/schema\/logo\/image\/","url":"https:\/\/jornalfatosenoticias.com.br\/wp-content\/uploads\/2020\/02\/logo120.png","contentUrl":"https:\/\/jornalfatosenoticias.com.br\/wp-content\/uploads\/2020\/02\/logo120.png","width":1227,"height":120,"caption":"Jornal Fatos e Not\u00edcias"},"image":{"@id":"https:\/\/jornalfatosenoticias.com.br\/#\/schema\/logo\/image\/"}},{"@type":"Person","@id":"https:\/\/jornalfatosenoticias.com.br\/#\/schema\/person\/d63837fa13ac8666eb9e74e0985d6f81","name":"Luzimara Fernandes","image":{"@type":"ImageObject","inLanguage":"pt-BR","@id":"https:\/\/jornalfatosenoticias.com.br\/#\/schema\/person\/image\/","url":"https:\/\/jornalfatosenoticias.com.br\/wp-content\/uploads\/2025\/05\/EU_portal.jpg","contentUrl":"https:\/\/jornalfatosenoticias.com.br\/wp-content\/uploads\/2025\/05\/EU_portal.jpg","caption":"Luzimara Fernandes"},"description":"Jornalista MTB 2358-ES","sameAs":["https:\/\/jornalfatosenoticias.com.br"],"url":"https:\/\/jornalfatosenoticias.com.br\/index.php\/author\/luzimara\/"}]}},"cc_featured_image_caption":{"caption_text":"(Foto: Getty Images)","source_text":"","source_url":""},"jetpack_featured_media_url":"https:\/\/jornalfatosenoticias.com.br\/wp-content\/uploads\/2023\/07\/atividade-fisica.jpg","_links":{"self":[{"href":"https:\/\/jornalfatosenoticias.com.br\/index.php\/wp-json\/wp\/v2\/posts\/43442","targetHints":{"allow":["GET"]}}],"collection":[{"href":"https:\/\/jornalfatosenoticias.com.br\/index.php\/wp-json\/wp\/v2\/posts"}],"about":[{"href":"https:\/\/jornalfatosenoticias.com.br\/index.php\/wp-json\/wp\/v2\/types\/post"}],"author":[{"embeddable":true,"href":"https:\/\/jornalfatosenoticias.com.br\/index.php\/wp-json\/wp\/v2\/users\/2"}],"replies":[{"embeddable":true,"href":"https:\/\/jornalfatosenoticias.com.br\/index.php\/wp-json\/wp\/v2\/comments?post=43442"}],"version-history":[{"count":0,"href":"https:\/\/jornalfatosenoticias.com.br\/index.php\/wp-json\/wp\/v2\/posts\/43442\/revisions"}],"wp:featuredmedia":[{"embeddable":true,"href":"https:\/\/jornalfatosenoticias.com.br\/index.php\/wp-json\/wp\/v2\/media\/43443"}],"wp:attachment":[{"href":"https:\/\/jornalfatosenoticias.com.br\/index.php\/wp-json\/wp\/v2\/media?parent=43442"}],"wp:term":[{"taxonomy":"category","embeddable":true,"href":"https:\/\/jornalfatosenoticias.com.br\/index.php\/wp-json\/wp\/v2\/categories?post=43442"},{"taxonomy":"post_tag","embeddable":true,"href":"https:\/\/jornalfatosenoticias.com.br\/index.php\/wp-json\/wp\/v2\/tags?post=43442"}],"curies":[{"name":"wp","href":"https:\/\/api.w.org\/{rel}","templated":true}]}}