{"id":43450,"date":"2023-07-19T14:01:12","date_gmt":"2023-07-19T17:01:12","guid":{"rendered":"https:\/\/jornalfatosenoticias.com.br\/?p=43450"},"modified":"2023-07-19T14:01:13","modified_gmt":"2023-07-19T17:01:13","slug":"passaro-considerado-extinto-e-achado-apos-mais-de-um-seculo","status":"publish","type":"post","link":"https:\/\/jornalfatosenoticias.com.br\/index.php\/2023\/07\/19\/passaro-considerado-extinto-e-achado-apos-mais-de-um-seculo\/","title":{"rendered":"P\u00e1ssaro considerado extinto \u00e9 achado ap\u00f3s mais de um s\u00e9culo"},"content":{"rendered":"\n<p><span class=\"has-inline-color has-black-color\"><em>Esp\u00e9cime de pombo-fais\u00e3o-de-nuca-preta, ave que n\u00e3o era vista h\u00e1 140 anos, foi encontrado numa ilha na costa de Papua Nova Guin\u00e9<\/em><\/span><\/p>\n\n\n\n<div class=\"wp-block-image\"><figure class=\"aligncenter size-large\"><img loading=\"lazy\" decoding=\"async\" width=\"729\" height=\"90\" src=\"https:\/\/jornalfatosenoticias.com.br\/wp-content\/uploads\/2020\/02\/Logo_Mizu.png\" alt=\"\" class=\"wp-image-1441\" srcset=\"https:\/\/jornalfatosenoticias.com.br\/wp-content\/uploads\/2020\/02\/Logo_Mizu.png 729w, https:\/\/jornalfatosenoticias.com.br\/wp-content\/uploads\/2020\/02\/Logo_Mizu-300x37.png 300w\" sizes=\"auto, (max-width: 729px) 100vw, 729px\" \/><\/figure><\/div>\n\n\n\n<p>Uma expedi\u00e7\u00e3o realizada em setembro \u00e0 regi\u00e3o de <strong>Papua Nova Guin\u00e9 <\/strong>confirmou por v\u00eddeo a exist\u00eancia do pombo-fais\u00e3o-de-nuca-preta (<em>Otidiphaps nobilis insularis<\/em>), uma esp\u00e9cie criticamente amea\u00e7ada de extin\u00e7\u00e3o que n\u00e3o era avistada h\u00e1 140 anos.<\/p>\n\n\n\n<blockquote class=\"wp-block-quote is-layout-flow wp-block-quote-is-layout-flow\"><p><span class=\"has-inline-color has-luminous-vivid-orange-color\">Durante grande parte da viagem, parecia que n\u00e3o t\u00ednhamos chance de encontrar esse p\u00e1ssaro\u201d, disse Jordan Boersma, col\u00edder da expedi\u00e7\u00e3o e pesquisador de p\u00f3s-doutorado no Laborat\u00f3rio de Ornitologia da Universidade Cornell (EUA). \u201cEst\u00e1vamos a apenas dois dias do final de nosso tempo na Ilha Fergusson [a maior das Ilhas D\u2019Entrecasteaux, no leste de Papua Nova Guin\u00e9] quando uma de nossas c\u00e2meras remotas registrou o p\u00e1ssaro andando e abanando o rabo\u201d.<\/span><\/p><\/blockquote>\n\n\n\n<div class=\"wp-block-image\"><figure class=\"aligncenter size-large\"><img loading=\"lazy\" decoding=\"async\" width=\"300\" height=\"250\" src=\"https:\/\/jornalfatosenoticias.com.br\/wp-content\/uploads\/2022\/02\/FERRARI_MAQUINAS-E-FERRAMENTAS2.jpg\" alt=\"\" class=\"wp-image-27860\"\/><\/figure><\/div>\n\n\n\n<p>O grupo capturou o primeiro v\u00eddeo e fotos da ave, uma grande esp\u00e9cie terrestre com dorso cor de ferrugem, cabe\u00e7a e corpo pretos e uma cauda semelhante \u00e0 de um fais\u00e3o. Ela pode existir apenas no interior da Ilha Fergusson, em um terreno geot\u00e9rmico quente e extremamente acidentado, entremeado por rios sinuosos e habitado por insetos e sanguessugas que picam.<\/p>\n\n\n\n<div class=\"wp-block-image\"><figure class=\"aligncenter size-large is-resized\"><img loading=\"lazy\" decoding=\"async\" src=\"https:\/\/jornalfatosenoticias.com.br\/wp-content\/uploads\/2020\/02\/casa-do-torresmo_portal.jpg\" alt=\"\" class=\"wp-image-34472\" width=\"287\" height=\"287\" srcset=\"https:\/\/jornalfatosenoticias.com.br\/wp-content\/uploads\/2020\/02\/casa-do-torresmo_portal.jpg 300w, https:\/\/jornalfatosenoticias.com.br\/wp-content\/uploads\/2020\/02\/casa-do-torresmo_portal-150x150.jpg 150w\" sizes=\"auto, (max-width: 287px) 100vw, 287px\" \/><\/figure><\/div>\n\n\n\n<blockquote class=\"wp-block-quote is-layout-flow wp-block-quote-is-layout-flow\"><p><span class=\"has-inline-color has-luminous-vivid-orange-color\">Depois de um m\u00eas de busca, ver as primeiras fotos do pombo-fais\u00e3o foi como encontrar um unic\u00f3rnio\u201d, disse John C. Mittermeier, diretor do projeto Search for Lost Birds da American Bird Conservancy (EUA) e membro central da equipe da expedi\u00e7\u00e3o. \u201c\u00c9 o tipo de momento com o qual voc\u00ea sonha durante toda a sua vida como conservacionista e observador de p\u00e1ssaros\u201d.<\/span><\/p><\/blockquote>\n\n\n\n<figure class=\"wp-block-embed-youtube wp-block-embed is-type-video is-provider-youtube wp-embed-aspect-16-9 wp-has-aspect-ratio\"><div class=\"wp-block-embed__wrapper\">\n<iframe loading=\"lazy\" title=\"\u2018Lost\u2019 pigeon found after more than a century\" width=\"660\" height=\"371\" src=\"https:\/\/www.youtube.com\/embed\/xnY66eWh8mQ?feature=oembed\" frameborder=\"0\" allow=\"accelerometer; autoplay; clipboard-write; encrypted-media; gyroscope; picture-in-picture; web-share\" referrerpolicy=\"strict-origin-when-cross-origin\" allowfullscreen><\/iframe>\n<\/div><\/figure>\n\n\n\n<p><strong><span class=\"has-inline-color has-vivid-green-cyan-color\">Pouqu\u00edssimas informa\u00e7\u00f5es<br><\/span><\/strong>Quase nada se sabe sobre o pombo-fais\u00e3o-de-nuca-preta, exceto por dois esp\u00e9cimes coletados em 1882. N\u00e3o h\u00e1 grava\u00e7\u00f5es de seus sons. Os pesquisadores acham que ele provavelmente soaria semelhante a uma esp\u00e9cie diferente de pombo-fais\u00e3o da ilha de Papua Nova Guin\u00e9 \u2014 um som que os habitantes locais comparam ao grito desesperado de uma mulher condenada ao ostracismo por sua comunidade.<\/p>\n\n\n\n<div class=\"wp-block-image\"><figure class=\"aligncenter size-large is-resized\"><img loading=\"lazy\" decoding=\"async\" src=\"https:\/\/jornalfatosenoticias.com.br\/wp-content\/uploads\/2023\/03\/nova-logo-Marquetti.jpg\" alt=\"\" class=\"wp-image-40207\" width=\"275\" height=\"185\" srcset=\"https:\/\/jornalfatosenoticias.com.br\/wp-content\/uploads\/2023\/03\/nova-logo-Marquetti.jpg 643w, https:\/\/jornalfatosenoticias.com.br\/wp-content\/uploads\/2023\/03\/nova-logo-Marquetti-300x202.jpg 300w\" sizes=\"auto, (max-width: 275px) 100vw, 275px\" \/><\/figure><\/div>\n\n\n\n<p>Aproveitar o conhecimento dos nativos foi a chave para o sucesso da expedi\u00e7\u00e3o. Doka Nason, especialista local em p\u00e1ssaros, juntou-se \u00e0 busca e aconselhou a equipe sobre onde procurar. Nason montou a c\u00e2mera que acabou gravando o p\u00e1ssaro. \u201cQuando vi as fotos, fiquei incrivelmente animado\u201d, disse ele. \u201cEu estava pulando e gritando: \u2018Conseguimos!\u2019\u201d.<\/p>\n\n\n\n<div class=\"wp-block-image\"><figure class=\"aligncenter size-large\"><img loading=\"lazy\" decoding=\"async\" width=\"300\" height=\"250\" src=\"https:\/\/jornalfatosenoticias.com.br\/wp-content\/uploads\/2022\/08\/arte-Casarao.jpg\" alt=\"\" class=\"wp-image-33178\"\/><\/figure><\/div>\n\n\n\n<blockquote class=\"wp-block-quote is-layout-flow wp-block-quote-is-layout-flow\"><p><span class=\"has-inline-color has-luminous-vivid-orange-color\">Foi uma experi\u00eancia \u00fanica trabalhar com os habitantes da Ilha Fergusson para encontrar o pombo-fais\u00e3o, e dar palestras em escolas e aldeias sobre a nossa busca foi um destaque\u201d, disse Jason Gregg, um dos l\u00edderes da expedi\u00e7\u00e3o. \u201cAs crian\u00e7as sussurravam o nome local do p\u00e1ssaro \u2014 Auwo \u2014 e todos falavam sobre isso. Estou muito feliz por saber que essa esp\u00e9cie sobrevive e abre oportunidades para aprender ainda mais sobre o p\u00e1ssaro e seu incr\u00edvel lar\u201d.<\/span><\/p><\/blockquote>\n\n\n\n<div class=\"wp-block-image\"><figure class=\"aligncenter size-large is-resized\"><img loading=\"lazy\" decoding=\"async\" src=\"https:\/\/jornalfatosenoticias.com.br\/wp-content\/uploads\/2023\/03\/logo-Panper_portal.jpg\" alt=\"\" class=\"wp-image-40208\" width=\"287\" height=\"199\" srcset=\"https:\/\/jornalfatosenoticias.com.br\/wp-content\/uploads\/2023\/03\/logo-Panper_portal.jpg 400w, https:\/\/jornalfatosenoticias.com.br\/wp-content\/uploads\/2023\/03\/logo-Panper_portal-300x208.jpg 300w\" sizes=\"auto, (max-width: 287px) 100vw, 287px\" \/><\/figure><\/div>\n\n\n\n<p><strong><span class=\"has-inline-color has-vivid-green-cyan-color\">Preocupa\u00e7\u00e3o<br><\/span><\/strong>Mas os conservacionistas est\u00e3o preocupados. O principal propriet\u00e1rio da terra onde o p\u00e1ssaro foi encontrado disse \u00e0 equipe de busca que havia acabado de assinar um acordo com uma madeireira \u2014 uma a\u00e7\u00e3o que poderia amea\u00e7ar o pombo-fais\u00e3o-de-nuca-preta e seu habitat. A equipe est\u00e1 buscando financiamento para que seus integrantes possam voltar a Fergusson e tentar descobrir quantas esp\u00e9cies restam.<\/p>\n\n\n\n<div class=\"wp-block-image\"><figure class=\"aligncenter size-large is-resized\"><img loading=\"lazy\" decoding=\"async\" src=\"https:\/\/jornalfatosenoticias.com.br\/wp-content\/uploads\/2022\/10\/RC_800x750_page-0001.jpg\" alt=\"\" class=\"wp-image-35338\" width=\"265\" height=\"249\" srcset=\"https:\/\/jornalfatosenoticias.com.br\/wp-content\/uploads\/2022\/10\/RC_800x750_page-0001.jpg 400w, https:\/\/jornalfatosenoticias.com.br\/wp-content\/uploads\/2022\/10\/RC_800x750_page-0001-300x281.jpg 300w\" sizes=\"auto, (max-width: 265px) 100vw, 265px\" \/><\/figure><\/div>\n\n\n\n<blockquote class=\"wp-block-quote is-layout-flow wp-block-quote-is-layout-flow\"><p><span class=\"has-inline-color has-luminous-vivid-orange-color\">A raz\u00e3o pela qual me importo, por que acho que todos devemos nos importar, \u00e9 que esse p\u00e1ssaro significou algo e continua a significar algo para a popula\u00e7\u00e3o local\u201d, disse Boersma. \u201cFaz parte de suas lendas e cultura. Se perdermos esta esp\u00e9cie, perderemos sua import\u00e2ncia cultural e o papel que desempenha neste fant\u00e1stico ecossistema\u201d.<\/span><\/p><\/blockquote>\n\n\n\n<div class=\"wp-block-image\"><figure class=\"aligncenter size-large\"><img loading=\"lazy\" decoding=\"async\" width=\"1024\" height=\"110\" src=\"https:\/\/jornalfatosenoticias.com.br\/wp-content\/uploads\/2023\/03\/Crypton-1120-\u00d7-120-px-1-1024x110.png\" alt=\"\" class=\"wp-image-39211\" srcset=\"https:\/\/jornalfatosenoticias.com.br\/wp-content\/uploads\/2023\/03\/Crypton-1120-\u00d7-120-px-1-1024x110.png 1024w, https:\/\/jornalfatosenoticias.com.br\/wp-content\/uploads\/2023\/03\/Crypton-1120-\u00d7-120-px-1-300x32.png 300w, https:\/\/jornalfatosenoticias.com.br\/wp-content\/uploads\/2023\/03\/Crypton-1120-\u00d7-120-px-1-768x82.png 768w, https:\/\/jornalfatosenoticias.com.br\/wp-content\/uploads\/2023\/03\/Crypton-1120-\u00d7-120-px-1.png 1120w\" sizes=\"auto, (max-width: 1024px) 100vw, 1024px\" \/><\/figure><\/div>\n\n\n\n<p><strong><em>Fonte: <a href=\"https:\/\/revistaplaneta.com.br\/passaro-considerado-extinto-e-achado-apos-mais-de-um-seculo\/\">Revista Planeta<\/a><\/em><\/strong><\/p>\n","protected":false},"excerpt":{"rendered":"<p>Esp\u00e9cime de pombo-fais\u00e3o-de-nuca-preta, ave que n\u00e3o era vista h\u00e1 140 anos, foi encontrado numa ilha na costa de Papua Nova Guin\u00e9 Uma expedi\u00e7\u00e3o realizada em setembro \u00e0 regi\u00e3o de Papua Nova Guin\u00e9 confirmou por v\u00eddeo a exist\u00eancia do pombo-fais\u00e3o-de-nuca-preta (Otidiphaps nobilis insularis), uma esp\u00e9cie criticamente amea\u00e7ada de extin\u00e7\u00e3o que n\u00e3o era avistada h\u00e1 140 anos. [&hellip;]<\/p>\n","protected":false},"author":2,"featured_media":43451,"comment_status":"open","ping_status":"open","sticky":false,"template":"","format":"standard","meta":{"footnotes":""},"categories":[8],"tags":[20472,20473,20474,666,20475,20476,20477,20478,9372,20479,20480,20481],"class_list":["post-43450","post","type-post","status-publish","format-standard","has-post-thumbnail","hentry","category-meio-ambiente","tag-american-bird-conservancy","tag-doka-nason","tag-fergusson","tag-ilha","tag-john-c-mittermeier","tag-jordan-boersma","tag-papua-nova-guine-2","tag-passaro-considerado-extinto","tag-pombo","tag-pombo-faisao-de-nuca-preta","tag-search-for-lost-birds","tag-universidade-cornell"],"yoast_head":"<!-- This site is optimized with the Yoast SEO plugin v26.5 - https:\/\/yoast.com\/wordpress\/plugins\/seo\/ -->\n<title>P\u00e1ssaro considerado extinto \u00e9 achado ap\u00f3s mais de um s\u00e9culo - Jornal Fatos e Not\u00edcias<\/title>\n<meta name=\"robots\" content=\"index, follow, max-snippet:-1, max-image-preview:large, max-video-preview:-1\" \/>\n<link rel=\"canonical\" href=\"https:\/\/jornalfatosenoticias.com.br\/index.php\/2023\/07\/19\/passaro-considerado-extinto-e-achado-apos-mais-de-um-seculo\/\" \/>\n<meta property=\"og:locale\" content=\"pt_BR\" \/>\n<meta property=\"og:type\" content=\"article\" \/>\n<meta property=\"og:title\" content=\"P\u00e1ssaro considerado extinto \u00e9 achado ap\u00f3s mais de um s\u00e9culo - Jornal Fatos e Not\u00edcias\" \/>\n<meta property=\"og:description\" content=\"Esp\u00e9cime de pombo-fais\u00e3o-de-nuca-preta, ave que n\u00e3o era vista h\u00e1 140 anos, foi encontrado numa ilha na costa de Papua Nova Guin\u00e9 Uma expedi\u00e7\u00e3o realizada em setembro \u00e0 regi\u00e3o de Papua Nova Guin\u00e9 confirmou por v\u00eddeo a exist\u00eancia do pombo-fais\u00e3o-de-nuca-preta (Otidiphaps nobilis insularis), uma esp\u00e9cie criticamente amea\u00e7ada de extin\u00e7\u00e3o que n\u00e3o era avistada h\u00e1 140 anos. [&hellip;]\" \/>\n<meta property=\"og:url\" content=\"https:\/\/jornalfatosenoticias.com.br\/index.php\/2023\/07\/19\/passaro-considerado-extinto-e-achado-apos-mais-de-um-seculo\/\" \/>\n<meta property=\"og:site_name\" content=\"Jornal Fatos e Not\u00edcias\" \/>\n<meta property=\"article:published_time\" content=\"2023-07-19T17:01:12+00:00\" \/>\n<meta property=\"article:modified_time\" content=\"2023-07-19T17:01:13+00:00\" \/>\n<meta property=\"og:image\" content=\"https:\/\/jornalfatosenoticias.com.br\/wp-content\/uploads\/2023\/07\/Pombo-faisao-de-nuca-preta.jpg\" \/>\n\t<meta property=\"og:image:width\" content=\"621\" \/>\n\t<meta property=\"og:image:height\" content=\"333\" \/>\n\t<meta property=\"og:image:type\" content=\"image\/jpeg\" \/>\n<meta name=\"author\" content=\"Luzimara Fernandes\" \/>\n<meta name=\"twitter:card\" content=\"summary_large_image\" \/>\n<meta name=\"twitter:label1\" content=\"Escrito por\" \/>\n\t<meta name=\"twitter:data1\" content=\"Luzimara Fernandes\" \/>\n\t<meta name=\"twitter:label2\" content=\"Est. tempo de leitura\" \/>\n\t<meta name=\"twitter:data2\" content=\"3 minutos\" \/>\n<script type=\"application\/ld+json\" class=\"yoast-schema-graph\">{\"@context\":\"https:\/\/schema.org\",\"@graph\":[{\"@type\":\"Article\",\"@id\":\"https:\/\/jornalfatosenoticias.com.br\/index.php\/2023\/07\/19\/passaro-considerado-extinto-e-achado-apos-mais-de-um-seculo\/#article\",\"isPartOf\":{\"@id\":\"https:\/\/jornalfatosenoticias.com.br\/index.php\/2023\/07\/19\/passaro-considerado-extinto-e-achado-apos-mais-de-um-seculo\/\"},\"author\":{\"name\":\"Luzimara Fernandes\",\"@id\":\"https:\/\/jornalfatosenoticias.com.br\/#\/schema\/person\/d63837fa13ac8666eb9e74e0985d6f81\"},\"headline\":\"P\u00e1ssaro considerado extinto \u00e9 achado ap\u00f3s mais de um s\u00e9culo\",\"datePublished\":\"2023-07-19T17:01:12+00:00\",\"dateModified\":\"2023-07-19T17:01:13+00:00\",\"mainEntityOfPage\":{\"@id\":\"https:\/\/jornalfatosenoticias.com.br\/index.php\/2023\/07\/19\/passaro-considerado-extinto-e-achado-apos-mais-de-um-seculo\/\"},\"wordCount\":654,\"commentCount\":0,\"publisher\":{\"@id\":\"https:\/\/jornalfatosenoticias.com.br\/#organization\"},\"image\":{\"@id\":\"https:\/\/jornalfatosenoticias.com.br\/index.php\/2023\/07\/19\/passaro-considerado-extinto-e-achado-apos-mais-de-um-seculo\/#primaryimage\"},\"thumbnailUrl\":\"https:\/\/jornalfatosenoticias.com.br\/wp-content\/uploads\/2023\/07\/Pombo-faisao-de-nuca-preta.jpg\",\"keywords\":[\"American Bird Conservancy\",\"Doka Nason\",\"Fergusson\",\"ilha\",\"John C. Mittermeier\",\"Jordan Boersma\",\"Papua Nova Guin\u00e9\",\"p\u00e1ssaro considerado extinto\",\"pombo\",\"pombo-fais\u00e3o-de-nuca-preta\",\"Search for Lost Birds\",\"Universidade Cornell\"],\"articleSection\":[\"Meio ambiente\"],\"inLanguage\":\"pt-BR\",\"potentialAction\":[{\"@type\":\"CommentAction\",\"name\":\"Comment\",\"target\":[\"https:\/\/jornalfatosenoticias.com.br\/index.php\/2023\/07\/19\/passaro-considerado-extinto-e-achado-apos-mais-de-um-seculo\/#respond\"]}]},{\"@type\":\"WebPage\",\"@id\":\"https:\/\/jornalfatosenoticias.com.br\/index.php\/2023\/07\/19\/passaro-considerado-extinto-e-achado-apos-mais-de-um-seculo\/\",\"url\":\"https:\/\/jornalfatosenoticias.com.br\/index.php\/2023\/07\/19\/passaro-considerado-extinto-e-achado-apos-mais-de-um-seculo\/\",\"name\":\"P\u00e1ssaro considerado extinto \u00e9 achado ap\u00f3s mais de um s\u00e9culo - Jornal Fatos e Not\u00edcias\",\"isPartOf\":{\"@id\":\"https:\/\/jornalfatosenoticias.com.br\/#website\"},\"primaryImageOfPage\":{\"@id\":\"https:\/\/jornalfatosenoticias.com.br\/index.php\/2023\/07\/19\/passaro-considerado-extinto-e-achado-apos-mais-de-um-seculo\/#primaryimage\"},\"image\":{\"@id\":\"https:\/\/jornalfatosenoticias.com.br\/index.php\/2023\/07\/19\/passaro-considerado-extinto-e-achado-apos-mais-de-um-seculo\/#primaryimage\"},\"thumbnailUrl\":\"https:\/\/jornalfatosenoticias.com.br\/wp-content\/uploads\/2023\/07\/Pombo-faisao-de-nuca-preta.jpg\",\"datePublished\":\"2023-07-19T17:01:12+00:00\",\"dateModified\":\"2023-07-19T17:01:13+00:00\",\"breadcrumb\":{\"@id\":\"https:\/\/jornalfatosenoticias.com.br\/index.php\/2023\/07\/19\/passaro-considerado-extinto-e-achado-apos-mais-de-um-seculo\/#breadcrumb\"},\"inLanguage\":\"pt-BR\",\"potentialAction\":[{\"@type\":\"ReadAction\",\"target\":[\"https:\/\/jornalfatosenoticias.com.br\/index.php\/2023\/07\/19\/passaro-considerado-extinto-e-achado-apos-mais-de-um-seculo\/\"]}]},{\"@type\":\"ImageObject\",\"inLanguage\":\"pt-BR\",\"@id\":\"https:\/\/jornalfatosenoticias.com.br\/index.php\/2023\/07\/19\/passaro-considerado-extinto-e-achado-apos-mais-de-um-seculo\/#primaryimage\",\"url\":\"https:\/\/jornalfatosenoticias.com.br\/wp-content\/uploads\/2023\/07\/Pombo-faisao-de-nuca-preta.jpg\",\"contentUrl\":\"https:\/\/jornalfatosenoticias.com.br\/wp-content\/uploads\/2023\/07\/Pombo-faisao-de-nuca-preta.jpg\",\"width\":621,\"height\":333},{\"@type\":\"BreadcrumbList\",\"@id\":\"https:\/\/jornalfatosenoticias.com.br\/index.php\/2023\/07\/19\/passaro-considerado-extinto-e-achado-apos-mais-de-um-seculo\/#breadcrumb\",\"itemListElement\":[{\"@type\":\"ListItem\",\"position\":1,\"name\":\"In\u00edcio\",\"item\":\"https:\/\/jornalfatosenoticias.com.br\/\"},{\"@type\":\"ListItem\",\"position\":2,\"name\":\"P\u00e1ssaro considerado extinto \u00e9 achado ap\u00f3s mais de um s\u00e9culo\"}]},{\"@type\":\"WebSite\",\"@id\":\"https:\/\/jornalfatosenoticias.com.br\/#website\",\"url\":\"https:\/\/jornalfatosenoticias.com.br\/\",\"name\":\"Jornal Fatos e Not\u00edcias\",\"description\":\"Not\u00edcias em geral\",\"publisher\":{\"@id\":\"https:\/\/jornalfatosenoticias.com.br\/#organization\"},\"potentialAction\":[{\"@type\":\"SearchAction\",\"target\":{\"@type\":\"EntryPoint\",\"urlTemplate\":\"https:\/\/jornalfatosenoticias.com.br\/?s={search_term_string}\"},\"query-input\":{\"@type\":\"PropertyValueSpecification\",\"valueRequired\":true,\"valueName\":\"search_term_string\"}}],\"inLanguage\":\"pt-BR\"},{\"@type\":\"Organization\",\"@id\":\"https:\/\/jornalfatosenoticias.com.br\/#organization\",\"name\":\"Jornal Fatos e Not\u00edcias\",\"url\":\"https:\/\/jornalfatosenoticias.com.br\/\",\"logo\":{\"@type\":\"ImageObject\",\"inLanguage\":\"pt-BR\",\"@id\":\"https:\/\/jornalfatosenoticias.com.br\/#\/schema\/logo\/image\/\",\"url\":\"https:\/\/jornalfatosenoticias.com.br\/wp-content\/uploads\/2020\/02\/logo120.png\",\"contentUrl\":\"https:\/\/jornalfatosenoticias.com.br\/wp-content\/uploads\/2020\/02\/logo120.png\",\"width\":1227,\"height\":120,\"caption\":\"Jornal Fatos e Not\u00edcias\"},\"image\":{\"@id\":\"https:\/\/jornalfatosenoticias.com.br\/#\/schema\/logo\/image\/\"}},{\"@type\":\"Person\",\"@id\":\"https:\/\/jornalfatosenoticias.com.br\/#\/schema\/person\/d63837fa13ac8666eb9e74e0985d6f81\",\"name\":\"Luzimara Fernandes\",\"image\":{\"@type\":\"ImageObject\",\"inLanguage\":\"pt-BR\",\"@id\":\"https:\/\/jornalfatosenoticias.com.br\/#\/schema\/person\/image\/\",\"url\":\"https:\/\/jornalfatosenoticias.com.br\/wp-content\/uploads\/2025\/05\/EU_portal.jpg\",\"contentUrl\":\"https:\/\/jornalfatosenoticias.com.br\/wp-content\/uploads\/2025\/05\/EU_portal.jpg\",\"caption\":\"Luzimara Fernandes\"},\"description\":\"Jornalista MTB 2358-ES\",\"sameAs\":[\"https:\/\/jornalfatosenoticias.com.br\"],\"url\":\"https:\/\/jornalfatosenoticias.com.br\/index.php\/author\/luzimara\/\"}]}<\/script>\n<!-- \/ Yoast SEO plugin. -->","yoast_head_json":{"title":"P\u00e1ssaro considerado extinto \u00e9 achado ap\u00f3s mais de um s\u00e9culo - Jornal Fatos e Not\u00edcias","robots":{"index":"index","follow":"follow","max-snippet":"max-snippet:-1","max-image-preview":"max-image-preview:large","max-video-preview":"max-video-preview:-1"},"canonical":"https:\/\/jornalfatosenoticias.com.br\/index.php\/2023\/07\/19\/passaro-considerado-extinto-e-achado-apos-mais-de-um-seculo\/","og_locale":"pt_BR","og_type":"article","og_title":"P\u00e1ssaro considerado extinto \u00e9 achado ap\u00f3s mais de um s\u00e9culo - Jornal Fatos e Not\u00edcias","og_description":"Esp\u00e9cime de pombo-fais\u00e3o-de-nuca-preta, ave que n\u00e3o era vista h\u00e1 140 anos, foi encontrado numa ilha na costa de Papua Nova Guin\u00e9 Uma expedi\u00e7\u00e3o realizada em setembro \u00e0 regi\u00e3o de Papua Nova Guin\u00e9 confirmou por v\u00eddeo a exist\u00eancia do pombo-fais\u00e3o-de-nuca-preta (Otidiphaps nobilis insularis), uma esp\u00e9cie criticamente amea\u00e7ada de extin\u00e7\u00e3o que n\u00e3o era avistada h\u00e1 140 anos. [&hellip;]","og_url":"https:\/\/jornalfatosenoticias.com.br\/index.php\/2023\/07\/19\/passaro-considerado-extinto-e-achado-apos-mais-de-um-seculo\/","og_site_name":"Jornal Fatos e Not\u00edcias","article_published_time":"2023-07-19T17:01:12+00:00","article_modified_time":"2023-07-19T17:01:13+00:00","og_image":[{"width":621,"height":333,"url":"https:\/\/jornalfatosenoticias.com.br\/wp-content\/uploads\/2023\/07\/Pombo-faisao-de-nuca-preta.jpg","type":"image\/jpeg"}],"author":"Luzimara Fernandes","twitter_card":"summary_large_image","twitter_misc":{"Escrito por":"Luzimara Fernandes","Est. tempo de leitura":"3 minutos"},"schema":{"@context":"https:\/\/schema.org","@graph":[{"@type":"Article","@id":"https:\/\/jornalfatosenoticias.com.br\/index.php\/2023\/07\/19\/passaro-considerado-extinto-e-achado-apos-mais-de-um-seculo\/#article","isPartOf":{"@id":"https:\/\/jornalfatosenoticias.com.br\/index.php\/2023\/07\/19\/passaro-considerado-extinto-e-achado-apos-mais-de-um-seculo\/"},"author":{"name":"Luzimara Fernandes","@id":"https:\/\/jornalfatosenoticias.com.br\/#\/schema\/person\/d63837fa13ac8666eb9e74e0985d6f81"},"headline":"P\u00e1ssaro considerado extinto \u00e9 achado ap\u00f3s mais de um s\u00e9culo","datePublished":"2023-07-19T17:01:12+00:00","dateModified":"2023-07-19T17:01:13+00:00","mainEntityOfPage":{"@id":"https:\/\/jornalfatosenoticias.com.br\/index.php\/2023\/07\/19\/passaro-considerado-extinto-e-achado-apos-mais-de-um-seculo\/"},"wordCount":654,"commentCount":0,"publisher":{"@id":"https:\/\/jornalfatosenoticias.com.br\/#organization"},"image":{"@id":"https:\/\/jornalfatosenoticias.com.br\/index.php\/2023\/07\/19\/passaro-considerado-extinto-e-achado-apos-mais-de-um-seculo\/#primaryimage"},"thumbnailUrl":"https:\/\/jornalfatosenoticias.com.br\/wp-content\/uploads\/2023\/07\/Pombo-faisao-de-nuca-preta.jpg","keywords":["American Bird Conservancy","Doka Nason","Fergusson","ilha","John C. Mittermeier","Jordan Boersma","Papua Nova Guin\u00e9","p\u00e1ssaro considerado extinto","pombo","pombo-fais\u00e3o-de-nuca-preta","Search for Lost Birds","Universidade Cornell"],"articleSection":["Meio ambiente"],"inLanguage":"pt-BR","potentialAction":[{"@type":"CommentAction","name":"Comment","target":["https:\/\/jornalfatosenoticias.com.br\/index.php\/2023\/07\/19\/passaro-considerado-extinto-e-achado-apos-mais-de-um-seculo\/#respond"]}]},{"@type":"WebPage","@id":"https:\/\/jornalfatosenoticias.com.br\/index.php\/2023\/07\/19\/passaro-considerado-extinto-e-achado-apos-mais-de-um-seculo\/","url":"https:\/\/jornalfatosenoticias.com.br\/index.php\/2023\/07\/19\/passaro-considerado-extinto-e-achado-apos-mais-de-um-seculo\/","name":"P\u00e1ssaro considerado extinto \u00e9 achado ap\u00f3s mais de um s\u00e9culo - Jornal Fatos e Not\u00edcias","isPartOf":{"@id":"https:\/\/jornalfatosenoticias.com.br\/#website"},"primaryImageOfPage":{"@id":"https:\/\/jornalfatosenoticias.com.br\/index.php\/2023\/07\/19\/passaro-considerado-extinto-e-achado-apos-mais-de-um-seculo\/#primaryimage"},"image":{"@id":"https:\/\/jornalfatosenoticias.com.br\/index.php\/2023\/07\/19\/passaro-considerado-extinto-e-achado-apos-mais-de-um-seculo\/#primaryimage"},"thumbnailUrl":"https:\/\/jornalfatosenoticias.com.br\/wp-content\/uploads\/2023\/07\/Pombo-faisao-de-nuca-preta.jpg","datePublished":"2023-07-19T17:01:12+00:00","dateModified":"2023-07-19T17:01:13+00:00","breadcrumb":{"@id":"https:\/\/jornalfatosenoticias.com.br\/index.php\/2023\/07\/19\/passaro-considerado-extinto-e-achado-apos-mais-de-um-seculo\/#breadcrumb"},"inLanguage":"pt-BR","potentialAction":[{"@type":"ReadAction","target":["https:\/\/jornalfatosenoticias.com.br\/index.php\/2023\/07\/19\/passaro-considerado-extinto-e-achado-apos-mais-de-um-seculo\/"]}]},{"@type":"ImageObject","inLanguage":"pt-BR","@id":"https:\/\/jornalfatosenoticias.com.br\/index.php\/2023\/07\/19\/passaro-considerado-extinto-e-achado-apos-mais-de-um-seculo\/#primaryimage","url":"https:\/\/jornalfatosenoticias.com.br\/wp-content\/uploads\/2023\/07\/Pombo-faisao-de-nuca-preta.jpg","contentUrl":"https:\/\/jornalfatosenoticias.com.br\/wp-content\/uploads\/2023\/07\/Pombo-faisao-de-nuca-preta.jpg","width":621,"height":333},{"@type":"BreadcrumbList","@id":"https:\/\/jornalfatosenoticias.com.br\/index.php\/2023\/07\/19\/passaro-considerado-extinto-e-achado-apos-mais-de-um-seculo\/#breadcrumb","itemListElement":[{"@type":"ListItem","position":1,"name":"In\u00edcio","item":"https:\/\/jornalfatosenoticias.com.br\/"},{"@type":"ListItem","position":2,"name":"P\u00e1ssaro considerado extinto \u00e9 achado ap\u00f3s mais de um s\u00e9culo"}]},{"@type":"WebSite","@id":"https:\/\/jornalfatosenoticias.com.br\/#website","url":"https:\/\/jornalfatosenoticias.com.br\/","name":"Jornal Fatos e Not\u00edcias","description":"Not\u00edcias em geral","publisher":{"@id":"https:\/\/jornalfatosenoticias.com.br\/#organization"},"potentialAction":[{"@type":"SearchAction","target":{"@type":"EntryPoint","urlTemplate":"https:\/\/jornalfatosenoticias.com.br\/?s={search_term_string}"},"query-input":{"@type":"PropertyValueSpecification","valueRequired":true,"valueName":"search_term_string"}}],"inLanguage":"pt-BR"},{"@type":"Organization","@id":"https:\/\/jornalfatosenoticias.com.br\/#organization","name":"Jornal Fatos e Not\u00edcias","url":"https:\/\/jornalfatosenoticias.com.br\/","logo":{"@type":"ImageObject","inLanguage":"pt-BR","@id":"https:\/\/jornalfatosenoticias.com.br\/#\/schema\/logo\/image\/","url":"https:\/\/jornalfatosenoticias.com.br\/wp-content\/uploads\/2020\/02\/logo120.png","contentUrl":"https:\/\/jornalfatosenoticias.com.br\/wp-content\/uploads\/2020\/02\/logo120.png","width":1227,"height":120,"caption":"Jornal Fatos e Not\u00edcias"},"image":{"@id":"https:\/\/jornalfatosenoticias.com.br\/#\/schema\/logo\/image\/"}},{"@type":"Person","@id":"https:\/\/jornalfatosenoticias.com.br\/#\/schema\/person\/d63837fa13ac8666eb9e74e0985d6f81","name":"Luzimara Fernandes","image":{"@type":"ImageObject","inLanguage":"pt-BR","@id":"https:\/\/jornalfatosenoticias.com.br\/#\/schema\/person\/image\/","url":"https:\/\/jornalfatosenoticias.com.br\/wp-content\/uploads\/2025\/05\/EU_portal.jpg","contentUrl":"https:\/\/jornalfatosenoticias.com.br\/wp-content\/uploads\/2025\/05\/EU_portal.jpg","caption":"Luzimara Fernandes"},"description":"Jornalista MTB 2358-ES","sameAs":["https:\/\/jornalfatosenoticias.com.br"],"url":"https:\/\/jornalfatosenoticias.com.br\/index.php\/author\/luzimara\/"}]}},"cc_featured_image_caption":{"caption_text":"(Foto: American Bird Conservancy)","source_text":"","source_url":""},"jetpack_featured_media_url":"https:\/\/jornalfatosenoticias.com.br\/wp-content\/uploads\/2023\/07\/Pombo-faisao-de-nuca-preta.jpg","_links":{"self":[{"href":"https:\/\/jornalfatosenoticias.com.br\/index.php\/wp-json\/wp\/v2\/posts\/43450","targetHints":{"allow":["GET"]}}],"collection":[{"href":"https:\/\/jornalfatosenoticias.com.br\/index.php\/wp-json\/wp\/v2\/posts"}],"about":[{"href":"https:\/\/jornalfatosenoticias.com.br\/index.php\/wp-json\/wp\/v2\/types\/post"}],"author":[{"embeddable":true,"href":"https:\/\/jornalfatosenoticias.com.br\/index.php\/wp-json\/wp\/v2\/users\/2"}],"replies":[{"embeddable":true,"href":"https:\/\/jornalfatosenoticias.com.br\/index.php\/wp-json\/wp\/v2\/comments?post=43450"}],"version-history":[{"count":0,"href":"https:\/\/jornalfatosenoticias.com.br\/index.php\/wp-json\/wp\/v2\/posts\/43450\/revisions"}],"wp:featuredmedia":[{"embeddable":true,"href":"https:\/\/jornalfatosenoticias.com.br\/index.php\/wp-json\/wp\/v2\/media\/43451"}],"wp:attachment":[{"href":"https:\/\/jornalfatosenoticias.com.br\/index.php\/wp-json\/wp\/v2\/media?parent=43450"}],"wp:term":[{"taxonomy":"category","embeddable":true,"href":"https:\/\/jornalfatosenoticias.com.br\/index.php\/wp-json\/wp\/v2\/categories?post=43450"},{"taxonomy":"post_tag","embeddable":true,"href":"https:\/\/jornalfatosenoticias.com.br\/index.php\/wp-json\/wp\/v2\/tags?post=43450"}],"curies":[{"name":"wp","href":"https:\/\/api.w.org\/{rel}","templated":true}]}}