{"id":43458,"date":"2023-07-19T14:22:44","date_gmt":"2023-07-19T17:22:44","guid":{"rendered":"https:\/\/jornalfatosenoticias.com.br\/?p=43458"},"modified":"2023-07-19T14:22:45","modified_gmt":"2023-07-19T17:22:45","slug":"governo-lula-repassa-r-200-mil-a-cooperativa-do-mst-ligada-a-irmao-de-membro-do-governo","status":"publish","type":"post","link":"https:\/\/jornalfatosenoticias.com.br\/index.php\/2023\/07\/19\/governo-lula-repassa-r-200-mil-a-cooperativa-do-mst-ligada-a-irmao-de-membro-do-governo\/","title":{"rendered":"Governo Lula repassa R$ 200 mil a cooperativa do MST ligada a irm\u00e3o de membro do governo"},"content":{"rendered":"\n<p><em><span class=\"has-inline-color has-black-color\">A cooperativa Terra Livre foi sancionada recentemente por descumprir contrato de entrega de alimentos para merenda escolar<\/span><\/em><\/p>\n\n\n\n<p><em><span class=\"has-inline-color has-black-color\">Por <strong><a href=\"https:\/\/gazetabrasil.com.br\/author\/gianlucca-gattai\/\">Gianlucca Gattai<\/a><\/strong><\/span><\/em><\/p>\n\n\n\n<div class=\"wp-block-image\"><figure class=\"aligncenter size-large\"><img decoding=\"async\" src=\"https:\/\/jornalfatosenoticias.com.br\/wp-content\/uploads\/2020\/02\/barao-das-carnes-300x164-1.jpg\" alt=\"\" class=\"wp-image-34339\"\/><\/figure><\/div>\n\n\n\n<p>Em mar\u00e7o, o Minist\u00e9rio do Desenvolvimento Agr\u00e1rio e Agricultura Familiar transferiu R$ 200 mil a t\u00edtulo de \u201cfomento\u201d para a cooperativa \u201cTerra Livre\u201d, vinculada ao Movimento dos Trabalhadores Rurais Sem-Terra (MST).<br>Os recursos do governo Lula foram empregados na compra de carros para a cooperativa Terra Livre. O presidente da Companhia Nacional de Abastecimento (Conab), vinculada ao MDA, Edegar Pretto, \u00e9 irm\u00e3o de Adelar Pretto, que era diretor da Terra Livre na \u00e9poca do repasse.<\/p>\n\n\n\n<div class=\"wp-block-image\"><figure class=\"aligncenter size-large is-resized\"><img loading=\"lazy\" decoding=\"async\" src=\"https:\/\/jornalfatosenoticias.com.br\/wp-content\/uploads\/2020\/02\/logo-embacia.jpg\" alt=\"\" class=\"wp-image-33905\" width=\"268\" height=\"268\"\/><\/figure><\/div>\n\n\n\n<p>A transfer\u00eancia aconteceu uma semana ap\u00f3s Edegar Pretto assumir o cargo de presidente da Conab. A cooperativa Terra Livre, que j\u00e1 recebeu quase R$ 8 milh\u00f5es em recursos federais, foi sancionada recentemente por descumprir contrato de entrega de alimentos para merenda escolar.<br>A Terra Livre recebeu entre 2022 e 2023 repasses milion\u00e1rios de \u00f3rg\u00e3os p\u00fablicos. A maior parte foi distribu\u00edda com dispensa de licita\u00e7\u00e3o.<\/p>\n\n\n\n<div class=\"wp-block-image\"><figure class=\"aligncenter size-large is-resized\"><img loading=\"lazy\" decoding=\"async\" src=\"https:\/\/jornalfatosenoticias.com.br\/wp-content\/uploads\/2023\/07\/torneio_volei.jpg\" alt=\"\" class=\"wp-image-43455\" width=\"334\" height=\"333\" srcset=\"https:\/\/jornalfatosenoticias.com.br\/wp-content\/uploads\/2023\/07\/torneio_volei.jpg 1000w, https:\/\/jornalfatosenoticias.com.br\/wp-content\/uploads\/2023\/07\/torneio_volei-300x300.jpg 300w, https:\/\/jornalfatosenoticias.com.br\/wp-content\/uploads\/2023\/07\/torneio_volei-150x150.jpg 150w, https:\/\/jornalfatosenoticias.com.br\/wp-content\/uploads\/2023\/07\/torneio_volei-768x767.jpg 768w\" sizes=\"auto, (max-width: 334px) 100vw, 334px\" \/><\/figure><\/div>\n\n\n\n<p><strong><em>Fonte: <a href=\"https:\/\/gazetabrasil.com.br\/politica\/2023\/07\/19\/governo-lula-repassa-r200-mil-a-cooperativa-do-mst-ligada-a-irmao-de-membro-do-governo\/\">Gazeta Brasil<\/a><\/em><\/strong><\/p>\n","protected":false},"excerpt":{"rendered":"<p>A cooperativa Terra Livre foi sancionada recentemente por descumprir contrato de entrega de alimentos para merenda escolar Por Gianlucca Gattai Em mar\u00e7o, o Minist\u00e9rio do Desenvolvimento Agr\u00e1rio e Agricultura Familiar transferiu R$ 200 mil a t\u00edtulo de \u201cfomento\u201d para a cooperativa \u201cTerra Livre\u201d, vinculada ao Movimento dos Trabalhadores Rurais Sem-Terra (MST).Os recursos do governo Lula [&hellip;]<\/p>\n","protected":false},"author":2,"featured_media":43459,"comment_status":"open","ping_status":"open","sticky":false,"template":"","format":"standard","meta":{"footnotes":""},"categories":[10],"tags":[1788,17527,7580,17936,11799],"class_list":["post-43458","post","type-post","status-publish","format-standard","has-post-thumbnail","hentry","category-politica","tag-conab","tag-cooperativa","tag-lula","tag-mst","tag-repasse-de-recursos"],"yoast_head":"<!-- This site is optimized with the Yoast SEO plugin v26.5 - https:\/\/yoast.com\/wordpress\/plugins\/seo\/ -->\n<title>Governo Lula repassa R$ 200 mil a cooperativa do MST ligada a irm\u00e3o de membro do governo - Jornal Fatos e Not\u00edcias<\/title>\n<meta name=\"robots\" content=\"index, follow, max-snippet:-1, max-image-preview:large, max-video-preview:-1\" \/>\n<link rel=\"canonical\" href=\"https:\/\/jornalfatosenoticias.com.br\/index.php\/2023\/07\/19\/governo-lula-repassa-r-200-mil-a-cooperativa-do-mst-ligada-a-irmao-de-membro-do-governo\/\" \/>\n<meta property=\"og:locale\" content=\"pt_BR\" \/>\n<meta property=\"og:type\" content=\"article\" \/>\n<meta property=\"og:title\" content=\"Governo Lula repassa R$ 200 mil a cooperativa do MST ligada a irm\u00e3o de membro do governo - Jornal Fatos e Not\u00edcias\" \/>\n<meta property=\"og:description\" content=\"A cooperativa Terra Livre foi sancionada recentemente por descumprir contrato de entrega de alimentos para merenda escolar Por Gianlucca Gattai Em mar\u00e7o, o Minist\u00e9rio do Desenvolvimento Agr\u00e1rio e Agricultura Familiar transferiu R$ 200 mil a t\u00edtulo de \u201cfomento\u201d para a cooperativa \u201cTerra Livre\u201d, vinculada ao Movimento dos Trabalhadores Rurais Sem-Terra (MST).Os recursos do governo Lula [&hellip;]\" \/>\n<meta property=\"og:url\" content=\"https:\/\/jornalfatosenoticias.com.br\/index.php\/2023\/07\/19\/governo-lula-repassa-r-200-mil-a-cooperativa-do-mst-ligada-a-irmao-de-membro-do-governo\/\" \/>\n<meta property=\"og:site_name\" content=\"Jornal Fatos e Not\u00edcias\" \/>\n<meta property=\"article:published_time\" content=\"2023-07-19T17:22:44+00:00\" \/>\n<meta property=\"article:modified_time\" content=\"2023-07-19T17:22:45+00:00\" \/>\n<meta property=\"og:image\" content=\"https:\/\/jornalfatosenoticias.com.br\/wp-content\/uploads\/2023\/07\/mst.jpg\" \/>\n\t<meta property=\"og:image:width\" content=\"750\" \/>\n\t<meta property=\"og:image:height\" content=\"375\" \/>\n\t<meta property=\"og:image:type\" content=\"image\/jpeg\" \/>\n<meta name=\"author\" content=\"Luzimara Fernandes\" \/>\n<meta name=\"twitter:card\" content=\"summary_large_image\" \/>\n<meta name=\"twitter:label1\" content=\"Escrito por\" \/>\n\t<meta name=\"twitter:data1\" content=\"Luzimara Fernandes\" \/>\n\t<meta name=\"twitter:label2\" content=\"Est. tempo de leitura\" \/>\n\t<meta name=\"twitter:data2\" content=\"1 minuto\" \/>\n<script type=\"application\/ld+json\" class=\"yoast-schema-graph\">{\"@context\":\"https:\/\/schema.org\",\"@graph\":[{\"@type\":\"Article\",\"@id\":\"https:\/\/jornalfatosenoticias.com.br\/index.php\/2023\/07\/19\/governo-lula-repassa-r-200-mil-a-cooperativa-do-mst-ligada-a-irmao-de-membro-do-governo\/#article\",\"isPartOf\":{\"@id\":\"https:\/\/jornalfatosenoticias.com.br\/index.php\/2023\/07\/19\/governo-lula-repassa-r-200-mil-a-cooperativa-do-mst-ligada-a-irmao-de-membro-do-governo\/\"},\"author\":{\"name\":\"Luzimara Fernandes\",\"@id\":\"https:\/\/jornalfatosenoticias.com.br\/#\/schema\/person\/d63837fa13ac8666eb9e74e0985d6f81\"},\"headline\":\"Governo Lula repassa R$ 200 mil a cooperativa do MST ligada a irm\u00e3o de membro do governo\",\"datePublished\":\"2023-07-19T17:22:44+00:00\",\"dateModified\":\"2023-07-19T17:22:45+00:00\",\"mainEntityOfPage\":{\"@id\":\"https:\/\/jornalfatosenoticias.com.br\/index.php\/2023\/07\/19\/governo-lula-repassa-r-200-mil-a-cooperativa-do-mst-ligada-a-irmao-de-membro-do-governo\/\"},\"wordCount\":187,\"commentCount\":0,\"publisher\":{\"@id\":\"https:\/\/jornalfatosenoticias.com.br\/#organization\"},\"image\":{\"@id\":\"https:\/\/jornalfatosenoticias.com.br\/index.php\/2023\/07\/19\/governo-lula-repassa-r-200-mil-a-cooperativa-do-mst-ligada-a-irmao-de-membro-do-governo\/#primaryimage\"},\"thumbnailUrl\":\"https:\/\/jornalfatosenoticias.com.br\/wp-content\/uploads\/2023\/07\/mst.jpg\",\"keywords\":[\"Conab\",\"cooperativa\",\"Lula\",\"MST\",\"repasse de recursos\"],\"articleSection\":[\"Pol\u00edtica\"],\"inLanguage\":\"pt-BR\",\"potentialAction\":[{\"@type\":\"CommentAction\",\"name\":\"Comment\",\"target\":[\"https:\/\/jornalfatosenoticias.com.br\/index.php\/2023\/07\/19\/governo-lula-repassa-r-200-mil-a-cooperativa-do-mst-ligada-a-irmao-de-membro-do-governo\/#respond\"]}]},{\"@type\":\"WebPage\",\"@id\":\"https:\/\/jornalfatosenoticias.com.br\/index.php\/2023\/07\/19\/governo-lula-repassa-r-200-mil-a-cooperativa-do-mst-ligada-a-irmao-de-membro-do-governo\/\",\"url\":\"https:\/\/jornalfatosenoticias.com.br\/index.php\/2023\/07\/19\/governo-lula-repassa-r-200-mil-a-cooperativa-do-mst-ligada-a-irmao-de-membro-do-governo\/\",\"name\":\"Governo Lula repassa R$ 200 mil a cooperativa do MST ligada a irm\u00e3o de membro do governo - Jornal Fatos e Not\u00edcias\",\"isPartOf\":{\"@id\":\"https:\/\/jornalfatosenoticias.com.br\/#website\"},\"primaryImageOfPage\":{\"@id\":\"https:\/\/jornalfatosenoticias.com.br\/index.php\/2023\/07\/19\/governo-lula-repassa-r-200-mil-a-cooperativa-do-mst-ligada-a-irmao-de-membro-do-governo\/#primaryimage\"},\"image\":{\"@id\":\"https:\/\/jornalfatosenoticias.com.br\/index.php\/2023\/07\/19\/governo-lula-repassa-r-200-mil-a-cooperativa-do-mst-ligada-a-irmao-de-membro-do-governo\/#primaryimage\"},\"thumbnailUrl\":\"https:\/\/jornalfatosenoticias.com.br\/wp-content\/uploads\/2023\/07\/mst.jpg\",\"datePublished\":\"2023-07-19T17:22:44+00:00\",\"dateModified\":\"2023-07-19T17:22:45+00:00\",\"breadcrumb\":{\"@id\":\"https:\/\/jornalfatosenoticias.com.br\/index.php\/2023\/07\/19\/governo-lula-repassa-r-200-mil-a-cooperativa-do-mst-ligada-a-irmao-de-membro-do-governo\/#breadcrumb\"},\"inLanguage\":\"pt-BR\",\"potentialAction\":[{\"@type\":\"ReadAction\",\"target\":[\"https:\/\/jornalfatosenoticias.com.br\/index.php\/2023\/07\/19\/governo-lula-repassa-r-200-mil-a-cooperativa-do-mst-ligada-a-irmao-de-membro-do-governo\/\"]}]},{\"@type\":\"ImageObject\",\"inLanguage\":\"pt-BR\",\"@id\":\"https:\/\/jornalfatosenoticias.com.br\/index.php\/2023\/07\/19\/governo-lula-repassa-r-200-mil-a-cooperativa-do-mst-ligada-a-irmao-de-membro-do-governo\/#primaryimage\",\"url\":\"https:\/\/jornalfatosenoticias.com.br\/wp-content\/uploads\/2023\/07\/mst.jpg\",\"contentUrl\":\"https:\/\/jornalfatosenoticias.com.br\/wp-content\/uploads\/2023\/07\/mst.jpg\",\"width\":750,\"height\":375},{\"@type\":\"BreadcrumbList\",\"@id\":\"https:\/\/jornalfatosenoticias.com.br\/index.php\/2023\/07\/19\/governo-lula-repassa-r-200-mil-a-cooperativa-do-mst-ligada-a-irmao-de-membro-do-governo\/#breadcrumb\",\"itemListElement\":[{\"@type\":\"ListItem\",\"position\":1,\"name\":\"In\u00edcio\",\"item\":\"https:\/\/jornalfatosenoticias.com.br\/\"},{\"@type\":\"ListItem\",\"position\":2,\"name\":\"Governo Lula repassa R$ 200 mil a cooperativa do MST ligada a irm\u00e3o de membro do governo\"}]},{\"@type\":\"WebSite\",\"@id\":\"https:\/\/jornalfatosenoticias.com.br\/#website\",\"url\":\"https:\/\/jornalfatosenoticias.com.br\/\",\"name\":\"Jornal Fatos e Not\u00edcias\",\"description\":\"Not\u00edcias em geral\",\"publisher\":{\"@id\":\"https:\/\/jornalfatosenoticias.com.br\/#organization\"},\"potentialAction\":[{\"@type\":\"SearchAction\",\"target\":{\"@type\":\"EntryPoint\",\"urlTemplate\":\"https:\/\/jornalfatosenoticias.com.br\/?s={search_term_string}\"},\"query-input\":{\"@type\":\"PropertyValueSpecification\",\"valueRequired\":true,\"valueName\":\"search_term_string\"}}],\"inLanguage\":\"pt-BR\"},{\"@type\":\"Organization\",\"@id\":\"https:\/\/jornalfatosenoticias.com.br\/#organization\",\"name\":\"Jornal Fatos e Not\u00edcias\",\"url\":\"https:\/\/jornalfatosenoticias.com.br\/\",\"logo\":{\"@type\":\"ImageObject\",\"inLanguage\":\"pt-BR\",\"@id\":\"https:\/\/jornalfatosenoticias.com.br\/#\/schema\/logo\/image\/\",\"url\":\"https:\/\/jornalfatosenoticias.com.br\/wp-content\/uploads\/2020\/02\/logo120.png\",\"contentUrl\":\"https:\/\/jornalfatosenoticias.com.br\/wp-content\/uploads\/2020\/02\/logo120.png\",\"width\":1227,\"height\":120,\"caption\":\"Jornal Fatos e Not\u00edcias\"},\"image\":{\"@id\":\"https:\/\/jornalfatosenoticias.com.br\/#\/schema\/logo\/image\/\"}},{\"@type\":\"Person\",\"@id\":\"https:\/\/jornalfatosenoticias.com.br\/#\/schema\/person\/d63837fa13ac8666eb9e74e0985d6f81\",\"name\":\"Luzimara Fernandes\",\"image\":{\"@type\":\"ImageObject\",\"inLanguage\":\"pt-BR\",\"@id\":\"https:\/\/jornalfatosenoticias.com.br\/#\/schema\/person\/image\/\",\"url\":\"https:\/\/jornalfatosenoticias.com.br\/wp-content\/uploads\/2025\/05\/EU_portal.jpg\",\"contentUrl\":\"https:\/\/jornalfatosenoticias.com.br\/wp-content\/uploads\/2025\/05\/EU_portal.jpg\",\"caption\":\"Luzimara Fernandes\"},\"description\":\"Jornalista MTB 2358-ES\",\"sameAs\":[\"https:\/\/jornalfatosenoticias.com.br\"],\"url\":\"https:\/\/jornalfatosenoticias.com.br\/index.php\/author\/luzimara\/\"}]}<\/script>\n<!-- \/ Yoast SEO plugin. -->","yoast_head_json":{"title":"Governo Lula repassa R$ 200 mil a cooperativa do MST ligada a irm\u00e3o de membro do governo - Jornal Fatos e Not\u00edcias","robots":{"index":"index","follow":"follow","max-snippet":"max-snippet:-1","max-image-preview":"max-image-preview:large","max-video-preview":"max-video-preview:-1"},"canonical":"https:\/\/jornalfatosenoticias.com.br\/index.php\/2023\/07\/19\/governo-lula-repassa-r-200-mil-a-cooperativa-do-mst-ligada-a-irmao-de-membro-do-governo\/","og_locale":"pt_BR","og_type":"article","og_title":"Governo Lula repassa R$ 200 mil a cooperativa do MST ligada a irm\u00e3o de membro do governo - Jornal Fatos e Not\u00edcias","og_description":"A cooperativa Terra Livre foi sancionada recentemente por descumprir contrato de entrega de alimentos para merenda escolar Por Gianlucca Gattai Em mar\u00e7o, o Minist\u00e9rio do Desenvolvimento Agr\u00e1rio e Agricultura Familiar transferiu R$ 200 mil a t\u00edtulo de \u201cfomento\u201d para a cooperativa \u201cTerra Livre\u201d, vinculada ao Movimento dos Trabalhadores Rurais Sem-Terra (MST).Os recursos do governo Lula [&hellip;]","og_url":"https:\/\/jornalfatosenoticias.com.br\/index.php\/2023\/07\/19\/governo-lula-repassa-r-200-mil-a-cooperativa-do-mst-ligada-a-irmao-de-membro-do-governo\/","og_site_name":"Jornal Fatos e Not\u00edcias","article_published_time":"2023-07-19T17:22:44+00:00","article_modified_time":"2023-07-19T17:22:45+00:00","og_image":[{"width":750,"height":375,"url":"https:\/\/jornalfatosenoticias.com.br\/wp-content\/uploads\/2023\/07\/mst.jpg","type":"image\/jpeg"}],"author":"Luzimara Fernandes","twitter_card":"summary_large_image","twitter_misc":{"Escrito por":"Luzimara Fernandes","Est. tempo de leitura":"1 minuto"},"schema":{"@context":"https:\/\/schema.org","@graph":[{"@type":"Article","@id":"https:\/\/jornalfatosenoticias.com.br\/index.php\/2023\/07\/19\/governo-lula-repassa-r-200-mil-a-cooperativa-do-mst-ligada-a-irmao-de-membro-do-governo\/#article","isPartOf":{"@id":"https:\/\/jornalfatosenoticias.com.br\/index.php\/2023\/07\/19\/governo-lula-repassa-r-200-mil-a-cooperativa-do-mst-ligada-a-irmao-de-membro-do-governo\/"},"author":{"name":"Luzimara Fernandes","@id":"https:\/\/jornalfatosenoticias.com.br\/#\/schema\/person\/d63837fa13ac8666eb9e74e0985d6f81"},"headline":"Governo Lula repassa R$ 200 mil a cooperativa do MST ligada a irm\u00e3o de membro do governo","datePublished":"2023-07-19T17:22:44+00:00","dateModified":"2023-07-19T17:22:45+00:00","mainEntityOfPage":{"@id":"https:\/\/jornalfatosenoticias.com.br\/index.php\/2023\/07\/19\/governo-lula-repassa-r-200-mil-a-cooperativa-do-mst-ligada-a-irmao-de-membro-do-governo\/"},"wordCount":187,"commentCount":0,"publisher":{"@id":"https:\/\/jornalfatosenoticias.com.br\/#organization"},"image":{"@id":"https:\/\/jornalfatosenoticias.com.br\/index.php\/2023\/07\/19\/governo-lula-repassa-r-200-mil-a-cooperativa-do-mst-ligada-a-irmao-de-membro-do-governo\/#primaryimage"},"thumbnailUrl":"https:\/\/jornalfatosenoticias.com.br\/wp-content\/uploads\/2023\/07\/mst.jpg","keywords":["Conab","cooperativa","Lula","MST","repasse de recursos"],"articleSection":["Pol\u00edtica"],"inLanguage":"pt-BR","potentialAction":[{"@type":"CommentAction","name":"Comment","target":["https:\/\/jornalfatosenoticias.com.br\/index.php\/2023\/07\/19\/governo-lula-repassa-r-200-mil-a-cooperativa-do-mst-ligada-a-irmao-de-membro-do-governo\/#respond"]}]},{"@type":"WebPage","@id":"https:\/\/jornalfatosenoticias.com.br\/index.php\/2023\/07\/19\/governo-lula-repassa-r-200-mil-a-cooperativa-do-mst-ligada-a-irmao-de-membro-do-governo\/","url":"https:\/\/jornalfatosenoticias.com.br\/index.php\/2023\/07\/19\/governo-lula-repassa-r-200-mil-a-cooperativa-do-mst-ligada-a-irmao-de-membro-do-governo\/","name":"Governo Lula repassa R$ 200 mil a cooperativa do MST ligada a irm\u00e3o de membro do governo - Jornal Fatos e Not\u00edcias","isPartOf":{"@id":"https:\/\/jornalfatosenoticias.com.br\/#website"},"primaryImageOfPage":{"@id":"https:\/\/jornalfatosenoticias.com.br\/index.php\/2023\/07\/19\/governo-lula-repassa-r-200-mil-a-cooperativa-do-mst-ligada-a-irmao-de-membro-do-governo\/#primaryimage"},"image":{"@id":"https:\/\/jornalfatosenoticias.com.br\/index.php\/2023\/07\/19\/governo-lula-repassa-r-200-mil-a-cooperativa-do-mst-ligada-a-irmao-de-membro-do-governo\/#primaryimage"},"thumbnailUrl":"https:\/\/jornalfatosenoticias.com.br\/wp-content\/uploads\/2023\/07\/mst.jpg","datePublished":"2023-07-19T17:22:44+00:00","dateModified":"2023-07-19T17:22:45+00:00","breadcrumb":{"@id":"https:\/\/jornalfatosenoticias.com.br\/index.php\/2023\/07\/19\/governo-lula-repassa-r-200-mil-a-cooperativa-do-mst-ligada-a-irmao-de-membro-do-governo\/#breadcrumb"},"inLanguage":"pt-BR","potentialAction":[{"@type":"ReadAction","target":["https:\/\/jornalfatosenoticias.com.br\/index.php\/2023\/07\/19\/governo-lula-repassa-r-200-mil-a-cooperativa-do-mst-ligada-a-irmao-de-membro-do-governo\/"]}]},{"@type":"ImageObject","inLanguage":"pt-BR","@id":"https:\/\/jornalfatosenoticias.com.br\/index.php\/2023\/07\/19\/governo-lula-repassa-r-200-mil-a-cooperativa-do-mst-ligada-a-irmao-de-membro-do-governo\/#primaryimage","url":"https:\/\/jornalfatosenoticias.com.br\/wp-content\/uploads\/2023\/07\/mst.jpg","contentUrl":"https:\/\/jornalfatosenoticias.com.br\/wp-content\/uploads\/2023\/07\/mst.jpg","width":750,"height":375},{"@type":"BreadcrumbList","@id":"https:\/\/jornalfatosenoticias.com.br\/index.php\/2023\/07\/19\/governo-lula-repassa-r-200-mil-a-cooperativa-do-mst-ligada-a-irmao-de-membro-do-governo\/#breadcrumb","itemListElement":[{"@type":"ListItem","position":1,"name":"In\u00edcio","item":"https:\/\/jornalfatosenoticias.com.br\/"},{"@type":"ListItem","position":2,"name":"Governo Lula repassa R$ 200 mil a cooperativa do MST ligada a irm\u00e3o de membro do governo"}]},{"@type":"WebSite","@id":"https:\/\/jornalfatosenoticias.com.br\/#website","url":"https:\/\/jornalfatosenoticias.com.br\/","name":"Jornal Fatos e Not\u00edcias","description":"Not\u00edcias em geral","publisher":{"@id":"https:\/\/jornalfatosenoticias.com.br\/#organization"},"potentialAction":[{"@type":"SearchAction","target":{"@type":"EntryPoint","urlTemplate":"https:\/\/jornalfatosenoticias.com.br\/?s={search_term_string}"},"query-input":{"@type":"PropertyValueSpecification","valueRequired":true,"valueName":"search_term_string"}}],"inLanguage":"pt-BR"},{"@type":"Organization","@id":"https:\/\/jornalfatosenoticias.com.br\/#organization","name":"Jornal Fatos e Not\u00edcias","url":"https:\/\/jornalfatosenoticias.com.br\/","logo":{"@type":"ImageObject","inLanguage":"pt-BR","@id":"https:\/\/jornalfatosenoticias.com.br\/#\/schema\/logo\/image\/","url":"https:\/\/jornalfatosenoticias.com.br\/wp-content\/uploads\/2020\/02\/logo120.png","contentUrl":"https:\/\/jornalfatosenoticias.com.br\/wp-content\/uploads\/2020\/02\/logo120.png","width":1227,"height":120,"caption":"Jornal Fatos e Not\u00edcias"},"image":{"@id":"https:\/\/jornalfatosenoticias.com.br\/#\/schema\/logo\/image\/"}},{"@type":"Person","@id":"https:\/\/jornalfatosenoticias.com.br\/#\/schema\/person\/d63837fa13ac8666eb9e74e0985d6f81","name":"Luzimara Fernandes","image":{"@type":"ImageObject","inLanguage":"pt-BR","@id":"https:\/\/jornalfatosenoticias.com.br\/#\/schema\/person\/image\/","url":"https:\/\/jornalfatosenoticias.com.br\/wp-content\/uploads\/2025\/05\/EU_portal.jpg","contentUrl":"https:\/\/jornalfatosenoticias.com.br\/wp-content\/uploads\/2025\/05\/EU_portal.jpg","caption":"Luzimara Fernandes"},"description":"Jornalista MTB 2358-ES","sameAs":["https:\/\/jornalfatosenoticias.com.br"],"url":"https:\/\/jornalfatosenoticias.com.br\/index.php\/author\/luzimara\/"}]}},"cc_featured_image_caption":{"caption_text":"(Foto: Comunicado MST-ES)","source_text":"","source_url":""},"jetpack_featured_media_url":"https:\/\/jornalfatosenoticias.com.br\/wp-content\/uploads\/2023\/07\/mst.jpg","_links":{"self":[{"href":"https:\/\/jornalfatosenoticias.com.br\/index.php\/wp-json\/wp\/v2\/posts\/43458","targetHints":{"allow":["GET"]}}],"collection":[{"href":"https:\/\/jornalfatosenoticias.com.br\/index.php\/wp-json\/wp\/v2\/posts"}],"about":[{"href":"https:\/\/jornalfatosenoticias.com.br\/index.php\/wp-json\/wp\/v2\/types\/post"}],"author":[{"embeddable":true,"href":"https:\/\/jornalfatosenoticias.com.br\/index.php\/wp-json\/wp\/v2\/users\/2"}],"replies":[{"embeddable":true,"href":"https:\/\/jornalfatosenoticias.com.br\/index.php\/wp-json\/wp\/v2\/comments?post=43458"}],"version-history":[{"count":0,"href":"https:\/\/jornalfatosenoticias.com.br\/index.php\/wp-json\/wp\/v2\/posts\/43458\/revisions"}],"wp:featuredmedia":[{"embeddable":true,"href":"https:\/\/jornalfatosenoticias.com.br\/index.php\/wp-json\/wp\/v2\/media\/43459"}],"wp:attachment":[{"href":"https:\/\/jornalfatosenoticias.com.br\/index.php\/wp-json\/wp\/v2\/media?parent=43458"}],"wp:term":[{"taxonomy":"category","embeddable":true,"href":"https:\/\/jornalfatosenoticias.com.br\/index.php\/wp-json\/wp\/v2\/categories?post=43458"},{"taxonomy":"post_tag","embeddable":true,"href":"https:\/\/jornalfatosenoticias.com.br\/index.php\/wp-json\/wp\/v2\/tags?post=43458"}],"curies":[{"name":"wp","href":"https:\/\/api.w.org\/{rel}","templated":true}]}}