{"id":4346,"date":"2020-05-12T09:55:33","date_gmt":"2020-05-12T12:55:33","guid":{"rendered":"https:\/\/jornalfatosenoticias.com.br\/?p=4346"},"modified":"2020-05-12T09:55:38","modified_gmt":"2020-05-12T12:55:38","slug":"psiquiatras-veem-agravamento-de-doencas-mentais-durante-pandemia","status":"publish","type":"post","link":"https:\/\/jornalfatosenoticias.com.br\/index.php\/2020\/05\/12\/psiquiatras-veem-agravamento-de-doencas-mentais-durante-pandemia\/","title":{"rendered":"Psiquiatras veem agravamento de doen\u00e7as mentais durante pandemia"},"content":{"rendered":"\n<h6 class=\"wp-block-heading\"><em>Pesquisa ouviu cerca de 400 m\u00e9dicos de 23 estados e do DF<\/em><\/h6>\n\n\n\n<p>Pesquisa realizada na semana passada pela Associa\u00e7\u00e3o Brasileira de Psiquiatria (ABP) com cerca de 400 m\u00e9dicos de 23 estados e do Distrito Federal, correspondentes a 8% do total de psiquiatras do Pa\u00eds, mostra que 89,2% dos especialistas entrevistados destacaram o agravamento de quadros psiqui\u00e1tricos em seus pacientes devido \u00e0 pandemia de covid-19. \u201cO isolamento social mexe muito com a cabe\u00e7a das pessoas\u201d, comentou, em entrevista \u00e0 Ag\u00eancia Brasil, o presidente da ABP, Ant\u00f4nio Geraldo da Silva.<br>De acordo com o levantamento, divulgado nessa segunda-feira (11) pela associa\u00e7\u00e3o, 47,9% dos consultados tiveram aumento nos atendimentos ap\u00f3s o in\u00edcio da pandemia. Essa expans\u00e3o atingiu at\u00e9 25%, em compara\u00e7\u00e3o ao per\u00edodo anterior, para 59,4% dos psiquiatras entrevistados.<br>Do total de entrevistados, 44,6% afirmaram ter percebido queda no n\u00famero de atendimentos, por raz\u00f5es diversas, entre as quais interrup\u00e7\u00e3o do tratamento pelo paciente com medo de contamina\u00e7\u00e3o pelo v\u00edrus, restri\u00e7\u00f5es de circula\u00e7\u00e3o impostas pelas autoridades e redu\u00e7\u00e3o no atendimento aos grupos de risco.<br>A pesquisa mostra tamb\u00e9m que 67,8% dos m\u00e9dicos receberam pacientes novos, que nunca haviam apresentado sintomas psiqui\u00e1tricos antes, ap\u00f3s o in\u00edcio da pandemia e do isolamento social. Outros 69,3% relataram ter atendido pacientes que j\u00e1 haviam recebido alta m\u00e9dica, mas que tiveram recidiva de seus sintomas.<\/p>\n\n\n\n<blockquote class=\"wp-block-quote is-layout-flow wp-block-quote-is-layout-flow\"><p>N\u00e3o se pode descuidar das doen\u00e7as de pacientes mentais e da parte da sa\u00fade mental das pessoas<\/p><\/blockquote>\n\n\n\n<h4 class=\"wp-block-heading\">Sensibilidade<\/h4>\n\n\n\n<p>O presidente da ABP disse que a popula\u00e7\u00e3o brasileira v\u00ea o n\u00famero de pessoas contaminadas pelo novo coronav\u00edrus aumentar a cada dia. \u201cS\u00e3o quase 200 mil casos e mais de 11 mil mortes, e as pessoas n\u00e3o veem uma solu\u00e7\u00e3o\u201d, afirmou o especialista.<br>\u201c\u00c9 uma situa\u00e7\u00e3o de medo, de amea\u00e7a constante, sem saber o que fazer\u201d, completou. Muitos pacientes n\u00e3o v\u00e3o ter acesso a medicamentos. Com isso, a ansiedade, o estresse e a paranoia aumentam e eles deixam de ir ao m\u00e9dico, perdendo as orienta\u00e7\u00f5es necess\u00e1rias.<br>Ant\u00f4nio Geraldo da Silva destacou que h\u00e1 45 dias escreveu um artigo alertando o governo sobre o surgimento da \u201cquarta onda\u201d, que \u00e9 a das doen\u00e7as mentais, como resultado dos impactos que a pandemia traria nos atendimentos e na sa\u00fade mental da popula\u00e7\u00e3o.<br>\u201cN\u00e3o se pode descuidar das doen\u00e7as de pacientes mentais e da parte da sa\u00fade mental das pessoas\u201d, observou.<br>A resposta veio por interm\u00e9dio da secret\u00e1ria de Gest\u00e3o do Trabalho e da Educa\u00e7\u00e3o na Sa\u00fade (SGTES), do Minist\u00e9rio da Sa\u00fade, Mayra Pinheiro. O Minist\u00e9rio da Sa\u00fade firmou parceria com a ABP para garantir atendimento psiqui\u00e1trico aos profissionais do Sistema \u00danico de Sa\u00fade (SUS) que est\u00e3o na linha de frente do combate \u00e0 covid-19. O Amazonas foi um dos primeiros estados atendidos.<br>Ant\u00f4nio Geraldo da Silva informou que cerca de 900 mil profissionais do SUS v\u00e3o receber question\u00e1rios \u201cpara saber sobre a sa\u00fade mental deles, com a preocupa\u00e7\u00e3o do tipo cuidando do cuidador\u201d. A ABP apoia tamb\u00e9m outra sondagem sobre a sa\u00fade mental do povo brasileiro, para identificar as doen\u00e7as que v\u00e3o aparecer mais neste per\u00edodo de pandemia.<\/p>\n\n\n\n<blockquote class=\"wp-block-quote is-layout-flow wp-block-quote-is-layout-flow\"><p>A gente precisa fazer uma pol\u00edtica p\u00fablica mais direcionada para atender a essas pessoas que est\u00e3o sofrendo. A gente precisa, com urg\u00eancia, cuidar dessa quarta onda, que \u00e9 a das doen\u00e7as mentais, dos transtornos traum\u00e1ticos. N\u00e3o d\u00e1 para esperar. Isso \u00e9 grav\u00edssimo<\/p><\/blockquote>\n\n\n\n<h4 class=\"wp-block-heading\">Pol\u00edtica p\u00fablica<\/h4>\n\n\n\n<p>O presidente da ABP vai levar ao Minist\u00e9rio da Sa\u00fade os resultados da pesquisa com os psiquiatras, mostrando que h\u00e1 crescimento das doen\u00e7as mentais no Pa\u00eds. \u201cA gente precisa fazer uma pol\u00edtica p\u00fablica mais direcionada para atender a essas pessoas que est\u00e3o sofrendo. A gente precisa, com urg\u00eancia, cuidar dessa quarta onda, que \u00e9 a das doen\u00e7as mentais, dos transtornos traum\u00e1ticos. N\u00e3o d\u00e1 para esperar. Isso \u00e9 grav\u00edssimo\u201d, afirmou.<\/p>\n\n\n\n<p><strong><em>Fonte: <a href=\"https:\/\/agenciabrasil.ebc.com.br\/saude\/noticia\/2020-05\/psiquiatras-veem-agravamento-de-doencas-mentais-durante-pandemia\">Ag\u00eancia Brasil<\/a><\/em><\/strong><\/p>\n","protected":false},"excerpt":{"rendered":"<p>Pesquisa ouviu cerca de 400 m\u00e9dicos de 23 estados e do DF Pesquisa realizada na semana passada pela Associa\u00e7\u00e3o Brasileira de Psiquiatria (ABP) com cerca de 400 m\u00e9dicos de 23 estados e do Distrito Federal, correspondentes a 8% do total de psiquiatras do Pa\u00eds, mostra que 89,2% dos especialistas entrevistados destacaram o agravamento de quadros [&hellip;]<\/p>\n","protected":false},"author":2,"featured_media":4347,"comment_status":"open","ping_status":"open","sticky":false,"template":"","format":"standard","meta":{"footnotes":""},"categories":[11],"tags":[273,2550,1540,2551],"class_list":["post-4346","post","type-post","status-publish","format-standard","has-post-thumbnail","hentry","category-saude","tag-covid-19","tag-doencas-mentais","tag-pandemia-coronavirus","tag-psiquiatras"],"yoast_head":"<!-- This site is optimized with the Yoast SEO plugin v26.5 - https:\/\/yoast.com\/wordpress\/plugins\/seo\/ -->\n<title>Psiquiatras veem agravamento de doen\u00e7as mentais durante pandemia - Jornal Fatos e Not\u00edcias<\/title>\n<meta name=\"robots\" content=\"index, follow, max-snippet:-1, max-image-preview:large, max-video-preview:-1\" \/>\n<link rel=\"canonical\" href=\"https:\/\/jornalfatosenoticias.com.br\/index.php\/2020\/05\/12\/psiquiatras-veem-agravamento-de-doencas-mentais-durante-pandemia\/\" \/>\n<meta property=\"og:locale\" content=\"pt_BR\" \/>\n<meta property=\"og:type\" content=\"article\" \/>\n<meta property=\"og:title\" content=\"Psiquiatras veem agravamento de doen\u00e7as mentais durante pandemia - Jornal Fatos e Not\u00edcias\" \/>\n<meta property=\"og:description\" content=\"Pesquisa ouviu cerca de 400 m\u00e9dicos de 23 estados e do DF Pesquisa realizada na semana passada pela Associa\u00e7\u00e3o Brasileira de Psiquiatria (ABP) com cerca de 400 m\u00e9dicos de 23 estados e do Distrito Federal, correspondentes a 8% do total de psiquiatras do Pa\u00eds, mostra que 89,2% dos especialistas entrevistados destacaram o agravamento de quadros [&hellip;]\" \/>\n<meta property=\"og:url\" content=\"https:\/\/jornalfatosenoticias.com.br\/index.php\/2020\/05\/12\/psiquiatras-veem-agravamento-de-doencas-mentais-durante-pandemia\/\" \/>\n<meta property=\"og:site_name\" content=\"Jornal Fatos e Not\u00edcias\" \/>\n<meta property=\"article:published_time\" content=\"2020-05-12T12:55:33+00:00\" \/>\n<meta property=\"article:modified_time\" content=\"2020-05-12T12:55:38+00:00\" \/>\n<meta property=\"og:image\" content=\"https:\/\/jornalfatosenoticias.com.br\/wp-content\/uploads\/2020\/05\/mcmgo_abr_psiquiatria.jpg\" \/>\n\t<meta property=\"og:image:width\" content=\"1000\" \/>\n\t<meta property=\"og:image:height\" content=\"598\" \/>\n\t<meta property=\"og:image:type\" content=\"image\/jpeg\" \/>\n<meta name=\"author\" content=\"Luzimara Fernandes\" \/>\n<meta name=\"twitter:card\" content=\"summary_large_image\" \/>\n<meta name=\"twitter:label1\" content=\"Escrito por\" \/>\n\t<meta name=\"twitter:data1\" content=\"Luzimara Fernandes\" \/>\n\t<meta name=\"twitter:label2\" content=\"Est. tempo de leitura\" \/>\n\t<meta name=\"twitter:data2\" content=\"3 minutos\" \/>\n<script type=\"application\/ld+json\" class=\"yoast-schema-graph\">{\"@context\":\"https:\/\/schema.org\",\"@graph\":[{\"@type\":\"Article\",\"@id\":\"https:\/\/jornalfatosenoticias.com.br\/index.php\/2020\/05\/12\/psiquiatras-veem-agravamento-de-doencas-mentais-durante-pandemia\/#article\",\"isPartOf\":{\"@id\":\"https:\/\/jornalfatosenoticias.com.br\/index.php\/2020\/05\/12\/psiquiatras-veem-agravamento-de-doencas-mentais-durante-pandemia\/\"},\"author\":{\"name\":\"Luzimara Fernandes\",\"@id\":\"https:\/\/jornalfatosenoticias.com.br\/#\/schema\/person\/d63837fa13ac8666eb9e74e0985d6f81\"},\"headline\":\"Psiquiatras veem agravamento de doen\u00e7as mentais durante pandemia\",\"datePublished\":\"2020-05-12T12:55:33+00:00\",\"dateModified\":\"2020-05-12T12:55:38+00:00\",\"mainEntityOfPage\":{\"@id\":\"https:\/\/jornalfatosenoticias.com.br\/index.php\/2020\/05\/12\/psiquiatras-veem-agravamento-de-doencas-mentais-durante-pandemia\/\"},\"wordCount\":694,\"commentCount\":0,\"publisher\":{\"@id\":\"https:\/\/jornalfatosenoticias.com.br\/#organization\"},\"image\":{\"@id\":\"https:\/\/jornalfatosenoticias.com.br\/index.php\/2020\/05\/12\/psiquiatras-veem-agravamento-de-doencas-mentais-durante-pandemia\/#primaryimage\"},\"thumbnailUrl\":\"https:\/\/jornalfatosenoticias.com.br\/wp-content\/uploads\/2020\/05\/mcmgo_abr_psiquiatria.jpg\",\"keywords\":[\"covid-19\",\"doen\u00e7as mentais\",\"pandemia coronav\u00edrus\",\"psiquiatras\"],\"articleSection\":[\"Sa\u00fade\"],\"inLanguage\":\"pt-BR\",\"potentialAction\":[{\"@type\":\"CommentAction\",\"name\":\"Comment\",\"target\":[\"https:\/\/jornalfatosenoticias.com.br\/index.php\/2020\/05\/12\/psiquiatras-veem-agravamento-de-doencas-mentais-durante-pandemia\/#respond\"]}]},{\"@type\":\"WebPage\",\"@id\":\"https:\/\/jornalfatosenoticias.com.br\/index.php\/2020\/05\/12\/psiquiatras-veem-agravamento-de-doencas-mentais-durante-pandemia\/\",\"url\":\"https:\/\/jornalfatosenoticias.com.br\/index.php\/2020\/05\/12\/psiquiatras-veem-agravamento-de-doencas-mentais-durante-pandemia\/\",\"name\":\"Psiquiatras veem agravamento de doen\u00e7as mentais durante pandemia - Jornal Fatos e Not\u00edcias\",\"isPartOf\":{\"@id\":\"https:\/\/jornalfatosenoticias.com.br\/#website\"},\"primaryImageOfPage\":{\"@id\":\"https:\/\/jornalfatosenoticias.com.br\/index.php\/2020\/05\/12\/psiquiatras-veem-agravamento-de-doencas-mentais-durante-pandemia\/#primaryimage\"},\"image\":{\"@id\":\"https:\/\/jornalfatosenoticias.com.br\/index.php\/2020\/05\/12\/psiquiatras-veem-agravamento-de-doencas-mentais-durante-pandemia\/#primaryimage\"},\"thumbnailUrl\":\"https:\/\/jornalfatosenoticias.com.br\/wp-content\/uploads\/2020\/05\/mcmgo_abr_psiquiatria.jpg\",\"datePublished\":\"2020-05-12T12:55:33+00:00\",\"dateModified\":\"2020-05-12T12:55:38+00:00\",\"breadcrumb\":{\"@id\":\"https:\/\/jornalfatosenoticias.com.br\/index.php\/2020\/05\/12\/psiquiatras-veem-agravamento-de-doencas-mentais-durante-pandemia\/#breadcrumb\"},\"inLanguage\":\"pt-BR\",\"potentialAction\":[{\"@type\":\"ReadAction\",\"target\":[\"https:\/\/jornalfatosenoticias.com.br\/index.php\/2020\/05\/12\/psiquiatras-veem-agravamento-de-doencas-mentais-durante-pandemia\/\"]}]},{\"@type\":\"ImageObject\",\"inLanguage\":\"pt-BR\",\"@id\":\"https:\/\/jornalfatosenoticias.com.br\/index.php\/2020\/05\/12\/psiquiatras-veem-agravamento-de-doencas-mentais-durante-pandemia\/#primaryimage\",\"url\":\"https:\/\/jornalfatosenoticias.com.br\/wp-content\/uploads\/2020\/05\/mcmgo_abr_psiquiatria.jpg\",\"contentUrl\":\"https:\/\/jornalfatosenoticias.com.br\/wp-content\/uploads\/2020\/05\/mcmgo_abr_psiquiatria.jpg\",\"width\":1000,\"height\":598,\"caption\":\"Depress\u00e3o, suicidio\"},{\"@type\":\"BreadcrumbList\",\"@id\":\"https:\/\/jornalfatosenoticias.com.br\/index.php\/2020\/05\/12\/psiquiatras-veem-agravamento-de-doencas-mentais-durante-pandemia\/#breadcrumb\",\"itemListElement\":[{\"@type\":\"ListItem\",\"position\":1,\"name\":\"In\u00edcio\",\"item\":\"https:\/\/jornalfatosenoticias.com.br\/\"},{\"@type\":\"ListItem\",\"position\":2,\"name\":\"Psiquiatras veem agravamento de doen\u00e7as mentais durante pandemia\"}]},{\"@type\":\"WebSite\",\"@id\":\"https:\/\/jornalfatosenoticias.com.br\/#website\",\"url\":\"https:\/\/jornalfatosenoticias.com.br\/\",\"name\":\"Jornal Fatos e Not\u00edcias\",\"description\":\"Not\u00edcias em geral\",\"publisher\":{\"@id\":\"https:\/\/jornalfatosenoticias.com.br\/#organization\"},\"potentialAction\":[{\"@type\":\"SearchAction\",\"target\":{\"@type\":\"EntryPoint\",\"urlTemplate\":\"https:\/\/jornalfatosenoticias.com.br\/?s={search_term_string}\"},\"query-input\":{\"@type\":\"PropertyValueSpecification\",\"valueRequired\":true,\"valueName\":\"search_term_string\"}}],\"inLanguage\":\"pt-BR\"},{\"@type\":\"Organization\",\"@id\":\"https:\/\/jornalfatosenoticias.com.br\/#organization\",\"name\":\"Jornal Fatos e Not\u00edcias\",\"url\":\"https:\/\/jornalfatosenoticias.com.br\/\",\"logo\":{\"@type\":\"ImageObject\",\"inLanguage\":\"pt-BR\",\"@id\":\"https:\/\/jornalfatosenoticias.com.br\/#\/schema\/logo\/image\/\",\"url\":\"https:\/\/jornalfatosenoticias.com.br\/wp-content\/uploads\/2020\/02\/logo120.png\",\"contentUrl\":\"https:\/\/jornalfatosenoticias.com.br\/wp-content\/uploads\/2020\/02\/logo120.png\",\"width\":1227,\"height\":120,\"caption\":\"Jornal Fatos e Not\u00edcias\"},\"image\":{\"@id\":\"https:\/\/jornalfatosenoticias.com.br\/#\/schema\/logo\/image\/\"}},{\"@type\":\"Person\",\"@id\":\"https:\/\/jornalfatosenoticias.com.br\/#\/schema\/person\/d63837fa13ac8666eb9e74e0985d6f81\",\"name\":\"Luzimara Fernandes\",\"image\":{\"@type\":\"ImageObject\",\"inLanguage\":\"pt-BR\",\"@id\":\"https:\/\/jornalfatosenoticias.com.br\/#\/schema\/person\/image\/\",\"url\":\"https:\/\/jornalfatosenoticias.com.br\/wp-content\/uploads\/2025\/05\/EU_portal.jpg\",\"contentUrl\":\"https:\/\/jornalfatosenoticias.com.br\/wp-content\/uploads\/2025\/05\/EU_portal.jpg\",\"caption\":\"Luzimara Fernandes\"},\"description\":\"Jornalista MTB 2358-ES\",\"sameAs\":[\"https:\/\/jornalfatosenoticias.com.br\"],\"url\":\"https:\/\/jornalfatosenoticias.com.br\/index.php\/author\/luzimara\/\"}]}<\/script>\n<!-- \/ Yoast SEO plugin. -->","yoast_head_json":{"title":"Psiquiatras veem agravamento de doen\u00e7as mentais durante pandemia - Jornal Fatos e Not\u00edcias","robots":{"index":"index","follow":"follow","max-snippet":"max-snippet:-1","max-image-preview":"max-image-preview:large","max-video-preview":"max-video-preview:-1"},"canonical":"https:\/\/jornalfatosenoticias.com.br\/index.php\/2020\/05\/12\/psiquiatras-veem-agravamento-de-doencas-mentais-durante-pandemia\/","og_locale":"pt_BR","og_type":"article","og_title":"Psiquiatras veem agravamento de doen\u00e7as mentais durante pandemia - Jornal Fatos e Not\u00edcias","og_description":"Pesquisa ouviu cerca de 400 m\u00e9dicos de 23 estados e do DF Pesquisa realizada na semana passada pela Associa\u00e7\u00e3o Brasileira de Psiquiatria (ABP) com cerca de 400 m\u00e9dicos de 23 estados e do Distrito Federal, correspondentes a 8% do total de psiquiatras do Pa\u00eds, mostra que 89,2% dos especialistas entrevistados destacaram o agravamento de quadros [&hellip;]","og_url":"https:\/\/jornalfatosenoticias.com.br\/index.php\/2020\/05\/12\/psiquiatras-veem-agravamento-de-doencas-mentais-durante-pandemia\/","og_site_name":"Jornal Fatos e Not\u00edcias","article_published_time":"2020-05-12T12:55:33+00:00","article_modified_time":"2020-05-12T12:55:38+00:00","og_image":[{"width":1000,"height":598,"url":"https:\/\/jornalfatosenoticias.com.br\/wp-content\/uploads\/2020\/05\/mcmgo_abr_psiquiatria.jpg","type":"image\/jpeg"}],"author":"Luzimara Fernandes","twitter_card":"summary_large_image","twitter_misc":{"Escrito por":"Luzimara Fernandes","Est. tempo de leitura":"3 minutos"},"schema":{"@context":"https:\/\/schema.org","@graph":[{"@type":"Article","@id":"https:\/\/jornalfatosenoticias.com.br\/index.php\/2020\/05\/12\/psiquiatras-veem-agravamento-de-doencas-mentais-durante-pandemia\/#article","isPartOf":{"@id":"https:\/\/jornalfatosenoticias.com.br\/index.php\/2020\/05\/12\/psiquiatras-veem-agravamento-de-doencas-mentais-durante-pandemia\/"},"author":{"name":"Luzimara Fernandes","@id":"https:\/\/jornalfatosenoticias.com.br\/#\/schema\/person\/d63837fa13ac8666eb9e74e0985d6f81"},"headline":"Psiquiatras veem agravamento de doen\u00e7as mentais durante pandemia","datePublished":"2020-05-12T12:55:33+00:00","dateModified":"2020-05-12T12:55:38+00:00","mainEntityOfPage":{"@id":"https:\/\/jornalfatosenoticias.com.br\/index.php\/2020\/05\/12\/psiquiatras-veem-agravamento-de-doencas-mentais-durante-pandemia\/"},"wordCount":694,"commentCount":0,"publisher":{"@id":"https:\/\/jornalfatosenoticias.com.br\/#organization"},"image":{"@id":"https:\/\/jornalfatosenoticias.com.br\/index.php\/2020\/05\/12\/psiquiatras-veem-agravamento-de-doencas-mentais-durante-pandemia\/#primaryimage"},"thumbnailUrl":"https:\/\/jornalfatosenoticias.com.br\/wp-content\/uploads\/2020\/05\/mcmgo_abr_psiquiatria.jpg","keywords":["covid-19","doen\u00e7as mentais","pandemia coronav\u00edrus","psiquiatras"],"articleSection":["Sa\u00fade"],"inLanguage":"pt-BR","potentialAction":[{"@type":"CommentAction","name":"Comment","target":["https:\/\/jornalfatosenoticias.com.br\/index.php\/2020\/05\/12\/psiquiatras-veem-agravamento-de-doencas-mentais-durante-pandemia\/#respond"]}]},{"@type":"WebPage","@id":"https:\/\/jornalfatosenoticias.com.br\/index.php\/2020\/05\/12\/psiquiatras-veem-agravamento-de-doencas-mentais-durante-pandemia\/","url":"https:\/\/jornalfatosenoticias.com.br\/index.php\/2020\/05\/12\/psiquiatras-veem-agravamento-de-doencas-mentais-durante-pandemia\/","name":"Psiquiatras veem agravamento de doen\u00e7as mentais durante pandemia - Jornal Fatos e Not\u00edcias","isPartOf":{"@id":"https:\/\/jornalfatosenoticias.com.br\/#website"},"primaryImageOfPage":{"@id":"https:\/\/jornalfatosenoticias.com.br\/index.php\/2020\/05\/12\/psiquiatras-veem-agravamento-de-doencas-mentais-durante-pandemia\/#primaryimage"},"image":{"@id":"https:\/\/jornalfatosenoticias.com.br\/index.php\/2020\/05\/12\/psiquiatras-veem-agravamento-de-doencas-mentais-durante-pandemia\/#primaryimage"},"thumbnailUrl":"https:\/\/jornalfatosenoticias.com.br\/wp-content\/uploads\/2020\/05\/mcmgo_abr_psiquiatria.jpg","datePublished":"2020-05-12T12:55:33+00:00","dateModified":"2020-05-12T12:55:38+00:00","breadcrumb":{"@id":"https:\/\/jornalfatosenoticias.com.br\/index.php\/2020\/05\/12\/psiquiatras-veem-agravamento-de-doencas-mentais-durante-pandemia\/#breadcrumb"},"inLanguage":"pt-BR","potentialAction":[{"@type":"ReadAction","target":["https:\/\/jornalfatosenoticias.com.br\/index.php\/2020\/05\/12\/psiquiatras-veem-agravamento-de-doencas-mentais-durante-pandemia\/"]}]},{"@type":"ImageObject","inLanguage":"pt-BR","@id":"https:\/\/jornalfatosenoticias.com.br\/index.php\/2020\/05\/12\/psiquiatras-veem-agravamento-de-doencas-mentais-durante-pandemia\/#primaryimage","url":"https:\/\/jornalfatosenoticias.com.br\/wp-content\/uploads\/2020\/05\/mcmgo_abr_psiquiatria.jpg","contentUrl":"https:\/\/jornalfatosenoticias.com.br\/wp-content\/uploads\/2020\/05\/mcmgo_abr_psiquiatria.jpg","width":1000,"height":598,"caption":"Depress\u00e3o, suicidio"},{"@type":"BreadcrumbList","@id":"https:\/\/jornalfatosenoticias.com.br\/index.php\/2020\/05\/12\/psiquiatras-veem-agravamento-de-doencas-mentais-durante-pandemia\/#breadcrumb","itemListElement":[{"@type":"ListItem","position":1,"name":"In\u00edcio","item":"https:\/\/jornalfatosenoticias.com.br\/"},{"@type":"ListItem","position":2,"name":"Psiquiatras veem agravamento de doen\u00e7as mentais durante pandemia"}]},{"@type":"WebSite","@id":"https:\/\/jornalfatosenoticias.com.br\/#website","url":"https:\/\/jornalfatosenoticias.com.br\/","name":"Jornal Fatos e Not\u00edcias","description":"Not\u00edcias em geral","publisher":{"@id":"https:\/\/jornalfatosenoticias.com.br\/#organization"},"potentialAction":[{"@type":"SearchAction","target":{"@type":"EntryPoint","urlTemplate":"https:\/\/jornalfatosenoticias.com.br\/?s={search_term_string}"},"query-input":{"@type":"PropertyValueSpecification","valueRequired":true,"valueName":"search_term_string"}}],"inLanguage":"pt-BR"},{"@type":"Organization","@id":"https:\/\/jornalfatosenoticias.com.br\/#organization","name":"Jornal Fatos e Not\u00edcias","url":"https:\/\/jornalfatosenoticias.com.br\/","logo":{"@type":"ImageObject","inLanguage":"pt-BR","@id":"https:\/\/jornalfatosenoticias.com.br\/#\/schema\/logo\/image\/","url":"https:\/\/jornalfatosenoticias.com.br\/wp-content\/uploads\/2020\/02\/logo120.png","contentUrl":"https:\/\/jornalfatosenoticias.com.br\/wp-content\/uploads\/2020\/02\/logo120.png","width":1227,"height":120,"caption":"Jornal Fatos e Not\u00edcias"},"image":{"@id":"https:\/\/jornalfatosenoticias.com.br\/#\/schema\/logo\/image\/"}},{"@type":"Person","@id":"https:\/\/jornalfatosenoticias.com.br\/#\/schema\/person\/d63837fa13ac8666eb9e74e0985d6f81","name":"Luzimara Fernandes","image":{"@type":"ImageObject","inLanguage":"pt-BR","@id":"https:\/\/jornalfatosenoticias.com.br\/#\/schema\/person\/image\/","url":"https:\/\/jornalfatosenoticias.com.br\/wp-content\/uploads\/2025\/05\/EU_portal.jpg","contentUrl":"https:\/\/jornalfatosenoticias.com.br\/wp-content\/uploads\/2025\/05\/EU_portal.jpg","caption":"Luzimara Fernandes"},"description":"Jornalista MTB 2358-ES","sameAs":["https:\/\/jornalfatosenoticias.com.br"],"url":"https:\/\/jornalfatosenoticias.com.br\/index.php\/author\/luzimara\/"}]}},"cc_featured_image_caption":{"caption_text":"(Foto: Marcelo Camargo\/Ag\u00eancia Brasil)","source_text":"","source_url":""},"jetpack_featured_media_url":"https:\/\/jornalfatosenoticias.com.br\/wp-content\/uploads\/2020\/05\/mcmgo_abr_psiquiatria.jpg","_links":{"self":[{"href":"https:\/\/jornalfatosenoticias.com.br\/index.php\/wp-json\/wp\/v2\/posts\/4346","targetHints":{"allow":["GET"]}}],"collection":[{"href":"https:\/\/jornalfatosenoticias.com.br\/index.php\/wp-json\/wp\/v2\/posts"}],"about":[{"href":"https:\/\/jornalfatosenoticias.com.br\/index.php\/wp-json\/wp\/v2\/types\/post"}],"author":[{"embeddable":true,"href":"https:\/\/jornalfatosenoticias.com.br\/index.php\/wp-json\/wp\/v2\/users\/2"}],"replies":[{"embeddable":true,"href":"https:\/\/jornalfatosenoticias.com.br\/index.php\/wp-json\/wp\/v2\/comments?post=4346"}],"version-history":[{"count":0,"href":"https:\/\/jornalfatosenoticias.com.br\/index.php\/wp-json\/wp\/v2\/posts\/4346\/revisions"}],"wp:featuredmedia":[{"embeddable":true,"href":"https:\/\/jornalfatosenoticias.com.br\/index.php\/wp-json\/wp\/v2\/media\/4347"}],"wp:attachment":[{"href":"https:\/\/jornalfatosenoticias.com.br\/index.php\/wp-json\/wp\/v2\/media?parent=4346"}],"wp:term":[{"taxonomy":"category","embeddable":true,"href":"https:\/\/jornalfatosenoticias.com.br\/index.php\/wp-json\/wp\/v2\/categories?post=4346"},{"taxonomy":"post_tag","embeddable":true,"href":"https:\/\/jornalfatosenoticias.com.br\/index.php\/wp-json\/wp\/v2\/tags?post=4346"}],"curies":[{"name":"wp","href":"https:\/\/api.w.org\/{rel}","templated":true}]}}