{"id":43461,"date":"2023-07-19T14:34:39","date_gmt":"2023-07-19T17:34:39","guid":{"rendered":"https:\/\/jornalfatosenoticias.com.br\/?p=43461"},"modified":"2023-07-19T14:34:40","modified_gmt":"2023-07-19T17:34:40","slug":"lula-gastou-r-26-milhoes-com-cartao-corporativo-em-viagens-ao-exterior-em-2023","status":"publish","type":"post","link":"https:\/\/jornalfatosenoticias.com.br\/index.php\/2023\/07\/19\/lula-gastou-r-26-milhoes-com-cartao-corporativo-em-viagens-ao-exterior-em-2023\/","title":{"rendered":"Lula gastou R$ 2,6 milh\u00f5es com cart\u00e3o corporativo em viagens ao exterior em 2023"},"content":{"rendered":"\n<div class=\"wp-block-image\"><figure class=\"aligncenter size-large is-resized\"><img loading=\"lazy\" decoding=\"async\" src=\"https:\/\/jornalfatosenoticias.com.br\/wp-content\/uploads\/2023\/04\/Logo_MasterMind.jpg\" alt=\"\" class=\"wp-image-40974\" width=\"300\" height=\"218\"\/><\/figure><\/div>\n\n\n\n<p>Luiz In\u00e1cio Lula da Silva (PT) j\u00e1 gastou R$ 2,6 milh\u00f5es com o cart\u00e3o corporativo do governo em nove viagens ao exterior apenas nos cinco primeiros meses deste ano, de acordo com um levantamento divulgado nesta quarta (19). Os dados obtidos, via Lei de Acesso \u00e0 Informa\u00e7\u00e3o (LAI), pelo Poder360, mostram que os preparativos para as duas viagens \u00e0 China em mar\u00e7o e em abril consumiram 66% dos recursos \u2014 R$ 1,7 milh\u00e3o.<br>Na primeira, em que Lula acabou n\u00e3o indo por conta de uma pneumonia, os preparativos custaram R$ 861 mil. J\u00e1 para a segunda, efetivamente feita, os gastos foram de R$ 851 mil. J\u00e1 as viagens \u00e0 Europa custaram R$ 597 mil aos cofres p\u00fablicos, sendo R$ 389,4 mil a Portugal em abril e R$ 204,6 mil ao Reino Unido em maio. Lula tamb\u00e9m gastou R$ 141,4 mil na viagem aos Estados Unidos em fevereiro.<\/p>\n\n\n\n<div class=\"wp-block-image\"><figure class=\"aligncenter size-large is-resized\"><img loading=\"lazy\" decoding=\"async\" src=\"https:\/\/jornalfatosenoticias.com.br\/wp-content\/uploads\/2022\/02\/Precisao-Contabilidade-1024x724.jpg\" alt=\"\" class=\"wp-image-28088\" width=\"342\" height=\"242\"\/><\/figure><\/div>\n\n\n\n<p>Os gastos, segundo informou a Casa Civil, s\u00e3o relativos a apoio de solo, comiss\u00e1ria a\u00e9rea, telefonia nos pa\u00edses de destino, seguro viagem internacional e passagens a\u00e9reas de servidores. Por outro lado, o governo mant\u00e9m sigilo sobre os gastos do avi\u00e3o presidencial, um Airbus A319CJ da For\u00e7a A\u00e9rea Brasileira conhecido como <strong><span class=\"has-inline-color has-black-color\">&#8220;AeroLula&#8221;<\/span><\/strong>. O Gabinete de Seguran\u00e7a Institucional (GSI) afirma que os dados s\u00e3o classificados com o grau \u201creservado\u201d, de \u201ctema de acesso restrito para os planos e opera\u00e7\u00f5es estrat\u00e9gicas das For\u00e7as Armadas\u201d.<br>Ainda segundo o levantamento obtido pelo Poder360, os gastos de viagens diplom\u00e1ticas de Lula ao exterior s\u00e3o pagos pelo Minist\u00e9rio das Rela\u00e7\u00f5es Exteriores, como hospedagem, aluguel de ve\u00edculos, int\u00e9rpretes, alimenta\u00e7\u00e3o de convidados em eventos, entre outras.<\/p>\n\n\n\n<div class=\"wp-block-image\"><figure class=\"aligncenter size-large\"><img decoding=\"async\" src=\"https:\/\/jornalfatosenoticias.com.br\/wp-content\/uploads\/2020\/02\/logo_esteio.jpg\" alt=\"\" class=\"wp-image-1214\"\/><\/figure><\/div>\n\n\n\n<p>O Itamaraty gastou R$ 5,4 milh\u00f5es na viagem \u00e0 China e R$ 1,2 milh\u00e3o aos Emirados \u00c1rabes Unidos em abril. Do total de R$ 6,6 milh\u00f5es, o governo gastou R$ 3,2 milh\u00f5es com hospedagem, R$ 1,3 milh\u00e3o com aluguel de carros e R$ 500 mil com int\u00e9rpretes. J\u00e1 a viagem ao Reino Unido para a coroa\u00e7\u00e3o do Rei Charles III, em maio, custou R$ 3 milh\u00f5es.<br>O Portal da Transpar\u00eancia do governo n\u00e3o detalha quais foram as despesas. No entanto, at\u00e9 o m\u00eas de mar\u00e7o, \u00faltimo com valores tornados p\u00fablicos, h\u00e1 gastos feitos pela Secretaria de Administra\u00e7\u00e3o que chegam a R$ 73 mil em apenas um pagamento, tr\u00eas outros de R$ 70 mil cada, entre outros (veja na \u00edntegra). As informa\u00e7\u00f5es s\u00e3o protegidas por sigilo.<\/p>\n\n\n\n<div class=\"wp-block-image\"><figure class=\"aligncenter size-large is-resized\"><img loading=\"lazy\" decoding=\"async\" src=\"https:\/\/jornalfatosenoticias.com.br\/wp-content\/uploads\/2023\/07\/torneio_volei.jpg\" alt=\"\" class=\"wp-image-43455\" width=\"361\" height=\"360\" srcset=\"https:\/\/jornalfatosenoticias.com.br\/wp-content\/uploads\/2023\/07\/torneio_volei.jpg 1000w, https:\/\/jornalfatosenoticias.com.br\/wp-content\/uploads\/2023\/07\/torneio_volei-300x300.jpg 300w, https:\/\/jornalfatosenoticias.com.br\/wp-content\/uploads\/2023\/07\/torneio_volei-150x150.jpg 150w, https:\/\/jornalfatosenoticias.com.br\/wp-content\/uploads\/2023\/07\/torneio_volei-768x767.jpg 768w\" sizes=\"auto, (max-width: 361px) 100vw, 361px\" \/><\/figure><\/div>\n\n\n\n<p><strong><span class=\"has-inline-color has-black-color\">Viagem a Portugal chamou a aten\u00e7\u00e3o pelo tamanho da comitiva<br><\/span><\/strong>Os gastos da viagem de Lula a Portugal, em abril, n\u00e3o passaram despercebidos e geraram questionamentos pela m\u00eddia portuguesa, conforme informou a Gazeta do Povo. A comitiva de 75 pessoas e a quantidade de aparatos, como carros e hospedagem em hotel de luxo, ganharam as manchetes.<br>Ao todo, viajaram ao pa\u00eds ib\u00e9rico cinco ministros, quatro senadores, nove deputados federais e tr\u00eas representantes de \u00f3rg\u00e3os do governo, al\u00e9m de assessores para cada um deles.<br>Na ocasi\u00e3o, a Secretaria de Comunica\u00e7\u00e3o da Presid\u00eancia da Rep\u00fablica (Secom) informou que parte dos gastos com transporte e hospedagem foi bancada pelo governo portugu\u00eas, mas sem detalhar quanto foi efetivamente gasto pela Uni\u00e3o.<\/p>\n\n\n\n<p><strong><em>Fonte: <a href=\"https:\/\/www.gazetadopovo.com.br\/republica\/lula-cartao-corporativo-viagens-exterior-2023-2-6-milhoes\/\">Gazeta do Povo<\/a><\/em><\/strong><\/p>\n","protected":false},"excerpt":{"rendered":"<p>Luiz In\u00e1cio Lula da Silva (PT) j\u00e1 gastou R$ 2,6 milh\u00f5es com o cart\u00e3o corporativo do governo em nove viagens ao exterior apenas nos cinco primeiros meses deste ano, de acordo com um levantamento divulgado nesta quarta (19). Os dados obtidos, via Lei de Acesso \u00e0 Informa\u00e7\u00e3o (LAI), pelo Poder360, mostram que os preparativos para [&hellip;]<\/p>\n","protected":false},"author":2,"featured_media":43462,"comment_status":"open","ping_status":"open","sticky":false,"template":"","format":"standard","meta":{"footnotes":""},"categories":[5],"tags":[20487,20486,20102],"class_list":["post-43461","post","type-post","status-publish","format-standard","has-post-thumbnail","hentry","category-geral","tag-gasto-de-milhoes","tag-viagens-ao-exterior","tag-viagens-de-lula"],"yoast_head":"<!-- This site is optimized with the Yoast SEO plugin v26.5 - https:\/\/yoast.com\/wordpress\/plugins\/seo\/ -->\n<title>Lula gastou R$ 2,6 milh\u00f5es com cart\u00e3o corporativo em viagens ao exterior em 2023 - Jornal Fatos e Not\u00edcias<\/title>\n<meta name=\"robots\" content=\"index, follow, max-snippet:-1, max-image-preview:large, max-video-preview:-1\" \/>\n<link rel=\"canonical\" href=\"https:\/\/jornalfatosenoticias.com.br\/index.php\/2023\/07\/19\/lula-gastou-r-26-milhoes-com-cartao-corporativo-em-viagens-ao-exterior-em-2023\/\" \/>\n<meta property=\"og:locale\" content=\"pt_BR\" \/>\n<meta property=\"og:type\" content=\"article\" \/>\n<meta property=\"og:title\" content=\"Lula gastou R$ 2,6 milh\u00f5es com cart\u00e3o corporativo em viagens ao exterior em 2023 - Jornal Fatos e Not\u00edcias\" \/>\n<meta property=\"og:description\" content=\"Luiz In\u00e1cio Lula da Silva (PT) j\u00e1 gastou R$ 2,6 milh\u00f5es com o cart\u00e3o corporativo do governo em nove viagens ao exterior apenas nos cinco primeiros meses deste ano, de acordo com um levantamento divulgado nesta quarta (19). Os dados obtidos, via Lei de Acesso \u00e0 Informa\u00e7\u00e3o (LAI), pelo Poder360, mostram que os preparativos para [&hellip;]\" \/>\n<meta property=\"og:url\" content=\"https:\/\/jornalfatosenoticias.com.br\/index.php\/2023\/07\/19\/lula-gastou-r-26-milhoes-com-cartao-corporativo-em-viagens-ao-exterior-em-2023\/\" \/>\n<meta property=\"og:site_name\" content=\"Jornal Fatos e Not\u00edcias\" \/>\n<meta property=\"article:published_time\" content=\"2023-07-19T17:34:39+00:00\" \/>\n<meta property=\"article:modified_time\" content=\"2023-07-19T17:34:40+00:00\" \/>\n<meta property=\"og:image\" content=\"https:\/\/jornalfatosenoticias.com.br\/wp-content\/uploads\/2023\/07\/lula-viagens-exterior-foto-ricardo-stuckert-secom.jpg\" \/>\n\t<meta property=\"og:image:width\" content=\"960\" \/>\n\t<meta property=\"og:image:height\" content=\"540\" \/>\n\t<meta property=\"og:image:type\" content=\"image\/jpeg\" \/>\n<meta name=\"author\" content=\"Luzimara Fernandes\" \/>\n<meta name=\"twitter:card\" content=\"summary_large_image\" \/>\n<meta name=\"twitter:label1\" content=\"Escrito por\" \/>\n\t<meta name=\"twitter:data1\" content=\"Luzimara Fernandes\" \/>\n\t<meta name=\"twitter:label2\" content=\"Est. tempo de leitura\" \/>\n\t<meta name=\"twitter:data2\" content=\"3 minutos\" \/>\n<script type=\"application\/ld+json\" class=\"yoast-schema-graph\">{\"@context\":\"https:\/\/schema.org\",\"@graph\":[{\"@type\":\"Article\",\"@id\":\"https:\/\/jornalfatosenoticias.com.br\/index.php\/2023\/07\/19\/lula-gastou-r-26-milhoes-com-cartao-corporativo-em-viagens-ao-exterior-em-2023\/#article\",\"isPartOf\":{\"@id\":\"https:\/\/jornalfatosenoticias.com.br\/index.php\/2023\/07\/19\/lula-gastou-r-26-milhoes-com-cartao-corporativo-em-viagens-ao-exterior-em-2023\/\"},\"author\":{\"name\":\"Luzimara Fernandes\",\"@id\":\"https:\/\/jornalfatosenoticias.com.br\/#\/schema\/person\/d63837fa13ac8666eb9e74e0985d6f81\"},\"headline\":\"Lula gastou R$ 2,6 milh\u00f5es com cart\u00e3o corporativo em viagens ao exterior em 2023\",\"datePublished\":\"2023-07-19T17:34:39+00:00\",\"dateModified\":\"2023-07-19T17:34:40+00:00\",\"mainEntityOfPage\":{\"@id\":\"https:\/\/jornalfatosenoticias.com.br\/index.php\/2023\/07\/19\/lula-gastou-r-26-milhoes-com-cartao-corporativo-em-viagens-ao-exterior-em-2023\/\"},\"wordCount\":561,\"commentCount\":0,\"publisher\":{\"@id\":\"https:\/\/jornalfatosenoticias.com.br\/#organization\"},\"image\":{\"@id\":\"https:\/\/jornalfatosenoticias.com.br\/index.php\/2023\/07\/19\/lula-gastou-r-26-milhoes-com-cartao-corporativo-em-viagens-ao-exterior-em-2023\/#primaryimage\"},\"thumbnailUrl\":\"https:\/\/jornalfatosenoticias.com.br\/wp-content\/uploads\/2023\/07\/lula-viagens-exterior-foto-ricardo-stuckert-secom.jpg\",\"keywords\":[\"gasto de milh\u00f5es\",\"viagens ao exterior\",\"viagens de Lula\"],\"articleSection\":[\"Geral\"],\"inLanguage\":\"pt-BR\",\"potentialAction\":[{\"@type\":\"CommentAction\",\"name\":\"Comment\",\"target\":[\"https:\/\/jornalfatosenoticias.com.br\/index.php\/2023\/07\/19\/lula-gastou-r-26-milhoes-com-cartao-corporativo-em-viagens-ao-exterior-em-2023\/#respond\"]}]},{\"@type\":\"WebPage\",\"@id\":\"https:\/\/jornalfatosenoticias.com.br\/index.php\/2023\/07\/19\/lula-gastou-r-26-milhoes-com-cartao-corporativo-em-viagens-ao-exterior-em-2023\/\",\"url\":\"https:\/\/jornalfatosenoticias.com.br\/index.php\/2023\/07\/19\/lula-gastou-r-26-milhoes-com-cartao-corporativo-em-viagens-ao-exterior-em-2023\/\",\"name\":\"Lula gastou R$ 2,6 milh\u00f5es com cart\u00e3o corporativo em viagens ao exterior em 2023 - Jornal Fatos e Not\u00edcias\",\"isPartOf\":{\"@id\":\"https:\/\/jornalfatosenoticias.com.br\/#website\"},\"primaryImageOfPage\":{\"@id\":\"https:\/\/jornalfatosenoticias.com.br\/index.php\/2023\/07\/19\/lula-gastou-r-26-milhoes-com-cartao-corporativo-em-viagens-ao-exterior-em-2023\/#primaryimage\"},\"image\":{\"@id\":\"https:\/\/jornalfatosenoticias.com.br\/index.php\/2023\/07\/19\/lula-gastou-r-26-milhoes-com-cartao-corporativo-em-viagens-ao-exterior-em-2023\/#primaryimage\"},\"thumbnailUrl\":\"https:\/\/jornalfatosenoticias.com.br\/wp-content\/uploads\/2023\/07\/lula-viagens-exterior-foto-ricardo-stuckert-secom.jpg\",\"datePublished\":\"2023-07-19T17:34:39+00:00\",\"dateModified\":\"2023-07-19T17:34:40+00:00\",\"breadcrumb\":{\"@id\":\"https:\/\/jornalfatosenoticias.com.br\/index.php\/2023\/07\/19\/lula-gastou-r-26-milhoes-com-cartao-corporativo-em-viagens-ao-exterior-em-2023\/#breadcrumb\"},\"inLanguage\":\"pt-BR\",\"potentialAction\":[{\"@type\":\"ReadAction\",\"target\":[\"https:\/\/jornalfatosenoticias.com.br\/index.php\/2023\/07\/19\/lula-gastou-r-26-milhoes-com-cartao-corporativo-em-viagens-ao-exterior-em-2023\/\"]}]},{\"@type\":\"ImageObject\",\"inLanguage\":\"pt-BR\",\"@id\":\"https:\/\/jornalfatosenoticias.com.br\/index.php\/2023\/07\/19\/lula-gastou-r-26-milhoes-com-cartao-corporativo-em-viagens-ao-exterior-em-2023\/#primaryimage\",\"url\":\"https:\/\/jornalfatosenoticias.com.br\/wp-content\/uploads\/2023\/07\/lula-viagens-exterior-foto-ricardo-stuckert-secom.jpg\",\"contentUrl\":\"https:\/\/jornalfatosenoticias.com.br\/wp-content\/uploads\/2023\/07\/lula-viagens-exterior-foto-ricardo-stuckert-secom.jpg\",\"width\":960,\"height\":540},{\"@type\":\"BreadcrumbList\",\"@id\":\"https:\/\/jornalfatosenoticias.com.br\/index.php\/2023\/07\/19\/lula-gastou-r-26-milhoes-com-cartao-corporativo-em-viagens-ao-exterior-em-2023\/#breadcrumb\",\"itemListElement\":[{\"@type\":\"ListItem\",\"position\":1,\"name\":\"In\u00edcio\",\"item\":\"https:\/\/jornalfatosenoticias.com.br\/\"},{\"@type\":\"ListItem\",\"position\":2,\"name\":\"Lula gastou R$ 2,6 milh\u00f5es com cart\u00e3o corporativo em viagens ao exterior em 2023\"}]},{\"@type\":\"WebSite\",\"@id\":\"https:\/\/jornalfatosenoticias.com.br\/#website\",\"url\":\"https:\/\/jornalfatosenoticias.com.br\/\",\"name\":\"Jornal Fatos e Not\u00edcias\",\"description\":\"Not\u00edcias em geral\",\"publisher\":{\"@id\":\"https:\/\/jornalfatosenoticias.com.br\/#organization\"},\"potentialAction\":[{\"@type\":\"SearchAction\",\"target\":{\"@type\":\"EntryPoint\",\"urlTemplate\":\"https:\/\/jornalfatosenoticias.com.br\/?s={search_term_string}\"},\"query-input\":{\"@type\":\"PropertyValueSpecification\",\"valueRequired\":true,\"valueName\":\"search_term_string\"}}],\"inLanguage\":\"pt-BR\"},{\"@type\":\"Organization\",\"@id\":\"https:\/\/jornalfatosenoticias.com.br\/#organization\",\"name\":\"Jornal Fatos e Not\u00edcias\",\"url\":\"https:\/\/jornalfatosenoticias.com.br\/\",\"logo\":{\"@type\":\"ImageObject\",\"inLanguage\":\"pt-BR\",\"@id\":\"https:\/\/jornalfatosenoticias.com.br\/#\/schema\/logo\/image\/\",\"url\":\"https:\/\/jornalfatosenoticias.com.br\/wp-content\/uploads\/2020\/02\/logo120.png\",\"contentUrl\":\"https:\/\/jornalfatosenoticias.com.br\/wp-content\/uploads\/2020\/02\/logo120.png\",\"width\":1227,\"height\":120,\"caption\":\"Jornal Fatos e Not\u00edcias\"},\"image\":{\"@id\":\"https:\/\/jornalfatosenoticias.com.br\/#\/schema\/logo\/image\/\"}},{\"@type\":\"Person\",\"@id\":\"https:\/\/jornalfatosenoticias.com.br\/#\/schema\/person\/d63837fa13ac8666eb9e74e0985d6f81\",\"name\":\"Luzimara Fernandes\",\"image\":{\"@type\":\"ImageObject\",\"inLanguage\":\"pt-BR\",\"@id\":\"https:\/\/jornalfatosenoticias.com.br\/#\/schema\/person\/image\/\",\"url\":\"https:\/\/jornalfatosenoticias.com.br\/wp-content\/uploads\/2025\/05\/EU_portal.jpg\",\"contentUrl\":\"https:\/\/jornalfatosenoticias.com.br\/wp-content\/uploads\/2025\/05\/EU_portal.jpg\",\"caption\":\"Luzimara Fernandes\"},\"description\":\"Jornalista MTB 2358-ES\",\"sameAs\":[\"https:\/\/jornalfatosenoticias.com.br\"],\"url\":\"https:\/\/jornalfatosenoticias.com.br\/index.php\/author\/luzimara\/\"}]}<\/script>\n<!-- \/ Yoast SEO plugin. -->","yoast_head_json":{"title":"Lula gastou R$ 2,6 milh\u00f5es com cart\u00e3o corporativo em viagens ao exterior em 2023 - Jornal Fatos e Not\u00edcias","robots":{"index":"index","follow":"follow","max-snippet":"max-snippet:-1","max-image-preview":"max-image-preview:large","max-video-preview":"max-video-preview:-1"},"canonical":"https:\/\/jornalfatosenoticias.com.br\/index.php\/2023\/07\/19\/lula-gastou-r-26-milhoes-com-cartao-corporativo-em-viagens-ao-exterior-em-2023\/","og_locale":"pt_BR","og_type":"article","og_title":"Lula gastou R$ 2,6 milh\u00f5es com cart\u00e3o corporativo em viagens ao exterior em 2023 - Jornal Fatos e Not\u00edcias","og_description":"Luiz In\u00e1cio Lula da Silva (PT) j\u00e1 gastou R$ 2,6 milh\u00f5es com o cart\u00e3o corporativo do governo em nove viagens ao exterior apenas nos cinco primeiros meses deste ano, de acordo com um levantamento divulgado nesta quarta (19). Os dados obtidos, via Lei de Acesso \u00e0 Informa\u00e7\u00e3o (LAI), pelo Poder360, mostram que os preparativos para [&hellip;]","og_url":"https:\/\/jornalfatosenoticias.com.br\/index.php\/2023\/07\/19\/lula-gastou-r-26-milhoes-com-cartao-corporativo-em-viagens-ao-exterior-em-2023\/","og_site_name":"Jornal Fatos e Not\u00edcias","article_published_time":"2023-07-19T17:34:39+00:00","article_modified_time":"2023-07-19T17:34:40+00:00","og_image":[{"width":960,"height":540,"url":"https:\/\/jornalfatosenoticias.com.br\/wp-content\/uploads\/2023\/07\/lula-viagens-exterior-foto-ricardo-stuckert-secom.jpg","type":"image\/jpeg"}],"author":"Luzimara Fernandes","twitter_card":"summary_large_image","twitter_misc":{"Escrito por":"Luzimara Fernandes","Est. tempo de leitura":"3 minutos"},"schema":{"@context":"https:\/\/schema.org","@graph":[{"@type":"Article","@id":"https:\/\/jornalfatosenoticias.com.br\/index.php\/2023\/07\/19\/lula-gastou-r-26-milhoes-com-cartao-corporativo-em-viagens-ao-exterior-em-2023\/#article","isPartOf":{"@id":"https:\/\/jornalfatosenoticias.com.br\/index.php\/2023\/07\/19\/lula-gastou-r-26-milhoes-com-cartao-corporativo-em-viagens-ao-exterior-em-2023\/"},"author":{"name":"Luzimara Fernandes","@id":"https:\/\/jornalfatosenoticias.com.br\/#\/schema\/person\/d63837fa13ac8666eb9e74e0985d6f81"},"headline":"Lula gastou R$ 2,6 milh\u00f5es com cart\u00e3o corporativo em viagens ao exterior em 2023","datePublished":"2023-07-19T17:34:39+00:00","dateModified":"2023-07-19T17:34:40+00:00","mainEntityOfPage":{"@id":"https:\/\/jornalfatosenoticias.com.br\/index.php\/2023\/07\/19\/lula-gastou-r-26-milhoes-com-cartao-corporativo-em-viagens-ao-exterior-em-2023\/"},"wordCount":561,"commentCount":0,"publisher":{"@id":"https:\/\/jornalfatosenoticias.com.br\/#organization"},"image":{"@id":"https:\/\/jornalfatosenoticias.com.br\/index.php\/2023\/07\/19\/lula-gastou-r-26-milhoes-com-cartao-corporativo-em-viagens-ao-exterior-em-2023\/#primaryimage"},"thumbnailUrl":"https:\/\/jornalfatosenoticias.com.br\/wp-content\/uploads\/2023\/07\/lula-viagens-exterior-foto-ricardo-stuckert-secom.jpg","keywords":["gasto de milh\u00f5es","viagens ao exterior","viagens de Lula"],"articleSection":["Geral"],"inLanguage":"pt-BR","potentialAction":[{"@type":"CommentAction","name":"Comment","target":["https:\/\/jornalfatosenoticias.com.br\/index.php\/2023\/07\/19\/lula-gastou-r-26-milhoes-com-cartao-corporativo-em-viagens-ao-exterior-em-2023\/#respond"]}]},{"@type":"WebPage","@id":"https:\/\/jornalfatosenoticias.com.br\/index.php\/2023\/07\/19\/lula-gastou-r-26-milhoes-com-cartao-corporativo-em-viagens-ao-exterior-em-2023\/","url":"https:\/\/jornalfatosenoticias.com.br\/index.php\/2023\/07\/19\/lula-gastou-r-26-milhoes-com-cartao-corporativo-em-viagens-ao-exterior-em-2023\/","name":"Lula gastou R$ 2,6 milh\u00f5es com cart\u00e3o corporativo em viagens ao exterior em 2023 - Jornal Fatos e Not\u00edcias","isPartOf":{"@id":"https:\/\/jornalfatosenoticias.com.br\/#website"},"primaryImageOfPage":{"@id":"https:\/\/jornalfatosenoticias.com.br\/index.php\/2023\/07\/19\/lula-gastou-r-26-milhoes-com-cartao-corporativo-em-viagens-ao-exterior-em-2023\/#primaryimage"},"image":{"@id":"https:\/\/jornalfatosenoticias.com.br\/index.php\/2023\/07\/19\/lula-gastou-r-26-milhoes-com-cartao-corporativo-em-viagens-ao-exterior-em-2023\/#primaryimage"},"thumbnailUrl":"https:\/\/jornalfatosenoticias.com.br\/wp-content\/uploads\/2023\/07\/lula-viagens-exterior-foto-ricardo-stuckert-secom.jpg","datePublished":"2023-07-19T17:34:39+00:00","dateModified":"2023-07-19T17:34:40+00:00","breadcrumb":{"@id":"https:\/\/jornalfatosenoticias.com.br\/index.php\/2023\/07\/19\/lula-gastou-r-26-milhoes-com-cartao-corporativo-em-viagens-ao-exterior-em-2023\/#breadcrumb"},"inLanguage":"pt-BR","potentialAction":[{"@type":"ReadAction","target":["https:\/\/jornalfatosenoticias.com.br\/index.php\/2023\/07\/19\/lula-gastou-r-26-milhoes-com-cartao-corporativo-em-viagens-ao-exterior-em-2023\/"]}]},{"@type":"ImageObject","inLanguage":"pt-BR","@id":"https:\/\/jornalfatosenoticias.com.br\/index.php\/2023\/07\/19\/lula-gastou-r-26-milhoes-com-cartao-corporativo-em-viagens-ao-exterior-em-2023\/#primaryimage","url":"https:\/\/jornalfatosenoticias.com.br\/wp-content\/uploads\/2023\/07\/lula-viagens-exterior-foto-ricardo-stuckert-secom.jpg","contentUrl":"https:\/\/jornalfatosenoticias.com.br\/wp-content\/uploads\/2023\/07\/lula-viagens-exterior-foto-ricardo-stuckert-secom.jpg","width":960,"height":540},{"@type":"BreadcrumbList","@id":"https:\/\/jornalfatosenoticias.com.br\/index.php\/2023\/07\/19\/lula-gastou-r-26-milhoes-com-cartao-corporativo-em-viagens-ao-exterior-em-2023\/#breadcrumb","itemListElement":[{"@type":"ListItem","position":1,"name":"In\u00edcio","item":"https:\/\/jornalfatosenoticias.com.br\/"},{"@type":"ListItem","position":2,"name":"Lula gastou R$ 2,6 milh\u00f5es com cart\u00e3o corporativo em viagens ao exterior em 2023"}]},{"@type":"WebSite","@id":"https:\/\/jornalfatosenoticias.com.br\/#website","url":"https:\/\/jornalfatosenoticias.com.br\/","name":"Jornal Fatos e Not\u00edcias","description":"Not\u00edcias em geral","publisher":{"@id":"https:\/\/jornalfatosenoticias.com.br\/#organization"},"potentialAction":[{"@type":"SearchAction","target":{"@type":"EntryPoint","urlTemplate":"https:\/\/jornalfatosenoticias.com.br\/?s={search_term_string}"},"query-input":{"@type":"PropertyValueSpecification","valueRequired":true,"valueName":"search_term_string"}}],"inLanguage":"pt-BR"},{"@type":"Organization","@id":"https:\/\/jornalfatosenoticias.com.br\/#organization","name":"Jornal Fatos e Not\u00edcias","url":"https:\/\/jornalfatosenoticias.com.br\/","logo":{"@type":"ImageObject","inLanguage":"pt-BR","@id":"https:\/\/jornalfatosenoticias.com.br\/#\/schema\/logo\/image\/","url":"https:\/\/jornalfatosenoticias.com.br\/wp-content\/uploads\/2020\/02\/logo120.png","contentUrl":"https:\/\/jornalfatosenoticias.com.br\/wp-content\/uploads\/2020\/02\/logo120.png","width":1227,"height":120,"caption":"Jornal Fatos e Not\u00edcias"},"image":{"@id":"https:\/\/jornalfatosenoticias.com.br\/#\/schema\/logo\/image\/"}},{"@type":"Person","@id":"https:\/\/jornalfatosenoticias.com.br\/#\/schema\/person\/d63837fa13ac8666eb9e74e0985d6f81","name":"Luzimara Fernandes","image":{"@type":"ImageObject","inLanguage":"pt-BR","@id":"https:\/\/jornalfatosenoticias.com.br\/#\/schema\/person\/image\/","url":"https:\/\/jornalfatosenoticias.com.br\/wp-content\/uploads\/2025\/05\/EU_portal.jpg","contentUrl":"https:\/\/jornalfatosenoticias.com.br\/wp-content\/uploads\/2025\/05\/EU_portal.jpg","caption":"Luzimara Fernandes"},"description":"Jornalista MTB 2358-ES","sameAs":["https:\/\/jornalfatosenoticias.com.br"],"url":"https:\/\/jornalfatosenoticias.com.br\/index.php\/author\/luzimara\/"}]}},"cc_featured_image_caption":{"caption_text":"(Foto: Ricardo Stuckert\/Secom)","source_text":"","source_url":""},"jetpack_featured_media_url":"https:\/\/jornalfatosenoticias.com.br\/wp-content\/uploads\/2023\/07\/lula-viagens-exterior-foto-ricardo-stuckert-secom.jpg","_links":{"self":[{"href":"https:\/\/jornalfatosenoticias.com.br\/index.php\/wp-json\/wp\/v2\/posts\/43461","targetHints":{"allow":["GET"]}}],"collection":[{"href":"https:\/\/jornalfatosenoticias.com.br\/index.php\/wp-json\/wp\/v2\/posts"}],"about":[{"href":"https:\/\/jornalfatosenoticias.com.br\/index.php\/wp-json\/wp\/v2\/types\/post"}],"author":[{"embeddable":true,"href":"https:\/\/jornalfatosenoticias.com.br\/index.php\/wp-json\/wp\/v2\/users\/2"}],"replies":[{"embeddable":true,"href":"https:\/\/jornalfatosenoticias.com.br\/index.php\/wp-json\/wp\/v2\/comments?post=43461"}],"version-history":[{"count":0,"href":"https:\/\/jornalfatosenoticias.com.br\/index.php\/wp-json\/wp\/v2\/posts\/43461\/revisions"}],"wp:featuredmedia":[{"embeddable":true,"href":"https:\/\/jornalfatosenoticias.com.br\/index.php\/wp-json\/wp\/v2\/media\/43462"}],"wp:attachment":[{"href":"https:\/\/jornalfatosenoticias.com.br\/index.php\/wp-json\/wp\/v2\/media?parent=43461"}],"wp:term":[{"taxonomy":"category","embeddable":true,"href":"https:\/\/jornalfatosenoticias.com.br\/index.php\/wp-json\/wp\/v2\/categories?post=43461"},{"taxonomy":"post_tag","embeddable":true,"href":"https:\/\/jornalfatosenoticias.com.br\/index.php\/wp-json\/wp\/v2\/tags?post=43461"}],"curies":[{"name":"wp","href":"https:\/\/api.w.org\/{rel}","templated":true}]}}