{"id":43487,"date":"2023-07-20T15:42:10","date_gmt":"2023-07-20T18:42:10","guid":{"rendered":"https:\/\/jornalfatosenoticias.com.br\/?p=43487"},"modified":"2023-07-20T15:42:11","modified_gmt":"2023-07-20T18:42:11","slug":"primeira-fabrica-no-espaco-comeca-a-produzir","status":"publish","type":"post","link":"https:\/\/jornalfatosenoticias.com.br\/index.php\/2023\/07\/20\/primeira-fabrica-no-espaco-comeca-a-produzir\/","title":{"rendered":"Primeira f\u00e1brica no espa\u00e7o come\u00e7a a produzir"},"content":{"rendered":"\n<p><em><span class=\"has-inline-color has-black-color\">A f\u00e1brica espacial da startup Varda Space conseguiu produzir cristais de ritonavir, medicamento usado no tratamento de HIV<\/span><\/em><\/p>\n\n\n\n<p><em><span class=\"has-inline-color has-black-color\">Por <strong><a href=\"https:\/\/olhardigital.com.br\/author\/william-schendes\/amp\/\">William Schendes<\/a><\/strong><\/span><\/em><\/p>\n\n\n\n<div class=\"wp-block-image\"><figure class=\"aligncenter size-large is-resized\"><img loading=\"lazy\" decoding=\"async\" src=\"https:\/\/jornalfatosenoticias.com.br\/wp-content\/uploads\/2023\/03\/logo-Panper_portal.jpg\" alt=\"\" class=\"wp-image-40208\" width=\"242\" height=\"168\" srcset=\"https:\/\/jornalfatosenoticias.com.br\/wp-content\/uploads\/2023\/03\/logo-Panper_portal.jpg 400w, https:\/\/jornalfatosenoticias.com.br\/wp-content\/uploads\/2023\/03\/logo-Panper_portal-300x208.jpg 300w\" sizes=\"auto, (max-width: 242px) 100vw, 242px\" \/><\/figure><\/div>\n\n\n\n<p>No m\u00eas passado, a startup da Calif\u00f3rnia, Varda Space, colocou em \u00f3rbita a primeira f\u00e1brica espacial da hist\u00f3ria com o objetivo de produzir medicamentos e retorn\u00e1-los \u00e0 Terra. Recentemente, a empresa anunciou que conseguiu produzir o primeiro medicamento da instala\u00e7\u00e3o espacial.<\/p>\n\n\n\n<blockquote class=\"wp-block-quote is-layout-flow wp-block-quote-is-layout-flow\"><p><span class=\"has-inline-color has-luminous-vivid-orange-color\">Pela primeira vez, o processamento orbital de drogas aconteceu fora de uma esta\u00e7\u00e3o espacial administrada pelo governo. Nossa cristaliza\u00e7\u00e3o de Ritonavir parece ter sido nominal. Este \u00e9 o nosso primeiro passo na comercializa\u00e7\u00e3o de microgravidade e na constru\u00e7\u00e3o de um parque industrial em LEO&#8221;, disse Varda Space, no Twitter.<\/span><\/p><\/blockquote>\n\n\n\n<figure class=\"wp-block-embed-twitter wp-block-embed is-type-rich is-provider-twitter\"><div class=\"wp-block-embed__wrapper\">\n<blockquote class=\"twitter-tweet\" data-width=\"550\" data-dnt=\"true\"><p lang=\"en\" dir=\"ltr\">Over the last day, for the first time ever, orbital drug processing happened outside of a government-run space station<br> <br>Our crystallization of Ritonavir appears to have been nominal<br> <br>This is our first step in commercializing microgravity and building an industrial park in LEO <a href=\"https:\/\/t.co\/BmTS85efCp\">pic.twitter.com\/BmTS85efCp<\/a><\/p>&mdash; Varda Space Industries (@VardaSpace) <a href=\"https:\/\/twitter.com\/VardaSpace\/status\/1674871004810858496?ref_src=twsrc%5Etfw\">June 30, 2023<\/a><\/blockquote><script async src=\"https:\/\/platform.twitter.com\/widgets.js\" charset=\"utf-8\"><\/script>\n<\/div><\/figure>\n\n\n\n<div class=\"wp-block-image\"><figure class=\"aligncenter size-large is-resized\"><img loading=\"lazy\" decoding=\"async\" src=\"https:\/\/jornalfatosenoticias.com.br\/wp-content\/uploads\/2023\/04\/Logo_MasterMind.jpg\" alt=\"\" class=\"wp-image-40974\" width=\"316\" height=\"230\"\/><\/figure><\/div>\n\n\n\n<p>A f\u00e1brica foi lan\u00e7ada em 12 junho pelo foguete Falcon 9 da SpaceX. O experimento de fabrica\u00e7\u00e3o de medicamentos durou 27 horas, sendo conclu\u00eddo em 30 de junho. Nesse per\u00edodo, a instala\u00e7\u00e3o da minif\u00e1brica conseguiu criar cristais de ritonavir, medicamento usado no tratamento de HIV.<br>O espa\u00e7o permite que estruturas cristalinas de prote\u00ednas se formem rapidamente. Na Terra, o processo de forma\u00e7\u00e3o de cristais utilizados nos medicamentos \u00e9 mais complexo por conta da for\u00e7a gravitacional. De acordo com as an\u00e1lises baixadas do sat\u00e9lite, o processo no espa\u00e7o obteve sucesso.<\/p>\n\n\n\n<div class=\"wp-block-image\"><figure class=\"aligncenter size-large\"><img loading=\"lazy\" decoding=\"async\" width=\"300\" height=\"250\" src=\"https:\/\/jornalfatosenoticias.com.br\/wp-content\/uploads\/2022\/08\/arte-Casarao.jpg\" alt=\"\" class=\"wp-image-33178\"\/><\/figure><\/div>\n\n\n\n<blockquote class=\"wp-block-quote is-layout-flow wp-block-quote-is-layout-flow\"><p><span class=\"has-inline-color has-luminous-vivid-orange-color\">Uma das partes cr\u00edticas do processamento farmac\u00eautico \u00e9 a capacidade de manter faixas de temperatura adequadas por longos per\u00edodos de tempo. Foi exatamente de acordo com nossas expectativas, o que \u00e9 realmente \u00f3timo de se ver&#8221;, afirmou Delian Asparouhov, fundador da Varda Space, em entrevista \u00e0 Ars Technica.<\/span><\/p><\/blockquote>\n\n\n\n<div class=\"wp-block-image\"><figure class=\"aligncenter size-large is-resized\"><img loading=\"lazy\" decoding=\"async\" src=\"https:\/\/jornalfatosenoticias.com.br\/wp-content\/uploads\/2020\/02\/logo-embacia.jpg\" alt=\"\" class=\"wp-image-33905\" width=\"271\" height=\"271\"\/><\/figure><\/div>\n\n\n\n<p>Com o sucesso na produ\u00e7\u00e3o desse primeiro recurso, a empresa se prepara para reentrar com os materiais na Terra. A equipe da Rocket Lab, respons\u00e1vel pelo controle da miss\u00e3o, enviar\u00e1 um comando para liberar o sat\u00e9lite W-Series 1 da Varda Space que est\u00e1 amarrada a plataforma orbital Photon para que ele retorne a atmosfera da Terra.<\/p>\n\n\n\n<p><strong><em>Fonte: <a href=\"https:\/\/olhardigital.com.br\/2023\/07\/10\/ciencia-e-espaco\/primeira-fabrica-no-espaco-comeca-a-produzir\/amp\/\">Olhar Digital<\/a><\/em><\/strong><\/p>\n","protected":false},"excerpt":{"rendered":"<p>A f\u00e1brica espacial da startup Varda Space conseguiu produzir cristais de ritonavir, medicamento usado no tratamento de HIV Por William Schendes No m\u00eas passado, a startup da Calif\u00f3rnia, Varda Space, colocou em \u00f3rbita a primeira f\u00e1brica espacial da hist\u00f3ria com o objetivo de produzir medicamentos e retorn\u00e1-los \u00e0 Terra. Recentemente, a empresa anunciou que conseguiu [&hellip;]<\/p>\n","protected":false},"author":2,"featured_media":43488,"comment_status":"open","ping_status":"open","sticky":false,"template":"","format":"standard","meta":{"footnotes":""},"categories":[2],"tags":[20497,86,7542,20495,1518,2504,20496],"class_list":["post-43487","post","type-post","status-publish","format-standard","has-post-thumbnail","hentry","category-ciencia","tag-cristais-de-ritonavir","tag-espaco","tag-fabrica","tag-fabrica-espacial","tag-medicamentos","tag-startup","tag-startup-varda-space"],"yoast_head":"<!-- This site is optimized with the Yoast SEO plugin v26.5 - https:\/\/yoast.com\/wordpress\/plugins\/seo\/ -->\n<title>Primeira f\u00e1brica no espa\u00e7o come\u00e7a a produzir - Jornal Fatos e Not\u00edcias<\/title>\n<meta name=\"robots\" content=\"index, follow, max-snippet:-1, max-image-preview:large, max-video-preview:-1\" \/>\n<link rel=\"canonical\" href=\"https:\/\/jornalfatosenoticias.com.br\/index.php\/2023\/07\/20\/primeira-fabrica-no-espaco-comeca-a-produzir\/\" \/>\n<meta property=\"og:locale\" content=\"pt_BR\" \/>\n<meta property=\"og:type\" content=\"article\" \/>\n<meta property=\"og:title\" content=\"Primeira f\u00e1brica no espa\u00e7o come\u00e7a a produzir - Jornal Fatos e Not\u00edcias\" \/>\n<meta property=\"og:description\" content=\"A f\u00e1brica espacial da startup Varda Space conseguiu produzir cristais de ritonavir, medicamento usado no tratamento de HIV Por William Schendes No m\u00eas passado, a startup da Calif\u00f3rnia, Varda Space, colocou em \u00f3rbita a primeira f\u00e1brica espacial da hist\u00f3ria com o objetivo de produzir medicamentos e retorn\u00e1-los \u00e0 Terra. Recentemente, a empresa anunciou que conseguiu [&hellip;]\" \/>\n<meta property=\"og:url\" content=\"https:\/\/jornalfatosenoticias.com.br\/index.php\/2023\/07\/20\/primeira-fabrica-no-espaco-comeca-a-produzir\/\" \/>\n<meta property=\"og:site_name\" content=\"Jornal Fatos e Not\u00edcias\" \/>\n<meta property=\"article:published_time\" content=\"2023-07-20T18:42:10+00:00\" \/>\n<meta property=\"article:modified_time\" content=\"2023-07-20T18:42:11+00:00\" \/>\n<meta property=\"og:image\" content=\"https:\/\/jornalfatosenoticias.com.br\/wp-content\/uploads\/2023\/07\/Primeira-fabrica-no-espaco.jpg\" \/>\n\t<meta property=\"og:image:width\" content=\"1000\" \/>\n\t<meta property=\"og:image:height\" content=\"562\" \/>\n\t<meta property=\"og:image:type\" content=\"image\/jpeg\" \/>\n<meta name=\"author\" content=\"Luzimara Fernandes\" \/>\n<meta name=\"twitter:card\" content=\"summary_large_image\" \/>\n<meta name=\"twitter:label1\" content=\"Escrito por\" \/>\n\t<meta name=\"twitter:data1\" content=\"Luzimara Fernandes\" \/>\n\t<meta name=\"twitter:label2\" content=\"Est. tempo de leitura\" \/>\n\t<meta name=\"twitter:data2\" content=\"2 minutos\" \/>\n<script type=\"application\/ld+json\" class=\"yoast-schema-graph\">{\"@context\":\"https:\/\/schema.org\",\"@graph\":[{\"@type\":\"Article\",\"@id\":\"https:\/\/jornalfatosenoticias.com.br\/index.php\/2023\/07\/20\/primeira-fabrica-no-espaco-comeca-a-produzir\/#article\",\"isPartOf\":{\"@id\":\"https:\/\/jornalfatosenoticias.com.br\/index.php\/2023\/07\/20\/primeira-fabrica-no-espaco-comeca-a-produzir\/\"},\"author\":{\"name\":\"Luzimara Fernandes\",\"@id\":\"https:\/\/jornalfatosenoticias.com.br\/#\/schema\/person\/d63837fa13ac8666eb9e74e0985d6f81\"},\"headline\":\"Primeira f\u00e1brica no espa\u00e7o come\u00e7a a produzir\",\"datePublished\":\"2023-07-20T18:42:10+00:00\",\"dateModified\":\"2023-07-20T18:42:11+00:00\",\"mainEntityOfPage\":{\"@id\":\"https:\/\/jornalfatosenoticias.com.br\/index.php\/2023\/07\/20\/primeira-fabrica-no-espaco-comeca-a-produzir\/\"},\"wordCount\":372,\"commentCount\":0,\"publisher\":{\"@id\":\"https:\/\/jornalfatosenoticias.com.br\/#organization\"},\"image\":{\"@id\":\"https:\/\/jornalfatosenoticias.com.br\/index.php\/2023\/07\/20\/primeira-fabrica-no-espaco-comeca-a-produzir\/#primaryimage\"},\"thumbnailUrl\":\"https:\/\/jornalfatosenoticias.com.br\/wp-content\/uploads\/2023\/07\/Primeira-fabrica-no-espaco.jpg\",\"keywords\":[\"cristais de ritonavir\",\"espa\u00e7o\",\"f\u00e1brica\",\"f\u00e1brica espacial\",\"medicamentos\",\"startup\",\"startup Varda Space\"],\"articleSection\":[\"Ci\u00eancia\"],\"inLanguage\":\"pt-BR\",\"potentialAction\":[{\"@type\":\"CommentAction\",\"name\":\"Comment\",\"target\":[\"https:\/\/jornalfatosenoticias.com.br\/index.php\/2023\/07\/20\/primeira-fabrica-no-espaco-comeca-a-produzir\/#respond\"]}]},{\"@type\":\"WebPage\",\"@id\":\"https:\/\/jornalfatosenoticias.com.br\/index.php\/2023\/07\/20\/primeira-fabrica-no-espaco-comeca-a-produzir\/\",\"url\":\"https:\/\/jornalfatosenoticias.com.br\/index.php\/2023\/07\/20\/primeira-fabrica-no-espaco-comeca-a-produzir\/\",\"name\":\"Primeira f\u00e1brica no espa\u00e7o come\u00e7a a produzir - Jornal Fatos e Not\u00edcias\",\"isPartOf\":{\"@id\":\"https:\/\/jornalfatosenoticias.com.br\/#website\"},\"primaryImageOfPage\":{\"@id\":\"https:\/\/jornalfatosenoticias.com.br\/index.php\/2023\/07\/20\/primeira-fabrica-no-espaco-comeca-a-produzir\/#primaryimage\"},\"image\":{\"@id\":\"https:\/\/jornalfatosenoticias.com.br\/index.php\/2023\/07\/20\/primeira-fabrica-no-espaco-comeca-a-produzir\/#primaryimage\"},\"thumbnailUrl\":\"https:\/\/jornalfatosenoticias.com.br\/wp-content\/uploads\/2023\/07\/Primeira-fabrica-no-espaco.jpg\",\"datePublished\":\"2023-07-20T18:42:10+00:00\",\"dateModified\":\"2023-07-20T18:42:11+00:00\",\"breadcrumb\":{\"@id\":\"https:\/\/jornalfatosenoticias.com.br\/index.php\/2023\/07\/20\/primeira-fabrica-no-espaco-comeca-a-produzir\/#breadcrumb\"},\"inLanguage\":\"pt-BR\",\"potentialAction\":[{\"@type\":\"ReadAction\",\"target\":[\"https:\/\/jornalfatosenoticias.com.br\/index.php\/2023\/07\/20\/primeira-fabrica-no-espaco-comeca-a-produzir\/\"]}]},{\"@type\":\"ImageObject\",\"inLanguage\":\"pt-BR\",\"@id\":\"https:\/\/jornalfatosenoticias.com.br\/index.php\/2023\/07\/20\/primeira-fabrica-no-espaco-comeca-a-produzir\/#primaryimage\",\"url\":\"https:\/\/jornalfatosenoticias.com.br\/wp-content\/uploads\/2023\/07\/Primeira-fabrica-no-espaco.jpg\",\"contentUrl\":\"https:\/\/jornalfatosenoticias.com.br\/wp-content\/uploads\/2023\/07\/Primeira-fabrica-no-espaco.jpg\",\"width\":1000,\"height\":562},{\"@type\":\"BreadcrumbList\",\"@id\":\"https:\/\/jornalfatosenoticias.com.br\/index.php\/2023\/07\/20\/primeira-fabrica-no-espaco-comeca-a-produzir\/#breadcrumb\",\"itemListElement\":[{\"@type\":\"ListItem\",\"position\":1,\"name\":\"In\u00edcio\",\"item\":\"https:\/\/jornalfatosenoticias.com.br\/\"},{\"@type\":\"ListItem\",\"position\":2,\"name\":\"Primeira f\u00e1brica no espa\u00e7o come\u00e7a a produzir\"}]},{\"@type\":\"WebSite\",\"@id\":\"https:\/\/jornalfatosenoticias.com.br\/#website\",\"url\":\"https:\/\/jornalfatosenoticias.com.br\/\",\"name\":\"Jornal Fatos e Not\u00edcias\",\"description\":\"Not\u00edcias em geral\",\"publisher\":{\"@id\":\"https:\/\/jornalfatosenoticias.com.br\/#organization\"},\"potentialAction\":[{\"@type\":\"SearchAction\",\"target\":{\"@type\":\"EntryPoint\",\"urlTemplate\":\"https:\/\/jornalfatosenoticias.com.br\/?s={search_term_string}\"},\"query-input\":{\"@type\":\"PropertyValueSpecification\",\"valueRequired\":true,\"valueName\":\"search_term_string\"}}],\"inLanguage\":\"pt-BR\"},{\"@type\":\"Organization\",\"@id\":\"https:\/\/jornalfatosenoticias.com.br\/#organization\",\"name\":\"Jornal Fatos e Not\u00edcias\",\"url\":\"https:\/\/jornalfatosenoticias.com.br\/\",\"logo\":{\"@type\":\"ImageObject\",\"inLanguage\":\"pt-BR\",\"@id\":\"https:\/\/jornalfatosenoticias.com.br\/#\/schema\/logo\/image\/\",\"url\":\"https:\/\/jornalfatosenoticias.com.br\/wp-content\/uploads\/2020\/02\/logo120.png\",\"contentUrl\":\"https:\/\/jornalfatosenoticias.com.br\/wp-content\/uploads\/2020\/02\/logo120.png\",\"width\":1227,\"height\":120,\"caption\":\"Jornal Fatos e Not\u00edcias\"},\"image\":{\"@id\":\"https:\/\/jornalfatosenoticias.com.br\/#\/schema\/logo\/image\/\"}},{\"@type\":\"Person\",\"@id\":\"https:\/\/jornalfatosenoticias.com.br\/#\/schema\/person\/d63837fa13ac8666eb9e74e0985d6f81\",\"name\":\"Luzimara Fernandes\",\"image\":{\"@type\":\"ImageObject\",\"inLanguage\":\"pt-BR\",\"@id\":\"https:\/\/jornalfatosenoticias.com.br\/#\/schema\/person\/image\/\",\"url\":\"https:\/\/jornalfatosenoticias.com.br\/wp-content\/uploads\/2025\/05\/EU_portal.jpg\",\"contentUrl\":\"https:\/\/jornalfatosenoticias.com.br\/wp-content\/uploads\/2025\/05\/EU_portal.jpg\",\"caption\":\"Luzimara Fernandes\"},\"description\":\"Jornalista MTB 2358-ES\",\"sameAs\":[\"https:\/\/jornalfatosenoticias.com.br\"],\"url\":\"https:\/\/jornalfatosenoticias.com.br\/index.php\/author\/luzimara\/\"}]}<\/script>\n<!-- \/ Yoast SEO plugin. -->","yoast_head_json":{"title":"Primeira f\u00e1brica no espa\u00e7o come\u00e7a a produzir - Jornal Fatos e Not\u00edcias","robots":{"index":"index","follow":"follow","max-snippet":"max-snippet:-1","max-image-preview":"max-image-preview:large","max-video-preview":"max-video-preview:-1"},"canonical":"https:\/\/jornalfatosenoticias.com.br\/index.php\/2023\/07\/20\/primeira-fabrica-no-espaco-comeca-a-produzir\/","og_locale":"pt_BR","og_type":"article","og_title":"Primeira f\u00e1brica no espa\u00e7o come\u00e7a a produzir - Jornal Fatos e Not\u00edcias","og_description":"A f\u00e1brica espacial da startup Varda Space conseguiu produzir cristais de ritonavir, medicamento usado no tratamento de HIV Por William Schendes No m\u00eas passado, a startup da Calif\u00f3rnia, Varda Space, colocou em \u00f3rbita a primeira f\u00e1brica espacial da hist\u00f3ria com o objetivo de produzir medicamentos e retorn\u00e1-los \u00e0 Terra. Recentemente, a empresa anunciou que conseguiu [&hellip;]","og_url":"https:\/\/jornalfatosenoticias.com.br\/index.php\/2023\/07\/20\/primeira-fabrica-no-espaco-comeca-a-produzir\/","og_site_name":"Jornal Fatos e Not\u00edcias","article_published_time":"2023-07-20T18:42:10+00:00","article_modified_time":"2023-07-20T18:42:11+00:00","og_image":[{"width":1000,"height":562,"url":"https:\/\/jornalfatosenoticias.com.br\/wp-content\/uploads\/2023\/07\/Primeira-fabrica-no-espaco.jpg","type":"image\/jpeg"}],"author":"Luzimara Fernandes","twitter_card":"summary_large_image","twitter_misc":{"Escrito por":"Luzimara Fernandes","Est. tempo de leitura":"2 minutos"},"schema":{"@context":"https:\/\/schema.org","@graph":[{"@type":"Article","@id":"https:\/\/jornalfatosenoticias.com.br\/index.php\/2023\/07\/20\/primeira-fabrica-no-espaco-comeca-a-produzir\/#article","isPartOf":{"@id":"https:\/\/jornalfatosenoticias.com.br\/index.php\/2023\/07\/20\/primeira-fabrica-no-espaco-comeca-a-produzir\/"},"author":{"name":"Luzimara Fernandes","@id":"https:\/\/jornalfatosenoticias.com.br\/#\/schema\/person\/d63837fa13ac8666eb9e74e0985d6f81"},"headline":"Primeira f\u00e1brica no espa\u00e7o come\u00e7a a produzir","datePublished":"2023-07-20T18:42:10+00:00","dateModified":"2023-07-20T18:42:11+00:00","mainEntityOfPage":{"@id":"https:\/\/jornalfatosenoticias.com.br\/index.php\/2023\/07\/20\/primeira-fabrica-no-espaco-comeca-a-produzir\/"},"wordCount":372,"commentCount":0,"publisher":{"@id":"https:\/\/jornalfatosenoticias.com.br\/#organization"},"image":{"@id":"https:\/\/jornalfatosenoticias.com.br\/index.php\/2023\/07\/20\/primeira-fabrica-no-espaco-comeca-a-produzir\/#primaryimage"},"thumbnailUrl":"https:\/\/jornalfatosenoticias.com.br\/wp-content\/uploads\/2023\/07\/Primeira-fabrica-no-espaco.jpg","keywords":["cristais de ritonavir","espa\u00e7o","f\u00e1brica","f\u00e1brica espacial","medicamentos","startup","startup Varda Space"],"articleSection":["Ci\u00eancia"],"inLanguage":"pt-BR","potentialAction":[{"@type":"CommentAction","name":"Comment","target":["https:\/\/jornalfatosenoticias.com.br\/index.php\/2023\/07\/20\/primeira-fabrica-no-espaco-comeca-a-produzir\/#respond"]}]},{"@type":"WebPage","@id":"https:\/\/jornalfatosenoticias.com.br\/index.php\/2023\/07\/20\/primeira-fabrica-no-espaco-comeca-a-produzir\/","url":"https:\/\/jornalfatosenoticias.com.br\/index.php\/2023\/07\/20\/primeira-fabrica-no-espaco-comeca-a-produzir\/","name":"Primeira f\u00e1brica no espa\u00e7o come\u00e7a a produzir - Jornal Fatos e Not\u00edcias","isPartOf":{"@id":"https:\/\/jornalfatosenoticias.com.br\/#website"},"primaryImageOfPage":{"@id":"https:\/\/jornalfatosenoticias.com.br\/index.php\/2023\/07\/20\/primeira-fabrica-no-espaco-comeca-a-produzir\/#primaryimage"},"image":{"@id":"https:\/\/jornalfatosenoticias.com.br\/index.php\/2023\/07\/20\/primeira-fabrica-no-espaco-comeca-a-produzir\/#primaryimage"},"thumbnailUrl":"https:\/\/jornalfatosenoticias.com.br\/wp-content\/uploads\/2023\/07\/Primeira-fabrica-no-espaco.jpg","datePublished":"2023-07-20T18:42:10+00:00","dateModified":"2023-07-20T18:42:11+00:00","breadcrumb":{"@id":"https:\/\/jornalfatosenoticias.com.br\/index.php\/2023\/07\/20\/primeira-fabrica-no-espaco-comeca-a-produzir\/#breadcrumb"},"inLanguage":"pt-BR","potentialAction":[{"@type":"ReadAction","target":["https:\/\/jornalfatosenoticias.com.br\/index.php\/2023\/07\/20\/primeira-fabrica-no-espaco-comeca-a-produzir\/"]}]},{"@type":"ImageObject","inLanguage":"pt-BR","@id":"https:\/\/jornalfatosenoticias.com.br\/index.php\/2023\/07\/20\/primeira-fabrica-no-espaco-comeca-a-produzir\/#primaryimage","url":"https:\/\/jornalfatosenoticias.com.br\/wp-content\/uploads\/2023\/07\/Primeira-fabrica-no-espaco.jpg","contentUrl":"https:\/\/jornalfatosenoticias.com.br\/wp-content\/uploads\/2023\/07\/Primeira-fabrica-no-espaco.jpg","width":1000,"height":562},{"@type":"BreadcrumbList","@id":"https:\/\/jornalfatosenoticias.com.br\/index.php\/2023\/07\/20\/primeira-fabrica-no-espaco-comeca-a-produzir\/#breadcrumb","itemListElement":[{"@type":"ListItem","position":1,"name":"In\u00edcio","item":"https:\/\/jornalfatosenoticias.com.br\/"},{"@type":"ListItem","position":2,"name":"Primeira f\u00e1brica no espa\u00e7o come\u00e7a a produzir"}]},{"@type":"WebSite","@id":"https:\/\/jornalfatosenoticias.com.br\/#website","url":"https:\/\/jornalfatosenoticias.com.br\/","name":"Jornal Fatos e Not\u00edcias","description":"Not\u00edcias em geral","publisher":{"@id":"https:\/\/jornalfatosenoticias.com.br\/#organization"},"potentialAction":[{"@type":"SearchAction","target":{"@type":"EntryPoint","urlTemplate":"https:\/\/jornalfatosenoticias.com.br\/?s={search_term_string}"},"query-input":{"@type":"PropertyValueSpecification","valueRequired":true,"valueName":"search_term_string"}}],"inLanguage":"pt-BR"},{"@type":"Organization","@id":"https:\/\/jornalfatosenoticias.com.br\/#organization","name":"Jornal Fatos e Not\u00edcias","url":"https:\/\/jornalfatosenoticias.com.br\/","logo":{"@type":"ImageObject","inLanguage":"pt-BR","@id":"https:\/\/jornalfatosenoticias.com.br\/#\/schema\/logo\/image\/","url":"https:\/\/jornalfatosenoticias.com.br\/wp-content\/uploads\/2020\/02\/logo120.png","contentUrl":"https:\/\/jornalfatosenoticias.com.br\/wp-content\/uploads\/2020\/02\/logo120.png","width":1227,"height":120,"caption":"Jornal Fatos e Not\u00edcias"},"image":{"@id":"https:\/\/jornalfatosenoticias.com.br\/#\/schema\/logo\/image\/"}},{"@type":"Person","@id":"https:\/\/jornalfatosenoticias.com.br\/#\/schema\/person\/d63837fa13ac8666eb9e74e0985d6f81","name":"Luzimara Fernandes","image":{"@type":"ImageObject","inLanguage":"pt-BR","@id":"https:\/\/jornalfatosenoticias.com.br\/#\/schema\/person\/image\/","url":"https:\/\/jornalfatosenoticias.com.br\/wp-content\/uploads\/2025\/05\/EU_portal.jpg","contentUrl":"https:\/\/jornalfatosenoticias.com.br\/wp-content\/uploads\/2025\/05\/EU_portal.jpg","caption":"Luzimara Fernandes"},"description":"Jornalista MTB 2358-ES","sameAs":["https:\/\/jornalfatosenoticias.com.br"],"url":"https:\/\/jornalfatosenoticias.com.br\/index.php\/author\/luzimara\/"}]}},"cc_featured_image_caption":{"caption_text":"(Foto: Varda Space\/Divulga\u00e7\u00e3o) ","source_text":"","source_url":""},"jetpack_featured_media_url":"https:\/\/jornalfatosenoticias.com.br\/wp-content\/uploads\/2023\/07\/Primeira-fabrica-no-espaco.jpg","_links":{"self":[{"href":"https:\/\/jornalfatosenoticias.com.br\/index.php\/wp-json\/wp\/v2\/posts\/43487","targetHints":{"allow":["GET"]}}],"collection":[{"href":"https:\/\/jornalfatosenoticias.com.br\/index.php\/wp-json\/wp\/v2\/posts"}],"about":[{"href":"https:\/\/jornalfatosenoticias.com.br\/index.php\/wp-json\/wp\/v2\/types\/post"}],"author":[{"embeddable":true,"href":"https:\/\/jornalfatosenoticias.com.br\/index.php\/wp-json\/wp\/v2\/users\/2"}],"replies":[{"embeddable":true,"href":"https:\/\/jornalfatosenoticias.com.br\/index.php\/wp-json\/wp\/v2\/comments?post=43487"}],"version-history":[{"count":0,"href":"https:\/\/jornalfatosenoticias.com.br\/index.php\/wp-json\/wp\/v2\/posts\/43487\/revisions"}],"wp:featuredmedia":[{"embeddable":true,"href":"https:\/\/jornalfatosenoticias.com.br\/index.php\/wp-json\/wp\/v2\/media\/43488"}],"wp:attachment":[{"href":"https:\/\/jornalfatosenoticias.com.br\/index.php\/wp-json\/wp\/v2\/media?parent=43487"}],"wp:term":[{"taxonomy":"category","embeddable":true,"href":"https:\/\/jornalfatosenoticias.com.br\/index.php\/wp-json\/wp\/v2\/categories?post=43487"},{"taxonomy":"post_tag","embeddable":true,"href":"https:\/\/jornalfatosenoticias.com.br\/index.php\/wp-json\/wp\/v2\/tags?post=43487"}],"curies":[{"name":"wp","href":"https:\/\/api.w.org\/{rel}","templated":true}]}}