{"id":4349,"date":"2020-05-12T10:12:42","date_gmt":"2020-05-12T13:12:42","guid":{"rendered":"https:\/\/jornalfatosenoticias.com.br\/?p=4349"},"modified":"2020-05-12T10:15:02","modified_gmt":"2020-05-12T13:15:02","slug":"bob-burnquist-icone-do-skate-o-momento-e-de-focar-na-vida","status":"publish","type":"post","link":"https:\/\/jornalfatosenoticias.com.br\/index.php\/2020\/05\/12\/bob-burnquist-icone-do-skate-o-momento-e-de-focar-na-vida\/","title":{"rendered":"Bob Burnquist, \u00edcone do skate: o momento \u00e9 de &#8220;focar na vida&#8221;"},"content":{"rendered":"\n<h6 class=\"wp-block-heading\"><em>Multicampe\u00e3o faz parceria com banco para potencializar a\u00e7\u00f5es sociais<\/em><\/h6>\n\n\n\n<p>Equil\u00edbrio e coordena\u00e7\u00e3o s\u00e3o algumas das habilidades desenvolvidas por quem se arrisca em cima de uma prancha de skate, esporte com aproximadamente 8,5 milh\u00f5es de praticantes somente no Brasil, segundo pesquisa realizada em 2017 pelo instituto Datafolha. Aos 43 anos, o maior vencedor do X-Games \u2014 considerada a Olimp\u00edada dos esportes radicais \u2014 o carioca Bob Burnquist sabe como ningu\u00e9m aproveitar as li\u00e7\u00f5es do esporte na vida real. Em meio \u00e0 pandemia do novo coronav\u00edrus (covid-19), o skatista transformou o espa\u00e7o do restaurante de sua propriedade na Ilha da Gigoia, na Zona Oeste do Rio de Janeiro (RJ), na sede do Instituto Bob Burnquist (IBB), fundado recentemente.<br>&#8220;A solidariedade sempre existiu e agora muito mais. Em meio ao caos, portas se fecham e outras se abrem. Nasce o IBB, com uma vis\u00e3o hol\u00edstica para conectar a\u00e7\u00f5es sociais, potencializ\u00e1-las e trazer a mensagem para a molecada de que eles podem fazer o que quiserem&#8221;.<br>Pela primeira vez na hist\u00f3ria das Olimp\u00edadas, adiadas para julho de 2021, o skate ser\u00e1 uma modalidade oficial. Contudo, para Burnquist, isto n\u00e3o \u00e9 o principal agora. &#8220;\u00c9 um evento bacana e que j\u00e1 tem o seu planejamento, mas o mais importante neste momento \u00e9 focar na vida. A sociedade levou um tombo e n\u00e3o precisa entrar em desespero, porque vai se recuperar. \u00c9 como o skatista. Eu mesmo j\u00e1 tive v\u00e1rias les\u00f5es e precisei ficar parado por meses. Ap\u00f3s esse choque de realidade, com passagem por esta experi\u00eancia grave, temos que enxergar outra perspectiva para construir um novo mundo&#8221;, defende o multicampe\u00e3o.<\/p>\n\n\n\n<figure class=\"wp-block-image size-large\"><img loading=\"lazy\" decoding=\"async\" width=\"1000\" height=\"598\" src=\"https:\/\/jornalfatosenoticias.com.br\/wp-content\/uploads\/2020\/05\/bob_burnquist_skate_esporte.jpg\" alt=\"\" class=\"wp-image-4350\" srcset=\"https:\/\/jornalfatosenoticias.com.br\/wp-content\/uploads\/2020\/05\/bob_burnquist_skate_esporte.jpg 1000w, https:\/\/jornalfatosenoticias.com.br\/wp-content\/uploads\/2020\/05\/bob_burnquist_skate_esporte-300x179.jpg 300w, https:\/\/jornalfatosenoticias.com.br\/wp-content\/uploads\/2020\/05\/bob_burnquist_skate_esporte-768x459.jpg 768w\" sizes=\"auto, (max-width: 1000px) 100vw, 1000px\" \/><figcaption><em>Bob Burnquist funda instituto, em meio \u00e0 pandemia de covid-19, para potencializar a\u00e7\u00f5es sociais (Foto: Divulga\u00e7\u00e3o\/Instituto Bob Burnquist)<\/em><\/figcaption><\/figure>\n\n\n\n<p>Burnquist tamb\u00e9m comentou sobre a morte do colega Jo\u00e3o Maur\u00edcio, conhecido como Jo\u00e3o Cabe\u00e7\u00e3o, na \u00faltima quarta-feira (6), v\u00edtima de covid-19, aos 47 anos. Skatista carioca, Jo\u00e3o Cabe\u00e7\u00e3o ficou nacionalmente conhecido nos anos de 1980, ao vencer uma etapa do campeonato brasileiro profissional sendo um amador. &#8220;Not\u00edcia dif\u00edcil, que entristece. Voc\u00ea v\u00ea que n\u00e3o tem idade, classe, ra\u00e7a&#8221;, lamenta, ressaltando o pioneirismo de Jo\u00e3o nas pistas no Rio de Janeiro. &#8220;Inspirou a muitos&#8221;.<br>Filho de pai norte-americano e m\u00e3e brasileira, Bob ganhou o primeiro skate aos 11 anos e ainda n\u00e3o abandonou as competi\u00e7\u00f5es e exibi\u00e7\u00f5es. Especialista em megarrampas \u2014 estruturas com 24 metros de altura, ou mais \u2014 Burnquist mandou construir uma em sua casa na Calif\u00f3rnia (Estados Unidos). &#8220;Estou no Rio com a fam\u00edlia e, em tempos normais, fico o tempo todo nesse vai e volta para os Estados Unidos, onde tenho a Dreamlandia Syntropia [complexo de agricultura e pistas de skate], explica Burnquist, lembrando que a edi\u00e7\u00e3o deste ano do X-Games, programada inicialmente para julho, foi cancelada.<\/p>\n\n\n\n<figure class=\"wp-block-image size-large\"><img loading=\"lazy\" decoding=\"async\" width=\"1000\" height=\"665\" src=\"https:\/\/jornalfatosenoticias.com.br\/wp-content\/uploads\/2020\/05\/bob_burnquist_skate_instituto.jpg\" alt=\"\" class=\"wp-image-4351\" srcset=\"https:\/\/jornalfatosenoticias.com.br\/wp-content\/uploads\/2020\/05\/bob_burnquist_skate_instituto.jpg 1000w, https:\/\/jornalfatosenoticias.com.br\/wp-content\/uploads\/2020\/05\/bob_burnquist_skate_instituto-300x200.jpg 300w, https:\/\/jornalfatosenoticias.com.br\/wp-content\/uploads\/2020\/05\/bob_burnquist_skate_instituto-768x511.jpg 768w\" sizes=\"auto, (max-width: 1000px) 100vw, 1000px\" \/><figcaption><em>Parceria entre IBB e banco privado estendeu projeto sociais para sete cidades brasileiras, al\u00e9m do Rio de Janeiro (Foto: IBB\/Divulga\u00e7\u00e3o\/Direitos reservados)<\/em><\/figcaption><\/figure>\n\n\n\n<p>Desde o in\u00edcio da pandemia de covid-19, o IBB j\u00e1 doou cestas b\u00e1sicas virtuais para 725 fam\u00edlias em vulnerabilidade social, em parceria com o banco BV (antigo Banco Votorantim). Cada fam\u00edlia recebe R$ 300 \u2014 valor dividido entre os meses de abril, maio e junho \u2014 em cart\u00e3o alimenta\u00e7\u00e3o, o que tamb\u00e9m beneficia o com\u00e9rcio local. Os projetos apoiados pela parceria entre IBB e BV est\u00e3o presentes nas cidades de Ribeir\u00e3o Preto (SP), Sert\u00e3ozinho (SP), Franca (SP), Po\u00e1 (SP), Santos (SP), S\u00e3o Paulo (SP), Rio de Janeiro (RJ) e Bras\u00edlia (DF).<\/p>\n\n\n\n<p>&#8220;Estamos monitorando tudo o que est\u00e1 acontecendo e iremos ajudar com a estrutura que j\u00e1 temos para superar essa crise&#8221;, afirma Burnquist. Ele destaca ainda o protagonismo dos profissionais da sa\u00fade no momento atual. &#8220;Damos muito valor ao atleta, ao artista, mas eles s\u00e3o os verdadeiros her\u00f3is, sempre foram, e est\u00e3o l\u00e1 na linha de frente. Meu obrigado e uma inje\u00e7\u00e3o de \u00e2nimo pra todos eles. Vamos respeitar o isolamento, porque o neg\u00f3cio \u00e9 muito s\u00e9rio&#8221;, aconselha.<\/p>\n\n\n\n<p><strong><em>Fonte: <a href=\"https:\/\/agenciabrasil.ebc.com.br\/esportes\/noticia\/2020-05\/bob-burnquist-icone-do-skate-no-brasil-e-momento-de-focar-na-vida\">Ag\u00eancia Brasil<\/a><\/em><\/strong><\/p>\n","protected":false},"excerpt":{"rendered":"<p>Multicampe\u00e3o faz parceria com banco para potencializar a\u00e7\u00f5es sociais Equil\u00edbrio e coordena\u00e7\u00e3o s\u00e3o algumas das habilidades desenvolvidas por quem se arrisca em cima de uma prancha de skate, esporte com aproximadamente 8,5 milh\u00f5es de praticantes somente no Brasil, segundo pesquisa realizada em 2017 pelo instituto Datafolha. Aos 43 anos, o maior vencedor do X-Games \u2014 [&hellip;]<\/p>\n","protected":false},"author":2,"featured_media":4352,"comment_status":"open","ping_status":"open","sticky":false,"template":"","format":"standard","meta":{"footnotes":""},"categories":[12],"tags":[2553,2552,273,43,2554,330,2555],"class_list":["post-4349","post","type-post","status-publish","format-standard","has-post-thumbnail","hentry","category-esportes","tag-acoes-sociais","tag-bob-burnquist","tag-covid-19","tag-esportes","tag-ibb","tag-pandemia","tag-skate"],"yoast_head":"<!-- This site is optimized with the Yoast SEO plugin v26.5 - https:\/\/yoast.com\/wordpress\/plugins\/seo\/ -->\n<title>Bob Burnquist, \u00edcone do skate: o momento \u00e9 de &quot;focar na vida&quot; - Jornal Fatos e Not\u00edcias<\/title>\n<meta name=\"robots\" content=\"index, follow, max-snippet:-1, max-image-preview:large, max-video-preview:-1\" \/>\n<link rel=\"canonical\" href=\"https:\/\/jornalfatosenoticias.com.br\/index.php\/2020\/05\/12\/bob-burnquist-icone-do-skate-o-momento-e-de-focar-na-vida\/\" \/>\n<meta property=\"og:locale\" content=\"pt_BR\" \/>\n<meta property=\"og:type\" content=\"article\" \/>\n<meta property=\"og:title\" content=\"Bob Burnquist, \u00edcone do skate: o momento \u00e9 de &quot;focar na vida&quot; - Jornal Fatos e Not\u00edcias\" \/>\n<meta property=\"og:description\" content=\"Multicampe\u00e3o faz parceria com banco para potencializar a\u00e7\u00f5es sociais Equil\u00edbrio e coordena\u00e7\u00e3o s\u00e3o algumas das habilidades desenvolvidas por quem se arrisca em cima de uma prancha de skate, esporte com aproximadamente 8,5 milh\u00f5es de praticantes somente no Brasil, segundo pesquisa realizada em 2017 pelo instituto Datafolha. Aos 43 anos, o maior vencedor do X-Games \u2014 [&hellip;]\" \/>\n<meta property=\"og:url\" content=\"https:\/\/jornalfatosenoticias.com.br\/index.php\/2020\/05\/12\/bob-burnquist-icone-do-skate-o-momento-e-de-focar-na-vida\/\" \/>\n<meta property=\"og:site_name\" content=\"Jornal Fatos e Not\u00edcias\" \/>\n<meta property=\"article:published_time\" content=\"2020-05-12T13:12:42+00:00\" \/>\n<meta property=\"article:modified_time\" content=\"2020-05-12T13:15:02+00:00\" \/>\n<meta property=\"og:image\" content=\"https:\/\/jornalfatosenoticias.com.br\/wp-content\/uploads\/2020\/05\/instituto_bob_burnquist_skate.jpg\" \/>\n\t<meta property=\"og:image:width\" content=\"1000\" \/>\n\t<meta property=\"og:image:height\" content=\"563\" \/>\n\t<meta property=\"og:image:type\" content=\"image\/jpeg\" \/>\n<meta name=\"author\" content=\"Luzimara Fernandes\" \/>\n<meta name=\"twitter:card\" content=\"summary_large_image\" \/>\n<meta name=\"twitter:label1\" content=\"Escrito por\" \/>\n\t<meta name=\"twitter:data1\" content=\"Luzimara Fernandes\" \/>\n\t<meta name=\"twitter:label2\" content=\"Est. tempo de leitura\" \/>\n\t<meta name=\"twitter:data2\" content=\"3 minutos\" \/>\n<script type=\"application\/ld+json\" class=\"yoast-schema-graph\">{\"@context\":\"https:\/\/schema.org\",\"@graph\":[{\"@type\":\"Article\",\"@id\":\"https:\/\/jornalfatosenoticias.com.br\/index.php\/2020\/05\/12\/bob-burnquist-icone-do-skate-o-momento-e-de-focar-na-vida\/#article\",\"isPartOf\":{\"@id\":\"https:\/\/jornalfatosenoticias.com.br\/index.php\/2020\/05\/12\/bob-burnquist-icone-do-skate-o-momento-e-de-focar-na-vida\/\"},\"author\":{\"name\":\"Luzimara Fernandes\",\"@id\":\"https:\/\/jornalfatosenoticias.com.br\/#\/schema\/person\/d63837fa13ac8666eb9e74e0985d6f81\"},\"headline\":\"Bob Burnquist, \u00edcone do skate: o momento \u00e9 de &#8220;focar na vida&#8221;\",\"datePublished\":\"2020-05-12T13:12:42+00:00\",\"dateModified\":\"2020-05-12T13:15:02+00:00\",\"mainEntityOfPage\":{\"@id\":\"https:\/\/jornalfatosenoticias.com.br\/index.php\/2020\/05\/12\/bob-burnquist-icone-do-skate-o-momento-e-de-focar-na-vida\/\"},\"wordCount\":704,\"commentCount\":0,\"publisher\":{\"@id\":\"https:\/\/jornalfatosenoticias.com.br\/#organization\"},\"image\":{\"@id\":\"https:\/\/jornalfatosenoticias.com.br\/index.php\/2020\/05\/12\/bob-burnquist-icone-do-skate-o-momento-e-de-focar-na-vida\/#primaryimage\"},\"thumbnailUrl\":\"https:\/\/jornalfatosenoticias.com.br\/wp-content\/uploads\/2020\/05\/instituto_bob_burnquist_skate.jpg\",\"keywords\":[\"a\u00e7\u00f5es sociais\",\"Bob Burnquist\",\"covid-19\",\"esportes\",\"IBB\",\"pandemia\",\"skate\"],\"articleSection\":[\"Esportes\"],\"inLanguage\":\"pt-BR\",\"potentialAction\":[{\"@type\":\"CommentAction\",\"name\":\"Comment\",\"target\":[\"https:\/\/jornalfatosenoticias.com.br\/index.php\/2020\/05\/12\/bob-burnquist-icone-do-skate-o-momento-e-de-focar-na-vida\/#respond\"]}]},{\"@type\":\"WebPage\",\"@id\":\"https:\/\/jornalfatosenoticias.com.br\/index.php\/2020\/05\/12\/bob-burnquist-icone-do-skate-o-momento-e-de-focar-na-vida\/\",\"url\":\"https:\/\/jornalfatosenoticias.com.br\/index.php\/2020\/05\/12\/bob-burnquist-icone-do-skate-o-momento-e-de-focar-na-vida\/\",\"name\":\"Bob Burnquist, \u00edcone do skate: o momento \u00e9 de \\\"focar na vida\\\" - Jornal Fatos e Not\u00edcias\",\"isPartOf\":{\"@id\":\"https:\/\/jornalfatosenoticias.com.br\/#website\"},\"primaryImageOfPage\":{\"@id\":\"https:\/\/jornalfatosenoticias.com.br\/index.php\/2020\/05\/12\/bob-burnquist-icone-do-skate-o-momento-e-de-focar-na-vida\/#primaryimage\"},\"image\":{\"@id\":\"https:\/\/jornalfatosenoticias.com.br\/index.php\/2020\/05\/12\/bob-burnquist-icone-do-skate-o-momento-e-de-focar-na-vida\/#primaryimage\"},\"thumbnailUrl\":\"https:\/\/jornalfatosenoticias.com.br\/wp-content\/uploads\/2020\/05\/instituto_bob_burnquist_skate.jpg\",\"datePublished\":\"2020-05-12T13:12:42+00:00\",\"dateModified\":\"2020-05-12T13:15:02+00:00\",\"breadcrumb\":{\"@id\":\"https:\/\/jornalfatosenoticias.com.br\/index.php\/2020\/05\/12\/bob-burnquist-icone-do-skate-o-momento-e-de-focar-na-vida\/#breadcrumb\"},\"inLanguage\":\"pt-BR\",\"potentialAction\":[{\"@type\":\"ReadAction\",\"target\":[\"https:\/\/jornalfatosenoticias.com.br\/index.php\/2020\/05\/12\/bob-burnquist-icone-do-skate-o-momento-e-de-focar-na-vida\/\"]}]},{\"@type\":\"ImageObject\",\"inLanguage\":\"pt-BR\",\"@id\":\"https:\/\/jornalfatosenoticias.com.br\/index.php\/2020\/05\/12\/bob-burnquist-icone-do-skate-o-momento-e-de-focar-na-vida\/#primaryimage\",\"url\":\"https:\/\/jornalfatosenoticias.com.br\/wp-content\/uploads\/2020\/05\/instituto_bob_burnquist_skate.jpg\",\"contentUrl\":\"https:\/\/jornalfatosenoticias.com.br\/wp-content\/uploads\/2020\/05\/instituto_bob_burnquist_skate.jpg\",\"width\":1000,\"height\":563},{\"@type\":\"BreadcrumbList\",\"@id\":\"https:\/\/jornalfatosenoticias.com.br\/index.php\/2020\/05\/12\/bob-burnquist-icone-do-skate-o-momento-e-de-focar-na-vida\/#breadcrumb\",\"itemListElement\":[{\"@type\":\"ListItem\",\"position\":1,\"name\":\"In\u00edcio\",\"item\":\"https:\/\/jornalfatosenoticias.com.br\/\"},{\"@type\":\"ListItem\",\"position\":2,\"name\":\"Bob Burnquist, \u00edcone do skate: o momento \u00e9 de &#8220;focar na vida&#8221;\"}]},{\"@type\":\"WebSite\",\"@id\":\"https:\/\/jornalfatosenoticias.com.br\/#website\",\"url\":\"https:\/\/jornalfatosenoticias.com.br\/\",\"name\":\"Jornal Fatos e Not\u00edcias\",\"description\":\"Not\u00edcias em geral\",\"publisher\":{\"@id\":\"https:\/\/jornalfatosenoticias.com.br\/#organization\"},\"potentialAction\":[{\"@type\":\"SearchAction\",\"target\":{\"@type\":\"EntryPoint\",\"urlTemplate\":\"https:\/\/jornalfatosenoticias.com.br\/?s={search_term_string}\"},\"query-input\":{\"@type\":\"PropertyValueSpecification\",\"valueRequired\":true,\"valueName\":\"search_term_string\"}}],\"inLanguage\":\"pt-BR\"},{\"@type\":\"Organization\",\"@id\":\"https:\/\/jornalfatosenoticias.com.br\/#organization\",\"name\":\"Jornal Fatos e Not\u00edcias\",\"url\":\"https:\/\/jornalfatosenoticias.com.br\/\",\"logo\":{\"@type\":\"ImageObject\",\"inLanguage\":\"pt-BR\",\"@id\":\"https:\/\/jornalfatosenoticias.com.br\/#\/schema\/logo\/image\/\",\"url\":\"https:\/\/jornalfatosenoticias.com.br\/wp-content\/uploads\/2020\/02\/logo120.png\",\"contentUrl\":\"https:\/\/jornalfatosenoticias.com.br\/wp-content\/uploads\/2020\/02\/logo120.png\",\"width\":1227,\"height\":120,\"caption\":\"Jornal Fatos e Not\u00edcias\"},\"image\":{\"@id\":\"https:\/\/jornalfatosenoticias.com.br\/#\/schema\/logo\/image\/\"}},{\"@type\":\"Person\",\"@id\":\"https:\/\/jornalfatosenoticias.com.br\/#\/schema\/person\/d63837fa13ac8666eb9e74e0985d6f81\",\"name\":\"Luzimara Fernandes\",\"image\":{\"@type\":\"ImageObject\",\"inLanguage\":\"pt-BR\",\"@id\":\"https:\/\/jornalfatosenoticias.com.br\/#\/schema\/person\/image\/\",\"url\":\"https:\/\/jornalfatosenoticias.com.br\/wp-content\/uploads\/2025\/05\/EU_portal.jpg\",\"contentUrl\":\"https:\/\/jornalfatosenoticias.com.br\/wp-content\/uploads\/2025\/05\/EU_portal.jpg\",\"caption\":\"Luzimara Fernandes\"},\"description\":\"Jornalista MTB 2358-ES\",\"sameAs\":[\"https:\/\/jornalfatosenoticias.com.br\"],\"url\":\"https:\/\/jornalfatosenoticias.com.br\/index.php\/author\/luzimara\/\"}]}<\/script>\n<!-- \/ Yoast SEO plugin. -->","yoast_head_json":{"title":"Bob Burnquist, \u00edcone do skate: o momento \u00e9 de \"focar na vida\" - Jornal Fatos e Not\u00edcias","robots":{"index":"index","follow":"follow","max-snippet":"max-snippet:-1","max-image-preview":"max-image-preview:large","max-video-preview":"max-video-preview:-1"},"canonical":"https:\/\/jornalfatosenoticias.com.br\/index.php\/2020\/05\/12\/bob-burnquist-icone-do-skate-o-momento-e-de-focar-na-vida\/","og_locale":"pt_BR","og_type":"article","og_title":"Bob Burnquist, \u00edcone do skate: o momento \u00e9 de \"focar na vida\" - Jornal Fatos e Not\u00edcias","og_description":"Multicampe\u00e3o faz parceria com banco para potencializar a\u00e7\u00f5es sociais Equil\u00edbrio e coordena\u00e7\u00e3o s\u00e3o algumas das habilidades desenvolvidas por quem se arrisca em cima de uma prancha de skate, esporte com aproximadamente 8,5 milh\u00f5es de praticantes somente no Brasil, segundo pesquisa realizada em 2017 pelo instituto Datafolha. Aos 43 anos, o maior vencedor do X-Games \u2014 [&hellip;]","og_url":"https:\/\/jornalfatosenoticias.com.br\/index.php\/2020\/05\/12\/bob-burnquist-icone-do-skate-o-momento-e-de-focar-na-vida\/","og_site_name":"Jornal Fatos e Not\u00edcias","article_published_time":"2020-05-12T13:12:42+00:00","article_modified_time":"2020-05-12T13:15:02+00:00","og_image":[{"width":1000,"height":563,"url":"https:\/\/jornalfatosenoticias.com.br\/wp-content\/uploads\/2020\/05\/instituto_bob_burnquist_skate.jpg","type":"image\/jpeg"}],"author":"Luzimara Fernandes","twitter_card":"summary_large_image","twitter_misc":{"Escrito por":"Luzimara Fernandes","Est. tempo de leitura":"3 minutos"},"schema":{"@context":"https:\/\/schema.org","@graph":[{"@type":"Article","@id":"https:\/\/jornalfatosenoticias.com.br\/index.php\/2020\/05\/12\/bob-burnquist-icone-do-skate-o-momento-e-de-focar-na-vida\/#article","isPartOf":{"@id":"https:\/\/jornalfatosenoticias.com.br\/index.php\/2020\/05\/12\/bob-burnquist-icone-do-skate-o-momento-e-de-focar-na-vida\/"},"author":{"name":"Luzimara Fernandes","@id":"https:\/\/jornalfatosenoticias.com.br\/#\/schema\/person\/d63837fa13ac8666eb9e74e0985d6f81"},"headline":"Bob Burnquist, \u00edcone do skate: o momento \u00e9 de &#8220;focar na vida&#8221;","datePublished":"2020-05-12T13:12:42+00:00","dateModified":"2020-05-12T13:15:02+00:00","mainEntityOfPage":{"@id":"https:\/\/jornalfatosenoticias.com.br\/index.php\/2020\/05\/12\/bob-burnquist-icone-do-skate-o-momento-e-de-focar-na-vida\/"},"wordCount":704,"commentCount":0,"publisher":{"@id":"https:\/\/jornalfatosenoticias.com.br\/#organization"},"image":{"@id":"https:\/\/jornalfatosenoticias.com.br\/index.php\/2020\/05\/12\/bob-burnquist-icone-do-skate-o-momento-e-de-focar-na-vida\/#primaryimage"},"thumbnailUrl":"https:\/\/jornalfatosenoticias.com.br\/wp-content\/uploads\/2020\/05\/instituto_bob_burnquist_skate.jpg","keywords":["a\u00e7\u00f5es sociais","Bob Burnquist","covid-19","esportes","IBB","pandemia","skate"],"articleSection":["Esportes"],"inLanguage":"pt-BR","potentialAction":[{"@type":"CommentAction","name":"Comment","target":["https:\/\/jornalfatosenoticias.com.br\/index.php\/2020\/05\/12\/bob-burnquist-icone-do-skate-o-momento-e-de-focar-na-vida\/#respond"]}]},{"@type":"WebPage","@id":"https:\/\/jornalfatosenoticias.com.br\/index.php\/2020\/05\/12\/bob-burnquist-icone-do-skate-o-momento-e-de-focar-na-vida\/","url":"https:\/\/jornalfatosenoticias.com.br\/index.php\/2020\/05\/12\/bob-burnquist-icone-do-skate-o-momento-e-de-focar-na-vida\/","name":"Bob Burnquist, \u00edcone do skate: o momento \u00e9 de \"focar na vida\" - Jornal Fatos e Not\u00edcias","isPartOf":{"@id":"https:\/\/jornalfatosenoticias.com.br\/#website"},"primaryImageOfPage":{"@id":"https:\/\/jornalfatosenoticias.com.br\/index.php\/2020\/05\/12\/bob-burnquist-icone-do-skate-o-momento-e-de-focar-na-vida\/#primaryimage"},"image":{"@id":"https:\/\/jornalfatosenoticias.com.br\/index.php\/2020\/05\/12\/bob-burnquist-icone-do-skate-o-momento-e-de-focar-na-vida\/#primaryimage"},"thumbnailUrl":"https:\/\/jornalfatosenoticias.com.br\/wp-content\/uploads\/2020\/05\/instituto_bob_burnquist_skate.jpg","datePublished":"2020-05-12T13:12:42+00:00","dateModified":"2020-05-12T13:15:02+00:00","breadcrumb":{"@id":"https:\/\/jornalfatosenoticias.com.br\/index.php\/2020\/05\/12\/bob-burnquist-icone-do-skate-o-momento-e-de-focar-na-vida\/#breadcrumb"},"inLanguage":"pt-BR","potentialAction":[{"@type":"ReadAction","target":["https:\/\/jornalfatosenoticias.com.br\/index.php\/2020\/05\/12\/bob-burnquist-icone-do-skate-o-momento-e-de-focar-na-vida\/"]}]},{"@type":"ImageObject","inLanguage":"pt-BR","@id":"https:\/\/jornalfatosenoticias.com.br\/index.php\/2020\/05\/12\/bob-burnquist-icone-do-skate-o-momento-e-de-focar-na-vida\/#primaryimage","url":"https:\/\/jornalfatosenoticias.com.br\/wp-content\/uploads\/2020\/05\/instituto_bob_burnquist_skate.jpg","contentUrl":"https:\/\/jornalfatosenoticias.com.br\/wp-content\/uploads\/2020\/05\/instituto_bob_burnquist_skate.jpg","width":1000,"height":563},{"@type":"BreadcrumbList","@id":"https:\/\/jornalfatosenoticias.com.br\/index.php\/2020\/05\/12\/bob-burnquist-icone-do-skate-o-momento-e-de-focar-na-vida\/#breadcrumb","itemListElement":[{"@type":"ListItem","position":1,"name":"In\u00edcio","item":"https:\/\/jornalfatosenoticias.com.br\/"},{"@type":"ListItem","position":2,"name":"Bob Burnquist, \u00edcone do skate: o momento \u00e9 de &#8220;focar na vida&#8221;"}]},{"@type":"WebSite","@id":"https:\/\/jornalfatosenoticias.com.br\/#website","url":"https:\/\/jornalfatosenoticias.com.br\/","name":"Jornal Fatos e Not\u00edcias","description":"Not\u00edcias em geral","publisher":{"@id":"https:\/\/jornalfatosenoticias.com.br\/#organization"},"potentialAction":[{"@type":"SearchAction","target":{"@type":"EntryPoint","urlTemplate":"https:\/\/jornalfatosenoticias.com.br\/?s={search_term_string}"},"query-input":{"@type":"PropertyValueSpecification","valueRequired":true,"valueName":"search_term_string"}}],"inLanguage":"pt-BR"},{"@type":"Organization","@id":"https:\/\/jornalfatosenoticias.com.br\/#organization","name":"Jornal Fatos e Not\u00edcias","url":"https:\/\/jornalfatosenoticias.com.br\/","logo":{"@type":"ImageObject","inLanguage":"pt-BR","@id":"https:\/\/jornalfatosenoticias.com.br\/#\/schema\/logo\/image\/","url":"https:\/\/jornalfatosenoticias.com.br\/wp-content\/uploads\/2020\/02\/logo120.png","contentUrl":"https:\/\/jornalfatosenoticias.com.br\/wp-content\/uploads\/2020\/02\/logo120.png","width":1227,"height":120,"caption":"Jornal Fatos e Not\u00edcias"},"image":{"@id":"https:\/\/jornalfatosenoticias.com.br\/#\/schema\/logo\/image\/"}},{"@type":"Person","@id":"https:\/\/jornalfatosenoticias.com.br\/#\/schema\/person\/d63837fa13ac8666eb9e74e0985d6f81","name":"Luzimara Fernandes","image":{"@type":"ImageObject","inLanguage":"pt-BR","@id":"https:\/\/jornalfatosenoticias.com.br\/#\/schema\/person\/image\/","url":"https:\/\/jornalfatosenoticias.com.br\/wp-content\/uploads\/2025\/05\/EU_portal.jpg","contentUrl":"https:\/\/jornalfatosenoticias.com.br\/wp-content\/uploads\/2025\/05\/EU_portal.jpg","caption":"Luzimara Fernandes"},"description":"Jornalista MTB 2358-ES","sameAs":["https:\/\/jornalfatosenoticias.com.br"],"url":"https:\/\/jornalfatosenoticias.com.br\/index.php\/author\/luzimara\/"}]}},"cc_featured_image_caption":{"caption_text":"(Foto: IBB\/Divulga\u00e7\u00e3o\/Direitos reservados)","source_text":"","source_url":""},"jetpack_featured_media_url":"https:\/\/jornalfatosenoticias.com.br\/wp-content\/uploads\/2020\/05\/instituto_bob_burnquist_skate.jpg","_links":{"self":[{"href":"https:\/\/jornalfatosenoticias.com.br\/index.php\/wp-json\/wp\/v2\/posts\/4349","targetHints":{"allow":["GET"]}}],"collection":[{"href":"https:\/\/jornalfatosenoticias.com.br\/index.php\/wp-json\/wp\/v2\/posts"}],"about":[{"href":"https:\/\/jornalfatosenoticias.com.br\/index.php\/wp-json\/wp\/v2\/types\/post"}],"author":[{"embeddable":true,"href":"https:\/\/jornalfatosenoticias.com.br\/index.php\/wp-json\/wp\/v2\/users\/2"}],"replies":[{"embeddable":true,"href":"https:\/\/jornalfatosenoticias.com.br\/index.php\/wp-json\/wp\/v2\/comments?post=4349"}],"version-history":[{"count":0,"href":"https:\/\/jornalfatosenoticias.com.br\/index.php\/wp-json\/wp\/v2\/posts\/4349\/revisions"}],"wp:featuredmedia":[{"embeddable":true,"href":"https:\/\/jornalfatosenoticias.com.br\/index.php\/wp-json\/wp\/v2\/media\/4352"}],"wp:attachment":[{"href":"https:\/\/jornalfatosenoticias.com.br\/index.php\/wp-json\/wp\/v2\/media?parent=4349"}],"wp:term":[{"taxonomy":"category","embeddable":true,"href":"https:\/\/jornalfatosenoticias.com.br\/index.php\/wp-json\/wp\/v2\/categories?post=4349"},{"taxonomy":"post_tag","embeddable":true,"href":"https:\/\/jornalfatosenoticias.com.br\/index.php\/wp-json\/wp\/v2\/tags?post=4349"}],"curies":[{"name":"wp","href":"https:\/\/api.w.org\/{rel}","templated":true}]}}