{"id":43500,"date":"2023-07-20T16:27:05","date_gmt":"2023-07-20T19:27:05","guid":{"rendered":"https:\/\/jornalfatosenoticias.com.br\/?p=43500"},"modified":"2023-07-20T16:27:06","modified_gmt":"2023-07-20T19:27:06","slug":"a-semana-em-brasilia-e-no-es-em-cabo-verde-lula-agradece-por-tudo-que-foi-produzido-durante-350-anos-de-escravidao","status":"publish","type":"post","link":"https:\/\/jornalfatosenoticias.com.br\/index.php\/2023\/07\/20\/a-semana-em-brasilia-e-no-es-em-cabo-verde-lula-agradece-por-tudo-que-foi-produzido-durante-350-anos-de-escravidao\/","title":{"rendered":"A Semana em Bras\u00edlia e no ES \u2014 Em Cabo Verde, Lula agradece \u201cpor tudo que foi produzido durante 350 anos de escravid\u00e3o\u201d"},"content":{"rendered":"\n<div class=\"wp-block-image\"><figure class=\"aligncenter size-large is-resized\"><img loading=\"lazy\" decoding=\"async\" src=\"https:\/\/jornalfatosenoticias.com.br\/wp-content\/uploads\/2022\/08\/arte-Casarao.jpg\" alt=\"\" class=\"wp-image-33178\" width=\"244\" height=\"203\"\/><\/figure><\/div>\n\n\n\n<p><em><span class=\"has-inline-color has-black-color\">Por Raul Holderf Nascimento<\/span><\/em><\/p>\n\n\n\n<p>Lula, que est\u00e1 em Cabo Verde, costa noroeste da \u00c1frica, agradeceu pelo que \u201cfoi produzido\u201d durante a escravid\u00e3o no Brasil. A visita ao pa\u00eds n\u00e3o constava em agenda oficial do chefe do Executivo federal, mas a c\u00fapula governista decidiu encontrar o presidente Jos\u00e9 Maria Neves, ap\u00f3s participa\u00e7\u00e3o na c\u00fapula de Bruxelas, na B\u00e9lgica.<\/p>\n\n\n\n<blockquote class=\"wp-block-quote is-layout-flow wp-block-quote-is-layout-flow\"><p><span class=\"has-inline-color has-luminous-vivid-orange-color\">N\u00f3s temos uma profunda gratid\u00e3o ao continente africano por tudo que foi produzido durante 350 anos de escravid\u00e3o no nosso Pa\u00eds. N\u00f3s achamos que a forma de pagamento que um pa\u00eds como o Brasil pode fazer \u00e9 (inaud\u00edvel) em tecnologia, a possibilidade de forma\u00e7\u00e3o de gente para que tenha especializa\u00e7\u00e3o nas \u00e1reas que o continente africano precisa, ajudar na possibilidade de industrializa\u00e7\u00e3o e agricultura\u201d, disse Lula.<\/span><\/p><\/blockquote>\n\n\n\n<p>O petista, al\u00e9m disso, voltou a fazer ataques velados ao governo do ex-presidente Jair Bolsonaro (PL). \u201cN\u00f3s queremos, agora, com a minha volta, recuperar a boa e produtiva rela\u00e7\u00e3o que o Brasil tinha com os pa\u00edses do continente africano\u201d, disse o petista.<\/p>\n\n\n\n<div class=\"wp-block-image\"><figure class=\"aligncenter size-large is-resized\"><img loading=\"lazy\" decoding=\"async\" src=\"https:\/\/jornalfatosenoticias.com.br\/wp-content\/uploads\/2022\/02\/Precisao-Contabilidade-1024x724.jpg\" alt=\"\" class=\"wp-image-28088\" width=\"296\" height=\"209\"\/><\/figure><\/div>\n\n\n\n<p>Por fim, o mandat\u00e1rio emendou: \u201cO Brasil \u00e9 muito grande, tem muita possibilidade de ajudar o continente africano em muitas \u00e1reas. Se n\u00f3s n\u00e3o tiv\u00e9ssemos um governo negacionista, o Brasil poderia ter produzido vacina contra a covid-19 e ter ajudado o continente africano. N\u00f3s tivemos um desgoverno, que n\u00e3o cumpriu com o que era essencial de cuidar do ser humano. O Brasil voltou \u00e0 democracia\u201d. <strong>(Fonte: Conex\u00e3o Pol\u00edtica)<\/strong><\/p>\n\n\n\n<hr class=\"wp-block-separator\"\/>\n\n\n\n<p><strong><span class=\"has-inline-color has-black-color\">Moraes bloqueia contas banc\u00e1rias da filha de 15 anos de Oswaldo Eust\u00e1quio<br><\/span><\/strong><em><span class=\"has-inline-color has-black-color\">Por Marcos Rocha<\/span><\/em><\/p>\n\n\n\n<div class=\"wp-block-image\"><figure class=\"aligncenter size-large\"><img loading=\"lazy\" decoding=\"async\" width=\"1000\" height=\"562\" src=\"https:\/\/jornalfatosenoticias.com.br\/wp-content\/uploads\/2023\/07\/Moraes-bloqueia-contas-da-filha-de-Oswaldo-Eustaquio.png\" alt=\"\" class=\"wp-image-43506\" srcset=\"https:\/\/jornalfatosenoticias.com.br\/wp-content\/uploads\/2023\/07\/Moraes-bloqueia-contas-da-filha-de-Oswaldo-Eustaquio.png 1000w, https:\/\/jornalfatosenoticias.com.br\/wp-content\/uploads\/2023\/07\/Moraes-bloqueia-contas-da-filha-de-Oswaldo-Eustaquio-300x169.png 300w, https:\/\/jornalfatosenoticias.com.br\/wp-content\/uploads\/2023\/07\/Moraes-bloqueia-contas-da-filha-de-Oswaldo-Eustaquio-768x432.png 768w\" sizes=\"auto, (max-width: 1000px) 100vw, 1000px\" \/><figcaption><em><span class=\"has-inline-color has-black-color\">(Foto: Reprodu\u00e7\u00e3o) <\/span><\/em><\/figcaption><\/figure><\/div>\n\n\n\n<p>O ministro Alexandre de Moraes determinou o bloqueio das contas banc\u00e1rias da filha de 15 anos do jornalista Oswaldo Eust\u00e1quio. Essa decis\u00e3o foi tomada em mar\u00e7o, por\u00e9m s\u00f3 veio a p\u00fablico nesta semana.<br>Eust\u00e1quio encontra-se fora do Brasil e possui contra si um mandado de pris\u00e3o expedido em dezembro de 2022, quando o ministro do Supremo Tribunal Federal (STF) ordenou sua deten\u00e7\u00e3o por supostos crimes de amea\u00e7a e ataque violento ao Estado Democr\u00e1tico de Direito.<\/p>\n\n\n\n<div class=\"wp-block-image\"><figure class=\"aligncenter size-large\"><img decoding=\"async\" src=\"https:\/\/jornalfatosenoticias.com.br\/wp-content\/uploads\/2020\/02\/logo_esteio.jpg\" alt=\"\" class=\"wp-image-1214\"\/><\/figure><\/div>\n\n\n\n<p>A decis\u00e3o de Moraes de bloquear as contas da filha menor de idade do jornalista ocorreu ap\u00f3s Eust\u00e1quio solicitar doa\u00e7\u00f5es por meio do Pix dela. O jornalista est\u00e1 enfrentando investidas judiciais impostas pelo STF e j\u00e1 foi preso duas vezes, em 2020 e 2021, por ordem do magistrado.<br>Em nota enviada ao portal Metr\u00f3poles, a defesa do jornalista afirmou que ele n\u00e3o \u00e9 foragido, uma vez que possui endere\u00e7o fixo no Paraguai. Tamb\u00e9m chamou de \u201cabsurdo\u201d o bloqueio das contas banc\u00e1rias da filha de 15 anos. <strong>(Fonte: Conex\u00e3o Pol\u00edtica)<\/strong><\/p>\n\n\n\n<div class=\"wp-block-image\"><figure class=\"aligncenter size-large\"><img loading=\"lazy\" decoding=\"async\" width=\"300\" height=\"137\" src=\"https:\/\/jornalfatosenoticias.com.br\/wp-content\/uploads\/2023\/06\/LOGO_JULIANA-GRACA_PORTAL.jpg\" alt=\"\" class=\"wp-image-42597\"\/><\/figure><\/div>\n\n\n\n<hr class=\"wp-block-separator\"\/>\n\n\n\n<p><strong><span class=\"has-inline-color has-black-color\">\u2018Boric \u00e9 sequioso e apressado\u2019, diz Lula sobre cr\u00edticas de presidente do Chile<\/span><\/strong><\/p>\n\n\n\n<div class=\"wp-block-image\"><figure class=\"aligncenter size-large\"><img loading=\"lazy\" decoding=\"async\" width=\"984\" height=\"686\" src=\"https:\/\/jornalfatosenoticias.com.br\/wp-content\/uploads\/2023\/07\/lula-e-boric.jpg\" alt=\"\" class=\"wp-image-43505\" srcset=\"https:\/\/jornalfatosenoticias.com.br\/wp-content\/uploads\/2023\/07\/lula-e-boric.jpg 984w, https:\/\/jornalfatosenoticias.com.br\/wp-content\/uploads\/2023\/07\/lula-e-boric-300x209.jpg 300w, https:\/\/jornalfatosenoticias.com.br\/wp-content\/uploads\/2023\/07\/lula-e-boric-768x535.jpg 768w\" sizes=\"auto, (max-width: 984px) 100vw, 984px\" \/><figcaption><em><span class=\"has-inline-color has-black-color\">(Foto: AP Photo\/Reprodu\u00e7\u00e3o)<\/span><\/em><\/figcaption><\/figure><\/div>\n\n\n\n<p>Luiz In\u00e1cio Lula da Silva (PT) n\u00e3o est\u00e1 satisfeito com as declara\u00e7\u00f5es p\u00fablicas feitas pelo presidente do Chile, Gabriel Boric. Durante a c\u00fapula da Comunidade dos Estados Latino-Americanos e Caribenhos (Celac) e Uni\u00e3o Europeia, que ocorreu na B\u00e9lgica, Boric pediu que os pa\u00edses latino-americanos adotassem uma postura mais firme em rela\u00e7\u00e3o \u00e0 R\u00fassia.<\/p>\n\n\n\n<div class=\"wp-block-image\"><figure class=\"aligncenter size-large\"><img loading=\"lazy\" decoding=\"async\" width=\"300\" height=\"250\" src=\"https:\/\/jornalfatosenoticias.com.br\/wp-content\/uploads\/2022\/02\/FERRARI_MAQUINAS-E-FERRAMENTAS2.jpg\" alt=\"\" class=\"wp-image-27860\"\/><\/figure><\/div>\n\n\n\n<p>O presidente chileno, que \u00e9 de esquerda, afirmou que os l\u00edderes da Celac deveriam condenar de forma mais contundente a invas\u00e3o russa na Ucr\u00e2nia. Durante a c\u00fapula, foi emitida uma declara\u00e7\u00e3o conjunta que mencionava o conflito no Leste Europeu, mas sem adotar uma postura hostil em rela\u00e7\u00e3o \u00e0 R\u00fassia. No entanto, houve uma ressalva ao final do documento, indicando que um pa\u00eds n\u00e3o concordava com um determinado par\u00e1grafo. Esse pa\u00eds era a Nicar\u00e1gua, e o trecho em quest\u00e3o tratava do conflito.<br>Lula comentou sobre a declara\u00e7\u00e3o do presidente chileno em resposta a jornalistas. O presidente brasileiro afirmou que Boric \u00e9 um \u201cjovem impaciente e precipitado\u201d e que n\u00e3o est\u00e1 acostumado a participar de c\u00fapulas internacionais.<br>\u201cEu n\u00e3o tenho o porqu\u00ea concordar com o Boric, \u00e9 uma vis\u00e3o dele\u201d, rebateu o petista. \u201cPossivelmente, a falta de costume de participar dessas reuni\u00f5es faz com que um jovem seja mais sequioso e mais apressado, mas as coisas n\u00e3o s\u00e3o assim\u201d, disse o presidente brasileiro aos jornalistas em Bruxelas nesta quarta-feira (19).<\/p>\n\n\n\n<div class=\"wp-block-image\"><figure class=\"aligncenter size-large is-resized\"><img loading=\"lazy\" decoding=\"async\" src=\"https:\/\/jornalfatosenoticias.com.br\/wp-content\/uploads\/2020\/02\/casa-do-torresmo_portal.jpg\" alt=\"\" class=\"wp-image-34472\" width=\"267\" height=\"267\" srcset=\"https:\/\/jornalfatosenoticias.com.br\/wp-content\/uploads\/2020\/02\/casa-do-torresmo_portal.jpg 300w, https:\/\/jornalfatosenoticias.com.br\/wp-content\/uploads\/2020\/02\/casa-do-torresmo_portal-150x150.jpg 150w\" sizes=\"auto, (max-width: 267px) 100vw, 267px\" \/><\/figure><\/div>\n\n\n\n<blockquote class=\"wp-block-quote is-layout-flow wp-block-quote-is-layout-flow\"><p><span class=\"has-inline-color has-luminous-vivid-orange-color\">A gente tem que compreender que nem todo mundo concorda com a gente\u201d, disse Lula. \u201cNem todo mundo tem a mesma pressa e vis\u00e3o sobre a mesma coisa\u201d, argumentou o presidente brasileiro. <\/span><\/p><\/blockquote>\n\n\n\n<p><strong>(Fonte: Conex\u00e3o Pol\u00edtica)<\/strong><\/p>\n\n\n\n<div class=\"wp-block-image\"><figure class=\"aligncenter size-large is-resized\"><img loading=\"lazy\" decoding=\"async\" src=\"https:\/\/jornalfatosenoticias.com.br\/wp-content\/uploads\/2023\/04\/Logo_MasterMind.jpg\" alt=\"\" class=\"wp-image-40974\" width=\"315\" height=\"229\"\/><\/figure><\/div>\n\n\n\n<hr class=\"wp-block-separator\"\/>\n\n\n\n<p><span class=\"has-inline-color has-black-color\"><strong>Deputados e senadores protocolam pedido de impeachment contra Barroso<br><\/strong><\/span><em><span class=\"has-inline-color has-black-color\">Por Raul Holderf Nascimento<\/span><\/em><\/p>\n\n\n\n<div class=\"wp-block-image\"><figure class=\"aligncenter size-large\"><img loading=\"lazy\" decoding=\"async\" width=\"1000\" height=\"556\" src=\"https:\/\/jornalfatosenoticias.com.br\/wp-content\/uploads\/2023\/07\/Deputados-e-senadores-protocolam-pedido-de-impeachment-contra-Barroso.jpg\" alt=\"\" class=\"wp-image-43504\" srcset=\"https:\/\/jornalfatosenoticias.com.br\/wp-content\/uploads\/2023\/07\/Deputados-e-senadores-protocolam-pedido-de-impeachment-contra-Barroso.jpg 1000w, https:\/\/jornalfatosenoticias.com.br\/wp-content\/uploads\/2023\/07\/Deputados-e-senadores-protocolam-pedido-de-impeachment-contra-Barroso-300x167.jpg 300w, https:\/\/jornalfatosenoticias.com.br\/wp-content\/uploads\/2023\/07\/Deputados-e-senadores-protocolam-pedido-de-impeachment-contra-Barroso-768x427.jpg 768w\" sizes=\"auto, (max-width: 1000px) 100vw, 1000px\" \/><figcaption><em><span class=\"has-inline-color has-black-color\">(Foto: Roque de S\u00e1\/Ag\u00eancia Senado) <\/span><\/em><\/figcaption><\/figure><\/div>\n\n\n\n<p>Deputados e senadores da oposi\u00e7\u00e3o protocolaram, nesta quarta-feira (19), um pedido de impeachment do ministro <strong>Lu\u00eds Roberto Barroso,<\/strong> do Supremo Tribunal Federal. A a\u00e7\u00e3o ocorre em rea\u00e7\u00e3o \u00e0 declara\u00e7\u00e3o do magistrado no congresso da UNE, quando disse aos estudantes que \u201cn\u00f3s derrotamos o bolsonarismo\u201d. Em entrevista coletiva, o senador Fl\u00e1vio Bolsonaro (PL-RJ, foto) afirmou que \u201csimplesmente n\u00e3o d\u00e1 mais\u201d e que \u201cat\u00e9 o ministro\u201d chegar\u00e1 a mesma conclus\u00e3o.<\/p>\n\n\n\n<div class=\"wp-block-image\"><figure class=\"aligncenter size-large is-resized\"><img loading=\"lazy\" decoding=\"async\" src=\"https:\/\/jornalfatosenoticias.com.br\/wp-content\/uploads\/2023\/03\/logo-Panper_portal.jpg\" alt=\"\" class=\"wp-image-40208\" width=\"295\" height=\"204\" srcset=\"https:\/\/jornalfatosenoticias.com.br\/wp-content\/uploads\/2023\/03\/logo-Panper_portal.jpg 400w, https:\/\/jornalfatosenoticias.com.br\/wp-content\/uploads\/2023\/03\/logo-Panper_portal-300x208.jpg 300w\" sizes=\"auto, (max-width: 295px) 100vw, 295px\" \/><\/figure><\/div>\n\n\n\n<p>\u201cTodos entender\u00e3o esse nosso pedido de impeachment, at\u00e9 o ministro Barroso. O que ele fez foi verbalizar aquilo que milh\u00f5es de brasileiros observaram durante os anos de governo Bolsonaro, durante o processo eleitoral e ap\u00f3s o processo eleitoral, com essa covardia ilegal e arbitr\u00e1ria que foi feita com Bolsonaro de deix\u00e1-lo ineleg\u00edvel sem nenhum fundamento\u201d, disse o parlamentar, que \u00e9 o filho mais velho de Jair Bolsonaro.<strong> (Fonte: Conex\u00e3o Pol\u00edtica)<\/strong><\/p>\n\n\n\n<hr class=\"wp-block-separator\"\/>\n\n\n\n<p><span class=\"has-inline-color has-black-color\"><strong>O recado do chefe do Estado-Maior do Ex\u00e9rcito para Fl\u00e1vio Dino<\/strong><\/span><\/p>\n\n\n\n<div class=\"wp-block-image\"><figure class=\"aligncenter size-large\"><img loading=\"lazy\" decoding=\"async\" width=\"770\" height=\"513\" src=\"https:\/\/jornalfatosenoticias.com.br\/wp-content\/uploads\/2023\/07\/chefe-do-Estado-Maior-Dino.jpg\" alt=\"\" class=\"wp-image-43503\" srcset=\"https:\/\/jornalfatosenoticias.com.br\/wp-content\/uploads\/2023\/07\/chefe-do-Estado-Maior-Dino.jpg 770w, https:\/\/jornalfatosenoticias.com.br\/wp-content\/uploads\/2023\/07\/chefe-do-Estado-Maior-Dino-300x200.jpg 300w, https:\/\/jornalfatosenoticias.com.br\/wp-content\/uploads\/2023\/07\/chefe-do-Estado-Maior-Dino-768x512.jpg 768w\" sizes=\"auto, (max-width: 770px) 100vw, 770px\" \/><figcaption><em><span class=\"has-inline-color has-black-color\">(Foto: Valter Campanato\/Ag\u00eancia Brasil) <\/span><\/em><\/figcaption><\/figure><\/div>\n\n\n\n<p>O chefe do Estado-Maior do Ex\u00e9rcito, general Fernando Jos\u00e9 Sant\u2019Ana Soares e Silva, rebateu o ministro da Justi\u00e7a e Seguran\u00e7a P\u00fablica, Fl\u00e1vio Dino, sobre o suposto desejo do Alto Comando por um \u201cgolpe\u201d em 8 de janeiro. O jornal O Globo divulgou a informa\u00e7\u00e3o.<br>O ministro do governo Luiz In\u00e1cio Lula da Silva e filiado ao Partido Socialista Brasileiro (PSB) disse que a \u201ca maioria do Alto Comando torcia\u201d para que houvesse golpe de Estado. Em resposta, o chefe do Estado-Maior do Ex\u00e9rcito e n\u00famero dois na hierarquia da For\u00e7a afirmou que isso nunca ocorreu \u2014 nem antes nem depois da elei\u00e7\u00e3o de Lula.<\/p>\n\n\n\n<div class=\"wp-block-image\"><figure class=\"aligncenter size-large is-resized\"><img loading=\"lazy\" decoding=\"async\" src=\"https:\/\/jornalfatosenoticias.com.br\/wp-content\/uploads\/2022\/10\/RC_800x750_page-0001.jpg\" alt=\"\" class=\"wp-image-35338\" width=\"270\" height=\"253\" srcset=\"https:\/\/jornalfatosenoticias.com.br\/wp-content\/uploads\/2022\/10\/RC_800x750_page-0001.jpg 400w, https:\/\/jornalfatosenoticias.com.br\/wp-content\/uploads\/2022\/10\/RC_800x750_page-0001-300x281.jpg 300w\" sizes=\"auto, (max-width: 270px) 100vw, 270px\" \/><\/figure><\/div>\n\n\n\n<p>\u201cO Alto Comando do Ex\u00e9rcito nunca quis interven\u00e7\u00e3o militar nem antes, nem durante nem depois das elei\u00e7\u00f5es e da posse de Lula\u201d, disse Soares e Silva ao jornal O Globo. Ele se refere \u00e0 declara\u00e7\u00e3o de Dino \u00e0 revista Veja. \u201cA maioria do Alto Comando torcia \u2014 e friso este verbo \u2014 para que o levante tivesse dado certo\u201d, disse o ministro. \u201cN\u00e3o significa participar e orientar. As For\u00e7as Armadas estavam na torcida, mas n\u00e3o se engajaram\u201d.<br>Al\u00e9m de rebater o ministro Fl\u00e1vio Dino, chefe do Estado-Maior diz que teme politiza\u00e7\u00e3o das For\u00e7as Armadas. J\u00e1 o chefe do Estado-Maior disse ao Globo que o que h\u00e1, na verdade, \u00e9 um temor de politiza\u00e7\u00e3o das For\u00e7as Armadas. \u201cO grande medo que temos \u00e9 a politiza\u00e7\u00e3o das For\u00e7as\u201d, disse o general. \u201cAfastamos isso cumprindo o que manda a lei, que estabelece que militares da ativa n\u00e3o podem ter filia\u00e7\u00e3o partid\u00e1ria e n\u00e3o podem se manifestar politicamente\u201d, acrescentou Soares e Silva.<br>De acordo com o militar, \u201coutro ponto essencial \u00e9 a manuten\u00e7\u00e3o de dois pilares r\u00edgidos: hierarquia e disciplina, para que todo mundo fa\u00e7a a mesma coisa\u201d. <strong>(Fonte: Antena Pol\u00edtica)<\/strong><\/p>\n\n\n\n<div class=\"wp-block-image\"><figure class=\"aligncenter size-large is-resized\"><img loading=\"lazy\" decoding=\"async\" src=\"https:\/\/jornalfatosenoticias.com.br\/wp-content\/uploads\/2020\/02\/logo-Rapuzel-1024x571.jpg\" alt=\"\" class=\"wp-image-42808\" width=\"334\" height=\"186\" srcset=\"https:\/\/jornalfatosenoticias.com.br\/wp-content\/uploads\/2020\/02\/logo-Rapuzel-1024x571.jpg 1024w, https:\/\/jornalfatosenoticias.com.br\/wp-content\/uploads\/2020\/02\/logo-Rapuzel-300x167.jpg 300w, https:\/\/jornalfatosenoticias.com.br\/wp-content\/uploads\/2020\/02\/logo-Rapuzel-768x428.jpg 768w, https:\/\/jornalfatosenoticias.com.br\/wp-content\/uploads\/2020\/02\/logo-Rapuzel-1536x856.jpg 1536w, https:\/\/jornalfatosenoticias.com.br\/wp-content\/uploads\/2020\/02\/logo-Rapuzel.jpg 1600w\" sizes=\"auto, (max-width: 334px) 100vw, 334px\" \/><\/figure><\/div>\n\n\n\n<hr class=\"wp-block-separator\"\/>\n\n\n\n<p><strong><span class=\"has-inline-color has-black-color\">Bahia tem as cidades mais violentas do Pa\u00eds<\/span><\/strong><\/p>\n\n\n\n<div class=\"wp-block-image\"><figure class=\"aligncenter size-large\"><img loading=\"lazy\" decoding=\"async\" width=\"1000\" height=\"666\" src=\"https:\/\/jornalfatosenoticias.com.br\/wp-content\/uploads\/2023\/07\/Bahia-tem-as-cidades-mais-violentas-do-pais.jpg\" alt=\"\" class=\"wp-image-43502\" srcset=\"https:\/\/jornalfatosenoticias.com.br\/wp-content\/uploads\/2023\/07\/Bahia-tem-as-cidades-mais-violentas-do-pais.jpg 1000w, https:\/\/jornalfatosenoticias.com.br\/wp-content\/uploads\/2023\/07\/Bahia-tem-as-cidades-mais-violentas-do-pais-300x200.jpg 300w, https:\/\/jornalfatosenoticias.com.br\/wp-content\/uploads\/2023\/07\/Bahia-tem-as-cidades-mais-violentas-do-pais-768x511.jpg 768w\" sizes=\"auto, (max-width: 1000px) 100vw, 1000px\" \/><figcaption><em><span class=\"has-inline-color has-black-color\">(Foto: Viagens Cine) <\/span><\/em><\/figcaption><\/figure><\/div>\n\n\n\n<p>Onze das 20 cidades mais violentas do Brasil est\u00e3o no estado da Bahia. Macap\u00e1 lidera entre as capitais. O levantamento \u00e9 do 17\u00ba Anu\u00e1rio Brasileiro de Seguran\u00e7a P\u00fablica.<\/p>\n\n\n\n<div class=\"wp-block-image\"><figure class=\"aligncenter size-large is-resized\"><img loading=\"lazy\" decoding=\"async\" src=\"https:\/\/jornalfatosenoticias.com.br\/wp-content\/uploads\/2023\/03\/Crypton-1000-\u00d7-900-px-300x270-1.png\" alt=\"\" class=\"wp-image-40206\" width=\"271\" height=\"244\"\/><\/figure><\/div>\n\n\n\n<p><strong><span class=\"has-inline-color has-vivid-red-color\">Veja a lista<br><\/span><\/strong>Jequi\u00e9 (BA) \u2014 88,8 homic\u00eddios por 100 mil habitantes<br>Santo Ant\u00f4nio de Jesus (BA) \u2014 88,3 homic\u00eddios por 100 mil habitantes<br>Sim\u00f5es Filho (BA) \u2014 87,4 homic\u00eddios por 100 mil habitantes<br>Cama\u00e7ari (BA) \u2014 82,1 homic\u00eddios por 100 mil habitantes<br>Cabo de Santo Agostinho (PE) \u2014 81,2 homic\u00eddios por 100 mil habitantes<br>Sorriso (MT) \u2014 70,5 homic\u00eddios por 100 mil habitantes<br>Altamira (PA) \u2014 70,5 homic\u00eddios por 100 mil habitantes<br>Macap\u00e1 (AP) \u2014 70,0 homic\u00eddios por 100 mil habitantes<br>Feira de Santana (BA) \u2014 68,5 homic\u00eddios por 100 mil habitantes<br>Juazeiro (BA) \u2014 68,3 homic\u00eddios por 100 mil habitantes<br>Teixeira de Freitas (BA) \u2014 66,8 homic\u00eddios por 100 mil habitantes<br>Salvador (BA) \u2014 66,0 homic\u00eddios por 100 mil habitantes<br>Mossor\u00f3 (RN) \u2014 63,5 homic\u00eddios por 100 mil habitantes<br>Ilh\u00e9us (BA) \u2014 62,1 homic\u00eddios por 100 mil habitantes<br>Itaituba (PA) \u2014 61,6 homic\u00eddios por 100 mil habitantes<br>Itagua\u00ed (RJ) \u2014 61,6 homic\u00eddios por 100 mil habitantes<br>Queimados (RJ) \u2014 61,2 homic\u00eddios por 100 mil habitantes<br>Lu\u00eds Eduardo Magalh\u00e3es (BA) \u2014 56,5 homic\u00eddios por 100 mil habitantes<br>Eun\u00e1polis (BA) \u2014 56,3 homic\u00eddios por 100 mil habitantes<br>Santa Rita (PB) \u2014 56,0 homic\u00eddios por 100 mil habitantes<\/p>\n\n\n\n<div class=\"wp-block-image\"><figure class=\"aligncenter size-large\"><img decoding=\"async\" src=\"https:\/\/jornalfatosenoticias.com.br\/wp-content\/uploads\/2020\/02\/barao-das-carnes-300x164-1.jpg\" alt=\"\" class=\"wp-image-34339\"\/><\/figure><\/div>\n\n\n\n<hr class=\"wp-block-separator\"\/>\n\n\n\n<p><strong><span class=\"has-inline-color has-black-color\">Liberdade de express\u00e3o cai no Brasil e no mundo<\/span><\/strong><\/p>\n\n\n\n<div class=\"wp-block-image\"><figure class=\"aligncenter size-large\"><img loading=\"lazy\" decoding=\"async\" width=\"848\" height=\"477\" src=\"https:\/\/jornalfatosenoticias.com.br\/wp-content\/uploads\/2023\/07\/liberdade-expressao.jpg\" alt=\"\" class=\"wp-image-43501\" srcset=\"https:\/\/jornalfatosenoticias.com.br\/wp-content\/uploads\/2023\/07\/liberdade-expressao.jpg 848w, https:\/\/jornalfatosenoticias.com.br\/wp-content\/uploads\/2023\/07\/liberdade-expressao-300x169.jpg 300w, https:\/\/jornalfatosenoticias.com.br\/wp-content\/uploads\/2023\/07\/liberdade-expressao-768x432.jpg 768w\" sizes=\"auto, (max-width: 848px) 100vw, 848px\" \/><figcaption><em><span class=\"has-inline-color has-black-color\">(Foto: Poder360) <\/span><\/em><\/figcaption><\/figure><\/div>\n\n\n\n<p>O n\u00famero de pessoas vivendo em pa\u00edses sem restri\u00e7\u00f5es \u00e0 liberdade de express\u00e3o est\u00e1 no ponto mais baixo em duas d\u00e9cadas: 80% da popula\u00e7\u00e3o global tem menos liberdade de express\u00e3o do que em 2020. <strong><span class=\"has-inline-color has-vivid-red-color\">O Brasil \u00e9 um dos pa\u00edses onde ela caiu.<\/span><\/strong><br>O alerta foi dado pela organiza\u00e7\u00e3o n\u00e3o governamental Article 19 em seu relat\u00f3rio anual sobre a liberdade de express\u00e3o no mundo, que lista o <strong><span class=\"has-inline-color has-vivid-red-color\">Brasil em um preocupante 87\u00ba lugar na lista de 161 na\u00e7\u00f5es e 16\u00ba entre 21 na regi\u00e3o das Am\u00e9ricas, posicionado na faixa laranja (liberdade restrita).<\/span><\/strong><\/p>\n\n\n\n<div class=\"wp-block-image\"><figure class=\"aligncenter size-large\"><img loading=\"lazy\" decoding=\"async\" width=\"300\" height=\"250\" src=\"https:\/\/jornalfatosenoticias.com.br\/wp-content\/uploads\/2022\/02\/Banner-2.png\" alt=\"\" class=\"wp-image-27877\"\/><\/figure><\/div>\n\n\n\n<p>O Pa\u00eds que ocupa o \u00faltimo lugar no ranking \u00e9 a Coreia do Norte, enquanto a Dinamarca ficou em primeiro. O relat\u00f3rio mede a liberdade de todos os indiv\u00edduos para expressar opini\u00f5es e cren\u00e7as, se comunicar e acessar informa\u00e7\u00f5es, independentemente de seu trabalho ou papel na sociedade.<br>Cada um dos 161 pa\u00edses e territ\u00f3rios foi avaliado com base em 25 indicadores e recebeu duas pontua\u00e7\u00f5es de zero a 100: o Global Expression Score (Liberdade de Express\u00e3o Geral) e o Human Score (taxa ponderada pelo tamanho da popula\u00e7\u00e3o do pa\u00eds).<\/p>\n\n\n\n<div class=\"wp-block-image\"><figure class=\"aligncenter size-large is-resized\"><img loading=\"lazy\" decoding=\"async\" src=\"https:\/\/jornalfatosenoticias.com.br\/wp-content\/uploads\/2023\/03\/nova-logo-Marquetti.jpg\" alt=\"\" class=\"wp-image-40207\" width=\"295\" height=\"198\" srcset=\"https:\/\/jornalfatosenoticias.com.br\/wp-content\/uploads\/2023\/03\/nova-logo-Marquetti.jpg 643w, https:\/\/jornalfatosenoticias.com.br\/wp-content\/uploads\/2023\/03\/nova-logo-Marquetti-300x202.jpg 300w\" sizes=\"auto, (max-width: 295px) 100vw, 295px\" \/><\/figure><\/div>\n\n\n\n<p>Entre os indicadores est\u00e3o a liberdade de imprensa, a liberdade de express\u00e3o de ativistas ou cidad\u00e3os por outros meios e tamb\u00e9m fatores como viol\u00eancia policial contra civis, assassinatos de ativistas de direitos humanos ou de jornalistas, e conflitos como a guerra da Ucr\u00e2nia, capazes de silenciar vozes cr\u00edticas.<br>A ONG salienta que essas amea\u00e7as s\u00e3o impostas n\u00e3o apenas por governos autocr\u00e1ticos, mas tamb\u00e9m por novas legisla\u00e7\u00f5es e pela aplica\u00e7\u00e3o de leis existentes dentro de estruturas democr\u00e1ticas, que corroem os direitos humanos.<br><strong><span class=\"has-inline-color has-black-color\">H\u00e1 ainda a influ\u00eancia de interesses corporativos e do crime organizado, problemas recorrentes no Brasil.<\/span><\/strong> \u201cOnde esses grupos e seus interesses se sobrep\u00f5em, as liberdades est\u00e3o em grave perigo\u201d, alerta o estudo.<br>O peso econ\u00f4mico dos pa\u00edses repressores est\u00e1 aumentando, segundo a Article 19. Em 2000, os pa\u00edses \u2018abertos\u2019 detinham 63% do poder econ\u00f4mico mundial. Em 2022, esse n\u00famero caiu para 39%, apenas alguns pontos percentuais a mais do que os pa\u00edses \u2018em crise\u2019.<\/p>\n\n\n\n<div class=\"wp-block-image\"><figure class=\"aligncenter size-large is-resized\"><img loading=\"lazy\" decoding=\"async\" src=\"https:\/\/jornalfatosenoticias.com.br\/wp-content\/uploads\/2020\/02\/logo-embacia.jpg\" alt=\"\" class=\"wp-image-33905\" width=\"252\" height=\"252\"\/><\/figure><\/div>\n\n\n\n<p>O quadro geral \u00e9 considerado \u201csombrio\u201d: o <em>Varieties of Democracy Institute,<\/em> que elabora os indicadores para a pesquisa, afirma que os avan\u00e7os nos n\u00edveis globais de democracia feitos nos \u00faltimos 35 anos foram \u201caniquilados\u201d. \u201cAs pessoas agora experimentam limites em seus direitos democr\u00e1ticos em n\u00edveis n\u00e3o vistos desde 1986\u201d.<br>Na \u00faltima d\u00e9cada, o Global Expression Score, a m\u00e9dia das pontua\u00e7\u00f5es dos pa\u00edses, sofreu uma queda de seis pontos (de 56 para 50). O Human Score, uma medida ponderada pela popula\u00e7\u00e3o para mostrar o custo humano da repress\u00e3o, caiu 13 pontos em apenas uma d\u00e9cada (de 47 para 34), depois de ter permanecido est\u00e1vel entre 2000 e 2011. O mapa mostra o estado da liberdade de express\u00e3o nos pa\u00edses. <strong><em><span class=\"has-inline-color has-vivid-red-color\">O Brasil aparece como na\u00e7\u00e3o onde ela \u00e9 restrita.<\/span><\/em><\/strong><\/p>\n\n\n\n<div class=\"wp-block-image\"><figure class=\"aligncenter size-large\"><img loading=\"lazy\" decoding=\"async\" width=\"1024\" height=\"99\" src=\"https:\/\/jornalfatosenoticias.com.br\/wp-content\/uploads\/2020\/02\/Logo-Mizu-segunda-2-1024x99.png\" alt=\"\" class=\"wp-image-2353\" srcset=\"https:\/\/jornalfatosenoticias.com.br\/wp-content\/uploads\/2020\/02\/Logo-Mizu-segunda-2-1024x99.png 1024w, https:\/\/jornalfatosenoticias.com.br\/wp-content\/uploads\/2020\/02\/Logo-Mizu-segunda-2-300x29.png 300w, https:\/\/jornalfatosenoticias.com.br\/wp-content\/uploads\/2020\/02\/Logo-Mizu-segunda-2-768x74.png 768w, https:\/\/jornalfatosenoticias.com.br\/wp-content\/uploads\/2020\/02\/Logo-Mizu-segunda-2.png 1240w\" sizes=\"auto, (max-width: 1024px) 100vw, 1024px\" \/><\/figure><\/div>\n\n\n\n<h3 class=\"wp-block-heading\"><span class=\"has-inline-color has-black-color\">Veja os principais pontos do relat\u00f3rio:<\/span><\/h3>\n\n\n\n<ol class=\"wp-block-list\"><li>Mais de 6 bilh\u00f5es de pessoas vivem com menos liberdade de express\u00e3o do que no in\u00edcio do s\u00e9culo 21<\/li><li>Apenas 13% da popula\u00e7\u00e3o vive em pa\u00edses \u201cabertos\u201d \u2014 menos pessoas do que em qualquer outro momento deste s\u00e9culo at\u00e9 agora<\/li><li>34% da popula\u00e7\u00e3o global vive em pa\u00edses onde a liberdade de express\u00e3o est\u00e1 em \u2018crise\u2019<\/li><li>Nos \u00faltimos cinco anos, 4,7 bilh\u00f5es de habitantes em 51 pa\u00edses experimentaram decl\u00ednio em sua liberdade de express\u00e3o, enquanto apenas 673 milh\u00f5es de pessoas em 25 pa\u00edses viveram avan\u00e7os<\/li><li>Nos \u00faltimos 10 anos, 6,3 bilh\u00f5es de pessoas em 81 pa\u00edses experimentaram decl\u00ednio em sua liberdade de express\u00e3o, enquanto 452 milh\u00f5es de pessoas em 21 pa\u00edses viveram avan\u00e7os<\/li><li>H\u00e1 mais pa\u00edses em que as liberdades est\u00e3o em decl\u00ednio do que melhorando<\/li><li>Os pa\u00edses com liberdade de express\u00e3o em decl\u00ednio tendem a ter mais habitantes do que aqueles onde ela avan\u00e7a<\/li><li>95% dos pa\u00edses que avan\u00e7aram na \u00faltima d\u00e9cada tinham popula\u00e7\u00f5es de menos de 50 milh\u00f5es de pessoas, enquanto apenas 74% dos pa\u00edses que declinaram no mesmo per\u00edodo tinham popula\u00e7\u00f5es nessa faixa<\/li><li>Nas Am\u00e9ricas, segundo o relat\u00f3rio da Article 19, as perdas de liberdade s\u00e3o muito maiores do que os ganhos.<\/li><li>Somando-se as quedas de pontua\u00e7\u00e3o na regi\u00e3o em uma d\u00e9cada, h\u00e1 uma perda combinada de liberdade de express\u00e3o de 210 pontos, contra um ganho combinado de apenas 42 pontos.<\/li><li>No ano passado, no entanto, houve uma pequena mudan\u00e7a positiva geral: um aumento combinado de 25 pontos, superando uma queda combinada de apenas 14 pontos.<\/li><li>O Brasil est\u00e1 em 16\u00ba lugar entre 21 pa\u00edses da regi\u00e3o, \u00e0 frente apenas de Guatemala, El Salvador, Nicar\u00e1gua, Cuba e Venezuela.<\/li><li>O M\u00e9xico n\u00e3o faz parte da an\u00e1lise global por utilizar uma metodologia diferente.<\/li><li>O relat\u00f3rio observa que as Am\u00e9ricas apresentam tend\u00eancias sub-regionais claras: os pa\u00edses da Am\u00e9rica do Norte e do Cone Sul s\u00e3o abertos, enquanto os pa\u00edses da Am\u00e9rica Central e do Caribe tendem a ter ambientes de express\u00e3o mais restritos.<br>Al\u00e9m disso, quando s\u00e3o exclu\u00eddas as grandes popula\u00e7\u00f5es dos EUA e do Canad\u00e1 para focar apenas na Am\u00e9rica Latina e no Caribe, as pontua\u00e7\u00f5es \u2014 particularmente o Human Score, que leva em conta o tamanho da popula\u00e7\u00e3o \u2014 caem significativamente: de 68 nas Am\u00e9ricas para 58 na Am\u00e9rica Latina e no Caribe. <strong>(Fonte: Terra Brasil Not\u00edcias)<\/strong><\/li><\/ol>\n\n\n\n<div class=\"wp-block-image\"><figure class=\"aligncenter size-large is-resized\"><img loading=\"lazy\" decoding=\"async\" src=\"https:\/\/jornalfatosenoticias.com.br\/wp-content\/uploads\/2023\/07\/torneio_volei.jpg\" alt=\"\" class=\"wp-image-43455\" width=\"371\" height=\"370\" srcset=\"https:\/\/jornalfatosenoticias.com.br\/wp-content\/uploads\/2023\/07\/torneio_volei.jpg 1000w, https:\/\/jornalfatosenoticias.com.br\/wp-content\/uploads\/2023\/07\/torneio_volei-300x300.jpg 300w, https:\/\/jornalfatosenoticias.com.br\/wp-content\/uploads\/2023\/07\/torneio_volei-150x150.jpg 150w, https:\/\/jornalfatosenoticias.com.br\/wp-content\/uploads\/2023\/07\/torneio_volei-768x767.jpg 768w\" sizes=\"auto, (max-width: 371px) 100vw, 371px\" \/><\/figure><\/div>\n","protected":false},"excerpt":{"rendered":"<p>Por Raul Holderf Nascimento Lula, que est\u00e1 em Cabo Verde, costa noroeste da \u00c1frica, agradeceu pelo que \u201cfoi produzido\u201d durante a escravid\u00e3o no Brasil. A visita ao pa\u00eds n\u00e3o constava em agenda oficial do chefe do Executivo federal, mas a c\u00fapula governista decidiu encontrar o presidente Jos\u00e9 Maria Neves, ap\u00f3s participa\u00e7\u00e3o na c\u00fapula de Bruxelas, [&hellip;]<\/p>\n","protected":false},"author":3,"featured_media":43507,"comment_status":"open","ping_status":"open","sticky":false,"template":"","format":"standard","meta":{"footnotes":""},"categories":[10],"tags":[182,13889,20504,9790,1231,192,20505,2140,3516,7580,20506,1521,13762,294,20406,497],"class_list":["post-43500","post","type-post","status-publish","format-standard","has-post-thumbnail","hentry","category-politica","tag-africa","tag-alexandre-de-moraes","tag-bloqueio-das-contas","tag-cabo-verde","tag-chile","tag-escravidao","tag-gabriel-boric","tag-impeachment","tag-luis-roberto-barroso","tag-lula","tag-oswaldo-eustaquio","tag-paraguai","tag-senado-federal","tag-stf","tag-une","tag-uniao-europeia"],"yoast_head":"<!-- This site is optimized with the Yoast SEO plugin v26.5 - https:\/\/yoast.com\/wordpress\/plugins\/seo\/ -->\n<title>A Semana em Bras\u00edlia e no ES \u2014 Em Cabo Verde, Lula agradece \u201cpor tudo que foi produzido durante 350 anos de escravid\u00e3o\u201d - Jornal Fatos e Not\u00edcias<\/title>\n<meta name=\"robots\" content=\"index, follow, max-snippet:-1, max-image-preview:large, max-video-preview:-1\" \/>\n<link rel=\"canonical\" href=\"https:\/\/jornalfatosenoticias.com.br\/index.php\/2023\/07\/20\/a-semana-em-brasilia-e-no-es-em-cabo-verde-lula-agradece-por-tudo-que-foi-produzido-durante-350-anos-de-escravidao\/\" \/>\n<meta property=\"og:locale\" content=\"pt_BR\" \/>\n<meta property=\"og:type\" content=\"article\" \/>\n<meta property=\"og:title\" content=\"A Semana em Bras\u00edlia e no ES \u2014 Em Cabo Verde, Lula agradece \u201cpor tudo que foi produzido durante 350 anos de escravid\u00e3o\u201d - Jornal Fatos e Not\u00edcias\" \/>\n<meta property=\"og:description\" content=\"Por Raul Holderf Nascimento Lula, que est\u00e1 em Cabo Verde, costa noroeste da \u00c1frica, agradeceu pelo que \u201cfoi produzido\u201d durante a escravid\u00e3o no Brasil. A visita ao pa\u00eds n\u00e3o constava em agenda oficial do chefe do Executivo federal, mas a c\u00fapula governista decidiu encontrar o presidente Jos\u00e9 Maria Neves, ap\u00f3s participa\u00e7\u00e3o na c\u00fapula de Bruxelas, [&hellip;]\" \/>\n<meta property=\"og:url\" content=\"https:\/\/jornalfatosenoticias.com.br\/index.php\/2023\/07\/20\/a-semana-em-brasilia-e-no-es-em-cabo-verde-lula-agradece-por-tudo-que-foi-produzido-durante-350-anos-de-escravidao\/\" \/>\n<meta property=\"og:site_name\" content=\"Jornal Fatos e Not\u00edcias\" \/>\n<meta property=\"article:published_time\" content=\"2023-07-20T19:27:05+00:00\" \/>\n<meta property=\"article:modified_time\" content=\"2023-07-20T19:27:06+00:00\" \/>\n<meta property=\"og:image\" content=\"https:\/\/jornalfatosenoticias.com.br\/wp-content\/uploads\/2023\/07\/Lula-agradece-por-tudo-que-foi-produzido-durante-a-escravidao.jpg\" \/>\n\t<meta property=\"og:image:width\" content=\"944\" \/>\n\t<meta property=\"og:image:height\" content=\"531\" \/>\n\t<meta property=\"og:image:type\" content=\"image\/jpeg\" \/>\n<meta name=\"author\" content=\"Haroldo Filho\" \/>\n<meta name=\"twitter:card\" content=\"summary_large_image\" \/>\n<meta name=\"twitter:label1\" content=\"Escrito por\" \/>\n\t<meta name=\"twitter:data1\" content=\"Haroldo Filho\" \/>\n\t<meta name=\"twitter:label2\" content=\"Est. tempo de leitura\" \/>\n\t<meta name=\"twitter:data2\" content=\"12 minutos\" \/>\n<script type=\"application\/ld+json\" class=\"yoast-schema-graph\">{\"@context\":\"https:\/\/schema.org\",\"@graph\":[{\"@type\":\"Article\",\"@id\":\"https:\/\/jornalfatosenoticias.com.br\/index.php\/2023\/07\/20\/a-semana-em-brasilia-e-no-es-em-cabo-verde-lula-agradece-por-tudo-que-foi-produzido-durante-350-anos-de-escravidao\/#article\",\"isPartOf\":{\"@id\":\"https:\/\/jornalfatosenoticias.com.br\/index.php\/2023\/07\/20\/a-semana-em-brasilia-e-no-es-em-cabo-verde-lula-agradece-por-tudo-que-foi-produzido-durante-350-anos-de-escravidao\/\"},\"author\":{\"name\":\"Haroldo Filho\",\"@id\":\"https:\/\/jornalfatosenoticias.com.br\/#\/schema\/person\/05c46cc25b42a5c27e004fb0fa6b4965\"},\"headline\":\"A Semana em Bras\u00edlia e no ES \u2014 Em Cabo Verde, Lula agradece \u201cpor tudo que foi produzido durante 350 anos de escravid\u00e3o\u201d\",\"datePublished\":\"2023-07-20T19:27:05+00:00\",\"dateModified\":\"2023-07-20T19:27:06+00:00\",\"mainEntityOfPage\":{\"@id\":\"https:\/\/jornalfatosenoticias.com.br\/index.php\/2023\/07\/20\/a-semana-em-brasilia-e-no-es-em-cabo-verde-lula-agradece-por-tudo-que-foi-produzido-durante-350-anos-de-escravidao\/\"},\"wordCount\":2418,\"commentCount\":0,\"publisher\":{\"@id\":\"https:\/\/jornalfatosenoticias.com.br\/#organization\"},\"image\":{\"@id\":\"https:\/\/jornalfatosenoticias.com.br\/index.php\/2023\/07\/20\/a-semana-em-brasilia-e-no-es-em-cabo-verde-lula-agradece-por-tudo-que-foi-produzido-durante-350-anos-de-escravidao\/#primaryimage\"},\"thumbnailUrl\":\"https:\/\/jornalfatosenoticias.com.br\/wp-content\/uploads\/2023\/07\/Lula-agradece-por-tudo-que-foi-produzido-durante-a-escravidao.jpg\",\"keywords\":[\"\u00e1frica\",\"Alexandre de Moraes\",\"bloqueio das contas\",\"Cabo Verde\",\"Chile\",\"escravid\u00e3o\",\"Gabriel Boric\",\"impeachment\",\"Lu\u00eds Roberto Barroso\",\"Lula\",\"Oswaldo Eust\u00e1quio\",\"Paraguai\",\"Senado Federal\",\"STF\",\"UNE\",\"Uni\u00e3o Europeia\"],\"articleSection\":[\"Pol\u00edtica\"],\"inLanguage\":\"pt-BR\",\"potentialAction\":[{\"@type\":\"CommentAction\",\"name\":\"Comment\",\"target\":[\"https:\/\/jornalfatosenoticias.com.br\/index.php\/2023\/07\/20\/a-semana-em-brasilia-e-no-es-em-cabo-verde-lula-agradece-por-tudo-que-foi-produzido-durante-350-anos-de-escravidao\/#respond\"]}]},{\"@type\":\"WebPage\",\"@id\":\"https:\/\/jornalfatosenoticias.com.br\/index.php\/2023\/07\/20\/a-semana-em-brasilia-e-no-es-em-cabo-verde-lula-agradece-por-tudo-que-foi-produzido-durante-350-anos-de-escravidao\/\",\"url\":\"https:\/\/jornalfatosenoticias.com.br\/index.php\/2023\/07\/20\/a-semana-em-brasilia-e-no-es-em-cabo-verde-lula-agradece-por-tudo-que-foi-produzido-durante-350-anos-de-escravidao\/\",\"name\":\"A Semana em Bras\u00edlia e no ES \u2014 Em Cabo Verde, Lula agradece \u201cpor tudo que foi produzido durante 350 anos de escravid\u00e3o\u201d - Jornal Fatos e Not\u00edcias\",\"isPartOf\":{\"@id\":\"https:\/\/jornalfatosenoticias.com.br\/#website\"},\"primaryImageOfPage\":{\"@id\":\"https:\/\/jornalfatosenoticias.com.br\/index.php\/2023\/07\/20\/a-semana-em-brasilia-e-no-es-em-cabo-verde-lula-agradece-por-tudo-que-foi-produzido-durante-350-anos-de-escravidao\/#primaryimage\"},\"image\":{\"@id\":\"https:\/\/jornalfatosenoticias.com.br\/index.php\/2023\/07\/20\/a-semana-em-brasilia-e-no-es-em-cabo-verde-lula-agradece-por-tudo-que-foi-produzido-durante-350-anos-de-escravidao\/#primaryimage\"},\"thumbnailUrl\":\"https:\/\/jornalfatosenoticias.com.br\/wp-content\/uploads\/2023\/07\/Lula-agradece-por-tudo-que-foi-produzido-durante-a-escravidao.jpg\",\"datePublished\":\"2023-07-20T19:27:05+00:00\",\"dateModified\":\"2023-07-20T19:27:06+00:00\",\"breadcrumb\":{\"@id\":\"https:\/\/jornalfatosenoticias.com.br\/index.php\/2023\/07\/20\/a-semana-em-brasilia-e-no-es-em-cabo-verde-lula-agradece-por-tudo-que-foi-produzido-durante-350-anos-de-escravidao\/#breadcrumb\"},\"inLanguage\":\"pt-BR\",\"potentialAction\":[{\"@type\":\"ReadAction\",\"target\":[\"https:\/\/jornalfatosenoticias.com.br\/index.php\/2023\/07\/20\/a-semana-em-brasilia-e-no-es-em-cabo-verde-lula-agradece-por-tudo-que-foi-produzido-durante-350-anos-de-escravidao\/\"]}]},{\"@type\":\"ImageObject\",\"inLanguage\":\"pt-BR\",\"@id\":\"https:\/\/jornalfatosenoticias.com.br\/index.php\/2023\/07\/20\/a-semana-em-brasilia-e-no-es-em-cabo-verde-lula-agradece-por-tudo-que-foi-produzido-durante-350-anos-de-escravidao\/#primaryimage\",\"url\":\"https:\/\/jornalfatosenoticias.com.br\/wp-content\/uploads\/2023\/07\/Lula-agradece-por-tudo-que-foi-produzido-durante-a-escravidao.jpg\",\"contentUrl\":\"https:\/\/jornalfatosenoticias.com.br\/wp-content\/uploads\/2023\/07\/Lula-agradece-por-tudo-que-foi-produzido-durante-a-escravidao.jpg\",\"width\":944,\"height\":531},{\"@type\":\"BreadcrumbList\",\"@id\":\"https:\/\/jornalfatosenoticias.com.br\/index.php\/2023\/07\/20\/a-semana-em-brasilia-e-no-es-em-cabo-verde-lula-agradece-por-tudo-que-foi-produzido-durante-350-anos-de-escravidao\/#breadcrumb\",\"itemListElement\":[{\"@type\":\"ListItem\",\"position\":1,\"name\":\"In\u00edcio\",\"item\":\"https:\/\/jornalfatosenoticias.com.br\/\"},{\"@type\":\"ListItem\",\"position\":2,\"name\":\"A Semana em Bras\u00edlia e no ES \u2014 Em Cabo Verde, Lula agradece \u201cpor tudo que foi produzido durante 350 anos de escravid\u00e3o\u201d\"}]},{\"@type\":\"WebSite\",\"@id\":\"https:\/\/jornalfatosenoticias.com.br\/#website\",\"url\":\"https:\/\/jornalfatosenoticias.com.br\/\",\"name\":\"Jornal Fatos e Not\u00edcias\",\"description\":\"Not\u00edcias em geral\",\"publisher\":{\"@id\":\"https:\/\/jornalfatosenoticias.com.br\/#organization\"},\"potentialAction\":[{\"@type\":\"SearchAction\",\"target\":{\"@type\":\"EntryPoint\",\"urlTemplate\":\"https:\/\/jornalfatosenoticias.com.br\/?s={search_term_string}\"},\"query-input\":{\"@type\":\"PropertyValueSpecification\",\"valueRequired\":true,\"valueName\":\"search_term_string\"}}],\"inLanguage\":\"pt-BR\"},{\"@type\":\"Organization\",\"@id\":\"https:\/\/jornalfatosenoticias.com.br\/#organization\",\"name\":\"Jornal Fatos e Not\u00edcias\",\"url\":\"https:\/\/jornalfatosenoticias.com.br\/\",\"logo\":{\"@type\":\"ImageObject\",\"inLanguage\":\"pt-BR\",\"@id\":\"https:\/\/jornalfatosenoticias.com.br\/#\/schema\/logo\/image\/\",\"url\":\"https:\/\/jornalfatosenoticias.com.br\/wp-content\/uploads\/2020\/02\/logo120.png\",\"contentUrl\":\"https:\/\/jornalfatosenoticias.com.br\/wp-content\/uploads\/2020\/02\/logo120.png\",\"width\":1227,\"height\":120,\"caption\":\"Jornal Fatos e Not\u00edcias\"},\"image\":{\"@id\":\"https:\/\/jornalfatosenoticias.com.br\/#\/schema\/logo\/image\/\"}},{\"@type\":\"Person\",\"@id\":\"https:\/\/jornalfatosenoticias.com.br\/#\/schema\/person\/05c46cc25b42a5c27e004fb0fa6b4965\",\"name\":\"Haroldo Filho\",\"image\":{\"@type\":\"ImageObject\",\"inLanguage\":\"pt-BR\",\"@id\":\"https:\/\/jornalfatosenoticias.com.br\/#\/schema\/person\/image\/\",\"url\":\"https:\/\/jornalfatosenoticias.com.br\/wp-content\/uploads\/2025\/08\/WhatsApp-Image-2025-08-18-at-15.30.28-150x150.jpeg\",\"contentUrl\":\"https:\/\/jornalfatosenoticias.com.br\/wp-content\/uploads\/2025\/08\/WhatsApp-Image-2025-08-18-at-15.30.28-150x150.jpeg\",\"caption\":\"Haroldo Filho\"},\"description\":\"Jornalista \u2013 DRT: 0003818\/ES Coordenador-geral da ONG Educar para Crescer\",\"url\":\"https:\/\/jornalfatosenoticias.com.br\/index.php\/author\/haroldo\/\"}]}<\/script>\n<!-- \/ Yoast SEO plugin. -->","yoast_head_json":{"title":"A Semana em Bras\u00edlia e no ES \u2014 Em Cabo Verde, Lula agradece \u201cpor tudo que foi produzido durante 350 anos de escravid\u00e3o\u201d - Jornal Fatos e Not\u00edcias","robots":{"index":"index","follow":"follow","max-snippet":"max-snippet:-1","max-image-preview":"max-image-preview:large","max-video-preview":"max-video-preview:-1"},"canonical":"https:\/\/jornalfatosenoticias.com.br\/index.php\/2023\/07\/20\/a-semana-em-brasilia-e-no-es-em-cabo-verde-lula-agradece-por-tudo-que-foi-produzido-durante-350-anos-de-escravidao\/","og_locale":"pt_BR","og_type":"article","og_title":"A Semana em Bras\u00edlia e no ES \u2014 Em Cabo Verde, Lula agradece \u201cpor tudo que foi produzido durante 350 anos de escravid\u00e3o\u201d - Jornal Fatos e Not\u00edcias","og_description":"Por Raul Holderf Nascimento Lula, que est\u00e1 em Cabo Verde, costa noroeste da \u00c1frica, agradeceu pelo que \u201cfoi produzido\u201d durante a escravid\u00e3o no Brasil. A visita ao pa\u00eds n\u00e3o constava em agenda oficial do chefe do Executivo federal, mas a c\u00fapula governista decidiu encontrar o presidente Jos\u00e9 Maria Neves, ap\u00f3s participa\u00e7\u00e3o na c\u00fapula de Bruxelas, [&hellip;]","og_url":"https:\/\/jornalfatosenoticias.com.br\/index.php\/2023\/07\/20\/a-semana-em-brasilia-e-no-es-em-cabo-verde-lula-agradece-por-tudo-que-foi-produzido-durante-350-anos-de-escravidao\/","og_site_name":"Jornal Fatos e Not\u00edcias","article_published_time":"2023-07-20T19:27:05+00:00","article_modified_time":"2023-07-20T19:27:06+00:00","og_image":[{"width":944,"height":531,"url":"https:\/\/jornalfatosenoticias.com.br\/wp-content\/uploads\/2023\/07\/Lula-agradece-por-tudo-que-foi-produzido-durante-a-escravidao.jpg","type":"image\/jpeg"}],"author":"Haroldo Filho","twitter_card":"summary_large_image","twitter_misc":{"Escrito por":"Haroldo Filho","Est. tempo de leitura":"12 minutos"},"schema":{"@context":"https:\/\/schema.org","@graph":[{"@type":"Article","@id":"https:\/\/jornalfatosenoticias.com.br\/index.php\/2023\/07\/20\/a-semana-em-brasilia-e-no-es-em-cabo-verde-lula-agradece-por-tudo-que-foi-produzido-durante-350-anos-de-escravidao\/#article","isPartOf":{"@id":"https:\/\/jornalfatosenoticias.com.br\/index.php\/2023\/07\/20\/a-semana-em-brasilia-e-no-es-em-cabo-verde-lula-agradece-por-tudo-que-foi-produzido-durante-350-anos-de-escravidao\/"},"author":{"name":"Haroldo Filho","@id":"https:\/\/jornalfatosenoticias.com.br\/#\/schema\/person\/05c46cc25b42a5c27e004fb0fa6b4965"},"headline":"A Semana em Bras\u00edlia e no ES \u2014 Em Cabo Verde, Lula agradece \u201cpor tudo que foi produzido durante 350 anos de escravid\u00e3o\u201d","datePublished":"2023-07-20T19:27:05+00:00","dateModified":"2023-07-20T19:27:06+00:00","mainEntityOfPage":{"@id":"https:\/\/jornalfatosenoticias.com.br\/index.php\/2023\/07\/20\/a-semana-em-brasilia-e-no-es-em-cabo-verde-lula-agradece-por-tudo-que-foi-produzido-durante-350-anos-de-escravidao\/"},"wordCount":2418,"commentCount":0,"publisher":{"@id":"https:\/\/jornalfatosenoticias.com.br\/#organization"},"image":{"@id":"https:\/\/jornalfatosenoticias.com.br\/index.php\/2023\/07\/20\/a-semana-em-brasilia-e-no-es-em-cabo-verde-lula-agradece-por-tudo-que-foi-produzido-durante-350-anos-de-escravidao\/#primaryimage"},"thumbnailUrl":"https:\/\/jornalfatosenoticias.com.br\/wp-content\/uploads\/2023\/07\/Lula-agradece-por-tudo-que-foi-produzido-durante-a-escravidao.jpg","keywords":["\u00e1frica","Alexandre de Moraes","bloqueio das contas","Cabo Verde","Chile","escravid\u00e3o","Gabriel Boric","impeachment","Lu\u00eds Roberto Barroso","Lula","Oswaldo Eust\u00e1quio","Paraguai","Senado Federal","STF","UNE","Uni\u00e3o Europeia"],"articleSection":["Pol\u00edtica"],"inLanguage":"pt-BR","potentialAction":[{"@type":"CommentAction","name":"Comment","target":["https:\/\/jornalfatosenoticias.com.br\/index.php\/2023\/07\/20\/a-semana-em-brasilia-e-no-es-em-cabo-verde-lula-agradece-por-tudo-que-foi-produzido-durante-350-anos-de-escravidao\/#respond"]}]},{"@type":"WebPage","@id":"https:\/\/jornalfatosenoticias.com.br\/index.php\/2023\/07\/20\/a-semana-em-brasilia-e-no-es-em-cabo-verde-lula-agradece-por-tudo-que-foi-produzido-durante-350-anos-de-escravidao\/","url":"https:\/\/jornalfatosenoticias.com.br\/index.php\/2023\/07\/20\/a-semana-em-brasilia-e-no-es-em-cabo-verde-lula-agradece-por-tudo-que-foi-produzido-durante-350-anos-de-escravidao\/","name":"A Semana em Bras\u00edlia e no ES \u2014 Em Cabo Verde, Lula agradece \u201cpor tudo que foi produzido durante 350 anos de escravid\u00e3o\u201d - Jornal Fatos e Not\u00edcias","isPartOf":{"@id":"https:\/\/jornalfatosenoticias.com.br\/#website"},"primaryImageOfPage":{"@id":"https:\/\/jornalfatosenoticias.com.br\/index.php\/2023\/07\/20\/a-semana-em-brasilia-e-no-es-em-cabo-verde-lula-agradece-por-tudo-que-foi-produzido-durante-350-anos-de-escravidao\/#primaryimage"},"image":{"@id":"https:\/\/jornalfatosenoticias.com.br\/index.php\/2023\/07\/20\/a-semana-em-brasilia-e-no-es-em-cabo-verde-lula-agradece-por-tudo-que-foi-produzido-durante-350-anos-de-escravidao\/#primaryimage"},"thumbnailUrl":"https:\/\/jornalfatosenoticias.com.br\/wp-content\/uploads\/2023\/07\/Lula-agradece-por-tudo-que-foi-produzido-durante-a-escravidao.jpg","datePublished":"2023-07-20T19:27:05+00:00","dateModified":"2023-07-20T19:27:06+00:00","breadcrumb":{"@id":"https:\/\/jornalfatosenoticias.com.br\/index.php\/2023\/07\/20\/a-semana-em-brasilia-e-no-es-em-cabo-verde-lula-agradece-por-tudo-que-foi-produzido-durante-350-anos-de-escravidao\/#breadcrumb"},"inLanguage":"pt-BR","potentialAction":[{"@type":"ReadAction","target":["https:\/\/jornalfatosenoticias.com.br\/index.php\/2023\/07\/20\/a-semana-em-brasilia-e-no-es-em-cabo-verde-lula-agradece-por-tudo-que-foi-produzido-durante-350-anos-de-escravidao\/"]}]},{"@type":"ImageObject","inLanguage":"pt-BR","@id":"https:\/\/jornalfatosenoticias.com.br\/index.php\/2023\/07\/20\/a-semana-em-brasilia-e-no-es-em-cabo-verde-lula-agradece-por-tudo-que-foi-produzido-durante-350-anos-de-escravidao\/#primaryimage","url":"https:\/\/jornalfatosenoticias.com.br\/wp-content\/uploads\/2023\/07\/Lula-agradece-por-tudo-que-foi-produzido-durante-a-escravidao.jpg","contentUrl":"https:\/\/jornalfatosenoticias.com.br\/wp-content\/uploads\/2023\/07\/Lula-agradece-por-tudo-que-foi-produzido-durante-a-escravidao.jpg","width":944,"height":531},{"@type":"BreadcrumbList","@id":"https:\/\/jornalfatosenoticias.com.br\/index.php\/2023\/07\/20\/a-semana-em-brasilia-e-no-es-em-cabo-verde-lula-agradece-por-tudo-que-foi-produzido-durante-350-anos-de-escravidao\/#breadcrumb","itemListElement":[{"@type":"ListItem","position":1,"name":"In\u00edcio","item":"https:\/\/jornalfatosenoticias.com.br\/"},{"@type":"ListItem","position":2,"name":"A Semana em Bras\u00edlia e no ES \u2014 Em Cabo Verde, Lula agradece \u201cpor tudo que foi produzido durante 350 anos de escravid\u00e3o\u201d"}]},{"@type":"WebSite","@id":"https:\/\/jornalfatosenoticias.com.br\/#website","url":"https:\/\/jornalfatosenoticias.com.br\/","name":"Jornal Fatos e Not\u00edcias","description":"Not\u00edcias em geral","publisher":{"@id":"https:\/\/jornalfatosenoticias.com.br\/#organization"},"potentialAction":[{"@type":"SearchAction","target":{"@type":"EntryPoint","urlTemplate":"https:\/\/jornalfatosenoticias.com.br\/?s={search_term_string}"},"query-input":{"@type":"PropertyValueSpecification","valueRequired":true,"valueName":"search_term_string"}}],"inLanguage":"pt-BR"},{"@type":"Organization","@id":"https:\/\/jornalfatosenoticias.com.br\/#organization","name":"Jornal Fatos e Not\u00edcias","url":"https:\/\/jornalfatosenoticias.com.br\/","logo":{"@type":"ImageObject","inLanguage":"pt-BR","@id":"https:\/\/jornalfatosenoticias.com.br\/#\/schema\/logo\/image\/","url":"https:\/\/jornalfatosenoticias.com.br\/wp-content\/uploads\/2020\/02\/logo120.png","contentUrl":"https:\/\/jornalfatosenoticias.com.br\/wp-content\/uploads\/2020\/02\/logo120.png","width":1227,"height":120,"caption":"Jornal Fatos e Not\u00edcias"},"image":{"@id":"https:\/\/jornalfatosenoticias.com.br\/#\/schema\/logo\/image\/"}},{"@type":"Person","@id":"https:\/\/jornalfatosenoticias.com.br\/#\/schema\/person\/05c46cc25b42a5c27e004fb0fa6b4965","name":"Haroldo Filho","image":{"@type":"ImageObject","inLanguage":"pt-BR","@id":"https:\/\/jornalfatosenoticias.com.br\/#\/schema\/person\/image\/","url":"https:\/\/jornalfatosenoticias.com.br\/wp-content\/uploads\/2025\/08\/WhatsApp-Image-2025-08-18-at-15.30.28-150x150.jpeg","contentUrl":"https:\/\/jornalfatosenoticias.com.br\/wp-content\/uploads\/2025\/08\/WhatsApp-Image-2025-08-18-at-15.30.28-150x150.jpeg","caption":"Haroldo Filho"},"description":"Jornalista \u2013 DRT: 0003818\/ES Coordenador-geral da ONG Educar para Crescer","url":"https:\/\/jornalfatosenoticias.com.br\/index.php\/author\/haroldo\/"}]}},"cc_featured_image_caption":{"caption_text":"(Foto: Ricardo Stuckert\/Secom)","source_text":"","source_url":""},"jetpack_featured_media_url":"https:\/\/jornalfatosenoticias.com.br\/wp-content\/uploads\/2023\/07\/Lula-agradece-por-tudo-que-foi-produzido-durante-a-escravidao.jpg","_links":{"self":[{"href":"https:\/\/jornalfatosenoticias.com.br\/index.php\/wp-json\/wp\/v2\/posts\/43500","targetHints":{"allow":["GET"]}}],"collection":[{"href":"https:\/\/jornalfatosenoticias.com.br\/index.php\/wp-json\/wp\/v2\/posts"}],"about":[{"href":"https:\/\/jornalfatosenoticias.com.br\/index.php\/wp-json\/wp\/v2\/types\/post"}],"author":[{"embeddable":true,"href":"https:\/\/jornalfatosenoticias.com.br\/index.php\/wp-json\/wp\/v2\/users\/3"}],"replies":[{"embeddable":true,"href":"https:\/\/jornalfatosenoticias.com.br\/index.php\/wp-json\/wp\/v2\/comments?post=43500"}],"version-history":[{"count":0,"href":"https:\/\/jornalfatosenoticias.com.br\/index.php\/wp-json\/wp\/v2\/posts\/43500\/revisions"}],"wp:featuredmedia":[{"embeddable":true,"href":"https:\/\/jornalfatosenoticias.com.br\/index.php\/wp-json\/wp\/v2\/media\/43507"}],"wp:attachment":[{"href":"https:\/\/jornalfatosenoticias.com.br\/index.php\/wp-json\/wp\/v2\/media?parent=43500"}],"wp:term":[{"taxonomy":"category","embeddable":true,"href":"https:\/\/jornalfatosenoticias.com.br\/index.php\/wp-json\/wp\/v2\/categories?post=43500"},{"taxonomy":"post_tag","embeddable":true,"href":"https:\/\/jornalfatosenoticias.com.br\/index.php\/wp-json\/wp\/v2\/tags?post=43500"}],"curies":[{"name":"wp","href":"https:\/\/api.w.org\/{rel}","templated":true}]}}