{"id":43513,"date":"2023-07-21T09:18:39","date_gmt":"2023-07-21T12:18:39","guid":{"rendered":"https:\/\/jornalfatosenoticias.com.br\/?p=43513"},"modified":"2023-07-21T09:19:26","modified_gmt":"2023-07-21T12:19:26","slug":"existem-duas-girafas-anas-entre-as-117-mil-no-mundo-veja-onde-estao","status":"publish","type":"post","link":"https:\/\/jornalfatosenoticias.com.br\/index.php\/2023\/07\/21\/existem-duas-girafas-anas-entre-as-117-mil-no-mundo-veja-onde-estao\/","title":{"rendered":"Existem duas girafas an\u00e3s entre as 117 mil no mundo"},"content":{"rendered":"\n<p><em><span class=\"has-inline-color has-black-color\">Por <strong><a href=\"https:\/\/gizmodo.uol.com.br\/author\/luisa-costa\/\">Lu\u00edsa Costa<\/a><\/strong><\/span><\/em><\/p>\n\n\n\n<div class=\"wp-block-image\"><figure class=\"aligncenter size-large\"><img loading=\"lazy\" decoding=\"async\" width=\"729\" height=\"90\" src=\"https:\/\/jornalfatosenoticias.com.br\/wp-content\/uploads\/2020\/02\/Logo_Mizu.png\" alt=\"\" class=\"wp-image-1441\" srcset=\"https:\/\/jornalfatosenoticias.com.br\/wp-content\/uploads\/2020\/02\/Logo_Mizu.png 729w, https:\/\/jornalfatosenoticias.com.br\/wp-content\/uploads\/2020\/02\/Logo_Mizu-300x37.png 300w\" sizes=\"auto, (max-width: 729px) 100vw, 729px\" \/><\/figure><\/div>\n\n\n\n<p>As girafas, voc\u00ea sabe, s\u00e3o os mam\u00edferos mais altos do planeta. Um macho adulto pode alcan\u00e7ar cinco metros. Pesco\u00e7os e pernas t\u00eam, em m\u00e9dia, dois metros de comprimento \u2014 s\u00e3o notavelmente maiores que a maioria dos humanos por a\u00ed. Mas, para toda regra, h\u00e1 uma exce\u00e7\u00e3o. Ou duas, neste caso: Gimli e Nigel.<br>Gimli e Nigel s\u00e3o girafas an\u00e3s. S\u00e3o casos rar\u00edssimos: elas t\u00eam displasia esquel\u00e9tica, condi\u00e7\u00e3o tamb\u00e9m conhecida como nanismo e caracterizada por anormalidades no desenvolvimento \u00f3sseo, que geralmente resultam em baixa estatura. O nanismo ocorre em humanos e animais dom\u00e9sticos e cativos, como c\u00e3es, vacas, porcos e ratos. Mas, entre animais selvagens, \u00e9 dif\u00edcil de se encontrar.<\/p>\n\n\n\n<div class=\"wp-block-image\"><figure class=\"aligncenter size-large\"><img loading=\"lazy\" decoding=\"async\" width=\"300\" height=\"250\" src=\"https:\/\/jornalfatosenoticias.com.br\/wp-content\/uploads\/2022\/02\/FERRARI_MAQUINAS-E-FERRAMENTAS2.jpg\" alt=\"\" class=\"wp-image-27860\"\/><\/figure><\/div>\n\n\n\n<p>Gimli foi flagrado primeiro, em dezembro de 2015, no <strong>Parque Nacional Murchison Falls,<\/strong> em Uganda. Era um macho adolescente de girafa n\u00fabia (da esp\u00e9cie <em>Giraffa camelopardalis camelopardalis<\/em>), com altura total estimada de 2,82 metros. Com metade do tamanho de uma girafa macho adulta, ele recebeu o nome do famoso personagem an\u00e3o de <a href=\"https:\/\/gizmodo.uol.com.br\/tag\/o-senhor-dos-aneis\/\" target=\"_blank\" rel=\"noreferrer noopener\">Senhor dos An\u00e9is<\/a>.<\/p>\n\n\n\n<div class=\"wp-block-image\"><figure class=\"aligncenter size-large is-resized\"><img loading=\"lazy\" decoding=\"async\" src=\"https:\/\/jornalfatosenoticias.com.br\/wp-content\/uploads\/2020\/02\/logo-Rapuzel-1024x571.jpg\" alt=\"\" class=\"wp-image-42808\" width=\"382\" height=\"213\" srcset=\"https:\/\/jornalfatosenoticias.com.br\/wp-content\/uploads\/2020\/02\/logo-Rapuzel-1024x571.jpg 1024w, https:\/\/jornalfatosenoticias.com.br\/wp-content\/uploads\/2020\/02\/logo-Rapuzel-300x167.jpg 300w, https:\/\/jornalfatosenoticias.com.br\/wp-content\/uploads\/2020\/02\/logo-Rapuzel-768x428.jpg 768w, https:\/\/jornalfatosenoticias.com.br\/wp-content\/uploads\/2020\/02\/logo-Rapuzel-1536x856.jpg 1536w, https:\/\/jornalfatosenoticias.com.br\/wp-content\/uploads\/2020\/02\/logo-Rapuzel.jpg 1600w\" sizes=\"auto, (max-width: 382px) 100vw, 382px\" \/><\/figure><\/div>\n\n\n\n<p>Apenas tr\u00eas anos depois, encontrou-se outra girafa an\u00e3 \u2014 desta vez, em uma fazenda particular na Nam\u00edbia. Nigel, tamb\u00e9m um macho adolescente, era ainda mais baixo que Gimli: a girafa angolana, da esp\u00e9cie <em>Giraffa giraffa angolensis, <\/em>tinha aproximadamente 2,5 metros. Mas n\u00e3o foi a altura que denunciou o nanismo de Nigel ou Gimli.<\/p>\n\n\n\n<div class=\"wp-block-image\"><figure class=\"aligncenter size-large\"><img loading=\"lazy\" decoding=\"async\" width=\"300\" height=\"250\" src=\"https:\/\/jornalfatosenoticias.com.br\/wp-content\/uploads\/2022\/02\/Banner-2.png\" alt=\"\" class=\"wp-image-27877\"\/><\/figure><\/div>\n\n\n\n<p>Os pesquisadores da <strong>Giraffe Conservation Foundation,<\/strong> na Nam\u00edbia, <a href=\"https:\/\/link.springer.com\/epdf\/10.1186\/s13104-020-05403-9\" target=\"_blank\" rel=\"noreferrer noopener\">analisaram<\/a> as dimens\u00f5es morfol\u00f3gicas dos membros da dupla a partir de fotografias. Gimli e Nigel t\u00eam um pesco\u00e7o longo como os outros indiv\u00edduos das popula\u00e7\u00f5es que comp\u00f5em. Mas suas pernas (mais especificamente o raio e os ossos metacarpais) s\u00e3o proporcionalmente muito mais curtas, em compara\u00e7\u00e3o a outras girafas da mesma idade.<\/p>\n\n\n\n<div class=\"wp-block-image\"><figure class=\"aligncenter size-large is-resized\"><img loading=\"lazy\" decoding=\"async\" src=\"https:\/\/jornalfatosenoticias.com.br\/wp-content\/uploads\/2023\/03\/nova-logo-Marquetti.jpg\" alt=\"\" class=\"wp-image-40207\" width=\"278\" height=\"187\" srcset=\"https:\/\/jornalfatosenoticias.com.br\/wp-content\/uploads\/2023\/03\/nova-logo-Marquetti.jpg 643w, https:\/\/jornalfatosenoticias.com.br\/wp-content\/uploads\/2023\/03\/nova-logo-Marquetti-300x202.jpg 300w\" sizes=\"auto, (max-width: 278px) 100vw, 278px\" \/><\/figure><\/div>\n\n\n\n<p><strong><span class=\"has-inline-color has-vivid-green-cyan-color\">Girafas an\u00e3s: causa e consequ\u00eancia<br><\/span><\/strong>Foi a primeira vez que se observou a condi\u00e7\u00e3o do nanismo entre girafas. Outros casos de displasia esquel\u00e9tica avistados na natureza s\u00e3o um cervo vermelho na Esc\u00f3cia, descrito em <a href=\"https:\/\/bvajournals.onlinelibrary.wiley.com\/doi\/10.1136\/vetreccr.100129rep\" target=\"_blank\" rel=\"noreferrer noopener\">um estudo de 2013<\/a>, e um&nbsp;<a href=\"https:\/\/news.mongabay.com\/2013\/12\/little-elephant-is-the-first-scientific-record-of-dwarfism-in-the-wild\/\" target=\"_blank\" rel=\"noreferrer noopener\">elefante asi\u00e1tico<\/a> macho no <strong>Parque Nacional Uda Walwe,<\/strong> no Sri Lanka.<br>O nanismo pode vir de muta\u00e7\u00f5es &nbsp;<a href=\"https:\/\/gizmodo.uol.com.br\/tag\/genetica\/\" target=\"_blank\" rel=\"noreferrer noopener\">gen\u00e9ticas<\/a> e est\u00e1 associado, entre animais de cativeiro, \u00e0 endogamia e \u00e0 falta de diversidade gen\u00e9tica em uma popula\u00e7\u00e3o. Mas n\u00e3o se sabe se esses fatores influenciaram o nanismo de Nigel e Gimli \u2014 cuja popula\u00e7\u00e3o j\u00e1 chegou a apenas 78 indiv\u00edduos, mas hoje, estima-se, \u00e9 composta por mais de 1,5 mil.<\/p>\n\n\n\n<div class=\"wp-block-image\"><figure class=\"aligncenter size-large is-resized\"><img loading=\"lazy\" decoding=\"async\" src=\"https:\/\/jornalfatosenoticias.com.br\/wp-content\/uploads\/2020\/02\/logo-embacia.jpg\" alt=\"\" class=\"wp-image-33905\" width=\"275\" height=\"275\"\/><\/figure><\/div>\n\n\n\n<p>H\u00e1 117 mil girafas vivendo na natureza no continente africano, segundo estimativas da <strong>Giraffe Conservation Foundation. <\/strong>Nigel foi visto novamente durante uma pesquisa liderada pela <strong>Giraffe Conservation Foundation<\/strong> em julho de 2020. Gimli n\u00e3o \u00e9 visto desde mar\u00e7o de 2017. Especialistas <a href=\"https:\/\/www.nytimes.com\/2021\/01\/06\/science\/dwarf-giraffes.html\" target=\"_blank\" rel=\"noreferrer noopener\">afirmam<\/a> que o nanismo pode torn\u00e1-los mais suscet\u00edveis \u00e0 preda\u00e7\u00e3o, porque n\u00e3o t\u00eam a capacidade de correr e chutar efetivamente. Mas mais da metade das girafas selvagens morre antes de atingir a idade adulta. Ent\u00e3o, por fim, Gimli e Nigel parecem ter se sa\u00eddo bem.<\/p>\n\n\n\n<div class=\"wp-block-image\"><figure class=\"aligncenter size-large is-resized\"><img loading=\"lazy\" decoding=\"async\" src=\"https:\/\/jornalfatosenoticias.com.br\/wp-content\/uploads\/2023\/07\/torneio_volei.jpg\" alt=\"\" class=\"wp-image-43455\" width=\"418\" height=\"417\" srcset=\"https:\/\/jornalfatosenoticias.com.br\/wp-content\/uploads\/2023\/07\/torneio_volei.jpg 1000w, https:\/\/jornalfatosenoticias.com.br\/wp-content\/uploads\/2023\/07\/torneio_volei-300x300.jpg 300w, https:\/\/jornalfatosenoticias.com.br\/wp-content\/uploads\/2023\/07\/torneio_volei-150x150.jpg 150w, https:\/\/jornalfatosenoticias.com.br\/wp-content\/uploads\/2023\/07\/torneio_volei-768x767.jpg 768w\" sizes=\"auto, (max-width: 418px) 100vw, 418px\" \/><\/figure><\/div>\n\n\n\n<p><strong><em>Fonte: <a href=\"https:\/\/gizmodo.uol.com.br\/existem-duas-girafas-anas-entre-as-117-mil-no-mundo-veja-onde-estao\/\">GizModo<\/a><\/em><\/strong><\/p>\n","protected":false},"excerpt":{"rendered":"<p>Por Lu\u00edsa Costa As girafas, voc\u00ea sabe, s\u00e3o os mam\u00edferos mais altos do planeta. Um macho adulto pode alcan\u00e7ar cinco metros. Pesco\u00e7os e pernas t\u00eam, em m\u00e9dia, dois metros de comprimento \u2014 s\u00e3o notavelmente maiores que a maioria dos humanos por a\u00ed. Mas, para toda regra, h\u00e1 uma exce\u00e7\u00e3o. Ou duas, neste caso: Gimli e [&hellip;]<\/p>\n","protected":false},"author":2,"featured_media":43514,"comment_status":"open","ping_status":"open","sticky":false,"template":"","format":"standard","meta":{"footnotes":""},"categories":[8],"tags":[182,1264,3204,18605],"class_list":["post-43513","post","type-post","status-publish","format-standard","has-post-thumbnail","hentry","category-meio-ambiente","tag-africa","tag-animais","tag-genetica","tag-girafa"],"yoast_head":"<!-- This site is optimized with the Yoast SEO plugin v26.5 - https:\/\/yoast.com\/wordpress\/plugins\/seo\/ -->\n<title>Existem duas girafas an\u00e3s entre as 117 mil no mundo - Jornal Fatos e Not\u00edcias<\/title>\n<meta name=\"robots\" content=\"index, follow, max-snippet:-1, max-image-preview:large, max-video-preview:-1\" \/>\n<link rel=\"canonical\" href=\"https:\/\/jornalfatosenoticias.com.br\/index.php\/2023\/07\/21\/existem-duas-girafas-anas-entre-as-117-mil-no-mundo-veja-onde-estao\/\" \/>\n<meta property=\"og:locale\" content=\"pt_BR\" \/>\n<meta property=\"og:type\" content=\"article\" \/>\n<meta property=\"og:title\" content=\"Existem duas girafas an\u00e3s entre as 117 mil no mundo - Jornal Fatos e Not\u00edcias\" \/>\n<meta property=\"og:description\" content=\"Por Lu\u00edsa Costa As girafas, voc\u00ea sabe, s\u00e3o os mam\u00edferos mais altos do planeta. Um macho adulto pode alcan\u00e7ar cinco metros. Pesco\u00e7os e pernas t\u00eam, em m\u00e9dia, dois metros de comprimento \u2014 s\u00e3o notavelmente maiores que a maioria dos humanos por a\u00ed. Mas, para toda regra, h\u00e1 uma exce\u00e7\u00e3o. Ou duas, neste caso: Gimli e [&hellip;]\" \/>\n<meta property=\"og:url\" content=\"https:\/\/jornalfatosenoticias.com.br\/index.php\/2023\/07\/21\/existem-duas-girafas-anas-entre-as-117-mil-no-mundo-veja-onde-estao\/\" \/>\n<meta property=\"og:site_name\" content=\"Jornal Fatos e Not\u00edcias\" \/>\n<meta property=\"article:published_time\" content=\"2023-07-21T12:18:39+00:00\" \/>\n<meta property=\"article:modified_time\" content=\"2023-07-21T12:19:26+00:00\" \/>\n<meta property=\"og:image\" content=\"https:\/\/jornalfatosenoticias.com.br\/wp-content\/uploads\/2023\/07\/girafas_istockphoto.jpg\" \/>\n\t<meta property=\"og:image:width\" content=\"812\" \/>\n\t<meta property=\"og:image:height\" content=\"427\" \/>\n\t<meta property=\"og:image:type\" content=\"image\/jpeg\" \/>\n<meta name=\"author\" content=\"Luzimara Fernandes\" \/>\n<meta name=\"twitter:card\" content=\"summary_large_image\" \/>\n<meta name=\"twitter:label1\" content=\"Escrito por\" \/>\n\t<meta name=\"twitter:data1\" content=\"Luzimara Fernandes\" \/>\n\t<meta name=\"twitter:label2\" content=\"Est. tempo de leitura\" \/>\n\t<meta name=\"twitter:data2\" content=\"3 minutos\" \/>\n<script type=\"application\/ld+json\" class=\"yoast-schema-graph\">{\"@context\":\"https:\/\/schema.org\",\"@graph\":[{\"@type\":\"Article\",\"@id\":\"https:\/\/jornalfatosenoticias.com.br\/index.php\/2023\/07\/21\/existem-duas-girafas-anas-entre-as-117-mil-no-mundo-veja-onde-estao\/#article\",\"isPartOf\":{\"@id\":\"https:\/\/jornalfatosenoticias.com.br\/index.php\/2023\/07\/21\/existem-duas-girafas-anas-entre-as-117-mil-no-mundo-veja-onde-estao\/\"},\"author\":{\"name\":\"Luzimara Fernandes\",\"@id\":\"https:\/\/jornalfatosenoticias.com.br\/#\/schema\/person\/d63837fa13ac8666eb9e74e0985d6f81\"},\"headline\":\"Existem duas girafas an\u00e3s entre as 117 mil no mundo\",\"datePublished\":\"2023-07-21T12:18:39+00:00\",\"dateModified\":\"2023-07-21T12:19:26+00:00\",\"mainEntityOfPage\":{\"@id\":\"https:\/\/jornalfatosenoticias.com.br\/index.php\/2023\/07\/21\/existem-duas-girafas-anas-entre-as-117-mil-no-mundo-veja-onde-estao\/\"},\"wordCount\":532,\"commentCount\":0,\"publisher\":{\"@id\":\"https:\/\/jornalfatosenoticias.com.br\/#organization\"},\"image\":{\"@id\":\"https:\/\/jornalfatosenoticias.com.br\/index.php\/2023\/07\/21\/existem-duas-girafas-anas-entre-as-117-mil-no-mundo-veja-onde-estao\/#primaryimage\"},\"thumbnailUrl\":\"https:\/\/jornalfatosenoticias.com.br\/wp-content\/uploads\/2023\/07\/girafas_istockphoto.jpg\",\"keywords\":[\"\u00e1frica\",\"animais\",\"gen\u00e9tica\",\"girafa\"],\"articleSection\":[\"Meio ambiente\"],\"inLanguage\":\"pt-BR\",\"potentialAction\":[{\"@type\":\"CommentAction\",\"name\":\"Comment\",\"target\":[\"https:\/\/jornalfatosenoticias.com.br\/index.php\/2023\/07\/21\/existem-duas-girafas-anas-entre-as-117-mil-no-mundo-veja-onde-estao\/#respond\"]}]},{\"@type\":\"WebPage\",\"@id\":\"https:\/\/jornalfatosenoticias.com.br\/index.php\/2023\/07\/21\/existem-duas-girafas-anas-entre-as-117-mil-no-mundo-veja-onde-estao\/\",\"url\":\"https:\/\/jornalfatosenoticias.com.br\/index.php\/2023\/07\/21\/existem-duas-girafas-anas-entre-as-117-mil-no-mundo-veja-onde-estao\/\",\"name\":\"Existem duas girafas an\u00e3s entre as 117 mil no mundo - Jornal Fatos e Not\u00edcias\",\"isPartOf\":{\"@id\":\"https:\/\/jornalfatosenoticias.com.br\/#website\"},\"primaryImageOfPage\":{\"@id\":\"https:\/\/jornalfatosenoticias.com.br\/index.php\/2023\/07\/21\/existem-duas-girafas-anas-entre-as-117-mil-no-mundo-veja-onde-estao\/#primaryimage\"},\"image\":{\"@id\":\"https:\/\/jornalfatosenoticias.com.br\/index.php\/2023\/07\/21\/existem-duas-girafas-anas-entre-as-117-mil-no-mundo-veja-onde-estao\/#primaryimage\"},\"thumbnailUrl\":\"https:\/\/jornalfatosenoticias.com.br\/wp-content\/uploads\/2023\/07\/girafas_istockphoto.jpg\",\"datePublished\":\"2023-07-21T12:18:39+00:00\",\"dateModified\":\"2023-07-21T12:19:26+00:00\",\"breadcrumb\":{\"@id\":\"https:\/\/jornalfatosenoticias.com.br\/index.php\/2023\/07\/21\/existem-duas-girafas-anas-entre-as-117-mil-no-mundo-veja-onde-estao\/#breadcrumb\"},\"inLanguage\":\"pt-BR\",\"potentialAction\":[{\"@type\":\"ReadAction\",\"target\":[\"https:\/\/jornalfatosenoticias.com.br\/index.php\/2023\/07\/21\/existem-duas-girafas-anas-entre-as-117-mil-no-mundo-veja-onde-estao\/\"]}]},{\"@type\":\"ImageObject\",\"inLanguage\":\"pt-BR\",\"@id\":\"https:\/\/jornalfatosenoticias.com.br\/index.php\/2023\/07\/21\/existem-duas-girafas-anas-entre-as-117-mil-no-mundo-veja-onde-estao\/#primaryimage\",\"url\":\"https:\/\/jornalfatosenoticias.com.br\/wp-content\/uploads\/2023\/07\/girafas_istockphoto.jpg\",\"contentUrl\":\"https:\/\/jornalfatosenoticias.com.br\/wp-content\/uploads\/2023\/07\/girafas_istockphoto.jpg\",\"width\":812,\"height\":427,\"caption\":\"Masai giraffe of all sizes in a row against rolling landscape of the Masai Mara, Kenya\"},{\"@type\":\"BreadcrumbList\",\"@id\":\"https:\/\/jornalfatosenoticias.com.br\/index.php\/2023\/07\/21\/existem-duas-girafas-anas-entre-as-117-mil-no-mundo-veja-onde-estao\/#breadcrumb\",\"itemListElement\":[{\"@type\":\"ListItem\",\"position\":1,\"name\":\"In\u00edcio\",\"item\":\"https:\/\/jornalfatosenoticias.com.br\/\"},{\"@type\":\"ListItem\",\"position\":2,\"name\":\"Existem duas girafas an\u00e3s entre as 117 mil no mundo\"}]},{\"@type\":\"WebSite\",\"@id\":\"https:\/\/jornalfatosenoticias.com.br\/#website\",\"url\":\"https:\/\/jornalfatosenoticias.com.br\/\",\"name\":\"Jornal Fatos e Not\u00edcias\",\"description\":\"Not\u00edcias em geral\",\"publisher\":{\"@id\":\"https:\/\/jornalfatosenoticias.com.br\/#organization\"},\"potentialAction\":[{\"@type\":\"SearchAction\",\"target\":{\"@type\":\"EntryPoint\",\"urlTemplate\":\"https:\/\/jornalfatosenoticias.com.br\/?s={search_term_string}\"},\"query-input\":{\"@type\":\"PropertyValueSpecification\",\"valueRequired\":true,\"valueName\":\"search_term_string\"}}],\"inLanguage\":\"pt-BR\"},{\"@type\":\"Organization\",\"@id\":\"https:\/\/jornalfatosenoticias.com.br\/#organization\",\"name\":\"Jornal Fatos e Not\u00edcias\",\"url\":\"https:\/\/jornalfatosenoticias.com.br\/\",\"logo\":{\"@type\":\"ImageObject\",\"inLanguage\":\"pt-BR\",\"@id\":\"https:\/\/jornalfatosenoticias.com.br\/#\/schema\/logo\/image\/\",\"url\":\"https:\/\/jornalfatosenoticias.com.br\/wp-content\/uploads\/2020\/02\/logo120.png\",\"contentUrl\":\"https:\/\/jornalfatosenoticias.com.br\/wp-content\/uploads\/2020\/02\/logo120.png\",\"width\":1227,\"height\":120,\"caption\":\"Jornal Fatos e Not\u00edcias\"},\"image\":{\"@id\":\"https:\/\/jornalfatosenoticias.com.br\/#\/schema\/logo\/image\/\"}},{\"@type\":\"Person\",\"@id\":\"https:\/\/jornalfatosenoticias.com.br\/#\/schema\/person\/d63837fa13ac8666eb9e74e0985d6f81\",\"name\":\"Luzimara Fernandes\",\"image\":{\"@type\":\"ImageObject\",\"inLanguage\":\"pt-BR\",\"@id\":\"https:\/\/jornalfatosenoticias.com.br\/#\/schema\/person\/image\/\",\"url\":\"https:\/\/jornalfatosenoticias.com.br\/wp-content\/uploads\/2025\/05\/EU_portal.jpg\",\"contentUrl\":\"https:\/\/jornalfatosenoticias.com.br\/wp-content\/uploads\/2025\/05\/EU_portal.jpg\",\"caption\":\"Luzimara Fernandes\"},\"description\":\"Jornalista MTB 2358-ES\",\"sameAs\":[\"https:\/\/jornalfatosenoticias.com.br\"],\"url\":\"https:\/\/jornalfatosenoticias.com.br\/index.php\/author\/luzimara\/\"}]}<\/script>\n<!-- \/ Yoast SEO plugin. -->","yoast_head_json":{"title":"Existem duas girafas an\u00e3s entre as 117 mil no mundo - Jornal Fatos e Not\u00edcias","robots":{"index":"index","follow":"follow","max-snippet":"max-snippet:-1","max-image-preview":"max-image-preview:large","max-video-preview":"max-video-preview:-1"},"canonical":"https:\/\/jornalfatosenoticias.com.br\/index.php\/2023\/07\/21\/existem-duas-girafas-anas-entre-as-117-mil-no-mundo-veja-onde-estao\/","og_locale":"pt_BR","og_type":"article","og_title":"Existem duas girafas an\u00e3s entre as 117 mil no mundo - Jornal Fatos e Not\u00edcias","og_description":"Por Lu\u00edsa Costa As girafas, voc\u00ea sabe, s\u00e3o os mam\u00edferos mais altos do planeta. Um macho adulto pode alcan\u00e7ar cinco metros. Pesco\u00e7os e pernas t\u00eam, em m\u00e9dia, dois metros de comprimento \u2014 s\u00e3o notavelmente maiores que a maioria dos humanos por a\u00ed. Mas, para toda regra, h\u00e1 uma exce\u00e7\u00e3o. Ou duas, neste caso: Gimli e [&hellip;]","og_url":"https:\/\/jornalfatosenoticias.com.br\/index.php\/2023\/07\/21\/existem-duas-girafas-anas-entre-as-117-mil-no-mundo-veja-onde-estao\/","og_site_name":"Jornal Fatos e Not\u00edcias","article_published_time":"2023-07-21T12:18:39+00:00","article_modified_time":"2023-07-21T12:19:26+00:00","og_image":[{"width":812,"height":427,"url":"https:\/\/jornalfatosenoticias.com.br\/wp-content\/uploads\/2023\/07\/girafas_istockphoto.jpg","type":"image\/jpeg"}],"author":"Luzimara Fernandes","twitter_card":"summary_large_image","twitter_misc":{"Escrito por":"Luzimara Fernandes","Est. tempo de leitura":"3 minutos"},"schema":{"@context":"https:\/\/schema.org","@graph":[{"@type":"Article","@id":"https:\/\/jornalfatosenoticias.com.br\/index.php\/2023\/07\/21\/existem-duas-girafas-anas-entre-as-117-mil-no-mundo-veja-onde-estao\/#article","isPartOf":{"@id":"https:\/\/jornalfatosenoticias.com.br\/index.php\/2023\/07\/21\/existem-duas-girafas-anas-entre-as-117-mil-no-mundo-veja-onde-estao\/"},"author":{"name":"Luzimara Fernandes","@id":"https:\/\/jornalfatosenoticias.com.br\/#\/schema\/person\/d63837fa13ac8666eb9e74e0985d6f81"},"headline":"Existem duas girafas an\u00e3s entre as 117 mil no mundo","datePublished":"2023-07-21T12:18:39+00:00","dateModified":"2023-07-21T12:19:26+00:00","mainEntityOfPage":{"@id":"https:\/\/jornalfatosenoticias.com.br\/index.php\/2023\/07\/21\/existem-duas-girafas-anas-entre-as-117-mil-no-mundo-veja-onde-estao\/"},"wordCount":532,"commentCount":0,"publisher":{"@id":"https:\/\/jornalfatosenoticias.com.br\/#organization"},"image":{"@id":"https:\/\/jornalfatosenoticias.com.br\/index.php\/2023\/07\/21\/existem-duas-girafas-anas-entre-as-117-mil-no-mundo-veja-onde-estao\/#primaryimage"},"thumbnailUrl":"https:\/\/jornalfatosenoticias.com.br\/wp-content\/uploads\/2023\/07\/girafas_istockphoto.jpg","keywords":["\u00e1frica","animais","gen\u00e9tica","girafa"],"articleSection":["Meio ambiente"],"inLanguage":"pt-BR","potentialAction":[{"@type":"CommentAction","name":"Comment","target":["https:\/\/jornalfatosenoticias.com.br\/index.php\/2023\/07\/21\/existem-duas-girafas-anas-entre-as-117-mil-no-mundo-veja-onde-estao\/#respond"]}]},{"@type":"WebPage","@id":"https:\/\/jornalfatosenoticias.com.br\/index.php\/2023\/07\/21\/existem-duas-girafas-anas-entre-as-117-mil-no-mundo-veja-onde-estao\/","url":"https:\/\/jornalfatosenoticias.com.br\/index.php\/2023\/07\/21\/existem-duas-girafas-anas-entre-as-117-mil-no-mundo-veja-onde-estao\/","name":"Existem duas girafas an\u00e3s entre as 117 mil no mundo - Jornal Fatos e Not\u00edcias","isPartOf":{"@id":"https:\/\/jornalfatosenoticias.com.br\/#website"},"primaryImageOfPage":{"@id":"https:\/\/jornalfatosenoticias.com.br\/index.php\/2023\/07\/21\/existem-duas-girafas-anas-entre-as-117-mil-no-mundo-veja-onde-estao\/#primaryimage"},"image":{"@id":"https:\/\/jornalfatosenoticias.com.br\/index.php\/2023\/07\/21\/existem-duas-girafas-anas-entre-as-117-mil-no-mundo-veja-onde-estao\/#primaryimage"},"thumbnailUrl":"https:\/\/jornalfatosenoticias.com.br\/wp-content\/uploads\/2023\/07\/girafas_istockphoto.jpg","datePublished":"2023-07-21T12:18:39+00:00","dateModified":"2023-07-21T12:19:26+00:00","breadcrumb":{"@id":"https:\/\/jornalfatosenoticias.com.br\/index.php\/2023\/07\/21\/existem-duas-girafas-anas-entre-as-117-mil-no-mundo-veja-onde-estao\/#breadcrumb"},"inLanguage":"pt-BR","potentialAction":[{"@type":"ReadAction","target":["https:\/\/jornalfatosenoticias.com.br\/index.php\/2023\/07\/21\/existem-duas-girafas-anas-entre-as-117-mil-no-mundo-veja-onde-estao\/"]}]},{"@type":"ImageObject","inLanguage":"pt-BR","@id":"https:\/\/jornalfatosenoticias.com.br\/index.php\/2023\/07\/21\/existem-duas-girafas-anas-entre-as-117-mil-no-mundo-veja-onde-estao\/#primaryimage","url":"https:\/\/jornalfatosenoticias.com.br\/wp-content\/uploads\/2023\/07\/girafas_istockphoto.jpg","contentUrl":"https:\/\/jornalfatosenoticias.com.br\/wp-content\/uploads\/2023\/07\/girafas_istockphoto.jpg","width":812,"height":427,"caption":"Masai giraffe of all sizes in a row against rolling landscape of the Masai Mara, Kenya"},{"@type":"BreadcrumbList","@id":"https:\/\/jornalfatosenoticias.com.br\/index.php\/2023\/07\/21\/existem-duas-girafas-anas-entre-as-117-mil-no-mundo-veja-onde-estao\/#breadcrumb","itemListElement":[{"@type":"ListItem","position":1,"name":"In\u00edcio","item":"https:\/\/jornalfatosenoticias.com.br\/"},{"@type":"ListItem","position":2,"name":"Existem duas girafas an\u00e3s entre as 117 mil no mundo"}]},{"@type":"WebSite","@id":"https:\/\/jornalfatosenoticias.com.br\/#website","url":"https:\/\/jornalfatosenoticias.com.br\/","name":"Jornal Fatos e Not\u00edcias","description":"Not\u00edcias em geral","publisher":{"@id":"https:\/\/jornalfatosenoticias.com.br\/#organization"},"potentialAction":[{"@type":"SearchAction","target":{"@type":"EntryPoint","urlTemplate":"https:\/\/jornalfatosenoticias.com.br\/?s={search_term_string}"},"query-input":{"@type":"PropertyValueSpecification","valueRequired":true,"valueName":"search_term_string"}}],"inLanguage":"pt-BR"},{"@type":"Organization","@id":"https:\/\/jornalfatosenoticias.com.br\/#organization","name":"Jornal Fatos e Not\u00edcias","url":"https:\/\/jornalfatosenoticias.com.br\/","logo":{"@type":"ImageObject","inLanguage":"pt-BR","@id":"https:\/\/jornalfatosenoticias.com.br\/#\/schema\/logo\/image\/","url":"https:\/\/jornalfatosenoticias.com.br\/wp-content\/uploads\/2020\/02\/logo120.png","contentUrl":"https:\/\/jornalfatosenoticias.com.br\/wp-content\/uploads\/2020\/02\/logo120.png","width":1227,"height":120,"caption":"Jornal Fatos e Not\u00edcias"},"image":{"@id":"https:\/\/jornalfatosenoticias.com.br\/#\/schema\/logo\/image\/"}},{"@type":"Person","@id":"https:\/\/jornalfatosenoticias.com.br\/#\/schema\/person\/d63837fa13ac8666eb9e74e0985d6f81","name":"Luzimara Fernandes","image":{"@type":"ImageObject","inLanguage":"pt-BR","@id":"https:\/\/jornalfatosenoticias.com.br\/#\/schema\/person\/image\/","url":"https:\/\/jornalfatosenoticias.com.br\/wp-content\/uploads\/2025\/05\/EU_portal.jpg","contentUrl":"https:\/\/jornalfatosenoticias.com.br\/wp-content\/uploads\/2025\/05\/EU_portal.jpg","caption":"Luzimara Fernandes"},"description":"Jornalista MTB 2358-ES","sameAs":["https:\/\/jornalfatosenoticias.com.br"],"url":"https:\/\/jornalfatosenoticias.com.br\/index.php\/author\/luzimara\/"}]}},"cc_featured_image_caption":{"caption_text":"(Foto: iStockphoto)","source_text":"","source_url":""},"jetpack_featured_media_url":"https:\/\/jornalfatosenoticias.com.br\/wp-content\/uploads\/2023\/07\/girafas_istockphoto.jpg","_links":{"self":[{"href":"https:\/\/jornalfatosenoticias.com.br\/index.php\/wp-json\/wp\/v2\/posts\/43513","targetHints":{"allow":["GET"]}}],"collection":[{"href":"https:\/\/jornalfatosenoticias.com.br\/index.php\/wp-json\/wp\/v2\/posts"}],"about":[{"href":"https:\/\/jornalfatosenoticias.com.br\/index.php\/wp-json\/wp\/v2\/types\/post"}],"author":[{"embeddable":true,"href":"https:\/\/jornalfatosenoticias.com.br\/index.php\/wp-json\/wp\/v2\/users\/2"}],"replies":[{"embeddable":true,"href":"https:\/\/jornalfatosenoticias.com.br\/index.php\/wp-json\/wp\/v2\/comments?post=43513"}],"version-history":[{"count":0,"href":"https:\/\/jornalfatosenoticias.com.br\/index.php\/wp-json\/wp\/v2\/posts\/43513\/revisions"}],"wp:featuredmedia":[{"embeddable":true,"href":"https:\/\/jornalfatosenoticias.com.br\/index.php\/wp-json\/wp\/v2\/media\/43514"}],"wp:attachment":[{"href":"https:\/\/jornalfatosenoticias.com.br\/index.php\/wp-json\/wp\/v2\/media?parent=43513"}],"wp:term":[{"taxonomy":"category","embeddable":true,"href":"https:\/\/jornalfatosenoticias.com.br\/index.php\/wp-json\/wp\/v2\/categories?post=43513"},{"taxonomy":"post_tag","embeddable":true,"href":"https:\/\/jornalfatosenoticias.com.br\/index.php\/wp-json\/wp\/v2\/tags?post=43513"}],"curies":[{"name":"wp","href":"https:\/\/api.w.org\/{rel}","templated":true}]}}