{"id":43517,"date":"2023-07-21T09:54:13","date_gmt":"2023-07-21T12:54:13","guid":{"rendered":"https:\/\/jornalfatosenoticias.com.br\/?p=43517"},"modified":"2023-07-21T09:54:13","modified_gmt":"2023-07-21T12:54:13","slug":"doencas-respiratorias-e-cardiovasculares-aumentam-no-frio","status":"publish","type":"post","link":"https:\/\/jornalfatosenoticias.com.br\/index.php\/2023\/07\/21\/doencas-respiratorias-e-cardiovasculares-aumentam-no-frio\/","title":{"rendered":"Doen\u00e7as respirat\u00f3rias e cardiovasculares aumentam no frio"},"content":{"rendered":"\n<p><span class=\"has-inline-color has-black-color\"><em>Em Hospital de SP, doen\u00e7as respirat\u00f3rias subiram 200%; saiba quais os cuidados necess\u00e1rios para a preven\u00e7\u00e3o<\/em><\/span><\/p>\n\n\n\n<div class=\"wp-block-image\"><figure class=\"aligncenter size-large\"><img loading=\"lazy\" decoding=\"async\" width=\"300\" height=\"137\" src=\"https:\/\/jornalfatosenoticias.com.br\/wp-content\/uploads\/2023\/06\/LOGO_JULIANA-GRACA_PORTAL.jpg\" alt=\"\" class=\"wp-image-42597\"\/><\/figure><\/div>\n\n\n\n<p>No Hospital do Servidor P\u00fablico do Estado, em S\u00e3o Paulo, os casos de sinusite aumentaram 274% no \u00faltimo trimestre comparado aos tr\u00eas primeiros meses de janeiro, fevereiro e mar\u00e7o de 2023. Bronquites cresceram 220%; pneumonias, 214%. Outras doen\u00e7as respirat\u00f3rias, como asma e infec\u00e7\u00f5es agudas das vias respirat\u00f3rias tiveram salto acima de 150%, fora quadros de gripes por influenza, 110%, e resfriado comum, que aumentou 238% no per\u00edodo.<br>O aumento das doen\u00e7as respirat\u00f3rias \u00e9 provocado pelo clima frio e seco nesta \u00e9poca do ano, o que exige maior preocupa\u00e7\u00e3o, principalmente com crian\u00e7as e idosos.<\/p>\n\n\n\n<blockquote class=\"wp-block-quote is-layout-flow wp-block-quote-is-layout-flow\"><p><span class=\"has-inline-color has-luminous-vivid-orange-color\">\u00c9 muito comum o aumento de casos de gripes e resfriados, sinusites, crises de asma e rinite por causa do <a href=\"https:\/\/ciclovivo.com.br\/vida-sustentavel\/bem-estar\/12-dicas-para-amenizar-os-efeitos-do-ar-seco\/\" target=\"_blank\" rel=\"noreferrer noopener\">ar seco<\/a> e frio\u201d, destaca a m\u00e9dica pneumologista, alergista e imunologista Larissa Cau Carlet. A especialista recomenda, principalmente, que antes de viajar seja atualizada a vacina\u00e7\u00e3o. \u201c\u00c9 uma forma de refor\u00e7ar a preven\u00e7\u00e3o de doen\u00e7as e ainda manter em dia o calend\u00e1rio obrigat\u00f3rio\u201d.<\/span><\/p><\/blockquote>\n\n\n\n<div class=\"wp-block-image\"><figure class=\"aligncenter size-large is-resized\"><img loading=\"lazy\" decoding=\"async\" src=\"https:\/\/jornalfatosenoticias.com.br\/wp-content\/uploads\/2020\/02\/casa-do-torresmo_portal.jpg\" alt=\"\" class=\"wp-image-34472\" width=\"267\" height=\"267\" srcset=\"https:\/\/jornalfatosenoticias.com.br\/wp-content\/uploads\/2020\/02\/casa-do-torresmo_portal.jpg 300w, https:\/\/jornalfatosenoticias.com.br\/wp-content\/uploads\/2020\/02\/casa-do-torresmo_portal-150x150.jpg 150w\" sizes=\"auto, (max-width: 267px) 100vw, 267px\" \/><\/figure><\/div>\n\n\n\n<p><strong><span class=\"has-inline-color has-vivid-purple-color\">Cuidado nas f\u00e9rias<br><\/span><\/strong>O alerta para os cuidados preventivos durante as <a href=\"https:\/\/ciclovivo.com.br\/mao-na-massa\/faca-voce-mesmo\/ferias-em-casa-com-as-criancas-dicas-para-brincar-com-a-natureza\/\" target=\"_blank\" rel=\"noreferrer noopener\">f\u00e9rias<\/a> \u00e9 redobrar a aten\u00e7\u00e3o para a\u00e7\u00f5es que podem evitar o surgimento de doen\u00e7as como alergias, intoxica\u00e7\u00e3o alimentar, problemas na pele e trombose ou tromboembolismo pulmonar, estes dois \u00faltimos associados a viagens.<br>Se for enfrentar longas horas de estrada ou no transporte a\u00e9reo \u00e9 necess\u00e1rio cuidar da circula\u00e7\u00e3o. Permanecer muito tempo sentado pode acentuar o risco de trombose e tromboembolismo pulmonar. Entre as orienta\u00e7\u00f5es de preven\u00e7\u00e3o est\u00e3o, por exemplo, o uso de meias el\u00e1sticas e medicamentos anticoagulantes.<\/p>\n\n\n\n<div class=\"wp-block-image\"><figure class=\"aligncenter size-large\"><img decoding=\"async\" src=\"https:\/\/jornalfatosenoticias.com.br\/wp-content\/uploads\/2020\/02\/barao-das-carnes-300x164-1.jpg\" alt=\"\" class=\"wp-image-34339\"\/><\/figure><\/div>\n\n\n\n<p><strong><span class=\"has-inline-color has-vivid-purple-color\">Hidrata\u00e7\u00e3o \u00e9 fundamental<br><\/span><\/strong>O tempo frio tamb\u00e9m agride a <a href=\"https:\/\/ciclovivo.com.br\/mao-na-massa\/faca-voce-mesmo\/8-hidratantes-naturais-e-poderosos-para-sua-pele\/\" target=\"_blank\" rel=\"noreferrer noopener\">pele<\/a>, que fica mais ressecada e com tend\u00eancia a coceiras.\u00a0<a href=\"https:\/\/ciclovivo.com.br\/vida-sustentavel\/equilibrio\/5-motivos-para-beber-mais-agua\/\" target=\"_blank\" rel=\"noreferrer noopener\">Ingerir pouca \u00e1gua<\/a> pode provocar o surgimento de infec\u00e7\u00f5es urin\u00e1rias. A hidrata\u00e7\u00e3o \u00e9 essencial para evitar o agravamento dos efeitos das baixas temperaturas, destaca a especialista.<br>Para quem vai viajar, na mala de viagem n\u00e3o podem faltar os analg\u00e9sicos, medicamentos para alergia e aqueles de uso cont\u00ednuo, para diabetes, cardiopatias, hipertens\u00e3o, ou os receitados para doen\u00e7as cr\u00f4nicas respirat\u00f3rias. Devem ser levados em quantidade suficiente para evitar interrup\u00e7\u00e3o no tratamento ou para conter uma eventual crise.<\/p>\n\n\n\n<div class=\"wp-block-image\"><figure class=\"aligncenter size-large\"><img decoding=\"async\" src=\"https:\/\/jornalfatosenoticias.com.br\/wp-content\/uploads\/2020\/02\/logo_esteio.jpg\" alt=\"\" class=\"wp-image-1214\"\/><\/figure><\/div>\n\n\n\n<blockquote class=\"wp-block-quote is-layout-flow wp-block-quote-is-layout-flow\"><p><span class=\"has-inline-color has-luminous-vivid-orange-color\">Nem sempre \u00e9 poss\u00edvel comprar esses medicamentos durante as viagens. Tamb\u00e9m n\u00e3o se pode esquecer dos repelentes, protetor solar e dos col\u00edrios e lubrificantes para evitar as irrita\u00e7\u00f5es oculares\u201d, refor\u00e7a a m\u00e9dica.<\/span><\/p><\/blockquote>\n\n\n\n<div class=\"wp-block-image\"><figure class=\"aligncenter size-large\"><img loading=\"lazy\" decoding=\"async\" width=\"843\" height=\"625\" src=\"https:\/\/jornalfatosenoticias.com.br\/wp-content\/uploads\/2023\/07\/Doencas-respiratorias-e-cardiovasculares-aumentam-no-frio2.jpg\" alt=\"\" class=\"wp-image-43519\" srcset=\"https:\/\/jornalfatosenoticias.com.br\/wp-content\/uploads\/2023\/07\/Doencas-respiratorias-e-cardiovasculares-aumentam-no-frio2.jpg 843w, https:\/\/jornalfatosenoticias.com.br\/wp-content\/uploads\/2023\/07\/Doencas-respiratorias-e-cardiovasculares-aumentam-no-frio2-300x222.jpg 300w, https:\/\/jornalfatosenoticias.com.br\/wp-content\/uploads\/2023\/07\/Doencas-respiratorias-e-cardiovasculares-aumentam-no-frio2-768x569.jpg 768w\" sizes=\"auto, (max-width: 843px) 100vw, 843px\" \/><figcaption><em><span class=\"has-inline-color has-black-color\">(Foto: iStockphoto)<\/span><\/em><\/figcaption><\/figure><\/div>\n\n\n\n<p><strong><span class=\"has-inline-color has-vivid-purple-color\">Frio e AVC<br><\/span><\/strong>A exposi\u00e7\u00e3o do corpo a determinadas temperaturas influencia diretamente no aumento dos casos de interna\u00e7\u00f5es por doen\u00e7as cardiovasculares, de acordo com o cardiologista e diretor m\u00e9dico assistencial do S\u00e3o Crist\u00f3v\u00e3o Sa\u00fade, Fernando Barreto. <\/p>\n\n\n\n<blockquote class=\"wp-block-quote is-layout-flow wp-block-quote-is-layout-flow\"><p><span class=\"has-inline-color has-luminous-vivid-orange-color\">No inverno, segundo a American Heart Association (AHA), h\u00e1 um crescimento de at\u00e9 25% destas patologias, entre elas insufici\u00eancia card\u00edaca, infarto agudo do mioc\u00e1rdio e certos tipos de arritmia\u201d, explica.<\/span><\/p><\/blockquote>\n\n\n\n<div class=\"wp-block-image\"><figure class=\"aligncenter size-large is-resized\"><img loading=\"lazy\" decoding=\"async\" src=\"https:\/\/jornalfatosenoticias.com.br\/wp-content\/uploads\/2023\/04\/Logo_MasterMind.jpg\" alt=\"\" class=\"wp-image-40974\" width=\"335\" height=\"244\"\/><\/figure><\/div>\n\n\n\n<p>O sistema vascular \u00e9 uma rede complexa de vasos sangu\u00edneos que transporta o sangue pelo corpo, tanto humano quanto de outros animais vertebrados. Desse modo, exerce um papel vital no fornecimento de oxig\u00eanio, nutrientes e outros compostos essenciais \u00e0s c\u00e9lulas, al\u00e9m de remover res\u00edduos metab\u00f3licos e di\u00f3xido de carbono.<br>Para compensar a perda de calor, h\u00e1 um mecanismo na natureza chamado de homeostase, que \u00e9 a manuten\u00e7\u00e3o do equil\u00edbrio interno. \u201cDentre estes mecanismos, h\u00e1 uma constri\u00e7\u00e3o dos vasos do corpo (vasoconstri\u00e7\u00e3o), o que faz com que nosso sangue encontre maior resist\u00eancia para circular, aumentando a press\u00e3o arterial e a possibilidade (em pessoas com doen\u00e7as card\u00edacas pr\u00e9vias conhecidas ou n\u00e3o) de eventos cardiovasculares, dos mais leves aos mais graves, como angina, infarto, arritmia, AVC (Acidente Vascular Cerebral) ou morte s\u00fabita\u201d, complementa Barreto.<\/p>\n\n\n\n<div class=\"wp-block-image\"><figure class=\"aligncenter size-large is-resized\"><img loading=\"lazy\" decoding=\"async\" src=\"https:\/\/jornalfatosenoticias.com.br\/wp-content\/uploads\/2023\/03\/logo-Panper_portal.jpg\" alt=\"\" class=\"wp-image-40208\" width=\"308\" height=\"213\" srcset=\"https:\/\/jornalfatosenoticias.com.br\/wp-content\/uploads\/2023\/03\/logo-Panper_portal.jpg 400w, https:\/\/jornalfatosenoticias.com.br\/wp-content\/uploads\/2023\/03\/logo-Panper_portal-300x208.jpg 300w\" sizes=\"auto, (max-width: 308px) 100vw, 308px\" \/><\/figure><\/div>\n\n\n\n<p>No inverno, ocorre uma diminui\u00e7\u00e3o no \u00edndice de chuvas e h\u00e1 aumento da <a href=\"https:\/\/ciclovivo.com.br\/planeta\/meio-ambiente\/sem-politicas-de-controle-poluicao-do-ar-mata-50-mil-brasileiros-por-ano\/\" target=\"_blank\" rel=\"noreferrer noopener\">polui\u00e7\u00e3o do ar<\/a>, com ac\u00famulo de mon\u00f3xido de carbono, di\u00f3xido de nitrog\u00eanio e di\u00f3xido de enxofre, o que sobrecarrega os pulm\u00f5es e diminui a oxigena\u00e7\u00e3o do sangue. \u201cPor consequ\u00eancia, o cora\u00e7\u00e3o fica sobrecarregado a suprir esta defici\u00eancia, podendo levar ao risco card\u00edaco\u201d, explica o cardiologista.<\/p>\n\n\n\n<blockquote class=\"wp-block-quote is-layout-flow wp-block-quote-is-layout-flow\"><p><span class=\"has-inline-color has-luminous-vivid-orange-color\">Um levantamento realizado pelo Hospital Albert Einstein mostrou que, entre os meses de junho e agosto, as interna\u00e7\u00f5es hospitalares na cidade de S\u00e3o Paulo por insufici\u00eancia card\u00edaca e infarto chegam a ser 30% maiores do que no ver\u00e3o\u201d, salienta Barreto.<\/span><\/p><\/blockquote>\n\n\n\n<div class=\"wp-block-image\"><figure class=\"aligncenter size-large is-resized\"><img loading=\"lazy\" decoding=\"async\" src=\"https:\/\/jornalfatosenoticias.com.br\/wp-content\/uploads\/2022\/10\/RC_800x750_page-0001.jpg\" alt=\"\" class=\"wp-image-35338\" width=\"272\" height=\"255\" srcset=\"https:\/\/jornalfatosenoticias.com.br\/wp-content\/uploads\/2022\/10\/RC_800x750_page-0001.jpg 400w, https:\/\/jornalfatosenoticias.com.br\/wp-content\/uploads\/2022\/10\/RC_800x750_page-0001-300x281.jpg 300w\" sizes=\"auto, (max-width: 272px) 100vw, 272px\" \/><\/figure><\/div>\n\n\n\n<p>Ali\u00e1s, estudos realizados em diferentes pa\u00edses mostram que, nesta esta\u00e7\u00e3o do ano, o n\u00famero de infartos cresce em m\u00e9dia 30% e os de AVC 20%. O m\u00e9dico cardiologista Gustavo Laufer, do Hospital Pasteur, no Rio de Janeiro, ressalta que o aumento do <a href=\"https:\/\/ciclovivo.com.br\/vida-sustentavel\/bem-estar\/como-se-exercitar-em-casa-sem-aparelhos\/\" target=\"_blank\" rel=\"noreferrer noopener\">sedentarismo<\/a> \u00e9 um fator de risco.<br>\u201cA partir de setembro ou outubro, muitos entram em dietas e voltam a praticar atividades f\u00edsicas pensando no ver\u00e3o. E abandonam esses h\u00e1bitos quando o calor se vai. \u00c9 muito importante manter uma rotina de exerc\u00edcios f\u00edsicos, apesar do frio, e uma alimenta\u00e7\u00e3o adequada para reduzir os riscos\u201d, afirma.<\/p>\n\n\n\n<h3 class=\"wp-block-heading\"><span class=\"has-inline-color has-vivid-purple-color\">Covid e cora\u00e7\u00e3o<\/span><\/h3>\n\n\n\n<div class=\"wp-block-image\"><figure class=\"aligncenter size-large\"><img loading=\"lazy\" decoding=\"async\" width=\"812\" height=\"541\" src=\"https:\/\/jornalfatosenoticias.com.br\/wp-content\/uploads\/2023\/07\/Doencas-respiratorias-e-cardiovasculares-aumentam-no-frio3_istockphoto.jpg\" alt=\"\" class=\"wp-image-43518\" srcset=\"https:\/\/jornalfatosenoticias.com.br\/wp-content\/uploads\/2023\/07\/Doencas-respiratorias-e-cardiovasculares-aumentam-no-frio3_istockphoto.jpg 812w, https:\/\/jornalfatosenoticias.com.br\/wp-content\/uploads\/2023\/07\/Doencas-respiratorias-e-cardiovasculares-aumentam-no-frio3_istockphoto-300x200.jpg 300w, https:\/\/jornalfatosenoticias.com.br\/wp-content\/uploads\/2023\/07\/Doencas-respiratorias-e-cardiovasculares-aumentam-no-frio3_istockphoto-768x512.jpg 768w\" sizes=\"auto, (max-width: 812px) 100vw, 812px\" \/><figcaption><em><span class=\"has-inline-color has-black-color\">Covid-19 vacina (Foto: iStockphoto)<\/span><\/em><\/figcaption><\/figure><\/div>\n\n\n\n<p>H\u00e1 ainda uma rela\u00e7\u00e3o temerosa entre covid-19 e problemas card\u00edacos. \u201cA aterosclerose \u00e9 um misto de doen\u00e7a inflamat\u00f3ria e ac\u00famulo de lip\u00eddios, que causam o excesso de placas de gordura nos vasos sangu\u00edneos e podem resultar em problemas graves, como infartos, derrames e at\u00e9 a morte. As doen\u00e7as inflamat\u00f3rias s\u00e3o o pontap\u00e9 inicial do processo de aterosclerose\u201d, alerta Laufer. Segundo o m\u00e9dico, quem se contamina com a covid-19 precisa ter aten\u00e7\u00e3o especial.<\/p>\n\n\n\n<div class=\"wp-block-image\"><figure class=\"aligncenter size-large is-resized\"><img loading=\"lazy\" decoding=\"async\" src=\"https:\/\/jornalfatosenoticias.com.br\/wp-content\/uploads\/2022\/02\/Precisao-Contabilidade-1024x724.jpg\" alt=\"\" class=\"wp-image-28088\" width=\"320\" height=\"226\"\/><\/figure><\/div>\n\n\n\n<blockquote class=\"wp-block-quote is-layout-flow wp-block-quote-is-layout-flow\"><p><span class=\"has-inline-color has-luminous-vivid-orange-color\">A covid-19 traz uma tempestade inflamat\u00f3ria para o organismo. Ent\u00e3o, pessoas que j\u00e1 t\u00eam alguma placa de gordura acumulada, caso sejam contaminadas pelo coronav\u00edrus, correm risco muito maior de essa placa se romper e, com isso, sofrer um infarto, um derrame ou uma trombose arterial, principalmente na fase de convalesc\u00eancia, de seis a oito semanas ap\u00f3s a recupera\u00e7\u00e3o da covid\u201d.<\/span><\/p><\/blockquote>\n\n\n\n<div class=\"wp-block-image\"><figure class=\"aligncenter size-large is-resized\"><img loading=\"lazy\" decoding=\"async\" src=\"https:\/\/jornalfatosenoticias.com.br\/wp-content\/uploads\/2023\/03\/Crypton-1000-\u00d7-900-px-300x270-1.png\" alt=\"\" class=\"wp-image-40206\" width=\"282\" height=\"254\"\/><\/figure><\/div>\n\n\n\n<p>O cardiologista tamb\u00e9m destaca a import\u00e2ncia de estar com a vacina\u00e7\u00e3o em dia. \u201cE n\u00e3o s\u00f3 contra o coronav\u00edrus. A vacina de gripe tamb\u00e9m protege o <a href=\"https:\/\/ciclovivo.com.br\/vida-sustentavel\/bem-estar\/dia-mundial-do-coracao-medicos-dao-dicas-para-cuidar-da-saude\/\" target=\"_blank\" rel=\"noreferrer noopener\">cora\u00e7\u00e3o<\/a>, especialmente para quem j\u00e1 teve um infarto. Essas pessoas precisam se precaver de doen\u00e7as respirat\u00f3rias, pois o risco de complica\u00e7\u00f5es delas \u00e9 muito maior\u201d, explica Gustavo Laufer.<br>Para minimizar os riscos de eventos cardiovasculares, Barreto recomenda <a href=\"https:\/\/ciclovivo.com.br\/vida-sustentavel\/bem-estar\/6-dicas-de-um-especialista-em-frio-para-aquecer-o-corpo\/\" target=\"_blank\" rel=\"noreferrer noopener\">aquecer o corpo<\/a>, seja com alimentos e bebidas quentes, como tamb\u00e9m pelo uso de roupas adequadas, de modo a diminuir a vasoconstri\u00e7\u00e3o e aumento da press\u00e3o arterial.<\/p>\n\n\n\n<div class=\"wp-block-image\"><figure class=\"aligncenter size-large is-resized\"><img loading=\"lazy\" decoding=\"async\" src=\"https:\/\/jornalfatosenoticias.com.br\/wp-content\/uploads\/2023\/07\/torneio_volei.jpg\" alt=\"\" class=\"wp-image-43455\" width=\"267\" height=\"266\" srcset=\"https:\/\/jornalfatosenoticias.com.br\/wp-content\/uploads\/2023\/07\/torneio_volei.jpg 1000w, https:\/\/jornalfatosenoticias.com.br\/wp-content\/uploads\/2023\/07\/torneio_volei-300x300.jpg 300w, https:\/\/jornalfatosenoticias.com.br\/wp-content\/uploads\/2023\/07\/torneio_volei-150x150.jpg 150w, https:\/\/jornalfatosenoticias.com.br\/wp-content\/uploads\/2023\/07\/torneio_volei-768x767.jpg 768w\" sizes=\"auto, (max-width: 267px) 100vw, 267px\" \/><\/figure><\/div>\n\n\n\n<p>Segundo o m\u00e9dico especialista, indiv\u00edduos com h\u00e1bitos saud\u00e1veis, como os que controlam o peso por meio de dietas, praticam exerc\u00edcios indicados para idade e condi\u00e7\u00e3o f\u00edsica, n\u00e3o fumam e n\u00e3o bebem, possuem menor chance de manifestar <a href=\"https:\/\/ciclovivo.com.br\/vida-sustentavel\/bem-estar\/caminhar-500-passos-extras-por-dia-reduz-doencas-cardiovasculares\/\" target=\"_blank\" rel=\"noreferrer noopener\">doen\u00e7as cardiovasculares<\/a>, tanto no inverno como no ver\u00e3o.<br>Pessoas com hist\u00f3rico de doen\u00e7as e\/ou eventos cardiovasculares devem fazer exames preventivos peri\u00f3dicos, adotar pr\u00e1ticas saud\u00e1veis e fazer uso da medica\u00e7\u00e3o indicada de forma regular.<\/p>\n\n\n\n<p><strong><em>Fonte: <a href=\"https:\/\/ciclovivo.com.br\/vida-sustentavel\/bem-estar\/doencas-respiratorias-e-vasculares-aumentam-frio\/\">CicloVivo<\/a><\/em><\/strong><\/p>\n","protected":false},"excerpt":{"rendered":"<p>Em Hospital de SP, doen\u00e7as respirat\u00f3rias subiram 200%; saiba quais os cuidados necess\u00e1rios para a preven\u00e7\u00e3o No Hospital do Servidor P\u00fablico do Estado, em S\u00e3o Paulo, os casos de sinusite aumentaram 274% no \u00faltimo trimestre comparado aos tr\u00eas primeiros meses de janeiro, fevereiro e mar\u00e7o de 2023. Bronquites cresceram 220%; pneumonias, 214%. Outras doen\u00e7as respirat\u00f3rias, [&hellip;]<\/p>\n","protected":false},"author":2,"featured_media":43520,"comment_status":"open","ping_status":"open","sticky":false,"template":"","format":"standard","meta":{"footnotes":""},"categories":[42],"tags":[6586,1221,915,2877],"class_list":["post-43517","post","type-post","status-publish","format-standard","has-post-thumbnail","hentry","category-bem-estar","tag-avc","tag-coracao","tag-doencas-respiratorias","tag-frio"],"yoast_head":"<!-- This site is optimized with the Yoast SEO plugin v26.5 - https:\/\/yoast.com\/wordpress\/plugins\/seo\/ -->\n<title>Doen\u00e7as respirat\u00f3rias e cardiovasculares aumentam no frio - Jornal Fatos e Not\u00edcias<\/title>\n<meta name=\"robots\" content=\"index, follow, max-snippet:-1, max-image-preview:large, max-video-preview:-1\" \/>\n<link rel=\"canonical\" href=\"https:\/\/jornalfatosenoticias.com.br\/index.php\/2023\/07\/21\/doencas-respiratorias-e-cardiovasculares-aumentam-no-frio\/\" \/>\n<meta property=\"og:locale\" content=\"pt_BR\" \/>\n<meta property=\"og:type\" content=\"article\" \/>\n<meta property=\"og:title\" content=\"Doen\u00e7as respirat\u00f3rias e cardiovasculares aumentam no frio - Jornal Fatos e Not\u00edcias\" \/>\n<meta property=\"og:description\" content=\"Em Hospital de SP, doen\u00e7as respirat\u00f3rias subiram 200%; saiba quais os cuidados necess\u00e1rios para a preven\u00e7\u00e3o No Hospital do Servidor P\u00fablico do Estado, em S\u00e3o Paulo, os casos de sinusite aumentaram 274% no \u00faltimo trimestre comparado aos tr\u00eas primeiros meses de janeiro, fevereiro e mar\u00e7o de 2023. Bronquites cresceram 220%; pneumonias, 214%. Outras doen\u00e7as respirat\u00f3rias, [&hellip;]\" \/>\n<meta property=\"og:url\" content=\"https:\/\/jornalfatosenoticias.com.br\/index.php\/2023\/07\/21\/doencas-respiratorias-e-cardiovasculares-aumentam-no-frio\/\" \/>\n<meta property=\"og:site_name\" content=\"Jornal Fatos e Not\u00edcias\" \/>\n<meta property=\"article:published_time\" content=\"2023-07-21T12:54:13+00:00\" \/>\n<meta property=\"og:image\" content=\"https:\/\/jornalfatosenoticias.com.br\/wp-content\/uploads\/2023\/07\/Doencas-respiratorias-e-cardiovasculares-aumentam-no-frio.jpg\" \/>\n\t<meta property=\"og:image:width\" content=\"1000\" \/>\n\t<meta property=\"og:image:height\" content=\"527\" \/>\n\t<meta property=\"og:image:type\" content=\"image\/jpeg\" \/>\n<meta name=\"author\" content=\"Luzimara Fernandes\" \/>\n<meta name=\"twitter:card\" content=\"summary_large_image\" \/>\n<meta name=\"twitter:label1\" content=\"Escrito por\" \/>\n\t<meta name=\"twitter:data1\" content=\"Luzimara Fernandes\" \/>\n\t<meta name=\"twitter:label2\" content=\"Est. tempo de leitura\" \/>\n\t<meta name=\"twitter:data2\" content=\"6 minutos\" \/>\n<script type=\"application\/ld+json\" class=\"yoast-schema-graph\">{\"@context\":\"https:\/\/schema.org\",\"@graph\":[{\"@type\":\"Article\",\"@id\":\"https:\/\/jornalfatosenoticias.com.br\/index.php\/2023\/07\/21\/doencas-respiratorias-e-cardiovasculares-aumentam-no-frio\/#article\",\"isPartOf\":{\"@id\":\"https:\/\/jornalfatosenoticias.com.br\/index.php\/2023\/07\/21\/doencas-respiratorias-e-cardiovasculares-aumentam-no-frio\/\"},\"author\":{\"name\":\"Luzimara Fernandes\",\"@id\":\"https:\/\/jornalfatosenoticias.com.br\/#\/schema\/person\/d63837fa13ac8666eb9e74e0985d6f81\"},\"headline\":\"Doen\u00e7as respirat\u00f3rias e cardiovasculares aumentam no frio\",\"datePublished\":\"2023-07-21T12:54:13+00:00\",\"mainEntityOfPage\":{\"@id\":\"https:\/\/jornalfatosenoticias.com.br\/index.php\/2023\/07\/21\/doencas-respiratorias-e-cardiovasculares-aumentam-no-frio\/\"},\"wordCount\":1231,\"commentCount\":0,\"publisher\":{\"@id\":\"https:\/\/jornalfatosenoticias.com.br\/#organization\"},\"image\":{\"@id\":\"https:\/\/jornalfatosenoticias.com.br\/index.php\/2023\/07\/21\/doencas-respiratorias-e-cardiovasculares-aumentam-no-frio\/#primaryimage\"},\"thumbnailUrl\":\"https:\/\/jornalfatosenoticias.com.br\/wp-content\/uploads\/2023\/07\/Doencas-respiratorias-e-cardiovasculares-aumentam-no-frio.jpg\",\"keywords\":[\"AVC\",\"cora\u00e7\u00e3o\",\"doen\u00e7as respirat\u00f3rias\",\"frio\"],\"articleSection\":[\"Bem-estar\"],\"inLanguage\":\"pt-BR\",\"potentialAction\":[{\"@type\":\"CommentAction\",\"name\":\"Comment\",\"target\":[\"https:\/\/jornalfatosenoticias.com.br\/index.php\/2023\/07\/21\/doencas-respiratorias-e-cardiovasculares-aumentam-no-frio\/#respond\"]}]},{\"@type\":\"WebPage\",\"@id\":\"https:\/\/jornalfatosenoticias.com.br\/index.php\/2023\/07\/21\/doencas-respiratorias-e-cardiovasculares-aumentam-no-frio\/\",\"url\":\"https:\/\/jornalfatosenoticias.com.br\/index.php\/2023\/07\/21\/doencas-respiratorias-e-cardiovasculares-aumentam-no-frio\/\",\"name\":\"Doen\u00e7as respirat\u00f3rias e cardiovasculares aumentam no frio - Jornal Fatos e Not\u00edcias\",\"isPartOf\":{\"@id\":\"https:\/\/jornalfatosenoticias.com.br\/#website\"},\"primaryImageOfPage\":{\"@id\":\"https:\/\/jornalfatosenoticias.com.br\/index.php\/2023\/07\/21\/doencas-respiratorias-e-cardiovasculares-aumentam-no-frio\/#primaryimage\"},\"image\":{\"@id\":\"https:\/\/jornalfatosenoticias.com.br\/index.php\/2023\/07\/21\/doencas-respiratorias-e-cardiovasculares-aumentam-no-frio\/#primaryimage\"},\"thumbnailUrl\":\"https:\/\/jornalfatosenoticias.com.br\/wp-content\/uploads\/2023\/07\/Doencas-respiratorias-e-cardiovasculares-aumentam-no-frio.jpg\",\"datePublished\":\"2023-07-21T12:54:13+00:00\",\"breadcrumb\":{\"@id\":\"https:\/\/jornalfatosenoticias.com.br\/index.php\/2023\/07\/21\/doencas-respiratorias-e-cardiovasculares-aumentam-no-frio\/#breadcrumb\"},\"inLanguage\":\"pt-BR\",\"potentialAction\":[{\"@type\":\"ReadAction\",\"target\":[\"https:\/\/jornalfatosenoticias.com.br\/index.php\/2023\/07\/21\/doencas-respiratorias-e-cardiovasculares-aumentam-no-frio\/\"]}]},{\"@type\":\"ImageObject\",\"inLanguage\":\"pt-BR\",\"@id\":\"https:\/\/jornalfatosenoticias.com.br\/index.php\/2023\/07\/21\/doencas-respiratorias-e-cardiovasculares-aumentam-no-frio\/#primaryimage\",\"url\":\"https:\/\/jornalfatosenoticias.com.br\/wp-content\/uploads\/2023\/07\/Doencas-respiratorias-e-cardiovasculares-aumentam-no-frio.jpg\",\"contentUrl\":\"https:\/\/jornalfatosenoticias.com.br\/wp-content\/uploads\/2023\/07\/Doencas-respiratorias-e-cardiovasculares-aumentam-no-frio.jpg\",\"width\":1000,\"height\":527},{\"@type\":\"BreadcrumbList\",\"@id\":\"https:\/\/jornalfatosenoticias.com.br\/index.php\/2023\/07\/21\/doencas-respiratorias-e-cardiovasculares-aumentam-no-frio\/#breadcrumb\",\"itemListElement\":[{\"@type\":\"ListItem\",\"position\":1,\"name\":\"In\u00edcio\",\"item\":\"https:\/\/jornalfatosenoticias.com.br\/\"},{\"@type\":\"ListItem\",\"position\":2,\"name\":\"Doen\u00e7as respirat\u00f3rias e cardiovasculares aumentam no frio\"}]},{\"@type\":\"WebSite\",\"@id\":\"https:\/\/jornalfatosenoticias.com.br\/#website\",\"url\":\"https:\/\/jornalfatosenoticias.com.br\/\",\"name\":\"Jornal Fatos e Not\u00edcias\",\"description\":\"Not\u00edcias em geral\",\"publisher\":{\"@id\":\"https:\/\/jornalfatosenoticias.com.br\/#organization\"},\"potentialAction\":[{\"@type\":\"SearchAction\",\"target\":{\"@type\":\"EntryPoint\",\"urlTemplate\":\"https:\/\/jornalfatosenoticias.com.br\/?s={search_term_string}\"},\"query-input\":{\"@type\":\"PropertyValueSpecification\",\"valueRequired\":true,\"valueName\":\"search_term_string\"}}],\"inLanguage\":\"pt-BR\"},{\"@type\":\"Organization\",\"@id\":\"https:\/\/jornalfatosenoticias.com.br\/#organization\",\"name\":\"Jornal Fatos e Not\u00edcias\",\"url\":\"https:\/\/jornalfatosenoticias.com.br\/\",\"logo\":{\"@type\":\"ImageObject\",\"inLanguage\":\"pt-BR\",\"@id\":\"https:\/\/jornalfatosenoticias.com.br\/#\/schema\/logo\/image\/\",\"url\":\"https:\/\/jornalfatosenoticias.com.br\/wp-content\/uploads\/2020\/02\/logo120.png\",\"contentUrl\":\"https:\/\/jornalfatosenoticias.com.br\/wp-content\/uploads\/2020\/02\/logo120.png\",\"width\":1227,\"height\":120,\"caption\":\"Jornal Fatos e Not\u00edcias\"},\"image\":{\"@id\":\"https:\/\/jornalfatosenoticias.com.br\/#\/schema\/logo\/image\/\"}},{\"@type\":\"Person\",\"@id\":\"https:\/\/jornalfatosenoticias.com.br\/#\/schema\/person\/d63837fa13ac8666eb9e74e0985d6f81\",\"name\":\"Luzimara Fernandes\",\"image\":{\"@type\":\"ImageObject\",\"inLanguage\":\"pt-BR\",\"@id\":\"https:\/\/jornalfatosenoticias.com.br\/#\/schema\/person\/image\/\",\"url\":\"https:\/\/jornalfatosenoticias.com.br\/wp-content\/uploads\/2025\/05\/EU_portal.jpg\",\"contentUrl\":\"https:\/\/jornalfatosenoticias.com.br\/wp-content\/uploads\/2025\/05\/EU_portal.jpg\",\"caption\":\"Luzimara Fernandes\"},\"description\":\"Jornalista MTB 2358-ES\",\"sameAs\":[\"https:\/\/jornalfatosenoticias.com.br\"],\"url\":\"https:\/\/jornalfatosenoticias.com.br\/index.php\/author\/luzimara\/\"}]}<\/script>\n<!-- \/ Yoast SEO plugin. -->","yoast_head_json":{"title":"Doen\u00e7as respirat\u00f3rias e cardiovasculares aumentam no frio - Jornal Fatos e Not\u00edcias","robots":{"index":"index","follow":"follow","max-snippet":"max-snippet:-1","max-image-preview":"max-image-preview:large","max-video-preview":"max-video-preview:-1"},"canonical":"https:\/\/jornalfatosenoticias.com.br\/index.php\/2023\/07\/21\/doencas-respiratorias-e-cardiovasculares-aumentam-no-frio\/","og_locale":"pt_BR","og_type":"article","og_title":"Doen\u00e7as respirat\u00f3rias e cardiovasculares aumentam no frio - Jornal Fatos e Not\u00edcias","og_description":"Em Hospital de SP, doen\u00e7as respirat\u00f3rias subiram 200%; saiba quais os cuidados necess\u00e1rios para a preven\u00e7\u00e3o No Hospital do Servidor P\u00fablico do Estado, em S\u00e3o Paulo, os casos de sinusite aumentaram 274% no \u00faltimo trimestre comparado aos tr\u00eas primeiros meses de janeiro, fevereiro e mar\u00e7o de 2023. Bronquites cresceram 220%; pneumonias, 214%. Outras doen\u00e7as respirat\u00f3rias, [&hellip;]","og_url":"https:\/\/jornalfatosenoticias.com.br\/index.php\/2023\/07\/21\/doencas-respiratorias-e-cardiovasculares-aumentam-no-frio\/","og_site_name":"Jornal Fatos e Not\u00edcias","article_published_time":"2023-07-21T12:54:13+00:00","og_image":[{"width":1000,"height":527,"url":"https:\/\/jornalfatosenoticias.com.br\/wp-content\/uploads\/2023\/07\/Doencas-respiratorias-e-cardiovasculares-aumentam-no-frio.jpg","type":"image\/jpeg"}],"author":"Luzimara Fernandes","twitter_card":"summary_large_image","twitter_misc":{"Escrito por":"Luzimara Fernandes","Est. tempo de leitura":"6 minutos"},"schema":{"@context":"https:\/\/schema.org","@graph":[{"@type":"Article","@id":"https:\/\/jornalfatosenoticias.com.br\/index.php\/2023\/07\/21\/doencas-respiratorias-e-cardiovasculares-aumentam-no-frio\/#article","isPartOf":{"@id":"https:\/\/jornalfatosenoticias.com.br\/index.php\/2023\/07\/21\/doencas-respiratorias-e-cardiovasculares-aumentam-no-frio\/"},"author":{"name":"Luzimara Fernandes","@id":"https:\/\/jornalfatosenoticias.com.br\/#\/schema\/person\/d63837fa13ac8666eb9e74e0985d6f81"},"headline":"Doen\u00e7as respirat\u00f3rias e cardiovasculares aumentam no frio","datePublished":"2023-07-21T12:54:13+00:00","mainEntityOfPage":{"@id":"https:\/\/jornalfatosenoticias.com.br\/index.php\/2023\/07\/21\/doencas-respiratorias-e-cardiovasculares-aumentam-no-frio\/"},"wordCount":1231,"commentCount":0,"publisher":{"@id":"https:\/\/jornalfatosenoticias.com.br\/#organization"},"image":{"@id":"https:\/\/jornalfatosenoticias.com.br\/index.php\/2023\/07\/21\/doencas-respiratorias-e-cardiovasculares-aumentam-no-frio\/#primaryimage"},"thumbnailUrl":"https:\/\/jornalfatosenoticias.com.br\/wp-content\/uploads\/2023\/07\/Doencas-respiratorias-e-cardiovasculares-aumentam-no-frio.jpg","keywords":["AVC","cora\u00e7\u00e3o","doen\u00e7as respirat\u00f3rias","frio"],"articleSection":["Bem-estar"],"inLanguage":"pt-BR","potentialAction":[{"@type":"CommentAction","name":"Comment","target":["https:\/\/jornalfatosenoticias.com.br\/index.php\/2023\/07\/21\/doencas-respiratorias-e-cardiovasculares-aumentam-no-frio\/#respond"]}]},{"@type":"WebPage","@id":"https:\/\/jornalfatosenoticias.com.br\/index.php\/2023\/07\/21\/doencas-respiratorias-e-cardiovasculares-aumentam-no-frio\/","url":"https:\/\/jornalfatosenoticias.com.br\/index.php\/2023\/07\/21\/doencas-respiratorias-e-cardiovasculares-aumentam-no-frio\/","name":"Doen\u00e7as respirat\u00f3rias e cardiovasculares aumentam no frio - Jornal Fatos e Not\u00edcias","isPartOf":{"@id":"https:\/\/jornalfatosenoticias.com.br\/#website"},"primaryImageOfPage":{"@id":"https:\/\/jornalfatosenoticias.com.br\/index.php\/2023\/07\/21\/doencas-respiratorias-e-cardiovasculares-aumentam-no-frio\/#primaryimage"},"image":{"@id":"https:\/\/jornalfatosenoticias.com.br\/index.php\/2023\/07\/21\/doencas-respiratorias-e-cardiovasculares-aumentam-no-frio\/#primaryimage"},"thumbnailUrl":"https:\/\/jornalfatosenoticias.com.br\/wp-content\/uploads\/2023\/07\/Doencas-respiratorias-e-cardiovasculares-aumentam-no-frio.jpg","datePublished":"2023-07-21T12:54:13+00:00","breadcrumb":{"@id":"https:\/\/jornalfatosenoticias.com.br\/index.php\/2023\/07\/21\/doencas-respiratorias-e-cardiovasculares-aumentam-no-frio\/#breadcrumb"},"inLanguage":"pt-BR","potentialAction":[{"@type":"ReadAction","target":["https:\/\/jornalfatosenoticias.com.br\/index.php\/2023\/07\/21\/doencas-respiratorias-e-cardiovasculares-aumentam-no-frio\/"]}]},{"@type":"ImageObject","inLanguage":"pt-BR","@id":"https:\/\/jornalfatosenoticias.com.br\/index.php\/2023\/07\/21\/doencas-respiratorias-e-cardiovasculares-aumentam-no-frio\/#primaryimage","url":"https:\/\/jornalfatosenoticias.com.br\/wp-content\/uploads\/2023\/07\/Doencas-respiratorias-e-cardiovasculares-aumentam-no-frio.jpg","contentUrl":"https:\/\/jornalfatosenoticias.com.br\/wp-content\/uploads\/2023\/07\/Doencas-respiratorias-e-cardiovasculares-aumentam-no-frio.jpg","width":1000,"height":527},{"@type":"BreadcrumbList","@id":"https:\/\/jornalfatosenoticias.com.br\/index.php\/2023\/07\/21\/doencas-respiratorias-e-cardiovasculares-aumentam-no-frio\/#breadcrumb","itemListElement":[{"@type":"ListItem","position":1,"name":"In\u00edcio","item":"https:\/\/jornalfatosenoticias.com.br\/"},{"@type":"ListItem","position":2,"name":"Doen\u00e7as respirat\u00f3rias e cardiovasculares aumentam no frio"}]},{"@type":"WebSite","@id":"https:\/\/jornalfatosenoticias.com.br\/#website","url":"https:\/\/jornalfatosenoticias.com.br\/","name":"Jornal Fatos e Not\u00edcias","description":"Not\u00edcias em geral","publisher":{"@id":"https:\/\/jornalfatosenoticias.com.br\/#organization"},"potentialAction":[{"@type":"SearchAction","target":{"@type":"EntryPoint","urlTemplate":"https:\/\/jornalfatosenoticias.com.br\/?s={search_term_string}"},"query-input":{"@type":"PropertyValueSpecification","valueRequired":true,"valueName":"search_term_string"}}],"inLanguage":"pt-BR"},{"@type":"Organization","@id":"https:\/\/jornalfatosenoticias.com.br\/#organization","name":"Jornal Fatos e Not\u00edcias","url":"https:\/\/jornalfatosenoticias.com.br\/","logo":{"@type":"ImageObject","inLanguage":"pt-BR","@id":"https:\/\/jornalfatosenoticias.com.br\/#\/schema\/logo\/image\/","url":"https:\/\/jornalfatosenoticias.com.br\/wp-content\/uploads\/2020\/02\/logo120.png","contentUrl":"https:\/\/jornalfatosenoticias.com.br\/wp-content\/uploads\/2020\/02\/logo120.png","width":1227,"height":120,"caption":"Jornal Fatos e Not\u00edcias"},"image":{"@id":"https:\/\/jornalfatosenoticias.com.br\/#\/schema\/logo\/image\/"}},{"@type":"Person","@id":"https:\/\/jornalfatosenoticias.com.br\/#\/schema\/person\/d63837fa13ac8666eb9e74e0985d6f81","name":"Luzimara Fernandes","image":{"@type":"ImageObject","inLanguage":"pt-BR","@id":"https:\/\/jornalfatosenoticias.com.br\/#\/schema\/person\/image\/","url":"https:\/\/jornalfatosenoticias.com.br\/wp-content\/uploads\/2025\/05\/EU_portal.jpg","contentUrl":"https:\/\/jornalfatosenoticias.com.br\/wp-content\/uploads\/2025\/05\/EU_portal.jpg","caption":"Luzimara Fernandes"},"description":"Jornalista MTB 2358-ES","sameAs":["https:\/\/jornalfatosenoticias.com.br"],"url":"https:\/\/jornalfatosenoticias.com.br\/index.php\/author\/luzimara\/"}]}},"cc_featured_image_caption":{"caption_text":"(Foto: iStockphoto)","source_text":"","source_url":""},"jetpack_featured_media_url":"https:\/\/jornalfatosenoticias.com.br\/wp-content\/uploads\/2023\/07\/Doencas-respiratorias-e-cardiovasculares-aumentam-no-frio.jpg","_links":{"self":[{"href":"https:\/\/jornalfatosenoticias.com.br\/index.php\/wp-json\/wp\/v2\/posts\/43517","targetHints":{"allow":["GET"]}}],"collection":[{"href":"https:\/\/jornalfatosenoticias.com.br\/index.php\/wp-json\/wp\/v2\/posts"}],"about":[{"href":"https:\/\/jornalfatosenoticias.com.br\/index.php\/wp-json\/wp\/v2\/types\/post"}],"author":[{"embeddable":true,"href":"https:\/\/jornalfatosenoticias.com.br\/index.php\/wp-json\/wp\/v2\/users\/2"}],"replies":[{"embeddable":true,"href":"https:\/\/jornalfatosenoticias.com.br\/index.php\/wp-json\/wp\/v2\/comments?post=43517"}],"version-history":[{"count":0,"href":"https:\/\/jornalfatosenoticias.com.br\/index.php\/wp-json\/wp\/v2\/posts\/43517\/revisions"}],"wp:featuredmedia":[{"embeddable":true,"href":"https:\/\/jornalfatosenoticias.com.br\/index.php\/wp-json\/wp\/v2\/media\/43520"}],"wp:attachment":[{"href":"https:\/\/jornalfatosenoticias.com.br\/index.php\/wp-json\/wp\/v2\/media?parent=43517"}],"wp:term":[{"taxonomy":"category","embeddable":true,"href":"https:\/\/jornalfatosenoticias.com.br\/index.php\/wp-json\/wp\/v2\/categories?post=43517"},{"taxonomy":"post_tag","embeddable":true,"href":"https:\/\/jornalfatosenoticias.com.br\/index.php\/wp-json\/wp\/v2\/tags?post=43517"}],"curies":[{"name":"wp","href":"https:\/\/api.w.org\/{rel}","templated":true}]}}