{"id":43525,"date":"2023-07-21T10:23:10","date_gmt":"2023-07-21T13:23:10","guid":{"rendered":"https:\/\/jornalfatosenoticias.com.br\/?p=43525"},"modified":"2023-07-21T10:23:14","modified_gmt":"2023-07-21T13:23:14","slug":"poluicao-da-agua-causara-crise-de-abastecimento-alerta-estudo","status":"publish","type":"post","link":"https:\/\/jornalfatosenoticias.com.br\/index.php\/2023\/07\/21\/poluicao-da-agua-causara-crise-de-abastecimento-alerta-estudo\/","title":{"rendered":"Polui\u00e7\u00e3o da \u00e1gua causar\u00e1 crise de abastecimento, alerta estudo"},"content":{"rendered":"\n<p><em><span class=\"has-inline-color has-black-color\">Uma m\u00e9dia de 5,5 bilh\u00f5es de pessoas podem ficar expostas \u00e0 \u00e1gua polu\u00edda at\u00e9 2100, segundo proje\u00e7\u00f5es feitas por cientistas holandeses<\/span><\/em><\/p>\n\n\n\n<p><em><span class=\"has-inline-color has-black-color\">Por <strong><a href=\"https:\/\/olhardigital.com.br\/author\/pedro-spadoni\/\">Pedro Borges Spadoni<\/a>\u00a0<\/strong><\/span><\/em><\/p>\n\n\n\n<div class=\"wp-block-image\"><figure class=\"aligncenter size-large\"><img loading=\"lazy\" decoding=\"async\" width=\"729\" height=\"90\" src=\"https:\/\/jornalfatosenoticias.com.br\/wp-content\/uploads\/2020\/02\/Logo_Mizu.png\" alt=\"\" class=\"wp-image-1441\" srcset=\"https:\/\/jornalfatosenoticias.com.br\/wp-content\/uploads\/2020\/02\/Logo_Mizu.png 729w, https:\/\/jornalfatosenoticias.com.br\/wp-content\/uploads\/2020\/02\/Logo_Mizu-300x37.png 300w\" sizes=\"auto, (max-width: 729px) 100vw, 729px\" \/><\/figure><\/div>\n\n\n\n<p>Um estudo publicado na revista cient\u00edfica Nature mostra que a polui\u00e7\u00e3o da <a href=\"https:\/\/olhardigital.com.br\/tag\/agua\/\" target=\"_blank\" rel=\"noreferrer noopener\">\u00e1gua<\/a> vai causar uma crise de abastecimento at\u00e9 o final do s\u00e9culo 21. Segundo proje\u00e7\u00f5es feitas por cientistas holandeses, uma m\u00e9dia de 5,5 bilh\u00f5es de pessoas podem ficar expostas \u00e0 \u00e1gua\u00a0<a href=\"https:\/\/olhardigital.com.br\/tag\/poluicao\/\" target=\"_blank\" rel=\"noreferrer noopener\">polu\u00edda<\/a> at\u00e9 2100.<\/p>\n\n\n\n<ul class=\"wp-block-list\"><li>A polui\u00e7\u00e3o da \u00e1gua vai causar uma crise de abastecimento at\u00e9 o final do s\u00e9culo 21;<\/li><li>Uma m\u00e9dia de 5,5 bilh\u00f5es de pessoas podem ficar expostas \u00e0 \u00e1gua polu\u00edda at\u00e9 2100;<\/li><li>Essa degrada\u00e7\u00e3o deve ocorrer por causa da quantidade de poluentes no ar, a retirada de \u00e1gua e os regimes hidrol\u00f3gicos;<\/li><li>Mudan\u00e7as clim\u00e1ticas e o desenvolvimento econ\u00f4mico das sociedades impulsionam esses fatores;<\/li><li>No pior dos cen\u00e1rios, parte da Am\u00e9rica do Sul, a \u00c1frica subsaariana e o sudeste da \u00c1sia ser\u00e3o expostas a \u00e1guas polu\u00eddas;<\/li><li>As informa\u00e7\u00f5es e alertas constam num estudo conduzido por cientistas holandeses, publicado na revista cient\u00edfica Nature.<\/li><\/ul>\n\n\n\n<div class=\"wp-block-image\"><figure class=\"aligncenter size-large\"><img decoding=\"async\" src=\"https:\/\/jornalfatosenoticias.com.br\/wp-content\/uploads\/2020\/02\/barao-das-carnes-300x164-1.jpg\" alt=\"\" class=\"wp-image-34339\"\/><\/figure><\/div>\n\n\n\n<p>Essa degrada\u00e7\u00e3o deve ocorrer por causa da quantidade de poluentes no ar, a retirada de \u00e1gua e os regimes hidrol\u00f3gicos, impulsionados pelas mudan\u00e7as clim\u00e1ticas e o desenvolvimento econ\u00f4mico das sociedades. A ONU j\u00e1 havia alertado, em 2023, para o \u201crisco iminente\u201d de uma crise global de escassez.<\/p>\n\n\n\n<h3 class=\"wp-block-heading\"><strong><span class=\"has-inline-color has-black-color\">Proje\u00e7\u00f5es para o futuro<\/span><\/strong><\/h3>\n\n\n\n<div class=\"wp-block-image\"><figure class=\"aligncenter size-large\"><img loading=\"lazy\" decoding=\"async\" width=\"1000\" height=\"562\" src=\"https:\/\/jornalfatosenoticias.com.br\/wp-content\/uploads\/2023\/07\/Poluicao-agua-02.jpg\" alt=\"\" class=\"wp-image-43526\" srcset=\"https:\/\/jornalfatosenoticias.com.br\/wp-content\/uploads\/2023\/07\/Poluicao-agua-02.jpg 1000w, https:\/\/jornalfatosenoticias.com.br\/wp-content\/uploads\/2023\/07\/Poluicao-agua-02-300x169.jpg 300w, https:\/\/jornalfatosenoticias.com.br\/wp-content\/uploads\/2023\/07\/Poluicao-agua-02-768x432.jpg 768w\" sizes=\"auto, (max-width: 1000px) 100vw, 1000px\" \/><figcaption><em><span class=\"has-inline-color has-black-color\">A qualidade da \u00e1gua ser\u00e1 pior nos pa\u00edses em amarelo e vermelho (Foto: Reprodu\u00e7\u00e3o\/Nature)<\/span><\/em><\/figcaption><\/figure><\/div>\n\n\n\n<p>A pesquisa alerta que, no pior dos cen\u00e1rios, parte da Am\u00e9rica do Sul, a \u00c1frica subsaariana e o sudeste da \u00c1sia ser\u00e3o expostas a \u00e1guas polu\u00eddas. Ainda de acordo com o estudo, o problema \u00e9 uma \u201cbomba-rel\u00f3gio\u201d em n\u00edvel global. O principal motivo para preocupa\u00e7\u00e3o com o futuro da \u00e1gua do planeta est\u00e1 conectado \u00e0 sua import\u00e2ncia para a vida humana. Isso porque ela possui diversas fun\u00e7\u00f5es para a sa\u00fade, por exemplo:<\/p>\n\n\n\n<div class=\"wp-block-image\"><figure class=\"aligncenter size-large\"><img loading=\"lazy\" decoding=\"async\" width=\"300\" height=\"250\" src=\"https:\/\/jornalfatosenoticias.com.br\/wp-content\/uploads\/2022\/08\/arte-Casarao.jpg\" alt=\"\" class=\"wp-image-33178\"\/><\/figure><\/div>\n\n\n\n<ul class=\"wp-block-list\"><li>Transporte de nutrientes;<\/li><li>Digest\u00e3o;<\/li><li>Excre\u00e7\u00e3o de subst\u00e2ncias t\u00f3xicas;<\/li><li>Absor\u00e7\u00e3o de nutrientes;<\/li><li>Rea\u00e7\u00f5es para bom estado fisiol\u00f3gico.<\/li><\/ul>\n\n\n\n<blockquote class=\"wp-block-quote is-layout-flow wp-block-quote-is-layout-flow\"><p><span class=\"has-inline-color has-luminous-vivid-orange-color\">Uma boa qualidade da \u00e1gua reduz determinadas doen\u00e7as \u2014 aquelas chamadas de doen\u00e7as de veicula\u00e7\u00e3o h\u00eddrica \u2014 e outros tipos tamb\u00e9m. Outro fator \u00e9 a mortalidade infantil, que sempre apresenta uma queda absurda a partir do momento que voc\u00ea fornece \u00e1gua pot\u00e1vel para a popula\u00e7\u00e3o&#8221;, disse Marcelo Obraczka, especialista em Engenharia Sanit\u00e1ria e professor na Universidade Estadual do Rio de Janeiro (Uerj).<\/span><\/p><\/blockquote>\n\n\n\n<h3 class=\"wp-block-heading\"><strong><span class=\"has-inline-color has-black-color\">Como o estudo sobre polui\u00e7\u00e3o da \u00e1gua foi feito<\/span><\/strong><\/h3>\n\n\n\n<div class=\"wp-block-image\"><figure class=\"aligncenter size-large\"><img loading=\"lazy\" decoding=\"async\" width=\"1000\" height=\"562\" src=\"https:\/\/jornalfatosenoticias.com.br\/wp-content\/uploads\/2023\/07\/Poluicao-agua-03.jpg\" alt=\"\" class=\"wp-image-43527\" srcset=\"https:\/\/jornalfatosenoticias.com.br\/wp-content\/uploads\/2023\/07\/Poluicao-agua-03.jpg 1000w, https:\/\/jornalfatosenoticias.com.br\/wp-content\/uploads\/2023\/07\/Poluicao-agua-03-300x169.jpg 300w, https:\/\/jornalfatosenoticias.com.br\/wp-content\/uploads\/2023\/07\/Poluicao-agua-03-768x432.jpg 768w\" sizes=\"auto, (max-width: 1000px) 100vw, 1000px\" \/><figcaption><em><span class=\"has-inline-color has-black-color\">(Foto: PixaHive)<\/span><\/em><\/figcaption><\/figure><\/div>\n\n\n\n<p>Para conseguirem visualizar esse impacto na qualidade dessas \u00e1guas, os cientistas utilizaram tr\u00eas indicadores:<\/p>\n\n\n\n<ul class=\"wp-block-list\"><li>Temperatura da \u00e1gua e indicadores de salinidade (s\u00f3lidos totais dissolvidos);<\/li><li>Polui\u00e7\u00e3o org\u00e2nica (demanda biol\u00f3gica de oxig\u00eanio);<\/li><li>Polui\u00e7\u00e3o pat\u00f3gena (coliformes fecais).<\/li><\/ul>\n\n\n\n<div class=\"wp-block-image\"><figure class=\"aligncenter size-large\"><img loading=\"lazy\" decoding=\"async\" width=\"300\" height=\"250\" src=\"https:\/\/jornalfatosenoticias.com.br\/wp-content\/uploads\/2022\/02\/FERRARI_MAQUINAS-E-FERRAMENTAS2.jpg\" alt=\"\" class=\"wp-image-27860\"\/><\/figure><\/div>\n\n\n\n<p>A partir disso, eles investigaram essa qualidade em tr\u00eas cen\u00e1rios clim\u00e1ticos futuros usados \u200b\u200bpelo Painel Intergovernamental sobre Mudan\u00e7as Clim\u00e1ticas, em per\u00edodos de 20 anos, com in\u00edcio em 2005 e fim em 2100. O primeiro cen\u00e1rio segue uma trajet\u00f3ria \u2018business-as-usual\u2019 (\u201ctudo funcionando normalmente\u201d, em tradu\u00e7\u00e3o livre), definida por forte progresso tecnol\u00f3gico cont\u00ednuo com preocupa\u00e7\u00e3o limitada com o aquecimento global.<br>J\u00e1 o segundo conta com um futuro \u201cverde\u201d otimista, no qual a sustentabilidade se torna uma prioridade de todos. Por fim, o terceiro traz um panorama com os piores resultados. O estudo descreve uma futura \u201cestrada esburacada\u201d de crescentes rivalidades nacionais juntamente ao lento progresso econ\u00f4mico e ambiental.<\/p>\n\n\n\n<div class=\"wp-block-image\"><figure class=\"aligncenter size-large is-resized\"><img loading=\"lazy\" decoding=\"async\" src=\"https:\/\/jornalfatosenoticias.com.br\/wp-content\/uploads\/2022\/10\/RC_800x750_page-0001.jpg\" alt=\"\" class=\"wp-image-35338\" width=\"287\" height=\"269\" srcset=\"https:\/\/jornalfatosenoticias.com.br\/wp-content\/uploads\/2022\/10\/RC_800x750_page-0001.jpg 400w, https:\/\/jornalfatosenoticias.com.br\/wp-content\/uploads\/2022\/10\/RC_800x750_page-0001-300x281.jpg 300w\" sizes=\"auto, (max-width: 287px) 100vw, 287px\" \/><\/figure><\/div>\n\n\n\n<blockquote class=\"wp-block-quote is-layout-flow wp-block-quote-is-layout-flow\"><p><span class=\"has-inline-color has-luminous-vivid-orange-color\">Estamos definitivamente sentados numa bomba-rel\u00f3gio&#8221;, afirma Joshua Edokpayi, pesquisador e especialista em gest\u00e3o da qualidade da \u00e1gua na Universidade de Venda em Thohoyandou, na \u00c1frica do Sul.<\/span><\/p><\/blockquote>\n\n\n\n<div class=\"wp-block-image\"><figure class=\"aligncenter size-large is-resized\"><img loading=\"lazy\" decoding=\"async\" src=\"https:\/\/jornalfatosenoticias.com.br\/wp-content\/uploads\/2023\/03\/nova-logo-Marquetti.jpg\" alt=\"\" class=\"wp-image-40207\" width=\"313\" height=\"210\" srcset=\"https:\/\/jornalfatosenoticias.com.br\/wp-content\/uploads\/2023\/03\/nova-logo-Marquetti.jpg 643w, https:\/\/jornalfatosenoticias.com.br\/wp-content\/uploads\/2023\/03\/nova-logo-Marquetti-300x202.jpg 300w\" sizes=\"auto, (max-width: 313px) 100vw, 313px\" \/><\/figure><\/div>\n\n\n\n<h3 class=\"wp-block-heading\"><strong><span class=\"has-inline-color has-black-color\">Am\u00e9rica do Sul, \u00c1frica subsaariana e sudeste da \u00c1sia<\/span><\/strong><\/h3>\n\n\n\n<div class=\"wp-block-image\"><figure class=\"aligncenter size-large\"><img loading=\"lazy\" decoding=\"async\" width=\"1000\" height=\"562\" src=\"https:\/\/jornalfatosenoticias.com.br\/wp-content\/uploads\/2023\/07\/Poluicao-agua-04.jpg\" alt=\"\" class=\"wp-image-43528\" srcset=\"https:\/\/jornalfatosenoticias.com.br\/wp-content\/uploads\/2023\/07\/Poluicao-agua-04.jpg 1000w, https:\/\/jornalfatosenoticias.com.br\/wp-content\/uploads\/2023\/07\/Poluicao-agua-04-300x169.jpg 300w, https:\/\/jornalfatosenoticias.com.br\/wp-content\/uploads\/2023\/07\/Poluicao-agua-04-768x432.jpg 768w\" sizes=\"auto, (max-width: 1000px) 100vw, 1000px\" \/><figcaption><em><span class=\"has-inline-color has-black-color\">(Foto: Pexels)<\/span><\/em><\/figcaption><\/figure><\/div>\n\n\n\n<p>Como resultado da an\u00e1lise, os dados apontaram que a partir de todos os cen\u00e1rios, a qualidade da \u00e1gua tem tend\u00eancia a piorar em n\u00edveis alarmantes nos pa\u00edses com economias emergentes.<br>Em contrapartida, nos pa\u00edses muitos ricos os n\u00edveis atuais de poluentes org\u00e2nicos e subst\u00e2ncias que podem causar doen\u00e7as tendem a diminuir, devido ao tratamento de \u00e1gua melhor.<br>Com a capacidade de consumo comprometida, as regi\u00f5es identificadas como mais polu\u00eddas, no pior dos cen\u00e1rios apresentados pela pesquisa, correm risco de sofrer crises de abastecimento de \u00e1gua, frisa o professor Marcelo Obraczka.<\/p>\n\n\n\n<div class=\"wp-block-image\"><figure class=\"aligncenter size-large is-resized\"><img loading=\"lazy\" decoding=\"async\" src=\"https:\/\/jornalfatosenoticias.com.br\/wp-content\/uploads\/2020\/02\/logo-embacia.jpg\" alt=\"\" class=\"wp-image-33905\" width=\"278\" height=\"278\"\/><\/figure><\/div>\n\n\n\n<blockquote class=\"wp-block-quote is-layout-flow wp-block-quote-is-layout-flow\"><p><span class=\"has-inline-color has-luminous-vivid-orange-color\">O especialista ressaltou: &#8220;Como gerimos muito mal a pouca \u00e1gua pot\u00e1vel dispon\u00edvel, a tend\u00eancia \u00e9 uma piora do cen\u00e1rio atual. E a corda vai estourar justamente nas m\u00e3os da popula\u00e7\u00e3o mais vulner\u00e1vel, em lugares pobres, com baixa disponibilidade h\u00eddrica e que ainda por cima n\u00e3o tratam devidamente seus res\u00edduos l\u00edquidos e s\u00f3lidos. Aliado ao crescimento da popula\u00e7\u00e3o e as crescentes demandas de irriga\u00e7\u00e3o que consomem boa parte da \u00e1gua dispon\u00edvel&#8221;.<\/span><\/p><\/blockquote>\n\n\n\n<div class=\"wp-block-image\"><figure class=\"aligncenter size-large\"><img loading=\"lazy\" decoding=\"async\" width=\"300\" height=\"137\" src=\"https:\/\/jornalfatosenoticias.com.br\/wp-content\/uploads\/2023\/06\/LOGO_JULIANA-GRACA_PORTAL.jpg\" alt=\"\" class=\"wp-image-42597\"\/><\/figure><\/div>\n\n\n\n<p><strong><em>Fonte: <a href=\"https:\/\/olhardigital.com.br\/2023\/07\/19\/ciencia-e-espaco\/estudo-alerta-que-poluicao-da-agua-causara-crise-de-abastecimento\/\">Olhar Digital<\/a><\/em><\/strong><\/p>\n","protected":false},"excerpt":{"rendered":"<p>Uma m\u00e9dia de 5,5 bilh\u00f5es de pessoas podem ficar expostas \u00e0 \u00e1gua polu\u00edda at\u00e9 2100, segundo proje\u00e7\u00f5es feitas por cientistas holandeses Por Pedro Borges Spadoni\u00a0 Um estudo publicado na revista cient\u00edfica Nature mostra que a polui\u00e7\u00e3o da \u00e1gua vai causar uma crise de abastecimento at\u00e9 o final do s\u00e9culo 21. Segundo proje\u00e7\u00f5es feitas por cientistas [&hellip;]<\/p>\n","protected":false},"author":2,"featured_media":43529,"comment_status":"open","ping_status":"open","sticky":false,"template":"","format":"standard","meta":{"footnotes":""},"categories":[5],"tags":[451,2290,945,876,20511],"class_list":["post-43525","post","type-post","status-publish","format-standard","has-post-thumbnail","hentry","category-geral","tag-agua","tag-estudos","tag-meio-ambiente","tag-pesquisas","tag-poluicao-da-agua"],"yoast_head":"<!-- This site is optimized with the Yoast SEO plugin v26.5 - https:\/\/yoast.com\/wordpress\/plugins\/seo\/ -->\n<title>Polui\u00e7\u00e3o da \u00e1gua causar\u00e1 crise de abastecimento, alerta estudo - Jornal Fatos e Not\u00edcias<\/title>\n<meta name=\"robots\" content=\"index, follow, max-snippet:-1, max-image-preview:large, max-video-preview:-1\" \/>\n<link rel=\"canonical\" href=\"https:\/\/jornalfatosenoticias.com.br\/index.php\/2023\/07\/21\/poluicao-da-agua-causara-crise-de-abastecimento-alerta-estudo\/\" \/>\n<meta property=\"og:locale\" content=\"pt_BR\" \/>\n<meta property=\"og:type\" content=\"article\" \/>\n<meta property=\"og:title\" content=\"Polui\u00e7\u00e3o da \u00e1gua causar\u00e1 crise de abastecimento, alerta estudo - Jornal Fatos e Not\u00edcias\" \/>\n<meta property=\"og:description\" content=\"Uma m\u00e9dia de 5,5 bilh\u00f5es de pessoas podem ficar expostas \u00e0 \u00e1gua polu\u00edda at\u00e9 2100, segundo proje\u00e7\u00f5es feitas por cientistas holandeses Por Pedro Borges Spadoni\u00a0 Um estudo publicado na revista cient\u00edfica Nature mostra que a polui\u00e7\u00e3o da \u00e1gua vai causar uma crise de abastecimento at\u00e9 o final do s\u00e9culo 21. Segundo proje\u00e7\u00f5es feitas por cientistas [&hellip;]\" \/>\n<meta property=\"og:url\" content=\"https:\/\/jornalfatosenoticias.com.br\/index.php\/2023\/07\/21\/poluicao-da-agua-causara-crise-de-abastecimento-alerta-estudo\/\" \/>\n<meta property=\"og:site_name\" content=\"Jornal Fatos e Not\u00edcias\" \/>\n<meta property=\"article:published_time\" content=\"2023-07-21T13:23:10+00:00\" \/>\n<meta property=\"article:modified_time\" content=\"2023-07-21T13:23:14+00:00\" \/>\n<meta property=\"og:image\" content=\"https:\/\/jornalfatosenoticias.com.br\/wp-content\/uploads\/2023\/07\/Poluicao-agua-01.jpg\" \/>\n\t<meta property=\"og:image:width\" content=\"900\" \/>\n\t<meta property=\"og:image:height\" content=\"592\" \/>\n\t<meta property=\"og:image:type\" content=\"image\/jpeg\" \/>\n<meta name=\"author\" content=\"Luzimara Fernandes\" \/>\n<meta name=\"twitter:card\" content=\"summary_large_image\" \/>\n<meta name=\"twitter:label1\" content=\"Escrito por\" \/>\n\t<meta name=\"twitter:data1\" content=\"Luzimara Fernandes\" \/>\n\t<meta name=\"twitter:label2\" content=\"Est. tempo de leitura\" \/>\n\t<meta name=\"twitter:data2\" content=\"4 minutos\" \/>\n<script type=\"application\/ld+json\" class=\"yoast-schema-graph\">{\"@context\":\"https:\/\/schema.org\",\"@graph\":[{\"@type\":\"Article\",\"@id\":\"https:\/\/jornalfatosenoticias.com.br\/index.php\/2023\/07\/21\/poluicao-da-agua-causara-crise-de-abastecimento-alerta-estudo\/#article\",\"isPartOf\":{\"@id\":\"https:\/\/jornalfatosenoticias.com.br\/index.php\/2023\/07\/21\/poluicao-da-agua-causara-crise-de-abastecimento-alerta-estudo\/\"},\"author\":{\"name\":\"Luzimara Fernandes\",\"@id\":\"https:\/\/jornalfatosenoticias.com.br\/#\/schema\/person\/d63837fa13ac8666eb9e74e0985d6f81\"},\"headline\":\"Polui\u00e7\u00e3o da \u00e1gua causar\u00e1 crise de abastecimento, alerta estudo\",\"datePublished\":\"2023-07-21T13:23:10+00:00\",\"dateModified\":\"2023-07-21T13:23:14+00:00\",\"mainEntityOfPage\":{\"@id\":\"https:\/\/jornalfatosenoticias.com.br\/index.php\/2023\/07\/21\/poluicao-da-agua-causara-crise-de-abastecimento-alerta-estudo\/\"},\"wordCount\":842,\"commentCount\":0,\"publisher\":{\"@id\":\"https:\/\/jornalfatosenoticias.com.br\/#organization\"},\"image\":{\"@id\":\"https:\/\/jornalfatosenoticias.com.br\/index.php\/2023\/07\/21\/poluicao-da-agua-causara-crise-de-abastecimento-alerta-estudo\/#primaryimage\"},\"thumbnailUrl\":\"https:\/\/jornalfatosenoticias.com.br\/wp-content\/uploads\/2023\/07\/Poluicao-agua-01.jpg\",\"keywords\":[\"\u00e1gua\",\"estudos\",\"meio ambiente\",\"pesquisas\",\"polui\u00e7\u00e3o da \u00e1gua\"],\"articleSection\":[\"Geral\"],\"inLanguage\":\"pt-BR\",\"potentialAction\":[{\"@type\":\"CommentAction\",\"name\":\"Comment\",\"target\":[\"https:\/\/jornalfatosenoticias.com.br\/index.php\/2023\/07\/21\/poluicao-da-agua-causara-crise-de-abastecimento-alerta-estudo\/#respond\"]}]},{\"@type\":\"WebPage\",\"@id\":\"https:\/\/jornalfatosenoticias.com.br\/index.php\/2023\/07\/21\/poluicao-da-agua-causara-crise-de-abastecimento-alerta-estudo\/\",\"url\":\"https:\/\/jornalfatosenoticias.com.br\/index.php\/2023\/07\/21\/poluicao-da-agua-causara-crise-de-abastecimento-alerta-estudo\/\",\"name\":\"Polui\u00e7\u00e3o da \u00e1gua causar\u00e1 crise de abastecimento, alerta estudo - Jornal Fatos e Not\u00edcias\",\"isPartOf\":{\"@id\":\"https:\/\/jornalfatosenoticias.com.br\/#website\"},\"primaryImageOfPage\":{\"@id\":\"https:\/\/jornalfatosenoticias.com.br\/index.php\/2023\/07\/21\/poluicao-da-agua-causara-crise-de-abastecimento-alerta-estudo\/#primaryimage\"},\"image\":{\"@id\":\"https:\/\/jornalfatosenoticias.com.br\/index.php\/2023\/07\/21\/poluicao-da-agua-causara-crise-de-abastecimento-alerta-estudo\/#primaryimage\"},\"thumbnailUrl\":\"https:\/\/jornalfatosenoticias.com.br\/wp-content\/uploads\/2023\/07\/Poluicao-agua-01.jpg\",\"datePublished\":\"2023-07-21T13:23:10+00:00\",\"dateModified\":\"2023-07-21T13:23:14+00:00\",\"breadcrumb\":{\"@id\":\"https:\/\/jornalfatosenoticias.com.br\/index.php\/2023\/07\/21\/poluicao-da-agua-causara-crise-de-abastecimento-alerta-estudo\/#breadcrumb\"},\"inLanguage\":\"pt-BR\",\"potentialAction\":[{\"@type\":\"ReadAction\",\"target\":[\"https:\/\/jornalfatosenoticias.com.br\/index.php\/2023\/07\/21\/poluicao-da-agua-causara-crise-de-abastecimento-alerta-estudo\/\"]}]},{\"@type\":\"ImageObject\",\"inLanguage\":\"pt-BR\",\"@id\":\"https:\/\/jornalfatosenoticias.com.br\/index.php\/2023\/07\/21\/poluicao-da-agua-causara-crise-de-abastecimento-alerta-estudo\/#primaryimage\",\"url\":\"https:\/\/jornalfatosenoticias.com.br\/wp-content\/uploads\/2023\/07\/Poluicao-agua-01.jpg\",\"contentUrl\":\"https:\/\/jornalfatosenoticias.com.br\/wp-content\/uploads\/2023\/07\/Poluicao-agua-01.jpg\",\"width\":900,\"height\":592},{\"@type\":\"BreadcrumbList\",\"@id\":\"https:\/\/jornalfatosenoticias.com.br\/index.php\/2023\/07\/21\/poluicao-da-agua-causara-crise-de-abastecimento-alerta-estudo\/#breadcrumb\",\"itemListElement\":[{\"@type\":\"ListItem\",\"position\":1,\"name\":\"In\u00edcio\",\"item\":\"https:\/\/jornalfatosenoticias.com.br\/\"},{\"@type\":\"ListItem\",\"position\":2,\"name\":\"Polui\u00e7\u00e3o da \u00e1gua causar\u00e1 crise de abastecimento, alerta estudo\"}]},{\"@type\":\"WebSite\",\"@id\":\"https:\/\/jornalfatosenoticias.com.br\/#website\",\"url\":\"https:\/\/jornalfatosenoticias.com.br\/\",\"name\":\"Jornal Fatos e Not\u00edcias\",\"description\":\"Not\u00edcias em geral\",\"publisher\":{\"@id\":\"https:\/\/jornalfatosenoticias.com.br\/#organization\"},\"potentialAction\":[{\"@type\":\"SearchAction\",\"target\":{\"@type\":\"EntryPoint\",\"urlTemplate\":\"https:\/\/jornalfatosenoticias.com.br\/?s={search_term_string}\"},\"query-input\":{\"@type\":\"PropertyValueSpecification\",\"valueRequired\":true,\"valueName\":\"search_term_string\"}}],\"inLanguage\":\"pt-BR\"},{\"@type\":\"Organization\",\"@id\":\"https:\/\/jornalfatosenoticias.com.br\/#organization\",\"name\":\"Jornal Fatos e Not\u00edcias\",\"url\":\"https:\/\/jornalfatosenoticias.com.br\/\",\"logo\":{\"@type\":\"ImageObject\",\"inLanguage\":\"pt-BR\",\"@id\":\"https:\/\/jornalfatosenoticias.com.br\/#\/schema\/logo\/image\/\",\"url\":\"https:\/\/jornalfatosenoticias.com.br\/wp-content\/uploads\/2020\/02\/logo120.png\",\"contentUrl\":\"https:\/\/jornalfatosenoticias.com.br\/wp-content\/uploads\/2020\/02\/logo120.png\",\"width\":1227,\"height\":120,\"caption\":\"Jornal Fatos e Not\u00edcias\"},\"image\":{\"@id\":\"https:\/\/jornalfatosenoticias.com.br\/#\/schema\/logo\/image\/\"}},{\"@type\":\"Person\",\"@id\":\"https:\/\/jornalfatosenoticias.com.br\/#\/schema\/person\/d63837fa13ac8666eb9e74e0985d6f81\",\"name\":\"Luzimara Fernandes\",\"image\":{\"@type\":\"ImageObject\",\"inLanguage\":\"pt-BR\",\"@id\":\"https:\/\/jornalfatosenoticias.com.br\/#\/schema\/person\/image\/\",\"url\":\"https:\/\/jornalfatosenoticias.com.br\/wp-content\/uploads\/2025\/05\/EU_portal.jpg\",\"contentUrl\":\"https:\/\/jornalfatosenoticias.com.br\/wp-content\/uploads\/2025\/05\/EU_portal.jpg\",\"caption\":\"Luzimara Fernandes\"},\"description\":\"Jornalista MTB 2358-ES\",\"sameAs\":[\"https:\/\/jornalfatosenoticias.com.br\"],\"url\":\"https:\/\/jornalfatosenoticias.com.br\/index.php\/author\/luzimara\/\"}]}<\/script>\n<!-- \/ Yoast SEO plugin. -->","yoast_head_json":{"title":"Polui\u00e7\u00e3o da \u00e1gua causar\u00e1 crise de abastecimento, alerta estudo - Jornal Fatos e Not\u00edcias","robots":{"index":"index","follow":"follow","max-snippet":"max-snippet:-1","max-image-preview":"max-image-preview:large","max-video-preview":"max-video-preview:-1"},"canonical":"https:\/\/jornalfatosenoticias.com.br\/index.php\/2023\/07\/21\/poluicao-da-agua-causara-crise-de-abastecimento-alerta-estudo\/","og_locale":"pt_BR","og_type":"article","og_title":"Polui\u00e7\u00e3o da \u00e1gua causar\u00e1 crise de abastecimento, alerta estudo - Jornal Fatos e Not\u00edcias","og_description":"Uma m\u00e9dia de 5,5 bilh\u00f5es de pessoas podem ficar expostas \u00e0 \u00e1gua polu\u00edda at\u00e9 2100, segundo proje\u00e7\u00f5es feitas por cientistas holandeses Por Pedro Borges Spadoni\u00a0 Um estudo publicado na revista cient\u00edfica Nature mostra que a polui\u00e7\u00e3o da \u00e1gua vai causar uma crise de abastecimento at\u00e9 o final do s\u00e9culo 21. Segundo proje\u00e7\u00f5es feitas por cientistas [&hellip;]","og_url":"https:\/\/jornalfatosenoticias.com.br\/index.php\/2023\/07\/21\/poluicao-da-agua-causara-crise-de-abastecimento-alerta-estudo\/","og_site_name":"Jornal Fatos e Not\u00edcias","article_published_time":"2023-07-21T13:23:10+00:00","article_modified_time":"2023-07-21T13:23:14+00:00","og_image":[{"width":900,"height":592,"url":"https:\/\/jornalfatosenoticias.com.br\/wp-content\/uploads\/2023\/07\/Poluicao-agua-01.jpg","type":"image\/jpeg"}],"author":"Luzimara Fernandes","twitter_card":"summary_large_image","twitter_misc":{"Escrito por":"Luzimara Fernandes","Est. tempo de leitura":"4 minutos"},"schema":{"@context":"https:\/\/schema.org","@graph":[{"@type":"Article","@id":"https:\/\/jornalfatosenoticias.com.br\/index.php\/2023\/07\/21\/poluicao-da-agua-causara-crise-de-abastecimento-alerta-estudo\/#article","isPartOf":{"@id":"https:\/\/jornalfatosenoticias.com.br\/index.php\/2023\/07\/21\/poluicao-da-agua-causara-crise-de-abastecimento-alerta-estudo\/"},"author":{"name":"Luzimara Fernandes","@id":"https:\/\/jornalfatosenoticias.com.br\/#\/schema\/person\/d63837fa13ac8666eb9e74e0985d6f81"},"headline":"Polui\u00e7\u00e3o da \u00e1gua causar\u00e1 crise de abastecimento, alerta estudo","datePublished":"2023-07-21T13:23:10+00:00","dateModified":"2023-07-21T13:23:14+00:00","mainEntityOfPage":{"@id":"https:\/\/jornalfatosenoticias.com.br\/index.php\/2023\/07\/21\/poluicao-da-agua-causara-crise-de-abastecimento-alerta-estudo\/"},"wordCount":842,"commentCount":0,"publisher":{"@id":"https:\/\/jornalfatosenoticias.com.br\/#organization"},"image":{"@id":"https:\/\/jornalfatosenoticias.com.br\/index.php\/2023\/07\/21\/poluicao-da-agua-causara-crise-de-abastecimento-alerta-estudo\/#primaryimage"},"thumbnailUrl":"https:\/\/jornalfatosenoticias.com.br\/wp-content\/uploads\/2023\/07\/Poluicao-agua-01.jpg","keywords":["\u00e1gua","estudos","meio ambiente","pesquisas","polui\u00e7\u00e3o da \u00e1gua"],"articleSection":["Geral"],"inLanguage":"pt-BR","potentialAction":[{"@type":"CommentAction","name":"Comment","target":["https:\/\/jornalfatosenoticias.com.br\/index.php\/2023\/07\/21\/poluicao-da-agua-causara-crise-de-abastecimento-alerta-estudo\/#respond"]}]},{"@type":"WebPage","@id":"https:\/\/jornalfatosenoticias.com.br\/index.php\/2023\/07\/21\/poluicao-da-agua-causara-crise-de-abastecimento-alerta-estudo\/","url":"https:\/\/jornalfatosenoticias.com.br\/index.php\/2023\/07\/21\/poluicao-da-agua-causara-crise-de-abastecimento-alerta-estudo\/","name":"Polui\u00e7\u00e3o da \u00e1gua causar\u00e1 crise de abastecimento, alerta estudo - Jornal Fatos e Not\u00edcias","isPartOf":{"@id":"https:\/\/jornalfatosenoticias.com.br\/#website"},"primaryImageOfPage":{"@id":"https:\/\/jornalfatosenoticias.com.br\/index.php\/2023\/07\/21\/poluicao-da-agua-causara-crise-de-abastecimento-alerta-estudo\/#primaryimage"},"image":{"@id":"https:\/\/jornalfatosenoticias.com.br\/index.php\/2023\/07\/21\/poluicao-da-agua-causara-crise-de-abastecimento-alerta-estudo\/#primaryimage"},"thumbnailUrl":"https:\/\/jornalfatosenoticias.com.br\/wp-content\/uploads\/2023\/07\/Poluicao-agua-01.jpg","datePublished":"2023-07-21T13:23:10+00:00","dateModified":"2023-07-21T13:23:14+00:00","breadcrumb":{"@id":"https:\/\/jornalfatosenoticias.com.br\/index.php\/2023\/07\/21\/poluicao-da-agua-causara-crise-de-abastecimento-alerta-estudo\/#breadcrumb"},"inLanguage":"pt-BR","potentialAction":[{"@type":"ReadAction","target":["https:\/\/jornalfatosenoticias.com.br\/index.php\/2023\/07\/21\/poluicao-da-agua-causara-crise-de-abastecimento-alerta-estudo\/"]}]},{"@type":"ImageObject","inLanguage":"pt-BR","@id":"https:\/\/jornalfatosenoticias.com.br\/index.php\/2023\/07\/21\/poluicao-da-agua-causara-crise-de-abastecimento-alerta-estudo\/#primaryimage","url":"https:\/\/jornalfatosenoticias.com.br\/wp-content\/uploads\/2023\/07\/Poluicao-agua-01.jpg","contentUrl":"https:\/\/jornalfatosenoticias.com.br\/wp-content\/uploads\/2023\/07\/Poluicao-agua-01.jpg","width":900,"height":592},{"@type":"BreadcrumbList","@id":"https:\/\/jornalfatosenoticias.com.br\/index.php\/2023\/07\/21\/poluicao-da-agua-causara-crise-de-abastecimento-alerta-estudo\/#breadcrumb","itemListElement":[{"@type":"ListItem","position":1,"name":"In\u00edcio","item":"https:\/\/jornalfatosenoticias.com.br\/"},{"@type":"ListItem","position":2,"name":"Polui\u00e7\u00e3o da \u00e1gua causar\u00e1 crise de abastecimento, alerta estudo"}]},{"@type":"WebSite","@id":"https:\/\/jornalfatosenoticias.com.br\/#website","url":"https:\/\/jornalfatosenoticias.com.br\/","name":"Jornal Fatos e Not\u00edcias","description":"Not\u00edcias em geral","publisher":{"@id":"https:\/\/jornalfatosenoticias.com.br\/#organization"},"potentialAction":[{"@type":"SearchAction","target":{"@type":"EntryPoint","urlTemplate":"https:\/\/jornalfatosenoticias.com.br\/?s={search_term_string}"},"query-input":{"@type":"PropertyValueSpecification","valueRequired":true,"valueName":"search_term_string"}}],"inLanguage":"pt-BR"},{"@type":"Organization","@id":"https:\/\/jornalfatosenoticias.com.br\/#organization","name":"Jornal Fatos e Not\u00edcias","url":"https:\/\/jornalfatosenoticias.com.br\/","logo":{"@type":"ImageObject","inLanguage":"pt-BR","@id":"https:\/\/jornalfatosenoticias.com.br\/#\/schema\/logo\/image\/","url":"https:\/\/jornalfatosenoticias.com.br\/wp-content\/uploads\/2020\/02\/logo120.png","contentUrl":"https:\/\/jornalfatosenoticias.com.br\/wp-content\/uploads\/2020\/02\/logo120.png","width":1227,"height":120,"caption":"Jornal Fatos e Not\u00edcias"},"image":{"@id":"https:\/\/jornalfatosenoticias.com.br\/#\/schema\/logo\/image\/"}},{"@type":"Person","@id":"https:\/\/jornalfatosenoticias.com.br\/#\/schema\/person\/d63837fa13ac8666eb9e74e0985d6f81","name":"Luzimara Fernandes","image":{"@type":"ImageObject","inLanguage":"pt-BR","@id":"https:\/\/jornalfatosenoticias.com.br\/#\/schema\/person\/image\/","url":"https:\/\/jornalfatosenoticias.com.br\/wp-content\/uploads\/2025\/05\/EU_portal.jpg","contentUrl":"https:\/\/jornalfatosenoticias.com.br\/wp-content\/uploads\/2025\/05\/EU_portal.jpg","caption":"Luzimara Fernandes"},"description":"Jornalista MTB 2358-ES","sameAs":["https:\/\/jornalfatosenoticias.com.br"],"url":"https:\/\/jornalfatosenoticias.com.br\/index.php\/author\/luzimara\/"}]}},"cc_featured_image_caption":{"caption_text":"(Foto: Shutterstock)","source_text":"","source_url":""},"jetpack_featured_media_url":"https:\/\/jornalfatosenoticias.com.br\/wp-content\/uploads\/2023\/07\/Poluicao-agua-01.jpg","_links":{"self":[{"href":"https:\/\/jornalfatosenoticias.com.br\/index.php\/wp-json\/wp\/v2\/posts\/43525","targetHints":{"allow":["GET"]}}],"collection":[{"href":"https:\/\/jornalfatosenoticias.com.br\/index.php\/wp-json\/wp\/v2\/posts"}],"about":[{"href":"https:\/\/jornalfatosenoticias.com.br\/index.php\/wp-json\/wp\/v2\/types\/post"}],"author":[{"embeddable":true,"href":"https:\/\/jornalfatosenoticias.com.br\/index.php\/wp-json\/wp\/v2\/users\/2"}],"replies":[{"embeddable":true,"href":"https:\/\/jornalfatosenoticias.com.br\/index.php\/wp-json\/wp\/v2\/comments?post=43525"}],"version-history":[{"count":0,"href":"https:\/\/jornalfatosenoticias.com.br\/index.php\/wp-json\/wp\/v2\/posts\/43525\/revisions"}],"wp:featuredmedia":[{"embeddable":true,"href":"https:\/\/jornalfatosenoticias.com.br\/index.php\/wp-json\/wp\/v2\/media\/43529"}],"wp:attachment":[{"href":"https:\/\/jornalfatosenoticias.com.br\/index.php\/wp-json\/wp\/v2\/media?parent=43525"}],"wp:term":[{"taxonomy":"category","embeddable":true,"href":"https:\/\/jornalfatosenoticias.com.br\/index.php\/wp-json\/wp\/v2\/categories?post=43525"},{"taxonomy":"post_tag","embeddable":true,"href":"https:\/\/jornalfatosenoticias.com.br\/index.php\/wp-json\/wp\/v2\/tags?post=43525"}],"curies":[{"name":"wp","href":"https:\/\/api.w.org\/{rel}","templated":true}]}}